{"id":258135,"date":"2022-10-12T21:13:07","date_gmt":"2022-10-12T17:13:07","guid":{"rendered":"https:\/\/www.meydan.tv\/?p=258135"},"modified":"2022-10-13T01:16:38","modified_gmt":"2022-10-12T21:16:38","slug":"altay-goyusov-bura-turkmenistan-deyil-bu-medeniyyet-omru-boyu-tereqqiye-meylli-olub","status":"publish","type":"post","link":"https:\/\/www.meydan.tv\/az\/article\/altay-goyusov-bura-turkmenistan-deyil-bu-medeniyyet-omru-boyu-tereqqiye-meylli-olub\/","title":{"rendered":"Altay G\u00f6y\u00fc\u015fov: \u201cBura T\u00fcrkm\u0259nistan deyil, bu m\u0259d\u0259niyy\u0259t \u00f6mr\u00fc boyu t\u0259r\u0259qqiy\u0259 meylli olub\u201d"},"content":{"rendered":"\n<figure class=\"wp-block-embed is-type-video is-provider-youtube wp-block-embed-youtube wp-embed-aspect-16-9 wp-has-aspect-ratio\"><div class=\"wp-block-embed__wrapper\">\n<iframe title=\"Altay G\u00f6y\u00fc\u015fov: \u201cBura T\u00fcrkm\u0259nistan deyil, bu m\u0259d\u0259niyy\u0259t \u00f6mr\u00fc boyu t\u0259r\u0259qqiy\u0259 meylli olub\u201d\" width=\"1200\" height=\"675\" data-src=\"https:\/\/www.youtube.com\/embed\/S1EAcsWfkmc?feature=oembed\" frameborder=\"0\" allow=\"accelerometer; autoplay; clipboard-write; encrypted-media; gyroscope; picture-in-picture\" allowfullscreen src=\"data:image\/svg+xml;base64,PHN2ZyB3aWR0aD0iMSIgaGVpZ2h0PSIxIiB4bWxucz0iaHR0cDovL3d3dy53My5vcmcvMjAwMC9zdmciPjwvc3ZnPg==\" class=\"lazyload\" data-load-mode=\"1\"><\/iframe>\n<\/div><\/figure>\n\n\n\n<!--more-->\n\n\n\n<p>\u201cH\u0259mi\u015f\u0259 istiqam\u0259timizin T\u00fcrkm\u0259nistan v\u0259 \u015eimali Koreya oldu\u011funu yazsam da, \u015f\u00fcbh\u0259l\u0259rim qal\u0131r\u201d<\/p>\n\n\n\n<p><em>\u00a0\u201c&#8230;Q\u0259rbi n\u0259 q\u0259d\u0259r t\u0259nqid ets\u0259l\u0259r d\u0259, \u0259ks\u0259riyy\u0259t \u00f6vladlar\u0131n\u0131 oxuma\u011fa ora g\u00f6nd\u0259rir. Bilirl\u0259r ki, universitetl\u0259rin klassikas\u0131, yaxud inki\u015faf istiqam\u0259ti Q\u0259rbd\u0259dir\u201d. \u00a0 \u00a0 \u00a0 \u00a0 \u00a0 <\/em>\u00a0<\/p>\n\n\n\n<p>Bu fikirl\u0259r tarix\u00e7i-alim Altay G\u00f6y\u00fc\u015fova m\u0259xsusdur. Meydan TV onunla geni\u015f m\u00fcsahib\u0259ni t\u0259qdim edir.&nbsp;<\/p>\n\n\n\n<p><strong>&#8211;&nbsp; Altay b\u0259y, son vaxtlar hans\u0131 kitablar\u0131 oxuyur, filml\u0259r\u0259 bax\u0131rs\u0131n\u0131z v\u0259 g\u0259ncl\u0259r\u0259 bu y\u00f6nd\u0259 t\u00f6vsiy\u0259l\u0259riniz n\u0259dir?<\/strong><\/p>\n\n\n\n<p>&#8211; Daha \u00e7ox ixtisas\u0131ma uy\u011fun kitablar\u0131 oxuyuram, onlar\u0131 da sosial \u015f\u0259b\u0259k\u0259l\u0259rd\u0259 payla\u015f\u0131ram. Son oxudu\u011fum kitablar Fransa inqilab\u0131, qad\u0131nlar\u0131n monqol imperiyas\u0131nda rolu, s\u0259lib y\u00fcr\u00fc\u015fl\u0259ri bar\u0259d\u0259dir. \u018fslind\u0259, bunlar bildiyimiz m\u0259s\u0259l\u0259l\u0259rdir, amma h\u0259r d\u0259f\u0259 oxuyanda m\u00fcxt\u0259lif istiqam\u0259tl\u0259rd\u0259n yeni faktlar \u00e7\u0131x\u0131r. H\u0259m d\u0259 tarix\u0259 bax\u0131\u015f m\u00fcasirlikl\u0259 \u0259laq\u0259dar d\u0259yi\u015fir, 200-300 il \u0259vv\u0259l ham\u0131n\u0131n q\u0259hr\u0259man adland\u0131rd\u0131\u011f\u0131 adam yeni d\u00f6vr\u00fcn d\u0259y\u0259rl\u0259ri \u0259sas\u0131nda qiym\u0259tl\u0259ndirilir. S\u00f6zs\u00fcz ki, h\u0259min q\u0259hr\u0259man\u0131n tarixd\u0259ki roluna x\u0259l\u0259l g\u0259tirilmir, amma f\u0259rqli d\u0259y\u0259rl\u0259rd\u0259n yana\u015fma olduqca, yeni bax\u0131\u015flar yaran\u0131r. H\u0259r d\u00f6vr\u00fcn \u00f6z x\u00fcsusiyy\u0259ti var, vaxtil\u0259 Fransa inqilab\u0131ndan sonrak\u0131 d\u00f6vrd\u0259 d\u00f6vl\u0259tl\u0259rin yaranmas\u0131 milliyy\u0259t\u00e7i tarix idi. H\u0259r xalq \u00f6z d\u00f6vl\u0259tinin, xalq\u0131n\u0131n bax\u0131\u015flar\u0131ndan tarixi d\u0259y\u0259rl\u0259ndirirdi. N\u0259tic\u0259d\u0259 proses qon\u015fularla \u0259razi iddialar\u0131na, tarixi d\u00fc\u015fm\u0259n\u00e7iliy\u0259 g\u0259tirirdi. \u0130kinci D\u00fcnya sava\u015f\u0131ndan sonra tarix\u0259 m\u00fcnasib\u0259t d\u0259yi\u015fir, bar\u0131\u015f ideyas\u0131, m\u00fcxt\u0259lif azl\u0131qlar\u0131n rolu \u00f6n\u0259 \u00e7\u0131x\u0131r. Yaxud Tramp\u0131n hakimiy\u0259tind\u0259n sonra AB\u015e-da m\u00fcxt\u0259lif heyk\u0259ll\u0259r g\u00f6t\u00fcr\u00fcld\u00fc, imperial ke\u00e7mi\u015f\u0259 bax\u0131\u015f d\u0259yi\u015fdi. Kolumbun \u00f6z\u00fcn\u0259 bax\u0131\u015f d\u0259yi\u015fir, y\u0259ni yerli xalqlara qar\u015f\u0131 v\u0259h\u015filikl\u0259rin t\u00f6r\u0259dilm\u0259si m\u00fczakir\u0259 obyektin\u0259 \u00e7evrilir. Monqol tarixind\u0259 qad\u0131nlar\u0131n rolu bar\u0259d\u0259 kitab\u0131 x\u00fcsusi qeyd ed\u0259rdim, adic\u0259 m\u0259i\u015f\u0259t hadis\u0259sinin imperiyan\u0131n geni\u015fl\u0259nm\u0259sin\u0259, ya da hans\u0131sa prosesin h\u0259llin\u0259 ciddi t\u0259siri var. \u00d6t\u0259n \u0259srin 90-c\u0131 ill\u0259rind\u0259 tarix fak\u00fclt\u0259sind\u0259 primitiv xarakterli m\u00fcbahis\u0259 gedirdi ki, niy\u0259 ruslar \u201cote\u00e7estvo\u201d, biz is\u0259 \u201cana v\u0259t\u0259n\u201d deyirik. Sanki qad\u0131n cinsi verm\u0259k bizi yum\u015fald\u0131r, ba\u015fqa yana\u015fma yarad\u0131r. Amma h\u0259min kitabda \u0259sasland\u0131rma var, monqollarda, g\u00f6yt\u00fcrkl\u0259rd\u0259 ki\u015fi daha \u00e7ox s\u0259mayla, qad\u0131n is\u0259 yerl\u0259 assosiasiya olunur. \u0130kisinin d\u0259 birl\u0259\u015fm\u0259sind\u0259n h\u0259yat yaran\u0131r. Filml\u0259r\u0259 g\u0259ldikd\u0259, detektiv\u0259 yox, daha \u00e7ox tarixi v\u0259 sosial mesajlar \u00f6t\u00fcr\u0259n s\u0259n\u0259dli filml\u0259r\u0259 bax\u0131ram.<\/p>\n\n\n\n<p><strong>&#8211;&nbsp; Avropada d\u0259rsl\u0259riniz davam edirmi?<\/strong><\/p>\n\n\n\n<p>&#8211; Xeyr, art\u0131q Bak\u0131dayam.<\/p>\n\n\n\n<p><strong>&#8211;&nbsp; Hikm\u0259t Hac\u0131zad\u0259 v\u0259fat\u0131ndan xeyli \u0259vv\u0259l deyirdi ki, m\u00f6vcud idar\u0259etm\u0259 Az\u0259rbaycanda partiyalar\u0131 dissident klublara \u00e7evir\u0259c\u0259k, daha \u00e7ox ayr\u0131-ayr\u0131 f\u0259rdl\u0259r etiraz ed\u0259c\u0259k. H\u0259min m\u0259rh\u0259l\u0259y\u0259 \u00e7atm\u0131\u015f\u0131qm\u0131 v\u0259 bundan sonra T\u00fcrkm\u0259nistan v\u0259 \u015eimali Koreya varinat\u0131 deyilmi?<\/strong><\/p>\n\n\n\n<p>&#8211; H\u0259mi\u015f\u0259 istiqam\u0259timizin T\u00fcrkm\u0259nistan v\u0259 \u015eimali Koreya oldu\u011funu yazsam da, \u015f\u00fcbh\u0259l\u0259rim qal\u0131r. B\u0259li, m\u00f6vcud idar\u0259\u00e7il\u0259rin m\u0259qs\u0259di bu ola bil\u0259r. Tarix\u00e7i oldu\u011fumdan m\u00fc\u0259yy\u0259n m\u0259s\u0259l\u0259l\u0259rin h\u0259yata ke\u00e7m\u0259sinin o q\u0259d\u0259r d\u0259 asan olmad\u0131\u011f\u0131n\u0131 bilir\u0259m. Co\u011frafiyan\u0131n da \u00e7ox ciddi rolu var, biz X\u0259z\u0259rin o t\u0259r\u0259find\u0259 deyilik. \u0130kincisi, biz Avropa \u015euras\u0131n\u0131n \u00fczv\u00fcy\u00fck, ist\u0259s\u0259k d\u0259, ist\u0259m\u0259s\u0259k d\u0259, futbol klublar\u0131m\u0131z UEFA-dad\u0131r. H\u0259m d\u0259 Avropa t\u0259kc\u0259 futbol deyil, bu, bir d\u0259y\u0259r v\u0259 d\u00fc\u015f\u00fcnc\u0259 t\u0259rzidir. Bizim ist\u0259yimizd\u0259n as\u0131l\u0131 olmayaraq, d\u0259y\u0259rl\u0259r ekspansiya xarakteri da\u015f\u0131y\u0131r, ancaq pis m\u0259nada yox. B\u0259li, Az\u0259rbaycan v\u0259 Avropa \u0259n\u0259n\u0259l\u0259ri f\u0259rqlidir, amma b\u00fct\u00fcn detallar\u0131na q\u0259d\u0259r fikir ver\u0259nd\u0259, inkar ets\u0259n d\u0259, q\u0259bul edirs\u0259n. \u0130ran\u0131 g\u00f6t\u00fcr\u0259k, \u015f\u0259ri\u0259t d\u00f6vl\u0259ti olsa da, prezident v\u0259 parlament \u00fcsul-idar\u0259sini q\u0259rbd\u0259n g\u00f6t\u00fcr\u00fcb. O c\u00fcml\u0259d\u0259n, \u00c7in v\u0259 Rusiya, f\u0259rqli he\u00e7 n\u0259 yoxdur. Biz d\u0259 m\u00fcxt\u0259lif bax\u0131\u015flardan yax\u0131n\u0131q, h\u0259m Avropa \u015euras\u0131n\u0131n \u00fczv\u00fcy\u00fck, geopolitik yax\u0131nl\u0131q v\u0259.s&nbsp; B\u0259li, sistem feodald\u0131r, m\u0259qs\u0259dl\u0259ri d\u0259 irsi hakimiyy\u0259tin davaml\u0131l\u0131\u011f\u0131n\u0131 t\u0259min etm\u0259kdir. Avropada da xeyli monarxiya var, lakin orda simvolik xarakter da\u015f\u0131y\u0131r, se\u00e7ki, parlament var, \u00f6lk\u0259ni ba\u015f nazir idar\u0259 edir. Bu m\u0259nada hesab etmir\u0259m ki, Az\u0259rbaycanda T\u00fcrkm\u0259nistandak\u0131 sistemi qurmaq asand\u0131r. H\u0259m\u00e7inin, Az\u0259rbaycanda dissident tarixi XIX \u0259srin ikinci yar\u0131s\u0131ndan ba\u015flay\u0131r, maarif\u00e7ilik h\u0259r\u0259kat\u0131 da h\u00f6kum\u0259tin n\u0259zar\u0259ti alt\u0131nda formala\u015fmay\u0131b, \u0259ksin\u0259, \u00f6z\u00fcn\u00fc h\u00f6kum\u0259t\u0259 qar\u015f\u0131 qoyaraq formala\u015f\u0131b. M\u0259s\u0259l\u0259n, Axundovun rus h\u00f6kum\u0259tin\u0259 xidm\u0259t etdiyini deyirl\u0259r, amma \u201cK\u0259mal\u00fcdd\u00f6vl\u0259 m\u0259ktublar\u0131\u201dn\u0131 oxuyanda \u00e7arl\u0131q sistemini g\u00f6y\u0259 qald\u0131rmad\u0131\u011f\u0131n\u0131 v\u0259 despotizmi t\u0259nqid etdiyini g\u00f6r\u00fcrs\u0259n. Adam Fransa inqilab\u0131ndan, \u0130ngilt\u0259r\u0259 parlamentind\u0259n dan\u0131\u015f\u0131r, s\u00f6hb\u0259t d\u00fc\u015f\u00fcnc\u0259 t\u0259rzind\u0259n gedir. Buna h\u0259rt\u0259rfli yana\u015fanda, Az\u0259rbaycanda h\u0259tta ideologiya f\u0259rqi olsa da, sovet d\u00f6vr\u00fcnd\u0259 d\u0259 dissident h\u0259r\u0259kat\u0131 s\u0131radan \u00e7\u0131xmay\u0131b. \u0130st\u0259r \u0259d\u0259biyyat\u0131nda, ist\u0259rs\u0259 d\u0259 inc\u0259s\u0259n\u0259tind\u0259 olsun, filml\u0259rimizd\u0259 n\u0259 q\u0259d\u0259r mesajlar var ki&#8230; Klassik obrazda Cahandar a\u011fad\u0131r, amma film\u0259 baxanda tama\u015fa\u00e7\u0131 onu sevir, yaxud \u201cYeddi o\u011ful ist\u0259r\u0259m\u201dd\u0259 G\u0259ray b\u0259y, n\u0259 q\u0259d\u0259r ets\u0259l\u0259r d\u0259, ona antipatiya yaranm\u0131r. K\u0259rbalay\u0131 \u0130smay\u0131l da el\u0259, sinfi d\u00fc\u015fm\u0259n saysalar da, he\u00e7 kim nifr\u0259t etmir. T\u00fcrkm\u0259nistan tarixind\u0259 is\u0259 bunlar olmay\u0131b.&nbsp; &nbsp; &nbsp; &nbsp; &nbsp; &nbsp; &nbsp;<\/p>\n\n\n\n<p><strong>&#8211; Siz\u0259 el\u0259 g\u0259lmirmi n\u0259sill\u0259rin d\u0259yi\u015fm\u0259si d\u0259 hakimiyy\u0259tin bu plan\u0131n\u0131 yar\u0131m\u00e7\u0131q qoya bil\u0259r? M\u0259s\u0259l\u0259n, g\u0259ncl\u0259rin apar\u0131c\u0131s\u0131 oldu\u011fu \u0130slam \u0130nqilab\u0131ndan 30-40 ild\u0259n sonra \u0130randa prosesl\u0259rin lokomotivi yen\u0259 g\u0259nclikdir, 20 g\u00fcn\u0259 yax\u0131nd\u0131r etirazlar davam edir. H\u0259l\u0259 Hantinqton \u201cSivilizasiyalar\u0131n toqqu\u015fmas\u0131\u201d \u0259s\u0259rind\u0259 \u201c\u0259r\u0259b bahar\u0131\u201d v\u0259 yaxud bug\u00fcnk\u00fc \u0130ranla ba\u011fl\u0131 ehtimallar\u0131n\u0131 yazm\u0131\u015fd\u0131. Bu m\u0259nada Az\u0259rbaycan\u0131n g\u0259l\u0259c\u0259k n\u0259sill\u0259ri monarxiyan\u0131n tam oturu\u015fmas\u0131na imkan verm\u0259y\u0259 bil\u0259rmi&#8230;?<\/strong><\/p>\n\n\n\n<p>&#8211; B\u0259li, n\u0259z\u0259r\u0259 al ki, hans\u0131 n\u0259sill\u0259rd\u0259n s\u00f6hb\u0259t gedir, biri var qapal\u0131 sistemd\u0259 ya\u015fay\u0131rsan, he\u00e7 bir informasiya ala bilmirs\u0259n, h\u0259r \u015fey h\u00f6kum\u0259tin n\u0259zar\u0259tind\u0259dir. \u0130ndi is\u0259 internet, sosial \u015f\u0259b\u0259k\u0259l\u0259r, d\u00fcnyan\u0131 oxuya bilirs\u0259n, h\u0259m\u00e7inin, g\u0259ncl\u0259rin dil imkanlar\u0131 daha geni\u015fdir. Adi bir misal, Q\u0259rbi n\u0259 q\u0259d\u0259r t\u0259nqid ets\u0259l\u0259r d\u0259, \u0259ks\u0259riyy\u0259t \u00f6vladlar\u0131n\u0131 oxuma\u011fa ora g\u00f6nd\u0259rir. Bilirl\u0259r ki, universitetl\u0259rin klassikas\u0131, yaxud inki\u015faf istiqam\u0259ti Q\u0259rbd\u0259dir. 2011-13-c\u00fc ill\u0259rd\u0259 total h\u0259bsl\u0259r ba\u015flananda el\u0259 bilirdik ki, ictimai-siyasi h\u0259yat dayand\u0131r\u0131ld\u0131. Amma h\u00f6kum\u0259t ba\u015fa d\u00fc\u015f\u00fcrd\u00fc ki, yeni g\u0259nclik yeti\u015fir v\u0259 onu k\u00f6hn\u0259 \u00fcsullarla s\u0131radan \u00e7\u0131xartmaq olmaz.&nbsp; &nbsp;<\/p>\n\n\n\n<p><strong>&#8211; Bel\u0259 olanda indiki g\u0259nclik g\u0259l\u0259c\u0259kd\u0259 v\u0259ziyy\u0259ti d\u0259yi\u015fm\u0259y\u0259 qadirdirmi?<\/strong><\/p>\n\n\n\n<p>&#8211; Onsuz da xeyli d\u0259yi\u015fiklikl\u0259r var. Hac\u0131bala Abutal\u0131bov Bak\u0131n\u0131n icra ba\u015f\u00e7\u0131s\u0131 olanda, R\u0259sulzad\u0259, Nizami k\u00fc\u00e7\u0259l\u0259rind\u0259 a\u00e7\u0131q havada restoranlar a\u00e7maq olmurdu. Adam \u00e7\u00f6l\u0259 masa qoymurdu, y\u0131\u011f\u0131\u015fd\u0131r\u0131rd\u0131.<\/p>\n\n\n\n<p><strong>&#8211; B\u0259lk\u0259 bunun k\u00f6k\u00fc m\u0259rhum d\u00f6vl\u0259t ba\u015f\u00e7\u0131s\u0131 El\u00e7ib\u0259yl\u0259 ba\u011fl\u0131d\u0131r? O, 1997-ci ild\u0259 Bak\u0131ya qay\u0131dandan sonra Opera teatr\u0131n\u0131n yan\u0131ndak\u0131 \u00e7ayxanada oturdu\u011fu \u00fc\u00e7\u00fcn h\u0259min vaxtdan qoyulan qada\u011fadayd\u0131?<\/strong><\/p>\n\n\n\n<p>&#8211; Ay sa\u011f ol, o vaxtdan \u00e7ayxanalar\u0131 da\u011f\u0131tmaq qaydas\u0131 ba\u015flad\u0131. El\u0259 o vaxtdan kims\u0259 restoran\u0131n qaba\u011f\u0131na stol qoyan kimi d\u0259rhal y\u0131\u011f\u0131\u015fd\u0131r\u0131l\u0131rd\u0131. \u0130ndi m\u0259nz\u0259r\u0259 d\u0259yi\u015fib. Yaxud insanlar\u0131n sosial m\u0259d\u0259niyy\u0259tind\u0259 d\u0259yi\u015fiklik olub, 15 il \u0259vv\u0259l t\u0259s\u0259vv\u00fcr ed\u0259 bil\u0259rdinmi ki, kafel\u0259rd\u0259 q\u0131zlarla o\u011flanlar bir yerd\u0259 oturub s\u00f6hb\u0259t ed\u0259rdil\u0259r? Nadir hallarda olurdu, indi sistem d\u0259yi\u015fib.&nbsp; &nbsp; &nbsp;<\/p>\n\n\n\n<p><strong>&#8211; Bu m\u0259nada Az\u0259rbaycan g\u0259ncliyini harda g\u00f6r\u00fcrs\u00fcn\u00fcz, \u0259yl\u0259nc\u0259y\u0259 meyld\u0259, siyasi h\u0259yatda, t\u0259hsild\u0259, sosial \u015f\u0259b\u0259k\u0259l\u0259rd\u0259, yoxsa m\u00fchacir\u0259t\u0259 haz\u0131ra\u015fanlar s\u0131ras\u0131nda? Hans\u0131nda \u00e7oxluq t\u0259\u015fkil edir?<\/strong><\/p>\n\n\n\n<p>&#8211; Onlar ham\u0131s\u0131 bir m\u00fchitdir, ham\u0131s\u0131n\u0131n i\u00e7ind\u0259 olacaq. G\u0259nclik \u0259yl\u0259nc\u0259y\u0259 meylli olmal\u0131d\u0131r, birba\u015fa \u0259laq\u0259lidir. O c\u00fcml\u0259d\u0259n, universitetl\u0259, sosial h\u0259yatd\u0131r, yaln\u0131z dostlarla bir yerd\u0259 oturmaq deyil. Sad\u0259c\u0259, g\u0259ncl\u0259rin imkan\u0131 daha geni\u015fdir, \u00e7\u00fcnki sosial h\u0259yat \u0259hat\u0259lidir. Bizim vaxt\u0131m\u0131zda bir az \u00e7\u0259tin idi. Bel\u0259likl\u0259, g\u0259nclik inki\u015faf etdikc\u0259, m\u00fcasirl\u0259\u015fdikc\u0259, yuxar\u0131lara t\u0259zyiqi art\u0131r v\u0259 yuxar\u0131 da m\u0259cburdur al\u0131\u015fma\u011fa. Y\u0259ni \u0259vv\u0259l terrasda stol qoymurdularsa, sonra icaz\u0259 verm\u0259y\u0259 m\u0259cbur oldular. Bura T\u00fcrkm\u0259nistan deyil, bu m\u0259d\u0259niyy\u0259t \u00f6mr\u00fcboyu t\u0259r\u0259qqiy\u0259 meylli olub. H\u0259min maarif\u00e7il\u0259rd\u0259n ba\u015flam\u0131\u015f yuxar\u0131ya bax\u0131blar. Bunun qar\u015f\u0131s\u0131n\u0131 almaq m\u00fcmk\u00fcn deyil, s\u00f6zs\u00fcz ki, probleml\u0259r \u00e7oxdur, ist\u0259yik ki, onlar h\u0259ll etm\u0259k \u00fc\u00e7\u00fcn add\u0131mlar ats\u0131n.<\/p>\n\n\n\n<p><strong>&#8211; B\u0259s yuxar\u0131larda dediyiniz add\u0131mlar atma\u011fa meyl varm\u0131?<\/strong><\/p>\n\n\n\n<p>&#8211; Yox. Onlar m\u0259cbur\u0259n q\u0259bul edirl\u0259r. Onlar\u0131n prinsipi dominantl\u0131\u011f\u0131 davam etdirm\u0259kdir. Bizd\u0259 tez-tez deyirl\u0259r ki, filan vaxt\u0131 Sinqapurda bel\u0259 oldu, Kissencer bel\u0259 yazd\u0131&#8230; B\u0259li, C\u0259nubi Koreyada da \u0259vv\u0259l diktatura olub, amma he\u00e7 kim n\u0259z\u0259r\u0259 alm\u0131r ki, bizd\u0259ki avtoritarizml\u0259 onlar\u0131nk\u0131n\u0131n prinsipial f\u0259rqi var. C\u0259nubi Koreyada diktatura var idi, amma h\u0259m d\u0259 s\u0259rb\u0259st inki\u015faf ed\u0259n iqtisadiyyat, sahibkarl\u0131q var idi. Bizd\u0259ki sistemin mahiyy\u0259ti odur ki, t\u0259kc\u0259 siyasi h\u0259yat yox, iqtisadi h\u0259yat da inhisardad\u0131r. Feodal d\u00f6vl\u0259t nec\u0259 olur, tam \u015f\u0259kild\u0259 h\u0259r \u015fey\u0259 sahiblik, xozeynlik. Ona g\u00f6r\u0259 sistem ba\u015f ver\u0259nl\u0259ri h\u0259v\u0259sl\u0259 q\u0259bul etmir, amma inkar etm\u0259k imkan\u0131nda da deyil. \u0130st\u0259r-ist\u0259m\u0259z inkar m\u00fcmk\u00fcn deyil, uy\u011funla\u015fmal\u0131san. &nbsp; &nbsp; &nbsp; &nbsp; &nbsp; &nbsp; &nbsp; &nbsp; &nbsp; &nbsp;<\/p>\n\n\n\n<p><strong>&#8211; 12 sentyabrda at\u0259\u015fk\u0259s pozulan zaman \u201c\u018fliyev Az\u0259rbaycan\u0131 d\u00fcnyaya t\u0259cav\u00fczkar d\u00f6vl\u0259t kimi q\u0259bul etdirm\u0259s\u0259, \u0259l \u00e7\u0259k\u0259n deyil\u201d dey\u0259 yazd\u0131\u011f\u0131n\u0131z statusla \u00f6z\u00fcn\u00fcz\u0259 qar\u015f\u0131 etirazlar\u0131 g\u00fccl\u0259ndirdiniz. Yen\u0259 d\u0259 fikinizd\u0259 qal\u0131rs\u0131n\u0131zm\u0131?<\/strong><\/p>\n\n\n\n<p>&#8211; G\u0259l, qa\u015f\u0131nmayan yerd\u0259n qan \u00e7\u0131xarmayaq. Ma\u015fallah, h\u00f6kum\u0259t siyas\u0259tini pis y\u00fcr\u00fctm\u0259yib, nailiyy\u0259tl\u0259ri d\u0259 var. \u018frazil\u0259rin qaytar\u0131lmas\u0131 x\u0131rda m\u0259s\u0259l\u0259 deyil. Kim s\u0259ni ist\u0259m\u0259s\u0259 d\u0259, bir i\u015fd\u0259 haqq olmaq vacibdir, \u00e7\u00fcnki haqq q\u0259l\u0259b\u0259nin r\u0259hnidir. Art\u0131q daxild\u0259 v\u0259 xaricd\u0259 ictimai r\u0259yi \u00f6z xeyrin\u0259 toparlamaq v\u0259 \u00f6z xeyrin\u0259 istifad etm\u0259k \u00fc\u00e7\u00fcn bu, \u00e7ox ciddi m\u0259s\u0259l\u0259dir. Haqq olmaq q\u0259l\u0259b\u0259nin birinci add\u0131m\u0131d\u0131r v\u0259 bunu ham\u0131 g\u00f6r\u00fcr, r\u0259\u011fb\u0259t d\u0259 s\u0259n\u0259dir. H\u00f6kum\u0259tin 2020-ci ild\u0259 ba\u015flad\u0131\u011f\u0131 sava\u015f\u0131 d\u00fcnyaya haqq i\u015fi kimi q\u0259bul etdirm\u0259k o m\u0259nada olurdu ki, biz \u0259razi b\u00fct\u00f6vl\u00fcy\u00fcm\u00fcz\u00fc b\u0259rpa edirdik. Amma el\u0259 ki, bu prosesd\u0259n istifad\u0259 edib, qon\u015fu \u00f6lk\u0259nin \u0259razisin\u0259 m\u00fcdaxil\u0259 edib, m\u00fcxt\u0259lif arqumentl\u0259r ir\u0259li s\u00fcr\u00fcrs\u0259n&#8230; M\u0259s\u0259l\u0259n, s\u0259rh\u0259dl\u0259r m\u00fc\u0259yy\u0259nl\u0259\u015fm\u0259yib, bufer zonas\u0131 yarad\u0131r\u0131q, qar\u015f\u0131l\u0131ql\u0131 olaraq \u0259razi b\u00fct\u00f6vl\u00fcy\u00fcm\u00fcz\u00fc tan\u0131mam\u0131\u015f\u0131q&#8230; Halbuki, 1993-c\u00fc ild\u0259n ba\u015flayaraq ilk \u00e7\u0131x\u0131\u015f\u0131m\u0131zda BMT T\u0259hl\u00fck\u0259sizlik \u015euras\u0131n\u0131n K\u0259lb\u0259c\u0259rin i\u015f\u011fal\u0131 il\u0259 ba\u011fl\u0131 q\u0259tnam\u0259sini misal g\u0259tirirdik. B\u0259li, m\u0259n yen\u0259 d\u0259 o fikird\u0259y\u0259m ki, h\u00f6kum\u0259tin h\u0259min add\u0131m\u0131 ciddi s\u0259hv idi. Proses haqq i\u015fi u\u011frunda gedirdi, bird\u0259n nahaq olduq, sonra noldu, G\u00f6y\u00e7\u0259-Z\u0259ng\u0259zur Respublikas\u0131 elan olundu. Amma h\u00f6kum\u0259t anlad\u0131 ki, bu, art\u0131q haqq i\u015fini nahaq etm\u0259k istiqam\u0259tin\u0259 gedir.<\/p>\n\n\n\n<p><strong>&#8211; M\u0259s\u0259l\u0259 ondad\u0131r ki, sizi tam informasiyaya b\u0259l\u0259d olmadan fikir y\u00fcr\u00fctm\u0259kd\u0259 ittiham edirl\u0259r. Deyirl\u0259r ki, Erm\u0259nistan ordusu s\u0259rh\u0259di ke\u00e7\u0259r\u0259k \u00e7oxlu sayda Az\u0259rbaycan \u0259sg\u0259rini \u00f6ld\u00fcr\u00fcbs\u0259, Az\u0259rbaycan ordusunun cavab reaksiyas\u0131 nec\u0259 olmal\u0131yd\u0131. Raz\u0131la\u015f\u0131rs\u0131zm\u0131?<\/strong><\/p>\n\n\n\n<p>&#8211; H\u00f6kum\u0259tin o m\u0259s\u0259l\u0259y\u0259 m\u00fcnasib\u0259td\u0259 bir-biriyl\u0259 uy\u011fun g\u0259lm\u0259y\u0259n, i\u00e7i G\u00f6y\u00e7\u0259-Z\u0259ng\u0259zur Respublikas\u0131, arxas\u0131nca \u201cbiz\u0259 Z\u0259ng\u0259zur laz\u0131md\u0131r\u201d kimi a\u00e7\u0131qlamalar\u0131nda m\u0259ntiqi ard\u0131c\u0131ll\u0131q yox idi. Bir t\u0259r\u0259fd\u0259n bunu deyirl\u0259r, dig\u0259r t\u0259r\u0259fd\u0259n d\u0259 ekspansiyaya b\u0259ra\u0259t qazand\u0131r\u0131rlar. M\u0259nim dediyim odur ki, buna q\u0259d\u0259r \u018fliyevin siyas\u0259ti \u00f6z b\u0259hr\u0259sini verirdi, bird\u0259n-bir\u0259 h\u0259r \u015fey d\u0259yi\u015fdi. M\u0259n bilmir\u0259m nec\u0259 olub, m\u0259qs\u0259di n\u0259 olub, amma yen\u0259 deyir\u0259m s\u0259hv idi. &nbsp; &nbsp; &nbsp;<\/p>\n\n\n\n<p><strong>&#8211; M\u0259s\u0259l\u0259 ondad\u0131r ki, Avropa qurumlar\u0131 da Az\u0259rbaycan\u0131 t\u0259cav\u00fczd\u0259 ittiham etm\u0259dil\u0259r, yaln\u0131z A\u0130-nin xarici i\u015fl\u0259r naziri Borrel Az\u0259rbaycan\u0131n Erm\u0259nistan\u0131n s\u0259rh\u0259dini ke\u00e7diyini dedi. H\u0259tta \u201ci\u015f\u011fal\u201d s\u00f6z\u00fcn\u00fc i\u015fl\u0259ts\u0259 d\u0259, sanksiyalar olmayaca\u011f\u0131n\u0131, qaz m\u00fcqavil\u0259sini l\u0259\u011fv etm\u0259y\u0259c\u0259kl\u0259rini \u0259lav\u0259 etdi&#8230;<\/strong><\/p>\n\n\n\n<p>&#8211; \u00c7ox vacib m\u0259s\u0259l\u0259dir, s\u00f6hb\u0259t t\u0259kc\u0259 qazla ba\u011fl\u0131 deyil. Az\u0259rbaycan h\u00f6kum\u0259ti h\u0259tta El\u00e7ib\u0259y d\u00f6vr\u00fcnd\u0259, &#8211; b\u0259zil\u0259ri M\u00fct\u0259llibovun ad\u0131n\u0131 da \u00e7\u0259kir, &#8211; Q\u0259rbl\u0259 ba\u011fl\u0131 ciddi add\u0131mlar ad\u0131b. Heyd\u0259r \u018fliyevin hakimiyy\u0259t\u0259 g\u0259lm\u0259sind\u0259n sonra Az\u0259rbaycan Q\u0259rbin geopolitik bax\u0131\u015flar\u0131nda ciddi rol oynayan v\u0259 onunla t\u0259masda, m\u00fctt\u0259fiqlikd\u0259 olan \u00f6lk\u0259 oldu.<\/p>\n\n\n\n<p><strong>&#8211; Y\u0259ni hakimiyy\u0259td\u0259 kimin olmas\u0131ndan\u0131n f\u0259rqi yox idi&#8230;?<\/strong><\/p>\n\n\n\n<p>&#8211; B\u0259li, yox idi. Adic\u0259 neft borular\u0131n\u0131n in\u015fas\u0131. Bu g\u00fcn sanksiyalara m\u0259ruz qalan Rusiya neft v\u0259 qaz faktorundan istifad\u0259 edir. 1992-ci ild\u0259n Az\u0259rbaycan neftini Rusiyadan k\u0259narda Avropaya satma\u011f\u0131 \u0259sas g\u00f6t\u00fcrd\u00fc.&nbsp; Bel\u0259likl\u0259, Az\u0259rbaycan strateji c\u0259h\u0259td\u0259n Rusiyadan ayr\u0131l\u0131rd\u0131, \u0130lham \u018fliyev d\u0259 bu siyas\u0259ti davam etdirib. S\u00f6zs\u00fcz, Az\u0259rbaycan\u0131n Avropa \u015euras\u0131 v\u0259 yaxud Avropa Birliyi il\u0259 m\u00fcnasib\u0259tl\u0259ri \u00e7ox yax\u015f\u0131d\u0131r, \u0259lb\u0259tt\u0259, hans\u0131sa probleml\u0259r var. M\u0259s\u0259l\u0259n, Az\u0259rbaycan indiy\u0259 q\u0259d\u0259r D\u00fcnya Ticar\u0259t T\u0259\u015fkilat\u0131na \u00fczv olmay\u0131b, se\u00e7kil\u0259r demokratik ke\u00e7irilmir, repressiyalar var v\u0259 s. B\u00fct\u00fcn bunlara r\u0259\u011fm\u0259n Az\u0259rbaycan \u00f6z\u00fcn\u00fcn srateji yana\u015fmas\u0131 bax\u0131mdan, Q\u0259rbl\u0259 iqtisadi c\u0259h\u0259td\u0259n \u0259laq\u0259d\u0259dir. Ayd\u0131nd\u0131r ki, Q\u0259rb d\u0259 Bak\u0131n\u0131 itirm\u0259k ist\u0259mir, bu, indiki ba\u011flanan qaz m\u00fcqavil\u0259si deyil, 30 ild\u0259 qurulan bir sistemdir.<\/p>\n\n\n\n<p><strong>&#8211; Bunu Q\u0259rb daha \u00e7ox ist\u0259yir, yoxsa bizimkil\u0259r?<\/strong><\/p>\n\n\n\n<p>&#8211; H\u0259r ikisi. Amma bizimkil\u0259rin uy\u011funla\u015fmayan mahiyy\u0259ti ondan ibar\u0259tdir ki, Q\u0259rb b\u00fct\u00f6vd\u00fcr, bunun i\u00e7ind\u0259 t\u0259kc\u0259 iqtisadi maraq deyil, d\u0259y\u0259rl\u0259r d\u0259 var, se\u00e7ki, insan haqlar\u0131, qanunun aliliyi v\u0259 s. \u0130kinci D\u00fcnya sava\u015f\u0131ndan sonra T\u00fcrkiy\u0259nin v\u0259ziyy\u0259ti d\u0259yi\u015fdi. Stalinin bo\u011fazlara \u00e7ox ciddi iddialar\u0131 vard\u0131, deyirdi ki, 20-ci ill\u0259rd\u0259 m\u00fctt\u0259fiq olmu\u015fuq, sonra Rusiyan\u0131 Q\u0259rb\u0259 satd\u0131lar. Ham\u0131 bilirdi ki, m\u00fcharib\u0259d\u0259n g\u00fccl\u00fc \u00e7\u0131xan Stalin T\u00fcrkiy\u0259y\u0259 qar\u015f\u0131 n\u0259s\u0259 ed\u0259 bil\u0259r. O anda 1915-ci ild\u0259 Osmanl\u0131ya qar\u015f\u0131 m\u00fcharib\u0259 aparan \u00c7\u00f6r\u00e7ill II D\u00fcnya sava\u015f\u0131ndan sonra T\u00fcrkiy\u0259ni v\u0259ziyy\u0259td\u0259n \u00e7\u0131xarmaq ist\u0259yirdi. T\u00fcrkiy\u0259ni NATO-ya q\u0259bul etdirm\u0259k ist\u0259yirl\u0259r, amma ortada d\u0259y\u0259r m\u0259s\u0259l\u0259si var&#8230;<\/p>\n\n\n\n<p><strong>&#8211; Demokratik se\u00e7ki&#8230;<\/strong><\/p>\n\n\n\n<p>&#8211; Ay sa\u011f ol, bax o d\u0259y\u0259r\u0259 g\u00f6r\u0259 T\u00fcrkiy\u0259 1950-ci ild\u0259 ilk d\u0259f\u0259 demokratik se\u00e7kiy\u0259 gedir. \u00c7\u00fcnki d\u0259y\u0259r strateji maraqdan k\u0259nara at\u0131la bilmir. O n\u00f6qteyi-n\u0259z\u0259rd\u0259n Q\u0259rb d\u0259 deyir ki, \u018fliyev islahatlar ke\u00e7irir, d\u0259y\u0259rl\u0259r\u0259 uy\u011funla\u015fd\u0131r\u0131rlar. Fakt bundan ibar\u0259tdir ki, Borrelin dediyind\u0259 qeyri-adi he\u00e7 n\u0259 yoxdur. Son m\u00fcharib\u0259d\u0259 d\u0259 Q\u0259rb bizim \u0259leyhimiz\u0259 olmad\u0131, \u0130srail, B\u00f6y\u00fck Britaniya k\u00f6m\u0259k etdi, AB\u015e qar\u0131\u015fmad\u0131. \u018fleyhin\u0259 olanda, Rusiyan\u0131n v\u0259ziyy\u0259tin\u0259 sal\u0131rlar. Az\u0259rbaycan da Rusiya deyil, tab g\u0259tirm\u0259k g\u00fcc\u00fc yoxdur. Bu hadis\u0259nin mahiyy\u0259t odur ki, sentyabr hadis\u0259l\u0259ri il\u0259 s\u0259n\u0259 edil\u0259n k\u00f6m\u0259kl\u0259ri \u0259ks istiqam\u0259t\u0259 \u00e7evir\u0259 bil\u0259rs\u0259n. M\u0259nim d\u00fc\u015f\u00fcnc\u0259 t\u0259rzim bel\u0259dir, iddia etmir\u0259m ki, dedikl\u0259rim 100 faiz d\u00fczd\u00fcr.&nbsp; &nbsp; &nbsp; &nbsp; &nbsp;<\/p>\n\n\n\n<p><strong>&#8211; M\u00f6vcud ger\u00e7\u0259klik d\u00fcnyan\u0131n beyn\u0259lxalq normalar v\u0259 ya \u0259dal\u0259tl\u0259 yox, iqtisadi-h\u0259rbi g\u00fccl\u0259 hesabla\u015fd\u0131\u011f\u0131n\u0131 g\u00f6st\u0259rmirmi?<\/strong><\/p>\n\n\n\n<p>&#8211; \u0130ll\u00fcziyad\u0131r.<\/p>\n\n\n\n<p><strong>&#8211; Ancaq ingilis diplomat\u0131 Palmerston deyirdi ki, \u0130ngilt\u0259r\u0259nin \u0259b\u0259di dostu v\u0259 d\u00fc\u015fm\u0259ni yoxdur, \u0259b\u0259di maraqlar\u0131 var. Bu fikir sual\u0131m\u0131 \u0259sasland\u0131rm\u0131rm\u0131?&nbsp;<\/strong><\/p>\n\n\n\n<p>&#8211; T\u0259bii ki, ill\u00fcziyad\u0131r. Rusiya-Ukrayna sava\u015f\u0131 gedir, birinci \u00e7ox b\u00f6y\u00fck v\u0259 g\u00fccl\u00fc d\u00f6vl\u0259t oldu\u011fundan normalda ist\u0259diyini q\u0259bul etdirm\u0259lidir. Etdir\u0259 bilirmi? Yox. Hesab edir\u0259m ki, bu sava\u015f Rusiyaya b\u00f6y\u00fck d\u0259yi\u015fikliyin g\u0259lm\u0259si il\u0259 n\u0259tic\u0259l\u0259n\u0259c\u0259k. \u00c7\u00fcnki Rusiya nahaq sava\u015f apar\u0131r. Yaxud d\u00fcnyan\u0131n g\u00fccl\u00fc ordusu v\u0259 texnologiyas\u0131 olan AB\u015e ki\u00e7ik Veytnamla m\u00fcharib\u0259 edirdi, noldu, m\u0259\u011flubiyy\u0259t. O boyda \u00c7in Veytnamdan \u201c\u00fcz\u00fcqara\u201d \u00e7\u0131xd\u0131. D\u00fcnyan\u0131n bir inki\u015faf x\u0259tti var. Rusiya imperialist XIX \u0259sr t\u0259f\u0259kk\u00fcr\u00fcn\u00fc ifad\u0259 edir. Dedikl\u0259ri milli-m\u0259n\u0259vi, provaslav d\u0259y\u0259rl\u0259r d\u0259 t\u0259r\u0259qqiy\u0259 m\u00fcqavim\u0259tdir v\u0259 he\u00e7 bir n\u0259tic\u0259si d\u0259 olmayacaq. M\u0259nc\u0259, bu m\u00fcharib\u0259 Rusiyan\u0131n imperialist bax\u0131\u015f\u0131nda d\u0259yi\u015fiklikl\u0259r\u0259 g\u0259tir\u0259c\u0259k.<\/p>\n\n\n\n<p><strong>&#8211; Bu bar\u0259d\u0259 sizd\u0259n az soru\u015fmay\u0131blar, amma yen\u0259 qay\u0131tma\u011fa ehtiyac g\u00f6r\u00fcr\u0259m. 2020-ci ilin 27 sentyabr\u0131ndan 1-2 h\u0259ft\u0259 \u0259vv\u0259l m\u00fcharib\u0259nin olmayaca\u011f\u0131n\u0131, olsa bel\u0259 \u018fliyevin Qaraba\u011f\u0131n bir k\u0259ndini d\u0259 qaytara bilm\u0259y\u0259c\u0259yin demi\u015fdiniz. Ancaq 44 g\u00fcnd\u0259 90-larda itirilmi\u015f rayonlar da qaytar\u0131ld\u0131. Bu m\u0259nada n\u0259 d\u00fc\u015f\u00fcn\u00fcrs\u00fcn\u00fcz, n\u0259l\u0259r d\u0259yi\u015fdi, nec\u0259 oldu Az\u0259rbaycan m\u00fcharib\u0259 el\u0259di v\u0259 q\u0259l\u0259b\u0259 qazand\u0131?<\/strong><\/p>\n\n\n\n<p>&#8211; M\u0259n bel\u0259 deyirdim: m\u00fcharib\u0259d\u0259 Az\u0259rbaycan ordusu qalib g\u0259l\u0259 bilm\u0259z. Ordu dey\u0259nd\u0259, kims\u0259 bildirir ki, Altay G\u00f6y\u00fc\u015fov Az\u0259rbaycan \u0259sg\u0259rinin d\u00f6y\u00fc\u015f\u0259 bilm\u0259diyini, c\u0259sar\u0259ti yoxdur v\u0259 s. s\u00f6yl\u0259yir. Bo\u015f \u015feydir, b\u00fct\u00fcn xalqlar\u0131n i\u00e7ind\u0259 c\u0259sar\u0259tlisi d\u0259 var, c\u0259sar\u0259tsizi d\u0259. S\u00f6hb\u0259t xalqdan getmir, sistemd\u0259n gedir, m\u0259n ordu dey\u0259nd\u0259 idar\u0259\u00e7ilik sistemini n\u0259z\u0259rd\u0259 tuturdum. Ayd\u0131n m\u0259s\u0259l\u0259dir ki, dedikl\u0259rimd\u0259 s\u0259hvl\u0259r ola bil\u0259r, ham\u0131 kimi m\u0259n d\u0259 insanam. \u0130nformasiyam kifay\u0259t q\u0259d\u0259r deyil, yaxud qurdu\u011fum m\u0259ntiqi x\u0259tt s\u0259hv ola bil\u0259r. Amma b\u00f6y\u00fck s\u0259hv etm\u0259mi\u015f\u0259m, m\u0259s\u0259l\u0259n, m\u00fcharib\u0259ni Ba\u015f Q\u0259rargah\u0131n apard\u0131\u011f\u0131n\u0131 ham\u0131 bilir. Ancaq 2020-ci il sava\u015f\u0131nda Ba\u015f Q\u0259rargah yox idi. \u0130kincisi, m\u00fcharib\u0259d\u0259n sonra xeyli general k\u0259narla\u015fd\u0131r\u0131ld\u0131 v\u0259 h\u0259bs olunanlar oldu. Onlar\u0131n aras\u0131nda maliyy\u0259 m\u0259s\u0259l\u0259l\u0259rin\u0259 v\u0259 t\u0259lim-t\u0259rbiy\u0259y\u0259 cavabdehl\u0259r d\u0259 vard\u0131. Bax\u0131n, maliyy\u0259, Ba\u015f Q\u0259rargah v\u0259 t\u0259lim-t\u0259rbiy\u0259. N\u0259hay\u0259t, bilm\u0259diyim m\u0259s\u0259l\u0259l\u0259r d\u0259 oldu, a\u011fl\u0131ma g\u0259tirm\u0259zdim ki, Az\u0259rbaycanda NATO standartlar\u0131na cavab ver\u0259n x\u00fcsusi t\u0259yinatl\u0131lar olsun. Bilmir\u0259m, kim haz\u0131rlay\u0131b, T\u00fcrkiy\u0259, NATO? B\u0259lk\u0259 Ba\u015f Q\u0259rargah\u0131n da x\u0259b\u0259ri olmay\u0131b.<\/p>\n\n\n\n<p><strong>&#8211; Altay b\u0259y, yekuna g\u0259l\u0259k. M\u00fcnaqi\u015f\u0259 ba\u015flan\u011f\u0131c\u0131n\u0131 1987-ci ild\u0259 akademik Aqanbekyan\u0131n Fransa m\u0259tbuat\u0131na a\u00e7\u0131qlamas\u0131ndan g\u00f6t\u00fcrd\u00fc, o vaxt respublikaya Kamran Ba\u011f\u0131rov r\u0259hb\u0259rlik edirdi. Sonralar pe\u015fman\u00e7\u0131l\u0131qla deyirdi ki, g\u0259r\u0259k vaxt\u0131nda q\u0259ti add\u0131mlar at\u0131b m\u0259s\u0259l\u0259ni yerind\u0259c\u0259 h\u0259ll ed\u0259rdi. Ard\u0131nca V\u0259zirov respublikaya t\u0259yin olundu, Moskvada M\u0259rk\u0259zi Komit\u0259 q\u0259rar q\u0259bul etdi ki, \u0259razil\u0259r d\u0259yi\u015fil\u0259 bilm\u0259z. Amma v\u0259ziyy\u0259t daha da pisl\u0259\u015fdi. Sonra M\u00fct\u0259llibov \u00c7ayk\u0259nd \u0259m\u0259liyyat\u0131 ke\u00e7irdi, buna baxmayaraq problem daha da d\u0259rinl\u0259\u015fdi. 1992-ci ild\u0259 xalq h\u0259r\u0259kat\u0131n\u0131n dal\u011fas\u0131nda El\u00e7ib\u0259y hakimiyy\u0259t\u0259 g\u0259l\u0259nd\u0259 ham\u0131 Qaraba\u011f probleminin bit\u0259c\u0259yin\u0259 \u00fcmid edirdi, h\u0259tta Az\u0259rbaycan ordusu Xank\u0259ndinin 9 kilometrliyind\u0259ydi. M\u0259lum hadis\u0259l\u0259r ba\u015f verdi v\u0259 \u018fliyev 10 illik hakimiyy\u0259ti ba\u015flad\u0131, m\u00fcnaqi\u015f\u0259 at\u0259\u015fk\u0259s d\u00f6vr\u00fcm\u0259 q\u0259d\u0259m qoydu. Bu m\u0259nada \u0130lham \u018fliyevin d\u00f6vr\u00fcnd\u0259 90-larda itirilmi\u015f \u0259razil\u0259rin qaytar\u0131lmas\u0131n\u0131n tarixi-psixoloji s\u0259b\u0259bl\u0259ri n\u0259 idi?<\/strong><\/p>\n\n\n\n<p>&#8211; Konkret birinci s\u0259b\u0259b odur ki, \u00f6lk\u0259y\u0259 \u00e7ox b\u00f6y\u00fck maliyy\u0259 g\u0259ldi. Neft milyardlar\u0131 daxili v\u0259 beyn\u0259lxalq bax\u0131mdan Az\u0259rbaycan\u0131n n\u00fcfuzunu d\u00fcnyaya \u00e7atd\u0131rd\u0131. Ancaq s\u0259n dediyin d\u00f6vrl\u0259rin ham\u0131s\u0131nda problemin s\u00fclh yoluyla icras\u0131 y\u00f6n\u00fcnd\u0259 uzun m\u00fcdd\u0259t proses gedib. Minsk Qrupu v\u0259 s. Sonuncu m\u0259qam odur ki, Nikol Pa\u015finyan hakimiyy\u0259t\u0259 g\u0259l\u0259nd\u0259, \u00e7ox adam onun \u0259razil\u0259ri qaytaraca\u011f\u0131n\u0131 g\u00f6zl\u0259yirdi. H\u0259tta b\u0259zi analitikl\u0259r yaz\u0131rd\u0131 ki, Pa\u015finyan hakimiyy\u0259t\u0259 g\u0259l\u0259nd\u0259, orda v\u0259ziyy\u0259t qar\u0131\u015fd\u0131\u011f\u0131ndan Az\u0259rbaycan istifad\u0259 edib h\u00fccuma ke\u00e7\u0259 bil\u0259r. \u00c7\u00fcnki ona q\u0259d\u0259r 2016-c\u0131 il hadis\u0259l\u0259ri olmu\u015fdu v\u0259 g\u00fcc bilinirdi. Amma \u018fliyev getm\u0259di, g\u00f6zl\u0259di. G\u00f6r\u00fcn\u00fcr, g\u00f6zl\u0259nti var idi ki, Pa\u015finyan hans\u0131sa add\u0131mlar ata bil\u0259r. H\u0259r halda dan\u0131\u015f\u0131qlarda ist\u0259nil\u0259n rayonlar\u0131n say\u0131 h\u0259rbid\u0259 oldu\u011fu q\u0259d\u0259r al\u0131nan kimi deyildi. N\u0259tic\u0259d\u0259 m\u0259lum oldu ki, Erm\u0259nistan n\u0259inki geri \u00e7\u0259kilmir, h\u0259tta ba\u015fqa fikirl\u0259r s\u0259sl\u0259ndirir. Halbuki, Pa\u015finyan ba\u015fqa ideyalarla hakimiyy\u0259t\u0259 g\u0259lmi\u015fdi. Onun \u015eu\u015faya g\u0259lm\u0259si, o c\u00fcr b\u0259yanat verm\u0259si \u201cqa\u015f\u0131nmayan yerd\u0259n qan \u00e7\u0131xarmaq idi\u201d.&nbsp; Bel\u0259likl\u0259, y\u0259qin \u018fliyev o q\u0259na\u0259t\u0259 g\u0259ldi ki, art\u0131q s\u00fclhl\u0259 m\u00fcmk\u00fcn deyil.<\/p>\n\n\n\n<p><strong>&#8211; O zaman \u0130lham \u018fliyev m\u00fcharib\u0259y\u0259 ba\u015flamaqda haql\u0131yd\u0131m\u0131?<\/strong><\/p>\n\n\n\n<p>&#8211;&nbsp; Yox, i\u015f haqq idi. Torpaq, i\u015f\u011fal olunmu\u015f \u0259razil\u0259r bizim idi.<\/p>\n\n\n\n<p><strong>&#8211; Y\u0259ni \u018fliyev m\u00fcharib\u0259 variant\u0131 se\u00e7m\u0259kd\u0259 haql\u0131yd\u0131m\u0131?<\/strong><\/p>\n\n\n\n<p>&#8211; Onu m\u0259n bilmir\u0259m, o \u00f6z\u00fc hesablay\u0131b g\u00f6r\u0259 bil\u0259r. S\u0259n soru\u015fa bil\u0259rs\u0259n ki, bu g\u00fcn Ukrayna \u00f6z \u0259razisini m\u00fcdafi\u0259 etm\u0259y\u0259 haql\u0131d\u0131rm\u0131, t\u0259bii ki, haql\u0131d\u0131r.<\/p>\n\n\n\n<p><strong>&#8211; M\u0259n d\u0259 onu soru\u015furam, 2020-ci ilin 27 sentyabr\u0131nda \u018fliyev m\u00fcharib\u0259y\u0259 ba\u015flamaqda haql\u0131yd\u0131m\u0131?<\/strong><\/p>\n\n\n\n<p>&#8211; B\u0259li, o vaxt torpaqlar\u0131n&#8230; G\u0259lin, bel\u0259 dey\u0259k, m\u0259n he\u00e7 vaxt m\u00fcharib\u0259 t\u0259r\u0259fdar\u0131 olmam\u0131\u015fam. Bunu dey\u0259r\u0259m, amma izah etm\u0259k uzun m\u0259s\u0259l\u0259dir. M\u00fcharib\u0259d\u0259n bir g\u00fcn \u0259vv\u0259l d\u0259 yazm\u0131\u015fam ki, Az\u0259rbaycana m\u00fcharib\u0259 laz\u0131m deyil. Hesab edir\u0259m ki, Az\u0259rbaycan\u0131n inki\u015faf\u0131, normal sistem qurmas\u0131, m\u00fcharib\u0259ni uzun v\u0259d\u0259d\u0259 s\u00fclh yoluyla h\u0259ll olunmas\u0131na \u015f\u0259rait yarada bil\u0259r. Biz \u0259vv\u0259ld\u0259n deyirdik ki, Az\u0259rbaycanla Erm\u0259nistan Avropa Birliyin\u0259 daxil olursa, orda ist\u0259r-ist\u0259m\u0259z prosesin silahla yox, ba\u015fqa yollarla h\u0259lli m\u0259s\u0259l\u0259si g\u0259lir.<\/p>\n\n\n\n<p><strong>&#8211; O da al\u0131nmad\u0131&#8230;<\/strong><\/p>\n\n\n\n<p>&#8211; H\u0259, m\u0259lum oldu ki, biz birliy\u0259 daxil ola bilmirik. Prosesl\u0259r uzun \u00e7\u0259kir, m\u00fcxt\u0259lif s\u0259b\u0259bl\u0259r var, \u0259sas da biziml\u0259 ba\u011fl\u0131, sistemin uy\u011fun olmamas\u0131, Avropa Birliyinin \u00f6z\u00fcn\u00fcn geni\u015fl\u0259nm\u0259 ist\u0259yinin olmamas\u0131. Bu bax\u0131mdan m\u0259n deyirdim ki, m\u00fcharib\u0259 laz\u0131m deyil, amma eyni zamanda, bunun detallar\u0131n d\u00f6vl\u0259tin ba\u015f\u0131nda olan adam bilir. Dey\u0259 bilm\u0259r\u0259m ki, onun el\u0259diyi i\u015f nahaq i\u015fdir. M\u0259n deyir\u0259m ki, laz\u0131m deyil, \u00e7\u00fcnki ba\u015fqa c\u00fcr g\u00f6r\u00fcr\u0259m. Amma o i\u015fini g\u00f6r\u00fcr v\u0259 onun i\u015fin\u0259 nahaq dey\u0259 bilm\u0259r\u0259m. Bilir\u0259m, m\u0259s\u0259l\u0259 \u201cno-war\u201d\u00e7ulu\u011fa g\u0259lir, he\u00e7 onun d\u0259rinliyini ba\u015fa d\u00fc\u015fm\u00fcr\u0259m. Yeri g\u0259l\u0259nd\u0259, pasifist ideologiyas\u0131n\u0131 sona q\u0259d\u0259r d\u0259 bilmir\u0259m ki, bazas\u0131nda n\u0259l\u0259r dayan\u0131r. Dediyim odur ki, b\u0259li, m\u00fcharib\u0259 ist\u0259m\u0259mi\u015f\u0259m, d\u00fc\u015f\u00fcn\u00fcr\u0259m ki, ba\u015fqa yollarla h\u0259ll etm\u0259k olar. Ancaq o vaxt apar\u0131lan m\u00fcbariz\u0259 haqq i\u015fi idi, birm\u0259nal\u0131. Bununla b\u0259rab\u0259r nailiyy\u0259t \u0259ld\u0259 olunandan sonra, 2020-ci ilin noyabr\u0131n\u0131n ard\u0131nca \u0130lham \u018fliyevin prosesi s\u00fclh yoluyla aparmaq \u00fc\u00e7\u00fcn \u00e7ox b\u00f6y\u00fck imkanlar\u0131 var idi. Amma adam g\u00fcc\u00fcn\u0259 arxay\u0131n olub, s\u00fclh yox, tamam ba\u015fqa yolla m\u0259s\u0259l\u0259l\u0259ri h\u0259ll etm\u0259y\u0259 \u00fcst\u00fcnl\u00fck verdi. M\u0259nc\u0259, bu, s\u0259hv idi. &nbsp; &nbsp; &nbsp; &nbsp; &nbsp; &nbsp;<\/p>\n","protected":false},"excerpt":{"rendered":"","protected":false},"author":14,"featured_media":258137,"comment_status":"closed","ping_status":"closed","sticky":false,"template":"","format":"standard","meta":{"_acf_changed":false,"_sitemap_exclude":false,"_sitemap_priority":"","_sitemap_frequency":"","footnotes":""},"categories":[63],"tags":[],"class_list":["post-258135","post","type-post","status-publish","format-standard","has-post-thumbnail","hentry","category-video-2","infinite-scroll-item","generate-columns","tablet-grid-50","mobile-grid-100","grid-parent","grid-33","no-featured-image-padding"],"acf":[],"yoast_head":"<!-- This site is optimized with the Yoast SEO plugin v27.5 - https:\/\/yoast.com\/product\/yoast-seo-wordpress\/ -->\n<title>Altay G\u00f6y\u00fc\u015fov: \u201cBura T\u00fcrkm\u0259nistan deyil, bu m\u0259d\u0259niyy\u0259t \u00f6mr\u00fc boyu t\u0259r\u0259qqiy\u0259 meylli olub\u201d - MEYDAN.TV<\/title>\n<meta name=\"robots\" content=\"index, follow, max-snippet:-1, max-image-preview:large, max-video-preview:-1\" \/>\n<link rel=\"canonical\" href=\"https:\/\/www.meydan.tv\/az\/article\/altay-goyusov-bura-turkmenistan-deyil-bu-medeniyyet-omru-boyu-tereqqiye-meylli-olub\/\" \/>\n<meta property=\"og:locale\" content=\"az_AZ\" \/>\n<meta property=\"og:type\" content=\"article\" \/>\n<meta property=\"og:title\" content=\"Altay G\u00f6y\u00fc\u015fov: \u201cBura T\u00fcrkm\u0259nistan deyil, bu m\u0259d\u0259niyy\u0259t \u00f6mr\u00fc boyu t\u0259r\u0259qqiy\u0259 meylli olub\u201d - MEYDAN.TV\" \/>\n<meta property=\"og:url\" content=\"https:\/\/www.meydan.tv\/az\/article\/altay-goyusov-bura-turkmenistan-deyil-bu-medeniyyet-omru-boyu-tereqqiye-meylli-olub\/\" \/>\n<meta property=\"og:site_name\" content=\"MEYDAN.TV\" \/>\n<meta property=\"article:published_time\" content=\"2022-10-12T17:13:07+00:00\" \/>\n<meta property=\"article:modified_time\" content=\"2022-10-12T21:16:38+00:00\" \/>\n<meta property=\"og:image\" content=\"https:\/\/www.meydan.tv\/wp-content\/uploads\/screenshot-at-oct-12-18-40-29-1200x673.png\" \/>\n\t<meta property=\"og:image:width\" content=\"1200\" \/>\n\t<meta property=\"og:image:height\" content=\"673\" \/>\n\t<meta property=\"og:image:type\" content=\"image\/png\" \/>\n<meta name=\"author\" content=\"roma\" \/>\n<meta name=\"twitter:card\" content=\"summary_large_image\" \/>\n<script type=\"application\/ld+json\" class=\"yoast-schema-graph\">{\"@context\":\"https:\\\/\\\/schema.org\",\"@graph\":[{\"@type\":\"Article\",\"@id\":\"https:\\\/\\\/www.meydan.tv\\\/az\\\/article\\\/altay-goyusov-bura-turkmenistan-deyil-bu-medeniyyet-omru-boyu-tereqqiye-meylli-olub\\\/#article\",\"isPartOf\":{\"@id\":\"https:\\\/\\\/www.meydan.tv\\\/az\\\/article\\\/altay-goyusov-bura-turkmenistan-deyil-bu-medeniyyet-omru-boyu-tereqqiye-meylli-olub\\\/\"},\"author\":{\"name\":\"roma\",\"@id\":\"https:\\\/\\\/www.meydan.tv\\\/az\\\/#\\\/schema\\\/person\\\/8f23e01c4de63326c13c319fb65ee65d\"},\"headline\":\"Altay G\u00f6y\u00fc\u015fov: \u201cBura T\u00fcrkm\u0259nistan deyil, bu m\u0259d\u0259niyy\u0259t \u00f6mr\u00fc boyu t\u0259r\u0259qqiy\u0259 meylli olub\u201d\",\"datePublished\":\"2022-10-12T17:13:07+00:00\",\"dateModified\":\"2022-10-12T21:16:38+00:00\",\"mainEntityOfPage\":{\"@id\":\"https:\\\/\\\/www.meydan.tv\\\/az\\\/article\\\/altay-goyusov-bura-turkmenistan-deyil-bu-medeniyyet-omru-boyu-tereqqiye-meylli-olub\\\/\"},\"wordCount\":4625,\"publisher\":{\"@id\":\"https:\\\/\\\/www.meydan.tv\\\/az\\\/#organization\"},\"image\":{\"@id\":\"https:\\\/\\\/www.meydan.tv\\\/az\\\/article\\\/altay-goyusov-bura-turkmenistan-deyil-bu-medeniyyet-omru-boyu-tereqqiye-meylli-olub\\\/#primaryimage\"},\"thumbnailUrl\":\"https:\\\/\\\/www.meydan.tv\\\/wp-content\\\/uploads\\\/screenshot-at-oct-12-18-40-29.png\",\"articleSection\":[\"Video\"],\"inLanguage\":\"az\"},{\"@type\":\"WebPage\",\"@id\":\"https:\\\/\\\/www.meydan.tv\\\/az\\\/article\\\/altay-goyusov-bura-turkmenistan-deyil-bu-medeniyyet-omru-boyu-tereqqiye-meylli-olub\\\/\",\"url\":\"https:\\\/\\\/www.meydan.tv\\\/az\\\/article\\\/altay-goyusov-bura-turkmenistan-deyil-bu-medeniyyet-omru-boyu-tereqqiye-meylli-olub\\\/\",\"name\":\"Altay G\u00f6y\u00fc\u015fov: \u201cBura T\u00fcrkm\u0259nistan deyil, bu m\u0259d\u0259niyy\u0259t \u00f6mr\u00fc boyu t\u0259r\u0259qqiy\u0259 meylli olub\u201d - MEYDAN.TV\",\"isPartOf\":{\"@id\":\"https:\\\/\\\/www.meydan.tv\\\/az\\\/#website\"},\"primaryImageOfPage\":{\"@id\":\"https:\\\/\\\/www.meydan.tv\\\/az\\\/article\\\/altay-goyusov-bura-turkmenistan-deyil-bu-medeniyyet-omru-boyu-tereqqiye-meylli-olub\\\/#primaryimage\"},\"image\":{\"@id\":\"https:\\\/\\\/www.meydan.tv\\\/az\\\/article\\\/altay-goyusov-bura-turkmenistan-deyil-bu-medeniyyet-omru-boyu-tereqqiye-meylli-olub\\\/#primaryimage\"},\"thumbnailUrl\":\"https:\\\/\\\/www.meydan.tv\\\/wp-content\\\/uploads\\\/screenshot-at-oct-12-18-40-29.png\",\"datePublished\":\"2022-10-12T17:13:07+00:00\",\"dateModified\":\"2022-10-12T21:16:38+00:00\",\"breadcrumb\":{\"@id\":\"https:\\\/\\\/www.meydan.tv\\\/az\\\/article\\\/altay-goyusov-bura-turkmenistan-deyil-bu-medeniyyet-omru-boyu-tereqqiye-meylli-olub\\\/#breadcrumb\"},\"inLanguage\":\"az\",\"potentialAction\":[{\"@type\":\"ReadAction\",\"target\":[\"https:\\\/\\\/www.meydan.tv\\\/az\\\/article\\\/altay-goyusov-bura-turkmenistan-deyil-bu-medeniyyet-omru-boyu-tereqqiye-meylli-olub\\\/\"]}]},{\"@type\":\"ImageObject\",\"inLanguage\":\"az\",\"@id\":\"https:\\\/\\\/www.meydan.tv\\\/az\\\/article\\\/altay-goyusov-bura-turkmenistan-deyil-bu-medeniyyet-omru-boyu-tereqqiye-meylli-olub\\\/#primaryimage\",\"url\":\"https:\\\/\\\/www.meydan.tv\\\/wp-content\\\/uploads\\\/screenshot-at-oct-12-18-40-29.png\",\"contentUrl\":\"https:\\\/\\\/www.meydan.tv\\\/wp-content\\\/uploads\\\/screenshot-at-oct-12-18-40-29.png\",\"width\":1540,\"height\":864},{\"@type\":\"BreadcrumbList\",\"@id\":\"https:\\\/\\\/www.meydan.tv\\\/az\\\/article\\\/altay-goyusov-bura-turkmenistan-deyil-bu-medeniyyet-omru-boyu-tereqqiye-meylli-olub\\\/#breadcrumb\",\"itemListElement\":[{\"@type\":\"ListItem\",\"position\":1,\"name\":\"Ana s\u0259hif\u0259\",\"item\":\"https:\\\/\\\/www.meydan.tv\\\/az\\\/\"},{\"@type\":\"ListItem\",\"position\":2,\"name\":\"Video\",\"item\":\"https:\\\/\\\/www.meydan.tv\\\/az\\\/section\\\/video-2\\\/\"},{\"@type\":\"ListItem\",\"position\":3,\"name\":\"Altay G\u00f6y\u00fc\u015fov: \u201cBura T\u00fcrkm\u0259nistan deyil, bu m\u0259d\u0259niyy\u0259t \u00f6mr\u00fc boyu t\u0259r\u0259qqiy\u0259 meylli olub\u201d\"}]},{\"@type\":\"WebSite\",\"@id\":\"https:\\\/\\\/www.meydan.tv\\\/az\\\/#website\",\"url\":\"https:\\\/\\\/www.meydan.tv\\\/az\\\/\",\"name\":\"MEYDAN.TV\",\"description\":\"Meydan TV Az\u0259rbaycan\u0131n media m\u0259kan\u0131ndak\u0131 alternativ s\u0259sidir\",\"publisher\":{\"@id\":\"https:\\\/\\\/www.meydan.tv\\\/az\\\/#organization\"},\"potentialAction\":[{\"@type\":\"SearchAction\",\"target\":{\"@type\":\"EntryPoint\",\"urlTemplate\":\"https:\\\/\\\/www.meydan.tv\\\/az\\\/?s={search_term_string}\"},\"query-input\":{\"@type\":\"PropertyValueSpecification\",\"valueRequired\":true,\"valueName\":\"search_term_string\"}}],\"inLanguage\":\"az\"},{\"@type\":\"Organization\",\"@id\":\"https:\\\/\\\/www.meydan.tv\\\/az\\\/#organization\",\"name\":\"Meydan TV\",\"url\":\"https:\\\/\\\/www.meydan.tv\\\/az\\\/\",\"logo\":{\"@type\":\"ImageObject\",\"inLanguage\":\"az\",\"@id\":\"https:\\\/\\\/www.meydan.tv\\\/az\\\/#\\\/schema\\\/logo\\\/image\\\/\",\"url\":\"https:\\\/\\\/www.meydan.tv\\\/wp-content\\\/uploads\\\/2021\\\/07\\\/meydan-logo.svg\",\"contentUrl\":\"https:\\\/\\\/www.meydan.tv\\\/wp-content\\\/uploads\\\/2021\\\/07\\\/meydan-logo.svg\",\"width\":195,\"height\":46,\"caption\":\"Meydan TV\"},\"image\":{\"@id\":\"https:\\\/\\\/www.meydan.tv\\\/az\\\/#\\\/schema\\\/logo\\\/image\\\/\"}},{\"@type\":\"Person\",\"@id\":\"https:\\\/\\\/www.meydan.tv\\\/az\\\/#\\\/schema\\\/person\\\/8f23e01c4de63326c13c319fb65ee65d\",\"name\":\"roma\"}]}<\/script>\n<!-- \/ Yoast SEO plugin. -->","yoast_head_json":{"title":"Altay G\u00f6y\u00fc\u015fov: \u201cBura T\u00fcrkm\u0259nistan deyil, bu m\u0259d\u0259niyy\u0259t \u00f6mr\u00fc boyu t\u0259r\u0259qqiy\u0259 meylli olub\u201d - MEYDAN.TV","robots":{"index":"index","follow":"follow","max-snippet":"max-snippet:-1","max-image-preview":"max-image-preview:large","max-video-preview":"max-video-preview:-1"},"canonical":"https:\/\/www.meydan.tv\/az\/article\/altay-goyusov-bura-turkmenistan-deyil-bu-medeniyyet-omru-boyu-tereqqiye-meylli-olub\/","og_locale":"az_AZ","og_type":"article","og_title":"Altay G\u00f6y\u00fc\u015fov: \u201cBura T\u00fcrkm\u0259nistan deyil, bu m\u0259d\u0259niyy\u0259t \u00f6mr\u00fc boyu t\u0259r\u0259qqiy\u0259 meylli olub\u201d - MEYDAN.TV","og_url":"https:\/\/www.meydan.tv\/az\/article\/altay-goyusov-bura-turkmenistan-deyil-bu-medeniyyet-omru-boyu-tereqqiye-meylli-olub\/","og_site_name":"MEYDAN.TV","article_published_time":"2022-10-12T17:13:07+00:00","article_modified_time":"2022-10-12T21:16:38+00:00","og_image":[{"width":1200,"height":673,"url":"https:\/\/www.meydan.tv\/wp-content\/uploads\/screenshot-at-oct-12-18-40-29-1200x673.png","type":"image\/png"}],"author":"roma","twitter_card":"summary_large_image","schema":{"@context":"https:\/\/schema.org","@graph":[{"@type":"Article","@id":"https:\/\/www.meydan.tv\/az\/article\/altay-goyusov-bura-turkmenistan-deyil-bu-medeniyyet-omru-boyu-tereqqiye-meylli-olub\/#article","isPartOf":{"@id":"https:\/\/www.meydan.tv\/az\/article\/altay-goyusov-bura-turkmenistan-deyil-bu-medeniyyet-omru-boyu-tereqqiye-meylli-olub\/"},"author":{"name":"roma","@id":"https:\/\/www.meydan.tv\/az\/#\/schema\/person\/8f23e01c4de63326c13c319fb65ee65d"},"headline":"Altay G\u00f6y\u00fc\u015fov: \u201cBura T\u00fcrkm\u0259nistan deyil, bu m\u0259d\u0259niyy\u0259t \u00f6mr\u00fc boyu t\u0259r\u0259qqiy\u0259 meylli olub\u201d","datePublished":"2022-10-12T17:13:07+00:00","dateModified":"2022-10-12T21:16:38+00:00","mainEntityOfPage":{"@id":"https:\/\/www.meydan.tv\/az\/article\/altay-goyusov-bura-turkmenistan-deyil-bu-medeniyyet-omru-boyu-tereqqiye-meylli-olub\/"},"wordCount":4625,"publisher":{"@id":"https:\/\/www.meydan.tv\/az\/#organization"},"image":{"@id":"https:\/\/www.meydan.tv\/az\/article\/altay-goyusov-bura-turkmenistan-deyil-bu-medeniyyet-omru-boyu-tereqqiye-meylli-olub\/#primaryimage"},"thumbnailUrl":"https:\/\/www.meydan.tv\/wp-content\/uploads\/screenshot-at-oct-12-18-40-29.png","articleSection":["Video"],"inLanguage":"az"},{"@type":"WebPage","@id":"https:\/\/www.meydan.tv\/az\/article\/altay-goyusov-bura-turkmenistan-deyil-bu-medeniyyet-omru-boyu-tereqqiye-meylli-olub\/","url":"https:\/\/www.meydan.tv\/az\/article\/altay-goyusov-bura-turkmenistan-deyil-bu-medeniyyet-omru-boyu-tereqqiye-meylli-olub\/","name":"Altay G\u00f6y\u00fc\u015fov: \u201cBura T\u00fcrkm\u0259nistan deyil, bu m\u0259d\u0259niyy\u0259t \u00f6mr\u00fc boyu t\u0259r\u0259qqiy\u0259 meylli olub\u201d - MEYDAN.TV","isPartOf":{"@id":"https:\/\/www.meydan.tv\/az\/#website"},"primaryImageOfPage":{"@id":"https:\/\/www.meydan.tv\/az\/article\/altay-goyusov-bura-turkmenistan-deyil-bu-medeniyyet-omru-boyu-tereqqiye-meylli-olub\/#primaryimage"},"image":{"@id":"https:\/\/www.meydan.tv\/az\/article\/altay-goyusov-bura-turkmenistan-deyil-bu-medeniyyet-omru-boyu-tereqqiye-meylli-olub\/#primaryimage"},"thumbnailUrl":"https:\/\/www.meydan.tv\/wp-content\/uploads\/screenshot-at-oct-12-18-40-29.png","datePublished":"2022-10-12T17:13:07+00:00","dateModified":"2022-10-12T21:16:38+00:00","breadcrumb":{"@id":"https:\/\/www.meydan.tv\/az\/article\/altay-goyusov-bura-turkmenistan-deyil-bu-medeniyyet-omru-boyu-tereqqiye-meylli-olub\/#breadcrumb"},"inLanguage":"az","potentialAction":[{"@type":"ReadAction","target":["https:\/\/www.meydan.tv\/az\/article\/altay-goyusov-bura-turkmenistan-deyil-bu-medeniyyet-omru-boyu-tereqqiye-meylli-olub\/"]}]},{"@type":"ImageObject","inLanguage":"az","@id":"https:\/\/www.meydan.tv\/az\/article\/altay-goyusov-bura-turkmenistan-deyil-bu-medeniyyet-omru-boyu-tereqqiye-meylli-olub\/#primaryimage","url":"https:\/\/www.meydan.tv\/wp-content\/uploads\/screenshot-at-oct-12-18-40-29.png","contentUrl":"https:\/\/www.meydan.tv\/wp-content\/uploads\/screenshot-at-oct-12-18-40-29.png","width":1540,"height":864},{"@type":"BreadcrumbList","@id":"https:\/\/www.meydan.tv\/az\/article\/altay-goyusov-bura-turkmenistan-deyil-bu-medeniyyet-omru-boyu-tereqqiye-meylli-olub\/#breadcrumb","itemListElement":[{"@type":"ListItem","position":1,"name":"Ana s\u0259hif\u0259","item":"https:\/\/www.meydan.tv\/az\/"},{"@type":"ListItem","position":2,"name":"Video","item":"https:\/\/www.meydan.tv\/az\/section\/video-2\/"},{"@type":"ListItem","position":3,"name":"Altay G\u00f6y\u00fc\u015fov: \u201cBura T\u00fcrkm\u0259nistan deyil, bu m\u0259d\u0259niyy\u0259t \u00f6mr\u00fc boyu t\u0259r\u0259qqiy\u0259 meylli olub\u201d"}]},{"@type":"WebSite","@id":"https:\/\/www.meydan.tv\/az\/#website","url":"https:\/\/www.meydan.tv\/az\/","name":"MEYDAN.TV","description":"Meydan TV Az\u0259rbaycan\u0131n media m\u0259kan\u0131ndak\u0131 alternativ s\u0259sidir","publisher":{"@id":"https:\/\/www.meydan.tv\/az\/#organization"},"potentialAction":[{"@type":"SearchAction","target":{"@type":"EntryPoint","urlTemplate":"https:\/\/www.meydan.tv\/az\/?s={search_term_string}"},"query-input":{"@type":"PropertyValueSpecification","valueRequired":true,"valueName":"search_term_string"}}],"inLanguage":"az"},{"@type":"Organization","@id":"https:\/\/www.meydan.tv\/az\/#organization","name":"Meydan TV","url":"https:\/\/www.meydan.tv\/az\/","logo":{"@type":"ImageObject","inLanguage":"az","@id":"https:\/\/www.meydan.tv\/az\/#\/schema\/logo\/image\/","url":"https:\/\/www.meydan.tv\/wp-content\/uploads\/2021\/07\/meydan-logo.svg","contentUrl":"https:\/\/www.meydan.tv\/wp-content\/uploads\/2021\/07\/meydan-logo.svg","width":195,"height":46,"caption":"Meydan TV"},"image":{"@id":"https:\/\/www.meydan.tv\/az\/#\/schema\/logo\/image\/"}},{"@type":"Person","@id":"https:\/\/www.meydan.tv\/az\/#\/schema\/person\/8f23e01c4de63326c13c319fb65ee65d","name":"roma"}]}},"_links":{"self":[{"href":"https:\/\/www.meydan.tv\/az\/wp-json\/wp\/v2\/posts\/258135","targetHints":{"allow":["GET"]}}],"collection":[{"href":"https:\/\/www.meydan.tv\/az\/wp-json\/wp\/v2\/posts"}],"about":[{"href":"https:\/\/www.meydan.tv\/az\/wp-json\/wp\/v2\/types\/post"}],"author":[{"embeddable":true,"href":"https:\/\/www.meydan.tv\/az\/wp-json\/wp\/v2\/users\/14"}],"replies":[{"embeddable":true,"href":"https:\/\/www.meydan.tv\/az\/wp-json\/wp\/v2\/comments?post=258135"}],"version-history":[{"count":3,"href":"https:\/\/www.meydan.tv\/az\/wp-json\/wp\/v2\/posts\/258135\/revisions"}],"predecessor-version":[{"id":258154,"href":"https:\/\/www.meydan.tv\/az\/wp-json\/wp\/v2\/posts\/258135\/revisions\/258154"}],"wp:featuredmedia":[{"embeddable":true,"href":"https:\/\/www.meydan.tv\/az\/wp-json\/wp\/v2\/media\/258137"}],"wp:attachment":[{"href":"https:\/\/www.meydan.tv\/az\/wp-json\/wp\/v2\/media?parent=258135"}],"wp:term":[{"taxonomy":"category","embeddable":true,"href":"https:\/\/www.meydan.tv\/az\/wp-json\/wp\/v2\/categories?post=258135"},{"taxonomy":"post_tag","embeddable":true,"href":"https:\/\/www.meydan.tv\/az\/wp-json\/wp\/v2\/tags?post=258135"}],"curies":[{"name":"wp","href":"https:\/\/api.w.org\/{rel}","templated":true}]}}