{"id":258115,"date":"2022-10-12T16:35:59","date_gmt":"2022-10-12T12:35:59","guid":{"rendered":"https:\/\/www.meydan.tv\/?p=258115"},"modified":"2022-10-12T16:39:14","modified_gmt":"2022-10-12T12:39:14","slug":"gegiranlilar-bir-azdan-kendde-adam-qalmayacaq","status":"publish","type":"post","link":"https:\/\/www.meydan.tv\/az\/article\/gegiranlilar-bir-azdan-kendde-adam-qalmayacaq\/","title":{"rendered":"G\u0259giranl\u0131lar: \u201cBir azdan k\u0259ndd\u0259 adam qalmayacaq\u201d"},"content":{"rendered":"\n<p><\/p>\n\n\n\n<p><em>Sakinl\u0259rin dem\u0259sin\u0259 g\u00f6r\u0259, g\u0259nc n\u0259sil k\u0259ndd\u0259ki sosial probleml\u0259rd\u0259n bezib ba\u015fqa yerl\u0259r\u0259 k\u00f6\u00e7 edir<\/em><br><\/p>\n\n\n\n<p>\u201cYolumuzdan yaz\u0131n, mavi yanaca\u011f\u0131m\u0131zdan yaz\u0131n, he\u00e7 bir x\u0259st\u0259y\u0259 \u015f\u0259fa olmayan, da\u011f\u0131lm\u0131\u015f tibb m\u0259nt\u0259q\u0259mizd\u0259n yaz\u0131n\u2026 Bir azdan k\u0259ndd\u0259 adam qalmayacaq, ham\u0131 \u015f\u0259raitli yer axtar\u0131r getm\u0259y\u0259, ondan yaz\u0131n. \u00c7\u0259tinliyin d\u0259 bir h\u0259ddi var, biz o h\u0259ddi d\u0259 \u00e7oxdan ke\u00e7mi\u015fik, yaz\u0131n\u2026\u201d.<\/p>\n\n\n\n<p>\u00d6t\u0259n il L\u0259nk\u0259ran\u0131n G\u0259giran k\u0259nd sakinl\u0259ri Meydan TV-y\u0259 k\u0259ndd\u0259ki yol problemind\u0259n <a href=\"https:\/\/www.meydan.tv\/az\/article\/gegiranlilar-kende-uaz-la-qalxiriq-xesteleri-xestexanaya-catdira-bilmirik\/\" target=\"_blank\" rel=\"noreferrer noopener\">dan\u0131\u015fm\u0131\u015fd\u0131<\/a>. Haz\u0131rda onlar yen\u0259 \u015fikay\u0259t\u00e7idirl\u0259r. Deyirl\u0259r, problem ictimail\u0259\u015fdirils\u0259 d\u0259, aidiyy\u0259ti qurumlar k\u0259ndd\u0259 he\u00e7 bir i\u015f g\u00f6rm\u0259yib. Probleml\u0259rd\u0259n dan\u0131\u015fan k\u0259ndlil\u0259r deyir, he\u00e7 n\u0259 h\u0259llini tapm\u0131r, \u0259v\u0259zind\u0259 probleml\u0259ri mediaya \u00f6t\u00fcr\u0259nl\u0259r \u201cba\u015fa\u011fr\u0131s\u0131na\u201d d\u00fc\u015f\u00fcr. Ona g\u00f6r\u0259 d\u0259 sakinl\u0259r adlar\u0131n\u0131n anonim saxlanmalar\u0131n\u0131 ist\u0259yibl\u0259r.<br><\/p>\n\n\n\n<figure class=\"wp-block-image size-large\"><img decoding=\"async\" width=\"821\" height=\"821\" data-src=\"https:\/\/www.meydan.tv\/wp-content\/uploads\/photo-2022-10-10-15-12-08-821x821.jpg\" alt=\"\" class=\"wp-image-258103 lazyload\" src=\"data:image\/svg+xml;base64,PHN2ZyB3aWR0aD0iMSIgaGVpZ2h0PSIxIiB4bWxucz0iaHR0cDovL3d3dy53My5vcmcvMjAwMC9zdmciPjwvc3ZnPg==\" style=\"--smush-placeholder-width: 821px; --smush-placeholder-aspect-ratio: 821\/821;\" \/><\/figure>\n\n\n\n<p><strong>\u201cX\u0259st\u0259l\u0259rimiz yolda ke\u00e7inir\u201d<\/strong><br><\/p>\n\n\n\n<p>Rayon m\u0259rk\u0259zind\u0259n 36 km aral\u0131da, ucqar da\u011f \u0259razisind\u0259 yerl\u0259\u015f\u0259n k\u0259ndin \u0259halisinin say\u0131 3500 civar\u0131ndad\u0131r. \u00dcmumilikd\u0259 G\u0259giran \u0259razi dair\u0259si 3 k\u0259ndi, G\u0259giran, Jidi v\u0259 D\u0131ryan k\u0259ndl\u0259rini \u00f6z\u00fcn\u0259 birl\u0259\u015fdirir. Sakinl\u0259r deyir, k\u0259nd\u0259 giri\u015f \u00e7\u0259tin oldu\u011fundan UAZ tipli ma\u015f\u0131nlardan istifad\u0259 edirl\u0259r. Yollar gah k\u00f6rp\u00fcs\u00fc olmayan ki\u00e7ik \u00e7aylar\u0131n \u00fcz\u0259rind\u0259n, gah da\u015fl\u0131-k\u0259s\u0259kli, \u0259n d\u00f6z\u00fcml\u00fc ma\u015f\u0131nlar\u0131n bel\u0259 tab g\u0259tir\u0259 bilm\u0259diyi \u0259razil\u0259rd\u0259n ke\u00e7ir. Pay\u0131z, q\u0131\u015f aylar\u0131nda bu yollar daha ke\u00e7ilm\u0259z olur:<\/p>\n\n\n\n<p>\u201cQ\u0131\u015fda k\u0259nd\u0259 giri\u015f v\u0259 \u00e7\u0131x\u0131\u015f qeyri-m\u00fcmk\u00fcnd\u00fcr. H\u0259ft\u0259l\u0259rl\u0259 m\u0259rk\u0259z\u0259 gedib-g\u0259l\u0259 bilmirik. B\u0259z\u0259n x\u0259st\u0259l\u0259rimiz el\u0259 yolda ke\u00e7inir\u201d.<br><\/p>\n\n\n\n<figure class=\"wp-block-image size-large\"><img decoding=\"async\" width=\"821\" height=\"821\" data-src=\"https:\/\/www.meydan.tv\/wp-content\/uploads\/photo-2022-10-10-15-12-23-821x821.jpg\" alt=\"\" class=\"wp-image-258106 lazyload\" src=\"data:image\/svg+xml;base64,PHN2ZyB3aWR0aD0iMSIgaGVpZ2h0PSIxIiB4bWxucz0iaHR0cDovL3d3dy53My5vcmcvMjAwMC9zdmciPjwvc3ZnPg==\" style=\"--smush-placeholder-width: 821px; --smush-placeholder-aspect-ratio: 821\/821;\" \/><\/figure>\n\n\n\n<p><strong>M\u0259kt\u0259b var, yol yoxdur<\/strong><\/p>\n\n\n\n<p>\u00d6t\u0259n il k\u0259ndd\u0259 m\u0259kt\u0259b tikilib. Ancaq bel\u0259 gets\u0259, m\u0259kt\u0259bin qap\u0131s\u0131 da q\u0131f\u0131ll\u0131 qalacaq. \u00c7\u00fcnki ya\u011f\u0131\u015f ya\u011fanda u\u015faqlar \u00fc\u00e7\u00fcn pal\u00e7\u0131ql\u0131 m\u0259kt\u0259b yollar\u0131nda add\u0131mlamaq daha da \u00e7\u0259tinl\u0259\u015fir.<\/p>\n\n\n\n<p>Yolsuzluq \u0259sas\u0259n heyvandarl\u0131q v\u0259 \u0259kinl\u0259 m\u0259\u015f\u011ful olan k\u0259ndlil\u0259r\u0259 m\u0259hsullar\u0131n\u0131 bazara aparmaqda da \u0259ng\u0259ll\u0259r yarad\u0131r. Bu s\u0259b\u0259bd\u0259n d\u0259 k\u0259ndlil\u0259r art\u0131q t\u0259s\u0259rr\u00fcfata \u00fcst\u00fcnl\u00fck vermirl\u0259r. K\u0259ndlil\u0259r Sovet vaxt\u0131 \u00e7ay\u00e7\u0131l\u0131qla m\u0259\u015f\u011ful olub. 30 ildir ki, \u00e7ay\u00e7\u0131l\u0131q t\u0259s\u0259rr\u00fcfat\u0131 yoxdur. \u0130\u015fsizlik \u00fcz\u00fcnd\u0259n g\u0259nc ail\u0259l\u0259r k\u0259ndi t\u0259rk edir.<\/p>\n\n\n\n<p>G\u0259giran\u0131n d\u0259rdi t\u0259kc\u0259 bunlar deyil. K\u0259ndd\u0259ki tibb m\u0259nt\u0259q\u0259si be\u015f il\u0259 yax\u0131nd\u0131r tikilib, \u00f6t\u0259n be\u015f ild\u0259 f\u0259aliyy\u0259t g\u00f6st\u0259rm\u0259yib, da\u011f\u0131l\u0131b. 3500 sayda insana tibbi xidm\u0259t g\u00f6st\u0259r\u0259n yoxdur.<br><\/p>\n\n\n\n<figure class=\"wp-block-image size-large\"><img decoding=\"async\" width=\"821\" height=\"821\" data-src=\"https:\/\/www.meydan.tv\/wp-content\/uploads\/photo-2022-10-10-15-12-10-821x821.jpg\" alt=\"\" class=\"wp-image-258112 lazyload\" src=\"data:image\/svg+xml;base64,PHN2ZyB3aWR0aD0iMSIgaGVpZ2h0PSIxIiB4bWxucz0iaHR0cDovL3d3dy53My5vcmcvMjAwMC9zdmciPjwvc3ZnPg==\" style=\"--smush-placeholder-width: 821px; --smush-placeholder-aspect-ratio: 821\/821;\" \/><\/figure>\n\n\n\n<p><strong>Me\u015f\u0259d\u0259ki \u00e7\u00f6p\u00fcn d\u0259 sor\u011fusu var<\/strong><br><\/p>\n\n\n\n<p>K\u0259ndin daha bir vacib m\u0259s\u0259l\u0259si mavi yanacaqla ba\u011fl\u0131d\u0131r. K\u0259ndlil\u0259r deyir, art\u0131q havalar soyuyub, baltan\u0131 \u0259lin\u0259 al\u0131b kimisi h\u0259y\u0259tind\u0259ki a\u011faclar\u0131 k\u0259sir, kimisi ma\u015f\u0131nla odun al\u0131r, imkan\u0131 olmayanlar da qon\u015fu qap\u0131lar\u0131n\u0131 d\u00f6y\u00fcr:<\/p>\n\n\n\n<p>\u201cMe\u015f\u0259y\u0259 giri\u015fimizi d\u0259 qada\u011fan edibl\u0259r. Me\u015f\u0259d\u0259n quru \u00e7\u00f6p g\u00f6t\u00fcr\u00fcb evin\u0259 g\u0259tir\u0259ni d\u0259 ora-bura \u00e7\u0259kib sor\u011fu-sual edirl\u0259r. Bir az i\u015f\u0131q c\u0259h\u0259td\u0259n problem yoxdur. Ancaq m\u0259cburuq ki, istiliyi elektrik cihazlar\u0131 qo\u015fmaqla t\u0259min ed\u0259k. Bu is\u0259 o dem\u0259kdir ki, bir azdan elektrik kabell\u0259rimiz d\u0259 y\u00fckl\u0259nm\u0259y\u0259 d\u00f6zm\u0259yib s\u0131radan \u00e7\u0131xacaq. Bir s\u00f6zl\u0259, adamlar bel\u0259 ya\u015famaqdan bezib\u201d.<\/p>\n\n\n\n<figure class=\"wp-block-image size-large\"><img decoding=\"async\" width=\"821\" height=\"821\" data-src=\"https:\/\/www.meydan.tv\/wp-content\/uploads\/photo-2022-10-10-15-12-38-821x821.jpg\" alt=\"\" class=\"wp-image-258100 lazyload\" src=\"data:image\/svg+xml;base64,PHN2ZyB3aWR0aD0iMSIgaGVpZ2h0PSIxIiB4bWxucz0iaHR0cDovL3d3dy53My5vcmcvMjAwMC9zdmciPjwvc3ZnPg==\" style=\"--smush-placeholder-width: 821px; --smush-placeholder-aspect-ratio: 821\/821;\" \/><\/figure>\n\n\n\n<p>L\u0259nk\u0259ran \u015e\u0259h\u0259r \u0130cra Hakimiyy\u0259tind\u0259n Meydan TV-y\u0259 bildirilib ki, avqustun 17-d\u0259 icra ba\u015f\u00e7\u0131s\u0131 Taleh Qara\u015fov G\u0259giranda s\u0259yyar g\u00f6r\u00fc\u015f ke\u00e7irib, k\u0259nd sakinl\u0259rinin probleml\u0259rini dinl\u0259yib. Bu probleml\u0259rin aradan qald\u0131r\u0131lmas\u0131 \u00fc\u00e7\u00fcn aidiyy\u0259ti qurumlara m\u00fcraci\u0259t olunub.<\/p>\n\n\n\n<figure class=\"wp-block-image size-large\"><img decoding=\"async\" width=\"821\" height=\"821\" data-src=\"https:\/\/www.meydan.tv\/wp-content\/uploads\/photo-2022-10-10-15-12-21-821x821.jpg\" alt=\"\" class=\"wp-image-258109 lazyload\" src=\"data:image\/svg+xml;base64,PHN2ZyB3aWR0aD0iMSIgaGVpZ2h0PSIxIiB4bWxucz0iaHR0cDovL3d3dy53My5vcmcvMjAwMC9zdmciPjwvc3ZnPg==\" style=\"--smush-placeholder-width: 821px; --smush-placeholder-aspect-ratio: 821\/821;\" \/><\/figure>\n","protected":false},"excerpt":{"rendered":"<p>Sakinl\u0259rin dem\u0259sin\u0259 g\u00f6r\u0259, g\u0259nc n\u0259sil k\u0259ndd\u0259ki sosial probleml\u0259rd\u0259n bezib ba\u015fqa &#8230; <\/p>\n<p class=\"read-more-container\"><a title=\"G\u0259giranl\u0131lar: \u201cBir azdan k\u0259ndd\u0259 adam qalmayacaq\u201d\" class=\"read-more button\" href=\"https:\/\/www.meydan.tv\/az\/article\/gegiranlilar-bir-azdan-kendde-adam-qalmayacaq\/#more-258115\" aria-label=\"Read more about G\u0259giranl\u0131lar: \u201cBir azdan k\u0259ndd\u0259 adam qalmayacaq\u201d\">Davam\u0131<\/a><\/p>\n","protected":false},"author":8,"featured_media":258097,"comment_status":"closed","ping_status":"closed","sticky":false,"template":"","format":"standard","meta":{"_acf_changed":false,"_sitemap_exclude":false,"_sitemap_priority":"","_sitemap_frequency":"","footnotes":""},"categories":[60,79,56],"tags":[],"class_list":["post-258115","post","type-post","status-publish","format-standard","has-post-thumbnail","hentry","category-bolge","category-featured","category-xeberler","infinite-scroll-item","generate-columns","tablet-grid-50","mobile-grid-100","grid-parent","grid-33","no-featured-image-padding"],"acf":[],"yoast_head":"<!-- This site is optimized with the Yoast SEO plugin v27.5 - https:\/\/yoast.com\/product\/yoast-seo-wordpress\/ -->\n<title>G\u0259giranl\u0131lar: \u201cBir azdan k\u0259ndd\u0259 adam qalmayacaq\u201d - MEYDAN.TV<\/title>\n<meta name=\"robots\" content=\"index, follow, max-snippet:-1, max-image-preview:large, max-video-preview:-1\" \/>\n<link rel=\"canonical\" href=\"https:\/\/www.meydan.tv\/az\/article\/gegiranlilar-bir-azdan-kendde-adam-qalmayacaq\/\" \/>\n<meta property=\"og:locale\" content=\"az_AZ\" \/>\n<meta property=\"og:type\" content=\"article\" \/>\n<meta property=\"og:title\" content=\"G\u0259giranl\u0131lar: \u201cBir azdan k\u0259ndd\u0259 adam qalmayacaq\u201d - MEYDAN.TV\" \/>\n<meta property=\"og:description\" content=\"Sakinl\u0259rin dem\u0259sin\u0259 g\u00f6r\u0259, g\u0259nc n\u0259sil k\u0259ndd\u0259ki sosial probleml\u0259rd\u0259n bezib ba\u015fqa ... Davam\u0131\" \/>\n<meta property=\"og:url\" content=\"https:\/\/www.meydan.tv\/az\/article\/gegiranlilar-bir-azdan-kendde-adam-qalmayacaq\/\" \/>\n<meta property=\"og:site_name\" content=\"MEYDAN.TV\" \/>\n<meta property=\"article:published_time\" content=\"2022-10-12T12:35:59+00:00\" \/>\n<meta property=\"article:modified_time\" content=\"2022-10-12T12:39:14+00:00\" \/>\n<meta property=\"og:image\" content=\"https:\/\/www.meydan.tv\/wp-content\/uploads\/photo-2022-10-10-15-12-27-e1665578338555.jpg\" \/>\n\t<meta property=\"og:image:width\" content=\"1200\" \/>\n\t<meta property=\"og:image:height\" content=\"843\" \/>\n\t<meta property=\"og:image:type\" content=\"image\/jpeg\" \/>\n<meta name=\"author\" content=\"elli\" \/>\n<meta name=\"twitter:card\" content=\"summary_large_image\" \/>\n<meta name=\"twitter:creator\" content=\"@elli\" \/>\n<script type=\"application\/ld+json\" class=\"yoast-schema-graph\">{\"@context\":\"https:\\\/\\\/schema.org\",\"@graph\":[{\"@type\":\"Article\",\"@id\":\"https:\\\/\\\/www.meydan.tv\\\/az\\\/article\\\/gegiranlilar-bir-azdan-kendde-adam-qalmayacaq\\\/#article\",\"isPartOf\":{\"@id\":\"https:\\\/\\\/www.meydan.tv\\\/az\\\/article\\\/gegiranlilar-bir-azdan-kendde-adam-qalmayacaq\\\/\"},\"author\":{\"name\":\"elli\",\"@id\":\"https:\\\/\\\/www.meydan.tv\\\/az\\\/#\\\/schema\\\/person\\\/9cdbecf90d17180ce1dfbd95b08dcf47\"},\"headline\":\"G\u0259giranl\u0131lar: \u201cBir azdan k\u0259ndd\u0259 adam qalmayacaq\u201d\",\"datePublished\":\"2022-10-12T12:35:59+00:00\",\"dateModified\":\"2022-10-12T12:39:14+00:00\",\"mainEntityOfPage\":{\"@id\":\"https:\\\/\\\/www.meydan.tv\\\/az\\\/article\\\/gegiranlilar-bir-azdan-kendde-adam-qalmayacaq\\\/\"},\"wordCount\":702,\"publisher\":{\"@id\":\"https:\\\/\\\/www.meydan.tv\\\/az\\\/#organization\"},\"image\":{\"@id\":\"https:\\\/\\\/www.meydan.tv\\\/az\\\/article\\\/gegiranlilar-bir-azdan-kendde-adam-qalmayacaq\\\/#primaryimage\"},\"thumbnailUrl\":\"https:\\\/\\\/www.meydan.tv\\\/wp-content\\\/uploads\\\/photo-2022-10-10-15-12-27-e1665578338555.jpg\",\"articleSection\":[\"B\u00f6lg\u0259\",\"T\u00f6vsiy\u0259\",\"X\u0259b\u0259rl\u0259r\"],\"inLanguage\":\"az\"},{\"@type\":\"WebPage\",\"@id\":\"https:\\\/\\\/www.meydan.tv\\\/az\\\/article\\\/gegiranlilar-bir-azdan-kendde-adam-qalmayacaq\\\/\",\"url\":\"https:\\\/\\\/www.meydan.tv\\\/az\\\/article\\\/gegiranlilar-bir-azdan-kendde-adam-qalmayacaq\\\/\",\"name\":\"G\u0259giranl\u0131lar: \u201cBir azdan k\u0259ndd\u0259 adam qalmayacaq\u201d - MEYDAN.TV\",\"isPartOf\":{\"@id\":\"https:\\\/\\\/www.meydan.tv\\\/az\\\/#website\"},\"primaryImageOfPage\":{\"@id\":\"https:\\\/\\\/www.meydan.tv\\\/az\\\/article\\\/gegiranlilar-bir-azdan-kendde-adam-qalmayacaq\\\/#primaryimage\"},\"image\":{\"@id\":\"https:\\\/\\\/www.meydan.tv\\\/az\\\/article\\\/gegiranlilar-bir-azdan-kendde-adam-qalmayacaq\\\/#primaryimage\"},\"thumbnailUrl\":\"https:\\\/\\\/www.meydan.tv\\\/wp-content\\\/uploads\\\/photo-2022-10-10-15-12-27-e1665578338555.jpg\",\"datePublished\":\"2022-10-12T12:35:59+00:00\",\"dateModified\":\"2022-10-12T12:39:14+00:00\",\"breadcrumb\":{\"@id\":\"https:\\\/\\\/www.meydan.tv\\\/az\\\/article\\\/gegiranlilar-bir-azdan-kendde-adam-qalmayacaq\\\/#breadcrumb\"},\"inLanguage\":\"az\",\"potentialAction\":[{\"@type\":\"ReadAction\",\"target\":[\"https:\\\/\\\/www.meydan.tv\\\/az\\\/article\\\/gegiranlilar-bir-azdan-kendde-adam-qalmayacaq\\\/\"]}]},{\"@type\":\"ImageObject\",\"inLanguage\":\"az\",\"@id\":\"https:\\\/\\\/www.meydan.tv\\\/az\\\/article\\\/gegiranlilar-bir-azdan-kendde-adam-qalmayacaq\\\/#primaryimage\",\"url\":\"https:\\\/\\\/www.meydan.tv\\\/wp-content\\\/uploads\\\/photo-2022-10-10-15-12-27-e1665578338555.jpg\",\"contentUrl\":\"https:\\\/\\\/www.meydan.tv\\\/wp-content\\\/uploads\\\/photo-2022-10-10-15-12-27-e1665578338555.jpg\",\"width\":1200,\"height\":843,\"caption\":\"G\u0259giran k\u0259ndi. Fotolar: Meydan TV\"},{\"@type\":\"BreadcrumbList\",\"@id\":\"https:\\\/\\\/www.meydan.tv\\\/az\\\/article\\\/gegiranlilar-bir-azdan-kendde-adam-qalmayacaq\\\/#breadcrumb\",\"itemListElement\":[{\"@type\":\"ListItem\",\"position\":1,\"name\":\"Ana s\u0259hif\u0259\",\"item\":\"https:\\\/\\\/www.meydan.tv\\\/az\\\/\"},{\"@type\":\"ListItem\",\"position\":2,\"name\":\"B\u00f6lg\u0259\",\"item\":\"https:\\\/\\\/www.meydan.tv\\\/az\\\/section\\\/bolge\\\/\"},{\"@type\":\"ListItem\",\"position\":3,\"name\":\"G\u0259giranl\u0131lar: \u201cBir azdan k\u0259ndd\u0259 adam qalmayacaq\u201d\"}]},{\"@type\":\"WebSite\",\"@id\":\"https:\\\/\\\/www.meydan.tv\\\/az\\\/#website\",\"url\":\"https:\\\/\\\/www.meydan.tv\\\/az\\\/\",\"name\":\"MEYDAN.TV\",\"description\":\"Meydan TV Az\u0259rbaycan\u0131n media m\u0259kan\u0131ndak\u0131 alternativ s\u0259sidir\",\"publisher\":{\"@id\":\"https:\\\/\\\/www.meydan.tv\\\/az\\\/#organization\"},\"potentialAction\":[{\"@type\":\"SearchAction\",\"target\":{\"@type\":\"EntryPoint\",\"urlTemplate\":\"https:\\\/\\\/www.meydan.tv\\\/az\\\/?s={search_term_string}\"},\"query-input\":{\"@type\":\"PropertyValueSpecification\",\"valueRequired\":true,\"valueName\":\"search_term_string\"}}],\"inLanguage\":\"az\"},{\"@type\":\"Organization\",\"@id\":\"https:\\\/\\\/www.meydan.tv\\\/az\\\/#organization\",\"name\":\"Meydan TV\",\"url\":\"https:\\\/\\\/www.meydan.tv\\\/az\\\/\",\"logo\":{\"@type\":\"ImageObject\",\"inLanguage\":\"az\",\"@id\":\"https:\\\/\\\/www.meydan.tv\\\/az\\\/#\\\/schema\\\/logo\\\/image\\\/\",\"url\":\"https:\\\/\\\/www.meydan.tv\\\/wp-content\\\/uploads\\\/2021\\\/07\\\/meydan-logo.svg\",\"contentUrl\":\"https:\\\/\\\/www.meydan.tv\\\/wp-content\\\/uploads\\\/2021\\\/07\\\/meydan-logo.svg\",\"width\":195,\"height\":46,\"caption\":\"Meydan TV\"},\"image\":{\"@id\":\"https:\\\/\\\/www.meydan.tv\\\/az\\\/#\\\/schema\\\/logo\\\/image\\\/\"}},{\"@type\":\"Person\",\"@id\":\"https:\\\/\\\/www.meydan.tv\\\/az\\\/#\\\/schema\\\/person\\\/9cdbecf90d17180ce1dfbd95b08dcf47\",\"name\":\"elli\",\"sameAs\":[\"https:\\\/\\\/x.com\\\/elli\"]}]}<\/script>\n<!-- \/ Yoast SEO plugin. -->","yoast_head_json":{"title":"G\u0259giranl\u0131lar: \u201cBir azdan k\u0259ndd\u0259 adam qalmayacaq\u201d - MEYDAN.TV","robots":{"index":"index","follow":"follow","max-snippet":"max-snippet:-1","max-image-preview":"max-image-preview:large","max-video-preview":"max-video-preview:-1"},"canonical":"https:\/\/www.meydan.tv\/az\/article\/gegiranlilar-bir-azdan-kendde-adam-qalmayacaq\/","og_locale":"az_AZ","og_type":"article","og_title":"G\u0259giranl\u0131lar: \u201cBir azdan k\u0259ndd\u0259 adam qalmayacaq\u201d - MEYDAN.TV","og_description":"Sakinl\u0259rin dem\u0259sin\u0259 g\u00f6r\u0259, g\u0259nc n\u0259sil k\u0259ndd\u0259ki sosial probleml\u0259rd\u0259n bezib ba\u015fqa ... Davam\u0131","og_url":"https:\/\/www.meydan.tv\/az\/article\/gegiranlilar-bir-azdan-kendde-adam-qalmayacaq\/","og_site_name":"MEYDAN.TV","article_published_time":"2022-10-12T12:35:59+00:00","article_modified_time":"2022-10-12T12:39:14+00:00","og_image":[{"width":1200,"height":843,"url":"https:\/\/www.meydan.tv\/wp-content\/uploads\/photo-2022-10-10-15-12-27-e1665578338555.jpg","type":"image\/jpeg"}],"author":"elli","twitter_card":"summary_large_image","twitter_creator":"@elli","schema":{"@context":"https:\/\/schema.org","@graph":[{"@type":"Article","@id":"https:\/\/www.meydan.tv\/az\/article\/gegiranlilar-bir-azdan-kendde-adam-qalmayacaq\/#article","isPartOf":{"@id":"https:\/\/www.meydan.tv\/az\/article\/gegiranlilar-bir-azdan-kendde-adam-qalmayacaq\/"},"author":{"name":"elli","@id":"https:\/\/www.meydan.tv\/az\/#\/schema\/person\/9cdbecf90d17180ce1dfbd95b08dcf47"},"headline":"G\u0259giranl\u0131lar: \u201cBir azdan k\u0259ndd\u0259 adam qalmayacaq\u201d","datePublished":"2022-10-12T12:35:59+00:00","dateModified":"2022-10-12T12:39:14+00:00","mainEntityOfPage":{"@id":"https:\/\/www.meydan.tv\/az\/article\/gegiranlilar-bir-azdan-kendde-adam-qalmayacaq\/"},"wordCount":702,"publisher":{"@id":"https:\/\/www.meydan.tv\/az\/#organization"},"image":{"@id":"https:\/\/www.meydan.tv\/az\/article\/gegiranlilar-bir-azdan-kendde-adam-qalmayacaq\/#primaryimage"},"thumbnailUrl":"https:\/\/www.meydan.tv\/wp-content\/uploads\/photo-2022-10-10-15-12-27-e1665578338555.jpg","articleSection":["B\u00f6lg\u0259","T\u00f6vsiy\u0259","X\u0259b\u0259rl\u0259r"],"inLanguage":"az"},{"@type":"WebPage","@id":"https:\/\/www.meydan.tv\/az\/article\/gegiranlilar-bir-azdan-kendde-adam-qalmayacaq\/","url":"https:\/\/www.meydan.tv\/az\/article\/gegiranlilar-bir-azdan-kendde-adam-qalmayacaq\/","name":"G\u0259giranl\u0131lar: \u201cBir azdan k\u0259ndd\u0259 adam qalmayacaq\u201d - MEYDAN.TV","isPartOf":{"@id":"https:\/\/www.meydan.tv\/az\/#website"},"primaryImageOfPage":{"@id":"https:\/\/www.meydan.tv\/az\/article\/gegiranlilar-bir-azdan-kendde-adam-qalmayacaq\/#primaryimage"},"image":{"@id":"https:\/\/www.meydan.tv\/az\/article\/gegiranlilar-bir-azdan-kendde-adam-qalmayacaq\/#primaryimage"},"thumbnailUrl":"https:\/\/www.meydan.tv\/wp-content\/uploads\/photo-2022-10-10-15-12-27-e1665578338555.jpg","datePublished":"2022-10-12T12:35:59+00:00","dateModified":"2022-10-12T12:39:14+00:00","breadcrumb":{"@id":"https:\/\/www.meydan.tv\/az\/article\/gegiranlilar-bir-azdan-kendde-adam-qalmayacaq\/#breadcrumb"},"inLanguage":"az","potentialAction":[{"@type":"ReadAction","target":["https:\/\/www.meydan.tv\/az\/article\/gegiranlilar-bir-azdan-kendde-adam-qalmayacaq\/"]}]},{"@type":"ImageObject","inLanguage":"az","@id":"https:\/\/www.meydan.tv\/az\/article\/gegiranlilar-bir-azdan-kendde-adam-qalmayacaq\/#primaryimage","url":"https:\/\/www.meydan.tv\/wp-content\/uploads\/photo-2022-10-10-15-12-27-e1665578338555.jpg","contentUrl":"https:\/\/www.meydan.tv\/wp-content\/uploads\/photo-2022-10-10-15-12-27-e1665578338555.jpg","width":1200,"height":843,"caption":"G\u0259giran k\u0259ndi. Fotolar: Meydan TV"},{"@type":"BreadcrumbList","@id":"https:\/\/www.meydan.tv\/az\/article\/gegiranlilar-bir-azdan-kendde-adam-qalmayacaq\/#breadcrumb","itemListElement":[{"@type":"ListItem","position":1,"name":"Ana s\u0259hif\u0259","item":"https:\/\/www.meydan.tv\/az\/"},{"@type":"ListItem","position":2,"name":"B\u00f6lg\u0259","item":"https:\/\/www.meydan.tv\/az\/section\/bolge\/"},{"@type":"ListItem","position":3,"name":"G\u0259giranl\u0131lar: \u201cBir azdan k\u0259ndd\u0259 adam qalmayacaq\u201d"}]},{"@type":"WebSite","@id":"https:\/\/www.meydan.tv\/az\/#website","url":"https:\/\/www.meydan.tv\/az\/","name":"MEYDAN.TV","description":"Meydan TV Az\u0259rbaycan\u0131n media m\u0259kan\u0131ndak\u0131 alternativ s\u0259sidir","publisher":{"@id":"https:\/\/www.meydan.tv\/az\/#organization"},"potentialAction":[{"@type":"SearchAction","target":{"@type":"EntryPoint","urlTemplate":"https:\/\/www.meydan.tv\/az\/?s={search_term_string}"},"query-input":{"@type":"PropertyValueSpecification","valueRequired":true,"valueName":"search_term_string"}}],"inLanguage":"az"},{"@type":"Organization","@id":"https:\/\/www.meydan.tv\/az\/#organization","name":"Meydan TV","url":"https:\/\/www.meydan.tv\/az\/","logo":{"@type":"ImageObject","inLanguage":"az","@id":"https:\/\/www.meydan.tv\/az\/#\/schema\/logo\/image\/","url":"https:\/\/www.meydan.tv\/wp-content\/uploads\/2021\/07\/meydan-logo.svg","contentUrl":"https:\/\/www.meydan.tv\/wp-content\/uploads\/2021\/07\/meydan-logo.svg","width":195,"height":46,"caption":"Meydan TV"},"image":{"@id":"https:\/\/www.meydan.tv\/az\/#\/schema\/logo\/image\/"}},{"@type":"Person","@id":"https:\/\/www.meydan.tv\/az\/#\/schema\/person\/9cdbecf90d17180ce1dfbd95b08dcf47","name":"elli","sameAs":["https:\/\/x.com\/elli"]}]}},"_links":{"self":[{"href":"https:\/\/www.meydan.tv\/az\/wp-json\/wp\/v2\/posts\/258115","targetHints":{"allow":["GET"]}}],"collection":[{"href":"https:\/\/www.meydan.tv\/az\/wp-json\/wp\/v2\/posts"}],"about":[{"href":"https:\/\/www.meydan.tv\/az\/wp-json\/wp\/v2\/types\/post"}],"author":[{"embeddable":true,"href":"https:\/\/www.meydan.tv\/az\/wp-json\/wp\/v2\/users\/8"}],"replies":[{"embeddable":true,"href":"https:\/\/www.meydan.tv\/az\/wp-json\/wp\/v2\/comments?post=258115"}],"version-history":[{"count":1,"href":"https:\/\/www.meydan.tv\/az\/wp-json\/wp\/v2\/posts\/258115\/revisions"}],"predecessor-version":[{"id":258116,"href":"https:\/\/www.meydan.tv\/az\/wp-json\/wp\/v2\/posts\/258115\/revisions\/258116"}],"wp:featuredmedia":[{"embeddable":true,"href":"https:\/\/www.meydan.tv\/az\/wp-json\/wp\/v2\/media\/258097"}],"wp:attachment":[{"href":"https:\/\/www.meydan.tv\/az\/wp-json\/wp\/v2\/media?parent=258115"}],"wp:term":[{"taxonomy":"category","embeddable":true,"href":"https:\/\/www.meydan.tv\/az\/wp-json\/wp\/v2\/categories?post=258115"},{"taxonomy":"post_tag","embeddable":true,"href":"https:\/\/www.meydan.tv\/az\/wp-json\/wp\/v2\/tags?post=258115"}],"curies":[{"name":"wp","href":"https:\/\/api.w.org\/{rel}","templated":true}]}}