{"id":258072,"date":"2022-10-12T14:52:24","date_gmt":"2022-10-12T10:52:24","guid":{"rendered":"https:\/\/www.meydan.tv\/?p=258072"},"modified":"2022-10-12T14:52:27","modified_gmt":"2022-10-12T10:52:27","slug":"tarkan-bir-milyonluq-konsertle-sehneye-qayidir","status":"publish","type":"post","link":"https:\/\/www.meydan.tv\/az\/article\/tarkan-bir-milyonluq-konsertle-sehneye-qayidir\/","title":{"rendered":"Tarkan bir milyonluq konsertl\u0259 s\u0259hn\u0259y\u0259 qay\u0131d\u0131r"},"content":{"rendered":"\n<p><em>Konsert Yeni il gec\u0259si Kiprd\u0259 ba\u015f tutacaq<\/em><\/p>\n\n\n\n<p>Pandemiya il\u0259 \u0259laq\u0259dar yarad\u0131c\u0131l\u0131\u011f\u0131na fasil\u0259 ver\u0259n t\u00fcrkiy\u0259li m\u00fc\u011f\u0259nni Tarkan yenid\u0259n s\u0259hn\u0259y\u0259 qay\u0131d\u0131r.<\/p>\n\n\n\n<p>S\u0259n\u0259t\u00e7inin Yeni il gec\u0259si Kiprd\u0259 bir milyon avroya konsert proqram\u0131 il\u0259 \u00e7\u0131x\u0131\u015f ed\u0259c\u0259yi <a href=\"https:\/\/www.karar.com\/hayat-haberleri\/izmirdeki-konserinin-gelirini-bagislayan-tarkan-yilbasinda-kibrista-1695585\">bildirilir<\/a>.<\/p>\n\n\n\n<p>M\u00fc\u011f\u0259nni 2022-ci il sentyabr\u0131n 9-da verdiyi konsertd\u0259n \u0259ld\u0259 etdiyi qonorar\u0131 T\u0259hsil K\u00f6n\u00fcll\u00fcl\u0259ri Fondu, \u201cB\u0259n\u00f6v\u015f\u0259yi dam\u201d Qad\u0131n S\u0131\u011f\u0131naca\u011f\u0131 Fondu v\u0259 \u201cDar\u00fc\u015f\u015fafaka\u201d T\u0259hsil M\u00fc\u0259ssis\u0259l\u0259rin\u0259 ba\u011f\u0131\u015flad\u0131\u011f\u0131 bildirilir.<\/p>\n\n\n\n<p>Tarkan pandemiya ba\u015flayandan yarad\u0131c\u0131l\u0131q f\u0259aliyy\u0259tini dayand\u0131raraq ail\u0259si il\u0259 birg\u0259 Almaniyaya k\u00f6\u00e7m\u00fc\u015fd\u00fc.<\/p>\n\n\n\n<p>M\u00fc\u011f\u0259nni ona edil\u0259n konsert t\u0259klifl\u0259rind\u0259n d\u0259 imtina edirdi.<\/p>\n\n\n\n<p>Bir ne\u00e7\u0259 illik fasil\u0259d\u0259n sonra 2022-ci ilin fevarl\u0131nda \u201cGe\u00e7\u00e7ek\u201d adl\u0131 klipi <a href=\"https:\/\/www.youtube.com\/watch?v=R6gSMSYKhKU\">yay\u0131mlan\u0131b<\/a>.<\/p>\n\n\n\n<p>M\u00fc\u011f\u0259nni yeni mahn\u0131s\u0131n\u0131 pandemiyaya, 2021-ci ilin iyul-avqust aylar\u0131nda T\u00fcrkiy\u0259d\u0259ki me\u015f\u0259 yan\u011f\u0131nlar\u0131na, \u00fcmumilikd\u0259, son bir ne\u00e7\u0259 ild\u0259 d\u00fcnyada ba\u015f ver\u0259n hadis\u0259l\u0259r\u0259 h\u0259sr etdiyini deyib.<\/p>\n\n\n\n<p>\u0130fa\u00e7\u0131n\u0131n klipi geni\u015f m\u00fczakir\u0259l\u0259r\u0259 s\u0259b\u0259b olub, h\u0259tta T\u00fcrkiy\u0259nin hakim \u018fdal\u0259t v\u0259 \u0130nki\u015faf Partiyas\u0131 (AKP) da mahn\u0131ya reaksiya <a href=\"https:\/\/d9mc3ts4czbpr.cloudfront.net\/az\/article\/tarkanin-yeni-mahnisina-hakim-partiyadan-reaksiya\/\">verib<\/a>.<\/p>\n","protected":false},"excerpt":{"rendered":"<p>Konsert Yeni il gec\u0259si Kiprd\u0259 ba\u015f tutacaq Pandemiya il\u0259 \u0259laq\u0259dar &#8230; <\/p>\n<p class=\"read-more-container\"><a title=\"Tarkan bir milyonluq konsertl\u0259 s\u0259hn\u0259y\u0259 qay\u0131d\u0131r\" class=\"read-more button\" href=\"https:\/\/www.meydan.tv\/az\/article\/tarkan-bir-milyonluq-konsertle-sehneye-qayidir\/#more-258072\" aria-label=\"Read more about Tarkan bir milyonluq konsertl\u0259 s\u0259hn\u0259y\u0259 qay\u0131d\u0131r\">Davam\u0131<\/a><\/p>\n","protected":false},"author":12,"featured_media":233550,"comment_status":"closed","ping_status":"closed","sticky":false,"template":"","format":"standard","meta":{"_acf_changed":false,"_sitemap_exclude":false,"_sitemap_priority":"","_sitemap_frequency":"","footnotes":""},"categories":[64,52,56],"tags":[],"class_list":["post-258072","post","type-post","status-publish","format-standard","has-post-thumbnail","hentry","category-dunya","category-medeniyyet","category-xeberler","infinite-scroll-item","generate-columns","tablet-grid-50","mobile-grid-100","grid-parent","grid-33","no-featured-image-padding"],"acf":[],"yoast_head":"<!-- This site is optimized with the Yoast SEO plugin v27.5 - https:\/\/yoast.com\/product\/yoast-seo-wordpress\/ -->\n<title>Tarkan bir milyonluq konsertl\u0259 s\u0259hn\u0259y\u0259 qay\u0131d\u0131r - MEYDAN.TV<\/title>\n<meta name=\"robots\" content=\"index, follow, max-snippet:-1, max-image-preview:large, max-video-preview:-1\" \/>\n<link rel=\"canonical\" href=\"https:\/\/www.meydan.tv\/az\/article\/tarkan-bir-milyonluq-konsertle-sehneye-qayidir\/\" \/>\n<meta property=\"og:locale\" content=\"az_AZ\" \/>\n<meta property=\"og:type\" content=\"article\" \/>\n<meta property=\"og:title\" content=\"Tarkan bir milyonluq konsertl\u0259 s\u0259hn\u0259y\u0259 qay\u0131d\u0131r - MEYDAN.TV\" \/>\n<meta property=\"og:description\" content=\"Konsert Yeni il gec\u0259si Kiprd\u0259 ba\u015f tutacaq Pandemiya il\u0259 \u0259laq\u0259dar ... Davam\u0131\" \/>\n<meta property=\"og:url\" content=\"https:\/\/www.meydan.tv\/az\/article\/tarkan-bir-milyonluq-konsertle-sehneye-qayidir\/\" \/>\n<meta property=\"og:site_name\" content=\"MEYDAN.TV\" \/>\n<meta property=\"article:published_time\" content=\"2022-10-12T10:52:24+00:00\" \/>\n<meta property=\"article:modified_time\" content=\"2022-10-12T10:52:27+00:00\" \/>\n<meta property=\"og:image\" content=\"https:\/\/www.meydan.tv\/wp-content\/uploads\/5b879692c03c0d00e47ca237-e1643809582735.jpeg\" \/>\n\t<meta property=\"og:image:width\" content=\"1200\" \/>\n\t<meta property=\"og:image:height\" content=\"501\" \/>\n\t<meta property=\"og:image:type\" content=\"image\/jpeg\" \/>\n<meta name=\"author\" content=\"aleks\" \/>\n<meta name=\"twitter:card\" content=\"summary_large_image\" \/>\n<script type=\"application\/ld+json\" class=\"yoast-schema-graph\">{\"@context\":\"https:\\\/\\\/schema.org\",\"@graph\":[{\"@type\":\"Article\",\"@id\":\"https:\\\/\\\/www.meydan.tv\\\/az\\\/article\\\/tarkan-bir-milyonluq-konsertle-sehneye-qayidir\\\/#article\",\"isPartOf\":{\"@id\":\"https:\\\/\\\/www.meydan.tv\\\/az\\\/article\\\/tarkan-bir-milyonluq-konsertle-sehneye-qayidir\\\/\"},\"author\":{\"name\":\"aleks\",\"@id\":\"https:\\\/\\\/www.meydan.tv\\\/az\\\/#\\\/schema\\\/person\\\/476e9360e593fa131d5d71d51866f8da\"},\"headline\":\"Tarkan bir milyonluq konsertl\u0259 s\u0259hn\u0259y\u0259 qay\u0131d\u0131r\",\"datePublished\":\"2022-10-12T10:52:24+00:00\",\"dateModified\":\"2022-10-12T10:52:27+00:00\",\"mainEntityOfPage\":{\"@id\":\"https:\\\/\\\/www.meydan.tv\\\/az\\\/article\\\/tarkan-bir-milyonluq-konsertle-sehneye-qayidir\\\/\"},\"wordCount\":226,\"publisher\":{\"@id\":\"https:\\\/\\\/www.meydan.tv\\\/az\\\/#organization\"},\"image\":{\"@id\":\"https:\\\/\\\/www.meydan.tv\\\/az\\\/article\\\/tarkan-bir-milyonluq-konsertle-sehneye-qayidir\\\/#primaryimage\"},\"thumbnailUrl\":\"https:\\\/\\\/www.meydan.tv\\\/wp-content\\\/uploads\\\/5b879692c03c0d00e47ca237-e1643809582735.jpeg\",\"articleSection\":[\"D\u00fcnya\",\"M\u0259d\u0259niyy\u0259t\",\"X\u0259b\u0259rl\u0259r\"],\"inLanguage\":\"az\"},{\"@type\":\"WebPage\",\"@id\":\"https:\\\/\\\/www.meydan.tv\\\/az\\\/article\\\/tarkan-bir-milyonluq-konsertle-sehneye-qayidir\\\/\",\"url\":\"https:\\\/\\\/www.meydan.tv\\\/az\\\/article\\\/tarkan-bir-milyonluq-konsertle-sehneye-qayidir\\\/\",\"name\":\"Tarkan bir milyonluq konsertl\u0259 s\u0259hn\u0259y\u0259 qay\u0131d\u0131r - MEYDAN.TV\",\"isPartOf\":{\"@id\":\"https:\\\/\\\/www.meydan.tv\\\/az\\\/#website\"},\"primaryImageOfPage\":{\"@id\":\"https:\\\/\\\/www.meydan.tv\\\/az\\\/article\\\/tarkan-bir-milyonluq-konsertle-sehneye-qayidir\\\/#primaryimage\"},\"image\":{\"@id\":\"https:\\\/\\\/www.meydan.tv\\\/az\\\/article\\\/tarkan-bir-milyonluq-konsertle-sehneye-qayidir\\\/#primaryimage\"},\"thumbnailUrl\":\"https:\\\/\\\/www.meydan.tv\\\/wp-content\\\/uploads\\\/5b879692c03c0d00e47ca237-e1643809582735.jpeg\",\"datePublished\":\"2022-10-12T10:52:24+00:00\",\"dateModified\":\"2022-10-12T10:52:27+00:00\",\"breadcrumb\":{\"@id\":\"https:\\\/\\\/www.meydan.tv\\\/az\\\/article\\\/tarkan-bir-milyonluq-konsertle-sehneye-qayidir\\\/#breadcrumb\"},\"inLanguage\":\"az\",\"potentialAction\":[{\"@type\":\"ReadAction\",\"target\":[\"https:\\\/\\\/www.meydan.tv\\\/az\\\/article\\\/tarkan-bir-milyonluq-konsertle-sehneye-qayidir\\\/\"]}]},{\"@type\":\"ImageObject\",\"inLanguage\":\"az\",\"@id\":\"https:\\\/\\\/www.meydan.tv\\\/az\\\/article\\\/tarkan-bir-milyonluq-konsertle-sehneye-qayidir\\\/#primaryimage\",\"url\":\"https:\\\/\\\/www.meydan.tv\\\/wp-content\\\/uploads\\\/5b879692c03c0d00e47ca237-e1643809582735.jpeg\",\"contentUrl\":\"https:\\\/\\\/www.meydan.tv\\\/wp-content\\\/uploads\\\/5b879692c03c0d00e47ca237-e1643809582735.jpeg\",\"width\":1200,\"height\":501,\"caption\":\"Tarkan Teveto\u011flu, Foto: https:\\\/\\\/www.hurriyetdailynews.com\\\/\"},{\"@type\":\"BreadcrumbList\",\"@id\":\"https:\\\/\\\/www.meydan.tv\\\/az\\\/article\\\/tarkan-bir-milyonluq-konsertle-sehneye-qayidir\\\/#breadcrumb\",\"itemListElement\":[{\"@type\":\"ListItem\",\"position\":1,\"name\":\"Ana s\u0259hif\u0259\",\"item\":\"https:\\\/\\\/www.meydan.tv\\\/az\\\/\"},{\"@type\":\"ListItem\",\"position\":2,\"name\":\"M\u0259d\u0259niyy\u0259t\",\"item\":\"https:\\\/\\\/www.meydan.tv\\\/az\\\/section\\\/medeniyyet\\\/\"},{\"@type\":\"ListItem\",\"position\":3,\"name\":\"Tarkan bir milyonluq konsertl\u0259 s\u0259hn\u0259y\u0259 qay\u0131d\u0131r\"}]},{\"@type\":\"WebSite\",\"@id\":\"https:\\\/\\\/www.meydan.tv\\\/az\\\/#website\",\"url\":\"https:\\\/\\\/www.meydan.tv\\\/az\\\/\",\"name\":\"MEYDAN.TV\",\"description\":\"Meydan TV Az\u0259rbaycan\u0131n media m\u0259kan\u0131ndak\u0131 alternativ s\u0259sidir\",\"publisher\":{\"@id\":\"https:\\\/\\\/www.meydan.tv\\\/az\\\/#organization\"},\"potentialAction\":[{\"@type\":\"SearchAction\",\"target\":{\"@type\":\"EntryPoint\",\"urlTemplate\":\"https:\\\/\\\/www.meydan.tv\\\/az\\\/?s={search_term_string}\"},\"query-input\":{\"@type\":\"PropertyValueSpecification\",\"valueRequired\":true,\"valueName\":\"search_term_string\"}}],\"inLanguage\":\"az\"},{\"@type\":\"Organization\",\"@id\":\"https:\\\/\\\/www.meydan.tv\\\/az\\\/#organization\",\"name\":\"Meydan TV\",\"url\":\"https:\\\/\\\/www.meydan.tv\\\/az\\\/\",\"logo\":{\"@type\":\"ImageObject\",\"inLanguage\":\"az\",\"@id\":\"https:\\\/\\\/www.meydan.tv\\\/az\\\/#\\\/schema\\\/logo\\\/image\\\/\",\"url\":\"https:\\\/\\\/www.meydan.tv\\\/wp-content\\\/uploads\\\/2021\\\/07\\\/meydan-logo.svg\",\"contentUrl\":\"https:\\\/\\\/www.meydan.tv\\\/wp-content\\\/uploads\\\/2021\\\/07\\\/meydan-logo.svg\",\"width\":195,\"height\":46,\"caption\":\"Meydan TV\"},\"image\":{\"@id\":\"https:\\\/\\\/www.meydan.tv\\\/az\\\/#\\\/schema\\\/logo\\\/image\\\/\"}},{\"@type\":\"Person\",\"@id\":\"https:\\\/\\\/www.meydan.tv\\\/az\\\/#\\\/schema\\\/person\\\/476e9360e593fa131d5d71d51866f8da\",\"name\":\"aleks\"}]}<\/script>\n<!-- \/ Yoast SEO plugin. -->","yoast_head_json":{"title":"Tarkan bir milyonluq konsertl\u0259 s\u0259hn\u0259y\u0259 qay\u0131d\u0131r - MEYDAN.TV","robots":{"index":"index","follow":"follow","max-snippet":"max-snippet:-1","max-image-preview":"max-image-preview:large","max-video-preview":"max-video-preview:-1"},"canonical":"https:\/\/www.meydan.tv\/az\/article\/tarkan-bir-milyonluq-konsertle-sehneye-qayidir\/","og_locale":"az_AZ","og_type":"article","og_title":"Tarkan bir milyonluq konsertl\u0259 s\u0259hn\u0259y\u0259 qay\u0131d\u0131r - MEYDAN.TV","og_description":"Konsert Yeni il gec\u0259si Kiprd\u0259 ba\u015f tutacaq Pandemiya il\u0259 \u0259laq\u0259dar ... Davam\u0131","og_url":"https:\/\/www.meydan.tv\/az\/article\/tarkan-bir-milyonluq-konsertle-sehneye-qayidir\/","og_site_name":"MEYDAN.TV","article_published_time":"2022-10-12T10:52:24+00:00","article_modified_time":"2022-10-12T10:52:27+00:00","og_image":[{"width":1200,"height":501,"url":"https:\/\/www.meydan.tv\/wp-content\/uploads\/5b879692c03c0d00e47ca237-e1643809582735.jpeg","type":"image\/jpeg"}],"author":"aleks","twitter_card":"summary_large_image","schema":{"@context":"https:\/\/schema.org","@graph":[{"@type":"Article","@id":"https:\/\/www.meydan.tv\/az\/article\/tarkan-bir-milyonluq-konsertle-sehneye-qayidir\/#article","isPartOf":{"@id":"https:\/\/www.meydan.tv\/az\/article\/tarkan-bir-milyonluq-konsertle-sehneye-qayidir\/"},"author":{"name":"aleks","@id":"https:\/\/www.meydan.tv\/az\/#\/schema\/person\/476e9360e593fa131d5d71d51866f8da"},"headline":"Tarkan bir milyonluq konsertl\u0259 s\u0259hn\u0259y\u0259 qay\u0131d\u0131r","datePublished":"2022-10-12T10:52:24+00:00","dateModified":"2022-10-12T10:52:27+00:00","mainEntityOfPage":{"@id":"https:\/\/www.meydan.tv\/az\/article\/tarkan-bir-milyonluq-konsertle-sehneye-qayidir\/"},"wordCount":226,"publisher":{"@id":"https:\/\/www.meydan.tv\/az\/#organization"},"image":{"@id":"https:\/\/www.meydan.tv\/az\/article\/tarkan-bir-milyonluq-konsertle-sehneye-qayidir\/#primaryimage"},"thumbnailUrl":"https:\/\/www.meydan.tv\/wp-content\/uploads\/5b879692c03c0d00e47ca237-e1643809582735.jpeg","articleSection":["D\u00fcnya","M\u0259d\u0259niyy\u0259t","X\u0259b\u0259rl\u0259r"],"inLanguage":"az"},{"@type":"WebPage","@id":"https:\/\/www.meydan.tv\/az\/article\/tarkan-bir-milyonluq-konsertle-sehneye-qayidir\/","url":"https:\/\/www.meydan.tv\/az\/article\/tarkan-bir-milyonluq-konsertle-sehneye-qayidir\/","name":"Tarkan bir milyonluq konsertl\u0259 s\u0259hn\u0259y\u0259 qay\u0131d\u0131r - MEYDAN.TV","isPartOf":{"@id":"https:\/\/www.meydan.tv\/az\/#website"},"primaryImageOfPage":{"@id":"https:\/\/www.meydan.tv\/az\/article\/tarkan-bir-milyonluq-konsertle-sehneye-qayidir\/#primaryimage"},"image":{"@id":"https:\/\/www.meydan.tv\/az\/article\/tarkan-bir-milyonluq-konsertle-sehneye-qayidir\/#primaryimage"},"thumbnailUrl":"https:\/\/www.meydan.tv\/wp-content\/uploads\/5b879692c03c0d00e47ca237-e1643809582735.jpeg","datePublished":"2022-10-12T10:52:24+00:00","dateModified":"2022-10-12T10:52:27+00:00","breadcrumb":{"@id":"https:\/\/www.meydan.tv\/az\/article\/tarkan-bir-milyonluq-konsertle-sehneye-qayidir\/#breadcrumb"},"inLanguage":"az","potentialAction":[{"@type":"ReadAction","target":["https:\/\/www.meydan.tv\/az\/article\/tarkan-bir-milyonluq-konsertle-sehneye-qayidir\/"]}]},{"@type":"ImageObject","inLanguage":"az","@id":"https:\/\/www.meydan.tv\/az\/article\/tarkan-bir-milyonluq-konsertle-sehneye-qayidir\/#primaryimage","url":"https:\/\/www.meydan.tv\/wp-content\/uploads\/5b879692c03c0d00e47ca237-e1643809582735.jpeg","contentUrl":"https:\/\/www.meydan.tv\/wp-content\/uploads\/5b879692c03c0d00e47ca237-e1643809582735.jpeg","width":1200,"height":501,"caption":"Tarkan Teveto\u011flu, Foto: https:\/\/www.hurriyetdailynews.com\/"},{"@type":"BreadcrumbList","@id":"https:\/\/www.meydan.tv\/az\/article\/tarkan-bir-milyonluq-konsertle-sehneye-qayidir\/#breadcrumb","itemListElement":[{"@type":"ListItem","position":1,"name":"Ana s\u0259hif\u0259","item":"https:\/\/www.meydan.tv\/az\/"},{"@type":"ListItem","position":2,"name":"M\u0259d\u0259niyy\u0259t","item":"https:\/\/www.meydan.tv\/az\/section\/medeniyyet\/"},{"@type":"ListItem","position":3,"name":"Tarkan bir milyonluq konsertl\u0259 s\u0259hn\u0259y\u0259 qay\u0131d\u0131r"}]},{"@type":"WebSite","@id":"https:\/\/www.meydan.tv\/az\/#website","url":"https:\/\/www.meydan.tv\/az\/","name":"MEYDAN.TV","description":"Meydan TV Az\u0259rbaycan\u0131n media m\u0259kan\u0131ndak\u0131 alternativ s\u0259sidir","publisher":{"@id":"https:\/\/www.meydan.tv\/az\/#organization"},"potentialAction":[{"@type":"SearchAction","target":{"@type":"EntryPoint","urlTemplate":"https:\/\/www.meydan.tv\/az\/?s={search_term_string}"},"query-input":{"@type":"PropertyValueSpecification","valueRequired":true,"valueName":"search_term_string"}}],"inLanguage":"az"},{"@type":"Organization","@id":"https:\/\/www.meydan.tv\/az\/#organization","name":"Meydan TV","url":"https:\/\/www.meydan.tv\/az\/","logo":{"@type":"ImageObject","inLanguage":"az","@id":"https:\/\/www.meydan.tv\/az\/#\/schema\/logo\/image\/","url":"https:\/\/www.meydan.tv\/wp-content\/uploads\/2021\/07\/meydan-logo.svg","contentUrl":"https:\/\/www.meydan.tv\/wp-content\/uploads\/2021\/07\/meydan-logo.svg","width":195,"height":46,"caption":"Meydan TV"},"image":{"@id":"https:\/\/www.meydan.tv\/az\/#\/schema\/logo\/image\/"}},{"@type":"Person","@id":"https:\/\/www.meydan.tv\/az\/#\/schema\/person\/476e9360e593fa131d5d71d51866f8da","name":"aleks"}]}},"_links":{"self":[{"href":"https:\/\/www.meydan.tv\/az\/wp-json\/wp\/v2\/posts\/258072","targetHints":{"allow":["GET"]}}],"collection":[{"href":"https:\/\/www.meydan.tv\/az\/wp-json\/wp\/v2\/posts"}],"about":[{"href":"https:\/\/www.meydan.tv\/az\/wp-json\/wp\/v2\/types\/post"}],"author":[{"embeddable":true,"href":"https:\/\/www.meydan.tv\/az\/wp-json\/wp\/v2\/users\/12"}],"replies":[{"embeddable":true,"href":"https:\/\/www.meydan.tv\/az\/wp-json\/wp\/v2\/comments?post=258072"}],"version-history":[{"count":1,"href":"https:\/\/www.meydan.tv\/az\/wp-json\/wp\/v2\/posts\/258072\/revisions"}],"predecessor-version":[{"id":258073,"href":"https:\/\/www.meydan.tv\/az\/wp-json\/wp\/v2\/posts\/258072\/revisions\/258073"}],"wp:featuredmedia":[{"embeddable":true,"href":"https:\/\/www.meydan.tv\/az\/wp-json\/wp\/v2\/media\/233550"}],"wp:attachment":[{"href":"https:\/\/www.meydan.tv\/az\/wp-json\/wp\/v2\/media?parent=258072"}],"wp:term":[{"taxonomy":"category","embeddable":true,"href":"https:\/\/www.meydan.tv\/az\/wp-json\/wp\/v2\/categories?post=258072"},{"taxonomy":"post_tag","embeddable":true,"href":"https:\/\/www.meydan.tv\/az\/wp-json\/wp\/v2\/tags?post=258072"}],"curies":[{"name":"wp","href":"https:\/\/api.w.org\/{rel}","templated":true}]}}