{"id":258014,"date":"2022-10-11T16:14:20","date_gmt":"2022-10-11T12:14:20","guid":{"rendered":"https:\/\/www.meydan.tv\/?p=258014"},"modified":"2022-10-11T16:14:26","modified_gmt":"2022-10-11T12:14:26","slug":"valideyn-kimi-isteyimizdir-ki-ovladimizin-adi-ebedilesdirilsin","status":"publish","type":"post","link":"https:\/\/www.meydan.tv\/az\/article\/valideyn-kimi-isteyimizdir-ki-ovladimizin-adi-ebedilesdirilsin\/","title":{"rendered":"\u201cValideyn kimi ist\u0259yimizdir ki, \u00f6vlad\u0131m\u0131z\u0131n ad\u0131 \u0259b\u0259dil\u0259\u015fdirilsin\u201d"},"content":{"rendered":"\n<p><\/p>\n\n\n\n<p><em>\u015e\u0259hid adlar\u0131n\u0131n\u0131n \u0259b\u0259dil\u0259\u015fdirilm\u0259si hans\u0131 hallarda m\u00fcmk\u00fcnd\u00fcr?<\/em><\/p>\n\n\n\n<p>\u201c\u018fn b\u00f6y\u00fck arzum budur ki, \u015f\u0259hid o\u011flumun ad\u0131 itm\u0259sin, ya\u015fas\u0131n. O\u011flum b\u00f6y\u00fck q\u0259hr\u0259man \u00f6vlad olub. Ba\u015f k\u0259\u015ffiyyat\u00e7\u0131 olaraq h\u0259m d\u00f6y\u00fc\u015fl\u0259rd\u0259, h\u0259m dronla pe\u015f\u0259kar i\u015f qabiliyy\u0259tind\u0259, h\u0259m d\u0259 \u0259sg\u0259rl\u0259rin\u0259 qar\u015f\u0131 insani m\u00fcnasib\u0259td\u0259 f\u0259rqli olub. \u018fsg\u0259rl\u0259ri bel\u0259 deyirdi ki, o\u011flum ikinci Polad H\u0259\u015fimov idi\u201d.<\/p>\n\n\n\n<p>Balak\u0259n sakini, 44 g\u00fcnl\u00fck \u0130kinci Qaraba\u011f m\u00fcharib\u0259sind\u0259 h\u0259yat\u0131n\u0131 itirmi\u015f Harun Alqayevin anas\u0131 Kifay\u0259t Alqayeva bel\u0259 deyir. O, o\u011flunun ad\u0131n\u0131n \u0259b\u0259dil\u0259\u015fdirilm\u0259sini ist\u0259yir:<\/p>\n\n\n\n<p>\u201cCibind\u0259ki pulu \u0259sg\u0259rl\u0259rin\u0259 x\u0259rcl\u0259yib, dig\u0259rl\u0259ri kimi \u0259sg\u0259rd\u0259n pul almay\u0131b. \u00d6z arzusu il\u0259 h\u0259rb\u00e7i, k\u0259\u015ffiyyat\u00e7\u0131 olub. Ali h\u0259rbi t\u0259hsili vard\u0131. Milli Q\u0259hr\u0259man ad\u0131na layiq o\u011fludur. Biz demirik bunu, ke\u00e7diyi d\u00f6y\u00fc\u015f yolu, h\u0259rb\u00e7i yolda\u015flar\u0131 deyir. Haz\u0131rda m\u0259ni Balak\u0259nd\u0259 q\u0259hr\u0259man\u0131n anas\u0131 dey\u0259 \u00e7a\u011f\u0131r\u0131rlar. Camaat\u0131n dilind\u0259dir \u00f6vlad\u0131m. \u00dcm\u00fcd edirik ki, m\u00fcraci\u0259timiz\u0259 m\u00fcsb\u0259t cavab g\u0259l\u0259r v\u0259 o\u011flumuzun ad\u0131 m\u0259kt\u0259b\u0259 veril\u0259r&#8221;.<\/p>\n\n\n\n<p><strong>\u201cU\u015faqlar\u0131n t\u0259hsil ald\u0131\u011f\u0131 yerd\u0259n o\u011flumun ad\u0131 \u00e7\u0259kilsin\u201d<\/strong><\/p>\n\n\n\n<p>Kifay\u0259t Alqayevan\u0131n dig\u0259r \u00f6vlad\u0131 da m\u00fcharib\u0259 qazisidir. \u0130ki \u00f6vlad\u0131n\u0131n V\u0259t\u0259n \u00fc\u00e7\u00fcn d\u00f6y\u00fc\u015fd\u00fcy\u00fcn\u00fc, Harun Alqayevin layiq g\u00f6r\u00fcld\u00fcy\u00fc 8 medal, bir bayraq ordenini \u0259sas g\u0259tir\u0259n ana deyir ki, qanun o\u011flunun ad\u0131n\u0131n \u0259b\u0259dil\u0259\u015fdirilm\u0259sin\u0259 imkan verir. O, \u00f6vlad\u0131n\u0131n ad\u0131n\u0131n oxudu\u011fu orta m\u0259kt\u0259b\u0259 verilm\u0259sini arzulay\u0131r.<\/p>\n\n\n\n<p>Harun Alqayev 28 ya\u015f\u0131nda h\u0259yat\u0131n\u0131 itirib. Heyd\u0259r \u018fliyev ad\u0131na Az\u0259rbaycan Ali H\u0259rbi M\u0259kt\u0259bind\u0259 t\u0259hsilini ba\u015fa vurub, 2015-ci ild\u0259 leytenant r\u00fctb\u0259si alaraq Goranboy rayonundak\u0131 \u201cN\u201dsayl\u0131 h\u0259rbi hiss\u0259d\u0259 k\u0259\u015ffiyyat ta\u011f\u0131m komandiri kimi \u00e7al\u0131\u015f\u0131b. Bir il sonra m\u00fc\u015fahid\u0259 k\u0259\u015ffiyyat ta\u011f\u0131m komandiri, 2018-ci ild\u0259 is\u0259 ba\u015f leytenant r\u00fctb\u0259sin\u0259 layiq g\u00f6r\u00fcl\u00fcb.<\/p>\n\n\n\n<figure class=\"wp-block-image size-full\"><img decoding=\"async\" width=\"1200\" height=\"800\" data-src=\"https:\/\/www.meydan.tv\/wp-content\/uploads\/untitled-design-2-49.jpg\" alt=\"\" class=\"wp-image-258004 lazyload\" src=\"data:image\/svg+xml;base64,PHN2ZyB3aWR0aD0iMSIgaGVpZ2h0PSIxIiB4bWxucz0iaHR0cDovL3d3dy53My5vcmcvMjAwMC9zdmciPjwvc3ZnPg==\" style=\"--smush-placeholder-width: 1200px; --smush-placeholder-aspect-ratio: 1200\/800;\" \/><figcaption>Kifay\u0259t Alqayeva \u00f6vlad\u0131n\u0131n m\u0259zar\u0131 ba\u015f\u0131nda<\/figcaption><\/figure>\n\n\n\n<p>T\u0259rc\u00fcmeyi-hal\u0131nda g\u00f6st\u0259rilir ki, Harun Alqayev bu m\u00fcdd\u0259t \u0259rzind\u0259 pe\u015f\u0259kar k\u0259\u015ffiyyat\u00e7\u0131 kimi yeti\u015fib v\u0259 \u0259n a\u011f\u0131r \u0259m\u0259liyyatlar\u0131 h\u0259yata ke\u00e7irib. 2020-ci ilin mart\u0131nda k\u0259\u015ffiyyat b\u00f6l\u00fcy\u00fcn\u00fcn komandiri v\u0259zif\u0259sin\u0259 layiq g\u00f6r\u00fcld\u00fckd\u0259n sonra x\u00fcsusi t\u0259yinatl\u0131 q\u00fcvv\u0259l\u0259rin hey\u0259tin\u0259 qo\u015fulub v\u0259 ba\u015f k\u0259\u015ffiyyat\u00e7\u0131 olub. O, Murovda\u011f v\u0259 F\u00fczuli u\u011frunda ged\u0259n d\u00f6y\u00fc\u015fl\u0259rd\u0259 i\u015ftirak edib v\u0259 oktyabr\u0131n 15-d\u0259 h\u0259yat\u0131n\u0131 itirib. Erm\u0259ni, rus dill\u0259ri daxil, 4 dil bilib.<\/p>\n\n\n\n<p>\u015e\u0259hid atas\u0131 M\u0259h\u0259mm\u0259d Alqayev deyir ki, \u00f6l\u00fcm\u00fcnd\u0259n sonra ail\u0259 \u00f6z b\u00fcdc\u0259si hesab\u0131na bulaq memorial kompleksi in\u015fa edib. Bu ilin yaz\u0131nda o\u011flunun ad\u0131n\u0131n \u0259b\u0259dil\u0259\u015fdirilm\u0259si \u00fc\u00e7\u00fcn Balak\u0259n rayon 1 sayl\u0131 Talalar k\u0259nd tam orta m\u0259kt\u0259bi ad\u0131ndan v\u0259 el\u0259c\u0259 d\u0259 ail\u0259nin ya\u015fad\u0131\u011f\u0131 k\u00fc\u00e7\u0259nin sakinl\u0259ri ad\u0131ndan Nazirl\u0259r Kabinetin\u0259 m\u00fcraci\u0259t g\u00f6nd\u0259rilib. Deyir ki, ya\u015fad\u0131qlar\u0131 Fikr\u0259t \u018fmirov ad\u0131na k\u00fc\u00e7\u0259nin ad\u0131 d\u0259yi\u015fdiril\u0259r\u0259k o\u011flunun ad\u0131n\u0131 da\u015f\u0131sa da, m\u0259kt\u0259bin ad\u0131 il\u0259 ba\u011fl\u0131 m\u00fcraci\u0259t\u0259 cavab g\u0259lm\u0259yib:<\/p>\n\n\n\n<p>\u201cMartda m\u0259ktub haz\u0131rland\u0131. Apreld\u0259 Balak\u0259n Rayon \u0130cra Hakimiyy\u0259ti m\u0259ktubu yola sald\u0131 Nazirl\u0259r Kabinetin\u0259. M\u0259ktubda \u015f\u0259hidin ad\u0131n\u0131n Balak\u0259n rayon Talalar k\u0259nd 1 sayl\u0131 tam orta m\u0259kt\u0259b\u0259 verilm\u0259si qeyd olunub. Art\u0131q 7 ayd\u0131r ki, m\u0259ktuba cavab yoxdur. Niy\u0259 gecikir, yekun cavab n\u0259 olacaq, bilinmir. M\u0259nim o\u011flum u\u015faqlar\u0131 \u00e7ox sev\u0259n \u00f6vlad olub. Onlarla s\u0259mimi m\u00fcnasib\u0259ti vard\u0131. Onun \u015f\u0259hid olmas\u0131 x\u0259b\u0259ri daha \u00e7ox qohum, qon\u015fu u\u015faqlar\u0131n\u0131 k\u0259d\u0259rl\u0259ndirmi\u015fdi. \u0130ndi u\u015faqlar\u0131n yan\u0131nda ola bilm\u0259s\u0259 d\u0259, ist\u0259yirik ad\u0131 m\u0259kt\u0259b\u0259 verilsin. U\u015faqlar\u0131n t\u0259hsil ald\u0131\u011f\u0131 yerd\u0259 o\u011flumun ad\u0131 \u00e7\u0259kilsin. H\u0259tta o\u011flumun Milli Q\u0259hr\u0259man ad\u0131n\u0131 almas\u0131n\u0131 ist\u0259yir\u0259m. Onun c\u0259sar\u0259ti, xidm\u0259ti bunu haqq edir\u201d.<\/p>\n\n\n\n<p><strong>\u201c\u018fvv\u0259l iki orden, iki d\u0259f\u0259 Milli Q\u0259hr\u0259man ad\u0131 da\u015f\u0131maq t\u0259l\u0259b olunurdu\u201d<\/strong><\/p>\n\n\n\n<p>\u201c\u015e\u0259hid ad\u0131n\u0131n \u0259b\u0259dil\u0259\u015fdirilm\u0259si v\u0259 \u015f\u0259hid ail\u0259l\u0259rin\u0259 edil\u0259n g\u00fcz\u0259\u015ftl\u0259rin t\u0259tbiqi qaydalar\u0131\u201d Az\u0259rbaycan Respublikas\u0131 Nazirl\u0259r Kabinetinin 1994-c\u00fc il 15 yanvar tarixli 10 sayl\u0131 q\u0259rar\u0131 il\u0259 nizamlan\u0131r. \u015e\u0259hid ad\u0131n\u0131 \u0259b\u0259dil\u0259\u015fdirm\u0259 m\u0259qs\u0259dil\u0259 yerli rayon (\u015f\u0259h\u0259r) icra hakimiyy\u0259ti orqanlar\u0131 Nazil\u0259r Kabineti qar\u015f\u0131s\u0131na v\u0259sat\u0259t qald\u0131ra bil\u0259r. H\u0259min q\u0259rara \u0259sas\u0259n Az\u0259rbaycan Respublikas\u0131n\u0131n V\u0259t\u0259n M\u00fcharib\u0259si Q\u0259hr\u0259man\u0131 v\u0259 Az\u0259rbaycan Milli Q\u0259hr\u0259man\u0131, h\u0259m\u00e7inin v\u0259t\u0259n u\u011frunda d\u00f6y\u00fc\u015fl\u0259r\u0259 g\u00f6r\u0259 ordenl\u0259 t\u0259ltif olunan \u015f\u0259xsl\u0259rin adlar\u0131 k\u00fc\u00e7\u0259l\u0259r\u0259, meydanlara verilir. T\u0259\u015fkilatlara, m\u00fc\u0259ssisl\u0259r\u0259, h\u0259rbi v\u0259 m\u00fclki g\u0259mil\u0259r\u0259 verilm\u0259si \u00fc\u00e7\u00fcn Az\u0259rbaycan Respublikas\u0131n\u0131n Nazirl\u0259r Kabineti qar\u015f\u0131s\u0131nda v\u0259sat\u0259t qald\u0131r\u0131lmal\u0131d\u0131r. H\u0259m\u00e7inin icra hakimiyy\u0259tl\u0259ri \u201c\u015e\u0259hid\u201d Memorial kompleksini yaratmal\u0131d\u0131r. V\u0259t\u0259n u\u011frunda g\u00f6st\u0259ril\u0259n q\u0259hr\u0259manl\u0131qla ba\u011fl\u0131 d\u00f6y\u00fc\u015f yerl\u0259ri , d\u0259fn yerl\u0259ri qorunmal\u0131, abadla\u015fd\u0131r\u0131lmal\u0131, q\u0259bir\u00fcst\u00fc da\u015flar\u0131n, xatir\u0259 abid\u0259l\u0259rinin qorunmas\u0131 da t\u0259\u015fkil edilm\u0259lidir. D\u00f6y\u00fc\u015f \u0259m\u0259liyyatlar\u0131 getmi\u015f yerl\u0259rd\u0259 is\u0259 xatir\u0259 ni\u015fanlar\u0131 qoyula bil\u0259r. B\u00fcstl\u0259r is\u0259 Az\u0259rbaycan Respublikas\u0131n\u0131n V\u0259t\u0259n M\u00fcharib\u0259si Q\u0259hr\u0259man\u0131 v\u0259 Az\u0259rbaycan Milli Q\u0259hr\u0259man\u0131 olan \u015f\u0259xsl\u0259r\u0259 ucald\u0131l\u0131r.<\/p>\n\n\n\n<figure class=\"wp-block-image size-full\"><img decoding=\"async\" width=\"1200\" height=\"800\" data-src=\"https:\/\/www.meydan.tv\/wp-content\/uploads\/untitled-design-3-39.jpg\" alt=\"\" class=\"wp-image-258010 lazyload\" src=\"data:image\/svg+xml;base64,PHN2ZyB3aWR0aD0iMSIgaGVpZ2h0PSIxIiB4bWxucz0iaHR0cDovL3d3dy53My5vcmcvMjAwMC9zdmciPjwvc3ZnPg==\" style=\"--smush-placeholder-width: 1200px; --smush-placeholder-aspect-ratio: 1200\/800;\" \/><figcaption>Foto: Harun Alqayevun ail\u0259sinin arxivind\u0259n<\/figcaption><\/figure>\n\n\n\n<p>Balak\u0259n Rayon \u0130cra Hakimiyy\u0259tinin V\u0259t\u0259n M\u00fcharib\u0259si i\u015ftirak\u00e7\u0131lar\u0131 v\u0259 \u015f\u0259hid ail\u0259l\u0259ri il\u0259 i\u015fin t\u0259\u015fkili \u015f\u00f6b\u0259sinin m\u00fcdiri A\u011fa A\u011fayev Meydan TV-y\u0259 deyib ki, \u00f6lk\u0259d\u0259ki 14 557 \u015f\u0259hidd\u0259n 193-\u00fc Balak\u0259nin pay\u0131na d\u00fc\u015f\u00fcr. 30 n\u0259f\u0259ri \u0130kinci Qaraba\u011f m\u00fcharib\u0259sind\u0259 h\u0259lak olub. Onlardan \u00fc\u00e7\u00fc orden\u0259 layiq g\u00f6r\u00fcl\u00fcb, biri is\u0259 V\u0259t\u0259n M\u00fcharib\u0259si q\u0259hr\u0259man\u0131d\u0131r. M\u0259hz Nazirl\u0259r Kabinetinin q\u0259rar\u0131na \u0259sas\u0259n yaln\u0131z onlar\u0131n ad\u0131ndan m\u00fcraci\u0259t g\u00f6nd\u0259rilib. \u00d6lk\u0259 prezidetinin q\u0259rara etdiyi son d\u0259yi\u015fiklik is\u0259 proseduru qism\u0259n asanla\u015fd\u0131r\u0131b:<\/p>\n\n\n\n<p>\u201cV\u0259t\u0259n M\u00fcharib\u0259si q\u0259hr\u0259man\u0131 Novruzov Amin Taciddin o\u011fluna art\u0131q b\u00fcst qoyulub, lisey\u0259 v\u0259 k\u00fc\u00e7\u0259l\u0259rd\u0259n birin\u0259 ad\u0131 verilib. \u018fvv\u0259l iki orden, iki d\u0259f\u0259 Milli Q\u0259hr\u0259man ad\u0131 da\u015f\u0131maq t\u0259l\u0259b olunurdu, indi bir ordeni, Milli Q\u0259hr\u0259man ad\u0131 olana verilm\u0259lidir. M\u00fcraci\u0259tl\u0259r \u0259sas\u0131nda \u00f6lk\u0259 prezidenti q\u0259rarda d\u0259yi\u015fklik etdi. \u0130ki s\u00f6z\u00fc l\u0259\u011fv olundu. Harun Alqayev bayraq ordeni oland\u0131r, \u018flisoltanov Vahid Tahir o\u011flunun \u00fc\u00e7\u00fcnc\u00fc d\u0259r\u0259c\u0259li medal\u0131, R\u0259\u015fidov Tural Fazil o\u011flunun is\u0259 Qaraba\u011f ordeni var. Orden f\u0259rq etmir, yet\u0259r ki, orden olsun. \u00dc\u00e7\u00fcn\u00fcn d\u0259 ad\u0131ndan v\u0259sat\u0259t qald\u0131r\u0131l\u0131b icra hakimiyy\u0259ti ad\u0131ndan v\u0259 h\u0259l\u0259 cavab g\u0259lm\u0259yib. Memorial kompleksl\u0259rin is\u0259 h\u0259r bir \u015f\u0259hid \u00fc\u00e7\u00fcn t\u0259\u015fkili m\u00fcmk\u00fcnd\u00fcr. \u018fslind\u0259 icra hakimiyy\u0259ti etm\u0259lidir, b\u0259z\u0259n ail\u0259l\u0259ri, imkanl\u0131 \u015f\u0259xsl\u0259r, b\u0259l\u0259diyy\u0259 d\u0259 ed\u0259 bil\u0259r. B\u00fcst is\u0259 ancaq icra hakimiyy\u0259ti b\u00fcdc\u0259si il\u0259 qoyulmal\u0131d\u0131r, o da Milli Q\u0259hr\u0259manlara v\u0259 V\u0259t\u0259n M\u00fcharib\u0259si q\u0259hr\u0259manlar\u0131na\u201d.<\/p>\n\n\n\n<p><\/p>\n\n\n\n<p><strong>\u201cSonradan bu imtiyazdan sui- istifad\u0259 olundu&#8230;\u201d<\/strong><\/p>\n\n\n\n<p>\u00d6lk\u0259d\u0259 indiy\u0259 q\u0259d\u0259r 83 n\u0259f\u0259r V\u0259t\u0259n Q\u0259hr\u0259man\u0131, 221 n\u0259f\u0259r is\u0259 Milli Q\u0259hr\u0259man ad\u0131na layiq g\u00f6r\u00fcl\u00fcb. 18 adda orden, 59 adda medal var.<\/p>\n\n\n\n<p>Mill\u0259t v\u0259kili Fazil Mustafa Meydan TV-y\u0259 a\u00e7\u0131qlamas\u0131nda bildirib ki, qanunun sad\u0259l\u0259\u015fdirilm\u0259sin\u0259 ehtiyac yoxdur. \u00c7\u00fcnki bu, v\u0259ziyy\u0259td\u0259n sui- istifad\u0259nin qar\u015f\u0131s\u0131n\u0131 al\u0131r. O, m\u00fcraci\u0259tl\u0259rin gecikm\u0259sini is\u0259 uzun ara\u015fd\u0131rma prosesi il\u0259 \u0259laq\u0259l\u0259ndirib:<\/p>\n\n\n\n<p>\u201cBu, sad\u0259 m\u0259s\u0259l\u0259 deyil, m\u00fc\u0259yy\u0259n prosedurlar var ki, onlar\u0131n \u0259sas\u0131nda olur. T\u0259l\u0259bl\u0259r\u0259 cavab verm\u0259lidir. Hans\u0131 d\u00f6y\u00fc\u015f b\u00f6lg\u0259sind\u0259, hans\u0131 d\u00f6y\u00fc\u015f \u015f\u0259raitind\u0259 olub v\u0259 \u0259ld\u0259 etdiyi n\u0259tic\u0259l\u0259r\u0259 \u0259sas\u0259n bunu verm\u0259k olur. Yoxlama, ara\u015fd\u0131rma prosesi ciddi olmal\u0131d\u0131r ki, m\u00fcraci\u0259t \u0259sas\u0131nda m\u00fc\u0259yy\u0259n vaxt aparan m\u0259s\u0259l\u0259l\u0259r, ara\u015fd\u0131rmalar tam h\u0259yata ke\u00e7sin. Kifay\u0259t q\u0259d\u0259r s\u0259b\u0259bl\u0259r var ki, m\u00fcraci\u0259tl\u0259r tez ara\u015fd\u0131r\u0131la bilmir\u201d.<\/p>\n\n\n\n<figure class=\"wp-block-image size-full\"><img decoding=\"async\" data-src=\"https:\/\/www.meydan.tv\/wp-content\/uploads\/fazil_mustafa_2504.jpg\" alt=\"Deputat Fazil Mustafa\" class=\"wp-image-131519 lazyload\" src=\"data:image\/svg+xml;base64,PHN2ZyB3aWR0aD0iMSIgaGVpZ2h0PSIxIiB4bWxucz0iaHR0cDovL3d3dy53My5vcmcvMjAwMC9zdmciPjwvc3ZnPg==\" style=\"--smush-placeholder-width: 1200px; --smush-placeholder-aspect-ratio: 1200\/800;\" \/><figcaption>Foto: Meydan TV<\/figcaption><\/figure>\n\n\n\n<p>\u201cQaraba\u011f m\u00fcharib\u0259sind\u0259 sad\u0259 v\u0259ziyy\u0259td\u0259 d\u00fcnyas\u0131n\u0131 d\u0259yi\u015fmi\u015f \u015f\u0259xsl\u0259r\u0259 d\u0259 bu ad verildi. Sonradan bu imtiyazdan sui- istifad\u0259 olundu. Dig\u0259r haqq\u0131 \u00e7atan \u015f\u0259hidin haqq\u0131na girm\u0259k idi, bu. Ona g\u00f6r\u0259 biz el\u0259 etm\u0259liyik ki, h\u0259qiq\u0259t\u0259n bu ad\u0131 alanlar statusa layiq olsun. Layiq olmayanda da ciddi problem yarad\u0131r\u201d, &#8211; deputat deyib.<\/p>\n\n\n\n<p><strong>\u201cQoysunlar, m\u0259kt\u0259b kollektivi \u00f6z\u00fc q\u0259rar q\u0259bul etsin\u201d<\/strong><\/p>\n\n\n\n<p>Az\u0259rbaycan Qaraba\u011f M\u00fcharib\u0259si \u018flill\u0259ri, Veteranlar\u0131, \u015e\u0259hid ail\u0259l\u0259ri \u0130ctimai Birliyinin s\u0259dr m\u00fcavini Arif M\u0259mm\u0259dov is\u0259 \u015f\u0259hid ad\u0131n\u0131n \u0259b\u0259dil\u0259\u015fdirilm\u0259si prosedurunun asanla\u015fd\u0131r\u0131lmas\u0131n\u0131 m\u0259qbul say\u0131r. Deyir ki, h\u0259tta \u00f6t\u0259n ilin pay\u0131z\u0131ndan t\u0259msil olunduqlar\u0131 t\u0259\u015fkilat\u0131n ad\u0131ndan Nazirl\u0259r Kabinetin\u0259 r\u0259smi m\u00fcraci\u0259t d\u0259 \u00fcnvanlanlan\u0131b. M\u00fcraci\u0259t ad almayan v\u0259 prosedurdan k\u0259narda qalan b\u00fct\u00fcn h\u0259lak olan \u0259sg\u0259rl\u0259r \u00fc\u00e7\u00fcnd\u00fcr:<\/p>\n\n\n\n<p>\u201cBu g\u00fcn hans\u0131sa m\u0259kt\u0259b\u0259, k\u00fc\u00e7\u0259y\u0259 simvolik olaraq o \u015f\u0259hidin ad\u0131 verils\u0259, n\u0259 itir\u0259 bil\u0259rik? Onun ad\u0131 ya\u015fayar. Pis n\u0259 var burda? O q\u0259d\u0259r k\u00fc\u00e7\u0259l\u0259r, meydanlar, t\u0259\u015fkilatlar, m\u0259kt\u0259bl\u0259r, sinif gu\u015f\u0259l\u0259ri var ki. Prezidentin q\u0259rar\u0131na ehtiyac yoxdur. Qoysunlar, m\u0259kt\u0259b kollektivi \u00f6z\u00fc q\u0259rar q\u0259bul etsin\u201d.<\/p>\n\n\n\n<figure class=\"wp-block-image size-full\"><img decoding=\"async\" width=\"999\" height=\"662\" data-src=\"https:\/\/www.meydan.tv\/wp-content\/uploads\/8790ec7c-dacd-4872-8933-91ff220dd367.jpg\" alt=\"\" class=\"wp-image-258007 lazyload\" src=\"data:image\/svg+xml;base64,PHN2ZyB3aWR0aD0iMSIgaGVpZ2h0PSIxIiB4bWxucz0iaHR0cDovL3d3dy53My5vcmcvMjAwMC9zdmciPjwvc3ZnPg==\" style=\"--smush-placeholder-width: 999px; --smush-placeholder-aspect-ratio: 999\/662;\" \/><figcaption>Talalar k\u0259nd orta m\u0259kt\u0259bi<\/figcaption><\/figure>\n\n\n\n<p>\u201cValideyn \u00fc\u00e7\u00fcn f\u0259rqi yoxdur, onun o\u011flu Milli Q\u0259hr\u0259man ad\u0131na layiq g\u00f6r\u00fcl\u00fcb, ya yox. Ordeni var, ya yoxdur. Onlar do\u011fmalar\u0131 v\u0259 bizim \u00fc\u00e7\u00fcn \u015f\u0259hiddir. Ayr\u0131-se\u00e7kilik olmamal\u0131d\u0131r. \u00d6vlad itib, v\u0259t\u0259nda\u015f itib. \u018fksin\u0259 bu add\u0131m analara t\u0259skinlik, m\u0259n\u0259vi rahatl\u0131q ver\u0259c\u0259k. Ancaq h\u0259l\u0259 d\u0259 m\u00fcraci\u0259timiz\u0259 cavab yoxdur\u201d, &#8211; Arif M\u0259mm\u0259dov deyib.<\/p>\n\n\n\n<p>Birlik yetkilisi hesab edir ki, kriteriyalara uy\u011fun g\u0259lm\u0259y\u0259n, amma m\u00fcharib\u0259d\u0259 h\u0259lak olan \u015f\u0259xsl\u0259rin d\u0259 ad\u0131 \u0259b\u0259dil\u0259\u015fdirilm\u0259lidir. El\u0259 birliyin m\u00fcraci\u0259ti d bu y\u00f6nd\u0259dir.<\/p>\n\n\n\n<p>\u201c<strong>Ail\u0259l\u0259r s\u0259brl\u0259 g\u00f6zl\u0259m\u0259li, d\u00f6vl\u0259t d\u0259 o ail\u0259l\u0259r\u0259 d\u0259st\u0259k olmal\u0131d\u0131r\u201d<\/strong><\/p>\n\n\n\n<p>Qaraba\u011f qazisi, \u201cXocal\u0131 Soyq\u0131r\u0131m\u0131n\u0131 Tan\u0131tma\u201d \u0130ctimai Birliyinin s\u0259dri \u015eamil Sabiro\u011flu is\u0259 \u015f\u0259hid ail\u0259l\u0259rinin ist\u0259yini normal saysa da, indiki m\u0259qamda ad \u0259b\u0259dil\u0259\u015fdirilm\u0259sinin k\u00fctl\u0259vil\u0259\u015fdirilm\u0259sini uy\u011fun hesab etmir. Bu m\u0259nada T\u00fcrkiy\u0259, \u0130ran kimi \u00f6lk\u0259l\u0259rin t\u0259cr\u00fcb\u0259sini t\u0259qdir ed\u0259n QHT r\u0259hb\u0259ri eyni d\u00f6y\u00fc\u015f yolunu ke\u00e7\u0259n qazil\u0259r\u0259 d\u0259 h\u0259ssas yana\u015f\u0131lmas\u0131n\u0131 vacib say\u0131r:<\/p>\n\n\n\n<p>\u201cD\u00fczd\u00fcr, biz i\u015fl\u0259yirik onlarla, valideynl\u0259r, x\u00fcsusil\u0259 analar naraz\u0131d\u0131r bu m\u00f6vzuda. Onlar ist\u0259yir ki, h\u0259r birinin \u00f6vlad\u0131n\u0131n ad\u0131 \u0259b\u0259dil\u0259\u015fdirilsin. \u0130ndiki halda ax\u0131 m\u00fcmk\u00fcn deyil. \u00c7\u00fcnki Nazirl\u0259r Kabinetinin m\u0259lum q\u0259rar\u0131 var. Konkret kiml\u0259rin ala bil\u0259c\u0259yin\u0259 dair madd\u0259l\u0259r var. Sahibkarlar da bu m\u0259nada i\u015f g\u00f6r\u0259 bil\u0259r. M\u0259s\u0259l\u0259n, \u00f6z \u015firk\u0259tl\u0259rind\u0259 adverm\u0259ni t\u0259\u015fkil ed\u0259 bil\u0259rl\u0259r. D\u00fc\u015f\u00fcn\u00fcr\u0259m, bu kimi m\u00fcbahis\u0259l\u0259r\u0259 son qoymaq laz\u0131md\u0131r. Ail\u0259l\u0259r s\u0259brl\u0259 g\u00f6zl\u0259m\u0259li, d\u00f6vl\u0259t d\u0259 o ail\u0259l\u0259r\u0259 d\u0259st\u0259k olmal\u0131d\u0131r\u201d. \u015eamil Sabiro\u011flu hesab edir ki, \u00e7\u0259tin v\u0259 h\u0259ssas d\u00f6n\u0259mdir:<\/p>\n\n\n\n<figure class=\"wp-block-image size-full\"><img decoding=\"async\" width=\"1200\" height=\"799\" data-src=\"https:\/\/www.meydan.tv\/wp-content\/uploads\/e4473c2f-2e58-4bb5-99d9-b735eaf2d2d7.jpg\" alt=\"\" class=\"wp-image-257998 lazyload\" src=\"data:image\/svg+xml;base64,PHN2ZyB3aWR0aD0iMSIgaGVpZ2h0PSIxIiB4bWxucz0iaHR0cDovL3d3dy53My5vcmcvMjAwMC9zdmciPjwvc3ZnPg==\" style=\"--smush-placeholder-width: 1200px; --smush-placeholder-aspect-ratio: 1200\/799;\" \/><figcaption>\u015eamil Sabiro\u011flu<\/figcaption><\/figure>\n\n\n\n<p>\u201c44 qazi intihar edib. Qazil\u0259rin m\u00fcraci\u0259tl\u0259rin\u0259 bax\u0131lmal\u0131, onlara qar\u015f\u0131 h\u0259ssas davran\u0131lmal\u0131d\u0131r. Ax\u0131 onlar da o d\u00f6y\u00fc\u015f yolunu ke\u00e7ib. D\u00f6vl\u0259t \u0259sas diqq\u0259ti h\u0259l\u0259 \u015f\u0259hid ail\u0259l\u0259rin\u0259 \u00e7\u0259kir. Biz\u0259 m\u00fcraci\u0259tl\u0259r \u00e7ox olur. Konkret istiqam\u0259tl\u0259ri veririk, k\u00f6m\u0259k edirik ki, nec\u0259 m\u00fcraci\u0259t etsin. Yaxud m\u00fcraci\u0259tin \u0259sas\u0131 varm\u0131, ba\u015fa sal\u0131r\u0131q. Ancaq o saat cavab g\u0259lmir m\u00fcraci\u0259t\u0259, x\u0131rdal\u0131\u011fa q\u0259d\u0259r gedilir. M\u0259s\u0259l\u0259n, Harun Alqayevin o q\u0259d\u0259r xidm\u0259ti olsa da, h\u0259l\u0259 ara\u015fd\u0131rma gedir v\u0259 ikinci bir orden almas\u0131 g\u00f6zl\u0259nilir. Onun ad\u0131n\u0131n \u0259b\u0259dil\u0259\u015fdirilm\u0259si is\u0259 Nazirl\u0259r Kabinetinin apard\u0131\u011f\u0131 ara\u015fd\u0131rman\u0131n yekununda bilin\u0259c\u0259k\u201d.<\/p>\n","protected":false},"excerpt":{"rendered":"<p>\u015e\u0259hid adlar\u0131n\u0131n\u0131n \u0259b\u0259dil\u0259\u015fdirilm\u0259si hans\u0131 hallarda m\u00fcmk\u00fcnd\u00fcr? \u201c\u018fn b\u00f6y\u00fck arzum budur &#8230; <\/p>\n<p class=\"read-more-container\"><a title=\"\u201cValideyn kimi ist\u0259yimizdir ki, \u00f6vlad\u0131m\u0131z\u0131n ad\u0131 \u0259b\u0259dil\u0259\u015fdirilsin\u201d\" class=\"read-more button\" href=\"https:\/\/www.meydan.tv\/az\/article\/valideyn-kimi-isteyimizdir-ki-ovladimizin-adi-ebedilesdirilsin\/#more-258014\" aria-label=\"Read more about \u201cValideyn kimi ist\u0259yimizdir ki, \u00f6vlad\u0131m\u0131z\u0131n ad\u0131 \u0259b\u0259dil\u0259\u015fdirilsin\u201d\">Davam\u0131<\/a><\/p>\n","protected":false},"author":8,"featured_media":258001,"comment_status":"closed","ping_status":"closed","sticky":false,"template":"","format":"standard","meta":{"_acf_changed":false,"_sitemap_exclude":false,"_sitemap_priority":"","_sitemap_frequency":"","footnotes":""},"categories":[60,79,56],"tags":[],"class_list":["post-258014","post","type-post","status-publish","format-standard","has-post-thumbnail","hentry","category-bolge","category-featured","category-xeberler","infinite-scroll-item","generate-columns","tablet-grid-50","mobile-grid-100","grid-parent","grid-33","no-featured-image-padding"],"acf":[],"yoast_head":"<!-- This site is optimized with the Yoast SEO plugin v27.5 - https:\/\/yoast.com\/product\/yoast-seo-wordpress\/ -->\n<title>\u201cValideyn kimi ist\u0259yimizdir ki, \u00f6vlad\u0131m\u0131z\u0131n ad\u0131 \u0259b\u0259dil\u0259\u015fdirilsin\u201d - MEYDAN.TV<\/title>\n<meta name=\"robots\" content=\"index, follow, max-snippet:-1, max-image-preview:large, max-video-preview:-1\" \/>\n<link rel=\"canonical\" href=\"https:\/\/www.meydan.tv\/az\/article\/valideyn-kimi-isteyimizdir-ki-ovladimizin-adi-ebedilesdirilsin\/\" \/>\n<meta property=\"og:locale\" content=\"az_AZ\" \/>\n<meta property=\"og:type\" content=\"article\" \/>\n<meta property=\"og:title\" content=\"\u201cValideyn kimi ist\u0259yimizdir ki, \u00f6vlad\u0131m\u0131z\u0131n ad\u0131 \u0259b\u0259dil\u0259\u015fdirilsin\u201d - MEYDAN.TV\" \/>\n<meta property=\"og:description\" content=\"\u015e\u0259hid adlar\u0131n\u0131n\u0131n \u0259b\u0259dil\u0259\u015fdirilm\u0259si hans\u0131 hallarda m\u00fcmk\u00fcnd\u00fcr? \u201c\u018fn b\u00f6y\u00fck arzum budur ... Davam\u0131\" \/>\n<meta property=\"og:url\" content=\"https:\/\/www.meydan.tv\/az\/article\/valideyn-kimi-isteyimizdir-ki-ovladimizin-adi-ebedilesdirilsin\/\" \/>\n<meta property=\"og:site_name\" content=\"MEYDAN.TV\" \/>\n<meta property=\"article:published_time\" content=\"2022-10-11T12:14:20+00:00\" \/>\n<meta property=\"article:modified_time\" content=\"2022-10-11T12:14:26+00:00\" \/>\n<meta property=\"og:image\" content=\"https:\/\/www.meydan.tv\/wp-content\/uploads\/1c2c2b76-ddc5-4625-97f4-dc86360810cb.jpg\" \/>\n\t<meta property=\"og:image:width\" content=\"1200\" \/>\n\t<meta property=\"og:image:height\" content=\"900\" \/>\n\t<meta property=\"og:image:type\" content=\"image\/jpeg\" \/>\n<meta name=\"author\" content=\"elli\" \/>\n<meta name=\"twitter:card\" content=\"summary_large_image\" \/>\n<meta name=\"twitter:creator\" content=\"@elli\" \/>\n<script type=\"application\/ld+json\" class=\"yoast-schema-graph\">{\"@context\":\"https:\\\/\\\/schema.org\",\"@graph\":[{\"@type\":\"Article\",\"@id\":\"https:\\\/\\\/www.meydan.tv\\\/az\\\/article\\\/valideyn-kimi-isteyimizdir-ki-ovladimizin-adi-ebedilesdirilsin\\\/#article\",\"isPartOf\":{\"@id\":\"https:\\\/\\\/www.meydan.tv\\\/az\\\/article\\\/valideyn-kimi-isteyimizdir-ki-ovladimizin-adi-ebedilesdirilsin\\\/\"},\"author\":{\"name\":\"elli\",\"@id\":\"https:\\\/\\\/www.meydan.tv\\\/az\\\/#\\\/schema\\\/person\\\/9cdbecf90d17180ce1dfbd95b08dcf47\"},\"headline\":\"\u201cValideyn kimi ist\u0259yimizdir ki, \u00f6vlad\u0131m\u0131z\u0131n ad\u0131 \u0259b\u0259dil\u0259\u015fdirilsin\u201d\",\"datePublished\":\"2022-10-11T12:14:20+00:00\",\"dateModified\":\"2022-10-11T12:14:26+00:00\",\"mainEntityOfPage\":{\"@id\":\"https:\\\/\\\/www.meydan.tv\\\/az\\\/article\\\/valideyn-kimi-isteyimizdir-ki-ovladimizin-adi-ebedilesdirilsin\\\/\"},\"wordCount\":2306,\"publisher\":{\"@id\":\"https:\\\/\\\/www.meydan.tv\\\/az\\\/#organization\"},\"image\":{\"@id\":\"https:\\\/\\\/www.meydan.tv\\\/az\\\/article\\\/valideyn-kimi-isteyimizdir-ki-ovladimizin-adi-ebedilesdirilsin\\\/#primaryimage\"},\"thumbnailUrl\":\"https:\\\/\\\/www.meydan.tv\\\/wp-content\\\/uploads\\\/1c2c2b76-ddc5-4625-97f4-dc86360810cb.jpg\",\"articleSection\":[\"B\u00f6lg\u0259\",\"T\u00f6vsiy\u0259\",\"X\u0259b\u0259rl\u0259r\"],\"inLanguage\":\"az\"},{\"@type\":\"WebPage\",\"@id\":\"https:\\\/\\\/www.meydan.tv\\\/az\\\/article\\\/valideyn-kimi-isteyimizdir-ki-ovladimizin-adi-ebedilesdirilsin\\\/\",\"url\":\"https:\\\/\\\/www.meydan.tv\\\/az\\\/article\\\/valideyn-kimi-isteyimizdir-ki-ovladimizin-adi-ebedilesdirilsin\\\/\",\"name\":\"\u201cValideyn kimi ist\u0259yimizdir ki, \u00f6vlad\u0131m\u0131z\u0131n ad\u0131 \u0259b\u0259dil\u0259\u015fdirilsin\u201d - MEYDAN.TV\",\"isPartOf\":{\"@id\":\"https:\\\/\\\/www.meydan.tv\\\/az\\\/#website\"},\"primaryImageOfPage\":{\"@id\":\"https:\\\/\\\/www.meydan.tv\\\/az\\\/article\\\/valideyn-kimi-isteyimizdir-ki-ovladimizin-adi-ebedilesdirilsin\\\/#primaryimage\"},\"image\":{\"@id\":\"https:\\\/\\\/www.meydan.tv\\\/az\\\/article\\\/valideyn-kimi-isteyimizdir-ki-ovladimizin-adi-ebedilesdirilsin\\\/#primaryimage\"},\"thumbnailUrl\":\"https:\\\/\\\/www.meydan.tv\\\/wp-content\\\/uploads\\\/1c2c2b76-ddc5-4625-97f4-dc86360810cb.jpg\",\"datePublished\":\"2022-10-11T12:14:20+00:00\",\"dateModified\":\"2022-10-11T12:14:26+00:00\",\"breadcrumb\":{\"@id\":\"https:\\\/\\\/www.meydan.tv\\\/az\\\/article\\\/valideyn-kimi-isteyimizdir-ki-ovladimizin-adi-ebedilesdirilsin\\\/#breadcrumb\"},\"inLanguage\":\"az\",\"potentialAction\":[{\"@type\":\"ReadAction\",\"target\":[\"https:\\\/\\\/www.meydan.tv\\\/az\\\/article\\\/valideyn-kimi-isteyimizdir-ki-ovladimizin-adi-ebedilesdirilsin\\\/\"]}]},{\"@type\":\"ImageObject\",\"inLanguage\":\"az\",\"@id\":\"https:\\\/\\\/www.meydan.tv\\\/az\\\/article\\\/valideyn-kimi-isteyimizdir-ki-ovladimizin-adi-ebedilesdirilsin\\\/#primaryimage\",\"url\":\"https:\\\/\\\/www.meydan.tv\\\/wp-content\\\/uploads\\\/1c2c2b76-ddc5-4625-97f4-dc86360810cb.jpg\",\"contentUrl\":\"https:\\\/\\\/www.meydan.tv\\\/wp-content\\\/uploads\\\/1c2c2b76-ddc5-4625-97f4-dc86360810cb.jpg\",\"width\":1200,\"height\":900},{\"@type\":\"BreadcrumbList\",\"@id\":\"https:\\\/\\\/www.meydan.tv\\\/az\\\/article\\\/valideyn-kimi-isteyimizdir-ki-ovladimizin-adi-ebedilesdirilsin\\\/#breadcrumb\",\"itemListElement\":[{\"@type\":\"ListItem\",\"position\":1,\"name\":\"Ana s\u0259hif\u0259\",\"item\":\"https:\\\/\\\/www.meydan.tv\\\/az\\\/\"},{\"@type\":\"ListItem\",\"position\":2,\"name\":\"B\u00f6lg\u0259\",\"item\":\"https:\\\/\\\/www.meydan.tv\\\/az\\\/section\\\/bolge\\\/\"},{\"@type\":\"ListItem\",\"position\":3,\"name\":\"\u201cValideyn kimi ist\u0259yimizdir ki, \u00f6vlad\u0131m\u0131z\u0131n ad\u0131 \u0259b\u0259dil\u0259\u015fdirilsin\u201d\"}]},{\"@type\":\"WebSite\",\"@id\":\"https:\\\/\\\/www.meydan.tv\\\/az\\\/#website\",\"url\":\"https:\\\/\\\/www.meydan.tv\\\/az\\\/\",\"name\":\"MEYDAN.TV\",\"description\":\"Meydan TV Az\u0259rbaycan\u0131n media m\u0259kan\u0131ndak\u0131 alternativ s\u0259sidir\",\"publisher\":{\"@id\":\"https:\\\/\\\/www.meydan.tv\\\/az\\\/#organization\"},\"potentialAction\":[{\"@type\":\"SearchAction\",\"target\":{\"@type\":\"EntryPoint\",\"urlTemplate\":\"https:\\\/\\\/www.meydan.tv\\\/az\\\/?s={search_term_string}\"},\"query-input\":{\"@type\":\"PropertyValueSpecification\",\"valueRequired\":true,\"valueName\":\"search_term_string\"}}],\"inLanguage\":\"az\"},{\"@type\":\"Organization\",\"@id\":\"https:\\\/\\\/www.meydan.tv\\\/az\\\/#organization\",\"name\":\"Meydan TV\",\"url\":\"https:\\\/\\\/www.meydan.tv\\\/az\\\/\",\"logo\":{\"@type\":\"ImageObject\",\"inLanguage\":\"az\",\"@id\":\"https:\\\/\\\/www.meydan.tv\\\/az\\\/#\\\/schema\\\/logo\\\/image\\\/\",\"url\":\"https:\\\/\\\/www.meydan.tv\\\/wp-content\\\/uploads\\\/2021\\\/07\\\/meydan-logo.svg\",\"contentUrl\":\"https:\\\/\\\/www.meydan.tv\\\/wp-content\\\/uploads\\\/2021\\\/07\\\/meydan-logo.svg\",\"width\":195,\"height\":46,\"caption\":\"Meydan TV\"},\"image\":{\"@id\":\"https:\\\/\\\/www.meydan.tv\\\/az\\\/#\\\/schema\\\/logo\\\/image\\\/\"}},{\"@type\":\"Person\",\"@id\":\"https:\\\/\\\/www.meydan.tv\\\/az\\\/#\\\/schema\\\/person\\\/9cdbecf90d17180ce1dfbd95b08dcf47\",\"name\":\"elli\",\"sameAs\":[\"https:\\\/\\\/x.com\\\/elli\"]}]}<\/script>\n<!-- \/ Yoast SEO plugin. -->","yoast_head_json":{"title":"\u201cValideyn kimi ist\u0259yimizdir ki, \u00f6vlad\u0131m\u0131z\u0131n ad\u0131 \u0259b\u0259dil\u0259\u015fdirilsin\u201d - MEYDAN.TV","robots":{"index":"index","follow":"follow","max-snippet":"max-snippet:-1","max-image-preview":"max-image-preview:large","max-video-preview":"max-video-preview:-1"},"canonical":"https:\/\/www.meydan.tv\/az\/article\/valideyn-kimi-isteyimizdir-ki-ovladimizin-adi-ebedilesdirilsin\/","og_locale":"az_AZ","og_type":"article","og_title":"\u201cValideyn kimi ist\u0259yimizdir ki, \u00f6vlad\u0131m\u0131z\u0131n ad\u0131 \u0259b\u0259dil\u0259\u015fdirilsin\u201d - MEYDAN.TV","og_description":"\u015e\u0259hid adlar\u0131n\u0131n\u0131n \u0259b\u0259dil\u0259\u015fdirilm\u0259si hans\u0131 hallarda m\u00fcmk\u00fcnd\u00fcr? \u201c\u018fn b\u00f6y\u00fck arzum budur ... Davam\u0131","og_url":"https:\/\/www.meydan.tv\/az\/article\/valideyn-kimi-isteyimizdir-ki-ovladimizin-adi-ebedilesdirilsin\/","og_site_name":"MEYDAN.TV","article_published_time":"2022-10-11T12:14:20+00:00","article_modified_time":"2022-10-11T12:14:26+00:00","og_image":[{"width":1200,"height":900,"url":"https:\/\/www.meydan.tv\/wp-content\/uploads\/1c2c2b76-ddc5-4625-97f4-dc86360810cb.jpg","type":"image\/jpeg"}],"author":"elli","twitter_card":"summary_large_image","twitter_creator":"@elli","schema":{"@context":"https:\/\/schema.org","@graph":[{"@type":"Article","@id":"https:\/\/www.meydan.tv\/az\/article\/valideyn-kimi-isteyimizdir-ki-ovladimizin-adi-ebedilesdirilsin\/#article","isPartOf":{"@id":"https:\/\/www.meydan.tv\/az\/article\/valideyn-kimi-isteyimizdir-ki-ovladimizin-adi-ebedilesdirilsin\/"},"author":{"name":"elli","@id":"https:\/\/www.meydan.tv\/az\/#\/schema\/person\/9cdbecf90d17180ce1dfbd95b08dcf47"},"headline":"\u201cValideyn kimi ist\u0259yimizdir ki, \u00f6vlad\u0131m\u0131z\u0131n ad\u0131 \u0259b\u0259dil\u0259\u015fdirilsin\u201d","datePublished":"2022-10-11T12:14:20+00:00","dateModified":"2022-10-11T12:14:26+00:00","mainEntityOfPage":{"@id":"https:\/\/www.meydan.tv\/az\/article\/valideyn-kimi-isteyimizdir-ki-ovladimizin-adi-ebedilesdirilsin\/"},"wordCount":2306,"publisher":{"@id":"https:\/\/www.meydan.tv\/az\/#organization"},"image":{"@id":"https:\/\/www.meydan.tv\/az\/article\/valideyn-kimi-isteyimizdir-ki-ovladimizin-adi-ebedilesdirilsin\/#primaryimage"},"thumbnailUrl":"https:\/\/www.meydan.tv\/wp-content\/uploads\/1c2c2b76-ddc5-4625-97f4-dc86360810cb.jpg","articleSection":["B\u00f6lg\u0259","T\u00f6vsiy\u0259","X\u0259b\u0259rl\u0259r"],"inLanguage":"az"},{"@type":"WebPage","@id":"https:\/\/www.meydan.tv\/az\/article\/valideyn-kimi-isteyimizdir-ki-ovladimizin-adi-ebedilesdirilsin\/","url":"https:\/\/www.meydan.tv\/az\/article\/valideyn-kimi-isteyimizdir-ki-ovladimizin-adi-ebedilesdirilsin\/","name":"\u201cValideyn kimi ist\u0259yimizdir ki, \u00f6vlad\u0131m\u0131z\u0131n ad\u0131 \u0259b\u0259dil\u0259\u015fdirilsin\u201d - MEYDAN.TV","isPartOf":{"@id":"https:\/\/www.meydan.tv\/az\/#website"},"primaryImageOfPage":{"@id":"https:\/\/www.meydan.tv\/az\/article\/valideyn-kimi-isteyimizdir-ki-ovladimizin-adi-ebedilesdirilsin\/#primaryimage"},"image":{"@id":"https:\/\/www.meydan.tv\/az\/article\/valideyn-kimi-isteyimizdir-ki-ovladimizin-adi-ebedilesdirilsin\/#primaryimage"},"thumbnailUrl":"https:\/\/www.meydan.tv\/wp-content\/uploads\/1c2c2b76-ddc5-4625-97f4-dc86360810cb.jpg","datePublished":"2022-10-11T12:14:20+00:00","dateModified":"2022-10-11T12:14:26+00:00","breadcrumb":{"@id":"https:\/\/www.meydan.tv\/az\/article\/valideyn-kimi-isteyimizdir-ki-ovladimizin-adi-ebedilesdirilsin\/#breadcrumb"},"inLanguage":"az","potentialAction":[{"@type":"ReadAction","target":["https:\/\/www.meydan.tv\/az\/article\/valideyn-kimi-isteyimizdir-ki-ovladimizin-adi-ebedilesdirilsin\/"]}]},{"@type":"ImageObject","inLanguage":"az","@id":"https:\/\/www.meydan.tv\/az\/article\/valideyn-kimi-isteyimizdir-ki-ovladimizin-adi-ebedilesdirilsin\/#primaryimage","url":"https:\/\/www.meydan.tv\/wp-content\/uploads\/1c2c2b76-ddc5-4625-97f4-dc86360810cb.jpg","contentUrl":"https:\/\/www.meydan.tv\/wp-content\/uploads\/1c2c2b76-ddc5-4625-97f4-dc86360810cb.jpg","width":1200,"height":900},{"@type":"BreadcrumbList","@id":"https:\/\/www.meydan.tv\/az\/article\/valideyn-kimi-isteyimizdir-ki-ovladimizin-adi-ebedilesdirilsin\/#breadcrumb","itemListElement":[{"@type":"ListItem","position":1,"name":"Ana s\u0259hif\u0259","item":"https:\/\/www.meydan.tv\/az\/"},{"@type":"ListItem","position":2,"name":"B\u00f6lg\u0259","item":"https:\/\/www.meydan.tv\/az\/section\/bolge\/"},{"@type":"ListItem","position":3,"name":"\u201cValideyn kimi ist\u0259yimizdir ki, \u00f6vlad\u0131m\u0131z\u0131n ad\u0131 \u0259b\u0259dil\u0259\u015fdirilsin\u201d"}]},{"@type":"WebSite","@id":"https:\/\/www.meydan.tv\/az\/#website","url":"https:\/\/www.meydan.tv\/az\/","name":"MEYDAN.TV","description":"Meydan TV Az\u0259rbaycan\u0131n media m\u0259kan\u0131ndak\u0131 alternativ s\u0259sidir","publisher":{"@id":"https:\/\/www.meydan.tv\/az\/#organization"},"potentialAction":[{"@type":"SearchAction","target":{"@type":"EntryPoint","urlTemplate":"https:\/\/www.meydan.tv\/az\/?s={search_term_string}"},"query-input":{"@type":"PropertyValueSpecification","valueRequired":true,"valueName":"search_term_string"}}],"inLanguage":"az"},{"@type":"Organization","@id":"https:\/\/www.meydan.tv\/az\/#organization","name":"Meydan TV","url":"https:\/\/www.meydan.tv\/az\/","logo":{"@type":"ImageObject","inLanguage":"az","@id":"https:\/\/www.meydan.tv\/az\/#\/schema\/logo\/image\/","url":"https:\/\/www.meydan.tv\/wp-content\/uploads\/2021\/07\/meydan-logo.svg","contentUrl":"https:\/\/www.meydan.tv\/wp-content\/uploads\/2021\/07\/meydan-logo.svg","width":195,"height":46,"caption":"Meydan TV"},"image":{"@id":"https:\/\/www.meydan.tv\/az\/#\/schema\/logo\/image\/"}},{"@type":"Person","@id":"https:\/\/www.meydan.tv\/az\/#\/schema\/person\/9cdbecf90d17180ce1dfbd95b08dcf47","name":"elli","sameAs":["https:\/\/x.com\/elli"]}]}},"_links":{"self":[{"href":"https:\/\/www.meydan.tv\/az\/wp-json\/wp\/v2\/posts\/258014","targetHints":{"allow":["GET"]}}],"collection":[{"href":"https:\/\/www.meydan.tv\/az\/wp-json\/wp\/v2\/posts"}],"about":[{"href":"https:\/\/www.meydan.tv\/az\/wp-json\/wp\/v2\/types\/post"}],"author":[{"embeddable":true,"href":"https:\/\/www.meydan.tv\/az\/wp-json\/wp\/v2\/users\/8"}],"replies":[{"embeddable":true,"href":"https:\/\/www.meydan.tv\/az\/wp-json\/wp\/v2\/comments?post=258014"}],"version-history":[{"count":1,"href":"https:\/\/www.meydan.tv\/az\/wp-json\/wp\/v2\/posts\/258014\/revisions"}],"predecessor-version":[{"id":258015,"href":"https:\/\/www.meydan.tv\/az\/wp-json\/wp\/v2\/posts\/258014\/revisions\/258015"}],"wp:featuredmedia":[{"embeddable":true,"href":"https:\/\/www.meydan.tv\/az\/wp-json\/wp\/v2\/media\/258001"}],"wp:attachment":[{"href":"https:\/\/www.meydan.tv\/az\/wp-json\/wp\/v2\/media?parent=258014"}],"wp:term":[{"taxonomy":"category","embeddable":true,"href":"https:\/\/www.meydan.tv\/az\/wp-json\/wp\/v2\/categories?post=258014"},{"taxonomy":"post_tag","embeddable":true,"href":"https:\/\/www.meydan.tv\/az\/wp-json\/wp\/v2\/tags?post=258014"}],"curies":[{"name":"wp","href":"https:\/\/api.w.org\/{rel}","templated":true}]}}