{"id":257918,"date":"2022-10-10T18:35:48","date_gmt":"2022-10-10T14:35:48","guid":{"rendered":"https:\/\/www.meydan.tv\/?p=257918"},"modified":"2022-10-10T18:39:29","modified_gmt":"2022-10-10T14:39:29","slug":"aile-munaqisesi-3-qadini-xestexanaliq-edib","status":"publish","type":"post","link":"https:\/\/www.meydan.tv\/az\/article\/aile-munaqisesi-3-qadini-xestexanaliq-edib\/","title":{"rendered":"Ail\u0259 m\u00fcnaqi\u015f\u0259si 3 qad\u0131n\u0131 x\u0259st\u0259xanal\u0131q edib"},"content":{"rendered":"\n<p><\/p>\n\n\n\n<p><em>\u018fdav\u0259tin k\u00f6k\u00fcnd\u0259 vaxtil\u0259 t\u00f6r\u0259dilmi\u015f q\u0259tlin durdu\u011fu s\u00f6yl\u0259nilir<\/em><\/p>\n\n\n\n<p>Sabirabad rayonunda \u00fc\u00e7 qad\u0131na ail\u0259 \u00fczvl\u0259ri t\u0259r\u0259find\u0259n soyuq silahla x\u0259sar\u0259t yetirildiyi deyilir.<\/p>\n\n\n\n<p>Rayonun 31 ya\u015fl\u0131 sakini T\u0259briz Firidun o\u011flu Abu\u015fov Meydan TV-y\u0259 m\u00fcraci\u0259t ed\u0259r\u0259k bildirib ki, oktyabr\u0131n 7-d\u0259 onun \u00f6z\u00fcn\u0259 v\u0259 ail\u0259 \u00fczvl\u0259rin\u0259, qarda\u015f\u0131 v\u0259 qarda\u015f\u0131 o\u011flu t\u0259r\u0259find\u0259n a\u011f\u0131r b\u0259d\u0259n x\u0259sar\u0259tl\u0259ri yetirilib v\u0259 onlar polisin laqeydliyi il\u0259 \u00fczl\u0259\u015fibl\u0259r.<\/p>\n\n\n\n<p>T\u0259briz Abu\u015fovun s\u00f6zl\u0259rin\u0259 g\u00f6r\u0259 &#8220;K\u0259nan&#8221; MMC adl\u0131 ticar\u0259t m\u0259rk\u0259zind\u0259 alverl\u0259 m\u0259\u015f\u011ful olur, birinci qrup \u0259lildir.<\/p>\n\n\n\n<p>El\u0259 b\u00f6y\u00fck qarda\u015f\u0131, 49 ya\u015fl\u0131 Ya\u015far v\u0259 onun o\u011flu, 1995-ci il t\u0259v\u0259ll\u00fcdl\u00fc Afiq Abu\u015fov da h\u0259min m\u0259rk\u0259zd\u0259 \u00e7al\u0131\u015f\u0131r.<\/p>\n\n\n\n<p>T\u0259briz Abu\u015fov deyir ki, qarda\u015f\u0131gill\u0259 aralar\u0131nda naraz\u0131l\u0131q m\u0259hz \u0259lilliyind\u0259n istifad\u0259 etm\u0259k ist\u0259m\u0259m\u0259sin\u0259 g\u00f6r\u0259 olub:<\/p>\n\n\n\n<p>\u201cYa\u015far\u0131n on bir metr\u0259lik pi\u015ftaxtas\u0131 var. O\u011flu il\u0259 ikisi birg\u0259 i\u015fl\u0259dir. Bazarda \u015e\u0259rif adl\u0131 ki\u015fi i\u015fl\u0259yir, onun pi\u015ftaxtas\u0131 daha b\u00f6y\u00fckd\u00fcr. Qarda\u015f\u0131m m\u0259n\u0259 dedi ki, \u0259lilliyimd\u0259n istifad\u0259 etm\u0259kl\u0259 \u015e\u0259rifin yerind\u0259n al\u0131b ona verim. O da sat\u0131b \u00f6z\u00fcn\u0259 ma\u015f\u0131n als\u0131n. M\u0259n d\u0259 dedim ki, onu ed\u0259 bilm\u0259r\u0259m\u201d.<\/p>\n\n\n\n<p>T\u0259briz Abu\u015fovun s\u00f6zl\u0259rin\u0259 g\u00f6r\u0259, dedikl\u0259ri qarda\u015f\u0131n\u0131n xo\u015funa g\u0259lm\u0259yib. Ona s\u0259sli ismar\u0131c g\u00f6nd\u0259r\u0259r\u0259k \u201cO\u011flum deyir T\u0259brizd\u0259n uzaq ol, s\u0259nin bir i\u015fin\u0259 yaram\u0131r. M\u0259n onunla d\u00fc\u015fm\u0259n\u0259m\u201d, &#8211; deyib.<\/p>\n\n\n\n<p>\u201cM\u0259n d\u0259 ay\u0131n 6-s\u0131 bazara getdim. Afiqin, Ya\u015far\u0131n pi\u015ftaxtas\u0131 bizim pi\u015ftaxta il\u0259 yax\u0131nd\u0131r. Yax\u0131nla\u015f\u0131b dedim ki, Afiq, m\u0259n s\u0259nin \u0259min\u0259m. S\u0259n niy\u0259 atana deyirs\u0259n ki, qarda\u015f\u0131ndan uzaq ol? O da nalayiq ifad\u0259l\u0259rl\u0259 m\u0259ni t\u0259hqir edib dedi ki, \u0259mim deyils\u0259n. \u00dcst\u0259lik, h\u00fccum el\u0259di, pi\u015ftaxtada olan ayaqqab\u0131lar\u0131 ba\u015f\u0131ma \u00e7\u0131rpd\u0131. \u00c7evrildim ki, qa\u00e7\u0131m, y\u0131x\u0131ld\u0131m h\u0259r iki aya\u011f\u0131mdan x\u0259sar\u0259t ald\u0131m\u201d, &#8211; \u015fikay\u0259t\u00e7i deyir.<\/p>\n\n\n\n<figure class=\"wp-block-image size-full\"><img decoding=\"async\" width=\"1200\" height=\"800\" data-src=\"https:\/\/www.meydan.tv\/wp-content\/uploads\/yasar-1.jpg\" alt=\"\" class=\"wp-image-257919 lazyload\" src=\"data:image\/svg+xml;base64,PHN2ZyB3aWR0aD0iMSIgaGVpZ2h0PSIxIiB4bWxucz0iaHR0cDovL3d3dy53My5vcmcvMjAwMC9zdmciPjwvc3ZnPg==\" style=\"--smush-placeholder-width: 1200px; --smush-placeholder-aspect-ratio: 1200\/800;\" \/><figcaption>Ya\u015far Abu\u015fov v\u0259 T\u0259briz Abu\u015fov<\/figcaption><\/figure>\n\n\n\n<p>T\u0259briz Abu\u015fov deyir ki, h\u0259min vaxt b\u00f6y\u00fck qarda\u015f\u0131 orada olmay\u0131b. Ortanc\u0131l qarda\u015f\u0131 Valeh is\u0259 Afiqin pi\u015ftaxtas\u0131n\u0131 da\u011f\u0131d\u0131b. Ancaq bunu onun \u00fcst\u00fcn\u0259 y\u0131x\u0131b v\u0259 b\u00f6y\u00fck qarda\u015f\u0131 Ya\u015fara z\u0259ng ed\u0259r\u0259k onu ticar\u0259t m\u0259rk\u0259zin\u0259 \u00e7a\u011f\u0131r\u0131b:<\/p>\n\n\n\n<p>\u201cYa\u015far baltan\u0131 g\u00f6t\u00fcr\u00fcb g\u0259ldi bazara. G\u0259l\u0259n kimi \u201chan\u0131 T\u0259briz? Onu \u00f6ld\u00fcr\u0259c\u0259m\u201d deyib m\u0259ni axtard\u0131. Bazarda i\u015fl\u0259y\u0259nl\u0259r d\u0259 orada idi&#8221;.<\/p>\n\n\n\n<p>\u015eikay\u0259t\u00e7i deyir ki, hadis\u0259 yerind\u0259 bac\u0131s\u0131 G\u00fclt\u0259kin Abu\u015fova da olub. O, t\u0259r\u0259fl\u0259ri sakitl\u0259\u015fdirm\u0259y\u0259 \u00e7al\u0131\u015fsa da, bacarmay\u0131b. T\u0259briz Abu\u015fovun s\u00f6zl\u0259rin\u0259 g\u00f6r\u0259, qarda\u015f\u0131n\u0131n h\u0259d\u0259l\u0259rind\u0259n narahat oldu\u011fundan Sabirabad Rayon Polis \u015e\u00f6b\u0259sin\u0259 \u00fcz tutub, ancaq \u015fikay\u0259tin\u0259 m\u0259h\u0259l qoyulmay\u0131b:<\/p>\n\n\n\n<p>&#8220;S\u0259h\u0259r saat 9-dan saat 3-\u0259 q\u0259d\u0259r durduq qap\u0131da. H\u0259yat yolda\u015f\u0131m G\u00fclnar v\u0259 bac\u0131m q\u0131z\u0131 N\u0259rmin d\u0259 yan\u0131mda idi. T\u0259hqiqat\u00e7\u0131 M\u00f6hl\u0259t Bayramova, n\u00f6vb\u0259t\u00e7i hiss\u0259d\u0259 olan \u018fhm\u0259d\u0259 yalvard\u0131m ki, polis g\u00f6nd\u0259rin, qarda\u015f\u0131m Ya\u015farla o\u011flu Afiq bizi \u00f6ld\u00fcrm\u0259k ist\u0259yir. Dedil\u0259r, he\u00e7 n\u0259 olmaz, gedin, biz cavabdehik. H\u0259min vaxt ma\u015f\u0131nla oradan ke\u00e7\u0259n Afiql\u0259 Ya\u015far biz\u0259 dedi ki, ev\u0259 g\u0259lm\u0259yin, sizi tik\u0259-tik\u0259 do\u011frayaca\u011f\u0131q. Sonra g\u0259lib evd\u0259 72 ya\u015fl\u0131, 2-ci qrup \u0259lil anam\u0131 d\u00f6y\u00fcbl\u0259r\u201d.<\/p>\n\n\n\n<p>\u015eikay\u0259t\u00e7i deyir ki, polisin s\u00f6z\u00fcn\u0259 g\u00fcv\u0259nib ev\u0259 qay\u0131d\u0131blar. Ma\u015f\u0131ndan d\u00fc\u015f\u0259n kimi Ya\u015far Abu\u015fovla o\u011flu da g\u0259lib \u00e7\u0131x\u0131b:<\/p>\n\n\n\n<p>\u201cMa\u015f\u0131ndan b\u0131\u00e7aq, a\u011fac k\u00f6t\u00fcy\u00fc g\u00f6t\u00fcr\u00fcb biz\u0259 h\u00fccum etdil\u0259r, m\u0259ni, yolda\u015f\u0131m\u0131 d\u00f6yd\u00fcl\u0259r. Bac\u0131mla q\u0131z\u0131 biz\u0259 qonaq g\u0259lmi\u015fdi. Bac\u0131m\u0131n q\u0131z\u0131 aralanmaq ist\u0259di, ona da x\u0259sar\u0259t yetirdil\u0259r. Polis\u0259 z\u0259ng ets\u0259k d\u0259, g\u0259lm\u0259dil\u0259r. Ortanc\u0131l qarda\u015f\u0131m Valeh yan\u0131m\u0131zda t\u0259hqiqat\u00e7\u0131ya z\u0259ng edib deyir ki, g\u0259lib h\u00f6rm\u0259tinizi ed\u0259c\u0259m, g\u0259lm\u0259yin&#8221;.<\/p>\n\n\n\n<p>\u015eikay\u0259t\u00e7inin iddias\u0131na g\u00f6r\u0259, qarda\u015f\u0131 v\u0259 onun o\u011flu h\u0259yat yolda\u015f\u0131 G\u00fclnar \u0130sg\u0259nd\u0259rovaya, bac\u0131s\u0131, 1976-c\u0131 il t\u0259v\u0259ll\u00fcdl\u00fc G\u00fclt\u0259kin Abu\u015fovaya, bac\u0131s\u0131 q\u0131z\u0131, 19 ya\u015fl\u0131 N\u0259rmin \u018fliyevaya b\u0131\u00e7aqla m\u00fcxt\u0259lif nahiyy\u0259l\u0259rd\u0259n x\u0259sar\u0259tl\u0259r yetirib.<\/p>\n\n\n\n<figure class=\"wp-block-image size-full\"><img decoding=\"async\" width=\"1200\" height=\"800\" data-src=\"https:\/\/www.meydan.tv\/wp-content\/uploads\/untitled-design-5-29.jpg\" alt=\"\" class=\"wp-image-257915 lazyload\" src=\"data:image\/svg+xml;base64,PHN2ZyB3aWR0aD0iMSIgaGVpZ2h0PSIxIiB4bWxucz0iaHR0cDovL3d3dy53My5vcmcvMjAwMC9zdmciPjwvc3ZnPg==\" style=\"--smush-placeholder-width: 1200px; --smush-placeholder-aspect-ratio: 1200\/800;\" \/><figcaption>Fotolar: Meydan TV<\/figcaption><\/figure>\n\n\n\n<p>H\u0259min g\u00fcn Sabirabad Rayon M\u0259rk\u0259zi X\u0259st\u0259xanas\u0131na \u00e7atd\u0131r\u0131lan qad\u0131nlar oktyabr\u0131n 9-da ev\u0259 burax\u0131l\u0131blar.<\/p>\n\n\n\n<p>Meydan TV x\u0259st\u0259xana il\u0259 \u0259laq\u0259 saxlasa da, \u201cqad\u0131nlar\u0131n v\u0259ziyy\u0259ti q\u0259na\u0259tb\u0259x\u015f oldu\u011fu \u00fc\u00e7\u00fcn ev\u0259 g\u00f6nd\u0259rilib\u201d dem\u0259kl\u0259 kifay\u0259tl\u0259nibl\u0259r.<\/p>\n\n\n\n<p>T\u0259briz Abu\u015fovun h\u0259yat yolda\u015f\u0131 G\u00fclnar \u0130sg\u0259nd\u0259rova Meydan TV-y\u0259 deyib ki, \u0259sas d\u00f6y\u00fcl\u0259n o olub:<\/p>\n\n\n\n<p>\u201cBald\u0131z\u0131m k\u0259ll\u0259-beyin travmas\u0131 al\u0131b, N\u0259rminin is\u0259 burnunu s\u0131nd\u0131r\u0131blar. M\u0259nim dalaq, qar\u0131n nahiy\u0259m z\u0259d\u0259l\u0259nib, b\u0131\u00e7aq is\u0259 sol qoluma vurulub\u201d.<\/p>\n\n\n\n<p>T\u0259briz Abu\u015fovun s\u00f6zl\u0259rin\u0259 g\u00f6r\u0259, ail\u0259 \u00fczvl\u0259ri aras\u0131nda \u0259dav\u0259tin k\u00f6k\u00fc 2004-c\u00fc ild\u0259 ba\u015f vermi\u015f qanl\u0131 olayla ba\u011fl\u0131d\u0131r:<\/p>\n\n\n\n<p>&#8220;Ya\u015far 2004-c\u00fc ild\u0259 bac\u0131m\u0131z G\u00fclt\u0259kinin h\u0259yat yolda\u015f\u0131 Ba\u011f\u0131r\u0131 \u00f6ld\u00fcr\u00fcb. Yezn\u0259-qay\u0131n h\u0259min \u0259razid\u0259 yana\u015f\u0131 alver edirdil\u0259r. Onun yerini d\u0259 almaq ist\u0259yirdi. Onun \u00fcst\u00fcnd\u0259 yezn\u0259mizi \u00f6ld\u00fcrd\u00fc. Bir ya\u015f\u0131nda u\u015fa\u011f\u0131 yetim qald\u0131. Bax, bu N\u0259rmin. On il adam \u00f6ld\u00fcrm\u0259 madd\u0259si il\u0259 h\u0259bs yat\u0131b. D\u00fcz\u00fc, m\u0259niml\u0259 i\u015fi yoxdur, sad\u0259c\u0259 m\u0259ni vadar edir ki, \u0259lilliyimd\u0259n istifad\u0259 edim. H\u0259tta deyibl\u0259r ki, onsuz da polis\u0259 pul verib i\u015fi \u00f6rt-basd\u0131r ed\u0259c\u0259yik&#8221;.<\/p>\n\n\n\n<p>T\u0259briz Abu\u015fov onu da deyib ki, qarda\u015f\u0131 Ya\u015far \u00f6z\u00fcn\u0259 saxta \u0259lillik v\u0259siq\u0259si d\u00fcz\u0259ldib:<\/p>\n\n\n\n<p>\u201cYa\u015far guya birinci qrup \u0259lildir. O vaxt\u0131 h\u0259rbi xidm\u0259td\u0259n yay\u0131nmaq \u00fc\u00e7\u00fcn al\u0131b. Ma\u015fta\u011fada yatmay\u0131b bu adam, gedib K\u00fcrd\u0259mirin Molla k\u0259ndind\u0259 d\u00fcz\u0259ldib \u0259lillik ka\u011f\u0131z\u0131n\u0131. Bundan istifad\u0259 edib insanlara x\u0259sar\u0259t yetirir, dey\u0259nd\u0259 deyir ki, m\u0259n x\u0259st\u0259y\u0259m. Afiq d\u0259 1995-t\u0259v\u0259ll\u00fcdl\u00fcd\u00fcr, h\u0259rbi xidm\u0259t\u0259 getm\u0259yib. Gedib \u00f6z\u00fcn\u0259 pulla x\u0259st\u0259lik ka\u011f\u0131z\u0131 al\u0131b, h\u0259rbid\u0259n yay\u0131n\u0131b. Pensiya alm\u0131r. S\u00fcrd\u00fckl\u0259ri ma\u015f\u0131n da Afiqindir. Bel\u0259 bahal\u0131 ma\u015f\u0131n ruhi x\u0259st\u0259d\u0259 n\u0259 g\u0259zir? M\u0259n \u0259lil\u0259m dey\u0259 h\u0259yat yolda\u015f\u0131ma, bac\u0131ma k\u00f6m\u0259k ed\u0259, onlar\u0131n \u0259lind\u0259n ala bilm\u0259dim&#8221;.<\/p>\n\n\n\n<p>Afiq Abu\u015fov Meydan TV-y\u0259 hadis\u0259ni yalanlay\u0131b:<\/p>\n\n\n\n<p>\u201cSiz polisl\u0259 \u0259laq\u0259 saxlasan\u0131z dey\u0259rl\u0259r onlar nec\u0259 problemli ail\u0259dir. He\u00e7 bir d\u00f6y\u00fclm\u0259 hadis\u0259si olmay\u0131b, onlar sad\u0259c\u0259 bizi \u015f\u0259rl\u0259m\u0259kl\u0259 atam\u0131n qisas\u0131n\u0131 al\u0131rlar\u201d.<\/p>\n\n\n\n<figure class=\"wp-block-image size-full\"><img decoding=\"async\" width=\"1200\" height=\"800\" data-src=\"https:\/\/www.meydan.tv\/wp-content\/uploads\/untitled-design-7-21.jpg\" alt=\"\" class=\"wp-image-257929 lazyload\" src=\"data:image\/svg+xml;base64,PHN2ZyB3aWR0aD0iMSIgaGVpZ2h0PSIxIiB4bWxucz0iaHR0cDovL3d3dy53My5vcmcvMjAwMC9zdmciPjwvc3ZnPg==\" style=\"--smush-placeholder-width: 1200px; --smush-placeholder-aspect-ratio: 1200\/800;\" \/><\/figure>\n\n\n\n<p>Ortanc\u0131l qarda\u015f Valeh Abu\u015fov is\u0259 ad\u0131n\u0131n bu m\u0259s\u0259l\u0259d\u0259 hallanmas\u0131n\u0131 ist\u0259m\u0259yib. O da ki\u00e7ik qarda\u015f\u0131gili \u201cm\u00fcnaqi\u015f\u0259li ail\u0259\u201d kimi xarakteriz\u0259 edib:<\/p>\n\n\n\n<p>\u201cD\u0259f\u0259l\u0259rl\u0259 \u00f6zl\u0259rin\u0259 x\u0259sar\u0259t yetirib ekspertizaya gedibl\u0259r, bir ne\u00e7\u0259 \u015f\u0259xsi \u015fanta\u015f edibl\u0259r. Ekspert d\u0259 r\u0259y verib ki, \u00f6zl\u0259ri \u00f6zl\u0259rin\u0259 x\u0259sar\u0259t yetirib. Ara\u015fd\u0131rma apar\u0131n, Sabirabad Rayon Polis \u015e\u00f6b\u0259sind\u0259n bel\u0259 dey\u0259c\u0259kl\u0259r. Onlar D\u0130N-d\u0259 &#8220;m\u00fcnaqi\u015f\u0259li ail\u0259&#8221; kimi qeydiyyatdad\u0131rlar. Sabirabad rayon bazarkomu bunlar\u0131n ham\u0131s\u0131n\u0131n \u015fahididir. Bunlar\u0131n m\u0259qs\u0259di budur ki, ham\u0131n\u0131 qorxuzsunlar. \u015e\u0259rif adl\u0131 \u015f\u0259xsd\u0259n pi\u015ftaxta al\u0131b verm\u0259k ittiham\u0131 yaland\u0131r. Onlar kimdir ki, kimd\u0259ns\u0259 pi\u015ftaxta als\u0131nlar? Bazar\u0131n sahibi var. Ham\u0131s\u0131 b\u00f6htand\u0131r\u201d.<\/p>\n\n\n\n<p>Valeh Abu\u015fov hesab edir ki, bac\u0131s\u0131n\u0131n \u0259ri \u00f6ld\u00fcr\u00fcld\u00fcy\u00fc \u00fc\u00e7\u00fcn b\u00f6y\u00fck qarda\u015f\u0131na qar\u015f\u0131 q\u0259r\u0259zlidir:<\/p>\n\n\n\n<p>\u201cM\u0259nim qarda\u015f\u0131m T\u0259briz birinci qrup \u0259lildir. Ya\u015far\u0131n \u0259lilliyi d\u0259 saxta deyil. O, on il t\u00fcrm\u0259 yat\u0131b v\u0259 30 ildir x\u0259st\u0259dir. D\u00fczd\u00fcr, Ba\u011f\u0131r \u018fliyevi q\u0259tl\u0259 yetirib, c\u0259zas\u0131n\u0131 da \u00e7\u0259kib g\u0259lib. Bac\u0131m\u0131n s\u0259s yaz\u0131s\u0131 da var, deyir, \u0259rinin qisas\u0131n\u0131 almaq ist\u0259yir, 18 ildir qisas g\u00fcn\u00fcn\u00fc g\u00f6zl\u0259yir. B\u0259li, m\u00fcnaqi\u015f\u0259 onun \u00fcst\u00fcnd\u0259dir. M\u0259hz buna g\u00f6r\u0259 polis \u015f\u00f6b\u0259si onlar\u0131 q\u0259bul etmir. T\u0259briz x\u0259st\u0259 u\u015faqd\u0131r, \u00fcst\u00fcn\u0259 niy\u0259 b\u0131\u00e7aq \u00e7\u0259kilsin? H\u0259r ikisi qarda\u015f\u0131md\u0131r. Ail\u0259 m\u00fcnaqi\u015f\u0259sidir. D\u00f6y\u00fclm\u0259 olmay\u0131b, orda 20-30 \u015fahid var, bu d\u0259qiq\u0259 t\u0259hqiqat gedir, izahatlar\u0131 al\u0131n\u0131b\u201d.<\/p>\n\n\n\n<p>Valeh Abu\u015fov qarda\u015f\u0131 o\u011flu Afiqin t\u0259r\u0259find\u0259 oldu\u011funu gizl\u0259tm\u0259yib:<\/p>\n\n\n\n<p>\u201cAfiq k\u0259rb\u0259layidir, bir adam\u0131n toyu\u011funa da\u015f atan adam deyil, bir d\u0259f\u0259 onun ad\u0131 rayon polis \u015f\u00f6b\u0259sin\u0259 d\u00fc\u015fm\u0259yib. Amma bunlarla da maraqlan\u0131n. G\u00f6r\u00fcn n\u0259 dey\u0259c\u0259kl\u0259r. T\u0259briz birinci qrup \u0259lildir. Tez-tez \u0259hval\u0131 d\u0259yi\u015fir. Bu g\u00fcn bel\u0259, sabah el\u0259. Biz\u0259 d\u0259 bazarda r\u0259hb\u0259rlikd\u0259n deyibl\u0259r ki, ona ba\u015f qo\u015fmayaq. Polis d\u0259 haz\u0131rda \u00e7al\u0131\u015f\u0131r ki, t\u0259r\u0259fl\u0259ri bar\u0131\u015fd\u0131rs\u0131n. \u00d6l\u00fcm yox, itim yox. Biri birini c\u0131z\u0131r, gedib ka\u011f\u0131z al\u0131r. Bizim 30 \u015fahidimiz var, onlar\u0131n he\u00e7 bir \u015fahidi d\u0259 yoxdur\u201d.<\/p>\n\n\n\n<p>Hadis\u0259ni ara\u015fd\u0131ran t\u0259hqiqat\u00e7\u0131 Fikr\u0259t Ba\u011f\u0131rov Meydan TV-y\u0259 deyib ki, haz\u0131rda i\u015f ara\u015fd\u0131r\u0131l\u0131r:<\/p>\n\n\n\n<p>\u201cEkspertizan\u0131n r\u0259yini g\u00f6zl\u0259yirik, ondan sonra m\u00fcvafiq q\u0259rar veril\u0259c\u0259k\u201d.<\/p>\n\n\n\n<p>D\u0130N-in m\u0259tbuat xidm\u0259tinin regional qrupundan polis kapitan\u0131 Nizam H\u0259midovun verdiyi m\u0259lumatda da deyilir ki, daxil olmu\u015f m\u00fcraci\u0259t \u0259sas\u0131ndan Sabirabad Rayon Polis \u015e\u00f6b\u0259sind\u0259 m\u00fcvafiq ara\u015fd\u0131rma apar\u0131l\u0131r. Ara\u015fd\u0131rman\u0131n n\u0259tic\u0259si olaraq hadis\u0259y\u0259 h\u00fcquqi qiym\u0259t veril\u0259c\u0259k.<\/p>\n","protected":false},"excerpt":{"rendered":"<p>\u018fdav\u0259tin k\u00f6k\u00fcnd\u0259 vaxtil\u0259 t\u00f6r\u0259dilmi\u015f q\u0259tlin durdu\u011fu s\u00f6yl\u0259nilir Sabirabad rayonunda \u00fc\u00e7 &#8230; <\/p>\n<p class=\"read-more-container\"><a title=\"Ail\u0259 m\u00fcnaqi\u015f\u0259si 3 qad\u0131n\u0131 x\u0259st\u0259xanal\u0131q edib\" class=\"read-more button\" href=\"https:\/\/www.meydan.tv\/az\/article\/aile-munaqisesi-3-qadini-xestexanaliq-edib\/#more-257918\" aria-label=\"Read more about Ail\u0259 m\u00fcnaqi\u015f\u0259si 3 qad\u0131n\u0131 x\u0259st\u0259xanal\u0131q edib\">Davam\u0131<\/a><\/p>\n","protected":false},"author":8,"featured_media":257912,"comment_status":"closed","ping_status":"closed","sticky":false,"template":"","format":"standard","meta":{"_acf_changed":false,"_sitemap_exclude":false,"_sitemap_priority":"","_sitemap_frequency":"","footnotes":""},"categories":[60,79,56],"tags":[],"class_list":["post-257918","post","type-post","status-publish","format-standard","has-post-thumbnail","hentry","category-bolge","category-featured","category-xeberler","infinite-scroll-item","generate-columns","tablet-grid-50","mobile-grid-100","grid-parent","grid-33","no-featured-image-padding"],"acf":[],"yoast_head":"<!-- This site is optimized with the Yoast SEO plugin v27.5 - https:\/\/yoast.com\/product\/yoast-seo-wordpress\/ -->\n<title>Ail\u0259 m\u00fcnaqi\u015f\u0259si 3 qad\u0131n\u0131 x\u0259st\u0259xanal\u0131q edib - MEYDAN.TV<\/title>\n<meta name=\"robots\" content=\"index, follow, max-snippet:-1, max-image-preview:large, max-video-preview:-1\" \/>\n<link rel=\"canonical\" href=\"https:\/\/www.meydan.tv\/az\/article\/aile-munaqisesi-3-qadini-xestexanaliq-edib\/\" \/>\n<meta property=\"og:locale\" content=\"az_AZ\" \/>\n<meta property=\"og:type\" content=\"article\" \/>\n<meta property=\"og:title\" content=\"Ail\u0259 m\u00fcnaqi\u015f\u0259si 3 qad\u0131n\u0131 x\u0259st\u0259xanal\u0131q edib - MEYDAN.TV\" \/>\n<meta property=\"og:description\" content=\"\u018fdav\u0259tin k\u00f6k\u00fcnd\u0259 vaxtil\u0259 t\u00f6r\u0259dilmi\u015f q\u0259tlin durdu\u011fu s\u00f6yl\u0259nilir Sabirabad rayonunda \u00fc\u00e7 ... Davam\u0131\" \/>\n<meta property=\"og:url\" content=\"https:\/\/www.meydan.tv\/az\/article\/aile-munaqisesi-3-qadini-xestexanaliq-edib\/\" \/>\n<meta property=\"og:site_name\" content=\"MEYDAN.TV\" \/>\n<meta property=\"article:published_time\" content=\"2022-10-10T14:35:48+00:00\" \/>\n<meta property=\"article:modified_time\" content=\"2022-10-10T14:39:29+00:00\" \/>\n<meta property=\"og:image\" content=\"https:\/\/www.meydan.tv\/wp-content\/uploads\/untitled-design-3-38.jpg\" \/>\n\t<meta property=\"og:image:width\" content=\"1200\" \/>\n\t<meta property=\"og:image:height\" content=\"800\" \/>\n\t<meta property=\"og:image:type\" content=\"image\/jpeg\" \/>\n<meta name=\"author\" content=\"elli\" \/>\n<meta name=\"twitter:card\" content=\"summary_large_image\" \/>\n<meta name=\"twitter:creator\" content=\"@elli\" \/>\n<script type=\"application\/ld+json\" class=\"yoast-schema-graph\">{\"@context\":\"https:\\\/\\\/schema.org\",\"@graph\":[{\"@type\":\"Article\",\"@id\":\"https:\\\/\\\/www.meydan.tv\\\/az\\\/article\\\/aile-munaqisesi-3-qadini-xestexanaliq-edib\\\/#article\",\"isPartOf\":{\"@id\":\"https:\\\/\\\/www.meydan.tv\\\/az\\\/article\\\/aile-munaqisesi-3-qadini-xestexanaliq-edib\\\/\"},\"author\":{\"name\":\"elli\",\"@id\":\"https:\\\/\\\/www.meydan.tv\\\/az\\\/#\\\/schema\\\/person\\\/9cdbecf90d17180ce1dfbd95b08dcf47\"},\"headline\":\"Ail\u0259 m\u00fcnaqi\u015f\u0259si 3 qad\u0131n\u0131 x\u0259st\u0259xanal\u0131q edib\",\"datePublished\":\"2022-10-10T14:35:48+00:00\",\"dateModified\":\"2022-10-10T14:39:29+00:00\",\"mainEntityOfPage\":{\"@id\":\"https:\\\/\\\/www.meydan.tv\\\/az\\\/article\\\/aile-munaqisesi-3-qadini-xestexanaliq-edib\\\/\"},\"wordCount\":1815,\"publisher\":{\"@id\":\"https:\\\/\\\/www.meydan.tv\\\/az\\\/#organization\"},\"image\":{\"@id\":\"https:\\\/\\\/www.meydan.tv\\\/az\\\/article\\\/aile-munaqisesi-3-qadini-xestexanaliq-edib\\\/#primaryimage\"},\"thumbnailUrl\":\"https:\\\/\\\/www.meydan.tv\\\/wp-content\\\/uploads\\\/untitled-design-3-38.jpg\",\"articleSection\":[\"B\u00f6lg\u0259\",\"T\u00f6vsiy\u0259\",\"X\u0259b\u0259rl\u0259r\"],\"inLanguage\":\"az\"},{\"@type\":\"WebPage\",\"@id\":\"https:\\\/\\\/www.meydan.tv\\\/az\\\/article\\\/aile-munaqisesi-3-qadini-xestexanaliq-edib\\\/\",\"url\":\"https:\\\/\\\/www.meydan.tv\\\/az\\\/article\\\/aile-munaqisesi-3-qadini-xestexanaliq-edib\\\/\",\"name\":\"Ail\u0259 m\u00fcnaqi\u015f\u0259si 3 qad\u0131n\u0131 x\u0259st\u0259xanal\u0131q edib - MEYDAN.TV\",\"isPartOf\":{\"@id\":\"https:\\\/\\\/www.meydan.tv\\\/az\\\/#website\"},\"primaryImageOfPage\":{\"@id\":\"https:\\\/\\\/www.meydan.tv\\\/az\\\/article\\\/aile-munaqisesi-3-qadini-xestexanaliq-edib\\\/#primaryimage\"},\"image\":{\"@id\":\"https:\\\/\\\/www.meydan.tv\\\/az\\\/article\\\/aile-munaqisesi-3-qadini-xestexanaliq-edib\\\/#primaryimage\"},\"thumbnailUrl\":\"https:\\\/\\\/www.meydan.tv\\\/wp-content\\\/uploads\\\/untitled-design-3-38.jpg\",\"datePublished\":\"2022-10-10T14:35:48+00:00\",\"dateModified\":\"2022-10-10T14:39:29+00:00\",\"breadcrumb\":{\"@id\":\"https:\\\/\\\/www.meydan.tv\\\/az\\\/article\\\/aile-munaqisesi-3-qadini-xestexanaliq-edib\\\/#breadcrumb\"},\"inLanguage\":\"az\",\"potentialAction\":[{\"@type\":\"ReadAction\",\"target\":[\"https:\\\/\\\/www.meydan.tv\\\/az\\\/article\\\/aile-munaqisesi-3-qadini-xestexanaliq-edib\\\/\"]}]},{\"@type\":\"ImageObject\",\"inLanguage\":\"az\",\"@id\":\"https:\\\/\\\/www.meydan.tv\\\/az\\\/article\\\/aile-munaqisesi-3-qadini-xestexanaliq-edib\\\/#primaryimage\",\"url\":\"https:\\\/\\\/www.meydan.tv\\\/wp-content\\\/uploads\\\/untitled-design-3-38.jpg\",\"contentUrl\":\"https:\\\/\\\/www.meydan.tv\\\/wp-content\\\/uploads\\\/untitled-design-3-38.jpg\",\"width\":1200,\"height\":800,\"caption\":\"Fotolar: Meydan TV\"},{\"@type\":\"BreadcrumbList\",\"@id\":\"https:\\\/\\\/www.meydan.tv\\\/az\\\/article\\\/aile-munaqisesi-3-qadini-xestexanaliq-edib\\\/#breadcrumb\",\"itemListElement\":[{\"@type\":\"ListItem\",\"position\":1,\"name\":\"Ana s\u0259hif\u0259\",\"item\":\"https:\\\/\\\/www.meydan.tv\\\/az\\\/\"},{\"@type\":\"ListItem\",\"position\":2,\"name\":\"B\u00f6lg\u0259\",\"item\":\"https:\\\/\\\/www.meydan.tv\\\/az\\\/section\\\/bolge\\\/\"},{\"@type\":\"ListItem\",\"position\":3,\"name\":\"Ail\u0259 m\u00fcnaqi\u015f\u0259si 3 qad\u0131n\u0131 x\u0259st\u0259xanal\u0131q edib\"}]},{\"@type\":\"WebSite\",\"@id\":\"https:\\\/\\\/www.meydan.tv\\\/az\\\/#website\",\"url\":\"https:\\\/\\\/www.meydan.tv\\\/az\\\/\",\"name\":\"MEYDAN.TV\",\"description\":\"Meydan TV Az\u0259rbaycan\u0131n media m\u0259kan\u0131ndak\u0131 alternativ s\u0259sidir\",\"publisher\":{\"@id\":\"https:\\\/\\\/www.meydan.tv\\\/az\\\/#organization\"},\"potentialAction\":[{\"@type\":\"SearchAction\",\"target\":{\"@type\":\"EntryPoint\",\"urlTemplate\":\"https:\\\/\\\/www.meydan.tv\\\/az\\\/?s={search_term_string}\"},\"query-input\":{\"@type\":\"PropertyValueSpecification\",\"valueRequired\":true,\"valueName\":\"search_term_string\"}}],\"inLanguage\":\"az\"},{\"@type\":\"Organization\",\"@id\":\"https:\\\/\\\/www.meydan.tv\\\/az\\\/#organization\",\"name\":\"Meydan TV\",\"url\":\"https:\\\/\\\/www.meydan.tv\\\/az\\\/\",\"logo\":{\"@type\":\"ImageObject\",\"inLanguage\":\"az\",\"@id\":\"https:\\\/\\\/www.meydan.tv\\\/az\\\/#\\\/schema\\\/logo\\\/image\\\/\",\"url\":\"https:\\\/\\\/www.meydan.tv\\\/wp-content\\\/uploads\\\/2021\\\/07\\\/meydan-logo.svg\",\"contentUrl\":\"https:\\\/\\\/www.meydan.tv\\\/wp-content\\\/uploads\\\/2021\\\/07\\\/meydan-logo.svg\",\"width\":195,\"height\":46,\"caption\":\"Meydan TV\"},\"image\":{\"@id\":\"https:\\\/\\\/www.meydan.tv\\\/az\\\/#\\\/schema\\\/logo\\\/image\\\/\"}},{\"@type\":\"Person\",\"@id\":\"https:\\\/\\\/www.meydan.tv\\\/az\\\/#\\\/schema\\\/person\\\/9cdbecf90d17180ce1dfbd95b08dcf47\",\"name\":\"elli\",\"sameAs\":[\"https:\\\/\\\/x.com\\\/elli\"]}]}<\/script>\n<!-- \/ Yoast SEO plugin. -->","yoast_head_json":{"title":"Ail\u0259 m\u00fcnaqi\u015f\u0259si 3 qad\u0131n\u0131 x\u0259st\u0259xanal\u0131q edib - MEYDAN.TV","robots":{"index":"index","follow":"follow","max-snippet":"max-snippet:-1","max-image-preview":"max-image-preview:large","max-video-preview":"max-video-preview:-1"},"canonical":"https:\/\/www.meydan.tv\/az\/article\/aile-munaqisesi-3-qadini-xestexanaliq-edib\/","og_locale":"az_AZ","og_type":"article","og_title":"Ail\u0259 m\u00fcnaqi\u015f\u0259si 3 qad\u0131n\u0131 x\u0259st\u0259xanal\u0131q edib - MEYDAN.TV","og_description":"\u018fdav\u0259tin k\u00f6k\u00fcnd\u0259 vaxtil\u0259 t\u00f6r\u0259dilmi\u015f q\u0259tlin durdu\u011fu s\u00f6yl\u0259nilir Sabirabad rayonunda \u00fc\u00e7 ... Davam\u0131","og_url":"https:\/\/www.meydan.tv\/az\/article\/aile-munaqisesi-3-qadini-xestexanaliq-edib\/","og_site_name":"MEYDAN.TV","article_published_time":"2022-10-10T14:35:48+00:00","article_modified_time":"2022-10-10T14:39:29+00:00","og_image":[{"width":1200,"height":800,"url":"https:\/\/www.meydan.tv\/wp-content\/uploads\/untitled-design-3-38.jpg","type":"image\/jpeg"}],"author":"elli","twitter_card":"summary_large_image","twitter_creator":"@elli","schema":{"@context":"https:\/\/schema.org","@graph":[{"@type":"Article","@id":"https:\/\/www.meydan.tv\/az\/article\/aile-munaqisesi-3-qadini-xestexanaliq-edib\/#article","isPartOf":{"@id":"https:\/\/www.meydan.tv\/az\/article\/aile-munaqisesi-3-qadini-xestexanaliq-edib\/"},"author":{"name":"elli","@id":"https:\/\/www.meydan.tv\/az\/#\/schema\/person\/9cdbecf90d17180ce1dfbd95b08dcf47"},"headline":"Ail\u0259 m\u00fcnaqi\u015f\u0259si 3 qad\u0131n\u0131 x\u0259st\u0259xanal\u0131q edib","datePublished":"2022-10-10T14:35:48+00:00","dateModified":"2022-10-10T14:39:29+00:00","mainEntityOfPage":{"@id":"https:\/\/www.meydan.tv\/az\/article\/aile-munaqisesi-3-qadini-xestexanaliq-edib\/"},"wordCount":1815,"publisher":{"@id":"https:\/\/www.meydan.tv\/az\/#organization"},"image":{"@id":"https:\/\/www.meydan.tv\/az\/article\/aile-munaqisesi-3-qadini-xestexanaliq-edib\/#primaryimage"},"thumbnailUrl":"https:\/\/www.meydan.tv\/wp-content\/uploads\/untitled-design-3-38.jpg","articleSection":["B\u00f6lg\u0259","T\u00f6vsiy\u0259","X\u0259b\u0259rl\u0259r"],"inLanguage":"az"},{"@type":"WebPage","@id":"https:\/\/www.meydan.tv\/az\/article\/aile-munaqisesi-3-qadini-xestexanaliq-edib\/","url":"https:\/\/www.meydan.tv\/az\/article\/aile-munaqisesi-3-qadini-xestexanaliq-edib\/","name":"Ail\u0259 m\u00fcnaqi\u015f\u0259si 3 qad\u0131n\u0131 x\u0259st\u0259xanal\u0131q edib - MEYDAN.TV","isPartOf":{"@id":"https:\/\/www.meydan.tv\/az\/#website"},"primaryImageOfPage":{"@id":"https:\/\/www.meydan.tv\/az\/article\/aile-munaqisesi-3-qadini-xestexanaliq-edib\/#primaryimage"},"image":{"@id":"https:\/\/www.meydan.tv\/az\/article\/aile-munaqisesi-3-qadini-xestexanaliq-edib\/#primaryimage"},"thumbnailUrl":"https:\/\/www.meydan.tv\/wp-content\/uploads\/untitled-design-3-38.jpg","datePublished":"2022-10-10T14:35:48+00:00","dateModified":"2022-10-10T14:39:29+00:00","breadcrumb":{"@id":"https:\/\/www.meydan.tv\/az\/article\/aile-munaqisesi-3-qadini-xestexanaliq-edib\/#breadcrumb"},"inLanguage":"az","potentialAction":[{"@type":"ReadAction","target":["https:\/\/www.meydan.tv\/az\/article\/aile-munaqisesi-3-qadini-xestexanaliq-edib\/"]}]},{"@type":"ImageObject","inLanguage":"az","@id":"https:\/\/www.meydan.tv\/az\/article\/aile-munaqisesi-3-qadini-xestexanaliq-edib\/#primaryimage","url":"https:\/\/www.meydan.tv\/wp-content\/uploads\/untitled-design-3-38.jpg","contentUrl":"https:\/\/www.meydan.tv\/wp-content\/uploads\/untitled-design-3-38.jpg","width":1200,"height":800,"caption":"Fotolar: Meydan TV"},{"@type":"BreadcrumbList","@id":"https:\/\/www.meydan.tv\/az\/article\/aile-munaqisesi-3-qadini-xestexanaliq-edib\/#breadcrumb","itemListElement":[{"@type":"ListItem","position":1,"name":"Ana s\u0259hif\u0259","item":"https:\/\/www.meydan.tv\/az\/"},{"@type":"ListItem","position":2,"name":"B\u00f6lg\u0259","item":"https:\/\/www.meydan.tv\/az\/section\/bolge\/"},{"@type":"ListItem","position":3,"name":"Ail\u0259 m\u00fcnaqi\u015f\u0259si 3 qad\u0131n\u0131 x\u0259st\u0259xanal\u0131q edib"}]},{"@type":"WebSite","@id":"https:\/\/www.meydan.tv\/az\/#website","url":"https:\/\/www.meydan.tv\/az\/","name":"MEYDAN.TV","description":"Meydan TV Az\u0259rbaycan\u0131n media m\u0259kan\u0131ndak\u0131 alternativ s\u0259sidir","publisher":{"@id":"https:\/\/www.meydan.tv\/az\/#organization"},"potentialAction":[{"@type":"SearchAction","target":{"@type":"EntryPoint","urlTemplate":"https:\/\/www.meydan.tv\/az\/?s={search_term_string}"},"query-input":{"@type":"PropertyValueSpecification","valueRequired":true,"valueName":"search_term_string"}}],"inLanguage":"az"},{"@type":"Organization","@id":"https:\/\/www.meydan.tv\/az\/#organization","name":"Meydan TV","url":"https:\/\/www.meydan.tv\/az\/","logo":{"@type":"ImageObject","inLanguage":"az","@id":"https:\/\/www.meydan.tv\/az\/#\/schema\/logo\/image\/","url":"https:\/\/www.meydan.tv\/wp-content\/uploads\/2021\/07\/meydan-logo.svg","contentUrl":"https:\/\/www.meydan.tv\/wp-content\/uploads\/2021\/07\/meydan-logo.svg","width":195,"height":46,"caption":"Meydan TV"},"image":{"@id":"https:\/\/www.meydan.tv\/az\/#\/schema\/logo\/image\/"}},{"@type":"Person","@id":"https:\/\/www.meydan.tv\/az\/#\/schema\/person\/9cdbecf90d17180ce1dfbd95b08dcf47","name":"elli","sameAs":["https:\/\/x.com\/elli"]}]}},"_links":{"self":[{"href":"https:\/\/www.meydan.tv\/az\/wp-json\/wp\/v2\/posts\/257918","targetHints":{"allow":["GET"]}}],"collection":[{"href":"https:\/\/www.meydan.tv\/az\/wp-json\/wp\/v2\/posts"}],"about":[{"href":"https:\/\/www.meydan.tv\/az\/wp-json\/wp\/v2\/types\/post"}],"author":[{"embeddable":true,"href":"https:\/\/www.meydan.tv\/az\/wp-json\/wp\/v2\/users\/8"}],"replies":[{"embeddable":true,"href":"https:\/\/www.meydan.tv\/az\/wp-json\/wp\/v2\/comments?post=257918"}],"version-history":[{"count":2,"href":"https:\/\/www.meydan.tv\/az\/wp-json\/wp\/v2\/posts\/257918\/revisions"}],"predecessor-version":[{"id":257932,"href":"https:\/\/www.meydan.tv\/az\/wp-json\/wp\/v2\/posts\/257918\/revisions\/257932"}],"wp:featuredmedia":[{"embeddable":true,"href":"https:\/\/www.meydan.tv\/az\/wp-json\/wp\/v2\/media\/257912"}],"wp:attachment":[{"href":"https:\/\/www.meydan.tv\/az\/wp-json\/wp\/v2\/media?parent=257918"}],"wp:term":[{"taxonomy":"category","embeddable":true,"href":"https:\/\/www.meydan.tv\/az\/wp-json\/wp\/v2\/categories?post=257918"},{"taxonomy":"post_tag","embeddable":true,"href":"https:\/\/www.meydan.tv\/az\/wp-json\/wp\/v2\/tags?post=257918"}],"curies":[{"name":"wp","href":"https:\/\/api.w.org\/{rel}","templated":true}]}}