{"id":257855,"date":"2022-10-10T15:32:46","date_gmt":"2022-10-10T11:32:46","guid":{"rendered":"https:\/\/www.meydan.tv\/?p=257855"},"modified":"2022-10-10T15:32:48","modified_gmt":"2022-10-10T11:32:48","slug":"iqtisadiyyat-uzre-nobel-alanlarin-adlari-aciqlandi","status":"publish","type":"post","link":"https:\/\/www.meydan.tv\/az\/article\/iqtisadiyyat-uzre-nobel-alanlarin-adlari-aciqlandi\/","title":{"rendered":"\u0130qtisadiyyat \u00fczr\u0259 &#8220;Nobel&#8221; alanlar\u0131n adlar\u0131 a\u00e7\u0131qland\u0131"},"content":{"rendered":"\n<p class=\"wp-block-paragraph\"><\/p>\n\n\n\n<p class=\"wp-block-paragraph\"><em>Onlar \u201cbanklar v\u0259 maliyy\u0259 b\u00f6hranlar\u0131 il\u0259 ba\u011fl\u0131 ara\u015fd\u0131rmalara g\u00f6r\u0259\u201d t\u0259ltif olunublar<\/em><\/p>\n\n\n\n<p class=\"wp-block-paragraph\">Stokholmda 2022-ci il \u201cNobel h\u0259ft\u0259si\u201d \u00e7\u0259r\u00e7iv\u0259sind\u0259 sonuncu &#8211; iqtisadi elml\u0259r \u00fczr\u0259 m\u00fckafat\u0131n laureatlar\u0131 a\u00e7\u0131qlan\u0131b.<\/p>\n\n\n\n<p class=\"wp-block-paragraph\">\u0130sve\u00e7 Kral Elml\u0259r Akademiyas\u0131 m\u00fckafat\u0131 amerikal\u0131 iqtisad\u00e7\u0131lar Ben Bernanke, Duqlas Daymond v\u0259 Filip Dibviq\u0259 \u201cbanklar v\u0259 maliyy\u0259 b\u00f6hranlar\u0131 il\u0259 ba\u011fl\u0131 ara\u015fd\u0131rmalara g\u00f6r\u0259\u201d verm\u0259k q\u0259rar\u0131na <a href=\"https:\/\/twitter.com\/NobelPrize\/status\/1579408493211422721?cxt=HHwWgsDQkYLql-srAAAA\" target=\"_blank\" rel=\"noreferrer noopener\">g\u0259libl\u0259r.<\/a><\/p>\n\n\n\n<p class=\"wp-block-paragraph\">\u0130sve\u00e7li genetik Svante Paabo tibb v\u0259 fiziologiya, fransal\u0131 fizik Alen Aspekt, amerikal\u0131 fizik Con Frensiz Klozer, avstriyal\u0131 fizik Anton Tsaylinger fizika, amerikal\u0131 kimya\u00e7\u0131lar Karolin Bertotsi v\u0259 Karl Barri \u015earpless, danimarkal\u0131 kimya\u00e7\u0131 Morten Meldal kimya, fransal\u0131 yaz\u0131\u00e7\u0131 Anni Erno \u0259d\u0259biyyat, belaruslu h\u00fcquq m\u00fcdafi\u0259\u00e7isi Ales Byalyatski, Rusiyan\u0131n &#8220;Memorial&#8221; insan h\u00fcquqlar\u0131 t\u0259\u015fkilat\u0131 v\u0259 Ukraynan\u0131n V\u0259t\u0259nda\u015f Azadl\u0131qlar\u0131 M\u0259rk\u0259zi s\u00fclh m\u00fckafat\u0131n\u0131 qazan\u0131blar.<\/p>\n\n\n\n<p class=\"wp-block-paragraph\">M\u00fckafatlar \u0259n\u0259n\u0259vi olaraq dekabr\u0131n 10-da, Alfred Nobelin an\u0131m g\u00fcn\u00fcnd\u0259 sahibl\u0259rin\u0259 t\u0259qdim olunacaq.<\/p>\n\n\n\n<p class=\"wp-block-paragraph\">\u201cNobel\u201d 1895-ci ild\u0259 isve\u00e7li ixtira\u00e7\u0131-alim Alfred Nobelin v\u0259siyy\u0259ti \u0259sas\u0131nda t\u0259sis edilib.<\/p>\n\n\n\n<p class=\"wp-block-paragraph\">\u0130lk d\u0259f\u0259 sahibin\u0259 1901-ci ild\u0259 t\u0259qdim olunub.<\/p>\n\n\n\n<p class=\"wp-block-paragraph\">\u201cNobel\u201d q\u0131z\u0131l medal v\u0259 pul m\u00fckafat\u0131ndan ibar\u0259tdir.<\/p>\n\n\n\n<p class=\"wp-block-paragraph\">M\u00fckafat \u0130sve\u00e7 Kral Elml\u0259r Akademiyas\u0131, Karolinska \u0130nstitutu v\u0259 Norve\u00e7 Nobel Komit\u0259si t\u0259r\u0259find\u0259n \u015f\u0259xsl\u0259r v\u0259 ya t\u0259\u015fkilatlara fizika, kimya, \u0259d\u0259biyyat, s\u00fclh v\u0259 tibb sah\u0259sind\u0259 f\u00f6vq\u0259lad\u0259 u\u011furlara g\u00f6r\u0259 verilir.<\/p>\n","protected":false},"excerpt":{"rendered":"<p>Onlar \u201cbanklar v\u0259 maliyy\u0259 b\u00f6hranlar\u0131 il\u0259 ba\u011fl\u0131 ara\u015fd\u0131rmalara g\u00f6r\u0259\u201d t\u0259ltif &#8230; <\/p>\n<p class=\"read-more-container\"><a title=\"\u0130qtisadiyyat \u00fczr\u0259 &#8220;Nobel&#8221; alanlar\u0131n adlar\u0131 a\u00e7\u0131qland\u0131\" class=\"read-more button\" href=\"https:\/\/www.meydan.tv\/az\/article\/iqtisadiyyat-uzre-nobel-alanlarin-adlari-aciqlandi\/#more-257855\" aria-label=\"Read more about \u0130qtisadiyyat \u00fczr\u0259 &#8220;Nobel&#8221; alanlar\u0131n adlar\u0131 a\u00e7\u0131qland\u0131\">Davam\u0131<\/a><\/p>\n","protected":false},"author":8,"featured_media":257852,"comment_status":"closed","ping_status":"closed","sticky":false,"template":"","format":"standard","meta":{"_acf_changed":false,"_sitemap_exclude":false,"_sitemap_priority":"","_sitemap_frequency":"","footnotes":""},"categories":[52,56],"tags":[],"class_list":["post-257855","post","type-post","status-publish","format-standard","has-post-thumbnail","hentry","category-medeniyyet","category-xeberler","infinite-scroll-item","generate-columns","tablet-grid-50","mobile-grid-100","grid-parent","grid-33","no-featured-image-padding"],"acf":[],"yoast_head":"<!-- This site is optimized with the Yoast SEO plugin v28.4 - https:\/\/yoast.com\/product\/yoast-seo-wordpress\/ -->\n<title>\u0130qtisadiyyat \u00fczr\u0259 &quot;Nobel&quot; alanlar\u0131n adlar\u0131 a\u00e7\u0131qland\u0131 - MEYDAN.TV<\/title>\n<meta name=\"robots\" content=\"index, follow, max-snippet:-1, max-image-preview:large, max-video-preview:-1\" \/>\n<link rel=\"canonical\" href=\"https:\/\/www.meydan.tv\/az\/article\/iqtisadiyyat-uzre-nobel-alanlarin-adlari-aciqlandi\/\" \/>\n<meta property=\"og:locale\" content=\"az_AZ\" \/>\n<meta property=\"og:type\" content=\"article\" \/>\n<meta property=\"og:title\" content=\"\u0130qtisadiyyat \u00fczr\u0259 &quot;Nobel&quot; alanlar\u0131n adlar\u0131 a\u00e7\u0131qland\u0131 - MEYDAN.TV\" \/>\n<meta property=\"og:description\" content=\"Onlar \u201cbanklar v\u0259 maliyy\u0259 b\u00f6hranlar\u0131 il\u0259 ba\u011fl\u0131 ara\u015fd\u0131rmalara g\u00f6r\u0259\u201d t\u0259ltif ... Davam\u0131\" \/>\n<meta property=\"og:url\" content=\"https:\/\/www.meydan.tv\/az\/article\/iqtisadiyyat-uzre-nobel-alanlarin-adlari-aciqlandi\/\" \/>\n<meta property=\"og:site_name\" content=\"MEYDAN.TV\" \/>\n<meta property=\"article:published_time\" content=\"2022-10-10T11:32:46+00:00\" \/>\n<meta property=\"article:modified_time\" content=\"2022-10-10T11:32:48+00:00\" \/>\n<meta property=\"og:image\" content=\"https:\/\/www.meydan.tv\/wp-content\/uploads\/fesupipxgaac41y-e1665401296766.jpg\" \/>\n\t<meta property=\"og:image:width\" content=\"1630\" \/>\n\t<meta property=\"og:image:height\" content=\"1324\" \/>\n\t<meta property=\"og:image:type\" content=\"image\/jpeg\" \/>\n<meta name=\"twitter:card\" content=\"summary_large_image\" \/>\n<meta name=\"twitter:creator\" content=\"@elli\" \/>\n<!-- \/ Yoast SEO plugin. -->","yoast_head_json":{"title":"\u0130qtisadiyyat \u00fczr\u0259 \"Nobel\" alanlar\u0131n adlar\u0131 a\u00e7\u0131qland\u0131 - MEYDAN.TV","robots":{"index":"index","follow":"follow","max-snippet":"max-snippet:-1","max-image-preview":"max-image-preview:large","max-video-preview":"max-video-preview:-1"},"canonical":"https:\/\/www.meydan.tv\/az\/article\/iqtisadiyyat-uzre-nobel-alanlarin-adlari-aciqlandi\/","og_locale":"az_AZ","og_type":"article","og_title":"\u0130qtisadiyyat \u00fczr\u0259 \"Nobel\" alanlar\u0131n adlar\u0131 a\u00e7\u0131qland\u0131 - MEYDAN.TV","og_description":"Onlar \u201cbanklar v\u0259 maliyy\u0259 b\u00f6hranlar\u0131 il\u0259 ba\u011fl\u0131 ara\u015fd\u0131rmalara g\u00f6r\u0259\u201d t\u0259ltif ... Davam\u0131","og_url":"https:\/\/www.meydan.tv\/az\/article\/iqtisadiyyat-uzre-nobel-alanlarin-adlari-aciqlandi\/","og_site_name":"MEYDAN.TV","article_published_time":"2022-10-10T11:32:46+00:00","article_modified_time":"2022-10-10T11:32:48+00:00","og_image":[{"width":1630,"height":1324,"url":"https:\/\/www.meydan.tv\/wp-content\/uploads\/fesupipxgaac41y-e1665401296766.jpg","type":"image\/jpeg"}],"twitter_card":"summary_large_image","twitter_creator":"@elli","schema":{"@context":"https:\/\/schema.org","@graph":[{"@type":"Article","@id":"https:\/\/www.meydan.tv\/az\/article\/iqtisadiyyat-uzre-nobel-alanlarin-adlari-aciqlandi\/#article","isPartOf":{"@id":"https:\/\/www.meydan.tv\/az\/article\/iqtisadiyyat-uzre-nobel-alanlarin-adlari-aciqlandi\/"},"author":{"name":"elli","@id":"https:\/\/www.meydan.tv\/az\/#\/schema\/person\/9cdbecf90d17180ce1dfbd95b08dcf47"},"headline":"\u0130qtisadiyyat \u00fczr\u0259 &#8220;Nobel&#8221; alanlar\u0131n adlar\u0131 a\u00e7\u0131qland\u0131","datePublished":"2022-10-10T11:32:46+00:00","dateModified":"2022-10-10T11:32:48+00:00","mainEntityOfPage":{"@id":"https:\/\/www.meydan.tv\/az\/article\/iqtisadiyyat-uzre-nobel-alanlarin-adlari-aciqlandi\/"},"wordCount":263,"publisher":{"@id":"https:\/\/www.meydan.tv\/az\/#organization"},"image":{"@id":"https:\/\/www.meydan.tv\/az\/article\/iqtisadiyyat-uzre-nobel-alanlarin-adlari-aciqlandi\/#primaryimage"},"thumbnailUrl":"https:\/\/www.meydan.tv\/wp-content\/uploads\/fesupipxgaac41y-e1665401296766.jpg","articleSection":["M\u0259d\u0259niyy\u0259t","X\u0259b\u0259rl\u0259r"],"inLanguage":"az"},{"@type":"WebPage","@id":"https:\/\/www.meydan.tv\/az\/article\/iqtisadiyyat-uzre-nobel-alanlarin-adlari-aciqlandi\/","url":"https:\/\/www.meydan.tv\/az\/article\/iqtisadiyyat-uzre-nobel-alanlarin-adlari-aciqlandi\/","name":"\u0130qtisadiyyat \u00fczr\u0259 \"Nobel\" alanlar\u0131n adlar\u0131 a\u00e7\u0131qland\u0131 - MEYDAN.TV","isPartOf":{"@id":"https:\/\/www.meydan.tv\/az\/#website"},"primaryImageOfPage":{"@id":"https:\/\/www.meydan.tv\/az\/article\/iqtisadiyyat-uzre-nobel-alanlarin-adlari-aciqlandi\/#primaryimage"},"image":{"@id":"https:\/\/www.meydan.tv\/az\/article\/iqtisadiyyat-uzre-nobel-alanlarin-adlari-aciqlandi\/#primaryimage"},"thumbnailUrl":"https:\/\/www.meydan.tv\/wp-content\/uploads\/fesupipxgaac41y-e1665401296766.jpg","datePublished":"2022-10-10T11:32:46+00:00","dateModified":"2022-10-10T11:32:48+00:00","breadcrumb":{"@id":"https:\/\/www.meydan.tv\/az\/article\/iqtisadiyyat-uzre-nobel-alanlarin-adlari-aciqlandi\/#breadcrumb"},"inLanguage":"az","potentialAction":[{"@type":"ReadAction","target":["https:\/\/www.meydan.tv\/az\/article\/iqtisadiyyat-uzre-nobel-alanlarin-adlari-aciqlandi\/"]}]},{"@type":"ImageObject","inLanguage":"az","@id":"https:\/\/www.meydan.tv\/az\/article\/iqtisadiyyat-uzre-nobel-alanlarin-adlari-aciqlandi\/#primaryimage","url":"https:\/\/www.meydan.tv\/wp-content\/uploads\/fesupipxgaac41y-e1665401296766.jpg","contentUrl":"https:\/\/www.meydan.tv\/wp-content\/uploads\/fesupipxgaac41y-e1665401296766.jpg","width":1630,"height":1324},{"@type":"BreadcrumbList","@id":"https:\/\/www.meydan.tv\/az\/article\/iqtisadiyyat-uzre-nobel-alanlarin-adlari-aciqlandi\/#breadcrumb","itemListElement":[{"@type":"ListItem","position":1,"name":"Ana s\u0259hif\u0259","item":"https:\/\/www.meydan.tv\/az\/"},{"@type":"ListItem","position":2,"name":"M\u0259d\u0259niyy\u0259t","item":"https:\/\/www.meydan.tv\/az\/section\/medeniyyet\/"},{"@type":"ListItem","position":3,"name":"\u0130qtisadiyyat \u00fczr\u0259 &#8220;Nobel&#8221; alanlar\u0131n adlar\u0131 a\u00e7\u0131qland\u0131"}]},{"@type":"WebSite","@id":"https:\/\/www.meydan.tv\/az\/#website","url":"https:\/\/www.meydan.tv\/az\/","name":"MEYDAN.TV","description":"Meydan TV Az\u0259rbaycan\u0131n media m\u0259kan\u0131ndak\u0131 alternativ s\u0259sidir","publisher":{"@id":"https:\/\/www.meydan.tv\/az\/#organization"},"potentialAction":[{"@type":"SearchAction","target":{"@type":"EntryPoint","urlTemplate":"https:\/\/www.meydan.tv\/az\/?s={search_term_string}"},"query-input":{"@type":"PropertyValueSpecification","valueRequired":true,"valueName":"search_term_string"}}],"inLanguage":"az"},{"@type":"Organization","@id":"https:\/\/www.meydan.tv\/az\/#organization","name":"Meydan TV","url":"https:\/\/www.meydan.tv\/az\/","logo":{"@type":"ImageObject","inLanguage":"az","@id":"https:\/\/www.meydan.tv\/az\/#\/schema\/logo\/image\/","url":"https:\/\/www.meydan.tv\/wp-content\/uploads\/2021\/07\/meydan-logo.svg","contentUrl":"https:\/\/www.meydan.tv\/wp-content\/uploads\/2021\/07\/meydan-logo.svg","width":195,"height":46,"caption":"Meydan TV"},"image":{"@id":"https:\/\/www.meydan.tv\/az\/#\/schema\/logo\/image\/"}},{"@type":"Person","@id":"https:\/\/www.meydan.tv\/az\/#\/schema\/person\/9cdbecf90d17180ce1dfbd95b08dcf47","name":"elli","sameAs":["https:\/\/x.com\/elli"]}]}},"_links":{"self":[{"href":"https:\/\/www.meydan.tv\/az\/wp-json\/wp\/v2\/posts\/257855","targetHints":{"allow":["GET"]}}],"collection":[{"href":"https:\/\/www.meydan.tv\/az\/wp-json\/wp\/v2\/posts"}],"about":[{"href":"https:\/\/www.meydan.tv\/az\/wp-json\/wp\/v2\/types\/post"}],"author":[{"embeddable":true,"href":"https:\/\/www.meydan.tv\/az\/wp-json\/wp\/v2\/users\/8"}],"replies":[{"embeddable":true,"href":"https:\/\/www.meydan.tv\/az\/wp-json\/wp\/v2\/comments?post=257855"}],"version-history":[{"count":1,"href":"https:\/\/www.meydan.tv\/az\/wp-json\/wp\/v2\/posts\/257855\/revisions"}],"predecessor-version":[{"id":257857,"href":"https:\/\/www.meydan.tv\/az\/wp-json\/wp\/v2\/posts\/257855\/revisions\/257857"}],"wp:featuredmedia":[{"embeddable":true,"href":"https:\/\/www.meydan.tv\/az\/wp-json\/wp\/v2\/media\/257852"}],"wp:attachment":[{"href":"https:\/\/www.meydan.tv\/az\/wp-json\/wp\/v2\/media?parent=257855"}],"wp:term":[{"taxonomy":"category","embeddable":true,"href":"https:\/\/www.meydan.tv\/az\/wp-json\/wp\/v2\/categories?post=257855"},{"taxonomy":"post_tag","embeddable":true,"href":"https:\/\/www.meydan.tv\/az\/wp-json\/wp\/v2\/tags?post=257855"}],"curies":[{"name":"wp","href":"https:\/\/api.w.org\/{rel}","templated":true}]}}