{"id":257846,"date":"2022-10-10T15:32:19","date_gmt":"2022-10-10T11:32:19","guid":{"rendered":"https:\/\/www.meydan.tv\/?p=257846"},"modified":"2022-10-10T17:57:41","modified_gmt":"2022-10-10T13:57:41","slug":"qizina-bas-cekmeye-geden-bestekar-xaric-olkede-vefat-edib","status":"publish","type":"post","link":"https:\/\/www.meydan.tv\/az\/article\/qizina-bas-cekmeye-geden-bestekar-xaric-olkede-vefat-edib\/","title":{"rendered":"Q\u0131z\u0131na ba\u015f \u00e7\u0259km\u0259y\u0259 ged\u0259n b\u0259st\u0259kar xarici \u00f6lk\u0259d\u0259 v\u0259fat edib (yenil\u0259nib)"},"content":{"rendered":"\n<p><\/p>\n\n\n\n<p><\/p>\n\n\n\n<p><em>\u018fm\u0259kdar inc\u0259s\u0259n\u0259t xadimi, b\u0259st\u0259kar Ruh\u0259ngiz Qas\u0131movan\u0131n n\u0259\u015fi oktyabr\u0131n 12-d\u0259 Bak\u0131ya g\u0259tiril\u0259c\u0259k.<br>Bu haqda b\u0259st\u0259kar\u0131n q\u0131z\u0131 Canana S\u00fcleymanl\u0131 APA-ya m\u0259lumat <a href=\"https:\/\/apa.az\/az\/incesenet\/ruhengiz-qasimovanin-qizi-anasinin-olum-sebebini-aciqlayib-726586\" target=\"_blank\" rel=\"noreferrer noopener\">verib.<\/a><\/em><\/p>\n\n\n\n<p><em>Onun s\u00f6zl\u0259rin\u0259 g\u00f6r\u0259, Bak\u0131dak\u0131 vida v\u0259 d\u0259fn m\u0259rasimin yeri bar\u0259d\u0259 h\u0259l\u0259lik q\u0259rar verilm\u0259yib:<\/em><\/p>\n\n\n\n<p>\u201c<em>Vida m\u0259rasiminin vaxt\u0131 v\u0259 d\u0259fn yeri il\u0259 ba\u011fl\u0131 m\u0259s\u0259l\u0259l\u0259r y\u0259qin ki, sabah d\u0259qiql\u0259\u015f\u0259c\u0259k. On g\u00fcn idi ki, x\u0259st\u0259xanada yat\u0131rd\u0131. Anamda b\u00f6yr\u0259k \u00e7at\u0131\u015fmazl\u0131\u011f\u0131 vard\u0131. Amma onu da qeyd edim ki, atam\u0131n v\u0259fat\u0131 ona \u00e7ox t\u0259sir etmi\u015fdi. Atam \u00fc\u00e7\u00fcn \u00e7ox dar\u0131x\u0131rd\u0131. M\u0259n\u0259 el\u0259 g\u0259lir ki, anam\u0131n \u00fcr\u0259yi partlad\u0131, d\u00f6zm\u0259di\u201d.<\/em><\/p>\n\n\n\n<p><\/p>\n\n\n\n<p><\/p>\n\n\n\n<p><\/p>\n\n\n\n<hr class=\"wp-block-separator has-alpha-channel-opacity\"\/>\n\n\n\n<p><em>\u018fm\u0259kdar inc\u0259s\u0259n\u0259t xadimi, b\u0259st\u0259kar Ruh\u0259ngiz Qas\u0131movan\u0131n c\u0259naz\u0259si Honq Konqdan Az\u0259rbaycana g\u0259tiril\u0259c\u0259k.<\/em><\/p>\n\n\n\n<p><em>Bu haqda m\u0259lumat\u0131 Diasporla \u0130\u015f \u00fczr\u0259 D\u00f6vl\u0259t Komit\u0259sinin m\u0259tbuat xidm\u0259tinin r\u0259hb\u0259ri V\u0259sil\u0259 Vahidq\u0131z\u0131 \u201cFacebook\u201d s\u0259hif\u0259sind\u0259 <a href=\"https:\/\/www.facebook.com\/photo\/?fbid=5240508522724987&amp;set=a.261876257254930\" target=\"_blank\" rel=\"noreferrer noopener\">yay\u0131b.<\/a><\/em><\/p>\n\n\n\n<p><em>\u201cRuh\u0259ngiz Qas\u0131movan\u0131n v\u0259fat\u0131 il\u0259 \u0259laq\u0259dar Honq Konqda ya\u015fayan q\u0131z\u0131 Canana Pa\u015fa S\u00fcleymani&nbsp; il\u0259 \u0259laq\u0259 saxlad\u0131q. Ruh\u0259ngiz xan\u0131m\u0131n n\u0259\u015finin Az\u0259rbaycana g\u0259tirilm\u0259si \u00fc\u00e7\u00fcn Diasporla \u0130\u015f \u00fczr\u0259 D\u00f6vl\u0259t Komit\u0259si olaraq b\u00fct\u00fcn laz\u0131m olan k\u00f6m\u0259yi g\u00f6st\u0259rm\u0259y\u0259 haz\u0131r oldu\u011fumuzu bildirdik. M\u0259rhumun q\u0131z\u0131 bildirdi ki, b\u00fct\u00fcn prosedurlar m\u0259rh\u0259l\u0259li apar\u0131l\u0131r. Canana xan\u0131m dedi ki, bir-iki g\u00fcn\u0259 yola \u00e7\u0131xma\u011f\u0131 d\u00fc\u015f\u00fcn\u00fcr\u00fck\u201d, &#8211; komit\u0259 s\u00f6z\u00e7\u00fcs\u00fc qeyd edib.<\/em><\/p>\n\n\n\n<p><em>Ruh\u0259ngiz Qas\u0131mova 2022-ci il oktyabr\u0131n 9-da 82 ya\u015f\u0131nda Honq Konqda ya\u015fayan q\u0131z\u0131 Canana Pa\u015fa S\u00fcleymanl\u0131n\u0131n yan\u0131ndayk\u0259n v\u0259fat <a href=\"https:\/\/d9mc3ts4czbpr.cloudfront.net\/az\/article\/qizina-bas-cekmeye-geden-bestekar-xaric-olkede-vefat-edib\/\" target=\"_blank\" rel=\"noreferrer noopener\">edib<\/a>.<\/em><\/p>\n\n\n\n<p><em>Onun \u00f6l\u00fcm\u00fcn\u00fcn s\u0259b\u0259bi a\u00e7\u0131qlanmay\u0131b.<\/em><\/p>\n\n\n\n<p><\/p>\n\n\n\n<p><\/p>\n\n\n\n<p><\/p>\n\n\n\n<hr class=\"wp-block-separator has-alpha-channel-opacity\"\/>\n\n\n\n<p><\/p>\n\n\n\n<p><em>Ruh\u0259ngiz Qas\u0131movan\u0131n n\u0259d\u0259n \u00f6ld\u00fcy\u00fc a\u00e7\u0131qlanmay\u0131b<\/em><\/p>\n\n\n\n<p>\u018fm\u0259kdar inc\u0259s\u0259n\u0259t xadimi, b\u0259st\u0259kar Ruh\u0259ngiz Qas\u0131movan\u0131n \u00f6l\u00fcm\u00fcn\u00fcn b\u0259zi t\u0259f\u0259rr\u00fcatlar\u0131 m\u0259lum olub.<\/p>\n\n\n\n<p>Teleapar\u0131c\u0131 v\u0259 ictimai xadim Nuran H\u00fcseynov sosial \u015f\u0259b\u0259k\u0259l\u0259rd\u0259 yaz\u0131b ki, b\u0259st\u0259kar Honq-Konqda ya\u015fayan q\u0131z\u0131na ba\u015f \u00e7\u0259k\u0259rk\u0259n xaricd\u0259 v\u0259fat <a href=\"https:\/\/www.instagram.com\/p\/CjgByLWKTtd\/\" target=\"_blank\" rel=\"noreferrer noopener\">edib.<\/a><\/p>\n\n\n\n<p>M\u0259d\u0259niyy\u0259t Nazirliyi b\u0259st\u0259kar\u0131n v\u0259fat\u0131 il\u0259 \u0259laq\u0259dar nekroloq <a href=\"https:\/\/culture.gov.az\/az\/umumi-xeberler\/14752\" target=\"_blank\" rel=\"noreferrer noopener\">yay\u0131b.<\/a><\/p>\n\n\n\n<p>Onun \u00f6l\u00fcm\u00fcn\u00fcn s\u0259b\u0259bi a\u00e7\u0131qlanmay\u0131b.<\/p>\n\n\n\n<p>Ruh\u0259ngiz Na\u011f\u0131 q\u0131z\u0131 Qas\u0131mova 1940-c\u0131 il iyulun 12-d\u0259 Bak\u0131da do\u011fulub.<\/p>\n\n\n\n<p>As\u0259f Zeynall\u0131 ad\u0131na Musiqi M\u0259kt\u0259binin, \u00dczeyir Hac\u0131b\u0259yli ad\u0131na Az\u0259rbaycan D\u00f6vl\u0259t Konservatoriyas\u0131n\u0131n b\u0259st\u0259karl\u0131q fak\u00fclt\u0259sinin (professor C\u00f6vd\u0259t Hac\u0131yevin sinfi \u00fczr\u0259) m\u0259zunu olub.<\/p>\n\n\n\n<p>Uzun m\u00fcdd\u0259t Az\u0259rbaycan D\u00f6vl\u0259t Televiziya v\u0259 Radio Verili\u015fl\u0259ri QSC-d\u0259, \u201cAz\u0259rbaycantelefilm\u201dd\u0259 s\u0259s rejissoru, b\u0259st\u0259kar kimi \u00e7al\u0131\u015f\u0131b.<\/p>\n\n\n\n<p>Az\u0259rbaycan B\u0259st\u0259karlar \u0130ttifaq\u0131n\u0131n \u00fczv\u00fc olub (1978). Simfonik, vokal-instrumental \u0259s\u0259rl\u0259r, m\u00fcxt\u0259lif tama\u015falara, kinofilml\u0259r\u0259 musiqi b\u0259st\u0259l\u0259yib.<\/p>\n\n\n\n<p>\u018fd\u0259bi f\u0259aliyy\u0259tl\u0259 d\u0259 m\u0259\u015f\u011ful olub, hekay\u0259l\u0259ri \u201c\u018fd\u0259biyyat v\u0259 inc\u0259s\u0259n\u0259t\u201d q\u0259zetind\u0259, \u201cAz\u0259rbaycan\u201d, \u201cUlduz\u201d jurnallar\u0131nda d\u0259rc olunub.<\/p>\n\n\n\n<p>\u201cBabam\u0131n muzeyi\u201d adl\u0131 kitab\u0131n m\u00fc\u0259llifidir.<\/p>\n\n\n\n<p>Az\u0259rbaycanda ilk d\u0259f\u0259 \u00e7\u0259kilmi\u015f \u201cDan\u0131\u015fan i\u015f\u0131qlar\u201d cizgi filminin b\u0259st\u0259kar\u0131d\u0131r.<\/p>\n\n\n\n<p>B\u0259st\u0259kar 2005-ci ild\u0259 \u201c\u018fm\u0259kdar inc\u0259s\u0259n\u0259t xadimi\u201d ad\u0131na layiq g\u00f6r\u00fcl\u00fcb.<\/p>\n\n\n\n<p>Ruh\u0259ngiz Qas\u0131movan\u0131n yarad\u0131c\u0131l\u0131\u011f\u0131nda \u201cvizit kart\u0131\u201d hesab edil\u0259n b\u0259st\u0259si, onun 26 ya\u015f\u0131ndayk\u0259n yazd\u0131\u011f\u0131 \u201cAy ana, dostum evl\u0259nir\u201d mahn\u0131s\u0131d\u0131r.<\/p>\n\n\n\n<p>\u201cAy ana, dostum evl\u0259nir\u201d n\u0259\u011fm\u0259sinin Ruh\u0259ngiz Qas\u0131movan\u0131n h\u0259yat\u0131nda \u00f6z\u0259l yeri olub. 1960-c\u0131 ill\u0259rd\u0259 g\u0259nc b\u0259st\u0259kar bioloq Vasif S\u00fcleymanovla tan\u0131\u015f olur.<\/p>\n\n\n\n<p>M\u00fcnasib\u0259td\u0259 qar\u015f\u0131l\u0131ql\u0131 hissl\u0259r yaransa da, utancaq bioloq susmaqda davam edir.<\/p>\n\n\n\n<p>Ruh\u0259ngiz Qas\u0131mova daha sonralar \u201cBir mahn\u0131n\u0131n tarix\u00e7\u0259si\u201d verili\u015find\u0259 bu haqda <a href=\"https:\/\/www.youtube.com\/watch?v=l74W6OUUA7c\" target=\"_blank\" rel=\"noreferrer noopener\">dan\u0131\u015f\u0131m\u0131\u015fd\u0131<\/a>: <\/p>\n\n\n\n<p>\u201cM\u0259n g\u0259nc idim, AzTV-d\u0259 i\u015fl\u0259yirdim. Fikr\u0259t Qoca yax\u0131n dostum idi. Ona dedim ki, bir o\u011flan var, \u00e7ox utancaqd\u0131r. M\u0259n\u0259 n\u0259s\u0259 dem\u0259k ist\u0259yir, amma demir. B\u0259lk\u0259 biz ona k\u00f6m\u0259k ed\u0259k\u201d.<\/p>\n\n\n\n<p>Bundan sonra dostlar m\u0259sl\u0259h\u0259tl\u0259\u015fib, \u00fcnvanl\u0131 mahn\u0131lar b\u0259st\u0259l\u0259m\u0259y\u0259 ba\u015flay\u0131rlar.<\/p>\n\n\n\n<p>\u018fvv\u0259lc\u0259, m\u00fc\u011f\u0259nni Elmira R\u0259himovan\u0131n ifas\u0131nda <a href=\"https:\/\/www.youtube.com\/watch?v=lC6GhXJBUB4\" target=\"_blank\" rel=\"noreferrer noopener\">\u201cUtancaq o\u011flan\u201d<\/a>, daha sonra is\u0259 \u0130lham\u0259 Quliyevan\u0131n ifas\u0131nda <a href=\"https:\/\/www.youtube.com\/watch?v=5hCGP1Ob_I8\" target=\"_blank\" rel=\"noreferrer noopener\">\u201cG\u0259lmirs\u0259n, g\u0259lm\u0259\u201d<\/a> yaran\u0131r.<\/p>\n\n\n\n<p>\u201cBu mahn\u0131lardan sonra indiki h\u0259yat yolda\u015f\u0131m, bir az ay\u0131ld\u0131\u201d, &#8211; dey\u0259n Ruh\u0259ngiz Qas\u0131mova m\u00fcnasib\u0259tl\u0259rini evlilik yolunda ciddil\u0259\u015fdirm\u0259k m\u0259qs\u0259dil\u0259 dostu Fikr\u0259t Qocan\u0131n m\u0259sl\u0259h\u0259ti il\u0259 \u201c Ay ana, dostum evl\u0259nir\u201d mahn\u0131s\u0131n\u0131n \u00fcz\u0259rind\u0259 i\u015fl\u0259m\u0259y\u0259 <a href=\"https:\/\/www.youtube.com\/watch?v=MVRVegRQS1w\" target=\"_blank\" rel=\"noreferrer noopener\">ba\u015flay\u0131r.<\/a><\/p>\n\n\n\n<p>\u201cAy ana, dostum evl\u0259nir\u201d mahn\u0131s\u0131n\u0131 1966-c\u0131 ild\u0259 Xalq artisti, m\u00fc\u011f\u0259nni R\u0259\u015fid Behbudov \u00f6z\u00fcn\u00fcn t\u0259sis etdiyi Mahn\u0131 Teatr\u0131n\u0131n a\u00e7\u0131l\u0131\u015f\u0131nda ifa edib.<\/p>\n\n\n\n<p>Mahn\u0131 ikinci d\u0259f\u0259 is\u0259 Ruh\u0259ngiz Qas\u0131mova il\u0259 biloloq Vasif S\u00fcleymanovun toyunda s\u0259sl\u0259ndirilib.<\/p>\n\n\n\n<p>Ruh\u0259ngiz Qas\u0131movan\u0131n harada v\u0259 n\u0259 vaxt d\u0259fn edil\u0259c\u0259yi il\u0259 ba\u011fl\u0131 h\u0259l\u0259lik m\u0259lumat yoxdur.<\/p>\n","protected":false},"excerpt":{"rendered":"<p>\u018fm\u0259kdar inc\u0259s\u0259n\u0259t xadimi, b\u0259st\u0259kar Ruh\u0259ngiz Qas\u0131movan\u0131n n\u0259\u015fi oktyabr\u0131n 12-d\u0259 Bak\u0131ya &#8230; <\/p>\n<p class=\"read-more-container\"><a title=\"Q\u0131z\u0131na ba\u015f \u00e7\u0259km\u0259y\u0259 ged\u0259n b\u0259st\u0259kar xarici \u00f6lk\u0259d\u0259 v\u0259fat edib (yenil\u0259nib)\" class=\"read-more button\" href=\"https:\/\/www.meydan.tv\/az\/article\/qizina-bas-cekmeye-geden-bestekar-xaric-olkede-vefat-edib\/#more-257846\" aria-label=\"Read more about Q\u0131z\u0131na ba\u015f \u00e7\u0259km\u0259y\u0259 ged\u0259n b\u0259st\u0259kar xarici \u00f6lk\u0259d\u0259 v\u0259fat edib (yenil\u0259nib)\">Davam\u0131<\/a><\/p>\n","protected":false},"author":8,"featured_media":257835,"comment_status":"closed","ping_status":"closed","sticky":false,"template":"","format":"standard","meta":{"_acf_changed":false,"_sitemap_exclude":false,"_sitemap_priority":"","_sitemap_frequency":"","footnotes":""},"categories":[52,56],"tags":[],"class_list":["post-257846","post","type-post","status-publish","format-standard","has-post-thumbnail","hentry","category-medeniyyet","category-xeberler","infinite-scroll-item","generate-columns","tablet-grid-50","mobile-grid-100","grid-parent","grid-33","no-featured-image-padding"],"acf":[],"yoast_head":"<!-- This site is optimized with the Yoast SEO plugin v27.5 - https:\/\/yoast.com\/product\/yoast-seo-wordpress\/ -->\n<title>Q\u0131z\u0131na ba\u015f \u00e7\u0259km\u0259y\u0259 ged\u0259n b\u0259st\u0259kar xarici \u00f6lk\u0259d\u0259 v\u0259fat edib (yenil\u0259nib) - MEYDAN.TV<\/title>\n<meta name=\"robots\" content=\"index, follow, max-snippet:-1, max-image-preview:large, max-video-preview:-1\" \/>\n<link rel=\"canonical\" href=\"https:\/\/www.meydan.tv\/az\/article\/qizina-bas-cekmeye-geden-bestekar-xaric-olkede-vefat-edib\/\" \/>\n<meta property=\"og:locale\" content=\"az_AZ\" \/>\n<meta property=\"og:type\" content=\"article\" \/>\n<meta property=\"og:title\" content=\"Q\u0131z\u0131na ba\u015f \u00e7\u0259km\u0259y\u0259 ged\u0259n b\u0259st\u0259kar xarici \u00f6lk\u0259d\u0259 v\u0259fat edib (yenil\u0259nib) - MEYDAN.TV\" \/>\n<meta property=\"og:description\" content=\"\u018fm\u0259kdar inc\u0259s\u0259n\u0259t xadimi, b\u0259st\u0259kar Ruh\u0259ngiz Qas\u0131movan\u0131n n\u0259\u015fi oktyabr\u0131n 12-d\u0259 Bak\u0131ya ... Davam\u0131\" \/>\n<meta property=\"og:url\" content=\"https:\/\/www.meydan.tv\/az\/article\/qizina-bas-cekmeye-geden-bestekar-xaric-olkede-vefat-edib\/\" \/>\n<meta property=\"og:site_name\" content=\"MEYDAN.TV\" \/>\n<meta property=\"article:published_time\" content=\"2022-10-10T11:32:19+00:00\" \/>\n<meta property=\"article:modified_time\" content=\"2022-10-10T13:57:41+00:00\" \/>\n<meta property=\"og:image\" content=\"https:\/\/www.meydan.tv\/wp-content\/uploads\/1665332393_edvgfrebhrgt.jpg\" \/>\n\t<meta property=\"og:image:width\" content=\"1280\" \/>\n\t<meta property=\"og:image:height\" content=\"741\" \/>\n\t<meta property=\"og:image:type\" content=\"image\/jpeg\" \/>\n<meta name=\"author\" content=\"elli\" \/>\n<meta name=\"twitter:card\" content=\"summary_large_image\" \/>\n<meta name=\"twitter:creator\" content=\"@elli\" \/>\n<script type=\"application\/ld+json\" class=\"yoast-schema-graph\">{\"@context\":\"https:\\\/\\\/schema.org\",\"@graph\":[{\"@type\":\"Article\",\"@id\":\"https:\\\/\\\/www.meydan.tv\\\/az\\\/article\\\/qizina-bas-cekmeye-geden-bestekar-xaric-olkede-vefat-edib\\\/#article\",\"isPartOf\":{\"@id\":\"https:\\\/\\\/www.meydan.tv\\\/az\\\/article\\\/qizina-bas-cekmeye-geden-bestekar-xaric-olkede-vefat-edib\\\/\"},\"author\":{\"name\":\"elli\",\"@id\":\"https:\\\/\\\/www.meydan.tv\\\/az\\\/#\\\/schema\\\/person\\\/9cdbecf90d17180ce1dfbd95b08dcf47\"},\"headline\":\"Q\u0131z\u0131na ba\u015f \u00e7\u0259km\u0259y\u0259 ged\u0259n b\u0259st\u0259kar xarici \u00f6lk\u0259d\u0259 v\u0259fat edib (yenil\u0259nib)\",\"datePublished\":\"2022-10-10T11:32:19+00:00\",\"dateModified\":\"2022-10-10T13:57:41+00:00\",\"mainEntityOfPage\":{\"@id\":\"https:\\\/\\\/www.meydan.tv\\\/az\\\/article\\\/qizina-bas-cekmeye-geden-bestekar-xaric-olkede-vefat-edib\\\/\"},\"wordCount\":969,\"publisher\":{\"@id\":\"https:\\\/\\\/www.meydan.tv\\\/az\\\/#organization\"},\"image\":{\"@id\":\"https:\\\/\\\/www.meydan.tv\\\/az\\\/article\\\/qizina-bas-cekmeye-geden-bestekar-xaric-olkede-vefat-edib\\\/#primaryimage\"},\"thumbnailUrl\":\"https:\\\/\\\/www.meydan.tv\\\/wp-content\\\/uploads\\\/1665332393_edvgfrebhrgt.jpg\",\"articleSection\":[\"M\u0259d\u0259niyy\u0259t\",\"X\u0259b\u0259rl\u0259r\"],\"inLanguage\":\"az\"},{\"@type\":\"WebPage\",\"@id\":\"https:\\\/\\\/www.meydan.tv\\\/az\\\/article\\\/qizina-bas-cekmeye-geden-bestekar-xaric-olkede-vefat-edib\\\/\",\"url\":\"https:\\\/\\\/www.meydan.tv\\\/az\\\/article\\\/qizina-bas-cekmeye-geden-bestekar-xaric-olkede-vefat-edib\\\/\",\"name\":\"Q\u0131z\u0131na ba\u015f \u00e7\u0259km\u0259y\u0259 ged\u0259n b\u0259st\u0259kar xarici \u00f6lk\u0259d\u0259 v\u0259fat edib (yenil\u0259nib) - MEYDAN.TV\",\"isPartOf\":{\"@id\":\"https:\\\/\\\/www.meydan.tv\\\/az\\\/#website\"},\"primaryImageOfPage\":{\"@id\":\"https:\\\/\\\/www.meydan.tv\\\/az\\\/article\\\/qizina-bas-cekmeye-geden-bestekar-xaric-olkede-vefat-edib\\\/#primaryimage\"},\"image\":{\"@id\":\"https:\\\/\\\/www.meydan.tv\\\/az\\\/article\\\/qizina-bas-cekmeye-geden-bestekar-xaric-olkede-vefat-edib\\\/#primaryimage\"},\"thumbnailUrl\":\"https:\\\/\\\/www.meydan.tv\\\/wp-content\\\/uploads\\\/1665332393_edvgfrebhrgt.jpg\",\"datePublished\":\"2022-10-10T11:32:19+00:00\",\"dateModified\":\"2022-10-10T13:57:41+00:00\",\"breadcrumb\":{\"@id\":\"https:\\\/\\\/www.meydan.tv\\\/az\\\/article\\\/qizina-bas-cekmeye-geden-bestekar-xaric-olkede-vefat-edib\\\/#breadcrumb\"},\"inLanguage\":\"az\",\"potentialAction\":[{\"@type\":\"ReadAction\",\"target\":[\"https:\\\/\\\/www.meydan.tv\\\/az\\\/article\\\/qizina-bas-cekmeye-geden-bestekar-xaric-olkede-vefat-edib\\\/\"]}]},{\"@type\":\"ImageObject\",\"inLanguage\":\"az\",\"@id\":\"https:\\\/\\\/www.meydan.tv\\\/az\\\/article\\\/qizina-bas-cekmeye-geden-bestekar-xaric-olkede-vefat-edib\\\/#primaryimage\",\"url\":\"https:\\\/\\\/www.meydan.tv\\\/wp-content\\\/uploads\\\/1665332393_edvgfrebhrgt.jpg\",\"contentUrl\":\"https:\\\/\\\/www.meydan.tv\\\/wp-content\\\/uploads\\\/1665332393_edvgfrebhrgt.jpg\",\"width\":1280,\"height\":741,\"caption\":\"Ruh\u0259ngiz Qas\u0131mova. Foto: APA\"},{\"@type\":\"BreadcrumbList\",\"@id\":\"https:\\\/\\\/www.meydan.tv\\\/az\\\/article\\\/qizina-bas-cekmeye-geden-bestekar-xaric-olkede-vefat-edib\\\/#breadcrumb\",\"itemListElement\":[{\"@type\":\"ListItem\",\"position\":1,\"name\":\"Ana s\u0259hif\u0259\",\"item\":\"https:\\\/\\\/www.meydan.tv\\\/az\\\/\"},{\"@type\":\"ListItem\",\"position\":2,\"name\":\"M\u0259d\u0259niyy\u0259t\",\"item\":\"https:\\\/\\\/www.meydan.tv\\\/az\\\/section\\\/medeniyyet\\\/\"},{\"@type\":\"ListItem\",\"position\":3,\"name\":\"Q\u0131z\u0131na ba\u015f \u00e7\u0259km\u0259y\u0259 ged\u0259n b\u0259st\u0259kar xarici \u00f6lk\u0259d\u0259 v\u0259fat edib (yenil\u0259nib)\"}]},{\"@type\":\"WebSite\",\"@id\":\"https:\\\/\\\/www.meydan.tv\\\/az\\\/#website\",\"url\":\"https:\\\/\\\/www.meydan.tv\\\/az\\\/\",\"name\":\"MEYDAN.TV\",\"description\":\"Meydan TV Az\u0259rbaycan\u0131n media m\u0259kan\u0131ndak\u0131 alternativ s\u0259sidir\",\"publisher\":{\"@id\":\"https:\\\/\\\/www.meydan.tv\\\/az\\\/#organization\"},\"potentialAction\":[{\"@type\":\"SearchAction\",\"target\":{\"@type\":\"EntryPoint\",\"urlTemplate\":\"https:\\\/\\\/www.meydan.tv\\\/az\\\/?s={search_term_string}\"},\"query-input\":{\"@type\":\"PropertyValueSpecification\",\"valueRequired\":true,\"valueName\":\"search_term_string\"}}],\"inLanguage\":\"az\"},{\"@type\":\"Organization\",\"@id\":\"https:\\\/\\\/www.meydan.tv\\\/az\\\/#organization\",\"name\":\"Meydan TV\",\"url\":\"https:\\\/\\\/www.meydan.tv\\\/az\\\/\",\"logo\":{\"@type\":\"ImageObject\",\"inLanguage\":\"az\",\"@id\":\"https:\\\/\\\/www.meydan.tv\\\/az\\\/#\\\/schema\\\/logo\\\/image\\\/\",\"url\":\"https:\\\/\\\/www.meydan.tv\\\/wp-content\\\/uploads\\\/2021\\\/07\\\/meydan-logo.svg\",\"contentUrl\":\"https:\\\/\\\/www.meydan.tv\\\/wp-content\\\/uploads\\\/2021\\\/07\\\/meydan-logo.svg\",\"width\":195,\"height\":46,\"caption\":\"Meydan TV\"},\"image\":{\"@id\":\"https:\\\/\\\/www.meydan.tv\\\/az\\\/#\\\/schema\\\/logo\\\/image\\\/\"}},{\"@type\":\"Person\",\"@id\":\"https:\\\/\\\/www.meydan.tv\\\/az\\\/#\\\/schema\\\/person\\\/9cdbecf90d17180ce1dfbd95b08dcf47\",\"name\":\"elli\",\"sameAs\":[\"https:\\\/\\\/x.com\\\/elli\"]}]}<\/script>\n<!-- \/ Yoast SEO plugin. -->","yoast_head_json":{"title":"Q\u0131z\u0131na ba\u015f \u00e7\u0259km\u0259y\u0259 ged\u0259n b\u0259st\u0259kar xarici \u00f6lk\u0259d\u0259 v\u0259fat edib (yenil\u0259nib) - MEYDAN.TV","robots":{"index":"index","follow":"follow","max-snippet":"max-snippet:-1","max-image-preview":"max-image-preview:large","max-video-preview":"max-video-preview:-1"},"canonical":"https:\/\/www.meydan.tv\/az\/article\/qizina-bas-cekmeye-geden-bestekar-xaric-olkede-vefat-edib\/","og_locale":"az_AZ","og_type":"article","og_title":"Q\u0131z\u0131na ba\u015f \u00e7\u0259km\u0259y\u0259 ged\u0259n b\u0259st\u0259kar xarici \u00f6lk\u0259d\u0259 v\u0259fat edib (yenil\u0259nib) - MEYDAN.TV","og_description":"\u018fm\u0259kdar inc\u0259s\u0259n\u0259t xadimi, b\u0259st\u0259kar Ruh\u0259ngiz Qas\u0131movan\u0131n n\u0259\u015fi oktyabr\u0131n 12-d\u0259 Bak\u0131ya ... Davam\u0131","og_url":"https:\/\/www.meydan.tv\/az\/article\/qizina-bas-cekmeye-geden-bestekar-xaric-olkede-vefat-edib\/","og_site_name":"MEYDAN.TV","article_published_time":"2022-10-10T11:32:19+00:00","article_modified_time":"2022-10-10T13:57:41+00:00","og_image":[{"width":1280,"height":741,"url":"https:\/\/www.meydan.tv\/wp-content\/uploads\/1665332393_edvgfrebhrgt.jpg","type":"image\/jpeg"}],"author":"elli","twitter_card":"summary_large_image","twitter_creator":"@elli","schema":{"@context":"https:\/\/schema.org","@graph":[{"@type":"Article","@id":"https:\/\/www.meydan.tv\/az\/article\/qizina-bas-cekmeye-geden-bestekar-xaric-olkede-vefat-edib\/#article","isPartOf":{"@id":"https:\/\/www.meydan.tv\/az\/article\/qizina-bas-cekmeye-geden-bestekar-xaric-olkede-vefat-edib\/"},"author":{"name":"elli","@id":"https:\/\/www.meydan.tv\/az\/#\/schema\/person\/9cdbecf90d17180ce1dfbd95b08dcf47"},"headline":"Q\u0131z\u0131na ba\u015f \u00e7\u0259km\u0259y\u0259 ged\u0259n b\u0259st\u0259kar xarici \u00f6lk\u0259d\u0259 v\u0259fat edib (yenil\u0259nib)","datePublished":"2022-10-10T11:32:19+00:00","dateModified":"2022-10-10T13:57:41+00:00","mainEntityOfPage":{"@id":"https:\/\/www.meydan.tv\/az\/article\/qizina-bas-cekmeye-geden-bestekar-xaric-olkede-vefat-edib\/"},"wordCount":969,"publisher":{"@id":"https:\/\/www.meydan.tv\/az\/#organization"},"image":{"@id":"https:\/\/www.meydan.tv\/az\/article\/qizina-bas-cekmeye-geden-bestekar-xaric-olkede-vefat-edib\/#primaryimage"},"thumbnailUrl":"https:\/\/www.meydan.tv\/wp-content\/uploads\/1665332393_edvgfrebhrgt.jpg","articleSection":["M\u0259d\u0259niyy\u0259t","X\u0259b\u0259rl\u0259r"],"inLanguage":"az"},{"@type":"WebPage","@id":"https:\/\/www.meydan.tv\/az\/article\/qizina-bas-cekmeye-geden-bestekar-xaric-olkede-vefat-edib\/","url":"https:\/\/www.meydan.tv\/az\/article\/qizina-bas-cekmeye-geden-bestekar-xaric-olkede-vefat-edib\/","name":"Q\u0131z\u0131na ba\u015f \u00e7\u0259km\u0259y\u0259 ged\u0259n b\u0259st\u0259kar xarici \u00f6lk\u0259d\u0259 v\u0259fat edib (yenil\u0259nib) - MEYDAN.TV","isPartOf":{"@id":"https:\/\/www.meydan.tv\/az\/#website"},"primaryImageOfPage":{"@id":"https:\/\/www.meydan.tv\/az\/article\/qizina-bas-cekmeye-geden-bestekar-xaric-olkede-vefat-edib\/#primaryimage"},"image":{"@id":"https:\/\/www.meydan.tv\/az\/article\/qizina-bas-cekmeye-geden-bestekar-xaric-olkede-vefat-edib\/#primaryimage"},"thumbnailUrl":"https:\/\/www.meydan.tv\/wp-content\/uploads\/1665332393_edvgfrebhrgt.jpg","datePublished":"2022-10-10T11:32:19+00:00","dateModified":"2022-10-10T13:57:41+00:00","breadcrumb":{"@id":"https:\/\/www.meydan.tv\/az\/article\/qizina-bas-cekmeye-geden-bestekar-xaric-olkede-vefat-edib\/#breadcrumb"},"inLanguage":"az","potentialAction":[{"@type":"ReadAction","target":["https:\/\/www.meydan.tv\/az\/article\/qizina-bas-cekmeye-geden-bestekar-xaric-olkede-vefat-edib\/"]}]},{"@type":"ImageObject","inLanguage":"az","@id":"https:\/\/www.meydan.tv\/az\/article\/qizina-bas-cekmeye-geden-bestekar-xaric-olkede-vefat-edib\/#primaryimage","url":"https:\/\/www.meydan.tv\/wp-content\/uploads\/1665332393_edvgfrebhrgt.jpg","contentUrl":"https:\/\/www.meydan.tv\/wp-content\/uploads\/1665332393_edvgfrebhrgt.jpg","width":1280,"height":741,"caption":"Ruh\u0259ngiz Qas\u0131mova. Foto: APA"},{"@type":"BreadcrumbList","@id":"https:\/\/www.meydan.tv\/az\/article\/qizina-bas-cekmeye-geden-bestekar-xaric-olkede-vefat-edib\/#breadcrumb","itemListElement":[{"@type":"ListItem","position":1,"name":"Ana s\u0259hif\u0259","item":"https:\/\/www.meydan.tv\/az\/"},{"@type":"ListItem","position":2,"name":"M\u0259d\u0259niyy\u0259t","item":"https:\/\/www.meydan.tv\/az\/section\/medeniyyet\/"},{"@type":"ListItem","position":3,"name":"Q\u0131z\u0131na ba\u015f \u00e7\u0259km\u0259y\u0259 ged\u0259n b\u0259st\u0259kar xarici \u00f6lk\u0259d\u0259 v\u0259fat edib (yenil\u0259nib)"}]},{"@type":"WebSite","@id":"https:\/\/www.meydan.tv\/az\/#website","url":"https:\/\/www.meydan.tv\/az\/","name":"MEYDAN.TV","description":"Meydan TV Az\u0259rbaycan\u0131n media m\u0259kan\u0131ndak\u0131 alternativ s\u0259sidir","publisher":{"@id":"https:\/\/www.meydan.tv\/az\/#organization"},"potentialAction":[{"@type":"SearchAction","target":{"@type":"EntryPoint","urlTemplate":"https:\/\/www.meydan.tv\/az\/?s={search_term_string}"},"query-input":{"@type":"PropertyValueSpecification","valueRequired":true,"valueName":"search_term_string"}}],"inLanguage":"az"},{"@type":"Organization","@id":"https:\/\/www.meydan.tv\/az\/#organization","name":"Meydan TV","url":"https:\/\/www.meydan.tv\/az\/","logo":{"@type":"ImageObject","inLanguage":"az","@id":"https:\/\/www.meydan.tv\/az\/#\/schema\/logo\/image\/","url":"https:\/\/www.meydan.tv\/wp-content\/uploads\/2021\/07\/meydan-logo.svg","contentUrl":"https:\/\/www.meydan.tv\/wp-content\/uploads\/2021\/07\/meydan-logo.svg","width":195,"height":46,"caption":"Meydan TV"},"image":{"@id":"https:\/\/www.meydan.tv\/az\/#\/schema\/logo\/image\/"}},{"@type":"Person","@id":"https:\/\/www.meydan.tv\/az\/#\/schema\/person\/9cdbecf90d17180ce1dfbd95b08dcf47","name":"elli","sameAs":["https:\/\/x.com\/elli"]}]}},"_links":{"self":[{"href":"https:\/\/www.meydan.tv\/az\/wp-json\/wp\/v2\/posts\/257846","targetHints":{"allow":["GET"]}}],"collection":[{"href":"https:\/\/www.meydan.tv\/az\/wp-json\/wp\/v2\/posts"}],"about":[{"href":"https:\/\/www.meydan.tv\/az\/wp-json\/wp\/v2\/types\/post"}],"author":[{"embeddable":true,"href":"https:\/\/www.meydan.tv\/az\/wp-json\/wp\/v2\/users\/8"}],"replies":[{"embeddable":true,"href":"https:\/\/www.meydan.tv\/az\/wp-json\/wp\/v2\/comments?post=257846"}],"version-history":[{"count":5,"href":"https:\/\/www.meydan.tv\/az\/wp-json\/wp\/v2\/posts\/257846\/revisions"}],"predecessor-version":[{"id":257884,"href":"https:\/\/www.meydan.tv\/az\/wp-json\/wp\/v2\/posts\/257846\/revisions\/257884"}],"wp:featuredmedia":[{"embeddable":true,"href":"https:\/\/www.meydan.tv\/az\/wp-json\/wp\/v2\/media\/257835"}],"wp:attachment":[{"href":"https:\/\/www.meydan.tv\/az\/wp-json\/wp\/v2\/media?parent=257846"}],"wp:term":[{"taxonomy":"category","embeddable":true,"href":"https:\/\/www.meydan.tv\/az\/wp-json\/wp\/v2\/categories?post=257846"},{"taxonomy":"post_tag","embeddable":true,"href":"https:\/\/www.meydan.tv\/az\/wp-json\/wp\/v2\/tags?post=257846"}],"curies":[{"name":"wp","href":"https:\/\/api.w.org\/{rel}","templated":true}]}}