{"id":257842,"date":"2022-10-10T14:45:34","date_gmt":"2022-10-10T10:45:34","guid":{"rendered":"https:\/\/www.meydan.tv\/?p=257842"},"modified":"2022-10-10T14:45:36","modified_gmt":"2022-10-10T10:45:36","slug":"mekteblini-doymekde-ittiham-olunan-icra-bascisinin-muavini-cerimelendi","status":"publish","type":"post","link":"https:\/\/www.meydan.tv\/az\/article\/mekteblini-doymekde-ittiham-olunan-icra-bascisinin-muavini-cerimelendi\/","title":{"rendered":"M\u0259kt\u0259blini d\u00f6ym\u0259kd\u0259 ittiham olunan icra ba\u015f\u00e7\u0131s\u0131n\u0131n m\u00fcavini c\u0259rim\u0259l\u0259ndi"},"content":{"rendered":"\n<p><\/p>\n\n\n\n<p><em>Rasil\u0259 Arifq\u0131z\u0131na h\u00f6km oxundu<\/em><br><\/p>\n\n\n\n<p>L\u0259nk\u0259ran\u0131n icra ba\u015f\u00e7\u0131s\u0131n\u0131n m\u00fcavini v\u0259zif\u0259sind\u0259 i\u015fl\u0259diyi d\u00f6vrd\u0259 q\u0131z\u0131n\u0131n sinif yolda\u015f\u0131n\u0131 evin\u0259 \u00e7a\u011f\u0131r\u0131b d\u00f6ym\u0259kd\u0259 ittiham olunan Rasil\u0259 Arifq\u0131z\u0131n\u0131n (\u018fliyeva) 1 ayd\u0131r davam ed\u0259n m\u0259hk\u0259m\u0259si yekunla\u015f\u0131b. Oktyabr\u0131n 10-da L\u0259nk\u0259ran Rayon M\u0259hk\u0259m\u0259sind\u0259 ona h\u00f6km oxunub.<\/p>\n\n\n\n<p>Hakim R\u0259\u015fad M\u0259mm\u0259dovun s\u0259drliyil\u0259 \u00e7\u0131xar\u0131lan h\u00f6km\u0259 \u0259sas\u0259n, Rasil\u0259 Arifq\u0131z\u0131 Cinay\u0259t M\u0259c\u0259ll\u0259sinin 309-cu (v\u0259zif\u0259 s\u0259lahiyy\u0259tl\u0259rini a\u015fma) madd\u0259sil\u0259 t\u0259qsirli bilinib v\u0259 4000 manat c\u0259rim\u0259 c\u0259zas\u0131na m\u0259hkum edilib.<br>Hakim vur\u011fulay\u0131b ki, Rasil\u0259 Arifq\u0131z\u0131n\u0131n z\u0259r\u0259r\u00e7\u0259kmi\u015fl\u0259 (zorak\u0131l\u0131\u011fa m\u0259ruz qalm\u0131\u015f m\u0259kt\u0259bli v\u0259 valideyni) bar\u0131\u015f\u0131q \u0259ld\u0259 etm\u0259si, qar\u015f\u0131 t\u0259r\u0259fin ondan \u015fikay\u0259t\u00e7i olmamas\u0131 y\u00fcng\u00fcll\u0259\u015fdirici hal kimi n\u0259z\u0259r\u0259 al\u0131n\u0131b.<\/p>\n\n\n\n<p>T\u0259qsirl\u0259ndiril\u0259n sabiq m\u0259mur m\u0259hk\u0259m\u0259d\u0259 \u00e7\u0131x\u0131\u015f\u0131nda bildirib ki, \u0259m\u0259lind\u0259n pe\u015fmand\u0131r.<\/p>\n\n\n\n<p>\u201cAz\u0259rbaycan U\u015faqlar\u0131\u201d \u0130ctimai Birliyinin s\u0259dri K\u0259mal\u0259 A\u011fazad\u0259 d\u00f6y\u00fcld\u00fcy\u00fc iddia olunan m\u0259kt\u0259bli il\u0259 ba\u011fl\u0131 g\u00f6r\u00fcnt\u00fcl\u0259ri 2022-ci ilin iyulunda sosial media hesab\u0131ndan yayandan sonra bu m\u0259s\u0259l\u0259 il\u0259 ba\u011fl\u0131 prokurorluqda ara\u015fd\u0131rmalar ba\u015flay\u0131b. Ara\u015fd\u0131rmalar n\u0259tic\u0259sind\u0259 m\u0259lum olub ki, icra ba\u015f\u00e7\u0131s\u0131n\u0131n m\u00fcavini 14 iyul 2022-ci ild\u0259 L\u0259nk\u0259ran \u015f\u0259h\u0259r 4 n\u00f6mr\u0259li humanitar t\u0259may\u00fcll\u00fc m\u0259kt\u0259b-liseyin 9-cu sinif \u015fagirdi Aliy\u0259 Camalovan\u0131 attestat verilm\u0259si b\u0259han\u0259sil\u0259 xidm\u0259ti s\u00fcr\u00fcc\u00fcs\u00fc vasit\u0259sil\u0259 \u00f6z evin\u0259 g\u0259tirdib. O, q\u0131z\u0131n\u0131n sinif yolda\u015f\u0131 olan Aliy\u0259 Camalovan\u0131n mobil telefonunu \u0259lind\u0259n al\u0131b. \u015eagirdin telefonunda olan g\u00f6r\u00fcnt\u00fcl\u0259ri daha sonra onun ail\u0259sin\u0259 g\u00f6nd\u0259rib.<\/p>\n\n\n\n<p>H\u0259m\u00e7inin m\u0259kt\u0259bli ekspertizadan ke\u00e7iril\u0259rk\u0259n onun \u00fcz\u0259rind\u0259 sa\u011flaml\u0131\u011fa z\u0259r\u0259r vurmayan d\u0259r\u0259c\u0259d\u0259 qiym\u0259tl\u0259ndiril\u0259n x\u0259sar\u0259tl\u0259r a\u015fkarlan\u0131b.<\/p>\n\n\n\n<p>Bundan sonra Rasil\u0259 Arifq\u0131z\u0131ya qar\u015f\u0131 Cinay\u0259t M\u0259c\u0259ll\u0259sinin 309.1-ci (v\u0259zif\u0259 s\u0259lahiyy\u0259tl\u0259rini a\u015fma) madd\u0259sil\u0259 ittiham ir\u0259li s\u00fcr\u00fcl\u0259r\u0259k, t\u0259qsirl\u0259ndiril\u0259n \u015f\u0259xs qismind\u0259 tan\u0131n\u0131b. H\u0259m\u00e7inin bu olaydan sonra o, v\u0259zif\u0259sind\u0259n azad edilib.<\/p>\n\n\n\n<p>Rasil\u0259 Arifq\u0131z\u0131 istintaq v\u0259 m\u0259hk\u0259m\u0259 d\u00f6vr\u00fcnd\u0259 h\u0259bsd\u0259 olmay\u0131b.<\/p>\n\n\n\n<p>L\u0259nk\u0259ran Rayon \u0130cra Hakimiyy\u0259ti sosial \u015f\u0259b\u0259k\u0259l\u0259rd\u0259 bu m\u0259lumat yay\u0131landan az sonra a\u00e7\u0131qlama yayaraq, deyil\u0259nl\u0259ri t\u0259kzib etmi\u015fdi:<\/p>\n\n\n\n<p>\u201c\u0130cra ba\u015f\u00e7\u0131s\u0131n\u0131n m\u00fcavini R\u0259sil\u0259 Arifq\u0131z\u0131 t\u0259r\u0259find\u0259n m\u0259kt\u0259bli q\u0131z\u0131n d\u00f6y\u00fclm\u0259si v\u0259 ya harasa d\u0259v\u0259t edilm\u0259si bar\u0259d\u0259 m\u0259lumat yaland\u0131r. Sosial \u015f\u0259b\u0259k\u0259d\u0259 m\u0259kt\u0259bli q\u0131z\u0131n d\u00f6yulm\u0259si il\u0259 ba\u011fl\u0131 payla\u015f\u0131lan \u015f\u0259kill\u0259r bar\u0259d\u0259 L\u0259nk\u0259ran Rayon Polis \u015e\u00f6b\u0259sin\u0259 m\u0259lumat verilib. Haz\u0131rda \u015f\u00f6b\u0259d\u0259 ara\u015fd\u0131rma apar\u0131l\u0131r\u201d.<\/p>\n\n\n\n<p>Ard\u0131nca icra ba\u015f\u00e7\u0131s\u0131n\u0131n m\u00fcavini \u00f6z\u00fc a\u00e7\u0131qlama yayaraq iddia etdi ki, d\u00f6y\u00fcld\u00fcy\u00fc iddia olunan u\u015faq sinif yolda\u015flar\u0131n\u0131n, o c\u00fcml\u0259d\u0259n onun q\u0131z\u0131n\u0131n ad\u0131ndan m\u00fcxt\u0259lif \u015f\u0259xsl\u0259r\u0259 nalayiq mesajlar g\u00f6nd\u0259rib:<\/p>\n\n\n\n<p>\u201cQ\u0131z\u0131ma tap\u015f\u0131rd\u0131m ki, onun telefonunu al\u0131b m\u0259n\u0259 g\u0259tirsin. Q\u0131zlar\u0131n ad\u0131ndan o\u011flanlara t\u0259rbiy\u0259siz mesajlar yaz\u0131ld\u0131\u011f\u0131n\u0131 g\u00f6rd\u00fcm. Telefonda h\u0259min yeniyetm\u0259nin \u00f6z\u00fcn\u00fcn d\u0259 \u0259xlaqs\u0131z videolar\u0131 vard\u0131. H\u0259min videolar\u0131 yeniyetm\u0259nin valideynl\u0259rin\u0259 g\u00f6nd\u0259rdim\u201d.<\/p>\n\n\n\n<p>Rasil\u0259 Arifq\u0131z\u0131n\u0131n ittiham olundu\u011fu Cinay\u0259t M\u0259c\u0259ll\u0259sinin 309.1 madd\u0259sind\u0259 2 min manatdan 4 min manata q\u0259d\u0259r c\u0259rim\u0259, yaxud 2 il\u0259d\u0259k islah i\u015fl\u0259ri, ya da 3 il\u0259d\u0259k azadl\u0131qdan m\u0259hrumetm\u0259 c\u0259zas\u0131 n\u0259z\u0259rd\u0259 tutulub.<\/p>\n","protected":false},"excerpt":{"rendered":"<p>Rasil\u0259 Arifq\u0131z\u0131na h\u00f6km oxundu L\u0259nk\u0259ran\u0131n icra ba\u015f\u00e7\u0131s\u0131n\u0131n m\u00fcavini v\u0259zif\u0259sind\u0259 i\u015fl\u0259diyi &#8230; <\/p>\n<p class=\"read-more-container\"><a title=\"M\u0259kt\u0259blini d\u00f6ym\u0259kd\u0259 ittiham olunan icra ba\u015f\u00e7\u0131s\u0131n\u0131n m\u00fcavini c\u0259rim\u0259l\u0259ndi\" class=\"read-more button\" href=\"https:\/\/www.meydan.tv\/az\/article\/mekteblini-doymekde-ittiham-olunan-icra-bascisinin-muavini-cerimelendi\/#more-257842\" aria-label=\"Read more about M\u0259kt\u0259blini d\u00f6ym\u0259kd\u0259 ittiham olunan icra ba\u015f\u00e7\u0131s\u0131n\u0131n m\u00fcavini c\u0259rim\u0259l\u0259ndi\">Davam\u0131<\/a><\/p>\n","protected":false},"author":8,"featured_media":251184,"comment_status":"closed","ping_status":"closed","sticky":false,"template":"","format":"standard","meta":{"_acf_changed":false,"_sitemap_exclude":false,"_sitemap_priority":"","_sitemap_frequency":"","footnotes":""},"categories":[60,79],"tags":[],"class_list":["post-257842","post","type-post","status-publish","format-standard","has-post-thumbnail","hentry","category-bolge","category-featured","infinite-scroll-item","generate-columns","tablet-grid-50","mobile-grid-100","grid-parent","grid-33","no-featured-image-padding"],"acf":[],"yoast_head":"<!-- This site is optimized with the Yoast SEO plugin v27.5 - https:\/\/yoast.com\/product\/yoast-seo-wordpress\/ -->\n<title>M\u0259kt\u0259blini d\u00f6ym\u0259kd\u0259 ittiham olunan icra ba\u015f\u00e7\u0131s\u0131n\u0131n m\u00fcavini c\u0259rim\u0259l\u0259ndi - MEYDAN.TV<\/title>\n<meta name=\"robots\" content=\"index, follow, max-snippet:-1, max-image-preview:large, max-video-preview:-1\" \/>\n<link rel=\"canonical\" href=\"https:\/\/www.meydan.tv\/az\/article\/mekteblini-doymekde-ittiham-olunan-icra-bascisinin-muavini-cerimelendi\/\" \/>\n<meta property=\"og:locale\" content=\"az_AZ\" \/>\n<meta property=\"og:type\" content=\"article\" \/>\n<meta property=\"og:title\" content=\"M\u0259kt\u0259blini d\u00f6ym\u0259kd\u0259 ittiham olunan icra ba\u015f\u00e7\u0131s\u0131n\u0131n m\u00fcavini c\u0259rim\u0259l\u0259ndi - MEYDAN.TV\" \/>\n<meta property=\"og:description\" content=\"Rasil\u0259 Arifq\u0131z\u0131na h\u00f6km oxundu L\u0259nk\u0259ran\u0131n icra ba\u015f\u00e7\u0131s\u0131n\u0131n m\u00fcavini v\u0259zif\u0259sind\u0259 i\u015fl\u0259diyi ... Davam\u0131\" \/>\n<meta property=\"og:url\" content=\"https:\/\/www.meydan.tv\/az\/article\/mekteblini-doymekde-ittiham-olunan-icra-bascisinin-muavini-cerimelendi\/\" \/>\n<meta property=\"og:site_name\" content=\"MEYDAN.TV\" \/>\n<meta property=\"article:published_time\" content=\"2022-10-10T10:45:34+00:00\" \/>\n<meta property=\"article:modified_time\" content=\"2022-10-10T10:45:36+00:00\" \/>\n<meta property=\"og:image\" content=\"https:\/\/www.meydan.tv\/wp-content\/uploads\/427225_wswge60oe1-e1658203850358.jpg\" \/>\n\t<meta property=\"og:image:width\" content=\"1200\" \/>\n\t<meta property=\"og:image:height\" content=\"465\" \/>\n\t<meta property=\"og:image:type\" content=\"image\/jpeg\" \/>\n<meta name=\"author\" content=\"elli\" \/>\n<meta name=\"twitter:card\" content=\"summary_large_image\" \/>\n<meta name=\"twitter:creator\" content=\"@elli\" \/>\n<script type=\"application\/ld+json\" class=\"yoast-schema-graph\">{\"@context\":\"https:\\\/\\\/schema.org\",\"@graph\":[{\"@type\":\"Article\",\"@id\":\"https:\\\/\\\/www.meydan.tv\\\/az\\\/article\\\/mekteblini-doymekde-ittiham-olunan-icra-bascisinin-muavini-cerimelendi\\\/#article\",\"isPartOf\":{\"@id\":\"https:\\\/\\\/www.meydan.tv\\\/az\\\/article\\\/mekteblini-doymekde-ittiham-olunan-icra-bascisinin-muavini-cerimelendi\\\/\"},\"author\":{\"name\":\"elli\",\"@id\":\"https:\\\/\\\/www.meydan.tv\\\/az\\\/#\\\/schema\\\/person\\\/9cdbecf90d17180ce1dfbd95b08dcf47\"},\"headline\":\"M\u0259kt\u0259blini d\u00f6ym\u0259kd\u0259 ittiham olunan icra ba\u015f\u00e7\u0131s\u0131n\u0131n m\u00fcavini c\u0259rim\u0259l\u0259ndi\",\"datePublished\":\"2022-10-10T10:45:34+00:00\",\"dateModified\":\"2022-10-10T10:45:36+00:00\",\"mainEntityOfPage\":{\"@id\":\"https:\\\/\\\/www.meydan.tv\\\/az\\\/article\\\/mekteblini-doymekde-ittiham-olunan-icra-bascisinin-muavini-cerimelendi\\\/\"},\"wordCount\":725,\"publisher\":{\"@id\":\"https:\\\/\\\/www.meydan.tv\\\/az\\\/#organization\"},\"image\":{\"@id\":\"https:\\\/\\\/www.meydan.tv\\\/az\\\/article\\\/mekteblini-doymekde-ittiham-olunan-icra-bascisinin-muavini-cerimelendi\\\/#primaryimage\"},\"thumbnailUrl\":\"https:\\\/\\\/www.meydan.tv\\\/wp-content\\\/uploads\\\/427225_wswge60oe1-e1658203850358.jpg\",\"articleSection\":[\"B\u00f6lg\u0259\",\"T\u00f6vsiy\u0259\"],\"inLanguage\":\"az\"},{\"@type\":\"WebPage\",\"@id\":\"https:\\\/\\\/www.meydan.tv\\\/az\\\/article\\\/mekteblini-doymekde-ittiham-olunan-icra-bascisinin-muavini-cerimelendi\\\/\",\"url\":\"https:\\\/\\\/www.meydan.tv\\\/az\\\/article\\\/mekteblini-doymekde-ittiham-olunan-icra-bascisinin-muavini-cerimelendi\\\/\",\"name\":\"M\u0259kt\u0259blini d\u00f6ym\u0259kd\u0259 ittiham olunan icra ba\u015f\u00e7\u0131s\u0131n\u0131n m\u00fcavini c\u0259rim\u0259l\u0259ndi - MEYDAN.TV\",\"isPartOf\":{\"@id\":\"https:\\\/\\\/www.meydan.tv\\\/az\\\/#website\"},\"primaryImageOfPage\":{\"@id\":\"https:\\\/\\\/www.meydan.tv\\\/az\\\/article\\\/mekteblini-doymekde-ittiham-olunan-icra-bascisinin-muavini-cerimelendi\\\/#primaryimage\"},\"image\":{\"@id\":\"https:\\\/\\\/www.meydan.tv\\\/az\\\/article\\\/mekteblini-doymekde-ittiham-olunan-icra-bascisinin-muavini-cerimelendi\\\/#primaryimage\"},\"thumbnailUrl\":\"https:\\\/\\\/www.meydan.tv\\\/wp-content\\\/uploads\\\/427225_wswge60oe1-e1658203850358.jpg\",\"datePublished\":\"2022-10-10T10:45:34+00:00\",\"dateModified\":\"2022-10-10T10:45:36+00:00\",\"breadcrumb\":{\"@id\":\"https:\\\/\\\/www.meydan.tv\\\/az\\\/article\\\/mekteblini-doymekde-ittiham-olunan-icra-bascisinin-muavini-cerimelendi\\\/#breadcrumb\"},\"inLanguage\":\"az\",\"potentialAction\":[{\"@type\":\"ReadAction\",\"target\":[\"https:\\\/\\\/www.meydan.tv\\\/az\\\/article\\\/mekteblini-doymekde-ittiham-olunan-icra-bascisinin-muavini-cerimelendi\\\/\"]}]},{\"@type\":\"ImageObject\",\"inLanguage\":\"az\",\"@id\":\"https:\\\/\\\/www.meydan.tv\\\/az\\\/article\\\/mekteblini-doymekde-ittiham-olunan-icra-bascisinin-muavini-cerimelendi\\\/#primaryimage\",\"url\":\"https:\\\/\\\/www.meydan.tv\\\/wp-content\\\/uploads\\\/427225_wswge60oe1-e1658203850358.jpg\",\"contentUrl\":\"https:\\\/\\\/www.meydan.tv\\\/wp-content\\\/uploads\\\/427225_wswge60oe1-e1658203850358.jpg\",\"width\":1200,\"height\":465,\"caption\":\"Rasil\u0259 Arifq\u0131z\u0131. Foto: Sosial \u015f\u0259b\u0259k\u0259\"},{\"@type\":\"BreadcrumbList\",\"@id\":\"https:\\\/\\\/www.meydan.tv\\\/az\\\/article\\\/mekteblini-doymekde-ittiham-olunan-icra-bascisinin-muavini-cerimelendi\\\/#breadcrumb\",\"itemListElement\":[{\"@type\":\"ListItem\",\"position\":1,\"name\":\"Ana s\u0259hif\u0259\",\"item\":\"https:\\\/\\\/www.meydan.tv\\\/az\\\/\"},{\"@type\":\"ListItem\",\"position\":2,\"name\":\"B\u00f6lg\u0259\",\"item\":\"https:\\\/\\\/www.meydan.tv\\\/az\\\/section\\\/bolge\\\/\"},{\"@type\":\"ListItem\",\"position\":3,\"name\":\"M\u0259kt\u0259blini d\u00f6ym\u0259kd\u0259 ittiham olunan icra ba\u015f\u00e7\u0131s\u0131n\u0131n m\u00fcavini c\u0259rim\u0259l\u0259ndi\"}]},{\"@type\":\"WebSite\",\"@id\":\"https:\\\/\\\/www.meydan.tv\\\/az\\\/#website\",\"url\":\"https:\\\/\\\/www.meydan.tv\\\/az\\\/\",\"name\":\"MEYDAN.TV\",\"description\":\"Meydan TV Az\u0259rbaycan\u0131n media m\u0259kan\u0131ndak\u0131 alternativ s\u0259sidir\",\"publisher\":{\"@id\":\"https:\\\/\\\/www.meydan.tv\\\/az\\\/#organization\"},\"potentialAction\":[{\"@type\":\"SearchAction\",\"target\":{\"@type\":\"EntryPoint\",\"urlTemplate\":\"https:\\\/\\\/www.meydan.tv\\\/az\\\/?s={search_term_string}\"},\"query-input\":{\"@type\":\"PropertyValueSpecification\",\"valueRequired\":true,\"valueName\":\"search_term_string\"}}],\"inLanguage\":\"az\"},{\"@type\":\"Organization\",\"@id\":\"https:\\\/\\\/www.meydan.tv\\\/az\\\/#organization\",\"name\":\"Meydan TV\",\"url\":\"https:\\\/\\\/www.meydan.tv\\\/az\\\/\",\"logo\":{\"@type\":\"ImageObject\",\"inLanguage\":\"az\",\"@id\":\"https:\\\/\\\/www.meydan.tv\\\/az\\\/#\\\/schema\\\/logo\\\/image\\\/\",\"url\":\"https:\\\/\\\/www.meydan.tv\\\/wp-content\\\/uploads\\\/2021\\\/07\\\/meydan-logo.svg\",\"contentUrl\":\"https:\\\/\\\/www.meydan.tv\\\/wp-content\\\/uploads\\\/2021\\\/07\\\/meydan-logo.svg\",\"width\":195,\"height\":46,\"caption\":\"Meydan TV\"},\"image\":{\"@id\":\"https:\\\/\\\/www.meydan.tv\\\/az\\\/#\\\/schema\\\/logo\\\/image\\\/\"}},{\"@type\":\"Person\",\"@id\":\"https:\\\/\\\/www.meydan.tv\\\/az\\\/#\\\/schema\\\/person\\\/9cdbecf90d17180ce1dfbd95b08dcf47\",\"name\":\"elli\",\"sameAs\":[\"https:\\\/\\\/x.com\\\/elli\"]}]}<\/script>\n<!-- \/ Yoast SEO plugin. -->","yoast_head_json":{"title":"M\u0259kt\u0259blini d\u00f6ym\u0259kd\u0259 ittiham olunan icra ba\u015f\u00e7\u0131s\u0131n\u0131n m\u00fcavini c\u0259rim\u0259l\u0259ndi - MEYDAN.TV","robots":{"index":"index","follow":"follow","max-snippet":"max-snippet:-1","max-image-preview":"max-image-preview:large","max-video-preview":"max-video-preview:-1"},"canonical":"https:\/\/www.meydan.tv\/az\/article\/mekteblini-doymekde-ittiham-olunan-icra-bascisinin-muavini-cerimelendi\/","og_locale":"az_AZ","og_type":"article","og_title":"M\u0259kt\u0259blini d\u00f6ym\u0259kd\u0259 ittiham olunan icra ba\u015f\u00e7\u0131s\u0131n\u0131n m\u00fcavini c\u0259rim\u0259l\u0259ndi - MEYDAN.TV","og_description":"Rasil\u0259 Arifq\u0131z\u0131na h\u00f6km oxundu L\u0259nk\u0259ran\u0131n icra ba\u015f\u00e7\u0131s\u0131n\u0131n m\u00fcavini v\u0259zif\u0259sind\u0259 i\u015fl\u0259diyi ... Davam\u0131","og_url":"https:\/\/www.meydan.tv\/az\/article\/mekteblini-doymekde-ittiham-olunan-icra-bascisinin-muavini-cerimelendi\/","og_site_name":"MEYDAN.TV","article_published_time":"2022-10-10T10:45:34+00:00","article_modified_time":"2022-10-10T10:45:36+00:00","og_image":[{"width":1200,"height":465,"url":"https:\/\/www.meydan.tv\/wp-content\/uploads\/427225_wswge60oe1-e1658203850358.jpg","type":"image\/jpeg"}],"author":"elli","twitter_card":"summary_large_image","twitter_creator":"@elli","schema":{"@context":"https:\/\/schema.org","@graph":[{"@type":"Article","@id":"https:\/\/www.meydan.tv\/az\/article\/mekteblini-doymekde-ittiham-olunan-icra-bascisinin-muavini-cerimelendi\/#article","isPartOf":{"@id":"https:\/\/www.meydan.tv\/az\/article\/mekteblini-doymekde-ittiham-olunan-icra-bascisinin-muavini-cerimelendi\/"},"author":{"name":"elli","@id":"https:\/\/www.meydan.tv\/az\/#\/schema\/person\/9cdbecf90d17180ce1dfbd95b08dcf47"},"headline":"M\u0259kt\u0259blini d\u00f6ym\u0259kd\u0259 ittiham olunan icra ba\u015f\u00e7\u0131s\u0131n\u0131n m\u00fcavini c\u0259rim\u0259l\u0259ndi","datePublished":"2022-10-10T10:45:34+00:00","dateModified":"2022-10-10T10:45:36+00:00","mainEntityOfPage":{"@id":"https:\/\/www.meydan.tv\/az\/article\/mekteblini-doymekde-ittiham-olunan-icra-bascisinin-muavini-cerimelendi\/"},"wordCount":725,"publisher":{"@id":"https:\/\/www.meydan.tv\/az\/#organization"},"image":{"@id":"https:\/\/www.meydan.tv\/az\/article\/mekteblini-doymekde-ittiham-olunan-icra-bascisinin-muavini-cerimelendi\/#primaryimage"},"thumbnailUrl":"https:\/\/www.meydan.tv\/wp-content\/uploads\/427225_wswge60oe1-e1658203850358.jpg","articleSection":["B\u00f6lg\u0259","T\u00f6vsiy\u0259"],"inLanguage":"az"},{"@type":"WebPage","@id":"https:\/\/www.meydan.tv\/az\/article\/mekteblini-doymekde-ittiham-olunan-icra-bascisinin-muavini-cerimelendi\/","url":"https:\/\/www.meydan.tv\/az\/article\/mekteblini-doymekde-ittiham-olunan-icra-bascisinin-muavini-cerimelendi\/","name":"M\u0259kt\u0259blini d\u00f6ym\u0259kd\u0259 ittiham olunan icra ba\u015f\u00e7\u0131s\u0131n\u0131n m\u00fcavini c\u0259rim\u0259l\u0259ndi - MEYDAN.TV","isPartOf":{"@id":"https:\/\/www.meydan.tv\/az\/#website"},"primaryImageOfPage":{"@id":"https:\/\/www.meydan.tv\/az\/article\/mekteblini-doymekde-ittiham-olunan-icra-bascisinin-muavini-cerimelendi\/#primaryimage"},"image":{"@id":"https:\/\/www.meydan.tv\/az\/article\/mekteblini-doymekde-ittiham-olunan-icra-bascisinin-muavini-cerimelendi\/#primaryimage"},"thumbnailUrl":"https:\/\/www.meydan.tv\/wp-content\/uploads\/427225_wswge60oe1-e1658203850358.jpg","datePublished":"2022-10-10T10:45:34+00:00","dateModified":"2022-10-10T10:45:36+00:00","breadcrumb":{"@id":"https:\/\/www.meydan.tv\/az\/article\/mekteblini-doymekde-ittiham-olunan-icra-bascisinin-muavini-cerimelendi\/#breadcrumb"},"inLanguage":"az","potentialAction":[{"@type":"ReadAction","target":["https:\/\/www.meydan.tv\/az\/article\/mekteblini-doymekde-ittiham-olunan-icra-bascisinin-muavini-cerimelendi\/"]}]},{"@type":"ImageObject","inLanguage":"az","@id":"https:\/\/www.meydan.tv\/az\/article\/mekteblini-doymekde-ittiham-olunan-icra-bascisinin-muavini-cerimelendi\/#primaryimage","url":"https:\/\/www.meydan.tv\/wp-content\/uploads\/427225_wswge60oe1-e1658203850358.jpg","contentUrl":"https:\/\/www.meydan.tv\/wp-content\/uploads\/427225_wswge60oe1-e1658203850358.jpg","width":1200,"height":465,"caption":"Rasil\u0259 Arifq\u0131z\u0131. Foto: Sosial \u015f\u0259b\u0259k\u0259"},{"@type":"BreadcrumbList","@id":"https:\/\/www.meydan.tv\/az\/article\/mekteblini-doymekde-ittiham-olunan-icra-bascisinin-muavini-cerimelendi\/#breadcrumb","itemListElement":[{"@type":"ListItem","position":1,"name":"Ana s\u0259hif\u0259","item":"https:\/\/www.meydan.tv\/az\/"},{"@type":"ListItem","position":2,"name":"B\u00f6lg\u0259","item":"https:\/\/www.meydan.tv\/az\/section\/bolge\/"},{"@type":"ListItem","position":3,"name":"M\u0259kt\u0259blini d\u00f6ym\u0259kd\u0259 ittiham olunan icra ba\u015f\u00e7\u0131s\u0131n\u0131n m\u00fcavini c\u0259rim\u0259l\u0259ndi"}]},{"@type":"WebSite","@id":"https:\/\/www.meydan.tv\/az\/#website","url":"https:\/\/www.meydan.tv\/az\/","name":"MEYDAN.TV","description":"Meydan TV Az\u0259rbaycan\u0131n media m\u0259kan\u0131ndak\u0131 alternativ s\u0259sidir","publisher":{"@id":"https:\/\/www.meydan.tv\/az\/#organization"},"potentialAction":[{"@type":"SearchAction","target":{"@type":"EntryPoint","urlTemplate":"https:\/\/www.meydan.tv\/az\/?s={search_term_string}"},"query-input":{"@type":"PropertyValueSpecification","valueRequired":true,"valueName":"search_term_string"}}],"inLanguage":"az"},{"@type":"Organization","@id":"https:\/\/www.meydan.tv\/az\/#organization","name":"Meydan TV","url":"https:\/\/www.meydan.tv\/az\/","logo":{"@type":"ImageObject","inLanguage":"az","@id":"https:\/\/www.meydan.tv\/az\/#\/schema\/logo\/image\/","url":"https:\/\/www.meydan.tv\/wp-content\/uploads\/2021\/07\/meydan-logo.svg","contentUrl":"https:\/\/www.meydan.tv\/wp-content\/uploads\/2021\/07\/meydan-logo.svg","width":195,"height":46,"caption":"Meydan TV"},"image":{"@id":"https:\/\/www.meydan.tv\/az\/#\/schema\/logo\/image\/"}},{"@type":"Person","@id":"https:\/\/www.meydan.tv\/az\/#\/schema\/person\/9cdbecf90d17180ce1dfbd95b08dcf47","name":"elli","sameAs":["https:\/\/x.com\/elli"]}]}},"_links":{"self":[{"href":"https:\/\/www.meydan.tv\/az\/wp-json\/wp\/v2\/posts\/257842","targetHints":{"allow":["GET"]}}],"collection":[{"href":"https:\/\/www.meydan.tv\/az\/wp-json\/wp\/v2\/posts"}],"about":[{"href":"https:\/\/www.meydan.tv\/az\/wp-json\/wp\/v2\/types\/post"}],"author":[{"embeddable":true,"href":"https:\/\/www.meydan.tv\/az\/wp-json\/wp\/v2\/users\/8"}],"replies":[{"embeddable":true,"href":"https:\/\/www.meydan.tv\/az\/wp-json\/wp\/v2\/comments?post=257842"}],"version-history":[{"count":1,"href":"https:\/\/www.meydan.tv\/az\/wp-json\/wp\/v2\/posts\/257842\/revisions"}],"predecessor-version":[{"id":257843,"href":"https:\/\/www.meydan.tv\/az\/wp-json\/wp\/v2\/posts\/257842\/revisions\/257843"}],"wp:featuredmedia":[{"embeddable":true,"href":"https:\/\/www.meydan.tv\/az\/wp-json\/wp\/v2\/media\/251184"}],"wp:attachment":[{"href":"https:\/\/www.meydan.tv\/az\/wp-json\/wp\/v2\/media?parent=257842"}],"wp:term":[{"taxonomy":"category","embeddable":true,"href":"https:\/\/www.meydan.tv\/az\/wp-json\/wp\/v2\/categories?post=257842"},{"taxonomy":"post_tag","embeddable":true,"href":"https:\/\/www.meydan.tv\/az\/wp-json\/wp\/v2\/tags?post=257842"}],"curies":[{"name":"wp","href":"https:\/\/api.w.org\/{rel}","templated":true}]}}