{"id":257736,"date":"2022-10-07T16:49:45","date_gmt":"2022-10-07T12:49:45","guid":{"rendered":"https:\/\/www.meydan.tv\/?p=257736"},"modified":"2022-10-07T19:49:21","modified_gmt":"2022-10-07T15:49:21","slug":"hebsde-olan-belaruslu-huquq-mudafiecisi-nobel-aldi","status":"publish","type":"post","link":"https:\/\/www.meydan.tv\/az\/article\/hebsde-olan-belaruslu-huquq-mudafiecisi-nobel-aldi\/","title":{"rendered":"H\u0259bsd\u0259 olan belaruslu h\u00fcquq m\u00fcdafi\u0259\u00e7isi &#8220;Nobel&#8221; ald\u0131"},"content":{"rendered":"\n<figure class=\"wp-block-embed is-type-video is-provider-youtube wp-block-embed-youtube wp-embed-aspect-16-9 wp-has-aspect-ratio\"><div class=\"wp-block-embed__wrapper\">\n<iframe title=\"Nobel S\u00fclh M\u00fckafat\u0131 Belarus, Rusiya v\u0259 Ukraynal\u0131 insan haqlar\u0131 f\u0259allar\u0131na verilib\" width=\"1200\" height=\"675\" data-src=\"https:\/\/www.youtube.com\/embed\/2eoRwN4-iAM?feature=oembed\" frameborder=\"0\" allow=\"accelerometer; autoplay; clipboard-write; encrypted-media; gyroscope; picture-in-picture\" allowfullscreen src=\"data:image\/svg+xml;base64,PHN2ZyB3aWR0aD0iMSIgaGVpZ2h0PSIxIiB4bWxucz0iaHR0cDovL3d3dy53My5vcmcvMjAwMC9zdmciPjwvc3ZnPg==\" class=\"lazyload\" data-load-mode=\"1\"><\/iframe>\n<\/div><\/figure>\n\n\n\n<p><em>Rusiyan\u0131n \u201cMemorial\u201d t\u0259\u015fkilat\u0131 v\u0259 Ukrayna V\u0259t\u0259nda\u015f Azadl\u0131qlar\u0131 M\u0259rk\u0259zi d\u0259 m\u00fckafatland\u0131r\u0131ld\u0131<\/em><\/p>\n\n\n\n<p>2022-ci il \u201cNobel\u201d S\u00fclh M\u00fckafat\u0131 Belarus, Rusiya v\u0259 Ukraynadak\u0131 insan haqlar\u0131 f\u0259allar\u0131na verilib.<\/p>\n\n\n\n<p>\u201cNobel\u201d Komit\u0259si S\u00fclh M\u00fckafat\u0131n\u0131n belaruslu h\u00fcquq m\u00fcdafi\u0259\u00e7isi Ales Byalyatskiy\u0259, Rusiyan\u0131n \u201cMemorial\u201d h\u00fcquq m\u00fcdafi\u0259 m\u0259rk\u0259zin\u0259 v\u0259 Ukrayna V\u0259t\u0259nda\u015f Azadl\u0131qlar\u0131 M\u0259rk\u0259zin\u0259 verilm\u0259si bar\u0259d\u0259 q\u0259rar q\u0259bul edib.<\/p>\n\n\n\n<p><a href=\"https:\/\/twitter.com\/NobelPrize\/status\/1578309539870318603\/photo\/1\" target=\"_blank\" rel=\"noreferrer noopener\">Bildirilib<\/a> ki, laureatlar \u00f6z \u00f6lk\u0259l\u0259rind\u0259 v\u0259t\u0259nda\u015f c\u0259miyy\u0259tini t\u0259msil edirl\u0259r: &#8220;Uzun ill\u0259rdir ki, v\u0259t\u0259nda\u015flar\u0131n fundamental h\u00fcquqlar\u0131n\u0131 m\u00fcdafi\u0259 edirl\u0259r&#8221;.<\/p>\n\n\n\n<p>\u201cOnlar m\u00fcharib\u0259 cinay\u0259tl\u0259rini, insan h\u00fcquqlar\u0131n\u0131n pozulmas\u0131n\u0131 v\u0259 hakimiyy\u0259td\u0259n sui-istifad\u0259 hallar\u0131n\u0131 s\u0259n\u0259dl\u0259\u015fdirm\u0259k \u00fc\u00e7\u00fcn b\u00f6y\u00fck i\u015fl\u0259r g\u00f6r\u00fcbl\u0259r. Birlikd\u0259 s\u00fclh v\u0259 demokratiya \u00fc\u00e7\u00fcn v\u0259t\u0259nda\u015f c\u0259miyy\u0259tinin vacibliyini n\u00fcmayi\u015f etdirirl\u0259r\u201d, &#8211; m\u0259lumatda deyilir.<\/p>\n\n\n\n<p>Haz\u0131rda h\u0259bsd\u0259 olan 60 ya\u015fl\u0131 Ales Byalyatski Belarusda \u201cViasna\u201d h\u00fcquq-m\u00fcdafi\u0259 m\u0259rk\u0259zinin \u0259sas\u0131n\u0131 qoyub.<\/p>\n\n\n\n<p>O, 2021-ci il iyulun 15-d\u0259 Belarusda vergid\u0259n yay\u0131nma il\u0259 ba\u011fl\u0131 cinay\u0259t i\u015fi \u00fczr\u0259 h\u0259bs edilib.<\/p>\n\n\n\n<p>T\u0259r\u0259fdarlar\u0131 ittiham\u0131 siyasi motivli say\u0131rlar.<\/p>\n\n\n\n<p>\u201cByalyatski 1980-ci ill\u0259rin ortalar\u0131nda Belarusda yaranm\u0131\u015f demokratik h\u0259r\u0259kat\u0131n t\u0259\u015f\u0259bb\u00fcskarlar\u0131ndan biri idi. O, h\u0259yat\u0131n\u0131 demokratiyan\u0131n t\u0259bli\u011fin\u0259 v\u0259 do\u011fma \u00f6lk\u0259sinin dinc inki\u015faf\u0131na h\u0259sr edib. H\u00fcquq m\u00fcdafi\u0259\u00e7isi bu il alt\u0131nc\u0131 d\u0259f\u0259 \u201cNobel\u201d S\u00fclh M\u00fckafat\u0131na namiz\u0259d g\u00f6st\u0259rilib. O, h\u0259bsxanada olark\u0259n bu m\u00fckafat\u0131 alan d\u00f6rd\u00fcnc\u00fc \u015f\u0259xsdir\u201d, &#8211; \u201cViasna\u201dn\u0131n sayt\u0131nda <a href=\"https:\/\/spring96.org\/ru\/news\/109340\" target=\"_blank\" rel=\"noreferrer noopener\">deyilir.<\/a><\/p>\n\n\n\n<p>Rusiyan\u0131n \u201cMemorial\u201d h\u00fcquq m\u00fcdafi\u0259 m\u0259rk\u0259zi 1987-ci ild\u0259 yarad\u0131l\u0131b.<\/p>\n\n\n\n<p>\u201cMemorial\u201d 2021-ci il dekabr\u0131n 28-d\u0259 Rusiya Ali M\u0259hk\u0259m\u0259sinin q\u0259rar\u0131 il\u0259 \u201cxarici agentl\u0259r\u201d qanununu pozmas\u0131 iddias\u0131 il\u0259 l\u0259\u011fv edib.<\/p>\n\n\n\n<p>\u201cMemorial\u201d haz\u0131rda \u201cMemorial, \u0130nsan H\u00fcquqlar\u0131n\u0131 M\u00fcdafi\u0259 M\u0259rk\u0259zi\u201d yarad\u0131b v\u0259 h\u00fcquqi \u015f\u0259xs olmadan f\u0259aliyy\u0259t g\u00f6st\u0259rir.<\/p>\n\n\n\n<p>Ukrayna V\u0259t\u0259nda\u015f Azadl\u0131qlar\u0131 M\u0259rk\u0259zi is\u0259 2007-ci ild\u0259 Kiyevd\u0259 t\u0259sis edilib. Qurum h\u0259rbi cinay\u0259tl\u0259ri v\u0259 insan haqlar\u0131n\u0131 s\u0259n\u0259dl\u0259\u015fdirir.<\/p>\n\n\n\n<p>\u201cNobel h\u0259ft\u0259si\u201d oktyabr\u0131n 10-d\u0259k davam ed\u0259c\u0259k.<\/p>\n\n\n\n<p>Oktyabr\u0131n 10-da iqtisadiyyat \u00fczr\u0259 \u201cNobel\u201d m\u00fckafatlar\u0131n\u0131n laureatlar\u0131 a\u00e7\u0131qlanacaq.<\/p>\n\n\n\n<p>M\u00fckafatlar \u0259n\u0259n\u0259vi olaraq dekabr\u0131n 10-da, Alfred Nobelin an\u0131m g\u00fcn\u00fcnd\u0259 sahibl\u0259rin\u0259 t\u0259qdim olunacaq.<\/p>\n","protected":false},"excerpt":{"rendered":"<p>Rusiyan\u0131n \u201cMemorial\u201d t\u0259\u015fkilat\u0131 v\u0259 Ukrayna V\u0259t\u0259nda\u015f Azadl\u0131qlar\u0131 M\u0259rk\u0259zi d\u0259 m\u00fckafatland\u0131r\u0131ld\u0131 &#8230; <\/p>\n<p class=\"read-more-container\"><a title=\"H\u0259bsd\u0259 olan belaruslu h\u00fcquq m\u00fcdafi\u0259\u00e7isi &#8220;Nobel&#8221; ald\u0131\" class=\"read-more button\" href=\"https:\/\/www.meydan.tv\/az\/article\/hebsde-olan-belaruslu-huquq-mudafiecisi-nobel-aldi\/#more-257736\" aria-label=\"Read more about H\u0259bsd\u0259 olan belaruslu h\u00fcquq m\u00fcdafi\u0259\u00e7isi &#8220;Nobel&#8221; ald\u0131\">Davam\u0131<\/a><\/p>\n","protected":false},"author":8,"featured_media":257727,"comment_status":"closed","ping_status":"closed","sticky":false,"template":"","format":"standard","meta":{"_acf_changed":false,"_sitemap_exclude":false,"_sitemap_priority":"","_sitemap_frequency":"","footnotes":""},"categories":[52,63,56],"tags":[],"class_list":["post-257736","post","type-post","status-publish","format-standard","has-post-thumbnail","hentry","category-medeniyyet","category-video-2","category-xeberler","infinite-scroll-item","generate-columns","tablet-grid-50","mobile-grid-100","grid-parent","grid-33","no-featured-image-padding"],"acf":[],"yoast_head":"<!-- This site is optimized with the Yoast SEO plugin v27.5 - https:\/\/yoast.com\/product\/yoast-seo-wordpress\/ -->\n<title>H\u0259bsd\u0259 olan belaruslu h\u00fcquq m\u00fcdafi\u0259\u00e7isi &quot;Nobel&quot; ald\u0131 - MEYDAN.TV<\/title>\n<meta name=\"robots\" content=\"index, follow, max-snippet:-1, max-image-preview:large, max-video-preview:-1\" \/>\n<link rel=\"canonical\" href=\"https:\/\/www.meydan.tv\/az\/article\/hebsde-olan-belaruslu-huquq-mudafiecisi-nobel-aldi\/\" \/>\n<meta property=\"og:locale\" content=\"az_AZ\" \/>\n<meta property=\"og:type\" content=\"article\" \/>\n<meta property=\"og:title\" content=\"H\u0259bsd\u0259 olan belaruslu h\u00fcquq m\u00fcdafi\u0259\u00e7isi &quot;Nobel&quot; ald\u0131 - MEYDAN.TV\" \/>\n<meta property=\"og:description\" content=\"Rusiyan\u0131n \u201cMemorial\u201d t\u0259\u015fkilat\u0131 v\u0259 Ukrayna V\u0259t\u0259nda\u015f Azadl\u0131qlar\u0131 M\u0259rk\u0259zi d\u0259 m\u00fckafatland\u0131r\u0131ld\u0131 ... Davam\u0131\" \/>\n<meta property=\"og:url\" content=\"https:\/\/www.meydan.tv\/az\/article\/hebsde-olan-belaruslu-huquq-mudafiecisi-nobel-aldi\/\" \/>\n<meta property=\"og:site_name\" content=\"MEYDAN.TV\" \/>\n<meta property=\"article:published_time\" content=\"2022-10-07T12:49:45+00:00\" \/>\n<meta property=\"article:modified_time\" content=\"2022-10-07T15:49:21+00:00\" \/>\n<meta property=\"og:image\" content=\"https:\/\/www.meydan.tv\/wp-content\/uploads\/thenobelprize_2022-scaled.jpg\" \/>\n\t<meta property=\"og:image:width\" content=\"2560\" \/>\n\t<meta property=\"og:image:height\" content=\"1590\" \/>\n\t<meta property=\"og:image:type\" content=\"image\/jpeg\" \/>\n<meta name=\"author\" content=\"elli\" \/>\n<meta name=\"twitter:card\" content=\"summary_large_image\" \/>\n<meta name=\"twitter:creator\" content=\"@elli\" \/>\n<script type=\"application\/ld+json\" class=\"yoast-schema-graph\">{\"@context\":\"https:\\\/\\\/schema.org\",\"@graph\":[{\"@type\":\"Article\",\"@id\":\"https:\\\/\\\/www.meydan.tv\\\/az\\\/article\\\/hebsde-olan-belaruslu-huquq-mudafiecisi-nobel-aldi\\\/#article\",\"isPartOf\":{\"@id\":\"https:\\\/\\\/www.meydan.tv\\\/az\\\/article\\\/hebsde-olan-belaruslu-huquq-mudafiecisi-nobel-aldi\\\/\"},\"author\":{\"name\":\"elli\",\"@id\":\"https:\\\/\\\/www.meydan.tv\\\/az\\\/#\\\/schema\\\/person\\\/9cdbecf90d17180ce1dfbd95b08dcf47\"},\"headline\":\"H\u0259bsd\u0259 olan belaruslu h\u00fcquq m\u00fcdafi\u0259\u00e7isi &#8220;Nobel&#8221; ald\u0131\",\"datePublished\":\"2022-10-07T12:49:45+00:00\",\"dateModified\":\"2022-10-07T15:49:21+00:00\",\"mainEntityOfPage\":{\"@id\":\"https:\\\/\\\/www.meydan.tv\\\/az\\\/article\\\/hebsde-olan-belaruslu-huquq-mudafiecisi-nobel-aldi\\\/\"},\"wordCount\":463,\"publisher\":{\"@id\":\"https:\\\/\\\/www.meydan.tv\\\/az\\\/#organization\"},\"image\":{\"@id\":\"https:\\\/\\\/www.meydan.tv\\\/az\\\/article\\\/hebsde-olan-belaruslu-huquq-mudafiecisi-nobel-aldi\\\/#primaryimage\"},\"thumbnailUrl\":\"https:\\\/\\\/www.meydan.tv\\\/wp-content\\\/uploads\\\/thenobelprize_2022-scaled.jpg\",\"articleSection\":[\"M\u0259d\u0259niyy\u0259t\",\"Video\",\"X\u0259b\u0259rl\u0259r\"],\"inLanguage\":\"az\"},{\"@type\":\"WebPage\",\"@id\":\"https:\\\/\\\/www.meydan.tv\\\/az\\\/article\\\/hebsde-olan-belaruslu-huquq-mudafiecisi-nobel-aldi\\\/\",\"url\":\"https:\\\/\\\/www.meydan.tv\\\/az\\\/article\\\/hebsde-olan-belaruslu-huquq-mudafiecisi-nobel-aldi\\\/\",\"name\":\"H\u0259bsd\u0259 olan belaruslu h\u00fcquq m\u00fcdafi\u0259\u00e7isi \\\"Nobel\\\" ald\u0131 - MEYDAN.TV\",\"isPartOf\":{\"@id\":\"https:\\\/\\\/www.meydan.tv\\\/az\\\/#website\"},\"primaryImageOfPage\":{\"@id\":\"https:\\\/\\\/www.meydan.tv\\\/az\\\/article\\\/hebsde-olan-belaruslu-huquq-mudafiecisi-nobel-aldi\\\/#primaryimage\"},\"image\":{\"@id\":\"https:\\\/\\\/www.meydan.tv\\\/az\\\/article\\\/hebsde-olan-belaruslu-huquq-mudafiecisi-nobel-aldi\\\/#primaryimage\"},\"thumbnailUrl\":\"https:\\\/\\\/www.meydan.tv\\\/wp-content\\\/uploads\\\/thenobelprize_2022-scaled.jpg\",\"datePublished\":\"2022-10-07T12:49:45+00:00\",\"dateModified\":\"2022-10-07T15:49:21+00:00\",\"breadcrumb\":{\"@id\":\"https:\\\/\\\/www.meydan.tv\\\/az\\\/article\\\/hebsde-olan-belaruslu-huquq-mudafiecisi-nobel-aldi\\\/#breadcrumb\"},\"inLanguage\":\"az\",\"potentialAction\":[{\"@type\":\"ReadAction\",\"target\":[\"https:\\\/\\\/www.meydan.tv\\\/az\\\/article\\\/hebsde-olan-belaruslu-huquq-mudafiecisi-nobel-aldi\\\/\"]}]},{\"@type\":\"ImageObject\",\"inLanguage\":\"az\",\"@id\":\"https:\\\/\\\/www.meydan.tv\\\/az\\\/article\\\/hebsde-olan-belaruslu-huquq-mudafiecisi-nobel-aldi\\\/#primaryimage\",\"url\":\"https:\\\/\\\/www.meydan.tv\\\/wp-content\\\/uploads\\\/thenobelprize_2022-scaled.jpg\",\"contentUrl\":\"https:\\\/\\\/www.meydan.tv\\\/wp-content\\\/uploads\\\/thenobelprize_2022-scaled.jpg\",\"width\":2560,\"height\":1590,\"caption\":\"M\u0259nb\u0259: \u201cNobel\u201d Komit\u0259si\"},{\"@type\":\"BreadcrumbList\",\"@id\":\"https:\\\/\\\/www.meydan.tv\\\/az\\\/article\\\/hebsde-olan-belaruslu-huquq-mudafiecisi-nobel-aldi\\\/#breadcrumb\",\"itemListElement\":[{\"@type\":\"ListItem\",\"position\":1,\"name\":\"Ana s\u0259hif\u0259\",\"item\":\"https:\\\/\\\/www.meydan.tv\\\/az\\\/\"},{\"@type\":\"ListItem\",\"position\":2,\"name\":\"M\u0259d\u0259niyy\u0259t\",\"item\":\"https:\\\/\\\/www.meydan.tv\\\/az\\\/section\\\/medeniyyet\\\/\"},{\"@type\":\"ListItem\",\"position\":3,\"name\":\"H\u0259bsd\u0259 olan belaruslu h\u00fcquq m\u00fcdafi\u0259\u00e7isi &#8220;Nobel&#8221; ald\u0131\"}]},{\"@type\":\"WebSite\",\"@id\":\"https:\\\/\\\/www.meydan.tv\\\/az\\\/#website\",\"url\":\"https:\\\/\\\/www.meydan.tv\\\/az\\\/\",\"name\":\"MEYDAN.TV\",\"description\":\"Meydan TV Az\u0259rbaycan\u0131n media m\u0259kan\u0131ndak\u0131 alternativ s\u0259sidir\",\"publisher\":{\"@id\":\"https:\\\/\\\/www.meydan.tv\\\/az\\\/#organization\"},\"potentialAction\":[{\"@type\":\"SearchAction\",\"target\":{\"@type\":\"EntryPoint\",\"urlTemplate\":\"https:\\\/\\\/www.meydan.tv\\\/az\\\/?s={search_term_string}\"},\"query-input\":{\"@type\":\"PropertyValueSpecification\",\"valueRequired\":true,\"valueName\":\"search_term_string\"}}],\"inLanguage\":\"az\"},{\"@type\":\"Organization\",\"@id\":\"https:\\\/\\\/www.meydan.tv\\\/az\\\/#organization\",\"name\":\"Meydan TV\",\"url\":\"https:\\\/\\\/www.meydan.tv\\\/az\\\/\",\"logo\":{\"@type\":\"ImageObject\",\"inLanguage\":\"az\",\"@id\":\"https:\\\/\\\/www.meydan.tv\\\/az\\\/#\\\/schema\\\/logo\\\/image\\\/\",\"url\":\"https:\\\/\\\/www.meydan.tv\\\/wp-content\\\/uploads\\\/2021\\\/07\\\/meydan-logo.svg\",\"contentUrl\":\"https:\\\/\\\/www.meydan.tv\\\/wp-content\\\/uploads\\\/2021\\\/07\\\/meydan-logo.svg\",\"width\":195,\"height\":46,\"caption\":\"Meydan TV\"},\"image\":{\"@id\":\"https:\\\/\\\/www.meydan.tv\\\/az\\\/#\\\/schema\\\/logo\\\/image\\\/\"}},{\"@type\":\"Person\",\"@id\":\"https:\\\/\\\/www.meydan.tv\\\/az\\\/#\\\/schema\\\/person\\\/9cdbecf90d17180ce1dfbd95b08dcf47\",\"name\":\"elli\",\"sameAs\":[\"https:\\\/\\\/x.com\\\/elli\"]}]}<\/script>\n<!-- \/ Yoast SEO plugin. -->","yoast_head_json":{"title":"H\u0259bsd\u0259 olan belaruslu h\u00fcquq m\u00fcdafi\u0259\u00e7isi \"Nobel\" ald\u0131 - MEYDAN.TV","robots":{"index":"index","follow":"follow","max-snippet":"max-snippet:-1","max-image-preview":"max-image-preview:large","max-video-preview":"max-video-preview:-1"},"canonical":"https:\/\/www.meydan.tv\/az\/article\/hebsde-olan-belaruslu-huquq-mudafiecisi-nobel-aldi\/","og_locale":"az_AZ","og_type":"article","og_title":"H\u0259bsd\u0259 olan belaruslu h\u00fcquq m\u00fcdafi\u0259\u00e7isi \"Nobel\" ald\u0131 - MEYDAN.TV","og_description":"Rusiyan\u0131n \u201cMemorial\u201d t\u0259\u015fkilat\u0131 v\u0259 Ukrayna V\u0259t\u0259nda\u015f Azadl\u0131qlar\u0131 M\u0259rk\u0259zi d\u0259 m\u00fckafatland\u0131r\u0131ld\u0131 ... Davam\u0131","og_url":"https:\/\/www.meydan.tv\/az\/article\/hebsde-olan-belaruslu-huquq-mudafiecisi-nobel-aldi\/","og_site_name":"MEYDAN.TV","article_published_time":"2022-10-07T12:49:45+00:00","article_modified_time":"2022-10-07T15:49:21+00:00","og_image":[{"width":2560,"height":1590,"url":"https:\/\/www.meydan.tv\/wp-content\/uploads\/thenobelprize_2022-scaled.jpg","type":"image\/jpeg"}],"author":"elli","twitter_card":"summary_large_image","twitter_creator":"@elli","schema":{"@context":"https:\/\/schema.org","@graph":[{"@type":"Article","@id":"https:\/\/www.meydan.tv\/az\/article\/hebsde-olan-belaruslu-huquq-mudafiecisi-nobel-aldi\/#article","isPartOf":{"@id":"https:\/\/www.meydan.tv\/az\/article\/hebsde-olan-belaruslu-huquq-mudafiecisi-nobel-aldi\/"},"author":{"name":"elli","@id":"https:\/\/www.meydan.tv\/az\/#\/schema\/person\/9cdbecf90d17180ce1dfbd95b08dcf47"},"headline":"H\u0259bsd\u0259 olan belaruslu h\u00fcquq m\u00fcdafi\u0259\u00e7isi &#8220;Nobel&#8221; ald\u0131","datePublished":"2022-10-07T12:49:45+00:00","dateModified":"2022-10-07T15:49:21+00:00","mainEntityOfPage":{"@id":"https:\/\/www.meydan.tv\/az\/article\/hebsde-olan-belaruslu-huquq-mudafiecisi-nobel-aldi\/"},"wordCount":463,"publisher":{"@id":"https:\/\/www.meydan.tv\/az\/#organization"},"image":{"@id":"https:\/\/www.meydan.tv\/az\/article\/hebsde-olan-belaruslu-huquq-mudafiecisi-nobel-aldi\/#primaryimage"},"thumbnailUrl":"https:\/\/www.meydan.tv\/wp-content\/uploads\/thenobelprize_2022-scaled.jpg","articleSection":["M\u0259d\u0259niyy\u0259t","Video","X\u0259b\u0259rl\u0259r"],"inLanguage":"az"},{"@type":"WebPage","@id":"https:\/\/www.meydan.tv\/az\/article\/hebsde-olan-belaruslu-huquq-mudafiecisi-nobel-aldi\/","url":"https:\/\/www.meydan.tv\/az\/article\/hebsde-olan-belaruslu-huquq-mudafiecisi-nobel-aldi\/","name":"H\u0259bsd\u0259 olan belaruslu h\u00fcquq m\u00fcdafi\u0259\u00e7isi \"Nobel\" ald\u0131 - MEYDAN.TV","isPartOf":{"@id":"https:\/\/www.meydan.tv\/az\/#website"},"primaryImageOfPage":{"@id":"https:\/\/www.meydan.tv\/az\/article\/hebsde-olan-belaruslu-huquq-mudafiecisi-nobel-aldi\/#primaryimage"},"image":{"@id":"https:\/\/www.meydan.tv\/az\/article\/hebsde-olan-belaruslu-huquq-mudafiecisi-nobel-aldi\/#primaryimage"},"thumbnailUrl":"https:\/\/www.meydan.tv\/wp-content\/uploads\/thenobelprize_2022-scaled.jpg","datePublished":"2022-10-07T12:49:45+00:00","dateModified":"2022-10-07T15:49:21+00:00","breadcrumb":{"@id":"https:\/\/www.meydan.tv\/az\/article\/hebsde-olan-belaruslu-huquq-mudafiecisi-nobel-aldi\/#breadcrumb"},"inLanguage":"az","potentialAction":[{"@type":"ReadAction","target":["https:\/\/www.meydan.tv\/az\/article\/hebsde-olan-belaruslu-huquq-mudafiecisi-nobel-aldi\/"]}]},{"@type":"ImageObject","inLanguage":"az","@id":"https:\/\/www.meydan.tv\/az\/article\/hebsde-olan-belaruslu-huquq-mudafiecisi-nobel-aldi\/#primaryimage","url":"https:\/\/www.meydan.tv\/wp-content\/uploads\/thenobelprize_2022-scaled.jpg","contentUrl":"https:\/\/www.meydan.tv\/wp-content\/uploads\/thenobelprize_2022-scaled.jpg","width":2560,"height":1590,"caption":"M\u0259nb\u0259: \u201cNobel\u201d Komit\u0259si"},{"@type":"BreadcrumbList","@id":"https:\/\/www.meydan.tv\/az\/article\/hebsde-olan-belaruslu-huquq-mudafiecisi-nobel-aldi\/#breadcrumb","itemListElement":[{"@type":"ListItem","position":1,"name":"Ana s\u0259hif\u0259","item":"https:\/\/www.meydan.tv\/az\/"},{"@type":"ListItem","position":2,"name":"M\u0259d\u0259niyy\u0259t","item":"https:\/\/www.meydan.tv\/az\/section\/medeniyyet\/"},{"@type":"ListItem","position":3,"name":"H\u0259bsd\u0259 olan belaruslu h\u00fcquq m\u00fcdafi\u0259\u00e7isi &#8220;Nobel&#8221; ald\u0131"}]},{"@type":"WebSite","@id":"https:\/\/www.meydan.tv\/az\/#website","url":"https:\/\/www.meydan.tv\/az\/","name":"MEYDAN.TV","description":"Meydan TV Az\u0259rbaycan\u0131n media m\u0259kan\u0131ndak\u0131 alternativ s\u0259sidir","publisher":{"@id":"https:\/\/www.meydan.tv\/az\/#organization"},"potentialAction":[{"@type":"SearchAction","target":{"@type":"EntryPoint","urlTemplate":"https:\/\/www.meydan.tv\/az\/?s={search_term_string}"},"query-input":{"@type":"PropertyValueSpecification","valueRequired":true,"valueName":"search_term_string"}}],"inLanguage":"az"},{"@type":"Organization","@id":"https:\/\/www.meydan.tv\/az\/#organization","name":"Meydan TV","url":"https:\/\/www.meydan.tv\/az\/","logo":{"@type":"ImageObject","inLanguage":"az","@id":"https:\/\/www.meydan.tv\/az\/#\/schema\/logo\/image\/","url":"https:\/\/www.meydan.tv\/wp-content\/uploads\/2021\/07\/meydan-logo.svg","contentUrl":"https:\/\/www.meydan.tv\/wp-content\/uploads\/2021\/07\/meydan-logo.svg","width":195,"height":46,"caption":"Meydan TV"},"image":{"@id":"https:\/\/www.meydan.tv\/az\/#\/schema\/logo\/image\/"}},{"@type":"Person","@id":"https:\/\/www.meydan.tv\/az\/#\/schema\/person\/9cdbecf90d17180ce1dfbd95b08dcf47","name":"elli","sameAs":["https:\/\/x.com\/elli"]}]}},"_links":{"self":[{"href":"https:\/\/www.meydan.tv\/az\/wp-json\/wp\/v2\/posts\/257736","targetHints":{"allow":["GET"]}}],"collection":[{"href":"https:\/\/www.meydan.tv\/az\/wp-json\/wp\/v2\/posts"}],"about":[{"href":"https:\/\/www.meydan.tv\/az\/wp-json\/wp\/v2\/types\/post"}],"author":[{"embeddable":true,"href":"https:\/\/www.meydan.tv\/az\/wp-json\/wp\/v2\/users\/8"}],"replies":[{"embeddable":true,"href":"https:\/\/www.meydan.tv\/az\/wp-json\/wp\/v2\/comments?post=257736"}],"version-history":[{"count":2,"href":"https:\/\/www.meydan.tv\/az\/wp-json\/wp\/v2\/posts\/257736\/revisions"}],"predecessor-version":[{"id":257775,"href":"https:\/\/www.meydan.tv\/az\/wp-json\/wp\/v2\/posts\/257736\/revisions\/257775"}],"wp:featuredmedia":[{"embeddable":true,"href":"https:\/\/www.meydan.tv\/az\/wp-json\/wp\/v2\/media\/257727"}],"wp:attachment":[{"href":"https:\/\/www.meydan.tv\/az\/wp-json\/wp\/v2\/media?parent=257736"}],"wp:term":[{"taxonomy":"category","embeddable":true,"href":"https:\/\/www.meydan.tv\/az\/wp-json\/wp\/v2\/categories?post=257736"},{"taxonomy":"post_tag","embeddable":true,"href":"https:\/\/www.meydan.tv\/az\/wp-json\/wp\/v2\/tags?post=257736"}],"curies":[{"name":"wp","href":"https:\/\/api.w.org\/{rel}","templated":true}]}}