{"id":257722,"date":"2022-10-07T15:26:43","date_gmt":"2022-10-07T11:26:43","guid":{"rendered":"https:\/\/www.meydan.tv\/?p=257722"},"modified":"2022-10-07T15:28:35","modified_gmt":"2022-10-07T11:28:35","slug":"rusiyali-mugennilere-de-sanskiya-qoyulub","status":"publish","type":"post","link":"https:\/\/www.meydan.tv\/az\/article\/rusiyali-mugennilere-de-sanskiya-qoyulub\/","title":{"rendered":"Rusiyal\u0131 m\u00fc\u011f\u0259nnil\u0259r\u0259\u00a0d\u0259 sanksiya qoyulub"},"content":{"rendered":"\n<p><\/p>\n\n\n\n<p><em>Qazmanov v\u0259 Rastorquyev A\u0130-nin\u00a0s\u0259kkizinci\u00a0sanksiyalar paketin\u0259 d\u00fc\u015f\u00fcb<\/em><\/p>\n\n\n\n<p>Avropa \u0130ttifaq\u0131 Rusiyan\u0131n Ukraynaya h\u0259rbi m\u00fcdaxil\u0259sin\u0259 g\u00f6r\u0259 ona qar\u015f\u0131 s\u0259kkizinci sanksiyalar paketini <a href=\"https:\/\/eur-lex.europa.eu\/legal-content\/EN\/TXT\/PDF\/?uri=OJ:L:2022:259I:FULL&amp;from=EN\" target=\"_blank\" rel=\"noreferrer noopener\">t\u0259sdiql\u0259yib.<\/a><\/p>\n\n\n\n<p>S\u0259n\u0259d\u0259 \u0259sas\u0259n, daha 30 fiziki v\u0259 7 h\u00fcquqi \u015f\u0259xs \u201cqara siyah\u0131\u201dya sal\u0131n\u0131b.<\/p>\n\n\n\n<p>Rusiya Federasiyas\u0131 M\u0259rk\u0259zi \u0130craiyy\u0259 Komit\u0259sinin r\u0259hb\u0259ri Ella Pamfilova, politoloq Aleksandr Duqin, H\u0259rbi-Texniki \u018fm\u0259kda\u015fl\u0131q \u00fczr\u0259 Federal Xidm\u0259tin r\u0259hb\u0259ri Dmitri \u015euqayev, FSB s\u0259rh\u0259d xidm\u0259tinin r\u0259hb\u0259ri Vladimir Kul\u0131\u015fov, \u201cTechmash\u201d \u015firk\u0259tinin ba\u015f direktoru Aleksandr Ko\u00e7kin , \u201cKala\u015fnikov\u201d konserninin prezidenti Alan Lu\u015fnikov, el\u0259c\u0259 d\u0259 m\u00fc\u011f\u0259nnil\u0259r Oleq Qazmanov, \u201cLyube\u201d (\u201c\u041b\u044e\u0431\u044d\u201d) qrupunun lideri, musiqi\u00e7i Nikolay Rastorquyev v\u0259 Yuliya \u00c7i\u00e7erinaya sanksiya t\u0259tbiq edilib.<\/p>\n\n\n\n<p>Bud\u0259f\u0259ki sanksiyalarda Avropa \u0130ttifaq\u0131 \u015firk\u0259tl\u0259r\u0259 ruslar\u0131n kriptopul kis\u0259l\u0259rin\u0259 xidm\u0259t g\u00f6st\u0259rm\u0259yi, Avropa v\u0259t\u0259nda\u015flar\u0131na is\u0259 Rusiya d\u00f6vl\u0259t \u015firk\u0259tl\u0259rind\u0259 r\u0259hb\u0259r v\u0259zif\u0259 tutma\u011f\u0131 qada\u011fan edib.<\/p>\n\n\n\n<p>Rusiya Prezidenti Vladimir Putin Ukraynan\u0131n \u015f\u0259rqind\u0259ki separat\u00e7\u0131 qurumlar\u0131 tan\u0131d\u0131\u011f\u0131n\u0131 b\u0259yan etdikd\u0259n 2 g\u00fcn sonra, 2022-ci il fevral\u0131n 24-d\u0259 Ukraynaya qar\u015f\u0131 m\u00fcharib\u0259y\u0259 ba\u015flay\u0131b.<\/p>\n\n\n\n<p>D\u00fcnyan\u0131n \u0259ks\u0259r \u00f6lk\u0259si Rusiyan\u0131n h\u00fccumunu pisl\u0259yib.<\/p>\n\n\n\n<p>Bundan sonra Avropa Birliyi \u00f6lk\u0259l\u0259ri, el\u0259c\u0259 d\u0259 AB\u015e Rusiyaya qar\u015f\u0131 sanksiyalar t\u0259tbiq edib.<\/p>\n\n\n\n<p>600-d\u0259n \u00e7ox rusiyal\u0131 oliqarx, y\u00fcks\u0259k r\u00fctb\u0259li h\u0259rb\u00e7il\u0259r, \u015firk\u0259t sahibl\u0259ri, biznesmenl\u0259rl\u0259 yana\u015f\u0131, Rusiya Prezidenti Vladimir Putin v\u0259 xarici i\u015fl\u0259r naziri Sergey Lavrov sanksiyalara m\u0259ruz qal\u0131blar.<\/p>\n\n\n\n<p>Rusiyada t\u0259\u015fkil olunacaq yar\u0131\u015flar t\u0259xir\u0259 sal\u0131n\u0131b, bu \u00f6lk\u0259nin ad\u0131 m\u00fch\u00fcm t\u0259dbirl\u0259rd\u0259n v\u0259 t\u0259\u015fkilatlardan \u00e7\u0131xar\u0131l\u0131b.<\/p>\n\n\n\n<p><\/p>\n","protected":false},"excerpt":{"rendered":"<p>Qazmanov v\u0259 Rastorquyev A\u0130-nin\u00a0s\u0259kkizinci\u00a0sanksiyalar paketin\u0259 d\u00fc\u015f\u00fcb Avropa \u0130ttifaq\u0131 Rusiyan\u0131n Ukraynaya &#8230; <\/p>\n<p class=\"read-more-container\"><a title=\"Rusiyal\u0131 m\u00fc\u011f\u0259nnil\u0259r\u0259\u00a0d\u0259 sanksiya qoyulub\" class=\"read-more button\" href=\"https:\/\/www.meydan.tv\/az\/article\/rusiyali-mugennilere-de-sanskiya-qoyulub\/#more-257722\" aria-label=\"Read more about Rusiyal\u0131 m\u00fc\u011f\u0259nnil\u0259r\u0259\u00a0d\u0259 sanksiya qoyulub\">Davam\u0131<\/a><\/p>\n","protected":false},"author":8,"featured_media":238894,"comment_status":"closed","ping_status":"closed","sticky":false,"template":"","format":"standard","meta":{"_acf_changed":false,"_sitemap_exclude":false,"_sitemap_priority":"","_sitemap_frequency":"","footnotes":""},"categories":[64,52,56],"tags":[],"class_list":["post-257722","post","type-post","status-publish","format-standard","has-post-thumbnail","hentry","category-dunya","category-medeniyyet","category-xeberler","infinite-scroll-item","generate-columns","tablet-grid-50","mobile-grid-100","grid-parent","grid-33","no-featured-image-padding"],"acf":[],"yoast_head":"<!-- This site is optimized with the Yoast SEO plugin v27.5 - https:\/\/yoast.com\/product\/yoast-seo-wordpress\/ -->\n<title>Rusiyal\u0131 m\u00fc\u011f\u0259nnil\u0259r\u0259\u00a0d\u0259 sanksiya qoyulub - MEYDAN.TV<\/title>\n<meta name=\"robots\" content=\"index, follow, max-snippet:-1, max-image-preview:large, max-video-preview:-1\" \/>\n<link rel=\"canonical\" href=\"https:\/\/www.meydan.tv\/az\/article\/rusiyali-mugennilere-de-sanskiya-qoyulub\/\" \/>\n<meta property=\"og:locale\" content=\"az_AZ\" \/>\n<meta property=\"og:type\" content=\"article\" \/>\n<meta property=\"og:title\" content=\"Rusiyal\u0131 m\u00fc\u011f\u0259nnil\u0259r\u0259\u00a0d\u0259 sanksiya qoyulub - MEYDAN.TV\" \/>\n<meta property=\"og:description\" content=\"Qazmanov v\u0259 Rastorquyev A\u0130-nin\u00a0s\u0259kkizinci\u00a0sanksiyalar paketin\u0259 d\u00fc\u015f\u00fcb Avropa \u0130ttifaq\u0131 Rusiyan\u0131n Ukraynaya ... Davam\u0131\" \/>\n<meta property=\"og:url\" content=\"https:\/\/www.meydan.tv\/az\/article\/rusiyali-mugennilere-de-sanskiya-qoyulub\/\" \/>\n<meta property=\"og:site_name\" content=\"MEYDAN.TV\" \/>\n<meta property=\"article:published_time\" content=\"2022-10-07T11:26:43+00:00\" \/>\n<meta property=\"article:modified_time\" content=\"2022-10-07T11:28:35+00:00\" \/>\n<meta property=\"og:image\" content=\"https:\/\/www.meydan.tv\/wp-content\/uploads\/shutterstock_1630485025-e1665141738177.jpg\" \/>\n\t<meta property=\"og:image:width\" content=\"1200\" \/>\n\t<meta property=\"og:image:height\" content=\"705\" \/>\n\t<meta property=\"og:image:type\" content=\"image\/jpeg\" \/>\n<meta name=\"author\" content=\"elli\" \/>\n<meta name=\"twitter:card\" content=\"summary_large_image\" \/>\n<meta name=\"twitter:creator\" content=\"@elli\" \/>\n<script type=\"application\/ld+json\" class=\"yoast-schema-graph\">{\"@context\":\"https:\\\/\\\/schema.org\",\"@graph\":[{\"@type\":\"Article\",\"@id\":\"https:\\\/\\\/www.meydan.tv\\\/az\\\/article\\\/rusiyali-mugennilere-de-sanskiya-qoyulub\\\/#article\",\"isPartOf\":{\"@id\":\"https:\\\/\\\/www.meydan.tv\\\/az\\\/article\\\/rusiyali-mugennilere-de-sanskiya-qoyulub\\\/\"},\"author\":{\"name\":\"elli\",\"@id\":\"https:\\\/\\\/www.meydan.tv\\\/az\\\/#\\\/schema\\\/person\\\/9cdbecf90d17180ce1dfbd95b08dcf47\"},\"headline\":\"Rusiyal\u0131 m\u00fc\u011f\u0259nnil\u0259r\u0259\u00a0d\u0259 sanksiya qoyulub\",\"datePublished\":\"2022-10-07T11:26:43+00:00\",\"dateModified\":\"2022-10-07T11:28:35+00:00\",\"mainEntityOfPage\":{\"@id\":\"https:\\\/\\\/www.meydan.tv\\\/az\\\/article\\\/rusiyali-mugennilere-de-sanskiya-qoyulub\\\/\"},\"wordCount\":371,\"publisher\":{\"@id\":\"https:\\\/\\\/www.meydan.tv\\\/az\\\/#organization\"},\"image\":{\"@id\":\"https:\\\/\\\/www.meydan.tv\\\/az\\\/article\\\/rusiyali-mugennilere-de-sanskiya-qoyulub\\\/#primaryimage\"},\"thumbnailUrl\":\"https:\\\/\\\/www.meydan.tv\\\/wp-content\\\/uploads\\\/shutterstock_1630485025-e1665141738177.jpg\",\"articleSection\":[\"D\u00fcnya\",\"M\u0259d\u0259niyy\u0259t\",\"X\u0259b\u0259rl\u0259r\"],\"inLanguage\":\"az\"},{\"@type\":\"WebPage\",\"@id\":\"https:\\\/\\\/www.meydan.tv\\\/az\\\/article\\\/rusiyali-mugennilere-de-sanskiya-qoyulub\\\/\",\"url\":\"https:\\\/\\\/www.meydan.tv\\\/az\\\/article\\\/rusiyali-mugennilere-de-sanskiya-qoyulub\\\/\",\"name\":\"Rusiyal\u0131 m\u00fc\u011f\u0259nnil\u0259r\u0259\u00a0d\u0259 sanksiya qoyulub - MEYDAN.TV\",\"isPartOf\":{\"@id\":\"https:\\\/\\\/www.meydan.tv\\\/az\\\/#website\"},\"primaryImageOfPage\":{\"@id\":\"https:\\\/\\\/www.meydan.tv\\\/az\\\/article\\\/rusiyali-mugennilere-de-sanskiya-qoyulub\\\/#primaryimage\"},\"image\":{\"@id\":\"https:\\\/\\\/www.meydan.tv\\\/az\\\/article\\\/rusiyali-mugennilere-de-sanskiya-qoyulub\\\/#primaryimage\"},\"thumbnailUrl\":\"https:\\\/\\\/www.meydan.tv\\\/wp-content\\\/uploads\\\/shutterstock_1630485025-e1665141738177.jpg\",\"datePublished\":\"2022-10-07T11:26:43+00:00\",\"dateModified\":\"2022-10-07T11:28:35+00:00\",\"breadcrumb\":{\"@id\":\"https:\\\/\\\/www.meydan.tv\\\/az\\\/article\\\/rusiyali-mugennilere-de-sanskiya-qoyulub\\\/#breadcrumb\"},\"inLanguage\":\"az\",\"potentialAction\":[{\"@type\":\"ReadAction\",\"target\":[\"https:\\\/\\\/www.meydan.tv\\\/az\\\/article\\\/rusiyali-mugennilere-de-sanskiya-qoyulub\\\/\"]}]},{\"@type\":\"ImageObject\",\"inLanguage\":\"az\",\"@id\":\"https:\\\/\\\/www.meydan.tv\\\/az\\\/article\\\/rusiyali-mugennilere-de-sanskiya-qoyulub\\\/#primaryimage\",\"url\":\"https:\\\/\\\/www.meydan.tv\\\/wp-content\\\/uploads\\\/shutterstock_1630485025-e1665141738177.jpg\",\"contentUrl\":\"https:\\\/\\\/www.meydan.tv\\\/wp-content\\\/uploads\\\/shutterstock_1630485025-e1665141738177.jpg\",\"width\":1200,\"height\":705,\"caption\":\"Rusiyaya qar\u015f\u0131 sanksiyalar. Foto: Anton Petrus\\\/shutterstock\"},{\"@type\":\"BreadcrumbList\",\"@id\":\"https:\\\/\\\/www.meydan.tv\\\/az\\\/article\\\/rusiyali-mugennilere-de-sanskiya-qoyulub\\\/#breadcrumb\",\"itemListElement\":[{\"@type\":\"ListItem\",\"position\":1,\"name\":\"Ana s\u0259hif\u0259\",\"item\":\"https:\\\/\\\/www.meydan.tv\\\/az\\\/\"},{\"@type\":\"ListItem\",\"position\":2,\"name\":\"D\u00fcnya\",\"item\":\"https:\\\/\\\/www.meydan.tv\\\/az\\\/section\\\/dunya\\\/\"},{\"@type\":\"ListItem\",\"position\":3,\"name\":\"Rusiyal\u0131 m\u00fc\u011f\u0259nnil\u0259r\u0259\u00a0d\u0259 sanksiya qoyulub\"}]},{\"@type\":\"WebSite\",\"@id\":\"https:\\\/\\\/www.meydan.tv\\\/az\\\/#website\",\"url\":\"https:\\\/\\\/www.meydan.tv\\\/az\\\/\",\"name\":\"MEYDAN.TV\",\"description\":\"Meydan TV Az\u0259rbaycan\u0131n media m\u0259kan\u0131ndak\u0131 alternativ s\u0259sidir\",\"publisher\":{\"@id\":\"https:\\\/\\\/www.meydan.tv\\\/az\\\/#organization\"},\"potentialAction\":[{\"@type\":\"SearchAction\",\"target\":{\"@type\":\"EntryPoint\",\"urlTemplate\":\"https:\\\/\\\/www.meydan.tv\\\/az\\\/?s={search_term_string}\"},\"query-input\":{\"@type\":\"PropertyValueSpecification\",\"valueRequired\":true,\"valueName\":\"search_term_string\"}}],\"inLanguage\":\"az\"},{\"@type\":\"Organization\",\"@id\":\"https:\\\/\\\/www.meydan.tv\\\/az\\\/#organization\",\"name\":\"Meydan TV\",\"url\":\"https:\\\/\\\/www.meydan.tv\\\/az\\\/\",\"logo\":{\"@type\":\"ImageObject\",\"inLanguage\":\"az\",\"@id\":\"https:\\\/\\\/www.meydan.tv\\\/az\\\/#\\\/schema\\\/logo\\\/image\\\/\",\"url\":\"https:\\\/\\\/www.meydan.tv\\\/wp-content\\\/uploads\\\/2021\\\/07\\\/meydan-logo.svg\",\"contentUrl\":\"https:\\\/\\\/www.meydan.tv\\\/wp-content\\\/uploads\\\/2021\\\/07\\\/meydan-logo.svg\",\"width\":195,\"height\":46,\"caption\":\"Meydan TV\"},\"image\":{\"@id\":\"https:\\\/\\\/www.meydan.tv\\\/az\\\/#\\\/schema\\\/logo\\\/image\\\/\"}},{\"@type\":\"Person\",\"@id\":\"https:\\\/\\\/www.meydan.tv\\\/az\\\/#\\\/schema\\\/person\\\/9cdbecf90d17180ce1dfbd95b08dcf47\",\"name\":\"elli\",\"sameAs\":[\"https:\\\/\\\/x.com\\\/elli\"]}]}<\/script>\n<!-- \/ Yoast SEO plugin. -->","yoast_head_json":{"title":"Rusiyal\u0131 m\u00fc\u011f\u0259nnil\u0259r\u0259\u00a0d\u0259 sanksiya qoyulub - MEYDAN.TV","robots":{"index":"index","follow":"follow","max-snippet":"max-snippet:-1","max-image-preview":"max-image-preview:large","max-video-preview":"max-video-preview:-1"},"canonical":"https:\/\/www.meydan.tv\/az\/article\/rusiyali-mugennilere-de-sanskiya-qoyulub\/","og_locale":"az_AZ","og_type":"article","og_title":"Rusiyal\u0131 m\u00fc\u011f\u0259nnil\u0259r\u0259\u00a0d\u0259 sanksiya qoyulub - MEYDAN.TV","og_description":"Qazmanov v\u0259 Rastorquyev A\u0130-nin\u00a0s\u0259kkizinci\u00a0sanksiyalar paketin\u0259 d\u00fc\u015f\u00fcb Avropa \u0130ttifaq\u0131 Rusiyan\u0131n Ukraynaya ... Davam\u0131","og_url":"https:\/\/www.meydan.tv\/az\/article\/rusiyali-mugennilere-de-sanskiya-qoyulub\/","og_site_name":"MEYDAN.TV","article_published_time":"2022-10-07T11:26:43+00:00","article_modified_time":"2022-10-07T11:28:35+00:00","og_image":[{"width":1200,"height":705,"url":"https:\/\/www.meydan.tv\/wp-content\/uploads\/shutterstock_1630485025-e1665141738177.jpg","type":"image\/jpeg"}],"author":"elli","twitter_card":"summary_large_image","twitter_creator":"@elli","schema":{"@context":"https:\/\/schema.org","@graph":[{"@type":"Article","@id":"https:\/\/www.meydan.tv\/az\/article\/rusiyali-mugennilere-de-sanskiya-qoyulub\/#article","isPartOf":{"@id":"https:\/\/www.meydan.tv\/az\/article\/rusiyali-mugennilere-de-sanskiya-qoyulub\/"},"author":{"name":"elli","@id":"https:\/\/www.meydan.tv\/az\/#\/schema\/person\/9cdbecf90d17180ce1dfbd95b08dcf47"},"headline":"Rusiyal\u0131 m\u00fc\u011f\u0259nnil\u0259r\u0259\u00a0d\u0259 sanksiya qoyulub","datePublished":"2022-10-07T11:26:43+00:00","dateModified":"2022-10-07T11:28:35+00:00","mainEntityOfPage":{"@id":"https:\/\/www.meydan.tv\/az\/article\/rusiyali-mugennilere-de-sanskiya-qoyulub\/"},"wordCount":371,"publisher":{"@id":"https:\/\/www.meydan.tv\/az\/#organization"},"image":{"@id":"https:\/\/www.meydan.tv\/az\/article\/rusiyali-mugennilere-de-sanskiya-qoyulub\/#primaryimage"},"thumbnailUrl":"https:\/\/www.meydan.tv\/wp-content\/uploads\/shutterstock_1630485025-e1665141738177.jpg","articleSection":["D\u00fcnya","M\u0259d\u0259niyy\u0259t","X\u0259b\u0259rl\u0259r"],"inLanguage":"az"},{"@type":"WebPage","@id":"https:\/\/www.meydan.tv\/az\/article\/rusiyali-mugennilere-de-sanskiya-qoyulub\/","url":"https:\/\/www.meydan.tv\/az\/article\/rusiyali-mugennilere-de-sanskiya-qoyulub\/","name":"Rusiyal\u0131 m\u00fc\u011f\u0259nnil\u0259r\u0259\u00a0d\u0259 sanksiya qoyulub - MEYDAN.TV","isPartOf":{"@id":"https:\/\/www.meydan.tv\/az\/#website"},"primaryImageOfPage":{"@id":"https:\/\/www.meydan.tv\/az\/article\/rusiyali-mugennilere-de-sanskiya-qoyulub\/#primaryimage"},"image":{"@id":"https:\/\/www.meydan.tv\/az\/article\/rusiyali-mugennilere-de-sanskiya-qoyulub\/#primaryimage"},"thumbnailUrl":"https:\/\/www.meydan.tv\/wp-content\/uploads\/shutterstock_1630485025-e1665141738177.jpg","datePublished":"2022-10-07T11:26:43+00:00","dateModified":"2022-10-07T11:28:35+00:00","breadcrumb":{"@id":"https:\/\/www.meydan.tv\/az\/article\/rusiyali-mugennilere-de-sanskiya-qoyulub\/#breadcrumb"},"inLanguage":"az","potentialAction":[{"@type":"ReadAction","target":["https:\/\/www.meydan.tv\/az\/article\/rusiyali-mugennilere-de-sanskiya-qoyulub\/"]}]},{"@type":"ImageObject","inLanguage":"az","@id":"https:\/\/www.meydan.tv\/az\/article\/rusiyali-mugennilere-de-sanskiya-qoyulub\/#primaryimage","url":"https:\/\/www.meydan.tv\/wp-content\/uploads\/shutterstock_1630485025-e1665141738177.jpg","contentUrl":"https:\/\/www.meydan.tv\/wp-content\/uploads\/shutterstock_1630485025-e1665141738177.jpg","width":1200,"height":705,"caption":"Rusiyaya qar\u015f\u0131 sanksiyalar. Foto: Anton Petrus\/shutterstock"},{"@type":"BreadcrumbList","@id":"https:\/\/www.meydan.tv\/az\/article\/rusiyali-mugennilere-de-sanskiya-qoyulub\/#breadcrumb","itemListElement":[{"@type":"ListItem","position":1,"name":"Ana s\u0259hif\u0259","item":"https:\/\/www.meydan.tv\/az\/"},{"@type":"ListItem","position":2,"name":"D\u00fcnya","item":"https:\/\/www.meydan.tv\/az\/section\/dunya\/"},{"@type":"ListItem","position":3,"name":"Rusiyal\u0131 m\u00fc\u011f\u0259nnil\u0259r\u0259\u00a0d\u0259 sanksiya qoyulub"}]},{"@type":"WebSite","@id":"https:\/\/www.meydan.tv\/az\/#website","url":"https:\/\/www.meydan.tv\/az\/","name":"MEYDAN.TV","description":"Meydan TV Az\u0259rbaycan\u0131n media m\u0259kan\u0131ndak\u0131 alternativ s\u0259sidir","publisher":{"@id":"https:\/\/www.meydan.tv\/az\/#organization"},"potentialAction":[{"@type":"SearchAction","target":{"@type":"EntryPoint","urlTemplate":"https:\/\/www.meydan.tv\/az\/?s={search_term_string}"},"query-input":{"@type":"PropertyValueSpecification","valueRequired":true,"valueName":"search_term_string"}}],"inLanguage":"az"},{"@type":"Organization","@id":"https:\/\/www.meydan.tv\/az\/#organization","name":"Meydan TV","url":"https:\/\/www.meydan.tv\/az\/","logo":{"@type":"ImageObject","inLanguage":"az","@id":"https:\/\/www.meydan.tv\/az\/#\/schema\/logo\/image\/","url":"https:\/\/www.meydan.tv\/wp-content\/uploads\/2021\/07\/meydan-logo.svg","contentUrl":"https:\/\/www.meydan.tv\/wp-content\/uploads\/2021\/07\/meydan-logo.svg","width":195,"height":46,"caption":"Meydan TV"},"image":{"@id":"https:\/\/www.meydan.tv\/az\/#\/schema\/logo\/image\/"}},{"@type":"Person","@id":"https:\/\/www.meydan.tv\/az\/#\/schema\/person\/9cdbecf90d17180ce1dfbd95b08dcf47","name":"elli","sameAs":["https:\/\/x.com\/elli"]}]}},"_links":{"self":[{"href":"https:\/\/www.meydan.tv\/az\/wp-json\/wp\/v2\/posts\/257722","targetHints":{"allow":["GET"]}}],"collection":[{"href":"https:\/\/www.meydan.tv\/az\/wp-json\/wp\/v2\/posts"}],"about":[{"href":"https:\/\/www.meydan.tv\/az\/wp-json\/wp\/v2\/types\/post"}],"author":[{"embeddable":true,"href":"https:\/\/www.meydan.tv\/az\/wp-json\/wp\/v2\/users\/8"}],"replies":[{"embeddable":true,"href":"https:\/\/www.meydan.tv\/az\/wp-json\/wp\/v2\/comments?post=257722"}],"version-history":[{"count":2,"href":"https:\/\/www.meydan.tv\/az\/wp-json\/wp\/v2\/posts\/257722\/revisions"}],"predecessor-version":[{"id":257724,"href":"https:\/\/www.meydan.tv\/az\/wp-json\/wp\/v2\/posts\/257722\/revisions\/257724"}],"wp:featuredmedia":[{"embeddable":true,"href":"https:\/\/www.meydan.tv\/az\/wp-json\/wp\/v2\/media\/238894"}],"wp:attachment":[{"href":"https:\/\/www.meydan.tv\/az\/wp-json\/wp\/v2\/media?parent=257722"}],"wp:term":[{"taxonomy":"category","embeddable":true,"href":"https:\/\/www.meydan.tv\/az\/wp-json\/wp\/v2\/categories?post=257722"},{"taxonomy":"post_tag","embeddable":true,"href":"https:\/\/www.meydan.tv\/az\/wp-json\/wp\/v2\/tags?post=257722"}],"curies":[{"name":"wp","href":"https:\/\/api.w.org\/{rel}","templated":true}]}}