{"id":257665,"date":"2022-10-07T12:29:40","date_gmt":"2022-10-07T08:29:40","guid":{"rendered":"https:\/\/www.meydan.tv\/?p=257665"},"modified":"2022-10-07T12:34:51","modified_gmt":"2022-10-07T08:34:51","slug":"resmi-iki-maxe-arasindaki-mubahise-qetlle-bitib","status":"publish","type":"post","link":"https:\/\/www.meydan.tv\/az\/article\/resmi-iki-maxe-arasindaki-mubahise-qetlle-bitib\/","title":{"rendered":"R\u0259smi: \u0130ki MAXE aras\u0131ndak\u0131 m\u00fcbahis\u0259 q\u0259tll\u0259 bitib"},"content":{"rendered":"\n<p><\/p>\n\n\n\n<p><em>Ail\u0259si \u015eu\u015fada xidm\u0259t etmi\u015f Elmar Mirzoevin \u00f6l\u00fcm s\u0259b\u0259bl\u0259rini \u00f6yr\u0259n\u0259 bilm\u0259diyini iddia edir<\/em><\/p>\n\n\n\n<p>\u201c\u018fvv\u0259l dedil\u0259r, guya silah \u0259lind\u0259 a\u00e7\u0131l\u0131b, g\u00fcll\u0259 \u00f6z\u00fcn\u0259 d\u0259yib, \u00f6l\u00fcb. Sonra z\u0259ng g\u0259ldi, dedil\u0259r ki, \u00f6ld\u00fcr\u00fcbl\u0259r. O\u011flumun \u00f6l\u00fcm\u00fcnd\u0259n ayyar\u0131m vaxt ke\u00e7ib, biz\u0259 h\u0259l\u0259 d\u0259 onun hans\u0131 s\u0259b\u0259bd\u0259n \u00f6ld\u00fcy\u00fc d\u0259qiq deyilmir\u201d.<\/p>\n\n\n\n<p>Bu il avqustun 18-d\u0259 \u015eu\u015fadak\u0131 N sayl\u0131 h\u0259rbi hiss\u0259nin m\u00fcdd\u0259td\u0259n art\u0131q h\u0259qiqi h\u0259rbi xidm\u0259t h\u0259rbi qulluq\u00e7usu, \u0259sg\u0259r Elmar Mirzoevin \u00f6l\u00fcm x\u0259b\u0259ri ail\u0259sini sars\u0131d\u0131b. Bir aydan \u00e7oxdur ki, ail\u0259 onun \u00f6l\u00fcm s\u0259b\u0259bl\u0259rini \u00f6yr\u0259n\u0259 bilm\u0259diyini iddia edir. Bu bar\u0259d\u0259 Meydan TV-y\u0259 Elmar Mirzoevin atas\u0131 El\u00e7in Mirzoev dan\u0131\u015f\u0131r. Atan\u0131n s\u00f6zl\u0259rin\u0259 g\u00f6r\u0259, hadis\u0259ni \u00f6yr\u0259nm\u0259k \u00fc\u00e7\u00fcn Elmar\u0131n h\u0259rbi hiss\u0259 yolda\u015flar\u0131yla da g\u00f6r\u00fc\u015f\u00fcb, ancaq d\u0259qiq m\u0259lumat ala bilm\u0259yib.<\/p>\n\n\n\n<p>Mirzoevl\u0259r ail\u0259si C\u0259lilabad\u0131n Moranl\u0131 k\u0259ndind\u0259 ya\u015fay\u0131r. Kas\u0131b, t\u0259minats\u0131z bir ail\u0259dir, Elmar da ail\u0259y\u0259 k\u00f6m\u0259k olmaq \u00fc\u00e7\u00fcn h\u0259rbi xidm\u0259td\u0259 qal\u0131b qulluq etm\u0259y\u0259 q\u0259rar verib.<\/p>\n\n\n\n<p>Ata deyir, M\u00fcdafi\u0259 Nazirliyind\u0259 olub, ona bildirilib ki, o\u011flunun \u00f6l\u00fcm fakt\u0131n\u0131 H\u0259rbi Prokurorluq ara\u015fd\u0131r\u0131r. Ata H\u0259rbi Prokurorlu\u011fa gedib. Deyir, ona bu i\u015fl\u0259 ba\u011fl\u0131 h\u0259rbi hiss\u0259d\u0259 m\u00fcdd\u0259td\u0259n art\u0131q h\u0259qiqi h\u0259rbi xidm\u0259t h\u0259rbi qulluq\u00e7usunun h\u0259bs edildiyi bildirils\u0259 d\u0259, detallar\u0131 bar\u0259d\u0259 m\u0259lumat verilm\u0259yib.<\/p>\n\n\n\n<p>\u201cBiz d\u0259 v\u0259kil tutduq. Getdik H\u0259rbi Prokurorlu\u011fa, v\u0259kil i\u015fl\u0259 tan\u0131\u015f oldu. \u00d6z\u00fcm ne\u00e7\u0259 d\u0259f\u0259 H\u0259rbi Prokurorluqda olmu\u015fam. H\u00fcquq \u015f\u00f6b\u0259sind\u0259 d\u0259 oldum, dedil\u0259r, h\u0259rbi hiss\u0259nin r\u0259yi laz\u0131md\u0131r, bunlar olsa, i\u015f ged\u0259r\u201d.<\/p>\n\n\n\n<p>Elmar\u0131n anas\u0131 \u0130lham\u0259 xan\u0131m o\u011flunun faci\u0259sind\u0259n dan\u0131\u015f\u0131r:<\/p>\n\n\n\n<p>\u201cAli m\u0259kt\u0259b\u0259 gir\u0259 bilm\u0259di, i\u015fsizlikd\u0259n h\u0259rbiy\u0259 qay\u0131td\u0131. G\u00f6z\u00fcm\u00fcn a\u011f\u0131-qaras\u0131 bir \u00f6vlad\u0131m vard\u0131, o da \u0259limd\u0259n getdi. M\u00fcnqai\u015f\u0259 olubsa, h\u0259rbi hiss\u0259nin r\u0259hb\u0259rliyi hara bax\u0131rd\u0131, niy\u0259 n\u0259zar\u0259t etmirdi, niy\u0259 qar\u015f\u0131s\u0131n\u0131 alm\u0131rd\u0131? Hadis\u0259 niy\u0259 ba\u015f verib, u\u015fa\u011f\u0131m niy\u0259 \u00f6ld\u00fcr\u00fcl\u00fcb, s\u0259b\u0259bini desinl\u0259r\u201d.<\/p>\n\n\n<div class=\"wp-block-image\">\n<figure class=\"alignleft size-full is-resized\"><img decoding=\"async\" data-src=\"https:\/\/www.meydan.tv\/wp-content\/uploads\/elmar_mirzoev_2.jpg\" alt=\"\" class=\"wp-image-257666 lazyload\" width=\"281\" height=\"443\" src=\"data:image\/svg+xml;base64,PHN2ZyB3aWR0aD0iMSIgaGVpZ2h0PSIxIiB4bWxucz0iaHR0cDovL3d3dy53My5vcmcvMjAwMC9zdmciPjwvc3ZnPg==\" style=\"--smush-placeholder-width: 281px; --smush-placeholder-aspect-ratio: 281\/443;\" \/><figcaption>Foto: Elmar Mirzoevin yax\u0131nlar\u0131n\u0131n arxivind\u0259n<\/figcaption><\/figure>\n<\/div>\n\n\n<p>Ba\u015f Prokurorluqdan bildirilib ki, Elmar Mirzoevin avtomat silahdan a\u00e7\u0131lan at\u0259\u015fl\u0259 q\u0259sd\u0259n \u00f6ld\u00fcr\u00fclm\u0259si fakt\u0131 il\u0259 ba\u011fl\u0131 A\u011fdam H\u0259rbi Prokurorlu\u011funda Cinay\u0259t M\u0259c\u0259ll\u0259sinin 120.1-ci (q\u0259sd\u0259n adam \u00f6ld\u00fcrm\u0259) madd\u0259si il\u0259 cinay\u0259t i\u015fi ba\u015flan\u0131b. Eyni h\u0259rbi hiss\u0259d\u0259 xidm\u0259t ed\u0259n m\u00fcdd\u0259td\u0259n art\u0131q h\u0259qiqi h\u0259rbi xidm\u0259t h\u0259rbi qulluq\u00e7usu, \u0259sg\u0259r B\u0259hruz Rzayev h\u0259bs olunub. Haz\u0131rda i\u015f \u00fczr\u0259 istintaq H\u0259rbi Prokurorlu\u011fun \u0130stintaq \u0130dar\u0259sind\u0259 davam etdirilir.<\/p>\n\n\n\n<p>A\u011fdam H\u0259rbi Prokurorlu\u011funun q\u0259rar\u0131nda qeyd olunub ki, H\u0259rbi D\u0259niz Q\u00fcvv\u0259l\u0259rinin N sayl\u0131 H\u0259rbi Hiss\u0259sind\u0259n \u015eu\u015fadak\u0131 N sayl\u0131 h\u0259rbi hiss\u0259y\u0259 ezam olunmu\u015f MAXE B\u0259hruz Rzayev avqustun 17-d\u0259 h\u0259rbi hiss\u0259nin otaqlar\u0131ndan birind\u0259n elektrik \u00e7aydan\u0131n\u0131 g\u00f6t\u00fcr\u0259rk\u0259n orada olan Elmar Mirzoev ona \u201cpeys\u0259r\u201d deyib. N\u00f6vb\u0259ti g\u00fcn o, Elmar Mirzoevin yan\u0131na qay\u0131daraq onunla \u00f6z\u00fcn\u0259 qar\u015f\u0131 t\u0259hqir kimi q\u0259bul etdiyi bir g\u00fcn \u0259vv\u0259lki s\u00f6z\u00fcn hesab\u0131n\u0131 apar\u0131b. M\u00fcbahis\u0259 B\u0259hruz Rzayevin Elmar Mirzoevi ba\u015f\u0131ndan g\u00fcll\u0259yl\u0259 vuraraq h\u0259yat\u0131na son qoymas\u0131yla bitib.<\/p>\n\n\n\n<p>Elmar Mirzoevin valideynl\u0259rinin m\u00fcraci\u0259tl\u0259rind\u0259n sonra \u201cCinay\u0259t \u0130\u015fi\u201d A\u011fdam rayon H\u0259rbi Prokurorlu\u011fundan Bak\u0131ya \u2013 Respublika H\u0259rbi Prokurorlu\u011funa g\u00f6nd\u0259rilib.<\/p>\n","protected":false},"excerpt":{"rendered":"<p>Ail\u0259si \u015eu\u015fada xidm\u0259t etmi\u015f Elmar Mirzoevin \u00f6l\u00fcm s\u0259b\u0259bl\u0259rini \u00f6yr\u0259n\u0259 bilm\u0259diyini &#8230; <\/p>\n<p class=\"read-more-container\"><a title=\"R\u0259smi: \u0130ki MAXE aras\u0131ndak\u0131 m\u00fcbahis\u0259 q\u0259tll\u0259 bitib\" class=\"read-more button\" href=\"https:\/\/www.meydan.tv\/az\/article\/resmi-iki-maxe-arasindaki-mubahise-qetlle-bitib\/#more-257665\" aria-label=\"Read more about R\u0259smi: \u0130ki MAXE aras\u0131ndak\u0131 m\u00fcbahis\u0259 q\u0259tll\u0259 bitib\">Davam\u0131<\/a><\/p>\n","protected":false},"author":8,"featured_media":257662,"comment_status":"closed","ping_status":"closed","sticky":false,"template":"","format":"standard","meta":{"_acf_changed":false,"_sitemap_exclude":false,"_sitemap_priority":"","_sitemap_frequency":"","footnotes":""},"categories":[60,56],"tags":[],"class_list":["post-257665","post","type-post","status-publish","format-standard","has-post-thumbnail","hentry","category-bolge","category-xeberler","infinite-scroll-item","generate-columns","tablet-grid-50","mobile-grid-100","grid-parent","grid-33","no-featured-image-padding"],"acf":[],"yoast_head":"<!-- This site is optimized with the Yoast SEO plugin v27.5 - https:\/\/yoast.com\/product\/yoast-seo-wordpress\/ -->\n<title>R\u0259smi: \u0130ki MAXE aras\u0131ndak\u0131 m\u00fcbahis\u0259 q\u0259tll\u0259 bitib - MEYDAN.TV<\/title>\n<meta name=\"robots\" content=\"index, follow, max-snippet:-1, max-image-preview:large, max-video-preview:-1\" \/>\n<link rel=\"canonical\" href=\"https:\/\/www.meydan.tv\/az\/article\/resmi-iki-maxe-arasindaki-mubahise-qetlle-bitib\/\" \/>\n<meta property=\"og:locale\" content=\"az_AZ\" \/>\n<meta property=\"og:type\" content=\"article\" \/>\n<meta property=\"og:title\" content=\"R\u0259smi: \u0130ki MAXE aras\u0131ndak\u0131 m\u00fcbahis\u0259 q\u0259tll\u0259 bitib - MEYDAN.TV\" \/>\n<meta property=\"og:description\" content=\"Ail\u0259si \u015eu\u015fada xidm\u0259t etmi\u015f Elmar Mirzoevin \u00f6l\u00fcm s\u0259b\u0259bl\u0259rini \u00f6yr\u0259n\u0259 bilm\u0259diyini ... Davam\u0131\" \/>\n<meta property=\"og:url\" content=\"https:\/\/www.meydan.tv\/az\/article\/resmi-iki-maxe-arasindaki-mubahise-qetlle-bitib\/\" \/>\n<meta property=\"og:site_name\" content=\"MEYDAN.TV\" \/>\n<meta property=\"article:published_time\" content=\"2022-10-07T08:29:40+00:00\" \/>\n<meta property=\"article:modified_time\" content=\"2022-10-07T08:34:51+00:00\" \/>\n<meta property=\"og:image\" content=\"https:\/\/www.meydan.tv\/wp-content\/uploads\/elmar_mirzoev-e1665131683201.jpg\" \/>\n\t<meta property=\"og:image:width\" content=\"1200\" \/>\n\t<meta property=\"og:image:height\" content=\"762\" \/>\n\t<meta property=\"og:image:type\" content=\"image\/jpeg\" \/>\n<meta name=\"author\" content=\"elli\" \/>\n<meta name=\"twitter:card\" content=\"summary_large_image\" \/>\n<meta name=\"twitter:creator\" content=\"@elli\" \/>\n<script type=\"application\/ld+json\" class=\"yoast-schema-graph\">{\"@context\":\"https:\\\/\\\/schema.org\",\"@graph\":[{\"@type\":\"Article\",\"@id\":\"https:\\\/\\\/www.meydan.tv\\\/az\\\/article\\\/resmi-iki-maxe-arasindaki-mubahise-qetlle-bitib\\\/#article\",\"isPartOf\":{\"@id\":\"https:\\\/\\\/www.meydan.tv\\\/az\\\/article\\\/resmi-iki-maxe-arasindaki-mubahise-qetlle-bitib\\\/\"},\"author\":{\"name\":\"elli\",\"@id\":\"https:\\\/\\\/www.meydan.tv\\\/az\\\/#\\\/schema\\\/person\\\/9cdbecf90d17180ce1dfbd95b08dcf47\"},\"headline\":\"R\u0259smi: \u0130ki MAXE aras\u0131ndak\u0131 m\u00fcbahis\u0259 q\u0259tll\u0259 bitib\",\"datePublished\":\"2022-10-07T08:29:40+00:00\",\"dateModified\":\"2022-10-07T08:34:51+00:00\",\"mainEntityOfPage\":{\"@id\":\"https:\\\/\\\/www.meydan.tv\\\/az\\\/article\\\/resmi-iki-maxe-arasindaki-mubahise-qetlle-bitib\\\/\"},\"wordCount\":693,\"publisher\":{\"@id\":\"https:\\\/\\\/www.meydan.tv\\\/az\\\/#organization\"},\"image\":{\"@id\":\"https:\\\/\\\/www.meydan.tv\\\/az\\\/article\\\/resmi-iki-maxe-arasindaki-mubahise-qetlle-bitib\\\/#primaryimage\"},\"thumbnailUrl\":\"https:\\\/\\\/www.meydan.tv\\\/wp-content\\\/uploads\\\/elmar_mirzoev-e1665131683201.jpg\",\"articleSection\":[\"B\u00f6lg\u0259\",\"X\u0259b\u0259rl\u0259r\"],\"inLanguage\":\"az\"},{\"@type\":\"WebPage\",\"@id\":\"https:\\\/\\\/www.meydan.tv\\\/az\\\/article\\\/resmi-iki-maxe-arasindaki-mubahise-qetlle-bitib\\\/\",\"url\":\"https:\\\/\\\/www.meydan.tv\\\/az\\\/article\\\/resmi-iki-maxe-arasindaki-mubahise-qetlle-bitib\\\/\",\"name\":\"R\u0259smi: \u0130ki MAXE aras\u0131ndak\u0131 m\u00fcbahis\u0259 q\u0259tll\u0259 bitib - MEYDAN.TV\",\"isPartOf\":{\"@id\":\"https:\\\/\\\/www.meydan.tv\\\/az\\\/#website\"},\"primaryImageOfPage\":{\"@id\":\"https:\\\/\\\/www.meydan.tv\\\/az\\\/article\\\/resmi-iki-maxe-arasindaki-mubahise-qetlle-bitib\\\/#primaryimage\"},\"image\":{\"@id\":\"https:\\\/\\\/www.meydan.tv\\\/az\\\/article\\\/resmi-iki-maxe-arasindaki-mubahise-qetlle-bitib\\\/#primaryimage\"},\"thumbnailUrl\":\"https:\\\/\\\/www.meydan.tv\\\/wp-content\\\/uploads\\\/elmar_mirzoev-e1665131683201.jpg\",\"datePublished\":\"2022-10-07T08:29:40+00:00\",\"dateModified\":\"2022-10-07T08:34:51+00:00\",\"breadcrumb\":{\"@id\":\"https:\\\/\\\/www.meydan.tv\\\/az\\\/article\\\/resmi-iki-maxe-arasindaki-mubahise-qetlle-bitib\\\/#breadcrumb\"},\"inLanguage\":\"az\",\"potentialAction\":[{\"@type\":\"ReadAction\",\"target\":[\"https:\\\/\\\/www.meydan.tv\\\/az\\\/article\\\/resmi-iki-maxe-arasindaki-mubahise-qetlle-bitib\\\/\"]}]},{\"@type\":\"ImageObject\",\"inLanguage\":\"az\",\"@id\":\"https:\\\/\\\/www.meydan.tv\\\/az\\\/article\\\/resmi-iki-maxe-arasindaki-mubahise-qetlle-bitib\\\/#primaryimage\",\"url\":\"https:\\\/\\\/www.meydan.tv\\\/wp-content\\\/uploads\\\/elmar_mirzoev-e1665131683201.jpg\",\"contentUrl\":\"https:\\\/\\\/www.meydan.tv\\\/wp-content\\\/uploads\\\/elmar_mirzoev-e1665131683201.jpg\",\"width\":1200,\"height\":762,\"caption\":\"Foto: Elmar Mirzoevin yax\u0131nlar\u0131n\u0131n arxivind\u0259n\"},{\"@type\":\"BreadcrumbList\",\"@id\":\"https:\\\/\\\/www.meydan.tv\\\/az\\\/article\\\/resmi-iki-maxe-arasindaki-mubahise-qetlle-bitib\\\/#breadcrumb\",\"itemListElement\":[{\"@type\":\"ListItem\",\"position\":1,\"name\":\"Ana s\u0259hif\u0259\",\"item\":\"https:\\\/\\\/www.meydan.tv\\\/az\\\/\"},{\"@type\":\"ListItem\",\"position\":2,\"name\":\"B\u00f6lg\u0259\",\"item\":\"https:\\\/\\\/www.meydan.tv\\\/az\\\/section\\\/bolge\\\/\"},{\"@type\":\"ListItem\",\"position\":3,\"name\":\"R\u0259smi: \u0130ki MAXE aras\u0131ndak\u0131 m\u00fcbahis\u0259 q\u0259tll\u0259 bitib\"}]},{\"@type\":\"WebSite\",\"@id\":\"https:\\\/\\\/www.meydan.tv\\\/az\\\/#website\",\"url\":\"https:\\\/\\\/www.meydan.tv\\\/az\\\/\",\"name\":\"MEYDAN.TV\",\"description\":\"Meydan TV Az\u0259rbaycan\u0131n media m\u0259kan\u0131ndak\u0131 alternativ s\u0259sidir\",\"publisher\":{\"@id\":\"https:\\\/\\\/www.meydan.tv\\\/az\\\/#organization\"},\"potentialAction\":[{\"@type\":\"SearchAction\",\"target\":{\"@type\":\"EntryPoint\",\"urlTemplate\":\"https:\\\/\\\/www.meydan.tv\\\/az\\\/?s={search_term_string}\"},\"query-input\":{\"@type\":\"PropertyValueSpecification\",\"valueRequired\":true,\"valueName\":\"search_term_string\"}}],\"inLanguage\":\"az\"},{\"@type\":\"Organization\",\"@id\":\"https:\\\/\\\/www.meydan.tv\\\/az\\\/#organization\",\"name\":\"Meydan TV\",\"url\":\"https:\\\/\\\/www.meydan.tv\\\/az\\\/\",\"logo\":{\"@type\":\"ImageObject\",\"inLanguage\":\"az\",\"@id\":\"https:\\\/\\\/www.meydan.tv\\\/az\\\/#\\\/schema\\\/logo\\\/image\\\/\",\"url\":\"https:\\\/\\\/www.meydan.tv\\\/wp-content\\\/uploads\\\/2021\\\/07\\\/meydan-logo.svg\",\"contentUrl\":\"https:\\\/\\\/www.meydan.tv\\\/wp-content\\\/uploads\\\/2021\\\/07\\\/meydan-logo.svg\",\"width\":195,\"height\":46,\"caption\":\"Meydan TV\"},\"image\":{\"@id\":\"https:\\\/\\\/www.meydan.tv\\\/az\\\/#\\\/schema\\\/logo\\\/image\\\/\"}},{\"@type\":\"Person\",\"@id\":\"https:\\\/\\\/www.meydan.tv\\\/az\\\/#\\\/schema\\\/person\\\/9cdbecf90d17180ce1dfbd95b08dcf47\",\"name\":\"elli\",\"sameAs\":[\"https:\\\/\\\/x.com\\\/elli\"]}]}<\/script>\n<!-- \/ Yoast SEO plugin. -->","yoast_head_json":{"title":"R\u0259smi: \u0130ki MAXE aras\u0131ndak\u0131 m\u00fcbahis\u0259 q\u0259tll\u0259 bitib - MEYDAN.TV","robots":{"index":"index","follow":"follow","max-snippet":"max-snippet:-1","max-image-preview":"max-image-preview:large","max-video-preview":"max-video-preview:-1"},"canonical":"https:\/\/www.meydan.tv\/az\/article\/resmi-iki-maxe-arasindaki-mubahise-qetlle-bitib\/","og_locale":"az_AZ","og_type":"article","og_title":"R\u0259smi: \u0130ki MAXE aras\u0131ndak\u0131 m\u00fcbahis\u0259 q\u0259tll\u0259 bitib - MEYDAN.TV","og_description":"Ail\u0259si \u015eu\u015fada xidm\u0259t etmi\u015f Elmar Mirzoevin \u00f6l\u00fcm s\u0259b\u0259bl\u0259rini \u00f6yr\u0259n\u0259 bilm\u0259diyini ... Davam\u0131","og_url":"https:\/\/www.meydan.tv\/az\/article\/resmi-iki-maxe-arasindaki-mubahise-qetlle-bitib\/","og_site_name":"MEYDAN.TV","article_published_time":"2022-10-07T08:29:40+00:00","article_modified_time":"2022-10-07T08:34:51+00:00","og_image":[{"width":1200,"height":762,"url":"https:\/\/www.meydan.tv\/wp-content\/uploads\/elmar_mirzoev-e1665131683201.jpg","type":"image\/jpeg"}],"author":"elli","twitter_card":"summary_large_image","twitter_creator":"@elli","schema":{"@context":"https:\/\/schema.org","@graph":[{"@type":"Article","@id":"https:\/\/www.meydan.tv\/az\/article\/resmi-iki-maxe-arasindaki-mubahise-qetlle-bitib\/#article","isPartOf":{"@id":"https:\/\/www.meydan.tv\/az\/article\/resmi-iki-maxe-arasindaki-mubahise-qetlle-bitib\/"},"author":{"name":"elli","@id":"https:\/\/www.meydan.tv\/az\/#\/schema\/person\/9cdbecf90d17180ce1dfbd95b08dcf47"},"headline":"R\u0259smi: \u0130ki MAXE aras\u0131ndak\u0131 m\u00fcbahis\u0259 q\u0259tll\u0259 bitib","datePublished":"2022-10-07T08:29:40+00:00","dateModified":"2022-10-07T08:34:51+00:00","mainEntityOfPage":{"@id":"https:\/\/www.meydan.tv\/az\/article\/resmi-iki-maxe-arasindaki-mubahise-qetlle-bitib\/"},"wordCount":693,"publisher":{"@id":"https:\/\/www.meydan.tv\/az\/#organization"},"image":{"@id":"https:\/\/www.meydan.tv\/az\/article\/resmi-iki-maxe-arasindaki-mubahise-qetlle-bitib\/#primaryimage"},"thumbnailUrl":"https:\/\/www.meydan.tv\/wp-content\/uploads\/elmar_mirzoev-e1665131683201.jpg","articleSection":["B\u00f6lg\u0259","X\u0259b\u0259rl\u0259r"],"inLanguage":"az"},{"@type":"WebPage","@id":"https:\/\/www.meydan.tv\/az\/article\/resmi-iki-maxe-arasindaki-mubahise-qetlle-bitib\/","url":"https:\/\/www.meydan.tv\/az\/article\/resmi-iki-maxe-arasindaki-mubahise-qetlle-bitib\/","name":"R\u0259smi: \u0130ki MAXE aras\u0131ndak\u0131 m\u00fcbahis\u0259 q\u0259tll\u0259 bitib - MEYDAN.TV","isPartOf":{"@id":"https:\/\/www.meydan.tv\/az\/#website"},"primaryImageOfPage":{"@id":"https:\/\/www.meydan.tv\/az\/article\/resmi-iki-maxe-arasindaki-mubahise-qetlle-bitib\/#primaryimage"},"image":{"@id":"https:\/\/www.meydan.tv\/az\/article\/resmi-iki-maxe-arasindaki-mubahise-qetlle-bitib\/#primaryimage"},"thumbnailUrl":"https:\/\/www.meydan.tv\/wp-content\/uploads\/elmar_mirzoev-e1665131683201.jpg","datePublished":"2022-10-07T08:29:40+00:00","dateModified":"2022-10-07T08:34:51+00:00","breadcrumb":{"@id":"https:\/\/www.meydan.tv\/az\/article\/resmi-iki-maxe-arasindaki-mubahise-qetlle-bitib\/#breadcrumb"},"inLanguage":"az","potentialAction":[{"@type":"ReadAction","target":["https:\/\/www.meydan.tv\/az\/article\/resmi-iki-maxe-arasindaki-mubahise-qetlle-bitib\/"]}]},{"@type":"ImageObject","inLanguage":"az","@id":"https:\/\/www.meydan.tv\/az\/article\/resmi-iki-maxe-arasindaki-mubahise-qetlle-bitib\/#primaryimage","url":"https:\/\/www.meydan.tv\/wp-content\/uploads\/elmar_mirzoev-e1665131683201.jpg","contentUrl":"https:\/\/www.meydan.tv\/wp-content\/uploads\/elmar_mirzoev-e1665131683201.jpg","width":1200,"height":762,"caption":"Foto: Elmar Mirzoevin yax\u0131nlar\u0131n\u0131n arxivind\u0259n"},{"@type":"BreadcrumbList","@id":"https:\/\/www.meydan.tv\/az\/article\/resmi-iki-maxe-arasindaki-mubahise-qetlle-bitib\/#breadcrumb","itemListElement":[{"@type":"ListItem","position":1,"name":"Ana s\u0259hif\u0259","item":"https:\/\/www.meydan.tv\/az\/"},{"@type":"ListItem","position":2,"name":"B\u00f6lg\u0259","item":"https:\/\/www.meydan.tv\/az\/section\/bolge\/"},{"@type":"ListItem","position":3,"name":"R\u0259smi: \u0130ki MAXE aras\u0131ndak\u0131 m\u00fcbahis\u0259 q\u0259tll\u0259 bitib"}]},{"@type":"WebSite","@id":"https:\/\/www.meydan.tv\/az\/#website","url":"https:\/\/www.meydan.tv\/az\/","name":"MEYDAN.TV","description":"Meydan TV Az\u0259rbaycan\u0131n media m\u0259kan\u0131ndak\u0131 alternativ s\u0259sidir","publisher":{"@id":"https:\/\/www.meydan.tv\/az\/#organization"},"potentialAction":[{"@type":"SearchAction","target":{"@type":"EntryPoint","urlTemplate":"https:\/\/www.meydan.tv\/az\/?s={search_term_string}"},"query-input":{"@type":"PropertyValueSpecification","valueRequired":true,"valueName":"search_term_string"}}],"inLanguage":"az"},{"@type":"Organization","@id":"https:\/\/www.meydan.tv\/az\/#organization","name":"Meydan TV","url":"https:\/\/www.meydan.tv\/az\/","logo":{"@type":"ImageObject","inLanguage":"az","@id":"https:\/\/www.meydan.tv\/az\/#\/schema\/logo\/image\/","url":"https:\/\/www.meydan.tv\/wp-content\/uploads\/2021\/07\/meydan-logo.svg","contentUrl":"https:\/\/www.meydan.tv\/wp-content\/uploads\/2021\/07\/meydan-logo.svg","width":195,"height":46,"caption":"Meydan TV"},"image":{"@id":"https:\/\/www.meydan.tv\/az\/#\/schema\/logo\/image\/"}},{"@type":"Person","@id":"https:\/\/www.meydan.tv\/az\/#\/schema\/person\/9cdbecf90d17180ce1dfbd95b08dcf47","name":"elli","sameAs":["https:\/\/x.com\/elli"]}]}},"_links":{"self":[{"href":"https:\/\/www.meydan.tv\/az\/wp-json\/wp\/v2\/posts\/257665","targetHints":{"allow":["GET"]}}],"collection":[{"href":"https:\/\/www.meydan.tv\/az\/wp-json\/wp\/v2\/posts"}],"about":[{"href":"https:\/\/www.meydan.tv\/az\/wp-json\/wp\/v2\/types\/post"}],"author":[{"embeddable":true,"href":"https:\/\/www.meydan.tv\/az\/wp-json\/wp\/v2\/users\/8"}],"replies":[{"embeddable":true,"href":"https:\/\/www.meydan.tv\/az\/wp-json\/wp\/v2\/comments?post=257665"}],"version-history":[{"count":1,"href":"https:\/\/www.meydan.tv\/az\/wp-json\/wp\/v2\/posts\/257665\/revisions"}],"predecessor-version":[{"id":257669,"href":"https:\/\/www.meydan.tv\/az\/wp-json\/wp\/v2\/posts\/257665\/revisions\/257669"}],"wp:featuredmedia":[{"embeddable":true,"href":"https:\/\/www.meydan.tv\/az\/wp-json\/wp\/v2\/media\/257662"}],"wp:attachment":[{"href":"https:\/\/www.meydan.tv\/az\/wp-json\/wp\/v2\/media?parent=257665"}],"wp:term":[{"taxonomy":"category","embeddable":true,"href":"https:\/\/www.meydan.tv\/az\/wp-json\/wp\/v2\/categories?post=257665"},{"taxonomy":"post_tag","embeddable":true,"href":"https:\/\/www.meydan.tv\/az\/wp-json\/wp\/v2\/tags?post=257665"}],"curies":[{"name":"wp","href":"https:\/\/api.w.org\/{rel}","templated":true}]}}