{"id":257595,"date":"2022-10-06T16:26:08","date_gmt":"2022-10-06T12:26:08","guid":{"rendered":"https:\/\/www.meydan.tv\/?p=257595"},"modified":"2022-10-06T16:26:13","modified_gmt":"2022-10-06T12:26:13","slug":"edebiyyat-uzre-nobel-mukafatcisi-belli-oldu","status":"publish","type":"post","link":"https:\/\/www.meydan.tv\/az\/article\/edebiyyat-uzre-nobel-mukafatcisi-belli-oldu\/","title":{"rendered":"\u018fd\u0259biyyat \u00fczr\u0259 &#8220;Nobel&#8221; m\u00fckafat\u00e7\u0131s\u0131 b\u0259lli oldu"},"content":{"rendered":"\n<p><\/p>\n\n\n\n<p><em>Builki qalib frans\u0131z yaz\u0131\u00e7\u0131s\u0131 Anni Ernodur<\/em><\/p>\n\n\n\n<p>2022-ci il \u018fd\u0259biyyat \u00fczr\u0259 Nobel m\u00fckafat\u0131n\u0131n qalibi a\u00e7\u0131qlan\u0131b.<\/p>\n\n\n\n<p>Bu il m\u00fckafat\u0131 frans\u0131z yaz\u0131\u00e7\u0131 Anni Erno cinsiyy\u0259t, dil v\u0259 t\u0259b\u0259q\u0259l\u0259\u015fm\u0259 f\u0259rdl\u0259rinin h\u0259yat\u0131n\u0131 ara\u015fd\u0131ran \u0259d\u0259bi n\u00fcmun\u0259l\u0259rin\u0259 g\u00f6r\u0259 <a href=\"https:\/\/twitter.com\/NobelPrize\/status\/1577977176355475456\/photo\/1\" target=\"_blank\" rel=\"noreferrer noopener\">qazan\u0131b<\/a>.<\/p>\n\n\n\n<p>Anni Erno 1940-ci ild\u0259 Fransada do\u011fulub.<\/p>\n\n\n\n<p>\u0130lk roman\u0131 \u201cBo\u015f dolablar\u201d (\u201cLes Armoires vides\u201d) 1974-c\u0131 ild\u0259 n\u0259\u015fr olunub.<\/p>\n\n\n\n<p>Yaz\u0131\u00e7\u0131 bir s\u0131ra \u0259d\u0259bi m\u00fckafatlar\u0131n laureat\u0131d\u0131r.<\/p>\n\n\n\n<p>H\u0259r il oldu\u011fu kimi bu il d\u0259 \u0259d\u0259biyyat adamlar\u0131, t\u0259nqid\u00e7il\u0259r v\u0259 oxucular aras\u0131nda m\u00fckafat\u0131 kimin qazanaca\u011f\u0131 bar\u0259d\u0259 b\u0259hsl\u0259r apar\u0131lm\u0131\u015fd\u0131.<\/p>\n\n\n\n<p>Se\u00e7iml\u0259r aras\u0131nda \u0259n \u00e7ox se\u00e7il\u0259nl\u0259r frans\u0131z yaz\u0131\u00e7\u0131 Mi\u015fel Uelbek v\u0259 hind \u0259silli ingilis yaz\u0131\u00e7\u0131 Salman R\u00fc\u015fdi olmu\u015fdu.<\/p>\n\n\n\n<p>Siyah\u0131da h\u0259m\u00e7inin Stiven Kinq, Haruki Murakami, Enn Karson, Marqaret Etvud, Xavier Marias, Karl Uve Knausqor, Milan Kunderan\u0131n da ad\u0131 vard\u0131.<\/p>\n\n\n\n<p>2022-ci ilin ilk \u201cNobel\u201d m\u00fckafat\u0131 laureat\u0131 \u201cFiziologiya v\u0259 ya tibb\u201d nominasiyas\u0131 \u00fczr\u0259 m\u00fct\u0259x\u0259ssis \u2013 isve\u00e7li bioloq Svante Paabo ilk qalib <a href=\"https:\/\/d9mc3ts4czbpr.cloudfront.net\/az\/article\/2022-ci-ilin-nobel-mukafati-ilk-qalib-bioloq-oldu\/\" target=\"_blank\" rel=\"noreferrer noopener\">olub.<\/a><\/p>\n\n\n\n<p>Fizika \u00fczr\u0259 m\u00fckafat\u0131n qalibl\u0259ri olaraq fransal\u0131 fizik Alen Aspekt, amerikal\u0131 fizik Con Frensiz Klozer v\u0259 avstriyal\u0131 fizik Anton Tsaylinger <a href=\"https:\/\/d9mc3ts4czbpr.cloudfront.net\/az\/article\/fizika-uzre-nobel-alanlarin-adlari-aciqlanib\/\" target=\"_blank\" rel=\"noreferrer noopener\">se\u00e7ilib<\/a>.<\/p>\n\n\n\n<p>\u0130sve\u00e7 Kral Elml\u0259r Akademiyas\u0131 2022-ci il kimya \u00fczr\u0259 \u201cNobel\u201d m\u00fckafat\u0131n\u0131 da \u201cklik kimyas\u0131 v\u0259 bioortoqonal kimyan\u0131n inki\u015faf\u0131na g\u00f6r\u0259\u201d Karolin Bertozzi (AB\u015e), Morten Meldal (Danimarka) v\u0259 Barri \u015earpless\u0259 (AB\u015e) verm\u0259k q\u0259rar\u0131na <a href=\"https:\/\/d9mc3ts4czbpr.cloudfront.net\/az\/article\/kimya-uzre-nobel-mukafati-laureatlari-aciqlanib\/\" target=\"_blank\" rel=\"noreferrer noopener\">g\u0259lib.<\/a><\/p>\n\n\n\n<p>\u201cNobel h\u0259ft\u0259si\u201d oktyabr\u0131n 10-d\u0259k davam ed\u0259c\u0259k.<\/p>\n\n\n\n<p>Oktyabr\u0131n 7-d\u0259 s\u00fclh, 10-da is\u0259 iqtisadiyyat \u00fczr\u0259 \u201cNobel\u201d m\u00fckafatlar\u0131n\u0131n laureatlar\u0131 a\u00e7\u0131qlanacaq.<\/p>\n\n\n\n<p>M\u00fckafatlar \u0259n\u0259n\u0259vi olaraq dekabr\u0131n 10-da, Alfred Nobelin an\u0131m g\u00fcn\u00fcnd\u0259 sahibl\u0259rin\u0259 t\u0259qdim olunacaq.<\/p>\n","protected":false},"excerpt":{"rendered":"<p>Builki qalib frans\u0131z yaz\u0131\u00e7\u0131s\u0131 Anni Ernodur 2022-ci il \u018fd\u0259biyyat \u00fczr\u0259 &#8230; <\/p>\n<p class=\"read-more-container\"><a title=\"\u018fd\u0259biyyat \u00fczr\u0259 &#8220;Nobel&#8221; m\u00fckafat\u00e7\u0131s\u0131 b\u0259lli oldu\" class=\"read-more button\" href=\"https:\/\/www.meydan.tv\/az\/article\/edebiyyat-uzre-nobel-mukafatcisi-belli-oldu\/#more-257595\" aria-label=\"Read more about \u018fd\u0259biyyat \u00fczr\u0259 &#8220;Nobel&#8221; m\u00fckafat\u00e7\u0131s\u0131 b\u0259lli oldu\">Davam\u0131<\/a><\/p>\n","protected":false},"author":8,"featured_media":257597,"comment_status":"closed","ping_status":"closed","sticky":false,"template":"","format":"standard","meta":{"_acf_changed":false,"_sitemap_exclude":false,"_sitemap_priority":"","_sitemap_frequency":"","footnotes":""},"categories":[52,56],"tags":[],"class_list":["post-257595","post","type-post","status-publish","format-standard","has-post-thumbnail","hentry","category-medeniyyet","category-xeberler","infinite-scroll-item","generate-columns","tablet-grid-50","mobile-grid-100","grid-parent","grid-33","no-featured-image-padding"],"acf":[],"yoast_head":"<!-- This site is optimized with the Yoast SEO plugin v27.5 - https:\/\/yoast.com\/product\/yoast-seo-wordpress\/ -->\n<title>\u018fd\u0259biyyat \u00fczr\u0259 &quot;Nobel&quot; m\u00fckafat\u00e7\u0131s\u0131 b\u0259lli oldu - MEYDAN.TV<\/title>\n<meta name=\"robots\" content=\"index, follow, max-snippet:-1, max-image-preview:large, max-video-preview:-1\" \/>\n<link rel=\"canonical\" href=\"https:\/\/www.meydan.tv\/az\/article\/edebiyyat-uzre-nobel-mukafatcisi-belli-oldu\/\" \/>\n<meta property=\"og:locale\" content=\"az_AZ\" \/>\n<meta property=\"og:type\" content=\"article\" \/>\n<meta property=\"og:title\" content=\"\u018fd\u0259biyyat \u00fczr\u0259 &quot;Nobel&quot; m\u00fckafat\u00e7\u0131s\u0131 b\u0259lli oldu - MEYDAN.TV\" \/>\n<meta property=\"og:description\" content=\"Builki qalib frans\u0131z yaz\u0131\u00e7\u0131s\u0131 Anni Ernodur 2022-ci il \u018fd\u0259biyyat \u00fczr\u0259 ... Davam\u0131\" \/>\n<meta property=\"og:url\" content=\"https:\/\/www.meydan.tv\/az\/article\/edebiyyat-uzre-nobel-mukafatcisi-belli-oldu\/\" \/>\n<meta property=\"og:site_name\" content=\"MEYDAN.TV\" \/>\n<meta property=\"article:published_time\" content=\"2022-10-06T12:26:08+00:00\" \/>\n<meta property=\"article:modified_time\" content=\"2022-10-06T12:26:13+00:00\" \/>\n<meta property=\"og:image\" content=\"https:\/\/www.meydan.tv\/wp-content\/uploads\/feyzg8txoaaihcj-e1665058964477.jpg\" \/>\n\t<meta property=\"og:image:width\" content=\"1630\" \/>\n\t<meta property=\"og:image:height\" content=\"1430\" \/>\n\t<meta property=\"og:image:type\" content=\"image\/jpeg\" \/>\n<meta name=\"author\" content=\"elli\" \/>\n<meta name=\"twitter:card\" content=\"summary_large_image\" \/>\n<meta name=\"twitter:creator\" content=\"@elli\" \/>\n<script type=\"application\/ld+json\" class=\"yoast-schema-graph\">{\"@context\":\"https:\\\/\\\/schema.org\",\"@graph\":[{\"@type\":\"Article\",\"@id\":\"https:\\\/\\\/www.meydan.tv\\\/az\\\/article\\\/edebiyyat-uzre-nobel-mukafatcisi-belli-oldu\\\/#article\",\"isPartOf\":{\"@id\":\"https:\\\/\\\/www.meydan.tv\\\/az\\\/article\\\/edebiyyat-uzre-nobel-mukafatcisi-belli-oldu\\\/\"},\"author\":{\"name\":\"elli\",\"@id\":\"https:\\\/\\\/www.meydan.tv\\\/az\\\/#\\\/schema\\\/person\\\/9cdbecf90d17180ce1dfbd95b08dcf47\"},\"headline\":\"\u018fd\u0259biyyat \u00fczr\u0259 &#8220;Nobel&#8221; m\u00fckafat\u00e7\u0131s\u0131 b\u0259lli oldu\",\"datePublished\":\"2022-10-06T12:26:08+00:00\",\"dateModified\":\"2022-10-06T12:26:13+00:00\",\"mainEntityOfPage\":{\"@id\":\"https:\\\/\\\/www.meydan.tv\\\/az\\\/article\\\/edebiyyat-uzre-nobel-mukafatcisi-belli-oldu\\\/\"},\"wordCount\":324,\"publisher\":{\"@id\":\"https:\\\/\\\/www.meydan.tv\\\/az\\\/#organization\"},\"image\":{\"@id\":\"https:\\\/\\\/www.meydan.tv\\\/az\\\/article\\\/edebiyyat-uzre-nobel-mukafatcisi-belli-oldu\\\/#primaryimage\"},\"thumbnailUrl\":\"https:\\\/\\\/www.meydan.tv\\\/wp-content\\\/uploads\\\/feyzg8txoaaihcj-e1665058964477.jpg\",\"articleSection\":[\"M\u0259d\u0259niyy\u0259t\",\"X\u0259b\u0259rl\u0259r\"],\"inLanguage\":\"az\"},{\"@type\":\"WebPage\",\"@id\":\"https:\\\/\\\/www.meydan.tv\\\/az\\\/article\\\/edebiyyat-uzre-nobel-mukafatcisi-belli-oldu\\\/\",\"url\":\"https:\\\/\\\/www.meydan.tv\\\/az\\\/article\\\/edebiyyat-uzre-nobel-mukafatcisi-belli-oldu\\\/\",\"name\":\"\u018fd\u0259biyyat \u00fczr\u0259 \\\"Nobel\\\" m\u00fckafat\u00e7\u0131s\u0131 b\u0259lli oldu - MEYDAN.TV\",\"isPartOf\":{\"@id\":\"https:\\\/\\\/www.meydan.tv\\\/az\\\/#website\"},\"primaryImageOfPage\":{\"@id\":\"https:\\\/\\\/www.meydan.tv\\\/az\\\/article\\\/edebiyyat-uzre-nobel-mukafatcisi-belli-oldu\\\/#primaryimage\"},\"image\":{\"@id\":\"https:\\\/\\\/www.meydan.tv\\\/az\\\/article\\\/edebiyyat-uzre-nobel-mukafatcisi-belli-oldu\\\/#primaryimage\"},\"thumbnailUrl\":\"https:\\\/\\\/www.meydan.tv\\\/wp-content\\\/uploads\\\/feyzg8txoaaihcj-e1665058964477.jpg\",\"datePublished\":\"2022-10-06T12:26:08+00:00\",\"dateModified\":\"2022-10-06T12:26:13+00:00\",\"breadcrumb\":{\"@id\":\"https:\\\/\\\/www.meydan.tv\\\/az\\\/article\\\/edebiyyat-uzre-nobel-mukafatcisi-belli-oldu\\\/#breadcrumb\"},\"inLanguage\":\"az\",\"potentialAction\":[{\"@type\":\"ReadAction\",\"target\":[\"https:\\\/\\\/www.meydan.tv\\\/az\\\/article\\\/edebiyyat-uzre-nobel-mukafatcisi-belli-oldu\\\/\"]}]},{\"@type\":\"ImageObject\",\"inLanguage\":\"az\",\"@id\":\"https:\\\/\\\/www.meydan.tv\\\/az\\\/article\\\/edebiyyat-uzre-nobel-mukafatcisi-belli-oldu\\\/#primaryimage\",\"url\":\"https:\\\/\\\/www.meydan.tv\\\/wp-content\\\/uploads\\\/feyzg8txoaaihcj-e1665058964477.jpg\",\"contentUrl\":\"https:\\\/\\\/www.meydan.tv\\\/wp-content\\\/uploads\\\/feyzg8txoaaihcj-e1665058964477.jpg\",\"width\":1630,\"height\":1430,\"caption\":\"M\u0259nb\u0259: \u0130sve\u00e7 Kral Elml\u0259r Akademiyas\u0131\"},{\"@type\":\"BreadcrumbList\",\"@id\":\"https:\\\/\\\/www.meydan.tv\\\/az\\\/article\\\/edebiyyat-uzre-nobel-mukafatcisi-belli-oldu\\\/#breadcrumb\",\"itemListElement\":[{\"@type\":\"ListItem\",\"position\":1,\"name\":\"Ana s\u0259hif\u0259\",\"item\":\"https:\\\/\\\/www.meydan.tv\\\/az\\\/\"},{\"@type\":\"ListItem\",\"position\":2,\"name\":\"M\u0259d\u0259niyy\u0259t\",\"item\":\"https:\\\/\\\/www.meydan.tv\\\/az\\\/section\\\/medeniyyet\\\/\"},{\"@type\":\"ListItem\",\"position\":3,\"name\":\"\u018fd\u0259biyyat \u00fczr\u0259 &#8220;Nobel&#8221; m\u00fckafat\u00e7\u0131s\u0131 b\u0259lli oldu\"}]},{\"@type\":\"WebSite\",\"@id\":\"https:\\\/\\\/www.meydan.tv\\\/az\\\/#website\",\"url\":\"https:\\\/\\\/www.meydan.tv\\\/az\\\/\",\"name\":\"MEYDAN.TV\",\"description\":\"Meydan TV Az\u0259rbaycan\u0131n media m\u0259kan\u0131ndak\u0131 alternativ s\u0259sidir\",\"publisher\":{\"@id\":\"https:\\\/\\\/www.meydan.tv\\\/az\\\/#organization\"},\"potentialAction\":[{\"@type\":\"SearchAction\",\"target\":{\"@type\":\"EntryPoint\",\"urlTemplate\":\"https:\\\/\\\/www.meydan.tv\\\/az\\\/?s={search_term_string}\"},\"query-input\":{\"@type\":\"PropertyValueSpecification\",\"valueRequired\":true,\"valueName\":\"search_term_string\"}}],\"inLanguage\":\"az\"},{\"@type\":\"Organization\",\"@id\":\"https:\\\/\\\/www.meydan.tv\\\/az\\\/#organization\",\"name\":\"Meydan TV\",\"url\":\"https:\\\/\\\/www.meydan.tv\\\/az\\\/\",\"logo\":{\"@type\":\"ImageObject\",\"inLanguage\":\"az\",\"@id\":\"https:\\\/\\\/www.meydan.tv\\\/az\\\/#\\\/schema\\\/logo\\\/image\\\/\",\"url\":\"https:\\\/\\\/www.meydan.tv\\\/wp-content\\\/uploads\\\/2021\\\/07\\\/meydan-logo.svg\",\"contentUrl\":\"https:\\\/\\\/www.meydan.tv\\\/wp-content\\\/uploads\\\/2021\\\/07\\\/meydan-logo.svg\",\"width\":195,\"height\":46,\"caption\":\"Meydan TV\"},\"image\":{\"@id\":\"https:\\\/\\\/www.meydan.tv\\\/az\\\/#\\\/schema\\\/logo\\\/image\\\/\"}},{\"@type\":\"Person\",\"@id\":\"https:\\\/\\\/www.meydan.tv\\\/az\\\/#\\\/schema\\\/person\\\/9cdbecf90d17180ce1dfbd95b08dcf47\",\"name\":\"elli\",\"sameAs\":[\"https:\\\/\\\/x.com\\\/elli\"]}]}<\/script>\n<!-- \/ Yoast SEO plugin. -->","yoast_head_json":{"title":"\u018fd\u0259biyyat \u00fczr\u0259 \"Nobel\" m\u00fckafat\u00e7\u0131s\u0131 b\u0259lli oldu - MEYDAN.TV","robots":{"index":"index","follow":"follow","max-snippet":"max-snippet:-1","max-image-preview":"max-image-preview:large","max-video-preview":"max-video-preview:-1"},"canonical":"https:\/\/www.meydan.tv\/az\/article\/edebiyyat-uzre-nobel-mukafatcisi-belli-oldu\/","og_locale":"az_AZ","og_type":"article","og_title":"\u018fd\u0259biyyat \u00fczr\u0259 \"Nobel\" m\u00fckafat\u00e7\u0131s\u0131 b\u0259lli oldu - MEYDAN.TV","og_description":"Builki qalib frans\u0131z yaz\u0131\u00e7\u0131s\u0131 Anni Ernodur 2022-ci il \u018fd\u0259biyyat \u00fczr\u0259 ... Davam\u0131","og_url":"https:\/\/www.meydan.tv\/az\/article\/edebiyyat-uzre-nobel-mukafatcisi-belli-oldu\/","og_site_name":"MEYDAN.TV","article_published_time":"2022-10-06T12:26:08+00:00","article_modified_time":"2022-10-06T12:26:13+00:00","og_image":[{"width":1630,"height":1430,"url":"https:\/\/www.meydan.tv\/wp-content\/uploads\/feyzg8txoaaihcj-e1665058964477.jpg","type":"image\/jpeg"}],"author":"elli","twitter_card":"summary_large_image","twitter_creator":"@elli","schema":{"@context":"https:\/\/schema.org","@graph":[{"@type":"Article","@id":"https:\/\/www.meydan.tv\/az\/article\/edebiyyat-uzre-nobel-mukafatcisi-belli-oldu\/#article","isPartOf":{"@id":"https:\/\/www.meydan.tv\/az\/article\/edebiyyat-uzre-nobel-mukafatcisi-belli-oldu\/"},"author":{"name":"elli","@id":"https:\/\/www.meydan.tv\/az\/#\/schema\/person\/9cdbecf90d17180ce1dfbd95b08dcf47"},"headline":"\u018fd\u0259biyyat \u00fczr\u0259 &#8220;Nobel&#8221; m\u00fckafat\u00e7\u0131s\u0131 b\u0259lli oldu","datePublished":"2022-10-06T12:26:08+00:00","dateModified":"2022-10-06T12:26:13+00:00","mainEntityOfPage":{"@id":"https:\/\/www.meydan.tv\/az\/article\/edebiyyat-uzre-nobel-mukafatcisi-belli-oldu\/"},"wordCount":324,"publisher":{"@id":"https:\/\/www.meydan.tv\/az\/#organization"},"image":{"@id":"https:\/\/www.meydan.tv\/az\/article\/edebiyyat-uzre-nobel-mukafatcisi-belli-oldu\/#primaryimage"},"thumbnailUrl":"https:\/\/www.meydan.tv\/wp-content\/uploads\/feyzg8txoaaihcj-e1665058964477.jpg","articleSection":["M\u0259d\u0259niyy\u0259t","X\u0259b\u0259rl\u0259r"],"inLanguage":"az"},{"@type":"WebPage","@id":"https:\/\/www.meydan.tv\/az\/article\/edebiyyat-uzre-nobel-mukafatcisi-belli-oldu\/","url":"https:\/\/www.meydan.tv\/az\/article\/edebiyyat-uzre-nobel-mukafatcisi-belli-oldu\/","name":"\u018fd\u0259biyyat \u00fczr\u0259 \"Nobel\" m\u00fckafat\u00e7\u0131s\u0131 b\u0259lli oldu - MEYDAN.TV","isPartOf":{"@id":"https:\/\/www.meydan.tv\/az\/#website"},"primaryImageOfPage":{"@id":"https:\/\/www.meydan.tv\/az\/article\/edebiyyat-uzre-nobel-mukafatcisi-belli-oldu\/#primaryimage"},"image":{"@id":"https:\/\/www.meydan.tv\/az\/article\/edebiyyat-uzre-nobel-mukafatcisi-belli-oldu\/#primaryimage"},"thumbnailUrl":"https:\/\/www.meydan.tv\/wp-content\/uploads\/feyzg8txoaaihcj-e1665058964477.jpg","datePublished":"2022-10-06T12:26:08+00:00","dateModified":"2022-10-06T12:26:13+00:00","breadcrumb":{"@id":"https:\/\/www.meydan.tv\/az\/article\/edebiyyat-uzre-nobel-mukafatcisi-belli-oldu\/#breadcrumb"},"inLanguage":"az","potentialAction":[{"@type":"ReadAction","target":["https:\/\/www.meydan.tv\/az\/article\/edebiyyat-uzre-nobel-mukafatcisi-belli-oldu\/"]}]},{"@type":"ImageObject","inLanguage":"az","@id":"https:\/\/www.meydan.tv\/az\/article\/edebiyyat-uzre-nobel-mukafatcisi-belli-oldu\/#primaryimage","url":"https:\/\/www.meydan.tv\/wp-content\/uploads\/feyzg8txoaaihcj-e1665058964477.jpg","contentUrl":"https:\/\/www.meydan.tv\/wp-content\/uploads\/feyzg8txoaaihcj-e1665058964477.jpg","width":1630,"height":1430,"caption":"M\u0259nb\u0259: \u0130sve\u00e7 Kral Elml\u0259r Akademiyas\u0131"},{"@type":"BreadcrumbList","@id":"https:\/\/www.meydan.tv\/az\/article\/edebiyyat-uzre-nobel-mukafatcisi-belli-oldu\/#breadcrumb","itemListElement":[{"@type":"ListItem","position":1,"name":"Ana s\u0259hif\u0259","item":"https:\/\/www.meydan.tv\/az\/"},{"@type":"ListItem","position":2,"name":"M\u0259d\u0259niyy\u0259t","item":"https:\/\/www.meydan.tv\/az\/section\/medeniyyet\/"},{"@type":"ListItem","position":3,"name":"\u018fd\u0259biyyat \u00fczr\u0259 &#8220;Nobel&#8221; m\u00fckafat\u00e7\u0131s\u0131 b\u0259lli oldu"}]},{"@type":"WebSite","@id":"https:\/\/www.meydan.tv\/az\/#website","url":"https:\/\/www.meydan.tv\/az\/","name":"MEYDAN.TV","description":"Meydan TV Az\u0259rbaycan\u0131n media m\u0259kan\u0131ndak\u0131 alternativ s\u0259sidir","publisher":{"@id":"https:\/\/www.meydan.tv\/az\/#organization"},"potentialAction":[{"@type":"SearchAction","target":{"@type":"EntryPoint","urlTemplate":"https:\/\/www.meydan.tv\/az\/?s={search_term_string}"},"query-input":{"@type":"PropertyValueSpecification","valueRequired":true,"valueName":"search_term_string"}}],"inLanguage":"az"},{"@type":"Organization","@id":"https:\/\/www.meydan.tv\/az\/#organization","name":"Meydan TV","url":"https:\/\/www.meydan.tv\/az\/","logo":{"@type":"ImageObject","inLanguage":"az","@id":"https:\/\/www.meydan.tv\/az\/#\/schema\/logo\/image\/","url":"https:\/\/www.meydan.tv\/wp-content\/uploads\/2021\/07\/meydan-logo.svg","contentUrl":"https:\/\/www.meydan.tv\/wp-content\/uploads\/2021\/07\/meydan-logo.svg","width":195,"height":46,"caption":"Meydan TV"},"image":{"@id":"https:\/\/www.meydan.tv\/az\/#\/schema\/logo\/image\/"}},{"@type":"Person","@id":"https:\/\/www.meydan.tv\/az\/#\/schema\/person\/9cdbecf90d17180ce1dfbd95b08dcf47","name":"elli","sameAs":["https:\/\/x.com\/elli"]}]}},"_links":{"self":[{"href":"https:\/\/www.meydan.tv\/az\/wp-json\/wp\/v2\/posts\/257595","targetHints":{"allow":["GET"]}}],"collection":[{"href":"https:\/\/www.meydan.tv\/az\/wp-json\/wp\/v2\/posts"}],"about":[{"href":"https:\/\/www.meydan.tv\/az\/wp-json\/wp\/v2\/types\/post"}],"author":[{"embeddable":true,"href":"https:\/\/www.meydan.tv\/az\/wp-json\/wp\/v2\/users\/8"}],"replies":[{"embeddable":true,"href":"https:\/\/www.meydan.tv\/az\/wp-json\/wp\/v2\/comments?post=257595"}],"version-history":[{"count":1,"href":"https:\/\/www.meydan.tv\/az\/wp-json\/wp\/v2\/posts\/257595\/revisions"}],"predecessor-version":[{"id":257600,"href":"https:\/\/www.meydan.tv\/az\/wp-json\/wp\/v2\/posts\/257595\/revisions\/257600"}],"wp:featuredmedia":[{"embeddable":true,"href":"https:\/\/www.meydan.tv\/az\/wp-json\/wp\/v2\/media\/257597"}],"wp:attachment":[{"href":"https:\/\/www.meydan.tv\/az\/wp-json\/wp\/v2\/media?parent=257595"}],"wp:term":[{"taxonomy":"category","embeddable":true,"href":"https:\/\/www.meydan.tv\/az\/wp-json\/wp\/v2\/categories?post=257595"},{"taxonomy":"post_tag","embeddable":true,"href":"https:\/\/www.meydan.tv\/az\/wp-json\/wp\/v2\/tags?post=257595"}],"curies":[{"name":"wp","href":"https:\/\/api.w.org\/{rel}","templated":true}]}}