{"id":257572,"date":"2022-10-06T15:48:02","date_gmt":"2022-10-06T11:48:02","guid":{"rendered":"https:\/\/www.meydan.tv\/?p=257572"},"modified":"2022-10-06T15:49:57","modified_gmt":"2022-10-06T11:49:57","slug":"nermin-isi-ilkin-suleymanovun-xeyrine-olan-ekspert-reyi-is-materiallarindan-yoxa-cixib","status":"publish","type":"post","link":"https:\/\/www.meydan.tv\/az\/article\/nermin-isi-ilkin-suleymanovun-xeyrine-olan-ekspert-reyi-is-materiallarindan-yoxa-cixib\/","title":{"rendered":"\u201cN\u0259rmin i\u015fi\u201d: \u0130lkin S\u00fcleymanovun xeyrin\u0259 olan ekspert r\u0259yi i\u015f materiallar\u0131ndan yoxa \u00e7\u0131x\u0131b"},"content":{"rendered":"\n<p><\/p>\n\n\n\n<p><em>\u201cKims\u0259, hans\u0131sa maraql\u0131 q\u00fcvv\u0259 meyitin \u00fcz\u0259rind\u0259n olmayan cins \u015falvar\u0131 ekspertizaya t\u0259qdim edib\u201d<\/em><\/p>\n\n\n\n<p>Tovuz rayonunun Dondar Qu\u015f\u00e7u k\u0259ndind\u0259 azya\u015fl\u0131 N\u0259rmin Quliyevan\u0131 \u00f6ld\u00fcrm\u0259kd\u0259 ittiham olunan \u0130lkin S\u00fcleymanovun i\u015fi \u00fczr\u0259 m\u0259hk\u0259m\u0259 prosesi ilyar\u0131ma yax\u0131nd\u0131r ki, davam edir. Onun i\u015fin\u0259 G\u0259nc\u0259 A\u011f\u0131r Cinay\u0259tl\u0259r M\u0259hk\u0259m\u0259sind\u0259 hakim Dada\u015f \u0130manovun s\u0259drliyil\u0259 bax\u0131l\u0131r.<\/p>\n\n\n\n<p>Son m\u0259hk\u0259m\u0259 iclaslar\u0131nda cinay\u0259t i\u015find\u0259 olan s\u0259n\u0259dl\u0259r elan edilir, ziddiyy\u0259tli hallar ara\u015fd\u0131r\u0131l\u0131rd\u0131. Oktyabr\u0131n 6-da m\u0259hk\u0259m\u0259 iclas\u0131 qapal\u0131 ke\u00e7irilib.<\/p>\n\n\n\n<p>V\u0259kil Zabil Q\u0259hr\u0259manov bildirib ki, m\u0259hk\u0259m\u0259 iclas\u0131nda \u015f\u0259xsi h\u0259yata aid m\u0259s\u0259l\u0259l\u0259r m\u00fczakir\u0259 olundu\u011funa, i\u015f materiallar\u0131ndak\u0131 bu haqda s\u0259n\u0259dl\u0259r ara\u015fd\u0131r\u0131ld\u0131\u011f\u0131na g\u00f6r\u0259 iclas qapal\u0131 ke\u00e7irilib. M\u0259hk\u0259m\u0259d\u0259 h\u0259m\u00e7inin \u0130lkin S\u00fcleymanovun telefonuyla ba\u011fl\u0131 ekspert r\u0259yi t\u0259dqiq olunub.<\/p>\n\n\n\n<p>H\u0259min r\u0259yd\u0259 iddia olunur ki, \u0130lkin S\u00fcleymanovun telefonundan internetd\u0259 cizgi filml\u0259rin\u0259, porno g\u00f6r\u00fcnt\u00fcl\u0259r\u0259 bax\u0131l\u0131b. V\u0259kill\u0259r \u0130lkin S\u00fcleymanovun telefonuna m\u00fcdaxil\u0259 edildiyini, saxta s\u00fcbut yaratmaq \u00fc\u00e7\u00fcn m\u00fcxt\u0259lif internet s\u0259hif\u0259l\u0259rin\u0259 bax\u0131ld\u0131\u011f\u0131n\u0131 vur\u011fulay\u0131blar.<\/p>\n\n\n\n<p>V\u0259kil v\u0259sat\u0259t qald\u0131r\u0131b ki, 2020-ci il yanvar\u0131n 6-da ax\u015fam saat 20 rad\u0259l\u0259rind\u0259n sonra \u0130lkin S\u00fcleymanovun telefonunun harada oldu\u011funu m\u00fc\u0259yy\u0259nl\u0259\u015fdirm\u0259k \u00fc\u00e7\u00fcn mobil operatora sor\u011fu g\u00f6nd\u0259rilsin, hans\u0131 anten dair\u0259sinin \u0259hat\u0259sind\u0259 oldu\u011fu ara\u015fd\u0131r\u0131ls\u0131n. Ekspert r\u0259yind\u0259 var ki, \u0130lkin S\u00fcleymanovun telefonundan yanvar\u0131n 8-d\u0259 d\u0259 porno g\u00f6r\u00fcnt\u00fcl\u0259r\u0259 bax\u0131\u015f olub. Amma \u0130lkin S\u00fcleymanov bildirib ki, yanvar\u0131n 6-da ax\u015fam saat 20 rad\u0259l\u0259rind\u0259 meyit tap\u0131landan sonra onu da polis \u015f\u00f6b\u0259sin\u0259 apar\u0131blar, telefonunu \u0259lind\u0259n al\u0131blar v\u0259 o vaxtdan burax\u0131lmay\u0131b.<\/p>\n\n\n\n<figure class=\"wp-block-image size-large\"><img decoding=\"async\" width=\"1123\" height=\"821\" data-src=\"https:\/\/www.meydan.tv\/wp-content\/uploads\/photo-2021-11-30-13-58-26-1123x821.jpg\" alt=\"\" class=\"wp-image-227989 lazyload\" src=\"data:image\/svg+xml;base64,PHN2ZyB3aWR0aD0iMSIgaGVpZ2h0PSIxIiB4bWxucz0iaHR0cDovL3d3dy53My5vcmcvMjAwMC9zdmciPjwvc3ZnPg==\" style=\"--smush-placeholder-width: 1123px; --smush-placeholder-aspect-ratio: 1123\/821;\" \/><figcaption>V\u0259kil Zabil Q\u0259hr\u0259manov, Foto: Meydan TV<\/figcaption><\/figure>\n\n\n\n<p>\u201c\u0130lkinin \u0259leyhin\u0259 tutarl\u0131 s\u00fcbutlar olmad\u0131\u011f\u0131na g\u00f6r\u0259 dolay\u0131 s\u00fcbutlar yaratma\u011fa c\u0259hd g\u00f6st\u0259rilib. T\u0259s\u0259vv\u00fcr edin, \u201cTom Cerri\u201dy\u0259 c\u0259mi 1 saniy\u0259 bax\u0131l\u0131b. 1 saniy\u0259 \u0259rzind\u0259 u\u015fa\u011fa n\u0259yi g\u00f6st\u0259r\u0259 bil\u0259rdi? Yaxud i\u015fd\u0259 bir t\u0259r\u0259fd\u0259n iddia olunur ki, N\u0259rmin ay\u0131n 4-d\u0259 \u00f6ld\u00fcr\u00fcl\u00fcb, amma o biri t\u0259r\u0259fd\u0259n d\u0259 ekspert r\u0259y verir ki, yanvar\u0131n 5-d\u0259 d\u0259 cizgi filmin\u0259 bax\u0131l\u0131b? Ay\u0131n 5-d\u0259 N\u0259rmin \u00f6ld\u00fcr\u00fclm\u00fc\u015fd\u00fcs\u0259, n\u0259 ehtiyac vard\u0131 cizgi filmin\u0259 baxma\u011fa? Telefonun t\u0259dqiq olunmas\u0131 m\u0259s\u0259l\u0259sil\u0259 ba\u011fl\u0131 da suallar var. Telefona giri\u015f \u00fc\u00e7\u00fcn parol olub. O parol \u0130lkind\u0259n nec\u0259 al\u0131n\u0131b? \u0130stintaq orqan\u0131 onun parolunu g\u00f6t\u00fcr\u00fcb. Lakin i\u015fd\u0259 onun g\u00f6t\u00fcr\u00fclm\u0259sini t\u0259sdiql\u0259y\u0259n s\u0259n\u0259d yoxdur. M\u00fcst\u0259ntiq prosessual \u015f\u0259xsdir, parolu g\u00f6t\u00fcr\u00fcrs\u0259, bu r\u0259smil\u0259\u015fdirilm\u0259lidir\u201d, &#8211; v\u0259kil Zabil Q\u0259hr\u0259manov bildirib.<\/p>\n\n\n\n<p>M\u0259hk\u0259m\u0259d\u0259 o da m\u0259lum olub ki, \u0130lkin S\u00fcleymanovun i\u015fi il\u0259 ba\u011fl\u0131 Moskvadan al\u0131nm\u0131\u015f ekspert r\u0259yi i\u015f materiallar\u0131nda yoxdur. H\u0259r\u00e7\u0259nd, h\u0259min r\u0259yin i\u015f\u0259 \u0259lav\u0259 olunmas\u0131 haqda protokol var.<\/p>\n\n\n\n<p>\u201cMoskvadan m\u0259\u015fhur rusiyal\u0131 ekspert Panov bu hadis\u0259 il\u0259 ba\u011fl\u0131 r\u0259y verib. O r\u0259yl\u0259 i\u015fin hallar\u0131 aras\u0131nda ziddiyy\u0259t var. M\u0259s\u0259l\u0259n, ekspert r\u0259yi var ki, guya meyit 5 d\u0259qiq\u0259 \u0259rzind\u0259 yan\u0131b o v\u0259ziyy\u0259t\u0259 d\u00fc\u015f\u00fcb. Panov is\u0259 r\u0259y verib ki, meyitin o v\u0259ziyy\u0259t\u0259 d\u00fc\u015fm\u0259si \u00fc\u00e7\u00fcn 1-2 saat vaxt laz\u0131m idi. Ba\u015fqa vacib m\u0259qamlar da var. Panovun r\u0259yi istintaq d\u00f6vr\u00fcnd\u0259 bizd\u0259n al\u0131n\u0131b, protokolla i\u015f\u0259 \u0259lav\u0259 olunub. \u0130ndi m\u0259lum olur ki, i\u015fin i\u00e7ind\u0259 o r\u0259y yoxdur. \u0130lkinin xeyrin\u0259 olan ekspert r\u0259yi niy\u0259 yoxa \u00e7\u0131xmal\u0131d\u0131r?\u201d, &#8211; \u0130lkin S\u00fcleymanovun qarda\u015f\u0131 Adil S\u00fcleymanov bildirib.<\/p>\n\n\n\n<p>Adil S\u00fcleymanov deyir ki, m\u0259hk\u0259m\u0259d\u0259 cins \u015falvar m\u00fc\u0259mmas\u0131na da ayd\u0131nl\u0131q g\u0259lm\u0259yib. Ekspertiza N\u0259rmin\u0259 aid oldu\u011fu iddia edil\u0259n cins \u015falvar\u0131n \u00fcz\u0259rind\u0259n \u0130lkin S\u00fcleymanovun geyiminin lifl\u0259rinin tap\u0131lmas\u0131 haqda r\u0259y verib. Lakin o cins \u015falvar\u0131n ekspertizaya nec\u0259 gedib \u00e7\u0131xmas\u0131 ayd\u0131n deyil. \u00c7\u00fcnki meyitin \u00fcz\u0259rind\u0259n tap\u0131l\u0131b qabla\u015fd\u0131r\u0131lan paltarlar aras\u0131nda cins \u015falvar yoxdur.<\/p>\n\n\n\n<p>\u201cKims\u0259, hans\u0131sa maraql\u0131 q\u00fcvv\u0259 meyitin \u00fcz\u0259rind\u0259n olmayan cins \u015falvar\u0131 ekspertizaya t\u0259qdim edib v\u0259 \u00fcz\u0259rind\u0259 \u0130lkin\u0259 aid lifl\u0259r tap\u0131lmas\u0131 haqda r\u0259y al\u0131n\u0131b. Bu, birba\u015fa s\u00fcbut edir ki, hans\u0131sa q\u00fcvv\u0259nin i\u015fidir. O q\u00fcvv\u0259 ki, istintaqa m\u00fcdaxil\u0259 etm\u0259k imkan\u0131 var. Kim el\u0259yibs\u0259, cinay\u0259td\u0259 d\u0259 onun \u0259li var. N\u0259rminin \u0259misi arvad\u0131 Nail\u0259 Quliyeva istintaqa iki d\u0259f\u0259 ifad\u0259 verir v\u0259 deyir ki, hadis\u0259 g\u00fcn\u00fc N\u0259rmin g\u0259tirib \u0259rinin kurtkas\u0131n\u0131 qaytaranda u\u015fa\u011f\u0131 g\u00f6rm\u0259yib. \u00c7\u00fcnki bir g\u00fcn \u0259vv\u0259l q\u0131z\u0131na toy el\u0259mi\u015fdil\u0259r, ba\u015f\u0131 y\u0131r-y\u0131\u011f\u0131\u015fa qar\u0131\u015fm\u0131\u015fd\u0131. Bird\u0259n-bir\u0259 n\u0259 olursa, kim onu \u00f6yr\u0259dirs\u0259, m\u0259hk\u0259m\u0259d\u0259 ifad\u0259sind\u0259 deyir ki, N\u0259rmin biz\u0259 kurtkan\u0131 g\u0259tirib ver\u0259nd\u0259 onu g\u00f6rd\u00fcm, \u0259ynind\u0259 cins \u015falvar vard\u0131. V\u0259kill\u0259r ondan h\u0259min g\u00fcn \u00f6z\u00fcn\u00fcn, \u0259rinin n\u0259 geyindiyini soru\u015fanda deyir ki, yad\u0131mda deyil. Kimdir Nail\u0259ni \u00f6yr\u0259d\u0259n? T\u0259kc\u0259 Nail\u0259nin bu dedikl\u0259ril\u0259 ba\u011fl\u0131 ger\u00e7\u0259k ara\u015fd\u0131rma apar\u0131lsa, ondan soru\u015fulsa ki, niy\u0259 yalan ifad\u0259 verir, bu cinay\u0259tin d\u0259 \u00fcst\u00fc a\u00e7\u0131lar. \u018fg\u0259r bu m\u0259s\u0259l\u0259l\u0259r ara\u015fd\u0131r\u0131lm\u0131rsa, hans\u0131 \u0259dal\u0259td\u0259n dan\u0131\u015f\u0131r\u0131q\u201d, &#8211; Adil S\u00fcleymanov \u0259lav\u0259 edib.<\/p>\n\n\n\n<figure class=\"wp-block-image size-large\"><img decoding=\"async\" width=\"1095\" height=\"821\" data-src=\"https:\/\/www.meydan.tv\/wp-content\/uploads\/photo-2022-04-07-13-20-08-1095x821.jpg\" alt=\"\" class=\"wp-image-241012 lazyload\" src=\"data:image\/svg+xml;base64,PHN2ZyB3aWR0aD0iMSIgaGVpZ2h0PSIxIiB4bWxucz0iaHR0cDovL3d3dy53My5vcmcvMjAwMC9zdmciPjwvc3ZnPg==\" style=\"--smush-placeholder-width: 1095px; --smush-placeholder-aspect-ratio: 1095\/821;\" \/><figcaption>Adil S\u00fcleymanov. Foto: Meydan TV<\/figcaption><\/figure>\n\n\n\n<p>M\u0259hk\u0259m\u0259 prosesi oktyabr\u0131n 12-d\u0259 davam ed\u0259c\u0259k.<\/p>\n\n\n\n<p>1973-c\u00fc il t\u0259v\u0259ll\u00fcdl\u00fc \u0130lkin S\u00fcleymanov Cinay\u0259t M\u0259c\u0259ll\u0259sinin 120.2.4 (x\u00fcsusi amans\u0131zl\u0131qla q\u0259sd\u0259n adam \u00f6ld\u00fcrm\u0259), 120.2.9 (t\u0259qsirkar \u015f\u0259xs \u00fc\u00e7\u00fcn a\u015fkar sur\u0259td\u0259 k\u00f6m\u0259ksiz v\u0259ziyy\u0259td\u0259 olan adam\u0131 q\u0259sd\u0259n \u00f6ld\u00fcrm\u0259), 133.2.1 (o\u011furlanm\u0131\u015f \u015f\u0259xs\u0259 \u0259zab verm\u0259), 133.2.4 (yetkinlik ya\u015f\u0131na \u00e7atmayan, k\u00f6m\u0259ksiz v\u0259ziyy\u0259td\u0259 olan \u015f\u0259xs\u0259 \u0259zab verm\u0259), 144-c\u00fc (adam o\u011furlu\u011fu) madd\u0259l\u0259ril\u0259 ittiham olunur.<\/p>\n\n\n\n<p>\u0130ttihama \u0259sas\u0259n, o, sinif yolda\u015f\u0131 \u015e\u0259rif Quliyevin ail\u0259si, u\u015faqlar\u0131 oldu\u011funa g\u00f6r\u0259 onu q\u0131sqan\u0131b, buna g\u00f6r\u0259 d\u0259 onun q\u0131z\u0131 N\u0259rmini o\u011furlayaraq, 47 g\u00fcn sonra q\u0259tl\u0259 yetirib.<\/p>\n\n\n\n<p>\u0130lkin S\u00fcleymanov is\u0259 azya\u015fl\u0131n\u0131n \u00f6l\u00fcm\u00fcn\u0259 aidiyy\u0259ti olmad\u0131\u011f\u0131n\u0131 deyir. \u0130lkin ifad\u0259sind\u0259ki etirafa g\u0259linc\u0259, o bildirib ki, 2020-ci il yanvar\u0131n 6-dan 10-na q\u0259d\u0259r Tovuz rayon Polis \u015e\u00f6b\u0259sind\u0259 i\u015fg\u0259nc\u0259y\u0259 m\u0259ruz qal\u0131b. D\u00f6rd g\u00fcn sonra i\u015fg\u0259nc\u0259l\u0259r\u0259 d\u00f6zm\u0259y\u0259r\u0259k, etiraf ifad\u0259sin\u0259 imza atma\u011fa m\u0259cbur olub.<\/p>\n\n\n\n<p>Ba\u015f Prokurorluq is\u0259 i\u015fg\u0259nc\u0259 iddialar\u0131n\u0131 t\u0259kzib edib.<\/p>\n","protected":false},"excerpt":{"rendered":"<p>\u201cKims\u0259, hans\u0131sa maraql\u0131 q\u00fcvv\u0259 meyitin \u00fcz\u0259rind\u0259n olmayan cins \u015falvar\u0131 ekspertizaya &#8230; <\/p>\n<p class=\"read-more-container\"><a title=\"\u201cN\u0259rmin i\u015fi\u201d: \u0130lkin S\u00fcleymanovun xeyrin\u0259 olan ekspert r\u0259yi i\u015f materiallar\u0131ndan yoxa \u00e7\u0131x\u0131b\" class=\"read-more button\" href=\"https:\/\/www.meydan.tv\/az\/article\/nermin-isi-ilkin-suleymanovun-xeyrine-olan-ekspert-reyi-is-materiallarindan-yoxa-cixib\/#more-257572\" aria-label=\"Read more about \u201cN\u0259rmin i\u015fi\u201d: \u0130lkin S\u00fcleymanovun xeyrin\u0259 olan ekspert r\u0259yi i\u015f materiallar\u0131ndan yoxa \u00e7\u0131x\u0131b\">Davam\u0131<\/a><\/p>\n","protected":false},"author":8,"featured_media":255098,"comment_status":"closed","ping_status":"closed","sticky":false,"template":"","format":"standard","meta":{"_acf_changed":false,"_sitemap_exclude":false,"_sitemap_priority":"","_sitemap_frequency":"","footnotes":""},"categories":[60,79,56],"tags":[],"class_list":["post-257572","post","type-post","status-publish","format-standard","has-post-thumbnail","hentry","category-bolge","category-featured","category-xeberler","infinite-scroll-item","generate-columns","tablet-grid-50","mobile-grid-100","grid-parent","grid-33","no-featured-image-padding"],"acf":[],"yoast_head":"<!-- This site is optimized with the Yoast SEO plugin v27.5 - https:\/\/yoast.com\/product\/yoast-seo-wordpress\/ -->\n<title>\u201cN\u0259rmin i\u015fi\u201d: \u0130lkin S\u00fcleymanovun xeyrin\u0259 olan ekspert r\u0259yi i\u015f materiallar\u0131ndan yoxa \u00e7\u0131x\u0131b - MEYDAN.TV<\/title>\n<meta name=\"robots\" content=\"index, follow, max-snippet:-1, max-image-preview:large, max-video-preview:-1\" \/>\n<link rel=\"canonical\" href=\"https:\/\/www.meydan.tv\/az\/article\/nermin-isi-ilkin-suleymanovun-xeyrine-olan-ekspert-reyi-is-materiallarindan-yoxa-cixib\/\" \/>\n<meta property=\"og:locale\" content=\"az_AZ\" \/>\n<meta property=\"og:type\" content=\"article\" \/>\n<meta property=\"og:title\" content=\"\u201cN\u0259rmin i\u015fi\u201d: \u0130lkin S\u00fcleymanovun xeyrin\u0259 olan ekspert r\u0259yi i\u015f materiallar\u0131ndan yoxa \u00e7\u0131x\u0131b - MEYDAN.TV\" \/>\n<meta property=\"og:description\" content=\"\u201cKims\u0259, hans\u0131sa maraql\u0131 q\u00fcvv\u0259 meyitin \u00fcz\u0259rind\u0259n olmayan cins \u015falvar\u0131 ekspertizaya ... Davam\u0131\" \/>\n<meta property=\"og:url\" content=\"https:\/\/www.meydan.tv\/az\/article\/nermin-isi-ilkin-suleymanovun-xeyrine-olan-ekspert-reyi-is-materiallarindan-yoxa-cixib\/\" \/>\n<meta property=\"og:site_name\" content=\"MEYDAN.TV\" \/>\n<meta property=\"article:published_time\" content=\"2022-10-06T11:48:02+00:00\" \/>\n<meta property=\"article:modified_time\" content=\"2022-10-06T11:49:57+00:00\" \/>\n<meta property=\"og:image\" content=\"https:\/\/www.meydan.tv\/wp-content\/uploads\/photo-2022-09-07-17-11-47.jpg\" \/>\n\t<meta property=\"og:image:width\" content=\"1200\" \/>\n\t<meta property=\"og:image:height\" content=\"675\" \/>\n\t<meta property=\"og:image:type\" content=\"image\/jpeg\" \/>\n<meta name=\"author\" content=\"elli\" \/>\n<meta name=\"twitter:card\" content=\"summary_large_image\" \/>\n<meta name=\"twitter:creator\" content=\"@elli\" \/>\n<script type=\"application\/ld+json\" class=\"yoast-schema-graph\">{\"@context\":\"https:\\\/\\\/schema.org\",\"@graph\":[{\"@type\":\"Article\",\"@id\":\"https:\\\/\\\/www.meydan.tv\\\/az\\\/article\\\/nermin-isi-ilkin-suleymanovun-xeyrine-olan-ekspert-reyi-is-materiallarindan-yoxa-cixib\\\/#article\",\"isPartOf\":{\"@id\":\"https:\\\/\\\/www.meydan.tv\\\/az\\\/article\\\/nermin-isi-ilkin-suleymanovun-xeyrine-olan-ekspert-reyi-is-materiallarindan-yoxa-cixib\\\/\"},\"author\":{\"name\":\"elli\",\"@id\":\"https:\\\/\\\/www.meydan.tv\\\/az\\\/#\\\/schema\\\/person\\\/9cdbecf90d17180ce1dfbd95b08dcf47\"},\"headline\":\"\u201cN\u0259rmin i\u015fi\u201d: \u0130lkin S\u00fcleymanovun xeyrin\u0259 olan ekspert r\u0259yi i\u015f materiallar\u0131ndan yoxa \u00e7\u0131x\u0131b\",\"datePublished\":\"2022-10-06T11:48:02+00:00\",\"dateModified\":\"2022-10-06T11:49:57+00:00\",\"mainEntityOfPage\":{\"@id\":\"https:\\\/\\\/www.meydan.tv\\\/az\\\/article\\\/nermin-isi-ilkin-suleymanovun-xeyrine-olan-ekspert-reyi-is-materiallarindan-yoxa-cixib\\\/\"},\"wordCount\":1235,\"publisher\":{\"@id\":\"https:\\\/\\\/www.meydan.tv\\\/az\\\/#organization\"},\"image\":{\"@id\":\"https:\\\/\\\/www.meydan.tv\\\/az\\\/article\\\/nermin-isi-ilkin-suleymanovun-xeyrine-olan-ekspert-reyi-is-materiallarindan-yoxa-cixib\\\/#primaryimage\"},\"thumbnailUrl\":\"https:\\\/\\\/www.meydan.tv\\\/wp-content\\\/uploads\\\/photo-2022-09-07-17-11-47.jpg\",\"articleSection\":[\"B\u00f6lg\u0259\",\"T\u00f6vsiy\u0259\",\"X\u0259b\u0259rl\u0259r\"],\"inLanguage\":\"az\"},{\"@type\":\"WebPage\",\"@id\":\"https:\\\/\\\/www.meydan.tv\\\/az\\\/article\\\/nermin-isi-ilkin-suleymanovun-xeyrine-olan-ekspert-reyi-is-materiallarindan-yoxa-cixib\\\/\",\"url\":\"https:\\\/\\\/www.meydan.tv\\\/az\\\/article\\\/nermin-isi-ilkin-suleymanovun-xeyrine-olan-ekspert-reyi-is-materiallarindan-yoxa-cixib\\\/\",\"name\":\"\u201cN\u0259rmin i\u015fi\u201d: \u0130lkin S\u00fcleymanovun xeyrin\u0259 olan ekspert r\u0259yi i\u015f materiallar\u0131ndan yoxa \u00e7\u0131x\u0131b - MEYDAN.TV\",\"isPartOf\":{\"@id\":\"https:\\\/\\\/www.meydan.tv\\\/az\\\/#website\"},\"primaryImageOfPage\":{\"@id\":\"https:\\\/\\\/www.meydan.tv\\\/az\\\/article\\\/nermin-isi-ilkin-suleymanovun-xeyrine-olan-ekspert-reyi-is-materiallarindan-yoxa-cixib\\\/#primaryimage\"},\"image\":{\"@id\":\"https:\\\/\\\/www.meydan.tv\\\/az\\\/article\\\/nermin-isi-ilkin-suleymanovun-xeyrine-olan-ekspert-reyi-is-materiallarindan-yoxa-cixib\\\/#primaryimage\"},\"thumbnailUrl\":\"https:\\\/\\\/www.meydan.tv\\\/wp-content\\\/uploads\\\/photo-2022-09-07-17-11-47.jpg\",\"datePublished\":\"2022-10-06T11:48:02+00:00\",\"dateModified\":\"2022-10-06T11:49:57+00:00\",\"breadcrumb\":{\"@id\":\"https:\\\/\\\/www.meydan.tv\\\/az\\\/article\\\/nermin-isi-ilkin-suleymanovun-xeyrine-olan-ekspert-reyi-is-materiallarindan-yoxa-cixib\\\/#breadcrumb\"},\"inLanguage\":\"az\",\"potentialAction\":[{\"@type\":\"ReadAction\",\"target\":[\"https:\\\/\\\/www.meydan.tv\\\/az\\\/article\\\/nermin-isi-ilkin-suleymanovun-xeyrine-olan-ekspert-reyi-is-materiallarindan-yoxa-cixib\\\/\"]}]},{\"@type\":\"ImageObject\",\"inLanguage\":\"az\",\"@id\":\"https:\\\/\\\/www.meydan.tv\\\/az\\\/article\\\/nermin-isi-ilkin-suleymanovun-xeyrine-olan-ekspert-reyi-is-materiallarindan-yoxa-cixib\\\/#primaryimage\",\"url\":\"https:\\\/\\\/www.meydan.tv\\\/wp-content\\\/uploads\\\/photo-2022-09-07-17-11-47.jpg\",\"contentUrl\":\"https:\\\/\\\/www.meydan.tv\\\/wp-content\\\/uploads\\\/photo-2022-09-07-17-11-47.jpg\",\"width\":1200,\"height\":675,\"caption\":\"\u0130lkin S\u00fcleymanov. Foto: Meydan TV\"},{\"@type\":\"BreadcrumbList\",\"@id\":\"https:\\\/\\\/www.meydan.tv\\\/az\\\/article\\\/nermin-isi-ilkin-suleymanovun-xeyrine-olan-ekspert-reyi-is-materiallarindan-yoxa-cixib\\\/#breadcrumb\",\"itemListElement\":[{\"@type\":\"ListItem\",\"position\":1,\"name\":\"Ana s\u0259hif\u0259\",\"item\":\"https:\\\/\\\/www.meydan.tv\\\/az\\\/\"},{\"@type\":\"ListItem\",\"position\":2,\"name\":\"B\u00f6lg\u0259\",\"item\":\"https:\\\/\\\/www.meydan.tv\\\/az\\\/section\\\/bolge\\\/\"},{\"@type\":\"ListItem\",\"position\":3,\"name\":\"\u201cN\u0259rmin i\u015fi\u201d: \u0130lkin S\u00fcleymanovun xeyrin\u0259 olan ekspert r\u0259yi i\u015f materiallar\u0131ndan yoxa \u00e7\u0131x\u0131b\"}]},{\"@type\":\"WebSite\",\"@id\":\"https:\\\/\\\/www.meydan.tv\\\/az\\\/#website\",\"url\":\"https:\\\/\\\/www.meydan.tv\\\/az\\\/\",\"name\":\"MEYDAN.TV\",\"description\":\"Meydan TV Az\u0259rbaycan\u0131n media m\u0259kan\u0131ndak\u0131 alternativ s\u0259sidir\",\"publisher\":{\"@id\":\"https:\\\/\\\/www.meydan.tv\\\/az\\\/#organization\"},\"potentialAction\":[{\"@type\":\"SearchAction\",\"target\":{\"@type\":\"EntryPoint\",\"urlTemplate\":\"https:\\\/\\\/www.meydan.tv\\\/az\\\/?s={search_term_string}\"},\"query-input\":{\"@type\":\"PropertyValueSpecification\",\"valueRequired\":true,\"valueName\":\"search_term_string\"}}],\"inLanguage\":\"az\"},{\"@type\":\"Organization\",\"@id\":\"https:\\\/\\\/www.meydan.tv\\\/az\\\/#organization\",\"name\":\"Meydan TV\",\"url\":\"https:\\\/\\\/www.meydan.tv\\\/az\\\/\",\"logo\":{\"@type\":\"ImageObject\",\"inLanguage\":\"az\",\"@id\":\"https:\\\/\\\/www.meydan.tv\\\/az\\\/#\\\/schema\\\/logo\\\/image\\\/\",\"url\":\"https:\\\/\\\/www.meydan.tv\\\/wp-content\\\/uploads\\\/2021\\\/07\\\/meydan-logo.svg\",\"contentUrl\":\"https:\\\/\\\/www.meydan.tv\\\/wp-content\\\/uploads\\\/2021\\\/07\\\/meydan-logo.svg\",\"width\":195,\"height\":46,\"caption\":\"Meydan TV\"},\"image\":{\"@id\":\"https:\\\/\\\/www.meydan.tv\\\/az\\\/#\\\/schema\\\/logo\\\/image\\\/\"}},{\"@type\":\"Person\",\"@id\":\"https:\\\/\\\/www.meydan.tv\\\/az\\\/#\\\/schema\\\/person\\\/9cdbecf90d17180ce1dfbd95b08dcf47\",\"name\":\"elli\",\"sameAs\":[\"https:\\\/\\\/x.com\\\/elli\"]}]}<\/script>\n<!-- \/ Yoast SEO plugin. -->","yoast_head_json":{"title":"\u201cN\u0259rmin i\u015fi\u201d: \u0130lkin S\u00fcleymanovun xeyrin\u0259 olan ekspert r\u0259yi i\u015f materiallar\u0131ndan yoxa \u00e7\u0131x\u0131b - MEYDAN.TV","robots":{"index":"index","follow":"follow","max-snippet":"max-snippet:-1","max-image-preview":"max-image-preview:large","max-video-preview":"max-video-preview:-1"},"canonical":"https:\/\/www.meydan.tv\/az\/article\/nermin-isi-ilkin-suleymanovun-xeyrine-olan-ekspert-reyi-is-materiallarindan-yoxa-cixib\/","og_locale":"az_AZ","og_type":"article","og_title":"\u201cN\u0259rmin i\u015fi\u201d: \u0130lkin S\u00fcleymanovun xeyrin\u0259 olan ekspert r\u0259yi i\u015f materiallar\u0131ndan yoxa \u00e7\u0131x\u0131b - MEYDAN.TV","og_description":"\u201cKims\u0259, hans\u0131sa maraql\u0131 q\u00fcvv\u0259 meyitin \u00fcz\u0259rind\u0259n olmayan cins \u015falvar\u0131 ekspertizaya ... Davam\u0131","og_url":"https:\/\/www.meydan.tv\/az\/article\/nermin-isi-ilkin-suleymanovun-xeyrine-olan-ekspert-reyi-is-materiallarindan-yoxa-cixib\/","og_site_name":"MEYDAN.TV","article_published_time":"2022-10-06T11:48:02+00:00","article_modified_time":"2022-10-06T11:49:57+00:00","og_image":[{"width":1200,"height":675,"url":"https:\/\/www.meydan.tv\/wp-content\/uploads\/photo-2022-09-07-17-11-47.jpg","type":"image\/jpeg"}],"author":"elli","twitter_card":"summary_large_image","twitter_creator":"@elli","schema":{"@context":"https:\/\/schema.org","@graph":[{"@type":"Article","@id":"https:\/\/www.meydan.tv\/az\/article\/nermin-isi-ilkin-suleymanovun-xeyrine-olan-ekspert-reyi-is-materiallarindan-yoxa-cixib\/#article","isPartOf":{"@id":"https:\/\/www.meydan.tv\/az\/article\/nermin-isi-ilkin-suleymanovun-xeyrine-olan-ekspert-reyi-is-materiallarindan-yoxa-cixib\/"},"author":{"name":"elli","@id":"https:\/\/www.meydan.tv\/az\/#\/schema\/person\/9cdbecf90d17180ce1dfbd95b08dcf47"},"headline":"\u201cN\u0259rmin i\u015fi\u201d: \u0130lkin S\u00fcleymanovun xeyrin\u0259 olan ekspert r\u0259yi i\u015f materiallar\u0131ndan yoxa \u00e7\u0131x\u0131b","datePublished":"2022-10-06T11:48:02+00:00","dateModified":"2022-10-06T11:49:57+00:00","mainEntityOfPage":{"@id":"https:\/\/www.meydan.tv\/az\/article\/nermin-isi-ilkin-suleymanovun-xeyrine-olan-ekspert-reyi-is-materiallarindan-yoxa-cixib\/"},"wordCount":1235,"publisher":{"@id":"https:\/\/www.meydan.tv\/az\/#organization"},"image":{"@id":"https:\/\/www.meydan.tv\/az\/article\/nermin-isi-ilkin-suleymanovun-xeyrine-olan-ekspert-reyi-is-materiallarindan-yoxa-cixib\/#primaryimage"},"thumbnailUrl":"https:\/\/www.meydan.tv\/wp-content\/uploads\/photo-2022-09-07-17-11-47.jpg","articleSection":["B\u00f6lg\u0259","T\u00f6vsiy\u0259","X\u0259b\u0259rl\u0259r"],"inLanguage":"az"},{"@type":"WebPage","@id":"https:\/\/www.meydan.tv\/az\/article\/nermin-isi-ilkin-suleymanovun-xeyrine-olan-ekspert-reyi-is-materiallarindan-yoxa-cixib\/","url":"https:\/\/www.meydan.tv\/az\/article\/nermin-isi-ilkin-suleymanovun-xeyrine-olan-ekspert-reyi-is-materiallarindan-yoxa-cixib\/","name":"\u201cN\u0259rmin i\u015fi\u201d: \u0130lkin S\u00fcleymanovun xeyrin\u0259 olan ekspert r\u0259yi i\u015f materiallar\u0131ndan yoxa \u00e7\u0131x\u0131b - MEYDAN.TV","isPartOf":{"@id":"https:\/\/www.meydan.tv\/az\/#website"},"primaryImageOfPage":{"@id":"https:\/\/www.meydan.tv\/az\/article\/nermin-isi-ilkin-suleymanovun-xeyrine-olan-ekspert-reyi-is-materiallarindan-yoxa-cixib\/#primaryimage"},"image":{"@id":"https:\/\/www.meydan.tv\/az\/article\/nermin-isi-ilkin-suleymanovun-xeyrine-olan-ekspert-reyi-is-materiallarindan-yoxa-cixib\/#primaryimage"},"thumbnailUrl":"https:\/\/www.meydan.tv\/wp-content\/uploads\/photo-2022-09-07-17-11-47.jpg","datePublished":"2022-10-06T11:48:02+00:00","dateModified":"2022-10-06T11:49:57+00:00","breadcrumb":{"@id":"https:\/\/www.meydan.tv\/az\/article\/nermin-isi-ilkin-suleymanovun-xeyrine-olan-ekspert-reyi-is-materiallarindan-yoxa-cixib\/#breadcrumb"},"inLanguage":"az","potentialAction":[{"@type":"ReadAction","target":["https:\/\/www.meydan.tv\/az\/article\/nermin-isi-ilkin-suleymanovun-xeyrine-olan-ekspert-reyi-is-materiallarindan-yoxa-cixib\/"]}]},{"@type":"ImageObject","inLanguage":"az","@id":"https:\/\/www.meydan.tv\/az\/article\/nermin-isi-ilkin-suleymanovun-xeyrine-olan-ekspert-reyi-is-materiallarindan-yoxa-cixib\/#primaryimage","url":"https:\/\/www.meydan.tv\/wp-content\/uploads\/photo-2022-09-07-17-11-47.jpg","contentUrl":"https:\/\/www.meydan.tv\/wp-content\/uploads\/photo-2022-09-07-17-11-47.jpg","width":1200,"height":675,"caption":"\u0130lkin S\u00fcleymanov. Foto: Meydan TV"},{"@type":"BreadcrumbList","@id":"https:\/\/www.meydan.tv\/az\/article\/nermin-isi-ilkin-suleymanovun-xeyrine-olan-ekspert-reyi-is-materiallarindan-yoxa-cixib\/#breadcrumb","itemListElement":[{"@type":"ListItem","position":1,"name":"Ana s\u0259hif\u0259","item":"https:\/\/www.meydan.tv\/az\/"},{"@type":"ListItem","position":2,"name":"B\u00f6lg\u0259","item":"https:\/\/www.meydan.tv\/az\/section\/bolge\/"},{"@type":"ListItem","position":3,"name":"\u201cN\u0259rmin i\u015fi\u201d: \u0130lkin S\u00fcleymanovun xeyrin\u0259 olan ekspert r\u0259yi i\u015f materiallar\u0131ndan yoxa \u00e7\u0131x\u0131b"}]},{"@type":"WebSite","@id":"https:\/\/www.meydan.tv\/az\/#website","url":"https:\/\/www.meydan.tv\/az\/","name":"MEYDAN.TV","description":"Meydan TV Az\u0259rbaycan\u0131n media m\u0259kan\u0131ndak\u0131 alternativ s\u0259sidir","publisher":{"@id":"https:\/\/www.meydan.tv\/az\/#organization"},"potentialAction":[{"@type":"SearchAction","target":{"@type":"EntryPoint","urlTemplate":"https:\/\/www.meydan.tv\/az\/?s={search_term_string}"},"query-input":{"@type":"PropertyValueSpecification","valueRequired":true,"valueName":"search_term_string"}}],"inLanguage":"az"},{"@type":"Organization","@id":"https:\/\/www.meydan.tv\/az\/#organization","name":"Meydan TV","url":"https:\/\/www.meydan.tv\/az\/","logo":{"@type":"ImageObject","inLanguage":"az","@id":"https:\/\/www.meydan.tv\/az\/#\/schema\/logo\/image\/","url":"https:\/\/www.meydan.tv\/wp-content\/uploads\/2021\/07\/meydan-logo.svg","contentUrl":"https:\/\/www.meydan.tv\/wp-content\/uploads\/2021\/07\/meydan-logo.svg","width":195,"height":46,"caption":"Meydan TV"},"image":{"@id":"https:\/\/www.meydan.tv\/az\/#\/schema\/logo\/image\/"}},{"@type":"Person","@id":"https:\/\/www.meydan.tv\/az\/#\/schema\/person\/9cdbecf90d17180ce1dfbd95b08dcf47","name":"elli","sameAs":["https:\/\/x.com\/elli"]}]}},"_links":{"self":[{"href":"https:\/\/www.meydan.tv\/az\/wp-json\/wp\/v2\/posts\/257572","targetHints":{"allow":["GET"]}}],"collection":[{"href":"https:\/\/www.meydan.tv\/az\/wp-json\/wp\/v2\/posts"}],"about":[{"href":"https:\/\/www.meydan.tv\/az\/wp-json\/wp\/v2\/types\/post"}],"author":[{"embeddable":true,"href":"https:\/\/www.meydan.tv\/az\/wp-json\/wp\/v2\/users\/8"}],"replies":[{"embeddable":true,"href":"https:\/\/www.meydan.tv\/az\/wp-json\/wp\/v2\/comments?post=257572"}],"version-history":[{"count":2,"href":"https:\/\/www.meydan.tv\/az\/wp-json\/wp\/v2\/posts\/257572\/revisions"}],"predecessor-version":[{"id":257576,"href":"https:\/\/www.meydan.tv\/az\/wp-json\/wp\/v2\/posts\/257572\/revisions\/257576"}],"wp:featuredmedia":[{"embeddable":true,"href":"https:\/\/www.meydan.tv\/az\/wp-json\/wp\/v2\/media\/255098"}],"wp:attachment":[{"href":"https:\/\/www.meydan.tv\/az\/wp-json\/wp\/v2\/media?parent=257572"}],"wp:term":[{"taxonomy":"category","embeddable":true,"href":"https:\/\/www.meydan.tv\/az\/wp-json\/wp\/v2\/categories?post=257572"},{"taxonomy":"post_tag","embeddable":true,"href":"https:\/\/www.meydan.tv\/az\/wp-json\/wp\/v2\/tags?post=257572"}],"curies":[{"name":"wp","href":"https:\/\/api.w.org\/{rel}","templated":true}]}}