{"id":257490,"date":"2022-10-05T17:45:37","date_gmt":"2022-10-05T13:45:37","guid":{"rendered":"https:\/\/www.meydan.tv\/?p=257490"},"modified":"2022-10-05T17:45:39","modified_gmt":"2022-10-05T13:45:39","slug":"muhacir-anar-eliyev-3-gundur-quru-acliq-edir","status":"publish","type":"post","link":"https:\/\/www.meydan.tv\/az\/article\/muhacir-anar-eliyev-3-gundur-quru-acliq-edir\/","title":{"rendered":"M\u00fchacir Anar \u018fliyev 3 g\u00fcnd\u00fcr quru acl\u0131q edir"},"content":{"rendered":"\n<figure class=\"wp-block-embed is-type-video is-provider-youtube wp-block-embed-youtube wp-embed-aspect-16-9 wp-has-aspect-ratio\"><div class=\"wp-block-embed__wrapper\">\n<iframe title=\"M\u00fchacir Anar \u018fliyev 3 g\u00fcnd\u00fcr quru acl\u0131q edir\" width=\"1200\" height=\"675\" data-src=\"https:\/\/www.youtube.com\/embed\/P3YZS6VRoN8?feature=oembed\" frameborder=\"0\" allow=\"accelerometer; autoplay; clipboard-write; encrypted-media; gyroscope; picture-in-picture\" allowfullscreen src=\"data:image\/svg+xml;base64,PHN2ZyB3aWR0aD0iMSIgaGVpZ2h0PSIxIiB4bWxucz0iaHR0cDovL3d3dy53My5vcmcvMjAwMC9zdmciPjwvc3ZnPg==\" class=\"lazyload\" data-load-mode=\"1\"><\/iframe>\n<\/div><\/figure>\n\n\n\n<p>Almaniyadan g\u0259l\u0259n v\u0259 narkotik ittiham\u0131 il\u0259 h\u0259bs edil\u0259n Anar \u018fliyev 3 g\u00fcnd\u00fcr quru acl\u0131q aksiyas\u0131 edir. H\u0259yat yolda\u015f\u0131 Anar\u0259 \u018fliyeva deyir ki, onlar Anar\u0131n x\u0259st\u0259 atas\u0131n\u0131 ziyar\u0259t etm\u0259k \u00fc\u00e7\u00fcn iyulun 8-d\u0259 Az\u0259rbaycana g\u0259lib. Avqustun 4-d\u0259 d\u0259 oturum icaz\u0259l\u0259ri olan Almaniyaya qay\u0131tmal\u0131yd\u0131lar. Lakin iyulun 25-d\u0259 Anar \u018fliyevi 22-ci Polis B\u00f6lm\u0259sinin \u0259m\u0259kda\u015f\u0131 ad\u0131na saxta s\u0259n\u0259d d\u00fcz\u0259ldilm\u0259si iddias\u0131 il\u0259 b\u00f6lm\u0259y\u0259 apar\u0131b. Sonradan onu narkotik madd\u0259sil\u0259 h\u0259bs edibl\u0259r. Anar\u0259 \u018fliyeva h\u0259yat yolda\u015f\u0131n\u0131n he\u00e7 vaxt narkotik istifad\u0259 etm\u0259diyini vur\u011fulay\u0131r. O, h\u0259yat yolda\u015f\u0131n\u0131n ail\u0259 \u00fczvl\u0259ri il\u0259 h\u0259d\u0259l\u0259ndiyini v\u0259 t\u0259zyiq alt\u0131nda etirafedici ifad\u0259l\u0259r verdiyini bildirir. Anar \u018fliyev\u0259 qar\u015f\u0131 narkotik vasit\u0259l\u0259rin qanunsuz d\u00f6vriyy\u0259si, bir qrup \u015f\u0259xs t\u0259r\u0259find\u0259n v\u0259 ya \u0259vv\u0259lc\u0259d\u0259n \u0259lbir olmaqla t\u00f6r\u0259dildikd\u0259 v\u0259 k\u00fclli miqdarda narkotik vasit\u0259l\u0259rin qanunsuz d\u00f6vriyy\u0259si madd\u0259l\u0259rl\u0259 ittiham ir\u0259li s\u00fcr\u00fcl\u00fcb, bu ittihamlarla onu 5 ild\u0259n 12 il\u0259 q\u0259d\u0259r azadl\u0131qdan m\u0259hrumetm\u0259 c\u0259zas\u0131 g\u00f6zl\u0259yir. Daxili \u0130\u015fl\u0259r Nazirliyinin m\u0259tbuat xidm\u0259tinin \u015f\u00f6b\u0259 r\u0259isi El\u015fad Hac\u0131yev Turan-a bildirib ki, Anar \u018fliyev konkret cinay\u0259t \u0259m\u0259lini t\u00f6r\u0259tm\u0259kd\u0259 \u015f\u00fcbh\u0259li bilin\u0259r\u0259k m\u0259suliyy\u0259t\u0259 c\u0259lb olunub, istintaq davam edir\u201d. Bundan \u00f6nc\u0259 Almaniyadan deportasiya olunan 6 m\u00fchacir b\u0259nz\u0259r ittihamlarla h\u0259bs olunub.<\/p>\n","protected":false},"excerpt":{"rendered":"<p>Almaniyadan g\u0259l\u0259n v\u0259 narkotik ittiham\u0131 il\u0259 h\u0259bs edil\u0259n Anar \u018fliyev &#8230; <\/p>\n<p class=\"read-more-container\"><a title=\"M\u00fchacir Anar \u018fliyev 3 g\u00fcnd\u00fcr quru acl\u0131q edir\" class=\"read-more button\" href=\"https:\/\/www.meydan.tv\/az\/article\/muhacir-anar-eliyev-3-gundur-quru-acliq-edir\/#more-257490\" aria-label=\"Read more about M\u00fchacir Anar \u018fliyev 3 g\u00fcnd\u00fcr quru acl\u0131q edir\">Davam\u0131<\/a><\/p>\n","protected":false},"author":12,"featured_media":257491,"comment_status":"closed","ping_status":"closed","sticky":false,"template":"","format":"standard","meta":{"_acf_changed":false,"_sitemap_exclude":false,"_sitemap_priority":"","_sitemap_frequency":"","footnotes":""},"categories":[62,63,56],"tags":[],"class_list":["post-257490","post","type-post","status-publish","format-standard","has-post-thumbnail","hentry","category-sosial","category-video-2","category-xeberler","infinite-scroll-item","generate-columns","tablet-grid-50","mobile-grid-100","grid-parent","grid-33","no-featured-image-padding"],"acf":[],"yoast_head":"<!-- This site is optimized with the Yoast SEO plugin v27.5 - https:\/\/yoast.com\/product\/yoast-seo-wordpress\/ -->\n<title>M\u00fchacir Anar \u018fliyev 3 g\u00fcnd\u00fcr quru acl\u0131q edir - MEYDAN.TV<\/title>\n<meta name=\"robots\" content=\"index, follow, max-snippet:-1, max-image-preview:large, max-video-preview:-1\" \/>\n<link rel=\"canonical\" href=\"https:\/\/www.meydan.tv\/az\/article\/muhacir-anar-eliyev-3-gundur-quru-acliq-edir\/\" \/>\n<meta property=\"og:locale\" content=\"az_AZ\" \/>\n<meta property=\"og:type\" content=\"article\" \/>\n<meta property=\"og:title\" content=\"M\u00fchacir Anar \u018fliyev 3 g\u00fcnd\u00fcr quru acl\u0131q edir - MEYDAN.TV\" \/>\n<meta property=\"og:description\" content=\"Almaniyadan g\u0259l\u0259n v\u0259 narkotik ittiham\u0131 il\u0259 h\u0259bs edil\u0259n Anar \u018fliyev ... Davam\u0131\" \/>\n<meta property=\"og:url\" content=\"https:\/\/www.meydan.tv\/az\/article\/muhacir-anar-eliyev-3-gundur-quru-acliq-edir\/\" \/>\n<meta property=\"og:site_name\" content=\"MEYDAN.TV\" \/>\n<meta property=\"article:published_time\" content=\"2022-10-05T13:45:37+00:00\" \/>\n<meta property=\"article:modified_time\" content=\"2022-10-05T13:45:39+00:00\" \/>\n<meta property=\"og:image\" content=\"https:\/\/www.meydan.tv\/wp-content\/uploads\/screenshot-2022-10-05-at-14.51.23-1200x622.png\" \/>\n\t<meta property=\"og:image:width\" content=\"1200\" \/>\n\t<meta property=\"og:image:height\" content=\"622\" \/>\n\t<meta property=\"og:image:type\" content=\"image\/png\" \/>\n<meta name=\"author\" content=\"aleks\" \/>\n<meta name=\"twitter:card\" content=\"summary_large_image\" \/>\n<script type=\"application\/ld+json\" class=\"yoast-schema-graph\">{\"@context\":\"https:\\\/\\\/schema.org\",\"@graph\":[{\"@type\":\"Article\",\"@id\":\"https:\\\/\\\/www.meydan.tv\\\/az\\\/article\\\/muhacir-anar-eliyev-3-gundur-quru-acliq-edir\\\/#article\",\"isPartOf\":{\"@id\":\"https:\\\/\\\/www.meydan.tv\\\/az\\\/article\\\/muhacir-anar-eliyev-3-gundur-quru-acliq-edir\\\/\"},\"author\":{\"name\":\"aleks\",\"@id\":\"https:\\\/\\\/www.meydan.tv\\\/az\\\/#\\\/schema\\\/person\\\/476e9360e593fa131d5d71d51866f8da\"},\"headline\":\"M\u00fchacir Anar \u018fliyev 3 g\u00fcnd\u00fcr quru acl\u0131q edir\",\"datePublished\":\"2022-10-05T13:45:37+00:00\",\"dateModified\":\"2022-10-05T13:45:39+00:00\",\"mainEntityOfPage\":{\"@id\":\"https:\\\/\\\/www.meydan.tv\\\/az\\\/article\\\/muhacir-anar-eliyev-3-gundur-quru-acliq-edir\\\/\"},\"wordCount\":282,\"publisher\":{\"@id\":\"https:\\\/\\\/www.meydan.tv\\\/az\\\/#organization\"},\"image\":{\"@id\":\"https:\\\/\\\/www.meydan.tv\\\/az\\\/article\\\/muhacir-anar-eliyev-3-gundur-quru-acliq-edir\\\/#primaryimage\"},\"thumbnailUrl\":\"https:\\\/\\\/www.meydan.tv\\\/wp-content\\\/uploads\\\/screenshot-2022-10-05-at-14.51.23.png\",\"articleSection\":[\"Sosial\",\"Video\",\"X\u0259b\u0259rl\u0259r\"],\"inLanguage\":\"az\"},{\"@type\":\"WebPage\",\"@id\":\"https:\\\/\\\/www.meydan.tv\\\/az\\\/article\\\/muhacir-anar-eliyev-3-gundur-quru-acliq-edir\\\/\",\"url\":\"https:\\\/\\\/www.meydan.tv\\\/az\\\/article\\\/muhacir-anar-eliyev-3-gundur-quru-acliq-edir\\\/\",\"name\":\"M\u00fchacir Anar \u018fliyev 3 g\u00fcnd\u00fcr quru acl\u0131q edir - MEYDAN.TV\",\"isPartOf\":{\"@id\":\"https:\\\/\\\/www.meydan.tv\\\/az\\\/#website\"},\"primaryImageOfPage\":{\"@id\":\"https:\\\/\\\/www.meydan.tv\\\/az\\\/article\\\/muhacir-anar-eliyev-3-gundur-quru-acliq-edir\\\/#primaryimage\"},\"image\":{\"@id\":\"https:\\\/\\\/www.meydan.tv\\\/az\\\/article\\\/muhacir-anar-eliyev-3-gundur-quru-acliq-edir\\\/#primaryimage\"},\"thumbnailUrl\":\"https:\\\/\\\/www.meydan.tv\\\/wp-content\\\/uploads\\\/screenshot-2022-10-05-at-14.51.23.png\",\"datePublished\":\"2022-10-05T13:45:37+00:00\",\"dateModified\":\"2022-10-05T13:45:39+00:00\",\"breadcrumb\":{\"@id\":\"https:\\\/\\\/www.meydan.tv\\\/az\\\/article\\\/muhacir-anar-eliyev-3-gundur-quru-acliq-edir\\\/#breadcrumb\"},\"inLanguage\":\"az\",\"potentialAction\":[{\"@type\":\"ReadAction\",\"target\":[\"https:\\\/\\\/www.meydan.tv\\\/az\\\/article\\\/muhacir-anar-eliyev-3-gundur-quru-acliq-edir\\\/\"]}]},{\"@type\":\"ImageObject\",\"inLanguage\":\"az\",\"@id\":\"https:\\\/\\\/www.meydan.tv\\\/az\\\/article\\\/muhacir-anar-eliyev-3-gundur-quru-acliq-edir\\\/#primaryimage\",\"url\":\"https:\\\/\\\/www.meydan.tv\\\/wp-content\\\/uploads\\\/screenshot-2022-10-05-at-14.51.23.png\",\"contentUrl\":\"https:\\\/\\\/www.meydan.tv\\\/wp-content\\\/uploads\\\/screenshot-2022-10-05-at-14.51.23.png\",\"width\":2584,\"height\":1340},{\"@type\":\"BreadcrumbList\",\"@id\":\"https:\\\/\\\/www.meydan.tv\\\/az\\\/article\\\/muhacir-anar-eliyev-3-gundur-quru-acliq-edir\\\/#breadcrumb\",\"itemListElement\":[{\"@type\":\"ListItem\",\"position\":1,\"name\":\"Ana s\u0259hif\u0259\",\"item\":\"https:\\\/\\\/www.meydan.tv\\\/az\\\/\"},{\"@type\":\"ListItem\",\"position\":2,\"name\":\"Video\",\"item\":\"https:\\\/\\\/www.meydan.tv\\\/az\\\/section\\\/video-2\\\/\"},{\"@type\":\"ListItem\",\"position\":3,\"name\":\"M\u00fchacir Anar \u018fliyev 3 g\u00fcnd\u00fcr quru acl\u0131q edir\"}]},{\"@type\":\"WebSite\",\"@id\":\"https:\\\/\\\/www.meydan.tv\\\/az\\\/#website\",\"url\":\"https:\\\/\\\/www.meydan.tv\\\/az\\\/\",\"name\":\"MEYDAN.TV\",\"description\":\"Meydan TV Az\u0259rbaycan\u0131n media m\u0259kan\u0131ndak\u0131 alternativ s\u0259sidir\",\"publisher\":{\"@id\":\"https:\\\/\\\/www.meydan.tv\\\/az\\\/#organization\"},\"potentialAction\":[{\"@type\":\"SearchAction\",\"target\":{\"@type\":\"EntryPoint\",\"urlTemplate\":\"https:\\\/\\\/www.meydan.tv\\\/az\\\/?s={search_term_string}\"},\"query-input\":{\"@type\":\"PropertyValueSpecification\",\"valueRequired\":true,\"valueName\":\"search_term_string\"}}],\"inLanguage\":\"az\"},{\"@type\":\"Organization\",\"@id\":\"https:\\\/\\\/www.meydan.tv\\\/az\\\/#organization\",\"name\":\"Meydan TV\",\"url\":\"https:\\\/\\\/www.meydan.tv\\\/az\\\/\",\"logo\":{\"@type\":\"ImageObject\",\"inLanguage\":\"az\",\"@id\":\"https:\\\/\\\/www.meydan.tv\\\/az\\\/#\\\/schema\\\/logo\\\/image\\\/\",\"url\":\"https:\\\/\\\/www.meydan.tv\\\/wp-content\\\/uploads\\\/2021\\\/07\\\/meydan-logo.svg\",\"contentUrl\":\"https:\\\/\\\/www.meydan.tv\\\/wp-content\\\/uploads\\\/2021\\\/07\\\/meydan-logo.svg\",\"width\":195,\"height\":46,\"caption\":\"Meydan TV\"},\"image\":{\"@id\":\"https:\\\/\\\/www.meydan.tv\\\/az\\\/#\\\/schema\\\/logo\\\/image\\\/\"}},{\"@type\":\"Person\",\"@id\":\"https:\\\/\\\/www.meydan.tv\\\/az\\\/#\\\/schema\\\/person\\\/476e9360e593fa131d5d71d51866f8da\",\"name\":\"aleks\"}]}<\/script>\n<!-- \/ Yoast SEO plugin. -->","yoast_head_json":{"title":"M\u00fchacir Anar \u018fliyev 3 g\u00fcnd\u00fcr quru acl\u0131q edir - MEYDAN.TV","robots":{"index":"index","follow":"follow","max-snippet":"max-snippet:-1","max-image-preview":"max-image-preview:large","max-video-preview":"max-video-preview:-1"},"canonical":"https:\/\/www.meydan.tv\/az\/article\/muhacir-anar-eliyev-3-gundur-quru-acliq-edir\/","og_locale":"az_AZ","og_type":"article","og_title":"M\u00fchacir Anar \u018fliyev 3 g\u00fcnd\u00fcr quru acl\u0131q edir - MEYDAN.TV","og_description":"Almaniyadan g\u0259l\u0259n v\u0259 narkotik ittiham\u0131 il\u0259 h\u0259bs edil\u0259n Anar \u018fliyev ... Davam\u0131","og_url":"https:\/\/www.meydan.tv\/az\/article\/muhacir-anar-eliyev-3-gundur-quru-acliq-edir\/","og_site_name":"MEYDAN.TV","article_published_time":"2022-10-05T13:45:37+00:00","article_modified_time":"2022-10-05T13:45:39+00:00","og_image":[{"width":1200,"height":622,"url":"https:\/\/www.meydan.tv\/wp-content\/uploads\/screenshot-2022-10-05-at-14.51.23-1200x622.png","type":"image\/png"}],"author":"aleks","twitter_card":"summary_large_image","schema":{"@context":"https:\/\/schema.org","@graph":[{"@type":"Article","@id":"https:\/\/www.meydan.tv\/az\/article\/muhacir-anar-eliyev-3-gundur-quru-acliq-edir\/#article","isPartOf":{"@id":"https:\/\/www.meydan.tv\/az\/article\/muhacir-anar-eliyev-3-gundur-quru-acliq-edir\/"},"author":{"name":"aleks","@id":"https:\/\/www.meydan.tv\/az\/#\/schema\/person\/476e9360e593fa131d5d71d51866f8da"},"headline":"M\u00fchacir Anar \u018fliyev 3 g\u00fcnd\u00fcr quru acl\u0131q edir","datePublished":"2022-10-05T13:45:37+00:00","dateModified":"2022-10-05T13:45:39+00:00","mainEntityOfPage":{"@id":"https:\/\/www.meydan.tv\/az\/article\/muhacir-anar-eliyev-3-gundur-quru-acliq-edir\/"},"wordCount":282,"publisher":{"@id":"https:\/\/www.meydan.tv\/az\/#organization"},"image":{"@id":"https:\/\/www.meydan.tv\/az\/article\/muhacir-anar-eliyev-3-gundur-quru-acliq-edir\/#primaryimage"},"thumbnailUrl":"https:\/\/www.meydan.tv\/wp-content\/uploads\/screenshot-2022-10-05-at-14.51.23.png","articleSection":["Sosial","Video","X\u0259b\u0259rl\u0259r"],"inLanguage":"az"},{"@type":"WebPage","@id":"https:\/\/www.meydan.tv\/az\/article\/muhacir-anar-eliyev-3-gundur-quru-acliq-edir\/","url":"https:\/\/www.meydan.tv\/az\/article\/muhacir-anar-eliyev-3-gundur-quru-acliq-edir\/","name":"M\u00fchacir Anar \u018fliyev 3 g\u00fcnd\u00fcr quru acl\u0131q edir - MEYDAN.TV","isPartOf":{"@id":"https:\/\/www.meydan.tv\/az\/#website"},"primaryImageOfPage":{"@id":"https:\/\/www.meydan.tv\/az\/article\/muhacir-anar-eliyev-3-gundur-quru-acliq-edir\/#primaryimage"},"image":{"@id":"https:\/\/www.meydan.tv\/az\/article\/muhacir-anar-eliyev-3-gundur-quru-acliq-edir\/#primaryimage"},"thumbnailUrl":"https:\/\/www.meydan.tv\/wp-content\/uploads\/screenshot-2022-10-05-at-14.51.23.png","datePublished":"2022-10-05T13:45:37+00:00","dateModified":"2022-10-05T13:45:39+00:00","breadcrumb":{"@id":"https:\/\/www.meydan.tv\/az\/article\/muhacir-anar-eliyev-3-gundur-quru-acliq-edir\/#breadcrumb"},"inLanguage":"az","potentialAction":[{"@type":"ReadAction","target":["https:\/\/www.meydan.tv\/az\/article\/muhacir-anar-eliyev-3-gundur-quru-acliq-edir\/"]}]},{"@type":"ImageObject","inLanguage":"az","@id":"https:\/\/www.meydan.tv\/az\/article\/muhacir-anar-eliyev-3-gundur-quru-acliq-edir\/#primaryimage","url":"https:\/\/www.meydan.tv\/wp-content\/uploads\/screenshot-2022-10-05-at-14.51.23.png","contentUrl":"https:\/\/www.meydan.tv\/wp-content\/uploads\/screenshot-2022-10-05-at-14.51.23.png","width":2584,"height":1340},{"@type":"BreadcrumbList","@id":"https:\/\/www.meydan.tv\/az\/article\/muhacir-anar-eliyev-3-gundur-quru-acliq-edir\/#breadcrumb","itemListElement":[{"@type":"ListItem","position":1,"name":"Ana s\u0259hif\u0259","item":"https:\/\/www.meydan.tv\/az\/"},{"@type":"ListItem","position":2,"name":"Video","item":"https:\/\/www.meydan.tv\/az\/section\/video-2\/"},{"@type":"ListItem","position":3,"name":"M\u00fchacir Anar \u018fliyev 3 g\u00fcnd\u00fcr quru acl\u0131q edir"}]},{"@type":"WebSite","@id":"https:\/\/www.meydan.tv\/az\/#website","url":"https:\/\/www.meydan.tv\/az\/","name":"MEYDAN.TV","description":"Meydan TV Az\u0259rbaycan\u0131n media m\u0259kan\u0131ndak\u0131 alternativ s\u0259sidir","publisher":{"@id":"https:\/\/www.meydan.tv\/az\/#organization"},"potentialAction":[{"@type":"SearchAction","target":{"@type":"EntryPoint","urlTemplate":"https:\/\/www.meydan.tv\/az\/?s={search_term_string}"},"query-input":{"@type":"PropertyValueSpecification","valueRequired":true,"valueName":"search_term_string"}}],"inLanguage":"az"},{"@type":"Organization","@id":"https:\/\/www.meydan.tv\/az\/#organization","name":"Meydan TV","url":"https:\/\/www.meydan.tv\/az\/","logo":{"@type":"ImageObject","inLanguage":"az","@id":"https:\/\/www.meydan.tv\/az\/#\/schema\/logo\/image\/","url":"https:\/\/www.meydan.tv\/wp-content\/uploads\/2021\/07\/meydan-logo.svg","contentUrl":"https:\/\/www.meydan.tv\/wp-content\/uploads\/2021\/07\/meydan-logo.svg","width":195,"height":46,"caption":"Meydan TV"},"image":{"@id":"https:\/\/www.meydan.tv\/az\/#\/schema\/logo\/image\/"}},{"@type":"Person","@id":"https:\/\/www.meydan.tv\/az\/#\/schema\/person\/476e9360e593fa131d5d71d51866f8da","name":"aleks"}]}},"_links":{"self":[{"href":"https:\/\/www.meydan.tv\/az\/wp-json\/wp\/v2\/posts\/257490","targetHints":{"allow":["GET"]}}],"collection":[{"href":"https:\/\/www.meydan.tv\/az\/wp-json\/wp\/v2\/posts"}],"about":[{"href":"https:\/\/www.meydan.tv\/az\/wp-json\/wp\/v2\/types\/post"}],"author":[{"embeddable":true,"href":"https:\/\/www.meydan.tv\/az\/wp-json\/wp\/v2\/users\/12"}],"replies":[{"embeddable":true,"href":"https:\/\/www.meydan.tv\/az\/wp-json\/wp\/v2\/comments?post=257490"}],"version-history":[{"count":1,"href":"https:\/\/www.meydan.tv\/az\/wp-json\/wp\/v2\/posts\/257490\/revisions"}],"predecessor-version":[{"id":257494,"href":"https:\/\/www.meydan.tv\/az\/wp-json\/wp\/v2\/posts\/257490\/revisions\/257494"}],"wp:featuredmedia":[{"embeddable":true,"href":"https:\/\/www.meydan.tv\/az\/wp-json\/wp\/v2\/media\/257491"}],"wp:attachment":[{"href":"https:\/\/www.meydan.tv\/az\/wp-json\/wp\/v2\/media?parent=257490"}],"wp:term":[{"taxonomy":"category","embeddable":true,"href":"https:\/\/www.meydan.tv\/az\/wp-json\/wp\/v2\/categories?post=257490"},{"taxonomy":"post_tag","embeddable":true,"href":"https:\/\/www.meydan.tv\/az\/wp-json\/wp\/v2\/tags?post=257490"}],"curies":[{"name":"wp","href":"https:\/\/api.w.org\/{rel}","templated":true}]}}