{"id":257383,"date":"2022-10-04T16:21:06","date_gmt":"2022-10-04T12:21:06","guid":{"rendered":"https:\/\/www.meydan.tv\/?p=257383"},"modified":"2022-10-04T16:22:23","modified_gmt":"2022-10-04T12:22:23","slug":"lenkeranin-icra-hakimiyyetinde-emeliyyat-kecirilib-saxlanilanlar-var","status":"publish","type":"post","link":"https:\/\/www.meydan.tv\/az\/article\/lenkeranin-icra-hakimiyyetinde-emeliyyat-kecirilib-saxlanilanlar-var\/","title":{"rendered":"L\u0259nk\u0259ran\u0131n icra hakimiyy\u0259tind\u0259 \u0259m\u0259liyyat ke\u00e7irilib, saxlan\u0131lanlar var"},"content":{"rendered":"\n<p><\/p>\n\n\n\n<p><em>Prokurorluq r\u0259ami m\u0259lumat veril\u0259c\u0259yini deyir<\/em><\/p>\n\n\n\n<p>Ba\u015f prokuror yan\u0131nda Korrupsiyaya qar\u015f\u0131 M\u00fcbariz\u0259 Ba\u015f \u0130dar\u0259sinin \u0259m\u0259kda\u015flar\u0131 L\u0259nk\u0259ran \u015e\u0259h\u0259r \u0130cra Hakimiyy\u0259tind\u0259 \u0259m\u0259liyyat ke\u00e7irib. \u018fm\u0259liyyat n\u0259tic\u0259sind\u0259 bir ne\u00e7\u0259 v\u0259zif\u0259li \u015f\u0259xs saxlan\u0131ld\u0131\u011f\u0131 bildirilir.<\/p>\n\n\n\n<p>Meydan TV-nin \u0259ld\u0259 etdiyi m\u0259lumata g\u00f6r\u0259, L\u0259nk\u0259ran rayonunun Ba\u015f memar\u0131 Elg\u00fcn Abdullayev saxlan\u0131l\u0131b.<\/p>\n\n\n\n<p>Ba\u015f Prokurorlu\u011fun M\u0259tbuat Xidm\u0259ti d\u0259 x\u0259b\u0259ri t\u0259sdiql\u0259yib.<\/p>\n\n\n\n<p>\u201c\u018fm\u0259liyyatla ba\u011fl\u0131 r\u0259smi m\u0259lumat veril\u0259c\u0259k\u201d, &#8211; prokurorlu\u011fun yayd\u0131\u011f\u0131 q\u0131sa m\u0259lumatda bildirilib.<\/p>\n\n\n\n<figure class=\"wp-block-image size-full\"><img decoding=\"async\" width=\"1000\" height=\"656\" data-src=\"https:\/\/www.meydan.tv\/wp-content\/uploads\/1612772145436814513_1000x669.jpg\" alt=\"Ba\u015f Prokurorluq\" class=\"wp-image-155994 lazyload\" src=\"data:image\/svg+xml;base64,PHN2ZyB3aWR0aD0iMSIgaGVpZ2h0PSIxIiB4bWxucz0iaHR0cDovL3d3dy53My5vcmcvMjAwMC9zdmciPjwvc3ZnPg==\" style=\"--smush-placeholder-width: 1000px; --smush-placeholder-aspect-ratio: 1000\/656;\" \/><figcaption>Foto: Az\u0259rtac<\/figcaption><\/figure>\n\n\n\n<p>Bu ilin iyulunda L\u0259nk\u0259ran Rayon \u0130cra Hakimiyy\u0259til\u0259 ba\u011fl\u0131 ba\u015fqa bir qalmaqal ya\u015fanm\u0131\u015fd\u0131. \u0130cra ba\u015f\u00e7\u0131s\u0131n\u0131n sabiq m\u00fcavini Rasil\u0259 Arifq\u0131z\u0131 (\u018fliyeva) q\u0131z\u0131 il\u0259 eyni sinifd\u0259 oxuyan 8-ci sinif \u015fagirdini evin\u0259 g\u0259tirdib, onu d\u00f6ym\u0259kd\u0259 ittiham edil\u0259r\u0259k, bar\u0259sind\u0259 cinay\u0259t i\u015fi ba\u015flanm\u0131\u015fd\u0131. Haz\u0131rda sabiq icra ba\u015f\u00e7\u0131s\u0131n\u0131n m\u0259hk\u0259m\u0259si gedir. Onun i\u015fin\u0259 L\u0259nk\u0259ran Rayon M\u0259hk\u0259m\u0259sind\u0259 bax\u0131l\u0131r.<\/p>\n\n\n\n<p>M\u0259kt\u0259bliy\u0259 qar\u015f\u0131 zorak\u0131l\u0131qla ittiham olunan Rasil\u0259 Arifq\u0131z\u0131 cinay\u0259t m\u0259suliyy\u0259tin\u0259 c\u0259lb olunsa da, h\u0259bsd\u0259 deyil.<\/p>\n\n\n\n<p>Rasil\u0259 Arifq\u0131z\u0131 Cinay\u0259t M\u0259c\u0259ll\u0259sinin 309.1-ci (v\u0259zif\u0259 s\u0259lahiyy\u0259tl\u0259rini a\u015fma) madd\u0259si il\u0259 ittiham olunur.<\/p>\n","protected":false},"excerpt":{"rendered":"<p>Prokurorluq r\u0259ami m\u0259lumat veril\u0259c\u0259yini deyir Ba\u015f prokuror yan\u0131nda Korrupsiyaya qar\u015f\u0131 &#8230; <\/p>\n<p class=\"read-more-container\"><a title=\"L\u0259nk\u0259ran\u0131n icra hakimiyy\u0259tind\u0259 \u0259m\u0259liyyat ke\u00e7irilib, saxlan\u0131lanlar var\" class=\"read-more button\" href=\"https:\/\/www.meydan.tv\/az\/article\/lenkeranin-icra-hakimiyyetinde-emeliyyat-kecirilib-saxlanilanlar-var\/#more-257383\" aria-label=\"Read more about L\u0259nk\u0259ran\u0131n icra hakimiyy\u0259tind\u0259 \u0259m\u0259liyyat ke\u00e7irilib, saxlan\u0131lanlar var\">Davam\u0131<\/a><\/p>\n","protected":false},"author":8,"featured_media":210394,"comment_status":"closed","ping_status":"closed","sticky":false,"template":"","format":"standard","meta":{"_acf_changed":false,"_sitemap_exclude":false,"_sitemap_priority":"","_sitemap_frequency":"","footnotes":""},"categories":[60,79,56],"tags":[],"class_list":["post-257383","post","type-post","status-publish","format-standard","has-post-thumbnail","hentry","category-bolge","category-featured","category-xeberler","infinite-scroll-item","generate-columns","tablet-grid-50","mobile-grid-100","grid-parent","grid-33","no-featured-image-padding"],"acf":[],"yoast_head":"<!-- This site is optimized with the Yoast SEO plugin v27.5 - https:\/\/yoast.com\/product\/yoast-seo-wordpress\/ -->\n<title>L\u0259nk\u0259ran\u0131n icra hakimiyy\u0259tind\u0259 \u0259m\u0259liyyat ke\u00e7irilib, saxlan\u0131lanlar var - MEYDAN.TV<\/title>\n<meta name=\"robots\" content=\"index, follow, max-snippet:-1, max-image-preview:large, max-video-preview:-1\" \/>\n<link rel=\"canonical\" href=\"https:\/\/www.meydan.tv\/az\/article\/lenkeranin-icra-hakimiyyetinde-emeliyyat-kecirilib-saxlanilanlar-var\/\" \/>\n<meta property=\"og:locale\" content=\"az_AZ\" \/>\n<meta property=\"og:type\" content=\"article\" \/>\n<meta property=\"og:title\" content=\"L\u0259nk\u0259ran\u0131n icra hakimiyy\u0259tind\u0259 \u0259m\u0259liyyat ke\u00e7irilib, saxlan\u0131lanlar var - MEYDAN.TV\" \/>\n<meta property=\"og:description\" content=\"Prokurorluq r\u0259ami m\u0259lumat veril\u0259c\u0259yini deyir Ba\u015f prokuror yan\u0131nda Korrupsiyaya qar\u015f\u0131 ... Davam\u0131\" \/>\n<meta property=\"og:url\" content=\"https:\/\/www.meydan.tv\/az\/article\/lenkeranin-icra-hakimiyyetinde-emeliyyat-kecirilib-saxlanilanlar-var\/\" \/>\n<meta property=\"og:site_name\" content=\"MEYDAN.TV\" \/>\n<meta property=\"article:published_time\" content=\"2022-10-04T12:21:06+00:00\" \/>\n<meta property=\"article:modified_time\" content=\"2022-10-04T12:22:23+00:00\" \/>\n<meta property=\"og:image\" content=\"https:\/\/www.meydan.tv\/wp-content\/uploads\/img_6032_chkzuec-scaled.jpg\" \/>\n\t<meta property=\"og:image:width\" content=\"2560\" \/>\n\t<meta property=\"og:image:height\" content=\"1440\" \/>\n\t<meta property=\"og:image:type\" content=\"image\/jpeg\" \/>\n<meta name=\"author\" content=\"elli\" \/>\n<meta name=\"twitter:card\" content=\"summary_large_image\" \/>\n<meta name=\"twitter:creator\" content=\"@elli\" \/>\n<script type=\"application\/ld+json\" class=\"yoast-schema-graph\">{\"@context\":\"https:\\\/\\\/schema.org\",\"@graph\":[{\"@type\":\"Article\",\"@id\":\"https:\\\/\\\/www.meydan.tv\\\/az\\\/article\\\/lenkeranin-icra-hakimiyyetinde-emeliyyat-kecirilib-saxlanilanlar-var\\\/#article\",\"isPartOf\":{\"@id\":\"https:\\\/\\\/www.meydan.tv\\\/az\\\/article\\\/lenkeranin-icra-hakimiyyetinde-emeliyyat-kecirilib-saxlanilanlar-var\\\/\"},\"author\":{\"name\":\"elli\",\"@id\":\"https:\\\/\\\/www.meydan.tv\\\/az\\\/#\\\/schema\\\/person\\\/9cdbecf90d17180ce1dfbd95b08dcf47\"},\"headline\":\"L\u0259nk\u0259ran\u0131n icra hakimiyy\u0259tind\u0259 \u0259m\u0259liyyat ke\u00e7irilib, saxlan\u0131lanlar var\",\"datePublished\":\"2022-10-04T12:21:06+00:00\",\"dateModified\":\"2022-10-04T12:22:23+00:00\",\"mainEntityOfPage\":{\"@id\":\"https:\\\/\\\/www.meydan.tv\\\/az\\\/article\\\/lenkeranin-icra-hakimiyyetinde-emeliyyat-kecirilib-saxlanilanlar-var\\\/\"},\"wordCount\":254,\"publisher\":{\"@id\":\"https:\\\/\\\/www.meydan.tv\\\/az\\\/#organization\"},\"image\":{\"@id\":\"https:\\\/\\\/www.meydan.tv\\\/az\\\/article\\\/lenkeranin-icra-hakimiyyetinde-emeliyyat-kecirilib-saxlanilanlar-var\\\/#primaryimage\"},\"thumbnailUrl\":\"https:\\\/\\\/www.meydan.tv\\\/wp-content\\\/uploads\\\/img_6032_chkzuec-scaled.jpg\",\"articleSection\":[\"B\u00f6lg\u0259\",\"T\u00f6vsiy\u0259\",\"X\u0259b\u0259rl\u0259r\"],\"inLanguage\":\"az\"},{\"@type\":\"WebPage\",\"@id\":\"https:\\\/\\\/www.meydan.tv\\\/az\\\/article\\\/lenkeranin-icra-hakimiyyetinde-emeliyyat-kecirilib-saxlanilanlar-var\\\/\",\"url\":\"https:\\\/\\\/www.meydan.tv\\\/az\\\/article\\\/lenkeranin-icra-hakimiyyetinde-emeliyyat-kecirilib-saxlanilanlar-var\\\/\",\"name\":\"L\u0259nk\u0259ran\u0131n icra hakimiyy\u0259tind\u0259 \u0259m\u0259liyyat ke\u00e7irilib, saxlan\u0131lanlar var - MEYDAN.TV\",\"isPartOf\":{\"@id\":\"https:\\\/\\\/www.meydan.tv\\\/az\\\/#website\"},\"primaryImageOfPage\":{\"@id\":\"https:\\\/\\\/www.meydan.tv\\\/az\\\/article\\\/lenkeranin-icra-hakimiyyetinde-emeliyyat-kecirilib-saxlanilanlar-var\\\/#primaryimage\"},\"image\":{\"@id\":\"https:\\\/\\\/www.meydan.tv\\\/az\\\/article\\\/lenkeranin-icra-hakimiyyetinde-emeliyyat-kecirilib-saxlanilanlar-var\\\/#primaryimage\"},\"thumbnailUrl\":\"https:\\\/\\\/www.meydan.tv\\\/wp-content\\\/uploads\\\/img_6032_chkzuec-scaled.jpg\",\"datePublished\":\"2022-10-04T12:21:06+00:00\",\"dateModified\":\"2022-10-04T12:22:23+00:00\",\"breadcrumb\":{\"@id\":\"https:\\\/\\\/www.meydan.tv\\\/az\\\/article\\\/lenkeranin-icra-hakimiyyetinde-emeliyyat-kecirilib-saxlanilanlar-var\\\/#breadcrumb\"},\"inLanguage\":\"az\",\"potentialAction\":[{\"@type\":\"ReadAction\",\"target\":[\"https:\\\/\\\/www.meydan.tv\\\/az\\\/article\\\/lenkeranin-icra-hakimiyyetinde-emeliyyat-kecirilib-saxlanilanlar-var\\\/\"]}]},{\"@type\":\"ImageObject\",\"inLanguage\":\"az\",\"@id\":\"https:\\\/\\\/www.meydan.tv\\\/az\\\/article\\\/lenkeranin-icra-hakimiyyetinde-emeliyyat-kecirilib-saxlanilanlar-var\\\/#primaryimage\",\"url\":\"https:\\\/\\\/www.meydan.tv\\\/wp-content\\\/uploads\\\/img_6032_chkzuec-scaled.jpg\",\"contentUrl\":\"https:\\\/\\\/www.meydan.tv\\\/wp-content\\\/uploads\\\/img_6032_chkzuec-scaled.jpg\",\"width\":2560,\"height\":1440,\"caption\":\"Foto: Meydan.TV\"},{\"@type\":\"BreadcrumbList\",\"@id\":\"https:\\\/\\\/www.meydan.tv\\\/az\\\/article\\\/lenkeranin-icra-hakimiyyetinde-emeliyyat-kecirilib-saxlanilanlar-var\\\/#breadcrumb\",\"itemListElement\":[{\"@type\":\"ListItem\",\"position\":1,\"name\":\"Ana s\u0259hif\u0259\",\"item\":\"https:\\\/\\\/www.meydan.tv\\\/az\\\/\"},{\"@type\":\"ListItem\",\"position\":2,\"name\":\"B\u00f6lg\u0259\",\"item\":\"https:\\\/\\\/www.meydan.tv\\\/az\\\/section\\\/bolge\\\/\"},{\"@type\":\"ListItem\",\"position\":3,\"name\":\"L\u0259nk\u0259ran\u0131n icra hakimiyy\u0259tind\u0259 \u0259m\u0259liyyat ke\u00e7irilib, saxlan\u0131lanlar var\"}]},{\"@type\":\"WebSite\",\"@id\":\"https:\\\/\\\/www.meydan.tv\\\/az\\\/#website\",\"url\":\"https:\\\/\\\/www.meydan.tv\\\/az\\\/\",\"name\":\"MEYDAN.TV\",\"description\":\"Meydan TV Az\u0259rbaycan\u0131n media m\u0259kan\u0131ndak\u0131 alternativ s\u0259sidir\",\"publisher\":{\"@id\":\"https:\\\/\\\/www.meydan.tv\\\/az\\\/#organization\"},\"potentialAction\":[{\"@type\":\"SearchAction\",\"target\":{\"@type\":\"EntryPoint\",\"urlTemplate\":\"https:\\\/\\\/www.meydan.tv\\\/az\\\/?s={search_term_string}\"},\"query-input\":{\"@type\":\"PropertyValueSpecification\",\"valueRequired\":true,\"valueName\":\"search_term_string\"}}],\"inLanguage\":\"az\"},{\"@type\":\"Organization\",\"@id\":\"https:\\\/\\\/www.meydan.tv\\\/az\\\/#organization\",\"name\":\"Meydan TV\",\"url\":\"https:\\\/\\\/www.meydan.tv\\\/az\\\/\",\"logo\":{\"@type\":\"ImageObject\",\"inLanguage\":\"az\",\"@id\":\"https:\\\/\\\/www.meydan.tv\\\/az\\\/#\\\/schema\\\/logo\\\/image\\\/\",\"url\":\"https:\\\/\\\/www.meydan.tv\\\/wp-content\\\/uploads\\\/2021\\\/07\\\/meydan-logo.svg\",\"contentUrl\":\"https:\\\/\\\/www.meydan.tv\\\/wp-content\\\/uploads\\\/2021\\\/07\\\/meydan-logo.svg\",\"width\":195,\"height\":46,\"caption\":\"Meydan TV\"},\"image\":{\"@id\":\"https:\\\/\\\/www.meydan.tv\\\/az\\\/#\\\/schema\\\/logo\\\/image\\\/\"}},{\"@type\":\"Person\",\"@id\":\"https:\\\/\\\/www.meydan.tv\\\/az\\\/#\\\/schema\\\/person\\\/9cdbecf90d17180ce1dfbd95b08dcf47\",\"name\":\"elli\",\"sameAs\":[\"https:\\\/\\\/x.com\\\/elli\"]}]}<\/script>\n<!-- \/ Yoast SEO plugin. -->","yoast_head_json":{"title":"L\u0259nk\u0259ran\u0131n icra hakimiyy\u0259tind\u0259 \u0259m\u0259liyyat ke\u00e7irilib, saxlan\u0131lanlar var - MEYDAN.TV","robots":{"index":"index","follow":"follow","max-snippet":"max-snippet:-1","max-image-preview":"max-image-preview:large","max-video-preview":"max-video-preview:-1"},"canonical":"https:\/\/www.meydan.tv\/az\/article\/lenkeranin-icra-hakimiyyetinde-emeliyyat-kecirilib-saxlanilanlar-var\/","og_locale":"az_AZ","og_type":"article","og_title":"L\u0259nk\u0259ran\u0131n icra hakimiyy\u0259tind\u0259 \u0259m\u0259liyyat ke\u00e7irilib, saxlan\u0131lanlar var - MEYDAN.TV","og_description":"Prokurorluq r\u0259ami m\u0259lumat veril\u0259c\u0259yini deyir Ba\u015f prokuror yan\u0131nda Korrupsiyaya qar\u015f\u0131 ... Davam\u0131","og_url":"https:\/\/www.meydan.tv\/az\/article\/lenkeranin-icra-hakimiyyetinde-emeliyyat-kecirilib-saxlanilanlar-var\/","og_site_name":"MEYDAN.TV","article_published_time":"2022-10-04T12:21:06+00:00","article_modified_time":"2022-10-04T12:22:23+00:00","og_image":[{"width":2560,"height":1440,"url":"https:\/\/www.meydan.tv\/wp-content\/uploads\/img_6032_chkzuec-scaled.jpg","type":"image\/jpeg"}],"author":"elli","twitter_card":"summary_large_image","twitter_creator":"@elli","schema":{"@context":"https:\/\/schema.org","@graph":[{"@type":"Article","@id":"https:\/\/www.meydan.tv\/az\/article\/lenkeranin-icra-hakimiyyetinde-emeliyyat-kecirilib-saxlanilanlar-var\/#article","isPartOf":{"@id":"https:\/\/www.meydan.tv\/az\/article\/lenkeranin-icra-hakimiyyetinde-emeliyyat-kecirilib-saxlanilanlar-var\/"},"author":{"name":"elli","@id":"https:\/\/www.meydan.tv\/az\/#\/schema\/person\/9cdbecf90d17180ce1dfbd95b08dcf47"},"headline":"L\u0259nk\u0259ran\u0131n icra hakimiyy\u0259tind\u0259 \u0259m\u0259liyyat ke\u00e7irilib, saxlan\u0131lanlar var","datePublished":"2022-10-04T12:21:06+00:00","dateModified":"2022-10-04T12:22:23+00:00","mainEntityOfPage":{"@id":"https:\/\/www.meydan.tv\/az\/article\/lenkeranin-icra-hakimiyyetinde-emeliyyat-kecirilib-saxlanilanlar-var\/"},"wordCount":254,"publisher":{"@id":"https:\/\/www.meydan.tv\/az\/#organization"},"image":{"@id":"https:\/\/www.meydan.tv\/az\/article\/lenkeranin-icra-hakimiyyetinde-emeliyyat-kecirilib-saxlanilanlar-var\/#primaryimage"},"thumbnailUrl":"https:\/\/www.meydan.tv\/wp-content\/uploads\/img_6032_chkzuec-scaled.jpg","articleSection":["B\u00f6lg\u0259","T\u00f6vsiy\u0259","X\u0259b\u0259rl\u0259r"],"inLanguage":"az"},{"@type":"WebPage","@id":"https:\/\/www.meydan.tv\/az\/article\/lenkeranin-icra-hakimiyyetinde-emeliyyat-kecirilib-saxlanilanlar-var\/","url":"https:\/\/www.meydan.tv\/az\/article\/lenkeranin-icra-hakimiyyetinde-emeliyyat-kecirilib-saxlanilanlar-var\/","name":"L\u0259nk\u0259ran\u0131n icra hakimiyy\u0259tind\u0259 \u0259m\u0259liyyat ke\u00e7irilib, saxlan\u0131lanlar var - MEYDAN.TV","isPartOf":{"@id":"https:\/\/www.meydan.tv\/az\/#website"},"primaryImageOfPage":{"@id":"https:\/\/www.meydan.tv\/az\/article\/lenkeranin-icra-hakimiyyetinde-emeliyyat-kecirilib-saxlanilanlar-var\/#primaryimage"},"image":{"@id":"https:\/\/www.meydan.tv\/az\/article\/lenkeranin-icra-hakimiyyetinde-emeliyyat-kecirilib-saxlanilanlar-var\/#primaryimage"},"thumbnailUrl":"https:\/\/www.meydan.tv\/wp-content\/uploads\/img_6032_chkzuec-scaled.jpg","datePublished":"2022-10-04T12:21:06+00:00","dateModified":"2022-10-04T12:22:23+00:00","breadcrumb":{"@id":"https:\/\/www.meydan.tv\/az\/article\/lenkeranin-icra-hakimiyyetinde-emeliyyat-kecirilib-saxlanilanlar-var\/#breadcrumb"},"inLanguage":"az","potentialAction":[{"@type":"ReadAction","target":["https:\/\/www.meydan.tv\/az\/article\/lenkeranin-icra-hakimiyyetinde-emeliyyat-kecirilib-saxlanilanlar-var\/"]}]},{"@type":"ImageObject","inLanguage":"az","@id":"https:\/\/www.meydan.tv\/az\/article\/lenkeranin-icra-hakimiyyetinde-emeliyyat-kecirilib-saxlanilanlar-var\/#primaryimage","url":"https:\/\/www.meydan.tv\/wp-content\/uploads\/img_6032_chkzuec-scaled.jpg","contentUrl":"https:\/\/www.meydan.tv\/wp-content\/uploads\/img_6032_chkzuec-scaled.jpg","width":2560,"height":1440,"caption":"Foto: Meydan.TV"},{"@type":"BreadcrumbList","@id":"https:\/\/www.meydan.tv\/az\/article\/lenkeranin-icra-hakimiyyetinde-emeliyyat-kecirilib-saxlanilanlar-var\/#breadcrumb","itemListElement":[{"@type":"ListItem","position":1,"name":"Ana s\u0259hif\u0259","item":"https:\/\/www.meydan.tv\/az\/"},{"@type":"ListItem","position":2,"name":"B\u00f6lg\u0259","item":"https:\/\/www.meydan.tv\/az\/section\/bolge\/"},{"@type":"ListItem","position":3,"name":"L\u0259nk\u0259ran\u0131n icra hakimiyy\u0259tind\u0259 \u0259m\u0259liyyat ke\u00e7irilib, saxlan\u0131lanlar var"}]},{"@type":"WebSite","@id":"https:\/\/www.meydan.tv\/az\/#website","url":"https:\/\/www.meydan.tv\/az\/","name":"MEYDAN.TV","description":"Meydan TV Az\u0259rbaycan\u0131n media m\u0259kan\u0131ndak\u0131 alternativ s\u0259sidir","publisher":{"@id":"https:\/\/www.meydan.tv\/az\/#organization"},"potentialAction":[{"@type":"SearchAction","target":{"@type":"EntryPoint","urlTemplate":"https:\/\/www.meydan.tv\/az\/?s={search_term_string}"},"query-input":{"@type":"PropertyValueSpecification","valueRequired":true,"valueName":"search_term_string"}}],"inLanguage":"az"},{"@type":"Organization","@id":"https:\/\/www.meydan.tv\/az\/#organization","name":"Meydan TV","url":"https:\/\/www.meydan.tv\/az\/","logo":{"@type":"ImageObject","inLanguage":"az","@id":"https:\/\/www.meydan.tv\/az\/#\/schema\/logo\/image\/","url":"https:\/\/www.meydan.tv\/wp-content\/uploads\/2021\/07\/meydan-logo.svg","contentUrl":"https:\/\/www.meydan.tv\/wp-content\/uploads\/2021\/07\/meydan-logo.svg","width":195,"height":46,"caption":"Meydan TV"},"image":{"@id":"https:\/\/www.meydan.tv\/az\/#\/schema\/logo\/image\/"}},{"@type":"Person","@id":"https:\/\/www.meydan.tv\/az\/#\/schema\/person\/9cdbecf90d17180ce1dfbd95b08dcf47","name":"elli","sameAs":["https:\/\/x.com\/elli"]}]}},"_links":{"self":[{"href":"https:\/\/www.meydan.tv\/az\/wp-json\/wp\/v2\/posts\/257383","targetHints":{"allow":["GET"]}}],"collection":[{"href":"https:\/\/www.meydan.tv\/az\/wp-json\/wp\/v2\/posts"}],"about":[{"href":"https:\/\/www.meydan.tv\/az\/wp-json\/wp\/v2\/types\/post"}],"author":[{"embeddable":true,"href":"https:\/\/www.meydan.tv\/az\/wp-json\/wp\/v2\/users\/8"}],"replies":[{"embeddable":true,"href":"https:\/\/www.meydan.tv\/az\/wp-json\/wp\/v2\/comments?post=257383"}],"version-history":[{"count":2,"href":"https:\/\/www.meydan.tv\/az\/wp-json\/wp\/v2\/posts\/257383\/revisions"}],"predecessor-version":[{"id":257385,"href":"https:\/\/www.meydan.tv\/az\/wp-json\/wp\/v2\/posts\/257383\/revisions\/257385"}],"wp:featuredmedia":[{"embeddable":true,"href":"https:\/\/www.meydan.tv\/az\/wp-json\/wp\/v2\/media\/210394"}],"wp:attachment":[{"href":"https:\/\/www.meydan.tv\/az\/wp-json\/wp\/v2\/media?parent=257383"}],"wp:term":[{"taxonomy":"category","embeddable":true,"href":"https:\/\/www.meydan.tv\/az\/wp-json\/wp\/v2\/categories?post=257383"},{"taxonomy":"post_tag","embeddable":true,"href":"https:\/\/www.meydan.tv\/az\/wp-json\/wp\/v2\/tags?post=257383"}],"curies":[{"name":"wp","href":"https:\/\/api.w.org\/{rel}","templated":true}]}}