{"id":257324,"date":"2022-10-03T22:24:17","date_gmt":"2022-10-03T18:24:17","guid":{"rendered":"https:\/\/www.meydan.tv\/?p=257324"},"modified":"2022-10-03T22:28:54","modified_gmt":"2022-10-03T18:28:54","slug":"azerbaycan-fransadan-tezminat-teleb-edir","status":"publish","type":"post","link":"https:\/\/www.meydan.tv\/az\/article\/azerbaycan-fransadan-tezminat-teleb-edir\/","title":{"rendered":"Az\u0259rbaycan Fransadan t\u0259zminat t\u0259l\u0259b edir"},"content":{"rendered":"\n<p><\/p>\n\n\n\n<p><em>S\u0259fir Zakari Qros Xarici \u0130\u015fl\u0259r Nazirliyin\u0259 d\u0259v\u0259t olunub<\/em><\/p>\n\n\n\n<p>Oktyabr\u0131n 3-d\u0259 Az\u0259rbaycan Fransaya nota verib.<\/p>\n\n\n\n<p>Bununla ba\u011fl\u0131 Fransan\u0131n Az\u0259rbaycandak\u0131 s\u0259firi Zakari Qros Xarici \u0130\u015fl\u0259r Nazirliyin\u0259 d\u0259v\u0259t edilib.<\/p>\n\n\n\n<p>Bu bar\u0259d\u0259 Xarici \u0130\u015fl\u0259r Nazirliyinin M\u0259tbuat Xidm\u0259ti m\u0259lumat <a href=\"https:\/\/www.mfa.gov.az\/az\/news\/no46922\" target=\"_blank\" rel=\"noreferrer noopener\">yay\u0131b.<\/a><\/p>\n\n\n\n<p>M\u0259lumata g\u00f6r\u0259, s\u0259fir Zakari Qrosa son zamanlar Az\u0259rbaycan\u0131n Fransadak\u0131 diplomatik n\u00fcmay\u0259nd\u0259likl\u0259rin\u0259 qar\u015f\u0131 erm\u0259ni qruplar\u0131 t\u0259r\u0259find\u0259n t\u00f6r\u0259dil\u0259n h\u00fccumlar\u0131n say\u0131n\u0131n artd\u0131\u011f\u0131 bildirilib:<\/p>\n\n\n\n<p>&#8220;N\u00f6vb\u0259ti bel\u0259 bir h\u00fccumun oktyabr\u0131n 1-d\u0259 gec\u0259 saatlar\u0131nda ba\u015f verdiyi, bir qrup radikal erm\u0259ni t\u0259r\u0259find\u0259n S\u0259firliyin inzibati binas\u0131na q\u0131rm\u0131z\u0131 r\u0259ngli boya at\u0131ld\u0131\u011f\u0131 v\u0259 binan\u0131n \u00fcz\u0259rin\u0259 Az\u0259rbaycan \u0259leyhin\u0259 t\u0259hqiramiz ifad\u0259l\u0259r yaz\u0131ld\u0131\u011f\u0131 s\u0259fiin diqq\u0259tin\u0259 \u00e7atd\u0131r\u0131l\u0131b&#8221;.<\/p>\n\n\n\n<p>&#8220;Hadis\u0259nin Fransan\u0131n s\u0259lahiyy\u0259tli qurumlar\u0131ndan s\u0259firliyin v\u0259 onun \u0259m\u0259kda\u015flar\u0131n\u0131n m\u00fchafiz\u0259sinin t\u0259min edilm\u0259si il\u0259 ba\u011fl\u0131 d\u0259f\u0259l\u0259rl\u0259 m\u00fcxt\u0259lif s\u0259viyy\u0259l\u0259rd\u0259 t\u0259l\u0259bl\u0259ri fonunda r\u0259smi Paris t\u0259r\u0259find\u0259n laz\u0131mi t\u0259dbirl\u0259rin g\u00f6r\u00fclm\u0259m\u0259si n\u0259tic\u0259sind\u0259 ba\u015f verdiyi qeyd edilib. Bel\u0259 olduqda 1961-ci il tarixli Vyana Konvensiyas\u0131ndan ir\u0259li g\u0259l\u0259n \u00f6hd\u0259likl\u0259rin yerin\u0259 yetirilm\u0259m\u0259si kimi d\u0259y\u0259rl\u0259ndirildiyi bildirilib&#8221;, &#8211; dey\u0259 nazirlik vur\u011fulay\u0131b.<\/p>\n\n\n\n<figure class=\"wp-block-image size-full\"><img decoding=\"async\" width=\"1200\" height=\"800\" data-src=\"https:\/\/www.meydan.tv\/wp-content\/uploads\/shutterstock_1910507656.jpg\" alt=\"\" class=\"wp-image-257328 lazyload\" src=\"data:image\/svg+xml;base64,PHN2ZyB3aWR0aD0iMSIgaGVpZ2h0PSIxIiB4bWxucz0iaHR0cDovL3d3dy53My5vcmcvMjAwMC9zdmciPjwvc3ZnPg==\" style=\"--smush-placeholder-width: 1200px; --smush-placeholder-aspect-ratio: 1200\/800;\" \/><figcaption>Az\u0259rbaycan\u0131n Parisd\u0259ki s\u0259firliyi. M\u0259nb\u0259: Vernerie Yann\/shutterstock<\/figcaption><\/figure>\n\n\n\n<p>Eyni zamanda, s\u0259firliyin inzibati binas\u0131na vurulan ziyan\u0131n aradan qald\u0131r\u0131lmas\u0131 v\u0259 m\u00fcvafiq t\u0259zminat\u0131n \u00f6d\u0259nilm\u0259sinin t\u0259min olunmas\u0131 t\u0259l\u0259b edilib: <\/p>\n\n\n\n<p>&#8220;Bundan \u0259lav\u0259, Fransan\u0131n s\u0259lahiyy\u0259tli qurumlar\u0131ndan Az\u0259rbaycan\u0131n diplomatik n\u00fcmay\u0259nd\u0259likl\u0259rinin v\u0259 M\u0259d\u0259niyy\u0259t M\u0259rk\u0259zinin m\u00fchafiz\u0259sinin laz\u0131mi qaydada t\u0259\u015fkil edilm\u0259si, indiy\u0259 q\u0259d\u0259r t\u00f6r\u0259dilmi\u015f zorak\u0131l\u0131q aktlar\u0131n\u0131n h\u0259rt\u0259r\u0259fli ara\u015fd\u0131r\u0131lmas\u0131 v\u0259 t\u0259qsirkar \u015f\u0259xsl\u0259rin m\u0259suliyy\u0259t\u0259 c\u0259lb edilm\u0259si t\u0259l\u0259b olunub&#8221;.<\/p>\n\n\n\n<p>S\u0259fir Zakari Qros Az\u0259rbaycan s\u0259firliyin\u0259 qar\u015f\u0131 ba\u015f ver\u0259n hadis\u0259nin t\u0259\u0259ss\u00fcf do\u011furdu\u011funu bildirib v\u0259 m\u00fcraci\u0259tin Fransan\u0131n s\u0259lahiyy\u0259tli orqanlar\u0131na \u00e7atd\u0131raca\u011f\u0131n\u0131 qeyd edib.<\/p>\n","protected":false},"excerpt":{"rendered":"<p>S\u0259fir Zakari Qros Xarici \u0130\u015fl\u0259r Nazirliyin\u0259 d\u0259v\u0259t olunub Oktyabr\u0131n 3-d\u0259 &#8230; <\/p>\n<p class=\"read-more-container\"><a title=\"Az\u0259rbaycan Fransadan t\u0259zminat t\u0259l\u0259b edir\" class=\"read-more button\" href=\"https:\/\/www.meydan.tv\/az\/article\/azerbaycan-fransadan-tezminat-teleb-edir\/#more-257324\" aria-label=\"Read more about Az\u0259rbaycan Fransadan t\u0259zminat t\u0259l\u0259b edir\">Davam\u0131<\/a><\/p>\n","protected":false},"author":8,"featured_media":257325,"comment_status":"closed","ping_status":"closed","sticky":false,"template":"","format":"standard","meta":{"_acf_changed":false,"_sitemap_exclude":false,"_sitemap_priority":"","_sitemap_frequency":"","footnotes":""},"categories":[59,79,56],"tags":[],"class_list":["post-257324","post","type-post","status-publish","format-standard","has-post-thumbnail","hentry","category-siyaset","category-featured","category-xeberler","infinite-scroll-item","generate-columns","tablet-grid-50","mobile-grid-100","grid-parent","grid-33","no-featured-image-padding"],"acf":[],"yoast_head":"<!-- This site is optimized with the Yoast SEO plugin v27.4 - https:\/\/yoast.com\/product\/yoast-seo-wordpress\/ -->\n<title>Az\u0259rbaycan Fransadan t\u0259zminat t\u0259l\u0259b edir - MEYDAN.TV<\/title>\n<meta name=\"robots\" content=\"index, follow, max-snippet:-1, max-image-preview:large, max-video-preview:-1\" \/>\n<link rel=\"canonical\" href=\"https:\/\/www.meydan.tv\/az\/article\/azerbaycan-fransadan-tezminat-teleb-edir\/\" \/>\n<meta property=\"og:locale\" content=\"az_AZ\" \/>\n<meta property=\"og:type\" content=\"article\" \/>\n<meta property=\"og:title\" content=\"Az\u0259rbaycan Fransadan t\u0259zminat t\u0259l\u0259b edir - MEYDAN.TV\" \/>\n<meta property=\"og:description\" content=\"S\u0259fir Zakari Qros Xarici \u0130\u015fl\u0259r Nazirliyin\u0259 d\u0259v\u0259t olunub Oktyabr\u0131n 3-d\u0259 ... Davam\u0131\" \/>\n<meta property=\"og:url\" content=\"https:\/\/www.meydan.tv\/az\/article\/azerbaycan-fransadan-tezminat-teleb-edir\/\" \/>\n<meta property=\"og:site_name\" content=\"MEYDAN.TV\" \/>\n<meta property=\"article:published_time\" content=\"2022-10-03T18:24:17+00:00\" \/>\n<meta property=\"article:modified_time\" content=\"2022-10-03T18:28:54+00:00\" \/>\n<meta property=\"og:image\" content=\"https:\/\/www.meydan.tv\/wp-content\/uploads\/shutterstock_2163748911.jpg\" \/>\n\t<meta property=\"og:image:width\" content=\"1200\" \/>\n\t<meta property=\"og:image:height\" content=\"600\" \/>\n\t<meta property=\"og:image:type\" content=\"image\/jpeg\" \/>\n<meta name=\"author\" content=\"elli\" \/>\n<meta name=\"twitter:card\" content=\"summary_large_image\" \/>\n<meta name=\"twitter:creator\" content=\"@elli\" \/>\n<script type=\"application\/ld+json\" class=\"yoast-schema-graph\">{\"@context\":\"https:\\\/\\\/schema.org\",\"@graph\":[{\"@type\":\"Article\",\"@id\":\"https:\\\/\\\/www.meydan.tv\\\/az\\\/article\\\/azerbaycan-fransadan-tezminat-teleb-edir\\\/#article\",\"isPartOf\":{\"@id\":\"https:\\\/\\\/www.meydan.tv\\\/az\\\/article\\\/azerbaycan-fransadan-tezminat-teleb-edir\\\/\"},\"author\":{\"name\":\"elli\",\"@id\":\"https:\\\/\\\/www.meydan.tv\\\/az\\\/#\\\/schema\\\/person\\\/9cdbecf90d17180ce1dfbd95b08dcf47\"},\"headline\":\"Az\u0259rbaycan Fransadan t\u0259zminat t\u0259l\u0259b edir\",\"datePublished\":\"2022-10-03T18:24:17+00:00\",\"dateModified\":\"2022-10-03T18:28:54+00:00\",\"mainEntityOfPage\":{\"@id\":\"https:\\\/\\\/www.meydan.tv\\\/az\\\/article\\\/azerbaycan-fransadan-tezminat-teleb-edir\\\/\"},\"wordCount\":415,\"publisher\":{\"@id\":\"https:\\\/\\\/www.meydan.tv\\\/az\\\/#organization\"},\"image\":{\"@id\":\"https:\\\/\\\/www.meydan.tv\\\/az\\\/article\\\/azerbaycan-fransadan-tezminat-teleb-edir\\\/#primaryimage\"},\"thumbnailUrl\":\"https:\\\/\\\/www.meydan.tv\\\/wp-content\\\/uploads\\\/shutterstock_2163748911.jpg\",\"articleSection\":[\"Siyas\u0259t\",\"T\u00f6vsiy\u0259\",\"X\u0259b\u0259rl\u0259r\"],\"inLanguage\":\"az\"},{\"@type\":\"WebPage\",\"@id\":\"https:\\\/\\\/www.meydan.tv\\\/az\\\/article\\\/azerbaycan-fransadan-tezminat-teleb-edir\\\/\",\"url\":\"https:\\\/\\\/www.meydan.tv\\\/az\\\/article\\\/azerbaycan-fransadan-tezminat-teleb-edir\\\/\",\"name\":\"Az\u0259rbaycan Fransadan t\u0259zminat t\u0259l\u0259b edir - MEYDAN.TV\",\"isPartOf\":{\"@id\":\"https:\\\/\\\/www.meydan.tv\\\/az\\\/#website\"},\"primaryImageOfPage\":{\"@id\":\"https:\\\/\\\/www.meydan.tv\\\/az\\\/article\\\/azerbaycan-fransadan-tezminat-teleb-edir\\\/#primaryimage\"},\"image\":{\"@id\":\"https:\\\/\\\/www.meydan.tv\\\/az\\\/article\\\/azerbaycan-fransadan-tezminat-teleb-edir\\\/#primaryimage\"},\"thumbnailUrl\":\"https:\\\/\\\/www.meydan.tv\\\/wp-content\\\/uploads\\\/shutterstock_2163748911.jpg\",\"datePublished\":\"2022-10-03T18:24:17+00:00\",\"dateModified\":\"2022-10-03T18:28:54+00:00\",\"breadcrumb\":{\"@id\":\"https:\\\/\\\/www.meydan.tv\\\/az\\\/article\\\/azerbaycan-fransadan-tezminat-teleb-edir\\\/#breadcrumb\"},\"inLanguage\":\"az\",\"potentialAction\":[{\"@type\":\"ReadAction\",\"target\":[\"https:\\\/\\\/www.meydan.tv\\\/az\\\/article\\\/azerbaycan-fransadan-tezminat-teleb-edir\\\/\"]}]},{\"@type\":\"ImageObject\",\"inLanguage\":\"az\",\"@id\":\"https:\\\/\\\/www.meydan.tv\\\/az\\\/article\\\/azerbaycan-fransadan-tezminat-teleb-edir\\\/#primaryimage\",\"url\":\"https:\\\/\\\/www.meydan.tv\\\/wp-content\\\/uploads\\\/shutterstock_2163748911.jpg\",\"contentUrl\":\"https:\\\/\\\/www.meydan.tv\\\/wp-content\\\/uploads\\\/shutterstock_2163748911.jpg\",\"width\":1200,\"height\":600,\"caption\":\"Az\u0259rbaycan-Fransa. M\u0259nb\u0259: MMES Studio\\\/shutterstock\"},{\"@type\":\"BreadcrumbList\",\"@id\":\"https:\\\/\\\/www.meydan.tv\\\/az\\\/article\\\/azerbaycan-fransadan-tezminat-teleb-edir\\\/#breadcrumb\",\"itemListElement\":[{\"@type\":\"ListItem\",\"position\":1,\"name\":\"Ana s\u0259hif\u0259\",\"item\":\"https:\\\/\\\/www.meydan.tv\\\/az\\\/\"},{\"@type\":\"ListItem\",\"position\":2,\"name\":\"Siyas\u0259t\",\"item\":\"https:\\\/\\\/www.meydan.tv\\\/az\\\/section\\\/siyaset\\\/\"},{\"@type\":\"ListItem\",\"position\":3,\"name\":\"Az\u0259rbaycan Fransadan t\u0259zminat t\u0259l\u0259b edir\"}]},{\"@type\":\"WebSite\",\"@id\":\"https:\\\/\\\/www.meydan.tv\\\/az\\\/#website\",\"url\":\"https:\\\/\\\/www.meydan.tv\\\/az\\\/\",\"name\":\"MEYDAN.TV\",\"description\":\"Meydan TV Az\u0259rbaycan\u0131n media m\u0259kan\u0131ndak\u0131 alternativ s\u0259sidir\",\"publisher\":{\"@id\":\"https:\\\/\\\/www.meydan.tv\\\/az\\\/#organization\"},\"potentialAction\":[{\"@type\":\"SearchAction\",\"target\":{\"@type\":\"EntryPoint\",\"urlTemplate\":\"https:\\\/\\\/www.meydan.tv\\\/az\\\/?s={search_term_string}\"},\"query-input\":{\"@type\":\"PropertyValueSpecification\",\"valueRequired\":true,\"valueName\":\"search_term_string\"}}],\"inLanguage\":\"az\"},{\"@type\":\"Organization\",\"@id\":\"https:\\\/\\\/www.meydan.tv\\\/az\\\/#organization\",\"name\":\"Meydan TV\",\"url\":\"https:\\\/\\\/www.meydan.tv\\\/az\\\/\",\"logo\":{\"@type\":\"ImageObject\",\"inLanguage\":\"az\",\"@id\":\"https:\\\/\\\/www.meydan.tv\\\/az\\\/#\\\/schema\\\/logo\\\/image\\\/\",\"url\":\"https:\\\/\\\/www.meydan.tv\\\/wp-content\\\/uploads\\\/2021\\\/07\\\/meydan-logo.svg\",\"contentUrl\":\"https:\\\/\\\/www.meydan.tv\\\/wp-content\\\/uploads\\\/2021\\\/07\\\/meydan-logo.svg\",\"width\":195,\"height\":46,\"caption\":\"Meydan TV\"},\"image\":{\"@id\":\"https:\\\/\\\/www.meydan.tv\\\/az\\\/#\\\/schema\\\/logo\\\/image\\\/\"}},{\"@type\":\"Person\",\"@id\":\"https:\\\/\\\/www.meydan.tv\\\/az\\\/#\\\/schema\\\/person\\\/9cdbecf90d17180ce1dfbd95b08dcf47\",\"name\":\"elli\",\"sameAs\":[\"https:\\\/\\\/x.com\\\/elli\"]}]}<\/script>\n<!-- \/ Yoast SEO plugin. -->","yoast_head_json":{"title":"Az\u0259rbaycan Fransadan t\u0259zminat t\u0259l\u0259b edir - MEYDAN.TV","robots":{"index":"index","follow":"follow","max-snippet":"max-snippet:-1","max-image-preview":"max-image-preview:large","max-video-preview":"max-video-preview:-1"},"canonical":"https:\/\/www.meydan.tv\/az\/article\/azerbaycan-fransadan-tezminat-teleb-edir\/","og_locale":"az_AZ","og_type":"article","og_title":"Az\u0259rbaycan Fransadan t\u0259zminat t\u0259l\u0259b edir - MEYDAN.TV","og_description":"S\u0259fir Zakari Qros Xarici \u0130\u015fl\u0259r Nazirliyin\u0259 d\u0259v\u0259t olunub Oktyabr\u0131n 3-d\u0259 ... Davam\u0131","og_url":"https:\/\/www.meydan.tv\/az\/article\/azerbaycan-fransadan-tezminat-teleb-edir\/","og_site_name":"MEYDAN.TV","article_published_time":"2022-10-03T18:24:17+00:00","article_modified_time":"2022-10-03T18:28:54+00:00","og_image":[{"width":1200,"height":600,"url":"https:\/\/www.meydan.tv\/wp-content\/uploads\/shutterstock_2163748911.jpg","type":"image\/jpeg"}],"author":"elli","twitter_card":"summary_large_image","twitter_creator":"@elli","schema":{"@context":"https:\/\/schema.org","@graph":[{"@type":"Article","@id":"https:\/\/www.meydan.tv\/az\/article\/azerbaycan-fransadan-tezminat-teleb-edir\/#article","isPartOf":{"@id":"https:\/\/www.meydan.tv\/az\/article\/azerbaycan-fransadan-tezminat-teleb-edir\/"},"author":{"name":"elli","@id":"https:\/\/www.meydan.tv\/az\/#\/schema\/person\/9cdbecf90d17180ce1dfbd95b08dcf47"},"headline":"Az\u0259rbaycan Fransadan t\u0259zminat t\u0259l\u0259b edir","datePublished":"2022-10-03T18:24:17+00:00","dateModified":"2022-10-03T18:28:54+00:00","mainEntityOfPage":{"@id":"https:\/\/www.meydan.tv\/az\/article\/azerbaycan-fransadan-tezminat-teleb-edir\/"},"wordCount":415,"publisher":{"@id":"https:\/\/www.meydan.tv\/az\/#organization"},"image":{"@id":"https:\/\/www.meydan.tv\/az\/article\/azerbaycan-fransadan-tezminat-teleb-edir\/#primaryimage"},"thumbnailUrl":"https:\/\/www.meydan.tv\/wp-content\/uploads\/shutterstock_2163748911.jpg","articleSection":["Siyas\u0259t","T\u00f6vsiy\u0259","X\u0259b\u0259rl\u0259r"],"inLanguage":"az"},{"@type":"WebPage","@id":"https:\/\/www.meydan.tv\/az\/article\/azerbaycan-fransadan-tezminat-teleb-edir\/","url":"https:\/\/www.meydan.tv\/az\/article\/azerbaycan-fransadan-tezminat-teleb-edir\/","name":"Az\u0259rbaycan Fransadan t\u0259zminat t\u0259l\u0259b edir - MEYDAN.TV","isPartOf":{"@id":"https:\/\/www.meydan.tv\/az\/#website"},"primaryImageOfPage":{"@id":"https:\/\/www.meydan.tv\/az\/article\/azerbaycan-fransadan-tezminat-teleb-edir\/#primaryimage"},"image":{"@id":"https:\/\/www.meydan.tv\/az\/article\/azerbaycan-fransadan-tezminat-teleb-edir\/#primaryimage"},"thumbnailUrl":"https:\/\/www.meydan.tv\/wp-content\/uploads\/shutterstock_2163748911.jpg","datePublished":"2022-10-03T18:24:17+00:00","dateModified":"2022-10-03T18:28:54+00:00","breadcrumb":{"@id":"https:\/\/www.meydan.tv\/az\/article\/azerbaycan-fransadan-tezminat-teleb-edir\/#breadcrumb"},"inLanguage":"az","potentialAction":[{"@type":"ReadAction","target":["https:\/\/www.meydan.tv\/az\/article\/azerbaycan-fransadan-tezminat-teleb-edir\/"]}]},{"@type":"ImageObject","inLanguage":"az","@id":"https:\/\/www.meydan.tv\/az\/article\/azerbaycan-fransadan-tezminat-teleb-edir\/#primaryimage","url":"https:\/\/www.meydan.tv\/wp-content\/uploads\/shutterstock_2163748911.jpg","contentUrl":"https:\/\/www.meydan.tv\/wp-content\/uploads\/shutterstock_2163748911.jpg","width":1200,"height":600,"caption":"Az\u0259rbaycan-Fransa. M\u0259nb\u0259: MMES Studio\/shutterstock"},{"@type":"BreadcrumbList","@id":"https:\/\/www.meydan.tv\/az\/article\/azerbaycan-fransadan-tezminat-teleb-edir\/#breadcrumb","itemListElement":[{"@type":"ListItem","position":1,"name":"Ana s\u0259hif\u0259","item":"https:\/\/www.meydan.tv\/az\/"},{"@type":"ListItem","position":2,"name":"Siyas\u0259t","item":"https:\/\/www.meydan.tv\/az\/section\/siyaset\/"},{"@type":"ListItem","position":3,"name":"Az\u0259rbaycan Fransadan t\u0259zminat t\u0259l\u0259b edir"}]},{"@type":"WebSite","@id":"https:\/\/www.meydan.tv\/az\/#website","url":"https:\/\/www.meydan.tv\/az\/","name":"MEYDAN.TV","description":"Meydan TV Az\u0259rbaycan\u0131n media m\u0259kan\u0131ndak\u0131 alternativ s\u0259sidir","publisher":{"@id":"https:\/\/www.meydan.tv\/az\/#organization"},"potentialAction":[{"@type":"SearchAction","target":{"@type":"EntryPoint","urlTemplate":"https:\/\/www.meydan.tv\/az\/?s={search_term_string}"},"query-input":{"@type":"PropertyValueSpecification","valueRequired":true,"valueName":"search_term_string"}}],"inLanguage":"az"},{"@type":"Organization","@id":"https:\/\/www.meydan.tv\/az\/#organization","name":"Meydan TV","url":"https:\/\/www.meydan.tv\/az\/","logo":{"@type":"ImageObject","inLanguage":"az","@id":"https:\/\/www.meydan.tv\/az\/#\/schema\/logo\/image\/","url":"https:\/\/www.meydan.tv\/wp-content\/uploads\/2021\/07\/meydan-logo.svg","contentUrl":"https:\/\/www.meydan.tv\/wp-content\/uploads\/2021\/07\/meydan-logo.svg","width":195,"height":46,"caption":"Meydan TV"},"image":{"@id":"https:\/\/www.meydan.tv\/az\/#\/schema\/logo\/image\/"}},{"@type":"Person","@id":"https:\/\/www.meydan.tv\/az\/#\/schema\/person\/9cdbecf90d17180ce1dfbd95b08dcf47","name":"elli","sameAs":["https:\/\/x.com\/elli"]}]}},"_links":{"self":[{"href":"https:\/\/www.meydan.tv\/az\/wp-json\/wp\/v2\/posts\/257324","targetHints":{"allow":["GET"]}}],"collection":[{"href":"https:\/\/www.meydan.tv\/az\/wp-json\/wp\/v2\/posts"}],"about":[{"href":"https:\/\/www.meydan.tv\/az\/wp-json\/wp\/v2\/types\/post"}],"author":[{"embeddable":true,"href":"https:\/\/www.meydan.tv\/az\/wp-json\/wp\/v2\/users\/8"}],"replies":[{"embeddable":true,"href":"https:\/\/www.meydan.tv\/az\/wp-json\/wp\/v2\/comments?post=257324"}],"version-history":[{"count":2,"href":"https:\/\/www.meydan.tv\/az\/wp-json\/wp\/v2\/posts\/257324\/revisions"}],"predecessor-version":[{"id":257332,"href":"https:\/\/www.meydan.tv\/az\/wp-json\/wp\/v2\/posts\/257324\/revisions\/257332"}],"wp:featuredmedia":[{"embeddable":true,"href":"https:\/\/www.meydan.tv\/az\/wp-json\/wp\/v2\/media\/257325"}],"wp:attachment":[{"href":"https:\/\/www.meydan.tv\/az\/wp-json\/wp\/v2\/media?parent=257324"}],"wp:term":[{"taxonomy":"category","embeddable":true,"href":"https:\/\/www.meydan.tv\/az\/wp-json\/wp\/v2\/categories?post=257324"},{"taxonomy":"post_tag","embeddable":true,"href":"https:\/\/www.meydan.tv\/az\/wp-json\/wp\/v2\/tags?post=257324"}],"curies":[{"name":"wp","href":"https:\/\/api.w.org\/{rel}","templated":true}]}}