{"id":257218,"date":"2022-09-30T23:06:10","date_gmt":"2022-09-30T19:06:10","guid":{"rendered":"https:\/\/www.meydan.tv\/?p=257218"},"modified":"2022-09-30T23:06:14","modified_gmt":"2022-09-30T19:06:14","slug":"masalli-sakini-ehed-abiyevin-qohumlari-bize-yasamaga-imkan-vermir","status":"publish","type":"post","link":"https:\/\/www.meydan.tv\/az\/article\/masalli-sakini-ehed-abiyevin-qohumlari-bize-yasamaga-imkan-vermir\/","title":{"rendered":"Masall\u0131 sakini: \u201c\u018fh\u0259d Ab\u0131yevin qohumlar\u0131 biz\u0259 ya\u015fama\u011fa imkan vermir\u201d"},"content":{"rendered":"\n<p><\/p>\n\n\n\n<p><em>\u018fh\u0259d \u018fh\u0259dov: \u201cV\u0259t\u0259nda\u015f\u0131 hans\u0131sa m\u0259s\u0259l\u0259y\u0259 m\u00fcnasib\u0259tin\u0259, \u015fikay\u0259t yazd\u0131\u011f\u0131na g\u00f6r\u0259 terrora m\u0259ruz qoymaq n\u0259 qanunlara s\u0131\u011f\u0131r, n\u0259 d\u0259 insanl\u0131\u011fa\u2026\u201d<\/em><\/p>\n\n\n\n<p>Masall\u0131 sakini \u018fh\u0259d \u018fh\u0259dov deyir ki, Da\u015fk\u0259s\u0259n Rayon \u0130cra Hakimiyy\u0259tinin ba\u015f\u00e7\u0131s\u0131 \u018fh\u0259d Ab\u0131yevin qohumlar\u0131 onunla \u0259dav\u0259t apar\u0131r. Onun s\u00f6zl\u0259rin\u0259 g\u00f6r\u0259, \u0259sl\u0259n Masall\u0131dan olan icra ba\u015f\u00e7\u0131s\u0131n\u0131n qohumlar\u0131 h\u0259m \u00f6z\u00fcn\u0259, h\u0259m d\u0259 qohumlar\u0131na m\u00fcxt\u0259lif formada t\u0259zyiq g\u00f6st\u0259rir.<\/p>\n\n\n\n<p><strong>\u201cBirinci qrup \u0259lil o\u011flumu d\u00f6y\u00fcb, qolunu, qab\u0131r\u011fas\u0131n\u0131 s\u0131nd\u0131rd\u0131lar\u201d<\/strong><\/p>\n\n\n\n<p>\u201c\u018fh\u0259d Ab\u0131yevin qohumlar\u0131 biz\u0259 ya\u015fama\u011fa imkan vermir\u2026\u201d, &#8211; 70 ya\u015fl\u0131 \u015fikay\u0259t\u00e7i Meydan TV-y\u0259 bel\u0259 deyib.<\/p>\n\n\n\n<p>Masall\u0131 sakininin s\u00f6zl\u0259rin\u0259 g\u00f6r\u0259, Az\u0259r v\u0259 Spartak Nadirov qarda\u015flar\u0131n\u0131n ona v\u0259 ail\u0259 \u00fczvl\u0259rin\u0259 qar\u015f\u0131 t\u00f6r\u0259tdiyi h\u0259r\u0259k\u0259tl\u0259rd\u0259 icra ba\u015f\u00e7\u0131s\u0131ndan tutmu\u015f, polis r\u0259isin\u0259 q\u0259d\u0259r ham\u0131 x\u0259b\u0259rdard\u0131r. Amma onlar\u0131n qar\u015f\u0131s\u0131n\u0131 alan yoxdur.<\/p>\n\n\n\n<p>\u201cBirinci qrup \u0259lil olan o\u011flum \u2013 1979-cu il t\u0259v\u0259ll\u00fcdl\u00fc Emin \u018fh\u0259dovu Az\u0259r v\u0259 Spartak k\u00fc\u00e7\u0259d\u0259 d\u00f6y\u00fcb, qolunu, qab\u0131r\u011fas\u0131n\u0131 s\u0131nd\u0131r\u0131blar. O\u011flum 1 ay Travmatologiya \u0130nstitutunda yatd\u0131. Hadis\u0259 olan yerd\u0259 \u00e7oxsayl\u0131 kameralar var. 49 g\u00fcn he\u00e7 bir i\u015f g\u00f6rm\u0259dil\u0259r. M\u00fcst\u0259ntiq d\u0259yi\u015f\u0259nd\u0259n sonra m\u00fc\u0259yy\u0259n q\u0259d\u0259r i\u015f getdi. T\u0259s\u0259vv\u00fcr el\u0259, \u015fahidl\u0259r t\u0259qdim edirdik, baxm\u0131rd\u0131lar, dindirmirdil\u0259r. D\u00fcz\u00fc, daxili i\u015fl\u0259r nazirinin q\u0259bulunda olandan sonra ir\u0259lil\u0259yi\u015f oldu, cinay\u0259t i\u015fi ba\u015fland\u0131. He\u00e7 bu i\u015fin \u00fcst\u00fcn\u00fc a\u00e7\u0131b, g\u00fcnahkar\u0131 c\u0259zaland\u0131rmam\u0131\u015f o\u011fluma qar\u015f\u0131 yenid\u0259n cinay\u0259t t\u00f6r\u0259dildi. D\u00fcz evimizin qar\u015f\u0131s\u0131nda onu d\u00f6y\u00fcb burnunu s\u0131nd\u0131rd\u0131lar\u2026\u201d.<\/p>\n\n\n\n<figure class=\"wp-block-image size-large\"><img decoding=\"async\" width=\"624\" height=\"821\" data-src=\"https:\/\/www.meydan.tv\/wp-content\/uploads\/photo-2022-09-30-15-30-09-624x821.jpg\" alt=\"\" class=\"wp-image-257145 lazyload\" src=\"data:image\/svg+xml;base64,PHN2ZyB3aWR0aD0iMSIgaGVpZ2h0PSIxIiB4bWxucz0iaHR0cDovL3d3dy53My5vcmcvMjAwMC9zdmciPjwvc3ZnPg==\" style=\"--smush-placeholder-width: 624px; --smush-placeholder-aspect-ratio: 624\/821;\" \/><\/figure>\n\n\n\n<p><strong>\u201cAram\u0131zdak\u0131 \u0259dav\u0259t \u015f\u0259h\u0259r sovetinin binas\u0131na g\u00f6r\u0259 ba\u015flay\u0131b\u201d<\/strong><\/p>\n\n\n\n<p>\u018fh\u0259d \u018fh\u0259dov iddia edir ki, Nadirov qarda\u015flar\u0131n\u0131 rayonda v\u0259zif\u0259d\u0259 \u00e7al\u0131\u015fanlar aras\u0131nda himay\u0259 ed\u0259nl\u0259r var. Bu \u00fczd\u0259n onlar m\u0259suliyy\u0259t\u0259 c\u0259lb olunmur.<\/p>\n\n\n\n<p>Masall\u0131 sakinl\u0259ri Nadirov qarda\u015flar\u0131yla aralar\u0131ndak\u0131 \u0259dav\u0259tin s\u0259b\u0259bind\u0259n d\u0259 dan\u0131\u015f\u0131b. O bildirib ki, Masall\u0131da vaxtil\u0259 \u015f\u0259h\u0259r sovetinin binas\u0131 olmu\u015f tikilinin bu ail\u0259y\u0259 verilm\u0259sin\u0259 etiraz etdiyin\u0259 g\u00f6r\u0259 ona qar\u015f\u0131 kin yaran\u0131b:<\/p>\n\n\n\n<p>\u201cBunlar bir d\u0259f\u0259 o binan\u0131 alm\u0131\u015fd\u0131lar. Q\u0259z\u0259nf\u0259r A\u011fayev icra ba\u015f\u00e7\u0131s\u0131 g\u0259l\u0259nd\u0259n sonra o binan\u0131 qaytard\u0131. \u00c7\u00fcnki qanunsuz verilmi\u015fdi. \u015eahin M\u0259mm\u0259dov icra ba\u015f\u00e7\u0131s\u0131 g\u0259l\u0259nd\u0259n sonra \u018fmlak Komit\u0259si vasit\u0259sil\u0259 yenid\u0259n o binan\u0131 ald\u0131lar. \u018fslind\u0259, qanunsuzluq el\u0259mi\u015fdil\u0259r. \u00c7\u00fcnki d\u00f6vl\u0259tin \u0259mlak\u0131 h\u0259rracda sat\u0131la bil\u0259r. H\u0259rrac ke\u00e7irib-el\u0259m\u0259dil\u0259r. M\u0259n bu m\u0259s\u0259l\u0259 il\u0259 \u0259laq\u0259dar Prezident Administrasiyas\u0131na teleqram g\u00f6nd\u0259rmi\u015fdim, qanunsuzlu\u011fa yol verildiyini demi\u015fdim. \u018fdav\u0259t d\u0259 buradan ba\u015flay\u0131b. Bu m\u0259s\u0259l\u0259d\u0259 m\u0259n haql\u0131yam, ya yox \u2013 m\u0259s\u0259l\u0259 bunda deyil. V\u0259t\u0259nda\u015f\u0131 hans\u0131sa m\u0259s\u0259l\u0259y\u0259 m\u00fcnasib\u0259tin\u0259, \u015fikay\u0259t yazd\u0131\u011f\u0131na g\u00f6r\u0259 terrora m\u0259ruz qoymaq n\u0259 qanunlara s\u0131\u011f\u0131r, n\u0259 d\u0259 insanl\u0131\u011fa. Bir ildir m\u0259ni bezdiribl\u0259r. \u018fh\u0259d Ab\u0131yevin qohumlar\u0131d\u0131r dey\u0259, qar\u015f\u0131lar\u0131n\u0131 alan da yoxdur\u201d.<\/p>\n\n\n\n<p><strong>\u201cB\u00f6htan v\u0259 t\u0259hqir\u0259 g\u00f6r\u0259 c\u0259zaland\u0131r\u0131ls\u0131n!\u201d<\/strong><\/p>\n\n\n\n<p>Nadirovlar is\u0259 \u018fh\u0259d \u018fh\u0259dovun onlara b\u00f6htan atd\u0131\u011f\u0131n\u0131 iddia edir. Az\u0259r Nadirov onun t\u0259hqir v\u0259 b\u00f6htana g\u00f6r\u0259 c\u0259zaland\u0131r\u0131lmas\u0131 \u00fc\u00e7\u00fcn 2022-ci ilin iyulunda Masall\u0131 Rayon M\u0259hk\u0259m\u0259sind\u0259 x\u00fcsusi ittiham qaydas\u0131nda iddia qald\u0131r\u0131b. Amma bir m\u00fcdd\u0259t sonra m\u0259hk\u0259m\u0259y\u0259 \u0259riz\u0259 g\u00f6nd\u0259rib ki, \u015fikay\u0259tini geri g\u00f6t\u00fcr\u00fcr, iddias\u0131na bax\u0131lmas\u0131n. M\u0259hk\u0259m\u0259 d\u0259 bunu n\u0259z\u0259r\u0259 alaraq, avqustun 12-d\u0259 \u015fikay\u0259tin icraata g\u00f6t\u00fcr\u00fclm\u0259sind\u0259n imtina q\u0259rar\u0131 \u00e7\u0131xar\u0131b.<\/p>\n\n\n\n<p>Bir m\u00fcdd\u0259t sonra \u2013 sentyabrda o, yenid\u0259n eyni eyni m\u0259zmunlu iddia \u0259riz\u0259sil\u0259 Masall\u0131 Rayon M\u0259hk\u0259m\u0259sin\u0259 \u015fikay\u0259t edib, \u018fh\u0259d \u018fh\u0259dovun Cinay\u0259t M\u0259c\u0259ll\u0259sinin 147.2 (a\u011f\u0131r cinay\u0259td\u0259 ittiham etm\u0259kl\u0259 b\u00f6htan atma) v\u0259 148-ci (t\u0259hqir) madd\u0259l\u0259ril\u0259 c\u0259zaland\u0131r\u0131lmas\u0131n\u0131 t\u0259l\u0259b edib. Bu d\u0259f\u0259 d\u0259 m\u0259hk\u0259m\u0259 onun \u015fikay\u0259tin\u0259 baxmaqdan imtina edib.<\/p>\n\n\n\n<figure class=\"wp-block-image size-large\"><img decoding=\"async\" width=\"576\" height=\"821\" data-src=\"https:\/\/www.meydan.tv\/wp-content\/uploads\/photo-2022-09-30-15-30-29-576x821.jpg\" alt=\"\" class=\"wp-image-257142 lazyload\" src=\"data:image\/svg+xml;base64,PHN2ZyB3aWR0aD0iMSIgaGVpZ2h0PSIxIiB4bWxucz0iaHR0cDovL3d3dy53My5vcmcvMjAwMC9zdmciPjwvc3ZnPg==\" style=\"--smush-placeholder-width: 576px; --smush-placeholder-aspect-ratio: 576\/821;\" \/><\/figure>\n\n\n\n<p><strong>Cinay\u0259t i\u015fl\u0259ri ba\u015flan\u0131b<\/strong><\/p>\n\n\n\n<p>Polis \u0259m\u0259kda\u015flar\u0131n\u0131n Masall\u0131da Nadirov qarda\u015flar\u0131n\u0131n \u00f6zba\u015f\u0131nal\u0131qlar\u0131na g\u00f6z yummas\u0131 haqda \u018fh\u0259d \u018fh\u0259dovun iddialar\u0131na Daxili \u0130\u015fl\u0259r Nazirliyinin Ba\u015f \u0130stintaq v\u0259 T\u0259hqiqat \u0130dar\u0259sind\u0259n cavab verilib. \u0130dar\u0259nin r\u0259isi Emil Usubov bildirib ki, \u018fh\u0259d \u018fh\u0259dovun o\u011flu Eminin d\u00f6y\u00fcl\u00fcb x\u0259sar\u0259t almas\u0131 fakt\u0131na \u0259sas\u0259n, Masall\u0131 Rayon Polis \u015e\u00f6b\u0259sind\u0259 13 iyun 2022-ci ild\u0259 Cinay\u0259t M\u0259c\u0259ll\u0259sinin 127.1 (q\u0259sd\u0259n sa\u011flaml\u0131\u011fa az a\u011f\u0131r z\u0259r\u0259r vurma) madd\u0259sil\u0259 cinay\u0259t i\u015fi ba\u015flan\u0131b. 27 avqustda Spartak Nadirov t\u0259qsirl\u0259ndiril\u0259n \u015f\u0259xs qismind\u0259 c\u0259lb olunub, istintaq d\u00f6vr\u00fc \u00fc\u00e7\u00fcn onun bar\u0259sind\u0259 ba\u015fqa yer\u0259 getm\u0259m\u0259y\u0259 dair iltizam q\u0259timkan t\u0259dbiri se\u00e7ilib:<\/p>\n\n\n\n<p>\u201cCinay\u0259t i\u015fi n\u0259zar\u0259t\u0259 g\u00f6t\u00fcr\u00fclm\u0259kl\u0259, haz\u0131rda \u015fikay\u0259td\u0259 g\u00f6st\u0259ril\u0259n x\u00fcsusatlar v\u0259 i\u015fin dig\u0259r hallar\u0131 ara\u015fd\u0131r\u0131lmaqla, istintaq apar\u0131l\u0131r\u201d.<\/p>\n\n\n\n<p>Masall\u0131 Rayon Prokurorlu\u011fundan bildirilib ki, Emin \u018fh\u0259dovun sonradan bir daha d\u00f6y\u00fclm\u0259sil\u0259 \u0259laq\u0259dar da ayr\u0131ca cinay\u0259t i\u015fi ba\u015flan\u0131b:<\/p>\n\n\n\n<figure class=\"wp-block-image size-large\"><img decoding=\"async\" width=\"605\" height=\"821\" data-src=\"https:\/\/www.meydan.tv\/wp-content\/uploads\/photo-2022-09-30-15-31-06-605x821.jpg\" alt=\"\" class=\"wp-image-257139 lazyload\" src=\"data:image\/svg+xml;base64,PHN2ZyB3aWR0aD0iMSIgaGVpZ2h0PSIxIiB4bWxucz0iaHR0cDovL3d3dy53My5vcmcvMjAwMC9zdmciPjwvc3ZnPg==\" style=\"--smush-placeholder-width: 605px; --smush-placeholder-aspect-ratio: 605\/821;\" \/><\/figure>\n\n\n\n<p>\u201cEmin \u018fh\u0259dovun d\u00f6y\u00fcl\u00fcb, y\u00fcng\u00fcl d\u0259r\u0259c\u0259li b\u0259d\u0259n x\u0259sar\u0259ti almas\u0131 fakt\u0131na \u0259sas\u0259n, Masall\u0131 Rayon Polis \u015e\u00f6b\u0259sinin \u0130stintaq b\u00f6lm\u0259sind\u0259 15 sentyabr 2022-ci ild\u0259 Cinay\u0259t M\u0259c\u0259ll\u0259sinin 128-ci (q\u0259sd\u0259n sa\u011flaml\u0131\u011fa y\u00fcng\u00fcl z\u0259r\u0259r vurma) madd\u0259sil\u0259 cinay\u0259t i\u015fi ba\u015flanmaqla, istintaq apar\u0131l\u0131r\u201d.<\/p>\n","protected":false},"excerpt":{"rendered":"<p>\u018fh\u0259d \u018fh\u0259dov: \u201cV\u0259t\u0259nda\u015f\u0131 hans\u0131sa m\u0259s\u0259l\u0259y\u0259 m\u00fcnasib\u0259tin\u0259, \u015fikay\u0259t yazd\u0131\u011f\u0131na g\u00f6r\u0259 terrora &#8230; <\/p>\n<p class=\"read-more-container\"><a title=\"Masall\u0131 sakini: \u201c\u018fh\u0259d Ab\u0131yevin qohumlar\u0131 biz\u0259 ya\u015fama\u011fa imkan vermir\u201d\" class=\"read-more button\" href=\"https:\/\/www.meydan.tv\/az\/article\/masalli-sakini-ehed-abiyevin-qohumlari-bize-yasamaga-imkan-vermir\/#more-257218\" aria-label=\"Read more about Masall\u0131 sakini: \u201c\u018fh\u0259d Ab\u0131yevin qohumlar\u0131 biz\u0259 ya\u015fama\u011fa imkan vermir\u201d\">Davam\u0131<\/a><\/p>\n","protected":false},"author":8,"featured_media":257136,"comment_status":"closed","ping_status":"closed","sticky":false,"template":"","format":"standard","meta":{"_acf_changed":false,"_sitemap_exclude":false,"_sitemap_priority":"","_sitemap_frequency":"","footnotes":""},"categories":[60,79,56],"tags":[],"class_list":["post-257218","post","type-post","status-publish","format-standard","has-post-thumbnail","hentry","category-bolge","category-featured","category-xeberler","infinite-scroll-item","generate-columns","tablet-grid-50","mobile-grid-100","grid-parent","grid-33","no-featured-image-padding"],"acf":[],"yoast_head":"<!-- This site is optimized with the Yoast SEO plugin v27.5 - https:\/\/yoast.com\/product\/yoast-seo-wordpress\/ -->\n<title>Masall\u0131 sakini: \u201c\u018fh\u0259d Ab\u0131yevin qohumlar\u0131 biz\u0259 ya\u015fama\u011fa imkan vermir\u201d - MEYDAN.TV<\/title>\n<meta name=\"robots\" content=\"index, follow, max-snippet:-1, max-image-preview:large, max-video-preview:-1\" \/>\n<link rel=\"canonical\" href=\"https:\/\/www.meydan.tv\/az\/article\/masalli-sakini-ehed-abiyevin-qohumlari-bize-yasamaga-imkan-vermir\/\" \/>\n<meta property=\"og:locale\" content=\"az_AZ\" \/>\n<meta property=\"og:type\" content=\"article\" \/>\n<meta property=\"og:title\" content=\"Masall\u0131 sakini: \u201c\u018fh\u0259d Ab\u0131yevin qohumlar\u0131 biz\u0259 ya\u015fama\u011fa imkan vermir\u201d - MEYDAN.TV\" \/>\n<meta property=\"og:description\" content=\"\u018fh\u0259d \u018fh\u0259dov: \u201cV\u0259t\u0259nda\u015f\u0131 hans\u0131sa m\u0259s\u0259l\u0259y\u0259 m\u00fcnasib\u0259tin\u0259, \u015fikay\u0259t yazd\u0131\u011f\u0131na g\u00f6r\u0259 terrora ... Davam\u0131\" \/>\n<meta property=\"og:url\" content=\"https:\/\/www.meydan.tv\/az\/article\/masalli-sakini-ehed-abiyevin-qohumlari-bize-yasamaga-imkan-vermir\/\" \/>\n<meta property=\"og:site_name\" content=\"MEYDAN.TV\" \/>\n<meta property=\"article:published_time\" content=\"2022-09-30T19:06:10+00:00\" \/>\n<meta property=\"article:modified_time\" content=\"2022-09-30T19:06:14+00:00\" \/>\n<meta property=\"og:image\" content=\"https:\/\/www.meydan.tv\/wp-content\/uploads\/photo-2022-09-30-15-29-31-e1664564716141.jpg\" \/>\n\t<meta property=\"og:image:width\" content=\"1200\" \/>\n\t<meta property=\"og:image:height\" content=\"627\" \/>\n\t<meta property=\"og:image:type\" content=\"image\/jpeg\" \/>\n<meta name=\"author\" content=\"elli\" \/>\n<meta name=\"twitter:card\" content=\"summary_large_image\" \/>\n<meta name=\"twitter:creator\" content=\"@elli\" \/>\n<script type=\"application\/ld+json\" class=\"yoast-schema-graph\">{\"@context\":\"https:\\\/\\\/schema.org\",\"@graph\":[{\"@type\":\"Article\",\"@id\":\"https:\\\/\\\/www.meydan.tv\\\/az\\\/article\\\/masalli-sakini-ehed-abiyevin-qohumlari-bize-yasamaga-imkan-vermir\\\/#article\",\"isPartOf\":{\"@id\":\"https:\\\/\\\/www.meydan.tv\\\/az\\\/article\\\/masalli-sakini-ehed-abiyevin-qohumlari-bize-yasamaga-imkan-vermir\\\/\"},\"author\":{\"name\":\"elli\",\"@id\":\"https:\\\/\\\/www.meydan.tv\\\/az\\\/#\\\/schema\\\/person\\\/9cdbecf90d17180ce1dfbd95b08dcf47\"},\"headline\":\"Masall\u0131 sakini: \u201c\u018fh\u0259d Ab\u0131yevin qohumlar\u0131 biz\u0259 ya\u015fama\u011fa imkan vermir\u201d\",\"datePublished\":\"2022-09-30T19:06:10+00:00\",\"dateModified\":\"2022-09-30T19:06:14+00:00\",\"mainEntityOfPage\":{\"@id\":\"https:\\\/\\\/www.meydan.tv\\\/az\\\/article\\\/masalli-sakini-ehed-abiyevin-qohumlari-bize-yasamaga-imkan-vermir\\\/\"},\"wordCount\":1074,\"publisher\":{\"@id\":\"https:\\\/\\\/www.meydan.tv\\\/az\\\/#organization\"},\"image\":{\"@id\":\"https:\\\/\\\/www.meydan.tv\\\/az\\\/article\\\/masalli-sakini-ehed-abiyevin-qohumlari-bize-yasamaga-imkan-vermir\\\/#primaryimage\"},\"thumbnailUrl\":\"https:\\\/\\\/www.meydan.tv\\\/wp-content\\\/uploads\\\/photo-2022-09-30-15-29-31-e1664564716141.jpg\",\"articleSection\":[\"B\u00f6lg\u0259\",\"T\u00f6vsiy\u0259\",\"X\u0259b\u0259rl\u0259r\"],\"inLanguage\":\"az\"},{\"@type\":\"WebPage\",\"@id\":\"https:\\\/\\\/www.meydan.tv\\\/az\\\/article\\\/masalli-sakini-ehed-abiyevin-qohumlari-bize-yasamaga-imkan-vermir\\\/\",\"url\":\"https:\\\/\\\/www.meydan.tv\\\/az\\\/article\\\/masalli-sakini-ehed-abiyevin-qohumlari-bize-yasamaga-imkan-vermir\\\/\",\"name\":\"Masall\u0131 sakini: \u201c\u018fh\u0259d Ab\u0131yevin qohumlar\u0131 biz\u0259 ya\u015fama\u011fa imkan vermir\u201d - MEYDAN.TV\",\"isPartOf\":{\"@id\":\"https:\\\/\\\/www.meydan.tv\\\/az\\\/#website\"},\"primaryImageOfPage\":{\"@id\":\"https:\\\/\\\/www.meydan.tv\\\/az\\\/article\\\/masalli-sakini-ehed-abiyevin-qohumlari-bize-yasamaga-imkan-vermir\\\/#primaryimage\"},\"image\":{\"@id\":\"https:\\\/\\\/www.meydan.tv\\\/az\\\/article\\\/masalli-sakini-ehed-abiyevin-qohumlari-bize-yasamaga-imkan-vermir\\\/#primaryimage\"},\"thumbnailUrl\":\"https:\\\/\\\/www.meydan.tv\\\/wp-content\\\/uploads\\\/photo-2022-09-30-15-29-31-e1664564716141.jpg\",\"datePublished\":\"2022-09-30T19:06:10+00:00\",\"dateModified\":\"2022-09-30T19:06:14+00:00\",\"breadcrumb\":{\"@id\":\"https:\\\/\\\/www.meydan.tv\\\/az\\\/article\\\/masalli-sakini-ehed-abiyevin-qohumlari-bize-yasamaga-imkan-vermir\\\/#breadcrumb\"},\"inLanguage\":\"az\",\"potentialAction\":[{\"@type\":\"ReadAction\",\"target\":[\"https:\\\/\\\/www.meydan.tv\\\/az\\\/article\\\/masalli-sakini-ehed-abiyevin-qohumlari-bize-yasamaga-imkan-vermir\\\/\"]}]},{\"@type\":\"ImageObject\",\"inLanguage\":\"az\",\"@id\":\"https:\\\/\\\/www.meydan.tv\\\/az\\\/article\\\/masalli-sakini-ehed-abiyevin-qohumlari-bize-yasamaga-imkan-vermir\\\/#primaryimage\",\"url\":\"https:\\\/\\\/www.meydan.tv\\\/wp-content\\\/uploads\\\/photo-2022-09-30-15-29-31-e1664564716141.jpg\",\"contentUrl\":\"https:\\\/\\\/www.meydan.tv\\\/wp-content\\\/uploads\\\/photo-2022-09-30-15-29-31-e1664564716141.jpg\",\"width\":1200,\"height\":627,\"caption\":\"\u018fh\u0259d \u018fh\u0259dov. Foto: Meydan TV\"},{\"@type\":\"BreadcrumbList\",\"@id\":\"https:\\\/\\\/www.meydan.tv\\\/az\\\/article\\\/masalli-sakini-ehed-abiyevin-qohumlari-bize-yasamaga-imkan-vermir\\\/#breadcrumb\",\"itemListElement\":[{\"@type\":\"ListItem\",\"position\":1,\"name\":\"Ana s\u0259hif\u0259\",\"item\":\"https:\\\/\\\/www.meydan.tv\\\/az\\\/\"},{\"@type\":\"ListItem\",\"position\":2,\"name\":\"B\u00f6lg\u0259\",\"item\":\"https:\\\/\\\/www.meydan.tv\\\/az\\\/section\\\/bolge\\\/\"},{\"@type\":\"ListItem\",\"position\":3,\"name\":\"Masall\u0131 sakini: \u201c\u018fh\u0259d Ab\u0131yevin qohumlar\u0131 biz\u0259 ya\u015fama\u011fa imkan vermir\u201d\"}]},{\"@type\":\"WebSite\",\"@id\":\"https:\\\/\\\/www.meydan.tv\\\/az\\\/#website\",\"url\":\"https:\\\/\\\/www.meydan.tv\\\/az\\\/\",\"name\":\"MEYDAN.TV\",\"description\":\"Meydan TV Az\u0259rbaycan\u0131n media m\u0259kan\u0131ndak\u0131 alternativ s\u0259sidir\",\"publisher\":{\"@id\":\"https:\\\/\\\/www.meydan.tv\\\/az\\\/#organization\"},\"potentialAction\":[{\"@type\":\"SearchAction\",\"target\":{\"@type\":\"EntryPoint\",\"urlTemplate\":\"https:\\\/\\\/www.meydan.tv\\\/az\\\/?s={search_term_string}\"},\"query-input\":{\"@type\":\"PropertyValueSpecification\",\"valueRequired\":true,\"valueName\":\"search_term_string\"}}],\"inLanguage\":\"az\"},{\"@type\":\"Organization\",\"@id\":\"https:\\\/\\\/www.meydan.tv\\\/az\\\/#organization\",\"name\":\"Meydan TV\",\"url\":\"https:\\\/\\\/www.meydan.tv\\\/az\\\/\",\"logo\":{\"@type\":\"ImageObject\",\"inLanguage\":\"az\",\"@id\":\"https:\\\/\\\/www.meydan.tv\\\/az\\\/#\\\/schema\\\/logo\\\/image\\\/\",\"url\":\"https:\\\/\\\/www.meydan.tv\\\/wp-content\\\/uploads\\\/2021\\\/07\\\/meydan-logo.svg\",\"contentUrl\":\"https:\\\/\\\/www.meydan.tv\\\/wp-content\\\/uploads\\\/2021\\\/07\\\/meydan-logo.svg\",\"width\":195,\"height\":46,\"caption\":\"Meydan TV\"},\"image\":{\"@id\":\"https:\\\/\\\/www.meydan.tv\\\/az\\\/#\\\/schema\\\/logo\\\/image\\\/\"}},{\"@type\":\"Person\",\"@id\":\"https:\\\/\\\/www.meydan.tv\\\/az\\\/#\\\/schema\\\/person\\\/9cdbecf90d17180ce1dfbd95b08dcf47\",\"name\":\"elli\",\"sameAs\":[\"https:\\\/\\\/x.com\\\/elli\"]}]}<\/script>\n<!-- \/ Yoast SEO plugin. -->","yoast_head_json":{"title":"Masall\u0131 sakini: \u201c\u018fh\u0259d Ab\u0131yevin qohumlar\u0131 biz\u0259 ya\u015fama\u011fa imkan vermir\u201d - MEYDAN.TV","robots":{"index":"index","follow":"follow","max-snippet":"max-snippet:-1","max-image-preview":"max-image-preview:large","max-video-preview":"max-video-preview:-1"},"canonical":"https:\/\/www.meydan.tv\/az\/article\/masalli-sakini-ehed-abiyevin-qohumlari-bize-yasamaga-imkan-vermir\/","og_locale":"az_AZ","og_type":"article","og_title":"Masall\u0131 sakini: \u201c\u018fh\u0259d Ab\u0131yevin qohumlar\u0131 biz\u0259 ya\u015fama\u011fa imkan vermir\u201d - MEYDAN.TV","og_description":"\u018fh\u0259d \u018fh\u0259dov: \u201cV\u0259t\u0259nda\u015f\u0131 hans\u0131sa m\u0259s\u0259l\u0259y\u0259 m\u00fcnasib\u0259tin\u0259, \u015fikay\u0259t yazd\u0131\u011f\u0131na g\u00f6r\u0259 terrora ... Davam\u0131","og_url":"https:\/\/www.meydan.tv\/az\/article\/masalli-sakini-ehed-abiyevin-qohumlari-bize-yasamaga-imkan-vermir\/","og_site_name":"MEYDAN.TV","article_published_time":"2022-09-30T19:06:10+00:00","article_modified_time":"2022-09-30T19:06:14+00:00","og_image":[{"width":1200,"height":627,"url":"https:\/\/www.meydan.tv\/wp-content\/uploads\/photo-2022-09-30-15-29-31-e1664564716141.jpg","type":"image\/jpeg"}],"author":"elli","twitter_card":"summary_large_image","twitter_creator":"@elli","schema":{"@context":"https:\/\/schema.org","@graph":[{"@type":"Article","@id":"https:\/\/www.meydan.tv\/az\/article\/masalli-sakini-ehed-abiyevin-qohumlari-bize-yasamaga-imkan-vermir\/#article","isPartOf":{"@id":"https:\/\/www.meydan.tv\/az\/article\/masalli-sakini-ehed-abiyevin-qohumlari-bize-yasamaga-imkan-vermir\/"},"author":{"name":"elli","@id":"https:\/\/www.meydan.tv\/az\/#\/schema\/person\/9cdbecf90d17180ce1dfbd95b08dcf47"},"headline":"Masall\u0131 sakini: \u201c\u018fh\u0259d Ab\u0131yevin qohumlar\u0131 biz\u0259 ya\u015fama\u011fa imkan vermir\u201d","datePublished":"2022-09-30T19:06:10+00:00","dateModified":"2022-09-30T19:06:14+00:00","mainEntityOfPage":{"@id":"https:\/\/www.meydan.tv\/az\/article\/masalli-sakini-ehed-abiyevin-qohumlari-bize-yasamaga-imkan-vermir\/"},"wordCount":1074,"publisher":{"@id":"https:\/\/www.meydan.tv\/az\/#organization"},"image":{"@id":"https:\/\/www.meydan.tv\/az\/article\/masalli-sakini-ehed-abiyevin-qohumlari-bize-yasamaga-imkan-vermir\/#primaryimage"},"thumbnailUrl":"https:\/\/www.meydan.tv\/wp-content\/uploads\/photo-2022-09-30-15-29-31-e1664564716141.jpg","articleSection":["B\u00f6lg\u0259","T\u00f6vsiy\u0259","X\u0259b\u0259rl\u0259r"],"inLanguage":"az"},{"@type":"WebPage","@id":"https:\/\/www.meydan.tv\/az\/article\/masalli-sakini-ehed-abiyevin-qohumlari-bize-yasamaga-imkan-vermir\/","url":"https:\/\/www.meydan.tv\/az\/article\/masalli-sakini-ehed-abiyevin-qohumlari-bize-yasamaga-imkan-vermir\/","name":"Masall\u0131 sakini: \u201c\u018fh\u0259d Ab\u0131yevin qohumlar\u0131 biz\u0259 ya\u015fama\u011fa imkan vermir\u201d - MEYDAN.TV","isPartOf":{"@id":"https:\/\/www.meydan.tv\/az\/#website"},"primaryImageOfPage":{"@id":"https:\/\/www.meydan.tv\/az\/article\/masalli-sakini-ehed-abiyevin-qohumlari-bize-yasamaga-imkan-vermir\/#primaryimage"},"image":{"@id":"https:\/\/www.meydan.tv\/az\/article\/masalli-sakini-ehed-abiyevin-qohumlari-bize-yasamaga-imkan-vermir\/#primaryimage"},"thumbnailUrl":"https:\/\/www.meydan.tv\/wp-content\/uploads\/photo-2022-09-30-15-29-31-e1664564716141.jpg","datePublished":"2022-09-30T19:06:10+00:00","dateModified":"2022-09-30T19:06:14+00:00","breadcrumb":{"@id":"https:\/\/www.meydan.tv\/az\/article\/masalli-sakini-ehed-abiyevin-qohumlari-bize-yasamaga-imkan-vermir\/#breadcrumb"},"inLanguage":"az","potentialAction":[{"@type":"ReadAction","target":["https:\/\/www.meydan.tv\/az\/article\/masalli-sakini-ehed-abiyevin-qohumlari-bize-yasamaga-imkan-vermir\/"]}]},{"@type":"ImageObject","inLanguage":"az","@id":"https:\/\/www.meydan.tv\/az\/article\/masalli-sakini-ehed-abiyevin-qohumlari-bize-yasamaga-imkan-vermir\/#primaryimage","url":"https:\/\/www.meydan.tv\/wp-content\/uploads\/photo-2022-09-30-15-29-31-e1664564716141.jpg","contentUrl":"https:\/\/www.meydan.tv\/wp-content\/uploads\/photo-2022-09-30-15-29-31-e1664564716141.jpg","width":1200,"height":627,"caption":"\u018fh\u0259d \u018fh\u0259dov. Foto: Meydan TV"},{"@type":"BreadcrumbList","@id":"https:\/\/www.meydan.tv\/az\/article\/masalli-sakini-ehed-abiyevin-qohumlari-bize-yasamaga-imkan-vermir\/#breadcrumb","itemListElement":[{"@type":"ListItem","position":1,"name":"Ana s\u0259hif\u0259","item":"https:\/\/www.meydan.tv\/az\/"},{"@type":"ListItem","position":2,"name":"B\u00f6lg\u0259","item":"https:\/\/www.meydan.tv\/az\/section\/bolge\/"},{"@type":"ListItem","position":3,"name":"Masall\u0131 sakini: \u201c\u018fh\u0259d Ab\u0131yevin qohumlar\u0131 biz\u0259 ya\u015fama\u011fa imkan vermir\u201d"}]},{"@type":"WebSite","@id":"https:\/\/www.meydan.tv\/az\/#website","url":"https:\/\/www.meydan.tv\/az\/","name":"MEYDAN.TV","description":"Meydan TV Az\u0259rbaycan\u0131n media m\u0259kan\u0131ndak\u0131 alternativ s\u0259sidir","publisher":{"@id":"https:\/\/www.meydan.tv\/az\/#organization"},"potentialAction":[{"@type":"SearchAction","target":{"@type":"EntryPoint","urlTemplate":"https:\/\/www.meydan.tv\/az\/?s={search_term_string}"},"query-input":{"@type":"PropertyValueSpecification","valueRequired":true,"valueName":"search_term_string"}}],"inLanguage":"az"},{"@type":"Organization","@id":"https:\/\/www.meydan.tv\/az\/#organization","name":"Meydan TV","url":"https:\/\/www.meydan.tv\/az\/","logo":{"@type":"ImageObject","inLanguage":"az","@id":"https:\/\/www.meydan.tv\/az\/#\/schema\/logo\/image\/","url":"https:\/\/www.meydan.tv\/wp-content\/uploads\/2021\/07\/meydan-logo.svg","contentUrl":"https:\/\/www.meydan.tv\/wp-content\/uploads\/2021\/07\/meydan-logo.svg","width":195,"height":46,"caption":"Meydan TV"},"image":{"@id":"https:\/\/www.meydan.tv\/az\/#\/schema\/logo\/image\/"}},{"@type":"Person","@id":"https:\/\/www.meydan.tv\/az\/#\/schema\/person\/9cdbecf90d17180ce1dfbd95b08dcf47","name":"elli","sameAs":["https:\/\/x.com\/elli"]}]}},"_links":{"self":[{"href":"https:\/\/www.meydan.tv\/az\/wp-json\/wp\/v2\/posts\/257218","targetHints":{"allow":["GET"]}}],"collection":[{"href":"https:\/\/www.meydan.tv\/az\/wp-json\/wp\/v2\/posts"}],"about":[{"href":"https:\/\/www.meydan.tv\/az\/wp-json\/wp\/v2\/types\/post"}],"author":[{"embeddable":true,"href":"https:\/\/www.meydan.tv\/az\/wp-json\/wp\/v2\/users\/8"}],"replies":[{"embeddable":true,"href":"https:\/\/www.meydan.tv\/az\/wp-json\/wp\/v2\/comments?post=257218"}],"version-history":[{"count":1,"href":"https:\/\/www.meydan.tv\/az\/wp-json\/wp\/v2\/posts\/257218\/revisions"}],"predecessor-version":[{"id":257219,"href":"https:\/\/www.meydan.tv\/az\/wp-json\/wp\/v2\/posts\/257218\/revisions\/257219"}],"wp:featuredmedia":[{"embeddable":true,"href":"https:\/\/www.meydan.tv\/az\/wp-json\/wp\/v2\/media\/257136"}],"wp:attachment":[{"href":"https:\/\/www.meydan.tv\/az\/wp-json\/wp\/v2\/media?parent=257218"}],"wp:term":[{"taxonomy":"category","embeddable":true,"href":"https:\/\/www.meydan.tv\/az\/wp-json\/wp\/v2\/categories?post=257218"},{"taxonomy":"post_tag","embeddable":true,"href":"https:\/\/www.meydan.tv\/az\/wp-json\/wp\/v2\/tags?post=257218"}],"curies":[{"name":"wp","href":"https:\/\/api.w.org\/{rel}","templated":true}]}}