{"id":257189,"date":"2022-09-30T19:29:58","date_gmt":"2022-09-30T15:29:58","guid":{"rendered":"https:\/\/www.meydan.tv\/?p=257189"},"modified":"2022-09-30T19:30:00","modified_gmt":"2022-09-30T15:30:00","slug":"xacmaz-sakini-haqqimiz-olan-pay-torpaqlarimizi-bize-vermirler","status":"publish","type":"post","link":"https:\/\/www.meydan.tv\/az\/article\/xacmaz-sakini-haqqimiz-olan-pay-torpaqlarimizi-bize-vermirler\/","title":{"rendered":"Xa\u00e7maz sakini: \u201cHaqq\u0131m\u0131z olan pay torpaqlar\u0131m\u0131z\u0131 biz\u0259 vermirl\u0259r\u201d"},"content":{"rendered":"\n<p><em>\u201cHakim x\u0259b\u0259r g\u00f6nd\u0259rdi ki, 1000 manat g\u0259tirsin, h\u0259ll ed\u0259k\u201d<\/em><\/p>\n\n\n\n<p>\u201cU\u015faq olmu\u015fuq, bizi pay torpa\u011f\u0131 siyah\u0131s\u0131na salmay\u0131blar. B\u00f6y\u00fcm\u00fc\u015f\u00fck, m\u0259hk\u0259m\u0259l\u0259rd\u0259, d\u00f6vl\u0259t idar\u0259l\u0259rinin yollar\u0131nda qalm\u0131\u015f\u0131q, haqq\u0131m\u0131z\u0131 t\u0259l\u0259b edirik, ancaq bu haqq\u0131m\u0131z\u0131 biz\u0259 ver\u0259n yoxdur\u201d.<\/p>\n\n\n\n<p>Xa\u00e7maz sakini Mais M\u0259mm\u0259dov \u0130kinci Qaraba\u011f M\u00fcharib\u0259si veteran\u0131d\u0131r. Deyir, uzun ill\u0259rdir ki, \u00f6z\u00fc v\u0259 bac\u0131s\u0131 G\u00fcnay \u0130srafilova haqlar\u0131 olan pay torpa\u011f\u0131na g\u00f6r\u0259 m\u0259hk\u0259m\u0259 yollar\u0131nda qal\u0131b. Onun s\u00f6zl\u0259rin\u0259 g\u00f6r\u0259, 2002-ci il\u0259d\u0259k rayonun Qala\u011fan inzibati \u0259razin\u0259 aid olan \u018fr\u0259b k\u0259ndind\u0259 qeydiyyatda olub.<\/p>\n\n\n\n<p><strong>\u201c1000 manat verm\u0259dim, hakim m\u0259nsiz q\u0259rar \u00e7\u0131xartd\u0131\u201d<\/strong><\/p>\n\n\n\n<p>Torpaq islahatlar\u0131 apar\u0131lan zaman Mais M\u0259mm\u0259dovun v\u0259 bac\u0131s\u0131 G\u00fcnay \u0130srafilovan\u0131n pay\u0131na d\u00fc\u015f\u0259n torpaq sah\u0259si ail\u0259y\u0259 ayr\u0131lmay\u0131b. Uzun ill\u0259rdir ki, bac\u0131-qarda\u015f bu haqlar\u0131n\u0131 \u0259ld\u0259 etm\u0259k \u00fc\u00e7\u00fcn m\u0259hk\u0259m\u0259l\u0259r\u0259 m\u00fcraci\u0259t edirl\u0259r:<\/p>\n\n\n\n<p>\u201cU\u015faq olmu\u015fuq, n\u0259 m\u0259nim, d\u0259 n\u0259 bac\u0131m\u0131n ad\u0131 pay torpa\u011f\u0131 siyah\u0131s\u0131na al\u0131n\u0131b. M\u0259hk\u0259m\u0259y\u0259 verdim, iddiam t\u0259min olunmad\u0131, hakim a\u00e7\u0131q \u015f\u0259kild\u0259 bildirdi ki, q\u0259rar \u00e7\u0131xarsaq, biz\u0259 t\u00f6hm\u0259t g\u0259l\u0259c\u0259k. \u00c7\u00fcnki sonra ba\u015fqalar\u0131 da bel\u0259 bir q\u0259rar\u0131n oldu\u011funu bilib m\u0259hk\u0259m\u0259l\u0259r\u0259 \u00fcz tutacaq. M\u0259n d\u0259 onlara ba\u015fqa bir q\u0259rar apar\u0131b g\u00f6st\u0259rdim, dedim, 2018-ci ild\u0259 bu m\u0259hk\u0259m\u0259nin ba\u015fqa bir hakimi ba\u015fqa bir v\u0259t\u0259nda\u015f\u0131n eyni iddias\u0131n\u0131 t\u0259min edib. Hakim buna da m\u0259h\u0259l qoymad\u0131. Sonradan hakim x\u0259b\u0259r g\u00f6nd\u0259rdi ki, 1000 manat g\u0259tirsin, h\u0259ll ed\u0259k. Pul ver\u0259 bilm\u0259diyim\u0259 g\u00f6r\u0259m\u0259nim i\u015ftitrak\u0131m olmadan q\u0259rar \u00e7\u0131xar\u0131ld\u0131. M\u0259n m\u0259hk\u0259m\u0259y\u0259 \u00e7atanda dedil\u0259r ki, art\u0131q q\u0259rar \u00e7\u0131x\u0131b, iddian t\u0259min olunmay\u0131b\u201d.<\/p>\n\n\n\n<p><strong>\u201cM\u0259kt\u0259b direktorunu h\u0259d\u0259l\u0259mi\u015fdil\u0259r ki\u2026\u201d<\/strong><\/p>\n\n\n\n<p>Mais M\u0259mm\u0259dov v\u0259 bac\u0131s\u0131 m\u0259hk\u0259m\u0259l\u0259rl\u0259 yana\u015f\u0131 d\u00f6vl\u0259t qurumlar\u0131na da m\u00fcraci\u0259t edibl\u0259r, ancaq m\u0259s\u0259l\u0259 h\u0259llini tapmay\u0131b:<\/p>\n\n\n\n<p>\u201cM\u0259nim v\u0259 bac\u0131m\u0131n 1996-2000-ci ill\u0259r \u0259rzind\u0259 Qala\u011fan inzibati \u0259razisin\u0259 aid olan \u018fr\u0259b k\u0259ndind\u0259 qeydiyyatda olma\u011f\u0131m\u0131za dair, Milli Arxiv \u0130dar\u0259sinin, t\u0259hsil ald\u0131\u011f\u0131m\u0131z Qala\u011fan k\u0259nd orta m\u0259kt\u0259binin aray\u0131\u015flar\u0131 var. B\u00fct\u00fcn bunlara baxmayaraq haqq\u0131m\u0131z olan pay toprpaqlar\u0131m\u0131z\u0131 biz\u0259 ay\u0131rm\u0131rlar. Halbuki, biziml\u0259 ya\u015f\u0131d olan h\u0259mk\u0259ndlil\u0259rimizin bu haqq\u0131 tan\u0131n\u0131b. H\u0259tta o vaxt b\u0259l\u0259diyy\u0259d\u0259n gedib m\u0259kt\u0259b direktorunu h\u0259d\u0259l\u0259mi\u015fdil\u0259r ki, s\u0259n niy\u0259 bunlara aray\u0131\u015f vermis\u0259n\u201d.<\/p>\n\n\n\n<p><strong>\u201cTorpaq ayr\u0131lmas\u0131 m\u00fcmk\u00fcn deyil\u201d<\/strong><\/p>\n\n\n\n<p>Xa\u00e7maz Rayon \u0130cra Hakimiyy\u0259tind\u0259n bildirilib ki, Mais M\u0259mm\u0259dov v\u0259 bac\u0131s\u0131 G\u00fcnay \u0130srafilova quruma da m\u00fcraci\u0259t edib. Onlar h\u0259qiq\u0259t\u0259n d\u0259 2002-ci il\u0259d\u0259k \u018fr\u0259b k\u0259ndind\u0259 qeydiyyatda olublar. \u0130slahat Komissiyas\u0131n\u0131n l\u0259\u011fv edilm\u0259sind\u0259n uzun m\u00fcdd\u0259t ke\u00e7diyi \u00fc\u00e7\u00fcn indi onlara pay torpa\u011f\u0131n\u0131n ayr\u0131lmas\u0131 m\u00fcmk\u00fcn deyil. Ancaq Mais M\u0259mm\u0259dovun m\u00fcraci\u0259ti v\u0259 ail\u0259 durumu n\u0259z\u0259r\u0259 al\u0131naraq ona k\u0259nd \u0259razisind\u0259n icar\u0259y\u0259 torpaq t\u0259klif edilib, v\u0259t\u0259nda\u015f imtina edib.<\/p>\n","protected":false},"excerpt":{"rendered":"<p>\u201cHakim x\u0259b\u0259r g\u00f6nd\u0259rdi ki, 1000 manat g\u0259tirsin, h\u0259ll ed\u0259k\u201d \u201cU\u015faq &#8230; <\/p>\n<p class=\"read-more-container\"><a title=\"Xa\u00e7maz sakini: \u201cHaqq\u0131m\u0131z olan pay torpaqlar\u0131m\u0131z\u0131 biz\u0259 vermirl\u0259r\u201d\" class=\"read-more button\" href=\"https:\/\/www.meydan.tv\/az\/article\/xacmaz-sakini-haqqimiz-olan-pay-torpaqlarimizi-bize-vermirler\/#more-257189\" aria-label=\"Read more about Xa\u00e7maz sakini: \u201cHaqq\u0131m\u0131z olan pay torpaqlar\u0131m\u0131z\u0131 biz\u0259 vermirl\u0259r\u201d\">Davam\u0131<\/a><\/p>\n","protected":false},"author":12,"featured_media":257190,"comment_status":"closed","ping_status":"closed","sticky":false,"template":"","format":"standard","meta":{"_acf_changed":false,"_sitemap_exclude":false,"_sitemap_priority":"","_sitemap_frequency":"","footnotes":""},"categories":[60,62,56],"tags":[],"class_list":["post-257189","post","type-post","status-publish","format-standard","has-post-thumbnail","hentry","category-bolge","category-sosial","category-xeberler","infinite-scroll-item","generate-columns","tablet-grid-50","mobile-grid-100","grid-parent","grid-33","no-featured-image-padding"],"acf":[],"yoast_head":"<!-- This site is optimized with the Yoast SEO plugin v27.5 - https:\/\/yoast.com\/product\/yoast-seo-wordpress\/ -->\n<title>Xa\u00e7maz sakini: \u201cHaqq\u0131m\u0131z olan pay torpaqlar\u0131m\u0131z\u0131 biz\u0259 vermirl\u0259r\u201d - MEYDAN.TV<\/title>\n<meta name=\"robots\" content=\"index, follow, max-snippet:-1, max-image-preview:large, max-video-preview:-1\" \/>\n<link rel=\"canonical\" href=\"https:\/\/www.meydan.tv\/az\/article\/xacmaz-sakini-haqqimiz-olan-pay-torpaqlarimizi-bize-vermirler\/\" \/>\n<meta property=\"og:locale\" content=\"az_AZ\" \/>\n<meta property=\"og:type\" content=\"article\" \/>\n<meta property=\"og:title\" content=\"Xa\u00e7maz sakini: \u201cHaqq\u0131m\u0131z olan pay torpaqlar\u0131m\u0131z\u0131 biz\u0259 vermirl\u0259r\u201d - MEYDAN.TV\" \/>\n<meta property=\"og:description\" content=\"\u201cHakim x\u0259b\u0259r g\u00f6nd\u0259rdi ki, 1000 manat g\u0259tirsin, h\u0259ll ed\u0259k\u201d \u201cU\u015faq ... Davam\u0131\" \/>\n<meta property=\"og:url\" content=\"https:\/\/www.meydan.tv\/az\/article\/xacmaz-sakini-haqqimiz-olan-pay-torpaqlarimizi-bize-vermirler\/\" \/>\n<meta property=\"og:site_name\" content=\"MEYDAN.TV\" \/>\n<meta property=\"article:published_time\" content=\"2022-09-30T15:29:58+00:00\" \/>\n<meta property=\"article:modified_time\" content=\"2022-09-30T15:30:00+00:00\" \/>\n<meta property=\"og:image\" content=\"https:\/\/www.meydan.tv\/wp-content\/uploads\/ca45a231-2dac-4e8d-a6cb-b9ff36a47837.jpeg\" \/>\n\t<meta property=\"og:image:width\" content=\"1144\" \/>\n\t<meta property=\"og:image:height\" content=\"658\" \/>\n\t<meta property=\"og:image:type\" content=\"image\/jpeg\" \/>\n<meta name=\"author\" content=\"aleks\" \/>\n<meta name=\"twitter:card\" content=\"summary_large_image\" \/>\n<script type=\"application\/ld+json\" class=\"yoast-schema-graph\">{\"@context\":\"https:\\\/\\\/schema.org\",\"@graph\":[{\"@type\":\"Article\",\"@id\":\"https:\\\/\\\/www.meydan.tv\\\/az\\\/article\\\/xacmaz-sakini-haqqimiz-olan-pay-torpaqlarimizi-bize-vermirler\\\/#article\",\"isPartOf\":{\"@id\":\"https:\\\/\\\/www.meydan.tv\\\/az\\\/article\\\/xacmaz-sakini-haqqimiz-olan-pay-torpaqlarimizi-bize-vermirler\\\/\"},\"author\":{\"name\":\"aleks\",\"@id\":\"https:\\\/\\\/www.meydan.tv\\\/az\\\/#\\\/schema\\\/person\\\/476e9360e593fa131d5d71d51866f8da\"},\"headline\":\"Xa\u00e7maz sakini: \u201cHaqq\u0131m\u0131z olan pay torpaqlar\u0131m\u0131z\u0131 biz\u0259 vermirl\u0259r\u201d\",\"datePublished\":\"2022-09-30T15:29:58+00:00\",\"dateModified\":\"2022-09-30T15:30:00+00:00\",\"mainEntityOfPage\":{\"@id\":\"https:\\\/\\\/www.meydan.tv\\\/az\\\/article\\\/xacmaz-sakini-haqqimiz-olan-pay-torpaqlarimizi-bize-vermirler\\\/\"},\"wordCount\":622,\"publisher\":{\"@id\":\"https:\\\/\\\/www.meydan.tv\\\/az\\\/#organization\"},\"image\":{\"@id\":\"https:\\\/\\\/www.meydan.tv\\\/az\\\/article\\\/xacmaz-sakini-haqqimiz-olan-pay-torpaqlarimizi-bize-vermirler\\\/#primaryimage\"},\"thumbnailUrl\":\"https:\\\/\\\/www.meydan.tv\\\/wp-content\\\/uploads\\\/ca45a231-2dac-4e8d-a6cb-b9ff36a47837.jpeg\",\"articleSection\":[\"B\u00f6lg\u0259\",\"Sosial\",\"X\u0259b\u0259rl\u0259r\"],\"inLanguage\":\"az\"},{\"@type\":\"WebPage\",\"@id\":\"https:\\\/\\\/www.meydan.tv\\\/az\\\/article\\\/xacmaz-sakini-haqqimiz-olan-pay-torpaqlarimizi-bize-vermirler\\\/\",\"url\":\"https:\\\/\\\/www.meydan.tv\\\/az\\\/article\\\/xacmaz-sakini-haqqimiz-olan-pay-torpaqlarimizi-bize-vermirler\\\/\",\"name\":\"Xa\u00e7maz sakini: \u201cHaqq\u0131m\u0131z olan pay torpaqlar\u0131m\u0131z\u0131 biz\u0259 vermirl\u0259r\u201d - MEYDAN.TV\",\"isPartOf\":{\"@id\":\"https:\\\/\\\/www.meydan.tv\\\/az\\\/#website\"},\"primaryImageOfPage\":{\"@id\":\"https:\\\/\\\/www.meydan.tv\\\/az\\\/article\\\/xacmaz-sakini-haqqimiz-olan-pay-torpaqlarimizi-bize-vermirler\\\/#primaryimage\"},\"image\":{\"@id\":\"https:\\\/\\\/www.meydan.tv\\\/az\\\/article\\\/xacmaz-sakini-haqqimiz-olan-pay-torpaqlarimizi-bize-vermirler\\\/#primaryimage\"},\"thumbnailUrl\":\"https:\\\/\\\/www.meydan.tv\\\/wp-content\\\/uploads\\\/ca45a231-2dac-4e8d-a6cb-b9ff36a47837.jpeg\",\"datePublished\":\"2022-09-30T15:29:58+00:00\",\"dateModified\":\"2022-09-30T15:30:00+00:00\",\"breadcrumb\":{\"@id\":\"https:\\\/\\\/www.meydan.tv\\\/az\\\/article\\\/xacmaz-sakini-haqqimiz-olan-pay-torpaqlarimizi-bize-vermirler\\\/#breadcrumb\"},\"inLanguage\":\"az\",\"potentialAction\":[{\"@type\":\"ReadAction\",\"target\":[\"https:\\\/\\\/www.meydan.tv\\\/az\\\/article\\\/xacmaz-sakini-haqqimiz-olan-pay-torpaqlarimizi-bize-vermirler\\\/\"]}]},{\"@type\":\"ImageObject\",\"inLanguage\":\"az\",\"@id\":\"https:\\\/\\\/www.meydan.tv\\\/az\\\/article\\\/xacmaz-sakini-haqqimiz-olan-pay-torpaqlarimizi-bize-vermirler\\\/#primaryimage\",\"url\":\"https:\\\/\\\/www.meydan.tv\\\/wp-content\\\/uploads\\\/ca45a231-2dac-4e8d-a6cb-b9ff36a47837.jpeg\",\"contentUrl\":\"https:\\\/\\\/www.meydan.tv\\\/wp-content\\\/uploads\\\/ca45a231-2dac-4e8d-a6cb-b9ff36a47837.jpeg\",\"width\":1144,\"height\":658},{\"@type\":\"BreadcrumbList\",\"@id\":\"https:\\\/\\\/www.meydan.tv\\\/az\\\/article\\\/xacmaz-sakini-haqqimiz-olan-pay-torpaqlarimizi-bize-vermirler\\\/#breadcrumb\",\"itemListElement\":[{\"@type\":\"ListItem\",\"position\":1,\"name\":\"Ana s\u0259hif\u0259\",\"item\":\"https:\\\/\\\/www.meydan.tv\\\/az\\\/\"},{\"@type\":\"ListItem\",\"position\":2,\"name\":\"B\u00f6lg\u0259\",\"item\":\"https:\\\/\\\/www.meydan.tv\\\/az\\\/section\\\/bolge\\\/\"},{\"@type\":\"ListItem\",\"position\":3,\"name\":\"Xa\u00e7maz sakini: \u201cHaqq\u0131m\u0131z olan pay torpaqlar\u0131m\u0131z\u0131 biz\u0259 vermirl\u0259r\u201d\"}]},{\"@type\":\"WebSite\",\"@id\":\"https:\\\/\\\/www.meydan.tv\\\/az\\\/#website\",\"url\":\"https:\\\/\\\/www.meydan.tv\\\/az\\\/\",\"name\":\"MEYDAN.TV\",\"description\":\"Meydan TV Az\u0259rbaycan\u0131n media m\u0259kan\u0131ndak\u0131 alternativ s\u0259sidir\",\"publisher\":{\"@id\":\"https:\\\/\\\/www.meydan.tv\\\/az\\\/#organization\"},\"potentialAction\":[{\"@type\":\"SearchAction\",\"target\":{\"@type\":\"EntryPoint\",\"urlTemplate\":\"https:\\\/\\\/www.meydan.tv\\\/az\\\/?s={search_term_string}\"},\"query-input\":{\"@type\":\"PropertyValueSpecification\",\"valueRequired\":true,\"valueName\":\"search_term_string\"}}],\"inLanguage\":\"az\"},{\"@type\":\"Organization\",\"@id\":\"https:\\\/\\\/www.meydan.tv\\\/az\\\/#organization\",\"name\":\"Meydan TV\",\"url\":\"https:\\\/\\\/www.meydan.tv\\\/az\\\/\",\"logo\":{\"@type\":\"ImageObject\",\"inLanguage\":\"az\",\"@id\":\"https:\\\/\\\/www.meydan.tv\\\/az\\\/#\\\/schema\\\/logo\\\/image\\\/\",\"url\":\"https:\\\/\\\/www.meydan.tv\\\/wp-content\\\/uploads\\\/2021\\\/07\\\/meydan-logo.svg\",\"contentUrl\":\"https:\\\/\\\/www.meydan.tv\\\/wp-content\\\/uploads\\\/2021\\\/07\\\/meydan-logo.svg\",\"width\":195,\"height\":46,\"caption\":\"Meydan TV\"},\"image\":{\"@id\":\"https:\\\/\\\/www.meydan.tv\\\/az\\\/#\\\/schema\\\/logo\\\/image\\\/\"}},{\"@type\":\"Person\",\"@id\":\"https:\\\/\\\/www.meydan.tv\\\/az\\\/#\\\/schema\\\/person\\\/476e9360e593fa131d5d71d51866f8da\",\"name\":\"aleks\"}]}<\/script>\n<!-- \/ Yoast SEO plugin. -->","yoast_head_json":{"title":"Xa\u00e7maz sakini: \u201cHaqq\u0131m\u0131z olan pay torpaqlar\u0131m\u0131z\u0131 biz\u0259 vermirl\u0259r\u201d - MEYDAN.TV","robots":{"index":"index","follow":"follow","max-snippet":"max-snippet:-1","max-image-preview":"max-image-preview:large","max-video-preview":"max-video-preview:-1"},"canonical":"https:\/\/www.meydan.tv\/az\/article\/xacmaz-sakini-haqqimiz-olan-pay-torpaqlarimizi-bize-vermirler\/","og_locale":"az_AZ","og_type":"article","og_title":"Xa\u00e7maz sakini: \u201cHaqq\u0131m\u0131z olan pay torpaqlar\u0131m\u0131z\u0131 biz\u0259 vermirl\u0259r\u201d - MEYDAN.TV","og_description":"\u201cHakim x\u0259b\u0259r g\u00f6nd\u0259rdi ki, 1000 manat g\u0259tirsin, h\u0259ll ed\u0259k\u201d \u201cU\u015faq ... Davam\u0131","og_url":"https:\/\/www.meydan.tv\/az\/article\/xacmaz-sakini-haqqimiz-olan-pay-torpaqlarimizi-bize-vermirler\/","og_site_name":"MEYDAN.TV","article_published_time":"2022-09-30T15:29:58+00:00","article_modified_time":"2022-09-30T15:30:00+00:00","og_image":[{"width":1144,"height":658,"url":"https:\/\/www.meydan.tv\/wp-content\/uploads\/ca45a231-2dac-4e8d-a6cb-b9ff36a47837.jpeg","type":"image\/jpeg"}],"author":"aleks","twitter_card":"summary_large_image","schema":{"@context":"https:\/\/schema.org","@graph":[{"@type":"Article","@id":"https:\/\/www.meydan.tv\/az\/article\/xacmaz-sakini-haqqimiz-olan-pay-torpaqlarimizi-bize-vermirler\/#article","isPartOf":{"@id":"https:\/\/www.meydan.tv\/az\/article\/xacmaz-sakini-haqqimiz-olan-pay-torpaqlarimizi-bize-vermirler\/"},"author":{"name":"aleks","@id":"https:\/\/www.meydan.tv\/az\/#\/schema\/person\/476e9360e593fa131d5d71d51866f8da"},"headline":"Xa\u00e7maz sakini: \u201cHaqq\u0131m\u0131z olan pay torpaqlar\u0131m\u0131z\u0131 biz\u0259 vermirl\u0259r\u201d","datePublished":"2022-09-30T15:29:58+00:00","dateModified":"2022-09-30T15:30:00+00:00","mainEntityOfPage":{"@id":"https:\/\/www.meydan.tv\/az\/article\/xacmaz-sakini-haqqimiz-olan-pay-torpaqlarimizi-bize-vermirler\/"},"wordCount":622,"publisher":{"@id":"https:\/\/www.meydan.tv\/az\/#organization"},"image":{"@id":"https:\/\/www.meydan.tv\/az\/article\/xacmaz-sakini-haqqimiz-olan-pay-torpaqlarimizi-bize-vermirler\/#primaryimage"},"thumbnailUrl":"https:\/\/www.meydan.tv\/wp-content\/uploads\/ca45a231-2dac-4e8d-a6cb-b9ff36a47837.jpeg","articleSection":["B\u00f6lg\u0259","Sosial","X\u0259b\u0259rl\u0259r"],"inLanguage":"az"},{"@type":"WebPage","@id":"https:\/\/www.meydan.tv\/az\/article\/xacmaz-sakini-haqqimiz-olan-pay-torpaqlarimizi-bize-vermirler\/","url":"https:\/\/www.meydan.tv\/az\/article\/xacmaz-sakini-haqqimiz-olan-pay-torpaqlarimizi-bize-vermirler\/","name":"Xa\u00e7maz sakini: \u201cHaqq\u0131m\u0131z olan pay torpaqlar\u0131m\u0131z\u0131 biz\u0259 vermirl\u0259r\u201d - MEYDAN.TV","isPartOf":{"@id":"https:\/\/www.meydan.tv\/az\/#website"},"primaryImageOfPage":{"@id":"https:\/\/www.meydan.tv\/az\/article\/xacmaz-sakini-haqqimiz-olan-pay-torpaqlarimizi-bize-vermirler\/#primaryimage"},"image":{"@id":"https:\/\/www.meydan.tv\/az\/article\/xacmaz-sakini-haqqimiz-olan-pay-torpaqlarimizi-bize-vermirler\/#primaryimage"},"thumbnailUrl":"https:\/\/www.meydan.tv\/wp-content\/uploads\/ca45a231-2dac-4e8d-a6cb-b9ff36a47837.jpeg","datePublished":"2022-09-30T15:29:58+00:00","dateModified":"2022-09-30T15:30:00+00:00","breadcrumb":{"@id":"https:\/\/www.meydan.tv\/az\/article\/xacmaz-sakini-haqqimiz-olan-pay-torpaqlarimizi-bize-vermirler\/#breadcrumb"},"inLanguage":"az","potentialAction":[{"@type":"ReadAction","target":["https:\/\/www.meydan.tv\/az\/article\/xacmaz-sakini-haqqimiz-olan-pay-torpaqlarimizi-bize-vermirler\/"]}]},{"@type":"ImageObject","inLanguage":"az","@id":"https:\/\/www.meydan.tv\/az\/article\/xacmaz-sakini-haqqimiz-olan-pay-torpaqlarimizi-bize-vermirler\/#primaryimage","url":"https:\/\/www.meydan.tv\/wp-content\/uploads\/ca45a231-2dac-4e8d-a6cb-b9ff36a47837.jpeg","contentUrl":"https:\/\/www.meydan.tv\/wp-content\/uploads\/ca45a231-2dac-4e8d-a6cb-b9ff36a47837.jpeg","width":1144,"height":658},{"@type":"BreadcrumbList","@id":"https:\/\/www.meydan.tv\/az\/article\/xacmaz-sakini-haqqimiz-olan-pay-torpaqlarimizi-bize-vermirler\/#breadcrumb","itemListElement":[{"@type":"ListItem","position":1,"name":"Ana s\u0259hif\u0259","item":"https:\/\/www.meydan.tv\/az\/"},{"@type":"ListItem","position":2,"name":"B\u00f6lg\u0259","item":"https:\/\/www.meydan.tv\/az\/section\/bolge\/"},{"@type":"ListItem","position":3,"name":"Xa\u00e7maz sakini: \u201cHaqq\u0131m\u0131z olan pay torpaqlar\u0131m\u0131z\u0131 biz\u0259 vermirl\u0259r\u201d"}]},{"@type":"WebSite","@id":"https:\/\/www.meydan.tv\/az\/#website","url":"https:\/\/www.meydan.tv\/az\/","name":"MEYDAN.TV","description":"Meydan TV Az\u0259rbaycan\u0131n media m\u0259kan\u0131ndak\u0131 alternativ s\u0259sidir","publisher":{"@id":"https:\/\/www.meydan.tv\/az\/#organization"},"potentialAction":[{"@type":"SearchAction","target":{"@type":"EntryPoint","urlTemplate":"https:\/\/www.meydan.tv\/az\/?s={search_term_string}"},"query-input":{"@type":"PropertyValueSpecification","valueRequired":true,"valueName":"search_term_string"}}],"inLanguage":"az"},{"@type":"Organization","@id":"https:\/\/www.meydan.tv\/az\/#organization","name":"Meydan TV","url":"https:\/\/www.meydan.tv\/az\/","logo":{"@type":"ImageObject","inLanguage":"az","@id":"https:\/\/www.meydan.tv\/az\/#\/schema\/logo\/image\/","url":"https:\/\/www.meydan.tv\/wp-content\/uploads\/2021\/07\/meydan-logo.svg","contentUrl":"https:\/\/www.meydan.tv\/wp-content\/uploads\/2021\/07\/meydan-logo.svg","width":195,"height":46,"caption":"Meydan TV"},"image":{"@id":"https:\/\/www.meydan.tv\/az\/#\/schema\/logo\/image\/"}},{"@type":"Person","@id":"https:\/\/www.meydan.tv\/az\/#\/schema\/person\/476e9360e593fa131d5d71d51866f8da","name":"aleks"}]}},"_links":{"self":[{"href":"https:\/\/www.meydan.tv\/az\/wp-json\/wp\/v2\/posts\/257189","targetHints":{"allow":["GET"]}}],"collection":[{"href":"https:\/\/www.meydan.tv\/az\/wp-json\/wp\/v2\/posts"}],"about":[{"href":"https:\/\/www.meydan.tv\/az\/wp-json\/wp\/v2\/types\/post"}],"author":[{"embeddable":true,"href":"https:\/\/www.meydan.tv\/az\/wp-json\/wp\/v2\/users\/12"}],"replies":[{"embeddable":true,"href":"https:\/\/www.meydan.tv\/az\/wp-json\/wp\/v2\/comments?post=257189"}],"version-history":[{"count":1,"href":"https:\/\/www.meydan.tv\/az\/wp-json\/wp\/v2\/posts\/257189\/revisions"}],"predecessor-version":[{"id":257193,"href":"https:\/\/www.meydan.tv\/az\/wp-json\/wp\/v2\/posts\/257189\/revisions\/257193"}],"wp:featuredmedia":[{"embeddable":true,"href":"https:\/\/www.meydan.tv\/az\/wp-json\/wp\/v2\/media\/257190"}],"wp:attachment":[{"href":"https:\/\/www.meydan.tv\/az\/wp-json\/wp\/v2\/media?parent=257189"}],"wp:term":[{"taxonomy":"category","embeddable":true,"href":"https:\/\/www.meydan.tv\/az\/wp-json\/wp\/v2\/categories?post=257189"},{"taxonomy":"post_tag","embeddable":true,"href":"https:\/\/www.meydan.tv\/az\/wp-json\/wp\/v2\/tags?post=257189"}],"curies":[{"name":"wp","href":"https:\/\/api.w.org\/{rel}","templated":true}]}}