{"id":257154,"date":"2022-09-30T16:26:07","date_gmt":"2022-09-30T12:26:07","guid":{"rendered":"https:\/\/www.meydan.tv\/?p=257154"},"modified":"2022-09-30T16:26:11","modified_gmt":"2022-09-30T12:26:11","slug":"mingecevir-sakini-seherin-merkezindeki-alternativ-yol-yoxa-cixib","status":"publish","type":"post","link":"https:\/\/www.meydan.tv\/az\/article\/mingecevir-sakini-seherin-merkezindeki-alternativ-yol-yoxa-cixib\/","title":{"rendered":"Ming\u0259\u00e7evir sakini: \u201c\u015e\u0259h\u0259rin m\u0259rk\u0259zind\u0259ki alternativ yol \u201cyoxa \u00e7\u0131x\u0131b\u201d\u201d"},"content":{"rendered":"\n<p><\/p>\n\n\n\n<p><em>Sakinl\u0259r Nizami k\u00fc\u00e7\u0259sind\u0259ki yoldan istifad\u0259 ed\u0259 bilmir<\/em><\/p>\n\n\n\n<p>\u201c\u015e\u0259h\u0259rin m\u0259rk\u0259zind\u0259 alternativ yol var, daha do\u011frusu, ad\u0131 var, \u00f6z\u00fc yoxdur. Ne\u00e7\u0259 ildir ki, 5-6 kilometrlik bu yol \u201cyoxa \u00e7x\u0131b\u201d. Hans\u0131 ki, \u0259sas yolda q\u0259za, qaz\u0131nt\u0131, t\u0131xac olanda s\u00fcr\u00fcc\u00fcl\u0259r h\u0259min alternativ yoldan istifad\u0259 etm\u0259lidir ki, t\u0131xac aradan qalxs\u0131n. Ne\u00e7\u0259 ill\u0259rdir ki, h\u0259min yol ayr\u0131-ayr\u0131 adamlara sat\u0131l\u0131b, icar\u0259y\u0259 verilib. Biri ma\u011faza, dig\u0259ri bazar, ba\u015fqa biri ia\u015f\u0259 obyekti a\u00e7\u0131b\u2026\u201d<\/p>\n\n\n\n<figure class=\"wp-block-image size-large\"><img decoding=\"async\" width=\"1095\" height=\"821\" data-src=\"https:\/\/www.meydan.tv\/wp-content\/uploads\/photo-2022-09-28-17-03-14-1-1095x821.jpg\" alt=\"\" class=\"wp-image-257124 lazyload\" src=\"data:image\/svg+xml;base64,PHN2ZyB3aWR0aD0iMSIgaGVpZ2h0PSIxIiB4bWxucz0iaHR0cDovL3d3dy53My5vcmcvMjAwMC9zdmciPjwvc3ZnPg==\" style=\"--smush-placeholder-width: 1095px; --smush-placeholder-aspect-ratio: 1095\/821;\" \/><\/figure>\n\n\n\n<p><strong>\u201c5-6 kilometrlik yol z\u0259bt edilib\u201d<\/strong><\/p>\n\n\n\n<p>Ming\u0259\u00e7evir sakini Murad Musayev deyir, \u015f\u0259h\u0259rin m\u0259rk\u0259zind\u0259ki Heyd\u0259r \u018fliyev prospektin\u0259 alternativ yol uzun ill\u0259rdir ki, \u0259haliy\u0259 yoldan ba\u015fqa h\u0259r c\u00fcr xidm\u0259t g\u00f6st\u0259rir. N\u0259tic\u0259d\u0259 \u0259sas yolda t\u0131xac yarananda s\u00fcr\u00fcc\u00fcl\u0259r \u00e7ar\u0259siz qal\u0131r:<\/p>\n\n\n\n<p>\u201cS\u00f6hb\u0259t G\u00f6y\u0259r\u00e7in abid\u0259sind\u0259n K\u00fcr\u00fcn k\u00f6rp\u00fcs\u00fcn\u0259d\u0259k uzanan 5-6 kilometrlik yoldan gedir. O yolun k\u0259nar\u0131nda kimin obyekti varsa, pulunu verib, obyektin yola d\u00fc\u015f\u0259n qar\u015f\u0131s\u0131n\u0131 z\u0259bt edib. \u201cF\u0259zailin bazar\u0131\u201d deyil\u0259n yer var, bazar\u0131 yola \u00e7\u0131xar\u0131b, \u201cAz\u0259rkabel\u201din filial\u0131 var, yoldan g\u00f6t\u00fcr\u00fcb, \u00f6z \u0259razisin\u0259 qat\u0131b. Biri g\u00fcl \u0259kib, biri hiss\u0259si k\u0259nd m\u0259hsullar\u0131 g\u0259tir\u0259nl\u0259r\u0259 g\u00fcnd\u0259lik icar\u0259y\u0259 verilir. Bir s\u00f6zl\u0259, yoldan \u0259s\u0259r-\u0259lam\u0259t qalmay\u0131b\u201d.<\/p>\n\n\n\n<figure class=\"wp-block-image size-large\"><img decoding=\"async\" width=\"1095\" height=\"821\" data-src=\"https:\/\/www.meydan.tv\/wp-content\/uploads\/photo-2022-09-28-17-03-13-1095x821.jpg\" alt=\"\" class=\"wp-image-257133 lazyload\" src=\"data:image\/svg+xml;base64,PHN2ZyB3aWR0aD0iMSIgaGVpZ2h0PSIxIiB4bWxucz0iaHR0cDovL3d3dy53My5vcmcvMjAwMC9zdmciPjwvc3ZnPg==\" style=\"--smush-placeholder-width: 1095px; --smush-placeholder-aspect-ratio: 1095\/821;\" \/><\/figure>\n\n\n\n<p>\u015e\u0259h\u0259r sakinin dem\u0259sin\u0259 g\u00f6r\u0259, k\u0259nardan g\u0259l\u0259n avtobuslar da h\u0259min \u0259razid\u0259 park edir. N\u0259tic\u0259d\u0259 \u015f\u0259h\u0259ri\u00e7i h\u0259r\u0259k\u0259t ed\u0259n v\u0259 \u0259sas dair\u0259y\u0259 daxil olub prospekt\u0259 \u00e7\u0131xmal\u0131 olan avtomobill\u0259r m\u0259cburiyy\u0259t qar\u015f\u0131s\u0131nda yol h\u0259r\u0259k\u0259ti qaydalar\u0131n\u0131 pozurlar.<\/p>\n\n\n\n<p><strong>\u201cCibl\u0259r\u0259 pullar ax\u0131r\u201d<\/strong><\/p>\n\n\n\n<p>\u015e\u0259h\u0259rin ba\u015fqa sakini Eld\u0259niz S\u0259f\u0259rov da eyni problemd\u0259n dan\u0131\u015f\u0131r. O, bu problemin yeni olmad\u0131\u011f\u0131 vur\u011fulay\u0131r:<\/p>\n\n\n\n<p>\u201cM\u0259n demir\u0259m ki, bu v\u0259ziyy\u0259ti indiki icra hakimiyy\u0259ti, indiki b\u0259l\u0259diyy\u0259 yarad\u0131b. Bu, \u00e7oxdank\u0131 m\u0259s\u0259l\u0259dir. Ancaq \u015f\u0259h\u0259rin r\u0259hb\u0259rliyi d\u0259yi\u015fdikc\u0259, problem yerind\u0259 qal\u0131r. He\u00e7 bir m\u0259mur bu biab\u0131r\u00e7\u0131l\u0131\u011f\u0131 aradan qald\u0131rmaqda maraql\u0131 deyil, \u00e7\u00fcnki \u0259razid\u0259n cibl\u0259r\u0259 pullar ax\u0131r. Ham\u0131 bilir ki, bu i\u015fl\u0259rin ba\u015f\u0131nda kiml\u0259r dayan\u0131r. S\u0131radan biri \u00e7\u0131xar\u0131b k\u00fc\u00e7\u0259y\u0259 bir masa qoysa, y\u00fcz yerd\u0259n yax\u0131nla\u015f\u0131b sor\u011fulayarlar, qar\u015f\u0131s\u0131n\u0131 alarlar. \u0130cra hakimiyy\u0259tinin x\u0259b\u0259ri olmadan bel\u0259 i\u015fl\u0259r g\u00f6rm\u0259k m\u00fcmk\u00fcn deyil\u201d.<\/p>\n\n\n\n<p>Eld\u0259niz S\u0259f\u0259rovun s\u00f6zl\u0259rin\u0259 g\u00f6r\u0259, \u015f\u0259h\u0259r sakinl\u0259ri alternativ yolun y\u00fckd\u0259n azad edil\u0259r\u0259k onlara qaytar\u0131lmas\u0131 \u00fc\u00e7\u00fcn d\u0259f\u0259l\u0259rl\u0259 aidiyy\u0259ti qurumlara m\u00fcraci\u0259t ets\u0259 d\u0259, n\u0259tic\u0259si olmay\u0131b.<\/p>\n\n\n\n<figure class=\"wp-block-image size-large\"><img decoding=\"async\" width=\"1095\" height=\"821\" data-src=\"https:\/\/www.meydan.tv\/wp-content\/uploads\/photo-2022-09-28-17-03-14-1095x821.jpg\" alt=\"\" class=\"wp-image-257130 lazyload\" src=\"data:image\/svg+xml;base64,PHN2ZyB3aWR0aD0iMSIgaGVpZ2h0PSIxIiB4bWxucz0iaHR0cDovL3d3dy53My5vcmcvMjAwMC9zdmciPjwvc3ZnPg==\" style=\"--smush-placeholder-width: 1095px; --smush-placeholder-aspect-ratio: 1095\/821;\" \/><\/figure>\n\n\n\n<p>Ming\u0259\u00e7evir \u015e\u0259h\u0259r \u0130cra Hakimiyy\u0259tind\u0259n Meydan TV-y\u0259 bildirilib ki, \u0259razid\u0259 avtomobill\u0259rin v\u0259 piyadalar\u0131n h\u0259r\u0259k\u0259tin\u0259 h\u0259r hans\u0131 ciddi \u0259ng\u0259l yoxdur. Qurumun \u0259m\u0259kda\u015flar\u0131 \u0259razid\u0259ki k\u00fc\u00e7\u0259 ticar\u0259til\u0259 m\u00fcbariz\u0259 aparmaq \u00fc\u00e7\u00fcn \u015f\u0259h\u0259r polisiyl\u0259 birg\u0259 vaxta\u015f\u0131r\u0131 reydl\u0259rd\u0259 i\u015ftirak edir: <\/p>\n\n\n\n<p>\u201c\u018fksin\u0259, o yolda yarars\u0131z hala d\u00fc\u015fm\u00fc\u015f asfalt hiss\u0259l\u0259ri t\u0259z\u0259l\u0259nir, sahibkarlara tez-tez x\u0259b\u0259rdarl\u0131qlar olunur ki, mallar\u0131 yola yax\u0131n \u0259raziy\u0259 y\u0131\u011fmas\u0131nlar\u201d, &#8211; qurumdan bildirilib.<\/p>\n","protected":false},"excerpt":{"rendered":"<p>Sakinl\u0259r Nizami k\u00fc\u00e7\u0259sind\u0259ki yoldan istifad\u0259 ed\u0259 bilmir \u201c\u015e\u0259h\u0259rin m\u0259rk\u0259zind\u0259 alternativ &#8230; <\/p>\n<p class=\"read-more-container\"><a title=\"Ming\u0259\u00e7evir sakini: \u201c\u015e\u0259h\u0259rin m\u0259rk\u0259zind\u0259ki alternativ yol \u201cyoxa \u00e7\u0131x\u0131b\u201d\u201d\" class=\"read-more button\" href=\"https:\/\/www.meydan.tv\/az\/article\/mingecevir-sakini-seherin-merkezindeki-alternativ-yol-yoxa-cixib\/#more-257154\" aria-label=\"Read more about Ming\u0259\u00e7evir sakini: \u201c\u015e\u0259h\u0259rin m\u0259rk\u0259zind\u0259ki alternativ yol \u201cyoxa \u00e7\u0131x\u0131b\u201d\u201d\">Davam\u0131<\/a><\/p>\n","protected":false},"author":8,"featured_media":257127,"comment_status":"closed","ping_status":"closed","sticky":false,"template":"","format":"standard","meta":{"_acf_changed":false,"_sitemap_exclude":false,"_sitemap_priority":"","_sitemap_frequency":"","footnotes":""},"categories":[60,56],"tags":[],"class_list":["post-257154","post","type-post","status-publish","format-standard","has-post-thumbnail","hentry","category-bolge","category-xeberler","infinite-scroll-item","generate-columns","tablet-grid-50","mobile-grid-100","grid-parent","grid-33","no-featured-image-padding"],"acf":[],"yoast_head":"<!-- This site is optimized with the Yoast SEO plugin v27.5 - https:\/\/yoast.com\/product\/yoast-seo-wordpress\/ -->\n<title>Ming\u0259\u00e7evir sakini: \u201c\u015e\u0259h\u0259rin m\u0259rk\u0259zind\u0259ki alternativ yol \u201cyoxa \u00e7\u0131x\u0131b\u201d\u201d - MEYDAN.TV<\/title>\n<meta name=\"robots\" content=\"index, follow, max-snippet:-1, max-image-preview:large, max-video-preview:-1\" \/>\n<link rel=\"canonical\" href=\"https:\/\/www.meydan.tv\/az\/article\/mingecevir-sakini-seherin-merkezindeki-alternativ-yol-yoxa-cixib\/\" \/>\n<meta property=\"og:locale\" content=\"az_AZ\" \/>\n<meta property=\"og:type\" content=\"article\" \/>\n<meta property=\"og:title\" content=\"Ming\u0259\u00e7evir sakini: \u201c\u015e\u0259h\u0259rin m\u0259rk\u0259zind\u0259ki alternativ yol \u201cyoxa \u00e7\u0131x\u0131b\u201d\u201d - MEYDAN.TV\" \/>\n<meta property=\"og:description\" content=\"Sakinl\u0259r Nizami k\u00fc\u00e7\u0259sind\u0259ki yoldan istifad\u0259 ed\u0259 bilmir \u201c\u015e\u0259h\u0259rin m\u0259rk\u0259zind\u0259 alternativ ... Davam\u0131\" \/>\n<meta property=\"og:url\" content=\"https:\/\/www.meydan.tv\/az\/article\/mingecevir-sakini-seherin-merkezindeki-alternativ-yol-yoxa-cixib\/\" \/>\n<meta property=\"og:site_name\" content=\"MEYDAN.TV\" \/>\n<meta property=\"article:published_time\" content=\"2022-09-30T12:26:07+00:00\" \/>\n<meta property=\"article:modified_time\" content=\"2022-09-30T12:26:11+00:00\" \/>\n<meta property=\"og:image\" content=\"https:\/\/www.meydan.tv\/wp-content\/uploads\/photo-2022-09-28-17-03-12.jpg\" \/>\n\t<meta property=\"og:image:width\" content=\"1156\" \/>\n\t<meta property=\"og:image:height\" content=\"867\" \/>\n\t<meta property=\"og:image:type\" content=\"image\/jpeg\" \/>\n<meta name=\"author\" content=\"elli\" \/>\n<meta name=\"twitter:card\" content=\"summary_large_image\" \/>\n<meta name=\"twitter:creator\" content=\"@elli\" \/>\n<script type=\"application\/ld+json\" class=\"yoast-schema-graph\">{\"@context\":\"https:\\\/\\\/schema.org\",\"@graph\":[{\"@type\":\"Article\",\"@id\":\"https:\\\/\\\/www.meydan.tv\\\/az\\\/article\\\/mingecevir-sakini-seherin-merkezindeki-alternativ-yol-yoxa-cixib\\\/#article\",\"isPartOf\":{\"@id\":\"https:\\\/\\\/www.meydan.tv\\\/az\\\/article\\\/mingecevir-sakini-seherin-merkezindeki-alternativ-yol-yoxa-cixib\\\/\"},\"author\":{\"name\":\"elli\",\"@id\":\"https:\\\/\\\/www.meydan.tv\\\/az\\\/#\\\/schema\\\/person\\\/9cdbecf90d17180ce1dfbd95b08dcf47\"},\"headline\":\"Ming\u0259\u00e7evir sakini: \u201c\u015e\u0259h\u0259rin m\u0259rk\u0259zind\u0259ki alternativ yol \u201cyoxa \u00e7\u0131x\u0131b\u201d\u201d\",\"datePublished\":\"2022-09-30T12:26:07+00:00\",\"dateModified\":\"2022-09-30T12:26:11+00:00\",\"mainEntityOfPage\":{\"@id\":\"https:\\\/\\\/www.meydan.tv\\\/az\\\/article\\\/mingecevir-sakini-seherin-merkezindeki-alternativ-yol-yoxa-cixib\\\/\"},\"wordCount\":595,\"publisher\":{\"@id\":\"https:\\\/\\\/www.meydan.tv\\\/az\\\/#organization\"},\"image\":{\"@id\":\"https:\\\/\\\/www.meydan.tv\\\/az\\\/article\\\/mingecevir-sakini-seherin-merkezindeki-alternativ-yol-yoxa-cixib\\\/#primaryimage\"},\"thumbnailUrl\":\"https:\\\/\\\/www.meydan.tv\\\/wp-content\\\/uploads\\\/photo-2022-09-28-17-03-12.jpg\",\"articleSection\":[\"B\u00f6lg\u0259\",\"X\u0259b\u0259rl\u0259r\"],\"inLanguage\":\"az\"},{\"@type\":\"WebPage\",\"@id\":\"https:\\\/\\\/www.meydan.tv\\\/az\\\/article\\\/mingecevir-sakini-seherin-merkezindeki-alternativ-yol-yoxa-cixib\\\/\",\"url\":\"https:\\\/\\\/www.meydan.tv\\\/az\\\/article\\\/mingecevir-sakini-seherin-merkezindeki-alternativ-yol-yoxa-cixib\\\/\",\"name\":\"Ming\u0259\u00e7evir sakini: \u201c\u015e\u0259h\u0259rin m\u0259rk\u0259zind\u0259ki alternativ yol \u201cyoxa \u00e7\u0131x\u0131b\u201d\u201d - MEYDAN.TV\",\"isPartOf\":{\"@id\":\"https:\\\/\\\/www.meydan.tv\\\/az\\\/#website\"},\"primaryImageOfPage\":{\"@id\":\"https:\\\/\\\/www.meydan.tv\\\/az\\\/article\\\/mingecevir-sakini-seherin-merkezindeki-alternativ-yol-yoxa-cixib\\\/#primaryimage\"},\"image\":{\"@id\":\"https:\\\/\\\/www.meydan.tv\\\/az\\\/article\\\/mingecevir-sakini-seherin-merkezindeki-alternativ-yol-yoxa-cixib\\\/#primaryimage\"},\"thumbnailUrl\":\"https:\\\/\\\/www.meydan.tv\\\/wp-content\\\/uploads\\\/photo-2022-09-28-17-03-12.jpg\",\"datePublished\":\"2022-09-30T12:26:07+00:00\",\"dateModified\":\"2022-09-30T12:26:11+00:00\",\"breadcrumb\":{\"@id\":\"https:\\\/\\\/www.meydan.tv\\\/az\\\/article\\\/mingecevir-sakini-seherin-merkezindeki-alternativ-yol-yoxa-cixib\\\/#breadcrumb\"},\"inLanguage\":\"az\",\"potentialAction\":[{\"@type\":\"ReadAction\",\"target\":[\"https:\\\/\\\/www.meydan.tv\\\/az\\\/article\\\/mingecevir-sakini-seherin-merkezindeki-alternativ-yol-yoxa-cixib\\\/\"]}]},{\"@type\":\"ImageObject\",\"inLanguage\":\"az\",\"@id\":\"https:\\\/\\\/www.meydan.tv\\\/az\\\/article\\\/mingecevir-sakini-seherin-merkezindeki-alternativ-yol-yoxa-cixib\\\/#primaryimage\",\"url\":\"https:\\\/\\\/www.meydan.tv\\\/wp-content\\\/uploads\\\/photo-2022-09-28-17-03-12.jpg\",\"contentUrl\":\"https:\\\/\\\/www.meydan.tv\\\/wp-content\\\/uploads\\\/photo-2022-09-28-17-03-12.jpg\",\"width\":1156,\"height\":867,\"caption\":\"Fotolar: Meydan TV\"},{\"@type\":\"BreadcrumbList\",\"@id\":\"https:\\\/\\\/www.meydan.tv\\\/az\\\/article\\\/mingecevir-sakini-seherin-merkezindeki-alternativ-yol-yoxa-cixib\\\/#breadcrumb\",\"itemListElement\":[{\"@type\":\"ListItem\",\"position\":1,\"name\":\"Ana s\u0259hif\u0259\",\"item\":\"https:\\\/\\\/www.meydan.tv\\\/az\\\/\"},{\"@type\":\"ListItem\",\"position\":2,\"name\":\"B\u00f6lg\u0259\",\"item\":\"https:\\\/\\\/www.meydan.tv\\\/az\\\/section\\\/bolge\\\/\"},{\"@type\":\"ListItem\",\"position\":3,\"name\":\"Ming\u0259\u00e7evir sakini: \u201c\u015e\u0259h\u0259rin m\u0259rk\u0259zind\u0259ki alternativ yol \u201cyoxa \u00e7\u0131x\u0131b\u201d\u201d\"}]},{\"@type\":\"WebSite\",\"@id\":\"https:\\\/\\\/www.meydan.tv\\\/az\\\/#website\",\"url\":\"https:\\\/\\\/www.meydan.tv\\\/az\\\/\",\"name\":\"MEYDAN.TV\",\"description\":\"Meydan TV Az\u0259rbaycan\u0131n media m\u0259kan\u0131ndak\u0131 alternativ s\u0259sidir\",\"publisher\":{\"@id\":\"https:\\\/\\\/www.meydan.tv\\\/az\\\/#organization\"},\"potentialAction\":[{\"@type\":\"SearchAction\",\"target\":{\"@type\":\"EntryPoint\",\"urlTemplate\":\"https:\\\/\\\/www.meydan.tv\\\/az\\\/?s={search_term_string}\"},\"query-input\":{\"@type\":\"PropertyValueSpecification\",\"valueRequired\":true,\"valueName\":\"search_term_string\"}}],\"inLanguage\":\"az\"},{\"@type\":\"Organization\",\"@id\":\"https:\\\/\\\/www.meydan.tv\\\/az\\\/#organization\",\"name\":\"Meydan TV\",\"url\":\"https:\\\/\\\/www.meydan.tv\\\/az\\\/\",\"logo\":{\"@type\":\"ImageObject\",\"inLanguage\":\"az\",\"@id\":\"https:\\\/\\\/www.meydan.tv\\\/az\\\/#\\\/schema\\\/logo\\\/image\\\/\",\"url\":\"https:\\\/\\\/www.meydan.tv\\\/wp-content\\\/uploads\\\/2021\\\/07\\\/meydan-logo.svg\",\"contentUrl\":\"https:\\\/\\\/www.meydan.tv\\\/wp-content\\\/uploads\\\/2021\\\/07\\\/meydan-logo.svg\",\"width\":195,\"height\":46,\"caption\":\"Meydan TV\"},\"image\":{\"@id\":\"https:\\\/\\\/www.meydan.tv\\\/az\\\/#\\\/schema\\\/logo\\\/image\\\/\"}},{\"@type\":\"Person\",\"@id\":\"https:\\\/\\\/www.meydan.tv\\\/az\\\/#\\\/schema\\\/person\\\/9cdbecf90d17180ce1dfbd95b08dcf47\",\"name\":\"elli\",\"sameAs\":[\"https:\\\/\\\/x.com\\\/elli\"]}]}<\/script>\n<!-- \/ Yoast SEO plugin. -->","yoast_head_json":{"title":"Ming\u0259\u00e7evir sakini: \u201c\u015e\u0259h\u0259rin m\u0259rk\u0259zind\u0259ki alternativ yol \u201cyoxa \u00e7\u0131x\u0131b\u201d\u201d - MEYDAN.TV","robots":{"index":"index","follow":"follow","max-snippet":"max-snippet:-1","max-image-preview":"max-image-preview:large","max-video-preview":"max-video-preview:-1"},"canonical":"https:\/\/www.meydan.tv\/az\/article\/mingecevir-sakini-seherin-merkezindeki-alternativ-yol-yoxa-cixib\/","og_locale":"az_AZ","og_type":"article","og_title":"Ming\u0259\u00e7evir sakini: \u201c\u015e\u0259h\u0259rin m\u0259rk\u0259zind\u0259ki alternativ yol \u201cyoxa \u00e7\u0131x\u0131b\u201d\u201d - MEYDAN.TV","og_description":"Sakinl\u0259r Nizami k\u00fc\u00e7\u0259sind\u0259ki yoldan istifad\u0259 ed\u0259 bilmir \u201c\u015e\u0259h\u0259rin m\u0259rk\u0259zind\u0259 alternativ ... Davam\u0131","og_url":"https:\/\/www.meydan.tv\/az\/article\/mingecevir-sakini-seherin-merkezindeki-alternativ-yol-yoxa-cixib\/","og_site_name":"MEYDAN.TV","article_published_time":"2022-09-30T12:26:07+00:00","article_modified_time":"2022-09-30T12:26:11+00:00","og_image":[{"width":1156,"height":867,"url":"https:\/\/www.meydan.tv\/wp-content\/uploads\/photo-2022-09-28-17-03-12.jpg","type":"image\/jpeg"}],"author":"elli","twitter_card":"summary_large_image","twitter_creator":"@elli","schema":{"@context":"https:\/\/schema.org","@graph":[{"@type":"Article","@id":"https:\/\/www.meydan.tv\/az\/article\/mingecevir-sakini-seherin-merkezindeki-alternativ-yol-yoxa-cixib\/#article","isPartOf":{"@id":"https:\/\/www.meydan.tv\/az\/article\/mingecevir-sakini-seherin-merkezindeki-alternativ-yol-yoxa-cixib\/"},"author":{"name":"elli","@id":"https:\/\/www.meydan.tv\/az\/#\/schema\/person\/9cdbecf90d17180ce1dfbd95b08dcf47"},"headline":"Ming\u0259\u00e7evir sakini: \u201c\u015e\u0259h\u0259rin m\u0259rk\u0259zind\u0259ki alternativ yol \u201cyoxa \u00e7\u0131x\u0131b\u201d\u201d","datePublished":"2022-09-30T12:26:07+00:00","dateModified":"2022-09-30T12:26:11+00:00","mainEntityOfPage":{"@id":"https:\/\/www.meydan.tv\/az\/article\/mingecevir-sakini-seherin-merkezindeki-alternativ-yol-yoxa-cixib\/"},"wordCount":595,"publisher":{"@id":"https:\/\/www.meydan.tv\/az\/#organization"},"image":{"@id":"https:\/\/www.meydan.tv\/az\/article\/mingecevir-sakini-seherin-merkezindeki-alternativ-yol-yoxa-cixib\/#primaryimage"},"thumbnailUrl":"https:\/\/www.meydan.tv\/wp-content\/uploads\/photo-2022-09-28-17-03-12.jpg","articleSection":["B\u00f6lg\u0259","X\u0259b\u0259rl\u0259r"],"inLanguage":"az"},{"@type":"WebPage","@id":"https:\/\/www.meydan.tv\/az\/article\/mingecevir-sakini-seherin-merkezindeki-alternativ-yol-yoxa-cixib\/","url":"https:\/\/www.meydan.tv\/az\/article\/mingecevir-sakini-seherin-merkezindeki-alternativ-yol-yoxa-cixib\/","name":"Ming\u0259\u00e7evir sakini: \u201c\u015e\u0259h\u0259rin m\u0259rk\u0259zind\u0259ki alternativ yol \u201cyoxa \u00e7\u0131x\u0131b\u201d\u201d - MEYDAN.TV","isPartOf":{"@id":"https:\/\/www.meydan.tv\/az\/#website"},"primaryImageOfPage":{"@id":"https:\/\/www.meydan.tv\/az\/article\/mingecevir-sakini-seherin-merkezindeki-alternativ-yol-yoxa-cixib\/#primaryimage"},"image":{"@id":"https:\/\/www.meydan.tv\/az\/article\/mingecevir-sakini-seherin-merkezindeki-alternativ-yol-yoxa-cixib\/#primaryimage"},"thumbnailUrl":"https:\/\/www.meydan.tv\/wp-content\/uploads\/photo-2022-09-28-17-03-12.jpg","datePublished":"2022-09-30T12:26:07+00:00","dateModified":"2022-09-30T12:26:11+00:00","breadcrumb":{"@id":"https:\/\/www.meydan.tv\/az\/article\/mingecevir-sakini-seherin-merkezindeki-alternativ-yol-yoxa-cixib\/#breadcrumb"},"inLanguage":"az","potentialAction":[{"@type":"ReadAction","target":["https:\/\/www.meydan.tv\/az\/article\/mingecevir-sakini-seherin-merkezindeki-alternativ-yol-yoxa-cixib\/"]}]},{"@type":"ImageObject","inLanguage":"az","@id":"https:\/\/www.meydan.tv\/az\/article\/mingecevir-sakini-seherin-merkezindeki-alternativ-yol-yoxa-cixib\/#primaryimage","url":"https:\/\/www.meydan.tv\/wp-content\/uploads\/photo-2022-09-28-17-03-12.jpg","contentUrl":"https:\/\/www.meydan.tv\/wp-content\/uploads\/photo-2022-09-28-17-03-12.jpg","width":1156,"height":867,"caption":"Fotolar: Meydan TV"},{"@type":"BreadcrumbList","@id":"https:\/\/www.meydan.tv\/az\/article\/mingecevir-sakini-seherin-merkezindeki-alternativ-yol-yoxa-cixib\/#breadcrumb","itemListElement":[{"@type":"ListItem","position":1,"name":"Ana s\u0259hif\u0259","item":"https:\/\/www.meydan.tv\/az\/"},{"@type":"ListItem","position":2,"name":"B\u00f6lg\u0259","item":"https:\/\/www.meydan.tv\/az\/section\/bolge\/"},{"@type":"ListItem","position":3,"name":"Ming\u0259\u00e7evir sakini: \u201c\u015e\u0259h\u0259rin m\u0259rk\u0259zind\u0259ki alternativ yol \u201cyoxa \u00e7\u0131x\u0131b\u201d\u201d"}]},{"@type":"WebSite","@id":"https:\/\/www.meydan.tv\/az\/#website","url":"https:\/\/www.meydan.tv\/az\/","name":"MEYDAN.TV","description":"Meydan TV Az\u0259rbaycan\u0131n media m\u0259kan\u0131ndak\u0131 alternativ s\u0259sidir","publisher":{"@id":"https:\/\/www.meydan.tv\/az\/#organization"},"potentialAction":[{"@type":"SearchAction","target":{"@type":"EntryPoint","urlTemplate":"https:\/\/www.meydan.tv\/az\/?s={search_term_string}"},"query-input":{"@type":"PropertyValueSpecification","valueRequired":true,"valueName":"search_term_string"}}],"inLanguage":"az"},{"@type":"Organization","@id":"https:\/\/www.meydan.tv\/az\/#organization","name":"Meydan TV","url":"https:\/\/www.meydan.tv\/az\/","logo":{"@type":"ImageObject","inLanguage":"az","@id":"https:\/\/www.meydan.tv\/az\/#\/schema\/logo\/image\/","url":"https:\/\/www.meydan.tv\/wp-content\/uploads\/2021\/07\/meydan-logo.svg","contentUrl":"https:\/\/www.meydan.tv\/wp-content\/uploads\/2021\/07\/meydan-logo.svg","width":195,"height":46,"caption":"Meydan TV"},"image":{"@id":"https:\/\/www.meydan.tv\/az\/#\/schema\/logo\/image\/"}},{"@type":"Person","@id":"https:\/\/www.meydan.tv\/az\/#\/schema\/person\/9cdbecf90d17180ce1dfbd95b08dcf47","name":"elli","sameAs":["https:\/\/x.com\/elli"]}]}},"_links":{"self":[{"href":"https:\/\/www.meydan.tv\/az\/wp-json\/wp\/v2\/posts\/257154","targetHints":{"allow":["GET"]}}],"collection":[{"href":"https:\/\/www.meydan.tv\/az\/wp-json\/wp\/v2\/posts"}],"about":[{"href":"https:\/\/www.meydan.tv\/az\/wp-json\/wp\/v2\/types\/post"}],"author":[{"embeddable":true,"href":"https:\/\/www.meydan.tv\/az\/wp-json\/wp\/v2\/users\/8"}],"replies":[{"embeddable":true,"href":"https:\/\/www.meydan.tv\/az\/wp-json\/wp\/v2\/comments?post=257154"}],"version-history":[{"count":1,"href":"https:\/\/www.meydan.tv\/az\/wp-json\/wp\/v2\/posts\/257154\/revisions"}],"predecessor-version":[{"id":257155,"href":"https:\/\/www.meydan.tv\/az\/wp-json\/wp\/v2\/posts\/257154\/revisions\/257155"}],"wp:featuredmedia":[{"embeddable":true,"href":"https:\/\/www.meydan.tv\/az\/wp-json\/wp\/v2\/media\/257127"}],"wp:attachment":[{"href":"https:\/\/www.meydan.tv\/az\/wp-json\/wp\/v2\/media?parent=257154"}],"wp:term":[{"taxonomy":"category","embeddable":true,"href":"https:\/\/www.meydan.tv\/az\/wp-json\/wp\/v2\/categories?post=257154"},{"taxonomy":"post_tag","embeddable":true,"href":"https:\/\/www.meydan.tv\/az\/wp-json\/wp\/v2\/tags?post=257154"}],"curies":[{"name":"wp","href":"https:\/\/api.w.org\/{rel}","templated":true}]}}