{"id":257095,"date":"2022-09-30T15:25:25","date_gmt":"2022-09-30T11:25:25","guid":{"rendered":"https:\/\/www.meydan.tv\/?p=257095"},"modified":"2022-09-30T15:25:27","modified_gmt":"2022-09-30T11:25:27","slug":"prokurorluq-icra-hakimiyyeti-emekdasi-ile-bagli-videogoruntu-arasdirilir","status":"publish","type":"post","link":"https:\/\/www.meydan.tv\/az\/article\/prokurorluq-icra-hakimiyyeti-emekdasi-ile-bagli-videogoruntu-arasdirilir\/","title":{"rendered":"Prokurorluq: \u0130cra hakimiyy\u0259ti \u0259m\u0259kda\u015f\u0131 il\u0259 ba\u011fl\u0131 videog\u00f6r\u00fcnt\u00fc ara\u015fd\u0131r\u0131l\u0131r"},"content":{"rendered":"\n<p><\/p>\n\n\n\n<p><em>\u201cZ\u00f6hrab Z\u00f6hrabb\u0259yov yol verdiyi h\u0259r\u0259k\u0259t\u0259 g\u00f6r\u0259 pe\u015fman\u00e7\u0131l\u0131q hissi ke\u00e7irdiyini bildirib\u201d<\/em><\/p>\n\n\n\n<p>Sosial \u015f\u0259b\u0259k\u0259l\u0259rd\u0259 B\u0259rd\u0259 Rayon \u0130cra Hakimiyy\u0259ti Aparat\u0131n\u0131n ba\u015f m\u0259sl\u0259h\u0259t\u00e7isi Z\u00f6hrab Z\u00f6hrabb\u0259yovun h\u0259r\u0259k\u0259tl\u0259ril\u0259 ba\u011fl\u0131 videog\u00f6r\u00fcnt\u00fcl\u0259r yay\u0131l\u0131b. Videodan g\u00f6r\u00fcn\u00fcr ki, o, ma\u011fazaya daxil olur, orada m\u00fcbahis\u0259 edir. M\u00fcbahis\u0259 z\u0259minind\u0259 ma\u011fazan\u0131n giri\u015find\u0259 p\u0259nc\u0259r\u0259nin \u015f\u00fc\u015f\u0259sin\u0259 vurulmu\u015f bayra\u011f\u0131 s\u00f6k\u00fcb, orada olan bir n\u0259f\u0259rin \u00fcst\u00fcn\u0259 at\u0131r.<\/p>\n\n\n\n<p>Prokurorluq yay\u0131lan video il\u0259 ba\u011fl\u0131 ara\u015fd\u0131rmalara ba\u015flay\u0131b.<\/p>\n\n\n\n<p>\u201cB\u0259rd\u0259 rayonu \u0259razisind\u0259 \u015f\u0259xsin D\u00f6vl\u0259t bayra\u011f\u0131 il\u0259 davran\u0131\u015f\u0131na dair videog\u00f6r\u00fcnt\u00fcl\u0259rl\u0259 ba\u011fl\u0131 haz\u0131rda ara\u015fd\u0131rma apar\u0131l\u0131r\u201d, &#8211; Ba\u015f Prokurorlu\u011fun m\u0259tbuat xidm\u0259tind\u0259n bildirilib.<\/p>\n\n\n\n<p>B\u0259rd\u0259 Rayon \u0130cra Hakimiyy\u0259ti d\u0259 sosial \u015f\u0259b\u0259k\u0259l\u0259rd\u0259 yay\u0131lm\u0131\u015f videog\u00f6r\u00fcnt\u00fcy\u0259 m\u00fcnasib\u0259t bildirib. \u0130cra hakimiyy\u0259tind\u0259n deyilib ki, Z\u00f6hrab Z\u00f6hrabb\u0259yovun sosial \u015f\u0259b\u0259k\u0259l\u0259rd\u0259 yay\u0131lm\u0131\u015f h\u0259r\u0259k\u0259tl\u0259rind\u0259n m\u0259lumatl\u0131d\u0131lar:<\/p>\n\n\n<div class=\"wp-block-image\">\n<figure class=\"alignleft size-full is-resized\"><img decoding=\"async\" data-src=\"https:\/\/www.meydan.tv\/wp-content\/uploads\/1612772145436814513_1000x669.jpg\" alt=\"Ba\u015f Prokurorluq\" class=\"wp-image-155994 lazyload\" width=\"415\" height=\"271\" src=\"data:image\/svg+xml;base64,PHN2ZyB3aWR0aD0iMSIgaGVpZ2h0PSIxIiB4bWxucz0iaHR0cDovL3d3dy53My5vcmcvMjAwMC9zdmciPjwvc3ZnPg==\" style=\"--smush-placeholder-width: 415px; --smush-placeholder-aspect-ratio: 415\/271;\" \/><figcaption>Foto: Az\u0259rtac<\/figcaption><\/figure>\n<\/div>\n\n\n<p>\u201cBa\u015f vermi\u015f hadis\u0259y\u0259 g\u00f6r\u0259 t\u0259\u0259ss\u00fcf hissi ke\u00e7iririk. Hadis\u0259 il\u0259 \u0259laq\u0259dar Z\u00f6hrab Z\u00f6hrabb\u0259yovla \u0259trafl\u0131 s\u00f6hb\u0259t apar\u0131laraq izahat\u0131 al\u0131n\u0131b. Yol verdiyi ciddi n\u00f6qsana g\u00f6r\u0259 haqq\u0131nda inzibati t\u0259nbeh t\u0259dbiri g\u00f6r\u00fcl\u00fcb. O, yol verdiyi h\u0259r\u0259k\u0259t\u0259 g\u00f6r\u0259 pe\u015fman\u00e7\u0131l\u0131q hissi ke\u00e7irdiyini bildirib\u201d.<\/p>\n\n\n\n<p>Z\u00f6hrab Z\u00f6hrabb\u0259yovun atas\u0131 S\u0259rh\u0259d Z\u00f6hrabb\u0259yov Birinci Qaraba\u011f M\u00fcharib\u0259sind\u0259 h\u0259lak olub. Xidm\u0259tl\u0259rin\u0259 g\u00f6r\u0259 o, \u201cAz\u0259rbaycan Bayra\u011f\u0131\u201dordeni il\u0259 t\u0259ltif olunub.<\/p>\n","protected":false},"excerpt":{"rendered":"<p>\u201cZ\u00f6hrab Z\u00f6hrabb\u0259yov yol verdiyi h\u0259r\u0259k\u0259t\u0259 g\u00f6r\u0259 pe\u015fman\u00e7\u0131l\u0131q hissi ke\u00e7irdiyini bildirib\u201d &#8230; <\/p>\n<p class=\"read-more-container\"><a title=\"Prokurorluq: \u0130cra hakimiyy\u0259ti \u0259m\u0259kda\u015f\u0131 il\u0259 ba\u011fl\u0131 videog\u00f6r\u00fcnt\u00fc ara\u015fd\u0131r\u0131l\u0131r\" class=\"read-more button\" href=\"https:\/\/www.meydan.tv\/az\/article\/prokurorluq-icra-hakimiyyeti-emekdasi-ile-bagli-videogoruntu-arasdirilir\/#more-257095\" aria-label=\"Read more about Prokurorluq: \u0130cra hakimiyy\u0259ti \u0259m\u0259kda\u015f\u0131 il\u0259 ba\u011fl\u0131 videog\u00f6r\u00fcnt\u00fc ara\u015fd\u0131r\u0131l\u0131r\">Davam\u0131<\/a><\/p>\n","protected":false},"author":8,"featured_media":257096,"comment_status":"closed","ping_status":"closed","sticky":false,"template":"","format":"standard","meta":{"_acf_changed":false,"_sitemap_exclude":false,"_sitemap_priority":"","_sitemap_frequency":"","footnotes":""},"categories":[60,56],"tags":[],"class_list":["post-257095","post","type-post","status-publish","format-standard","has-post-thumbnail","hentry","category-bolge","category-xeberler","infinite-scroll-item","generate-columns","tablet-grid-50","mobile-grid-100","grid-parent","grid-33","no-featured-image-padding"],"acf":[],"yoast_head":"<!-- This site is optimized with the Yoast SEO plugin v27.5 - https:\/\/yoast.com\/product\/yoast-seo-wordpress\/ -->\n<title>Prokurorluq: \u0130cra hakimiyy\u0259ti \u0259m\u0259kda\u015f\u0131 il\u0259 ba\u011fl\u0131 videog\u00f6r\u00fcnt\u00fc ara\u015fd\u0131r\u0131l\u0131r - MEYDAN.TV<\/title>\n<meta name=\"robots\" content=\"index, follow, max-snippet:-1, max-image-preview:large, max-video-preview:-1\" \/>\n<link rel=\"canonical\" href=\"https:\/\/www.meydan.tv\/az\/article\/prokurorluq-icra-hakimiyyeti-emekdasi-ile-bagli-videogoruntu-arasdirilir\/\" \/>\n<meta property=\"og:locale\" content=\"az_AZ\" \/>\n<meta property=\"og:type\" content=\"article\" \/>\n<meta property=\"og:title\" content=\"Prokurorluq: \u0130cra hakimiyy\u0259ti \u0259m\u0259kda\u015f\u0131 il\u0259 ba\u011fl\u0131 videog\u00f6r\u00fcnt\u00fc ara\u015fd\u0131r\u0131l\u0131r - MEYDAN.TV\" \/>\n<meta property=\"og:description\" content=\"\u201cZ\u00f6hrab Z\u00f6hrabb\u0259yov yol verdiyi h\u0259r\u0259k\u0259t\u0259 g\u00f6r\u0259 pe\u015fman\u00e7\u0131l\u0131q hissi ke\u00e7irdiyini bildirib\u201d ... Davam\u0131\" \/>\n<meta property=\"og:url\" content=\"https:\/\/www.meydan.tv\/az\/article\/prokurorluq-icra-hakimiyyeti-emekdasi-ile-bagli-videogoruntu-arasdirilir\/\" \/>\n<meta property=\"og:site_name\" content=\"MEYDAN.TV\" \/>\n<meta property=\"article:published_time\" content=\"2022-09-30T11:25:25+00:00\" \/>\n<meta property=\"article:modified_time\" content=\"2022-09-30T11:25:27+00:00\" \/>\n<meta property=\"og:image\" content=\"https:\/\/www.meydan.tv\/wp-content\/uploads\/berde_icra_hakimiyeti_binasi.jpg\" \/>\n\t<meta property=\"og:image:width\" content=\"1200\" \/>\n\t<meta property=\"og:image:height\" content=\"800\" \/>\n\t<meta property=\"og:image:type\" content=\"image\/jpeg\" \/>\n<meta name=\"author\" content=\"elli\" \/>\n<meta name=\"twitter:card\" content=\"summary_large_image\" \/>\n<meta name=\"twitter:creator\" content=\"@elli\" \/>\n<script type=\"application\/ld+json\" class=\"yoast-schema-graph\">{\"@context\":\"https:\\\/\\\/schema.org\",\"@graph\":[{\"@type\":\"Article\",\"@id\":\"https:\\\/\\\/www.meydan.tv\\\/az\\\/article\\\/prokurorluq-icra-hakimiyyeti-emekdasi-ile-bagli-videogoruntu-arasdirilir\\\/#article\",\"isPartOf\":{\"@id\":\"https:\\\/\\\/www.meydan.tv\\\/az\\\/article\\\/prokurorluq-icra-hakimiyyeti-emekdasi-ile-bagli-videogoruntu-arasdirilir\\\/\"},\"author\":{\"name\":\"elli\",\"@id\":\"https:\\\/\\\/www.meydan.tv\\\/az\\\/#\\\/schema\\\/person\\\/9cdbecf90d17180ce1dfbd95b08dcf47\"},\"headline\":\"Prokurorluq: \u0130cra hakimiyy\u0259ti \u0259m\u0259kda\u015f\u0131 il\u0259 ba\u011fl\u0131 videog\u00f6r\u00fcnt\u00fc ara\u015fd\u0131r\u0131l\u0131r\",\"datePublished\":\"2022-09-30T11:25:25+00:00\",\"dateModified\":\"2022-09-30T11:25:27+00:00\",\"mainEntityOfPage\":{\"@id\":\"https:\\\/\\\/www.meydan.tv\\\/az\\\/article\\\/prokurorluq-icra-hakimiyyeti-emekdasi-ile-bagli-videogoruntu-arasdirilir\\\/\"},\"wordCount\":326,\"publisher\":{\"@id\":\"https:\\\/\\\/www.meydan.tv\\\/az\\\/#organization\"},\"image\":{\"@id\":\"https:\\\/\\\/www.meydan.tv\\\/az\\\/article\\\/prokurorluq-icra-hakimiyyeti-emekdasi-ile-bagli-videogoruntu-arasdirilir\\\/#primaryimage\"},\"thumbnailUrl\":\"https:\\\/\\\/www.meydan.tv\\\/wp-content\\\/uploads\\\/berde_icra_hakimiyeti_binasi.jpg\",\"articleSection\":[\"B\u00f6lg\u0259\",\"X\u0259b\u0259rl\u0259r\"],\"inLanguage\":\"az\"},{\"@type\":\"WebPage\",\"@id\":\"https:\\\/\\\/www.meydan.tv\\\/az\\\/article\\\/prokurorluq-icra-hakimiyyeti-emekdasi-ile-bagli-videogoruntu-arasdirilir\\\/\",\"url\":\"https:\\\/\\\/www.meydan.tv\\\/az\\\/article\\\/prokurorluq-icra-hakimiyyeti-emekdasi-ile-bagli-videogoruntu-arasdirilir\\\/\",\"name\":\"Prokurorluq: \u0130cra hakimiyy\u0259ti \u0259m\u0259kda\u015f\u0131 il\u0259 ba\u011fl\u0131 videog\u00f6r\u00fcnt\u00fc ara\u015fd\u0131r\u0131l\u0131r - MEYDAN.TV\",\"isPartOf\":{\"@id\":\"https:\\\/\\\/www.meydan.tv\\\/az\\\/#website\"},\"primaryImageOfPage\":{\"@id\":\"https:\\\/\\\/www.meydan.tv\\\/az\\\/article\\\/prokurorluq-icra-hakimiyyeti-emekdasi-ile-bagli-videogoruntu-arasdirilir\\\/#primaryimage\"},\"image\":{\"@id\":\"https:\\\/\\\/www.meydan.tv\\\/az\\\/article\\\/prokurorluq-icra-hakimiyyeti-emekdasi-ile-bagli-videogoruntu-arasdirilir\\\/#primaryimage\"},\"thumbnailUrl\":\"https:\\\/\\\/www.meydan.tv\\\/wp-content\\\/uploads\\\/berde_icra_hakimiyeti_binasi.jpg\",\"datePublished\":\"2022-09-30T11:25:25+00:00\",\"dateModified\":\"2022-09-30T11:25:27+00:00\",\"breadcrumb\":{\"@id\":\"https:\\\/\\\/www.meydan.tv\\\/az\\\/article\\\/prokurorluq-icra-hakimiyyeti-emekdasi-ile-bagli-videogoruntu-arasdirilir\\\/#breadcrumb\"},\"inLanguage\":\"az\",\"potentialAction\":[{\"@type\":\"ReadAction\",\"target\":[\"https:\\\/\\\/www.meydan.tv\\\/az\\\/article\\\/prokurorluq-icra-hakimiyyeti-emekdasi-ile-bagli-videogoruntu-arasdirilir\\\/\"]}]},{\"@type\":\"ImageObject\",\"inLanguage\":\"az\",\"@id\":\"https:\\\/\\\/www.meydan.tv\\\/az\\\/article\\\/prokurorluq-icra-hakimiyyeti-emekdasi-ile-bagli-videogoruntu-arasdirilir\\\/#primaryimage\",\"url\":\"https:\\\/\\\/www.meydan.tv\\\/wp-content\\\/uploads\\\/berde_icra_hakimiyeti_binasi.jpg\",\"contentUrl\":\"https:\\\/\\\/www.meydan.tv\\\/wp-content\\\/uploads\\\/berde_icra_hakimiyeti_binasi.jpg\",\"width\":1200,\"height\":800,\"caption\":\"B\u0259rd\u0259 Rayon \u0130cra Hakimiyy\u0259ti. M\u0259nb\u0259: Wikimedia\"},{\"@type\":\"BreadcrumbList\",\"@id\":\"https:\\\/\\\/www.meydan.tv\\\/az\\\/article\\\/prokurorluq-icra-hakimiyyeti-emekdasi-ile-bagli-videogoruntu-arasdirilir\\\/#breadcrumb\",\"itemListElement\":[{\"@type\":\"ListItem\",\"position\":1,\"name\":\"Ana s\u0259hif\u0259\",\"item\":\"https:\\\/\\\/www.meydan.tv\\\/az\\\/\"},{\"@type\":\"ListItem\",\"position\":2,\"name\":\"B\u00f6lg\u0259\",\"item\":\"https:\\\/\\\/www.meydan.tv\\\/az\\\/section\\\/bolge\\\/\"},{\"@type\":\"ListItem\",\"position\":3,\"name\":\"Prokurorluq: \u0130cra hakimiyy\u0259ti \u0259m\u0259kda\u015f\u0131 il\u0259 ba\u011fl\u0131 videog\u00f6r\u00fcnt\u00fc ara\u015fd\u0131r\u0131l\u0131r\"}]},{\"@type\":\"WebSite\",\"@id\":\"https:\\\/\\\/www.meydan.tv\\\/az\\\/#website\",\"url\":\"https:\\\/\\\/www.meydan.tv\\\/az\\\/\",\"name\":\"MEYDAN.TV\",\"description\":\"Meydan TV Az\u0259rbaycan\u0131n media m\u0259kan\u0131ndak\u0131 alternativ s\u0259sidir\",\"publisher\":{\"@id\":\"https:\\\/\\\/www.meydan.tv\\\/az\\\/#organization\"},\"potentialAction\":[{\"@type\":\"SearchAction\",\"target\":{\"@type\":\"EntryPoint\",\"urlTemplate\":\"https:\\\/\\\/www.meydan.tv\\\/az\\\/?s={search_term_string}\"},\"query-input\":{\"@type\":\"PropertyValueSpecification\",\"valueRequired\":true,\"valueName\":\"search_term_string\"}}],\"inLanguage\":\"az\"},{\"@type\":\"Organization\",\"@id\":\"https:\\\/\\\/www.meydan.tv\\\/az\\\/#organization\",\"name\":\"Meydan TV\",\"url\":\"https:\\\/\\\/www.meydan.tv\\\/az\\\/\",\"logo\":{\"@type\":\"ImageObject\",\"inLanguage\":\"az\",\"@id\":\"https:\\\/\\\/www.meydan.tv\\\/az\\\/#\\\/schema\\\/logo\\\/image\\\/\",\"url\":\"https:\\\/\\\/www.meydan.tv\\\/wp-content\\\/uploads\\\/2021\\\/07\\\/meydan-logo.svg\",\"contentUrl\":\"https:\\\/\\\/www.meydan.tv\\\/wp-content\\\/uploads\\\/2021\\\/07\\\/meydan-logo.svg\",\"width\":195,\"height\":46,\"caption\":\"Meydan TV\"},\"image\":{\"@id\":\"https:\\\/\\\/www.meydan.tv\\\/az\\\/#\\\/schema\\\/logo\\\/image\\\/\"}},{\"@type\":\"Person\",\"@id\":\"https:\\\/\\\/www.meydan.tv\\\/az\\\/#\\\/schema\\\/person\\\/9cdbecf90d17180ce1dfbd95b08dcf47\",\"name\":\"elli\",\"sameAs\":[\"https:\\\/\\\/x.com\\\/elli\"]}]}<\/script>\n<!-- \/ Yoast SEO plugin. -->","yoast_head_json":{"title":"Prokurorluq: \u0130cra hakimiyy\u0259ti \u0259m\u0259kda\u015f\u0131 il\u0259 ba\u011fl\u0131 videog\u00f6r\u00fcnt\u00fc ara\u015fd\u0131r\u0131l\u0131r - MEYDAN.TV","robots":{"index":"index","follow":"follow","max-snippet":"max-snippet:-1","max-image-preview":"max-image-preview:large","max-video-preview":"max-video-preview:-1"},"canonical":"https:\/\/www.meydan.tv\/az\/article\/prokurorluq-icra-hakimiyyeti-emekdasi-ile-bagli-videogoruntu-arasdirilir\/","og_locale":"az_AZ","og_type":"article","og_title":"Prokurorluq: \u0130cra hakimiyy\u0259ti \u0259m\u0259kda\u015f\u0131 il\u0259 ba\u011fl\u0131 videog\u00f6r\u00fcnt\u00fc ara\u015fd\u0131r\u0131l\u0131r - MEYDAN.TV","og_description":"\u201cZ\u00f6hrab Z\u00f6hrabb\u0259yov yol verdiyi h\u0259r\u0259k\u0259t\u0259 g\u00f6r\u0259 pe\u015fman\u00e7\u0131l\u0131q hissi ke\u00e7irdiyini bildirib\u201d ... Davam\u0131","og_url":"https:\/\/www.meydan.tv\/az\/article\/prokurorluq-icra-hakimiyyeti-emekdasi-ile-bagli-videogoruntu-arasdirilir\/","og_site_name":"MEYDAN.TV","article_published_time":"2022-09-30T11:25:25+00:00","article_modified_time":"2022-09-30T11:25:27+00:00","og_image":[{"width":1200,"height":800,"url":"https:\/\/www.meydan.tv\/wp-content\/uploads\/berde_icra_hakimiyeti_binasi.jpg","type":"image\/jpeg"}],"author":"elli","twitter_card":"summary_large_image","twitter_creator":"@elli","schema":{"@context":"https:\/\/schema.org","@graph":[{"@type":"Article","@id":"https:\/\/www.meydan.tv\/az\/article\/prokurorluq-icra-hakimiyyeti-emekdasi-ile-bagli-videogoruntu-arasdirilir\/#article","isPartOf":{"@id":"https:\/\/www.meydan.tv\/az\/article\/prokurorluq-icra-hakimiyyeti-emekdasi-ile-bagli-videogoruntu-arasdirilir\/"},"author":{"name":"elli","@id":"https:\/\/www.meydan.tv\/az\/#\/schema\/person\/9cdbecf90d17180ce1dfbd95b08dcf47"},"headline":"Prokurorluq: \u0130cra hakimiyy\u0259ti \u0259m\u0259kda\u015f\u0131 il\u0259 ba\u011fl\u0131 videog\u00f6r\u00fcnt\u00fc ara\u015fd\u0131r\u0131l\u0131r","datePublished":"2022-09-30T11:25:25+00:00","dateModified":"2022-09-30T11:25:27+00:00","mainEntityOfPage":{"@id":"https:\/\/www.meydan.tv\/az\/article\/prokurorluq-icra-hakimiyyeti-emekdasi-ile-bagli-videogoruntu-arasdirilir\/"},"wordCount":326,"publisher":{"@id":"https:\/\/www.meydan.tv\/az\/#organization"},"image":{"@id":"https:\/\/www.meydan.tv\/az\/article\/prokurorluq-icra-hakimiyyeti-emekdasi-ile-bagli-videogoruntu-arasdirilir\/#primaryimage"},"thumbnailUrl":"https:\/\/www.meydan.tv\/wp-content\/uploads\/berde_icra_hakimiyeti_binasi.jpg","articleSection":["B\u00f6lg\u0259","X\u0259b\u0259rl\u0259r"],"inLanguage":"az"},{"@type":"WebPage","@id":"https:\/\/www.meydan.tv\/az\/article\/prokurorluq-icra-hakimiyyeti-emekdasi-ile-bagli-videogoruntu-arasdirilir\/","url":"https:\/\/www.meydan.tv\/az\/article\/prokurorluq-icra-hakimiyyeti-emekdasi-ile-bagli-videogoruntu-arasdirilir\/","name":"Prokurorluq: \u0130cra hakimiyy\u0259ti \u0259m\u0259kda\u015f\u0131 il\u0259 ba\u011fl\u0131 videog\u00f6r\u00fcnt\u00fc ara\u015fd\u0131r\u0131l\u0131r - MEYDAN.TV","isPartOf":{"@id":"https:\/\/www.meydan.tv\/az\/#website"},"primaryImageOfPage":{"@id":"https:\/\/www.meydan.tv\/az\/article\/prokurorluq-icra-hakimiyyeti-emekdasi-ile-bagli-videogoruntu-arasdirilir\/#primaryimage"},"image":{"@id":"https:\/\/www.meydan.tv\/az\/article\/prokurorluq-icra-hakimiyyeti-emekdasi-ile-bagli-videogoruntu-arasdirilir\/#primaryimage"},"thumbnailUrl":"https:\/\/www.meydan.tv\/wp-content\/uploads\/berde_icra_hakimiyeti_binasi.jpg","datePublished":"2022-09-30T11:25:25+00:00","dateModified":"2022-09-30T11:25:27+00:00","breadcrumb":{"@id":"https:\/\/www.meydan.tv\/az\/article\/prokurorluq-icra-hakimiyyeti-emekdasi-ile-bagli-videogoruntu-arasdirilir\/#breadcrumb"},"inLanguage":"az","potentialAction":[{"@type":"ReadAction","target":["https:\/\/www.meydan.tv\/az\/article\/prokurorluq-icra-hakimiyyeti-emekdasi-ile-bagli-videogoruntu-arasdirilir\/"]}]},{"@type":"ImageObject","inLanguage":"az","@id":"https:\/\/www.meydan.tv\/az\/article\/prokurorluq-icra-hakimiyyeti-emekdasi-ile-bagli-videogoruntu-arasdirilir\/#primaryimage","url":"https:\/\/www.meydan.tv\/wp-content\/uploads\/berde_icra_hakimiyeti_binasi.jpg","contentUrl":"https:\/\/www.meydan.tv\/wp-content\/uploads\/berde_icra_hakimiyeti_binasi.jpg","width":1200,"height":800,"caption":"B\u0259rd\u0259 Rayon \u0130cra Hakimiyy\u0259ti. M\u0259nb\u0259: Wikimedia"},{"@type":"BreadcrumbList","@id":"https:\/\/www.meydan.tv\/az\/article\/prokurorluq-icra-hakimiyyeti-emekdasi-ile-bagli-videogoruntu-arasdirilir\/#breadcrumb","itemListElement":[{"@type":"ListItem","position":1,"name":"Ana s\u0259hif\u0259","item":"https:\/\/www.meydan.tv\/az\/"},{"@type":"ListItem","position":2,"name":"B\u00f6lg\u0259","item":"https:\/\/www.meydan.tv\/az\/section\/bolge\/"},{"@type":"ListItem","position":3,"name":"Prokurorluq: \u0130cra hakimiyy\u0259ti \u0259m\u0259kda\u015f\u0131 il\u0259 ba\u011fl\u0131 videog\u00f6r\u00fcnt\u00fc ara\u015fd\u0131r\u0131l\u0131r"}]},{"@type":"WebSite","@id":"https:\/\/www.meydan.tv\/az\/#website","url":"https:\/\/www.meydan.tv\/az\/","name":"MEYDAN.TV","description":"Meydan TV Az\u0259rbaycan\u0131n media m\u0259kan\u0131ndak\u0131 alternativ s\u0259sidir","publisher":{"@id":"https:\/\/www.meydan.tv\/az\/#organization"},"potentialAction":[{"@type":"SearchAction","target":{"@type":"EntryPoint","urlTemplate":"https:\/\/www.meydan.tv\/az\/?s={search_term_string}"},"query-input":{"@type":"PropertyValueSpecification","valueRequired":true,"valueName":"search_term_string"}}],"inLanguage":"az"},{"@type":"Organization","@id":"https:\/\/www.meydan.tv\/az\/#organization","name":"Meydan TV","url":"https:\/\/www.meydan.tv\/az\/","logo":{"@type":"ImageObject","inLanguage":"az","@id":"https:\/\/www.meydan.tv\/az\/#\/schema\/logo\/image\/","url":"https:\/\/www.meydan.tv\/wp-content\/uploads\/2021\/07\/meydan-logo.svg","contentUrl":"https:\/\/www.meydan.tv\/wp-content\/uploads\/2021\/07\/meydan-logo.svg","width":195,"height":46,"caption":"Meydan TV"},"image":{"@id":"https:\/\/www.meydan.tv\/az\/#\/schema\/logo\/image\/"}},{"@type":"Person","@id":"https:\/\/www.meydan.tv\/az\/#\/schema\/person\/9cdbecf90d17180ce1dfbd95b08dcf47","name":"elli","sameAs":["https:\/\/x.com\/elli"]}]}},"_links":{"self":[{"href":"https:\/\/www.meydan.tv\/az\/wp-json\/wp\/v2\/posts\/257095","targetHints":{"allow":["GET"]}}],"collection":[{"href":"https:\/\/www.meydan.tv\/az\/wp-json\/wp\/v2\/posts"}],"about":[{"href":"https:\/\/www.meydan.tv\/az\/wp-json\/wp\/v2\/types\/post"}],"author":[{"embeddable":true,"href":"https:\/\/www.meydan.tv\/az\/wp-json\/wp\/v2\/users\/8"}],"replies":[{"embeddable":true,"href":"https:\/\/www.meydan.tv\/az\/wp-json\/wp\/v2\/comments?post=257095"}],"version-history":[{"count":1,"href":"https:\/\/www.meydan.tv\/az\/wp-json\/wp\/v2\/posts\/257095\/revisions"}],"predecessor-version":[{"id":257099,"href":"https:\/\/www.meydan.tv\/az\/wp-json\/wp\/v2\/posts\/257095\/revisions\/257099"}],"wp:featuredmedia":[{"embeddable":true,"href":"https:\/\/www.meydan.tv\/az\/wp-json\/wp\/v2\/media\/257096"}],"wp:attachment":[{"href":"https:\/\/www.meydan.tv\/az\/wp-json\/wp\/v2\/media?parent=257095"}],"wp:term":[{"taxonomy":"category","embeddable":true,"href":"https:\/\/www.meydan.tv\/az\/wp-json\/wp\/v2\/categories?post=257095"},{"taxonomy":"post_tag","embeddable":true,"href":"https:\/\/www.meydan.tv\/az\/wp-json\/wp\/v2\/tags?post=257095"}],"curies":[{"name":"wp","href":"https:\/\/api.w.org\/{rel}","templated":true}]}}