{"id":257036,"date":"2022-09-30T13:15:23","date_gmt":"2022-09-30T09:15:23","guid":{"rendered":"https:\/\/www.meydan.tv\/?p=257036"},"modified":"2022-09-30T13:15:26","modified_gmt":"2022-09-30T09:15:26","slug":"18-il-sonra-ustu-acilmis-qetl-nene-ve-nevesine-82-bicaq-zerbesi-vurulub","status":"publish","type":"post","link":"https:\/\/www.meydan.tv\/az\/article\/18-il-sonra-ustu-acilmis-qetl-nene-ve-nevesine-82-bicaq-zerbesi-vurulub\/","title":{"rendered":"18 il sonra \u00fcst\u00fc a\u00e7\u0131lm\u0131\u015f q\u0259tl: n\u0259n\u0259 v\u0259 n\u0259v\u0259sin\u0259 82 b\u0131\u00e7aq z\u0259rb\u0259si vurulub"},"content":{"rendered":"\n<p><\/p>\n\n\n\n<p><em>Q\u0259tld\u0259 t\u0259qsirli bilin\u0259nl\u0259rd\u0259n biri v\u0259fat edib<\/em><\/p>\n\n\n\n<p>16 il C\u0259lilabad rayonunda icra ba\u015f\u00e7\u0131s\u0131n\u0131n m\u00fcavini i\u015fl\u0259mi\u015f Asif \u018fzizovun 15 ya\u015fl\u0131 q\u0131z\u0131 Ayg\u00fcn \u018fzizovan\u0131 ana n\u0259n\u0259si il\u0259 birlikd\u0259 q\u0259tl\u0259 yetirm\u0259kd\u0259 ittiham olunan iki n\u0259f\u0259r m\u0259hk\u0259m\u0259 qar\u015f\u0131s\u0131na \u00e7\u0131xar\u0131l\u0131b. \u018fslind\u0259, bu cinay\u0259t i\u015fi \u00fczr\u0259 t\u0259qsirl\u0259ndiril\u0259n \u015f\u0259xsl\u0259rin say\u0131 \u00fc\u00e7 n\u0259f\u0259rdir. Onlardan biri hadis\u0259d\u0259n \u00f6t\u0259n 18 il \u0259rzind\u0259 v\u0259fat edib.<\/p>\n\n\n\n<p>1947-ci il t\u0259v\u0259ll\u00fcdl\u00fc R\u0259hil\u0259 C\u0259lilova v\u0259 1989-cu il t\u0259v\u0259ll\u00fcdl\u00fc n\u0259v\u0259sini q\u0259tl\u0259 yetirm\u0259kd\u0259 ittiham olunan F\u0259rid M\u0259mm\u0259dli v\u0259 Anar A\u011falarovun i\u015fin\u0259 Bak\u0131 A\u011f\u0131r Cinay\u0259tl\u0259r M\u0259hk\u0259m\u0259sind\u0259 hakim Novruz K\u0259rimovun s\u0259drliyil\u0259 bax\u0131l\u0131r.<\/p>\n\n\n\n<p>M\u0259hk\u0259m\u0259d\u0259 z\u0259r\u0259r\u00e7\u0259kmi\u015fin h\u00fcquqi varisi statusunda i\u015ftirak ed\u0259n Asif \u018fzizov bildirib ki, t\u0259qsirl\u0259ndiril\u0259n \u015f\u0259xsl\u0259r\u0259 \u00f6m\u00fcrl\u00fck c\u0259za verilm\u0259sini ist\u0259yir. Bu m\u0259qs\u0259dl\u0259 \u00f6z\u00fc v\u0259 yax\u0131nlar\u0131 m\u00fcxt\u0259lif d\u00f6vl\u0259t orqanlar\u0131na \u0259riz\u0259l\u0259r yaz\u0131blar.<\/p>\n\n\n\n<p>T\u0259qsirl\u0259ndiril\u0259n iki n\u0259f\u0259r Anar A\u011falarov v\u0259 F\u0259rid M\u0259mm\u0259dli xalao\u011fludur. V\u0259fat ed\u0259n daha bir n\u0259f\u0259r \u2013 Teymur M\u0259mm\u0259dov is\u0259 F\u0259ridin qarda\u015f\u0131d\u0131r.<\/p>\n\n\n\n<p>Hadis\u0259 2004-c\u00fc ild\u0259 Bak\u0131da \u2013 Yasamal rayonu \u0259razisind\u0259 ba\u015f verib.<\/p>\n\n\n\n<p>M\u0259hk\u0259m\u0259d\u0259 ifad\u0259 ver\u0259n Anar A\u011falarov \u00f6z\u00fcn\u00fc ona veril\u0259n ittiham \u00fczr\u0259 qism\u0259n t\u0259qsirli bilib. O bildirib ki, hadis\u0259 ittiham akt\u0131nda yaz\u0131ld\u0131\u011f\u0131 formada ba\u015f verm\u0259yib.<\/p>\n\n\n\n<p>Onun s\u00f6zl\u0259rin\u0259 g\u00f6r\u0259, m\u0259rhum xalas\u0131 o\u011flu Teymurla birlikd\u0259 R\u0259hil\u0259 C\u0259lilovan\u0131n evind\u0259n o\u011furluq el\u0259m\u0259k q\u0259rar\u0131na g\u0259libl\u0259r. H\u0259min vaxt Anar A\u011falarovun 19 ya\u015f\u0131 olub, Az\u0259rbaycan D\u00f6vl\u0259t M\u0259d\u0259niyy\u0259t v\u0259 \u0130nc\u0259s\u0259n\u0259t Universitetinin ikinci kursunda t\u0259hsil al\u0131rm\u0131\u015f.<\/p>\n\n\n\n<p>\u201cTeymur d\u0259f\u0259l\u0259rl\u0259 R\u0259hil\u0259 C\u0259lilovan\u0131n evind\u0259 olmu\u015fdu. N\u0259n\u0259miz R\u0259hil\u0259ni tan\u0131y\u0131rd\u0131. Laz\u0131m olanda ondan pul al\u0131rd\u0131. Sonra d\u00fcz\u0259ldib qaytar\u0131rd\u0131. Laz\u0131m olanda Teymuru g\u00f6nd\u0259rirdi pul \u00fc\u00e7\u00fcn. Teymur da gedib g\u0259tirib verirdi. Bu s\u0259b\u0259bd\u0259n Teymur R\u0259hil\u0259 C\u0259lilovan\u0131n evind\u0259 pul oldu\u011funu d\u0259qiq bilirdi\u201d, &#8211; Anar A\u011falarov bildirib.<\/p>\n\n\n\n<p>Onun s\u00f6zl\u0259rin\u0259 g\u00f6r\u0259, xalas\u0131 o\u011flu ona qap\u0131da dayanma\u011f\u0131, g\u0259lib-ged\u0259n\u0259 n\u0259zar\u0259t etm\u0259yi m\u0259sl\u0259h\u0259t g\u00f6r\u00fcb. \u00d6z\u00fc is\u0259 ev\u0259 daxil olub o\u011furluq ed\u0259c\u0259kdi:<\/p>\n\n\n\n<p>\u201cM\u0259n qap\u0131da dayand\u0131m, Teymur yoxlamaq \u00fc\u00e7\u00fcn qap\u0131n\u0131 d\u00f6yd\u00fc ki, g\u00f6r\u0259k evd\u0259 kims\u0259 var, yoxsa yox. \u0130\u00e7\u0259rid\u0259n s\u0259s g\u0259ldi, Teymur kim oldu\u011funu dedi, ondan sonra qad\u0131n qap\u0131n\u0131 a\u00e7d\u0131. M\u0259n qap\u0131da dayand\u0131m, Teymur i\u00e7\u0259ri girdi. Ondan sonra m\u0259lum hadis\u0259ni t\u00f6r\u0259tdi\u2026\u201d<\/p>\n\n\n\n<p>Anar A\u011falarovun s\u00f6zl\u0259rin\u0259 g\u00f6r\u0259, qad\u0131n\u0131 da, s\u0259s\u0259 \u00e7\u0131xan u\u015fa\u011f\u0131 da Teymur M\u0259mm\u0259dov b\u0131\u00e7aqla vurub:<\/p>\n\n\n\n<p>\u201cM\u0259n \u00f6z\u00fcm\u00fc h\u0259min ev\u0259 getm\u0259yim\u0259 g\u00f6r\u0259 t\u0259qsirli bilir\u0259m. Biz \u0259vv\u0259lc\u0259d\u0259n q\u0259tl yox, o\u011furluq planla\u015fd\u0131rm\u0131\u015fd\u0131q. Evd\u0259 he\u00e7 kim olmasayd\u0131, o\u011furluq el\u0259y\u0259c\u0259kdik. Buna g\u00f6r\u0259 d\u0259 qap\u0131n\u0131 d\u00f6yd\u00fck. Ev sahibi qar\u015f\u0131m\u0131za \u00e7\u0131xd\u0131. M\u0259n\u0259 m\u0259lum deyil ki, Teymur niy\u0259 q\u0259tl hadis\u0259sini t\u00f6r\u0259tdi. Teymurda b\u0131\u00e7aq oldu\u011funu bilirdim. \u00c7\u00fcnki o, h\u0259mi\u015f\u0259 \u00fcst\u00fcnd\u0259 b\u0131\u00e7aq g\u0259zdirirdi. Amma m\u0259nd\u0259 b\u0131\u00e7aq olmay\u0131b. Biz evd\u0259 u\u015fa\u011f\u0131n oldu\u011funu bilm\u0259mi\u015fik. O q\u0131z u\u015fa\u011f\u0131n\u0131 da Teymur b\u0131\u00e7aqla vurdu\u2026\u201d<\/p>\n\n\n\n<p>Anar A\u011falarov onu da bildirib ki, haz\u0131rda onunla birlikd\u0259 m\u00fchakim\u0259 olunan xalas\u0131 o\u011flu F\u0259rid M\u0259mm\u0259dli \u00fcmumiyy\u0259tl\u0259, hadis\u0259 yerind\u0259 olmay\u0131b:<\/p>\n\n\n\n<p>\u201cF\u0259rid bizim yan\u0131m\u0131zda olmay\u0131b. Teymurla F\u0259rid qarda\u015f oldu\u011fu \u00fc\u00e7\u00fcn onlar\u0131nm qan qruplar\u0131 da eynidir. Qan qrupuna g\u00f6r\u0259 F\u0259ridi d\u0259 tutublar\u201d.<\/p>\n\n\n\n<p>O \u0259lav\u0259 edib ki, hadis\u0259 vaxt\u0131 q\u0259tlin qar\u015f\u0131s\u0131n\u0131 almaq imkan\u0131 olmay\u0131b. Onun s\u00f6zl\u0259rin\u0259 g\u00f6r\u0259, Teymur M\u0259mm\u0259dov h\u0259min vaxt davran\u0131\u015f bax\u0131m\u0131ndan tan\u0131nmaz olmu\u015fdu: \u201cEl\u0259 v\u0259ziyy\u0259td\u0259 idi ki, qar\u015f\u0131s\u0131na ke\u00e7s\u0259ydim, b\u0259lk\u0259 m\u0259ni d\u0259 \u00f6ld\u00fcr\u0259 bil\u0259rdi. Teymuru tan\u0131maq olmurdu. Onlar\u0131 b\u0131\u00e7aqla vurduqca, m\u0259nim d\u0259 \u00fcst\u00fcm\u0259 q\u0131\u015fq\u0131r\u0131rd\u0131. R\u0259hil\u0259ni d\u0259hlizd\u0259 vurdu. U\u015faq s\u0259s-k\u00fcy\u0259 g\u0259ldi\u2026\u201d<\/p>\n\n\n\n<p>Q\u0259tli t\u00f6r\u0259d\u0259nd\u0259n sonra evd\u0259 q\u0131z\u0131l v\u0259 pul axtar\u0131blar:<\/p>\n\n\n\n<p>\u201cM\u0259n qap\u0131n\u0131n yan\u0131nda dayanm\u0131\u015fd\u0131m. \u00dcst\u00fcm\u0259 q\u0131\u015fq\u0131rd\u0131 ki, \u201cs\u0259n d\u0259 axtar\u201d. Evd\u0259n 600 dollar tapd\u0131q. O pulun 300 dollar\u0131n\u0131 m\u0259n\u0259 verdi, qalan\u0131n\u0131 \u00f6z\u00fcnd\u0259 saxlad\u0131\u2026\u201d<\/p>\n\n\n\n<p>Z\u0259r\u0259r\u00e7\u0259kmi\u015f Asif \u018fzizov deyib ki, q\u0131z\u0131na 40, qay\u0131nanas\u0131na is\u0259 42 b\u0131\u00e7aq z\u0259rb\u0259si vurulub. Onun fikrinc\u0259, bunlar\u0131 t\u0259k adam\u0131n el\u0259m\u0259si m\u00fcmk\u00fcn deyildi.<\/p>\n\n\n\n<p>\u201cBu q\u0259d\u0259r z\u0259rb\u0259 vurmas\u0131n\u0131n s\u0259b\u0259bini bilm\u0259dim. Teymur \u00f6z\u00fcnd\u0259 deyildi. Dayanmadan vururdu. Sanki narkotikin t\u0259siri alt\u0131nda idi\u2026\u201d, &#8211; Anar A\u011falarov bildirib.<\/p>\n\n\n\n<p>Asif \u018fzizov onun yalan dan\u0131\u015fd\u0131\u011f\u0131n\u0131, hadis\u0259ni \u00fc\u00e7\u00fcn\u00fcn birlikd\u0259 t\u00f6r\u0259tdikl\u0259rini iddia edib:<\/p>\n\n\n\n<p>\u201cBu q\u0259tld\u0259 \u00f6zl\u0259ri il\u0259 yana\u015f\u0131, n\u0259n\u0259l\u0259rinin, atalar\u0131n\u0131n da \u0259li var. M\u00fct\u0259\u015f\u0259kkil d\u0259st\u0259 \u015f\u0259klind\u0259 bu q\u0259tli t\u00f6r\u0259dibl\u0259r. Anar A\u011falarovun atas\u0131 polis i\u015f\u00e7isi olub. 18 il bu q\u0259tli gizl\u0259dib, \u00fcst\u00fcn\u00fcn a\u00e7\u0131lmas\u0131na imkan verm\u0259yib. Atas\u0131 da, n\u0259n\u0259si d\u0259 q\u0259tli bilib. \u0130ndi t\u00fcrm\u0259d\u0259 bir-birl\u0259rin\u0259 x\u0259b\u0259r \u00f6t\u00fcr\u00fcrl\u0259r, Teymur \u00f6l\u00fcb, onun \u00fcst\u00fcn\u0259 y\u0131x\u0131rlar\u201d.<\/p>\n\n\n\n<p>M\u0259hk\u0259m\u0259d\u0259 m\u0259lum olub ki, Anar A\u011falarov istintaqda f\u0259rqli ifad\u0259 verib. O bildirib ki, q\u0259tli Teymur v\u0259 F\u0259rid qarda\u015flar\u0131yla birlikd\u0259 t\u00f6r\u0259dibl\u0259r v\u0259 daha sonra evd\u0259 birlikd\u0259 pul axtar\u0131blar.<\/p>\n\n\n\n<p>O da ayd\u0131nla\u015f\u0131b ki, evd\u0259n 4 qanl\u0131 b\u0131\u00e7aq tap\u0131l\u0131b.<\/p>\n\n\n\n<p>\u201cTeymurda c\u0259mi bir b\u0131\u00e7aq olub v\u0259 h\u0259min b\u0131\u00e7aqlada cinay\u0259ti t\u00f6r\u0259dib. \u0130\u015fd\u0259 olan s\u0259n\u0259dl\u0259rd\u0259n d\u0259 g\u00f6r\u00fcn\u00fcr ki, dig\u0259r 3 b\u0131\u00e7aq ail\u0259y\u0259 m\u0259xsus olub. M\u0259nd\u0259 is\u0259 b\u0131\u00e7aq olmay\u0131b\u201d, &#8211; Anar A\u011falarov bildirib.<\/p>\n\n\n\n<p>O, istintaqdak\u0131 ifad\u0259sind\u0259 is\u0259 deyib ki, Teymurda b\u0131\u00e7aq olsa da, evd\u0259ki b\u0131\u00e7aqlardan da istifad\u0259 edibl\u0259r. Anar A\u011falarov \u0259lav\u0259 edib ki, \u00f6z\u00fc Ayg\u00fcn \u018fzizovan\u0131 tutub, Teymur M\u0259mm\u0259dov da b\u0131\u00e7aqla z\u0259rb\u0259l\u0259r vurub. F\u0259rid M\u0259mm\u0259dlinin is\u0259 b\u0131\u00e7aqla vurdu\u011funu g\u00f6rm\u0259yib.<\/p>\n\n\n\n<p>Anar A\u011falarov istintaqdak\u0131 bu ifad\u0259sini t\u0259sdiql\u0259mir. O bildirib ki, m\u00fcst\u0259ntiq yazd\u0131\u011f\u0131 ifad\u0259ni istintaq t\u0259cridxanas\u0131na g\u0259tirib, o da oxumadan imzalay\u0131b.<\/p>\n\n\n\n<p>Bu i\u015f \u00fczr\u0259 m\u0259hk\u0259m\u0259 prosesi oktyabr\u0131n 19-da davam ed\u0259c\u0259k.<\/p>\n\n\n\n<p>Bu cinay\u0259tin \u00fcst\u00fc 18 il sonra a\u00e7\u0131l\u0131b. Teymur M\u0259mm\u0259dov v\u0259fat ets\u0259 d\u0259, bu i\u015fd\u0259 t\u0259qsirl\u0259ndiril\u0259n \u015f\u0259xs statusundad\u0131r. Onun qarda\u015f\u0131 F\u0259rid M\u0259mm\u0259dli v\u0259 xalas\u0131 o\u011flu Anar A\u011falarova qar\u015f\u0131 Cinay\u0259t M\u0259c\u0259ll\u0259sinin 120.2.1 (bir qrup \u015f\u0259xs t\u0259r\u0259find\u0259n q\u0259sd\u0259n adam \u00f6ld\u00fcrm\u0259), 120.2.4 (x\u00fcsusi amans\u0131zl\u0131qla v\u0259 ya \u00fcmumi t\u0259hl\u00fck\u0259li \u00fcsulla adam \u00f6ld\u00fcrm\u0259), 120.2.6 (ba\u015fqa cinay\u0259ti gizl\u0259tm\u0259 v\u0259 ya onun t\u00f6r\u0259dilm\u0259sini y\u00fcng\u00fcll\u0259\u015fdirm\u0259 m\u0259qs\u0259di il\u0259 adam \u00f6ld\u00fcrm\u0259) v\u0259 dig\u0259r madd\u0259l\u0259ri il\u0259 ittiham elan edilib. Bu madd\u0259l\u0259rd\u0259 20 il\u0259 q\u0259d\u0259r v\u0259 ya \u00f6m\u00fcrl\u00fck azadl\u0131qdan m\u0259hrumetm\u0259 c\u0259zas\u0131 n\u0259z\u0259rd\u0259 tutulub.<\/p>\n\n\n\n<p>Z\u0259r\u0259r\u00e7\u0259kmi\u015f Asif \u018fzizov 1999-2002-ci ill\u0259rd\u0259 C\u0259lilabad\u0131n icra ba\u015f\u00e7\u0131s\u0131n\u0131n aqrar m\u0259s\u0259l\u0259l\u0259r \u00fczr\u0259 m\u00fcavini v\u0259zif\u0259sind\u0259 \u00e7al\u0131\u015f\u0131b, 2002-ci ild\u0259n 2015-ci il\u0259 q\u0259d\u0259r birinci m\u00fcavin olub. 2015-ci ild\u0259 \u00f6z \u0259riz\u0259sil\u0259 v\u0259zif\u0259d\u0259n azad edilib v\u0259 o vaxtdan biznes f\u0259aliyy\u0259ti il\u0259 m\u0259\u015f\u011ful olur.<\/p>\n","protected":false},"excerpt":{"rendered":"<p>Q\u0259tld\u0259 t\u0259qsirli bilin\u0259nl\u0259rd\u0259n biri v\u0259fat edib 16 il C\u0259lilabad rayonunda &#8230; <\/p>\n<p class=\"read-more-container\"><a title=\"18 il sonra \u00fcst\u00fc a\u00e7\u0131lm\u0131\u015f q\u0259tl: n\u0259n\u0259 v\u0259 n\u0259v\u0259sin\u0259 82 b\u0131\u00e7aq z\u0259rb\u0259si vurulub\" class=\"read-more button\" href=\"https:\/\/www.meydan.tv\/az\/article\/18-il-sonra-ustu-acilmis-qetl-nene-ve-nevesine-82-bicaq-zerbesi-vurulub\/#more-257036\" aria-label=\"Read more about 18 il sonra \u00fcst\u00fc a\u00e7\u0131lm\u0131\u015f q\u0259tl: n\u0259n\u0259 v\u0259 n\u0259v\u0259sin\u0259 82 b\u0131\u00e7aq z\u0259rb\u0259si vurulub\">Davam\u0131<\/a><\/p>\n","protected":false},"author":8,"featured_media":119696,"comment_status":"closed","ping_status":"closed","sticky":false,"template":"","format":"standard","meta":{"_acf_changed":false,"_sitemap_exclude":false,"_sitemap_priority":"","_sitemap_frequency":"","footnotes":""},"categories":[60,56],"tags":[],"class_list":["post-257036","post","type-post","status-publish","format-standard","has-post-thumbnail","hentry","category-bolge","category-xeberler","infinite-scroll-item","generate-columns","tablet-grid-50","mobile-grid-100","grid-parent","grid-33","no-featured-image-padding"],"acf":[],"yoast_head":"<!-- This site is optimized with the Yoast SEO plugin v27.5 - https:\/\/yoast.com\/product\/yoast-seo-wordpress\/ -->\n<title>18 il sonra \u00fcst\u00fc a\u00e7\u0131lm\u0131\u015f q\u0259tl: n\u0259n\u0259 v\u0259 n\u0259v\u0259sin\u0259 82 b\u0131\u00e7aq z\u0259rb\u0259si vurulub - MEYDAN.TV<\/title>\n<meta name=\"robots\" content=\"index, follow, max-snippet:-1, max-image-preview:large, max-video-preview:-1\" \/>\n<link rel=\"canonical\" href=\"https:\/\/www.meydan.tv\/az\/article\/18-il-sonra-ustu-acilmis-qetl-nene-ve-nevesine-82-bicaq-zerbesi-vurulub\/\" \/>\n<meta property=\"og:locale\" content=\"az_AZ\" \/>\n<meta property=\"og:type\" content=\"article\" \/>\n<meta property=\"og:title\" content=\"18 il sonra \u00fcst\u00fc a\u00e7\u0131lm\u0131\u015f q\u0259tl: n\u0259n\u0259 v\u0259 n\u0259v\u0259sin\u0259 82 b\u0131\u00e7aq z\u0259rb\u0259si vurulub - MEYDAN.TV\" \/>\n<meta property=\"og:description\" content=\"Q\u0259tld\u0259 t\u0259qsirli bilin\u0259nl\u0259rd\u0259n biri v\u0259fat edib 16 il C\u0259lilabad rayonunda ... Davam\u0131\" \/>\n<meta property=\"og:url\" content=\"https:\/\/www.meydan.tv\/az\/article\/18-il-sonra-ustu-acilmis-qetl-nene-ve-nevesine-82-bicaq-zerbesi-vurulub\/\" \/>\n<meta property=\"og:site_name\" content=\"MEYDAN.TV\" \/>\n<meta property=\"article:published_time\" content=\"2022-09-30T09:15:23+00:00\" \/>\n<meta property=\"article:modified_time\" content=\"2022-09-30T09:15:26+00:00\" \/>\n<meta property=\"og:image\" content=\"https:\/\/www.meydan.tv\/wp-content\/uploads\/410827945_avcauli.jpg\" \/>\n\t<meta property=\"og:image:width\" content=\"1000\" \/>\n\t<meta property=\"og:image:height\" content=\"541\" \/>\n\t<meta property=\"og:image:type\" content=\"image\/jpeg\" \/>\n<meta name=\"author\" content=\"elli\" \/>\n<meta name=\"twitter:card\" content=\"summary_large_image\" \/>\n<meta name=\"twitter:creator\" content=\"@elli\" \/>\n<script type=\"application\/ld+json\" class=\"yoast-schema-graph\">{\"@context\":\"https:\\\/\\\/schema.org\",\"@graph\":[{\"@type\":\"Article\",\"@id\":\"https:\\\/\\\/www.meydan.tv\\\/az\\\/article\\\/18-il-sonra-ustu-acilmis-qetl-nene-ve-nevesine-82-bicaq-zerbesi-vurulub\\\/#article\",\"isPartOf\":{\"@id\":\"https:\\\/\\\/www.meydan.tv\\\/az\\\/article\\\/18-il-sonra-ustu-acilmis-qetl-nene-ve-nevesine-82-bicaq-zerbesi-vurulub\\\/\"},\"author\":{\"name\":\"elli\",\"@id\":\"https:\\\/\\\/www.meydan.tv\\\/az\\\/#\\\/schema\\\/person\\\/9cdbecf90d17180ce1dfbd95b08dcf47\"},\"headline\":\"18 il sonra \u00fcst\u00fc a\u00e7\u0131lm\u0131\u015f q\u0259tl: n\u0259n\u0259 v\u0259 n\u0259v\u0259sin\u0259 82 b\u0131\u00e7aq z\u0259rb\u0259si vurulub\",\"datePublished\":\"2022-09-30T09:15:23+00:00\",\"dateModified\":\"2022-09-30T09:15:26+00:00\",\"mainEntityOfPage\":{\"@id\":\"https:\\\/\\\/www.meydan.tv\\\/az\\\/article\\\/18-il-sonra-ustu-acilmis-qetl-nene-ve-nevesine-82-bicaq-zerbesi-vurulub\\\/\"},\"wordCount\":1445,\"publisher\":{\"@id\":\"https:\\\/\\\/www.meydan.tv\\\/az\\\/#organization\"},\"image\":{\"@id\":\"https:\\\/\\\/www.meydan.tv\\\/az\\\/article\\\/18-il-sonra-ustu-acilmis-qetl-nene-ve-nevesine-82-bicaq-zerbesi-vurulub\\\/#primaryimage\"},\"thumbnailUrl\":\"https:\\\/\\\/www.meydan.tv\\\/wp-content\\\/uploads\\\/410827945_avcauli.jpg\",\"articleSection\":[\"B\u00f6lg\u0259\",\"X\u0259b\u0259rl\u0259r\"],\"inLanguage\":\"az\"},{\"@type\":\"WebPage\",\"@id\":\"https:\\\/\\\/www.meydan.tv\\\/az\\\/article\\\/18-il-sonra-ustu-acilmis-qetl-nene-ve-nevesine-82-bicaq-zerbesi-vurulub\\\/\",\"url\":\"https:\\\/\\\/www.meydan.tv\\\/az\\\/article\\\/18-il-sonra-ustu-acilmis-qetl-nene-ve-nevesine-82-bicaq-zerbesi-vurulub\\\/\",\"name\":\"18 il sonra \u00fcst\u00fc a\u00e7\u0131lm\u0131\u015f q\u0259tl: n\u0259n\u0259 v\u0259 n\u0259v\u0259sin\u0259 82 b\u0131\u00e7aq z\u0259rb\u0259si vurulub - MEYDAN.TV\",\"isPartOf\":{\"@id\":\"https:\\\/\\\/www.meydan.tv\\\/az\\\/#website\"},\"primaryImageOfPage\":{\"@id\":\"https:\\\/\\\/www.meydan.tv\\\/az\\\/article\\\/18-il-sonra-ustu-acilmis-qetl-nene-ve-nevesine-82-bicaq-zerbesi-vurulub\\\/#primaryimage\"},\"image\":{\"@id\":\"https:\\\/\\\/www.meydan.tv\\\/az\\\/article\\\/18-il-sonra-ustu-acilmis-qetl-nene-ve-nevesine-82-bicaq-zerbesi-vurulub\\\/#primaryimage\"},\"thumbnailUrl\":\"https:\\\/\\\/www.meydan.tv\\\/wp-content\\\/uploads\\\/410827945_avcauli.jpg\",\"datePublished\":\"2022-09-30T09:15:23+00:00\",\"dateModified\":\"2022-09-30T09:15:26+00:00\",\"breadcrumb\":{\"@id\":\"https:\\\/\\\/www.meydan.tv\\\/az\\\/article\\\/18-il-sonra-ustu-acilmis-qetl-nene-ve-nevesine-82-bicaq-zerbesi-vurulub\\\/#breadcrumb\"},\"inLanguage\":\"az\",\"potentialAction\":[{\"@type\":\"ReadAction\",\"target\":[\"https:\\\/\\\/www.meydan.tv\\\/az\\\/article\\\/18-il-sonra-ustu-acilmis-qetl-nene-ve-nevesine-82-bicaq-zerbesi-vurulub\\\/\"]}]},{\"@type\":\"ImageObject\",\"inLanguage\":\"az\",\"@id\":\"https:\\\/\\\/www.meydan.tv\\\/az\\\/article\\\/18-il-sonra-ustu-acilmis-qetl-nene-ve-nevesine-82-bicaq-zerbesi-vurulub\\\/#primaryimage\",\"url\":\"https:\\\/\\\/www.meydan.tv\\\/wp-content\\\/uploads\\\/410827945_avcauli.jpg\",\"contentUrl\":\"https:\\\/\\\/www.meydan.tv\\\/wp-content\\\/uploads\\\/410827945_avcauli.jpg\",\"width\":1000,\"height\":541,\"caption\":\"Foto: Meydan TV\"},{\"@type\":\"BreadcrumbList\",\"@id\":\"https:\\\/\\\/www.meydan.tv\\\/az\\\/article\\\/18-il-sonra-ustu-acilmis-qetl-nene-ve-nevesine-82-bicaq-zerbesi-vurulub\\\/#breadcrumb\",\"itemListElement\":[{\"@type\":\"ListItem\",\"position\":1,\"name\":\"Ana s\u0259hif\u0259\",\"item\":\"https:\\\/\\\/www.meydan.tv\\\/az\\\/\"},{\"@type\":\"ListItem\",\"position\":2,\"name\":\"B\u00f6lg\u0259\",\"item\":\"https:\\\/\\\/www.meydan.tv\\\/az\\\/section\\\/bolge\\\/\"},{\"@type\":\"ListItem\",\"position\":3,\"name\":\"18 il sonra \u00fcst\u00fc a\u00e7\u0131lm\u0131\u015f q\u0259tl: n\u0259n\u0259 v\u0259 n\u0259v\u0259sin\u0259 82 b\u0131\u00e7aq z\u0259rb\u0259si vurulub\"}]},{\"@type\":\"WebSite\",\"@id\":\"https:\\\/\\\/www.meydan.tv\\\/az\\\/#website\",\"url\":\"https:\\\/\\\/www.meydan.tv\\\/az\\\/\",\"name\":\"MEYDAN.TV\",\"description\":\"Meydan TV Az\u0259rbaycan\u0131n media m\u0259kan\u0131ndak\u0131 alternativ s\u0259sidir\",\"publisher\":{\"@id\":\"https:\\\/\\\/www.meydan.tv\\\/az\\\/#organization\"},\"potentialAction\":[{\"@type\":\"SearchAction\",\"target\":{\"@type\":\"EntryPoint\",\"urlTemplate\":\"https:\\\/\\\/www.meydan.tv\\\/az\\\/?s={search_term_string}\"},\"query-input\":{\"@type\":\"PropertyValueSpecification\",\"valueRequired\":true,\"valueName\":\"search_term_string\"}}],\"inLanguage\":\"az\"},{\"@type\":\"Organization\",\"@id\":\"https:\\\/\\\/www.meydan.tv\\\/az\\\/#organization\",\"name\":\"Meydan TV\",\"url\":\"https:\\\/\\\/www.meydan.tv\\\/az\\\/\",\"logo\":{\"@type\":\"ImageObject\",\"inLanguage\":\"az\",\"@id\":\"https:\\\/\\\/www.meydan.tv\\\/az\\\/#\\\/schema\\\/logo\\\/image\\\/\",\"url\":\"https:\\\/\\\/www.meydan.tv\\\/wp-content\\\/uploads\\\/2021\\\/07\\\/meydan-logo.svg\",\"contentUrl\":\"https:\\\/\\\/www.meydan.tv\\\/wp-content\\\/uploads\\\/2021\\\/07\\\/meydan-logo.svg\",\"width\":195,\"height\":46,\"caption\":\"Meydan TV\"},\"image\":{\"@id\":\"https:\\\/\\\/www.meydan.tv\\\/az\\\/#\\\/schema\\\/logo\\\/image\\\/\"}},{\"@type\":\"Person\",\"@id\":\"https:\\\/\\\/www.meydan.tv\\\/az\\\/#\\\/schema\\\/person\\\/9cdbecf90d17180ce1dfbd95b08dcf47\",\"name\":\"elli\",\"sameAs\":[\"https:\\\/\\\/x.com\\\/elli\"]}]}<\/script>\n<!-- \/ Yoast SEO plugin. -->","yoast_head_json":{"title":"18 il sonra \u00fcst\u00fc a\u00e7\u0131lm\u0131\u015f q\u0259tl: n\u0259n\u0259 v\u0259 n\u0259v\u0259sin\u0259 82 b\u0131\u00e7aq z\u0259rb\u0259si vurulub - MEYDAN.TV","robots":{"index":"index","follow":"follow","max-snippet":"max-snippet:-1","max-image-preview":"max-image-preview:large","max-video-preview":"max-video-preview:-1"},"canonical":"https:\/\/www.meydan.tv\/az\/article\/18-il-sonra-ustu-acilmis-qetl-nene-ve-nevesine-82-bicaq-zerbesi-vurulub\/","og_locale":"az_AZ","og_type":"article","og_title":"18 il sonra \u00fcst\u00fc a\u00e7\u0131lm\u0131\u015f q\u0259tl: n\u0259n\u0259 v\u0259 n\u0259v\u0259sin\u0259 82 b\u0131\u00e7aq z\u0259rb\u0259si vurulub - MEYDAN.TV","og_description":"Q\u0259tld\u0259 t\u0259qsirli bilin\u0259nl\u0259rd\u0259n biri v\u0259fat edib 16 il C\u0259lilabad rayonunda ... Davam\u0131","og_url":"https:\/\/www.meydan.tv\/az\/article\/18-il-sonra-ustu-acilmis-qetl-nene-ve-nevesine-82-bicaq-zerbesi-vurulub\/","og_site_name":"MEYDAN.TV","article_published_time":"2022-09-30T09:15:23+00:00","article_modified_time":"2022-09-30T09:15:26+00:00","og_image":[{"width":1000,"height":541,"url":"https:\/\/www.meydan.tv\/wp-content\/uploads\/410827945_avcauli.jpg","type":"image\/jpeg"}],"author":"elli","twitter_card":"summary_large_image","twitter_creator":"@elli","schema":{"@context":"https:\/\/schema.org","@graph":[{"@type":"Article","@id":"https:\/\/www.meydan.tv\/az\/article\/18-il-sonra-ustu-acilmis-qetl-nene-ve-nevesine-82-bicaq-zerbesi-vurulub\/#article","isPartOf":{"@id":"https:\/\/www.meydan.tv\/az\/article\/18-il-sonra-ustu-acilmis-qetl-nene-ve-nevesine-82-bicaq-zerbesi-vurulub\/"},"author":{"name":"elli","@id":"https:\/\/www.meydan.tv\/az\/#\/schema\/person\/9cdbecf90d17180ce1dfbd95b08dcf47"},"headline":"18 il sonra \u00fcst\u00fc a\u00e7\u0131lm\u0131\u015f q\u0259tl: n\u0259n\u0259 v\u0259 n\u0259v\u0259sin\u0259 82 b\u0131\u00e7aq z\u0259rb\u0259si vurulub","datePublished":"2022-09-30T09:15:23+00:00","dateModified":"2022-09-30T09:15:26+00:00","mainEntityOfPage":{"@id":"https:\/\/www.meydan.tv\/az\/article\/18-il-sonra-ustu-acilmis-qetl-nene-ve-nevesine-82-bicaq-zerbesi-vurulub\/"},"wordCount":1445,"publisher":{"@id":"https:\/\/www.meydan.tv\/az\/#organization"},"image":{"@id":"https:\/\/www.meydan.tv\/az\/article\/18-il-sonra-ustu-acilmis-qetl-nene-ve-nevesine-82-bicaq-zerbesi-vurulub\/#primaryimage"},"thumbnailUrl":"https:\/\/www.meydan.tv\/wp-content\/uploads\/410827945_avcauli.jpg","articleSection":["B\u00f6lg\u0259","X\u0259b\u0259rl\u0259r"],"inLanguage":"az"},{"@type":"WebPage","@id":"https:\/\/www.meydan.tv\/az\/article\/18-il-sonra-ustu-acilmis-qetl-nene-ve-nevesine-82-bicaq-zerbesi-vurulub\/","url":"https:\/\/www.meydan.tv\/az\/article\/18-il-sonra-ustu-acilmis-qetl-nene-ve-nevesine-82-bicaq-zerbesi-vurulub\/","name":"18 il sonra \u00fcst\u00fc a\u00e7\u0131lm\u0131\u015f q\u0259tl: n\u0259n\u0259 v\u0259 n\u0259v\u0259sin\u0259 82 b\u0131\u00e7aq z\u0259rb\u0259si vurulub - MEYDAN.TV","isPartOf":{"@id":"https:\/\/www.meydan.tv\/az\/#website"},"primaryImageOfPage":{"@id":"https:\/\/www.meydan.tv\/az\/article\/18-il-sonra-ustu-acilmis-qetl-nene-ve-nevesine-82-bicaq-zerbesi-vurulub\/#primaryimage"},"image":{"@id":"https:\/\/www.meydan.tv\/az\/article\/18-il-sonra-ustu-acilmis-qetl-nene-ve-nevesine-82-bicaq-zerbesi-vurulub\/#primaryimage"},"thumbnailUrl":"https:\/\/www.meydan.tv\/wp-content\/uploads\/410827945_avcauli.jpg","datePublished":"2022-09-30T09:15:23+00:00","dateModified":"2022-09-30T09:15:26+00:00","breadcrumb":{"@id":"https:\/\/www.meydan.tv\/az\/article\/18-il-sonra-ustu-acilmis-qetl-nene-ve-nevesine-82-bicaq-zerbesi-vurulub\/#breadcrumb"},"inLanguage":"az","potentialAction":[{"@type":"ReadAction","target":["https:\/\/www.meydan.tv\/az\/article\/18-il-sonra-ustu-acilmis-qetl-nene-ve-nevesine-82-bicaq-zerbesi-vurulub\/"]}]},{"@type":"ImageObject","inLanguage":"az","@id":"https:\/\/www.meydan.tv\/az\/article\/18-il-sonra-ustu-acilmis-qetl-nene-ve-nevesine-82-bicaq-zerbesi-vurulub\/#primaryimage","url":"https:\/\/www.meydan.tv\/wp-content\/uploads\/410827945_avcauli.jpg","contentUrl":"https:\/\/www.meydan.tv\/wp-content\/uploads\/410827945_avcauli.jpg","width":1000,"height":541,"caption":"Foto: Meydan TV"},{"@type":"BreadcrumbList","@id":"https:\/\/www.meydan.tv\/az\/article\/18-il-sonra-ustu-acilmis-qetl-nene-ve-nevesine-82-bicaq-zerbesi-vurulub\/#breadcrumb","itemListElement":[{"@type":"ListItem","position":1,"name":"Ana s\u0259hif\u0259","item":"https:\/\/www.meydan.tv\/az\/"},{"@type":"ListItem","position":2,"name":"B\u00f6lg\u0259","item":"https:\/\/www.meydan.tv\/az\/section\/bolge\/"},{"@type":"ListItem","position":3,"name":"18 il sonra \u00fcst\u00fc a\u00e7\u0131lm\u0131\u015f q\u0259tl: n\u0259n\u0259 v\u0259 n\u0259v\u0259sin\u0259 82 b\u0131\u00e7aq z\u0259rb\u0259si vurulub"}]},{"@type":"WebSite","@id":"https:\/\/www.meydan.tv\/az\/#website","url":"https:\/\/www.meydan.tv\/az\/","name":"MEYDAN.TV","description":"Meydan TV Az\u0259rbaycan\u0131n media m\u0259kan\u0131ndak\u0131 alternativ s\u0259sidir","publisher":{"@id":"https:\/\/www.meydan.tv\/az\/#organization"},"potentialAction":[{"@type":"SearchAction","target":{"@type":"EntryPoint","urlTemplate":"https:\/\/www.meydan.tv\/az\/?s={search_term_string}"},"query-input":{"@type":"PropertyValueSpecification","valueRequired":true,"valueName":"search_term_string"}}],"inLanguage":"az"},{"@type":"Organization","@id":"https:\/\/www.meydan.tv\/az\/#organization","name":"Meydan TV","url":"https:\/\/www.meydan.tv\/az\/","logo":{"@type":"ImageObject","inLanguage":"az","@id":"https:\/\/www.meydan.tv\/az\/#\/schema\/logo\/image\/","url":"https:\/\/www.meydan.tv\/wp-content\/uploads\/2021\/07\/meydan-logo.svg","contentUrl":"https:\/\/www.meydan.tv\/wp-content\/uploads\/2021\/07\/meydan-logo.svg","width":195,"height":46,"caption":"Meydan TV"},"image":{"@id":"https:\/\/www.meydan.tv\/az\/#\/schema\/logo\/image\/"}},{"@type":"Person","@id":"https:\/\/www.meydan.tv\/az\/#\/schema\/person\/9cdbecf90d17180ce1dfbd95b08dcf47","name":"elli","sameAs":["https:\/\/x.com\/elli"]}]}},"_links":{"self":[{"href":"https:\/\/www.meydan.tv\/az\/wp-json\/wp\/v2\/posts\/257036","targetHints":{"allow":["GET"]}}],"collection":[{"href":"https:\/\/www.meydan.tv\/az\/wp-json\/wp\/v2\/posts"}],"about":[{"href":"https:\/\/www.meydan.tv\/az\/wp-json\/wp\/v2\/types\/post"}],"author":[{"embeddable":true,"href":"https:\/\/www.meydan.tv\/az\/wp-json\/wp\/v2\/users\/8"}],"replies":[{"embeddable":true,"href":"https:\/\/www.meydan.tv\/az\/wp-json\/wp\/v2\/comments?post=257036"}],"version-history":[{"count":1,"href":"https:\/\/www.meydan.tv\/az\/wp-json\/wp\/v2\/posts\/257036\/revisions"}],"predecessor-version":[{"id":257037,"href":"https:\/\/www.meydan.tv\/az\/wp-json\/wp\/v2\/posts\/257036\/revisions\/257037"}],"wp:featuredmedia":[{"embeddable":true,"href":"https:\/\/www.meydan.tv\/az\/wp-json\/wp\/v2\/media\/119696"}],"wp:attachment":[{"href":"https:\/\/www.meydan.tv\/az\/wp-json\/wp\/v2\/media?parent=257036"}],"wp:term":[{"taxonomy":"category","embeddable":true,"href":"https:\/\/www.meydan.tv\/az\/wp-json\/wp\/v2\/categories?post=257036"},{"taxonomy":"post_tag","embeddable":true,"href":"https:\/\/www.meydan.tv\/az\/wp-json\/wp\/v2\/tags?post=257036"}],"curies":[{"name":"wp","href":"https:\/\/api.w.org\/{rel}","templated":true}]}}