{"id":257031,"date":"2022-09-30T13:07:23","date_gmt":"2022-09-30T09:07:23","guid":{"rendered":"https:\/\/www.meydan.tv\/?p=257031"},"modified":"2022-09-30T13:07:25","modified_gmt":"2022-09-30T09:07:25","slug":"qazi-artiq-qohumlarin-himayesinde-yasamaqdan-utaniram","status":"publish","type":"post","link":"https:\/\/www.meydan.tv\/az\/article\/qazi-artiq-qohumlarin-himayesinde-yasamaqdan-utaniram\/","title":{"rendered":"Qazi: \u201cArt\u0131q qohumlar\u0131n himay\u0259sind\u0259 ya\u015famaqdan utan\u0131ram\u201d"},"content":{"rendered":"\n<p><\/p>\n\n\n\n<p><em>C\u0259lilabad sakini torpaq sah\u0259si ist\u0259yir<\/em><\/p>\n\n\n\n<p>\u201cBe\u015f \u00f6vlad\u0131m var, biri lap k\u00f6rp\u0259dir. D\u00f6rd u\u015fa\u011f\u0131m\u0131 qoyub Qaraba\u011fa, m\u00fcharib\u0259y\u0259 getmi\u015fdim. C\u0259bh\u0259d\u0259 yaraland\u0131m, kontuzyam var. \u0130ndi a\u011f\u0131r i\u015fl\u0259rd\u0259 \u00e7al\u0131\u015fa bilmir\u0259m. He\u00e7 olmasa torpaq sah\u0259si ay\u0131rm\u0131rlar ki, \u00f6z\u00fcm\u0259 ev tikim, art\u0131q qohumlar\u0131n himay\u0259sind\u0259 ya\u015famaqdan utan\u0131ram\u201d.<\/p>\n\n\n\n<p>Bunu Meydan TV-y\u0259 C\u0259lilabad rayonu, \u00dc\u00e7t\u0259p\u0259 k\u0259nd sakini, Qaraba\u011f m\u00fcharib\u0259si veteran\u0131 Edqar X\u0131d\u0131r o\u011flu \u015e\u00fck\u00fcrov bildirib.<\/p>\n\n\n\n<p>Onun s\u00f6zl\u0259rin\u0259 g\u00f6r\u0259, torpaq \u00fc\u00e7\u00fcn r\u00fcsum da \u00f6d\u0259yib:<\/p>\n\n\n\n<p>\u201c2010-cu ild\u0259n ayr\u0131 t\u0259s\u0259rr\u00fcfatam, imkan\u0131m da yoxdur ki, pulla torpaq al\u0131b ev tik\u0259m. H\u0259l\u0259 d\u0259 ata himay\u0259sind\u0259 ya\u015fay\u0131ram\u201d.<\/p>\n\n\n\n<p>Qaraba\u011f qazisi s\u00f6yl\u0259yib ki, C\u0259lilabad Rayon \u0130cra Hakimiyy\u0259tind\u0259 onu q\u0259bul edibl\u0259r. Bildiribl\u0259r ki, torpaq ayr\u0131lmas\u0131 \u00fc\u00e7\u00fcn aidiyyat\u0131 orqanlar t\u0259r\u0259find\u0259n raz\u0131l\u0131q verilm\u0259lidir. K\u0259ndd\u0259 b\u0259l\u0259diyy\u0259nin bo\u015f torpaq sah\u0259si m\u00f6vcuddur, \u0259mr veril\u0259rs\u0259, torpaq ayr\u0131la bil\u0259r:<\/p>\n\n\n\n<p>\u201cBe\u015f u\u015faq v\u0259 a\u011f\u0131r x\u0259sar\u0259tl\u0259 ata himay\u0259sind\u0259 n\u0259 q\u0259d\u0259r ya\u015faya bil\u0259r\u0259m? T\u0259qa\u00fcd al\u0131ram, amma bu, dolanma\u011f\u0131ma g\u00fccl\u0259 yetir. M\u0259n he\u00e7 kimd\u0259n pul ist\u0259mir\u0259m, sah\u0259 ayr\u0131ls\u0131n, ev tikim, ail\u0259mi ba\u015f\u0131ma y\u0131\u011f\u0131b dolan\u0131m. Ancaq bo\u015f sah\u0259ni d\u0259 m\u0259n\u0259 \u00e7ox g\u00f6r\u00fcrl\u0259r\u201d.<\/p>\n\n\n\n<p>\u00dc\u00e7t\u0259p\u0259 k\u0259nd B\u0259l\u0259diyy\u0259sinin s\u0259dri \u018fmrah Quliyev Meydan TV-y\u0259 deyib ki, \u018fmlak M\u0259s\u0259l\u0259l\u0259ri \u00fczr\u0259 D\u00f6vl\u0259t Xidm\u0259tinin rayon \u015f\u00f6b\u0259si t\u0259r\u0259find\u0259n s\u0259n\u0259d verilib. Yax\u0131n bir ne\u00e7\u0259 g\u00fcn \u0259rzind\u0259 Qaraba\u011f qazisin\u0259 torpaq sah\u0259si ayr\u0131lacaq:<\/p>\n\n\n\n<p>\u201cK\u0259ndd\u0259 bir \u015f\u0259hid ail\u0259si v\u0259 iki qazi var, onlar\u0131n h\u0259r birin\u0259 torpaq sah\u0259si ayr\u0131lacaq. \u00dcst\u0259lik, he\u00e7 biri r\u00fcsum \u00f6d\u0259m\u0259y\u0259c\u0259kl\u0259r. Sad\u0259c\u0259 olaraq, m\u0259s\u0259l\u0259 bir q\u0259d\u0259r yubanm\u0131\u015fd\u0131\u201d.<\/p>\n","protected":false},"excerpt":{"rendered":"<p>C\u0259lilabad sakini torpaq sah\u0259si ist\u0259yir \u201cBe\u015f \u00f6vlad\u0131m var, biri lap &#8230; <\/p>\n<p class=\"read-more-container\"><a title=\"Qazi: \u201cArt\u0131q qohumlar\u0131n himay\u0259sind\u0259 ya\u015famaqdan utan\u0131ram\u201d\" class=\"read-more button\" href=\"https:\/\/www.meydan.tv\/az\/article\/qazi-artiq-qohumlarin-himayesinde-yasamaqdan-utaniram\/#more-257031\" aria-label=\"Read more about Qazi: \u201cArt\u0131q qohumlar\u0131n himay\u0259sind\u0259 ya\u015famaqdan utan\u0131ram\u201d\">Davam\u0131<\/a><\/p>\n","protected":false},"author":8,"featured_media":257032,"comment_status":"closed","ping_status":"closed","sticky":false,"template":"","format":"standard","meta":{"_acf_changed":false,"_sitemap_exclude":false,"_sitemap_priority":"","_sitemap_frequency":"","footnotes":""},"categories":[60,56],"tags":[],"class_list":["post-257031","post","type-post","status-publish","format-standard","has-post-thumbnail","hentry","category-bolge","category-xeberler","infinite-scroll-item","generate-columns","tablet-grid-50","mobile-grid-100","grid-parent","grid-33","no-featured-image-padding"],"acf":[],"yoast_head":"<!-- This site is optimized with the Yoast SEO plugin v27.5 - https:\/\/yoast.com\/product\/yoast-seo-wordpress\/ -->\n<title>Qazi: \u201cArt\u0131q qohumlar\u0131n himay\u0259sind\u0259 ya\u015famaqdan utan\u0131ram\u201d - MEYDAN.TV<\/title>\n<meta name=\"robots\" content=\"index, follow, max-snippet:-1, max-image-preview:large, max-video-preview:-1\" \/>\n<link rel=\"canonical\" href=\"https:\/\/www.meydan.tv\/az\/article\/qazi-artiq-qohumlarin-himayesinde-yasamaqdan-utaniram\/\" \/>\n<meta property=\"og:locale\" content=\"az_AZ\" \/>\n<meta property=\"og:type\" content=\"article\" \/>\n<meta property=\"og:title\" content=\"Qazi: \u201cArt\u0131q qohumlar\u0131n himay\u0259sind\u0259 ya\u015famaqdan utan\u0131ram\u201d - MEYDAN.TV\" \/>\n<meta property=\"og:description\" content=\"C\u0259lilabad sakini torpaq sah\u0259si ist\u0259yir \u201cBe\u015f \u00f6vlad\u0131m var, biri lap ... Davam\u0131\" \/>\n<meta property=\"og:url\" content=\"https:\/\/www.meydan.tv\/az\/article\/qazi-artiq-qohumlarin-himayesinde-yasamaqdan-utaniram\/\" \/>\n<meta property=\"og:site_name\" content=\"MEYDAN.TV\" \/>\n<meta property=\"article:published_time\" content=\"2022-09-30T09:07:23+00:00\" \/>\n<meta property=\"article:modified_time\" content=\"2022-09-30T09:07:25+00:00\" \/>\n<meta property=\"og:image\" content=\"https:\/\/www.meydan.tv\/wp-content\/uploads\/untitled-design-8-15-e1664528819393.jpg\" \/>\n\t<meta property=\"og:image:width\" content=\"1200\" \/>\n\t<meta property=\"og:image:height\" content=\"657\" \/>\n\t<meta property=\"og:image:type\" content=\"image\/jpeg\" \/>\n<meta name=\"author\" content=\"elli\" \/>\n<meta name=\"twitter:card\" content=\"summary_large_image\" \/>\n<meta name=\"twitter:creator\" content=\"@elli\" \/>\n<script type=\"application\/ld+json\" class=\"yoast-schema-graph\">{\"@context\":\"https:\\\/\\\/schema.org\",\"@graph\":[{\"@type\":\"Article\",\"@id\":\"https:\\\/\\\/www.meydan.tv\\\/az\\\/article\\\/qazi-artiq-qohumlarin-himayesinde-yasamaqdan-utaniram\\\/#article\",\"isPartOf\":{\"@id\":\"https:\\\/\\\/www.meydan.tv\\\/az\\\/article\\\/qazi-artiq-qohumlarin-himayesinde-yasamaqdan-utaniram\\\/\"},\"author\":{\"name\":\"elli\",\"@id\":\"https:\\\/\\\/www.meydan.tv\\\/az\\\/#\\\/schema\\\/person\\\/9cdbecf90d17180ce1dfbd95b08dcf47\"},\"headline\":\"Qazi: \u201cArt\u0131q qohumlar\u0131n himay\u0259sind\u0259 ya\u015famaqdan utan\u0131ram\u201d\",\"datePublished\":\"2022-09-30T09:07:23+00:00\",\"dateModified\":\"2022-09-30T09:07:25+00:00\",\"mainEntityOfPage\":{\"@id\":\"https:\\\/\\\/www.meydan.tv\\\/az\\\/article\\\/qazi-artiq-qohumlarin-himayesinde-yasamaqdan-utaniram\\\/\"},\"wordCount\":368,\"publisher\":{\"@id\":\"https:\\\/\\\/www.meydan.tv\\\/az\\\/#organization\"},\"image\":{\"@id\":\"https:\\\/\\\/www.meydan.tv\\\/az\\\/article\\\/qazi-artiq-qohumlarin-himayesinde-yasamaqdan-utaniram\\\/#primaryimage\"},\"thumbnailUrl\":\"https:\\\/\\\/www.meydan.tv\\\/wp-content\\\/uploads\\\/untitled-design-8-15-e1664528819393.jpg\",\"articleSection\":[\"B\u00f6lg\u0259\",\"X\u0259b\u0259rl\u0259r\"],\"inLanguage\":\"az\"},{\"@type\":\"WebPage\",\"@id\":\"https:\\\/\\\/www.meydan.tv\\\/az\\\/article\\\/qazi-artiq-qohumlarin-himayesinde-yasamaqdan-utaniram\\\/\",\"url\":\"https:\\\/\\\/www.meydan.tv\\\/az\\\/article\\\/qazi-artiq-qohumlarin-himayesinde-yasamaqdan-utaniram\\\/\",\"name\":\"Qazi: \u201cArt\u0131q qohumlar\u0131n himay\u0259sind\u0259 ya\u015famaqdan utan\u0131ram\u201d - MEYDAN.TV\",\"isPartOf\":{\"@id\":\"https:\\\/\\\/www.meydan.tv\\\/az\\\/#website\"},\"primaryImageOfPage\":{\"@id\":\"https:\\\/\\\/www.meydan.tv\\\/az\\\/article\\\/qazi-artiq-qohumlarin-himayesinde-yasamaqdan-utaniram\\\/#primaryimage\"},\"image\":{\"@id\":\"https:\\\/\\\/www.meydan.tv\\\/az\\\/article\\\/qazi-artiq-qohumlarin-himayesinde-yasamaqdan-utaniram\\\/#primaryimage\"},\"thumbnailUrl\":\"https:\\\/\\\/www.meydan.tv\\\/wp-content\\\/uploads\\\/untitled-design-8-15-e1664528819393.jpg\",\"datePublished\":\"2022-09-30T09:07:23+00:00\",\"dateModified\":\"2022-09-30T09:07:25+00:00\",\"breadcrumb\":{\"@id\":\"https:\\\/\\\/www.meydan.tv\\\/az\\\/article\\\/qazi-artiq-qohumlarin-himayesinde-yasamaqdan-utaniram\\\/#breadcrumb\"},\"inLanguage\":\"az\",\"potentialAction\":[{\"@type\":\"ReadAction\",\"target\":[\"https:\\\/\\\/www.meydan.tv\\\/az\\\/article\\\/qazi-artiq-qohumlarin-himayesinde-yasamaqdan-utaniram\\\/\"]}]},{\"@type\":\"ImageObject\",\"inLanguage\":\"az\",\"@id\":\"https:\\\/\\\/www.meydan.tv\\\/az\\\/article\\\/qazi-artiq-qohumlarin-himayesinde-yasamaqdan-utaniram\\\/#primaryimage\",\"url\":\"https:\\\/\\\/www.meydan.tv\\\/wp-content\\\/uploads\\\/untitled-design-8-15-e1664528819393.jpg\",\"contentUrl\":\"https:\\\/\\\/www.meydan.tv\\\/wp-content\\\/uploads\\\/untitled-design-8-15-e1664528819393.jpg\",\"width\":1200,\"height\":657,\"caption\":\"Foto: Edqar \u015e\u00fck\u00fcrovun \u015f\u0259xsi arxivind\u0259n\"},{\"@type\":\"BreadcrumbList\",\"@id\":\"https:\\\/\\\/www.meydan.tv\\\/az\\\/article\\\/qazi-artiq-qohumlarin-himayesinde-yasamaqdan-utaniram\\\/#breadcrumb\",\"itemListElement\":[{\"@type\":\"ListItem\",\"position\":1,\"name\":\"Ana s\u0259hif\u0259\",\"item\":\"https:\\\/\\\/www.meydan.tv\\\/az\\\/\"},{\"@type\":\"ListItem\",\"position\":2,\"name\":\"B\u00f6lg\u0259\",\"item\":\"https:\\\/\\\/www.meydan.tv\\\/az\\\/section\\\/bolge\\\/\"},{\"@type\":\"ListItem\",\"position\":3,\"name\":\"Qazi: \u201cArt\u0131q qohumlar\u0131n himay\u0259sind\u0259 ya\u015famaqdan utan\u0131ram\u201d\"}]},{\"@type\":\"WebSite\",\"@id\":\"https:\\\/\\\/www.meydan.tv\\\/az\\\/#website\",\"url\":\"https:\\\/\\\/www.meydan.tv\\\/az\\\/\",\"name\":\"MEYDAN.TV\",\"description\":\"Meydan TV Az\u0259rbaycan\u0131n media m\u0259kan\u0131ndak\u0131 alternativ s\u0259sidir\",\"publisher\":{\"@id\":\"https:\\\/\\\/www.meydan.tv\\\/az\\\/#organization\"},\"potentialAction\":[{\"@type\":\"SearchAction\",\"target\":{\"@type\":\"EntryPoint\",\"urlTemplate\":\"https:\\\/\\\/www.meydan.tv\\\/az\\\/?s={search_term_string}\"},\"query-input\":{\"@type\":\"PropertyValueSpecification\",\"valueRequired\":true,\"valueName\":\"search_term_string\"}}],\"inLanguage\":\"az\"},{\"@type\":\"Organization\",\"@id\":\"https:\\\/\\\/www.meydan.tv\\\/az\\\/#organization\",\"name\":\"Meydan TV\",\"url\":\"https:\\\/\\\/www.meydan.tv\\\/az\\\/\",\"logo\":{\"@type\":\"ImageObject\",\"inLanguage\":\"az\",\"@id\":\"https:\\\/\\\/www.meydan.tv\\\/az\\\/#\\\/schema\\\/logo\\\/image\\\/\",\"url\":\"https:\\\/\\\/www.meydan.tv\\\/wp-content\\\/uploads\\\/2021\\\/07\\\/meydan-logo.svg\",\"contentUrl\":\"https:\\\/\\\/www.meydan.tv\\\/wp-content\\\/uploads\\\/2021\\\/07\\\/meydan-logo.svg\",\"width\":195,\"height\":46,\"caption\":\"Meydan TV\"},\"image\":{\"@id\":\"https:\\\/\\\/www.meydan.tv\\\/az\\\/#\\\/schema\\\/logo\\\/image\\\/\"}},{\"@type\":\"Person\",\"@id\":\"https:\\\/\\\/www.meydan.tv\\\/az\\\/#\\\/schema\\\/person\\\/9cdbecf90d17180ce1dfbd95b08dcf47\",\"name\":\"elli\",\"sameAs\":[\"https:\\\/\\\/x.com\\\/elli\"]}]}<\/script>\n<!-- \/ Yoast SEO plugin. -->","yoast_head_json":{"title":"Qazi: \u201cArt\u0131q qohumlar\u0131n himay\u0259sind\u0259 ya\u015famaqdan utan\u0131ram\u201d - MEYDAN.TV","robots":{"index":"index","follow":"follow","max-snippet":"max-snippet:-1","max-image-preview":"max-image-preview:large","max-video-preview":"max-video-preview:-1"},"canonical":"https:\/\/www.meydan.tv\/az\/article\/qazi-artiq-qohumlarin-himayesinde-yasamaqdan-utaniram\/","og_locale":"az_AZ","og_type":"article","og_title":"Qazi: \u201cArt\u0131q qohumlar\u0131n himay\u0259sind\u0259 ya\u015famaqdan utan\u0131ram\u201d - MEYDAN.TV","og_description":"C\u0259lilabad sakini torpaq sah\u0259si ist\u0259yir \u201cBe\u015f \u00f6vlad\u0131m var, biri lap ... Davam\u0131","og_url":"https:\/\/www.meydan.tv\/az\/article\/qazi-artiq-qohumlarin-himayesinde-yasamaqdan-utaniram\/","og_site_name":"MEYDAN.TV","article_published_time":"2022-09-30T09:07:23+00:00","article_modified_time":"2022-09-30T09:07:25+00:00","og_image":[{"width":1200,"height":657,"url":"https:\/\/www.meydan.tv\/wp-content\/uploads\/untitled-design-8-15-e1664528819393.jpg","type":"image\/jpeg"}],"author":"elli","twitter_card":"summary_large_image","twitter_creator":"@elli","schema":{"@context":"https:\/\/schema.org","@graph":[{"@type":"Article","@id":"https:\/\/www.meydan.tv\/az\/article\/qazi-artiq-qohumlarin-himayesinde-yasamaqdan-utaniram\/#article","isPartOf":{"@id":"https:\/\/www.meydan.tv\/az\/article\/qazi-artiq-qohumlarin-himayesinde-yasamaqdan-utaniram\/"},"author":{"name":"elli","@id":"https:\/\/www.meydan.tv\/az\/#\/schema\/person\/9cdbecf90d17180ce1dfbd95b08dcf47"},"headline":"Qazi: \u201cArt\u0131q qohumlar\u0131n himay\u0259sind\u0259 ya\u015famaqdan utan\u0131ram\u201d","datePublished":"2022-09-30T09:07:23+00:00","dateModified":"2022-09-30T09:07:25+00:00","mainEntityOfPage":{"@id":"https:\/\/www.meydan.tv\/az\/article\/qazi-artiq-qohumlarin-himayesinde-yasamaqdan-utaniram\/"},"wordCount":368,"publisher":{"@id":"https:\/\/www.meydan.tv\/az\/#organization"},"image":{"@id":"https:\/\/www.meydan.tv\/az\/article\/qazi-artiq-qohumlarin-himayesinde-yasamaqdan-utaniram\/#primaryimage"},"thumbnailUrl":"https:\/\/www.meydan.tv\/wp-content\/uploads\/untitled-design-8-15-e1664528819393.jpg","articleSection":["B\u00f6lg\u0259","X\u0259b\u0259rl\u0259r"],"inLanguage":"az"},{"@type":"WebPage","@id":"https:\/\/www.meydan.tv\/az\/article\/qazi-artiq-qohumlarin-himayesinde-yasamaqdan-utaniram\/","url":"https:\/\/www.meydan.tv\/az\/article\/qazi-artiq-qohumlarin-himayesinde-yasamaqdan-utaniram\/","name":"Qazi: \u201cArt\u0131q qohumlar\u0131n himay\u0259sind\u0259 ya\u015famaqdan utan\u0131ram\u201d - MEYDAN.TV","isPartOf":{"@id":"https:\/\/www.meydan.tv\/az\/#website"},"primaryImageOfPage":{"@id":"https:\/\/www.meydan.tv\/az\/article\/qazi-artiq-qohumlarin-himayesinde-yasamaqdan-utaniram\/#primaryimage"},"image":{"@id":"https:\/\/www.meydan.tv\/az\/article\/qazi-artiq-qohumlarin-himayesinde-yasamaqdan-utaniram\/#primaryimage"},"thumbnailUrl":"https:\/\/www.meydan.tv\/wp-content\/uploads\/untitled-design-8-15-e1664528819393.jpg","datePublished":"2022-09-30T09:07:23+00:00","dateModified":"2022-09-30T09:07:25+00:00","breadcrumb":{"@id":"https:\/\/www.meydan.tv\/az\/article\/qazi-artiq-qohumlarin-himayesinde-yasamaqdan-utaniram\/#breadcrumb"},"inLanguage":"az","potentialAction":[{"@type":"ReadAction","target":["https:\/\/www.meydan.tv\/az\/article\/qazi-artiq-qohumlarin-himayesinde-yasamaqdan-utaniram\/"]}]},{"@type":"ImageObject","inLanguage":"az","@id":"https:\/\/www.meydan.tv\/az\/article\/qazi-artiq-qohumlarin-himayesinde-yasamaqdan-utaniram\/#primaryimage","url":"https:\/\/www.meydan.tv\/wp-content\/uploads\/untitled-design-8-15-e1664528819393.jpg","contentUrl":"https:\/\/www.meydan.tv\/wp-content\/uploads\/untitled-design-8-15-e1664528819393.jpg","width":1200,"height":657,"caption":"Foto: Edqar \u015e\u00fck\u00fcrovun \u015f\u0259xsi arxivind\u0259n"},{"@type":"BreadcrumbList","@id":"https:\/\/www.meydan.tv\/az\/article\/qazi-artiq-qohumlarin-himayesinde-yasamaqdan-utaniram\/#breadcrumb","itemListElement":[{"@type":"ListItem","position":1,"name":"Ana s\u0259hif\u0259","item":"https:\/\/www.meydan.tv\/az\/"},{"@type":"ListItem","position":2,"name":"B\u00f6lg\u0259","item":"https:\/\/www.meydan.tv\/az\/section\/bolge\/"},{"@type":"ListItem","position":3,"name":"Qazi: \u201cArt\u0131q qohumlar\u0131n himay\u0259sind\u0259 ya\u015famaqdan utan\u0131ram\u201d"}]},{"@type":"WebSite","@id":"https:\/\/www.meydan.tv\/az\/#website","url":"https:\/\/www.meydan.tv\/az\/","name":"MEYDAN.TV","description":"Meydan TV Az\u0259rbaycan\u0131n media m\u0259kan\u0131ndak\u0131 alternativ s\u0259sidir","publisher":{"@id":"https:\/\/www.meydan.tv\/az\/#organization"},"potentialAction":[{"@type":"SearchAction","target":{"@type":"EntryPoint","urlTemplate":"https:\/\/www.meydan.tv\/az\/?s={search_term_string}"},"query-input":{"@type":"PropertyValueSpecification","valueRequired":true,"valueName":"search_term_string"}}],"inLanguage":"az"},{"@type":"Organization","@id":"https:\/\/www.meydan.tv\/az\/#organization","name":"Meydan TV","url":"https:\/\/www.meydan.tv\/az\/","logo":{"@type":"ImageObject","inLanguage":"az","@id":"https:\/\/www.meydan.tv\/az\/#\/schema\/logo\/image\/","url":"https:\/\/www.meydan.tv\/wp-content\/uploads\/2021\/07\/meydan-logo.svg","contentUrl":"https:\/\/www.meydan.tv\/wp-content\/uploads\/2021\/07\/meydan-logo.svg","width":195,"height":46,"caption":"Meydan TV"},"image":{"@id":"https:\/\/www.meydan.tv\/az\/#\/schema\/logo\/image\/"}},{"@type":"Person","@id":"https:\/\/www.meydan.tv\/az\/#\/schema\/person\/9cdbecf90d17180ce1dfbd95b08dcf47","name":"elli","sameAs":["https:\/\/x.com\/elli"]}]}},"_links":{"self":[{"href":"https:\/\/www.meydan.tv\/az\/wp-json\/wp\/v2\/posts\/257031","targetHints":{"allow":["GET"]}}],"collection":[{"href":"https:\/\/www.meydan.tv\/az\/wp-json\/wp\/v2\/posts"}],"about":[{"href":"https:\/\/www.meydan.tv\/az\/wp-json\/wp\/v2\/types\/post"}],"author":[{"embeddable":true,"href":"https:\/\/www.meydan.tv\/az\/wp-json\/wp\/v2\/users\/8"}],"replies":[{"embeddable":true,"href":"https:\/\/www.meydan.tv\/az\/wp-json\/wp\/v2\/comments?post=257031"}],"version-history":[{"count":1,"href":"https:\/\/www.meydan.tv\/az\/wp-json\/wp\/v2\/posts\/257031\/revisions"}],"predecessor-version":[{"id":257035,"href":"https:\/\/www.meydan.tv\/az\/wp-json\/wp\/v2\/posts\/257031\/revisions\/257035"}],"wp:featuredmedia":[{"embeddable":true,"href":"https:\/\/www.meydan.tv\/az\/wp-json\/wp\/v2\/media\/257032"}],"wp:attachment":[{"href":"https:\/\/www.meydan.tv\/az\/wp-json\/wp\/v2\/media?parent=257031"}],"wp:term":[{"taxonomy":"category","embeddable":true,"href":"https:\/\/www.meydan.tv\/az\/wp-json\/wp\/v2\/categories?post=257031"},{"taxonomy":"post_tag","embeddable":true,"href":"https:\/\/www.meydan.tv\/az\/wp-json\/wp\/v2\/tags?post=257031"}],"curies":[{"name":"wp","href":"https:\/\/api.w.org\/{rel}","templated":true}]}}