{"id":257012,"date":"2022-09-30T08:24:44","date_gmt":"2022-09-30T04:24:44","guid":{"rendered":"https:\/\/www.meydan.tv\/?p=257012"},"modified":"2022-09-30T08:24:47","modified_gmt":"2022-09-30T04:24:47","slug":"sumqayit-sakini-sehid-ailesi-olaraq-yalniz-etinasiz-munasibet-goruruk","status":"publish","type":"post","link":"https:\/\/www.meydan.tv\/az\/article\/sumqayit-sakini-sehid-ailesi-olaraq-yalniz-etinasiz-munasibet-goruruk\/","title":{"rendered":"Sumqay\u0131t sakini: \u201c\u015e\u0259hid ail\u0259si olaraq yaln\u0131z etinas\u0131z m\u00fcnasib\u0259t g\u00f6r\u00fcr\u00fck\u201d"},"content":{"rendered":"\n<p><\/p>\n\n\n\n<p><em>\u201cM\u00fcharib\u0259d\u0259 h\u0259lak olanlar aras\u0131nda f\u0259rq qoyulur\u201d<\/em><\/p>\n\n\n\n<p>\u201cH\u0259yat yolda\u015f\u0131m Ruslan Seyidov 1993-c\u00fc ild\u0259 Qaraba\u011f m\u00fcharib\u0259sind\u0259 \u015f\u0259hid olub. \u0130ll\u0259rdir \u00f6vladlar\u0131mla Sumqay\u0131tda 28 kvadratmetrlik sah\u0259si olan \u015f\u0259raitsiz evd\u0259 ya\u015fay\u0131ram\u201d.<\/p>\n\n\n\n<p>Bunu Meydan TV-y\u0259 Sumqay\u0131t \u015f\u0259h\u0259r sakini Minar\u0259 Seyidova deyib. Onun s\u00f6zl\u0259rin\u0259 g\u00f6r\u0259, bu ill\u0259r \u0259rzind\u0259 Sumqay\u0131ta 4 icra ba\u015f\u00e7\u0131s\u0131 t\u0259yin edilib, ham\u0131s\u0131n\u0131n da q\u0259bulunda olub. Amma onlara ev verilm\u0259yib.<\/p>\n\n\n\n<p>\u201cRuslan 32 ya\u015f\u0131nda Beyl\u0259qan istiqam\u0259tind\u0259 ged\u0259n d\u00f6y\u00fc\u015fl\u0259rd\u0259 \u015f\u0259hid olub v\u0259 Sumqay\u0131t \u015e\u0259hidl\u0259r Xiyaban\u0131nda d\u0259fn edilib. Y\u0259ni onunla ba\u011fl\u0131 icra hakimiyy\u0259tind\u0259 m\u0259lumat var. Ancaq \u015f\u0259hid ail\u0259si olaraq 29 ildir yaln\u0131z laqeyd v\u0259 etinas\u0131z m\u00fcnasib\u0259t g\u00f6r\u00fcr\u00fck\u201d,-Seyidova bildirib.<\/p>\n\n\n\n<p>Onun s\u00f6zl\u0259rin\u0259 g\u00f6r\u0259,m\u00fcharib\u0259d\u0259 h\u0259lak olanlar aras\u0131nda f\u0259rq qoyulur:<\/p>\n\n\n\n<p>\u201cH\u0259yat yolda\u015f\u0131m \u015f\u0259hid olandan sonra ail\u0259nin b\u00fct\u00fcn qay\u011f\u0131 v\u0259 ehtiyaclar\u0131 m\u0259nim \u00fcz\u0259rim\u0259 d\u00fc\u015f\u00fcb. Tibb bac\u0131s\u0131 i\u015fl\u0259y\u0259r\u0259k iki \u00f6vlad\u0131m\u0131 min bir \u0259ziyy\u0259tl\u0259 b\u00f6y\u00fctm\u00fc\u015f\u0259m. 29 il \u0259rzind\u0259 11 min manat s\u0131\u011forta \u00f6d\u0259ni\u015find\u0259n v\u0259 \u015f\u0259hid ail\u0259sin\u0259 veril\u0259n t\u0259qa\u00fcdd\u0259n ba\u015fqa \u015f\u0259hid ail\u0259l\u0259ri \u00fc\u00e7\u00fcn n\u0259z\u0259rd\u0259 tutulmu\u015f he\u00e7 bir imtiyazdan v\u0259 g\u00fcz\u0259\u015ftd\u0259n istifad\u0259 etm\u0259mi\u015f\u0259m\u201d.<\/p>\n\n\n\n<figure class=\"wp-block-image size-full\"><img decoding=\"async\" width=\"999\" height=\"659\" data-src=\"https:\/\/www.meydan.tv\/wp-content\/uploads\/download-12.png\" alt=\"\" class=\"wp-image-257003 lazyload\" src=\"data:image\/svg+xml;base64,PHN2ZyB3aWR0aD0iMSIgaGVpZ2h0PSIxIiB4bWxucz0iaHR0cDovL3d3dy53My5vcmcvMjAwMC9zdmciPjwvc3ZnPg==\" style=\"--smush-placeholder-width: 999px; --smush-placeholder-aspect-ratio: 999\/659;\" \/><figcaption>V\u0259siq\u0259. Foto: Meydan TV<\/figcaption><\/figure>\n\n\n\n<p>Minar\u0259 Seyidova deyib ki, \u015f\u0259raiti, maddi v\u0259ziyy\u0259tinin pis oldu\u011funa g\u00f6r\u0259 aidiyyat\u0131 orqanlara, yerli b\u0259l\u0259diyy\u0259y\u0259, Ombusmana, deputat Q\u0259nir\u0259 Pa\u015fayevaya , Sumqay\u0131t\u0131n 4 icra ba\u015f\u00e7\u0131na &#8211; T\u0259v\u0259kk\u00fcl M\u0259mm\u0259dov, Vaqif \u018fliyev, Eldar \u018fliyev v\u0259 haz\u0131rki icra ba\u015f\u00e7\u0131s\u0131 Zakir F\u0259r\u0259cova m\u00fcraci\u0259t edib. Lakin indiy\u0259d\u0259k k\u00f6m\u0259klik edilm\u0259yib:<\/p>\n\n\n\n<p>\u201cBir-iki d\u0259f\u0259 bayramlara d\u0259v\u0259t edibl\u0259r, bunlar istisna olmaqla qap\u0131m\u0131 d\u00f6y\u00fcb, v\u0259ziyy\u0259timl\u0259 maraqlanan olmay\u0131b. Bu m\u00fcnasib\u0259t m\u0259n\u0259 v\u0259 \u00f6vladlar\u0131ma m\u0259nfi t\u0259sir edir. Q\u0131z\u0131m ali t\u0259hsilli, amma i\u015fsizdir, o\u011flum is\u0259 ail\u0259sini doland\u0131rmaq \u00fc\u00e7\u00fcn Az\u0259rbaycandan k\u0259narda, qon\u015fu \u00f6lk\u0259d\u0259 i\u015fl\u0259m\u0259k m\u0259cburiyy\u0259tind\u0259dir, \u00f6lk\u0259y\u0259 g\u0259lib-gedir, yollarda qal\u0131b. Halbuki q\u0131z\u0131m\u0131n v\u0259 o\u011flumun ixtisaslar\u0131na uy\u011fun i\u015fl\u0259 t\u0259min olunmas\u0131 \u00fc\u00e7\u00fcn r\u0259smi qurumlara m\u00fcraci\u0259t etmi\u015fik. Bu m\u00fcraci\u0259tl\u0259r\u0259 cavab olaraq Sumqay\u0131t \u0130cra Hakimiyy\u0259tind\u0259n ofisiant v\u0259 sat\u0131c\u0131 kimi i\u015f yerl\u0259ri t\u0259klif olunub\u201d.<\/p>\n\n\n\n<figure class=\"wp-block-image size-large\"><img decoding=\"async\" width=\"614\" height=\"821\" data-src=\"https:\/\/www.meydan.tv\/wp-content\/uploads\/4bc888e1-1452-48c6-a1a1-9e2998335948-614x821.jpeg\" alt=\"\" class=\"wp-image-257006 lazyload\" src=\"data:image\/svg+xml;base64,PHN2ZyB3aWR0aD0iMSIgaGVpZ2h0PSIxIiB4bWxucz0iaHR0cDovL3d3dy53My5vcmcvMjAwMC9zdmciPjwvc3ZnPg==\" style=\"--smush-placeholder-width: 614px; --smush-placeholder-aspect-ratio: 614\/821;\" \/><\/figure>\n\n\n\n<p>M.Seyidova qeyd edib ki, \u015f\u0259hid ail\u0259si olaraq n\u0259inki evl\u0259 t\u0259min olmay\u0131b, h\u0259tta n\u00f6vb\u0259y\u0259 g\u00f6t\u00fcr\u00fclm\u0259yib: \u201cM\u0259n\u0259 deyirl\u0259r ki, siz\u0259 m\u0259nzil d\u00fc\u015fm\u00fcr, h\u0259l\u0259 sizin m\u0259nzil sah\u0259niz 7 kvadratmetr art\u0131qd\u0131r. Halbuki c\u0259mi 28 kvadratl\u0131q evd\u0259 d\u00f6rd n\u0259f\u0259r qeydiyyatdad\u0131r v\u0259 m\u0259nzil \u015f\u0259raitimizin yax\u015f\u0131la\u015fd\u0131rmas\u0131na ehtiyac\u0131m\u0131z var\u201d.<\/p>\n\n\n\n<p>\u015eikay\u0259t\u00e7i onu da bildirib ki, 2001-ci ild\u0259 ail\u0259sin\u0259 k\u00f6m\u0259klik edilm\u0259si xahi\u015fi il\u0259 Sumqay\u0131t \u015e\u0259h\u0259r \u0130cra Hakimiyy\u0259tinin ba\u015f\u00e7\u0131s\u0131 T\u0259v\u0259kk\u00fcl M\u0259mm\u0259dovun q\u0259bulunda olark\u0259n icra ba\u015f\u00e7\u0131s\u0131 ona \u201c\u0259rini qoruya bilm\u0259mis\u0259n, m\u0259nd\u0259n n\u0259 ist\u0259yirs\u0259n\u201d deyib:<\/p>\n\n\n\n<p>\u201cSonrak\u0131 icra ba\u015f\u00e7\u0131s\u0131 Vaqif \u018fliyevin d\u0259 q\u0259bulunda olark\u0259n o da dedi ki, imkan olan kimi n\u0259z\u0259r\u0259 alacaqlar. Haz\u0131rk\u0131 icra ba\u015f\u00e7\u0131s\u0131 Zakir F\u0259r\u0259cov \u00fcmumiyy\u0259tl\u0259, \u00f6z\u00fc q\u0259bul etmir, yaln\u0131z m\u00fcavini, ya kims\u0259 ba\u015fqa m\u0259mur q\u0259bul ed\u0259 bil\u0259r. Q\u0259bula gets\u0259m d\u0259, n\u0259tic\u0259si olmad\u0131\u201d.<\/p>\n\n\n\n<figure class=\"wp-block-image size-large\"><img decoding=\"async\" width=\"616\" height=\"821\" data-src=\"https:\/\/www.meydan.tv\/wp-content\/uploads\/9f5d4c28-941b-4443-bd41-a65c75e57329-616x821.jpeg\" alt=\"\" class=\"wp-image-257009 lazyload\" src=\"data:image\/svg+xml;base64,PHN2ZyB3aWR0aD0iMSIgaGVpZ2h0PSIxIiB4bWxucz0iaHR0cDovL3d3dy53My5vcmcvMjAwMC9zdmciPjwvc3ZnPg==\" style=\"--smush-placeholder-width: 616px; --smush-placeholder-aspect-ratio: 616\/821;\" \/><figcaption>\u018friz\u0259. Foto: Meydan TV<\/figcaption><\/figure>\n\n\n\n<p>\u018fm\u0259k v\u0259 \u018fhalinin Sosial M\u00fcdafi\u0259si Nazirliyind\u0259n Meydan TV-y\u0259 bildiribl\u0259r ki, m\u0259rhum Ruslan Seyidovun ail\u0259si m\u0259nzil n\u00f6vb\u0259sin\u0259 g\u00f6t\u00fcr\u00fclm\u0259yib. Bunun \u00fc\u00e7\u00fcn yerli icra qurumunun m\u00fcraci\u0259ti laz\u0131md\u0131r.<\/p>\n\n\n\n<p>Sumqay\u0131t \u0130cra Hakimiyy\u0259tinin q\u0259bul \u015f\u00f6b\u0259sind\u0259n is\u0259 \u015fikay\u0259ti ara\u015fd\u0131randan sonra sual\u0131 cavabland\u0131racaqlar\u0131n\u0131 des\u0259l\u0259r d\u0259, m\u00fcnasib\u0259t bildirilm\u0259yib.<\/p>\n","protected":false},"excerpt":{"rendered":"<p>\u201cM\u00fcharib\u0259d\u0259 h\u0259lak olanlar aras\u0131nda f\u0259rq qoyulur\u201d \u201cH\u0259yat yolda\u015f\u0131m Ruslan Seyidov &#8230; <\/p>\n<p class=\"read-more-container\"><a title=\"Sumqay\u0131t sakini: \u201c\u015e\u0259hid ail\u0259si olaraq yaln\u0131z etinas\u0131z m\u00fcnasib\u0259t g\u00f6r\u00fcr\u00fck\u201d\" class=\"read-more button\" href=\"https:\/\/www.meydan.tv\/az\/article\/sumqayit-sakini-sehid-ailesi-olaraq-yalniz-etinasiz-munasibet-goruruk\/#more-257012\" aria-label=\"Read more about Sumqay\u0131t sakini: \u201c\u015e\u0259hid ail\u0259si olaraq yaln\u0131z etinas\u0131z m\u00fcnasib\u0259t g\u00f6r\u00fcr\u00fck\u201d\">Davam\u0131<\/a><\/p>\n","protected":false},"author":8,"featured_media":147016,"comment_status":"closed","ping_status":"closed","sticky":false,"template":"","format":"standard","meta":{"_acf_changed":false,"_sitemap_exclude":false,"_sitemap_priority":"","_sitemap_frequency":"","footnotes":""},"categories":[60,79,56],"tags":[],"class_list":["post-257012","post","type-post","status-publish","format-standard","has-post-thumbnail","hentry","category-bolge","category-featured","category-xeberler","infinite-scroll-item","generate-columns","tablet-grid-50","mobile-grid-100","grid-parent","grid-33","no-featured-image-padding"],"acf":[],"yoast_head":"<!-- This site is optimized with the Yoast SEO plugin v27.5 - https:\/\/yoast.com\/product\/yoast-seo-wordpress\/ -->\n<title>Sumqay\u0131t sakini: \u201c\u015e\u0259hid ail\u0259si olaraq yaln\u0131z etinas\u0131z m\u00fcnasib\u0259t g\u00f6r\u00fcr\u00fck\u201d - MEYDAN.TV<\/title>\n<meta name=\"robots\" content=\"index, follow, max-snippet:-1, max-image-preview:large, max-video-preview:-1\" \/>\n<link rel=\"canonical\" href=\"https:\/\/www.meydan.tv\/az\/article\/sumqayit-sakini-sehid-ailesi-olaraq-yalniz-etinasiz-munasibet-goruruk\/\" \/>\n<meta property=\"og:locale\" content=\"az_AZ\" \/>\n<meta property=\"og:type\" content=\"article\" \/>\n<meta property=\"og:title\" content=\"Sumqay\u0131t sakini: \u201c\u015e\u0259hid ail\u0259si olaraq yaln\u0131z etinas\u0131z m\u00fcnasib\u0259t g\u00f6r\u00fcr\u00fck\u201d - MEYDAN.TV\" \/>\n<meta property=\"og:description\" content=\"\u201cM\u00fcharib\u0259d\u0259 h\u0259lak olanlar aras\u0131nda f\u0259rq qoyulur\u201d \u201cH\u0259yat yolda\u015f\u0131m Ruslan Seyidov ... Davam\u0131\" \/>\n<meta property=\"og:url\" content=\"https:\/\/www.meydan.tv\/az\/article\/sumqayit-sakini-sehid-ailesi-olaraq-yalniz-etinasiz-munasibet-goruruk\/\" \/>\n<meta property=\"og:site_name\" content=\"MEYDAN.TV\" \/>\n<meta property=\"article:published_time\" content=\"2022-09-30T04:24:44+00:00\" \/>\n<meta property=\"article:modified_time\" content=\"2022-09-30T04:24:47+00:00\" \/>\n<meta property=\"og:image\" content=\"https:\/\/www.meydan.tv\/wp-content\/uploads\/sumqayit_shr_icra_hakimiyyti-scaled.jpg\" \/>\n\t<meta property=\"og:image:width\" content=\"2560\" \/>\n\t<meta property=\"og:image:height\" content=\"1439\" \/>\n\t<meta property=\"og:image:type\" content=\"image\/jpeg\" \/>\n<meta name=\"author\" content=\"elli\" \/>\n<meta name=\"twitter:card\" content=\"summary_large_image\" \/>\n<meta name=\"twitter:creator\" content=\"@elli\" \/>\n<script type=\"application\/ld+json\" class=\"yoast-schema-graph\">{\"@context\":\"https:\\\/\\\/schema.org\",\"@graph\":[{\"@type\":\"Article\",\"@id\":\"https:\\\/\\\/www.meydan.tv\\\/az\\\/article\\\/sumqayit-sakini-sehid-ailesi-olaraq-yalniz-etinasiz-munasibet-goruruk\\\/#article\",\"isPartOf\":{\"@id\":\"https:\\\/\\\/www.meydan.tv\\\/az\\\/article\\\/sumqayit-sakini-sehid-ailesi-olaraq-yalniz-etinasiz-munasibet-goruruk\\\/\"},\"author\":{\"name\":\"elli\",\"@id\":\"https:\\\/\\\/www.meydan.tv\\\/az\\\/#\\\/schema\\\/person\\\/9cdbecf90d17180ce1dfbd95b08dcf47\"},\"headline\":\"Sumqay\u0131t sakini: \u201c\u015e\u0259hid ail\u0259si olaraq yaln\u0131z etinas\u0131z m\u00fcnasib\u0259t g\u00f6r\u00fcr\u00fck\u201d\",\"datePublished\":\"2022-09-30T04:24:44+00:00\",\"dateModified\":\"2022-09-30T04:24:47+00:00\",\"mainEntityOfPage\":{\"@id\":\"https:\\\/\\\/www.meydan.tv\\\/az\\\/article\\\/sumqayit-sakini-sehid-ailesi-olaraq-yalniz-etinasiz-munasibet-goruruk\\\/\"},\"wordCount\":724,\"publisher\":{\"@id\":\"https:\\\/\\\/www.meydan.tv\\\/az\\\/#organization\"},\"image\":{\"@id\":\"https:\\\/\\\/www.meydan.tv\\\/az\\\/article\\\/sumqayit-sakini-sehid-ailesi-olaraq-yalniz-etinasiz-munasibet-goruruk\\\/#primaryimage\"},\"thumbnailUrl\":\"https:\\\/\\\/www.meydan.tv\\\/wp-content\\\/uploads\\\/sumqayit_shr_icra_hakimiyyti-scaled.jpg\",\"articleSection\":[\"B\u00f6lg\u0259\",\"T\u00f6vsiy\u0259\",\"X\u0259b\u0259rl\u0259r\"],\"inLanguage\":\"az\"},{\"@type\":\"WebPage\",\"@id\":\"https:\\\/\\\/www.meydan.tv\\\/az\\\/article\\\/sumqayit-sakini-sehid-ailesi-olaraq-yalniz-etinasiz-munasibet-goruruk\\\/\",\"url\":\"https:\\\/\\\/www.meydan.tv\\\/az\\\/article\\\/sumqayit-sakini-sehid-ailesi-olaraq-yalniz-etinasiz-munasibet-goruruk\\\/\",\"name\":\"Sumqay\u0131t sakini: \u201c\u015e\u0259hid ail\u0259si olaraq yaln\u0131z etinas\u0131z m\u00fcnasib\u0259t g\u00f6r\u00fcr\u00fck\u201d - MEYDAN.TV\",\"isPartOf\":{\"@id\":\"https:\\\/\\\/www.meydan.tv\\\/az\\\/#website\"},\"primaryImageOfPage\":{\"@id\":\"https:\\\/\\\/www.meydan.tv\\\/az\\\/article\\\/sumqayit-sakini-sehid-ailesi-olaraq-yalniz-etinasiz-munasibet-goruruk\\\/#primaryimage\"},\"image\":{\"@id\":\"https:\\\/\\\/www.meydan.tv\\\/az\\\/article\\\/sumqayit-sakini-sehid-ailesi-olaraq-yalniz-etinasiz-munasibet-goruruk\\\/#primaryimage\"},\"thumbnailUrl\":\"https:\\\/\\\/www.meydan.tv\\\/wp-content\\\/uploads\\\/sumqayit_shr_icra_hakimiyyti-scaled.jpg\",\"datePublished\":\"2022-09-30T04:24:44+00:00\",\"dateModified\":\"2022-09-30T04:24:47+00:00\",\"breadcrumb\":{\"@id\":\"https:\\\/\\\/www.meydan.tv\\\/az\\\/article\\\/sumqayit-sakini-sehid-ailesi-olaraq-yalniz-etinasiz-munasibet-goruruk\\\/#breadcrumb\"},\"inLanguage\":\"az\",\"potentialAction\":[{\"@type\":\"ReadAction\",\"target\":[\"https:\\\/\\\/www.meydan.tv\\\/az\\\/article\\\/sumqayit-sakini-sehid-ailesi-olaraq-yalniz-etinasiz-munasibet-goruruk\\\/\"]}]},{\"@type\":\"ImageObject\",\"inLanguage\":\"az\",\"@id\":\"https:\\\/\\\/www.meydan.tv\\\/az\\\/article\\\/sumqayit-sakini-sehid-ailesi-olaraq-yalniz-etinasiz-munasibet-goruruk\\\/#primaryimage\",\"url\":\"https:\\\/\\\/www.meydan.tv\\\/wp-content\\\/uploads\\\/sumqayit_shr_icra_hakimiyyti-scaled.jpg\",\"contentUrl\":\"https:\\\/\\\/www.meydan.tv\\\/wp-content\\\/uploads\\\/sumqayit_shr_icra_hakimiyyti-scaled.jpg\",\"width\":2560,\"height\":1439,\"caption\":\"Foto: Sumqay\u0131t \u015e\u0259h\u0259r \u0130cra Hakimiyy\u0259ti\"},{\"@type\":\"BreadcrumbList\",\"@id\":\"https:\\\/\\\/www.meydan.tv\\\/az\\\/article\\\/sumqayit-sakini-sehid-ailesi-olaraq-yalniz-etinasiz-munasibet-goruruk\\\/#breadcrumb\",\"itemListElement\":[{\"@type\":\"ListItem\",\"position\":1,\"name\":\"Ana s\u0259hif\u0259\",\"item\":\"https:\\\/\\\/www.meydan.tv\\\/az\\\/\"},{\"@type\":\"ListItem\",\"position\":2,\"name\":\"B\u00f6lg\u0259\",\"item\":\"https:\\\/\\\/www.meydan.tv\\\/az\\\/section\\\/bolge\\\/\"},{\"@type\":\"ListItem\",\"position\":3,\"name\":\"Sumqay\u0131t sakini: \u201c\u015e\u0259hid ail\u0259si olaraq yaln\u0131z etinas\u0131z m\u00fcnasib\u0259t g\u00f6r\u00fcr\u00fck\u201d\"}]},{\"@type\":\"WebSite\",\"@id\":\"https:\\\/\\\/www.meydan.tv\\\/az\\\/#website\",\"url\":\"https:\\\/\\\/www.meydan.tv\\\/az\\\/\",\"name\":\"MEYDAN.TV\",\"description\":\"Meydan TV Az\u0259rbaycan\u0131n media m\u0259kan\u0131ndak\u0131 alternativ s\u0259sidir\",\"publisher\":{\"@id\":\"https:\\\/\\\/www.meydan.tv\\\/az\\\/#organization\"},\"potentialAction\":[{\"@type\":\"SearchAction\",\"target\":{\"@type\":\"EntryPoint\",\"urlTemplate\":\"https:\\\/\\\/www.meydan.tv\\\/az\\\/?s={search_term_string}\"},\"query-input\":{\"@type\":\"PropertyValueSpecification\",\"valueRequired\":true,\"valueName\":\"search_term_string\"}}],\"inLanguage\":\"az\"},{\"@type\":\"Organization\",\"@id\":\"https:\\\/\\\/www.meydan.tv\\\/az\\\/#organization\",\"name\":\"Meydan TV\",\"url\":\"https:\\\/\\\/www.meydan.tv\\\/az\\\/\",\"logo\":{\"@type\":\"ImageObject\",\"inLanguage\":\"az\",\"@id\":\"https:\\\/\\\/www.meydan.tv\\\/az\\\/#\\\/schema\\\/logo\\\/image\\\/\",\"url\":\"https:\\\/\\\/www.meydan.tv\\\/wp-content\\\/uploads\\\/2021\\\/07\\\/meydan-logo.svg\",\"contentUrl\":\"https:\\\/\\\/www.meydan.tv\\\/wp-content\\\/uploads\\\/2021\\\/07\\\/meydan-logo.svg\",\"width\":195,\"height\":46,\"caption\":\"Meydan TV\"},\"image\":{\"@id\":\"https:\\\/\\\/www.meydan.tv\\\/az\\\/#\\\/schema\\\/logo\\\/image\\\/\"}},{\"@type\":\"Person\",\"@id\":\"https:\\\/\\\/www.meydan.tv\\\/az\\\/#\\\/schema\\\/person\\\/9cdbecf90d17180ce1dfbd95b08dcf47\",\"name\":\"elli\",\"sameAs\":[\"https:\\\/\\\/x.com\\\/elli\"]}]}<\/script>\n<!-- \/ Yoast SEO plugin. -->","yoast_head_json":{"title":"Sumqay\u0131t sakini: \u201c\u015e\u0259hid ail\u0259si olaraq yaln\u0131z etinas\u0131z m\u00fcnasib\u0259t g\u00f6r\u00fcr\u00fck\u201d - MEYDAN.TV","robots":{"index":"index","follow":"follow","max-snippet":"max-snippet:-1","max-image-preview":"max-image-preview:large","max-video-preview":"max-video-preview:-1"},"canonical":"https:\/\/www.meydan.tv\/az\/article\/sumqayit-sakini-sehid-ailesi-olaraq-yalniz-etinasiz-munasibet-goruruk\/","og_locale":"az_AZ","og_type":"article","og_title":"Sumqay\u0131t sakini: \u201c\u015e\u0259hid ail\u0259si olaraq yaln\u0131z etinas\u0131z m\u00fcnasib\u0259t g\u00f6r\u00fcr\u00fck\u201d - MEYDAN.TV","og_description":"\u201cM\u00fcharib\u0259d\u0259 h\u0259lak olanlar aras\u0131nda f\u0259rq qoyulur\u201d \u201cH\u0259yat yolda\u015f\u0131m Ruslan Seyidov ... Davam\u0131","og_url":"https:\/\/www.meydan.tv\/az\/article\/sumqayit-sakini-sehid-ailesi-olaraq-yalniz-etinasiz-munasibet-goruruk\/","og_site_name":"MEYDAN.TV","article_published_time":"2022-09-30T04:24:44+00:00","article_modified_time":"2022-09-30T04:24:47+00:00","og_image":[{"width":2560,"height":1439,"url":"https:\/\/www.meydan.tv\/wp-content\/uploads\/sumqayit_shr_icra_hakimiyyti-scaled.jpg","type":"image\/jpeg"}],"author":"elli","twitter_card":"summary_large_image","twitter_creator":"@elli","schema":{"@context":"https:\/\/schema.org","@graph":[{"@type":"Article","@id":"https:\/\/www.meydan.tv\/az\/article\/sumqayit-sakini-sehid-ailesi-olaraq-yalniz-etinasiz-munasibet-goruruk\/#article","isPartOf":{"@id":"https:\/\/www.meydan.tv\/az\/article\/sumqayit-sakini-sehid-ailesi-olaraq-yalniz-etinasiz-munasibet-goruruk\/"},"author":{"name":"elli","@id":"https:\/\/www.meydan.tv\/az\/#\/schema\/person\/9cdbecf90d17180ce1dfbd95b08dcf47"},"headline":"Sumqay\u0131t sakini: \u201c\u015e\u0259hid ail\u0259si olaraq yaln\u0131z etinas\u0131z m\u00fcnasib\u0259t g\u00f6r\u00fcr\u00fck\u201d","datePublished":"2022-09-30T04:24:44+00:00","dateModified":"2022-09-30T04:24:47+00:00","mainEntityOfPage":{"@id":"https:\/\/www.meydan.tv\/az\/article\/sumqayit-sakini-sehid-ailesi-olaraq-yalniz-etinasiz-munasibet-goruruk\/"},"wordCount":724,"publisher":{"@id":"https:\/\/www.meydan.tv\/az\/#organization"},"image":{"@id":"https:\/\/www.meydan.tv\/az\/article\/sumqayit-sakini-sehid-ailesi-olaraq-yalniz-etinasiz-munasibet-goruruk\/#primaryimage"},"thumbnailUrl":"https:\/\/www.meydan.tv\/wp-content\/uploads\/sumqayit_shr_icra_hakimiyyti-scaled.jpg","articleSection":["B\u00f6lg\u0259","T\u00f6vsiy\u0259","X\u0259b\u0259rl\u0259r"],"inLanguage":"az"},{"@type":"WebPage","@id":"https:\/\/www.meydan.tv\/az\/article\/sumqayit-sakini-sehid-ailesi-olaraq-yalniz-etinasiz-munasibet-goruruk\/","url":"https:\/\/www.meydan.tv\/az\/article\/sumqayit-sakini-sehid-ailesi-olaraq-yalniz-etinasiz-munasibet-goruruk\/","name":"Sumqay\u0131t sakini: \u201c\u015e\u0259hid ail\u0259si olaraq yaln\u0131z etinas\u0131z m\u00fcnasib\u0259t g\u00f6r\u00fcr\u00fck\u201d - MEYDAN.TV","isPartOf":{"@id":"https:\/\/www.meydan.tv\/az\/#website"},"primaryImageOfPage":{"@id":"https:\/\/www.meydan.tv\/az\/article\/sumqayit-sakini-sehid-ailesi-olaraq-yalniz-etinasiz-munasibet-goruruk\/#primaryimage"},"image":{"@id":"https:\/\/www.meydan.tv\/az\/article\/sumqayit-sakini-sehid-ailesi-olaraq-yalniz-etinasiz-munasibet-goruruk\/#primaryimage"},"thumbnailUrl":"https:\/\/www.meydan.tv\/wp-content\/uploads\/sumqayit_shr_icra_hakimiyyti-scaled.jpg","datePublished":"2022-09-30T04:24:44+00:00","dateModified":"2022-09-30T04:24:47+00:00","breadcrumb":{"@id":"https:\/\/www.meydan.tv\/az\/article\/sumqayit-sakini-sehid-ailesi-olaraq-yalniz-etinasiz-munasibet-goruruk\/#breadcrumb"},"inLanguage":"az","potentialAction":[{"@type":"ReadAction","target":["https:\/\/www.meydan.tv\/az\/article\/sumqayit-sakini-sehid-ailesi-olaraq-yalniz-etinasiz-munasibet-goruruk\/"]}]},{"@type":"ImageObject","inLanguage":"az","@id":"https:\/\/www.meydan.tv\/az\/article\/sumqayit-sakini-sehid-ailesi-olaraq-yalniz-etinasiz-munasibet-goruruk\/#primaryimage","url":"https:\/\/www.meydan.tv\/wp-content\/uploads\/sumqayit_shr_icra_hakimiyyti-scaled.jpg","contentUrl":"https:\/\/www.meydan.tv\/wp-content\/uploads\/sumqayit_shr_icra_hakimiyyti-scaled.jpg","width":2560,"height":1439,"caption":"Foto: Sumqay\u0131t \u015e\u0259h\u0259r \u0130cra Hakimiyy\u0259ti"},{"@type":"BreadcrumbList","@id":"https:\/\/www.meydan.tv\/az\/article\/sumqayit-sakini-sehid-ailesi-olaraq-yalniz-etinasiz-munasibet-goruruk\/#breadcrumb","itemListElement":[{"@type":"ListItem","position":1,"name":"Ana s\u0259hif\u0259","item":"https:\/\/www.meydan.tv\/az\/"},{"@type":"ListItem","position":2,"name":"B\u00f6lg\u0259","item":"https:\/\/www.meydan.tv\/az\/section\/bolge\/"},{"@type":"ListItem","position":3,"name":"Sumqay\u0131t sakini: \u201c\u015e\u0259hid ail\u0259si olaraq yaln\u0131z etinas\u0131z m\u00fcnasib\u0259t g\u00f6r\u00fcr\u00fck\u201d"}]},{"@type":"WebSite","@id":"https:\/\/www.meydan.tv\/az\/#website","url":"https:\/\/www.meydan.tv\/az\/","name":"MEYDAN.TV","description":"Meydan TV Az\u0259rbaycan\u0131n media m\u0259kan\u0131ndak\u0131 alternativ s\u0259sidir","publisher":{"@id":"https:\/\/www.meydan.tv\/az\/#organization"},"potentialAction":[{"@type":"SearchAction","target":{"@type":"EntryPoint","urlTemplate":"https:\/\/www.meydan.tv\/az\/?s={search_term_string}"},"query-input":{"@type":"PropertyValueSpecification","valueRequired":true,"valueName":"search_term_string"}}],"inLanguage":"az"},{"@type":"Organization","@id":"https:\/\/www.meydan.tv\/az\/#organization","name":"Meydan TV","url":"https:\/\/www.meydan.tv\/az\/","logo":{"@type":"ImageObject","inLanguage":"az","@id":"https:\/\/www.meydan.tv\/az\/#\/schema\/logo\/image\/","url":"https:\/\/www.meydan.tv\/wp-content\/uploads\/2021\/07\/meydan-logo.svg","contentUrl":"https:\/\/www.meydan.tv\/wp-content\/uploads\/2021\/07\/meydan-logo.svg","width":195,"height":46,"caption":"Meydan TV"},"image":{"@id":"https:\/\/www.meydan.tv\/az\/#\/schema\/logo\/image\/"}},{"@type":"Person","@id":"https:\/\/www.meydan.tv\/az\/#\/schema\/person\/9cdbecf90d17180ce1dfbd95b08dcf47","name":"elli","sameAs":["https:\/\/x.com\/elli"]}]}},"_links":{"self":[{"href":"https:\/\/www.meydan.tv\/az\/wp-json\/wp\/v2\/posts\/257012","targetHints":{"allow":["GET"]}}],"collection":[{"href":"https:\/\/www.meydan.tv\/az\/wp-json\/wp\/v2\/posts"}],"about":[{"href":"https:\/\/www.meydan.tv\/az\/wp-json\/wp\/v2\/types\/post"}],"author":[{"embeddable":true,"href":"https:\/\/www.meydan.tv\/az\/wp-json\/wp\/v2\/users\/8"}],"replies":[{"embeddable":true,"href":"https:\/\/www.meydan.tv\/az\/wp-json\/wp\/v2\/comments?post=257012"}],"version-history":[{"count":1,"href":"https:\/\/www.meydan.tv\/az\/wp-json\/wp\/v2\/posts\/257012\/revisions"}],"predecessor-version":[{"id":257013,"href":"https:\/\/www.meydan.tv\/az\/wp-json\/wp\/v2\/posts\/257012\/revisions\/257013"}],"wp:featuredmedia":[{"embeddable":true,"href":"https:\/\/www.meydan.tv\/az\/wp-json\/wp\/v2\/media\/147016"}],"wp:attachment":[{"href":"https:\/\/www.meydan.tv\/az\/wp-json\/wp\/v2\/media?parent=257012"}],"wp:term":[{"taxonomy":"category","embeddable":true,"href":"https:\/\/www.meydan.tv\/az\/wp-json\/wp\/v2\/categories?post=257012"},{"taxonomy":"post_tag","embeddable":true,"href":"https:\/\/www.meydan.tv\/az\/wp-json\/wp\/v2\/tags?post=257012"}],"curies":[{"name":"wp","href":"https:\/\/api.w.org\/{rel}","templated":true}]}}