{"id":257001,"date":"2022-09-30T08:18:06","date_gmt":"2022-09-30T04:18:06","guid":{"rendered":"https:\/\/www.meydan.tv\/?p=257001"},"modified":"2022-09-30T08:18:10","modified_gmt":"2022-09-30T04:18:10","slug":"reise-iscilerden-xeber-aparmadigim-ucun-emek-muqavilesine-xitam-verildi","status":"publish","type":"post","link":"https:\/\/www.meydan.tv\/az\/article\/reise-iscilerden-xeber-aparmadigim-ucun-emek-muqavilesine-xitam-verildi\/","title":{"rendered":"\u201cR\u0259is\u0259 i\u015f\u00e7il\u0259rd\u0259n x\u0259b\u0259r aparmad\u0131\u011f\u0131m \u00fc\u00e7\u00fcn \u0259m\u0259k m\u00fcqavil\u0259sin\u0259 xitam verildi\u201d"},"content":{"rendered":"\n<p><\/p>\n\n\n\n<p><em>Qida T\u0259hl\u00fck\u0259sizlik Agentliyinin Tovuz Regional B\u00f6lm\u0259sinin ke\u00e7mi\u015f \u0259m\u0259kda\u015f\u0131 \u015fikay\u0259tinin ara\u015fd\u0131r\u0131lmad\u0131\u011f\u0131n\u0131 deyir<\/em><\/p>\n\n\n\n<p>\u201cQida T\u0259hl\u00fck\u0259sizlik Agentliyinin Tovuz Regional B\u00f6lm\u0259sinin idxal v\u0259 ixraca n\u0259zar\u0259t sektorunun ba\u015f m\u0259sl\u0259h\u0259t\u00e7i kimi \u00e7al\u0131\u015f\u0131rd\u0131m. Amma c\u0259mi 3 ay i\u015fl\u0259y\u0259 bildim. H\u00fcseyn Abdullazad\u0259 regional b\u00f6lm\u0259y\u0259 r\u0259is t\u0259yin olunandan sonra m\u0259n\u0259 dedi ki, i\u015f\u00e7il\u0259rl\u0259 ba\u011fl\u0131 ona tez-tez m\u0259lumatlar verim. Raz\u0131la\u015fmad\u0131\u011f\u0131ma g\u00f6r\u0259 d\u0259 \u0259m\u0259k m\u00fcqavil\u0259m\u0259 xitam verildi&#8221;.<\/p>\n\n\n\n<p>Bunu Meydan TV-y\u0259 idar\u0259nin \u0259m\u0259kda\u015f\u0131 olmu\u015f Kamran Famil o\u011flu \u0130lyasov bildirib. Onun s\u00f6zl\u0259rin\u0259 g\u00f6r\u0259, o, i\u015f\u0259 q\u0259bul edil\u0259nd\u0259n sonra H\u00fcseyn Abdullazad\u0259 r\u0259is t\u0259yin olunub. T\u0259yin olunan kimi d\u0259 \u0259ks\u0259r i\u015f\u00e7il\u0259r kimi ona da probleml\u0259r yaran\u0131b:<\/p>\n\n\n\n<figure class=\"wp-block-image size-large\"><img decoding=\"async\" width=\"616\" height=\"821\" data-src=\"https:\/\/www.meydan.tv\/wp-content\/uploads\/img-20220917-wa0000-616x821.jpg\" alt=\"\" class=\"wp-image-256995 lazyload\" src=\"data:image\/svg+xml;base64,PHN2ZyB3aWR0aD0iMSIgaGVpZ2h0PSIxIiB4bWxucz0iaHR0cDovL3d3dy53My5vcmcvMjAwMC9zdmciPjwvc3ZnPg==\" style=\"--smush-placeholder-width: 616px; --smush-placeholder-aspect-ratio: 616\/821;\" \/><figcaption>\u018fmr. Foto: Meydan TV<\/figcaption><\/figure>\n\n\n\n<p>&#8220;M\u0259n\u0259 deyirdi ki, i\u015f\u00e7il\u0259rd\u0259n x\u0259b\u0259r apar\u0131m, r\u00fc\u015fv\u0259t ald\u0131\u011f\u0131na dair s\u00f6zl\u0259r deyim. Halbuki m\u0259nim \u0259limd\u0259 h\u0259r hans\u0131 bir i\u015f\u00e7inin r\u00fc\u015fv\u0259t almas\u0131 il\u0259 ba\u011fl\u0131 m\u0259lumat olmay\u0131b. M\u00fcqavil\u0259m\u0259 xitam veril\u0259nd\u0259n sonra da t\u0259klif etdi ki, i\u015f\u00e7il\u0259rl\u0259 ba\u011fl\u0131 onun t\u0259l\u0259b etdiyi kimi dan\u0131\u015fsam, m\u0259ni i\u015f\u0259 qaytaracaq. M\u0259niml\u0259 b\u0259rab\u0259r i\u015f\u0259 gir\u0259nl\u0259rin ham\u0131s\u0131n\u0131n \u0259m\u0259k m\u00fcqavil\u0259si uzad\u0131ld\u0131. Bunu t\u0259sdiq ed\u0259n s\u00fcbutlar\u0131m da var&#8221;.<\/p>\n\n\n\n<p>\u015eikay\u0259t\u00e7i deyib ki, bununla ba\u011fl\u0131 agentliyin r\u0259hb\u0259rliyin\u0259, el\u0259c\u0259 d\u0259 Ombudsman Aparat\u0131na m\u00fcraci\u0259t edib:<\/p>\n\n\n\n<p>&#8220;Avqustun 4-d\u0259 \u0259m\u0259k m\u00fcqavil\u0259m\u0259 xitam verilib. Konkret iki n\u0259f\u0259rin \u0259leyhin\u0259 dan\u0131\u015fma\u011f\u0131m\u0131 ist\u0259yirdi. Hans\u0131 ki, h\u0259min i\u015f\u00e7il\u0259r d\u0259 i\u015fd\u0259n uzaqla\u015fd\u0131r\u0131l\u0131b.<\/p>\n\n\n\n<figure class=\"wp-block-image size-large\"><img decoding=\"async\" width=\"616\" height=\"821\" data-src=\"https:\/\/www.meydan.tv\/wp-content\/uploads\/img-20220917-wa0001-616x821.jpg\" alt=\"\" class=\"wp-image-256998 lazyload\" src=\"data:image\/svg+xml;base64,PHN2ZyB3aWR0aD0iMSIgaGVpZ2h0PSIxIiB4bWxucz0iaHR0cDovL3d3dy53My5vcmcvMjAwMC9zdmciPjwvc3ZnPg==\" style=\"--smush-placeholder-width: 616px; --smush-placeholder-aspect-ratio: 616\/821;\" \/><\/figure>\n\n\n\n<p>Ba\u015f\u0131ma g\u0259l\u0259nl\u0259rd\u0259n sonra m\u0259n\u0259 olan haqs\u0131zl\u0131\u011fa g\u00f6r\u0259 \u015fikay\u0259tim\u0259 bax\u0131lmas\u0131n\u0131 ist\u0259yir\u0259m. T\u0259qdim etdiyim s\u0259s yaz\u0131lar\u0131na bel\u0259 qulaq asm\u0131rlar. Xahi\u015f edir\u0259m ki, m\u0259s\u0259l\u0259 h\u0259rt\u0259r\u0259fli v\u0259 ciddi ara\u015fd\u0131r\u0131ls\u0131n&#8221;.<\/p>\n\n\n\n<p>H\u00fcseyin Abdullazad\u0259 is\u0259 \u015fikay\u0259tl\u0259 ba\u011fl\u0131 dan\u0131\u015fmaq ist\u0259m\u0259yib. Bildirib ki, he\u00e7 kimi i\u015fd\u0259n azad etmir. Bu m\u0259s\u0259l\u0259y\u0259 Qida T\u0259hl\u00fck\u0259sizliyi Agentliyi bax\u0131r.<\/p>\n\n\n\n<p>Qida T\u0259hl\u00fck\u0259sizliyi Agentliyinin m\u0259tbuat katibi M\u0259nsuz Piriyev r\u0259smi sor\u011fu g\u00f6nd\u0259rilm\u0259sini t\u0259l\u0259b ets\u0259 d\u0259, g\u00f6nd\u0259ril\u0259n suallar cavabland\u0131r\u0131lmay\u0131b.<\/p>\n","protected":false},"excerpt":{"rendered":"<p>Qida T\u0259hl\u00fck\u0259sizlik Agentliyinin Tovuz Regional B\u00f6lm\u0259sinin ke\u00e7mi\u015f \u0259m\u0259kda\u015f\u0131 \u015fikay\u0259tinin ara\u015fd\u0131r\u0131lmad\u0131\u011f\u0131n\u0131 &#8230; <\/p>\n<p class=\"read-more-container\"><a title=\"\u201cR\u0259is\u0259 i\u015f\u00e7il\u0259rd\u0259n x\u0259b\u0259r aparmad\u0131\u011f\u0131m \u00fc\u00e7\u00fcn \u0259m\u0259k m\u00fcqavil\u0259sin\u0259 xitam verildi\u201d\" class=\"read-more button\" href=\"https:\/\/www.meydan.tv\/az\/article\/reise-iscilerden-xeber-aparmadigim-ucun-emek-muqavilesine-xitam-verildi\/#more-257001\" aria-label=\"Read more about \u201cR\u0259is\u0259 i\u015f\u00e7il\u0259rd\u0259n x\u0259b\u0259r aparmad\u0131\u011f\u0131m \u00fc\u00e7\u00fcn \u0259m\u0259k m\u00fcqavil\u0259sin\u0259 xitam verildi\u201d\">Davam\u0131<\/a><\/p>\n","protected":false},"author":8,"featured_media":256992,"comment_status":"closed","ping_status":"closed","sticky":false,"template":"","format":"standard","meta":{"_acf_changed":false,"_sitemap_exclude":false,"_sitemap_priority":"","_sitemap_frequency":"","footnotes":""},"categories":[60,56],"tags":[],"class_list":["post-257001","post","type-post","status-publish","format-standard","has-post-thumbnail","hentry","category-bolge","category-xeberler","infinite-scroll-item","generate-columns","tablet-grid-50","mobile-grid-100","grid-parent","grid-33","no-featured-image-padding"],"acf":[],"yoast_head":"<!-- This site is optimized with the Yoast SEO plugin v27.5 - https:\/\/yoast.com\/product\/yoast-seo-wordpress\/ -->\n<title>\u201cR\u0259is\u0259 i\u015f\u00e7il\u0259rd\u0259n x\u0259b\u0259r aparmad\u0131\u011f\u0131m \u00fc\u00e7\u00fcn \u0259m\u0259k m\u00fcqavil\u0259sin\u0259 xitam verildi\u201d - MEYDAN.TV<\/title>\n<meta name=\"robots\" content=\"index, follow, max-snippet:-1, max-image-preview:large, max-video-preview:-1\" \/>\n<link rel=\"canonical\" href=\"https:\/\/www.meydan.tv\/az\/article\/reise-iscilerden-xeber-aparmadigim-ucun-emek-muqavilesine-xitam-verildi\/\" \/>\n<meta property=\"og:locale\" content=\"az_AZ\" \/>\n<meta property=\"og:type\" content=\"article\" \/>\n<meta property=\"og:title\" content=\"\u201cR\u0259is\u0259 i\u015f\u00e7il\u0259rd\u0259n x\u0259b\u0259r aparmad\u0131\u011f\u0131m \u00fc\u00e7\u00fcn \u0259m\u0259k m\u00fcqavil\u0259sin\u0259 xitam verildi\u201d - MEYDAN.TV\" \/>\n<meta property=\"og:description\" content=\"Qida T\u0259hl\u00fck\u0259sizlik Agentliyinin Tovuz Regional B\u00f6lm\u0259sinin ke\u00e7mi\u015f \u0259m\u0259kda\u015f\u0131 \u015fikay\u0259tinin ara\u015fd\u0131r\u0131lmad\u0131\u011f\u0131n\u0131 ... Davam\u0131\" \/>\n<meta property=\"og:url\" content=\"https:\/\/www.meydan.tv\/az\/article\/reise-iscilerden-xeber-aparmadigim-ucun-emek-muqavilesine-xitam-verildi\/\" \/>\n<meta property=\"og:site_name\" content=\"MEYDAN.TV\" \/>\n<meta property=\"article:published_time\" content=\"2022-09-30T04:18:06+00:00\" \/>\n<meta property=\"article:modified_time\" content=\"2022-09-30T04:18:10+00:00\" \/>\n<meta property=\"og:image\" content=\"https:\/\/www.meydan.tv\/wp-content\/uploads\/untitled-design-6-17-e1664511453209.jpg\" \/>\n\t<meta property=\"og:image:width\" content=\"1200\" \/>\n\t<meta property=\"og:image:height\" content=\"603\" \/>\n\t<meta property=\"og:image:type\" content=\"image\/jpeg\" \/>\n<meta name=\"author\" content=\"elli\" \/>\n<meta name=\"twitter:card\" content=\"summary_large_image\" \/>\n<meta name=\"twitter:creator\" content=\"@elli\" \/>\n<script type=\"application\/ld+json\" class=\"yoast-schema-graph\">{\"@context\":\"https:\\\/\\\/schema.org\",\"@graph\":[{\"@type\":\"Article\",\"@id\":\"https:\\\/\\\/www.meydan.tv\\\/az\\\/article\\\/reise-iscilerden-xeber-aparmadigim-ucun-emek-muqavilesine-xitam-verildi\\\/#article\",\"isPartOf\":{\"@id\":\"https:\\\/\\\/www.meydan.tv\\\/az\\\/article\\\/reise-iscilerden-xeber-aparmadigim-ucun-emek-muqavilesine-xitam-verildi\\\/\"},\"author\":{\"name\":\"elli\",\"@id\":\"https:\\\/\\\/www.meydan.tv\\\/az\\\/#\\\/schema\\\/person\\\/9cdbecf90d17180ce1dfbd95b08dcf47\"},\"headline\":\"\u201cR\u0259is\u0259 i\u015f\u00e7il\u0259rd\u0259n x\u0259b\u0259r aparmad\u0131\u011f\u0131m \u00fc\u00e7\u00fcn \u0259m\u0259k m\u00fcqavil\u0259sin\u0259 xitam verildi\u201d\",\"datePublished\":\"2022-09-30T04:18:06+00:00\",\"dateModified\":\"2022-09-30T04:18:10+00:00\",\"mainEntityOfPage\":{\"@id\":\"https:\\\/\\\/www.meydan.tv\\\/az\\\/article\\\/reise-iscilerden-xeber-aparmadigim-ucun-emek-muqavilesine-xitam-verildi\\\/\"},\"wordCount\":461,\"publisher\":{\"@id\":\"https:\\\/\\\/www.meydan.tv\\\/az\\\/#organization\"},\"image\":{\"@id\":\"https:\\\/\\\/www.meydan.tv\\\/az\\\/article\\\/reise-iscilerden-xeber-aparmadigim-ucun-emek-muqavilesine-xitam-verildi\\\/#primaryimage\"},\"thumbnailUrl\":\"https:\\\/\\\/www.meydan.tv\\\/wp-content\\\/uploads\\\/untitled-design-6-17-e1664511453209.jpg\",\"articleSection\":[\"B\u00f6lg\u0259\",\"X\u0259b\u0259rl\u0259r\"],\"inLanguage\":\"az\"},{\"@type\":\"WebPage\",\"@id\":\"https:\\\/\\\/www.meydan.tv\\\/az\\\/article\\\/reise-iscilerden-xeber-aparmadigim-ucun-emek-muqavilesine-xitam-verildi\\\/\",\"url\":\"https:\\\/\\\/www.meydan.tv\\\/az\\\/article\\\/reise-iscilerden-xeber-aparmadigim-ucun-emek-muqavilesine-xitam-verildi\\\/\",\"name\":\"\u201cR\u0259is\u0259 i\u015f\u00e7il\u0259rd\u0259n x\u0259b\u0259r aparmad\u0131\u011f\u0131m \u00fc\u00e7\u00fcn \u0259m\u0259k m\u00fcqavil\u0259sin\u0259 xitam verildi\u201d - MEYDAN.TV\",\"isPartOf\":{\"@id\":\"https:\\\/\\\/www.meydan.tv\\\/az\\\/#website\"},\"primaryImageOfPage\":{\"@id\":\"https:\\\/\\\/www.meydan.tv\\\/az\\\/article\\\/reise-iscilerden-xeber-aparmadigim-ucun-emek-muqavilesine-xitam-verildi\\\/#primaryimage\"},\"image\":{\"@id\":\"https:\\\/\\\/www.meydan.tv\\\/az\\\/article\\\/reise-iscilerden-xeber-aparmadigim-ucun-emek-muqavilesine-xitam-verildi\\\/#primaryimage\"},\"thumbnailUrl\":\"https:\\\/\\\/www.meydan.tv\\\/wp-content\\\/uploads\\\/untitled-design-6-17-e1664511453209.jpg\",\"datePublished\":\"2022-09-30T04:18:06+00:00\",\"dateModified\":\"2022-09-30T04:18:10+00:00\",\"breadcrumb\":{\"@id\":\"https:\\\/\\\/www.meydan.tv\\\/az\\\/article\\\/reise-iscilerden-xeber-aparmadigim-ucun-emek-muqavilesine-xitam-verildi\\\/#breadcrumb\"},\"inLanguage\":\"az\",\"potentialAction\":[{\"@type\":\"ReadAction\",\"target\":[\"https:\\\/\\\/www.meydan.tv\\\/az\\\/article\\\/reise-iscilerden-xeber-aparmadigim-ucun-emek-muqavilesine-xitam-verildi\\\/\"]}]},{\"@type\":\"ImageObject\",\"inLanguage\":\"az\",\"@id\":\"https:\\\/\\\/www.meydan.tv\\\/az\\\/article\\\/reise-iscilerden-xeber-aparmadigim-ucun-emek-muqavilesine-xitam-verildi\\\/#primaryimage\",\"url\":\"https:\\\/\\\/www.meydan.tv\\\/wp-content\\\/uploads\\\/untitled-design-6-17-e1664511453209.jpg\",\"contentUrl\":\"https:\\\/\\\/www.meydan.tv\\\/wp-content\\\/uploads\\\/untitled-design-6-17-e1664511453209.jpg\",\"width\":1200,\"height\":603,\"caption\":\"Foto: Kamran \u0130lyasovun \u015f\u0259xsi arxivind\u0259n\"},{\"@type\":\"BreadcrumbList\",\"@id\":\"https:\\\/\\\/www.meydan.tv\\\/az\\\/article\\\/reise-iscilerden-xeber-aparmadigim-ucun-emek-muqavilesine-xitam-verildi\\\/#breadcrumb\",\"itemListElement\":[{\"@type\":\"ListItem\",\"position\":1,\"name\":\"Ana s\u0259hif\u0259\",\"item\":\"https:\\\/\\\/www.meydan.tv\\\/az\\\/\"},{\"@type\":\"ListItem\",\"position\":2,\"name\":\"B\u00f6lg\u0259\",\"item\":\"https:\\\/\\\/www.meydan.tv\\\/az\\\/section\\\/bolge\\\/\"},{\"@type\":\"ListItem\",\"position\":3,\"name\":\"\u201cR\u0259is\u0259 i\u015f\u00e7il\u0259rd\u0259n x\u0259b\u0259r aparmad\u0131\u011f\u0131m \u00fc\u00e7\u00fcn \u0259m\u0259k m\u00fcqavil\u0259sin\u0259 xitam verildi\u201d\"}]},{\"@type\":\"WebSite\",\"@id\":\"https:\\\/\\\/www.meydan.tv\\\/az\\\/#website\",\"url\":\"https:\\\/\\\/www.meydan.tv\\\/az\\\/\",\"name\":\"MEYDAN.TV\",\"description\":\"Meydan TV Az\u0259rbaycan\u0131n media m\u0259kan\u0131ndak\u0131 alternativ s\u0259sidir\",\"publisher\":{\"@id\":\"https:\\\/\\\/www.meydan.tv\\\/az\\\/#organization\"},\"potentialAction\":[{\"@type\":\"SearchAction\",\"target\":{\"@type\":\"EntryPoint\",\"urlTemplate\":\"https:\\\/\\\/www.meydan.tv\\\/az\\\/?s={search_term_string}\"},\"query-input\":{\"@type\":\"PropertyValueSpecification\",\"valueRequired\":true,\"valueName\":\"search_term_string\"}}],\"inLanguage\":\"az\"},{\"@type\":\"Organization\",\"@id\":\"https:\\\/\\\/www.meydan.tv\\\/az\\\/#organization\",\"name\":\"Meydan TV\",\"url\":\"https:\\\/\\\/www.meydan.tv\\\/az\\\/\",\"logo\":{\"@type\":\"ImageObject\",\"inLanguage\":\"az\",\"@id\":\"https:\\\/\\\/www.meydan.tv\\\/az\\\/#\\\/schema\\\/logo\\\/image\\\/\",\"url\":\"https:\\\/\\\/www.meydan.tv\\\/wp-content\\\/uploads\\\/2021\\\/07\\\/meydan-logo.svg\",\"contentUrl\":\"https:\\\/\\\/www.meydan.tv\\\/wp-content\\\/uploads\\\/2021\\\/07\\\/meydan-logo.svg\",\"width\":195,\"height\":46,\"caption\":\"Meydan TV\"},\"image\":{\"@id\":\"https:\\\/\\\/www.meydan.tv\\\/az\\\/#\\\/schema\\\/logo\\\/image\\\/\"}},{\"@type\":\"Person\",\"@id\":\"https:\\\/\\\/www.meydan.tv\\\/az\\\/#\\\/schema\\\/person\\\/9cdbecf90d17180ce1dfbd95b08dcf47\",\"name\":\"elli\",\"sameAs\":[\"https:\\\/\\\/x.com\\\/elli\"]}]}<\/script>\n<!-- \/ Yoast SEO plugin. -->","yoast_head_json":{"title":"\u201cR\u0259is\u0259 i\u015f\u00e7il\u0259rd\u0259n x\u0259b\u0259r aparmad\u0131\u011f\u0131m \u00fc\u00e7\u00fcn \u0259m\u0259k m\u00fcqavil\u0259sin\u0259 xitam verildi\u201d - MEYDAN.TV","robots":{"index":"index","follow":"follow","max-snippet":"max-snippet:-1","max-image-preview":"max-image-preview:large","max-video-preview":"max-video-preview:-1"},"canonical":"https:\/\/www.meydan.tv\/az\/article\/reise-iscilerden-xeber-aparmadigim-ucun-emek-muqavilesine-xitam-verildi\/","og_locale":"az_AZ","og_type":"article","og_title":"\u201cR\u0259is\u0259 i\u015f\u00e7il\u0259rd\u0259n x\u0259b\u0259r aparmad\u0131\u011f\u0131m \u00fc\u00e7\u00fcn \u0259m\u0259k m\u00fcqavil\u0259sin\u0259 xitam verildi\u201d - MEYDAN.TV","og_description":"Qida T\u0259hl\u00fck\u0259sizlik Agentliyinin Tovuz Regional B\u00f6lm\u0259sinin ke\u00e7mi\u015f \u0259m\u0259kda\u015f\u0131 \u015fikay\u0259tinin ara\u015fd\u0131r\u0131lmad\u0131\u011f\u0131n\u0131 ... Davam\u0131","og_url":"https:\/\/www.meydan.tv\/az\/article\/reise-iscilerden-xeber-aparmadigim-ucun-emek-muqavilesine-xitam-verildi\/","og_site_name":"MEYDAN.TV","article_published_time":"2022-09-30T04:18:06+00:00","article_modified_time":"2022-09-30T04:18:10+00:00","og_image":[{"width":1200,"height":603,"url":"https:\/\/www.meydan.tv\/wp-content\/uploads\/untitled-design-6-17-e1664511453209.jpg","type":"image\/jpeg"}],"author":"elli","twitter_card":"summary_large_image","twitter_creator":"@elli","schema":{"@context":"https:\/\/schema.org","@graph":[{"@type":"Article","@id":"https:\/\/www.meydan.tv\/az\/article\/reise-iscilerden-xeber-aparmadigim-ucun-emek-muqavilesine-xitam-verildi\/#article","isPartOf":{"@id":"https:\/\/www.meydan.tv\/az\/article\/reise-iscilerden-xeber-aparmadigim-ucun-emek-muqavilesine-xitam-verildi\/"},"author":{"name":"elli","@id":"https:\/\/www.meydan.tv\/az\/#\/schema\/person\/9cdbecf90d17180ce1dfbd95b08dcf47"},"headline":"\u201cR\u0259is\u0259 i\u015f\u00e7il\u0259rd\u0259n x\u0259b\u0259r aparmad\u0131\u011f\u0131m \u00fc\u00e7\u00fcn \u0259m\u0259k m\u00fcqavil\u0259sin\u0259 xitam verildi\u201d","datePublished":"2022-09-30T04:18:06+00:00","dateModified":"2022-09-30T04:18:10+00:00","mainEntityOfPage":{"@id":"https:\/\/www.meydan.tv\/az\/article\/reise-iscilerden-xeber-aparmadigim-ucun-emek-muqavilesine-xitam-verildi\/"},"wordCount":461,"publisher":{"@id":"https:\/\/www.meydan.tv\/az\/#organization"},"image":{"@id":"https:\/\/www.meydan.tv\/az\/article\/reise-iscilerden-xeber-aparmadigim-ucun-emek-muqavilesine-xitam-verildi\/#primaryimage"},"thumbnailUrl":"https:\/\/www.meydan.tv\/wp-content\/uploads\/untitled-design-6-17-e1664511453209.jpg","articleSection":["B\u00f6lg\u0259","X\u0259b\u0259rl\u0259r"],"inLanguage":"az"},{"@type":"WebPage","@id":"https:\/\/www.meydan.tv\/az\/article\/reise-iscilerden-xeber-aparmadigim-ucun-emek-muqavilesine-xitam-verildi\/","url":"https:\/\/www.meydan.tv\/az\/article\/reise-iscilerden-xeber-aparmadigim-ucun-emek-muqavilesine-xitam-verildi\/","name":"\u201cR\u0259is\u0259 i\u015f\u00e7il\u0259rd\u0259n x\u0259b\u0259r aparmad\u0131\u011f\u0131m \u00fc\u00e7\u00fcn \u0259m\u0259k m\u00fcqavil\u0259sin\u0259 xitam verildi\u201d - MEYDAN.TV","isPartOf":{"@id":"https:\/\/www.meydan.tv\/az\/#website"},"primaryImageOfPage":{"@id":"https:\/\/www.meydan.tv\/az\/article\/reise-iscilerden-xeber-aparmadigim-ucun-emek-muqavilesine-xitam-verildi\/#primaryimage"},"image":{"@id":"https:\/\/www.meydan.tv\/az\/article\/reise-iscilerden-xeber-aparmadigim-ucun-emek-muqavilesine-xitam-verildi\/#primaryimage"},"thumbnailUrl":"https:\/\/www.meydan.tv\/wp-content\/uploads\/untitled-design-6-17-e1664511453209.jpg","datePublished":"2022-09-30T04:18:06+00:00","dateModified":"2022-09-30T04:18:10+00:00","breadcrumb":{"@id":"https:\/\/www.meydan.tv\/az\/article\/reise-iscilerden-xeber-aparmadigim-ucun-emek-muqavilesine-xitam-verildi\/#breadcrumb"},"inLanguage":"az","potentialAction":[{"@type":"ReadAction","target":["https:\/\/www.meydan.tv\/az\/article\/reise-iscilerden-xeber-aparmadigim-ucun-emek-muqavilesine-xitam-verildi\/"]}]},{"@type":"ImageObject","inLanguage":"az","@id":"https:\/\/www.meydan.tv\/az\/article\/reise-iscilerden-xeber-aparmadigim-ucun-emek-muqavilesine-xitam-verildi\/#primaryimage","url":"https:\/\/www.meydan.tv\/wp-content\/uploads\/untitled-design-6-17-e1664511453209.jpg","contentUrl":"https:\/\/www.meydan.tv\/wp-content\/uploads\/untitled-design-6-17-e1664511453209.jpg","width":1200,"height":603,"caption":"Foto: Kamran \u0130lyasovun \u015f\u0259xsi arxivind\u0259n"},{"@type":"BreadcrumbList","@id":"https:\/\/www.meydan.tv\/az\/article\/reise-iscilerden-xeber-aparmadigim-ucun-emek-muqavilesine-xitam-verildi\/#breadcrumb","itemListElement":[{"@type":"ListItem","position":1,"name":"Ana s\u0259hif\u0259","item":"https:\/\/www.meydan.tv\/az\/"},{"@type":"ListItem","position":2,"name":"B\u00f6lg\u0259","item":"https:\/\/www.meydan.tv\/az\/section\/bolge\/"},{"@type":"ListItem","position":3,"name":"\u201cR\u0259is\u0259 i\u015f\u00e7il\u0259rd\u0259n x\u0259b\u0259r aparmad\u0131\u011f\u0131m \u00fc\u00e7\u00fcn \u0259m\u0259k m\u00fcqavil\u0259sin\u0259 xitam verildi\u201d"}]},{"@type":"WebSite","@id":"https:\/\/www.meydan.tv\/az\/#website","url":"https:\/\/www.meydan.tv\/az\/","name":"MEYDAN.TV","description":"Meydan TV Az\u0259rbaycan\u0131n media m\u0259kan\u0131ndak\u0131 alternativ s\u0259sidir","publisher":{"@id":"https:\/\/www.meydan.tv\/az\/#organization"},"potentialAction":[{"@type":"SearchAction","target":{"@type":"EntryPoint","urlTemplate":"https:\/\/www.meydan.tv\/az\/?s={search_term_string}"},"query-input":{"@type":"PropertyValueSpecification","valueRequired":true,"valueName":"search_term_string"}}],"inLanguage":"az"},{"@type":"Organization","@id":"https:\/\/www.meydan.tv\/az\/#organization","name":"Meydan TV","url":"https:\/\/www.meydan.tv\/az\/","logo":{"@type":"ImageObject","inLanguage":"az","@id":"https:\/\/www.meydan.tv\/az\/#\/schema\/logo\/image\/","url":"https:\/\/www.meydan.tv\/wp-content\/uploads\/2021\/07\/meydan-logo.svg","contentUrl":"https:\/\/www.meydan.tv\/wp-content\/uploads\/2021\/07\/meydan-logo.svg","width":195,"height":46,"caption":"Meydan TV"},"image":{"@id":"https:\/\/www.meydan.tv\/az\/#\/schema\/logo\/image\/"}},{"@type":"Person","@id":"https:\/\/www.meydan.tv\/az\/#\/schema\/person\/9cdbecf90d17180ce1dfbd95b08dcf47","name":"elli","sameAs":["https:\/\/x.com\/elli"]}]}},"_links":{"self":[{"href":"https:\/\/www.meydan.tv\/az\/wp-json\/wp\/v2\/posts\/257001","targetHints":{"allow":["GET"]}}],"collection":[{"href":"https:\/\/www.meydan.tv\/az\/wp-json\/wp\/v2\/posts"}],"about":[{"href":"https:\/\/www.meydan.tv\/az\/wp-json\/wp\/v2\/types\/post"}],"author":[{"embeddable":true,"href":"https:\/\/www.meydan.tv\/az\/wp-json\/wp\/v2\/users\/8"}],"replies":[{"embeddable":true,"href":"https:\/\/www.meydan.tv\/az\/wp-json\/wp\/v2\/comments?post=257001"}],"version-history":[{"count":1,"href":"https:\/\/www.meydan.tv\/az\/wp-json\/wp\/v2\/posts\/257001\/revisions"}],"predecessor-version":[{"id":257002,"href":"https:\/\/www.meydan.tv\/az\/wp-json\/wp\/v2\/posts\/257001\/revisions\/257002"}],"wp:featuredmedia":[{"embeddable":true,"href":"https:\/\/www.meydan.tv\/az\/wp-json\/wp\/v2\/media\/256992"}],"wp:attachment":[{"href":"https:\/\/www.meydan.tv\/az\/wp-json\/wp\/v2\/media?parent=257001"}],"wp:term":[{"taxonomy":"category","embeddable":true,"href":"https:\/\/www.meydan.tv\/az\/wp-json\/wp\/v2\/categories?post=257001"},{"taxonomy":"post_tag","embeddable":true,"href":"https:\/\/www.meydan.tv\/az\/wp-json\/wp\/v2\/tags?post=257001"}],"curies":[{"name":"wp","href":"https:\/\/api.w.org\/{rel}","templated":true}]}}