{"id":256874,"date":"2022-09-28T14:47:23","date_gmt":"2022-09-28T10:47:23","guid":{"rendered":"https:\/\/www.meydan.tv\/?p=256874"},"modified":"2022-09-28T14:49:35","modified_gmt":"2022-09-28T10:49:35","slug":"kecmis-mekteb-direktoru-tehsil-sobesinin-mudiri-meni-intihar-heddine-catdirib","status":"publish","type":"post","link":"https:\/\/www.meydan.tv\/az\/article\/kecmis-mekteb-direktoru-tehsil-sobesinin-mudiri-meni-intihar-heddine-catdirib\/","title":{"rendered":"Ke\u00e7mi\u015f m\u0259kt\u0259b direktoru: \u201cT\u0259hsil \u015f\u00f6b\u0259sinin m\u00fcdiri m\u0259ni intihar h\u0259ddin\u0259 \u00e7atd\u0131r\u0131b\u201d"},"content":{"rendered":"\n<p><\/p>\n\n\n\n<p><em>N\u00fcsr\u0259t N\u0259sirli r\u0259smi qurumlara \u015fikay\u0259t g\u00f6nd\u0259rdiyi \u00fc\u00e7\u00fcn i\u015fd\u0259n \u00e7\u0131xar\u0131ld\u0131\u011f\u0131n\u0131 deyir<\/em><\/p>\n\n\n\n<p>\u201cM\u0259kt\u0259b direktorlu\u011fu il\u0259 ba\u011fl\u0131 m\u00fcsabiq\u0259d\u0259 i\u015ftirak etmi\u015f\u0259m v\u0259 sabiq t\u0259hsil naziri Mikay\u0131l Cabbarovun \u0259mri il\u0259 Tovuz rayonu, Qovlar \u015f\u0259h\u0259r 3 sayl\u0131 tam orta m\u0259kt\u0259b\u0259 direktor t\u0259yin olunmu\u015fam. U\u00e7uq-s\u00f6k\u00fck bina, t\u0259mir ad\u0131 il\u0259 yeyinti v\u0259 daha bir \u00e7ox qanunsuzluqlardan \u015fikay\u0259t etdiyim \u00fc\u00e7\u00fcn m\u0259ni intihar h\u0259ddin\u0259 \u00e7atd\u0131rd\u0131lar\u201d.<\/p>\n\n\n\n<p>Bunu Meydan TV-y\u0259 Tovuz rayonu, Qaraxanl\u0131 k\u0259nd sakini olan, 61 ya\u015fl\u0131 tarix m\u00fc\u0259llimi, I Qaraba\u011f m\u00fcharib\u0259si veteran\u0131 N\u00fcsr\u0259t F\u0259ttah o\u011flu N\u0259sirli deyib.<\/p>\n\n\n\n<p>N\u00fcsr\u0259t N\u0259sirlinin s\u00f6zl\u0259rin\u0259 g\u00f6r\u0259, o, 2000- ild\u0259n Tovuz rayonu Q\u0259dirli k\u0259nd tam orta m\u0259kt\u0259bind\u0259 tarix m\u00fc\u0259llimi kimi f\u0259aliyy\u0259t g\u00f6st\u0259rib. 2013-2014-c\u00fc ill\u0259rd\u0259 ya\u015f\u0131n\u0131n \u00e7ox olmas\u0131na baxmayaraq m\u00fcst\u0259qil olaraq komp\u00fcter bilikl\u0259rini \u00f6yr\u0259nib v\u0259 Tovuzda ilk d\u0259f\u0259 o, d\u0259rsl\u0259rini interaktiv formada t\u0259dris edib.<\/p>\n\n\n\n<p>\u201c2016-c\u0131 ild\u0259 m\u0259kt\u0259b direktorlar\u0131n\u0131n i\u015f\u0259 q\u0259bulu m\u00fcsabiq\u0259si elan olundu v\u0259 m\u0259n d\u0259 s\u0259n\u0259dl\u0259rimi onlayn olaraq nazirliy\u0259 g\u00f6nd\u0259rdim. H\u0259min ilin aprelind\u0259 Bak\u0131da imtahana qat\u0131ld\u0131m, avqustunda ke\u00e7iril\u0259n m\u00fcsabiq\u0259d\u0259n d\u0259 u\u011furla ke\u00e7dim\u201d,- \u015fikay\u0259t\u00e7i s\u00f6yl\u0259yib.<\/p>\n\n\n\n<p>N\u00fcsr\u0259t N\u0259sirli deyib ki, 2016-c\u0131 il, sentyabr\u0131n 8-d\u0259 Tovuz Rayon T\u0259hsil \u015e\u00f6b\u0259sinin \u0259m\u0259kda\u015flar\u0131 onu m\u0259kt\u0259bin kollektivin\u0259 t\u0259qdim etm\u0259k \u00fc\u00e7\u00fcn d\u0259v\u0259t edibl\u0259r. M\u0259kt\u0259b Qovlar \u015f\u0259h\u0259rind\u0259n t\u0259xmin\u0259n 8-9 kilometr aral\u0131da yerl\u0259\u015fir:<\/p>\n\n\n\n<figure class=\"wp-block-image size-large\"><img decoding=\"async\" width=\"1154\" height=\"821\" data-src=\"https:\/\/www.meydan.tv\/wp-content\/uploads\/mail-1154x821.jpg\" alt=\"\" class=\"wp-image-256850 lazyload\" src=\"data:image\/svg+xml;base64,PHN2ZyB3aWR0aD0iMSIgaGVpZ2h0PSIxIiB4bWxucz0iaHR0cDovL3d3dy53My5vcmcvMjAwMC9zdmciPjwvc3ZnPg==\" style=\"--smush-placeholder-width: 1154px; --smush-placeholder-aspect-ratio: 1154\/821;\" \/><figcaption>Foto: Meydan TV<\/figcaption><\/figure>\n\n\n\n<p>\u201cQovlar \u015f\u0259h\u0259ri \u0259vv\u0259lc\u0259 q\u0259s\u0259b\u0259 olub v\u0259 Qovlara \u015f\u0259h\u0259r statusu verm\u0259k \u00fc\u00e7\u00fcn h\u0259min m\u0259kt\u0259bin yerl\u0259\u015fdiyi Yan\u0131qp\u0259y\u0259 k\u0259ndini ka\u011f\u0131z \u00fcz\u0259rind\u0259 Qovlara birl\u0259\u015fdiribl\u0259r. H\u0259min \u0259razid\u0259 infrasturuktur, su m\u0259nb\u0259yi, sosial obyekt, mar\u015furut yoxdur. T\u0259hsil \u015f\u00f6b\u0259sinin \u0259m\u0259kda\u015flar\u0131 il\u0259 m\u0259kt\u0259b\u0259 g\u0259ldim. M\u0259kt\u0259b n\u0259 m\u0259kt\u0259b\u2026\u201d<\/p>\n\n\n\n<p>\u015eikay\u0259t\u00e7i s\u00f6yl\u0259yib ki, m\u0259kt\u0259b binas\u0131 1960-c\u0131 ill\u0259rd\u0259 f\u0259hl\u0259 yataqxanas\u0131 \u00fc\u00e7\u00fcn tikilib, sonralar guya m\u0259kt\u0259b \u00fc\u00e7\u00fcn uy\u011funla\u015fd\u0131r\u0131l\u0131b. Amma yaln\u0131z kaz\u011f\u0131z \u00fcz\u0259rind\u0259 t\u0259mir edilib.<\/p>\n\n\n\n<p>\u201c21-ci \u0259srd\u0259 m\u0259kt\u0259bd\u0259 adi, primitiv qaydada olsa da, sanitar qov\u015fa\u011f\u0131 yox idi. M\u0259kt\u0259b, daha do\u011frusu, bina tikildiyi vaxtdan bir d\u0259f\u0259 d\u0259 olsa, cari v\u0259 ya \u0259sasl\u0131 t\u0259mir olunmay\u0131b. Amma m\u0259n\u0259 veril\u0259n m\u0259lumatlara g\u00f6r\u0259, ka\u011f\u0131z \u00fcz\u0259rind\u0259 d\u0259f\u0259l\u0259rl\u0259 t\u0259mir olunub v\u0259 pullar m\u0259nims\u0259nilib. D\u0259h\u015f\u0259tlisi ir\u0259lid\u0259 imi\u015f. M\u0259kt\u0259bin t\u0259hsil sah\u0259sind\u0259 u\u011furlar\u0131 il\u0259 maraqland\u0131m. D\u0130M-in portal\u0131nda \u201cM\u0259nim m\u0259kt\u0259bim\u201d s\u0259hif\u0259sin\u0259 baxd\u0131m, 1995-2015- ci ill\u0259r \u0259rzind\u0259 bu m\u0259kt\u0259bd\u0259n bir n\u0259f\u0259r m\u0259zun bel\u0259, ali v\u0259 ya kollecl\u0259r\u0259 q\u0259bul olmay\u0131b\u201d,-N\u0259sirli bildirib.<\/p>\n\n\n\n<p>Onun s\u00f6zl\u0259rin\u0259 g\u00f6r\u0259, uzun ill\u0259r m\u0259kt\u0259b bir ail\u0259nin monopoliyas\u0131nda imi\u015f, m\u00fc\u0259lliml\u0259rin b\u0259zil\u0259rinin diplomlar\u0131 saxta, b\u0259zil\u0259ri qeyri-pe\u015f\u0259 sahibl\u0259ri olub, sonralar ixtisas d\u0259yi\u015fm\u0259si edibl\u0259r. \u0130xtisasd\u0259yi\u015fm\u0259 sertifikatlar\u0131 Qazax, G\u0259nc\u0259 institutlar\u0131ndan al\u0131n\u0131b, hans\u0131 ki, bu institutlar sonradan ba\u011flan\u0131b. M\u0259kt\u0259bd\u0259 2016-c\u0131 il\u0259d\u0259k eyni ail\u0259nin \u00fczvl\u0259ri direktor, d\u0259rs hiss\u0259 m\u00fcdiri, t\u0259s\u0259rr\u00fcfat m\u00fcdiri, kitabxana\u00e7\u0131, riyaziyyat m\u00fc\u0259llimi, fiziki t\u0259rbiy\u0259 m\u00fc\u0259llimi, musiqi m\u00fc\u0259llimi, fizika m\u00fc\u0259llimi, g\u00f6z\u0259t\u00e7i, ocaq\u00e7\u0131 v\u0259 s. i\u015fl\u0259yib:<\/p>\n\n\n\n<figure class=\"wp-block-image size-full\"><img decoding=\"async\" width=\"1200\" height=\"800\" data-src=\"https:\/\/www.meydan.tv\/wp-content\/uploads\/mekteb-1.jpg\" alt=\"\" class=\"wp-image-256871 lazyload\" src=\"data:image\/svg+xml;base64,PHN2ZyB3aWR0aD0iMSIgaGVpZ2h0PSIxIiB4bWxucz0iaHR0cDovL3d3dy53My5vcmcvMjAwMC9zdmciPjwvc3ZnPg==\" style=\"--smush-placeholder-width: 1200px; --smush-placeholder-aspect-ratio: 1200\/800;\" \/><figcaption>Foto: Meydan TV<\/figcaption><\/figure>\n\n\n\n<p>\u201cY\u0259ni m\u0259n ora t\u0259yin olunanad\u0259k m\u0259kt\u0259bin direktoru o ail\u0259nin ba\u015f\u00e7\u0131s\u0131 olub. H\u0259min m\u00fc\u0259llim v\u0259 \u0259m\u0259kda\u015flar\u0131n diplomlar\u0131 saxtad\u0131r v\u0259 haz\u0131rda Korrupsiyaya Qar\u015f\u0131 M\u00fcbariz\u0259 \u0130dar\u0259sind\u0259 ara\u015fd\u0131r\u0131l\u0131r. M\u0259kt\u0259b psixoloqunun psixologiyadan x\u0259b\u0259ri yoxdur v\u0259 t\u0259hsil haqq\u0131nda s\u0259n\u0259di saxtad\u0131r\u201d.<\/p>\n\n\n\n<p>M\u00fc\u0259llim qeyd edib ki, m\u00fcxt\u0259lif d\u00f6vl\u0259t orqanlar\u0131na -T\u0259hsil Nazirliyin\u0259, F\u00f6vq\u0259lad\u0259 Hallar Nazirliyin\u0259, Tovuz Rayon \u0130cra Hakimiyy\u0259ti ba\u015f\u00e7\u0131s\u0131na, h\u0259tta Yaponiya s\u0259firliyin\u0259 m\u0259kt\u0259bin t\u0259miri v\u0259 ya yenid\u0259n tikilm\u0259si haqq\u0131nda davaml\u0131 olaraq m\u00fcraci\u0259tl\u0259r edib. FHN m\u00fcraci\u0259ti cavabland\u0131raraq bildirib ki, m\u0259kt\u0259b binas\u0131 tam yarars\u0131zd\u0131r, ist\u0259nil\u0259n an q\u0259za v\u0259 yan\u011f\u0131n ba\u015f ver\u0259 bil\u0259r.<\/p>\n\n\n\n<p>\u201cM\u0259tbuatda yazd\u0131lar, \u00e7\u0259kib g\u00f6st\u0259rdil\u0259r. Sonra i\u015fd\u0259n azad olundum. \u018fsas da bu oldu ki, rayonu biab\u0131r etmi\u015f\u0259m. Halbuki imkan\u0131m daxilind\u0259 m\u0259kt\u0259b\u0259 ayaqyolu tikdirdim, k\u0259ndd\u0259ki arteziandan su \u00e7\u0259kdirdim. Uzun ill\u0259r zibil, peyin y\u0131\u011fna\u011f\u0131 olan m\u0259kt\u0259b meydan\u00e7as\u0131n\u0131 t\u0259mizl\u0259tdirdim, \u00fcz\u0259rind\u0259n ke\u00e7\u0259n y\u00fcks\u0259k voltlu elektrik x\u0259ttini d\u0259yi\u015fdirdim\u201d,- N\u00fcsr\u0259t N\u0259sirli s\u00f6yl\u0259yib.<\/p>\n\n\n\n<p>O, T\u0259hsil \u015e\u00f6b\u0259sinin r\u0259hb\u0259ri Elmira M\u00fcr\u015f\u00fcdl\u00fcy\u0259 suallar \u00fcnvanlay\u0131b:<\/p>\n\n\n\n<p>\u201cC\u0259mi 17 bal toplayan, i\u015fl\u0259diyi m\u00fcdd\u0259t \u0259rzind\u0259 bir u\u011furu olmayan biri nec\u0259 v\u0259 n\u0259y\u0259 g\u00f6r\u0259 direktor \u0259v\u0259zi t\u0259yin edilib? M\u0259hz qohumu v\u0259 uzun ill\u0259r h\u0259min m\u0259kt\u0259bi viran qoymu\u015f \u201cail\u0259nin\u201d \u00fczv\u00fc oldu\u011funa g\u00f6r\u0259mi? Nec\u0259 olur ki, xan\u0131m m\u0259kt\u0259b direktoru, onun h\u0259yat yolda\u015f\u0131 is\u0259 h\u0259min m\u0259kt\u0259bd\u0259 t\u0259s\u0259rr\u00fcfat m\u00fcdiri i\u015fl\u0259yir? Ki\u00e7ik bir m\u0259kt\u0259bd\u0259 eyni ail\u0259nin 10-a yax\u0131n ail\u0259 \u00fczv\u00fc v\u0259zif\u0259l\u0259rd\u0259 \u00e7al\u0131\u015fa bil\u0259r? M\u0259kt\u0259b binas\u0131n\u0131n 2-3 ota\u011f\u0131n\u0131 ke\u00e7mi\u015f direktorun \u0259rinin bac\u0131s\u0131na kim h\u0259diyy\u0259 edib? M\u0259kt\u0259bin h\u0259y\u0259tind\u0259ki v\u0259 sinif otaqlar\u0131ndan c\u0259misi 4-5 metr aral\u0131da yerl\u0259\u015f\u0259n qu\u015f hinl\u0259ri kimindir? Ara\u015fd\u0131rmadan i\u015f\u00e7iy\u0259 birba\u015fa \u201c\u00c7\u201d b\u0259ndi t\u0259tbiq olunurmu?\u201d<\/p>\n\n\n\n<p>M\u00fc\u0259llim onu da \u0259lav\u0259 edib ki, Elmira M\u00fcr\u015f\u00fcdl\u00fc onu \u00f6z\u00fcn\u00fc\u00f6ld\u00fcrm\u0259 h\u0259ddin\u0259 \u00e7atd\u0131r\u0131b, \u00f6t\u0259n ilin iyulun 1-d\u0259 intihara c\u0259hd edib. Onu Tovuz Rayon Polis \u015e\u00f6b\u0259sinin \u0259m\u0259kda\u015flar\u0131, Tovuz t\u0259cili yard\u0131m\u0131n h\u0259kim briqadas\u0131 \u00f6l\u00fcmd\u0259n qurtar\u0131b. Bu bar\u0259d\u0259 Tovuz Rayon Prokurorlu\u011funda, Tovuz Rayon Polis \u015e\u00f6b\u0259sind\u0259, Tovuz t\u0259cili Yard\u0131m Xidm\u0259tind\u0259 r\u0259smi m\u0259lumat, izahatlar var.<\/p>\n\n\n\n<p>N\u00fcsr\u0259t N\u0259sirli elm v\u0259 t\u0259hsil naziri Emin \u018fmrullayev\u0259 m\u00fcraci\u0259t ed\u0259r\u0259k \u015fikay\u0259tinin ara\u015fd\u0131r\u0131lmas\u0131n\u0131 xahi\u015f edir.<\/p>\n\n\n\n<p>Tovuz Rayon T\u0259hsil \u015e\u00f6b\u0259sind\u0259n is\u0259 deyibl\u0259r ki, m\u0259tbuat\u0131n suallar\u0131n\u0131 yaln\u0131z nazirliyin m\u0259tbuat xidm\u0259ti cavabland\u0131ra bil\u0259r. Elmira M\u00fcr\u015f\u00fcdl\u00fcn\u00fcn bu bar\u0259d\u0259 a\u00e7\u0131qlama verm\u0259k ist\u0259m\u0259diyini deyibl\u0259r.<\/p>\n\n\n\n<p>Meydan TV-nin \u015fikay\u0259tl\u0259 ba\u011fl\u0131 nazirliy\u0259 \u00fcnvanlad\u0131\u011f\u0131 sor\u011fuya cavab olaraq yaln\u0131z onu bildiribl\u0259r ki, s\u00f6z\u00fcged\u0259n m\u0259kt\u0259bin \u0259sasl\u0131 t\u0259mir-tikinti i\u015fl\u0259ri n\u00f6vb\u0259ti ill\u0259rin D\u00f6vl\u0259t \u0130nvestisiya Proqram\u0131nda n\u0259z\u0259rd\u0259 tutulur.<\/p>\n","protected":false},"excerpt":{"rendered":"<p>N\u00fcsr\u0259t N\u0259sirli r\u0259smi qurumlara \u015fikay\u0259t g\u00f6nd\u0259rdiyi \u00fc\u00e7\u00fcn i\u015fd\u0259n \u00e7\u0131xar\u0131ld\u0131\u011f\u0131n\u0131 deyir &#8230; <\/p>\n<p class=\"read-more-container\"><a title=\"Ke\u00e7mi\u015f m\u0259kt\u0259b direktoru: \u201cT\u0259hsil \u015f\u00f6b\u0259sinin m\u00fcdiri m\u0259ni intihar h\u0259ddin\u0259 \u00e7atd\u0131r\u0131b\u201d\" class=\"read-more button\" href=\"https:\/\/www.meydan.tv\/az\/article\/kecmis-mekteb-direktoru-tehsil-sobesinin-mudiri-meni-intihar-heddine-catdirib\/#more-256874\" aria-label=\"Read more about Ke\u00e7mi\u015f m\u0259kt\u0259b direktoru: \u201cT\u0259hsil \u015f\u00f6b\u0259sinin m\u00fcdiri m\u0259ni intihar h\u0259ddin\u0259 \u00e7atd\u0131r\u0131b\u201d\">Davam\u0131<\/a><\/p>\n","protected":false},"author":8,"featured_media":256865,"comment_status":"closed","ping_status":"closed","sticky":false,"template":"","format":"standard","meta":{"_acf_changed":false,"_sitemap_exclude":false,"_sitemap_priority":"","_sitemap_frequency":"","footnotes":""},"categories":[60,79,56],"tags":[],"class_list":["post-256874","post","type-post","status-publish","format-standard","has-post-thumbnail","hentry","category-bolge","category-featured","category-xeberler","infinite-scroll-item","generate-columns","tablet-grid-50","mobile-grid-100","grid-parent","grid-33","no-featured-image-padding"],"acf":[],"yoast_head":"<!-- This site is optimized with the Yoast SEO plugin v27.5 - https:\/\/yoast.com\/product\/yoast-seo-wordpress\/ -->\n<title>Ke\u00e7mi\u015f m\u0259kt\u0259b direktoru: \u201cT\u0259hsil \u015f\u00f6b\u0259sinin m\u00fcdiri m\u0259ni intihar h\u0259ddin\u0259 \u00e7atd\u0131r\u0131b\u201d - MEYDAN.TV<\/title>\n<meta name=\"robots\" content=\"index, follow, max-snippet:-1, max-image-preview:large, max-video-preview:-1\" \/>\n<link rel=\"canonical\" href=\"https:\/\/www.meydan.tv\/az\/article\/kecmis-mekteb-direktoru-tehsil-sobesinin-mudiri-meni-intihar-heddine-catdirib\/\" \/>\n<meta property=\"og:locale\" content=\"az_AZ\" \/>\n<meta property=\"og:type\" content=\"article\" \/>\n<meta property=\"og:title\" content=\"Ke\u00e7mi\u015f m\u0259kt\u0259b direktoru: \u201cT\u0259hsil \u015f\u00f6b\u0259sinin m\u00fcdiri m\u0259ni intihar h\u0259ddin\u0259 \u00e7atd\u0131r\u0131b\u201d - MEYDAN.TV\" \/>\n<meta property=\"og:description\" content=\"N\u00fcsr\u0259t N\u0259sirli r\u0259smi qurumlara \u015fikay\u0259t g\u00f6nd\u0259rdiyi \u00fc\u00e7\u00fcn i\u015fd\u0259n \u00e7\u0131xar\u0131ld\u0131\u011f\u0131n\u0131 deyir ... Davam\u0131\" \/>\n<meta property=\"og:url\" content=\"https:\/\/www.meydan.tv\/az\/article\/kecmis-mekteb-direktoru-tehsil-sobesinin-mudiri-meni-intihar-heddine-catdirib\/\" \/>\n<meta property=\"og:site_name\" content=\"MEYDAN.TV\" \/>\n<meta property=\"article:published_time\" content=\"2022-09-28T10:47:23+00:00\" \/>\n<meta property=\"article:modified_time\" content=\"2022-09-28T10:49:35+00:00\" \/>\n<meta property=\"og:image\" content=\"https:\/\/www.meydan.tv\/wp-content\/uploads\/untitled-design-14-8.jpg\" \/>\n\t<meta property=\"og:image:width\" content=\"1200\" \/>\n\t<meta property=\"og:image:height\" content=\"800\" \/>\n\t<meta property=\"og:image:type\" content=\"image\/jpeg\" \/>\n<meta name=\"author\" content=\"elli\" \/>\n<meta name=\"twitter:card\" content=\"summary_large_image\" \/>\n<meta name=\"twitter:creator\" content=\"@elli\" \/>\n<script type=\"application\/ld+json\" class=\"yoast-schema-graph\">{\"@context\":\"https:\\\/\\\/schema.org\",\"@graph\":[{\"@type\":\"Article\",\"@id\":\"https:\\\/\\\/www.meydan.tv\\\/az\\\/article\\\/kecmis-mekteb-direktoru-tehsil-sobesinin-mudiri-meni-intihar-heddine-catdirib\\\/#article\",\"isPartOf\":{\"@id\":\"https:\\\/\\\/www.meydan.tv\\\/az\\\/article\\\/kecmis-mekteb-direktoru-tehsil-sobesinin-mudiri-meni-intihar-heddine-catdirib\\\/\"},\"author\":{\"name\":\"elli\",\"@id\":\"https:\\\/\\\/www.meydan.tv\\\/az\\\/#\\\/schema\\\/person\\\/9cdbecf90d17180ce1dfbd95b08dcf47\"},\"headline\":\"Ke\u00e7mi\u015f m\u0259kt\u0259b direktoru: \u201cT\u0259hsil \u015f\u00f6b\u0259sinin m\u00fcdiri m\u0259ni intihar h\u0259ddin\u0259 \u00e7atd\u0131r\u0131b\u201d\",\"datePublished\":\"2022-09-28T10:47:23+00:00\",\"dateModified\":\"2022-09-28T10:49:35+00:00\",\"mainEntityOfPage\":{\"@id\":\"https:\\\/\\\/www.meydan.tv\\\/az\\\/article\\\/kecmis-mekteb-direktoru-tehsil-sobesinin-mudiri-meni-intihar-heddine-catdirib\\\/\"},\"wordCount\":1268,\"publisher\":{\"@id\":\"https:\\\/\\\/www.meydan.tv\\\/az\\\/#organization\"},\"image\":{\"@id\":\"https:\\\/\\\/www.meydan.tv\\\/az\\\/article\\\/kecmis-mekteb-direktoru-tehsil-sobesinin-mudiri-meni-intihar-heddine-catdirib\\\/#primaryimage\"},\"thumbnailUrl\":\"https:\\\/\\\/www.meydan.tv\\\/wp-content\\\/uploads\\\/untitled-design-14-8.jpg\",\"articleSection\":[\"B\u00f6lg\u0259\",\"T\u00f6vsiy\u0259\",\"X\u0259b\u0259rl\u0259r\"],\"inLanguage\":\"az\"},{\"@type\":\"WebPage\",\"@id\":\"https:\\\/\\\/www.meydan.tv\\\/az\\\/article\\\/kecmis-mekteb-direktoru-tehsil-sobesinin-mudiri-meni-intihar-heddine-catdirib\\\/\",\"url\":\"https:\\\/\\\/www.meydan.tv\\\/az\\\/article\\\/kecmis-mekteb-direktoru-tehsil-sobesinin-mudiri-meni-intihar-heddine-catdirib\\\/\",\"name\":\"Ke\u00e7mi\u015f m\u0259kt\u0259b direktoru: \u201cT\u0259hsil \u015f\u00f6b\u0259sinin m\u00fcdiri m\u0259ni intihar h\u0259ddin\u0259 \u00e7atd\u0131r\u0131b\u201d - MEYDAN.TV\",\"isPartOf\":{\"@id\":\"https:\\\/\\\/www.meydan.tv\\\/az\\\/#website\"},\"primaryImageOfPage\":{\"@id\":\"https:\\\/\\\/www.meydan.tv\\\/az\\\/article\\\/kecmis-mekteb-direktoru-tehsil-sobesinin-mudiri-meni-intihar-heddine-catdirib\\\/#primaryimage\"},\"image\":{\"@id\":\"https:\\\/\\\/www.meydan.tv\\\/az\\\/article\\\/kecmis-mekteb-direktoru-tehsil-sobesinin-mudiri-meni-intihar-heddine-catdirib\\\/#primaryimage\"},\"thumbnailUrl\":\"https:\\\/\\\/www.meydan.tv\\\/wp-content\\\/uploads\\\/untitled-design-14-8.jpg\",\"datePublished\":\"2022-09-28T10:47:23+00:00\",\"dateModified\":\"2022-09-28T10:49:35+00:00\",\"breadcrumb\":{\"@id\":\"https:\\\/\\\/www.meydan.tv\\\/az\\\/article\\\/kecmis-mekteb-direktoru-tehsil-sobesinin-mudiri-meni-intihar-heddine-catdirib\\\/#breadcrumb\"},\"inLanguage\":\"az\",\"potentialAction\":[{\"@type\":\"ReadAction\",\"target\":[\"https:\\\/\\\/www.meydan.tv\\\/az\\\/article\\\/kecmis-mekteb-direktoru-tehsil-sobesinin-mudiri-meni-intihar-heddine-catdirib\\\/\"]}]},{\"@type\":\"ImageObject\",\"inLanguage\":\"az\",\"@id\":\"https:\\\/\\\/www.meydan.tv\\\/az\\\/article\\\/kecmis-mekteb-direktoru-tehsil-sobesinin-mudiri-meni-intihar-heddine-catdirib\\\/#primaryimage\",\"url\":\"https:\\\/\\\/www.meydan.tv\\\/wp-content\\\/uploads\\\/untitled-design-14-8.jpg\",\"contentUrl\":\"https:\\\/\\\/www.meydan.tv\\\/wp-content\\\/uploads\\\/untitled-design-14-8.jpg\",\"width\":1200,\"height\":800,\"caption\":\"3 sayl\u0131 m\u0259kt\u0259b. Foto: Meydan TV\"},{\"@type\":\"BreadcrumbList\",\"@id\":\"https:\\\/\\\/www.meydan.tv\\\/az\\\/article\\\/kecmis-mekteb-direktoru-tehsil-sobesinin-mudiri-meni-intihar-heddine-catdirib\\\/#breadcrumb\",\"itemListElement\":[{\"@type\":\"ListItem\",\"position\":1,\"name\":\"Ana s\u0259hif\u0259\",\"item\":\"https:\\\/\\\/www.meydan.tv\\\/az\\\/\"},{\"@type\":\"ListItem\",\"position\":2,\"name\":\"B\u00f6lg\u0259\",\"item\":\"https:\\\/\\\/www.meydan.tv\\\/az\\\/section\\\/bolge\\\/\"},{\"@type\":\"ListItem\",\"position\":3,\"name\":\"Ke\u00e7mi\u015f m\u0259kt\u0259b direktoru: \u201cT\u0259hsil \u015f\u00f6b\u0259sinin m\u00fcdiri m\u0259ni intihar h\u0259ddin\u0259 \u00e7atd\u0131r\u0131b\u201d\"}]},{\"@type\":\"WebSite\",\"@id\":\"https:\\\/\\\/www.meydan.tv\\\/az\\\/#website\",\"url\":\"https:\\\/\\\/www.meydan.tv\\\/az\\\/\",\"name\":\"MEYDAN.TV\",\"description\":\"Meydan TV Az\u0259rbaycan\u0131n media m\u0259kan\u0131ndak\u0131 alternativ s\u0259sidir\",\"publisher\":{\"@id\":\"https:\\\/\\\/www.meydan.tv\\\/az\\\/#organization\"},\"potentialAction\":[{\"@type\":\"SearchAction\",\"target\":{\"@type\":\"EntryPoint\",\"urlTemplate\":\"https:\\\/\\\/www.meydan.tv\\\/az\\\/?s={search_term_string}\"},\"query-input\":{\"@type\":\"PropertyValueSpecification\",\"valueRequired\":true,\"valueName\":\"search_term_string\"}}],\"inLanguage\":\"az\"},{\"@type\":\"Organization\",\"@id\":\"https:\\\/\\\/www.meydan.tv\\\/az\\\/#organization\",\"name\":\"Meydan TV\",\"url\":\"https:\\\/\\\/www.meydan.tv\\\/az\\\/\",\"logo\":{\"@type\":\"ImageObject\",\"inLanguage\":\"az\",\"@id\":\"https:\\\/\\\/www.meydan.tv\\\/az\\\/#\\\/schema\\\/logo\\\/image\\\/\",\"url\":\"https:\\\/\\\/www.meydan.tv\\\/wp-content\\\/uploads\\\/2021\\\/07\\\/meydan-logo.svg\",\"contentUrl\":\"https:\\\/\\\/www.meydan.tv\\\/wp-content\\\/uploads\\\/2021\\\/07\\\/meydan-logo.svg\",\"width\":195,\"height\":46,\"caption\":\"Meydan TV\"},\"image\":{\"@id\":\"https:\\\/\\\/www.meydan.tv\\\/az\\\/#\\\/schema\\\/logo\\\/image\\\/\"}},{\"@type\":\"Person\",\"@id\":\"https:\\\/\\\/www.meydan.tv\\\/az\\\/#\\\/schema\\\/person\\\/9cdbecf90d17180ce1dfbd95b08dcf47\",\"name\":\"elli\",\"sameAs\":[\"https:\\\/\\\/x.com\\\/elli\"]}]}<\/script>\n<!-- \/ Yoast SEO plugin. -->","yoast_head_json":{"title":"Ke\u00e7mi\u015f m\u0259kt\u0259b direktoru: \u201cT\u0259hsil \u015f\u00f6b\u0259sinin m\u00fcdiri m\u0259ni intihar h\u0259ddin\u0259 \u00e7atd\u0131r\u0131b\u201d - MEYDAN.TV","robots":{"index":"index","follow":"follow","max-snippet":"max-snippet:-1","max-image-preview":"max-image-preview:large","max-video-preview":"max-video-preview:-1"},"canonical":"https:\/\/www.meydan.tv\/az\/article\/kecmis-mekteb-direktoru-tehsil-sobesinin-mudiri-meni-intihar-heddine-catdirib\/","og_locale":"az_AZ","og_type":"article","og_title":"Ke\u00e7mi\u015f m\u0259kt\u0259b direktoru: \u201cT\u0259hsil \u015f\u00f6b\u0259sinin m\u00fcdiri m\u0259ni intihar h\u0259ddin\u0259 \u00e7atd\u0131r\u0131b\u201d - MEYDAN.TV","og_description":"N\u00fcsr\u0259t N\u0259sirli r\u0259smi qurumlara \u015fikay\u0259t g\u00f6nd\u0259rdiyi \u00fc\u00e7\u00fcn i\u015fd\u0259n \u00e7\u0131xar\u0131ld\u0131\u011f\u0131n\u0131 deyir ... Davam\u0131","og_url":"https:\/\/www.meydan.tv\/az\/article\/kecmis-mekteb-direktoru-tehsil-sobesinin-mudiri-meni-intihar-heddine-catdirib\/","og_site_name":"MEYDAN.TV","article_published_time":"2022-09-28T10:47:23+00:00","article_modified_time":"2022-09-28T10:49:35+00:00","og_image":[{"width":1200,"height":800,"url":"https:\/\/www.meydan.tv\/wp-content\/uploads\/untitled-design-14-8.jpg","type":"image\/jpeg"}],"author":"elli","twitter_card":"summary_large_image","twitter_creator":"@elli","schema":{"@context":"https:\/\/schema.org","@graph":[{"@type":"Article","@id":"https:\/\/www.meydan.tv\/az\/article\/kecmis-mekteb-direktoru-tehsil-sobesinin-mudiri-meni-intihar-heddine-catdirib\/#article","isPartOf":{"@id":"https:\/\/www.meydan.tv\/az\/article\/kecmis-mekteb-direktoru-tehsil-sobesinin-mudiri-meni-intihar-heddine-catdirib\/"},"author":{"name":"elli","@id":"https:\/\/www.meydan.tv\/az\/#\/schema\/person\/9cdbecf90d17180ce1dfbd95b08dcf47"},"headline":"Ke\u00e7mi\u015f m\u0259kt\u0259b direktoru: \u201cT\u0259hsil \u015f\u00f6b\u0259sinin m\u00fcdiri m\u0259ni intihar h\u0259ddin\u0259 \u00e7atd\u0131r\u0131b\u201d","datePublished":"2022-09-28T10:47:23+00:00","dateModified":"2022-09-28T10:49:35+00:00","mainEntityOfPage":{"@id":"https:\/\/www.meydan.tv\/az\/article\/kecmis-mekteb-direktoru-tehsil-sobesinin-mudiri-meni-intihar-heddine-catdirib\/"},"wordCount":1268,"publisher":{"@id":"https:\/\/www.meydan.tv\/az\/#organization"},"image":{"@id":"https:\/\/www.meydan.tv\/az\/article\/kecmis-mekteb-direktoru-tehsil-sobesinin-mudiri-meni-intihar-heddine-catdirib\/#primaryimage"},"thumbnailUrl":"https:\/\/www.meydan.tv\/wp-content\/uploads\/untitled-design-14-8.jpg","articleSection":["B\u00f6lg\u0259","T\u00f6vsiy\u0259","X\u0259b\u0259rl\u0259r"],"inLanguage":"az"},{"@type":"WebPage","@id":"https:\/\/www.meydan.tv\/az\/article\/kecmis-mekteb-direktoru-tehsil-sobesinin-mudiri-meni-intihar-heddine-catdirib\/","url":"https:\/\/www.meydan.tv\/az\/article\/kecmis-mekteb-direktoru-tehsil-sobesinin-mudiri-meni-intihar-heddine-catdirib\/","name":"Ke\u00e7mi\u015f m\u0259kt\u0259b direktoru: \u201cT\u0259hsil \u015f\u00f6b\u0259sinin m\u00fcdiri m\u0259ni intihar h\u0259ddin\u0259 \u00e7atd\u0131r\u0131b\u201d - MEYDAN.TV","isPartOf":{"@id":"https:\/\/www.meydan.tv\/az\/#website"},"primaryImageOfPage":{"@id":"https:\/\/www.meydan.tv\/az\/article\/kecmis-mekteb-direktoru-tehsil-sobesinin-mudiri-meni-intihar-heddine-catdirib\/#primaryimage"},"image":{"@id":"https:\/\/www.meydan.tv\/az\/article\/kecmis-mekteb-direktoru-tehsil-sobesinin-mudiri-meni-intihar-heddine-catdirib\/#primaryimage"},"thumbnailUrl":"https:\/\/www.meydan.tv\/wp-content\/uploads\/untitled-design-14-8.jpg","datePublished":"2022-09-28T10:47:23+00:00","dateModified":"2022-09-28T10:49:35+00:00","breadcrumb":{"@id":"https:\/\/www.meydan.tv\/az\/article\/kecmis-mekteb-direktoru-tehsil-sobesinin-mudiri-meni-intihar-heddine-catdirib\/#breadcrumb"},"inLanguage":"az","potentialAction":[{"@type":"ReadAction","target":["https:\/\/www.meydan.tv\/az\/article\/kecmis-mekteb-direktoru-tehsil-sobesinin-mudiri-meni-intihar-heddine-catdirib\/"]}]},{"@type":"ImageObject","inLanguage":"az","@id":"https:\/\/www.meydan.tv\/az\/article\/kecmis-mekteb-direktoru-tehsil-sobesinin-mudiri-meni-intihar-heddine-catdirib\/#primaryimage","url":"https:\/\/www.meydan.tv\/wp-content\/uploads\/untitled-design-14-8.jpg","contentUrl":"https:\/\/www.meydan.tv\/wp-content\/uploads\/untitled-design-14-8.jpg","width":1200,"height":800,"caption":"3 sayl\u0131 m\u0259kt\u0259b. Foto: Meydan TV"},{"@type":"BreadcrumbList","@id":"https:\/\/www.meydan.tv\/az\/article\/kecmis-mekteb-direktoru-tehsil-sobesinin-mudiri-meni-intihar-heddine-catdirib\/#breadcrumb","itemListElement":[{"@type":"ListItem","position":1,"name":"Ana s\u0259hif\u0259","item":"https:\/\/www.meydan.tv\/az\/"},{"@type":"ListItem","position":2,"name":"B\u00f6lg\u0259","item":"https:\/\/www.meydan.tv\/az\/section\/bolge\/"},{"@type":"ListItem","position":3,"name":"Ke\u00e7mi\u015f m\u0259kt\u0259b direktoru: \u201cT\u0259hsil \u015f\u00f6b\u0259sinin m\u00fcdiri m\u0259ni intihar h\u0259ddin\u0259 \u00e7atd\u0131r\u0131b\u201d"}]},{"@type":"WebSite","@id":"https:\/\/www.meydan.tv\/az\/#website","url":"https:\/\/www.meydan.tv\/az\/","name":"MEYDAN.TV","description":"Meydan TV Az\u0259rbaycan\u0131n media m\u0259kan\u0131ndak\u0131 alternativ s\u0259sidir","publisher":{"@id":"https:\/\/www.meydan.tv\/az\/#organization"},"potentialAction":[{"@type":"SearchAction","target":{"@type":"EntryPoint","urlTemplate":"https:\/\/www.meydan.tv\/az\/?s={search_term_string}"},"query-input":{"@type":"PropertyValueSpecification","valueRequired":true,"valueName":"search_term_string"}}],"inLanguage":"az"},{"@type":"Organization","@id":"https:\/\/www.meydan.tv\/az\/#organization","name":"Meydan TV","url":"https:\/\/www.meydan.tv\/az\/","logo":{"@type":"ImageObject","inLanguage":"az","@id":"https:\/\/www.meydan.tv\/az\/#\/schema\/logo\/image\/","url":"https:\/\/www.meydan.tv\/wp-content\/uploads\/2021\/07\/meydan-logo.svg","contentUrl":"https:\/\/www.meydan.tv\/wp-content\/uploads\/2021\/07\/meydan-logo.svg","width":195,"height":46,"caption":"Meydan TV"},"image":{"@id":"https:\/\/www.meydan.tv\/az\/#\/schema\/logo\/image\/"}},{"@type":"Person","@id":"https:\/\/www.meydan.tv\/az\/#\/schema\/person\/9cdbecf90d17180ce1dfbd95b08dcf47","name":"elli","sameAs":["https:\/\/x.com\/elli"]}]}},"_links":{"self":[{"href":"https:\/\/www.meydan.tv\/az\/wp-json\/wp\/v2\/posts\/256874","targetHints":{"allow":["GET"]}}],"collection":[{"href":"https:\/\/www.meydan.tv\/az\/wp-json\/wp\/v2\/posts"}],"about":[{"href":"https:\/\/www.meydan.tv\/az\/wp-json\/wp\/v2\/types\/post"}],"author":[{"embeddable":true,"href":"https:\/\/www.meydan.tv\/az\/wp-json\/wp\/v2\/users\/8"}],"replies":[{"embeddable":true,"href":"https:\/\/www.meydan.tv\/az\/wp-json\/wp\/v2\/comments?post=256874"}],"version-history":[{"count":2,"href":"https:\/\/www.meydan.tv\/az\/wp-json\/wp\/v2\/posts\/256874\/revisions"}],"predecessor-version":[{"id":256879,"href":"https:\/\/www.meydan.tv\/az\/wp-json\/wp\/v2\/posts\/256874\/revisions\/256879"}],"wp:featuredmedia":[{"embeddable":true,"href":"https:\/\/www.meydan.tv\/az\/wp-json\/wp\/v2\/media\/256865"}],"wp:attachment":[{"href":"https:\/\/www.meydan.tv\/az\/wp-json\/wp\/v2\/media?parent=256874"}],"wp:term":[{"taxonomy":"category","embeddable":true,"href":"https:\/\/www.meydan.tv\/az\/wp-json\/wp\/v2\/categories?post=256874"},{"taxonomy":"post_tag","embeddable":true,"href":"https:\/\/www.meydan.tv\/az\/wp-json\/wp\/v2\/tags?post=256874"}],"curies":[{"name":"wp","href":"https:\/\/api.w.org\/{rel}","templated":true}]}}