{"id":256842,"date":"2022-09-28T13:11:59","date_gmt":"2022-09-28T09:11:59","guid":{"rendered":"https:\/\/www.meydan.tv\/?p=256842"},"modified":"2022-09-28T13:12:08","modified_gmt":"2022-09-28T09:12:08","slug":"xacmaz-sakini-generalin-qohumu-haqda-sikayetimi-arasdirib-tedbir-gormurler","status":"publish","type":"post","link":"https:\/\/www.meydan.tv\/az\/article\/xacmaz-sakini-generalin-qohumu-haqda-sikayetimi-arasdirib-tedbir-gormurler\/","title":{"rendered":"Xa\u00e7maz sakini: \u201cGeneral\u0131n qohumu haqda \u015fikay\u0259timi ara\u015fd\u0131r\u0131b t\u0259dbir g\u00f6rm\u00fcrl\u0259r\u201d"},"content":{"rendered":"\n<p><\/p>\n\n\n\n<p><em>Sahibkar deyir ki, G\u00f6mr\u00fck Komit\u0259sinin ke\u00e7mi\u015f s\u0259drinin qohumuyla ba\u011fl\u0131 \u015fikay\u0259tini ara\u015fd\u0131rm\u0131rlar, ondan r\u00fc\u015fv\u0259t t\u0259l\u0259b edirl\u0259r<\/em><\/p>\n\n\n\n<p>Xa\u00e7maz sakini M\u00f6vlud M\u0259mm\u0259dov h\u00fcquq-m\u00fchafiz\u0259 orqanlar\u0131n\u0131n ona qar\u015f\u0131 ba\u015f ver\u0259nl\u0259ri ara\u015fd\u0131rmamas\u0131ndan, ondan r\u00fc\u015fv\u0259t t\u0259l\u0259b etm\u0259sind\u0259n \u015fikay\u0259t\u00e7idir. Deyir ki, d\u0259l\u0259duzlu\u011fa m\u0259ruz qal\u0131b, k\u00fclli miqdarda ziyana d\u00fc\u015fm\u0259si bir yana, \u00fcst\u0259lik, polis v\u0259 prokurorluq \u0259m\u0259kda\u015flar\u0131 da cinay\u0259ti obyektiv ara\u015fd\u0131rmaq, g\u00fcnahkarlar\u0131 m\u0259suliyy\u0259t\u0259 c\u0259lb el\u0259m\u0259k \u00fc\u00e7\u00fcn ondan b\u00f6y\u00fck m\u0259bl\u0259\u011fd\u0259 pul t\u0259l\u0259b edir.<\/p>\n\n\n\n<p><strong>\u201cPulumuzu da, m\u0259hsulumuzu da m\u0259nims\u0259dil\u0259r\u201d<\/strong><\/p>\n\n\n\n<p>M\u00f6vlud M\u0259mm\u0259dovun \u015fikay\u0259tind\u0259 D\u00f6vl\u0259t G\u00f6mr\u00fck Komit\u0259sinin ke\u00e7mi\u015f s\u0259dri, general-polkovnik Ayd\u0131n \u018fliyevin ad\u0131 hallan\u0131r. \u015eikay\u0259t\u00e7i iddia edir ki, onu v\u0259 biznes \u015f\u0259rikini aldad\u0131b, pullar\u0131n\u0131 \u0259l\u0259 ke\u00e7ir\u0259nl\u0259rd\u0259n biri general\u0131n qayn\u0131d\u0131r.<\/p>\n\n\n\n<p>M\u00f6vlud M\u0259mm\u0259dov Meydan TV-y\u0259 dan\u0131\u015f\u0131r ki, tan\u0131\u015f\u0131 G\u00fclc\u0259nn\u0259t Abdullayeva il\u0259 birlikd\u0259 ortaq biznesl\u0259ri olub. Biznes prosesind\u0259 tan\u0131\u015f olduqlar\u0131 S\u0259f\u0259r S\u0259f\u0259rov adl\u0131 \u015f\u0259xs onlara \u00f6z\u00fcn\u00fc g\u00f6mr\u00fck brokeri, eyni zamanda Ayd\u0131n \u018fliyevin qayn\u0131n\u0131n dostu kimi t\u0259qdim edib. Deyib ki, general\u0131n qayn\u0131 Anar Hac\u0131yevin vasit\u0259sil\u0259 g\u00f6mr\u00fckl\u0259 ba\u011fl\u0131 ist\u0259nil\u0259n m\u0259s\u0259l\u0259ni h\u0259ll ed\u0259 bil\u0259rl\u0259r.<\/p>\n\n\n\n<p>\u201cBiz\u0259 m\u0259hsulla dolu y\u00fck ma\u015f\u0131n\u0131m\u0131z\u0131n g\u00f6mr\u00fckd\u0259n ke\u00e7irilm\u0259sin\u0259 k\u00f6m\u0259k laz\u0131m idi. Dedi ki, he\u00e7 bir problem yoxdur. Bizd\u0259n buna g\u00f6r\u0259 40 min dollar ist\u0259di. Raz\u0131la\u015fd\u0131q. \u018fvv\u0259lc\u0259 S\u0259f\u0259r S\u0259f\u0259rovun \u00f6z\u00fcn\u0259 30 min dollar verdik. Qalan 10 min dollar\u0131 is\u0259 Anar Hac\u0131yev \u00f6z\u00fc g\u0259lib g\u00f6t\u00fcrm\u00fc\u015fd\u00fc. Son n\u0259tic\u0259d\u0259 ba\u015f\u0131m\u0131za oyun a\u00e7d\u0131lar. Bu pul bir yana, \u00fcst\u0259lik, y\u00fck\u00fcm\u00fcz\u00fc d\u0259 m\u0259nims\u0259dil\u0259r. Orada 100 min dollarl\u0131q mal vard\u0131\u201d, &#8211; M\u00f6vlud M\u0259mm\u0259dov bildirib.<\/p>\n\n\n\n<p><strong>\u201cDedi ki, prokuror cinay\u0259t i\u015fi ba\u015flamaq \u00fc\u00e7\u00fcn pul ist\u0259yir\u201d<\/strong><\/p>\n\n\n\n<p>Sahibkar bununla \u0259laq\u0259dar h\u00fcquq-m\u00fchafiz\u0259 orqanlar\u0131na \u015fikay\u0259t edib. Onun s\u00f6zl\u0259rin\u0259 g\u00f6r\u0259, dedikl\u0259rini t\u0259sdiql\u0259y\u0259n s\u00fcbutlar\u0131 da t\u0259qdim edib. O, d\u0259ymi\u015f ziyan\u0131n \u00f6d\u0259nilm\u0259sini, g\u00fcnahkarlar\u0131n c\u0259zaland\u0131r\u0131lmas\u0131n\u0131 t\u0259l\u0259b edib.<\/p>\n\n\n\n<p>M\u00f6vlud M\u0259mm\u0259dov gileyl\u0259nir ki, \u015fikay\u0259tind\u0259n 9 aydan \u00e7ox vaxt ke\u00e7m\u0259sin\u0259 baxmayaraq, t\u0259dbir g\u00f6r\u00fclm\u0259yib. G\u00f6mr\u00fckd\u0259n mal\u0131n ke\u00e7irilm\u0259sil\u0259 ba\u011fl\u0131 dan\u0131\u015f\u0131qlar v\u0259 dig\u0259r prosesl\u0259r paytaxt \u0259razisind\u0259 getdiyin\u0259 g\u00f6r\u0259 m\u0259s\u0259l\u0259y\u0259 d\u0259 Yasamal rayonunun polis idar\u0259sind\u0259 v\u0259 prokurorlu\u011funda bax\u0131l\u0131b:<\/p>\n\n\n\n<p>\u201cYanvar ay\u0131ndan i\u015f Yasamal Rayon Polis \u0130dar\u0259sind\u0259 idi, amma cinay\u0259t i\u015fi ba\u015flam\u0131rd\u0131lar. M\u00fcst\u0259ntiq a\u00e7\u0131q \u015f\u0259kild\u0259 10 min pul ist\u0259yirdi. Verm\u0259dik, o da bizim \u0259leyhimiz\u0259 materiallar toplad\u0131 v\u0259 cinay\u0259t i\u015fi ba\u015flanmas\u0131n\u0131n r\u0259dd olunmas\u0131 q\u0259rar\u0131 \u00e7\u0131xar\u0131ld\u0131. \u018flimizd\u0259 yet\u0259rinc\u0259 s\u00fcbutlar ola-ola bel\u0259 bir q\u0259rar\u0131n q\u0259bul edilm\u0259si a\u00e7\u0131q qanunsuzluq idi. Bu q\u0259rardan \u015fikay\u0259t verdik. \u015eikay\u0259timizd\u0259n sonra o q\u0259rar l\u0259\u011fv olundu. \u0130\u015f bu d\u0259f\u0259 ba\u015fqa bir m\u00fcst\u0259ntiq\u0259 h\u0259val\u0259 olundu. O da bizd\u0259n pul umurdu. E\u015fitdirirdi ki, \u201cbu i\u015f\u0259 g\u00f6r\u0259 \u0259ziyy\u0259t \u00e7\u0259kir\u0259m\u201d. \u00dcst\u00fcm\u00fczd\u0259 olan pulu verdik. Bir m\u00fcdd\u0259t sonra i\u015fin n\u0259 yerd\u0259 oldu\u011fuyla maraqlananda dedi ki, m\u0259nlik deyil, Yasamal rayonunun prokuroru cinay\u0259t i\u015fi ba\u015flanmas\u0131 \u00fc\u00e7\u00fcn 10 min ist\u0259yir\u2026\u201d.<\/p>\n\n\n\n<p><strong>\u201cH\u0259r d\u0259f\u0259 \u015fikay\u0259t el\u0259y\u0259nd\u0259 m\u00fcst\u0259ntiqi d\u0259yi\u015firl\u0259r\u201d<\/strong><\/p>\n\n\n\n<p>M\u00f6vlud M\u0259mm\u0259dov iddia edir ki, t\u0259l\u0259b olunan 10 min manat\u0131 verm\u0259dikl\u0259rin\u0259 g\u00f6r\u0259 9 aydan \u00e7oxdur proses yubad\u0131l\u0131r, cinay\u0259t i\u015fi ba\u015flanm\u0131r. Sahibkar\u0131n s\u00f6zl\u0259rin\u0259 g\u00f6r\u0259, o, Yasamal rayonunun prokuroru Elman S\u00fcleymanovun q\u0259bulunda da olub. Amma ondan sonra da n\u0259tic\u0259 d\u0259yi\u015fm\u0259yib. Sad\u0259c\u0259, yenid\u0259n m\u00fcst\u0259ntiq d\u0259yi\u015fib.<\/p>\n\n\n\n<p>\u201cH\u0259r d\u0259f\u0259 \u015fikay\u0259t ed\u0259nd\u0259 m\u00fcst\u0259ntiqi d\u0259yi\u015firl\u0259r\u2026\u201d dey\u0259n sahibkar\u0131n fikrinc\u0259, \u015fikay\u0259tind\u0259 general\u0131n qayn\u0131n\u0131n ad\u0131 ke\u00e7ir dey\u0259, proses h\u0259m d\u0259 bu \u00fczd\u0259n yubad\u0131l\u0131r.<\/p>\n\n\n\n<p>O, bir m\u00fcdd\u0259t \u0259vv\u0259l Ba\u015f prokuror Kamran \u018fliyev\u0259 d\u0259 \u015fikay\u0259t edib.<\/p>\n\n\n\n<p><strong>Prokurorluq: \u201cCinay\u0259t i\u015fi ba\u015flan\u0131b\u201d<\/strong><\/p>\n\n\n\n<p>Ba\u015f Prokurorlu\u011fun m\u0259tbuat xidm\u0259tind\u0259n bildirilib ki, M\u00f6vlud M\u0259mm\u0259dovun \u015fikay\u0259til\u0259 \u0259laq\u0259dar art\u0131q fakt \u00fczr\u0259 Cinay\u0259t M\u0259c\u0259ll\u0259sinin 178.2.4 (d\u0259l\u0259duzluq-xeyli miqdarda ziyan vurmaqla t\u00f6r\u0259dildikd\u0259) madd\u0259sil\u0259 cinay\u0259t i\u015fi ba\u015flan\u0131b: \u201cCinay\u0259t i\u015fi istintaq apar\u0131lmas\u0131 \u00fc\u00e7\u00fcn Yasamal Rayon Polis \u0130dar\u0259sin\u0259 g\u00f6nd\u0259rilib\u201d.<\/p>\n\n\n\n<p>Meydan TV general\u0131n qohumu oldu\u011fu deyil\u0259n Anar Hac\u0131yevl\u0259 \u0259laq\u0259 yarada bilm\u0259yib.<\/p>\n","protected":false},"excerpt":{"rendered":"<p>Sahibkar deyir ki, G\u00f6mr\u00fck Komit\u0259sinin ke\u00e7mi\u015f s\u0259drinin qohumuyla ba\u011fl\u0131 \u015fikay\u0259tini &#8230; <\/p>\n<p class=\"read-more-container\"><a title=\"Xa\u00e7maz sakini: \u201cGeneral\u0131n qohumu haqda \u015fikay\u0259timi ara\u015fd\u0131r\u0131b t\u0259dbir g\u00f6rm\u00fcrl\u0259r\u201d\" class=\"read-more button\" href=\"https:\/\/www.meydan.tv\/az\/article\/xacmaz-sakini-generalin-qohumu-haqda-sikayetimi-arasdirib-tedbir-gormurler\/#more-256842\" aria-label=\"Read more about Xa\u00e7maz sakini: \u201cGeneral\u0131n qohumu haqda \u015fikay\u0259timi ara\u015fd\u0131r\u0131b t\u0259dbir g\u00f6rm\u00fcrl\u0259r\u201d\">Davam\u0131<\/a><\/p>\n","protected":false},"author":8,"featured_media":256839,"comment_status":"closed","ping_status":"closed","sticky":false,"template":"","format":"standard","meta":{"_acf_changed":false,"_sitemap_exclude":false,"_sitemap_priority":"","_sitemap_frequency":"","footnotes":""},"categories":[60,56],"tags":[],"class_list":["post-256842","post","type-post","status-publish","format-standard","has-post-thumbnail","hentry","category-bolge","category-xeberler","infinite-scroll-item","generate-columns","tablet-grid-50","mobile-grid-100","grid-parent","grid-33","no-featured-image-padding"],"acf":[],"yoast_head":"<!-- This site is optimized with the Yoast SEO plugin v27.5 - https:\/\/yoast.com\/product\/yoast-seo-wordpress\/ -->\n<title>Xa\u00e7maz sakini: \u201cGeneral\u0131n qohumu haqda \u015fikay\u0259timi ara\u015fd\u0131r\u0131b t\u0259dbir g\u00f6rm\u00fcrl\u0259r\u201d - MEYDAN.TV<\/title>\n<meta name=\"robots\" content=\"index, follow, max-snippet:-1, max-image-preview:large, max-video-preview:-1\" \/>\n<link rel=\"canonical\" href=\"https:\/\/www.meydan.tv\/az\/article\/xacmaz-sakini-generalin-qohumu-haqda-sikayetimi-arasdirib-tedbir-gormurler\/\" \/>\n<meta property=\"og:locale\" content=\"az_AZ\" \/>\n<meta property=\"og:type\" content=\"article\" \/>\n<meta property=\"og:title\" content=\"Xa\u00e7maz sakini: \u201cGeneral\u0131n qohumu haqda \u015fikay\u0259timi ara\u015fd\u0131r\u0131b t\u0259dbir g\u00f6rm\u00fcrl\u0259r\u201d - MEYDAN.TV\" \/>\n<meta property=\"og:description\" content=\"Sahibkar deyir ki, G\u00f6mr\u00fck Komit\u0259sinin ke\u00e7mi\u015f s\u0259drinin qohumuyla ba\u011fl\u0131 \u015fikay\u0259tini ... Davam\u0131\" \/>\n<meta property=\"og:url\" content=\"https:\/\/www.meydan.tv\/az\/article\/xacmaz-sakini-generalin-qohumu-haqda-sikayetimi-arasdirib-tedbir-gormurler\/\" \/>\n<meta property=\"og:site_name\" content=\"MEYDAN.TV\" \/>\n<meta property=\"article:published_time\" content=\"2022-09-28T09:11:59+00:00\" \/>\n<meta property=\"article:modified_time\" content=\"2022-09-28T09:12:08+00:00\" \/>\n<meta property=\"og:image\" content=\"https:\/\/www.meydan.tv\/wp-content\/uploads\/untitled-design-10-10-e1664356312970.jpg\" \/>\n\t<meta property=\"og:image:width\" content=\"1200\" \/>\n\t<meta property=\"og:image:height\" content=\"711\" \/>\n\t<meta property=\"og:image:type\" content=\"image\/jpeg\" \/>\n<meta name=\"author\" content=\"elli\" \/>\n<meta name=\"twitter:card\" content=\"summary_large_image\" \/>\n<meta name=\"twitter:creator\" content=\"@elli\" \/>\n<script type=\"application\/ld+json\" class=\"yoast-schema-graph\">{\"@context\":\"https:\\\/\\\/schema.org\",\"@graph\":[{\"@type\":\"Article\",\"@id\":\"https:\\\/\\\/www.meydan.tv\\\/az\\\/article\\\/xacmaz-sakini-generalin-qohumu-haqda-sikayetimi-arasdirib-tedbir-gormurler\\\/#article\",\"isPartOf\":{\"@id\":\"https:\\\/\\\/www.meydan.tv\\\/az\\\/article\\\/xacmaz-sakini-generalin-qohumu-haqda-sikayetimi-arasdirib-tedbir-gormurler\\\/\"},\"author\":{\"name\":\"elli\",\"@id\":\"https:\\\/\\\/www.meydan.tv\\\/az\\\/#\\\/schema\\\/person\\\/9cdbecf90d17180ce1dfbd95b08dcf47\"},\"headline\":\"Xa\u00e7maz sakini: \u201cGeneral\u0131n qohumu haqda \u015fikay\u0259timi ara\u015fd\u0131r\u0131b t\u0259dbir g\u00f6rm\u00fcrl\u0259r\u201d\",\"datePublished\":\"2022-09-28T09:11:59+00:00\",\"dateModified\":\"2022-09-28T09:12:08+00:00\",\"mainEntityOfPage\":{\"@id\":\"https:\\\/\\\/www.meydan.tv\\\/az\\\/article\\\/xacmaz-sakini-generalin-qohumu-haqda-sikayetimi-arasdirib-tedbir-gormurler\\\/\"},\"wordCount\":903,\"publisher\":{\"@id\":\"https:\\\/\\\/www.meydan.tv\\\/az\\\/#organization\"},\"image\":{\"@id\":\"https:\\\/\\\/www.meydan.tv\\\/az\\\/article\\\/xacmaz-sakini-generalin-qohumu-haqda-sikayetimi-arasdirib-tedbir-gormurler\\\/#primaryimage\"},\"thumbnailUrl\":\"https:\\\/\\\/www.meydan.tv\\\/wp-content\\\/uploads\\\/untitled-design-10-10-e1664356312970.jpg\",\"articleSection\":[\"B\u00f6lg\u0259\",\"X\u0259b\u0259rl\u0259r\"],\"inLanguage\":\"az\"},{\"@type\":\"WebPage\",\"@id\":\"https:\\\/\\\/www.meydan.tv\\\/az\\\/article\\\/xacmaz-sakini-generalin-qohumu-haqda-sikayetimi-arasdirib-tedbir-gormurler\\\/\",\"url\":\"https:\\\/\\\/www.meydan.tv\\\/az\\\/article\\\/xacmaz-sakini-generalin-qohumu-haqda-sikayetimi-arasdirib-tedbir-gormurler\\\/\",\"name\":\"Xa\u00e7maz sakini: \u201cGeneral\u0131n qohumu haqda \u015fikay\u0259timi ara\u015fd\u0131r\u0131b t\u0259dbir g\u00f6rm\u00fcrl\u0259r\u201d - MEYDAN.TV\",\"isPartOf\":{\"@id\":\"https:\\\/\\\/www.meydan.tv\\\/az\\\/#website\"},\"primaryImageOfPage\":{\"@id\":\"https:\\\/\\\/www.meydan.tv\\\/az\\\/article\\\/xacmaz-sakini-generalin-qohumu-haqda-sikayetimi-arasdirib-tedbir-gormurler\\\/#primaryimage\"},\"image\":{\"@id\":\"https:\\\/\\\/www.meydan.tv\\\/az\\\/article\\\/xacmaz-sakini-generalin-qohumu-haqda-sikayetimi-arasdirib-tedbir-gormurler\\\/#primaryimage\"},\"thumbnailUrl\":\"https:\\\/\\\/www.meydan.tv\\\/wp-content\\\/uploads\\\/untitled-design-10-10-e1664356312970.jpg\",\"datePublished\":\"2022-09-28T09:11:59+00:00\",\"dateModified\":\"2022-09-28T09:12:08+00:00\",\"breadcrumb\":{\"@id\":\"https:\\\/\\\/www.meydan.tv\\\/az\\\/article\\\/xacmaz-sakini-generalin-qohumu-haqda-sikayetimi-arasdirib-tedbir-gormurler\\\/#breadcrumb\"},\"inLanguage\":\"az\",\"potentialAction\":[{\"@type\":\"ReadAction\",\"target\":[\"https:\\\/\\\/www.meydan.tv\\\/az\\\/article\\\/xacmaz-sakini-generalin-qohumu-haqda-sikayetimi-arasdirib-tedbir-gormurler\\\/\"]}]},{\"@type\":\"ImageObject\",\"inLanguage\":\"az\",\"@id\":\"https:\\\/\\\/www.meydan.tv\\\/az\\\/article\\\/xacmaz-sakini-generalin-qohumu-haqda-sikayetimi-arasdirib-tedbir-gormurler\\\/#primaryimage\",\"url\":\"https:\\\/\\\/www.meydan.tv\\\/wp-content\\\/uploads\\\/untitled-design-10-10-e1664356312970.jpg\",\"contentUrl\":\"https:\\\/\\\/www.meydan.tv\\\/wp-content\\\/uploads\\\/untitled-design-10-10-e1664356312970.jpg\",\"width\":1200,\"height\":711,\"caption\":\"M\u00f6vlud M\u0259mm\u0259dov. Foto: Meydan TV\"},{\"@type\":\"BreadcrumbList\",\"@id\":\"https:\\\/\\\/www.meydan.tv\\\/az\\\/article\\\/xacmaz-sakini-generalin-qohumu-haqda-sikayetimi-arasdirib-tedbir-gormurler\\\/#breadcrumb\",\"itemListElement\":[{\"@type\":\"ListItem\",\"position\":1,\"name\":\"Ana s\u0259hif\u0259\",\"item\":\"https:\\\/\\\/www.meydan.tv\\\/az\\\/\"},{\"@type\":\"ListItem\",\"position\":2,\"name\":\"B\u00f6lg\u0259\",\"item\":\"https:\\\/\\\/www.meydan.tv\\\/az\\\/section\\\/bolge\\\/\"},{\"@type\":\"ListItem\",\"position\":3,\"name\":\"Xa\u00e7maz sakini: \u201cGeneral\u0131n qohumu haqda \u015fikay\u0259timi ara\u015fd\u0131r\u0131b t\u0259dbir g\u00f6rm\u00fcrl\u0259r\u201d\"}]},{\"@type\":\"WebSite\",\"@id\":\"https:\\\/\\\/www.meydan.tv\\\/az\\\/#website\",\"url\":\"https:\\\/\\\/www.meydan.tv\\\/az\\\/\",\"name\":\"MEYDAN.TV\",\"description\":\"Meydan TV Az\u0259rbaycan\u0131n media m\u0259kan\u0131ndak\u0131 alternativ s\u0259sidir\",\"publisher\":{\"@id\":\"https:\\\/\\\/www.meydan.tv\\\/az\\\/#organization\"},\"potentialAction\":[{\"@type\":\"SearchAction\",\"target\":{\"@type\":\"EntryPoint\",\"urlTemplate\":\"https:\\\/\\\/www.meydan.tv\\\/az\\\/?s={search_term_string}\"},\"query-input\":{\"@type\":\"PropertyValueSpecification\",\"valueRequired\":true,\"valueName\":\"search_term_string\"}}],\"inLanguage\":\"az\"},{\"@type\":\"Organization\",\"@id\":\"https:\\\/\\\/www.meydan.tv\\\/az\\\/#organization\",\"name\":\"Meydan TV\",\"url\":\"https:\\\/\\\/www.meydan.tv\\\/az\\\/\",\"logo\":{\"@type\":\"ImageObject\",\"inLanguage\":\"az\",\"@id\":\"https:\\\/\\\/www.meydan.tv\\\/az\\\/#\\\/schema\\\/logo\\\/image\\\/\",\"url\":\"https:\\\/\\\/www.meydan.tv\\\/wp-content\\\/uploads\\\/2021\\\/07\\\/meydan-logo.svg\",\"contentUrl\":\"https:\\\/\\\/www.meydan.tv\\\/wp-content\\\/uploads\\\/2021\\\/07\\\/meydan-logo.svg\",\"width\":195,\"height\":46,\"caption\":\"Meydan TV\"},\"image\":{\"@id\":\"https:\\\/\\\/www.meydan.tv\\\/az\\\/#\\\/schema\\\/logo\\\/image\\\/\"}},{\"@type\":\"Person\",\"@id\":\"https:\\\/\\\/www.meydan.tv\\\/az\\\/#\\\/schema\\\/person\\\/9cdbecf90d17180ce1dfbd95b08dcf47\",\"name\":\"elli\",\"sameAs\":[\"https:\\\/\\\/x.com\\\/elli\"]}]}<\/script>\n<!-- \/ Yoast SEO plugin. -->","yoast_head_json":{"title":"Xa\u00e7maz sakini: \u201cGeneral\u0131n qohumu haqda \u015fikay\u0259timi ara\u015fd\u0131r\u0131b t\u0259dbir g\u00f6rm\u00fcrl\u0259r\u201d - MEYDAN.TV","robots":{"index":"index","follow":"follow","max-snippet":"max-snippet:-1","max-image-preview":"max-image-preview:large","max-video-preview":"max-video-preview:-1"},"canonical":"https:\/\/www.meydan.tv\/az\/article\/xacmaz-sakini-generalin-qohumu-haqda-sikayetimi-arasdirib-tedbir-gormurler\/","og_locale":"az_AZ","og_type":"article","og_title":"Xa\u00e7maz sakini: \u201cGeneral\u0131n qohumu haqda \u015fikay\u0259timi ara\u015fd\u0131r\u0131b t\u0259dbir g\u00f6rm\u00fcrl\u0259r\u201d - MEYDAN.TV","og_description":"Sahibkar deyir ki, G\u00f6mr\u00fck Komit\u0259sinin ke\u00e7mi\u015f s\u0259drinin qohumuyla ba\u011fl\u0131 \u015fikay\u0259tini ... Davam\u0131","og_url":"https:\/\/www.meydan.tv\/az\/article\/xacmaz-sakini-generalin-qohumu-haqda-sikayetimi-arasdirib-tedbir-gormurler\/","og_site_name":"MEYDAN.TV","article_published_time":"2022-09-28T09:11:59+00:00","article_modified_time":"2022-09-28T09:12:08+00:00","og_image":[{"width":1200,"height":711,"url":"https:\/\/www.meydan.tv\/wp-content\/uploads\/untitled-design-10-10-e1664356312970.jpg","type":"image\/jpeg"}],"author":"elli","twitter_card":"summary_large_image","twitter_creator":"@elli","schema":{"@context":"https:\/\/schema.org","@graph":[{"@type":"Article","@id":"https:\/\/www.meydan.tv\/az\/article\/xacmaz-sakini-generalin-qohumu-haqda-sikayetimi-arasdirib-tedbir-gormurler\/#article","isPartOf":{"@id":"https:\/\/www.meydan.tv\/az\/article\/xacmaz-sakini-generalin-qohumu-haqda-sikayetimi-arasdirib-tedbir-gormurler\/"},"author":{"name":"elli","@id":"https:\/\/www.meydan.tv\/az\/#\/schema\/person\/9cdbecf90d17180ce1dfbd95b08dcf47"},"headline":"Xa\u00e7maz sakini: \u201cGeneral\u0131n qohumu haqda \u015fikay\u0259timi ara\u015fd\u0131r\u0131b t\u0259dbir g\u00f6rm\u00fcrl\u0259r\u201d","datePublished":"2022-09-28T09:11:59+00:00","dateModified":"2022-09-28T09:12:08+00:00","mainEntityOfPage":{"@id":"https:\/\/www.meydan.tv\/az\/article\/xacmaz-sakini-generalin-qohumu-haqda-sikayetimi-arasdirib-tedbir-gormurler\/"},"wordCount":903,"publisher":{"@id":"https:\/\/www.meydan.tv\/az\/#organization"},"image":{"@id":"https:\/\/www.meydan.tv\/az\/article\/xacmaz-sakini-generalin-qohumu-haqda-sikayetimi-arasdirib-tedbir-gormurler\/#primaryimage"},"thumbnailUrl":"https:\/\/www.meydan.tv\/wp-content\/uploads\/untitled-design-10-10-e1664356312970.jpg","articleSection":["B\u00f6lg\u0259","X\u0259b\u0259rl\u0259r"],"inLanguage":"az"},{"@type":"WebPage","@id":"https:\/\/www.meydan.tv\/az\/article\/xacmaz-sakini-generalin-qohumu-haqda-sikayetimi-arasdirib-tedbir-gormurler\/","url":"https:\/\/www.meydan.tv\/az\/article\/xacmaz-sakini-generalin-qohumu-haqda-sikayetimi-arasdirib-tedbir-gormurler\/","name":"Xa\u00e7maz sakini: \u201cGeneral\u0131n qohumu haqda \u015fikay\u0259timi ara\u015fd\u0131r\u0131b t\u0259dbir g\u00f6rm\u00fcrl\u0259r\u201d - MEYDAN.TV","isPartOf":{"@id":"https:\/\/www.meydan.tv\/az\/#website"},"primaryImageOfPage":{"@id":"https:\/\/www.meydan.tv\/az\/article\/xacmaz-sakini-generalin-qohumu-haqda-sikayetimi-arasdirib-tedbir-gormurler\/#primaryimage"},"image":{"@id":"https:\/\/www.meydan.tv\/az\/article\/xacmaz-sakini-generalin-qohumu-haqda-sikayetimi-arasdirib-tedbir-gormurler\/#primaryimage"},"thumbnailUrl":"https:\/\/www.meydan.tv\/wp-content\/uploads\/untitled-design-10-10-e1664356312970.jpg","datePublished":"2022-09-28T09:11:59+00:00","dateModified":"2022-09-28T09:12:08+00:00","breadcrumb":{"@id":"https:\/\/www.meydan.tv\/az\/article\/xacmaz-sakini-generalin-qohumu-haqda-sikayetimi-arasdirib-tedbir-gormurler\/#breadcrumb"},"inLanguage":"az","potentialAction":[{"@type":"ReadAction","target":["https:\/\/www.meydan.tv\/az\/article\/xacmaz-sakini-generalin-qohumu-haqda-sikayetimi-arasdirib-tedbir-gormurler\/"]}]},{"@type":"ImageObject","inLanguage":"az","@id":"https:\/\/www.meydan.tv\/az\/article\/xacmaz-sakini-generalin-qohumu-haqda-sikayetimi-arasdirib-tedbir-gormurler\/#primaryimage","url":"https:\/\/www.meydan.tv\/wp-content\/uploads\/untitled-design-10-10-e1664356312970.jpg","contentUrl":"https:\/\/www.meydan.tv\/wp-content\/uploads\/untitled-design-10-10-e1664356312970.jpg","width":1200,"height":711,"caption":"M\u00f6vlud M\u0259mm\u0259dov. Foto: Meydan TV"},{"@type":"BreadcrumbList","@id":"https:\/\/www.meydan.tv\/az\/article\/xacmaz-sakini-generalin-qohumu-haqda-sikayetimi-arasdirib-tedbir-gormurler\/#breadcrumb","itemListElement":[{"@type":"ListItem","position":1,"name":"Ana s\u0259hif\u0259","item":"https:\/\/www.meydan.tv\/az\/"},{"@type":"ListItem","position":2,"name":"B\u00f6lg\u0259","item":"https:\/\/www.meydan.tv\/az\/section\/bolge\/"},{"@type":"ListItem","position":3,"name":"Xa\u00e7maz sakini: \u201cGeneral\u0131n qohumu haqda \u015fikay\u0259timi ara\u015fd\u0131r\u0131b t\u0259dbir g\u00f6rm\u00fcrl\u0259r\u201d"}]},{"@type":"WebSite","@id":"https:\/\/www.meydan.tv\/az\/#website","url":"https:\/\/www.meydan.tv\/az\/","name":"MEYDAN.TV","description":"Meydan TV Az\u0259rbaycan\u0131n media m\u0259kan\u0131ndak\u0131 alternativ s\u0259sidir","publisher":{"@id":"https:\/\/www.meydan.tv\/az\/#organization"},"potentialAction":[{"@type":"SearchAction","target":{"@type":"EntryPoint","urlTemplate":"https:\/\/www.meydan.tv\/az\/?s={search_term_string}"},"query-input":{"@type":"PropertyValueSpecification","valueRequired":true,"valueName":"search_term_string"}}],"inLanguage":"az"},{"@type":"Organization","@id":"https:\/\/www.meydan.tv\/az\/#organization","name":"Meydan TV","url":"https:\/\/www.meydan.tv\/az\/","logo":{"@type":"ImageObject","inLanguage":"az","@id":"https:\/\/www.meydan.tv\/az\/#\/schema\/logo\/image\/","url":"https:\/\/www.meydan.tv\/wp-content\/uploads\/2021\/07\/meydan-logo.svg","contentUrl":"https:\/\/www.meydan.tv\/wp-content\/uploads\/2021\/07\/meydan-logo.svg","width":195,"height":46,"caption":"Meydan TV"},"image":{"@id":"https:\/\/www.meydan.tv\/az\/#\/schema\/logo\/image\/"}},{"@type":"Person","@id":"https:\/\/www.meydan.tv\/az\/#\/schema\/person\/9cdbecf90d17180ce1dfbd95b08dcf47","name":"elli","sameAs":["https:\/\/x.com\/elli"]}]}},"_links":{"self":[{"href":"https:\/\/www.meydan.tv\/az\/wp-json\/wp\/v2\/posts\/256842","targetHints":{"allow":["GET"]}}],"collection":[{"href":"https:\/\/www.meydan.tv\/az\/wp-json\/wp\/v2\/posts"}],"about":[{"href":"https:\/\/www.meydan.tv\/az\/wp-json\/wp\/v2\/types\/post"}],"author":[{"embeddable":true,"href":"https:\/\/www.meydan.tv\/az\/wp-json\/wp\/v2\/users\/8"}],"replies":[{"embeddable":true,"href":"https:\/\/www.meydan.tv\/az\/wp-json\/wp\/v2\/comments?post=256842"}],"version-history":[{"count":1,"href":"https:\/\/www.meydan.tv\/az\/wp-json\/wp\/v2\/posts\/256842\/revisions"}],"predecessor-version":[{"id":256843,"href":"https:\/\/www.meydan.tv\/az\/wp-json\/wp\/v2\/posts\/256842\/revisions\/256843"}],"wp:featuredmedia":[{"embeddable":true,"href":"https:\/\/www.meydan.tv\/az\/wp-json\/wp\/v2\/media\/256839"}],"wp:attachment":[{"href":"https:\/\/www.meydan.tv\/az\/wp-json\/wp\/v2\/media?parent=256842"}],"wp:term":[{"taxonomy":"category","embeddable":true,"href":"https:\/\/www.meydan.tv\/az\/wp-json\/wp\/v2\/categories?post=256842"},{"taxonomy":"post_tag","embeddable":true,"href":"https:\/\/www.meydan.tv\/az\/wp-json\/wp\/v2\/tags?post=256842"}],"curies":[{"name":"wp","href":"https:\/\/api.w.org\/{rel}","templated":true}]}}