{"id":256815,"date":"2022-09-27T23:12:25","date_gmt":"2022-09-27T19:12:25","guid":{"rendered":"https:\/\/www.meydan.tv\/?p=256815"},"modified":"2022-09-27T23:12:27","modified_gmt":"2022-09-27T19:12:27","slug":"berde-sakini-polisden-sikayetci-oldugum-ucun-kurekenimi-hebs-edibler","status":"publish","type":"post","link":"https:\/\/www.meydan.tv\/az\/article\/berde-sakini-polisden-sikayetci-oldugum-ucun-kurekenimi-hebs-edibler\/","title":{"rendered":"B\u0259rd\u0259 sakini: \u201cPolisd\u0259n \u015fikay\u0259t\u00e7i oldu\u011fum \u00fc\u00e7\u00fcn k\u00fcr\u0259k\u0259nimi h\u0259bs edibl\u0259r\u201d"},"content":{"rendered":"\n<p><\/p>\n\n\n\n<p><em>\u201cSaxlayanda he\u00e7 bir \u0259sas olmadan onu it\u0259l\u0259yibl\u0259r, t\u0259xribata \u00e7\u0259km\u0259y\u0259 \u00e7al\u0131\u015f\u0131blar ki, qar\u015f\u0131durma olsun\u201d<\/em><\/p>\n\n\n\n<p>B\u0259rd\u0259nin Qarad\u0259mir\u00e7i k\u0259nd sakini Tahir\u0259 Quliyeva deyir ki, rayon polis \u015f\u00f6b\u0259sinin \u0259m\u0259kda\u015flar\u0131n\u0131n h\u0259r\u0259k\u0259tl\u0259rind\u0259n \u015fikay\u0259t\u00e7i oldu\u011funa g\u00f6r\u0259 ail\u0259 \u00fczvl\u0259rin\u0259 t\u0259zyiq edilir. Onun s\u00f6zl\u0259rin\u0259 g\u00f6r\u0259, B\u0259rd\u0259 polisinin problem\u0259 bigan\u0259liyi haqda Meydan Tv-y\u0259 <a href=\"https:\/\/www.meydan.tv\/az\/article\/polis-niye-tedbir-gormur-gozleyir-ki-kimse-olsun\/\" target=\"_blank\" rel=\"noreferrer noopener\">m\u00fcsahib\u0259<\/a>sind\u0259n sonra ail\u0259 \u00fczvl\u0259ri vasit\u0259sil\u0259 onu c\u0259zaland\u0131rma\u011fa \u00e7al\u0131\u015f\u0131rlar.<\/p>\n\n\n\n<p>Tahir\u0259 Quliyeva Meydan TV-y\u0259 bildirib ki, \u015fikay\u0259t\u00e7i oldu\u011funu bil\u0259nd\u0259n sonra B\u0259rd\u0259 rayon Polis \u015e\u00f6b\u0259sind\u0259n z\u0259ng edib onu h\u0259d\u0259l\u0259yibl\u0259r:<\/p>\n\n\n\n<p>\u201cSon olaraq da k\u00fcr\u0259k\u0259nimi \u015f\u0259rl\u0259yib h\u0259bs el\u0259dil\u0259r. Ma\u015f\u0131nda \u201cplyonka\u201d b\u0259han\u0259sil\u0259 tutub polis \u015f\u00f6b\u0259sin\u0259 apar\u0131blar. Saxlayanda he\u00e7 bir \u0259sas olmadan onu it\u0259l\u0259yibl\u0259r, t\u0259xribata \u00e7\u0259km\u0259y\u0259 \u00e7al\u0131\u015f\u0131blar ki, qar\u015f\u0131durma olsun. S\u0259rxan da normal, m\u0259d\u0259ni adamd\u0131r, buna getm\u0259yib. Deyib ki, u\u015faq m\u0259kt\u0259bd\u0259 qal\u0131b, siz c\u0259rim\u0259 yaz\u0131n, lap ma\u015f\u0131n\u0131 g\u00f6t\u00fcr\u00fcb apar\u0131n, m\u0259n sonra c\u0259rim\u0259ni \u00f6d\u0259yib, ma\u015f\u0131n\u0131 g\u00f6t\u00fcr\u0259r\u0259m\u2026\u201d<\/p>\n\n\n\n<p>Tahir\u0259 Quliyeva bildirib ki, k\u00fcr\u0259k\u0259ni S\u0259rxan \u018fsg\u0259rova polis\u0259 m\u00fcqavim\u0259t ittiham\u0131yla 8 sutka inzibati h\u0259bs c\u0259zas\u0131 verilib.<\/p>\n\n\n\n<p>O vur\u011fulay\u0131b ki, B\u0259rd\u0259d\u0259 bir \u00e7oxu Yol-Patrul Xidm\u0259tinin r\u0259isi Emin Musayevin h\u0259r\u0259k\u0259tl\u0259rind\u0259n naraz\u0131d\u0131r. Onun vasit\u0259sil\u0259 v\u0259t\u0259nda\u015flara ciddi probleml\u0259r yarad\u0131l\u0131r: \u201c\u0130nsanlar\u0131 bezdirirl\u0259r\u2026\u201d<\/p>\n\n\n\n<p>Tahir\u0259 Quliyeva Qarad\u0259mir\u00e7i k\u0259ndind\u0259 qon\u015fuluqda ya\u015fayan Mobil H\u00fcmb\u0259tov adl\u0131 \u015f\u0259xsin onlara qar\u015f\u0131 \u0259dav\u0259ti n\u0259tic\u0259sind\u0259 ba\u015f ver\u0259nl\u0259r\u0259 rayon polis \u015f\u00f6b\u0259si \u0259m\u0259kda\u015flar\u0131n\u0131n laqeyd yana\u015fmas\u0131ndan \u015fikay\u0259t\u00e7i idi. O bildirib ki, polisin onun ail\u0259sin\u0259 qar\u015f\u0131 h\u00fccumlar v\u0259 t\u0259hqirl\u0259rin qar\u015f\u0131s\u0131n\u0131 almamas\u0131, problem\u0259 bigan\u0259 yana\u015fmas\u0131 g\u00fcn\u00fcn birind\u0259 qan t\u00f6k\u00fclm\u0259sil\u0259 n\u0259tic\u0259l\u0259n\u0259 bil\u0259r:<\/p>\n\n\n\n<p>\u201cFikirl\u0259\u015fmirl\u0259r ki, biz vaxt\u0131nda t\u0259dbir g\u00f6rm\u00fcr\u00fck, v\u0259ziyy\u0259t bel\u0259 davam el\u0259s\u0259, qan t\u00f6k\u00fcl\u0259r. \u018fksin\u0259, polis m\u0259ni h\u0259d\u0259l\u0259yir. \u0130ki ildir qorxu alt\u0131nda ya\u015fay\u0131ram ki, \u00f6vladlar\u0131m salamat ev\u0259 g\u0259lsin, onlara he\u00e7 n\u0259 el\u0259m\u0259sinl\u0259r. H\u0259tta bir \u00e7ox h\u0259r\u0259k\u0259tl\u0259ri g\u00f6rm\u0259zd\u0259n g\u0259lir\u0259m, uduram ki, faci\u0259 olmas\u0131n. Qar\u015f\u0131 t\u0259r\u0259f is\u0259 sakitl\u0259\u015fmir, q\u0131c\u0131qland\u0131r\u0131r. M\u0259n\u0259 maraql\u0131d\u0131r ki, polis niy\u0259 t\u0259dbir g\u00f6rm\u00fcr, g\u00f6zl\u0259yir ki, kims\u0259 \u00f6ls\u00fcn?\u201d<\/p>\n\n\n\n<p>Daxili \u0130\u015fl\u0259r Nazirliyinin M\u0259tbuat Xidm\u0259tinin B\u0259rd\u0259 Reginal qrupundan Meydan TV-y\u0259 bildirilib ki, Qarad\u0259mir\u00e7i k\u0259nd sakinl\u0259ri Tahir\u0259 Quliyeva v\u0259 Mobil H\u00fcmb\u0259tovun aras\u0131ndak\u0131 m\u00fcbahis\u0259li m\u0259s\u0259l\u0259 il\u0259 ba\u011fl\u0131 h\u0259r ikisi \u015fikay\u0259t edibl\u0259r. Onlar\u0131n qar\u015f\u0131l\u0131ql\u0131 \u015fikay\u0259tl\u0259ri \u0259sas\u0131nda B\u0259rd\u0259 Rayon Polis \u015e\u00f6b\u0259sind\u0259 ara\u015fd\u0131rmalar ba\u015flay\u0131b:<\/p>\n\n\n\n<p>\u201cM\u00fcraci\u0259tl\u0259rl\u0259 \u0259laq\u0259dar apar\u0131lan ara\u015fd\u0131rma zaman\u0131 g\u00f6st\u0259ril\u0259n x\u00fcsusatlar m\u00fclki xarakterli oldu\u011fundan toplanm\u0131\u015f materiallar B\u0259rd\u0259 Rayon Polis \u015e\u00f6b\u0259sind\u0259 m\u00fcvafiq qaydada i\u015f\u0259 al\u0131n\u0131b. H\u0259m\u00e7inin t\u0259r\u0259fl\u0259rl\u0259 profilaktik s\u00f6hb\u0259tl\u0259r apar\u0131l\u0131b, aidiyy\u0259ti \u00fczr\u0259 rayon m\u0259hk\u0259m\u0259sin\u0259 m\u00fcraci\u0259t etm\u0259l\u0259ri t\u00f6vsiy\u0259 olunub\u201d.<\/p>\n","protected":false},"excerpt":{"rendered":"<p>\u201cSaxlayanda he\u00e7 bir \u0259sas olmadan onu it\u0259l\u0259yibl\u0259r, t\u0259xribata \u00e7\u0259km\u0259y\u0259 \u00e7al\u0131\u015f\u0131blar &#8230; <\/p>\n<p class=\"read-more-container\"><a title=\"B\u0259rd\u0259 sakini: \u201cPolisd\u0259n \u015fikay\u0259t\u00e7i oldu\u011fum \u00fc\u00e7\u00fcn k\u00fcr\u0259k\u0259nimi h\u0259bs edibl\u0259r\u201d\" class=\"read-more button\" href=\"https:\/\/www.meydan.tv\/az\/article\/berde-sakini-polisden-sikayetci-oldugum-ucun-kurekenimi-hebs-edibler\/#more-256815\" aria-label=\"Read more about B\u0259rd\u0259 sakini: \u201cPolisd\u0259n \u015fikay\u0259t\u00e7i oldu\u011fum \u00fc\u00e7\u00fcn k\u00fcr\u0259k\u0259nimi h\u0259bs edibl\u0259r\u201d\">Davam\u0131<\/a><\/p>\n","protected":false},"author":8,"featured_media":256357,"comment_status":"closed","ping_status":"closed","sticky":false,"template":"","format":"standard","meta":{"_acf_changed":false,"_sitemap_exclude":false,"_sitemap_priority":"","_sitemap_frequency":"","footnotes":""},"categories":[60,56],"tags":[],"class_list":["post-256815","post","type-post","status-publish","format-standard","has-post-thumbnail","hentry","category-bolge","category-xeberler","infinite-scroll-item","generate-columns","tablet-grid-50","mobile-grid-100","grid-parent","grid-33","no-featured-image-padding"],"acf":[],"yoast_head":"<!-- This site is optimized with the Yoast SEO plugin v27.5 - https:\/\/yoast.com\/product\/yoast-seo-wordpress\/ -->\n<title>B\u0259rd\u0259 sakini: \u201cPolisd\u0259n \u015fikay\u0259t\u00e7i oldu\u011fum \u00fc\u00e7\u00fcn k\u00fcr\u0259k\u0259nimi h\u0259bs edibl\u0259r\u201d - MEYDAN.TV<\/title>\n<meta name=\"robots\" content=\"index, follow, max-snippet:-1, max-image-preview:large, max-video-preview:-1\" \/>\n<link rel=\"canonical\" href=\"https:\/\/www.meydan.tv\/az\/article\/berde-sakini-polisden-sikayetci-oldugum-ucun-kurekenimi-hebs-edibler\/\" \/>\n<meta property=\"og:locale\" content=\"az_AZ\" \/>\n<meta property=\"og:type\" content=\"article\" \/>\n<meta property=\"og:title\" content=\"B\u0259rd\u0259 sakini: \u201cPolisd\u0259n \u015fikay\u0259t\u00e7i oldu\u011fum \u00fc\u00e7\u00fcn k\u00fcr\u0259k\u0259nimi h\u0259bs edibl\u0259r\u201d - MEYDAN.TV\" \/>\n<meta property=\"og:description\" content=\"\u201cSaxlayanda he\u00e7 bir \u0259sas olmadan onu it\u0259l\u0259yibl\u0259r, t\u0259xribata \u00e7\u0259km\u0259y\u0259 \u00e7al\u0131\u015f\u0131blar ... Davam\u0131\" \/>\n<meta property=\"og:url\" content=\"https:\/\/www.meydan.tv\/az\/article\/berde-sakini-polisden-sikayetci-oldugum-ucun-kurekenimi-hebs-edibler\/\" \/>\n<meta property=\"og:site_name\" content=\"MEYDAN.TV\" \/>\n<meta property=\"article:published_time\" content=\"2022-09-27T19:12:25+00:00\" \/>\n<meta property=\"article:modified_time\" content=\"2022-09-27T19:12:27+00:00\" \/>\n<meta property=\"og:image\" content=\"https:\/\/www.meydan.tv\/wp-content\/uploads\/untitled-design-57-e1663840605256.jpg\" \/>\n\t<meta property=\"og:image:width\" content=\"1200\" \/>\n\t<meta property=\"og:image:height\" content=\"660\" \/>\n\t<meta property=\"og:image:type\" content=\"image\/jpeg\" \/>\n<meta name=\"author\" content=\"elli\" \/>\n<meta name=\"twitter:card\" content=\"summary_large_image\" \/>\n<meta name=\"twitter:creator\" content=\"@elli\" \/>\n<script type=\"application\/ld+json\" class=\"yoast-schema-graph\">{\"@context\":\"https:\\\/\\\/schema.org\",\"@graph\":[{\"@type\":\"Article\",\"@id\":\"https:\\\/\\\/www.meydan.tv\\\/az\\\/article\\\/berde-sakini-polisden-sikayetci-oldugum-ucun-kurekenimi-hebs-edibler\\\/#article\",\"isPartOf\":{\"@id\":\"https:\\\/\\\/www.meydan.tv\\\/az\\\/article\\\/berde-sakini-polisden-sikayetci-oldugum-ucun-kurekenimi-hebs-edibler\\\/\"},\"author\":{\"name\":\"elli\",\"@id\":\"https:\\\/\\\/www.meydan.tv\\\/az\\\/#\\\/schema\\\/person\\\/9cdbecf90d17180ce1dfbd95b08dcf47\"},\"headline\":\"B\u0259rd\u0259 sakini: \u201cPolisd\u0259n \u015fikay\u0259t\u00e7i oldu\u011fum \u00fc\u00e7\u00fcn k\u00fcr\u0259k\u0259nimi h\u0259bs edibl\u0259r\u201d\",\"datePublished\":\"2022-09-27T19:12:25+00:00\",\"dateModified\":\"2022-09-27T19:12:27+00:00\",\"mainEntityOfPage\":{\"@id\":\"https:\\\/\\\/www.meydan.tv\\\/az\\\/article\\\/berde-sakini-polisden-sikayetci-oldugum-ucun-kurekenimi-hebs-edibler\\\/\"},\"wordCount\":636,\"publisher\":{\"@id\":\"https:\\\/\\\/www.meydan.tv\\\/az\\\/#organization\"},\"image\":{\"@id\":\"https:\\\/\\\/www.meydan.tv\\\/az\\\/article\\\/berde-sakini-polisden-sikayetci-oldugum-ucun-kurekenimi-hebs-edibler\\\/#primaryimage\"},\"thumbnailUrl\":\"https:\\\/\\\/www.meydan.tv\\\/wp-content\\\/uploads\\\/untitled-design-57-e1663840605256.jpg\",\"articleSection\":[\"B\u00f6lg\u0259\",\"X\u0259b\u0259rl\u0259r\"],\"inLanguage\":\"az\"},{\"@type\":\"WebPage\",\"@id\":\"https:\\\/\\\/www.meydan.tv\\\/az\\\/article\\\/berde-sakini-polisden-sikayetci-oldugum-ucun-kurekenimi-hebs-edibler\\\/\",\"url\":\"https:\\\/\\\/www.meydan.tv\\\/az\\\/article\\\/berde-sakini-polisden-sikayetci-oldugum-ucun-kurekenimi-hebs-edibler\\\/\",\"name\":\"B\u0259rd\u0259 sakini: \u201cPolisd\u0259n \u015fikay\u0259t\u00e7i oldu\u011fum \u00fc\u00e7\u00fcn k\u00fcr\u0259k\u0259nimi h\u0259bs edibl\u0259r\u201d - MEYDAN.TV\",\"isPartOf\":{\"@id\":\"https:\\\/\\\/www.meydan.tv\\\/az\\\/#website\"},\"primaryImageOfPage\":{\"@id\":\"https:\\\/\\\/www.meydan.tv\\\/az\\\/article\\\/berde-sakini-polisden-sikayetci-oldugum-ucun-kurekenimi-hebs-edibler\\\/#primaryimage\"},\"image\":{\"@id\":\"https:\\\/\\\/www.meydan.tv\\\/az\\\/article\\\/berde-sakini-polisden-sikayetci-oldugum-ucun-kurekenimi-hebs-edibler\\\/#primaryimage\"},\"thumbnailUrl\":\"https:\\\/\\\/www.meydan.tv\\\/wp-content\\\/uploads\\\/untitled-design-57-e1663840605256.jpg\",\"datePublished\":\"2022-09-27T19:12:25+00:00\",\"dateModified\":\"2022-09-27T19:12:27+00:00\",\"breadcrumb\":{\"@id\":\"https:\\\/\\\/www.meydan.tv\\\/az\\\/article\\\/berde-sakini-polisden-sikayetci-oldugum-ucun-kurekenimi-hebs-edibler\\\/#breadcrumb\"},\"inLanguage\":\"az\",\"potentialAction\":[{\"@type\":\"ReadAction\",\"target\":[\"https:\\\/\\\/www.meydan.tv\\\/az\\\/article\\\/berde-sakini-polisden-sikayetci-oldugum-ucun-kurekenimi-hebs-edibler\\\/\"]}]},{\"@type\":\"ImageObject\",\"inLanguage\":\"az\",\"@id\":\"https:\\\/\\\/www.meydan.tv\\\/az\\\/article\\\/berde-sakini-polisden-sikayetci-oldugum-ucun-kurekenimi-hebs-edibler\\\/#primaryimage\",\"url\":\"https:\\\/\\\/www.meydan.tv\\\/wp-content\\\/uploads\\\/untitled-design-57-e1663840605256.jpg\",\"contentUrl\":\"https:\\\/\\\/www.meydan.tv\\\/wp-content\\\/uploads\\\/untitled-design-57-e1663840605256.jpg\",\"width\":1200,\"height\":660,\"caption\":\"Tahir\u0259 Quliyeva. Foto: Meydan TV\"},{\"@type\":\"BreadcrumbList\",\"@id\":\"https:\\\/\\\/www.meydan.tv\\\/az\\\/article\\\/berde-sakini-polisden-sikayetci-oldugum-ucun-kurekenimi-hebs-edibler\\\/#breadcrumb\",\"itemListElement\":[{\"@type\":\"ListItem\",\"position\":1,\"name\":\"Ana s\u0259hif\u0259\",\"item\":\"https:\\\/\\\/www.meydan.tv\\\/az\\\/\"},{\"@type\":\"ListItem\",\"position\":2,\"name\":\"B\u00f6lg\u0259\",\"item\":\"https:\\\/\\\/www.meydan.tv\\\/az\\\/section\\\/bolge\\\/\"},{\"@type\":\"ListItem\",\"position\":3,\"name\":\"B\u0259rd\u0259 sakini: \u201cPolisd\u0259n \u015fikay\u0259t\u00e7i oldu\u011fum \u00fc\u00e7\u00fcn k\u00fcr\u0259k\u0259nimi h\u0259bs edibl\u0259r\u201d\"}]},{\"@type\":\"WebSite\",\"@id\":\"https:\\\/\\\/www.meydan.tv\\\/az\\\/#website\",\"url\":\"https:\\\/\\\/www.meydan.tv\\\/az\\\/\",\"name\":\"MEYDAN.TV\",\"description\":\"Meydan TV Az\u0259rbaycan\u0131n media m\u0259kan\u0131ndak\u0131 alternativ s\u0259sidir\",\"publisher\":{\"@id\":\"https:\\\/\\\/www.meydan.tv\\\/az\\\/#organization\"},\"potentialAction\":[{\"@type\":\"SearchAction\",\"target\":{\"@type\":\"EntryPoint\",\"urlTemplate\":\"https:\\\/\\\/www.meydan.tv\\\/az\\\/?s={search_term_string}\"},\"query-input\":{\"@type\":\"PropertyValueSpecification\",\"valueRequired\":true,\"valueName\":\"search_term_string\"}}],\"inLanguage\":\"az\"},{\"@type\":\"Organization\",\"@id\":\"https:\\\/\\\/www.meydan.tv\\\/az\\\/#organization\",\"name\":\"Meydan TV\",\"url\":\"https:\\\/\\\/www.meydan.tv\\\/az\\\/\",\"logo\":{\"@type\":\"ImageObject\",\"inLanguage\":\"az\",\"@id\":\"https:\\\/\\\/www.meydan.tv\\\/az\\\/#\\\/schema\\\/logo\\\/image\\\/\",\"url\":\"https:\\\/\\\/www.meydan.tv\\\/wp-content\\\/uploads\\\/2021\\\/07\\\/meydan-logo.svg\",\"contentUrl\":\"https:\\\/\\\/www.meydan.tv\\\/wp-content\\\/uploads\\\/2021\\\/07\\\/meydan-logo.svg\",\"width\":195,\"height\":46,\"caption\":\"Meydan TV\"},\"image\":{\"@id\":\"https:\\\/\\\/www.meydan.tv\\\/az\\\/#\\\/schema\\\/logo\\\/image\\\/\"}},{\"@type\":\"Person\",\"@id\":\"https:\\\/\\\/www.meydan.tv\\\/az\\\/#\\\/schema\\\/person\\\/9cdbecf90d17180ce1dfbd95b08dcf47\",\"name\":\"elli\",\"sameAs\":[\"https:\\\/\\\/x.com\\\/elli\"]}]}<\/script>\n<!-- \/ Yoast SEO plugin. -->","yoast_head_json":{"title":"B\u0259rd\u0259 sakini: \u201cPolisd\u0259n \u015fikay\u0259t\u00e7i oldu\u011fum \u00fc\u00e7\u00fcn k\u00fcr\u0259k\u0259nimi h\u0259bs edibl\u0259r\u201d - MEYDAN.TV","robots":{"index":"index","follow":"follow","max-snippet":"max-snippet:-1","max-image-preview":"max-image-preview:large","max-video-preview":"max-video-preview:-1"},"canonical":"https:\/\/www.meydan.tv\/az\/article\/berde-sakini-polisden-sikayetci-oldugum-ucun-kurekenimi-hebs-edibler\/","og_locale":"az_AZ","og_type":"article","og_title":"B\u0259rd\u0259 sakini: \u201cPolisd\u0259n \u015fikay\u0259t\u00e7i oldu\u011fum \u00fc\u00e7\u00fcn k\u00fcr\u0259k\u0259nimi h\u0259bs edibl\u0259r\u201d - MEYDAN.TV","og_description":"\u201cSaxlayanda he\u00e7 bir \u0259sas olmadan onu it\u0259l\u0259yibl\u0259r, t\u0259xribata \u00e7\u0259km\u0259y\u0259 \u00e7al\u0131\u015f\u0131blar ... Davam\u0131","og_url":"https:\/\/www.meydan.tv\/az\/article\/berde-sakini-polisden-sikayetci-oldugum-ucun-kurekenimi-hebs-edibler\/","og_site_name":"MEYDAN.TV","article_published_time":"2022-09-27T19:12:25+00:00","article_modified_time":"2022-09-27T19:12:27+00:00","og_image":[{"width":1200,"height":660,"url":"https:\/\/www.meydan.tv\/wp-content\/uploads\/untitled-design-57-e1663840605256.jpg","type":"image\/jpeg"}],"author":"elli","twitter_card":"summary_large_image","twitter_creator":"@elli","schema":{"@context":"https:\/\/schema.org","@graph":[{"@type":"Article","@id":"https:\/\/www.meydan.tv\/az\/article\/berde-sakini-polisden-sikayetci-oldugum-ucun-kurekenimi-hebs-edibler\/#article","isPartOf":{"@id":"https:\/\/www.meydan.tv\/az\/article\/berde-sakini-polisden-sikayetci-oldugum-ucun-kurekenimi-hebs-edibler\/"},"author":{"name":"elli","@id":"https:\/\/www.meydan.tv\/az\/#\/schema\/person\/9cdbecf90d17180ce1dfbd95b08dcf47"},"headline":"B\u0259rd\u0259 sakini: \u201cPolisd\u0259n \u015fikay\u0259t\u00e7i oldu\u011fum \u00fc\u00e7\u00fcn k\u00fcr\u0259k\u0259nimi h\u0259bs edibl\u0259r\u201d","datePublished":"2022-09-27T19:12:25+00:00","dateModified":"2022-09-27T19:12:27+00:00","mainEntityOfPage":{"@id":"https:\/\/www.meydan.tv\/az\/article\/berde-sakini-polisden-sikayetci-oldugum-ucun-kurekenimi-hebs-edibler\/"},"wordCount":636,"publisher":{"@id":"https:\/\/www.meydan.tv\/az\/#organization"},"image":{"@id":"https:\/\/www.meydan.tv\/az\/article\/berde-sakini-polisden-sikayetci-oldugum-ucun-kurekenimi-hebs-edibler\/#primaryimage"},"thumbnailUrl":"https:\/\/www.meydan.tv\/wp-content\/uploads\/untitled-design-57-e1663840605256.jpg","articleSection":["B\u00f6lg\u0259","X\u0259b\u0259rl\u0259r"],"inLanguage":"az"},{"@type":"WebPage","@id":"https:\/\/www.meydan.tv\/az\/article\/berde-sakini-polisden-sikayetci-oldugum-ucun-kurekenimi-hebs-edibler\/","url":"https:\/\/www.meydan.tv\/az\/article\/berde-sakini-polisden-sikayetci-oldugum-ucun-kurekenimi-hebs-edibler\/","name":"B\u0259rd\u0259 sakini: \u201cPolisd\u0259n \u015fikay\u0259t\u00e7i oldu\u011fum \u00fc\u00e7\u00fcn k\u00fcr\u0259k\u0259nimi h\u0259bs edibl\u0259r\u201d - MEYDAN.TV","isPartOf":{"@id":"https:\/\/www.meydan.tv\/az\/#website"},"primaryImageOfPage":{"@id":"https:\/\/www.meydan.tv\/az\/article\/berde-sakini-polisden-sikayetci-oldugum-ucun-kurekenimi-hebs-edibler\/#primaryimage"},"image":{"@id":"https:\/\/www.meydan.tv\/az\/article\/berde-sakini-polisden-sikayetci-oldugum-ucun-kurekenimi-hebs-edibler\/#primaryimage"},"thumbnailUrl":"https:\/\/www.meydan.tv\/wp-content\/uploads\/untitled-design-57-e1663840605256.jpg","datePublished":"2022-09-27T19:12:25+00:00","dateModified":"2022-09-27T19:12:27+00:00","breadcrumb":{"@id":"https:\/\/www.meydan.tv\/az\/article\/berde-sakini-polisden-sikayetci-oldugum-ucun-kurekenimi-hebs-edibler\/#breadcrumb"},"inLanguage":"az","potentialAction":[{"@type":"ReadAction","target":["https:\/\/www.meydan.tv\/az\/article\/berde-sakini-polisden-sikayetci-oldugum-ucun-kurekenimi-hebs-edibler\/"]}]},{"@type":"ImageObject","inLanguage":"az","@id":"https:\/\/www.meydan.tv\/az\/article\/berde-sakini-polisden-sikayetci-oldugum-ucun-kurekenimi-hebs-edibler\/#primaryimage","url":"https:\/\/www.meydan.tv\/wp-content\/uploads\/untitled-design-57-e1663840605256.jpg","contentUrl":"https:\/\/www.meydan.tv\/wp-content\/uploads\/untitled-design-57-e1663840605256.jpg","width":1200,"height":660,"caption":"Tahir\u0259 Quliyeva. Foto: Meydan TV"},{"@type":"BreadcrumbList","@id":"https:\/\/www.meydan.tv\/az\/article\/berde-sakini-polisden-sikayetci-oldugum-ucun-kurekenimi-hebs-edibler\/#breadcrumb","itemListElement":[{"@type":"ListItem","position":1,"name":"Ana s\u0259hif\u0259","item":"https:\/\/www.meydan.tv\/az\/"},{"@type":"ListItem","position":2,"name":"B\u00f6lg\u0259","item":"https:\/\/www.meydan.tv\/az\/section\/bolge\/"},{"@type":"ListItem","position":3,"name":"B\u0259rd\u0259 sakini: \u201cPolisd\u0259n \u015fikay\u0259t\u00e7i oldu\u011fum \u00fc\u00e7\u00fcn k\u00fcr\u0259k\u0259nimi h\u0259bs edibl\u0259r\u201d"}]},{"@type":"WebSite","@id":"https:\/\/www.meydan.tv\/az\/#website","url":"https:\/\/www.meydan.tv\/az\/","name":"MEYDAN.TV","description":"Meydan TV Az\u0259rbaycan\u0131n media m\u0259kan\u0131ndak\u0131 alternativ s\u0259sidir","publisher":{"@id":"https:\/\/www.meydan.tv\/az\/#organization"},"potentialAction":[{"@type":"SearchAction","target":{"@type":"EntryPoint","urlTemplate":"https:\/\/www.meydan.tv\/az\/?s={search_term_string}"},"query-input":{"@type":"PropertyValueSpecification","valueRequired":true,"valueName":"search_term_string"}}],"inLanguage":"az"},{"@type":"Organization","@id":"https:\/\/www.meydan.tv\/az\/#organization","name":"Meydan TV","url":"https:\/\/www.meydan.tv\/az\/","logo":{"@type":"ImageObject","inLanguage":"az","@id":"https:\/\/www.meydan.tv\/az\/#\/schema\/logo\/image\/","url":"https:\/\/www.meydan.tv\/wp-content\/uploads\/2021\/07\/meydan-logo.svg","contentUrl":"https:\/\/www.meydan.tv\/wp-content\/uploads\/2021\/07\/meydan-logo.svg","width":195,"height":46,"caption":"Meydan TV"},"image":{"@id":"https:\/\/www.meydan.tv\/az\/#\/schema\/logo\/image\/"}},{"@type":"Person","@id":"https:\/\/www.meydan.tv\/az\/#\/schema\/person\/9cdbecf90d17180ce1dfbd95b08dcf47","name":"elli","sameAs":["https:\/\/x.com\/elli"]}]}},"_links":{"self":[{"href":"https:\/\/www.meydan.tv\/az\/wp-json\/wp\/v2\/posts\/256815","targetHints":{"allow":["GET"]}}],"collection":[{"href":"https:\/\/www.meydan.tv\/az\/wp-json\/wp\/v2\/posts"}],"about":[{"href":"https:\/\/www.meydan.tv\/az\/wp-json\/wp\/v2\/types\/post"}],"author":[{"embeddable":true,"href":"https:\/\/www.meydan.tv\/az\/wp-json\/wp\/v2\/users\/8"}],"replies":[{"embeddable":true,"href":"https:\/\/www.meydan.tv\/az\/wp-json\/wp\/v2\/comments?post=256815"}],"version-history":[{"count":1,"href":"https:\/\/www.meydan.tv\/az\/wp-json\/wp\/v2\/posts\/256815\/revisions"}],"predecessor-version":[{"id":256816,"href":"https:\/\/www.meydan.tv\/az\/wp-json\/wp\/v2\/posts\/256815\/revisions\/256816"}],"wp:featuredmedia":[{"embeddable":true,"href":"https:\/\/www.meydan.tv\/az\/wp-json\/wp\/v2\/media\/256357"}],"wp:attachment":[{"href":"https:\/\/www.meydan.tv\/az\/wp-json\/wp\/v2\/media?parent=256815"}],"wp:term":[{"taxonomy":"category","embeddable":true,"href":"https:\/\/www.meydan.tv\/az\/wp-json\/wp\/v2\/categories?post=256815"},{"taxonomy":"post_tag","embeddable":true,"href":"https:\/\/www.meydan.tv\/az\/wp-json\/wp\/v2\/tags?post=256815"}],"curies":[{"name":"wp","href":"https:\/\/api.w.org\/{rel}","templated":true}]}}