{"id":256732,"date":"2022-09-27T15:21:17","date_gmt":"2022-09-27T11:21:17","guid":{"rendered":"https:\/\/www.meydan.tv\/?p=256732"},"modified":"2022-09-27T15:21:21","modified_gmt":"2022-09-27T11:21:21","slug":"beyleqan-sakini-mustentiq-bizden-25-min-manat-aldi-dedi-ki-prokurorluga-catib","status":"publish","type":"post","link":"https:\/\/www.meydan.tv\/az\/article\/beyleqan-sakini-mustentiq-bizden-25-min-manat-aldi-dedi-ki-prokurorluga-catib\/","title":{"rendered":"Beyl\u0259qan sakini: \u201cM\u00fcst\u0259ntiq bizd\u0259n 25 min manat ald\u0131, dedi ki, prokurorlu\u011fa \u00e7at\u0131b\u2026\u201d"},"content":{"rendered":"\n<p><\/p>\n\n\n\n<p><em>M\u0259hs\u0259ti M\u0259mm\u0259dova: \u201cProkurorlu\u011fa \u015fikay\u0259t etmi\u015f\u0259m, s\u00fcbutlar\u0131m\u0131 da \u0259lav\u0259 el\u0259mi\u015f\u0259m, baxan yoxdur\u201d<\/em><\/p>\n\n\n\n<p>Beyl\u0259qan sakini M\u0259hs\u0259ti M\u0259mm\u0259dova D\u00f6vl\u0259t S\u0259rh\u0259d Xidm\u0259tinin \u0130stintaq \u0130dar\u0259sinin m\u00fcst\u0259ntiqind\u0259n \u015fikay\u0259t\u00e7idir. O iddia edir ki, o\u011flu Faiq M\u0259mm\u0259dovu ziddiyy\u0259tli, saxta s\u00fcbutlarla cinay\u0259t m\u0259suliyy\u0259tin\u0259 c\u0259lb etm\u0259si bir yana, \u00fcst\u0259lik, onlardan ald\u0131\u011f\u0131 pulu da qaytarm\u0131r. M\u0259hs\u0259ti M\u0259mm\u0259dova m\u00fcst\u0259ntiqin c\u0259zaland\u0131r\u0131lmas\u0131 \u00fc\u00e7\u00fcn Prezident Administrasiyas\u0131, Ba\u015f Prokurorluq da daxil olmaqla, m\u00fcxt\u0259lif d\u00f6vl\u0259t orqanlar\u0131na m\u0259ktublar g\u00f6nd\u0259rib.<\/p>\n\n\n\n<p><strong>\u201cM\u0259hk\u0259m\u0259l\u0259r notarius funksiyas\u0131n\u0131 yerin\u0259 yetirdikl\u0259rini s\u00fcbut el\u0259dil\u0259r\u201d<\/strong><\/p>\n\n\n\n<p>Faiq M\u0259mm\u0259dov L\u0259nk\u0259ran A\u011f\u0131r Cinay\u0259tl\u0259r M\u0259hk\u0259m\u0259sinin h\u00f6km\u00fcyl\u0259 13 il azadl\u0131qdan m\u0259hrum edilib. Anas\u0131 deyir ki, m\u0259hk\u0259m\u0259 istintaq materiallar\u0131nda yaz\u0131lanlar\u0131 ara\u015fd\u0131rmadan, ittiham\u0131 t\u0259sdiql\u0259m\u0259kl\u0259 i\u015fini bitmi\u015f say\u0131b. M\u0259hs\u0259ti M\u0259mm\u0259dovan\u0131n s\u00f6zl\u0259rin\u0259 g\u00f6r\u0259, v\u0259kill\u0259r i\u015fin i\u00e7ind\u0259 olan saxtakarl\u0131q hallar\u0131n\u0131, ziddiyy\u0259tl\u0259ri hakiml\u0259rin n\u0259z\u0259rin\u0259 \u00e7atd\u0131r\u0131blar:<\/p>\n\n\n\n<p>\u201cT\u0259\u0259ss\u00fcf ki, m\u0259hk\u0259m\u0259l\u0259r notarius funksiyas\u0131n\u0131 yerin\u0259 yetirdikl\u0259rini \u2013 ittiham akt\u0131n\u0131 k\u00f6\u00e7\u00fcr\u00fcb, h\u00f6km\u00fc imzalamaqla m\u0259\u015f\u011ful olduqlar\u0131n\u0131 bir daha s\u00fcbut el\u0259dil\u0259r. He\u00e7 bir ara\u015fd\u0131rma apar\u0131lmad\u0131. Guya Faiq narkotiki satanlara s\u0259sli mesaj g\u00f6nd\u0259rib ki, \u201cburday\u0131q, mal\u0131 g\u0259tirin\u201d. M\u0259hk\u0259m\u0259d\u0259 v\u0259kill\u0259r h\u0259min s\u0259s yaz\u0131s\u0131n\u0131n elan olunmas\u0131n\u0131 ist\u0259di. M\u0259lum oldu ki, bel\u0259 bir s\u00fcbut yoxdur. Bu i\u015fin istintaq\u0131n\u0131 aparan m\u00fcst\u0259ntiq Nicat Acalov dedi ki, \u00f6z\u00fc h\u0259min s\u0259s\u0259 qulaq as\u0131b, amma sonra telefon bloklan\u0131b. O dedikl\u0259ri s\u0259s yaz\u0131s\u0131n\u0131n n\u0259 sur\u0259ti var, n\u0259 \u015f\u0259kli, n\u0259 videosu. Y\u0259ni ortada he\u00e7 n\u0259 yoxdur\u201d.<\/p>\n\n\n\n<p><strong>\u201cS\u0259rh\u0259d\u00e7il\u0259r bu adamlar\u0131 gec\u0259-g\u00fcnd\u00fcz yanlar\u0131nda g\u0259zidirirl\u0259r?\u201d<\/strong><\/p>\n\n\n\n<p>M\u0259hs\u0259ti M\u0259mm\u0259dova cinay\u0259t i\u015finin materiallar\u0131nda olan ba\u015fqa bir m\u0259qama da diqq\u0259t \u00e7\u0259kib. O bildirib ki, bax\u0131\u015f protokollar\u0131nda yaln\u0131z m\u00fcst\u0259ntiqin imzas\u0131 var, t\u0259qsirl\u0259ndiril\u0259n Faiq M\u0259mm\u0259dovun, onun v\u0259kilinin imzas\u0131 yoxdur:<\/p>\n\n\n\n<p>\u201cYaz\u0131l\u0131b ki, filank\u0259sin i\u015ftirak\u0131yla bax\u0131\u015f ke\u00e7irildi, amma h\u0259min adamlar\u0131n imzas\u0131 yoxdur. Ba\u015fqa bir saxtakarl\u0131q hal \u015fahidl\u0259ril\u0259 ba\u011fl\u0131d\u0131r. Sentyabr\u0131n 25-d\u0259 saat 9-da El\u015f\u0259n S\u00fcleymanov \u0130ranla s\u0259rh\u0259dd\u0259 da\u011fda saxlan\u0131landa oradak\u0131 protokola imza atm\u0131\u015f hal \u015fahidl\u0259ri 9 saat sonra Beyl\u0259qan\u0131n m\u0259rk\u0259zind\u0259 Faiq tutulanda da s\u0259n\u0259dl\u0259ri imzalay\u0131b. Bel\u0259 \u00e7\u0131x\u0131r ki, bu adamlar gec\u0259-g\u00fcnd\u00fcz s\u0259rh\u0259d\u00e7il\u0259rin yan\u0131nda g\u0259zir?! M\u0259hk\u0259m\u0259 bu dediyim v\u0259 dem\u0259diyim xeyli pozuntular\u0131 g\u00f6rm\u0259zd\u0259n g\u0259ldi\u2026\u201d<\/p>\n\n\n\n<p><strong>\u201cM\u00fcst\u0259ntiq\u0259 25 min verildiyini t\u0259sdiql\u0259y\u0259n s\u00fcbutlar\u0131m var\u201d<\/strong><\/p>\n\n\n\n<p>M\u0259hs\u0259ti M\u0259mm\u0259dova iddia edir ki, o\u011flunun t\u0259qsirsiz oldu\u011funu m\u00fcst\u0259ntiq d\u0259 onlarla s\u00f6hb\u0259tl\u0259rd\u0259 dil\u0259 g\u0259tirirdi. Amma onu azadl\u0131\u011fa buraxmaq \u00fc\u00e7\u00fcn \u201cyuxar\u0131lar\u0131\u201d raz\u0131 salma\u011f\u0131n vacib oldu\u011funu deyirdi:<\/p>\n\n\n\n<p>\u201cV\u0259kil vasit\u0259sil\u0259 bizd\u0259n 25 min manat pul ist\u0259di. T\u0259kc\u0259 v\u0259kilin fikri deyildi, ki\u00e7ik o\u011flum \u015eaiql\u0259 bac\u0131m o\u011flu da v\u0259kill\u0259 birlikd\u0259 m\u00fcst\u0259ntiql\u0259 g\u00f6r\u00fc\u015fm\u00fc\u015fd\u00fc. Onlar\u0131n da yan\u0131nda demi\u015fdi ki, \u201cyuxar\u0131lar m\u0259nd\u0259n, m\u0259n v\u0259kild\u0259n, v\u0259kil d\u0259 sizd\u0259n cavab g\u00f6zl\u0259yir\u201d. Birinci d\u0259f\u0259 15 min d\u00fcz\u0259ltdik, o\u011flumla v\u0259kil DSX-n\u0131n binas\u0131n\u0131n h\u0259y\u0259tind\u0259 verdi. Bir ne\u00e7\u0259 g\u00fcn sonra \u00f6z\u00fcm Opera v\u0259 Balet Teatr\u0131n\u0131n yan\u0131nda Nicatla g\u00f6r\u00fc\u015f\u00fcb 5 min verdim. N\u00f6vb\u0259ti d\u0259f\u0259 Nicat \u00f6z maa\u015f kart\u0131n\u0131 biz\u0259 g\u00f6nd\u0259rdi, 1600 manat da onun kart\u0131na k\u00f6\u00e7\u00fcrd\u00fck. Bunun q\u0259bzi d\u0259 var. Qalan 2 min dollar\u0131 da bac\u0131m o\u011flu m\u00fcst\u0259ntiq\u0259 vermi\u015fdi\u2026\u201d.<\/p>\n\n\n\n<figure class=\"wp-block-image size-full\"><img decoding=\"async\" width=\"1200\" height=\"753\" data-src=\"https:\/\/www.meydan.tv\/wp-content\/uploads\/photo-2022-09-26-10-25-59.jpg\" alt=\"\" class=\"wp-image-256722 lazyload\" src=\"data:image\/svg+xml;base64,PHN2ZyB3aWR0aD0iMSIgaGVpZ2h0PSIxIiB4bWxucz0iaHR0cDovL3d3dy53My5vcmcvMjAwMC9zdmciPjwvc3ZnPg==\" style=\"--smush-placeholder-width: 1200px; --smush-placeholder-aspect-ratio: 1200\/753;\" \/><figcaption>Foto: Faiq M\u0259mm\u0259dovun yax\u0131nlar\u0131n\u0131n arxivind\u0259n<\/figcaption><\/figure>\n\n\n\n<p>\u015eikay\u0259t\u00e7inin iddias\u0131na g\u00f6r\u0259, dedikl\u0259rini t\u0259sdiq ed\u0259n s\u00fcbutlar\u0131, s\u0259s yaz\u0131lar\u0131 var. Ana deyir ki, m\u00fcst\u0259ntiq uzun m\u00fcdd\u0259t onlar\u0131 aldad\u0131b, o\u011flunun i\u015f \u00fczr\u0259 istintaq\u0131n tamamland\u0131\u011f\u0131n\u0131, i\u015fin art\u0131q m\u0259hk\u0259m\u0259y\u0259 g\u00f6nd\u0259rildiyini bilm\u0259yibl\u0259r. Art\u0131q m\u0259hk\u0259m\u0259 ba\u015flayanda aldad\u0131ld\u0131qlar\u0131n\u0131 ba\u015fa d\u00fc\u015f\u00fcb, m\u00fcst\u0259ntiqd\u0259n pulu geri ist\u0259yibl\u0259r. M\u0259hs\u0259ti M\u0259mm\u0259dovan\u0131n dediyin\u0259 g\u00f6r\u0259, m\u00fcst\u0259ntiq ald\u0131\u011f\u0131 pullar\u0131 qaytarmay\u0131b:<\/p>\n\n\n\n<p>\u201cDedi ki, \u201cpulun ham\u0131s\u0131n\u0131 Ba\u015f Prokurorlu\u011fa vermi\u015f\u0259m, geri ala bilmir\u0259m\u201d. Bunlar\u0131n ham\u0131s\u0131 s\u0259s yaz\u0131lar\u0131nda da var. Deyirdi ki, prokurorluq n\u0259 deyirs\u0259, onu el\u0259yirik. Nicat Acalovun bu h\u0259r\u0259k\u0259tl\u0259ri haqda d\u0259f\u0259l\u0259rl\u0259 prokurorlu\u011fa m\u00fcraci\u0259t el\u0259mi\u015f\u0259m. He\u00e7 bir n\u0259tic\u0259 yoxdur. \u018friz\u0259mizi D\u00f6vl\u0259t S\u0259rh\u0259d Xidm\u0259tin\u0259 y\u00f6nl\u0259ndirirl\u0259r. Oradan da cavab ala bilmirik. Q\u0259bz v\u0259 ba\u015fqa s\u00fcbutlar\u0131 da \u0259riz\u0259y\u0259 \u0259lav\u0259 edirik, baxan yoxdur\u201d.<\/p>\n\n\n\n<p>Faiq M\u0259mm\u0259dov haqq\u0131nda h\u00f6km\u00fc apelyasiya instansiyas\u0131 da q\u00fcvv\u0259d\u0259 saxlay\u0131b. V\u0259kili bu i\u015fl\u0259 \u0259laq\u0259dar yax\u0131n vaxtlarda Ali M\u0259hk\u0259m\u0259y\u0259 kassasiya \u015fikay\u0259ti g\u00f6nd\u0259r\u0259c\u0259k.<\/p>\n\n\n\n<p><strong>Prokurorluq v\u0259 D\u00f6vl\u0259t S\u0259rh\u0259d Xidm\u0259ti deyil\u0259nl\u0259ri t\u0259kzib edir<\/strong><\/p>\n\n\n\n<p>Ba\u015f Prokurorlu\u011fun m\u0259tbuat xidm\u0259tind\u0259n M\u0259hs\u0259ti M\u0259mm\u0259dovan\u0131n iddialar\u0131yla ba\u011fl\u0131 sor\u011fuya cavab olaraq bildirilib ki, onun m\u00fcraci\u0259ti \u00fczr\u0259 ara\u015fd\u0131rma apar\u0131l\u0131b, g\u00f6st\u0259rdiyi x\u00fcsusatlar t\u0259sdiqini tapmay\u0131b:<\/p>\n\n\n\n<p>\u201cL\u0259nk\u0259ran A\u011f\u0131r Cinay\u0259tl\u0259r M\u0259hk\u0259m\u0259sinin h\u00f6km\u00fc il\u0259 M\u0259mm\u0259dov Faiq F\u0259rman o\u011flu Cinay\u0259t M\u0259c\u0259ll\u0259sinin 206.3.2, 234.4.1 v\u0259 234.4.3-c\u00fc (qa\u00e7aqmal\u00e7\u0131l\u0131q; bir qrup \u015f\u0259xs t\u0259r\u0259find\u0259n v\u0259 sat\u0131\u015f m\u0259qs\u0259dil\u0259 k\u00fclli miqdarda narkotik \u0259ld\u0259 etm\u0259, saxlama) madd\u0259l\u0259ri il\u0259 t\u0259qsirli bilinib, 13 il azadl\u0131qdan m\u0259hrum edilib. V\u0259t\u0259nda\u015f\u0131n m\u00fcraci\u0259tind\u0259 qeyd etdiyi dig\u0259r x\u00fcsusatlar is\u0259 \u00f6z t\u0259sdiqini tapmay\u0131b\u201d.<\/p>\n\n\n\n<p>D\u00f6vl\u0259t S\u0259rh\u0259d Xidm\u0259ti d\u0259 M\u0259hs\u0259ti M\u0259mm\u0259dovan\u0131n dedikl\u0259rini t\u0259kzib edib: \u201cQeyd edil\u0259n fikirl\u0259r h\u0259qiq\u0259ti \u0259ks etdirmir\u201d.<\/p>\n\n\n\n<p>Bu qurumdan onu da bildiribl\u0259r ki, m\u0259s\u0259l\u0259 il\u0259 \u0259laq\u0259dar Ba\u015f Prokurorluqda ara\u015fd\u0131rma apar\u0131l\u0131r.<\/p>\n\n\n\n<p>M\u0259hs\u0259ti M\u0259mm\u0259dova is\u0259 deyir ki, \u0259g\u0259r h\u00fcquq-m\u00fchafiz\u0259 orqanlar\u0131 t\u0259dbir g\u00f6rm\u0259s\u0259, \u0259lind\u0259ki s\u00fcbutlar\u0131 ictimaiyy\u0259t\u0259 a\u00e7\u0131qlayacaq.<\/p>\n","protected":false},"excerpt":{"rendered":"<p>M\u0259hs\u0259ti M\u0259mm\u0259dova: \u201cProkurorlu\u011fa \u015fikay\u0259t etmi\u015f\u0259m, s\u00fcbutlar\u0131m\u0131 da \u0259lav\u0259 el\u0259mi\u015f\u0259m, baxan &#8230; <\/p>\n<p class=\"read-more-container\"><a title=\"Beyl\u0259qan sakini: \u201cM\u00fcst\u0259ntiq bizd\u0259n 25 min manat ald\u0131, dedi ki, prokurorlu\u011fa \u00e7at\u0131b\u2026\u201d\" class=\"read-more button\" href=\"https:\/\/www.meydan.tv\/az\/article\/beyleqan-sakini-mustentiq-bizden-25-min-manat-aldi-dedi-ki-prokurorluga-catib\/#more-256732\" aria-label=\"Read more about Beyl\u0259qan sakini: \u201cM\u00fcst\u0259ntiq bizd\u0259n 25 min manat ald\u0131, dedi ki, prokurorlu\u011fa \u00e7at\u0131b\u2026\u201d\">Davam\u0131<\/a><\/p>\n","protected":false},"author":8,"featured_media":256725,"comment_status":"closed","ping_status":"closed","sticky":false,"template":"","format":"standard","meta":{"_acf_changed":false,"_sitemap_exclude":false,"_sitemap_priority":"","_sitemap_frequency":"","footnotes":""},"categories":[60,88,56],"tags":[],"class_list":["post-256732","post","type-post","status-publish","format-standard","has-post-thumbnail","hentry","category-bolge","category-redaktor-secimi","category-xeberler","infinite-scroll-item","generate-columns","tablet-grid-50","mobile-grid-100","grid-parent","grid-33","no-featured-image-padding"],"acf":[],"yoast_head":"<!-- This site is optimized with the Yoast SEO plugin v27.5 - https:\/\/yoast.com\/product\/yoast-seo-wordpress\/ -->\n<title>Beyl\u0259qan sakini: \u201cM\u00fcst\u0259ntiq bizd\u0259n 25 min manat ald\u0131, dedi ki, prokurorlu\u011fa \u00e7at\u0131b\u2026\u201d - MEYDAN.TV<\/title>\n<meta name=\"robots\" content=\"index, follow, max-snippet:-1, max-image-preview:large, max-video-preview:-1\" \/>\n<link rel=\"canonical\" href=\"https:\/\/www.meydan.tv\/az\/article\/beyleqan-sakini-mustentiq-bizden-25-min-manat-aldi-dedi-ki-prokurorluga-catib\/\" \/>\n<meta property=\"og:locale\" content=\"az_AZ\" \/>\n<meta property=\"og:type\" content=\"article\" \/>\n<meta property=\"og:title\" content=\"Beyl\u0259qan sakini: \u201cM\u00fcst\u0259ntiq bizd\u0259n 25 min manat ald\u0131, dedi ki, prokurorlu\u011fa \u00e7at\u0131b\u2026\u201d - MEYDAN.TV\" \/>\n<meta property=\"og:description\" content=\"M\u0259hs\u0259ti M\u0259mm\u0259dova: \u201cProkurorlu\u011fa \u015fikay\u0259t etmi\u015f\u0259m, s\u00fcbutlar\u0131m\u0131 da \u0259lav\u0259 el\u0259mi\u015f\u0259m, baxan ... Davam\u0131\" \/>\n<meta property=\"og:url\" content=\"https:\/\/www.meydan.tv\/az\/article\/beyleqan-sakini-mustentiq-bizden-25-min-manat-aldi-dedi-ki-prokurorluga-catib\/\" \/>\n<meta property=\"og:site_name\" content=\"MEYDAN.TV\" \/>\n<meta property=\"article:published_time\" content=\"2022-09-27T11:21:17+00:00\" \/>\n<meta property=\"article:modified_time\" content=\"2022-09-27T11:21:21+00:00\" \/>\n<meta property=\"og:image\" content=\"https:\/\/www.meydan.tv\/wp-content\/uploads\/photo-2022-09-26-10-25-58-e1664277666197.jpg\" \/>\n\t<meta property=\"og:image:width\" content=\"1200\" \/>\n\t<meta property=\"og:image:height\" content=\"534\" \/>\n\t<meta property=\"og:image:type\" content=\"image\/jpeg\" \/>\n<meta name=\"author\" content=\"elli\" \/>\n<meta name=\"twitter:card\" content=\"summary_large_image\" \/>\n<meta name=\"twitter:creator\" content=\"@elli\" \/>\n<script type=\"application\/ld+json\" class=\"yoast-schema-graph\">{\"@context\":\"https:\\\/\\\/schema.org\",\"@graph\":[{\"@type\":\"Article\",\"@id\":\"https:\\\/\\\/www.meydan.tv\\\/az\\\/article\\\/beyleqan-sakini-mustentiq-bizden-25-min-manat-aldi-dedi-ki-prokurorluga-catib\\\/#article\",\"isPartOf\":{\"@id\":\"https:\\\/\\\/www.meydan.tv\\\/az\\\/article\\\/beyleqan-sakini-mustentiq-bizden-25-min-manat-aldi-dedi-ki-prokurorluga-catib\\\/\"},\"author\":{\"name\":\"elli\",\"@id\":\"https:\\\/\\\/www.meydan.tv\\\/az\\\/#\\\/schema\\\/person\\\/9cdbecf90d17180ce1dfbd95b08dcf47\"},\"headline\":\"Beyl\u0259qan sakini: \u201cM\u00fcst\u0259ntiq bizd\u0259n 25 min manat ald\u0131, dedi ki, prokurorlu\u011fa \u00e7at\u0131b\u2026\u201d\",\"datePublished\":\"2022-09-27T11:21:17+00:00\",\"dateModified\":\"2022-09-27T11:21:21+00:00\",\"mainEntityOfPage\":{\"@id\":\"https:\\\/\\\/www.meydan.tv\\\/az\\\/article\\\/beyleqan-sakini-mustentiq-bizden-25-min-manat-aldi-dedi-ki-prokurorluga-catib\\\/\"},\"wordCount\":1207,\"publisher\":{\"@id\":\"https:\\\/\\\/www.meydan.tv\\\/az\\\/#organization\"},\"image\":{\"@id\":\"https:\\\/\\\/www.meydan.tv\\\/az\\\/article\\\/beyleqan-sakini-mustentiq-bizden-25-min-manat-aldi-dedi-ki-prokurorluga-catib\\\/#primaryimage\"},\"thumbnailUrl\":\"https:\\\/\\\/www.meydan.tv\\\/wp-content\\\/uploads\\\/photo-2022-09-26-10-25-58-e1664277666197.jpg\",\"articleSection\":[\"B\u00f6lg\u0259\",\"Redaktor se\u00e7imi\",\"X\u0259b\u0259rl\u0259r\"],\"inLanguage\":\"az\"},{\"@type\":\"WebPage\",\"@id\":\"https:\\\/\\\/www.meydan.tv\\\/az\\\/article\\\/beyleqan-sakini-mustentiq-bizden-25-min-manat-aldi-dedi-ki-prokurorluga-catib\\\/\",\"url\":\"https:\\\/\\\/www.meydan.tv\\\/az\\\/article\\\/beyleqan-sakini-mustentiq-bizden-25-min-manat-aldi-dedi-ki-prokurorluga-catib\\\/\",\"name\":\"Beyl\u0259qan sakini: \u201cM\u00fcst\u0259ntiq bizd\u0259n 25 min manat ald\u0131, dedi ki, prokurorlu\u011fa \u00e7at\u0131b\u2026\u201d - MEYDAN.TV\",\"isPartOf\":{\"@id\":\"https:\\\/\\\/www.meydan.tv\\\/az\\\/#website\"},\"primaryImageOfPage\":{\"@id\":\"https:\\\/\\\/www.meydan.tv\\\/az\\\/article\\\/beyleqan-sakini-mustentiq-bizden-25-min-manat-aldi-dedi-ki-prokurorluga-catib\\\/#primaryimage\"},\"image\":{\"@id\":\"https:\\\/\\\/www.meydan.tv\\\/az\\\/article\\\/beyleqan-sakini-mustentiq-bizden-25-min-manat-aldi-dedi-ki-prokurorluga-catib\\\/#primaryimage\"},\"thumbnailUrl\":\"https:\\\/\\\/www.meydan.tv\\\/wp-content\\\/uploads\\\/photo-2022-09-26-10-25-58-e1664277666197.jpg\",\"datePublished\":\"2022-09-27T11:21:17+00:00\",\"dateModified\":\"2022-09-27T11:21:21+00:00\",\"breadcrumb\":{\"@id\":\"https:\\\/\\\/www.meydan.tv\\\/az\\\/article\\\/beyleqan-sakini-mustentiq-bizden-25-min-manat-aldi-dedi-ki-prokurorluga-catib\\\/#breadcrumb\"},\"inLanguage\":\"az\",\"potentialAction\":[{\"@type\":\"ReadAction\",\"target\":[\"https:\\\/\\\/www.meydan.tv\\\/az\\\/article\\\/beyleqan-sakini-mustentiq-bizden-25-min-manat-aldi-dedi-ki-prokurorluga-catib\\\/\"]}]},{\"@type\":\"ImageObject\",\"inLanguage\":\"az\",\"@id\":\"https:\\\/\\\/www.meydan.tv\\\/az\\\/article\\\/beyleqan-sakini-mustentiq-bizden-25-min-manat-aldi-dedi-ki-prokurorluga-catib\\\/#primaryimage\",\"url\":\"https:\\\/\\\/www.meydan.tv\\\/wp-content\\\/uploads\\\/photo-2022-09-26-10-25-58-e1664277666197.jpg\",\"contentUrl\":\"https:\\\/\\\/www.meydan.tv\\\/wp-content\\\/uploads\\\/photo-2022-09-26-10-25-58-e1664277666197.jpg\",\"width\":1200,\"height\":534,\"caption\":\"Foto: Faiq M\u0259mm\u0259dovun yax\u0131nlar\u0131n\u0131n arxivind\u0259n\"},{\"@type\":\"BreadcrumbList\",\"@id\":\"https:\\\/\\\/www.meydan.tv\\\/az\\\/article\\\/beyleqan-sakini-mustentiq-bizden-25-min-manat-aldi-dedi-ki-prokurorluga-catib\\\/#breadcrumb\",\"itemListElement\":[{\"@type\":\"ListItem\",\"position\":1,\"name\":\"Ana s\u0259hif\u0259\",\"item\":\"https:\\\/\\\/www.meydan.tv\\\/az\\\/\"},{\"@type\":\"ListItem\",\"position\":2,\"name\":\"B\u00f6lg\u0259\",\"item\":\"https:\\\/\\\/www.meydan.tv\\\/az\\\/section\\\/bolge\\\/\"},{\"@type\":\"ListItem\",\"position\":3,\"name\":\"Beyl\u0259qan sakini: \u201cM\u00fcst\u0259ntiq bizd\u0259n 25 min manat ald\u0131, dedi ki, prokurorlu\u011fa \u00e7at\u0131b\u2026\u201d\"}]},{\"@type\":\"WebSite\",\"@id\":\"https:\\\/\\\/www.meydan.tv\\\/az\\\/#website\",\"url\":\"https:\\\/\\\/www.meydan.tv\\\/az\\\/\",\"name\":\"MEYDAN.TV\",\"description\":\"Meydan TV Az\u0259rbaycan\u0131n media m\u0259kan\u0131ndak\u0131 alternativ s\u0259sidir\",\"publisher\":{\"@id\":\"https:\\\/\\\/www.meydan.tv\\\/az\\\/#organization\"},\"potentialAction\":[{\"@type\":\"SearchAction\",\"target\":{\"@type\":\"EntryPoint\",\"urlTemplate\":\"https:\\\/\\\/www.meydan.tv\\\/az\\\/?s={search_term_string}\"},\"query-input\":{\"@type\":\"PropertyValueSpecification\",\"valueRequired\":true,\"valueName\":\"search_term_string\"}}],\"inLanguage\":\"az\"},{\"@type\":\"Organization\",\"@id\":\"https:\\\/\\\/www.meydan.tv\\\/az\\\/#organization\",\"name\":\"Meydan TV\",\"url\":\"https:\\\/\\\/www.meydan.tv\\\/az\\\/\",\"logo\":{\"@type\":\"ImageObject\",\"inLanguage\":\"az\",\"@id\":\"https:\\\/\\\/www.meydan.tv\\\/az\\\/#\\\/schema\\\/logo\\\/image\\\/\",\"url\":\"https:\\\/\\\/www.meydan.tv\\\/wp-content\\\/uploads\\\/2021\\\/07\\\/meydan-logo.svg\",\"contentUrl\":\"https:\\\/\\\/www.meydan.tv\\\/wp-content\\\/uploads\\\/2021\\\/07\\\/meydan-logo.svg\",\"width\":195,\"height\":46,\"caption\":\"Meydan TV\"},\"image\":{\"@id\":\"https:\\\/\\\/www.meydan.tv\\\/az\\\/#\\\/schema\\\/logo\\\/image\\\/\"}},{\"@type\":\"Person\",\"@id\":\"https:\\\/\\\/www.meydan.tv\\\/az\\\/#\\\/schema\\\/person\\\/9cdbecf90d17180ce1dfbd95b08dcf47\",\"name\":\"elli\",\"sameAs\":[\"https:\\\/\\\/x.com\\\/elli\"]}]}<\/script>\n<!-- \/ Yoast SEO plugin. -->","yoast_head_json":{"title":"Beyl\u0259qan sakini: \u201cM\u00fcst\u0259ntiq bizd\u0259n 25 min manat ald\u0131, dedi ki, prokurorlu\u011fa \u00e7at\u0131b\u2026\u201d - MEYDAN.TV","robots":{"index":"index","follow":"follow","max-snippet":"max-snippet:-1","max-image-preview":"max-image-preview:large","max-video-preview":"max-video-preview:-1"},"canonical":"https:\/\/www.meydan.tv\/az\/article\/beyleqan-sakini-mustentiq-bizden-25-min-manat-aldi-dedi-ki-prokurorluga-catib\/","og_locale":"az_AZ","og_type":"article","og_title":"Beyl\u0259qan sakini: \u201cM\u00fcst\u0259ntiq bizd\u0259n 25 min manat ald\u0131, dedi ki, prokurorlu\u011fa \u00e7at\u0131b\u2026\u201d - MEYDAN.TV","og_description":"M\u0259hs\u0259ti M\u0259mm\u0259dova: \u201cProkurorlu\u011fa \u015fikay\u0259t etmi\u015f\u0259m, s\u00fcbutlar\u0131m\u0131 da \u0259lav\u0259 el\u0259mi\u015f\u0259m, baxan ... Davam\u0131","og_url":"https:\/\/www.meydan.tv\/az\/article\/beyleqan-sakini-mustentiq-bizden-25-min-manat-aldi-dedi-ki-prokurorluga-catib\/","og_site_name":"MEYDAN.TV","article_published_time":"2022-09-27T11:21:17+00:00","article_modified_time":"2022-09-27T11:21:21+00:00","og_image":[{"width":1200,"height":534,"url":"https:\/\/www.meydan.tv\/wp-content\/uploads\/photo-2022-09-26-10-25-58-e1664277666197.jpg","type":"image\/jpeg"}],"author":"elli","twitter_card":"summary_large_image","twitter_creator":"@elli","schema":{"@context":"https:\/\/schema.org","@graph":[{"@type":"Article","@id":"https:\/\/www.meydan.tv\/az\/article\/beyleqan-sakini-mustentiq-bizden-25-min-manat-aldi-dedi-ki-prokurorluga-catib\/#article","isPartOf":{"@id":"https:\/\/www.meydan.tv\/az\/article\/beyleqan-sakini-mustentiq-bizden-25-min-manat-aldi-dedi-ki-prokurorluga-catib\/"},"author":{"name":"elli","@id":"https:\/\/www.meydan.tv\/az\/#\/schema\/person\/9cdbecf90d17180ce1dfbd95b08dcf47"},"headline":"Beyl\u0259qan sakini: \u201cM\u00fcst\u0259ntiq bizd\u0259n 25 min manat ald\u0131, dedi ki, prokurorlu\u011fa \u00e7at\u0131b\u2026\u201d","datePublished":"2022-09-27T11:21:17+00:00","dateModified":"2022-09-27T11:21:21+00:00","mainEntityOfPage":{"@id":"https:\/\/www.meydan.tv\/az\/article\/beyleqan-sakini-mustentiq-bizden-25-min-manat-aldi-dedi-ki-prokurorluga-catib\/"},"wordCount":1207,"publisher":{"@id":"https:\/\/www.meydan.tv\/az\/#organization"},"image":{"@id":"https:\/\/www.meydan.tv\/az\/article\/beyleqan-sakini-mustentiq-bizden-25-min-manat-aldi-dedi-ki-prokurorluga-catib\/#primaryimage"},"thumbnailUrl":"https:\/\/www.meydan.tv\/wp-content\/uploads\/photo-2022-09-26-10-25-58-e1664277666197.jpg","articleSection":["B\u00f6lg\u0259","Redaktor se\u00e7imi","X\u0259b\u0259rl\u0259r"],"inLanguage":"az"},{"@type":"WebPage","@id":"https:\/\/www.meydan.tv\/az\/article\/beyleqan-sakini-mustentiq-bizden-25-min-manat-aldi-dedi-ki-prokurorluga-catib\/","url":"https:\/\/www.meydan.tv\/az\/article\/beyleqan-sakini-mustentiq-bizden-25-min-manat-aldi-dedi-ki-prokurorluga-catib\/","name":"Beyl\u0259qan sakini: \u201cM\u00fcst\u0259ntiq bizd\u0259n 25 min manat ald\u0131, dedi ki, prokurorlu\u011fa \u00e7at\u0131b\u2026\u201d - MEYDAN.TV","isPartOf":{"@id":"https:\/\/www.meydan.tv\/az\/#website"},"primaryImageOfPage":{"@id":"https:\/\/www.meydan.tv\/az\/article\/beyleqan-sakini-mustentiq-bizden-25-min-manat-aldi-dedi-ki-prokurorluga-catib\/#primaryimage"},"image":{"@id":"https:\/\/www.meydan.tv\/az\/article\/beyleqan-sakini-mustentiq-bizden-25-min-manat-aldi-dedi-ki-prokurorluga-catib\/#primaryimage"},"thumbnailUrl":"https:\/\/www.meydan.tv\/wp-content\/uploads\/photo-2022-09-26-10-25-58-e1664277666197.jpg","datePublished":"2022-09-27T11:21:17+00:00","dateModified":"2022-09-27T11:21:21+00:00","breadcrumb":{"@id":"https:\/\/www.meydan.tv\/az\/article\/beyleqan-sakini-mustentiq-bizden-25-min-manat-aldi-dedi-ki-prokurorluga-catib\/#breadcrumb"},"inLanguage":"az","potentialAction":[{"@type":"ReadAction","target":["https:\/\/www.meydan.tv\/az\/article\/beyleqan-sakini-mustentiq-bizden-25-min-manat-aldi-dedi-ki-prokurorluga-catib\/"]}]},{"@type":"ImageObject","inLanguage":"az","@id":"https:\/\/www.meydan.tv\/az\/article\/beyleqan-sakini-mustentiq-bizden-25-min-manat-aldi-dedi-ki-prokurorluga-catib\/#primaryimage","url":"https:\/\/www.meydan.tv\/wp-content\/uploads\/photo-2022-09-26-10-25-58-e1664277666197.jpg","contentUrl":"https:\/\/www.meydan.tv\/wp-content\/uploads\/photo-2022-09-26-10-25-58-e1664277666197.jpg","width":1200,"height":534,"caption":"Foto: Faiq M\u0259mm\u0259dovun yax\u0131nlar\u0131n\u0131n arxivind\u0259n"},{"@type":"BreadcrumbList","@id":"https:\/\/www.meydan.tv\/az\/article\/beyleqan-sakini-mustentiq-bizden-25-min-manat-aldi-dedi-ki-prokurorluga-catib\/#breadcrumb","itemListElement":[{"@type":"ListItem","position":1,"name":"Ana s\u0259hif\u0259","item":"https:\/\/www.meydan.tv\/az\/"},{"@type":"ListItem","position":2,"name":"B\u00f6lg\u0259","item":"https:\/\/www.meydan.tv\/az\/section\/bolge\/"},{"@type":"ListItem","position":3,"name":"Beyl\u0259qan sakini: \u201cM\u00fcst\u0259ntiq bizd\u0259n 25 min manat ald\u0131, dedi ki, prokurorlu\u011fa \u00e7at\u0131b\u2026\u201d"}]},{"@type":"WebSite","@id":"https:\/\/www.meydan.tv\/az\/#website","url":"https:\/\/www.meydan.tv\/az\/","name":"MEYDAN.TV","description":"Meydan TV Az\u0259rbaycan\u0131n media m\u0259kan\u0131ndak\u0131 alternativ s\u0259sidir","publisher":{"@id":"https:\/\/www.meydan.tv\/az\/#organization"},"potentialAction":[{"@type":"SearchAction","target":{"@type":"EntryPoint","urlTemplate":"https:\/\/www.meydan.tv\/az\/?s={search_term_string}"},"query-input":{"@type":"PropertyValueSpecification","valueRequired":true,"valueName":"search_term_string"}}],"inLanguage":"az"},{"@type":"Organization","@id":"https:\/\/www.meydan.tv\/az\/#organization","name":"Meydan TV","url":"https:\/\/www.meydan.tv\/az\/","logo":{"@type":"ImageObject","inLanguage":"az","@id":"https:\/\/www.meydan.tv\/az\/#\/schema\/logo\/image\/","url":"https:\/\/www.meydan.tv\/wp-content\/uploads\/2021\/07\/meydan-logo.svg","contentUrl":"https:\/\/www.meydan.tv\/wp-content\/uploads\/2021\/07\/meydan-logo.svg","width":195,"height":46,"caption":"Meydan TV"},"image":{"@id":"https:\/\/www.meydan.tv\/az\/#\/schema\/logo\/image\/"}},{"@type":"Person","@id":"https:\/\/www.meydan.tv\/az\/#\/schema\/person\/9cdbecf90d17180ce1dfbd95b08dcf47","name":"elli","sameAs":["https:\/\/x.com\/elli"]}]}},"_links":{"self":[{"href":"https:\/\/www.meydan.tv\/az\/wp-json\/wp\/v2\/posts\/256732","targetHints":{"allow":["GET"]}}],"collection":[{"href":"https:\/\/www.meydan.tv\/az\/wp-json\/wp\/v2\/posts"}],"about":[{"href":"https:\/\/www.meydan.tv\/az\/wp-json\/wp\/v2\/types\/post"}],"author":[{"embeddable":true,"href":"https:\/\/www.meydan.tv\/az\/wp-json\/wp\/v2\/users\/8"}],"replies":[{"embeddable":true,"href":"https:\/\/www.meydan.tv\/az\/wp-json\/wp\/v2\/comments?post=256732"}],"version-history":[{"count":1,"href":"https:\/\/www.meydan.tv\/az\/wp-json\/wp\/v2\/posts\/256732\/revisions"}],"predecessor-version":[{"id":256733,"href":"https:\/\/www.meydan.tv\/az\/wp-json\/wp\/v2\/posts\/256732\/revisions\/256733"}],"wp:featuredmedia":[{"embeddable":true,"href":"https:\/\/www.meydan.tv\/az\/wp-json\/wp\/v2\/media\/256725"}],"wp:attachment":[{"href":"https:\/\/www.meydan.tv\/az\/wp-json\/wp\/v2\/media?parent=256732"}],"wp:term":[{"taxonomy":"category","embeddable":true,"href":"https:\/\/www.meydan.tv\/az\/wp-json\/wp\/v2\/categories?post=256732"},{"taxonomy":"post_tag","embeddable":true,"href":"https:\/\/www.meydan.tv\/az\/wp-json\/wp\/v2\/tags?post=256732"}],"curies":[{"name":"wp","href":"https:\/\/api.w.org\/{rel}","templated":true}]}}