{"id":256656,"date":"2022-09-27T13:09:06","date_gmt":"2022-09-27T09:09:06","guid":{"rendered":"https:\/\/www.meydan.tv\/?p=256656"},"modified":"2022-09-27T13:09:09","modified_gmt":"2022-09-27T09:09:09","slug":"azerbaycanda-trans-qadinlarin-problemlerini-eks-etdiren-film-beynelxalq-festivalda","status":"publish","type":"post","link":"https:\/\/www.meydan.tv\/az\/article\/azerbaycanda-trans-qadinlarin-problemlerini-eks-etdiren-film-beynelxalq-festivalda\/","title":{"rendered":"Az\u0259rbaycanda trans qad\u0131nlar\u0131n probleml\u0259rini \u0259ks etdir\u0259n film beyn\u0259lxalq festivalda"},"content":{"rendered":"\n<p><\/p>\n\n\n\n<p><em>Filmin rejissoru V\u00fcsal\u0259 Hac\u0131yeva, produseri is\u0259 Durna S\u0259f\u0259rovad\u0131r<\/em><\/p>\n\n\n\n<p>Az\u0259rbaycanda trans qad\u0131nlar\u0131n ortaq t\u0259cr\u00fcb\u0259l\u0259ri v\u0259 probleml\u0259rini \u0259ks etdir\u0259n \u201cDov\u015fan getm\u0259k q\u0259rar\u0131na g\u0259lir\u201d s\u0259n\u0259dli-eksperimental filmi beyn\u0259lxalq festivalda n\u00fcmayi\u015f olunacaq.<\/p>\n\n\n\n<p>Sentyabr\u0131n 28-d\u0259 Norve\u00e7in Oslo\/Fusion Beyn\u0259lxalq Film Festival\u0131nda (Oslo\/Fusion International Film Festival) d\u00fcnya premyeras\u0131 olacaq filmin rejissoru V\u00fcsal\u0259 Hac\u0131yeva, produseri is\u0259 Durna S\u0259f\u0259rovad\u0131r.<\/p>\n\n\n\n<p>N\u00fcmayi\u015fd\u0259n sonra filmin yarad\u0131c\u0131 hey\u0259ti il\u0259 Az\u0259rbaycanda kuirl\u0259rin v\u0259ziyy\u0259ti bar\u0259d\u0259 m\u00fczakir\u0259 t\u0259\u015fkil edil\u0259c\u0259k.<\/p>\n\n\n\n<p>\u201cFilmi \u00e7\u0259km\u0259kd\u0259 m\u0259qs\u0259di ilk olaraq ba\u015f ver\u0259nl\u0259ri \u015f\u0259xsi z\u0259mind\u0259 \u00f6z\u00fcm \u00fc\u00e7\u00fcn analiz etm\u0259k v\u0259 h\u0259yat\u0131m\u0131n tranzisiyadan sonrak\u0131 ill\u0259rin\u0259 k\u0259nardan baxa bilm\u0259k ist\u0259yidir. Reprezentasiya olaraq bizim \u00f6z\u00fcm\u00fcz\u00fcn \u00f6z hekay\u0259mizi dan\u0131\u015fmas\u0131 v\u0259 insanlar\u0131n bu hekay\u0259l\u0259ri bizim dilimizd\u0259n e\u015fitm\u0259si m\u0259nim \u00fc\u00e7\u00fcn vacibdir\u201d -, filmin rejissoru V\u00fcsal\u0259 Hac\u0131yeva deyir.<\/p>\n\n\n\n<p>Rejissorluq \u00fczr\u0259 t\u0259hsil alm\u0131\u015f V\u00fcsal\u0259 Hac\u0131yeva h\u0259m\u00e7inin \u015fair v\u0259 bloq yazar\u0131d\u0131r.<\/p>\n\n\n\n<p>Az\u0259rbaycan dilind\u0259 translara dair m\u00f6vzulara fokuslanan ilk platforma olan \u201cTransvisionary\u201dnin h\u0259mt\u0259sis\u00e7isidir.<\/p>\n\n\n\n<p>\u201cEv h\u0259mi\u015f\u0259 komfort zonas\u0131 olmur. H\u0259rd\u0259n ev \u0259sl c\u0259h\u0259nn\u0259m\u0259 \u00e7evril\u0259 bilir. \u018fg\u0259r qald\u0131\u011f\u0131n m\u0259kan, do\u011fma \u015f\u0259h\u0259rin v\u0259 \u0259trafdak\u0131 h\u0259r \u015fey s\u0259n\u0259 diskomfort yarad\u0131rsa v\u0259 son damla olaraq h\u0259yat\u0131n fiziki t\u0259hl\u00fck\u0259d\u0259dirs\u0259, yegan\u0259 alternativ qa\u00e7maq olur. M\u0259hz el\u0259 bu m\u0259ni planla\u015fd\u0131rmad\u0131\u011f\u0131m s\u0259yah\u0259t\u0259 &#8211; Tbilisiy\u0259 g\u0259tirdi. Yeni \u015f\u0259h\u0259rd\u0259 yeni h\u0259yata adaptasiya olmaq, \u00f6z\u00fcml\u0259 g\u0259tirdiyim probleml\u0259ri h\u0259ll etm\u0259k v\u0259 \u201csonra n\u0259 olacaq?\u201d sual\u0131na cavab tapmal\u0131yam\u201d, &#8211; filmin sinopsisind\u0259 qeyd olunur.<\/p>\n","protected":false},"excerpt":{"rendered":"<p>Filmin rejissoru V\u00fcsal\u0259 Hac\u0131yeva, produseri is\u0259 Durna S\u0259f\u0259rovad\u0131r Az\u0259rbaycanda trans &#8230; <\/p>\n<p class=\"read-more-container\"><a title=\"Az\u0259rbaycanda trans qad\u0131nlar\u0131n probleml\u0259rini \u0259ks etdir\u0259n film beyn\u0259lxalq festivalda\" class=\"read-more button\" href=\"https:\/\/www.meydan.tv\/az\/article\/azerbaycanda-trans-qadinlarin-problemlerini-eks-etdiren-film-beynelxalq-festivalda\/#more-256656\" aria-label=\"Read more about Az\u0259rbaycanda trans qad\u0131nlar\u0131n probleml\u0259rini \u0259ks etdir\u0259n film beyn\u0259lxalq festivalda\">Davam\u0131<\/a><\/p>\n","protected":false},"author":8,"featured_media":256653,"comment_status":"closed","ping_status":"closed","sticky":false,"template":"","format":"standard","meta":{"_acf_changed":false,"_sitemap_exclude":false,"_sitemap_priority":"","_sitemap_frequency":"","footnotes":""},"categories":[52,56],"tags":[],"class_list":["post-256656","post","type-post","status-publish","format-standard","has-post-thumbnail","hentry","category-medeniyyet","category-xeberler","infinite-scroll-item","generate-columns","tablet-grid-50","mobile-grid-100","grid-parent","grid-33","no-featured-image-padding"],"acf":[],"yoast_head":"<!-- This site is optimized with the Yoast SEO plugin v27.5 - https:\/\/yoast.com\/product\/yoast-seo-wordpress\/ -->\n<title>Az\u0259rbaycanda trans qad\u0131nlar\u0131n probleml\u0259rini \u0259ks etdir\u0259n film beyn\u0259lxalq festivalda - MEYDAN.TV<\/title>\n<meta name=\"robots\" content=\"index, follow, max-snippet:-1, max-image-preview:large, max-video-preview:-1\" \/>\n<link rel=\"canonical\" href=\"https:\/\/www.meydan.tv\/az\/article\/azerbaycanda-trans-qadinlarin-problemlerini-eks-etdiren-film-beynelxalq-festivalda\/\" \/>\n<meta property=\"og:locale\" content=\"az_AZ\" \/>\n<meta property=\"og:type\" content=\"article\" \/>\n<meta property=\"og:title\" content=\"Az\u0259rbaycanda trans qad\u0131nlar\u0131n probleml\u0259rini \u0259ks etdir\u0259n film beyn\u0259lxalq festivalda - MEYDAN.TV\" \/>\n<meta property=\"og:description\" content=\"Filmin rejissoru V\u00fcsal\u0259 Hac\u0131yeva, produseri is\u0259 Durna S\u0259f\u0259rovad\u0131r Az\u0259rbaycanda trans ... Davam\u0131\" \/>\n<meta property=\"og:url\" content=\"https:\/\/www.meydan.tv\/az\/article\/azerbaycanda-trans-qadinlarin-problemlerini-eks-etdiren-film-beynelxalq-festivalda\/\" \/>\n<meta property=\"og:site_name\" content=\"MEYDAN.TV\" \/>\n<meta property=\"article:published_time\" content=\"2022-09-27T09:09:06+00:00\" \/>\n<meta property=\"article:modified_time\" content=\"2022-09-27T09:09:09+00:00\" \/>\n<meta property=\"og:image\" content=\"https:\/\/www.meydan.tv\/wp-content\/uploads\/bunny_decides_to_go__1_.jpg\" \/>\n\t<meta property=\"og:image:width\" content=\"1200\" \/>\n\t<meta property=\"og:image:height\" content=\"672\" \/>\n\t<meta property=\"og:image:type\" content=\"image\/jpeg\" \/>\n<meta name=\"author\" content=\"elli\" \/>\n<meta name=\"twitter:card\" content=\"summary_large_image\" \/>\n<meta name=\"twitter:creator\" content=\"@elli\" \/>\n<script type=\"application\/ld+json\" class=\"yoast-schema-graph\">{\"@context\":\"https:\\\/\\\/schema.org\",\"@graph\":[{\"@type\":\"Article\",\"@id\":\"https:\\\/\\\/www.meydan.tv\\\/az\\\/article\\\/azerbaycanda-trans-qadinlarin-problemlerini-eks-etdiren-film-beynelxalq-festivalda\\\/#article\",\"isPartOf\":{\"@id\":\"https:\\\/\\\/www.meydan.tv\\\/az\\\/article\\\/azerbaycanda-trans-qadinlarin-problemlerini-eks-etdiren-film-beynelxalq-festivalda\\\/\"},\"author\":{\"name\":\"elli\",\"@id\":\"https:\\\/\\\/www.meydan.tv\\\/az\\\/#\\\/schema\\\/person\\\/9cdbecf90d17180ce1dfbd95b08dcf47\"},\"headline\":\"Az\u0259rbaycanda trans qad\u0131nlar\u0131n probleml\u0259rini \u0259ks etdir\u0259n film beyn\u0259lxalq festivalda\",\"datePublished\":\"2022-09-27T09:09:06+00:00\",\"dateModified\":\"2022-09-27T09:09:09+00:00\",\"mainEntityOfPage\":{\"@id\":\"https:\\\/\\\/www.meydan.tv\\\/az\\\/article\\\/azerbaycanda-trans-qadinlarin-problemlerini-eks-etdiren-film-beynelxalq-festivalda\\\/\"},\"wordCount\":339,\"publisher\":{\"@id\":\"https:\\\/\\\/www.meydan.tv\\\/az\\\/#organization\"},\"image\":{\"@id\":\"https:\\\/\\\/www.meydan.tv\\\/az\\\/article\\\/azerbaycanda-trans-qadinlarin-problemlerini-eks-etdiren-film-beynelxalq-festivalda\\\/#primaryimage\"},\"thumbnailUrl\":\"https:\\\/\\\/www.meydan.tv\\\/wp-content\\\/uploads\\\/bunny_decides_to_go__1_.jpg\",\"articleSection\":[\"M\u0259d\u0259niyy\u0259t\",\"X\u0259b\u0259rl\u0259r\"],\"inLanguage\":\"az\"},{\"@type\":\"WebPage\",\"@id\":\"https:\\\/\\\/www.meydan.tv\\\/az\\\/article\\\/azerbaycanda-trans-qadinlarin-problemlerini-eks-etdiren-film-beynelxalq-festivalda\\\/\",\"url\":\"https:\\\/\\\/www.meydan.tv\\\/az\\\/article\\\/azerbaycanda-trans-qadinlarin-problemlerini-eks-etdiren-film-beynelxalq-festivalda\\\/\",\"name\":\"Az\u0259rbaycanda trans qad\u0131nlar\u0131n probleml\u0259rini \u0259ks etdir\u0259n film beyn\u0259lxalq festivalda - MEYDAN.TV\",\"isPartOf\":{\"@id\":\"https:\\\/\\\/www.meydan.tv\\\/az\\\/#website\"},\"primaryImageOfPage\":{\"@id\":\"https:\\\/\\\/www.meydan.tv\\\/az\\\/article\\\/azerbaycanda-trans-qadinlarin-problemlerini-eks-etdiren-film-beynelxalq-festivalda\\\/#primaryimage\"},\"image\":{\"@id\":\"https:\\\/\\\/www.meydan.tv\\\/az\\\/article\\\/azerbaycanda-trans-qadinlarin-problemlerini-eks-etdiren-film-beynelxalq-festivalda\\\/#primaryimage\"},\"thumbnailUrl\":\"https:\\\/\\\/www.meydan.tv\\\/wp-content\\\/uploads\\\/bunny_decides_to_go__1_.jpg\",\"datePublished\":\"2022-09-27T09:09:06+00:00\",\"dateModified\":\"2022-09-27T09:09:09+00:00\",\"breadcrumb\":{\"@id\":\"https:\\\/\\\/www.meydan.tv\\\/az\\\/article\\\/azerbaycanda-trans-qadinlarin-problemlerini-eks-etdiren-film-beynelxalq-festivalda\\\/#breadcrumb\"},\"inLanguage\":\"az\",\"potentialAction\":[{\"@type\":\"ReadAction\",\"target\":[\"https:\\\/\\\/www.meydan.tv\\\/az\\\/article\\\/azerbaycanda-trans-qadinlarin-problemlerini-eks-etdiren-film-beynelxalq-festivalda\\\/\"]}]},{\"@type\":\"ImageObject\",\"inLanguage\":\"az\",\"@id\":\"https:\\\/\\\/www.meydan.tv\\\/az\\\/article\\\/azerbaycanda-trans-qadinlarin-problemlerini-eks-etdiren-film-beynelxalq-festivalda\\\/#primaryimage\",\"url\":\"https:\\\/\\\/www.meydan.tv\\\/wp-content\\\/uploads\\\/bunny_decides_to_go__1_.jpg\",\"contentUrl\":\"https:\\\/\\\/www.meydan.tv\\\/wp-content\\\/uploads\\\/bunny_decides_to_go__1_.jpg\",\"width\":1200,\"height\":672,\"caption\":\"\u201cDov\u015fan getm\u0259k q\u0259rar\u0131na g\u0259lir\u201d filmind\u0259n kadr\"},{\"@type\":\"BreadcrumbList\",\"@id\":\"https:\\\/\\\/www.meydan.tv\\\/az\\\/article\\\/azerbaycanda-trans-qadinlarin-problemlerini-eks-etdiren-film-beynelxalq-festivalda\\\/#breadcrumb\",\"itemListElement\":[{\"@type\":\"ListItem\",\"position\":1,\"name\":\"Ana s\u0259hif\u0259\",\"item\":\"https:\\\/\\\/www.meydan.tv\\\/az\\\/\"},{\"@type\":\"ListItem\",\"position\":2,\"name\":\"M\u0259d\u0259niyy\u0259t\",\"item\":\"https:\\\/\\\/www.meydan.tv\\\/az\\\/section\\\/medeniyyet\\\/\"},{\"@type\":\"ListItem\",\"position\":3,\"name\":\"Az\u0259rbaycanda trans qad\u0131nlar\u0131n probleml\u0259rini \u0259ks etdir\u0259n film beyn\u0259lxalq festivalda\"}]},{\"@type\":\"WebSite\",\"@id\":\"https:\\\/\\\/www.meydan.tv\\\/az\\\/#website\",\"url\":\"https:\\\/\\\/www.meydan.tv\\\/az\\\/\",\"name\":\"MEYDAN.TV\",\"description\":\"Meydan TV Az\u0259rbaycan\u0131n media m\u0259kan\u0131ndak\u0131 alternativ s\u0259sidir\",\"publisher\":{\"@id\":\"https:\\\/\\\/www.meydan.tv\\\/az\\\/#organization\"},\"potentialAction\":[{\"@type\":\"SearchAction\",\"target\":{\"@type\":\"EntryPoint\",\"urlTemplate\":\"https:\\\/\\\/www.meydan.tv\\\/az\\\/?s={search_term_string}\"},\"query-input\":{\"@type\":\"PropertyValueSpecification\",\"valueRequired\":true,\"valueName\":\"search_term_string\"}}],\"inLanguage\":\"az\"},{\"@type\":\"Organization\",\"@id\":\"https:\\\/\\\/www.meydan.tv\\\/az\\\/#organization\",\"name\":\"Meydan TV\",\"url\":\"https:\\\/\\\/www.meydan.tv\\\/az\\\/\",\"logo\":{\"@type\":\"ImageObject\",\"inLanguage\":\"az\",\"@id\":\"https:\\\/\\\/www.meydan.tv\\\/az\\\/#\\\/schema\\\/logo\\\/image\\\/\",\"url\":\"https:\\\/\\\/www.meydan.tv\\\/wp-content\\\/uploads\\\/2021\\\/07\\\/meydan-logo.svg\",\"contentUrl\":\"https:\\\/\\\/www.meydan.tv\\\/wp-content\\\/uploads\\\/2021\\\/07\\\/meydan-logo.svg\",\"width\":195,\"height\":46,\"caption\":\"Meydan TV\"},\"image\":{\"@id\":\"https:\\\/\\\/www.meydan.tv\\\/az\\\/#\\\/schema\\\/logo\\\/image\\\/\"}},{\"@type\":\"Person\",\"@id\":\"https:\\\/\\\/www.meydan.tv\\\/az\\\/#\\\/schema\\\/person\\\/9cdbecf90d17180ce1dfbd95b08dcf47\",\"name\":\"elli\",\"sameAs\":[\"https:\\\/\\\/x.com\\\/elli\"]}]}<\/script>\n<!-- \/ Yoast SEO plugin. -->","yoast_head_json":{"title":"Az\u0259rbaycanda trans qad\u0131nlar\u0131n probleml\u0259rini \u0259ks etdir\u0259n film beyn\u0259lxalq festivalda - MEYDAN.TV","robots":{"index":"index","follow":"follow","max-snippet":"max-snippet:-1","max-image-preview":"max-image-preview:large","max-video-preview":"max-video-preview:-1"},"canonical":"https:\/\/www.meydan.tv\/az\/article\/azerbaycanda-trans-qadinlarin-problemlerini-eks-etdiren-film-beynelxalq-festivalda\/","og_locale":"az_AZ","og_type":"article","og_title":"Az\u0259rbaycanda trans qad\u0131nlar\u0131n probleml\u0259rini \u0259ks etdir\u0259n film beyn\u0259lxalq festivalda - MEYDAN.TV","og_description":"Filmin rejissoru V\u00fcsal\u0259 Hac\u0131yeva, produseri is\u0259 Durna S\u0259f\u0259rovad\u0131r Az\u0259rbaycanda trans ... Davam\u0131","og_url":"https:\/\/www.meydan.tv\/az\/article\/azerbaycanda-trans-qadinlarin-problemlerini-eks-etdiren-film-beynelxalq-festivalda\/","og_site_name":"MEYDAN.TV","article_published_time":"2022-09-27T09:09:06+00:00","article_modified_time":"2022-09-27T09:09:09+00:00","og_image":[{"width":1200,"height":672,"url":"https:\/\/www.meydan.tv\/wp-content\/uploads\/bunny_decides_to_go__1_.jpg","type":"image\/jpeg"}],"author":"elli","twitter_card":"summary_large_image","twitter_creator":"@elli","schema":{"@context":"https:\/\/schema.org","@graph":[{"@type":"Article","@id":"https:\/\/www.meydan.tv\/az\/article\/azerbaycanda-trans-qadinlarin-problemlerini-eks-etdiren-film-beynelxalq-festivalda\/#article","isPartOf":{"@id":"https:\/\/www.meydan.tv\/az\/article\/azerbaycanda-trans-qadinlarin-problemlerini-eks-etdiren-film-beynelxalq-festivalda\/"},"author":{"name":"elli","@id":"https:\/\/www.meydan.tv\/az\/#\/schema\/person\/9cdbecf90d17180ce1dfbd95b08dcf47"},"headline":"Az\u0259rbaycanda trans qad\u0131nlar\u0131n probleml\u0259rini \u0259ks etdir\u0259n film beyn\u0259lxalq festivalda","datePublished":"2022-09-27T09:09:06+00:00","dateModified":"2022-09-27T09:09:09+00:00","mainEntityOfPage":{"@id":"https:\/\/www.meydan.tv\/az\/article\/azerbaycanda-trans-qadinlarin-problemlerini-eks-etdiren-film-beynelxalq-festivalda\/"},"wordCount":339,"publisher":{"@id":"https:\/\/www.meydan.tv\/az\/#organization"},"image":{"@id":"https:\/\/www.meydan.tv\/az\/article\/azerbaycanda-trans-qadinlarin-problemlerini-eks-etdiren-film-beynelxalq-festivalda\/#primaryimage"},"thumbnailUrl":"https:\/\/www.meydan.tv\/wp-content\/uploads\/bunny_decides_to_go__1_.jpg","articleSection":["M\u0259d\u0259niyy\u0259t","X\u0259b\u0259rl\u0259r"],"inLanguage":"az"},{"@type":"WebPage","@id":"https:\/\/www.meydan.tv\/az\/article\/azerbaycanda-trans-qadinlarin-problemlerini-eks-etdiren-film-beynelxalq-festivalda\/","url":"https:\/\/www.meydan.tv\/az\/article\/azerbaycanda-trans-qadinlarin-problemlerini-eks-etdiren-film-beynelxalq-festivalda\/","name":"Az\u0259rbaycanda trans qad\u0131nlar\u0131n probleml\u0259rini \u0259ks etdir\u0259n film beyn\u0259lxalq festivalda - MEYDAN.TV","isPartOf":{"@id":"https:\/\/www.meydan.tv\/az\/#website"},"primaryImageOfPage":{"@id":"https:\/\/www.meydan.tv\/az\/article\/azerbaycanda-trans-qadinlarin-problemlerini-eks-etdiren-film-beynelxalq-festivalda\/#primaryimage"},"image":{"@id":"https:\/\/www.meydan.tv\/az\/article\/azerbaycanda-trans-qadinlarin-problemlerini-eks-etdiren-film-beynelxalq-festivalda\/#primaryimage"},"thumbnailUrl":"https:\/\/www.meydan.tv\/wp-content\/uploads\/bunny_decides_to_go__1_.jpg","datePublished":"2022-09-27T09:09:06+00:00","dateModified":"2022-09-27T09:09:09+00:00","breadcrumb":{"@id":"https:\/\/www.meydan.tv\/az\/article\/azerbaycanda-trans-qadinlarin-problemlerini-eks-etdiren-film-beynelxalq-festivalda\/#breadcrumb"},"inLanguage":"az","potentialAction":[{"@type":"ReadAction","target":["https:\/\/www.meydan.tv\/az\/article\/azerbaycanda-trans-qadinlarin-problemlerini-eks-etdiren-film-beynelxalq-festivalda\/"]}]},{"@type":"ImageObject","inLanguage":"az","@id":"https:\/\/www.meydan.tv\/az\/article\/azerbaycanda-trans-qadinlarin-problemlerini-eks-etdiren-film-beynelxalq-festivalda\/#primaryimage","url":"https:\/\/www.meydan.tv\/wp-content\/uploads\/bunny_decides_to_go__1_.jpg","contentUrl":"https:\/\/www.meydan.tv\/wp-content\/uploads\/bunny_decides_to_go__1_.jpg","width":1200,"height":672,"caption":"\u201cDov\u015fan getm\u0259k q\u0259rar\u0131na g\u0259lir\u201d filmind\u0259n kadr"},{"@type":"BreadcrumbList","@id":"https:\/\/www.meydan.tv\/az\/article\/azerbaycanda-trans-qadinlarin-problemlerini-eks-etdiren-film-beynelxalq-festivalda\/#breadcrumb","itemListElement":[{"@type":"ListItem","position":1,"name":"Ana s\u0259hif\u0259","item":"https:\/\/www.meydan.tv\/az\/"},{"@type":"ListItem","position":2,"name":"M\u0259d\u0259niyy\u0259t","item":"https:\/\/www.meydan.tv\/az\/section\/medeniyyet\/"},{"@type":"ListItem","position":3,"name":"Az\u0259rbaycanda trans qad\u0131nlar\u0131n probleml\u0259rini \u0259ks etdir\u0259n film beyn\u0259lxalq festivalda"}]},{"@type":"WebSite","@id":"https:\/\/www.meydan.tv\/az\/#website","url":"https:\/\/www.meydan.tv\/az\/","name":"MEYDAN.TV","description":"Meydan TV Az\u0259rbaycan\u0131n media m\u0259kan\u0131ndak\u0131 alternativ s\u0259sidir","publisher":{"@id":"https:\/\/www.meydan.tv\/az\/#organization"},"potentialAction":[{"@type":"SearchAction","target":{"@type":"EntryPoint","urlTemplate":"https:\/\/www.meydan.tv\/az\/?s={search_term_string}"},"query-input":{"@type":"PropertyValueSpecification","valueRequired":true,"valueName":"search_term_string"}}],"inLanguage":"az"},{"@type":"Organization","@id":"https:\/\/www.meydan.tv\/az\/#organization","name":"Meydan TV","url":"https:\/\/www.meydan.tv\/az\/","logo":{"@type":"ImageObject","inLanguage":"az","@id":"https:\/\/www.meydan.tv\/az\/#\/schema\/logo\/image\/","url":"https:\/\/www.meydan.tv\/wp-content\/uploads\/2021\/07\/meydan-logo.svg","contentUrl":"https:\/\/www.meydan.tv\/wp-content\/uploads\/2021\/07\/meydan-logo.svg","width":195,"height":46,"caption":"Meydan TV"},"image":{"@id":"https:\/\/www.meydan.tv\/az\/#\/schema\/logo\/image\/"}},{"@type":"Person","@id":"https:\/\/www.meydan.tv\/az\/#\/schema\/person\/9cdbecf90d17180ce1dfbd95b08dcf47","name":"elli","sameAs":["https:\/\/x.com\/elli"]}]}},"_links":{"self":[{"href":"https:\/\/www.meydan.tv\/az\/wp-json\/wp\/v2\/posts\/256656","targetHints":{"allow":["GET"]}}],"collection":[{"href":"https:\/\/www.meydan.tv\/az\/wp-json\/wp\/v2\/posts"}],"about":[{"href":"https:\/\/www.meydan.tv\/az\/wp-json\/wp\/v2\/types\/post"}],"author":[{"embeddable":true,"href":"https:\/\/www.meydan.tv\/az\/wp-json\/wp\/v2\/users\/8"}],"replies":[{"embeddable":true,"href":"https:\/\/www.meydan.tv\/az\/wp-json\/wp\/v2\/comments?post=256656"}],"version-history":[{"count":1,"href":"https:\/\/www.meydan.tv\/az\/wp-json\/wp\/v2\/posts\/256656\/revisions"}],"predecessor-version":[{"id":256657,"href":"https:\/\/www.meydan.tv\/az\/wp-json\/wp\/v2\/posts\/256656\/revisions\/256657"}],"wp:featuredmedia":[{"embeddable":true,"href":"https:\/\/www.meydan.tv\/az\/wp-json\/wp\/v2\/media\/256653"}],"wp:attachment":[{"href":"https:\/\/www.meydan.tv\/az\/wp-json\/wp\/v2\/media?parent=256656"}],"wp:term":[{"taxonomy":"category","embeddable":true,"href":"https:\/\/www.meydan.tv\/az\/wp-json\/wp\/v2\/categories?post=256656"},{"taxonomy":"post_tag","embeddable":true,"href":"https:\/\/www.meydan.tv\/az\/wp-json\/wp\/v2\/tags?post=256656"}],"curies":[{"name":"wp","href":"https:\/\/api.w.org\/{rel}","templated":true}]}}