{"id":256613,"date":"2022-09-26T19:55:20","date_gmt":"2022-09-26T15:55:20","guid":{"rendered":"https:\/\/www.meydan.tv\/?p=256613"},"modified":"2022-09-26T19:55:22","modified_gmt":"2022-09-26T15:55:22","slug":"samaxi-sakini-evler-duzeldilmeyib-fhn-ise-isini-bitmis-hesab-edir","status":"publish","type":"post","link":"https:\/\/www.meydan.tv\/az\/article\/samaxi-sakini-evler-duzeldilmeyib-fhn-ise-isini-bitmis-hesab-edir\/","title":{"rendered":"\u015eamax\u0131 sakini: \u201cEvl\u0259r d\u00fcz\u0259ldilm\u0259yib, FHN is\u0259 i\u015fini bitmi\u015f hesab edir\u201d"},"content":{"rendered":"\n<p><\/p>\n\n\n\n<p><em>R\u0259him M\u0259mm\u0259dov bir \u0259lind\u0259 yerli icra hakimiyy\u0259tinin, dig\u0259r \u0259lind\u0259 FHN-nin m\u0259ktubu, hans\u0131 qap\u0131n\u0131 d\u00f6y\u0259c\u0259yini bilmir<\/em><\/p>\n\n\n\n<p>\u201cZ\u0259lz\u0259l\u0259d\u0259n 3 il 7 ay ke\u00e7ib, h\u0259l\u0259 d\u0259 evimizd\u0259 ya\u015fam\u0131r\u0131q. \u00c7\u00fcnki q\u0259zal\u0131 v\u0259ziyy\u0259t\u0259 d\u00fc\u015fm\u00fc\u015f evimiz b\u0259rpa edilm\u0259yib. F\u00f6vq\u0259lad\u0259 Hallar Nazirliyi is\u0259 m\u0259ktub g\u00f6nd\u0259rib ki, bu i\u015fl\u0259r \u00e7oxdan bitib, y\u0259ni \u0259linizi bizd\u0259n \u00fcz\u00fcn\u201d.<\/p>\n\n\n\n<p>2019-cu ilin 5 fevral\u0131nda ba\u015f vermi\u015f z\u0259lz\u0259l\u0259 \u015eamax\u0131n\u0131n \u0130kinci Caban\u0131 k\u0259nd sakini R\u0259him M\u0259mm\u0259dovun da evini q\u0259zal\u0131 v\u0259ziyy\u0259t\u0259 sal\u0131b. 3 il 7 ay ke\u00e7ib. \u00d6t\u0259n ill\u0259r \u0259rzind\u0259 R\u0259him M\u0259mm\u0259dov evin t\u0259miriyl\u0259 m\u0259\u015f\u011ful olmal\u0131 quruma d\u0259f\u0259l\u0259rl\u0259 r\u0259smi m\u00fcraci\u0259t edib. Bu ilin iyununda FHN-d\u0259n v\u0259t\u0259nda\u015fa g\u0259l\u0259n cavab m\u0259ktubundan bel\u0259 anla\u015f\u0131l\u0131r ki, z\u0259lz\u0259l\u0259d\u0259n z\u0259r\u0259r \u00e7\u0259kmi\u015f evl\u0259rin tikilm\u0259si, t\u0259mir-b\u0259rpas\u0131 s\u00f6hb\u0259ti bu qurum \u00fc\u00e7\u00fcn bitib. \u0130ndi v\u0259t\u0259nda\u015f\u0131 da bir sual d\u00fc\u015f\u00fcnd\u00fcr\u00fcr \u2013 z\u0259lz\u0259l\u0259d\u0259n q\u0259zal\u0131 v\u0259ziyy\u0259t\u0259 d\u00fc\u015fm\u00fc\u015f v\u0259 aktla\u015fd\u0131r\u0131lm\u0131\u015f evd\u0259 h\u0259r hans\u0131 t\u0259mir-b\u0259rpa i\u015fi apar\u0131lmay\u0131bsa, bu i\u015f nec\u0259 bitmi\u015f hesab edilib?..<\/p>\n\n\n\n<p>R\u0259him M\u0259mm\u0259dov z\u0259lz\u0259l\u0259d\u0259n bir g\u00fcn sonra evin\u0259 ke\u00e7irilmi\u015f bax\u0131\u015fdan dan\u0131\u015f\u0131r:<\/p>\n\n\n\n<p>\u201cN\u00fcmay\u0259nd\u0259l\u0259r g\u0259lib bax\u0131\u015f ke\u00e7irdil\u0259r, yazd\u0131lar ki, t\u0259mir edilm\u0259lidir. T\u0259mirl\u0259 raz\u0131la\u015fmad\u0131m, icra hakimiyy\u0259tin\u0259 getdim, bildirdim ki, evin divarlar\u0131 adam\u0131n \u00fcst\u00fcn\u0259 g\u0259lir, \u00f6z\u00fcl t\u0259rp\u0259nir, bu ev t\u0259mirlik deyil. Dedil\u0259r ki, gecdir, F\u00f6vq\u0259lad\u0259 Hallar Komissiyas\u0131 art\u0131q bel\u0259 q\u0259rar verib, d\u0259yi\u015fm\u0259k m\u00fcmk\u00fcn deyil\u201d.<\/p>\n\n\n\n<figure class=\"wp-block-image size-large\"><img decoding=\"async\" width=\"1200\" height=\"600\" data-src=\"https:\/\/www.meydan.tv\/wp-content\/uploads\/zelzeleden_sonra_evin_divarlari-1200x600.jpg\" alt=\"\" class=\"wp-image-256604 lazyload\" src=\"data:image\/svg+xml;base64,PHN2ZyB3aWR0aD0iMSIgaGVpZ2h0PSIxIiB4bWxucz0iaHR0cDovL3d3dy53My5vcmcvMjAwMC9zdmciPjwvc3ZnPg==\" style=\"--smush-placeholder-width: 1200px; --smush-placeholder-aspect-ratio: 1200\/600;\" \/><\/figure>\n\n\n\n<p>Q\u0259rar verils\u0259 d\u0259, aylar ill\u0259ri \u0259v\u0259z edib, q\u0259zal\u0131 evin h\u0259nd\u0259v\u0259rind\u0259 f\u0259hl\u0259l\u0259r g\u00f6r\u00fcnm\u0259yib. \u00d6t\u0259n ill\u0259r \u0259rzind\u0259 R\u0259him M\u0259mm\u0259dov rayon icra hakimiyy\u0259tinin yollar\u0131nda qal\u0131b. N\u0259hay\u0259t, \u00f6t\u0259n ilin dekabr\u0131nda evi t\u0259mir etm\u0259y\u0259 f\u0259hl\u0259l\u0259r g\u00f6nd\u0259rilib:<\/p>\n\n\n\n<p>\u201cEl\u0259 divarlara toxunanda dedil\u0259r, qarda\u015f, bu da\u015f-k\u0259s\u0259k \u00fcst\u00fcm\u00fcz\u0259 a\u015far, qalar\u0131q alt\u0131nda. Bu ev t\u0259mirlik deyil, burda ya t\u0259m\u0259lli b\u0259rpa i\u015fl\u0259ri g\u00f6r\u00fclm\u0259lidir, ya da u\u00e7urulmal\u0131d\u0131r, yerind\u0259 ev tikilm\u0259lidir. S\u0259n bir d\u0259 m\u00fcraci\u0259t el\u0259\u201d.<\/p>\n\n\n\n<p>Uzun get-g\u0259ll\u0259rd\u0259n sonra n\u0259hay\u0259t, bu ilin aprelind\u0259 f\u0259hl\u0259l\u0259rin imzas\u0131yla akt t\u0259rtib edilib, rayonun ba\u015f memar\u0131 da m\u00f6h\u00fcrl\u0259yib. Ev sahibi deyir, o g\u00fcn, bu g\u00fcn \u2013 sanki bu i\u015f\u0259 t\u0259z\u0259d\u0259n yerli-dibli m\u00f6h\u00fcr vurulub:<\/p>\n\n\n\n<p>\u201cYen\u0259 aylar ke\u00e7ir, icra hakimiyy\u0259ti at\u0131r nazirliyin \u00fcst\u00fcn\u0259, nazirlik g\u00f6nd\u0259rir icra hakimiyy\u0259tinin \u00fcst\u00fcn\u0259\u2026 El\u0259 birc\u0259 onu deyirl\u0259r ki, ev\u0259 yax\u0131n getm\u0259yin, da\u011f\u0131lar, alt\u0131nda qalars\u0131z. Evi evimd\u0259n yax\u015f\u0131 v\u0259ziyy\u0259td\u0259 olan \u00e7oxuna d\u00f6vl\u0259t t\u0259r\u0259find\u0259n t\u0259z\u0259si tikildi, t\u0259mirlik evl\u0259rin \u00e7oxunu t\u0259m\u0259lli b\u0259rpa el\u0259dil\u0259r, ancaq m\u0259nim pulum olmad\u0131\u011f\u0131na g\u00f6r\u0259 bu \u015feyl\u0259r\u0259 ged\u0259 bilm\u0259dim. S\u0131\u011f\u0131nm\u0131\u015fam atam\u0131n evin\u0259, bir ne\u00e7\u0259 ail\u0259 bir evd\u0259 ya\u015fay\u0131r\u0131q. U\u015faqlar\u0131m azya\u015fl\u0131d\u0131r, h\u0259yat\u0131m\u0131z narahat\u00e7\u0131l\u0131q i\u00e7\u0259risind\u0259 ke\u00e7ir. \u00d6z evim ola-ola, d\u00f6vl\u0259t evimin d\u00fcz\u0259ldilm\u0259sin\u0259 pul ay\u0131rsa da, azya\u015fl\u0131 balalar\u0131mla qap\u0131larda qalm\u0131\u015fam. \u018fg\u0259r m\u0259nim evim aktla\u015fd\u0131r\u0131l\u0131bsa, dem\u0259li, ona pul da ayr\u0131l\u0131b, evim h\u0259l\u0259 d\u0259 q\u0259zal\u0131 qal\u0131bsa, b\u0259s pul nec\u0259 oldu?\u201d<\/p>\n\n\n\n<figure class=\"wp-block-image size-large\"><img decoding=\"async\" width=\"1200\" height=\"600\" data-src=\"https:\/\/www.meydan.tv\/wp-content\/uploads\/rehim_memmedov_shamaxi-1200x600.jpg\" alt=\"\" class=\"wp-image-256607 lazyload\" src=\"data:image\/svg+xml;base64,PHN2ZyB3aWR0aD0iMSIgaGVpZ2h0PSIxIiB4bWxucz0iaHR0cDovL3d3dy53My5vcmcvMjAwMC9zdmciPjwvc3ZnPg==\" style=\"--smush-placeholder-width: 1200px; --smush-placeholder-aspect-ratio: 1200\/600;\" \/><\/figure>\n\n\n\n<p>R\u0259him M\u0259mm\u0259dov deyir, t\u0259kc\u0259 evind\u0259n yox, h\u0259m d\u0259 t\u0259s\u0259rr\u00fcfat\u0131ndan did\u0259rgin d\u00fc\u015f\u00fcb:<\/p>\n\n\n\n<p>\u201cRayon m\u0259rk\u0259zind\u0259y\u0259m, dolana bilmir\u0259m. K\u0259ndd\u0259 heyvana bax\u0131rd\u0131m, ail\u0259mi doland\u0131r\u0131rd\u0131m. D\u00f6vl\u0259td\u0259n ist\u0259diyim odur ki, evimi d\u00fcz\u0259ltsin, versin, qay\u0131d\u0131m gedim k\u0259ndim\u0259, t\u0259s\u0259rr\u00fcfat\u0131mla m\u0259\u015f\u011ful olum, \u00f6z evimd\u0259 ya\u015fay\u0131m\u201d.<\/p>\n\n\n\n<p>\u015eamax\u0131 Rayon \u0130cra Hakimiyy\u0259tind\u0259n Meydan TV-y\u0259 bildirilib ki, m\u0259lum z\u0259lz\u0259l\u0259d\u0259n sonra R\u0259him M\u0259mm\u0259dovun evi t\u0259mir edil\u0259c\u0259k evl\u0259rin siyah\u0131s\u0131na sal\u0131n\u0131b. Bu il aprelin 22-d\u0259 t\u0259mir qrupu t\u0259r\u0259find\u0259n t\u0259mir i\u015fl\u0259rin\u0259 ba\u015flan\u0131lark\u0259n m\u0259lum olub ki, z\u0259r\u0259rin n\u0259z\u0259rd\u0259 tutulmu\u015f smetayla aradan qald\u0131r\u0131lmas\u0131 m\u00fcmk\u00fcn deyil. Ev s\u00f6k\u00fcl\u00fcb yenid\u0259n tikilm\u0259li, yaxud t\u0259m\u0259lli b\u0259rpa i\u015fl\u0259ri g\u00f6r\u00fclm\u0259lidir. Ayr\u0131lm\u0131\u015f pul v\u0259saiti is\u0259 kosmetik t\u0259mir \u00fc\u00e7\u00fcn n\u0259z\u0259rd\u0259 tutulmu\u015f miqdardad\u0131r. Buna g\u00f6r\u0259 d\u0259 FHN-ya bu m\u0259s\u0259l\u0259y\u0259 t\u0259krar bax\u0131lmas\u0131 \u00fc\u00e7\u00fcn m\u00fcraci\u0259t olunub.<\/p>\n\n\n\n<figure class=\"wp-block-image size-large\"><img decoding=\"async\" width=\"1200\" height=\"600\" data-src=\"https:\/\/www.meydan.tv\/wp-content\/uploads\/fhn_cavab_mektubu-1200x600.jpg\" alt=\"\" class=\"wp-image-256601 lazyload\" src=\"data:image\/svg+xml;base64,PHN2ZyB3aWR0aD0iMSIgaGVpZ2h0PSIxIiB4bWxucz0iaHR0cDovL3d3dy53My5vcmcvMjAwMC9zdmciPjwvc3ZnPg==\" style=\"--smush-placeholder-width: 1200px; --smush-placeholder-aspect-ratio: 1200\/600;\" \/><figcaption>FHN-d\u0259n R\u0259him M\u0259mm\u0259dova cavab m\u0259ktubu<\/figcaption><\/figure>\n\n\n\n<p>FHN-nin Tikintid\u0259 T\u0259hl\u00fck\u0259sizliy\u0259 N\u0259zar\u0259t D\u00f6vl\u0259t Agentliyi is\u0259 v\u0259t\u0259nda\u015fa yaz\u0131b ki, z\u0259lz\u0259l\u0259d\u0259n sonra t\u0259rtib olunmu\u015f akta \u0259sas\u0259n, ev t\u0259mir\u0259 ehtiyac\u0131 olan tikilil\u0259r siyah\u0131s\u0131ndad\u0131r. Z\u0259lz\u0259l\u0259 b\u00f6lg\u0259l\u0259rind\u0259 f\u0259aliyy\u0259t g\u00f6st\u0259r\u0259n komissiyalar \u00f6z i\u015fl\u0259rini yekunla\u015fd\u0131r\u0131b. Ona g\u00f6r\u0259 ev\u0259 t\u0259krar bax\u0131\u015f ke\u00e7irilm\u0259si m\u00fcmk\u00fcn deyil. Evin t\u0259miri v\u0259 yaranm\u0131\u015f probleml\u0259rl\u0259 \u0259laq\u0259dar rayon icra hakimiyy\u0259ti t\u0259r\u0259find\u0259n m\u00fcvafiq t\u0259dbirl\u0259r h\u0259yata ke\u00e7irilm\u0259lidir.<\/p>\n\n\n\n<p>\u0130ndi R\u0259him M\u0259mm\u0259dovun bir \u0259lind\u0259 yerli icra hakimiyy\u0259tinin, dig\u0259r \u0259lind\u0259 FHN-nin m\u0259ktubu, hans\u0131 qap\u0131n\u0131 d\u00f6y\u0259c\u0259yini bilmir.<\/p>\n\n\n\n<p>H\u00fcquq\u015f\u00fcnas Namiz\u0259d S\u0259f\u0259rov deyir, v\u0259t\u0259nda\u015f q\u0259zal\u0131 evl\u0259 ba\u011fl\u0131 akt\u0131 v\u0259 FHN-d\u0259n al\u0131nm\u0131\u015f r\u0259smi cavab m\u0259ktubu iddias\u0131na \u0259lav\u0259 ed\u0259r\u0259k m\u0259hk\u0259m\u0259y\u0259 m\u00fcraci\u0259t etm\u0259lidir.<\/p>\n","protected":false},"excerpt":{"rendered":"<p>R\u0259him M\u0259mm\u0259dov bir \u0259lind\u0259 yerli icra hakimiyy\u0259tinin, dig\u0259r \u0259lind\u0259 FHN-nin &#8230; <\/p>\n<p class=\"read-more-container\"><a title=\"\u015eamax\u0131 sakini: \u201cEvl\u0259r d\u00fcz\u0259ldilm\u0259yib, FHN is\u0259 i\u015fini bitmi\u015f hesab edir\u201d\" class=\"read-more button\" href=\"https:\/\/www.meydan.tv\/az\/article\/samaxi-sakini-evler-duzeldilmeyib-fhn-ise-isini-bitmis-hesab-edir\/#more-256613\" aria-label=\"Read more about \u015eamax\u0131 sakini: \u201cEvl\u0259r d\u00fcz\u0259ldilm\u0259yib, FHN is\u0259 i\u015fini bitmi\u015f hesab edir\u201d\">Davam\u0131<\/a><\/p>\n","protected":false},"author":8,"featured_media":256610,"comment_status":"closed","ping_status":"closed","sticky":false,"template":"","format":"standard","meta":{"_acf_changed":false,"_sitemap_exclude":false,"_sitemap_priority":"","_sitemap_frequency":"","footnotes":""},"categories":[60,79,56],"tags":[],"class_list":["post-256613","post","type-post","status-publish","format-standard","has-post-thumbnail","hentry","category-bolge","category-featured","category-xeberler","infinite-scroll-item","generate-columns","tablet-grid-50","mobile-grid-100","grid-parent","grid-33","no-featured-image-padding"],"acf":[],"yoast_head":"<!-- This site is optimized with the Yoast SEO plugin v27.5 - https:\/\/yoast.com\/product\/yoast-seo-wordpress\/ -->\n<title>\u015eamax\u0131 sakini: \u201cEvl\u0259r d\u00fcz\u0259ldilm\u0259yib, FHN is\u0259 i\u015fini bitmi\u015f hesab edir\u201d - MEYDAN.TV<\/title>\n<meta name=\"robots\" content=\"index, follow, max-snippet:-1, max-image-preview:large, max-video-preview:-1\" \/>\n<link rel=\"canonical\" href=\"https:\/\/www.meydan.tv\/az\/article\/samaxi-sakini-evler-duzeldilmeyib-fhn-ise-isini-bitmis-hesab-edir\/\" \/>\n<meta property=\"og:locale\" content=\"az_AZ\" \/>\n<meta property=\"og:type\" content=\"article\" \/>\n<meta property=\"og:title\" content=\"\u015eamax\u0131 sakini: \u201cEvl\u0259r d\u00fcz\u0259ldilm\u0259yib, FHN is\u0259 i\u015fini bitmi\u015f hesab edir\u201d - MEYDAN.TV\" \/>\n<meta property=\"og:description\" content=\"R\u0259him M\u0259mm\u0259dov bir \u0259lind\u0259 yerli icra hakimiyy\u0259tinin, dig\u0259r \u0259lind\u0259 FHN-nin ... Davam\u0131\" \/>\n<meta property=\"og:url\" content=\"https:\/\/www.meydan.tv\/az\/article\/samaxi-sakini-evler-duzeldilmeyib-fhn-ise-isini-bitmis-hesab-edir\/\" \/>\n<meta property=\"og:site_name\" content=\"MEYDAN.TV\" \/>\n<meta property=\"article:published_time\" content=\"2022-09-26T15:55:20+00:00\" \/>\n<meta property=\"article:modified_time\" content=\"2022-09-26T15:55:22+00:00\" \/>\n<meta property=\"og:image\" content=\"https:\/\/www.meydan.tv\/wp-content\/uploads\/rehim_memmedov_shamaxi_2.jpg\" \/>\n\t<meta property=\"og:image:width\" content=\"1280\" \/>\n\t<meta property=\"og:image:height\" content=\"640\" \/>\n\t<meta property=\"og:image:type\" content=\"image\/jpeg\" \/>\n<meta name=\"author\" content=\"elli\" \/>\n<meta name=\"twitter:card\" content=\"summary_large_image\" \/>\n<meta name=\"twitter:creator\" content=\"@elli\" \/>\n<script type=\"application\/ld+json\" class=\"yoast-schema-graph\">{\"@context\":\"https:\\\/\\\/schema.org\",\"@graph\":[{\"@type\":\"Article\",\"@id\":\"https:\\\/\\\/www.meydan.tv\\\/az\\\/article\\\/samaxi-sakini-evler-duzeldilmeyib-fhn-ise-isini-bitmis-hesab-edir\\\/#article\",\"isPartOf\":{\"@id\":\"https:\\\/\\\/www.meydan.tv\\\/az\\\/article\\\/samaxi-sakini-evler-duzeldilmeyib-fhn-ise-isini-bitmis-hesab-edir\\\/\"},\"author\":{\"name\":\"elli\",\"@id\":\"https:\\\/\\\/www.meydan.tv\\\/az\\\/#\\\/schema\\\/person\\\/9cdbecf90d17180ce1dfbd95b08dcf47\"},\"headline\":\"\u015eamax\u0131 sakini: \u201cEvl\u0259r d\u00fcz\u0259ldilm\u0259yib, FHN is\u0259 i\u015fini bitmi\u015f hesab edir\u201d\",\"datePublished\":\"2022-09-26T15:55:20+00:00\",\"dateModified\":\"2022-09-26T15:55:22+00:00\",\"mainEntityOfPage\":{\"@id\":\"https:\\\/\\\/www.meydan.tv\\\/az\\\/article\\\/samaxi-sakini-evler-duzeldilmeyib-fhn-ise-isini-bitmis-hesab-edir\\\/\"},\"wordCount\":1078,\"publisher\":{\"@id\":\"https:\\\/\\\/www.meydan.tv\\\/az\\\/#organization\"},\"image\":{\"@id\":\"https:\\\/\\\/www.meydan.tv\\\/az\\\/article\\\/samaxi-sakini-evler-duzeldilmeyib-fhn-ise-isini-bitmis-hesab-edir\\\/#primaryimage\"},\"thumbnailUrl\":\"https:\\\/\\\/www.meydan.tv\\\/wp-content\\\/uploads\\\/rehim_memmedov_shamaxi_2.jpg\",\"articleSection\":[\"B\u00f6lg\u0259\",\"T\u00f6vsiy\u0259\",\"X\u0259b\u0259rl\u0259r\"],\"inLanguage\":\"az\"},{\"@type\":\"WebPage\",\"@id\":\"https:\\\/\\\/www.meydan.tv\\\/az\\\/article\\\/samaxi-sakini-evler-duzeldilmeyib-fhn-ise-isini-bitmis-hesab-edir\\\/\",\"url\":\"https:\\\/\\\/www.meydan.tv\\\/az\\\/article\\\/samaxi-sakini-evler-duzeldilmeyib-fhn-ise-isini-bitmis-hesab-edir\\\/\",\"name\":\"\u015eamax\u0131 sakini: \u201cEvl\u0259r d\u00fcz\u0259ldilm\u0259yib, FHN is\u0259 i\u015fini bitmi\u015f hesab edir\u201d - MEYDAN.TV\",\"isPartOf\":{\"@id\":\"https:\\\/\\\/www.meydan.tv\\\/az\\\/#website\"},\"primaryImageOfPage\":{\"@id\":\"https:\\\/\\\/www.meydan.tv\\\/az\\\/article\\\/samaxi-sakini-evler-duzeldilmeyib-fhn-ise-isini-bitmis-hesab-edir\\\/#primaryimage\"},\"image\":{\"@id\":\"https:\\\/\\\/www.meydan.tv\\\/az\\\/article\\\/samaxi-sakini-evler-duzeldilmeyib-fhn-ise-isini-bitmis-hesab-edir\\\/#primaryimage\"},\"thumbnailUrl\":\"https:\\\/\\\/www.meydan.tv\\\/wp-content\\\/uploads\\\/rehim_memmedov_shamaxi_2.jpg\",\"datePublished\":\"2022-09-26T15:55:20+00:00\",\"dateModified\":\"2022-09-26T15:55:22+00:00\",\"breadcrumb\":{\"@id\":\"https:\\\/\\\/www.meydan.tv\\\/az\\\/article\\\/samaxi-sakini-evler-duzeldilmeyib-fhn-ise-isini-bitmis-hesab-edir\\\/#breadcrumb\"},\"inLanguage\":\"az\",\"potentialAction\":[{\"@type\":\"ReadAction\",\"target\":[\"https:\\\/\\\/www.meydan.tv\\\/az\\\/article\\\/samaxi-sakini-evler-duzeldilmeyib-fhn-ise-isini-bitmis-hesab-edir\\\/\"]}]},{\"@type\":\"ImageObject\",\"inLanguage\":\"az\",\"@id\":\"https:\\\/\\\/www.meydan.tv\\\/az\\\/article\\\/samaxi-sakini-evler-duzeldilmeyib-fhn-ise-isini-bitmis-hesab-edir\\\/#primaryimage\",\"url\":\"https:\\\/\\\/www.meydan.tv\\\/wp-content\\\/uploads\\\/rehim_memmedov_shamaxi_2.jpg\",\"contentUrl\":\"https:\\\/\\\/www.meydan.tv\\\/wp-content\\\/uploads\\\/rehim_memmedov_shamaxi_2.jpg\",\"width\":1280,\"height\":640,\"caption\":\"R\u0259him M\u0259mm\u0259dov. Fotolar: Meydan TV\"},{\"@type\":\"BreadcrumbList\",\"@id\":\"https:\\\/\\\/www.meydan.tv\\\/az\\\/article\\\/samaxi-sakini-evler-duzeldilmeyib-fhn-ise-isini-bitmis-hesab-edir\\\/#breadcrumb\",\"itemListElement\":[{\"@type\":\"ListItem\",\"position\":1,\"name\":\"Ana s\u0259hif\u0259\",\"item\":\"https:\\\/\\\/www.meydan.tv\\\/az\\\/\"},{\"@type\":\"ListItem\",\"position\":2,\"name\":\"B\u00f6lg\u0259\",\"item\":\"https:\\\/\\\/www.meydan.tv\\\/az\\\/section\\\/bolge\\\/\"},{\"@type\":\"ListItem\",\"position\":3,\"name\":\"\u015eamax\u0131 sakini: \u201cEvl\u0259r d\u00fcz\u0259ldilm\u0259yib, FHN is\u0259 i\u015fini bitmi\u015f hesab edir\u201d\"}]},{\"@type\":\"WebSite\",\"@id\":\"https:\\\/\\\/www.meydan.tv\\\/az\\\/#website\",\"url\":\"https:\\\/\\\/www.meydan.tv\\\/az\\\/\",\"name\":\"MEYDAN.TV\",\"description\":\"Meydan TV Az\u0259rbaycan\u0131n media m\u0259kan\u0131ndak\u0131 alternativ s\u0259sidir\",\"publisher\":{\"@id\":\"https:\\\/\\\/www.meydan.tv\\\/az\\\/#organization\"},\"potentialAction\":[{\"@type\":\"SearchAction\",\"target\":{\"@type\":\"EntryPoint\",\"urlTemplate\":\"https:\\\/\\\/www.meydan.tv\\\/az\\\/?s={search_term_string}\"},\"query-input\":{\"@type\":\"PropertyValueSpecification\",\"valueRequired\":true,\"valueName\":\"search_term_string\"}}],\"inLanguage\":\"az\"},{\"@type\":\"Organization\",\"@id\":\"https:\\\/\\\/www.meydan.tv\\\/az\\\/#organization\",\"name\":\"Meydan TV\",\"url\":\"https:\\\/\\\/www.meydan.tv\\\/az\\\/\",\"logo\":{\"@type\":\"ImageObject\",\"inLanguage\":\"az\",\"@id\":\"https:\\\/\\\/www.meydan.tv\\\/az\\\/#\\\/schema\\\/logo\\\/image\\\/\",\"url\":\"https:\\\/\\\/www.meydan.tv\\\/wp-content\\\/uploads\\\/2021\\\/07\\\/meydan-logo.svg\",\"contentUrl\":\"https:\\\/\\\/www.meydan.tv\\\/wp-content\\\/uploads\\\/2021\\\/07\\\/meydan-logo.svg\",\"width\":195,\"height\":46,\"caption\":\"Meydan TV\"},\"image\":{\"@id\":\"https:\\\/\\\/www.meydan.tv\\\/az\\\/#\\\/schema\\\/logo\\\/image\\\/\"}},{\"@type\":\"Person\",\"@id\":\"https:\\\/\\\/www.meydan.tv\\\/az\\\/#\\\/schema\\\/person\\\/9cdbecf90d17180ce1dfbd95b08dcf47\",\"name\":\"elli\",\"sameAs\":[\"https:\\\/\\\/x.com\\\/elli\"]}]}<\/script>\n<!-- \/ Yoast SEO plugin. -->","yoast_head_json":{"title":"\u015eamax\u0131 sakini: \u201cEvl\u0259r d\u00fcz\u0259ldilm\u0259yib, FHN is\u0259 i\u015fini bitmi\u015f hesab edir\u201d - MEYDAN.TV","robots":{"index":"index","follow":"follow","max-snippet":"max-snippet:-1","max-image-preview":"max-image-preview:large","max-video-preview":"max-video-preview:-1"},"canonical":"https:\/\/www.meydan.tv\/az\/article\/samaxi-sakini-evler-duzeldilmeyib-fhn-ise-isini-bitmis-hesab-edir\/","og_locale":"az_AZ","og_type":"article","og_title":"\u015eamax\u0131 sakini: \u201cEvl\u0259r d\u00fcz\u0259ldilm\u0259yib, FHN is\u0259 i\u015fini bitmi\u015f hesab edir\u201d - MEYDAN.TV","og_description":"R\u0259him M\u0259mm\u0259dov bir \u0259lind\u0259 yerli icra hakimiyy\u0259tinin, dig\u0259r \u0259lind\u0259 FHN-nin ... Davam\u0131","og_url":"https:\/\/www.meydan.tv\/az\/article\/samaxi-sakini-evler-duzeldilmeyib-fhn-ise-isini-bitmis-hesab-edir\/","og_site_name":"MEYDAN.TV","article_published_time":"2022-09-26T15:55:20+00:00","article_modified_time":"2022-09-26T15:55:22+00:00","og_image":[{"width":1280,"height":640,"url":"https:\/\/www.meydan.tv\/wp-content\/uploads\/rehim_memmedov_shamaxi_2.jpg","type":"image\/jpeg"}],"author":"elli","twitter_card":"summary_large_image","twitter_creator":"@elli","schema":{"@context":"https:\/\/schema.org","@graph":[{"@type":"Article","@id":"https:\/\/www.meydan.tv\/az\/article\/samaxi-sakini-evler-duzeldilmeyib-fhn-ise-isini-bitmis-hesab-edir\/#article","isPartOf":{"@id":"https:\/\/www.meydan.tv\/az\/article\/samaxi-sakini-evler-duzeldilmeyib-fhn-ise-isini-bitmis-hesab-edir\/"},"author":{"name":"elli","@id":"https:\/\/www.meydan.tv\/az\/#\/schema\/person\/9cdbecf90d17180ce1dfbd95b08dcf47"},"headline":"\u015eamax\u0131 sakini: \u201cEvl\u0259r d\u00fcz\u0259ldilm\u0259yib, FHN is\u0259 i\u015fini bitmi\u015f hesab edir\u201d","datePublished":"2022-09-26T15:55:20+00:00","dateModified":"2022-09-26T15:55:22+00:00","mainEntityOfPage":{"@id":"https:\/\/www.meydan.tv\/az\/article\/samaxi-sakini-evler-duzeldilmeyib-fhn-ise-isini-bitmis-hesab-edir\/"},"wordCount":1078,"publisher":{"@id":"https:\/\/www.meydan.tv\/az\/#organization"},"image":{"@id":"https:\/\/www.meydan.tv\/az\/article\/samaxi-sakini-evler-duzeldilmeyib-fhn-ise-isini-bitmis-hesab-edir\/#primaryimage"},"thumbnailUrl":"https:\/\/www.meydan.tv\/wp-content\/uploads\/rehim_memmedov_shamaxi_2.jpg","articleSection":["B\u00f6lg\u0259","T\u00f6vsiy\u0259","X\u0259b\u0259rl\u0259r"],"inLanguage":"az"},{"@type":"WebPage","@id":"https:\/\/www.meydan.tv\/az\/article\/samaxi-sakini-evler-duzeldilmeyib-fhn-ise-isini-bitmis-hesab-edir\/","url":"https:\/\/www.meydan.tv\/az\/article\/samaxi-sakini-evler-duzeldilmeyib-fhn-ise-isini-bitmis-hesab-edir\/","name":"\u015eamax\u0131 sakini: \u201cEvl\u0259r d\u00fcz\u0259ldilm\u0259yib, FHN is\u0259 i\u015fini bitmi\u015f hesab edir\u201d - MEYDAN.TV","isPartOf":{"@id":"https:\/\/www.meydan.tv\/az\/#website"},"primaryImageOfPage":{"@id":"https:\/\/www.meydan.tv\/az\/article\/samaxi-sakini-evler-duzeldilmeyib-fhn-ise-isini-bitmis-hesab-edir\/#primaryimage"},"image":{"@id":"https:\/\/www.meydan.tv\/az\/article\/samaxi-sakini-evler-duzeldilmeyib-fhn-ise-isini-bitmis-hesab-edir\/#primaryimage"},"thumbnailUrl":"https:\/\/www.meydan.tv\/wp-content\/uploads\/rehim_memmedov_shamaxi_2.jpg","datePublished":"2022-09-26T15:55:20+00:00","dateModified":"2022-09-26T15:55:22+00:00","breadcrumb":{"@id":"https:\/\/www.meydan.tv\/az\/article\/samaxi-sakini-evler-duzeldilmeyib-fhn-ise-isini-bitmis-hesab-edir\/#breadcrumb"},"inLanguage":"az","potentialAction":[{"@type":"ReadAction","target":["https:\/\/www.meydan.tv\/az\/article\/samaxi-sakini-evler-duzeldilmeyib-fhn-ise-isini-bitmis-hesab-edir\/"]}]},{"@type":"ImageObject","inLanguage":"az","@id":"https:\/\/www.meydan.tv\/az\/article\/samaxi-sakini-evler-duzeldilmeyib-fhn-ise-isini-bitmis-hesab-edir\/#primaryimage","url":"https:\/\/www.meydan.tv\/wp-content\/uploads\/rehim_memmedov_shamaxi_2.jpg","contentUrl":"https:\/\/www.meydan.tv\/wp-content\/uploads\/rehim_memmedov_shamaxi_2.jpg","width":1280,"height":640,"caption":"R\u0259him M\u0259mm\u0259dov. Fotolar: Meydan TV"},{"@type":"BreadcrumbList","@id":"https:\/\/www.meydan.tv\/az\/article\/samaxi-sakini-evler-duzeldilmeyib-fhn-ise-isini-bitmis-hesab-edir\/#breadcrumb","itemListElement":[{"@type":"ListItem","position":1,"name":"Ana s\u0259hif\u0259","item":"https:\/\/www.meydan.tv\/az\/"},{"@type":"ListItem","position":2,"name":"B\u00f6lg\u0259","item":"https:\/\/www.meydan.tv\/az\/section\/bolge\/"},{"@type":"ListItem","position":3,"name":"\u015eamax\u0131 sakini: \u201cEvl\u0259r d\u00fcz\u0259ldilm\u0259yib, FHN is\u0259 i\u015fini bitmi\u015f hesab edir\u201d"}]},{"@type":"WebSite","@id":"https:\/\/www.meydan.tv\/az\/#website","url":"https:\/\/www.meydan.tv\/az\/","name":"MEYDAN.TV","description":"Meydan TV Az\u0259rbaycan\u0131n media m\u0259kan\u0131ndak\u0131 alternativ s\u0259sidir","publisher":{"@id":"https:\/\/www.meydan.tv\/az\/#organization"},"potentialAction":[{"@type":"SearchAction","target":{"@type":"EntryPoint","urlTemplate":"https:\/\/www.meydan.tv\/az\/?s={search_term_string}"},"query-input":{"@type":"PropertyValueSpecification","valueRequired":true,"valueName":"search_term_string"}}],"inLanguage":"az"},{"@type":"Organization","@id":"https:\/\/www.meydan.tv\/az\/#organization","name":"Meydan TV","url":"https:\/\/www.meydan.tv\/az\/","logo":{"@type":"ImageObject","inLanguage":"az","@id":"https:\/\/www.meydan.tv\/az\/#\/schema\/logo\/image\/","url":"https:\/\/www.meydan.tv\/wp-content\/uploads\/2021\/07\/meydan-logo.svg","contentUrl":"https:\/\/www.meydan.tv\/wp-content\/uploads\/2021\/07\/meydan-logo.svg","width":195,"height":46,"caption":"Meydan TV"},"image":{"@id":"https:\/\/www.meydan.tv\/az\/#\/schema\/logo\/image\/"}},{"@type":"Person","@id":"https:\/\/www.meydan.tv\/az\/#\/schema\/person\/9cdbecf90d17180ce1dfbd95b08dcf47","name":"elli","sameAs":["https:\/\/x.com\/elli"]}]}},"_links":{"self":[{"href":"https:\/\/www.meydan.tv\/az\/wp-json\/wp\/v2\/posts\/256613","targetHints":{"allow":["GET"]}}],"collection":[{"href":"https:\/\/www.meydan.tv\/az\/wp-json\/wp\/v2\/posts"}],"about":[{"href":"https:\/\/www.meydan.tv\/az\/wp-json\/wp\/v2\/types\/post"}],"author":[{"embeddable":true,"href":"https:\/\/www.meydan.tv\/az\/wp-json\/wp\/v2\/users\/8"}],"replies":[{"embeddable":true,"href":"https:\/\/www.meydan.tv\/az\/wp-json\/wp\/v2\/comments?post=256613"}],"version-history":[{"count":1,"href":"https:\/\/www.meydan.tv\/az\/wp-json\/wp\/v2\/posts\/256613\/revisions"}],"predecessor-version":[{"id":256614,"href":"https:\/\/www.meydan.tv\/az\/wp-json\/wp\/v2\/posts\/256613\/revisions\/256614"}],"wp:featuredmedia":[{"embeddable":true,"href":"https:\/\/www.meydan.tv\/az\/wp-json\/wp\/v2\/media\/256610"}],"wp:attachment":[{"href":"https:\/\/www.meydan.tv\/az\/wp-json\/wp\/v2\/media?parent=256613"}],"wp:term":[{"taxonomy":"category","embeddable":true,"href":"https:\/\/www.meydan.tv\/az\/wp-json\/wp\/v2\/categories?post=256613"},{"taxonomy":"post_tag","embeddable":true,"href":"https:\/\/www.meydan.tv\/az\/wp-json\/wp\/v2\/tags?post=256613"}],"curies":[{"name":"wp","href":"https:\/\/api.w.org\/{rel}","templated":true}]}}