{"id":256494,"date":"2022-09-25T13:24:36","date_gmt":"2022-09-25T09:24:36","guid":{"rendered":"https:\/\/www.meydan.tv\/?p=256494"},"modified":"2022-09-25T13:24:39","modified_gmt":"2022-09-25T09:24:39","slug":"goycay-sakini-sadliq-evinin-tikintisi-heyatimiza-tehluke-yaradib","status":"publish","type":"post","link":"https:\/\/www.meydan.tv\/az\/article\/goycay-sakini-sadliq-evinin-tikintisi-heyatimiza-tehluke-yaradib\/","title":{"rendered":"G\u00f6y\u00e7ay sakini: \u201c\u015eadl\u0131q evinin tikintisi h\u0259yat\u0131m\u0131za t\u0259hl\u00fck\u0259 yarad\u0131b\u201d\u00a0"},"content":{"rendered":"\n<p><em>\u201cTikintinin qanunsuz oldu\u011fu deyils\u0259 d\u0259, qar\u015f\u0131s\u0131 al\u0131nm\u0131r\u201d<\/em><\/p>\n\n\n\n<p>\u201cEviml\u0259 biti\u015fik \u0259razid\u0259 ikim\u0259rt\u0259b\u0259li \u015fadl\u0131q saray\u0131 tikilir. Tikinti n\u0259tic\u0259sind\u0259 evimin \u00f6z\u00fcl\u00fcn\u0259 ciddi z\u0259r\u0259r d\u0259yir, h\u0259yat\u0131m\u0131z t\u0259hl\u00fck\u0259d\u0259dir\u201d.<\/p>\n\n\n\n<p>Bunu Meydan TV-y\u0259 G\u00f6y\u00e7ay rayonu, C\u0259yirli k\u0259nd sakini Nazim R\u0259himov deyib. Onun s\u00f6zl\u0259rin\u0259 g\u00f6r\u0259, F\u00f6vq\u0259lad\u0259 Hallar Nazirliyinin n\u00fcmay\u0259nd\u0259l\u0259ri tikintinin qanunsuz apar\u0131ld\u0131\u011f\u0131n\u0131 t\u0259sdiql\u0259yib.<\/p>\n\n\n\n<p>\u201c59 ail\u0259nin ya\u015fad\u0131\u011f\u0131 massivind\u0259 su arx\u0131n\u0131n v\u0259 b\u00f6y\u00fck qaz borusunun \u00fcz\u0259rind\u0259 ikim\u0259rt\u0259b\u0259li \u015fadl\u0131q saray\u0131 in\u015fa edilir. Bina evimin bir add\u0131ml\u0131\u011f\u0131nda tikilir, h\u0259yat\u0131m\u0131za t\u0259hl\u00fck\u0259 yarad\u0131r\u201d,-\u015fikay\u0259t\u00e7i s\u00f6yl\u0259yib. Bildirib ki, 2018-ci ild\u0259 d\u0259 h\u0259min \u0259razid\u0259 restoran tikm\u0259k ist\u0259yibl\u0259r, amma tikili sakinl\u0259rin \u015fikay\u0259ti il\u0259 s\u00f6k\u00fcl\u00fcb.<\/p>\n\n\n\n<p>Nazim R\u0259homov qeyd edib ki, G\u00f6y\u00e7ay Rayon \u0130cra Hakimiyy\u0259ti ba\u015f\u00e7\u0131s\u0131 \u0130kram V\u0259liyevin q\u0259bulunda olub, ba\u015f\u00e7\u0131 h\u0259min tikintiy\u0259 icaz\u0259 verilm\u0259diyini bildirib. Bundan sonra m\u0259lum olub ki, tikintiy\u0259 icaz\u0259ni \u0130cra Hakimiyy\u0259tinin Arxitektura \u015e\u00f6b\u0259sinin m\u00fcdiri \u0130ntiqam S\u00fcleymanovun r\u0259yi \u0259sas\u0131nda sabiq icra ba\u015f\u00e7\u0131s\u0131 Mehdi S\u0259limzad\u0259 verib. F\u00f6vq\u0259lad\u0259 Hallar Nazirliyinin Aran Regional \u0130dar\u0259sinin \u0259m\u0259kda\u015flar\u0131 tikiliy\u0259 bax\u0131\u015f ke\u00e7irib v\u0259 qanunsuz in\u015fa edildiyini bildiribl\u0259r.<\/p>\n\n\n\n<figure class=\"wp-block-image size-large\"><img decoding=\"async\" width=\"1019\" height=\"821\" data-src=\"https:\/\/www.meydan.tv\/wp-content\/uploads\/150bc8a1-daa6-4741-8c7d-39991374144f-1019x821.jpg\" alt=\"\" class=\"wp-image-256498 lazyload\" src=\"data:image\/svg+xml;base64,PHN2ZyB3aWR0aD0iMSIgaGVpZ2h0PSIxIiB4bWxucz0iaHR0cDovL3d3dy53My5vcmcvMjAwMC9zdmciPjwvc3ZnPg==\" style=\"--smush-placeholder-width: 1019px; --smush-placeholder-aspect-ratio: 1019\/821;\" \/><\/figure>\n\n\n\n<p>\u201c\u00d6vlad\u0131m birinci qrup \u0259lildir. S\u0259s-k\u00fcy\u00fcn onun s\u0259hh\u0259tin\u0259 t\u0259sir ed\u0259c\u0259yind\u0259n narahatam. \u00c7\u00fcnki indid\u0259n tikintinin s\u0259sin\u0259, ustalar\u0131n dan\u0131\u015f\u0131qlar\u0131na reaksiya verir, narahat olur. Bina evimiz\u0259 biti\u015fikdir, tikintinin tozu, ustalar\u0131n s\u0259s-k\u00fcy\u00fc qap\u0131lar\u0131 ba\u011flasaq da, evin i\u00e7\u0259risind\u0259 e\u015fidilir. Tikilinin sahibi d\u0259 rayonludur, deyir ki, he\u00e7 kim m\u0259n\u0259 m\u00fcdaxil\u0259 ed\u0259 bilm\u0259z. K\u0259ndin i\u00e7ind\u0259, evl\u0259rin aras\u0131nda \u015fad\u0131q saray\u0131n\u0131n tikintisind\u0259n ham\u0131m\u0131z naraz\u0131y\u0131q\u201d,-k\u0259nd sakini deyib.<\/p>\n\n\n\n<p>Nazim R\u0259himovun s\u00f6zl\u0259rin\u0259 g\u00f6r\u0259, tikintinin qanunsuz apar\u0131ld\u0131\u011f\u0131 deyils\u0259 d\u0259, qar\u015f\u0131s\u0131n\u0131 alan yoxdur. Buna g\u00f6r\u0259 d\u0259 tikintinin dayand\u0131r\u0131lmas\u0131 il\u0259 ba\u011fl\u0131 Prezident \u0130lham \u018fliyev\u0259, f\u00f6q\u0259lad\u0259 hallar naziri K\u0259mal\u0259ddin Heyd\u0259rova, F\u00f6vq\u0259lad\u0259 Hallar Nazirliyi Tikintid\u0259 T\u0259hl\u00fck\u0259sizliy\u0259 N\u0259zar\u0259t Agentliyinin r\u0259isi C\u0259bray\u0131l Xanlarova m\u00fcraci\u0259t edib.<\/p>\n\n\n\n<p>G\u00f6y\u00e7ay Rayon \u0130cra Hakimiyy\u0259tind\u0259n deyibl\u0259r ki, \u015fikay\u0259td\u0259n x\u0259b\u0259rdard\u0131lar, m\u0259s\u0259l\u0259 ara\u015fd\u0131r\u0131l\u0131r, m\u00fcvafiq m\u00fct\u0259x\u0259ssisl\u0259rin r\u0259yind\u0259n sonra q\u0259rar veril\u0259c\u0259k.<\/p>\n","protected":false},"excerpt":{"rendered":"<p>\u201cTikintinin qanunsuz oldu\u011fu deyils\u0259 d\u0259, qar\u015f\u0131s\u0131 al\u0131nm\u0131r\u201d \u201cEviml\u0259 biti\u015fik \u0259razid\u0259 &#8230; <\/p>\n<p class=\"read-more-container\"><a title=\"G\u00f6y\u00e7ay sakini: \u201c\u015eadl\u0131q evinin tikintisi h\u0259yat\u0131m\u0131za t\u0259hl\u00fck\u0259 yarad\u0131b\u201d\u00a0\" class=\"read-more button\" href=\"https:\/\/www.meydan.tv\/az\/article\/goycay-sakini-sadliq-evinin-tikintisi-heyatimiza-tehluke-yaradib\/#more-256494\" aria-label=\"Read more about G\u00f6y\u00e7ay sakini: \u201c\u015eadl\u0131q evinin tikintisi h\u0259yat\u0131m\u0131za t\u0259hl\u00fck\u0259 yarad\u0131b\u201d\u00a0\">Davam\u0131<\/a><\/p>\n","protected":false},"author":14,"featured_media":256495,"comment_status":"closed","ping_status":"closed","sticky":false,"template":"","format":"standard","meta":{"_acf_changed":false,"_sitemap_exclude":false,"_sitemap_priority":"","_sitemap_frequency":"","footnotes":""},"categories":[60,56],"tags":[],"class_list":["post-256494","post","type-post","status-publish","format-standard","has-post-thumbnail","hentry","category-bolge","category-xeberler","infinite-scroll-item","generate-columns","tablet-grid-50","mobile-grid-100","grid-parent","grid-33","no-featured-image-padding"],"acf":[],"yoast_head":"<!-- This site is optimized with the Yoast SEO plugin v27.5 - https:\/\/yoast.com\/product\/yoast-seo-wordpress\/ -->\n<title>G\u00f6y\u00e7ay sakini: \u201c\u015eadl\u0131q evinin tikintisi h\u0259yat\u0131m\u0131za t\u0259hl\u00fck\u0259 yarad\u0131b\u201d\u00a0 - MEYDAN.TV<\/title>\n<meta name=\"robots\" content=\"index, follow, max-snippet:-1, max-image-preview:large, max-video-preview:-1\" \/>\n<link rel=\"canonical\" href=\"https:\/\/www.meydan.tv\/az\/article\/goycay-sakini-sadliq-evinin-tikintisi-heyatimiza-tehluke-yaradib\/\" \/>\n<meta property=\"og:locale\" content=\"az_AZ\" \/>\n<meta property=\"og:type\" content=\"article\" \/>\n<meta property=\"og:title\" content=\"G\u00f6y\u00e7ay sakini: \u201c\u015eadl\u0131q evinin tikintisi h\u0259yat\u0131m\u0131za t\u0259hl\u00fck\u0259 yarad\u0131b\u201d\u00a0 - MEYDAN.TV\" \/>\n<meta property=\"og:description\" content=\"\u201cTikintinin qanunsuz oldu\u011fu deyils\u0259 d\u0259, qar\u015f\u0131s\u0131 al\u0131nm\u0131r\u201d \u201cEviml\u0259 biti\u015fik \u0259razid\u0259 ... Davam\u0131\" \/>\n<meta property=\"og:url\" content=\"https:\/\/www.meydan.tv\/az\/article\/goycay-sakini-sadliq-evinin-tikintisi-heyatimiza-tehluke-yaradib\/\" \/>\n<meta property=\"og:site_name\" content=\"MEYDAN.TV\" \/>\n<meta property=\"article:published_time\" content=\"2022-09-25T09:24:36+00:00\" \/>\n<meta property=\"article:modified_time\" content=\"2022-09-25T09:24:39+00:00\" \/>\n<meta property=\"og:image\" content=\"https:\/\/www.meydan.tv\/wp-content\/uploads\/3b233b06-f80e-45f2-895a-660f3898a506.jpg\" \/>\n\t<meta property=\"og:image:width\" content=\"1280\" \/>\n\t<meta property=\"og:image:height\" content=\"1043\" \/>\n\t<meta property=\"og:image:type\" content=\"image\/jpeg\" \/>\n<meta name=\"author\" content=\"roma\" \/>\n<meta name=\"twitter:card\" content=\"summary_large_image\" \/>\n<script type=\"application\/ld+json\" class=\"yoast-schema-graph\">{\"@context\":\"https:\\\/\\\/schema.org\",\"@graph\":[{\"@type\":\"Article\",\"@id\":\"https:\\\/\\\/www.meydan.tv\\\/az\\\/article\\\/goycay-sakini-sadliq-evinin-tikintisi-heyatimiza-tehluke-yaradib\\\/#article\",\"isPartOf\":{\"@id\":\"https:\\\/\\\/www.meydan.tv\\\/az\\\/article\\\/goycay-sakini-sadliq-evinin-tikintisi-heyatimiza-tehluke-yaradib\\\/\"},\"author\":{\"name\":\"roma\",\"@id\":\"https:\\\/\\\/www.meydan.tv\\\/az\\\/#\\\/schema\\\/person\\\/8f23e01c4de63326c13c319fb65ee65d\"},\"headline\":\"G\u00f6y\u00e7ay sakini: \u201c\u015eadl\u0131q evinin tikintisi h\u0259yat\u0131m\u0131za t\u0259hl\u00fck\u0259 yarad\u0131b\u201d\u00a0\",\"datePublished\":\"2022-09-25T09:24:36+00:00\",\"dateModified\":\"2022-09-25T09:24:39+00:00\",\"mainEntityOfPage\":{\"@id\":\"https:\\\/\\\/www.meydan.tv\\\/az\\\/article\\\/goycay-sakini-sadliq-evinin-tikintisi-heyatimiza-tehluke-yaradib\\\/\"},\"wordCount\":467,\"publisher\":{\"@id\":\"https:\\\/\\\/www.meydan.tv\\\/az\\\/#organization\"},\"image\":{\"@id\":\"https:\\\/\\\/www.meydan.tv\\\/az\\\/article\\\/goycay-sakini-sadliq-evinin-tikintisi-heyatimiza-tehluke-yaradib\\\/#primaryimage\"},\"thumbnailUrl\":\"https:\\\/\\\/www.meydan.tv\\\/wp-content\\\/uploads\\\/3b233b06-f80e-45f2-895a-660f3898a506.jpg\",\"articleSection\":[\"B\u00f6lg\u0259\",\"X\u0259b\u0259rl\u0259r\"],\"inLanguage\":\"az\"},{\"@type\":\"WebPage\",\"@id\":\"https:\\\/\\\/www.meydan.tv\\\/az\\\/article\\\/goycay-sakini-sadliq-evinin-tikintisi-heyatimiza-tehluke-yaradib\\\/\",\"url\":\"https:\\\/\\\/www.meydan.tv\\\/az\\\/article\\\/goycay-sakini-sadliq-evinin-tikintisi-heyatimiza-tehluke-yaradib\\\/\",\"name\":\"G\u00f6y\u00e7ay sakini: \u201c\u015eadl\u0131q evinin tikintisi h\u0259yat\u0131m\u0131za t\u0259hl\u00fck\u0259 yarad\u0131b\u201d\u00a0 - MEYDAN.TV\",\"isPartOf\":{\"@id\":\"https:\\\/\\\/www.meydan.tv\\\/az\\\/#website\"},\"primaryImageOfPage\":{\"@id\":\"https:\\\/\\\/www.meydan.tv\\\/az\\\/article\\\/goycay-sakini-sadliq-evinin-tikintisi-heyatimiza-tehluke-yaradib\\\/#primaryimage\"},\"image\":{\"@id\":\"https:\\\/\\\/www.meydan.tv\\\/az\\\/article\\\/goycay-sakini-sadliq-evinin-tikintisi-heyatimiza-tehluke-yaradib\\\/#primaryimage\"},\"thumbnailUrl\":\"https:\\\/\\\/www.meydan.tv\\\/wp-content\\\/uploads\\\/3b233b06-f80e-45f2-895a-660f3898a506.jpg\",\"datePublished\":\"2022-09-25T09:24:36+00:00\",\"dateModified\":\"2022-09-25T09:24:39+00:00\",\"breadcrumb\":{\"@id\":\"https:\\\/\\\/www.meydan.tv\\\/az\\\/article\\\/goycay-sakini-sadliq-evinin-tikintisi-heyatimiza-tehluke-yaradib\\\/#breadcrumb\"},\"inLanguage\":\"az\",\"potentialAction\":[{\"@type\":\"ReadAction\",\"target\":[\"https:\\\/\\\/www.meydan.tv\\\/az\\\/article\\\/goycay-sakini-sadliq-evinin-tikintisi-heyatimiza-tehluke-yaradib\\\/\"]}]},{\"@type\":\"ImageObject\",\"inLanguage\":\"az\",\"@id\":\"https:\\\/\\\/www.meydan.tv\\\/az\\\/article\\\/goycay-sakini-sadliq-evinin-tikintisi-heyatimiza-tehluke-yaradib\\\/#primaryimage\",\"url\":\"https:\\\/\\\/www.meydan.tv\\\/wp-content\\\/uploads\\\/3b233b06-f80e-45f2-895a-660f3898a506.jpg\",\"contentUrl\":\"https:\\\/\\\/www.meydan.tv\\\/wp-content\\\/uploads\\\/3b233b06-f80e-45f2-895a-660f3898a506.jpg\",\"width\":1280,\"height\":1043},{\"@type\":\"BreadcrumbList\",\"@id\":\"https:\\\/\\\/www.meydan.tv\\\/az\\\/article\\\/goycay-sakini-sadliq-evinin-tikintisi-heyatimiza-tehluke-yaradib\\\/#breadcrumb\",\"itemListElement\":[{\"@type\":\"ListItem\",\"position\":1,\"name\":\"Ana s\u0259hif\u0259\",\"item\":\"https:\\\/\\\/www.meydan.tv\\\/az\\\/\"},{\"@type\":\"ListItem\",\"position\":2,\"name\":\"B\u00f6lg\u0259\",\"item\":\"https:\\\/\\\/www.meydan.tv\\\/az\\\/section\\\/bolge\\\/\"},{\"@type\":\"ListItem\",\"position\":3,\"name\":\"G\u00f6y\u00e7ay sakini: \u201c\u015eadl\u0131q evinin tikintisi h\u0259yat\u0131m\u0131za t\u0259hl\u00fck\u0259 yarad\u0131b\u201d\u00a0\"}]},{\"@type\":\"WebSite\",\"@id\":\"https:\\\/\\\/www.meydan.tv\\\/az\\\/#website\",\"url\":\"https:\\\/\\\/www.meydan.tv\\\/az\\\/\",\"name\":\"MEYDAN.TV\",\"description\":\"Meydan TV Az\u0259rbaycan\u0131n media m\u0259kan\u0131ndak\u0131 alternativ s\u0259sidir\",\"publisher\":{\"@id\":\"https:\\\/\\\/www.meydan.tv\\\/az\\\/#organization\"},\"potentialAction\":[{\"@type\":\"SearchAction\",\"target\":{\"@type\":\"EntryPoint\",\"urlTemplate\":\"https:\\\/\\\/www.meydan.tv\\\/az\\\/?s={search_term_string}\"},\"query-input\":{\"@type\":\"PropertyValueSpecification\",\"valueRequired\":true,\"valueName\":\"search_term_string\"}}],\"inLanguage\":\"az\"},{\"@type\":\"Organization\",\"@id\":\"https:\\\/\\\/www.meydan.tv\\\/az\\\/#organization\",\"name\":\"Meydan TV\",\"url\":\"https:\\\/\\\/www.meydan.tv\\\/az\\\/\",\"logo\":{\"@type\":\"ImageObject\",\"inLanguage\":\"az\",\"@id\":\"https:\\\/\\\/www.meydan.tv\\\/az\\\/#\\\/schema\\\/logo\\\/image\\\/\",\"url\":\"https:\\\/\\\/www.meydan.tv\\\/wp-content\\\/uploads\\\/2021\\\/07\\\/meydan-logo.svg\",\"contentUrl\":\"https:\\\/\\\/www.meydan.tv\\\/wp-content\\\/uploads\\\/2021\\\/07\\\/meydan-logo.svg\",\"width\":195,\"height\":46,\"caption\":\"Meydan TV\"},\"image\":{\"@id\":\"https:\\\/\\\/www.meydan.tv\\\/az\\\/#\\\/schema\\\/logo\\\/image\\\/\"}},{\"@type\":\"Person\",\"@id\":\"https:\\\/\\\/www.meydan.tv\\\/az\\\/#\\\/schema\\\/person\\\/8f23e01c4de63326c13c319fb65ee65d\",\"name\":\"roma\"}]}<\/script>\n<!-- \/ Yoast SEO plugin. -->","yoast_head_json":{"title":"G\u00f6y\u00e7ay sakini: \u201c\u015eadl\u0131q evinin tikintisi h\u0259yat\u0131m\u0131za t\u0259hl\u00fck\u0259 yarad\u0131b\u201d\u00a0 - MEYDAN.TV","robots":{"index":"index","follow":"follow","max-snippet":"max-snippet:-1","max-image-preview":"max-image-preview:large","max-video-preview":"max-video-preview:-1"},"canonical":"https:\/\/www.meydan.tv\/az\/article\/goycay-sakini-sadliq-evinin-tikintisi-heyatimiza-tehluke-yaradib\/","og_locale":"az_AZ","og_type":"article","og_title":"G\u00f6y\u00e7ay sakini: \u201c\u015eadl\u0131q evinin tikintisi h\u0259yat\u0131m\u0131za t\u0259hl\u00fck\u0259 yarad\u0131b\u201d\u00a0 - MEYDAN.TV","og_description":"\u201cTikintinin qanunsuz oldu\u011fu deyils\u0259 d\u0259, qar\u015f\u0131s\u0131 al\u0131nm\u0131r\u201d \u201cEviml\u0259 biti\u015fik \u0259razid\u0259 ... Davam\u0131","og_url":"https:\/\/www.meydan.tv\/az\/article\/goycay-sakini-sadliq-evinin-tikintisi-heyatimiza-tehluke-yaradib\/","og_site_name":"MEYDAN.TV","article_published_time":"2022-09-25T09:24:36+00:00","article_modified_time":"2022-09-25T09:24:39+00:00","og_image":[{"width":1280,"height":1043,"url":"https:\/\/www.meydan.tv\/wp-content\/uploads\/3b233b06-f80e-45f2-895a-660f3898a506.jpg","type":"image\/jpeg"}],"author":"roma","twitter_card":"summary_large_image","schema":{"@context":"https:\/\/schema.org","@graph":[{"@type":"Article","@id":"https:\/\/www.meydan.tv\/az\/article\/goycay-sakini-sadliq-evinin-tikintisi-heyatimiza-tehluke-yaradib\/#article","isPartOf":{"@id":"https:\/\/www.meydan.tv\/az\/article\/goycay-sakini-sadliq-evinin-tikintisi-heyatimiza-tehluke-yaradib\/"},"author":{"name":"roma","@id":"https:\/\/www.meydan.tv\/az\/#\/schema\/person\/8f23e01c4de63326c13c319fb65ee65d"},"headline":"G\u00f6y\u00e7ay sakini: \u201c\u015eadl\u0131q evinin tikintisi h\u0259yat\u0131m\u0131za t\u0259hl\u00fck\u0259 yarad\u0131b\u201d\u00a0","datePublished":"2022-09-25T09:24:36+00:00","dateModified":"2022-09-25T09:24:39+00:00","mainEntityOfPage":{"@id":"https:\/\/www.meydan.tv\/az\/article\/goycay-sakini-sadliq-evinin-tikintisi-heyatimiza-tehluke-yaradib\/"},"wordCount":467,"publisher":{"@id":"https:\/\/www.meydan.tv\/az\/#organization"},"image":{"@id":"https:\/\/www.meydan.tv\/az\/article\/goycay-sakini-sadliq-evinin-tikintisi-heyatimiza-tehluke-yaradib\/#primaryimage"},"thumbnailUrl":"https:\/\/www.meydan.tv\/wp-content\/uploads\/3b233b06-f80e-45f2-895a-660f3898a506.jpg","articleSection":["B\u00f6lg\u0259","X\u0259b\u0259rl\u0259r"],"inLanguage":"az"},{"@type":"WebPage","@id":"https:\/\/www.meydan.tv\/az\/article\/goycay-sakini-sadliq-evinin-tikintisi-heyatimiza-tehluke-yaradib\/","url":"https:\/\/www.meydan.tv\/az\/article\/goycay-sakini-sadliq-evinin-tikintisi-heyatimiza-tehluke-yaradib\/","name":"G\u00f6y\u00e7ay sakini: \u201c\u015eadl\u0131q evinin tikintisi h\u0259yat\u0131m\u0131za t\u0259hl\u00fck\u0259 yarad\u0131b\u201d\u00a0 - MEYDAN.TV","isPartOf":{"@id":"https:\/\/www.meydan.tv\/az\/#website"},"primaryImageOfPage":{"@id":"https:\/\/www.meydan.tv\/az\/article\/goycay-sakini-sadliq-evinin-tikintisi-heyatimiza-tehluke-yaradib\/#primaryimage"},"image":{"@id":"https:\/\/www.meydan.tv\/az\/article\/goycay-sakini-sadliq-evinin-tikintisi-heyatimiza-tehluke-yaradib\/#primaryimage"},"thumbnailUrl":"https:\/\/www.meydan.tv\/wp-content\/uploads\/3b233b06-f80e-45f2-895a-660f3898a506.jpg","datePublished":"2022-09-25T09:24:36+00:00","dateModified":"2022-09-25T09:24:39+00:00","breadcrumb":{"@id":"https:\/\/www.meydan.tv\/az\/article\/goycay-sakini-sadliq-evinin-tikintisi-heyatimiza-tehluke-yaradib\/#breadcrumb"},"inLanguage":"az","potentialAction":[{"@type":"ReadAction","target":["https:\/\/www.meydan.tv\/az\/article\/goycay-sakini-sadliq-evinin-tikintisi-heyatimiza-tehluke-yaradib\/"]}]},{"@type":"ImageObject","inLanguage":"az","@id":"https:\/\/www.meydan.tv\/az\/article\/goycay-sakini-sadliq-evinin-tikintisi-heyatimiza-tehluke-yaradib\/#primaryimage","url":"https:\/\/www.meydan.tv\/wp-content\/uploads\/3b233b06-f80e-45f2-895a-660f3898a506.jpg","contentUrl":"https:\/\/www.meydan.tv\/wp-content\/uploads\/3b233b06-f80e-45f2-895a-660f3898a506.jpg","width":1280,"height":1043},{"@type":"BreadcrumbList","@id":"https:\/\/www.meydan.tv\/az\/article\/goycay-sakini-sadliq-evinin-tikintisi-heyatimiza-tehluke-yaradib\/#breadcrumb","itemListElement":[{"@type":"ListItem","position":1,"name":"Ana s\u0259hif\u0259","item":"https:\/\/www.meydan.tv\/az\/"},{"@type":"ListItem","position":2,"name":"B\u00f6lg\u0259","item":"https:\/\/www.meydan.tv\/az\/section\/bolge\/"},{"@type":"ListItem","position":3,"name":"G\u00f6y\u00e7ay sakini: \u201c\u015eadl\u0131q evinin tikintisi h\u0259yat\u0131m\u0131za t\u0259hl\u00fck\u0259 yarad\u0131b\u201d\u00a0"}]},{"@type":"WebSite","@id":"https:\/\/www.meydan.tv\/az\/#website","url":"https:\/\/www.meydan.tv\/az\/","name":"MEYDAN.TV","description":"Meydan TV Az\u0259rbaycan\u0131n media m\u0259kan\u0131ndak\u0131 alternativ s\u0259sidir","publisher":{"@id":"https:\/\/www.meydan.tv\/az\/#organization"},"potentialAction":[{"@type":"SearchAction","target":{"@type":"EntryPoint","urlTemplate":"https:\/\/www.meydan.tv\/az\/?s={search_term_string}"},"query-input":{"@type":"PropertyValueSpecification","valueRequired":true,"valueName":"search_term_string"}}],"inLanguage":"az"},{"@type":"Organization","@id":"https:\/\/www.meydan.tv\/az\/#organization","name":"Meydan TV","url":"https:\/\/www.meydan.tv\/az\/","logo":{"@type":"ImageObject","inLanguage":"az","@id":"https:\/\/www.meydan.tv\/az\/#\/schema\/logo\/image\/","url":"https:\/\/www.meydan.tv\/wp-content\/uploads\/2021\/07\/meydan-logo.svg","contentUrl":"https:\/\/www.meydan.tv\/wp-content\/uploads\/2021\/07\/meydan-logo.svg","width":195,"height":46,"caption":"Meydan TV"},"image":{"@id":"https:\/\/www.meydan.tv\/az\/#\/schema\/logo\/image\/"}},{"@type":"Person","@id":"https:\/\/www.meydan.tv\/az\/#\/schema\/person\/8f23e01c4de63326c13c319fb65ee65d","name":"roma"}]}},"_links":{"self":[{"href":"https:\/\/www.meydan.tv\/az\/wp-json\/wp\/v2\/posts\/256494","targetHints":{"allow":["GET"]}}],"collection":[{"href":"https:\/\/www.meydan.tv\/az\/wp-json\/wp\/v2\/posts"}],"about":[{"href":"https:\/\/www.meydan.tv\/az\/wp-json\/wp\/v2\/types\/post"}],"author":[{"embeddable":true,"href":"https:\/\/www.meydan.tv\/az\/wp-json\/wp\/v2\/users\/14"}],"replies":[{"embeddable":true,"href":"https:\/\/www.meydan.tv\/az\/wp-json\/wp\/v2\/comments?post=256494"}],"version-history":[{"count":1,"href":"https:\/\/www.meydan.tv\/az\/wp-json\/wp\/v2\/posts\/256494\/revisions"}],"predecessor-version":[{"id":256501,"href":"https:\/\/www.meydan.tv\/az\/wp-json\/wp\/v2\/posts\/256494\/revisions\/256501"}],"wp:featuredmedia":[{"embeddable":true,"href":"https:\/\/www.meydan.tv\/az\/wp-json\/wp\/v2\/media\/256495"}],"wp:attachment":[{"href":"https:\/\/www.meydan.tv\/az\/wp-json\/wp\/v2\/media?parent=256494"}],"wp:term":[{"taxonomy":"category","embeddable":true,"href":"https:\/\/www.meydan.tv\/az\/wp-json\/wp\/v2\/categories?post=256494"},{"taxonomy":"post_tag","embeddable":true,"href":"https:\/\/www.meydan.tv\/az\/wp-json\/wp\/v2\/tags?post=256494"}],"curies":[{"name":"wp","href":"https:\/\/api.w.org\/{rel}","templated":true}]}}