{"id":256373,"date":"2022-09-22T22:40:45","date_gmt":"2022-09-22T18:40:45","guid":{"rendered":"https:\/\/www.meydan.tv\/?p=256373"},"modified":"2022-09-22T22:40:48","modified_gmt":"2022-09-22T18:40:48","slug":"surucu-polisin-ona-zor-tetbiq-etdiyini-deyir","status":"publish","type":"post","link":"https:\/\/www.meydan.tv\/az\/article\/surucu-polisin-ona-zor-tetbiq-etdiyini-deyir\/","title":{"rendered":"S\u00fcr\u00fcc\u00fc polisin ona zor t\u0259tbiq etdiyini deyir"},"content":{"rendered":"\n<figure class=\"wp-block-embed is-type-video is-provider-youtube wp-block-embed-youtube wp-embed-aspect-4-3 wp-has-aspect-ratio\"><div class=\"wp-block-embed__wrapper\">\n<iframe title=\"S\u00fcr\u00fcc\u00fc polis zorak\u0131l\u0131\u011f\u0131na m\u0259ruz qald\u0131\u011f\u0131n\u0131 deyir\" width=\"1200\" height=\"675\" data-src=\"https:\/\/www.youtube.com\/embed\/jMIu6eO9eog?feature=oembed\" frameborder=\"0\" allow=\"accelerometer; autoplay; clipboard-write; encrypted-media; gyroscope; picture-in-picture\" allowfullscreen src=\"data:image\/svg+xml;base64,PHN2ZyB3aWR0aD0iMSIgaGVpZ2h0PSIxIiB4bWxucz0iaHR0cDovL3d3dy53My5vcmcvMjAwMC9zdmciPjwvc3ZnPg==\" class=\"lazyload\" data-load-mode=\"1\"><\/iframe>\n<\/div><\/figure>\n\n\n\n<!--more-->\n\n\n\n<p><em>\u201cH\u0259r s\u0259h\u0259r Heyd\u0259r \u018fliyev prospektind\u0259 s\u00fcr\u00fcc\u00fcl\u0259ri saxlayaraq \u201cpaxmel\u201d b\u0259han\u0259siyl\u0259 \u015f\u0259rl\u0259yirl\u0259r\u201d<\/em><\/p>\n\n\n\n<p>\u201cTaksi s\u00fcr\u00fcc\u00fcs\u00fc deyil\u0259m, sahibkarl\u0131qla m\u0259\u015f\u011ful oluram. Sentyabr\u0131n 15-d\u0259 Heyd\u0259r \u018fliyev prospektiyl\u0259 h\u0259r\u0259k\u0259t ed\u0259rk\u0259n Olimpiya Stadionunun yax\u0131nl\u0131\u011f\u0131nda &#8211; birinci radar\u0131n alt\u0131nda yol polisl\u0259ri m\u0259ni saxlad\u0131. M\u0259n\u0259 avtoxulixanl\u0131q etdiyimi bildirdil\u0259r. M\u0259n g\u00f6r\u00fcnt\u00fc v\u0259 protokol t\u0259l\u0259b etdim. Dedil\u0259r: \u201cVermirik v\u0259 biziml\u0259 polis\u0259 getm\u0259lis\u0259n\u201d. D\u0130N 102 xidm\u0259tin\u0259 z\u0259ng vurdum, polisl\u0259rs\u0259 m\u0259ni ma\u015f\u0131ndan \u00e7\u0131xar\u0131b ma\u015f\u0131n\u0131m\u0131 dayanaca\u011fa aparmaq ist\u0259di. Gerisini videog\u00f6r\u00fcnt\u00fcd\u0259 g\u00f6rm\u00fcs\u00fcn\u00fcz. M\u0259ni apar\u0131b 10 sutka h\u0259bs verdil\u0259r. Apelyasiya \u015fikay\u0259ti verdim&#8221;.<\/p>\n\n\n\n<p>G\u00fcn \u0259rzind\u0259 sosial \u015f\u0259b\u0259k\u0259l\u0259rd\u0259 yol polisi il\u0259 aras\u0131ndak\u0131 insidentl\u0259 ba\u011fl\u0131 videog\u00f6r\u00fcnt\u00fcl\u0259ri yay\u0131lm\u0131\u015f v\u0259 geni\u015f m\u00fczakir\u0259y\u0259 s\u0259b\u0259b olmu\u015f S\u0259m\u0259nd\u0259r Mehdiyev \u201c\u0130nstagram\u201d \u00fcz\u0259rind\u0259n ba\u015f\u0131na g\u0259l\u0259nl\u0259rd\u0259n dan\u0131\u015f\u0131b v\u0259 daxili i\u015fl\u0259r nazirin\u0259, ba\u015f prokurora m\u00fcraci\u0259t edib. O, ona qar\u015f\u0131 kobudluq etmi\u015f yol polisi m\u00fcf\u0259tti\u015fl\u0259rinin i\u015fd\u0259n k\u0259narla\u015fd\u0131r\u0131lmas\u0131n\u0131 ist\u0259yib.<\/p>\n\n\n\n<p>S\u0259m\u0259nd\u0259r Mehdiyev Sabun\u00e7u rayonu \u0259razisind\u0259 Nizami Rayon Polis \u015e\u00f6b\u0259sinin \u0259m\u0259kda\u015flar\u0131 t\u0259r\u0259find\u0259n saxlan\u0131l\u0131b. Yol polisl\u0259ri onu avtoxuliqan kimi qeyd\u0259 al\u0131blar, protokolla\u015fd\u0131raraq m\u0259hk\u0259m\u0259 qar\u015f\u0131s\u0131na \u00e7\u0131xar\u0131blar. M\u0259hk\u0259m\u0259 s\u00fcr\u00fcc\u00fcy\u0259 10 sutkal\u0131q h\u0259bs c\u0259zas\u0131 k\u0259sib. S\u0259m\u0259nd\u0259r Mehdiyev q\u0259rardan apelyasiya \u015fikay\u0259ti ver\u0259r\u0259k azadl\u0131\u011fa burax\u0131l\u0131b.<\/p>\n\n\n\n<p>Sosial \u015f\u0259b\u0259k\u0259l\u0259rd\u0259 yay\u0131lm\u0131\u015f g\u00f6r\u00fcnt\u00fcl\u0259rd\u0259 s\u00fcr\u00fcc\u00fc yol patrul xidm\u0259tinin \u0259m\u0259kda\u015flar\u0131 t\u0259r\u0259find\u0259n ona zor t\u0259tbiq edildiyini bildirir. G\u00f6r\u00fcnt\u00fcy\u0259 \u0259sas\u0259n, polis \u0259m\u0259kda\u015flar\u0131ndan biri \u0259lini avtomobilin p\u0259nc\u0259r\u0259sind\u0259n i\u00e7\u0259ri sal\u0131r, s\u00fcr\u00fcc\u00fc is\u0259 ma\u015f\u0131n\u0131n p\u0259nc\u0259r\u0259sini qald\u0131r\u0131r v\u0259 polis \u0259m\u0259kda\u015f\u0131n\u0131n \u0259li p\u0259nc\u0259r\u0259d\u0259 s\u0131x\u0131\u015f\u0131b qal\u0131r. Bu zaman dig\u0259r polis zabiti p\u0259nc\u0259r\u0259d\u0259n \u0259lini salaraq s\u00fcr\u00fcc\u00fcy\u0259 zor t\u0259tbiq edir v\u0259 ondan p\u0259nc\u0259r\u0259ni a\u015fa\u011f\u0131 endirm\u0259sini ist\u0259yir. Dig\u0259r polis \u0259m\u0259kda\u015f\u0131 arxa qap\u0131dan ma\u015f\u0131na oturur.<\/p>\n\n\n\n<p>\u0130nsident g\u00f6r\u00fcnt\u00fcl\u0259rini Meydan TV-y\u0259 g\u00f6nd\u0259r\u0259n \u015f\u0259xs yaz\u0131r ki, Nizami rayon DYP-sind\u0259 \u00f6zba\u015f\u0131nal\u0131q h\u00f6km s\u00fcr\u00fcr:<\/p>\n\n\n\n<p>\u201cA\u00e7\u0131q \u015f\u0259rl\u0259m\u0259l\u0259rl\u0259 xalq\u0131n ba\u015f\u0131na oyun a\u00e7\u0131rlar. H\u0259r s\u0259h\u0259r Heyd\u0259r \u018fliyev prospektind\u0259 s\u00fcr\u00fcc\u00fcl\u0259ri saxlayaraq \u201cpaxmel\u201d b\u0259han\u0259siyl\u0259 \u015f\u0259rl\u0259yirl\u0259r\u201d.&nbsp;<\/p>\n\n\n\n<p>Bak\u0131 \u015e\u0259h\u0259r D\u00f6vl\u0259t Yol Polisi \u0130dar\u0259sinin ba\u015f inspektoru, polis mayoru Araz \u018fsg\u0259rli a\u00e7\u0131qlama ver\u0259r\u0259k bildirmi\u015fdi ki, S\u0259m\u0259nd\u0259r Mehdiyev taksi s\u00fcr\u00fcc\u00fcs\u00fcd\u00fcr. Avtomobilinin \u00fcz\u0259rind\u0259 3 ay\u0131 tamam olmu\u015f c\u0259rim\u0259l\u0259rin\u0259 g\u00f6r\u0259 h\u0259bs q\u0259rar\u0131n\u0131n oldu\u011fu ona izah edilib. Bildirilib ki, qanunun t\u0259l\u0259bl\u0259rin\u0259 g\u00f6r\u0259 avtomobil duraca\u011fa apar\u0131lmal\u0131d\u0131r:<\/p>\n\n\n\n<p>\u201cS\u00fcr\u00fcc\u00fc \u0259vv\u0259l raz\u0131l\u0131\u011f\u0131n\u0131 bildirib, daha sora avtomobil\u0259 \u0259yl\u0259\u015f\u0259r\u0259k, qap\u0131lar\u0131 ba\u011flay\u0131b h\u0259min yerd\u0259n uzaqla\u015fma\u011fa \u00e7al\u0131\u015f\u0131b. Bu zaman polis \u0259m\u0259kda\u015f\u0131 \u0259lini qap\u0131ya atanda aya\u011f\u0131 il\u0259 onun \u0259lini s\u0131x\u0131r v\u0259 \u00e7\u0259kili\u015f edib g\u0259rginliyi m\u0259qs\u0259dli \u015f\u0259kild\u0259 \u00f6z xeyrin\u0259 g\u00f6st\u0259rm\u0259kl\u0259 qanuni i\u015fini g\u00f6r\u0259n polisi n\u00fcfuzdan salma\u011fa \u00e7al\u0131\u015f\u0131r\u201d.<\/p>\n\n\n\n<p>Araz \u018fsg\u0259rli Meydan TV-y\u0259 Nizami DYP\u015e-d\u0259 s\u00fcr\u00fcc\u00fcl\u0259rin \u015f\u0259rl\u0259nm\u0259siyl\u0259 ba\u011fl\u0131 deyil\u0259nl\u0259ri c\u0259f\u0259ngiyyat adland\u0131r\u0131b:<\/p>\n\n\n\n<p>\u201cBir var konkret fakt g\u00f6st\u0259r\u0259siniz, bir d\u0259 var fakt olmadan \u201ckims\u0259 bel\u0259 deyir\u201d. Bunu dey\u0259n adam g\u0259tirsin ortaya fakt qoysun, ara\u015fd\u0131r\u0131ls\u0131n\u201d, &#8211; Araz \u018fsg\u0259rli bildirib.<\/p>\n","protected":false},"excerpt":{"rendered":"","protected":false},"author":14,"featured_media":256374,"comment_status":"closed","ping_status":"closed","sticky":false,"template":"","format":"standard","meta":{"_acf_changed":false,"_sitemap_exclude":false,"_sitemap_priority":"","_sitemap_frequency":"","footnotes":""},"categories":[63,56],"tags":[],"class_list":["post-256373","post","type-post","status-publish","format-standard","has-post-thumbnail","hentry","category-video-2","category-xeberler","infinite-scroll-item","generate-columns","tablet-grid-50","mobile-grid-100","grid-parent","grid-33","no-featured-image-padding"],"acf":[],"yoast_head":"<!-- This site is optimized with the Yoast SEO plugin v27.5 - https:\/\/yoast.com\/product\/yoast-seo-wordpress\/ -->\n<title>S\u00fcr\u00fcc\u00fc polisin ona zor t\u0259tbiq etdiyini deyir - MEYDAN.TV<\/title>\n<meta name=\"robots\" content=\"index, follow, max-snippet:-1, max-image-preview:large, max-video-preview:-1\" \/>\n<link rel=\"canonical\" href=\"https:\/\/www.meydan.tv\/az\/article\/surucu-polisin-ona-zor-tetbiq-etdiyini-deyir\/\" \/>\n<meta property=\"og:locale\" content=\"az_AZ\" \/>\n<meta property=\"og:type\" content=\"article\" \/>\n<meta property=\"og:title\" content=\"S\u00fcr\u00fcc\u00fc polisin ona zor t\u0259tbiq etdiyini deyir - MEYDAN.TV\" \/>\n<meta property=\"og:url\" content=\"https:\/\/www.meydan.tv\/az\/article\/surucu-polisin-ona-zor-tetbiq-etdiyini-deyir\/\" \/>\n<meta property=\"og:site_name\" content=\"MEYDAN.TV\" \/>\n<meta property=\"article:published_time\" content=\"2022-09-22T18:40:45+00:00\" \/>\n<meta property=\"article:modified_time\" content=\"2022-09-22T18:40:48+00:00\" \/>\n<meta property=\"og:image\" content=\"https:\/\/www.meydan.tv\/wp-content\/uploads\/polis-vetendas-dava.jpg\" \/>\n\t<meta property=\"og:image:width\" content=\"1200\" \/>\n\t<meta property=\"og:image:height\" content=\"789\" \/>\n\t<meta property=\"og:image:type\" content=\"image\/jpeg\" \/>\n<meta name=\"author\" content=\"roma\" \/>\n<meta name=\"twitter:card\" content=\"summary_large_image\" \/>\n<script type=\"application\/ld+json\" class=\"yoast-schema-graph\">{\"@context\":\"https:\\\/\\\/schema.org\",\"@graph\":[{\"@type\":\"Article\",\"@id\":\"https:\\\/\\\/www.meydan.tv\\\/az\\\/article\\\/surucu-polisin-ona-zor-tetbiq-etdiyini-deyir\\\/#article\",\"isPartOf\":{\"@id\":\"https:\\\/\\\/www.meydan.tv\\\/az\\\/article\\\/surucu-polisin-ona-zor-tetbiq-etdiyini-deyir\\\/\"},\"author\":{\"name\":\"roma\",\"@id\":\"https:\\\/\\\/www.meydan.tv\\\/az\\\/#\\\/schema\\\/person\\\/8f23e01c4de63326c13c319fb65ee65d\"},\"headline\":\"S\u00fcr\u00fcc\u00fc polisin ona zor t\u0259tbiq etdiyini deyir\",\"datePublished\":\"2022-09-22T18:40:45+00:00\",\"dateModified\":\"2022-09-22T18:40:48+00:00\",\"mainEntityOfPage\":{\"@id\":\"https:\\\/\\\/www.meydan.tv\\\/az\\\/article\\\/surucu-polisin-ona-zor-tetbiq-etdiyini-deyir\\\/\"},\"wordCount\":719,\"publisher\":{\"@id\":\"https:\\\/\\\/www.meydan.tv\\\/az\\\/#organization\"},\"image\":{\"@id\":\"https:\\\/\\\/www.meydan.tv\\\/az\\\/article\\\/surucu-polisin-ona-zor-tetbiq-etdiyini-deyir\\\/#primaryimage\"},\"thumbnailUrl\":\"https:\\\/\\\/www.meydan.tv\\\/wp-content\\\/uploads\\\/polis-vetendas-dava.jpg\",\"articleSection\":[\"Video\",\"X\u0259b\u0259rl\u0259r\"],\"inLanguage\":\"az\"},{\"@type\":\"WebPage\",\"@id\":\"https:\\\/\\\/www.meydan.tv\\\/az\\\/article\\\/surucu-polisin-ona-zor-tetbiq-etdiyini-deyir\\\/\",\"url\":\"https:\\\/\\\/www.meydan.tv\\\/az\\\/article\\\/surucu-polisin-ona-zor-tetbiq-etdiyini-deyir\\\/\",\"name\":\"S\u00fcr\u00fcc\u00fc polisin ona zor t\u0259tbiq etdiyini deyir - MEYDAN.TV\",\"isPartOf\":{\"@id\":\"https:\\\/\\\/www.meydan.tv\\\/az\\\/#website\"},\"primaryImageOfPage\":{\"@id\":\"https:\\\/\\\/www.meydan.tv\\\/az\\\/article\\\/surucu-polisin-ona-zor-tetbiq-etdiyini-deyir\\\/#primaryimage\"},\"image\":{\"@id\":\"https:\\\/\\\/www.meydan.tv\\\/az\\\/article\\\/surucu-polisin-ona-zor-tetbiq-etdiyini-deyir\\\/#primaryimage\"},\"thumbnailUrl\":\"https:\\\/\\\/www.meydan.tv\\\/wp-content\\\/uploads\\\/polis-vetendas-dava.jpg\",\"datePublished\":\"2022-09-22T18:40:45+00:00\",\"dateModified\":\"2022-09-22T18:40:48+00:00\",\"breadcrumb\":{\"@id\":\"https:\\\/\\\/www.meydan.tv\\\/az\\\/article\\\/surucu-polisin-ona-zor-tetbiq-etdiyini-deyir\\\/#breadcrumb\"},\"inLanguage\":\"az\",\"potentialAction\":[{\"@type\":\"ReadAction\",\"target\":[\"https:\\\/\\\/www.meydan.tv\\\/az\\\/article\\\/surucu-polisin-ona-zor-tetbiq-etdiyini-deyir\\\/\"]}]},{\"@type\":\"ImageObject\",\"inLanguage\":\"az\",\"@id\":\"https:\\\/\\\/www.meydan.tv\\\/az\\\/article\\\/surucu-polisin-ona-zor-tetbiq-etdiyini-deyir\\\/#primaryimage\",\"url\":\"https:\\\/\\\/www.meydan.tv\\\/wp-content\\\/uploads\\\/polis-vetendas-dava.jpg\",\"contentUrl\":\"https:\\\/\\\/www.meydan.tv\\\/wp-content\\\/uploads\\\/polis-vetendas-dava.jpg\",\"width\":1200,\"height\":789},{\"@type\":\"BreadcrumbList\",\"@id\":\"https:\\\/\\\/www.meydan.tv\\\/az\\\/article\\\/surucu-polisin-ona-zor-tetbiq-etdiyini-deyir\\\/#breadcrumb\",\"itemListElement\":[{\"@type\":\"ListItem\",\"position\":1,\"name\":\"Ana s\u0259hif\u0259\",\"item\":\"https:\\\/\\\/www.meydan.tv\\\/az\\\/\"},{\"@type\":\"ListItem\",\"position\":2,\"name\":\"Video\",\"item\":\"https:\\\/\\\/www.meydan.tv\\\/az\\\/section\\\/video-2\\\/\"},{\"@type\":\"ListItem\",\"position\":3,\"name\":\"S\u00fcr\u00fcc\u00fc polisin ona zor t\u0259tbiq etdiyini deyir\"}]},{\"@type\":\"WebSite\",\"@id\":\"https:\\\/\\\/www.meydan.tv\\\/az\\\/#website\",\"url\":\"https:\\\/\\\/www.meydan.tv\\\/az\\\/\",\"name\":\"MEYDAN.TV\",\"description\":\"Meydan TV Az\u0259rbaycan\u0131n media m\u0259kan\u0131ndak\u0131 alternativ s\u0259sidir\",\"publisher\":{\"@id\":\"https:\\\/\\\/www.meydan.tv\\\/az\\\/#organization\"},\"potentialAction\":[{\"@type\":\"SearchAction\",\"target\":{\"@type\":\"EntryPoint\",\"urlTemplate\":\"https:\\\/\\\/www.meydan.tv\\\/az\\\/?s={search_term_string}\"},\"query-input\":{\"@type\":\"PropertyValueSpecification\",\"valueRequired\":true,\"valueName\":\"search_term_string\"}}],\"inLanguage\":\"az\"},{\"@type\":\"Organization\",\"@id\":\"https:\\\/\\\/www.meydan.tv\\\/az\\\/#organization\",\"name\":\"Meydan TV\",\"url\":\"https:\\\/\\\/www.meydan.tv\\\/az\\\/\",\"logo\":{\"@type\":\"ImageObject\",\"inLanguage\":\"az\",\"@id\":\"https:\\\/\\\/www.meydan.tv\\\/az\\\/#\\\/schema\\\/logo\\\/image\\\/\",\"url\":\"https:\\\/\\\/www.meydan.tv\\\/wp-content\\\/uploads\\\/2021\\\/07\\\/meydan-logo.svg\",\"contentUrl\":\"https:\\\/\\\/www.meydan.tv\\\/wp-content\\\/uploads\\\/2021\\\/07\\\/meydan-logo.svg\",\"width\":195,\"height\":46,\"caption\":\"Meydan TV\"},\"image\":{\"@id\":\"https:\\\/\\\/www.meydan.tv\\\/az\\\/#\\\/schema\\\/logo\\\/image\\\/\"}},{\"@type\":\"Person\",\"@id\":\"https:\\\/\\\/www.meydan.tv\\\/az\\\/#\\\/schema\\\/person\\\/8f23e01c4de63326c13c319fb65ee65d\",\"name\":\"roma\"}]}<\/script>\n<!-- \/ Yoast SEO plugin. -->","yoast_head_json":{"title":"S\u00fcr\u00fcc\u00fc polisin ona zor t\u0259tbiq etdiyini deyir - MEYDAN.TV","robots":{"index":"index","follow":"follow","max-snippet":"max-snippet:-1","max-image-preview":"max-image-preview:large","max-video-preview":"max-video-preview:-1"},"canonical":"https:\/\/www.meydan.tv\/az\/article\/surucu-polisin-ona-zor-tetbiq-etdiyini-deyir\/","og_locale":"az_AZ","og_type":"article","og_title":"S\u00fcr\u00fcc\u00fc polisin ona zor t\u0259tbiq etdiyini deyir - MEYDAN.TV","og_url":"https:\/\/www.meydan.tv\/az\/article\/surucu-polisin-ona-zor-tetbiq-etdiyini-deyir\/","og_site_name":"MEYDAN.TV","article_published_time":"2022-09-22T18:40:45+00:00","article_modified_time":"2022-09-22T18:40:48+00:00","og_image":[{"width":1200,"height":789,"url":"https:\/\/www.meydan.tv\/wp-content\/uploads\/polis-vetendas-dava.jpg","type":"image\/jpeg"}],"author":"roma","twitter_card":"summary_large_image","schema":{"@context":"https:\/\/schema.org","@graph":[{"@type":"Article","@id":"https:\/\/www.meydan.tv\/az\/article\/surucu-polisin-ona-zor-tetbiq-etdiyini-deyir\/#article","isPartOf":{"@id":"https:\/\/www.meydan.tv\/az\/article\/surucu-polisin-ona-zor-tetbiq-etdiyini-deyir\/"},"author":{"name":"roma","@id":"https:\/\/www.meydan.tv\/az\/#\/schema\/person\/8f23e01c4de63326c13c319fb65ee65d"},"headline":"S\u00fcr\u00fcc\u00fc polisin ona zor t\u0259tbiq etdiyini deyir","datePublished":"2022-09-22T18:40:45+00:00","dateModified":"2022-09-22T18:40:48+00:00","mainEntityOfPage":{"@id":"https:\/\/www.meydan.tv\/az\/article\/surucu-polisin-ona-zor-tetbiq-etdiyini-deyir\/"},"wordCount":719,"publisher":{"@id":"https:\/\/www.meydan.tv\/az\/#organization"},"image":{"@id":"https:\/\/www.meydan.tv\/az\/article\/surucu-polisin-ona-zor-tetbiq-etdiyini-deyir\/#primaryimage"},"thumbnailUrl":"https:\/\/www.meydan.tv\/wp-content\/uploads\/polis-vetendas-dava.jpg","articleSection":["Video","X\u0259b\u0259rl\u0259r"],"inLanguage":"az"},{"@type":"WebPage","@id":"https:\/\/www.meydan.tv\/az\/article\/surucu-polisin-ona-zor-tetbiq-etdiyini-deyir\/","url":"https:\/\/www.meydan.tv\/az\/article\/surucu-polisin-ona-zor-tetbiq-etdiyini-deyir\/","name":"S\u00fcr\u00fcc\u00fc polisin ona zor t\u0259tbiq etdiyini deyir - MEYDAN.TV","isPartOf":{"@id":"https:\/\/www.meydan.tv\/az\/#website"},"primaryImageOfPage":{"@id":"https:\/\/www.meydan.tv\/az\/article\/surucu-polisin-ona-zor-tetbiq-etdiyini-deyir\/#primaryimage"},"image":{"@id":"https:\/\/www.meydan.tv\/az\/article\/surucu-polisin-ona-zor-tetbiq-etdiyini-deyir\/#primaryimage"},"thumbnailUrl":"https:\/\/www.meydan.tv\/wp-content\/uploads\/polis-vetendas-dava.jpg","datePublished":"2022-09-22T18:40:45+00:00","dateModified":"2022-09-22T18:40:48+00:00","breadcrumb":{"@id":"https:\/\/www.meydan.tv\/az\/article\/surucu-polisin-ona-zor-tetbiq-etdiyini-deyir\/#breadcrumb"},"inLanguage":"az","potentialAction":[{"@type":"ReadAction","target":["https:\/\/www.meydan.tv\/az\/article\/surucu-polisin-ona-zor-tetbiq-etdiyini-deyir\/"]}]},{"@type":"ImageObject","inLanguage":"az","@id":"https:\/\/www.meydan.tv\/az\/article\/surucu-polisin-ona-zor-tetbiq-etdiyini-deyir\/#primaryimage","url":"https:\/\/www.meydan.tv\/wp-content\/uploads\/polis-vetendas-dava.jpg","contentUrl":"https:\/\/www.meydan.tv\/wp-content\/uploads\/polis-vetendas-dava.jpg","width":1200,"height":789},{"@type":"BreadcrumbList","@id":"https:\/\/www.meydan.tv\/az\/article\/surucu-polisin-ona-zor-tetbiq-etdiyini-deyir\/#breadcrumb","itemListElement":[{"@type":"ListItem","position":1,"name":"Ana s\u0259hif\u0259","item":"https:\/\/www.meydan.tv\/az\/"},{"@type":"ListItem","position":2,"name":"Video","item":"https:\/\/www.meydan.tv\/az\/section\/video-2\/"},{"@type":"ListItem","position":3,"name":"S\u00fcr\u00fcc\u00fc polisin ona zor t\u0259tbiq etdiyini deyir"}]},{"@type":"WebSite","@id":"https:\/\/www.meydan.tv\/az\/#website","url":"https:\/\/www.meydan.tv\/az\/","name":"MEYDAN.TV","description":"Meydan TV Az\u0259rbaycan\u0131n media m\u0259kan\u0131ndak\u0131 alternativ s\u0259sidir","publisher":{"@id":"https:\/\/www.meydan.tv\/az\/#organization"},"potentialAction":[{"@type":"SearchAction","target":{"@type":"EntryPoint","urlTemplate":"https:\/\/www.meydan.tv\/az\/?s={search_term_string}"},"query-input":{"@type":"PropertyValueSpecification","valueRequired":true,"valueName":"search_term_string"}}],"inLanguage":"az"},{"@type":"Organization","@id":"https:\/\/www.meydan.tv\/az\/#organization","name":"Meydan TV","url":"https:\/\/www.meydan.tv\/az\/","logo":{"@type":"ImageObject","inLanguage":"az","@id":"https:\/\/www.meydan.tv\/az\/#\/schema\/logo\/image\/","url":"https:\/\/www.meydan.tv\/wp-content\/uploads\/2021\/07\/meydan-logo.svg","contentUrl":"https:\/\/www.meydan.tv\/wp-content\/uploads\/2021\/07\/meydan-logo.svg","width":195,"height":46,"caption":"Meydan TV"},"image":{"@id":"https:\/\/www.meydan.tv\/az\/#\/schema\/logo\/image\/"}},{"@type":"Person","@id":"https:\/\/www.meydan.tv\/az\/#\/schema\/person\/8f23e01c4de63326c13c319fb65ee65d","name":"roma"}]}},"_links":{"self":[{"href":"https:\/\/www.meydan.tv\/az\/wp-json\/wp\/v2\/posts\/256373","targetHints":{"allow":["GET"]}}],"collection":[{"href":"https:\/\/www.meydan.tv\/az\/wp-json\/wp\/v2\/posts"}],"about":[{"href":"https:\/\/www.meydan.tv\/az\/wp-json\/wp\/v2\/types\/post"}],"author":[{"embeddable":true,"href":"https:\/\/www.meydan.tv\/az\/wp-json\/wp\/v2\/users\/14"}],"replies":[{"embeddable":true,"href":"https:\/\/www.meydan.tv\/az\/wp-json\/wp\/v2\/comments?post=256373"}],"version-history":[{"count":2,"href":"https:\/\/www.meydan.tv\/az\/wp-json\/wp\/v2\/posts\/256373\/revisions"}],"predecessor-version":[{"id":257250,"href":"https:\/\/www.meydan.tv\/az\/wp-json\/wp\/v2\/posts\/256373\/revisions\/257250"}],"wp:featuredmedia":[{"embeddable":true,"href":"https:\/\/www.meydan.tv\/az\/wp-json\/wp\/v2\/media\/256374"}],"wp:attachment":[{"href":"https:\/\/www.meydan.tv\/az\/wp-json\/wp\/v2\/media?parent=256373"}],"wp:term":[{"taxonomy":"category","embeddable":true,"href":"https:\/\/www.meydan.tv\/az\/wp-json\/wp\/v2\/categories?post=256373"},{"taxonomy":"post_tag","embeddable":true,"href":"https:\/\/www.meydan.tv\/az\/wp-json\/wp\/v2\/tags?post=256373"}],"curies":[{"name":"wp","href":"https:\/\/api.w.org\/{rel}","templated":true}]}}