{"id":256362,"date":"2022-09-22T14:56:07","date_gmt":"2022-09-22T10:56:07","guid":{"rendered":"https:\/\/www.meydan.tv\/?p=256362"},"modified":"2022-09-22T14:56:10","modified_gmt":"2022-09-22T10:56:10","slug":"medvedev-donbasdaki-respublikalar-rusiyanin-terkibine-daxil-edilecek","status":"publish","type":"post","link":"https:\/\/www.meydan.tv\/az\/article\/medvedev-donbasdaki-respublikalar-rusiyanin-terkibine-daxil-edilecek\/","title":{"rendered":"Medvedev: &#8220;Donbasdak\u0131 respublikalar Rusiyan\u0131n t\u0259rkibin\u0259 daxil edil\u0259c\u0259k&#8221;"},"content":{"rendered":"\n<p><\/p>\n\n\n\n<p><em>O, Ukraynada referendumun ke\u00e7iril\u0259c\u0259yini deyir<\/em><\/p>\n\n\n\n<p>&#8220;Referendumlar ke\u00e7iril\u0259c\u0259k, Donbasdak\u0131 respublikalar v\u0259 dig\u0259r \u0259razil\u0259r Rusiyan\u0131n t\u0259rkibin\u0259 daxil edil\u0259c\u0259k&#8221;.<\/p>\n\n\n\n<p>Bunu Rusiyan\u0131n T\u0259hl\u00fck\u0259sizlik \u015euras\u0131n\u0131n s\u0259dr m\u00fcavini Dmitri Medvedev &#8220;Telegram&#8221; kanal\u0131nda <a href=\"https:\/\/www.rbc.ru\/politics\/22\/09\/2022\/632c2b1b9a79470112e0abfa?from=from_main_2\" target=\"_blank\" rel=\"noreferrer noopener\">yaz\u0131b.<\/a><\/p>\n\n\n\n<p>O, h\u0259m\u00e7inin bildirib ki, Rusiya m\u00fcharib\u0259d\u0259 ist\u0259nil\u0259n silahdan, o c\u00fcml\u0259d\u0259n strateji silahlardan istifad\u0259 ed\u0259 bil\u0259r.<\/p>\n\n\n\n<p>\u201cQ\u0259rb istebli\u015fmenti, \u00fcmumiyy\u0259tl\u0259, NATO \u00f6lk\u0259l\u0259rinin b\u00fct\u00fcn v\u0259t\u0259nda\u015flar\u0131 ba\u015fa d\u00fc\u015fm\u0259lidirl\u0259r ki, Rusiya \u00f6z yolunu se\u00e7ib. Geriy\u0259 d\u00f6n\u00fc\u015f yoxdur\u201d, &#8211; dey\u0259 Medvedev \u0259lav\u0259 edib.<\/p>\n\n\n\n<p>Rusiya Prezidenti Vladimir Putin sentyabr\u0131n 21-d\u0259n etibar\u0259n qism\u0259n s\u0259f\u0259rb\u0259rlik elan edib.<\/p>\n\n\n\n<p>O, xalqa m\u00fcraci\u0259tind\u0259 deyib ki, bu q\u0259rar Rusiyan\u0131n suverenliyinin v\u0259 b\u00fct\u00f6vl\u00fcy\u00fcn\u00fcn qorunub saxlan\u0131lmas\u0131 m\u0259qs\u0259dil\u0259 verilib.<\/p>\n\n\n\n<p>V.Putin yaln\u0131z ehtiyatda olan ruslar\u0131n h\u0259rbi xidm\u0259t\u0259 \u00e7a\u011f\u0131r\u0131laca\u011f\u0131n\u0131 vur\u011fulay\u0131b.<\/p>\n\n\n\n<p><strong>Xat\u0131rlatma<\/strong><\/p>\n\n\n\n<p>Rusiya Prezidenti Vladimir Putin Ukraynan\u0131n \u015f\u0259rqind\u0259ki separat\u00e7\u0131 qurumlar\u0131 &#8211; Donetsk v\u0259 Luqanks Respublikalar\u0131n\u0131 tan\u0131d\u0131\u011f\u0131n\u0131 b\u0259yan etdikd\u0259n 2 g\u00fcn sonra, fevral\u0131n 24-d\u0259 Ukraynaya qar\u015f\u0131 m\u00fcharib\u0259y\u0259 ba\u015flay\u0131b.<\/p>\n\n\n\n<p>D\u00fcnyan\u0131n \u0259ks\u0259r \u00f6lk\u0259si Rusiyan\u0131n h\u00fccumunu pisl\u0259yib. Bundan sonra Avropa Birliyi \u00f6lk\u0259l\u0259ri, el\u0259c\u0259 d\u0259 AB\u015e Rusiyaya qar\u015f\u0131 sanksiyalar t\u0259tbiq edib.<\/p>\n\n\n\n<p>600-d\u0259n \u00e7ox rusiyal\u0131 oliqarx, y\u00fcks\u0259k r\u00fctb\u0259li h\u0259rb\u00e7il\u0259r, \u015firk\u0259t sahibl\u0259ri, biznesmenl\u0259rl\u0259 yana\u015f\u0131, Rusiya Prezidenti Vladimir Putin v\u0259 xarici i\u015fl\u0259r naziri Sergey Lavrov sanksiyalara m\u0259ruz qal\u0131blar. Rusiyada t\u0259\u015fkil olunacaq yar\u0131\u015flar t\u0259xir\u0259 sal\u0131n\u0131b, bu \u00f6lk\u0259nin ad\u0131 m\u00fch\u00fcm t\u0259dbirl\u0259rd\u0259n v\u0259 t\u0259\u015fkilatlardan \u00e7\u0131xar\u0131l\u0131b.<\/p>\n\n\n\n<p>Aprelin 7-d\u0259 is\u0259 BMT Ba\u015f Assambleyas\u0131 Rusiyan\u0131n t\u0259\u015fkilat\u0131n \u0130nsan H\u00fcquqlar\u0131 \u015euras\u0131ndan \u00e7\u0131xar\u0131lmas\u0131 il\u0259 ba\u011fl\u0131 q\u0259tnam\u0259 q\u0259bul edib. Rusiya is\u0259 Avropa \u015euras\u0131 \u00fczvl\u00fcy\u00fcnd\u0259n \u00e7\u0131x\u0131b.<\/p>\n\n\n\n<p>Rusiya ordusunun Bu\u00e7a v\u0259 dig\u0259r Ukrayna \u015f\u0259h\u0259rl\u0259rind\u0259 k\u00fctl\u0259vi q\u0259tliamlar v\u0259 m\u00fcharib\u0259 cinay\u0259tl\u0259ri t\u00f6r\u0259tdiyi iddia olunur.<br>\u0130yunun 25-d\u0259 Avropa \u0130ttifaq\u0131n\u0131n 12 \u00f6lk\u0259si Rusiya qaz\u0131n\u0131n t\u0259dar\u00fck\u00fcnd\u0259n tamamil\u0259 v\u0259 ya qism\u0259n imtina edib.<\/p>\n","protected":false},"excerpt":{"rendered":"<p>O, Ukraynada referendumun ke\u00e7iril\u0259c\u0259yini deyir &#8220;Referendumlar ke\u00e7iril\u0259c\u0259k, Donbasdak\u0131 respublikalar v\u0259 &#8230; <\/p>\n<p class=\"read-more-container\"><a title=\"Medvedev: &#8220;Donbasdak\u0131 respublikalar Rusiyan\u0131n t\u0259rkibin\u0259 daxil edil\u0259c\u0259k&#8221;\" class=\"read-more button\" href=\"https:\/\/www.meydan.tv\/az\/article\/medvedev-donbasdaki-respublikalar-rusiyanin-terkibine-daxil-edilecek\/#more-256362\" aria-label=\"Read more about Medvedev: &#8220;Donbasdak\u0131 respublikalar Rusiyan\u0131n t\u0259rkibin\u0259 daxil edil\u0259c\u0259k&#8221;\">Davam\u0131<\/a><\/p>\n","protected":false},"author":8,"featured_media":241575,"comment_status":"closed","ping_status":"closed","sticky":false,"template":"","format":"standard","meta":{"_acf_changed":false,"_sitemap_exclude":false,"_sitemap_priority":"","_sitemap_frequency":"","footnotes":""},"categories":[64,56],"tags":[],"class_list":["post-256362","post","type-post","status-publish","format-standard","has-post-thumbnail","hentry","category-dunya","category-xeberler","infinite-scroll-item","generate-columns","tablet-grid-50","mobile-grid-100","grid-parent","grid-33","no-featured-image-padding"],"acf":[],"yoast_head":"<!-- This site is optimized with the Yoast SEO plugin v27.5 - https:\/\/yoast.com\/product\/yoast-seo-wordpress\/ -->\n<title>Medvedev: &quot;Donbasdak\u0131 respublikalar Rusiyan\u0131n t\u0259rkibin\u0259 daxil edil\u0259c\u0259k&quot; - MEYDAN.TV<\/title>\n<meta name=\"robots\" content=\"index, follow, max-snippet:-1, max-image-preview:large, max-video-preview:-1\" \/>\n<link rel=\"canonical\" href=\"https:\/\/www.meydan.tv\/az\/article\/medvedev-donbasdaki-respublikalar-rusiyanin-terkibine-daxil-edilecek\/\" \/>\n<meta property=\"og:locale\" content=\"az_AZ\" \/>\n<meta property=\"og:type\" content=\"article\" \/>\n<meta property=\"og:title\" content=\"Medvedev: &quot;Donbasdak\u0131 respublikalar Rusiyan\u0131n t\u0259rkibin\u0259 daxil edil\u0259c\u0259k&quot; - MEYDAN.TV\" \/>\n<meta property=\"og:description\" content=\"O, Ukraynada referendumun ke\u00e7iril\u0259c\u0259yini deyir &#8220;Referendumlar ke\u00e7iril\u0259c\u0259k, Donbasdak\u0131 respublikalar v\u0259 ... Davam\u0131\" \/>\n<meta property=\"og:url\" content=\"https:\/\/www.meydan.tv\/az\/article\/medvedev-donbasdaki-respublikalar-rusiyanin-terkibine-daxil-edilecek\/\" \/>\n<meta property=\"og:site_name\" content=\"MEYDAN.TV\" \/>\n<meta property=\"article:published_time\" content=\"2022-09-22T10:56:07+00:00\" \/>\n<meta property=\"article:modified_time\" content=\"2022-09-22T10:56:10+00:00\" \/>\n<meta property=\"og:image\" content=\"https:\/\/www.meydan.tv\/wp-content\/uploads\/shutterstock_1410019070-scaled.jpg\" \/>\n\t<meta property=\"og:image:width\" content=\"2560\" \/>\n\t<meta property=\"og:image:height\" content=\"1707\" \/>\n\t<meta property=\"og:image:type\" content=\"image\/jpeg\" \/>\n<meta name=\"author\" content=\"elli\" \/>\n<meta name=\"twitter:card\" content=\"summary_large_image\" \/>\n<meta name=\"twitter:creator\" content=\"@elli\" \/>\n<script type=\"application\/ld+json\" class=\"yoast-schema-graph\">{\"@context\":\"https:\\\/\\\/schema.org\",\"@graph\":[{\"@type\":\"Article\",\"@id\":\"https:\\\/\\\/www.meydan.tv\\\/az\\\/article\\\/medvedev-donbasdaki-respublikalar-rusiyanin-terkibine-daxil-edilecek\\\/#article\",\"isPartOf\":{\"@id\":\"https:\\\/\\\/www.meydan.tv\\\/az\\\/article\\\/medvedev-donbasdaki-respublikalar-rusiyanin-terkibine-daxil-edilecek\\\/\"},\"author\":{\"name\":\"elli\",\"@id\":\"https:\\\/\\\/www.meydan.tv\\\/az\\\/#\\\/schema\\\/person\\\/9cdbecf90d17180ce1dfbd95b08dcf47\"},\"headline\":\"Medvedev: &#8220;Donbasdak\u0131 respublikalar Rusiyan\u0131n t\u0259rkibin\u0259 daxil edil\u0259c\u0259k&#8221;\",\"datePublished\":\"2022-09-22T10:56:07+00:00\",\"dateModified\":\"2022-09-22T10:56:10+00:00\",\"mainEntityOfPage\":{\"@id\":\"https:\\\/\\\/www.meydan.tv\\\/az\\\/article\\\/medvedev-donbasdaki-respublikalar-rusiyanin-terkibine-daxil-edilecek\\\/\"},\"wordCount\":410,\"publisher\":{\"@id\":\"https:\\\/\\\/www.meydan.tv\\\/az\\\/#organization\"},\"image\":{\"@id\":\"https:\\\/\\\/www.meydan.tv\\\/az\\\/article\\\/medvedev-donbasdaki-respublikalar-rusiyanin-terkibine-daxil-edilecek\\\/#primaryimage\"},\"thumbnailUrl\":\"https:\\\/\\\/www.meydan.tv\\\/wp-content\\\/uploads\\\/shutterstock_1410019070-scaled.jpg\",\"articleSection\":[\"D\u00fcnya\",\"X\u0259b\u0259rl\u0259r\"],\"inLanguage\":\"az\"},{\"@type\":\"WebPage\",\"@id\":\"https:\\\/\\\/www.meydan.tv\\\/az\\\/article\\\/medvedev-donbasdaki-respublikalar-rusiyanin-terkibine-daxil-edilecek\\\/\",\"url\":\"https:\\\/\\\/www.meydan.tv\\\/az\\\/article\\\/medvedev-donbasdaki-respublikalar-rusiyanin-terkibine-daxil-edilecek\\\/\",\"name\":\"Medvedev: \\\"Donbasdak\u0131 respublikalar Rusiyan\u0131n t\u0259rkibin\u0259 daxil edil\u0259c\u0259k\\\" - MEYDAN.TV\",\"isPartOf\":{\"@id\":\"https:\\\/\\\/www.meydan.tv\\\/az\\\/#website\"},\"primaryImageOfPage\":{\"@id\":\"https:\\\/\\\/www.meydan.tv\\\/az\\\/article\\\/medvedev-donbasdaki-respublikalar-rusiyanin-terkibine-daxil-edilecek\\\/#primaryimage\"},\"image\":{\"@id\":\"https:\\\/\\\/www.meydan.tv\\\/az\\\/article\\\/medvedev-donbasdaki-respublikalar-rusiyanin-terkibine-daxil-edilecek\\\/#primaryimage\"},\"thumbnailUrl\":\"https:\\\/\\\/www.meydan.tv\\\/wp-content\\\/uploads\\\/shutterstock_1410019070-scaled.jpg\",\"datePublished\":\"2022-09-22T10:56:07+00:00\",\"dateModified\":\"2022-09-22T10:56:10+00:00\",\"breadcrumb\":{\"@id\":\"https:\\\/\\\/www.meydan.tv\\\/az\\\/article\\\/medvedev-donbasdaki-respublikalar-rusiyanin-terkibine-daxil-edilecek\\\/#breadcrumb\"},\"inLanguage\":\"az\",\"potentialAction\":[{\"@type\":\"ReadAction\",\"target\":[\"https:\\\/\\\/www.meydan.tv\\\/az\\\/article\\\/medvedev-donbasdaki-respublikalar-rusiyanin-terkibine-daxil-edilecek\\\/\"]}]},{\"@type\":\"ImageObject\",\"inLanguage\":\"az\",\"@id\":\"https:\\\/\\\/www.meydan.tv\\\/az\\\/article\\\/medvedev-donbasdaki-respublikalar-rusiyanin-terkibine-daxil-edilecek\\\/#primaryimage\",\"url\":\"https:\\\/\\\/www.meydan.tv\\\/wp-content\\\/uploads\\\/shutterstock_1410019070-scaled.jpg\",\"contentUrl\":\"https:\\\/\\\/www.meydan.tv\\\/wp-content\\\/uploads\\\/shutterstock_1410019070-scaled.jpg\",\"width\":2560,\"height\":1707,\"caption\":\"Dmitri Medvedev. Foto: Max kolomychenko\\\/shutterstock\"},{\"@type\":\"BreadcrumbList\",\"@id\":\"https:\\\/\\\/www.meydan.tv\\\/az\\\/article\\\/medvedev-donbasdaki-respublikalar-rusiyanin-terkibine-daxil-edilecek\\\/#breadcrumb\",\"itemListElement\":[{\"@type\":\"ListItem\",\"position\":1,\"name\":\"Ana s\u0259hif\u0259\",\"item\":\"https:\\\/\\\/www.meydan.tv\\\/az\\\/\"},{\"@type\":\"ListItem\",\"position\":2,\"name\":\"D\u00fcnya\",\"item\":\"https:\\\/\\\/www.meydan.tv\\\/az\\\/section\\\/dunya\\\/\"},{\"@type\":\"ListItem\",\"position\":3,\"name\":\"Medvedev: &#8220;Donbasdak\u0131 respublikalar Rusiyan\u0131n t\u0259rkibin\u0259 daxil edil\u0259c\u0259k&#8221;\"}]},{\"@type\":\"WebSite\",\"@id\":\"https:\\\/\\\/www.meydan.tv\\\/az\\\/#website\",\"url\":\"https:\\\/\\\/www.meydan.tv\\\/az\\\/\",\"name\":\"MEYDAN.TV\",\"description\":\"Meydan TV Az\u0259rbaycan\u0131n media m\u0259kan\u0131ndak\u0131 alternativ s\u0259sidir\",\"publisher\":{\"@id\":\"https:\\\/\\\/www.meydan.tv\\\/az\\\/#organization\"},\"potentialAction\":[{\"@type\":\"SearchAction\",\"target\":{\"@type\":\"EntryPoint\",\"urlTemplate\":\"https:\\\/\\\/www.meydan.tv\\\/az\\\/?s={search_term_string}\"},\"query-input\":{\"@type\":\"PropertyValueSpecification\",\"valueRequired\":true,\"valueName\":\"search_term_string\"}}],\"inLanguage\":\"az\"},{\"@type\":\"Organization\",\"@id\":\"https:\\\/\\\/www.meydan.tv\\\/az\\\/#organization\",\"name\":\"Meydan TV\",\"url\":\"https:\\\/\\\/www.meydan.tv\\\/az\\\/\",\"logo\":{\"@type\":\"ImageObject\",\"inLanguage\":\"az\",\"@id\":\"https:\\\/\\\/www.meydan.tv\\\/az\\\/#\\\/schema\\\/logo\\\/image\\\/\",\"url\":\"https:\\\/\\\/www.meydan.tv\\\/wp-content\\\/uploads\\\/2021\\\/07\\\/meydan-logo.svg\",\"contentUrl\":\"https:\\\/\\\/www.meydan.tv\\\/wp-content\\\/uploads\\\/2021\\\/07\\\/meydan-logo.svg\",\"width\":195,\"height\":46,\"caption\":\"Meydan TV\"},\"image\":{\"@id\":\"https:\\\/\\\/www.meydan.tv\\\/az\\\/#\\\/schema\\\/logo\\\/image\\\/\"}},{\"@type\":\"Person\",\"@id\":\"https:\\\/\\\/www.meydan.tv\\\/az\\\/#\\\/schema\\\/person\\\/9cdbecf90d17180ce1dfbd95b08dcf47\",\"name\":\"elli\",\"sameAs\":[\"https:\\\/\\\/x.com\\\/elli\"]}]}<\/script>\n<!-- \/ Yoast SEO plugin. -->","yoast_head_json":{"title":"Medvedev: \"Donbasdak\u0131 respublikalar Rusiyan\u0131n t\u0259rkibin\u0259 daxil edil\u0259c\u0259k\" - MEYDAN.TV","robots":{"index":"index","follow":"follow","max-snippet":"max-snippet:-1","max-image-preview":"max-image-preview:large","max-video-preview":"max-video-preview:-1"},"canonical":"https:\/\/www.meydan.tv\/az\/article\/medvedev-donbasdaki-respublikalar-rusiyanin-terkibine-daxil-edilecek\/","og_locale":"az_AZ","og_type":"article","og_title":"Medvedev: \"Donbasdak\u0131 respublikalar Rusiyan\u0131n t\u0259rkibin\u0259 daxil edil\u0259c\u0259k\" - MEYDAN.TV","og_description":"O, Ukraynada referendumun ke\u00e7iril\u0259c\u0259yini deyir &#8220;Referendumlar ke\u00e7iril\u0259c\u0259k, Donbasdak\u0131 respublikalar v\u0259 ... Davam\u0131","og_url":"https:\/\/www.meydan.tv\/az\/article\/medvedev-donbasdaki-respublikalar-rusiyanin-terkibine-daxil-edilecek\/","og_site_name":"MEYDAN.TV","article_published_time":"2022-09-22T10:56:07+00:00","article_modified_time":"2022-09-22T10:56:10+00:00","og_image":[{"width":2560,"height":1707,"url":"https:\/\/www.meydan.tv\/wp-content\/uploads\/shutterstock_1410019070-scaled.jpg","type":"image\/jpeg"}],"author":"elli","twitter_card":"summary_large_image","twitter_creator":"@elli","schema":{"@context":"https:\/\/schema.org","@graph":[{"@type":"Article","@id":"https:\/\/www.meydan.tv\/az\/article\/medvedev-donbasdaki-respublikalar-rusiyanin-terkibine-daxil-edilecek\/#article","isPartOf":{"@id":"https:\/\/www.meydan.tv\/az\/article\/medvedev-donbasdaki-respublikalar-rusiyanin-terkibine-daxil-edilecek\/"},"author":{"name":"elli","@id":"https:\/\/www.meydan.tv\/az\/#\/schema\/person\/9cdbecf90d17180ce1dfbd95b08dcf47"},"headline":"Medvedev: &#8220;Donbasdak\u0131 respublikalar Rusiyan\u0131n t\u0259rkibin\u0259 daxil edil\u0259c\u0259k&#8221;","datePublished":"2022-09-22T10:56:07+00:00","dateModified":"2022-09-22T10:56:10+00:00","mainEntityOfPage":{"@id":"https:\/\/www.meydan.tv\/az\/article\/medvedev-donbasdaki-respublikalar-rusiyanin-terkibine-daxil-edilecek\/"},"wordCount":410,"publisher":{"@id":"https:\/\/www.meydan.tv\/az\/#organization"},"image":{"@id":"https:\/\/www.meydan.tv\/az\/article\/medvedev-donbasdaki-respublikalar-rusiyanin-terkibine-daxil-edilecek\/#primaryimage"},"thumbnailUrl":"https:\/\/www.meydan.tv\/wp-content\/uploads\/shutterstock_1410019070-scaled.jpg","articleSection":["D\u00fcnya","X\u0259b\u0259rl\u0259r"],"inLanguage":"az"},{"@type":"WebPage","@id":"https:\/\/www.meydan.tv\/az\/article\/medvedev-donbasdaki-respublikalar-rusiyanin-terkibine-daxil-edilecek\/","url":"https:\/\/www.meydan.tv\/az\/article\/medvedev-donbasdaki-respublikalar-rusiyanin-terkibine-daxil-edilecek\/","name":"Medvedev: \"Donbasdak\u0131 respublikalar Rusiyan\u0131n t\u0259rkibin\u0259 daxil edil\u0259c\u0259k\" - MEYDAN.TV","isPartOf":{"@id":"https:\/\/www.meydan.tv\/az\/#website"},"primaryImageOfPage":{"@id":"https:\/\/www.meydan.tv\/az\/article\/medvedev-donbasdaki-respublikalar-rusiyanin-terkibine-daxil-edilecek\/#primaryimage"},"image":{"@id":"https:\/\/www.meydan.tv\/az\/article\/medvedev-donbasdaki-respublikalar-rusiyanin-terkibine-daxil-edilecek\/#primaryimage"},"thumbnailUrl":"https:\/\/www.meydan.tv\/wp-content\/uploads\/shutterstock_1410019070-scaled.jpg","datePublished":"2022-09-22T10:56:07+00:00","dateModified":"2022-09-22T10:56:10+00:00","breadcrumb":{"@id":"https:\/\/www.meydan.tv\/az\/article\/medvedev-donbasdaki-respublikalar-rusiyanin-terkibine-daxil-edilecek\/#breadcrumb"},"inLanguage":"az","potentialAction":[{"@type":"ReadAction","target":["https:\/\/www.meydan.tv\/az\/article\/medvedev-donbasdaki-respublikalar-rusiyanin-terkibine-daxil-edilecek\/"]}]},{"@type":"ImageObject","inLanguage":"az","@id":"https:\/\/www.meydan.tv\/az\/article\/medvedev-donbasdaki-respublikalar-rusiyanin-terkibine-daxil-edilecek\/#primaryimage","url":"https:\/\/www.meydan.tv\/wp-content\/uploads\/shutterstock_1410019070-scaled.jpg","contentUrl":"https:\/\/www.meydan.tv\/wp-content\/uploads\/shutterstock_1410019070-scaled.jpg","width":2560,"height":1707,"caption":"Dmitri Medvedev. Foto: Max kolomychenko\/shutterstock"},{"@type":"BreadcrumbList","@id":"https:\/\/www.meydan.tv\/az\/article\/medvedev-donbasdaki-respublikalar-rusiyanin-terkibine-daxil-edilecek\/#breadcrumb","itemListElement":[{"@type":"ListItem","position":1,"name":"Ana s\u0259hif\u0259","item":"https:\/\/www.meydan.tv\/az\/"},{"@type":"ListItem","position":2,"name":"D\u00fcnya","item":"https:\/\/www.meydan.tv\/az\/section\/dunya\/"},{"@type":"ListItem","position":3,"name":"Medvedev: &#8220;Donbasdak\u0131 respublikalar Rusiyan\u0131n t\u0259rkibin\u0259 daxil edil\u0259c\u0259k&#8221;"}]},{"@type":"WebSite","@id":"https:\/\/www.meydan.tv\/az\/#website","url":"https:\/\/www.meydan.tv\/az\/","name":"MEYDAN.TV","description":"Meydan TV Az\u0259rbaycan\u0131n media m\u0259kan\u0131ndak\u0131 alternativ s\u0259sidir","publisher":{"@id":"https:\/\/www.meydan.tv\/az\/#organization"},"potentialAction":[{"@type":"SearchAction","target":{"@type":"EntryPoint","urlTemplate":"https:\/\/www.meydan.tv\/az\/?s={search_term_string}"},"query-input":{"@type":"PropertyValueSpecification","valueRequired":true,"valueName":"search_term_string"}}],"inLanguage":"az"},{"@type":"Organization","@id":"https:\/\/www.meydan.tv\/az\/#organization","name":"Meydan TV","url":"https:\/\/www.meydan.tv\/az\/","logo":{"@type":"ImageObject","inLanguage":"az","@id":"https:\/\/www.meydan.tv\/az\/#\/schema\/logo\/image\/","url":"https:\/\/www.meydan.tv\/wp-content\/uploads\/2021\/07\/meydan-logo.svg","contentUrl":"https:\/\/www.meydan.tv\/wp-content\/uploads\/2021\/07\/meydan-logo.svg","width":195,"height":46,"caption":"Meydan TV"},"image":{"@id":"https:\/\/www.meydan.tv\/az\/#\/schema\/logo\/image\/"}},{"@type":"Person","@id":"https:\/\/www.meydan.tv\/az\/#\/schema\/person\/9cdbecf90d17180ce1dfbd95b08dcf47","name":"elli","sameAs":["https:\/\/x.com\/elli"]}]}},"_links":{"self":[{"href":"https:\/\/www.meydan.tv\/az\/wp-json\/wp\/v2\/posts\/256362","targetHints":{"allow":["GET"]}}],"collection":[{"href":"https:\/\/www.meydan.tv\/az\/wp-json\/wp\/v2\/posts"}],"about":[{"href":"https:\/\/www.meydan.tv\/az\/wp-json\/wp\/v2\/types\/post"}],"author":[{"embeddable":true,"href":"https:\/\/www.meydan.tv\/az\/wp-json\/wp\/v2\/users\/8"}],"replies":[{"embeddable":true,"href":"https:\/\/www.meydan.tv\/az\/wp-json\/wp\/v2\/comments?post=256362"}],"version-history":[{"count":3,"href":"https:\/\/www.meydan.tv\/az\/wp-json\/wp\/v2\/posts\/256362\/revisions"}],"predecessor-version":[{"id":256365,"href":"https:\/\/www.meydan.tv\/az\/wp-json\/wp\/v2\/posts\/256362\/revisions\/256365"}],"wp:featuredmedia":[{"embeddable":true,"href":"https:\/\/www.meydan.tv\/az\/wp-json\/wp\/v2\/media\/241575"}],"wp:attachment":[{"href":"https:\/\/www.meydan.tv\/az\/wp-json\/wp\/v2\/media?parent=256362"}],"wp:term":[{"taxonomy":"category","embeddable":true,"href":"https:\/\/www.meydan.tv\/az\/wp-json\/wp\/v2\/categories?post=256362"},{"taxonomy":"post_tag","embeddable":true,"href":"https:\/\/www.meydan.tv\/az\/wp-json\/wp\/v2\/tags?post=256362"}],"curies":[{"name":"wp","href":"https:\/\/api.w.org\/{rel}","templated":true}]}}