{"id":256360,"date":"2022-09-22T13:56:56","date_gmt":"2022-09-22T09:56:56","guid":{"rendered":"https:\/\/www.meydan.tv\/?p=256360"},"modified":"2022-09-22T13:56:58","modified_gmt":"2022-09-22T09:56:58","slug":"polis-niye-tedbir-gormur-gozleyir-ki-kimse-olsun","status":"publish","type":"post","link":"https:\/\/www.meydan.tv\/az\/article\/polis-niye-tedbir-gormur-gozleyir-ki-kimse-olsun\/","title":{"rendered":"\u201cPolis niy\u0259 t\u0259dbir g\u00f6rm\u00fcr, g\u00f6zl\u0259yir ki, kims\u0259 \u00f6ls\u00fcn?\u201d"},"content":{"rendered":"\n<p><\/p>\n\n\n\n<p><em>Tahir\u0259 Quliyeva: \u201cFikirl\u0259\u015fmirl\u0259r ki, biz vaxt\u0131nda t\u0259dbir g\u00f6rm\u00fcr\u00fck, v\u0259ziyy\u0259t bel\u0259 davam el\u0259s\u0259, qan t\u00f6k\u00fcl\u0259r&#8230;\u201d<\/em><\/p>\n\n\n\n<p>B\u0259rd\u0259nin Qarad\u0259mir\u00e7i k\u0259nd sakini Tahir\u0259 Quliyeva polis bigan\u0259liyind\u0259n gileyl\u0259nir. Deyir ki, bu bigan\u0259lik davam ets\u0259, polis t\u0259dbir g\u00f6rm\u0259s\u0259, faci\u0259vi n\u0259tic\u0259l\u0259r\u0259 g\u0259tirib \u00e7\u0131xara bil\u0259r.<\/p>\n\n\n\n<p><strong>\u201cG\u0259ncdil\u0259r, o s\u00f6y\u00fc\u015fl\u0259ri e\u015fidib, aqressiv reaksiya ver\u0259rdil\u0259r\u201d<\/strong><\/p>\n\n\n\n<p>Quliyevl\u0259r ail\u0259si La\u00e7\u0131n rayonundan m\u0259cburi k\u00f6\u00e7k\u00fcnd\u00fcr. Onlar uzun ill\u0259rdir ki, bu k\u0259ndd\u0259 m\u0259skunla\u015f\u0131b.<\/p>\n\n\n\n<p>Tahir\u0259 Quliyeva Meydan TV-y\u0259 dan\u0131\u015f\u0131r ki, t\u0259xmin\u0259n iki ildir qon\u015fuluqda ya\u015fayan Mobil H\u00fcmb\u0259tovgill\u0259 aralar\u0131nda \u0259dav\u0259t yaran\u0131b. Onun s\u00f6zl\u0259rin\u0259 g\u00f6r\u0259, aralar\u0131ndak\u0131 naraz\u0131l\u0131q getdikc\u0259 dava-dala\u015fa \u00e7evrilib. Tahir\u0259 Quliyeva iddia edir ki, Mobil H\u00fcmb\u0259tov ona h\u00fccum edib, \u00f6z\u00fcn\u00fcn v\u0259 ail\u0259 \u00fczvl\u0259rinin \u00fcnvan\u0131na t\u0259hqirl\u0259r s\u0259sl\u0259ndirib:<\/p>\n\n\n\n<p>\u201cYax\u015f\u0131 ki, h\u0259min vaxt o\u011fullar\u0131m evd\u0259 deyildi. G\u0259ncdil\u0259r, o s\u00f6y\u00fc\u015fl\u0259ri e\u015fidib aqressiv reaksiya ver\u0259rdil\u0259r, xo\u015fag\u0259lm\u0259z hadis\u0259l\u0259r ya\u015fanard\u0131. \u015e\u0259k\u0259r x\u0259st\u0259siy\u0259m, ya\u015fl\u0131 adamam, m\u0259nim s\u00f6y\u00fcl\u0259n, d\u00f6y\u00fcl\u0259n vaxt\u0131md\u0131r?\u201d<\/p>\n\n\n\n<p>O, qon\u015fu il\u0259 aralar\u0131ndak\u0131 \u0259dav\u0259tin s\u0259b\u0259bini d\u0259 a\u00e7\u0131qlay\u0131b. Tahir\u0259 Quliyeva deyir ki, qon\u015funun qarda\u015f\u0131 q\u0131z\u0131 onun g\u0259linidir:<\/p>\n\n\n\n<p>\u201cQarda\u015f\u0131 q\u0131z\u0131 il\u0259 o\u011flum bir-birini sevib, evl\u0259nm\u0259k q\u0259rar\u0131 veribl\u0259r. T\u0259xmin\u0259n iki il \u0259vv\u0259l q\u0131z o\u011fluma qo\u015fulub g\u0259lib. Xo\u015fb\u0259xt ya\u015fay\u0131rlar, \u00f6z aram\u0131zda naraz\u0131l\u0131\u011f\u0131m\u0131z yoxdur. G\u0259linin valideynl\u0259ri d\u0259 bir k\u0259narda qal\u0131b, bunlar biz\u0259 rahatl\u0131q vermir. G\u0259linim qorxudan darvazan\u0131n a\u011fz\u0131na \u00e7\u0131xa bilmir ki, ona n\u0259s\u0259 el\u0259y\u0259rl\u0259r&#8230;\u201d<\/p>\n\n\n\n<p>Tahir\u0259 Quliyeva bildirib ki, qon\u015funun onlara qar\u015f\u0131 h\u00fccumlar\u0131, t\u0259hqirl\u0259ri il\u0259 \u0259laq\u0259dar iki d\u0259f\u0259 Daxili \u0130\u015fl\u0259r Nazirliyinin \u201c102\u201d xidm\u0259tin\u0259 \u015fikay\u0259t edib. Amma \u015fikay\u0259tl\u0259rin\u0259 bax\u0131lm\u0131r.<\/p>\n\n\n\n<p><strong>\u201cBa\u015fqa n\u0259s\u0259 tapm\u0131rlar, t\u00f6vl\u0259d\u0259n yap\u0131\u015f\u0131rlar\u201d<\/strong><\/p>\n\n\n\n<p>Qar\u015f\u0131 t\u0259r\u0259f d\u0259 Quliyevl\u0259r ail\u0259sind\u0259n \u015fikay\u0259t\u00e7idir. \u0130ddia edir ki, onlar\u0131n mal-qara t\u00f6vl\u0259sinin iyind\u0259n evl\u0259rind\u0259 rahat ya\u015faya bilmirl\u0259r. Mobil H\u00fcmb\u0259tov B\u0259rd\u0259 Rayon Polis \u015e\u00f6b\u0259sin\u0259 d\u0259 bu bar\u0259d\u0259 \u015fikay\u0259t edib.<\/p>\n\n\n\n<p>Tahir\u0259 Quliyeva is\u0259 hesab edir ki, t\u00f6vl\u0259 m\u0259s\u0259l\u0259si b\u0259han\u0259dir.<\/p>\n\n\n\n<p>\u201cBa\u015fqa he\u00e7 n\u0259 tapa bilmirl\u0259r, t\u00f6vl\u0259d\u0259n yap\u0131\u015f\u0131rlar. Birincisi, bizim t\u00f6vl\u0259 il\u0259 onlar\u0131n evi aras\u0131nda 40-50 metr m\u0259saf\u0259 var. \u0130kincisi, k\u0259nd yerind\u0259 ham\u0131 maldarl\u0131qla m\u0259\u015f\u011ful olur. \u0130ki g\u0259linim bir evd\u0259 ya\u015fay\u0131r, u\u015faqlar bir-birin\u0259 qar\u0131\u015f\u0131r, imkan\u0131m\u0131z olsa, ev tik\u0259rik. Dem\u0259k, imkan\u0131m\u0131z yoxdur ki, bu v\u0259ziyy\u0259td\u0259 ya\u015fay\u0131r\u0131q. Mal-qaran\u0131 dolan\u0131\u015f\u0131\u011fa g\u00f6r\u0259 saxlay\u0131r\u0131q. Ail\u0259m n\u0259 yesin, nec\u0259 dolans\u0131n?\u201d, &#8211; Tahir\u0259 Quliyeva bel\u0259 deyir.<\/p>\n\n\n\n<p><strong>\u201cPolis m\u0259ni h\u0259d\u0259l\u0259yir\u201d<\/strong><\/p>\n\n\n\n<p>O, B\u0259rd\u0259 Rayon Polis \u015e\u00f6b\u0259sinin \u0259m\u0259kda\u015f\u0131 Natiq \u0130smay\u0131lovun h\u0259r\u0259k\u0259tl\u0259rind\u0259n naraz\u0131d\u0131r. Deyir ki, bu polis \u0259m\u0259kda\u015f\u0131 onlara qar\u015f\u0131 q\u0259r\u0259zlidir:<\/p>\n\n\n\n<p>\u201cNormalda t\u0259r\u0259fl\u0259rin dilind\u0259n s\u00f6z almal\u0131d\u0131r ki, daha h\u00fccum olmayacaq, narahatl\u0131q yaranmayacaq. Bu i\u015fd\u0259 d\u0259 qar\u015f\u0131 t\u0259r\u0259fd\u0259n iltizam al\u0131ns\u0131n ki, biz\u0259 d\u0259yib-dola\u015fmayacaq. Amma bel\u0259 el\u0259mir. El\u0259 birt\u0259r\u0259fli qaydada bizi g\u00fcnahkar \u00e7\u0131xarma\u011fa \u00e7al\u0131\u015f\u0131r. H\u0259tta m\u0259ni h\u0259d\u0259l\u0259yir. \u018fslind\u0259, s\u0259b\u0259bi d\u0259 m\u0259lumdur ki, niy\u0259 bel\u0259 davran\u0131r. Daha fikirl\u0259\u015fmirl\u0259r ki, biz vaxt\u0131nda t\u0259dbir g\u00f6rm\u00fcr\u00fck, v\u0259ziyy\u0259t bel\u0259 davam el\u0259s\u0259, qan t\u00f6k\u00fcl\u0259r. \u0130ki ildir qorxu alt\u0131nda ya\u015fay\u0131ram ki, \u00f6vladlar\u0131m salamat ev\u0259 g\u0259lsin, onlara he\u00e7 n\u0259 el\u0259m\u0259sinl\u0259r. H\u0259tta bir \u00e7ox h\u0259r\u0259k\u0259ti g\u00f6rm\u0259zd\u0259n g\u0259lir\u0259m, uduram ki, faci\u0259 olmas\u0131n. Qar\u015f\u0131 t\u0259r\u0259f is\u0259 sakitl\u0259\u015fmir, q\u0131c\u0131qland\u0131r\u0131r. M\u0259n\u0259 maraql\u0131d\u0131r ki, polis niy\u0259 t\u0259dbir g\u00f6rm\u00fcr, g\u00f6zl\u0259yir ki, kims\u0259 \u00f6ls\u00fcn?\u201d<\/p>\n\n\n\n<p><strong>Polis n\u0259 deyir?<\/strong><\/p>\n\n\n\n<p>Daxili \u0130\u015fl\u0259r Nazirliyinin M\u0259tbuat Xidm\u0259tinin B\u0259rd\u0259 Reginal qrupundan Meydan TV-y\u0259 bildirilib ki, Qarad\u0259mir\u00e7i k\u0259nd sakinl\u0259ri Tahir\u0259 Quliyeva v\u0259 Mobil H\u00fcmb\u0259tovun aras\u0131ndak\u0131 m\u00fcbahis\u0259li m\u0259s\u0259l\u0259 il\u0259 ba\u011fl\u0131 h\u0259r ikisi \u015fikay\u0259t edibl\u0259r. Onlar\u0131n qar\u015f\u0131l\u0131ql\u0131 \u015fikay\u0259tl\u0259ri \u0259sas\u0131nda B\u0259rd\u0259 Rayon Polis \u015e\u00f6b\u0259sind\u0259 ara\u015fd\u0131rmalar ba\u015flay\u0131b:<\/p>\n\n\n\n<p>\u201cM\u00fcraci\u0259tl\u0259rl\u0259 \u0259laq\u0259dar apar\u0131lan ara\u015fd\u0131rma zaman\u0131 g\u00f6st\u0259ril\u0259n x\u00fcsusatlar m\u00fclki xarakterli oldu\u011fundan toplanm\u0131\u015f materiallar B\u0259rd\u0259 Rayon Polis \u015e\u00f6b\u0259sind\u0259 m\u00fcvafiq qaydada i\u015f\u0259 al\u0131n\u0131b. H\u0259m\u00e7inin t\u0259r\u0259fl\u0259rl\u0259 profilaktik s\u00f6hb\u0259tl\u0259r apar\u0131l\u0131b, aidiyy\u0259ti \u00fczr\u0259 rayon m\u0259hk\u0259m\u0259sin\u0259 m\u00fcraci\u0259t etm\u0259l\u0259ri t\u00f6vsiy\u0259 olunub\u201d.<\/p>\n\n\n\n<p><strong>P.S. <\/strong>Meydan TV D\u0130N-d\u0259n m\u00fcnasib\u0259t \u00f6yr\u0259ndikd\u0259n sonra Tahir\u0259 Quliyeva yenid\u0259n redaksiya il\u0259 \u0259laq\u0259 saxlay\u0131b. Onun s\u00f6zl\u0259rin\u0259 g\u00f6r\u0259, Natiq \u0130smay\u0131lov telefon a\u00e7araq \u201cgedib D\u0130N-\u0259 m\u0259nd\u0259n \u015fikay\u0259t etmis\u0259n, dur g\u0259l polis\u0259\u201d dey\u0259 qad\u0131n\u0131n \u00fcst\u00fcn\u0259 q\u0131\u015fq\u0131r\u0131b. Lakin qad\u0131n \u015fikay\u0259t \u0259riz\u0259si verdiyini \u0259sas g\u0259tir\u0259r\u0259k, polis\u0259 getm\u0259kd\u0259n imtina edib.<\/p>\n","protected":false},"excerpt":{"rendered":"<p>Tahir\u0259 Quliyeva: \u201cFikirl\u0259\u015fmirl\u0259r ki, biz vaxt\u0131nda t\u0259dbir g\u00f6rm\u00fcr\u00fck, v\u0259ziyy\u0259t bel\u0259 &#8230; <\/p>\n<p class=\"read-more-container\"><a title=\"\u201cPolis niy\u0259 t\u0259dbir g\u00f6rm\u00fcr, g\u00f6zl\u0259yir ki, kims\u0259 \u00f6ls\u00fcn?\u201d\" class=\"read-more button\" href=\"https:\/\/www.meydan.tv\/az\/article\/polis-niye-tedbir-gormur-gozleyir-ki-kimse-olsun\/#more-256360\" aria-label=\"Read more about \u201cPolis niy\u0259 t\u0259dbir g\u00f6rm\u00fcr, g\u00f6zl\u0259yir ki, kims\u0259 \u00f6ls\u00fcn?\u201d\">Davam\u0131<\/a><\/p>\n","protected":false},"author":8,"featured_media":256357,"comment_status":"closed","ping_status":"closed","sticky":false,"template":"","format":"standard","meta":{"_acf_changed":false,"_sitemap_exclude":false,"_sitemap_priority":"","_sitemap_frequency":"","footnotes":""},"categories":[60,56],"tags":[],"class_list":["post-256360","post","type-post","status-publish","format-standard","has-post-thumbnail","hentry","category-bolge","category-xeberler","infinite-scroll-item","generate-columns","tablet-grid-50","mobile-grid-100","grid-parent","grid-33","no-featured-image-padding"],"acf":[],"yoast_head":"<!-- This site is optimized with the Yoast SEO plugin v27.5 - https:\/\/yoast.com\/product\/yoast-seo-wordpress\/ -->\n<title>\u201cPolis niy\u0259 t\u0259dbir g\u00f6rm\u00fcr, g\u00f6zl\u0259yir ki, kims\u0259 \u00f6ls\u00fcn?\u201d - MEYDAN.TV<\/title>\n<meta name=\"robots\" content=\"index, follow, max-snippet:-1, max-image-preview:large, max-video-preview:-1\" \/>\n<link rel=\"canonical\" href=\"https:\/\/www.meydan.tv\/az\/article\/polis-niye-tedbir-gormur-gozleyir-ki-kimse-olsun\/\" \/>\n<meta property=\"og:locale\" content=\"az_AZ\" \/>\n<meta property=\"og:type\" content=\"article\" \/>\n<meta property=\"og:title\" content=\"\u201cPolis niy\u0259 t\u0259dbir g\u00f6rm\u00fcr, g\u00f6zl\u0259yir ki, kims\u0259 \u00f6ls\u00fcn?\u201d - MEYDAN.TV\" \/>\n<meta property=\"og:description\" content=\"Tahir\u0259 Quliyeva: \u201cFikirl\u0259\u015fmirl\u0259r ki, biz vaxt\u0131nda t\u0259dbir g\u00f6rm\u00fcr\u00fck, v\u0259ziyy\u0259t bel\u0259 ... Davam\u0131\" \/>\n<meta property=\"og:url\" content=\"https:\/\/www.meydan.tv\/az\/article\/polis-niye-tedbir-gormur-gozleyir-ki-kimse-olsun\/\" \/>\n<meta property=\"og:site_name\" content=\"MEYDAN.TV\" \/>\n<meta property=\"article:published_time\" content=\"2022-09-22T09:56:56+00:00\" \/>\n<meta property=\"article:modified_time\" content=\"2022-09-22T09:56:58+00:00\" \/>\n<meta property=\"og:image\" content=\"https:\/\/www.meydan.tv\/wp-content\/uploads\/untitled-design-57-e1663840605256.jpg\" \/>\n\t<meta property=\"og:image:width\" content=\"1200\" \/>\n\t<meta property=\"og:image:height\" content=\"660\" \/>\n\t<meta property=\"og:image:type\" content=\"image\/jpeg\" \/>\n<meta name=\"author\" content=\"elli\" \/>\n<meta name=\"twitter:card\" content=\"summary_large_image\" \/>\n<meta name=\"twitter:creator\" content=\"@elli\" \/>\n<script type=\"application\/ld+json\" class=\"yoast-schema-graph\">{\"@context\":\"https:\\\/\\\/schema.org\",\"@graph\":[{\"@type\":\"Article\",\"@id\":\"https:\\\/\\\/www.meydan.tv\\\/az\\\/article\\\/polis-niye-tedbir-gormur-gozleyir-ki-kimse-olsun\\\/#article\",\"isPartOf\":{\"@id\":\"https:\\\/\\\/www.meydan.tv\\\/az\\\/article\\\/polis-niye-tedbir-gormur-gozleyir-ki-kimse-olsun\\\/\"},\"author\":{\"name\":\"elli\",\"@id\":\"https:\\\/\\\/www.meydan.tv\\\/az\\\/#\\\/schema\\\/person\\\/9cdbecf90d17180ce1dfbd95b08dcf47\"},\"headline\":\"\u201cPolis niy\u0259 t\u0259dbir g\u00f6rm\u00fcr, g\u00f6zl\u0259yir ki, kims\u0259 \u00f6ls\u00fcn?\u201d\",\"datePublished\":\"2022-09-22T09:56:56+00:00\",\"dateModified\":\"2022-09-22T09:56:58+00:00\",\"mainEntityOfPage\":{\"@id\":\"https:\\\/\\\/www.meydan.tv\\\/az\\\/article\\\/polis-niye-tedbir-gormur-gozleyir-ki-kimse-olsun\\\/\"},\"wordCount\":987,\"publisher\":{\"@id\":\"https:\\\/\\\/www.meydan.tv\\\/az\\\/#organization\"},\"image\":{\"@id\":\"https:\\\/\\\/www.meydan.tv\\\/az\\\/article\\\/polis-niye-tedbir-gormur-gozleyir-ki-kimse-olsun\\\/#primaryimage\"},\"thumbnailUrl\":\"https:\\\/\\\/www.meydan.tv\\\/wp-content\\\/uploads\\\/untitled-design-57-e1663840605256.jpg\",\"articleSection\":[\"B\u00f6lg\u0259\",\"X\u0259b\u0259rl\u0259r\"],\"inLanguage\":\"az\"},{\"@type\":\"WebPage\",\"@id\":\"https:\\\/\\\/www.meydan.tv\\\/az\\\/article\\\/polis-niye-tedbir-gormur-gozleyir-ki-kimse-olsun\\\/\",\"url\":\"https:\\\/\\\/www.meydan.tv\\\/az\\\/article\\\/polis-niye-tedbir-gormur-gozleyir-ki-kimse-olsun\\\/\",\"name\":\"\u201cPolis niy\u0259 t\u0259dbir g\u00f6rm\u00fcr, g\u00f6zl\u0259yir ki, kims\u0259 \u00f6ls\u00fcn?\u201d - MEYDAN.TV\",\"isPartOf\":{\"@id\":\"https:\\\/\\\/www.meydan.tv\\\/az\\\/#website\"},\"primaryImageOfPage\":{\"@id\":\"https:\\\/\\\/www.meydan.tv\\\/az\\\/article\\\/polis-niye-tedbir-gormur-gozleyir-ki-kimse-olsun\\\/#primaryimage\"},\"image\":{\"@id\":\"https:\\\/\\\/www.meydan.tv\\\/az\\\/article\\\/polis-niye-tedbir-gormur-gozleyir-ki-kimse-olsun\\\/#primaryimage\"},\"thumbnailUrl\":\"https:\\\/\\\/www.meydan.tv\\\/wp-content\\\/uploads\\\/untitled-design-57-e1663840605256.jpg\",\"datePublished\":\"2022-09-22T09:56:56+00:00\",\"dateModified\":\"2022-09-22T09:56:58+00:00\",\"breadcrumb\":{\"@id\":\"https:\\\/\\\/www.meydan.tv\\\/az\\\/article\\\/polis-niye-tedbir-gormur-gozleyir-ki-kimse-olsun\\\/#breadcrumb\"},\"inLanguage\":\"az\",\"potentialAction\":[{\"@type\":\"ReadAction\",\"target\":[\"https:\\\/\\\/www.meydan.tv\\\/az\\\/article\\\/polis-niye-tedbir-gormur-gozleyir-ki-kimse-olsun\\\/\"]}]},{\"@type\":\"ImageObject\",\"inLanguage\":\"az\",\"@id\":\"https:\\\/\\\/www.meydan.tv\\\/az\\\/article\\\/polis-niye-tedbir-gormur-gozleyir-ki-kimse-olsun\\\/#primaryimage\",\"url\":\"https:\\\/\\\/www.meydan.tv\\\/wp-content\\\/uploads\\\/untitled-design-57-e1663840605256.jpg\",\"contentUrl\":\"https:\\\/\\\/www.meydan.tv\\\/wp-content\\\/uploads\\\/untitled-design-57-e1663840605256.jpg\",\"width\":1200,\"height\":660,\"caption\":\"Tahir\u0259 Quliyeva. Foto: Meydan TV\"},{\"@type\":\"BreadcrumbList\",\"@id\":\"https:\\\/\\\/www.meydan.tv\\\/az\\\/article\\\/polis-niye-tedbir-gormur-gozleyir-ki-kimse-olsun\\\/#breadcrumb\",\"itemListElement\":[{\"@type\":\"ListItem\",\"position\":1,\"name\":\"Ana s\u0259hif\u0259\",\"item\":\"https:\\\/\\\/www.meydan.tv\\\/az\\\/\"},{\"@type\":\"ListItem\",\"position\":2,\"name\":\"B\u00f6lg\u0259\",\"item\":\"https:\\\/\\\/www.meydan.tv\\\/az\\\/section\\\/bolge\\\/\"},{\"@type\":\"ListItem\",\"position\":3,\"name\":\"\u201cPolis niy\u0259 t\u0259dbir g\u00f6rm\u00fcr, g\u00f6zl\u0259yir ki, kims\u0259 \u00f6ls\u00fcn?\u201d\"}]},{\"@type\":\"WebSite\",\"@id\":\"https:\\\/\\\/www.meydan.tv\\\/az\\\/#website\",\"url\":\"https:\\\/\\\/www.meydan.tv\\\/az\\\/\",\"name\":\"MEYDAN.TV\",\"description\":\"Meydan TV Az\u0259rbaycan\u0131n media m\u0259kan\u0131ndak\u0131 alternativ s\u0259sidir\",\"publisher\":{\"@id\":\"https:\\\/\\\/www.meydan.tv\\\/az\\\/#organization\"},\"potentialAction\":[{\"@type\":\"SearchAction\",\"target\":{\"@type\":\"EntryPoint\",\"urlTemplate\":\"https:\\\/\\\/www.meydan.tv\\\/az\\\/?s={search_term_string}\"},\"query-input\":{\"@type\":\"PropertyValueSpecification\",\"valueRequired\":true,\"valueName\":\"search_term_string\"}}],\"inLanguage\":\"az\"},{\"@type\":\"Organization\",\"@id\":\"https:\\\/\\\/www.meydan.tv\\\/az\\\/#organization\",\"name\":\"Meydan TV\",\"url\":\"https:\\\/\\\/www.meydan.tv\\\/az\\\/\",\"logo\":{\"@type\":\"ImageObject\",\"inLanguage\":\"az\",\"@id\":\"https:\\\/\\\/www.meydan.tv\\\/az\\\/#\\\/schema\\\/logo\\\/image\\\/\",\"url\":\"https:\\\/\\\/www.meydan.tv\\\/wp-content\\\/uploads\\\/2021\\\/07\\\/meydan-logo.svg\",\"contentUrl\":\"https:\\\/\\\/www.meydan.tv\\\/wp-content\\\/uploads\\\/2021\\\/07\\\/meydan-logo.svg\",\"width\":195,\"height\":46,\"caption\":\"Meydan TV\"},\"image\":{\"@id\":\"https:\\\/\\\/www.meydan.tv\\\/az\\\/#\\\/schema\\\/logo\\\/image\\\/\"}},{\"@type\":\"Person\",\"@id\":\"https:\\\/\\\/www.meydan.tv\\\/az\\\/#\\\/schema\\\/person\\\/9cdbecf90d17180ce1dfbd95b08dcf47\",\"name\":\"elli\",\"sameAs\":[\"https:\\\/\\\/x.com\\\/elli\"]}]}<\/script>\n<!-- \/ Yoast SEO plugin. -->","yoast_head_json":{"title":"\u201cPolis niy\u0259 t\u0259dbir g\u00f6rm\u00fcr, g\u00f6zl\u0259yir ki, kims\u0259 \u00f6ls\u00fcn?\u201d - MEYDAN.TV","robots":{"index":"index","follow":"follow","max-snippet":"max-snippet:-1","max-image-preview":"max-image-preview:large","max-video-preview":"max-video-preview:-1"},"canonical":"https:\/\/www.meydan.tv\/az\/article\/polis-niye-tedbir-gormur-gozleyir-ki-kimse-olsun\/","og_locale":"az_AZ","og_type":"article","og_title":"\u201cPolis niy\u0259 t\u0259dbir g\u00f6rm\u00fcr, g\u00f6zl\u0259yir ki, kims\u0259 \u00f6ls\u00fcn?\u201d - MEYDAN.TV","og_description":"Tahir\u0259 Quliyeva: \u201cFikirl\u0259\u015fmirl\u0259r ki, biz vaxt\u0131nda t\u0259dbir g\u00f6rm\u00fcr\u00fck, v\u0259ziyy\u0259t bel\u0259 ... Davam\u0131","og_url":"https:\/\/www.meydan.tv\/az\/article\/polis-niye-tedbir-gormur-gozleyir-ki-kimse-olsun\/","og_site_name":"MEYDAN.TV","article_published_time":"2022-09-22T09:56:56+00:00","article_modified_time":"2022-09-22T09:56:58+00:00","og_image":[{"width":1200,"height":660,"url":"https:\/\/www.meydan.tv\/wp-content\/uploads\/untitled-design-57-e1663840605256.jpg","type":"image\/jpeg"}],"author":"elli","twitter_card":"summary_large_image","twitter_creator":"@elli","schema":{"@context":"https:\/\/schema.org","@graph":[{"@type":"Article","@id":"https:\/\/www.meydan.tv\/az\/article\/polis-niye-tedbir-gormur-gozleyir-ki-kimse-olsun\/#article","isPartOf":{"@id":"https:\/\/www.meydan.tv\/az\/article\/polis-niye-tedbir-gormur-gozleyir-ki-kimse-olsun\/"},"author":{"name":"elli","@id":"https:\/\/www.meydan.tv\/az\/#\/schema\/person\/9cdbecf90d17180ce1dfbd95b08dcf47"},"headline":"\u201cPolis niy\u0259 t\u0259dbir g\u00f6rm\u00fcr, g\u00f6zl\u0259yir ki, kims\u0259 \u00f6ls\u00fcn?\u201d","datePublished":"2022-09-22T09:56:56+00:00","dateModified":"2022-09-22T09:56:58+00:00","mainEntityOfPage":{"@id":"https:\/\/www.meydan.tv\/az\/article\/polis-niye-tedbir-gormur-gozleyir-ki-kimse-olsun\/"},"wordCount":987,"publisher":{"@id":"https:\/\/www.meydan.tv\/az\/#organization"},"image":{"@id":"https:\/\/www.meydan.tv\/az\/article\/polis-niye-tedbir-gormur-gozleyir-ki-kimse-olsun\/#primaryimage"},"thumbnailUrl":"https:\/\/www.meydan.tv\/wp-content\/uploads\/untitled-design-57-e1663840605256.jpg","articleSection":["B\u00f6lg\u0259","X\u0259b\u0259rl\u0259r"],"inLanguage":"az"},{"@type":"WebPage","@id":"https:\/\/www.meydan.tv\/az\/article\/polis-niye-tedbir-gormur-gozleyir-ki-kimse-olsun\/","url":"https:\/\/www.meydan.tv\/az\/article\/polis-niye-tedbir-gormur-gozleyir-ki-kimse-olsun\/","name":"\u201cPolis niy\u0259 t\u0259dbir g\u00f6rm\u00fcr, g\u00f6zl\u0259yir ki, kims\u0259 \u00f6ls\u00fcn?\u201d - MEYDAN.TV","isPartOf":{"@id":"https:\/\/www.meydan.tv\/az\/#website"},"primaryImageOfPage":{"@id":"https:\/\/www.meydan.tv\/az\/article\/polis-niye-tedbir-gormur-gozleyir-ki-kimse-olsun\/#primaryimage"},"image":{"@id":"https:\/\/www.meydan.tv\/az\/article\/polis-niye-tedbir-gormur-gozleyir-ki-kimse-olsun\/#primaryimage"},"thumbnailUrl":"https:\/\/www.meydan.tv\/wp-content\/uploads\/untitled-design-57-e1663840605256.jpg","datePublished":"2022-09-22T09:56:56+00:00","dateModified":"2022-09-22T09:56:58+00:00","breadcrumb":{"@id":"https:\/\/www.meydan.tv\/az\/article\/polis-niye-tedbir-gormur-gozleyir-ki-kimse-olsun\/#breadcrumb"},"inLanguage":"az","potentialAction":[{"@type":"ReadAction","target":["https:\/\/www.meydan.tv\/az\/article\/polis-niye-tedbir-gormur-gozleyir-ki-kimse-olsun\/"]}]},{"@type":"ImageObject","inLanguage":"az","@id":"https:\/\/www.meydan.tv\/az\/article\/polis-niye-tedbir-gormur-gozleyir-ki-kimse-olsun\/#primaryimage","url":"https:\/\/www.meydan.tv\/wp-content\/uploads\/untitled-design-57-e1663840605256.jpg","contentUrl":"https:\/\/www.meydan.tv\/wp-content\/uploads\/untitled-design-57-e1663840605256.jpg","width":1200,"height":660,"caption":"Tahir\u0259 Quliyeva. Foto: Meydan TV"},{"@type":"BreadcrumbList","@id":"https:\/\/www.meydan.tv\/az\/article\/polis-niye-tedbir-gormur-gozleyir-ki-kimse-olsun\/#breadcrumb","itemListElement":[{"@type":"ListItem","position":1,"name":"Ana s\u0259hif\u0259","item":"https:\/\/www.meydan.tv\/az\/"},{"@type":"ListItem","position":2,"name":"B\u00f6lg\u0259","item":"https:\/\/www.meydan.tv\/az\/section\/bolge\/"},{"@type":"ListItem","position":3,"name":"\u201cPolis niy\u0259 t\u0259dbir g\u00f6rm\u00fcr, g\u00f6zl\u0259yir ki, kims\u0259 \u00f6ls\u00fcn?\u201d"}]},{"@type":"WebSite","@id":"https:\/\/www.meydan.tv\/az\/#website","url":"https:\/\/www.meydan.tv\/az\/","name":"MEYDAN.TV","description":"Meydan TV Az\u0259rbaycan\u0131n media m\u0259kan\u0131ndak\u0131 alternativ s\u0259sidir","publisher":{"@id":"https:\/\/www.meydan.tv\/az\/#organization"},"potentialAction":[{"@type":"SearchAction","target":{"@type":"EntryPoint","urlTemplate":"https:\/\/www.meydan.tv\/az\/?s={search_term_string}"},"query-input":{"@type":"PropertyValueSpecification","valueRequired":true,"valueName":"search_term_string"}}],"inLanguage":"az"},{"@type":"Organization","@id":"https:\/\/www.meydan.tv\/az\/#organization","name":"Meydan TV","url":"https:\/\/www.meydan.tv\/az\/","logo":{"@type":"ImageObject","inLanguage":"az","@id":"https:\/\/www.meydan.tv\/az\/#\/schema\/logo\/image\/","url":"https:\/\/www.meydan.tv\/wp-content\/uploads\/2021\/07\/meydan-logo.svg","contentUrl":"https:\/\/www.meydan.tv\/wp-content\/uploads\/2021\/07\/meydan-logo.svg","width":195,"height":46,"caption":"Meydan TV"},"image":{"@id":"https:\/\/www.meydan.tv\/az\/#\/schema\/logo\/image\/"}},{"@type":"Person","@id":"https:\/\/www.meydan.tv\/az\/#\/schema\/person\/9cdbecf90d17180ce1dfbd95b08dcf47","name":"elli","sameAs":["https:\/\/x.com\/elli"]}]}},"_links":{"self":[{"href":"https:\/\/www.meydan.tv\/az\/wp-json\/wp\/v2\/posts\/256360","targetHints":{"allow":["GET"]}}],"collection":[{"href":"https:\/\/www.meydan.tv\/az\/wp-json\/wp\/v2\/posts"}],"about":[{"href":"https:\/\/www.meydan.tv\/az\/wp-json\/wp\/v2\/types\/post"}],"author":[{"embeddable":true,"href":"https:\/\/www.meydan.tv\/az\/wp-json\/wp\/v2\/users\/8"}],"replies":[{"embeddable":true,"href":"https:\/\/www.meydan.tv\/az\/wp-json\/wp\/v2\/comments?post=256360"}],"version-history":[{"count":1,"href":"https:\/\/www.meydan.tv\/az\/wp-json\/wp\/v2\/posts\/256360\/revisions"}],"predecessor-version":[{"id":256361,"href":"https:\/\/www.meydan.tv\/az\/wp-json\/wp\/v2\/posts\/256360\/revisions\/256361"}],"wp:featuredmedia":[{"embeddable":true,"href":"https:\/\/www.meydan.tv\/az\/wp-json\/wp\/v2\/media\/256357"}],"wp:attachment":[{"href":"https:\/\/www.meydan.tv\/az\/wp-json\/wp\/v2\/media?parent=256360"}],"wp:term":[{"taxonomy":"category","embeddable":true,"href":"https:\/\/www.meydan.tv\/az\/wp-json\/wp\/v2\/categories?post=256360"},{"taxonomy":"post_tag","embeddable":true,"href":"https:\/\/www.meydan.tv\/az\/wp-json\/wp\/v2\/tags?post=256360"}],"curies":[{"name":"wp","href":"https:\/\/api.w.org\/{rel}","templated":true}]}}