{"id":256292,"date":"2022-09-21T14:49:28","date_gmt":"2022-09-21T10:49:28","guid":{"rendered":"https:\/\/www.meydan.tv\/?p=256292"},"modified":"2022-09-21T14:49:30","modified_gmt":"2022-09-21T10:49:30","slug":"cenub-bolgesinde-meseler-qesden-mehv-edilir","status":"publish","type":"post","link":"https:\/\/www.meydan.tv\/az\/article\/cenub-bolgesinde-meseler-qesden-mehv-edilir\/","title":{"rendered":"\u201cC\u0259nub b\u00f6lg\u0259sind\u0259 me\u015f\u0259l\u0259r q\u0259sd\u0259n m\u0259hv edilir\u201d"},"content":{"rendered":"\n<p><\/p>\n\n\n\n<p><em>Eko-aktivist: \u201cBiz a\u011f\u0131r texnikan\u0131n i\u015fl\u0259m\u0259sin\u0259 m\u00fcmk\u00fcn q\u0259d\u0259r imkan vermirik\u201d<\/em><\/p>\n\n\n\n<p>\u201cSon aylar \u00f6lk\u0259nin m\u00fcxt\u0259lif b\u00f6lg\u0259l\u0259rind\u0259 me\u015f\u0259 yan\u011f\u0131nlar\u0131 ba\u015f verib, me\u015f\u0259l\u0259r m\u0259hv olub. C\u0259nub b\u00f6lg\u0259sind\u0259 is\u0259 me\u015f\u0259 \u0259razisi bil\u0259r\u0259kd\u0259n m\u0259hv edilir\u201d.<\/p>\n\n\n\n<p>Bunu Meydan TV-y\u0259 \u201cEcofront\u201d t\u0259\u015fkilat\u0131n\u0131n r\u0259hb\u0259ri, eko-aktivist Cavid Qara deyib. Onun s\u00f6zl\u0259rin\u0259 g\u00f6r\u0259, L\u0259nk\u0259ran\u0131n Haftoni q\u0259s\u0259b\u0259sind\u0259 150 hektarl\u0131q xan me\u015f\u0259si sahibkar Raqib H\u0259s\u0259nzad\u0259y\u0259 icar\u0259 verilib. S\u0259n\u0259d \u00fcz\u0259rind\u0259 100 hektar g\u00f6st\u0259ril\u0259n m\u00fcqavil\u0259 sahibkar\u0131n o\u011flunun ad\u0131na r\u0259smil\u0259\u015fdirilib.<\/p>\n\n\n\n<p>\u201cSahibkar h\u0259min \u0259raziy\u0259 a\u011f\u0131r texikalar c\u0259lb edib. \u018frazi hasara al\u0131n\u0131b. Biz a\u011f\u0131r texnikan\u0131n i\u015fl\u0259m\u0259sin\u0259 m\u00fcmk\u00fcn q\u0259d\u0259r imkan vermirik\u201d,-Cavid Qara deyib.<\/p>\n\n\n\n<p>Onun s\u00f6zl\u0259rin\u0259 g\u00f6r\u0259, c\u0259bh\u0259d\u0259 v\u0259ziyy\u0259tin g\u0259rginl\u0259\u015fm\u0259sind\u0259n istifad\u0259 ed\u0259r\u0259k Haftonid\u0259 m\u0259hv edilmi\u015f me\u015f\u0259d\u0259 \u0259kin\u0259 haz\u0131rl\u0131q i\u015fl\u0259ri s\u00fcr\u0259tl\u0259ndirilib.<\/p>\n\n\n\n<p>Eco-f\u0259al bildirib ki, ilin \u0259vv\u0259lind\u0259n apard\u0131qlar\u0131 kampaniyadan sonra ekologiya v\u0259 t\u0259bii s\u0259rv\u0259tl\u0259r naziri Muxtar Babayev m\u00fcqavil\u0259y\u0259 xitam <a href=\"https:\/\/www.meydan.tv\/az\/article\/sirketle-muqavile-legv-edilse-de-sahibkar-erazisini-terk-etmir\/\" target=\"_blank\" rel=\"noreferrer noopener\">verib<\/a>. Ancaq sahibkar m\u00fc\u0259yy\u0259n fasil\u0259l\u0259rl\u0259 \u0259razid\u0259ki f\u0259aliyy\u0259tini davam etdirm\u0259y\u0259 \u00e7al\u0131\u015f\u0131r.<\/p>\n\n\n\n<p>\u201cM\u0259lumata g\u00f6r\u0259, sahibkar nazirliy\u0259 qar\u015f\u0131 m\u0259hk\u0259m\u0259d\u0259 iddia qald\u0131r\u0131b. Me\u015f\u0259 fondu \u0259razisind\u0259 \u0259kin \u00fc\u00e7\u00fcn haz\u0131rl\u0131qlara ba\u015flan\u0131l\u0131b. Sah\u0259nin m\u00fc\u0259yy\u0259n hiss\u0259si \u015fumlan\u0131b, torpa\u011fa da\u015f\u0131n\u0131b v\u0259 \u0259razid\u0259ki suvarma kanallar\u0131n\u0131n \u00fcst\u00fcn\u0259 beton plit\u0259l\u0259r yerl\u0259\u015fdirilib. Sahibkar iddia edir ki, m\u0259hk\u0259m\u0259d\u0259 qalib g\u0259lib. Apelyasiya M\u0259hk\u0259m\u0259si d\u0259 onun xeyrin\u0259 q\u0259rar \u00e7\u0131xar\u0131b, i\u015f Ali M\u0259hk\u0259m\u0259nin icrat\u0131ndad\u0131r\u201d, &#8211; f\u0259al deyib.<\/p>\n\n\n\n<figure class=\"wp-block-image size-full\"><img decoding=\"async\" width=\"1200\" height=\"675\" data-src=\"https:\/\/www.meydan.tv\/wp-content\/uploads\/301473587_5358846774164144_6752126913425689442_n.jpg\" alt=\"\" class=\"wp-image-256296 lazyload\" src=\"data:image\/svg+xml;base64,PHN2ZyB3aWR0aD0iMSIgaGVpZ2h0PSIxIiB4bWxucz0iaHR0cDovL3d3dy53My5vcmcvMjAwMC9zdmciPjwvc3ZnPg==\" style=\"--smush-placeholder-width: 1200px; --smush-placeholder-aspect-ratio: 1200\/675;\" \/><figcaption>Haftoni \u0259razisi. Foto: &#8220;Ecofront&#8221;<\/figcaption><\/figure>\n\n\n\n<p>Cavid Qaran\u0131n s\u00f6zl\u0259rin\u0259 g\u00f6r\u0259, m\u0259hk\u0259m\u0259 davam etdiyi halda \u0259razid\u0259 x\u00fcsusil\u0259 gec\u0259l\u0259r i\u015f apar\u0131l\u0131r, 6-7 \u201cKamaz\u201d markal\u0131 ma\u015f\u0131nlarla torpaq da\u015f\u0131n\u0131r.<\/p>\n\n\n\n<p>\u201cM\u0259hk\u0259m\u0259 getdiyi m\u00fcdd\u0259td\u0259 bel\u0259 sahibkar\u0131n faliyy\u0259tini dayand\u0131ra bilmirl\u0259r. \u0130\u015fl\u0259ri davam etdirib c\u0259miyy\u0259ti fakt qar\u015f\u0131s\u0131nda qoymaq ist\u0259yirl\u0259r. Sahibkar 100 hektara g\u00f6r\u0259 toplam illik 2600 manat icar\u0259 haqq\u0131 \u00f6d\u0259yir. Bak\u0131da yax\u015f\u0131 m\u0259nzilin kiray\u0259si. Hektar\u0131 il\u0259 26 manat edir\u201d,-eko f\u0259al qeyd edib.<\/p>\n\n\n\n<p>2020-ci ild\u0259 Haftoni me\u015f\u0259b\u0259yliyinin 150 hektar Hirkantipli d\u00fcz\u0259n me\u015f\u0259 \u0259razisind\u0259 t\u0259xmin\u0259n 90 hektar me\u015f\u0259lik m\u0259hv edil\u0259r\u0259k aqroba\u011f sal\u0131nmas\u0131 \u00fc\u00e7\u00fcn i\u015fl\u0259r\u0259 ba\u015flan\u0131l\u0131b.<\/p>\n\n\n\n<p>L\u0259nk\u0259ran Rayon \u0130cra Hakimiyy\u0259tind\u0259n bildiribl\u0259r ki, onlar bu m\u0259s\u0259l\u0259y\u0259 g\u00f6r\u0259 m\u0259suliyy\u0259t da\u015f\u0131m\u0131rlar. Suallar\u0131 yaln\u0131z nazirliyin b\u00f6lg\u0259 \u00fczr\u0259 qurumu cavabland\u0131ra bil\u0259r. Sahibkar is\u0259 israrl\u0131 z\u0259ngl\u0259r\u0259 cavab verm\u0259yib.<\/p>\n\n\n\n<p>Ekologiya v\u0259 T\u0259bii S\u0259rv\u0259tl\u0259r Nazirliyi d\u0259 sor\u011funu cavabland\u0131rmay\u0131b. Nazirlikd\u0259 ad\u0131n\u0131n \u00e7\u0259kilm\u0259sini ist\u0259m\u0259y\u0259n \u0259m\u0259kda\u015f\u0131 deyib ki, m\u0259hk\u0259m\u0259nin q\u0259rar\u0131n\u0131 g\u00f6zl\u0259yirl\u0259r, t\u0259dbirl\u0259r m\u0259hk\u0259m\u0259nin q\u0259rar\u0131na uy\u011fun h\u0259yata ke\u00e7iril\u0259c\u0259k.<\/p>\n","protected":false},"excerpt":{"rendered":"<p>Eko-aktivist: \u201cBiz a\u011f\u0131r texnikan\u0131n i\u015fl\u0259m\u0259sin\u0259 m\u00fcmk\u00fcn q\u0259d\u0259r imkan vermirik\u201d \u201cSon &#8230; <\/p>\n<p class=\"read-more-container\"><a title=\"\u201cC\u0259nub b\u00f6lg\u0259sind\u0259 me\u015f\u0259l\u0259r q\u0259sd\u0259n m\u0259hv edilir\u201d\" class=\"read-more button\" href=\"https:\/\/www.meydan.tv\/az\/article\/cenub-bolgesinde-meseler-qesden-mehv-edilir\/#more-256292\" aria-label=\"Read more about \u201cC\u0259nub b\u00f6lg\u0259sind\u0259 me\u015f\u0259l\u0259r q\u0259sd\u0259n m\u0259hv edilir\u201d\">Davam\u0131<\/a><\/p>\n","protected":false},"author":8,"featured_media":256293,"comment_status":"closed","ping_status":"closed","sticky":false,"template":"","format":"standard","meta":{"_acf_changed":false,"_sitemap_exclude":false,"_sitemap_priority":"","_sitemap_frequency":"","footnotes":""},"categories":[60,56],"tags":[],"class_list":["post-256292","post","type-post","status-publish","format-standard","has-post-thumbnail","hentry","category-bolge","category-xeberler","infinite-scroll-item","generate-columns","tablet-grid-50","mobile-grid-100","grid-parent","grid-33","no-featured-image-padding"],"acf":[],"yoast_head":"<!-- This site is optimized with the Yoast SEO plugin v27.5 - https:\/\/yoast.com\/product\/yoast-seo-wordpress\/ -->\n<title>\u201cC\u0259nub b\u00f6lg\u0259sind\u0259 me\u015f\u0259l\u0259r q\u0259sd\u0259n m\u0259hv edilir\u201d - MEYDAN.TV<\/title>\n<meta name=\"robots\" content=\"index, follow, max-snippet:-1, max-image-preview:large, max-video-preview:-1\" \/>\n<link rel=\"canonical\" href=\"https:\/\/www.meydan.tv\/az\/article\/cenub-bolgesinde-meseler-qesden-mehv-edilir\/\" \/>\n<meta property=\"og:locale\" content=\"az_AZ\" \/>\n<meta property=\"og:type\" content=\"article\" \/>\n<meta property=\"og:title\" content=\"\u201cC\u0259nub b\u00f6lg\u0259sind\u0259 me\u015f\u0259l\u0259r q\u0259sd\u0259n m\u0259hv edilir\u201d - MEYDAN.TV\" \/>\n<meta property=\"og:description\" content=\"Eko-aktivist: \u201cBiz a\u011f\u0131r texnikan\u0131n i\u015fl\u0259m\u0259sin\u0259 m\u00fcmk\u00fcn q\u0259d\u0259r imkan vermirik\u201d \u201cSon ... Davam\u0131\" \/>\n<meta property=\"og:url\" content=\"https:\/\/www.meydan.tv\/az\/article\/cenub-bolgesinde-meseler-qesden-mehv-edilir\/\" \/>\n<meta property=\"og:site_name\" content=\"MEYDAN.TV\" \/>\n<meta property=\"article:published_time\" content=\"2022-09-21T10:49:28+00:00\" \/>\n<meta property=\"article:modified_time\" content=\"2022-09-21T10:49:30+00:00\" \/>\n<meta property=\"og:image\" content=\"https:\/\/www.meydan.tv\/wp-content\/uploads\/301322457_5358847244164097_3507347367776570007_n.jpg\" \/>\n\t<meta property=\"og:image:width\" content=\"1200\" \/>\n\t<meta property=\"og:image:height\" content=\"900\" \/>\n\t<meta property=\"og:image:type\" content=\"image\/jpeg\" \/>\n<meta name=\"author\" content=\"elli\" \/>\n<meta name=\"twitter:card\" content=\"summary_large_image\" \/>\n<meta name=\"twitter:creator\" content=\"@elli\" \/>\n<script type=\"application\/ld+json\" class=\"yoast-schema-graph\">{\"@context\":\"https:\\\/\\\/schema.org\",\"@graph\":[{\"@type\":\"Article\",\"@id\":\"https:\\\/\\\/www.meydan.tv\\\/az\\\/article\\\/cenub-bolgesinde-meseler-qesden-mehv-edilir\\\/#article\",\"isPartOf\":{\"@id\":\"https:\\\/\\\/www.meydan.tv\\\/az\\\/article\\\/cenub-bolgesinde-meseler-qesden-mehv-edilir\\\/\"},\"author\":{\"name\":\"elli\",\"@id\":\"https:\\\/\\\/www.meydan.tv\\\/az\\\/#\\\/schema\\\/person\\\/9cdbecf90d17180ce1dfbd95b08dcf47\"},\"headline\":\"\u201cC\u0259nub b\u00f6lg\u0259sind\u0259 me\u015f\u0259l\u0259r q\u0259sd\u0259n m\u0259hv edilir\u201d\",\"datePublished\":\"2022-09-21T10:49:28+00:00\",\"dateModified\":\"2022-09-21T10:49:30+00:00\",\"mainEntityOfPage\":{\"@id\":\"https:\\\/\\\/www.meydan.tv\\\/az\\\/article\\\/cenub-bolgesinde-meseler-qesden-mehv-edilir\\\/\"},\"wordCount\":578,\"publisher\":{\"@id\":\"https:\\\/\\\/www.meydan.tv\\\/az\\\/#organization\"},\"image\":{\"@id\":\"https:\\\/\\\/www.meydan.tv\\\/az\\\/article\\\/cenub-bolgesinde-meseler-qesden-mehv-edilir\\\/#primaryimage\"},\"thumbnailUrl\":\"https:\\\/\\\/www.meydan.tv\\\/wp-content\\\/uploads\\\/301322457_5358847244164097_3507347367776570007_n.jpg\",\"articleSection\":[\"B\u00f6lg\u0259\",\"X\u0259b\u0259rl\u0259r\"],\"inLanguage\":\"az\"},{\"@type\":\"WebPage\",\"@id\":\"https:\\\/\\\/www.meydan.tv\\\/az\\\/article\\\/cenub-bolgesinde-meseler-qesden-mehv-edilir\\\/\",\"url\":\"https:\\\/\\\/www.meydan.tv\\\/az\\\/article\\\/cenub-bolgesinde-meseler-qesden-mehv-edilir\\\/\",\"name\":\"\u201cC\u0259nub b\u00f6lg\u0259sind\u0259 me\u015f\u0259l\u0259r q\u0259sd\u0259n m\u0259hv edilir\u201d - MEYDAN.TV\",\"isPartOf\":{\"@id\":\"https:\\\/\\\/www.meydan.tv\\\/az\\\/#website\"},\"primaryImageOfPage\":{\"@id\":\"https:\\\/\\\/www.meydan.tv\\\/az\\\/article\\\/cenub-bolgesinde-meseler-qesden-mehv-edilir\\\/#primaryimage\"},\"image\":{\"@id\":\"https:\\\/\\\/www.meydan.tv\\\/az\\\/article\\\/cenub-bolgesinde-meseler-qesden-mehv-edilir\\\/#primaryimage\"},\"thumbnailUrl\":\"https:\\\/\\\/www.meydan.tv\\\/wp-content\\\/uploads\\\/301322457_5358847244164097_3507347367776570007_n.jpg\",\"datePublished\":\"2022-09-21T10:49:28+00:00\",\"dateModified\":\"2022-09-21T10:49:30+00:00\",\"breadcrumb\":{\"@id\":\"https:\\\/\\\/www.meydan.tv\\\/az\\\/article\\\/cenub-bolgesinde-meseler-qesden-mehv-edilir\\\/#breadcrumb\"},\"inLanguage\":\"az\",\"potentialAction\":[{\"@type\":\"ReadAction\",\"target\":[\"https:\\\/\\\/www.meydan.tv\\\/az\\\/article\\\/cenub-bolgesinde-meseler-qesden-mehv-edilir\\\/\"]}]},{\"@type\":\"ImageObject\",\"inLanguage\":\"az\",\"@id\":\"https:\\\/\\\/www.meydan.tv\\\/az\\\/article\\\/cenub-bolgesinde-meseler-qesden-mehv-edilir\\\/#primaryimage\",\"url\":\"https:\\\/\\\/www.meydan.tv\\\/wp-content\\\/uploads\\\/301322457_5358847244164097_3507347367776570007_n.jpg\",\"contentUrl\":\"https:\\\/\\\/www.meydan.tv\\\/wp-content\\\/uploads\\\/301322457_5358847244164097_3507347367776570007_n.jpg\",\"width\":1200,\"height\":900,\"caption\":\"Foto: \u201cEcofront\u201d\"},{\"@type\":\"BreadcrumbList\",\"@id\":\"https:\\\/\\\/www.meydan.tv\\\/az\\\/article\\\/cenub-bolgesinde-meseler-qesden-mehv-edilir\\\/#breadcrumb\",\"itemListElement\":[{\"@type\":\"ListItem\",\"position\":1,\"name\":\"Ana s\u0259hif\u0259\",\"item\":\"https:\\\/\\\/www.meydan.tv\\\/az\\\/\"},{\"@type\":\"ListItem\",\"position\":2,\"name\":\"B\u00f6lg\u0259\",\"item\":\"https:\\\/\\\/www.meydan.tv\\\/az\\\/section\\\/bolge\\\/\"},{\"@type\":\"ListItem\",\"position\":3,\"name\":\"\u201cC\u0259nub b\u00f6lg\u0259sind\u0259 me\u015f\u0259l\u0259r q\u0259sd\u0259n m\u0259hv edilir\u201d\"}]},{\"@type\":\"WebSite\",\"@id\":\"https:\\\/\\\/www.meydan.tv\\\/az\\\/#website\",\"url\":\"https:\\\/\\\/www.meydan.tv\\\/az\\\/\",\"name\":\"MEYDAN.TV\",\"description\":\"Meydan TV Az\u0259rbaycan\u0131n media m\u0259kan\u0131ndak\u0131 alternativ s\u0259sidir\",\"publisher\":{\"@id\":\"https:\\\/\\\/www.meydan.tv\\\/az\\\/#organization\"},\"potentialAction\":[{\"@type\":\"SearchAction\",\"target\":{\"@type\":\"EntryPoint\",\"urlTemplate\":\"https:\\\/\\\/www.meydan.tv\\\/az\\\/?s={search_term_string}\"},\"query-input\":{\"@type\":\"PropertyValueSpecification\",\"valueRequired\":true,\"valueName\":\"search_term_string\"}}],\"inLanguage\":\"az\"},{\"@type\":\"Organization\",\"@id\":\"https:\\\/\\\/www.meydan.tv\\\/az\\\/#organization\",\"name\":\"Meydan TV\",\"url\":\"https:\\\/\\\/www.meydan.tv\\\/az\\\/\",\"logo\":{\"@type\":\"ImageObject\",\"inLanguage\":\"az\",\"@id\":\"https:\\\/\\\/www.meydan.tv\\\/az\\\/#\\\/schema\\\/logo\\\/image\\\/\",\"url\":\"https:\\\/\\\/www.meydan.tv\\\/wp-content\\\/uploads\\\/2021\\\/07\\\/meydan-logo.svg\",\"contentUrl\":\"https:\\\/\\\/www.meydan.tv\\\/wp-content\\\/uploads\\\/2021\\\/07\\\/meydan-logo.svg\",\"width\":195,\"height\":46,\"caption\":\"Meydan TV\"},\"image\":{\"@id\":\"https:\\\/\\\/www.meydan.tv\\\/az\\\/#\\\/schema\\\/logo\\\/image\\\/\"}},{\"@type\":\"Person\",\"@id\":\"https:\\\/\\\/www.meydan.tv\\\/az\\\/#\\\/schema\\\/person\\\/9cdbecf90d17180ce1dfbd95b08dcf47\",\"name\":\"elli\",\"sameAs\":[\"https:\\\/\\\/x.com\\\/elli\"]}]}<\/script>\n<!-- \/ Yoast SEO plugin. -->","yoast_head_json":{"title":"\u201cC\u0259nub b\u00f6lg\u0259sind\u0259 me\u015f\u0259l\u0259r q\u0259sd\u0259n m\u0259hv edilir\u201d - MEYDAN.TV","robots":{"index":"index","follow":"follow","max-snippet":"max-snippet:-1","max-image-preview":"max-image-preview:large","max-video-preview":"max-video-preview:-1"},"canonical":"https:\/\/www.meydan.tv\/az\/article\/cenub-bolgesinde-meseler-qesden-mehv-edilir\/","og_locale":"az_AZ","og_type":"article","og_title":"\u201cC\u0259nub b\u00f6lg\u0259sind\u0259 me\u015f\u0259l\u0259r q\u0259sd\u0259n m\u0259hv edilir\u201d - MEYDAN.TV","og_description":"Eko-aktivist: \u201cBiz a\u011f\u0131r texnikan\u0131n i\u015fl\u0259m\u0259sin\u0259 m\u00fcmk\u00fcn q\u0259d\u0259r imkan vermirik\u201d \u201cSon ... Davam\u0131","og_url":"https:\/\/www.meydan.tv\/az\/article\/cenub-bolgesinde-meseler-qesden-mehv-edilir\/","og_site_name":"MEYDAN.TV","article_published_time":"2022-09-21T10:49:28+00:00","article_modified_time":"2022-09-21T10:49:30+00:00","og_image":[{"width":1200,"height":900,"url":"https:\/\/www.meydan.tv\/wp-content\/uploads\/301322457_5358847244164097_3507347367776570007_n.jpg","type":"image\/jpeg"}],"author":"elli","twitter_card":"summary_large_image","twitter_creator":"@elli","schema":{"@context":"https:\/\/schema.org","@graph":[{"@type":"Article","@id":"https:\/\/www.meydan.tv\/az\/article\/cenub-bolgesinde-meseler-qesden-mehv-edilir\/#article","isPartOf":{"@id":"https:\/\/www.meydan.tv\/az\/article\/cenub-bolgesinde-meseler-qesden-mehv-edilir\/"},"author":{"name":"elli","@id":"https:\/\/www.meydan.tv\/az\/#\/schema\/person\/9cdbecf90d17180ce1dfbd95b08dcf47"},"headline":"\u201cC\u0259nub b\u00f6lg\u0259sind\u0259 me\u015f\u0259l\u0259r q\u0259sd\u0259n m\u0259hv edilir\u201d","datePublished":"2022-09-21T10:49:28+00:00","dateModified":"2022-09-21T10:49:30+00:00","mainEntityOfPage":{"@id":"https:\/\/www.meydan.tv\/az\/article\/cenub-bolgesinde-meseler-qesden-mehv-edilir\/"},"wordCount":578,"publisher":{"@id":"https:\/\/www.meydan.tv\/az\/#organization"},"image":{"@id":"https:\/\/www.meydan.tv\/az\/article\/cenub-bolgesinde-meseler-qesden-mehv-edilir\/#primaryimage"},"thumbnailUrl":"https:\/\/www.meydan.tv\/wp-content\/uploads\/301322457_5358847244164097_3507347367776570007_n.jpg","articleSection":["B\u00f6lg\u0259","X\u0259b\u0259rl\u0259r"],"inLanguage":"az"},{"@type":"WebPage","@id":"https:\/\/www.meydan.tv\/az\/article\/cenub-bolgesinde-meseler-qesden-mehv-edilir\/","url":"https:\/\/www.meydan.tv\/az\/article\/cenub-bolgesinde-meseler-qesden-mehv-edilir\/","name":"\u201cC\u0259nub b\u00f6lg\u0259sind\u0259 me\u015f\u0259l\u0259r q\u0259sd\u0259n m\u0259hv edilir\u201d - MEYDAN.TV","isPartOf":{"@id":"https:\/\/www.meydan.tv\/az\/#website"},"primaryImageOfPage":{"@id":"https:\/\/www.meydan.tv\/az\/article\/cenub-bolgesinde-meseler-qesden-mehv-edilir\/#primaryimage"},"image":{"@id":"https:\/\/www.meydan.tv\/az\/article\/cenub-bolgesinde-meseler-qesden-mehv-edilir\/#primaryimage"},"thumbnailUrl":"https:\/\/www.meydan.tv\/wp-content\/uploads\/301322457_5358847244164097_3507347367776570007_n.jpg","datePublished":"2022-09-21T10:49:28+00:00","dateModified":"2022-09-21T10:49:30+00:00","breadcrumb":{"@id":"https:\/\/www.meydan.tv\/az\/article\/cenub-bolgesinde-meseler-qesden-mehv-edilir\/#breadcrumb"},"inLanguage":"az","potentialAction":[{"@type":"ReadAction","target":["https:\/\/www.meydan.tv\/az\/article\/cenub-bolgesinde-meseler-qesden-mehv-edilir\/"]}]},{"@type":"ImageObject","inLanguage":"az","@id":"https:\/\/www.meydan.tv\/az\/article\/cenub-bolgesinde-meseler-qesden-mehv-edilir\/#primaryimage","url":"https:\/\/www.meydan.tv\/wp-content\/uploads\/301322457_5358847244164097_3507347367776570007_n.jpg","contentUrl":"https:\/\/www.meydan.tv\/wp-content\/uploads\/301322457_5358847244164097_3507347367776570007_n.jpg","width":1200,"height":900,"caption":"Foto: \u201cEcofront\u201d"},{"@type":"BreadcrumbList","@id":"https:\/\/www.meydan.tv\/az\/article\/cenub-bolgesinde-meseler-qesden-mehv-edilir\/#breadcrumb","itemListElement":[{"@type":"ListItem","position":1,"name":"Ana s\u0259hif\u0259","item":"https:\/\/www.meydan.tv\/az\/"},{"@type":"ListItem","position":2,"name":"B\u00f6lg\u0259","item":"https:\/\/www.meydan.tv\/az\/section\/bolge\/"},{"@type":"ListItem","position":3,"name":"\u201cC\u0259nub b\u00f6lg\u0259sind\u0259 me\u015f\u0259l\u0259r q\u0259sd\u0259n m\u0259hv edilir\u201d"}]},{"@type":"WebSite","@id":"https:\/\/www.meydan.tv\/az\/#website","url":"https:\/\/www.meydan.tv\/az\/","name":"MEYDAN.TV","description":"Meydan TV Az\u0259rbaycan\u0131n media m\u0259kan\u0131ndak\u0131 alternativ s\u0259sidir","publisher":{"@id":"https:\/\/www.meydan.tv\/az\/#organization"},"potentialAction":[{"@type":"SearchAction","target":{"@type":"EntryPoint","urlTemplate":"https:\/\/www.meydan.tv\/az\/?s={search_term_string}"},"query-input":{"@type":"PropertyValueSpecification","valueRequired":true,"valueName":"search_term_string"}}],"inLanguage":"az"},{"@type":"Organization","@id":"https:\/\/www.meydan.tv\/az\/#organization","name":"Meydan TV","url":"https:\/\/www.meydan.tv\/az\/","logo":{"@type":"ImageObject","inLanguage":"az","@id":"https:\/\/www.meydan.tv\/az\/#\/schema\/logo\/image\/","url":"https:\/\/www.meydan.tv\/wp-content\/uploads\/2021\/07\/meydan-logo.svg","contentUrl":"https:\/\/www.meydan.tv\/wp-content\/uploads\/2021\/07\/meydan-logo.svg","width":195,"height":46,"caption":"Meydan TV"},"image":{"@id":"https:\/\/www.meydan.tv\/az\/#\/schema\/logo\/image\/"}},{"@type":"Person","@id":"https:\/\/www.meydan.tv\/az\/#\/schema\/person\/9cdbecf90d17180ce1dfbd95b08dcf47","name":"elli","sameAs":["https:\/\/x.com\/elli"]}]}},"_links":{"self":[{"href":"https:\/\/www.meydan.tv\/az\/wp-json\/wp\/v2\/posts\/256292","targetHints":{"allow":["GET"]}}],"collection":[{"href":"https:\/\/www.meydan.tv\/az\/wp-json\/wp\/v2\/posts"}],"about":[{"href":"https:\/\/www.meydan.tv\/az\/wp-json\/wp\/v2\/types\/post"}],"author":[{"embeddable":true,"href":"https:\/\/www.meydan.tv\/az\/wp-json\/wp\/v2\/users\/8"}],"replies":[{"embeddable":true,"href":"https:\/\/www.meydan.tv\/az\/wp-json\/wp\/v2\/comments?post=256292"}],"version-history":[{"count":1,"href":"https:\/\/www.meydan.tv\/az\/wp-json\/wp\/v2\/posts\/256292\/revisions"}],"predecessor-version":[{"id":256299,"href":"https:\/\/www.meydan.tv\/az\/wp-json\/wp\/v2\/posts\/256292\/revisions\/256299"}],"wp:featuredmedia":[{"embeddable":true,"href":"https:\/\/www.meydan.tv\/az\/wp-json\/wp\/v2\/media\/256293"}],"wp:attachment":[{"href":"https:\/\/www.meydan.tv\/az\/wp-json\/wp\/v2\/media?parent=256292"}],"wp:term":[{"taxonomy":"category","embeddable":true,"href":"https:\/\/www.meydan.tv\/az\/wp-json\/wp\/v2\/categories?post=256292"},{"taxonomy":"post_tag","embeddable":true,"href":"https:\/\/www.meydan.tv\/az\/wp-json\/wp\/v2\/tags?post=256292"}],"curies":[{"name":"wp","href":"https:\/\/api.w.org\/{rel}","templated":true}]}}