{"id":256284,"date":"2022-09-21T14:21:21","date_gmt":"2022-09-21T10:21:21","guid":{"rendered":"https:\/\/www.meydan.tv\/?p=256284"},"modified":"2022-09-21T14:21:25","modified_gmt":"2022-09-21T10:21:25","slug":"quba-sakini-polis-sobesinde-qollarima-qandal-vurub-basima-torba-kecirdiler-doyduler","status":"publish","type":"post","link":"https:\/\/www.meydan.tv\/az\/article\/quba-sakini-polis-sobesinde-qollarima-qandal-vurub-basima-torba-kecirdiler-doyduler\/","title":{"rendered":"Quba sakini: \u201cPolis \u015e\u00f6b\u0259sind\u0259 qollar\u0131ma qandal vurub, ba\u015f\u0131ma torba ke\u00e7irdil\u0259r, d\u00f6yd\u00fcl\u0259r\u201d"},"content":{"rendered":"\n<p><\/p>\n\n\n\n<p><em>\u015e\u00f6hr\u0259t Abs\u0259limov ona i\u015fg\u0259nc\u0259 ver\u0259n polisl\u0259rin c\u0259zaland\u0131r\u0131lmas\u0131n\u0131 ist\u0259yir<\/em><\/p>\n\n\n\n<p>\u201cBa\u015f\u0131ma sellofan torba ke\u00e7irib, \u00fcst\u00fcnd\u0259n maska taxd\u0131lar, qollar\u0131m\u0131 arxaya burub qandallad\u0131lar. M\u0259ni bu v\u0259ziyy\u0259td\u0259 d\u00f6yd\u00fcl\u0259r. T\u0259l\u0259b edirdil\u0259r ki, qon\u015funun ot tayas\u0131n\u0131n yanmas\u0131n\u0131 \u00fcz\u0259rim\u0259 g\u00f6t\u00fcr\u00fcm, deyim ki, m\u0259n yand\u0131rm\u0131\u015fam. M\u0259n \u201cx\u0259b\u0259rim yoxdur dedikc\u0259, daha \u015fidd\u0259tli d\u00f6y\u00fcrd\u00fcl\u0259r, h\u0259tta paltarlar\u0131m\u0131 \u00e7\u0131xar\u0131b, \u015f\u0259xsiyy\u0259timi al\u00e7aldan h\u0259r\u0259k\u0259tl\u0259r etdil\u0259r\u201d.<\/p>\n\n\n\n<p>Bunu Meydan TV-y\u0259 Quba sakini \u015e\u00f6hr\u0259t Abs\u0259limov deyir. Onun s\u00f6zl\u0259rin\u0259 g\u00f6r\u0259, sentyabr\u0131n 17-d\u0259 Quba Rayon Polis \u015e\u00f6b\u0259sin\u0259 apar\u0131laraq i\u015fg\u0259nc\u0259y\u0259 m\u0259ruz qal\u0131b.<\/p>\n\n\n\n<p>\u015e\u00f6hr\u0259t Abs\u0259limov dan\u0131\u015f\u0131r ki, sentyabr\u0131n 12-d\u0259 onun x\u0131rda ail\u0259 m\u00fcnaqi\u015f\u0259sin\u0259 m\u00fcdaxil\u0259 ed\u0259n qon\u015fusuyla m\u00fcbahis\u0259si d\u00fc\u015f\u00fcb. Qon\u015fu onu d\u00f6y\u00fcb. O da D\u0130N 102 Xidm\u0259tin\u0259 z\u0259ng vuraraq qon\u015fusundan \u015fikay\u0259t\u00e7i olub. Bundan bir ne\u00e7\u0259 g\u00fcn sonra \u2013 sentyabr\u0131n 17-d\u0259 h\u0259min qon\u015funun h\u0259y\u0259tyan\u0131 sah\u0259sind\u0259ki ot tayas\u0131nda yan\u011f\u0131n \u00e7\u0131x\u0131b. Qon\u015fu da polis\u0259 bu i\u015fd\u0259 ondan \u015f\u00fcbh\u0259l\u0259ndiyini deyib. H\u0259min g\u00fcn ya\u015fad\u0131\u011f\u0131 \u0259raziy\u0259 g\u0259l\u0259n polisl\u0259r onu \u015f\u00f6b\u0259y\u0259 apar\u0131blar. \u015e\u00f6hr\u0259t Abs\u0259limov:<\/p>\n\n\n\n<p>\u201c\u018fvv\u0259lc\u0259 Quba Rayon Polis \u015e\u00f6b\u0259sind\u0259n m\u0259n\u0259 z\u0259ng oldu. F\u0259rid adl\u0131 t\u0259hqiqat\u00e7\u0131 idi. Dedi, s\u0259nd\u0259n \u015fikay\u0259t var, m\u0259ni \u015f\u00f6b\u0259y\u0259 \u00e7a\u011f\u0131rd\u0131, dedi, 5 d\u0259qiq\u0259y\u0259 burda ol. M\u0259ns\u0259 bildirdim ki, t\u0259yyar\u0259 deyil\u0259m, qanad\u0131m yoxdur, d\u0259v\u0259t etmis\u0259ns\u0259, \u00e7al\u0131\u015facam ki, tez bir zamanda g\u0259lim. He\u00e7 10 d\u0259qiq\u0259 ke\u00e7m\u0259di, k\u00fc\u00e7\u0259d\u0259 m\u00fclki ma\u015f\u0131n dayand\u0131, iki n\u0259f\u0259r polis, bir n\u0259f\u0259r m\u00fclki geyimli \u015f\u0259xs m\u0259ni ma\u015f\u0131na bas\u0131b, polis \u015f\u00f6b\u0259sin\u0259 apard\u0131\u201d.<\/p>\n\n\n\n<p>\u015e\u00f6hr\u0259t Abs\u0259limovun s\u00f6zl\u0259rin\u0259 g\u00f6r\u0259, polis \u015f\u00f6b\u0259sind\u0259 ondan qon\u015funun ot tayas\u0131nda \u00e7\u0131xm\u0131\u015f yan\u011f\u0131n\u0131 bu i\u015fin tez ba\u011flanmas\u0131 \u00fc\u00e7\u00fcn \u00fcz\u0259rin\u0259 g\u00f6t\u00fcrm\u0259sini t\u0259l\u0259b edibl\u0259r:<\/p>\n\n\n\n<figure class=\"wp-block-image size-full\"><img decoding=\"async\" width=\"1200\" height=\"800\" data-src=\"https:\/\/www.meydan.tv\/wp-content\/uploads\/untitled-design-9-1.jpg\" alt=\"\" class=\"wp-image-238009 lazyload\" src=\"data:image\/svg+xml;base64,PHN2ZyB3aWR0aD0iMSIgaGVpZ2h0PSIxIiB4bWxucz0iaHR0cDovL3d3dy53My5vcmcvMjAwMC9zdmciPjwvc3ZnPg==\" style=\"--smush-placeholder-width: 1200px; --smush-placeholder-aspect-ratio: 1200\/800;\" \/><figcaption>Quba Rayon Polis \u015e\u00f6b\u0259si. Foto: D\u0130N<\/figcaption><\/figure>\n\n\n\n<p>\u201cDedim, m\u0259n etm\u0259mi\u015f\u0259m. Qon\u015fum da ordayd\u0131. F\u0259rid adl\u0131 t\u0259hqiqat\u00e7\u0131 dedi, bir ne\u00e7\u0259 g\u00fcn \u0259vv\u0259l aran\u0131zda m\u00fcnaqi\u015f\u0259 olub, el\u0259 s\u0259n yand\u0131rm\u0131san, boynuna al. M\u0259n d\u00f6n\u0259-d\u00f6n\u0259 x\u0259b\u0259rsiz oldu\u011fumu dey\u0259nd\u0259, bir ne\u00e7\u0259 polis i\u015f\u00e7isi \u00fcst\u00fcm\u0259 t\u00f6k\u00fcl\u00fc\u015f\u00fcb m\u0259ni d\u00f6yd\u00fc. Sonra 3-c\u00fc m\u0259rt\u0259b\u0259y\u0259 qald\u0131r\u0131b, bir ota\u011fa apard\u0131lar. Orda daha bir ne\u00e7\u0259 polis i\u015f\u00e7isi vard\u0131, r\u0259is m\u00fcavini d\u0259 ordayd\u0131, ad\u0131n\u0131 bilm\u0259s\u0259m d\u0259, \u00fczd\u0259n tan\u0131y\u0131ram. M\u0259ni q\u0131sa sor\u011fu-sual el\u0259dil\u0259r, yen\u0259 dedim ki, yan\u011f\u0131ndan x\u0259b\u0259rim yoxdur. Ba\u015f\u0131ma selofan torba ke\u00e7irtdil\u0259r, \u00fcst\u00fcnd\u0259n d\u0259 \u00fcz\u00fcm\u0259 maska taxd\u0131lar, qollar\u0131m arxama qandall\u0131, bu v\u0259ziyy\u0259td\u0259 d\u00f6yd\u00fcl\u0259r. Kims\u0259 sellofan torban\u0131 s\u0131x\u0131rd\u0131, bo\u011fulurdum. Deyirdil\u0259r, al boynuna, deyirdim, m\u0259n yand\u0131rmam\u0131\u015fam. Soyundurdular, \u015f\u0259xsiyy\u0259timi al\u00e7aldan h\u0259r\u0259k\u0259tl\u0259r etdil\u0259r. N\u0259hay\u0259t, i\u015fg\u0259nc\u0259l\u0259r\u0259 d\u00f6zm\u0259yib, qon\u015funun ot tayas\u0131ndak\u0131 yan\u011f\u0131n\u0131 \u00fcz\u0259rim\u0259 g\u00f6t\u00fcrd\u00fcm. M\u0259ni a\u015fa\u011f\u0131 d\u00fc\u015f\u00fcrtd\u00fcl\u0259r, ist\u0259dikl\u0259rini yazd\u0131rd\u0131lar, sonra da bir protokol t\u0259rtib etdil\u0259r ki, guya polis\u0259 m\u00fcqavim\u0259t g\u00f6st\u0259rmi\u015f\u0259m\u201d.<\/p>\n\n\n\n<p>\u015e\u00f6hr\u0259t Abs\u0259limov polis i\u015f\u00e7isinin qanuni t\u0259l\u0259bin\u0259 q\u0259sd\u0259n tabe olmamas\u0131na dair inzibati protokol t\u0259rtib olunub. Sentyabr\u0131n 18-d\u0259 saat 18 rad\u0259l\u0259rind\u0259 o, Quba Rayon M\u0259hk\u0259m\u0259sin\u0259 apar\u0131l\u0131b. Hakim \u0130lqar M\u0259mm\u0259dovun s\u0259drliyi il\u0259 inzibati x\u0259ta haqq\u0131nda i\u015f\u0259 bax\u0131l\u0131b. \u015e\u00f6hr\u0259t Abs\u0259limov 200 manat c\u0259rim\u0259l\u0259n\u0259r\u0259k m\u0259hk\u0259m\u0259 zal\u0131ndan s\u0259rb\u0259st burax\u0131l\u0131b. \u015e\u00f6hr\u0259t Abs\u0259limov deyir, hakim onu dinl\u0259m\u0259k bel\u0259 ist\u0259m\u0259yib, q\u0259rar\u0131 elan ed\u0259r\u0259k m\u0259hk\u0259m\u0259 zal\u0131ndan uzaqla\u015f\u0131b.<\/p>\n\n\n\n<p>\u015e\u00f6hr\u0259t Abs\u0259limovun s\u00f6zl\u0259rin\u0259 g\u00f6r\u0259, onu etm\u0259diyi \u0259m\u0259l\u0259 g\u00f6r\u0259 incid\u0259n polis b\u00fct\u00fcn bunlardan bir ne\u00e7\u0259 g\u00fcn \u0259vv\u0259l onun qon\u015fudan etdiyi \u015fikay\u0259tin \u00fcz\u00fcn\u0259 d\u0259 baxmay\u0131b:<\/p>\n\n\n\n<figure class=\"wp-block-image size-full\"><img decoding=\"async\" width=\"1200\" height=\"800\" data-src=\"https:\/\/www.meydan.tv\/wp-content\/uploads\/untitled-design-6-16.jpg\" alt=\"\" class=\"wp-image-256277 lazyload\" src=\"data:image\/svg+xml;base64,PHN2ZyB3aWR0aD0iMSIgaGVpZ2h0PSIxIiB4bWxucz0iaHR0cDovL3d3dy53My5vcmcvMjAwMC9zdmciPjwvc3ZnPg==\" style=\"--smush-placeholder-width: 1200px; --smush-placeholder-aspect-ratio: 1200\/800;\" \/><figcaption>\u015e\u00f6hr\u0259t Abs\u0259limov<\/figcaption><\/figure>\n\n\n\n<p>\u201cSentyabr\u0131n 12-d\u0259 d\u00f6y\u00fclm\u0259yiml\u0259 ba\u011fl\u0131 etdiyim \u015fikay\u0259t\u0259 g\u00f6r\u0259 m\u0259ni bir d\u0259f\u0259 d\u0259 \u00e7a\u011f\u0131r\u0131b maraqlanmad\u0131lar. Ancaq bundan be\u015f g\u00fcn sonra el\u0259 m\u0259ni d\u00f6y\u0259n qon\u015fu gedib ot tayas\u0131nda \u00e7\u0131xm\u0131\u015f yan\u011f\u0131nda m\u0259nd\u0259n \u015f\u00fcbh\u0259l\u0259ndiyini yazd\u0131\u011f\u0131na g\u00f6r\u0259 m\u0259n\u0259 i\u015fg\u0259nc\u0259 verdil\u0259r\u201d.<\/p>\n\n\n\n<p>Daxili \u0130\u015fl\u0259r Nazirliyinin M\u0259tbuat Xidm\u0259tinin Quba Regional Qrupundan Meydan TV-y\u0259 bildirilib ki, sentyabr\u0131n 12-d\u0259 bir rayon sakini Quba RP\u015e-y\u0259 \u0259riz\u0259yl\u0259 m\u00fcraci\u0259t ed\u0259r\u0259k ona m\u0259xsus ot tayas\u0131n\u0131n \u015e\u00f6hr\u0259t Abs\u0259limov t\u0259r\u0259find\u0259n yand\u0131r\u0131ld\u0131\u011f\u0131n\u0131 deyib. M\u00fcraci\u0259t \u0259sas\u0131nda apar\u0131lan ara\u015fd\u0131rmalar zaman\u0131 hadis\u0259nin h\u0259qiq\u0259t\u0259n d\u0259 \u015e\u00f6hr\u0259t Abs\u0259limov t\u0259r\u0259find\u0259n t\u00f6r\u0259dilm\u0259si m\u0259lum olub:<\/p>\n\n\n\n<p>\u201cO, RP\u015e-nin inzibati binas\u0131na d\u0259v\u0259t olunub, \u0259m\u0259lini s\u0259mimi etiraf edib. \u015e\u00f6hr\u0259t Abs\u0259limov polis \u015f\u00f6b\u0259sin\u0259 g\u0259ldikd\u0259n sonra hadis\u0259ni ara\u015fd\u0131ran t\u0259hqiqat\u00e7\u0131n\u0131n xidm\u0259ti ota\u011f\u0131nda ondan \u015fikay\u0259t ed\u0259n \u015f\u0259xsin \u00fcnvan\u0131na nalayiq ifad\u0259l\u0259r i\u015fl\u0259tdiyin\u0259 g\u00f6r\u0259 bar\u0259sind\u0259 \u0130XM-nin m\u00fcvafiq madd\u0259sin\u0259 \u0259sas\u0259n protokol t\u0259rtib edilib.<\/p>\n\n\n\n<p>\u015e\u00f6hr\u0259t Abs\u0259limovun RP\u015e-d\u0259 ona t\u0259zyiq g\u00f6st\u0259rilm\u0259si il\u0259 ba\u011fl\u0131 s\u00f6yl\u0259diyi fikirl\u0259r is\u0259 t\u0259mam\u0259n yaland\u0131r v\u0259 m\u0259suliyy\u0259td\u0259n yay\u0131nmaq \u00fc\u00e7\u00fcnd\u00fcr\u201d, &#8211; D\u0130N Quba Regional Qrupundan veril\u0259n a\u00e7\u0131qlamada bel\u0259 qeyd olunub.<\/p>\n\n\n\n<p>\u015e\u00f6hr\u0259t Abs\u0259limovsa daxili i\u015fl\u0259r nazirind\u0259n v\u0259 bBa\u015f prokurordan ba\u015f\u0131na g\u0259l\u0259nl\u0259r\u0259 qar\u015f\u0131 bigan\u0259 qalmama\u011f\u0131 ist\u0259yir. Onu i\u015fg\u0259nc\u0259y\u0259 m\u0259ruz qoymu\u015f polisl\u0259rin c\u0259zaland\u0131r\u0131lmas\u0131n\u0131 t\u0259l\u0259b edir.<\/p>\n","protected":false},"excerpt":{"rendered":"<p>\u015e\u00f6hr\u0259t Abs\u0259limov ona i\u015fg\u0259nc\u0259 ver\u0259n polisl\u0259rin c\u0259zaland\u0131r\u0131lmas\u0131n\u0131 ist\u0259yir \u201cBa\u015f\u0131ma sellofan &#8230; <\/p>\n<p class=\"read-more-container\"><a title=\"Quba sakini: \u201cPolis \u015e\u00f6b\u0259sind\u0259 qollar\u0131ma qandal vurub, ba\u015f\u0131ma torba ke\u00e7irdil\u0259r, d\u00f6yd\u00fcl\u0259r\u201d\" class=\"read-more button\" href=\"https:\/\/www.meydan.tv\/az\/article\/quba-sakini-polis-sobesinde-qollarima-qandal-vurub-basima-torba-kecirdiler-doyduler\/#more-256284\" aria-label=\"Read more about Quba sakini: \u201cPolis \u015e\u00f6b\u0259sind\u0259 qollar\u0131ma qandal vurub, ba\u015f\u0131ma torba ke\u00e7irdil\u0259r, d\u00f6yd\u00fcl\u0259r\u201d\">Davam\u0131<\/a><\/p>\n","protected":false},"author":8,"featured_media":256281,"comment_status":"closed","ping_status":"closed","sticky":false,"template":"","format":"standard","meta":{"_acf_changed":false,"_sitemap_exclude":false,"_sitemap_priority":"","_sitemap_frequency":"","footnotes":""},"categories":[60,79,56],"tags":[],"class_list":["post-256284","post","type-post","status-publish","format-standard","has-post-thumbnail","hentry","category-bolge","category-featured","category-xeberler","infinite-scroll-item","generate-columns","tablet-grid-50","mobile-grid-100","grid-parent","grid-33","no-featured-image-padding"],"acf":[],"yoast_head":"<!-- This site is optimized with the Yoast SEO plugin v27.5 - https:\/\/yoast.com\/product\/yoast-seo-wordpress\/ -->\n<title>Quba sakini: \u201cPolis \u015e\u00f6b\u0259sind\u0259 qollar\u0131ma qandal vurub, ba\u015f\u0131ma torba ke\u00e7irdil\u0259r, d\u00f6yd\u00fcl\u0259r\u201d - MEYDAN.TV<\/title>\n<meta name=\"robots\" content=\"index, follow, max-snippet:-1, max-image-preview:large, max-video-preview:-1\" \/>\n<link rel=\"canonical\" href=\"https:\/\/www.meydan.tv\/az\/article\/quba-sakini-polis-sobesinde-qollarima-qandal-vurub-basima-torba-kecirdiler-doyduler\/\" \/>\n<meta property=\"og:locale\" content=\"az_AZ\" \/>\n<meta property=\"og:type\" content=\"article\" \/>\n<meta property=\"og:title\" content=\"Quba sakini: \u201cPolis \u015e\u00f6b\u0259sind\u0259 qollar\u0131ma qandal vurub, ba\u015f\u0131ma torba ke\u00e7irdil\u0259r, d\u00f6yd\u00fcl\u0259r\u201d - MEYDAN.TV\" \/>\n<meta property=\"og:description\" content=\"\u015e\u00f6hr\u0259t Abs\u0259limov ona i\u015fg\u0259nc\u0259 ver\u0259n polisl\u0259rin c\u0259zaland\u0131r\u0131lmas\u0131n\u0131 ist\u0259yir \u201cBa\u015f\u0131ma sellofan ... Davam\u0131\" \/>\n<meta property=\"og:url\" content=\"https:\/\/www.meydan.tv\/az\/article\/quba-sakini-polis-sobesinde-qollarima-qandal-vurub-basima-torba-kecirdiler-doyduler\/\" \/>\n<meta property=\"og:site_name\" content=\"MEYDAN.TV\" \/>\n<meta property=\"article:published_time\" content=\"2022-09-21T10:21:21+00:00\" \/>\n<meta property=\"article:modified_time\" content=\"2022-09-21T10:21:25+00:00\" \/>\n<meta property=\"og:image\" content=\"https:\/\/www.meydan.tv\/wp-content\/uploads\/untitled-design-7-17.jpg\" \/>\n\t<meta property=\"og:image:width\" content=\"1200\" \/>\n\t<meta property=\"og:image:height\" content=\"800\" \/>\n\t<meta property=\"og:image:type\" content=\"image\/jpeg\" \/>\n<meta name=\"author\" content=\"elli\" \/>\n<meta name=\"twitter:card\" content=\"summary_large_image\" \/>\n<meta name=\"twitter:creator\" content=\"@elli\" \/>\n<script type=\"application\/ld+json\" class=\"yoast-schema-graph\">{\"@context\":\"https:\\\/\\\/schema.org\",\"@graph\":[{\"@type\":\"Article\",\"@id\":\"https:\\\/\\\/www.meydan.tv\\\/az\\\/article\\\/quba-sakini-polis-sobesinde-qollarima-qandal-vurub-basima-torba-kecirdiler-doyduler\\\/#article\",\"isPartOf\":{\"@id\":\"https:\\\/\\\/www.meydan.tv\\\/az\\\/article\\\/quba-sakini-polis-sobesinde-qollarima-qandal-vurub-basima-torba-kecirdiler-doyduler\\\/\"},\"author\":{\"name\":\"elli\",\"@id\":\"https:\\\/\\\/www.meydan.tv\\\/az\\\/#\\\/schema\\\/person\\\/9cdbecf90d17180ce1dfbd95b08dcf47\"},\"headline\":\"Quba sakini: \u201cPolis \u015e\u00f6b\u0259sind\u0259 qollar\u0131ma qandal vurub, ba\u015f\u0131ma torba ke\u00e7irdil\u0259r, d\u00f6yd\u00fcl\u0259r\u201d\",\"datePublished\":\"2022-09-21T10:21:21+00:00\",\"dateModified\":\"2022-09-21T10:21:25+00:00\",\"mainEntityOfPage\":{\"@id\":\"https:\\\/\\\/www.meydan.tv\\\/az\\\/article\\\/quba-sakini-polis-sobesinde-qollarima-qandal-vurub-basima-torba-kecirdiler-doyduler\\\/\"},\"wordCount\":1106,\"publisher\":{\"@id\":\"https:\\\/\\\/www.meydan.tv\\\/az\\\/#organization\"},\"image\":{\"@id\":\"https:\\\/\\\/www.meydan.tv\\\/az\\\/article\\\/quba-sakini-polis-sobesinde-qollarima-qandal-vurub-basima-torba-kecirdiler-doyduler\\\/#primaryimage\"},\"thumbnailUrl\":\"https:\\\/\\\/www.meydan.tv\\\/wp-content\\\/uploads\\\/untitled-design-7-17.jpg\",\"articleSection\":[\"B\u00f6lg\u0259\",\"T\u00f6vsiy\u0259\",\"X\u0259b\u0259rl\u0259r\"],\"inLanguage\":\"az\"},{\"@type\":\"WebPage\",\"@id\":\"https:\\\/\\\/www.meydan.tv\\\/az\\\/article\\\/quba-sakini-polis-sobesinde-qollarima-qandal-vurub-basima-torba-kecirdiler-doyduler\\\/\",\"url\":\"https:\\\/\\\/www.meydan.tv\\\/az\\\/article\\\/quba-sakini-polis-sobesinde-qollarima-qandal-vurub-basima-torba-kecirdiler-doyduler\\\/\",\"name\":\"Quba sakini: \u201cPolis \u015e\u00f6b\u0259sind\u0259 qollar\u0131ma qandal vurub, ba\u015f\u0131ma torba ke\u00e7irdil\u0259r, d\u00f6yd\u00fcl\u0259r\u201d - MEYDAN.TV\",\"isPartOf\":{\"@id\":\"https:\\\/\\\/www.meydan.tv\\\/az\\\/#website\"},\"primaryImageOfPage\":{\"@id\":\"https:\\\/\\\/www.meydan.tv\\\/az\\\/article\\\/quba-sakini-polis-sobesinde-qollarima-qandal-vurub-basima-torba-kecirdiler-doyduler\\\/#primaryimage\"},\"image\":{\"@id\":\"https:\\\/\\\/www.meydan.tv\\\/az\\\/article\\\/quba-sakini-polis-sobesinde-qollarima-qandal-vurub-basima-torba-kecirdiler-doyduler\\\/#primaryimage\"},\"thumbnailUrl\":\"https:\\\/\\\/www.meydan.tv\\\/wp-content\\\/uploads\\\/untitled-design-7-17.jpg\",\"datePublished\":\"2022-09-21T10:21:21+00:00\",\"dateModified\":\"2022-09-21T10:21:25+00:00\",\"breadcrumb\":{\"@id\":\"https:\\\/\\\/www.meydan.tv\\\/az\\\/article\\\/quba-sakini-polis-sobesinde-qollarima-qandal-vurub-basima-torba-kecirdiler-doyduler\\\/#breadcrumb\"},\"inLanguage\":\"az\",\"potentialAction\":[{\"@type\":\"ReadAction\",\"target\":[\"https:\\\/\\\/www.meydan.tv\\\/az\\\/article\\\/quba-sakini-polis-sobesinde-qollarima-qandal-vurub-basima-torba-kecirdiler-doyduler\\\/\"]}]},{\"@type\":\"ImageObject\",\"inLanguage\":\"az\",\"@id\":\"https:\\\/\\\/www.meydan.tv\\\/az\\\/article\\\/quba-sakini-polis-sobesinde-qollarima-qandal-vurub-basima-torba-kecirdiler-doyduler\\\/#primaryimage\",\"url\":\"https:\\\/\\\/www.meydan.tv\\\/wp-content\\\/uploads\\\/untitled-design-7-17.jpg\",\"contentUrl\":\"https:\\\/\\\/www.meydan.tv\\\/wp-content\\\/uploads\\\/untitled-design-7-17.jpg\",\"width\":1200,\"height\":800,\"caption\":\"\u015e\u00f6hr\u0259t Abs\u0259limov. Foto: Meydan TV\"},{\"@type\":\"BreadcrumbList\",\"@id\":\"https:\\\/\\\/www.meydan.tv\\\/az\\\/article\\\/quba-sakini-polis-sobesinde-qollarima-qandal-vurub-basima-torba-kecirdiler-doyduler\\\/#breadcrumb\",\"itemListElement\":[{\"@type\":\"ListItem\",\"position\":1,\"name\":\"Ana s\u0259hif\u0259\",\"item\":\"https:\\\/\\\/www.meydan.tv\\\/az\\\/\"},{\"@type\":\"ListItem\",\"position\":2,\"name\":\"B\u00f6lg\u0259\",\"item\":\"https:\\\/\\\/www.meydan.tv\\\/az\\\/section\\\/bolge\\\/\"},{\"@type\":\"ListItem\",\"position\":3,\"name\":\"Quba sakini: \u201cPolis \u015e\u00f6b\u0259sind\u0259 qollar\u0131ma qandal vurub, ba\u015f\u0131ma torba ke\u00e7irdil\u0259r, d\u00f6yd\u00fcl\u0259r\u201d\"}]},{\"@type\":\"WebSite\",\"@id\":\"https:\\\/\\\/www.meydan.tv\\\/az\\\/#website\",\"url\":\"https:\\\/\\\/www.meydan.tv\\\/az\\\/\",\"name\":\"MEYDAN.TV\",\"description\":\"Meydan TV Az\u0259rbaycan\u0131n media m\u0259kan\u0131ndak\u0131 alternativ s\u0259sidir\",\"publisher\":{\"@id\":\"https:\\\/\\\/www.meydan.tv\\\/az\\\/#organization\"},\"potentialAction\":[{\"@type\":\"SearchAction\",\"target\":{\"@type\":\"EntryPoint\",\"urlTemplate\":\"https:\\\/\\\/www.meydan.tv\\\/az\\\/?s={search_term_string}\"},\"query-input\":{\"@type\":\"PropertyValueSpecification\",\"valueRequired\":true,\"valueName\":\"search_term_string\"}}],\"inLanguage\":\"az\"},{\"@type\":\"Organization\",\"@id\":\"https:\\\/\\\/www.meydan.tv\\\/az\\\/#organization\",\"name\":\"Meydan TV\",\"url\":\"https:\\\/\\\/www.meydan.tv\\\/az\\\/\",\"logo\":{\"@type\":\"ImageObject\",\"inLanguage\":\"az\",\"@id\":\"https:\\\/\\\/www.meydan.tv\\\/az\\\/#\\\/schema\\\/logo\\\/image\\\/\",\"url\":\"https:\\\/\\\/www.meydan.tv\\\/wp-content\\\/uploads\\\/2021\\\/07\\\/meydan-logo.svg\",\"contentUrl\":\"https:\\\/\\\/www.meydan.tv\\\/wp-content\\\/uploads\\\/2021\\\/07\\\/meydan-logo.svg\",\"width\":195,\"height\":46,\"caption\":\"Meydan TV\"},\"image\":{\"@id\":\"https:\\\/\\\/www.meydan.tv\\\/az\\\/#\\\/schema\\\/logo\\\/image\\\/\"}},{\"@type\":\"Person\",\"@id\":\"https:\\\/\\\/www.meydan.tv\\\/az\\\/#\\\/schema\\\/person\\\/9cdbecf90d17180ce1dfbd95b08dcf47\",\"name\":\"elli\",\"sameAs\":[\"https:\\\/\\\/x.com\\\/elli\"]}]}<\/script>\n<!-- \/ Yoast SEO plugin. -->","yoast_head_json":{"title":"Quba sakini: \u201cPolis \u015e\u00f6b\u0259sind\u0259 qollar\u0131ma qandal vurub, ba\u015f\u0131ma torba ke\u00e7irdil\u0259r, d\u00f6yd\u00fcl\u0259r\u201d - MEYDAN.TV","robots":{"index":"index","follow":"follow","max-snippet":"max-snippet:-1","max-image-preview":"max-image-preview:large","max-video-preview":"max-video-preview:-1"},"canonical":"https:\/\/www.meydan.tv\/az\/article\/quba-sakini-polis-sobesinde-qollarima-qandal-vurub-basima-torba-kecirdiler-doyduler\/","og_locale":"az_AZ","og_type":"article","og_title":"Quba sakini: \u201cPolis \u015e\u00f6b\u0259sind\u0259 qollar\u0131ma qandal vurub, ba\u015f\u0131ma torba ke\u00e7irdil\u0259r, d\u00f6yd\u00fcl\u0259r\u201d - MEYDAN.TV","og_description":"\u015e\u00f6hr\u0259t Abs\u0259limov ona i\u015fg\u0259nc\u0259 ver\u0259n polisl\u0259rin c\u0259zaland\u0131r\u0131lmas\u0131n\u0131 ist\u0259yir \u201cBa\u015f\u0131ma sellofan ... Davam\u0131","og_url":"https:\/\/www.meydan.tv\/az\/article\/quba-sakini-polis-sobesinde-qollarima-qandal-vurub-basima-torba-kecirdiler-doyduler\/","og_site_name":"MEYDAN.TV","article_published_time":"2022-09-21T10:21:21+00:00","article_modified_time":"2022-09-21T10:21:25+00:00","og_image":[{"width":1200,"height":800,"url":"https:\/\/www.meydan.tv\/wp-content\/uploads\/untitled-design-7-17.jpg","type":"image\/jpeg"}],"author":"elli","twitter_card":"summary_large_image","twitter_creator":"@elli","schema":{"@context":"https:\/\/schema.org","@graph":[{"@type":"Article","@id":"https:\/\/www.meydan.tv\/az\/article\/quba-sakini-polis-sobesinde-qollarima-qandal-vurub-basima-torba-kecirdiler-doyduler\/#article","isPartOf":{"@id":"https:\/\/www.meydan.tv\/az\/article\/quba-sakini-polis-sobesinde-qollarima-qandal-vurub-basima-torba-kecirdiler-doyduler\/"},"author":{"name":"elli","@id":"https:\/\/www.meydan.tv\/az\/#\/schema\/person\/9cdbecf90d17180ce1dfbd95b08dcf47"},"headline":"Quba sakini: \u201cPolis \u015e\u00f6b\u0259sind\u0259 qollar\u0131ma qandal vurub, ba\u015f\u0131ma torba ke\u00e7irdil\u0259r, d\u00f6yd\u00fcl\u0259r\u201d","datePublished":"2022-09-21T10:21:21+00:00","dateModified":"2022-09-21T10:21:25+00:00","mainEntityOfPage":{"@id":"https:\/\/www.meydan.tv\/az\/article\/quba-sakini-polis-sobesinde-qollarima-qandal-vurub-basima-torba-kecirdiler-doyduler\/"},"wordCount":1106,"publisher":{"@id":"https:\/\/www.meydan.tv\/az\/#organization"},"image":{"@id":"https:\/\/www.meydan.tv\/az\/article\/quba-sakini-polis-sobesinde-qollarima-qandal-vurub-basima-torba-kecirdiler-doyduler\/#primaryimage"},"thumbnailUrl":"https:\/\/www.meydan.tv\/wp-content\/uploads\/untitled-design-7-17.jpg","articleSection":["B\u00f6lg\u0259","T\u00f6vsiy\u0259","X\u0259b\u0259rl\u0259r"],"inLanguage":"az"},{"@type":"WebPage","@id":"https:\/\/www.meydan.tv\/az\/article\/quba-sakini-polis-sobesinde-qollarima-qandal-vurub-basima-torba-kecirdiler-doyduler\/","url":"https:\/\/www.meydan.tv\/az\/article\/quba-sakini-polis-sobesinde-qollarima-qandal-vurub-basima-torba-kecirdiler-doyduler\/","name":"Quba sakini: \u201cPolis \u015e\u00f6b\u0259sind\u0259 qollar\u0131ma qandal vurub, ba\u015f\u0131ma torba ke\u00e7irdil\u0259r, d\u00f6yd\u00fcl\u0259r\u201d - MEYDAN.TV","isPartOf":{"@id":"https:\/\/www.meydan.tv\/az\/#website"},"primaryImageOfPage":{"@id":"https:\/\/www.meydan.tv\/az\/article\/quba-sakini-polis-sobesinde-qollarima-qandal-vurub-basima-torba-kecirdiler-doyduler\/#primaryimage"},"image":{"@id":"https:\/\/www.meydan.tv\/az\/article\/quba-sakini-polis-sobesinde-qollarima-qandal-vurub-basima-torba-kecirdiler-doyduler\/#primaryimage"},"thumbnailUrl":"https:\/\/www.meydan.tv\/wp-content\/uploads\/untitled-design-7-17.jpg","datePublished":"2022-09-21T10:21:21+00:00","dateModified":"2022-09-21T10:21:25+00:00","breadcrumb":{"@id":"https:\/\/www.meydan.tv\/az\/article\/quba-sakini-polis-sobesinde-qollarima-qandal-vurub-basima-torba-kecirdiler-doyduler\/#breadcrumb"},"inLanguage":"az","potentialAction":[{"@type":"ReadAction","target":["https:\/\/www.meydan.tv\/az\/article\/quba-sakini-polis-sobesinde-qollarima-qandal-vurub-basima-torba-kecirdiler-doyduler\/"]}]},{"@type":"ImageObject","inLanguage":"az","@id":"https:\/\/www.meydan.tv\/az\/article\/quba-sakini-polis-sobesinde-qollarima-qandal-vurub-basima-torba-kecirdiler-doyduler\/#primaryimage","url":"https:\/\/www.meydan.tv\/wp-content\/uploads\/untitled-design-7-17.jpg","contentUrl":"https:\/\/www.meydan.tv\/wp-content\/uploads\/untitled-design-7-17.jpg","width":1200,"height":800,"caption":"\u015e\u00f6hr\u0259t Abs\u0259limov. Foto: Meydan TV"},{"@type":"BreadcrumbList","@id":"https:\/\/www.meydan.tv\/az\/article\/quba-sakini-polis-sobesinde-qollarima-qandal-vurub-basima-torba-kecirdiler-doyduler\/#breadcrumb","itemListElement":[{"@type":"ListItem","position":1,"name":"Ana s\u0259hif\u0259","item":"https:\/\/www.meydan.tv\/az\/"},{"@type":"ListItem","position":2,"name":"B\u00f6lg\u0259","item":"https:\/\/www.meydan.tv\/az\/section\/bolge\/"},{"@type":"ListItem","position":3,"name":"Quba sakini: \u201cPolis \u015e\u00f6b\u0259sind\u0259 qollar\u0131ma qandal vurub, ba\u015f\u0131ma torba ke\u00e7irdil\u0259r, d\u00f6yd\u00fcl\u0259r\u201d"}]},{"@type":"WebSite","@id":"https:\/\/www.meydan.tv\/az\/#website","url":"https:\/\/www.meydan.tv\/az\/","name":"MEYDAN.TV","description":"Meydan TV Az\u0259rbaycan\u0131n media m\u0259kan\u0131ndak\u0131 alternativ s\u0259sidir","publisher":{"@id":"https:\/\/www.meydan.tv\/az\/#organization"},"potentialAction":[{"@type":"SearchAction","target":{"@type":"EntryPoint","urlTemplate":"https:\/\/www.meydan.tv\/az\/?s={search_term_string}"},"query-input":{"@type":"PropertyValueSpecification","valueRequired":true,"valueName":"search_term_string"}}],"inLanguage":"az"},{"@type":"Organization","@id":"https:\/\/www.meydan.tv\/az\/#organization","name":"Meydan TV","url":"https:\/\/www.meydan.tv\/az\/","logo":{"@type":"ImageObject","inLanguage":"az","@id":"https:\/\/www.meydan.tv\/az\/#\/schema\/logo\/image\/","url":"https:\/\/www.meydan.tv\/wp-content\/uploads\/2021\/07\/meydan-logo.svg","contentUrl":"https:\/\/www.meydan.tv\/wp-content\/uploads\/2021\/07\/meydan-logo.svg","width":195,"height":46,"caption":"Meydan TV"},"image":{"@id":"https:\/\/www.meydan.tv\/az\/#\/schema\/logo\/image\/"}},{"@type":"Person","@id":"https:\/\/www.meydan.tv\/az\/#\/schema\/person\/9cdbecf90d17180ce1dfbd95b08dcf47","name":"elli","sameAs":["https:\/\/x.com\/elli"]}]}},"_links":{"self":[{"href":"https:\/\/www.meydan.tv\/az\/wp-json\/wp\/v2\/posts\/256284","targetHints":{"allow":["GET"]}}],"collection":[{"href":"https:\/\/www.meydan.tv\/az\/wp-json\/wp\/v2\/posts"}],"about":[{"href":"https:\/\/www.meydan.tv\/az\/wp-json\/wp\/v2\/types\/post"}],"author":[{"embeddable":true,"href":"https:\/\/www.meydan.tv\/az\/wp-json\/wp\/v2\/users\/8"}],"replies":[{"embeddable":true,"href":"https:\/\/www.meydan.tv\/az\/wp-json\/wp\/v2\/comments?post=256284"}],"version-history":[{"count":1,"href":"https:\/\/www.meydan.tv\/az\/wp-json\/wp\/v2\/posts\/256284\/revisions"}],"predecessor-version":[{"id":256285,"href":"https:\/\/www.meydan.tv\/az\/wp-json\/wp\/v2\/posts\/256284\/revisions\/256285"}],"wp:featuredmedia":[{"embeddable":true,"href":"https:\/\/www.meydan.tv\/az\/wp-json\/wp\/v2\/media\/256281"}],"wp:attachment":[{"href":"https:\/\/www.meydan.tv\/az\/wp-json\/wp\/v2\/media?parent=256284"}],"wp:term":[{"taxonomy":"category","embeddable":true,"href":"https:\/\/www.meydan.tv\/az\/wp-json\/wp\/v2\/categories?post=256284"},{"taxonomy":"post_tag","embeddable":true,"href":"https:\/\/www.meydan.tv\/az\/wp-json\/wp\/v2\/tags?post=256284"}],"curies":[{"name":"wp","href":"https:\/\/api.w.org\/{rel}","templated":true}]}}