{"id":256274,"date":"2022-09-21T14:08:47","date_gmt":"2022-09-21T10:08:47","guid":{"rendered":"https:\/\/www.meydan.tv\/?p=256274"},"modified":"2022-09-21T14:08:49","modified_gmt":"2022-09-21T10:08:49","slug":"qobuqiragi-sakinleri-20-ilden-coxdur-ki-torpaqlarimiza-sened-ala-bilmirik","status":"publish","type":"post","link":"https:\/\/www.meydan.tv\/az\/article\/qobuqiragi-sakinleri-20-ilden-coxdur-ki-torpaqlarimiza-sened-ala-bilmirik\/","title":{"rendered":"Qobuq\u0131ra\u011f\u0131 sakinl\u0259ri: \u201c20 ild\u0259n \u00e7oxdur ki, torpaqlar\u0131m\u0131za s\u0259n\u0259d ala bilmirik\u201d"},"content":{"rendered":"\n<p><\/p>\n\n\n\n<p><em>\u201c\u0130ll\u0259rdir ki, iki qurum aras\u0131nda qalm\u0131\u015f\u0131q\u201d<\/em><\/p>\n\n\n\n<p>\u201cBir \u00f6lk\u0259 g\u00f6st\u0259rin ki, o \u00f6lk\u0259d\u0259 v\u0259t\u0259nda\u015f 20-25 ildir d\u00f6vl\u0259tin verdiyi torpa\u011fa m\u00fclkiyy\u0259t h\u00fcququ \u0259ld\u0259 etm\u0259k \u00fc\u00e7\u00fcn qurumlar aras\u0131nda qals\u0131n\u2026 25 il\u0259 yax\u0131nd\u0131r torpaqlar\u0131m\u0131z\u0131 s\u0259n\u0259dl\u0259\u015fdir\u0259 bilmirik. Torpa\u011f\u0131n sxem-x\u0259rit\u0259sin\u0259 g\u00f6r\u0259 b\u0259l\u0259diyy\u0259 m\u0259s\u0259l\u0259ni D\u00f6vl\u0259t Reyestr Xidm\u0259tinin \u00fcst\u00fcn\u0259 at\u0131r, gedirik ora, onlar da at\u0131r b\u0259l\u0259diyy\u0259nin \u00fcst\u00fcn\u0259, qalm\u0131\u015f\u0131q ortada\u2026\u201d<\/p>\n\n\n\n<p>Uzun ill\u0259rdir Xa\u00e7mazdak\u0131 Qobuq\u0131ra\u011f\u0131 ya\u015fay\u0131\u015f massivind\u0259 torpaq sah\u0259si olan T\u0259rlan Tahirov h\u0259l\u0259 d\u0259 torpa\u011f\u0131n\u0131n sahibi deyil. O, istifad\u0259sind\u0259 olan torpaq sah\u0259sin\u0259 m\u00fclkiyy\u0259t \u015f\u0259had\u0259tnam\u0259si ala bilm\u0259m\u0259sinin s\u0259b\u0259bl\u0259rind\u0259n dan\u0131\u015f\u0131r.<\/p>\n\n\n\n<p><strong>Y\u00fczl\u0259rl\u0259 v\u0259t\u0259nda\u015f s\u0259n\u0259d ala bilmir<\/strong><\/p>\n\n\n\n<p>T\u0259rlan Tahirov deyir, bu \u0259razid\u0259ki torpaq sah\u0259l\u0259ri 1996-c\u0131 ild\u0259n v\u0259t\u0259nda\u015flara icra hakimiyy\u0259tinin s\u0259r\u0259ncamlar\u0131yla verilib. Ancaq h\u0259l\u0259 d\u0259 torpaq \u00fcz\u0259rind\u0259 m\u00fclkiyy\u0259t\u00e7i deyill\u0259r. Y\u00fczl\u0259rl\u0259 v\u0259t\u0259nda\u015f torpa\u011fa s\u0259n\u0259d \u0259ld\u0259 ed\u0259 bilmir:<\/p>\n\n\n\n<p>\u201cDa\u015f\u0131nmaz \u018fmlak\u0131n D\u00f6vl\u0259t Reyestr Xidm\u0259tind\u0259 bizd\u0259n torpaqlar\u0131m\u0131z\u0131n sxematik x\u0259rit\u0259l\u0259rini ist\u0259yirl\u0259r. Deyirl\u0259r, bu x\u0259rit\u0259ni Xa\u00e7maz \u015e\u0259h\u0259r B\u0259l\u0259diyy\u0259si verm\u0259lidir. Ancaq b\u0259l\u0259diyy\u0259 \u00fcz\u0259rind\u0259n at\u0131r. X\u0259rit\u0259l\u0259rimiz verilm\u0259diyi \u00fc\u00e7\u00fcn Reyestr Xidm\u0259ti torpaq sah\u0259l\u0259rinin m\u00fclkiyy\u0259t formas\u0131n\u0131 tan\u0131m\u0131r. \u0130ki qurum aras\u0131nda qalm\u0131\u015f\u0131q, d\u0259rdimiz\u0259 \u00e7ar\u0259 axtar\u0131r\u0131q\u201d.<\/p>\n\n\n\n<p>\u201c<strong>Bu i\u015f d\u00fcy\u00fcn\u0259 d\u00fc\u015f\u00fcb\u201d<\/strong><\/p>\n\n\n\n<p>Az\u0259r Tahirov da ill\u0259rdir ki, eyni probleml\u0259 qar\u015f\u0131la\u015f\u0131b. \u0130stifad\u0259sind\u0259ki 4 sot torpaq sah\u0259sin\u0259 m\u00fclkiyy\u0259t \u015f\u0259had\u0259tnam\u0259si ala bilmir:<\/p>\n\n\n\n<p>\u201cQusarda, Qubada, \u015eabranda, Siy\u0259z\u0259nd\u0259 bu sxematik x\u0259rit\u0259l\u0259ri v\u0259t\u0259nda\u015flara \u015f\u0259h\u0259r b\u0259l\u0259diyy\u0259si verib. Birc\u0259 Xa\u00e7mazda bu i\u015f d\u00fcy\u00fcn\u0259 d\u00fc\u015f\u00fcb. \u0130ll\u0259rdir ki, iki qurum aras\u0131nda qalm\u0131\u015f\u0131q. N\u0259tic\u0259d\u0259 torpaqlar\u0131m\u0131z \u00fcz\u0259rind\u0259 h\u0259r hans\u0131 \u0259m\u0259liyyatlar apara bilmirik, \u00e7\u00fcnki h\u0259min torpaqlara m\u00fclkiyy\u0259t\u00e7i h\u00fcququmuzu tan\u0131dan s\u0259n\u0259dimiz yoxdur\u201d.<\/p>\n\n\n\n<p>Xa\u00e7maz \u015e\u0259h\u0259r B\u0259l\u0259diyy\u0259sind\u0259n is\u0259 Meydan TV-y\u0259 bildirilib ki, bar\u0259sind\u0259 dan\u0131\u015f\u0131lan torpaqlar b\u0259l\u0259diyy\u0259 torpaqlar\u0131 deyil. Torpaqlar v\u0259t\u0259nda\u015flara 1996-c\u0131 ild\u0259 Xa\u00e7maz \u015e\u0259h\u0259r \u0130cra Hakimiyy\u0259tinin s\u0259r\u0259ncam\u0131yla verilib. B\u0259l\u0259diyy\u0259l\u0259rs\u0259 1999-cu ild\u0259 yarad\u0131l\u0131b. Torpa\u011f\u0131n kim\u0259 m\u0259xsus olma\u011f\u0131, harda yerl\u0259\u015fm\u0259si bar\u0259d\u0259 b\u0259l\u0259diyy\u0259d\u0259 he\u00e7 bir m\u0259lumat yoxdur.<\/p>\n\n\n\n<p>D\u00f6vl\u0259t Reyestr Xidm\u0259tind\u0259ns\u0259 Xa\u00e7maz\u0131n Qobuq\u0131ra\u011f\u0131 \u0259razisind\u0259ki torpaqlarla ba\u011fl\u0131 qeyd olunan m\u0259s\u0259l\u0259yl\u0259 \u0259laq\u0259dar v\u0259t\u0259nda\u015f m\u00fcraci\u0259tl\u0259rinin daxil olmad\u0131\u011f\u0131 bildirilib:<\/p>\n\n\n\n<p>\u201cAra\u015fd\u0131r\u0131lmal\u0131d\u0131r, s\u0259n\u0259dl\u0259ri g\u00f6rm\u0259d\u0259n he\u00e7 n\u0259 dem\u0259k olmaz, r\u0259smi m\u00fcraci\u0259t etsinl\u0259r\u201d.<\/p>\n\n\n\n<p>H\u00fcquq\u015f\u00fcnas Namiz\u0259d S\u0259f\u0259rov deyir, \u00fcmumiyy\u0259tl\u0259, torpaqlar\u0131n sxem-x\u0259rit\u0259sini n\u0259 b\u0259l\u0259diyy\u0259l\u0259r, n\u0259 d\u0259 icra hakimiyy\u0259tl\u0259ri verir. Bu m\u0259s\u0259l\u0259 D\u00f6vl\u0259t Reyetr Xidm\u0259tin\u0259 aiddir:<\/p>\n\n\n\n<p>\u201cBu, \u00e7ox sad\u0259 bir prosesdir. V\u0259t\u0259nda\u015f \u0259riz\u0259yl\u0259 m\u00fcraci\u0259t edir, qurumdan g\u00f6nd\u0259ril\u0259n m\u00fch\u0259ndis torpaq sah\u0259sind\u0259 \u00f6l\u00e7\u00fcl\u0259ri g\u00f6t\u00fcr\u00fcr, s\u0259rh\u0259dl\u0259rini m\u00fc\u0259yy\u0259nl\u0259\u015fdirir, x\u0259rit\u0259ni haz\u0131rlay\u0131r, v\u0259t\u0259nda\u015f r\u00fcsum \u00f6d\u0259y\u0259r\u0259k o x\u0259rit\u0259ni al\u0131r v\u0259 s\u0259n\u0259dl\u0259riyl\u0259 birlikd\u0259 t\u0259qdim edir\u201d.<\/p>\n\n\n\n<p>H\u00fcquq\u015f\u00fcnas bildirib ki, v\u0259t\u0259nda\u015flar yax\u0131nl\u0131qlar\u0131ndak\u0131 ASAN Xidm\u0259t\u0259 yax\u0131nla\u015f\u0131b, bu m\u0259s\u0259l\u0259l\u0259rl\u0259 m\u0259\u015f\u011ful olan b\u00f6lm\u0259d\u0259n daha \u0259trafl\u0131 m\u0259lumat ala bil\u0259rl\u0259r.<\/p>\n","protected":false},"excerpt":{"rendered":"<p>\u201c\u0130ll\u0259rdir ki, iki qurum aras\u0131nda qalm\u0131\u015f\u0131q\u201d \u201cBir \u00f6lk\u0259 g\u00f6st\u0259rin ki, &#8230; <\/p>\n<p class=\"read-more-container\"><a title=\"Qobuq\u0131ra\u011f\u0131 sakinl\u0259ri: \u201c20 ild\u0259n \u00e7oxdur ki, torpaqlar\u0131m\u0131za s\u0259n\u0259d ala bilmirik\u201d\" class=\"read-more button\" href=\"https:\/\/www.meydan.tv\/az\/article\/qobuqiragi-sakinleri-20-ilden-coxdur-ki-torpaqlarimiza-sened-ala-bilmirik\/#more-256274\" aria-label=\"Read more about Qobuq\u0131ra\u011f\u0131 sakinl\u0259ri: \u201c20 ild\u0259n \u00e7oxdur ki, torpaqlar\u0131m\u0131za s\u0259n\u0259d ala bilmirik\u201d\">Davam\u0131<\/a><\/p>\n","protected":false},"author":8,"featured_media":256271,"comment_status":"closed","ping_status":"closed","sticky":false,"template":"","format":"standard","meta":{"_acf_changed":false,"_sitemap_exclude":false,"_sitemap_priority":"","_sitemap_frequency":"","footnotes":""},"categories":[60,56],"tags":[],"class_list":["post-256274","post","type-post","status-publish","format-standard","has-post-thumbnail","hentry","category-bolge","category-xeberler","infinite-scroll-item","generate-columns","tablet-grid-50","mobile-grid-100","grid-parent","grid-33","no-featured-image-padding"],"acf":[],"yoast_head":"<!-- This site is optimized with the Yoast SEO plugin v27.5 - https:\/\/yoast.com\/product\/yoast-seo-wordpress\/ -->\n<title>Qobuq\u0131ra\u011f\u0131 sakinl\u0259ri: \u201c20 ild\u0259n \u00e7oxdur ki, torpaqlar\u0131m\u0131za s\u0259n\u0259d ala bilmirik\u201d - MEYDAN.TV<\/title>\n<meta name=\"robots\" content=\"index, follow, max-snippet:-1, max-image-preview:large, max-video-preview:-1\" \/>\n<link rel=\"canonical\" href=\"https:\/\/www.meydan.tv\/az\/article\/qobuqiragi-sakinleri-20-ilden-coxdur-ki-torpaqlarimiza-sened-ala-bilmirik\/\" \/>\n<meta property=\"og:locale\" content=\"az_AZ\" \/>\n<meta property=\"og:type\" content=\"article\" \/>\n<meta property=\"og:title\" content=\"Qobuq\u0131ra\u011f\u0131 sakinl\u0259ri: \u201c20 ild\u0259n \u00e7oxdur ki, torpaqlar\u0131m\u0131za s\u0259n\u0259d ala bilmirik\u201d - MEYDAN.TV\" \/>\n<meta property=\"og:description\" content=\"\u201c\u0130ll\u0259rdir ki, iki qurum aras\u0131nda qalm\u0131\u015f\u0131q\u201d \u201cBir \u00f6lk\u0259 g\u00f6st\u0259rin ki, ... Davam\u0131\" \/>\n<meta property=\"og:url\" content=\"https:\/\/www.meydan.tv\/az\/article\/qobuqiragi-sakinleri-20-ilden-coxdur-ki-torpaqlarimiza-sened-ala-bilmirik\/\" \/>\n<meta property=\"og:site_name\" content=\"MEYDAN.TV\" \/>\n<meta property=\"article:published_time\" content=\"2022-09-21T10:08:47+00:00\" \/>\n<meta property=\"article:modified_time\" content=\"2022-09-21T10:08:49+00:00\" \/>\n<meta property=\"og:image\" content=\"https:\/\/www.meydan.tv\/wp-content\/uploads\/photo-2022-09-21-11-51-35-e1663754918467.jpg\" \/>\n\t<meta property=\"og:image:width\" content=\"1200\" \/>\n\t<meta property=\"og:image:height\" content=\"540\" \/>\n\t<meta property=\"og:image:type\" content=\"image\/jpeg\" \/>\n<meta name=\"author\" content=\"elli\" \/>\n<meta name=\"twitter:card\" content=\"summary_large_image\" \/>\n<meta name=\"twitter:creator\" content=\"@elli\" \/>\n<script type=\"application\/ld+json\" class=\"yoast-schema-graph\">{\"@context\":\"https:\\\/\\\/schema.org\",\"@graph\":[{\"@type\":\"Article\",\"@id\":\"https:\\\/\\\/www.meydan.tv\\\/az\\\/article\\\/qobuqiragi-sakinleri-20-ilden-coxdur-ki-torpaqlarimiza-sened-ala-bilmirik\\\/#article\",\"isPartOf\":{\"@id\":\"https:\\\/\\\/www.meydan.tv\\\/az\\\/article\\\/qobuqiragi-sakinleri-20-ilden-coxdur-ki-torpaqlarimiza-sened-ala-bilmirik\\\/\"},\"author\":{\"name\":\"elli\",\"@id\":\"https:\\\/\\\/www.meydan.tv\\\/az\\\/#\\\/schema\\\/person\\\/9cdbecf90d17180ce1dfbd95b08dcf47\"},\"headline\":\"Qobuq\u0131ra\u011f\u0131 sakinl\u0259ri: \u201c20 ild\u0259n \u00e7oxdur ki, torpaqlar\u0131m\u0131za s\u0259n\u0259d ala bilmirik\u201d\",\"datePublished\":\"2022-09-21T10:08:47+00:00\",\"dateModified\":\"2022-09-21T10:08:49+00:00\",\"mainEntityOfPage\":{\"@id\":\"https:\\\/\\\/www.meydan.tv\\\/az\\\/article\\\/qobuqiragi-sakinleri-20-ilden-coxdur-ki-torpaqlarimiza-sened-ala-bilmirik\\\/\"},\"wordCount\":698,\"publisher\":{\"@id\":\"https:\\\/\\\/www.meydan.tv\\\/az\\\/#organization\"},\"image\":{\"@id\":\"https:\\\/\\\/www.meydan.tv\\\/az\\\/article\\\/qobuqiragi-sakinleri-20-ilden-coxdur-ki-torpaqlarimiza-sened-ala-bilmirik\\\/#primaryimage\"},\"thumbnailUrl\":\"https:\\\/\\\/www.meydan.tv\\\/wp-content\\\/uploads\\\/photo-2022-09-21-11-51-35-e1663754918467.jpg\",\"articleSection\":[\"B\u00f6lg\u0259\",\"X\u0259b\u0259rl\u0259r\"],\"inLanguage\":\"az\"},{\"@type\":\"WebPage\",\"@id\":\"https:\\\/\\\/www.meydan.tv\\\/az\\\/article\\\/qobuqiragi-sakinleri-20-ilden-coxdur-ki-torpaqlarimiza-sened-ala-bilmirik\\\/\",\"url\":\"https:\\\/\\\/www.meydan.tv\\\/az\\\/article\\\/qobuqiragi-sakinleri-20-ilden-coxdur-ki-torpaqlarimiza-sened-ala-bilmirik\\\/\",\"name\":\"Qobuq\u0131ra\u011f\u0131 sakinl\u0259ri: \u201c20 ild\u0259n \u00e7oxdur ki, torpaqlar\u0131m\u0131za s\u0259n\u0259d ala bilmirik\u201d - MEYDAN.TV\",\"isPartOf\":{\"@id\":\"https:\\\/\\\/www.meydan.tv\\\/az\\\/#website\"},\"primaryImageOfPage\":{\"@id\":\"https:\\\/\\\/www.meydan.tv\\\/az\\\/article\\\/qobuqiragi-sakinleri-20-ilden-coxdur-ki-torpaqlarimiza-sened-ala-bilmirik\\\/#primaryimage\"},\"image\":{\"@id\":\"https:\\\/\\\/www.meydan.tv\\\/az\\\/article\\\/qobuqiragi-sakinleri-20-ilden-coxdur-ki-torpaqlarimiza-sened-ala-bilmirik\\\/#primaryimage\"},\"thumbnailUrl\":\"https:\\\/\\\/www.meydan.tv\\\/wp-content\\\/uploads\\\/photo-2022-09-21-11-51-35-e1663754918467.jpg\",\"datePublished\":\"2022-09-21T10:08:47+00:00\",\"dateModified\":\"2022-09-21T10:08:49+00:00\",\"breadcrumb\":{\"@id\":\"https:\\\/\\\/www.meydan.tv\\\/az\\\/article\\\/qobuqiragi-sakinleri-20-ilden-coxdur-ki-torpaqlarimiza-sened-ala-bilmirik\\\/#breadcrumb\"},\"inLanguage\":\"az\",\"potentialAction\":[{\"@type\":\"ReadAction\",\"target\":[\"https:\\\/\\\/www.meydan.tv\\\/az\\\/article\\\/qobuqiragi-sakinleri-20-ilden-coxdur-ki-torpaqlarimiza-sened-ala-bilmirik\\\/\"]}]},{\"@type\":\"ImageObject\",\"inLanguage\":\"az\",\"@id\":\"https:\\\/\\\/www.meydan.tv\\\/az\\\/article\\\/qobuqiragi-sakinleri-20-ilden-coxdur-ki-torpaqlarimiza-sened-ala-bilmirik\\\/#primaryimage\",\"url\":\"https:\\\/\\\/www.meydan.tv\\\/wp-content\\\/uploads\\\/photo-2022-09-21-11-51-35-e1663754918467.jpg\",\"contentUrl\":\"https:\\\/\\\/www.meydan.tv\\\/wp-content\\\/uploads\\\/photo-2022-09-21-11-51-35-e1663754918467.jpg\",\"width\":1200,\"height\":540,\"caption\":\"T\u0259rlan Tahirov. Foto: Meydan TV\"},{\"@type\":\"BreadcrumbList\",\"@id\":\"https:\\\/\\\/www.meydan.tv\\\/az\\\/article\\\/qobuqiragi-sakinleri-20-ilden-coxdur-ki-torpaqlarimiza-sened-ala-bilmirik\\\/#breadcrumb\",\"itemListElement\":[{\"@type\":\"ListItem\",\"position\":1,\"name\":\"Ana s\u0259hif\u0259\",\"item\":\"https:\\\/\\\/www.meydan.tv\\\/az\\\/\"},{\"@type\":\"ListItem\",\"position\":2,\"name\":\"B\u00f6lg\u0259\",\"item\":\"https:\\\/\\\/www.meydan.tv\\\/az\\\/section\\\/bolge\\\/\"},{\"@type\":\"ListItem\",\"position\":3,\"name\":\"Qobuq\u0131ra\u011f\u0131 sakinl\u0259ri: \u201c20 ild\u0259n \u00e7oxdur ki, torpaqlar\u0131m\u0131za s\u0259n\u0259d ala bilmirik\u201d\"}]},{\"@type\":\"WebSite\",\"@id\":\"https:\\\/\\\/www.meydan.tv\\\/az\\\/#website\",\"url\":\"https:\\\/\\\/www.meydan.tv\\\/az\\\/\",\"name\":\"MEYDAN.TV\",\"description\":\"Meydan TV Az\u0259rbaycan\u0131n media m\u0259kan\u0131ndak\u0131 alternativ s\u0259sidir\",\"publisher\":{\"@id\":\"https:\\\/\\\/www.meydan.tv\\\/az\\\/#organization\"},\"potentialAction\":[{\"@type\":\"SearchAction\",\"target\":{\"@type\":\"EntryPoint\",\"urlTemplate\":\"https:\\\/\\\/www.meydan.tv\\\/az\\\/?s={search_term_string}\"},\"query-input\":{\"@type\":\"PropertyValueSpecification\",\"valueRequired\":true,\"valueName\":\"search_term_string\"}}],\"inLanguage\":\"az\"},{\"@type\":\"Organization\",\"@id\":\"https:\\\/\\\/www.meydan.tv\\\/az\\\/#organization\",\"name\":\"Meydan TV\",\"url\":\"https:\\\/\\\/www.meydan.tv\\\/az\\\/\",\"logo\":{\"@type\":\"ImageObject\",\"inLanguage\":\"az\",\"@id\":\"https:\\\/\\\/www.meydan.tv\\\/az\\\/#\\\/schema\\\/logo\\\/image\\\/\",\"url\":\"https:\\\/\\\/www.meydan.tv\\\/wp-content\\\/uploads\\\/2021\\\/07\\\/meydan-logo.svg\",\"contentUrl\":\"https:\\\/\\\/www.meydan.tv\\\/wp-content\\\/uploads\\\/2021\\\/07\\\/meydan-logo.svg\",\"width\":195,\"height\":46,\"caption\":\"Meydan TV\"},\"image\":{\"@id\":\"https:\\\/\\\/www.meydan.tv\\\/az\\\/#\\\/schema\\\/logo\\\/image\\\/\"}},{\"@type\":\"Person\",\"@id\":\"https:\\\/\\\/www.meydan.tv\\\/az\\\/#\\\/schema\\\/person\\\/9cdbecf90d17180ce1dfbd95b08dcf47\",\"name\":\"elli\",\"sameAs\":[\"https:\\\/\\\/x.com\\\/elli\"]}]}<\/script>\n<!-- \/ Yoast SEO plugin. -->","yoast_head_json":{"title":"Qobuq\u0131ra\u011f\u0131 sakinl\u0259ri: \u201c20 ild\u0259n \u00e7oxdur ki, torpaqlar\u0131m\u0131za s\u0259n\u0259d ala bilmirik\u201d - MEYDAN.TV","robots":{"index":"index","follow":"follow","max-snippet":"max-snippet:-1","max-image-preview":"max-image-preview:large","max-video-preview":"max-video-preview:-1"},"canonical":"https:\/\/www.meydan.tv\/az\/article\/qobuqiragi-sakinleri-20-ilden-coxdur-ki-torpaqlarimiza-sened-ala-bilmirik\/","og_locale":"az_AZ","og_type":"article","og_title":"Qobuq\u0131ra\u011f\u0131 sakinl\u0259ri: \u201c20 ild\u0259n \u00e7oxdur ki, torpaqlar\u0131m\u0131za s\u0259n\u0259d ala bilmirik\u201d - MEYDAN.TV","og_description":"\u201c\u0130ll\u0259rdir ki, iki qurum aras\u0131nda qalm\u0131\u015f\u0131q\u201d \u201cBir \u00f6lk\u0259 g\u00f6st\u0259rin ki, ... Davam\u0131","og_url":"https:\/\/www.meydan.tv\/az\/article\/qobuqiragi-sakinleri-20-ilden-coxdur-ki-torpaqlarimiza-sened-ala-bilmirik\/","og_site_name":"MEYDAN.TV","article_published_time":"2022-09-21T10:08:47+00:00","article_modified_time":"2022-09-21T10:08:49+00:00","og_image":[{"width":1200,"height":540,"url":"https:\/\/www.meydan.tv\/wp-content\/uploads\/photo-2022-09-21-11-51-35-e1663754918467.jpg","type":"image\/jpeg"}],"author":"elli","twitter_card":"summary_large_image","twitter_creator":"@elli","schema":{"@context":"https:\/\/schema.org","@graph":[{"@type":"Article","@id":"https:\/\/www.meydan.tv\/az\/article\/qobuqiragi-sakinleri-20-ilden-coxdur-ki-torpaqlarimiza-sened-ala-bilmirik\/#article","isPartOf":{"@id":"https:\/\/www.meydan.tv\/az\/article\/qobuqiragi-sakinleri-20-ilden-coxdur-ki-torpaqlarimiza-sened-ala-bilmirik\/"},"author":{"name":"elli","@id":"https:\/\/www.meydan.tv\/az\/#\/schema\/person\/9cdbecf90d17180ce1dfbd95b08dcf47"},"headline":"Qobuq\u0131ra\u011f\u0131 sakinl\u0259ri: \u201c20 ild\u0259n \u00e7oxdur ki, torpaqlar\u0131m\u0131za s\u0259n\u0259d ala bilmirik\u201d","datePublished":"2022-09-21T10:08:47+00:00","dateModified":"2022-09-21T10:08:49+00:00","mainEntityOfPage":{"@id":"https:\/\/www.meydan.tv\/az\/article\/qobuqiragi-sakinleri-20-ilden-coxdur-ki-torpaqlarimiza-sened-ala-bilmirik\/"},"wordCount":698,"publisher":{"@id":"https:\/\/www.meydan.tv\/az\/#organization"},"image":{"@id":"https:\/\/www.meydan.tv\/az\/article\/qobuqiragi-sakinleri-20-ilden-coxdur-ki-torpaqlarimiza-sened-ala-bilmirik\/#primaryimage"},"thumbnailUrl":"https:\/\/www.meydan.tv\/wp-content\/uploads\/photo-2022-09-21-11-51-35-e1663754918467.jpg","articleSection":["B\u00f6lg\u0259","X\u0259b\u0259rl\u0259r"],"inLanguage":"az"},{"@type":"WebPage","@id":"https:\/\/www.meydan.tv\/az\/article\/qobuqiragi-sakinleri-20-ilden-coxdur-ki-torpaqlarimiza-sened-ala-bilmirik\/","url":"https:\/\/www.meydan.tv\/az\/article\/qobuqiragi-sakinleri-20-ilden-coxdur-ki-torpaqlarimiza-sened-ala-bilmirik\/","name":"Qobuq\u0131ra\u011f\u0131 sakinl\u0259ri: \u201c20 ild\u0259n \u00e7oxdur ki, torpaqlar\u0131m\u0131za s\u0259n\u0259d ala bilmirik\u201d - MEYDAN.TV","isPartOf":{"@id":"https:\/\/www.meydan.tv\/az\/#website"},"primaryImageOfPage":{"@id":"https:\/\/www.meydan.tv\/az\/article\/qobuqiragi-sakinleri-20-ilden-coxdur-ki-torpaqlarimiza-sened-ala-bilmirik\/#primaryimage"},"image":{"@id":"https:\/\/www.meydan.tv\/az\/article\/qobuqiragi-sakinleri-20-ilden-coxdur-ki-torpaqlarimiza-sened-ala-bilmirik\/#primaryimage"},"thumbnailUrl":"https:\/\/www.meydan.tv\/wp-content\/uploads\/photo-2022-09-21-11-51-35-e1663754918467.jpg","datePublished":"2022-09-21T10:08:47+00:00","dateModified":"2022-09-21T10:08:49+00:00","breadcrumb":{"@id":"https:\/\/www.meydan.tv\/az\/article\/qobuqiragi-sakinleri-20-ilden-coxdur-ki-torpaqlarimiza-sened-ala-bilmirik\/#breadcrumb"},"inLanguage":"az","potentialAction":[{"@type":"ReadAction","target":["https:\/\/www.meydan.tv\/az\/article\/qobuqiragi-sakinleri-20-ilden-coxdur-ki-torpaqlarimiza-sened-ala-bilmirik\/"]}]},{"@type":"ImageObject","inLanguage":"az","@id":"https:\/\/www.meydan.tv\/az\/article\/qobuqiragi-sakinleri-20-ilden-coxdur-ki-torpaqlarimiza-sened-ala-bilmirik\/#primaryimage","url":"https:\/\/www.meydan.tv\/wp-content\/uploads\/photo-2022-09-21-11-51-35-e1663754918467.jpg","contentUrl":"https:\/\/www.meydan.tv\/wp-content\/uploads\/photo-2022-09-21-11-51-35-e1663754918467.jpg","width":1200,"height":540,"caption":"T\u0259rlan Tahirov. Foto: Meydan TV"},{"@type":"BreadcrumbList","@id":"https:\/\/www.meydan.tv\/az\/article\/qobuqiragi-sakinleri-20-ilden-coxdur-ki-torpaqlarimiza-sened-ala-bilmirik\/#breadcrumb","itemListElement":[{"@type":"ListItem","position":1,"name":"Ana s\u0259hif\u0259","item":"https:\/\/www.meydan.tv\/az\/"},{"@type":"ListItem","position":2,"name":"B\u00f6lg\u0259","item":"https:\/\/www.meydan.tv\/az\/section\/bolge\/"},{"@type":"ListItem","position":3,"name":"Qobuq\u0131ra\u011f\u0131 sakinl\u0259ri: \u201c20 ild\u0259n \u00e7oxdur ki, torpaqlar\u0131m\u0131za s\u0259n\u0259d ala bilmirik\u201d"}]},{"@type":"WebSite","@id":"https:\/\/www.meydan.tv\/az\/#website","url":"https:\/\/www.meydan.tv\/az\/","name":"MEYDAN.TV","description":"Meydan TV Az\u0259rbaycan\u0131n media m\u0259kan\u0131ndak\u0131 alternativ s\u0259sidir","publisher":{"@id":"https:\/\/www.meydan.tv\/az\/#organization"},"potentialAction":[{"@type":"SearchAction","target":{"@type":"EntryPoint","urlTemplate":"https:\/\/www.meydan.tv\/az\/?s={search_term_string}"},"query-input":{"@type":"PropertyValueSpecification","valueRequired":true,"valueName":"search_term_string"}}],"inLanguage":"az"},{"@type":"Organization","@id":"https:\/\/www.meydan.tv\/az\/#organization","name":"Meydan TV","url":"https:\/\/www.meydan.tv\/az\/","logo":{"@type":"ImageObject","inLanguage":"az","@id":"https:\/\/www.meydan.tv\/az\/#\/schema\/logo\/image\/","url":"https:\/\/www.meydan.tv\/wp-content\/uploads\/2021\/07\/meydan-logo.svg","contentUrl":"https:\/\/www.meydan.tv\/wp-content\/uploads\/2021\/07\/meydan-logo.svg","width":195,"height":46,"caption":"Meydan TV"},"image":{"@id":"https:\/\/www.meydan.tv\/az\/#\/schema\/logo\/image\/"}},{"@type":"Person","@id":"https:\/\/www.meydan.tv\/az\/#\/schema\/person\/9cdbecf90d17180ce1dfbd95b08dcf47","name":"elli","sameAs":["https:\/\/x.com\/elli"]}]}},"_links":{"self":[{"href":"https:\/\/www.meydan.tv\/az\/wp-json\/wp\/v2\/posts\/256274","targetHints":{"allow":["GET"]}}],"collection":[{"href":"https:\/\/www.meydan.tv\/az\/wp-json\/wp\/v2\/posts"}],"about":[{"href":"https:\/\/www.meydan.tv\/az\/wp-json\/wp\/v2\/types\/post"}],"author":[{"embeddable":true,"href":"https:\/\/www.meydan.tv\/az\/wp-json\/wp\/v2\/users\/8"}],"replies":[{"embeddable":true,"href":"https:\/\/www.meydan.tv\/az\/wp-json\/wp\/v2\/comments?post=256274"}],"version-history":[{"count":1,"href":"https:\/\/www.meydan.tv\/az\/wp-json\/wp\/v2\/posts\/256274\/revisions"}],"predecessor-version":[{"id":256275,"href":"https:\/\/www.meydan.tv\/az\/wp-json\/wp\/v2\/posts\/256274\/revisions\/256275"}],"wp:featuredmedia":[{"embeddable":true,"href":"https:\/\/www.meydan.tv\/az\/wp-json\/wp\/v2\/media\/256271"}],"wp:attachment":[{"href":"https:\/\/www.meydan.tv\/az\/wp-json\/wp\/v2\/media?parent=256274"}],"wp:term":[{"taxonomy":"category","embeddable":true,"href":"https:\/\/www.meydan.tv\/az\/wp-json\/wp\/v2\/categories?post=256274"},{"taxonomy":"post_tag","embeddable":true,"href":"https:\/\/www.meydan.tv\/az\/wp-json\/wp\/v2\/tags?post=256274"}],"curies":[{"name":"wp","href":"https:\/\/api.w.org\/{rel}","templated":true}]}}