{"id":256205,"date":"2022-09-20T13:45:19","date_gmt":"2022-09-20T09:45:19","guid":{"rendered":"https:\/\/www.meydan.tv\/?p=256205"},"modified":"2022-09-20T13:45:23","modified_gmt":"2022-09-20T09:45:23","slug":"iranda-aksiyaya-cixan-5-neferin-olduyu-deyilir","status":"publish","type":"post","link":"https:\/\/www.meydan.tv\/az\/article\/iranda-aksiyaya-cixan-5-neferin-olduyu-deyilir\/","title":{"rendered":"\u0130randa aksiyaya \u00e7\u0131xan 5 n\u0259f\u0259rin \u00f6ld\u00fcy\u00fc deyilir"},"content":{"rendered":"\n<figure class=\"wp-block-embed is-type-video is-provider-youtube wp-block-embed-youtube wp-embed-aspect-16-9 wp-has-aspect-ratio\"><div class=\"wp-block-embed__wrapper\">\n<iframe title=\"\u0130randa qad\u0131nlar &#039;diktatora \u00f6l\u00fcm&#039; q\u0131\u015fq\u0131rd\u0131\" width=\"1200\" height=\"675\" data-src=\"https:\/\/www.youtube.com\/embed\/hsgIEfrij3k?feature=oembed\" frameborder=\"0\" allow=\"accelerometer; autoplay; clipboard-write; encrypted-media; gyroscope; picture-in-picture\" allowfullscreen src=\"data:image\/svg+xml;base64,PHN2ZyB3aWR0aD0iMSIgaGVpZ2h0PSIxIiB4bWxucz0iaHR0cDovL3d3dy53My5vcmcvMjAwMC9zdmciPjwvc3ZnPg==\" class=\"lazyload\" data-load-mode=\"1\"><\/iframe>\n<\/div><\/figure>\n\n\n\n<p><em>M\u0259sha \u018fmininin \u00f6l\u00fcm\u00fc etirazlara s\u0259b\u0259b olub<\/em><\/p>\n\n\n\n<p>\u0130randa 22 ya\u015fl\u0131 M\u0259hsa \u018fmininin \u00f6l\u00fcm\u00fcnd\u0259n sonra etirazlar ba\u015flay\u0131b. N\u0259tic\u0259d\u0259 5 n\u0259f\u0259r h\u0259lak olub.<\/p>\n\n\n\n<p>M\u0259hsa \u018fmini hicab qaydalar\u0131n\u0131 pozmas\u0131 iddialar\u0131ndan sonra polis\u0259 apar\u0131l\u0131b v\u0259 bir ne\u00e7\u0259 g\u00fcn sonra \u2013 sentyabr\u0131n 16-da orada \u00f6l\u00fcb. R\u0259smi m\u0259lumata g\u00f6r\u0259, x\u0259st\u0259xanaya yerl\u0259\u015fdiril\u0259nd\u0259n sonra beyin \u00f6l\u00fcm\u00fc ke\u00e7irib.<\/p>\n\n\n\n<p>Q\u0259rbi K\u00fcrd\u00fcstan vilay\u0259tind\u0259n Tehrana qohumlar\u0131n\u0131 g\u00f6rm\u0259y\u0259 ged\u0259n \u018fmini sentyabr\u0131n 13-d\u0259 \u0259xlaq polisi t\u0259r\u0259find\u0259n saxlan\u0131b. Onun h\u0259bsinin \u015fahidi olanlar jurnalistl\u0259r\u0259 dan\u0131\u015f\u0131blar ki, \u018fmini saxlanma m\u0259rk\u0259zin\u0259 apar\u0131lark\u0259n polis ma\u015f\u0131n\u0131nda d\u00f6y\u00fcl\u00fcb.<\/p>\n\n\n\n<p>Sentyabr\u0131n 18-d\u0259 \u0130ran\u0131n K\u00fcrd\u00fcstan vilay\u0259tinin paytaxt\u0131 S\u0259n\u0259nd\u0259c \u015f\u0259h\u0259rind\u0259 adamlar gec\u0259 k\u00fc\u00e7\u0259l\u0259r\u0259 \u00e7\u0131xaraq 22 ya\u015fl\u0131 M\u0259hsa \u018fmininin \u00f6l\u00fcm\u00fcn\u0259 etiraz edibl\u0259r.<\/p>\n\n\n\n<p>\u201cHengaw\u201d \u0130nsan Haqlar\u0131 T\u0259\u015fkilat\u0131n\u0131n sentyabr\u0131n 19-da yayd\u0131\u011f\u0131 m\u0259lumata g\u00f6r\u0259, \u0130ran\u0131n k\u00fcrd regionundak\u0131 Divand\u0259r\u0259 \u015f\u0259h\u0259rind\u0259 iki n\u0259f\u0259r \u00f6ld\u00fcr\u00fcl\u00fcb. Saqq\u0131zda is\u0259 daha iki n\u0259f\u0259r h\u0259lak olub.<\/p>\n\n\n\n<p>Azadl\u0131q Radiosu <a href=\"https:\/\/www.azadliq.org\/a\/iran-mehsa-emini-etiraz\/32040981.html\">yaz\u0131r <\/a>ki, bu qrup \u0130ran\u0131n q\u0259rbind\u0259 k\u00fcrdl\u0259rin ya\u015fad\u0131\u011f\u0131 \u0259razil\u0259rin monitorinqini apar\u0131r.<\/p>\n\n\n\n<p>\u0130nsan haqlar\u0131 t\u0259\u015fkilat\u0131 Divand\u0259r\u0259d\u0259 dinc sakinl\u0259r Fuad Q\u0259dimi v\u0259 M\u00f6hsin Mohamadinin \u201c\u0130ran \u0130slam Respublikas\u0131 silahl\u0131 q\u00fcvv\u0259l\u0259rinin a\u00e7d\u0131\u011f\u0131 birba\u015fa at\u0259\u015f n\u0259tic\u0259sind\u0259 h\u0259lak oldu\u011funu\u201d bildirir. Daha 15 n\u0259f\u0259rin yaraland\u0131\u011f\u0131 x\u0259b\u0259r verilir.<\/p>\n\n\n\n<p>Qurumun dig\u0259r tvitind\u0259 deyilir ki, Saqq\u0131zdak\u0131 iki n\u0259f\u0259r \u201c\u0130ran rejimi q\u00fcvv\u0259l\u0259rinin a\u00e7d\u0131\u011f\u0131 birba\u015fa at\u0259\u015f\u201dl\u0259 \u00f6ld\u00fcr\u00fcl\u00fcb.<\/p>\n\n\n\n<p>\u0130ran hakimiyy\u0259ti bu m\u0259lumat\u0131 r\u0259smi t\u0259sdiql\u0259m\u0259yib. D\u00f6vl\u0259t televiziyas\u0131 bir ne\u00e7\u0259 etiraz\u00e7\u0131n\u0131n saxland\u0131\u011f\u0131n\u0131 bildirs\u0259 d\u0259, \u00f6l\u0259nl\u0259rl\u0259 ba\u011fl\u0131 x\u0259b\u0259rl\u0259ri t\u0259kzib edib.<\/p>\n\n\n\n<p>\u0130nternetd\u0259 yay\u0131lm\u0131\u015f h\u0259v\u0259skar videolarda bir qrup qad\u0131n etiraz\u00e7\u0131 hicablar\u0131n\u0131 \u00e7\u0131xararaq \u201cdiktatora \u00f6l\u00fcm\u201d q\u0131\u015fq\u0131r\u0131r. Onlar\u0131n Ali dini lider Ay\u0259tullah \u018fli Xameneyini n\u0259z\u0259rd\u0259 tutdu\u011fu g\u00fcman edilir.<\/p>\n\n\n\n<p>Polisin etiraz\u00e7\u0131lar\u0131 da\u011f\u0131tmaq \u00fc\u00e7\u00fcn havaya at\u0259\u015f a\u00e7d\u0131\u011f\u0131, g\u00f6zya\u015fard\u0131c\u0131 qazdan istifad\u0259 etdiyi bildirilir. Az\u0131 9 etiraz\u00e7\u0131n\u0131n x\u0259sar\u0259t ald\u0131\u011f\u0131 haqda m\u0259lumatlar var.<\/p>\n\n\n\n<p>\u0130ran polis sentyabr\u0131n 19-da \u018fmininin \u00f6l\u00fcm\u00fcn\u00fc \u201cb\u0259db\u0259xt hadis\u0259\u201d adland\u0131r\u0131b, bunun t\u0259krarlanmas\u0131n\u0131 ist\u0259m\u0259dikl\u0259rini deyib.<\/p>\n\n\n\n<p>Daxili i\u015fl\u0259r naziri \u018fhm\u0259d Vahidi is\u0259 \u018fmininin daha \u00f6nc\u0259 x\u0259st\u0259liyi oldu\u011funu, hicab polisinin \u201csaxlananlar\u0131 d\u00f6ym\u0259k \u00fc\u00e7\u00fcn al\u0259ti olmad\u0131\u011f\u0131n\u0131\u201d iddia edib.<\/p>\n\n\n\n<p>Hakimiyy\u0259tin t\u0259hdidin\u0259 baxmayaraq, K\u00fcrd\u00fcstanda, Q\u0259rbi Az\u0259rbaycan v\u0259 \u018flborz vilay\u0259tl\u0259rind\u0259 \u015firk\u0259tl\u0259r, d\u00fckan sahibl\u0259ri t\u0259til\u0259 \u00e7\u0131x\u0131b, ma\u011fazalar qapad\u0131l\u0131b.<\/p>\n","protected":false},"excerpt":{"rendered":"<p>M\u0259sha \u018fmininin \u00f6l\u00fcm\u00fc etirazlara s\u0259b\u0259b olub \u0130randa 22 ya\u015fl\u0131 M\u0259hsa &#8230; <\/p>\n<p class=\"read-more-container\"><a title=\"\u0130randa aksiyaya \u00e7\u0131xan 5 n\u0259f\u0259rin \u00f6ld\u00fcy\u00fc deyilir\" class=\"read-more button\" href=\"https:\/\/www.meydan.tv\/az\/article\/iranda-aksiyaya-cixan-5-neferin-olduyu-deyilir\/#more-256205\" aria-label=\"Read more about \u0130randa aksiyaya \u00e7\u0131xan 5 n\u0259f\u0259rin \u00f6ld\u00fcy\u00fc deyilir\">Davam\u0131<\/a><\/p>\n","protected":false},"author":12,"featured_media":256206,"comment_status":"closed","ping_status":"closed","sticky":false,"template":"","format":"standard","meta":{"_acf_changed":false,"_sitemap_exclude":false,"_sitemap_priority":"","_sitemap_frequency":"","footnotes":""},"categories":[79,63,56],"tags":[],"class_list":["post-256205","post","type-post","status-publish","format-standard","has-post-thumbnail","hentry","category-featured","category-video-2","category-xeberler","infinite-scroll-item","generate-columns","tablet-grid-50","mobile-grid-100","grid-parent","grid-33","no-featured-image-padding"],"acf":[],"yoast_head":"<!-- This site is optimized with the Yoast SEO plugin v27.5 - https:\/\/yoast.com\/product\/yoast-seo-wordpress\/ -->\n<title>\u0130randa aksiyaya \u00e7\u0131xan 5 n\u0259f\u0259rin \u00f6ld\u00fcy\u00fc deyilir - MEYDAN.TV<\/title>\n<meta name=\"robots\" content=\"index, follow, max-snippet:-1, max-image-preview:large, max-video-preview:-1\" \/>\n<link rel=\"canonical\" href=\"https:\/\/www.meydan.tv\/az\/article\/iranda-aksiyaya-cixan-5-neferin-olduyu-deyilir\/\" \/>\n<meta property=\"og:locale\" content=\"az_AZ\" \/>\n<meta property=\"og:type\" content=\"article\" \/>\n<meta property=\"og:title\" content=\"\u0130randa aksiyaya \u00e7\u0131xan 5 n\u0259f\u0259rin \u00f6ld\u00fcy\u00fc deyilir - MEYDAN.TV\" \/>\n<meta property=\"og:description\" content=\"M\u0259sha \u018fmininin \u00f6l\u00fcm\u00fc etirazlara s\u0259b\u0259b olub \u0130randa 22 ya\u015fl\u0131 M\u0259hsa ... Davam\u0131\" \/>\n<meta property=\"og:url\" content=\"https:\/\/www.meydan.tv\/az\/article\/iranda-aksiyaya-cixan-5-neferin-olduyu-deyilir\/\" \/>\n<meta property=\"og:site_name\" content=\"MEYDAN.TV\" \/>\n<meta property=\"article:published_time\" content=\"2022-09-20T09:45:19+00:00\" \/>\n<meta property=\"article:modified_time\" content=\"2022-09-20T09:45:23+00:00\" \/>\n<meta property=\"og:image\" content=\"https:\/\/www.meydan.tv\/wp-content\/uploads\/screenshot_76-1.png\" \/>\n\t<meta property=\"og:image:width\" content=\"939\" \/>\n\t<meta property=\"og:image:height\" content=\"547\" \/>\n\t<meta property=\"og:image:type\" content=\"image\/png\" \/>\n<meta name=\"author\" content=\"aleks\" \/>\n<meta name=\"twitter:card\" content=\"summary_large_image\" \/>\n<script type=\"application\/ld+json\" class=\"yoast-schema-graph\">{\"@context\":\"https:\\\/\\\/schema.org\",\"@graph\":[{\"@type\":\"Article\",\"@id\":\"https:\\\/\\\/www.meydan.tv\\\/az\\\/article\\\/iranda-aksiyaya-cixan-5-neferin-olduyu-deyilir\\\/#article\",\"isPartOf\":{\"@id\":\"https:\\\/\\\/www.meydan.tv\\\/az\\\/article\\\/iranda-aksiyaya-cixan-5-neferin-olduyu-deyilir\\\/\"},\"author\":{\"name\":\"aleks\",\"@id\":\"https:\\\/\\\/www.meydan.tv\\\/az\\\/#\\\/schema\\\/person\\\/476e9360e593fa131d5d71d51866f8da\"},\"headline\":\"\u0130randa aksiyaya \u00e7\u0131xan 5 n\u0259f\u0259rin \u00f6ld\u00fcy\u00fc deyilir\",\"datePublished\":\"2022-09-20T09:45:19+00:00\",\"dateModified\":\"2022-09-20T09:45:23+00:00\",\"mainEntityOfPage\":{\"@id\":\"https:\\\/\\\/www.meydan.tv\\\/az\\\/article\\\/iranda-aksiyaya-cixan-5-neferin-olduyu-deyilir\\\/\"},\"wordCount\":515,\"publisher\":{\"@id\":\"https:\\\/\\\/www.meydan.tv\\\/az\\\/#organization\"},\"image\":{\"@id\":\"https:\\\/\\\/www.meydan.tv\\\/az\\\/article\\\/iranda-aksiyaya-cixan-5-neferin-olduyu-deyilir\\\/#primaryimage\"},\"thumbnailUrl\":\"https:\\\/\\\/www.meydan.tv\\\/wp-content\\\/uploads\\\/screenshot_76-1.png\",\"articleSection\":[\"T\u00f6vsiy\u0259\",\"Video\",\"X\u0259b\u0259rl\u0259r\"],\"inLanguage\":\"az\"},{\"@type\":\"WebPage\",\"@id\":\"https:\\\/\\\/www.meydan.tv\\\/az\\\/article\\\/iranda-aksiyaya-cixan-5-neferin-olduyu-deyilir\\\/\",\"url\":\"https:\\\/\\\/www.meydan.tv\\\/az\\\/article\\\/iranda-aksiyaya-cixan-5-neferin-olduyu-deyilir\\\/\",\"name\":\"\u0130randa aksiyaya \u00e7\u0131xan 5 n\u0259f\u0259rin \u00f6ld\u00fcy\u00fc deyilir - MEYDAN.TV\",\"isPartOf\":{\"@id\":\"https:\\\/\\\/www.meydan.tv\\\/az\\\/#website\"},\"primaryImageOfPage\":{\"@id\":\"https:\\\/\\\/www.meydan.tv\\\/az\\\/article\\\/iranda-aksiyaya-cixan-5-neferin-olduyu-deyilir\\\/#primaryimage\"},\"image\":{\"@id\":\"https:\\\/\\\/www.meydan.tv\\\/az\\\/article\\\/iranda-aksiyaya-cixan-5-neferin-olduyu-deyilir\\\/#primaryimage\"},\"thumbnailUrl\":\"https:\\\/\\\/www.meydan.tv\\\/wp-content\\\/uploads\\\/screenshot_76-1.png\",\"datePublished\":\"2022-09-20T09:45:19+00:00\",\"dateModified\":\"2022-09-20T09:45:23+00:00\",\"breadcrumb\":{\"@id\":\"https:\\\/\\\/www.meydan.tv\\\/az\\\/article\\\/iranda-aksiyaya-cixan-5-neferin-olduyu-deyilir\\\/#breadcrumb\"},\"inLanguage\":\"az\",\"potentialAction\":[{\"@type\":\"ReadAction\",\"target\":[\"https:\\\/\\\/www.meydan.tv\\\/az\\\/article\\\/iranda-aksiyaya-cixan-5-neferin-olduyu-deyilir\\\/\"]}]},{\"@type\":\"ImageObject\",\"inLanguage\":\"az\",\"@id\":\"https:\\\/\\\/www.meydan.tv\\\/az\\\/article\\\/iranda-aksiyaya-cixan-5-neferin-olduyu-deyilir\\\/#primaryimage\",\"url\":\"https:\\\/\\\/www.meydan.tv\\\/wp-content\\\/uploads\\\/screenshot_76-1.png\",\"contentUrl\":\"https:\\\/\\\/www.meydan.tv\\\/wp-content\\\/uploads\\\/screenshot_76-1.png\",\"width\":939,\"height\":547},{\"@type\":\"BreadcrumbList\",\"@id\":\"https:\\\/\\\/www.meydan.tv\\\/az\\\/article\\\/iranda-aksiyaya-cixan-5-neferin-olduyu-deyilir\\\/#breadcrumb\",\"itemListElement\":[{\"@type\":\"ListItem\",\"position\":1,\"name\":\"Ana s\u0259hif\u0259\",\"item\":\"https:\\\/\\\/www.meydan.tv\\\/az\\\/\"},{\"@type\":\"ListItem\",\"position\":2,\"name\":\"X\u0259b\u0259rl\u0259r\",\"item\":\"https:\\\/\\\/www.meydan.tv\\\/az\\\/section\\\/xeberler\\\/\"},{\"@type\":\"ListItem\",\"position\":3,\"name\":\"\u0130randa aksiyaya \u00e7\u0131xan 5 n\u0259f\u0259rin \u00f6ld\u00fcy\u00fc deyilir\"}]},{\"@type\":\"WebSite\",\"@id\":\"https:\\\/\\\/www.meydan.tv\\\/az\\\/#website\",\"url\":\"https:\\\/\\\/www.meydan.tv\\\/az\\\/\",\"name\":\"MEYDAN.TV\",\"description\":\"Meydan TV Az\u0259rbaycan\u0131n media m\u0259kan\u0131ndak\u0131 alternativ s\u0259sidir\",\"publisher\":{\"@id\":\"https:\\\/\\\/www.meydan.tv\\\/az\\\/#organization\"},\"potentialAction\":[{\"@type\":\"SearchAction\",\"target\":{\"@type\":\"EntryPoint\",\"urlTemplate\":\"https:\\\/\\\/www.meydan.tv\\\/az\\\/?s={search_term_string}\"},\"query-input\":{\"@type\":\"PropertyValueSpecification\",\"valueRequired\":true,\"valueName\":\"search_term_string\"}}],\"inLanguage\":\"az\"},{\"@type\":\"Organization\",\"@id\":\"https:\\\/\\\/www.meydan.tv\\\/az\\\/#organization\",\"name\":\"Meydan TV\",\"url\":\"https:\\\/\\\/www.meydan.tv\\\/az\\\/\",\"logo\":{\"@type\":\"ImageObject\",\"inLanguage\":\"az\",\"@id\":\"https:\\\/\\\/www.meydan.tv\\\/az\\\/#\\\/schema\\\/logo\\\/image\\\/\",\"url\":\"https:\\\/\\\/www.meydan.tv\\\/wp-content\\\/uploads\\\/2021\\\/07\\\/meydan-logo.svg\",\"contentUrl\":\"https:\\\/\\\/www.meydan.tv\\\/wp-content\\\/uploads\\\/2021\\\/07\\\/meydan-logo.svg\",\"width\":195,\"height\":46,\"caption\":\"Meydan TV\"},\"image\":{\"@id\":\"https:\\\/\\\/www.meydan.tv\\\/az\\\/#\\\/schema\\\/logo\\\/image\\\/\"}},{\"@type\":\"Person\",\"@id\":\"https:\\\/\\\/www.meydan.tv\\\/az\\\/#\\\/schema\\\/person\\\/476e9360e593fa131d5d71d51866f8da\",\"name\":\"aleks\"}]}<\/script>\n<!-- \/ Yoast SEO plugin. -->","yoast_head_json":{"title":"\u0130randa aksiyaya \u00e7\u0131xan 5 n\u0259f\u0259rin \u00f6ld\u00fcy\u00fc deyilir - MEYDAN.TV","robots":{"index":"index","follow":"follow","max-snippet":"max-snippet:-1","max-image-preview":"max-image-preview:large","max-video-preview":"max-video-preview:-1"},"canonical":"https:\/\/www.meydan.tv\/az\/article\/iranda-aksiyaya-cixan-5-neferin-olduyu-deyilir\/","og_locale":"az_AZ","og_type":"article","og_title":"\u0130randa aksiyaya \u00e7\u0131xan 5 n\u0259f\u0259rin \u00f6ld\u00fcy\u00fc deyilir - MEYDAN.TV","og_description":"M\u0259sha \u018fmininin \u00f6l\u00fcm\u00fc etirazlara s\u0259b\u0259b olub \u0130randa 22 ya\u015fl\u0131 M\u0259hsa ... Davam\u0131","og_url":"https:\/\/www.meydan.tv\/az\/article\/iranda-aksiyaya-cixan-5-neferin-olduyu-deyilir\/","og_site_name":"MEYDAN.TV","article_published_time":"2022-09-20T09:45:19+00:00","article_modified_time":"2022-09-20T09:45:23+00:00","og_image":[{"width":939,"height":547,"url":"https:\/\/www.meydan.tv\/wp-content\/uploads\/screenshot_76-1.png","type":"image\/png"}],"author":"aleks","twitter_card":"summary_large_image","schema":{"@context":"https:\/\/schema.org","@graph":[{"@type":"Article","@id":"https:\/\/www.meydan.tv\/az\/article\/iranda-aksiyaya-cixan-5-neferin-olduyu-deyilir\/#article","isPartOf":{"@id":"https:\/\/www.meydan.tv\/az\/article\/iranda-aksiyaya-cixan-5-neferin-olduyu-deyilir\/"},"author":{"name":"aleks","@id":"https:\/\/www.meydan.tv\/az\/#\/schema\/person\/476e9360e593fa131d5d71d51866f8da"},"headline":"\u0130randa aksiyaya \u00e7\u0131xan 5 n\u0259f\u0259rin \u00f6ld\u00fcy\u00fc deyilir","datePublished":"2022-09-20T09:45:19+00:00","dateModified":"2022-09-20T09:45:23+00:00","mainEntityOfPage":{"@id":"https:\/\/www.meydan.tv\/az\/article\/iranda-aksiyaya-cixan-5-neferin-olduyu-deyilir\/"},"wordCount":515,"publisher":{"@id":"https:\/\/www.meydan.tv\/az\/#organization"},"image":{"@id":"https:\/\/www.meydan.tv\/az\/article\/iranda-aksiyaya-cixan-5-neferin-olduyu-deyilir\/#primaryimage"},"thumbnailUrl":"https:\/\/www.meydan.tv\/wp-content\/uploads\/screenshot_76-1.png","articleSection":["T\u00f6vsiy\u0259","Video","X\u0259b\u0259rl\u0259r"],"inLanguage":"az"},{"@type":"WebPage","@id":"https:\/\/www.meydan.tv\/az\/article\/iranda-aksiyaya-cixan-5-neferin-olduyu-deyilir\/","url":"https:\/\/www.meydan.tv\/az\/article\/iranda-aksiyaya-cixan-5-neferin-olduyu-deyilir\/","name":"\u0130randa aksiyaya \u00e7\u0131xan 5 n\u0259f\u0259rin \u00f6ld\u00fcy\u00fc deyilir - MEYDAN.TV","isPartOf":{"@id":"https:\/\/www.meydan.tv\/az\/#website"},"primaryImageOfPage":{"@id":"https:\/\/www.meydan.tv\/az\/article\/iranda-aksiyaya-cixan-5-neferin-olduyu-deyilir\/#primaryimage"},"image":{"@id":"https:\/\/www.meydan.tv\/az\/article\/iranda-aksiyaya-cixan-5-neferin-olduyu-deyilir\/#primaryimage"},"thumbnailUrl":"https:\/\/www.meydan.tv\/wp-content\/uploads\/screenshot_76-1.png","datePublished":"2022-09-20T09:45:19+00:00","dateModified":"2022-09-20T09:45:23+00:00","breadcrumb":{"@id":"https:\/\/www.meydan.tv\/az\/article\/iranda-aksiyaya-cixan-5-neferin-olduyu-deyilir\/#breadcrumb"},"inLanguage":"az","potentialAction":[{"@type":"ReadAction","target":["https:\/\/www.meydan.tv\/az\/article\/iranda-aksiyaya-cixan-5-neferin-olduyu-deyilir\/"]}]},{"@type":"ImageObject","inLanguage":"az","@id":"https:\/\/www.meydan.tv\/az\/article\/iranda-aksiyaya-cixan-5-neferin-olduyu-deyilir\/#primaryimage","url":"https:\/\/www.meydan.tv\/wp-content\/uploads\/screenshot_76-1.png","contentUrl":"https:\/\/www.meydan.tv\/wp-content\/uploads\/screenshot_76-1.png","width":939,"height":547},{"@type":"BreadcrumbList","@id":"https:\/\/www.meydan.tv\/az\/article\/iranda-aksiyaya-cixan-5-neferin-olduyu-deyilir\/#breadcrumb","itemListElement":[{"@type":"ListItem","position":1,"name":"Ana s\u0259hif\u0259","item":"https:\/\/www.meydan.tv\/az\/"},{"@type":"ListItem","position":2,"name":"X\u0259b\u0259rl\u0259r","item":"https:\/\/www.meydan.tv\/az\/section\/xeberler\/"},{"@type":"ListItem","position":3,"name":"\u0130randa aksiyaya \u00e7\u0131xan 5 n\u0259f\u0259rin \u00f6ld\u00fcy\u00fc deyilir"}]},{"@type":"WebSite","@id":"https:\/\/www.meydan.tv\/az\/#website","url":"https:\/\/www.meydan.tv\/az\/","name":"MEYDAN.TV","description":"Meydan TV Az\u0259rbaycan\u0131n media m\u0259kan\u0131ndak\u0131 alternativ s\u0259sidir","publisher":{"@id":"https:\/\/www.meydan.tv\/az\/#organization"},"potentialAction":[{"@type":"SearchAction","target":{"@type":"EntryPoint","urlTemplate":"https:\/\/www.meydan.tv\/az\/?s={search_term_string}"},"query-input":{"@type":"PropertyValueSpecification","valueRequired":true,"valueName":"search_term_string"}}],"inLanguage":"az"},{"@type":"Organization","@id":"https:\/\/www.meydan.tv\/az\/#organization","name":"Meydan TV","url":"https:\/\/www.meydan.tv\/az\/","logo":{"@type":"ImageObject","inLanguage":"az","@id":"https:\/\/www.meydan.tv\/az\/#\/schema\/logo\/image\/","url":"https:\/\/www.meydan.tv\/wp-content\/uploads\/2021\/07\/meydan-logo.svg","contentUrl":"https:\/\/www.meydan.tv\/wp-content\/uploads\/2021\/07\/meydan-logo.svg","width":195,"height":46,"caption":"Meydan TV"},"image":{"@id":"https:\/\/www.meydan.tv\/az\/#\/schema\/logo\/image\/"}},{"@type":"Person","@id":"https:\/\/www.meydan.tv\/az\/#\/schema\/person\/476e9360e593fa131d5d71d51866f8da","name":"aleks"}]}},"_links":{"self":[{"href":"https:\/\/www.meydan.tv\/az\/wp-json\/wp\/v2\/posts\/256205","targetHints":{"allow":["GET"]}}],"collection":[{"href":"https:\/\/www.meydan.tv\/az\/wp-json\/wp\/v2\/posts"}],"about":[{"href":"https:\/\/www.meydan.tv\/az\/wp-json\/wp\/v2\/types\/post"}],"author":[{"embeddable":true,"href":"https:\/\/www.meydan.tv\/az\/wp-json\/wp\/v2\/users\/12"}],"replies":[{"embeddable":true,"href":"https:\/\/www.meydan.tv\/az\/wp-json\/wp\/v2\/comments?post=256205"}],"version-history":[{"count":1,"href":"https:\/\/www.meydan.tv\/az\/wp-json\/wp\/v2\/posts\/256205\/revisions"}],"predecessor-version":[{"id":256209,"href":"https:\/\/www.meydan.tv\/az\/wp-json\/wp\/v2\/posts\/256205\/revisions\/256209"}],"wp:featuredmedia":[{"embeddable":true,"href":"https:\/\/www.meydan.tv\/az\/wp-json\/wp\/v2\/media\/256206"}],"wp:attachment":[{"href":"https:\/\/www.meydan.tv\/az\/wp-json\/wp\/v2\/media?parent=256205"}],"wp:term":[{"taxonomy":"category","embeddable":true,"href":"https:\/\/www.meydan.tv\/az\/wp-json\/wp\/v2\/categories?post=256205"},{"taxonomy":"post_tag","embeddable":true,"href":"https:\/\/www.meydan.tv\/az\/wp-json\/wp\/v2\/tags?post=256205"}],"curies":[{"name":"wp","href":"https:\/\/api.w.org\/{rel}","templated":true}]}}