{"id":256130,"date":"2022-09-19T10:03:15","date_gmt":"2022-09-19T06:03:15","guid":{"rendered":"https:\/\/www.meydan.tv\/?p=256130"},"modified":"2022-09-19T10:03:18","modified_gmt":"2022-09-19T06:03:18","slug":"astara-sakinleri-kend-mekteblerinin-temiri-yarimciq-qalib","status":"publish","type":"post","link":"https:\/\/www.meydan.tv\/az\/article\/astara-sakinleri-kend-mekteblerinin-temiri-yarimciq-qalib\/","title":{"rendered":"Astara sakinl\u0259ri: \u201cK\u0259nd m\u0259kt\u0259bl\u0259rinin t\u0259miri yar\u0131m\u00e7\u0131q qal\u0131b\u201d"},"content":{"rendered":"\n<p><\/p>\n\n\n\n<p><em>\u201cDa\u011f\u0131d\u0131b t\u00f6kd\u00fcl\u0259r, m\u00f6hk\u0259m dam \u00f6rt\u00fcy\u00fc keyfiyy\u0259tsizi il\u0259 \u0259v\u0259z olundu\u201d<\/em><\/p>\n\n\n\n<p>\u201cT\u0259dris ili ba\u015flay\u0131b, ancaq m\u0259kt\u0259bl\u0259rin \u00e7oxunda h\u0259l\u0259 d\u0259 t\u0259mir i\u015fl\u0259ri yar\u0131m\u00e7\u0131qd\u0131r. Bir ne\u00e7\u0259 ay \u0259vv\u0259l ba\u015flar\u0131 s\u00f6kd\u00fckl\u0259ri dam \u00f6rt\u00fckl\u0259rini nam\u0259lum istiqam\u0259t\u0259 da\u015f\u0131ma\u011fa qar\u0131\u015fd\u0131, dam \u00f6rt\u00fckl\u0259rini gec d\u00fcz\u0259ltdil\u0259r, ya\u011f\u0131\u015f sinif otaqlar\u0131n\u0131n i\u00e7\u0259risin\u0259 ya\u011fd\u0131. Normal v\u0259ziyy\u0259td\u0259 olan m\u0259kt\u0259bl\u0259r d\u0259 b\u0259dbar g\u00fcn\u0259 qald\u0131, h\u0259l\u0259 d\u0259 tam d\u00fcz\u0259ldilm\u0259yib\u201d.<\/p>\n\n\n\n<p>Astaran\u0131n bir qrup sakini Meydan TV-y\u0259 \u00fcnvanlad\u0131qlar\u0131 \u015fikay\u0259td\u0259 bel\u0259 deyir. Onlar dan\u0131\u015f\u0131rlar ki, bu ilin aprelind\u0259 T\u0259hsil Nazirliyind\u0259n rayonun k\u0259ndl\u0259rind\u0259ki s\u0259kkiz m\u0259kt\u0259bin dam \u00f6rt\u00fcy\u00fcn\u00fcn yenil\u0259nm\u0259siyl\u0259 ba\u011fl\u0131 g\u00f6st\u0259ri\u015f verilib. Yeni tikilmi\u015f d\u00f6rd m\u0259kt\u0259bin v\u0259 k\u00f6hn\u0259d\u0259n f\u0259aliyy\u0259t g\u00f6t\u0259r\u0259n daha d\u00f6rd m\u0259kt\u0259bin dam \u00f6rt\u00fcy\u00fc s\u00f6k\u00fcl\u00fcb. S\u00f6k\u00fclm\u00fc\u015f dam \u00f6rt\u00fckl\u0259ri vaxt\u0131nda yenil\u0259ri il\u0259 \u0259v\u0259z olunmad\u0131\u011f\u0131na g\u00f6r\u0259, aprel-may aylar\u0131nda ya\u011fan leysan ya\u011f\u0131\u015flar m\u0259kt\u0259bl\u0259rin yuxar\u0131 m\u0259rt\u0259b\u0259l\u0259rini tamamil\u0259 b\u0259rbad v\u0259ziyy\u0259t\u0259 sal\u0131b. Sinifl\u0259rd\u0259ki stol-stul v\u0259 mebell\u0259r, komp\u00fcterl\u0259r, d\u0259rs v\u0259saitl\u0259ri ya\u011f\u0131\u015f sular\u0131n\u0131n alt\u0131nda qal\u0131b. May\u0131n sonlar\u0131nda dam \u00f6rt\u00fckl\u0259ri d\u00fcz\u0259ldils\u0259 d\u0259, keyfiyy\u0259tsiz oldu\u011fundan \u0259vv\u0259lki q\u0259zal\u0131 dam \u00f6rt\u00fcy\u00fcnd\u0259n f\u0259rql\u0259nm\u0259yib.<\/p>\n\n\n\n<figure class=\"wp-block-image size-full\"><img decoding=\"async\" width=\"1200\" height=\"800\" data-src=\"https:\/\/www.meydan.tv\/wp-content\/uploads\/untitled-design-5-25.jpg\" alt=\"\" class=\"wp-image-256115 lazyload\" src=\"data:image\/svg+xml;base64,PHN2ZyB3aWR0aD0iMSIgaGVpZ2h0PSIxIiB4bWxucz0iaHR0cDovL3d3dy53My5vcmcvMjAwMC9zdmciPjwvc3ZnPg==\" style=\"--smush-placeholder-width: 1200px; --smush-placeholder-aspect-ratio: 1200\/800;\" \/><\/figure>\n\n\n\n<p>S\u00f6hb\u0259t \u015eaha\u011fac\u0131 k\u0259ndind\u0259ki 1 sayl\u0131, Pens\u0259r k\u0259ndind\u0259ki 2 sayl\u0131, Astaradak\u0131 3 sayl\u0131, \u015eiy\u0259k\u0259ran k\u0259ndind\u0259ki 2 sayl\u0131 m\u0259kt\u0259bl\u0259rd\u0259n gedir.<\/p>\n\n\n\n<p>\u201cRin\u0259 v\u0259 Deq\u0259di k\u0259nd m\u0259kt\u0259bl\u0259rinin d\u0259 dam \u00f6rt\u00fckl\u0259ri s\u00f6k\u00fclm\u00fc\u015fd\u00fc. M\u0259kt\u0259bl\u0259rin t\u0259mir\u0259 ehtiyac\u0131 yox idi, m\u0259s\u0259l\u0259n, Rin\u0259 k\u0259ndind\u0259ki m\u0259kt\u0259b yeni tikilmi\u015f m\u0259kt\u0259l\u0259rd\u0259n idi\u201d, &#8211; \u015fikay\u0259t\u00e7il\u0259r deyib..<\/p>\n\n\n\n<p>\u015eiy\u0259k\u0259ran k\u0259nd sakinl\u0259ri is\u0259 deyir, k\u0259ndd\u0259ki m\u0259kt\u0259bd\u0259 yar\u0131m\u00e7\u0131q qalm\u0131\u015f t\u0259mirl\u0259 ba\u011fl\u0131 he\u00e7 bir i\u015f g\u00f6r\u00fclm\u00fcr:<\/p>\n\n\n\n<figure class=\"wp-block-image size-large\"><img decoding=\"async\" width=\"1095\" height=\"821\" data-src=\"https:\/\/www.meydan.tv\/wp-content\/uploads\/photo-2022-09-13-13-12-46-1095x821.jpg\" alt=\"\" class=\"wp-image-256118 lazyload\" src=\"data:image\/svg+xml;base64,PHN2ZyB3aWR0aD0iMSIgaGVpZ2h0PSIxIiB4bWxucz0iaHR0cDovL3d3dy53My5vcmcvMjAwMC9zdmciPjwvc3ZnPg==\" style=\"--smush-placeholder-width: 1095px; --smush-placeholder-aspect-ratio: 1095\/821;\" \/><\/figure>\n\n\n\n<p>\u201cS\u0259kkiz m\u0259kt\u0259bin dam \u00f6rt\u00fcy\u00fcn\u00fc eyni vaxtda s\u00f6kd\u00fcl\u0259r. Bizim m\u0259kt\u0259b d\u0259 i\u00e7\u0259risind\u0259. Sonra da g\u00f6zl\u0259dil\u0259r ki, material verilsin. Bir aydan sonra t\u0259l\u0259sik \u00f6rtm\u0259y\u0259 ba\u015flad\u0131lar. S\u00f6k\u00fcnt\u00fc il\u0259 yeni \u00f6rt\u00fcy\u00fcn vurulmas\u0131 bir ay \u00e7\u0259kdi v\u0259 sinif otaqlar\u0131 ya\u011f\u0131\u015f alt\u0131nda qald\u0131. N\u0259tic\u0259d\u0259 keyfiyy\u0259tsiz i\u015f qoydular ortaya. \u0130ndi ya\u011f\u0131\u015f ya\u011fanda sinif otaqlar\u0131 suya q\u0259rq olur. Partalar, dig\u0259r mebell\u0259r, d\u0259rs l\u0259vazimatlar\u0131, elektronika vasit\u0259l\u0259ri, divarlardak\u0131 elektrik x\u0259tl\u0259ri s\u0131radan \u00e7\u0131x\u0131b. \u0130dman zal\u0131n\u0131n \u00fcst\u00fc is\u0259 h\u0259l\u0259 d\u0259 a\u00e7\u0131q qal\u0131b\u201d.<\/p>\n\n\n\n<p>\u015eikay\u0259t\u00e7il\u0259rin s\u00f6zl\u0259rin\u0259 g\u00f6r\u0259, m\u0259kt\u0259bin dam \u00f6rt\u00fcy\u00fcn\u00fcn t\u0259mirin\u0259 \u00fcmumiyy\u0259tl\u0259 ehtiyac olmay\u0131b:<\/p>\n\n\n\n<figure class=\"wp-block-image size-large\"><img decoding=\"async\" width=\"1095\" height=\"821\" data-src=\"https:\/\/www.meydan.tv\/wp-content\/uploads\/photo-2022-09-13-13-12-45-1095x821.jpg\" alt=\"\" class=\"wp-image-256124 lazyload\" src=\"data:image\/svg+xml;base64,PHN2ZyB3aWR0aD0iMSIgaGVpZ2h0PSIxIiB4bWxucz0iaHR0cDovL3d3dy53My5vcmcvMjAwMC9zdmciPjwvc3ZnPg==\" style=\"--smush-placeholder-width: 1095px; --smush-placeholder-aspect-ratio: 1095\/821;\" \/><\/figure>\n\n\n\n<p>\u201cK\u0259ndimizd\u0259ki m\u0259kt\u0259bin dam \u00f6rt\u00fcy\u00fc \u201cnejavika\u201d material\u0131ndan v\u0259 metal konstruksiyal\u0131, m\u00f6hk\u0259m idi. S\u00f6k\u00fclm\u0259mi\u015fd\u0259n \u0259vv\u0259l Yan\u011f\u0131ndan M\u00fchafiz\u0259 \u0130dar\u0259sinin g\u00f6st\u0259ri\u015fi il\u0259 dam \u00f6rt\u00fcy\u00fc i\u00e7\u0259ri t\u0259r\u0259fd\u0259n b\u00fct\u00f6vl\u00fckd\u0259 taxta v\u0259 \u015fiferl\u0259rl\u0259 birlikd\u0259 \u0259h\u0259ngl\u0259nmi\u015fdi. D\u0259yi\u015fdirilm\u0259sin\u0259 ehtiyac yox idi. Da\u011f\u0131d\u0131b t\u00f6kd\u00fcl\u0259r, xeyli d\u0259 f\u0259hl\u0259 g\u0259tirib i\u015fl\u0259tdil\u0259r, minl\u0259rl\u0259 manat pul sildil\u0259r. N\u0259tic\u0259d\u0259 m\u00f6hk\u0259m dam \u00f6rt\u00fcy\u00fc keyfiyy\u0259tsizi il\u0259 \u0259v\u0259z olundu. El\u0259c\u0259 d\u0259 dig\u0259r m\u0259kt\u0259bl\u0259rin dam \u00f6rt\u00fcy\u00fcn\u00fcn d\u0259yi\u015fdirilm\u0259sin\u0259 ehtiyac yox idi. M\u0259kt\u0259bl\u0259rin b\u0259zil\u0259ri yeni tikilib, b\u0259zil\u0259rinin dam \u00f6rt\u00fckl\u0259ri yeni d\u0259yi\u015fdirilmi\u015fdi\u201d.<\/p>\n\n\n\n<figure class=\"wp-block-image size-large\"><img decoding=\"async\" width=\"1095\" height=\"821\" data-src=\"https:\/\/www.meydan.tv\/wp-content\/uploads\/photo-2022-09-13-13-12-47-1095x821.jpg\" alt=\"\" class=\"wp-image-256127 lazyload\" src=\"data:image\/svg+xml;base64,PHN2ZyB3aWR0aD0iMSIgaGVpZ2h0PSIxIiB4bWxucz0iaHR0cDovL3d3dy53My5vcmcvMjAwMC9zdmciPjwvc3ZnPg==\" style=\"--smush-placeholder-width: 1095px; --smush-placeholder-aspect-ratio: 1095\/821;\" \/><\/figure>\n\n\n\n<p>Meydan TV sakinl\u0259rin iddia v\u0259 narahatl\u0131\u011f\u0131na m\u00fcnasib\u0259t \u00f6yr\u0259nm\u0259k \u00fc\u00e7\u00fcn Astara Rayon \u0130cra Hakimiyy\u0259tiyl\u0259 \u0259laq\u0259 saxlay\u0131b. Qurumdan L\u0259nk\u0259ran-Astara Regional T\u0259hsil \u0130dar\u0259siyl\u0259 \u0259laq\u0259 saxlama\u011f\u0131 m\u0259sl\u0259h\u0259t g\u00f6r\u00fcbl\u0259r. M\u00fcxbir idar\u0259nin m\u00fcdiri Elxan N\u0259c\u0259fovla \u0259laq\u0259 saxlama\u011fa \u00e7al\u0131\u015f\u0131b. O, m\u00fcxbirin z\u0259ngl\u0259rin\u0259 v\u0259 \u201cWhatsapp\u201d \u00fcz\u0259rind\u0259n yazd\u0131\u011f\u0131 ismar\u0131clara cavab verm\u0259yib. T\u0259hsil Nazirliyinin \u0130ctimaiyy\u0259tl\u0259 \u0259laq\u0259l\u0259r sektorunun m\u00fcdiri C\u0259sar\u0259t Valehov da eyni c\u00fcr davran\u0131b. Meydan TV \u0259m\u0259kda\u015f\u0131n\u0131n z\u0259ngl\u0259rin\u0259, x\u0259tt\u0259 oldu\u011fu halda \u201cWhatsapp\u201d \u00fcz\u0259rind\u0259n yazd\u0131\u011f\u0131 ismar\u0131clara cavab verm\u0259yib.<\/p>\n","protected":false},"excerpt":{"rendered":"<p>\u201cDa\u011f\u0131d\u0131b t\u00f6kd\u00fcl\u0259r, m\u00f6hk\u0259m dam \u00f6rt\u00fcy\u00fc keyfiyy\u0259tsizi il\u0259 \u0259v\u0259z olundu\u201d \u201cT\u0259dris &#8230; <\/p>\n<p class=\"read-more-container\"><a title=\"Astara sakinl\u0259ri: \u201cK\u0259nd m\u0259kt\u0259bl\u0259rinin t\u0259miri yar\u0131m\u00e7\u0131q qal\u0131b\u201d\" class=\"read-more button\" href=\"https:\/\/www.meydan.tv\/az\/article\/astara-sakinleri-kend-mekteblerinin-temiri-yarimciq-qalib\/#more-256130\" aria-label=\"Read more about Astara sakinl\u0259ri: \u201cK\u0259nd m\u0259kt\u0259bl\u0259rinin t\u0259miri yar\u0131m\u00e7\u0131q qal\u0131b\u201d\">Davam\u0131<\/a><\/p>\n","protected":false},"author":8,"featured_media":256112,"comment_status":"closed","ping_status":"closed","sticky":false,"template":"","format":"standard","meta":{"_acf_changed":false,"_sitemap_exclude":false,"_sitemap_priority":"","_sitemap_frequency":"","footnotes":""},"categories":[60,79,56],"tags":[],"class_list":["post-256130","post","type-post","status-publish","format-standard","has-post-thumbnail","hentry","category-bolge","category-featured","category-xeberler","infinite-scroll-item","generate-columns","tablet-grid-50","mobile-grid-100","grid-parent","grid-33","no-featured-image-padding"],"acf":[],"yoast_head":"<!-- This site is optimized with the Yoast SEO plugin v27.5 - https:\/\/yoast.com\/product\/yoast-seo-wordpress\/ -->\n<title>Astara sakinl\u0259ri: \u201cK\u0259nd m\u0259kt\u0259bl\u0259rinin t\u0259miri yar\u0131m\u00e7\u0131q qal\u0131b\u201d - MEYDAN.TV<\/title>\n<meta name=\"robots\" content=\"index, follow, max-snippet:-1, max-image-preview:large, max-video-preview:-1\" \/>\n<link rel=\"canonical\" href=\"https:\/\/www.meydan.tv\/az\/article\/astara-sakinleri-kend-mekteblerinin-temiri-yarimciq-qalib\/\" \/>\n<meta property=\"og:locale\" content=\"az_AZ\" \/>\n<meta property=\"og:type\" content=\"article\" \/>\n<meta property=\"og:title\" content=\"Astara sakinl\u0259ri: \u201cK\u0259nd m\u0259kt\u0259bl\u0259rinin t\u0259miri yar\u0131m\u00e7\u0131q qal\u0131b\u201d - MEYDAN.TV\" \/>\n<meta property=\"og:description\" content=\"\u201cDa\u011f\u0131d\u0131b t\u00f6kd\u00fcl\u0259r, m\u00f6hk\u0259m dam \u00f6rt\u00fcy\u00fc keyfiyy\u0259tsizi il\u0259 \u0259v\u0259z olundu\u201d \u201cT\u0259dris ... Davam\u0131\" \/>\n<meta property=\"og:url\" content=\"https:\/\/www.meydan.tv\/az\/article\/astara-sakinleri-kend-mekteblerinin-temiri-yarimciq-qalib\/\" \/>\n<meta property=\"og:site_name\" content=\"MEYDAN.TV\" \/>\n<meta property=\"article:published_time\" content=\"2022-09-19T06:03:15+00:00\" \/>\n<meta property=\"article:modified_time\" content=\"2022-09-19T06:03:18+00:00\" \/>\n<meta property=\"og:image\" content=\"https:\/\/www.meydan.tv\/wp-content\/uploads\/photo-2022-09-16-13-05-24.jpg\" \/>\n\t<meta property=\"og:image:width\" content=\"1200\" \/>\n\t<meta property=\"og:image:height\" content=\"900\" \/>\n\t<meta property=\"og:image:type\" content=\"image\/jpeg\" \/>\n<meta name=\"author\" content=\"elli\" \/>\n<meta name=\"twitter:card\" content=\"summary_large_image\" \/>\n<meta name=\"twitter:creator\" content=\"@elli\" \/>\n<script type=\"application\/ld+json\" class=\"yoast-schema-graph\">{\"@context\":\"https:\\\/\\\/schema.org\",\"@graph\":[{\"@type\":\"Article\",\"@id\":\"https:\\\/\\\/www.meydan.tv\\\/az\\\/article\\\/astara-sakinleri-kend-mekteblerinin-temiri-yarimciq-qalib\\\/#article\",\"isPartOf\":{\"@id\":\"https:\\\/\\\/www.meydan.tv\\\/az\\\/article\\\/astara-sakinleri-kend-mekteblerinin-temiri-yarimciq-qalib\\\/\"},\"author\":{\"name\":\"elli\",\"@id\":\"https:\\\/\\\/www.meydan.tv\\\/az\\\/#\\\/schema\\\/person\\\/9cdbecf90d17180ce1dfbd95b08dcf47\"},\"headline\":\"Astara sakinl\u0259ri: \u201cK\u0259nd m\u0259kt\u0259bl\u0259rinin t\u0259miri yar\u0131m\u00e7\u0131q qal\u0131b\u201d\",\"datePublished\":\"2022-09-19T06:03:15+00:00\",\"dateModified\":\"2022-09-19T06:03:18+00:00\",\"mainEntityOfPage\":{\"@id\":\"https:\\\/\\\/www.meydan.tv\\\/az\\\/article\\\/astara-sakinleri-kend-mekteblerinin-temiri-yarimciq-qalib\\\/\"},\"wordCount\":817,\"publisher\":{\"@id\":\"https:\\\/\\\/www.meydan.tv\\\/az\\\/#organization\"},\"image\":{\"@id\":\"https:\\\/\\\/www.meydan.tv\\\/az\\\/article\\\/astara-sakinleri-kend-mekteblerinin-temiri-yarimciq-qalib\\\/#primaryimage\"},\"thumbnailUrl\":\"https:\\\/\\\/www.meydan.tv\\\/wp-content\\\/uploads\\\/photo-2022-09-16-13-05-24.jpg\",\"articleSection\":[\"B\u00f6lg\u0259\",\"T\u00f6vsiy\u0259\",\"X\u0259b\u0259rl\u0259r\"],\"inLanguage\":\"az\"},{\"@type\":\"WebPage\",\"@id\":\"https:\\\/\\\/www.meydan.tv\\\/az\\\/article\\\/astara-sakinleri-kend-mekteblerinin-temiri-yarimciq-qalib\\\/\",\"url\":\"https:\\\/\\\/www.meydan.tv\\\/az\\\/article\\\/astara-sakinleri-kend-mekteblerinin-temiri-yarimciq-qalib\\\/\",\"name\":\"Astara sakinl\u0259ri: \u201cK\u0259nd m\u0259kt\u0259bl\u0259rinin t\u0259miri yar\u0131m\u00e7\u0131q qal\u0131b\u201d - MEYDAN.TV\",\"isPartOf\":{\"@id\":\"https:\\\/\\\/www.meydan.tv\\\/az\\\/#website\"},\"primaryImageOfPage\":{\"@id\":\"https:\\\/\\\/www.meydan.tv\\\/az\\\/article\\\/astara-sakinleri-kend-mekteblerinin-temiri-yarimciq-qalib\\\/#primaryimage\"},\"image\":{\"@id\":\"https:\\\/\\\/www.meydan.tv\\\/az\\\/article\\\/astara-sakinleri-kend-mekteblerinin-temiri-yarimciq-qalib\\\/#primaryimage\"},\"thumbnailUrl\":\"https:\\\/\\\/www.meydan.tv\\\/wp-content\\\/uploads\\\/photo-2022-09-16-13-05-24.jpg\",\"datePublished\":\"2022-09-19T06:03:15+00:00\",\"dateModified\":\"2022-09-19T06:03:18+00:00\",\"breadcrumb\":{\"@id\":\"https:\\\/\\\/www.meydan.tv\\\/az\\\/article\\\/astara-sakinleri-kend-mekteblerinin-temiri-yarimciq-qalib\\\/#breadcrumb\"},\"inLanguage\":\"az\",\"potentialAction\":[{\"@type\":\"ReadAction\",\"target\":[\"https:\\\/\\\/www.meydan.tv\\\/az\\\/article\\\/astara-sakinleri-kend-mekteblerinin-temiri-yarimciq-qalib\\\/\"]}]},{\"@type\":\"ImageObject\",\"inLanguage\":\"az\",\"@id\":\"https:\\\/\\\/www.meydan.tv\\\/az\\\/article\\\/astara-sakinleri-kend-mekteblerinin-temiri-yarimciq-qalib\\\/#primaryimage\",\"url\":\"https:\\\/\\\/www.meydan.tv\\\/wp-content\\\/uploads\\\/photo-2022-09-16-13-05-24.jpg\",\"contentUrl\":\"https:\\\/\\\/www.meydan.tv\\\/wp-content\\\/uploads\\\/photo-2022-09-16-13-05-24.jpg\",\"width\":1200,\"height\":900,\"caption\":\"Fotolar: Meydan TV\"},{\"@type\":\"BreadcrumbList\",\"@id\":\"https:\\\/\\\/www.meydan.tv\\\/az\\\/article\\\/astara-sakinleri-kend-mekteblerinin-temiri-yarimciq-qalib\\\/#breadcrumb\",\"itemListElement\":[{\"@type\":\"ListItem\",\"position\":1,\"name\":\"Ana s\u0259hif\u0259\",\"item\":\"https:\\\/\\\/www.meydan.tv\\\/az\\\/\"},{\"@type\":\"ListItem\",\"position\":2,\"name\":\"B\u00f6lg\u0259\",\"item\":\"https:\\\/\\\/www.meydan.tv\\\/az\\\/section\\\/bolge\\\/\"},{\"@type\":\"ListItem\",\"position\":3,\"name\":\"Astara sakinl\u0259ri: \u201cK\u0259nd m\u0259kt\u0259bl\u0259rinin t\u0259miri yar\u0131m\u00e7\u0131q qal\u0131b\u201d\"}]},{\"@type\":\"WebSite\",\"@id\":\"https:\\\/\\\/www.meydan.tv\\\/az\\\/#website\",\"url\":\"https:\\\/\\\/www.meydan.tv\\\/az\\\/\",\"name\":\"MEYDAN.TV\",\"description\":\"Meydan TV Az\u0259rbaycan\u0131n media m\u0259kan\u0131ndak\u0131 alternativ s\u0259sidir\",\"publisher\":{\"@id\":\"https:\\\/\\\/www.meydan.tv\\\/az\\\/#organization\"},\"potentialAction\":[{\"@type\":\"SearchAction\",\"target\":{\"@type\":\"EntryPoint\",\"urlTemplate\":\"https:\\\/\\\/www.meydan.tv\\\/az\\\/?s={search_term_string}\"},\"query-input\":{\"@type\":\"PropertyValueSpecification\",\"valueRequired\":true,\"valueName\":\"search_term_string\"}}],\"inLanguage\":\"az\"},{\"@type\":\"Organization\",\"@id\":\"https:\\\/\\\/www.meydan.tv\\\/az\\\/#organization\",\"name\":\"Meydan TV\",\"url\":\"https:\\\/\\\/www.meydan.tv\\\/az\\\/\",\"logo\":{\"@type\":\"ImageObject\",\"inLanguage\":\"az\",\"@id\":\"https:\\\/\\\/www.meydan.tv\\\/az\\\/#\\\/schema\\\/logo\\\/image\\\/\",\"url\":\"https:\\\/\\\/www.meydan.tv\\\/wp-content\\\/uploads\\\/2021\\\/07\\\/meydan-logo.svg\",\"contentUrl\":\"https:\\\/\\\/www.meydan.tv\\\/wp-content\\\/uploads\\\/2021\\\/07\\\/meydan-logo.svg\",\"width\":195,\"height\":46,\"caption\":\"Meydan TV\"},\"image\":{\"@id\":\"https:\\\/\\\/www.meydan.tv\\\/az\\\/#\\\/schema\\\/logo\\\/image\\\/\"}},{\"@type\":\"Person\",\"@id\":\"https:\\\/\\\/www.meydan.tv\\\/az\\\/#\\\/schema\\\/person\\\/9cdbecf90d17180ce1dfbd95b08dcf47\",\"name\":\"elli\",\"sameAs\":[\"https:\\\/\\\/x.com\\\/elli\"]}]}<\/script>\n<!-- \/ Yoast SEO plugin. -->","yoast_head_json":{"title":"Astara sakinl\u0259ri: \u201cK\u0259nd m\u0259kt\u0259bl\u0259rinin t\u0259miri yar\u0131m\u00e7\u0131q qal\u0131b\u201d - MEYDAN.TV","robots":{"index":"index","follow":"follow","max-snippet":"max-snippet:-1","max-image-preview":"max-image-preview:large","max-video-preview":"max-video-preview:-1"},"canonical":"https:\/\/www.meydan.tv\/az\/article\/astara-sakinleri-kend-mekteblerinin-temiri-yarimciq-qalib\/","og_locale":"az_AZ","og_type":"article","og_title":"Astara sakinl\u0259ri: \u201cK\u0259nd m\u0259kt\u0259bl\u0259rinin t\u0259miri yar\u0131m\u00e7\u0131q qal\u0131b\u201d - MEYDAN.TV","og_description":"\u201cDa\u011f\u0131d\u0131b t\u00f6kd\u00fcl\u0259r, m\u00f6hk\u0259m dam \u00f6rt\u00fcy\u00fc keyfiyy\u0259tsizi il\u0259 \u0259v\u0259z olundu\u201d \u201cT\u0259dris ... Davam\u0131","og_url":"https:\/\/www.meydan.tv\/az\/article\/astara-sakinleri-kend-mekteblerinin-temiri-yarimciq-qalib\/","og_site_name":"MEYDAN.TV","article_published_time":"2022-09-19T06:03:15+00:00","article_modified_time":"2022-09-19T06:03:18+00:00","og_image":[{"width":1200,"height":900,"url":"https:\/\/www.meydan.tv\/wp-content\/uploads\/photo-2022-09-16-13-05-24.jpg","type":"image\/jpeg"}],"author":"elli","twitter_card":"summary_large_image","twitter_creator":"@elli","schema":{"@context":"https:\/\/schema.org","@graph":[{"@type":"Article","@id":"https:\/\/www.meydan.tv\/az\/article\/astara-sakinleri-kend-mekteblerinin-temiri-yarimciq-qalib\/#article","isPartOf":{"@id":"https:\/\/www.meydan.tv\/az\/article\/astara-sakinleri-kend-mekteblerinin-temiri-yarimciq-qalib\/"},"author":{"name":"elli","@id":"https:\/\/www.meydan.tv\/az\/#\/schema\/person\/9cdbecf90d17180ce1dfbd95b08dcf47"},"headline":"Astara sakinl\u0259ri: \u201cK\u0259nd m\u0259kt\u0259bl\u0259rinin t\u0259miri yar\u0131m\u00e7\u0131q qal\u0131b\u201d","datePublished":"2022-09-19T06:03:15+00:00","dateModified":"2022-09-19T06:03:18+00:00","mainEntityOfPage":{"@id":"https:\/\/www.meydan.tv\/az\/article\/astara-sakinleri-kend-mekteblerinin-temiri-yarimciq-qalib\/"},"wordCount":817,"publisher":{"@id":"https:\/\/www.meydan.tv\/az\/#organization"},"image":{"@id":"https:\/\/www.meydan.tv\/az\/article\/astara-sakinleri-kend-mekteblerinin-temiri-yarimciq-qalib\/#primaryimage"},"thumbnailUrl":"https:\/\/www.meydan.tv\/wp-content\/uploads\/photo-2022-09-16-13-05-24.jpg","articleSection":["B\u00f6lg\u0259","T\u00f6vsiy\u0259","X\u0259b\u0259rl\u0259r"],"inLanguage":"az"},{"@type":"WebPage","@id":"https:\/\/www.meydan.tv\/az\/article\/astara-sakinleri-kend-mekteblerinin-temiri-yarimciq-qalib\/","url":"https:\/\/www.meydan.tv\/az\/article\/astara-sakinleri-kend-mekteblerinin-temiri-yarimciq-qalib\/","name":"Astara sakinl\u0259ri: \u201cK\u0259nd m\u0259kt\u0259bl\u0259rinin t\u0259miri yar\u0131m\u00e7\u0131q qal\u0131b\u201d - MEYDAN.TV","isPartOf":{"@id":"https:\/\/www.meydan.tv\/az\/#website"},"primaryImageOfPage":{"@id":"https:\/\/www.meydan.tv\/az\/article\/astara-sakinleri-kend-mekteblerinin-temiri-yarimciq-qalib\/#primaryimage"},"image":{"@id":"https:\/\/www.meydan.tv\/az\/article\/astara-sakinleri-kend-mekteblerinin-temiri-yarimciq-qalib\/#primaryimage"},"thumbnailUrl":"https:\/\/www.meydan.tv\/wp-content\/uploads\/photo-2022-09-16-13-05-24.jpg","datePublished":"2022-09-19T06:03:15+00:00","dateModified":"2022-09-19T06:03:18+00:00","breadcrumb":{"@id":"https:\/\/www.meydan.tv\/az\/article\/astara-sakinleri-kend-mekteblerinin-temiri-yarimciq-qalib\/#breadcrumb"},"inLanguage":"az","potentialAction":[{"@type":"ReadAction","target":["https:\/\/www.meydan.tv\/az\/article\/astara-sakinleri-kend-mekteblerinin-temiri-yarimciq-qalib\/"]}]},{"@type":"ImageObject","inLanguage":"az","@id":"https:\/\/www.meydan.tv\/az\/article\/astara-sakinleri-kend-mekteblerinin-temiri-yarimciq-qalib\/#primaryimage","url":"https:\/\/www.meydan.tv\/wp-content\/uploads\/photo-2022-09-16-13-05-24.jpg","contentUrl":"https:\/\/www.meydan.tv\/wp-content\/uploads\/photo-2022-09-16-13-05-24.jpg","width":1200,"height":900,"caption":"Fotolar: Meydan TV"},{"@type":"BreadcrumbList","@id":"https:\/\/www.meydan.tv\/az\/article\/astara-sakinleri-kend-mekteblerinin-temiri-yarimciq-qalib\/#breadcrumb","itemListElement":[{"@type":"ListItem","position":1,"name":"Ana s\u0259hif\u0259","item":"https:\/\/www.meydan.tv\/az\/"},{"@type":"ListItem","position":2,"name":"B\u00f6lg\u0259","item":"https:\/\/www.meydan.tv\/az\/section\/bolge\/"},{"@type":"ListItem","position":3,"name":"Astara sakinl\u0259ri: \u201cK\u0259nd m\u0259kt\u0259bl\u0259rinin t\u0259miri yar\u0131m\u00e7\u0131q qal\u0131b\u201d"}]},{"@type":"WebSite","@id":"https:\/\/www.meydan.tv\/az\/#website","url":"https:\/\/www.meydan.tv\/az\/","name":"MEYDAN.TV","description":"Meydan TV Az\u0259rbaycan\u0131n media m\u0259kan\u0131ndak\u0131 alternativ s\u0259sidir","publisher":{"@id":"https:\/\/www.meydan.tv\/az\/#organization"},"potentialAction":[{"@type":"SearchAction","target":{"@type":"EntryPoint","urlTemplate":"https:\/\/www.meydan.tv\/az\/?s={search_term_string}"},"query-input":{"@type":"PropertyValueSpecification","valueRequired":true,"valueName":"search_term_string"}}],"inLanguage":"az"},{"@type":"Organization","@id":"https:\/\/www.meydan.tv\/az\/#organization","name":"Meydan TV","url":"https:\/\/www.meydan.tv\/az\/","logo":{"@type":"ImageObject","inLanguage":"az","@id":"https:\/\/www.meydan.tv\/az\/#\/schema\/logo\/image\/","url":"https:\/\/www.meydan.tv\/wp-content\/uploads\/2021\/07\/meydan-logo.svg","contentUrl":"https:\/\/www.meydan.tv\/wp-content\/uploads\/2021\/07\/meydan-logo.svg","width":195,"height":46,"caption":"Meydan TV"},"image":{"@id":"https:\/\/www.meydan.tv\/az\/#\/schema\/logo\/image\/"}},{"@type":"Person","@id":"https:\/\/www.meydan.tv\/az\/#\/schema\/person\/9cdbecf90d17180ce1dfbd95b08dcf47","name":"elli","sameAs":["https:\/\/x.com\/elli"]}]}},"_links":{"self":[{"href":"https:\/\/www.meydan.tv\/az\/wp-json\/wp\/v2\/posts\/256130","targetHints":{"allow":["GET"]}}],"collection":[{"href":"https:\/\/www.meydan.tv\/az\/wp-json\/wp\/v2\/posts"}],"about":[{"href":"https:\/\/www.meydan.tv\/az\/wp-json\/wp\/v2\/types\/post"}],"author":[{"embeddable":true,"href":"https:\/\/www.meydan.tv\/az\/wp-json\/wp\/v2\/users\/8"}],"replies":[{"embeddable":true,"href":"https:\/\/www.meydan.tv\/az\/wp-json\/wp\/v2\/comments?post=256130"}],"version-history":[{"count":1,"href":"https:\/\/www.meydan.tv\/az\/wp-json\/wp\/v2\/posts\/256130\/revisions"}],"predecessor-version":[{"id":256131,"href":"https:\/\/www.meydan.tv\/az\/wp-json\/wp\/v2\/posts\/256130\/revisions\/256131"}],"wp:featuredmedia":[{"embeddable":true,"href":"https:\/\/www.meydan.tv\/az\/wp-json\/wp\/v2\/media\/256112"}],"wp:attachment":[{"href":"https:\/\/www.meydan.tv\/az\/wp-json\/wp\/v2\/media?parent=256130"}],"wp:term":[{"taxonomy":"category","embeddable":true,"href":"https:\/\/www.meydan.tv\/az\/wp-json\/wp\/v2\/categories?post=256130"},{"taxonomy":"post_tag","embeddable":true,"href":"https:\/\/www.meydan.tv\/az\/wp-json\/wp\/v2\/tags?post=256130"}],"curies":[{"name":"wp","href":"https:\/\/api.w.org\/{rel}","templated":true}]}}