{"id":256053,"date":"2022-09-17T18:23:15","date_gmt":"2022-09-17T14:23:15","guid":{"rendered":"https:\/\/www.meydan.tv\/?p=256053"},"modified":"2022-09-17T18:27:27","modified_gmt":"2022-09-17T14:27:27","slug":"qobustan-sakini-polis-terefinden-tehdid-olundugunu-deyir","status":"publish","type":"post","link":"https:\/\/www.meydan.tv\/az\/article\/qobustan-sakini-polis-terefinden-tehdid-olundugunu-deyir\/","title":{"rendered":"Qobustan sakini polis t\u0259r\u0259find\u0259n t\u0259hdid olundu\u011funu deyir"},"content":{"rendered":"\n<iframe data-src=\"https:\/\/www.facebook.com\/plugins\/video.php?height=314&#038;href=https%3A%2F%2Fbusiness.facebook.com%2FMeydanTelevision%2Fvideos%2F647314816684076%2F&#038;show_text=false&#038;width=560&#038;t=0\" width=\"560\" height=\"314\" style=\"border:none;overflow:hidden\" scrolling=\"no\" frameborder=\"0\" allowfullscreen=\"true\" allow=\"autoplay; clipboard-write; encrypted-media; picture-in-picture; web-share\" allowFullScreen=\"true\" src=\"data:image\/svg+xml;base64,PHN2ZyB3aWR0aD0iMSIgaGVpZ2h0PSIxIiB4bWxucz0iaHR0cDovL3d3dy53My5vcmcvMjAwMC9zdmciPjwvc3ZnPg==\" class=\"lazyload\" data-load-mode=\"1\"><\/iframe>\n\n\n\n<p>Qobustan sakini Anar S\u0259f\u0259rov deyir ki, sentyabr\u0131n 2-d\u0259n 3-n\u0259 ke\u00e7\u0259n &#8220;Q\u0131rm\u0131z\u0131 kafe&#8221; adlanan yerd\u0259 polisl\u0259rin topla\u015fd\u0131\u011f\u0131n\u0131\u00a0 v\u0259 xeyli s\u0259s -k\u00fcy oldu\u011funu g\u00f6r\u00fcb,\u00a0 hadis\u0259 il\u0259 ba\u011fl\u0131 maraqlanma\u011fa g\u0259lib.<\/p>\n\n\n\n<p>Onun s\u00f6zl\u0259rin\u0259 g\u00f6r\u0259, polisl\u0259rd\u0259n biri ona h\u00fccum edib, onu b\u0131caqlamaqla h\u0259d\u0259l\u0259yib. D\u0130N-in 102 xidm\u0259tin\u0259 \u015fikay\u0259t ed\u0259n Anar S\u0259f\u0259rovun \u0259lind\u0259 polisin onu t\u0259hqir v\u0259 t\u0259hdid etdiyi videolar da var. Videolarda polis mayoru Z\u00f6hrab H\u00fcseynov &#8220;M\u0259n \u00e7\u0259kir\u0259m, hallan\u0131ram, naraz\u0131l\u0131\u011f\u0131n var, nazirliy\u0259 bildir&#8221; deyir.&nbsp;<\/p>\n\n\n\n<p>Anar S\u0259f\u0259rov m\u00fcxt\u0259lif vaxtlarda t\u0259xribata \u00e7\u0259kildiyini d\u0259 deyib.&nbsp;<\/p>\n\n\n\n<p>D\u0130N-in M\u0259tbuat Xidm\u0259tinin \u015e\u0259ki regional qrupundan Meydan TV-y\u0259 bildirilib ki, sentyabr\u0131n 3-d\u0259 rayon sakini S\u0259nan Mustafayev s\u0259rxo\u015f v\u0259ziyy\u0259td\u0259 n\u0259qliyyat vasit\u0259si idar\u0259 etdiyi \u00fc\u00e7\u00fcn polis \u0259m\u0259kda\u015flar\u0131 t\u0259r\u0259find\u0259n n\u0259zar\u0259t-yoxlama qaydas\u0131nda saxlan\u0131l\u0131b. O, tibbi m\u00fcayin\u0259d\u0259n ke\u00e7irilib v\u0259 m\u00fcayin\u0259nin d\u0259 n\u0259tic\u0259sin\u0259 \u0259sas\u0259n s\u00fcr\u00fcc\u00fcn\u00fcn s\u0259rxo\u015f oldu\u011fu s\u00fcbuta yetirilib. H\u0259min vaxt hadis\u0259 yerin\u0259 g\u0259l\u0259n Anar S\u0259f\u0259rov, qarda\u015f\u0131 \u015eamo S\u0259f\u0259rov v\u0259 dig\u0259r bir n\u0259f\u0259r S.Mustafayevin tan\u0131\u015flar\u0131 oldu\u011funu v\u0259&nbsp; bar\u0259sind\u0259 qanuni t\u0259dbir g\u00f6r\u00fclm\u0259m\u0259sini xahi\u015f edibl\u0259r:<\/p>\n\n\n\n<p>\u201cAncaq onlar\u0131n qeyri-qanuni t\u0259l\u0259bi n\u0259z\u0259r\u0259 al\u0131nmay\u0131b v\u0259 s\u00fcr\u00fcc\u00fc bar\u0259sind\u0259 toplanm\u0131\u015f materiallar m\u0259hk\u0259m\u0259y\u0259 g\u00f6nd\u0259rilib. H\u0259min \u015f\u0259xsl\u0259rin xahi\u015fl\u0259ri n\u0259z\u0259r\u0259 al\u0131nmad\u0131\u011f\u0131 \u00fc\u00e7\u00fcn A.S\u0259f\u0259rovun atas\u0131 Namiq S\u0259f\u0259rov polis \u015f\u00f6b\u0259sinin qar\u015f\u0131s\u0131na g\u0259l\u0259r\u0259k q\u0259r\u0259zli \u015f\u0259kild\u0259 polis \u0259m\u0259kda\u015f\u0131 il\u0259 m\u00fcbahis\u0259 edib v\u0259 guya onun s\u0259rxo\u015f,narkotik vasit\u0259nin t\u0259siri alt\u0131nda oldu\u011funu bildirib\u201d.&nbsp;<\/p>\n\n\n\n<p>R\u0259smi m\u0259lumatda o da qeyd olunub ki, etik davran\u0131\u015f kodeksini pozdu\u011fu \u00fc\u00e7\u00fcn&nbsp; videoda g\u00f6r\u00fcnt\u00fcl\u0259n\u0259n polis \u0259m\u0259kda\u015f\u0131 bar\u0259sind\u0259 d\u0259 intizam t\u0259dbiri g\u00f6r\u00fcl\u00fcb.<\/p>\n","protected":false},"excerpt":{"rendered":"<p>Qobustan sakini Anar S\u0259f\u0259rov deyir ki, sentyabr\u0131n 2-d\u0259n 3-n\u0259 ke\u00e7\u0259n &#8230; <\/p>\n<p class=\"read-more-container\"><a title=\"Qobustan sakini polis t\u0259r\u0259find\u0259n t\u0259hdid olundu\u011funu deyir\" class=\"read-more button\" href=\"https:\/\/www.meydan.tv\/az\/article\/qobustan-sakini-polis-terefinden-tehdid-olundugunu-deyir\/#more-256053\" aria-label=\"Read more about Qobustan sakini polis t\u0259r\u0259find\u0259n t\u0259hdid olundu\u011funu deyir\">Davam\u0131<\/a><\/p>\n","protected":false},"author":14,"featured_media":256054,"comment_status":"closed","ping_status":"closed","sticky":false,"template":"","format":"standard","meta":{"_acf_changed":false,"_sitemap_exclude":false,"_sitemap_priority":"","_sitemap_frequency":"","footnotes":""},"categories":[63],"tags":[],"class_list":["post-256053","post","type-post","status-publish","format-standard","has-post-thumbnail","hentry","category-video-2","infinite-scroll-item","generate-columns","tablet-grid-50","mobile-grid-100","grid-parent","grid-33","no-featured-image-padding"],"acf":[],"yoast_head":"<!-- This site is optimized with the Yoast SEO plugin v27.5 - https:\/\/yoast.com\/product\/yoast-seo-wordpress\/ -->\n<title>Qobustan sakini polis t\u0259r\u0259find\u0259n t\u0259hdid olundu\u011funu deyir - MEYDAN.TV<\/title>\n<meta name=\"robots\" content=\"index, follow, max-snippet:-1, max-image-preview:large, max-video-preview:-1\" \/>\n<link rel=\"canonical\" href=\"https:\/\/www.meydan.tv\/az\/article\/qobustan-sakini-polis-terefinden-tehdid-olundugunu-deyir\/\" \/>\n<meta property=\"og:locale\" content=\"az_AZ\" \/>\n<meta property=\"og:type\" content=\"article\" \/>\n<meta property=\"og:title\" content=\"Qobustan sakini polis t\u0259r\u0259find\u0259n t\u0259hdid olundu\u011funu deyir - MEYDAN.TV\" \/>\n<meta property=\"og:description\" content=\"Qobustan sakini Anar S\u0259f\u0259rov deyir ki, sentyabr\u0131n 2-d\u0259n 3-n\u0259 ke\u00e7\u0259n ... Davam\u0131\" \/>\n<meta property=\"og:url\" content=\"https:\/\/www.meydan.tv\/az\/article\/qobustan-sakini-polis-terefinden-tehdid-olundugunu-deyir\/\" \/>\n<meta property=\"og:site_name\" content=\"MEYDAN.TV\" \/>\n<meta property=\"article:published_time\" content=\"2022-09-17T14:23:15+00:00\" \/>\n<meta property=\"article:modified_time\" content=\"2022-09-17T14:27:27+00:00\" \/>\n<meta property=\"og:image\" content=\"https:\/\/www.meydan.tv\/wp-content\/uploads\/screenshot-at-sep-17-16-22-39.png\" \/>\n\t<meta property=\"og:image:width\" content=\"1016\" \/>\n\t<meta property=\"og:image:height\" content=\"566\" \/>\n\t<meta property=\"og:image:type\" content=\"image\/png\" \/>\n<meta name=\"author\" content=\"roma\" \/>\n<meta name=\"twitter:card\" content=\"summary_large_image\" \/>\n<script type=\"application\/ld+json\" class=\"yoast-schema-graph\">{\"@context\":\"https:\\\/\\\/schema.org\",\"@graph\":[{\"@type\":\"Article\",\"@id\":\"https:\\\/\\\/www.meydan.tv\\\/az\\\/article\\\/qobustan-sakini-polis-terefinden-tehdid-olundugunu-deyir\\\/#article\",\"isPartOf\":{\"@id\":\"https:\\\/\\\/www.meydan.tv\\\/az\\\/article\\\/qobustan-sakini-polis-terefinden-tehdid-olundugunu-deyir\\\/\"},\"author\":{\"name\":\"roma\",\"@id\":\"https:\\\/\\\/www.meydan.tv\\\/az\\\/#\\\/schema\\\/person\\\/8f23e01c4de63326c13c319fb65ee65d\"},\"headline\":\"Qobustan sakini polis t\u0259r\u0259find\u0259n t\u0259hdid olundu\u011funu deyir\",\"datePublished\":\"2022-09-17T14:23:15+00:00\",\"dateModified\":\"2022-09-17T14:27:27+00:00\",\"mainEntityOfPage\":{\"@id\":\"https:\\\/\\\/www.meydan.tv\\\/az\\\/article\\\/qobustan-sakini-polis-terefinden-tehdid-olundugunu-deyir\\\/\"},\"wordCount\":384,\"publisher\":{\"@id\":\"https:\\\/\\\/www.meydan.tv\\\/az\\\/#organization\"},\"image\":{\"@id\":\"https:\\\/\\\/www.meydan.tv\\\/az\\\/article\\\/qobustan-sakini-polis-terefinden-tehdid-olundugunu-deyir\\\/#primaryimage\"},\"thumbnailUrl\":\"https:\\\/\\\/www.meydan.tv\\\/wp-content\\\/uploads\\\/screenshot-at-sep-17-16-22-39.png\",\"articleSection\":[\"Video\"],\"inLanguage\":\"az\"},{\"@type\":\"WebPage\",\"@id\":\"https:\\\/\\\/www.meydan.tv\\\/az\\\/article\\\/qobustan-sakini-polis-terefinden-tehdid-olundugunu-deyir\\\/\",\"url\":\"https:\\\/\\\/www.meydan.tv\\\/az\\\/article\\\/qobustan-sakini-polis-terefinden-tehdid-olundugunu-deyir\\\/\",\"name\":\"Qobustan sakini polis t\u0259r\u0259find\u0259n t\u0259hdid olundu\u011funu deyir - MEYDAN.TV\",\"isPartOf\":{\"@id\":\"https:\\\/\\\/www.meydan.tv\\\/az\\\/#website\"},\"primaryImageOfPage\":{\"@id\":\"https:\\\/\\\/www.meydan.tv\\\/az\\\/article\\\/qobustan-sakini-polis-terefinden-tehdid-olundugunu-deyir\\\/#primaryimage\"},\"image\":{\"@id\":\"https:\\\/\\\/www.meydan.tv\\\/az\\\/article\\\/qobustan-sakini-polis-terefinden-tehdid-olundugunu-deyir\\\/#primaryimage\"},\"thumbnailUrl\":\"https:\\\/\\\/www.meydan.tv\\\/wp-content\\\/uploads\\\/screenshot-at-sep-17-16-22-39.png\",\"datePublished\":\"2022-09-17T14:23:15+00:00\",\"dateModified\":\"2022-09-17T14:27:27+00:00\",\"breadcrumb\":{\"@id\":\"https:\\\/\\\/www.meydan.tv\\\/az\\\/article\\\/qobustan-sakini-polis-terefinden-tehdid-olundugunu-deyir\\\/#breadcrumb\"},\"inLanguage\":\"az\",\"potentialAction\":[{\"@type\":\"ReadAction\",\"target\":[\"https:\\\/\\\/www.meydan.tv\\\/az\\\/article\\\/qobustan-sakini-polis-terefinden-tehdid-olundugunu-deyir\\\/\"]}]},{\"@type\":\"ImageObject\",\"inLanguage\":\"az\",\"@id\":\"https:\\\/\\\/www.meydan.tv\\\/az\\\/article\\\/qobustan-sakini-polis-terefinden-tehdid-olundugunu-deyir\\\/#primaryimage\",\"url\":\"https:\\\/\\\/www.meydan.tv\\\/wp-content\\\/uploads\\\/screenshot-at-sep-17-16-22-39.png\",\"contentUrl\":\"https:\\\/\\\/www.meydan.tv\\\/wp-content\\\/uploads\\\/screenshot-at-sep-17-16-22-39.png\",\"width\":1016,\"height\":566},{\"@type\":\"BreadcrumbList\",\"@id\":\"https:\\\/\\\/www.meydan.tv\\\/az\\\/article\\\/qobustan-sakini-polis-terefinden-tehdid-olundugunu-deyir\\\/#breadcrumb\",\"itemListElement\":[{\"@type\":\"ListItem\",\"position\":1,\"name\":\"Ana s\u0259hif\u0259\",\"item\":\"https:\\\/\\\/www.meydan.tv\\\/az\\\/\"},{\"@type\":\"ListItem\",\"position\":2,\"name\":\"Video\",\"item\":\"https:\\\/\\\/www.meydan.tv\\\/az\\\/section\\\/video-2\\\/\"},{\"@type\":\"ListItem\",\"position\":3,\"name\":\"Qobustan sakini polis t\u0259r\u0259find\u0259n t\u0259hdid olundu\u011funu deyir\"}]},{\"@type\":\"WebSite\",\"@id\":\"https:\\\/\\\/www.meydan.tv\\\/az\\\/#website\",\"url\":\"https:\\\/\\\/www.meydan.tv\\\/az\\\/\",\"name\":\"MEYDAN.TV\",\"description\":\"Meydan TV Az\u0259rbaycan\u0131n media m\u0259kan\u0131ndak\u0131 alternativ s\u0259sidir\",\"publisher\":{\"@id\":\"https:\\\/\\\/www.meydan.tv\\\/az\\\/#organization\"},\"potentialAction\":[{\"@type\":\"SearchAction\",\"target\":{\"@type\":\"EntryPoint\",\"urlTemplate\":\"https:\\\/\\\/www.meydan.tv\\\/az\\\/?s={search_term_string}\"},\"query-input\":{\"@type\":\"PropertyValueSpecification\",\"valueRequired\":true,\"valueName\":\"search_term_string\"}}],\"inLanguage\":\"az\"},{\"@type\":\"Organization\",\"@id\":\"https:\\\/\\\/www.meydan.tv\\\/az\\\/#organization\",\"name\":\"Meydan TV\",\"url\":\"https:\\\/\\\/www.meydan.tv\\\/az\\\/\",\"logo\":{\"@type\":\"ImageObject\",\"inLanguage\":\"az\",\"@id\":\"https:\\\/\\\/www.meydan.tv\\\/az\\\/#\\\/schema\\\/logo\\\/image\\\/\",\"url\":\"https:\\\/\\\/www.meydan.tv\\\/wp-content\\\/uploads\\\/2021\\\/07\\\/meydan-logo.svg\",\"contentUrl\":\"https:\\\/\\\/www.meydan.tv\\\/wp-content\\\/uploads\\\/2021\\\/07\\\/meydan-logo.svg\",\"width\":195,\"height\":46,\"caption\":\"Meydan TV\"},\"image\":{\"@id\":\"https:\\\/\\\/www.meydan.tv\\\/az\\\/#\\\/schema\\\/logo\\\/image\\\/\"}},{\"@type\":\"Person\",\"@id\":\"https:\\\/\\\/www.meydan.tv\\\/az\\\/#\\\/schema\\\/person\\\/8f23e01c4de63326c13c319fb65ee65d\",\"name\":\"roma\"}]}<\/script>\n<!-- \/ Yoast SEO plugin. -->","yoast_head_json":{"title":"Qobustan sakini polis t\u0259r\u0259find\u0259n t\u0259hdid olundu\u011funu deyir - MEYDAN.TV","robots":{"index":"index","follow":"follow","max-snippet":"max-snippet:-1","max-image-preview":"max-image-preview:large","max-video-preview":"max-video-preview:-1"},"canonical":"https:\/\/www.meydan.tv\/az\/article\/qobustan-sakini-polis-terefinden-tehdid-olundugunu-deyir\/","og_locale":"az_AZ","og_type":"article","og_title":"Qobustan sakini polis t\u0259r\u0259find\u0259n t\u0259hdid olundu\u011funu deyir - MEYDAN.TV","og_description":"Qobustan sakini Anar S\u0259f\u0259rov deyir ki, sentyabr\u0131n 2-d\u0259n 3-n\u0259 ke\u00e7\u0259n ... Davam\u0131","og_url":"https:\/\/www.meydan.tv\/az\/article\/qobustan-sakini-polis-terefinden-tehdid-olundugunu-deyir\/","og_site_name":"MEYDAN.TV","article_published_time":"2022-09-17T14:23:15+00:00","article_modified_time":"2022-09-17T14:27:27+00:00","og_image":[{"width":1016,"height":566,"url":"https:\/\/www.meydan.tv\/wp-content\/uploads\/screenshot-at-sep-17-16-22-39.png","type":"image\/png"}],"author":"roma","twitter_card":"summary_large_image","schema":{"@context":"https:\/\/schema.org","@graph":[{"@type":"Article","@id":"https:\/\/www.meydan.tv\/az\/article\/qobustan-sakini-polis-terefinden-tehdid-olundugunu-deyir\/#article","isPartOf":{"@id":"https:\/\/www.meydan.tv\/az\/article\/qobustan-sakini-polis-terefinden-tehdid-olundugunu-deyir\/"},"author":{"name":"roma","@id":"https:\/\/www.meydan.tv\/az\/#\/schema\/person\/8f23e01c4de63326c13c319fb65ee65d"},"headline":"Qobustan sakini polis t\u0259r\u0259find\u0259n t\u0259hdid olundu\u011funu deyir","datePublished":"2022-09-17T14:23:15+00:00","dateModified":"2022-09-17T14:27:27+00:00","mainEntityOfPage":{"@id":"https:\/\/www.meydan.tv\/az\/article\/qobustan-sakini-polis-terefinden-tehdid-olundugunu-deyir\/"},"wordCount":384,"publisher":{"@id":"https:\/\/www.meydan.tv\/az\/#organization"},"image":{"@id":"https:\/\/www.meydan.tv\/az\/article\/qobustan-sakini-polis-terefinden-tehdid-olundugunu-deyir\/#primaryimage"},"thumbnailUrl":"https:\/\/www.meydan.tv\/wp-content\/uploads\/screenshot-at-sep-17-16-22-39.png","articleSection":["Video"],"inLanguage":"az"},{"@type":"WebPage","@id":"https:\/\/www.meydan.tv\/az\/article\/qobustan-sakini-polis-terefinden-tehdid-olundugunu-deyir\/","url":"https:\/\/www.meydan.tv\/az\/article\/qobustan-sakini-polis-terefinden-tehdid-olundugunu-deyir\/","name":"Qobustan sakini polis t\u0259r\u0259find\u0259n t\u0259hdid olundu\u011funu deyir - MEYDAN.TV","isPartOf":{"@id":"https:\/\/www.meydan.tv\/az\/#website"},"primaryImageOfPage":{"@id":"https:\/\/www.meydan.tv\/az\/article\/qobustan-sakini-polis-terefinden-tehdid-olundugunu-deyir\/#primaryimage"},"image":{"@id":"https:\/\/www.meydan.tv\/az\/article\/qobustan-sakini-polis-terefinden-tehdid-olundugunu-deyir\/#primaryimage"},"thumbnailUrl":"https:\/\/www.meydan.tv\/wp-content\/uploads\/screenshot-at-sep-17-16-22-39.png","datePublished":"2022-09-17T14:23:15+00:00","dateModified":"2022-09-17T14:27:27+00:00","breadcrumb":{"@id":"https:\/\/www.meydan.tv\/az\/article\/qobustan-sakini-polis-terefinden-tehdid-olundugunu-deyir\/#breadcrumb"},"inLanguage":"az","potentialAction":[{"@type":"ReadAction","target":["https:\/\/www.meydan.tv\/az\/article\/qobustan-sakini-polis-terefinden-tehdid-olundugunu-deyir\/"]}]},{"@type":"ImageObject","inLanguage":"az","@id":"https:\/\/www.meydan.tv\/az\/article\/qobustan-sakini-polis-terefinden-tehdid-olundugunu-deyir\/#primaryimage","url":"https:\/\/www.meydan.tv\/wp-content\/uploads\/screenshot-at-sep-17-16-22-39.png","contentUrl":"https:\/\/www.meydan.tv\/wp-content\/uploads\/screenshot-at-sep-17-16-22-39.png","width":1016,"height":566},{"@type":"BreadcrumbList","@id":"https:\/\/www.meydan.tv\/az\/article\/qobustan-sakini-polis-terefinden-tehdid-olundugunu-deyir\/#breadcrumb","itemListElement":[{"@type":"ListItem","position":1,"name":"Ana s\u0259hif\u0259","item":"https:\/\/www.meydan.tv\/az\/"},{"@type":"ListItem","position":2,"name":"Video","item":"https:\/\/www.meydan.tv\/az\/section\/video-2\/"},{"@type":"ListItem","position":3,"name":"Qobustan sakini polis t\u0259r\u0259find\u0259n t\u0259hdid olundu\u011funu deyir"}]},{"@type":"WebSite","@id":"https:\/\/www.meydan.tv\/az\/#website","url":"https:\/\/www.meydan.tv\/az\/","name":"MEYDAN.TV","description":"Meydan TV Az\u0259rbaycan\u0131n media m\u0259kan\u0131ndak\u0131 alternativ s\u0259sidir","publisher":{"@id":"https:\/\/www.meydan.tv\/az\/#organization"},"potentialAction":[{"@type":"SearchAction","target":{"@type":"EntryPoint","urlTemplate":"https:\/\/www.meydan.tv\/az\/?s={search_term_string}"},"query-input":{"@type":"PropertyValueSpecification","valueRequired":true,"valueName":"search_term_string"}}],"inLanguage":"az"},{"@type":"Organization","@id":"https:\/\/www.meydan.tv\/az\/#organization","name":"Meydan TV","url":"https:\/\/www.meydan.tv\/az\/","logo":{"@type":"ImageObject","inLanguage":"az","@id":"https:\/\/www.meydan.tv\/az\/#\/schema\/logo\/image\/","url":"https:\/\/www.meydan.tv\/wp-content\/uploads\/2021\/07\/meydan-logo.svg","contentUrl":"https:\/\/www.meydan.tv\/wp-content\/uploads\/2021\/07\/meydan-logo.svg","width":195,"height":46,"caption":"Meydan TV"},"image":{"@id":"https:\/\/www.meydan.tv\/az\/#\/schema\/logo\/image\/"}},{"@type":"Person","@id":"https:\/\/www.meydan.tv\/az\/#\/schema\/person\/8f23e01c4de63326c13c319fb65ee65d","name":"roma"}]}},"_links":{"self":[{"href":"https:\/\/www.meydan.tv\/az\/wp-json\/wp\/v2\/posts\/256053","targetHints":{"allow":["GET"]}}],"collection":[{"href":"https:\/\/www.meydan.tv\/az\/wp-json\/wp\/v2\/posts"}],"about":[{"href":"https:\/\/www.meydan.tv\/az\/wp-json\/wp\/v2\/types\/post"}],"author":[{"embeddable":true,"href":"https:\/\/www.meydan.tv\/az\/wp-json\/wp\/v2\/users\/14"}],"replies":[{"embeddable":true,"href":"https:\/\/www.meydan.tv\/az\/wp-json\/wp\/v2\/comments?post=256053"}],"version-history":[{"count":3,"href":"https:\/\/www.meydan.tv\/az\/wp-json\/wp\/v2\/posts\/256053\/revisions"}],"predecessor-version":[{"id":256060,"href":"https:\/\/www.meydan.tv\/az\/wp-json\/wp\/v2\/posts\/256053\/revisions\/256060"}],"wp:featuredmedia":[{"embeddable":true,"href":"https:\/\/www.meydan.tv\/az\/wp-json\/wp\/v2\/media\/256054"}],"wp:attachment":[{"href":"https:\/\/www.meydan.tv\/az\/wp-json\/wp\/v2\/media?parent=256053"}],"wp:term":[{"taxonomy":"category","embeddable":true,"href":"https:\/\/www.meydan.tv\/az\/wp-json\/wp\/v2\/categories?post=256053"},{"taxonomy":"post_tag","embeddable":true,"href":"https:\/\/www.meydan.tv\/az\/wp-json\/wp\/v2\/tags?post=256053"}],"curies":[{"name":"wp","href":"https:\/\/api.w.org\/{rel}","templated":true}]}}