{"id":255929,"date":"2022-09-16T15:02:11","date_gmt":"2022-09-16T11:02:11","guid":{"rendered":"https:\/\/www.meydan.tv\/?p=255929"},"modified":"2022-09-16T15:02:13","modified_gmt":"2022-09-16T11:02:13","slug":"sumqayit-sakini-qalmisam-ekspertiza-ile-polis-bolmesinin-arasinda","status":"publish","type":"post","link":"https:\/\/www.meydan.tv\/az\/article\/sumqayit-sakini-qalmisam-ekspertiza-ile-polis-bolmesinin-arasinda\/","title":{"rendered":"Sumqay\u0131t sakini: \u201cQalm\u0131\u015fam ekspertiza il\u0259 polis b\u00f6lm\u0259sinin aras\u0131nda\u201d"},"content":{"rendered":"\n<p><\/p>\n\n\n\n<p><em>Elxan H\u00fcseynov polisin h\u0259r\u0259k\u0259tsizliyind\u0259n \u015fikay\u0259t\u00e7idir<\/em><\/p>\n\n\n\n<p>\u201c5 sayl\u0131 polis b\u00f6lm\u0259sind\u0259 \u00f6zba\u015f\u0131nal\u0131qd\u0131r. N\u0259 maddi maraqlar\u0131 var, n\u0259 al\u0131rlar, n\u0259 verirl\u0259r, bilmir\u0259m, birc\u0259 onu bilir\u0259m ki, ekspertiza idar\u0259siyl\u0259 polis b\u00f6lm\u0259sinin aras\u0131nda qalm\u0131\u015fam. Gedir\u0259m, idar\u0259d\u0259 deyirl\u0259r, r\u0259y haz\u0131rd\u0131r, gedir\u0259m b\u00f6lm\u0259y\u0259, deyirl\u0259r, h\u0259l\u0259 biz\u0259 g\u0259lm\u0259yib\u201d.<\/p>\n\n\n\n<p>Sumqay\u0131t sakini Elxan H\u00fcseynov Meydan TV-y\u0259 dan\u0131\u015f\u0131r ki, sentyabr\u0131n 4-d\u0259 d\u00f6y\u00fclm\u0259siyl\u0259 ba\u011fl\u0131 D\u0130N 102 Xidm\u0259tin\u0259 \u015fikay\u0259t edib. Onun \u015fikay\u0259t \u0259riz\u0259si ya\u015fad\u0131\u011f\u0131 v\u0259 hadis\u0259nin ba\u015f verdiyi \u0259razi \u00fczr\u0259 Sumqay\u0131t \u015e\u0259h\u0259r Polis \u0130dar\u0259sinin 5-ci b\u00f6lm\u0259sin\u0259 y\u00f6nl\u0259ndirilib. T\u0259hqiqat\u00e7\u0131 t\u0259r\u0259find\u0259n izahat\u0131 al\u0131nsa da, 10 g\u00fcnd\u0259n \u00e7ox vaxt ke\u00e7m\u0259sin\u0259 baxmayaraq, polis he\u00e7 bir ara\u015fd\u0131rma aparm\u0131r.<\/p>\n\n\n\n<p>Elxan H\u00fcseynovun s\u00f6zl\u0259rin\u0259 g\u00f6r\u0259, ya\u015fad\u0131\u011f\u0131 \u00fcnvanda 13 sot torpaq sah\u0259si var. Sah\u0259nin 9 sotu mi\u015far da\u015fla hasarlan\u0131b, 4 sotu hasars\u0131zd\u0131r. Torpa\u011f\u0131n bir hiss\u0259sind\u0259 ev tikib, orada ya\u015fay\u0131r. Ancaq \u0259vv\u0259ll\u0259r b\u0259l\u0259diyy\u0259 i\u015f\u00e7isi olmu\u015f \u015f\u0259xs onun giri\u015f-\u00e7\u0131x\u0131\u015f\u0131n\u0131n qar\u015f\u0131s\u0131na mi\u015far da\u015f\u0131 t\u00f6k\u0259r\u0259k burada aptek tik\u0259c\u0259yini deyib. El\u0259 t\u0259r\u0259fl\u0259r aras\u0131nda m\u00fcbahis\u0259 d\u0259 bundan ba\u015flay\u0131b:<\/p>\n\n\n\n<p>\u201cTorpa\u011f\u0131n b\u0259l\u0259diyy\u0259 s\u0259n\u0259di, \u015f\u0259had\u0259tnam\u0259si ad\u0131mad\u0131r. \u0130ll\u0259rdir ki, vergisini \u00f6d\u0259yir\u0259m. R\u0259q\u0259msal kadastr sistemind\u0259 d\u0259 s\u0259n\u0259dl\u0259r m\u0259nim ad\u0131ma qeydiyyatdad\u0131r. Birc\u0259 \u00c7\u0131xar\u0131\u015f almaqda \u00e7\u0259tinliyim var. Bildiyiniz kimi, bu, sah\u0259 v\u0259t\u0259nda\u015flar\u0131n \u0259n \u00e7ox s\u00fcr\u00fcnd\u00fcr\u00fcld\u00fcy\u00fc sah\u0259l\u0259rd\u0259n biridir. M\u0259n d\u0259 bu bar\u0259d\u0259 \u00e7\u0259tinlikl\u0259r \u00e7\u0259kir\u0259m. Ancaq dediyim kimi, ilkin s\u0259n\u0259dl\u0259r ad\u0131mad\u0131r, \u00f6z\u00fcm d\u0259 ill\u0259rdir torpa\u011f\u0131n vergisini \u00f6d\u0259yir\u0259m. \u0130ndi bu adam ortaya \u00e7\u0131x\u0131b ki, m\u0259n burda aptek tik\u0259c\u0259m, g\u0259tirib qap\u0131ma da\u015f t\u00f6k\u00fcb\u201d.<\/p>\n\n\n\n<figure class=\"wp-block-image size-full\"><img decoding=\"async\" width=\"1200\" height=\"800\" data-src=\"https:\/\/www.meydan.tv\/wp-content\/uploads\/untitled-design-3-34.jpg\" alt=\"\" class=\"wp-image-255923 lazyload\" src=\"data:image\/svg+xml;base64,PHN2ZyB3aWR0aD0iMSIgaGVpZ2h0PSIxIiB4bWxucz0iaHR0cDovL3d3dy53My5vcmcvMjAwMC9zdmciPjwvc3ZnPg==\" style=\"--smush-placeholder-width: 1200px; --smush-placeholder-aspect-ratio: 1200\/800;\" \/><figcaption>Elxan H\u00fcseynov. Foto: Meydan TV<\/figcaption><\/figure>\n\n\n\n<p>Elxan H\u00fcseynovun s\u00f6zl\u0259rin\u0259 g\u00f6r\u0259, o, da\u015f\u0131n y\u0131\u011f\u0131\u015fd\u0131r\u0131lmas\u0131 \u00fc\u00e7\u00fcn polis\u0259 m\u00fcraci\u0259t edib. Sentyabr\u0131n 4-d\u0259 is\u0259 t\u0259r\u0259fl\u0259r qar\u015f\u0131-qar\u015f\u0131ya g\u0259lib:<\/p>\n\n\n\n<p>\u201cDa\u015flar\u0131 qap\u0131mdan k\u0259nara da\u015f\u0131td\u0131rd\u0131m. Qap\u0131n\u0131 d\u0259yi\u015firdim, ail\u0259 \u00fczvl\u0259riyl\u0259 g\u0259ldi. Dedil\u0259r, s\u0259n kims\u0259n ki, bura t\u00f6kd\u00fcy\u00fcm\u00fcz da\u015flar\u0131 k\u0259nara at\u0131rsan. Dedim, nec\u0259 y\u0259ni kim\u0259m, m\u0259n burda ya\u015fay\u0131ram, bu da m\u0259nim qap\u0131md\u0131r. H\u0259min g\u00fcn qap\u0131n\u0131 d\u0259yi\u015fdirdim, vurub s\u0131nd\u0131rd\u0131lar, dedil\u0259r, get qap\u0131n\u0131 ba\u015fqa t\u0259r\u0259fd\u0259n a\u00e7. Dedim, bu, m\u0259nim h\u0259y\u0259tim\u0259 giri\u015f-\u00e7\u0131x\u0131\u015f yeridir, m\u0259n evim\u0259, h\u0259y\u0259tim\u0259 hardan girm\u0259liy\u0259m? Dedil\u0259r, yox, burda aptek a\u00e7aca\u011f\u0131q, qap\u0131n\u0131 burdan ba\u011fla. M\u00fcbahis\u0259 q\u0131z\u0131\u015fd\u0131, m\u0259ni s\u00f6y\u00fc\u015fl\u0259rl\u0259 t\u0259hqir etdil\u0259r, m\u0259n d\u0259 cavablar\u0131n\u0131 qaytard\u0131m, \u00fcst\u00fcm\u0259 t\u00f6k\u00fcl\u00fc\u015f\u00fcb d\u00f6yd\u00fcl\u0259r\u201d.<\/p>\n\n\n\n<p>Elxan H\u00fcseynov bu d\u0259f\u0259 d\u0259 d\u00f6y\u00fclm\u0259siyl\u0259 ba\u011fl\u0131 polis\u0259 \u015fikay\u0259t edib. Ancaq dem\u0259sin\u0259 g\u00f6r\u0259, polis \u015fikay\u0259tl\u0259rini ara\u015fd\u0131rm\u0131r:<\/p>\n\n\n\n<p>\u201c\u018fvv\u0259l deyirdil\u0259r ki, s\u0259n haql\u0131san, \u0259lind\u0259ki s\u0259n\u0259dl\u0259rd\u0259n d\u0259 g\u00f6r\u00fcn\u00fcr ki, sah\u0259 s\u0259nindir, onlar\u0131n \u0259lind\u0259s\u0259 he\u00e7 bir s\u0259n\u0259d yoxdur. 10 g\u00fcnd\u0259n \u00e7ox vaxt ke\u00e7ir, d\u00f6y\u00fclm\u0259yiml\u0259 ba\u011fl\u0131 \u015fikay\u0259tim qal\u0131b k\u0259narda, polis deyir, da\u015flar\u0131 niy\u0259 k\u0259nara da\u015f\u0131td\u0131rm\u0131san? Deyir\u0259m, qar\u015f\u0131s\u0131na da\u015f t\u00f6k\u00fcl\u0259n qap\u0131 m\u0259nim, d\u00f6y\u00fcl\u0259n m\u0259n, sizs\u0259 a\u00e7\u0131q-a\u015fkar qar\u015f\u0131 t\u0259r\u0259fin v\u0259kili kimi dan\u0131\u015f\u0131rs\u0131n\u0131z\u201d.<\/p>\n\n\n\n<p>Sumqay\u0131t \u015e\u0259h\u0259r Polis \u0130dar\u0259sinin 5 sayl\u0131 b\u00f6lm\u0259sind\u0259n bildirilib ki, Sumqay\u0131t sakini Elxan H\u00fcseynovun \u015fikay\u0259t \u0259riz\u0259si t\u0259hqiqat\u00e7\u0131 Rafiq \u018fhm\u0259dovun icraat\u0131ndad\u0131r. Ancaq qar\u015f\u0131 t\u0259r\u0259f olan Novruz \u018fhm\u0259dov adl\u0131 v\u0259t\u0259nda\u015f da Elxan H\u00fcseynovdan \u015fikay\u0259t\u00e7i olub. H\u0259r iki t\u0259r\u0259fin \u015fikay\u0259tl\u0259ri ara\u015fd\u0131r\u0131l\u0131r. Elxan H\u00fcseynovun naraz\u0131l\u0131\u011f\u0131na g\u0259linc\u0259, b\u00f6lm\u0259d\u0259n bildirilib ki, d\u00f6y\u00fclm\u0259 iddias\u0131yla ba\u011fl\u0131 ekspertizadan ke\u00e7m\u0259si \u00fc\u00e7\u00fcn g\u00f6nd\u0259ri\u015f verilib. R\u0259yin al\u0131nmas\u0131ndan sonra m\u00fcvafiq q\u0259rarlar veril\u0259c\u0259k. Polisd\u0259n o da bildirilib ki, \u0259raziy\u0259 kimin h\u00fcququ oldu\u011funu is\u0259 t\u0259r\u0259fl\u0259r m\u0259hk\u0259m\u0259d\u0259 m\u00fcbahis\u0259l\u0259ndirm\u0259lidil\u0259r.<\/p>\n\n\n\n<p>Elxan H\u00fcseynovsa deyir, ekspertiza idar\u0259siyl\u0259 polis b\u00f6lm\u0259sinin yollar\u0131nda qal\u0131b:<\/p>\n\n\n\n<p>\u201cGedir\u0259m, idar\u0259d\u0259 deyirl\u0259r, r\u0259y haz\u0131rd\u0131r, gedir\u0259m b\u00f6lm\u0259y\u0259, deyirl\u0259r, h\u0259l\u0259 biz\u0259 g\u0259lm\u0259yib\u201d.<\/p>\n","protected":false},"excerpt":{"rendered":"<p>Elxan H\u00fcseynov polisin h\u0259r\u0259k\u0259tsizliyind\u0259n \u015fikay\u0259t\u00e7idir \u201c5 sayl\u0131 polis b\u00f6lm\u0259sind\u0259 \u00f6zba\u015f\u0131nal\u0131qd\u0131r. &#8230; <\/p>\n<p class=\"read-more-container\"><a title=\"Sumqay\u0131t sakini: \u201cQalm\u0131\u015fam ekspertiza il\u0259 polis b\u00f6lm\u0259sinin aras\u0131nda\u201d\" class=\"read-more button\" href=\"https:\/\/www.meydan.tv\/az\/article\/sumqayit-sakini-qalmisam-ekspertiza-ile-polis-bolmesinin-arasinda\/#more-255929\" aria-label=\"Read more about Sumqay\u0131t sakini: \u201cQalm\u0131\u015fam ekspertiza il\u0259 polis b\u00f6lm\u0259sinin aras\u0131nda\u201d\">Davam\u0131<\/a><\/p>\n","protected":false},"author":8,"featured_media":255926,"comment_status":"closed","ping_status":"closed","sticky":false,"template":"","format":"standard","meta":{"_acf_changed":false,"_sitemap_exclude":false,"_sitemap_priority":"","_sitemap_frequency":"","footnotes":""},"categories":[60,56],"tags":[],"class_list":["post-255929","post","type-post","status-publish","format-standard","has-post-thumbnail","hentry","category-bolge","category-xeberler","infinite-scroll-item","generate-columns","tablet-grid-50","mobile-grid-100","grid-parent","grid-33","no-featured-image-padding"],"acf":[],"yoast_head":"<!-- This site is optimized with the Yoast SEO plugin v27.5 - https:\/\/yoast.com\/product\/yoast-seo-wordpress\/ -->\n<title>Sumqay\u0131t sakini: \u201cQalm\u0131\u015fam ekspertiza il\u0259 polis b\u00f6lm\u0259sinin aras\u0131nda\u201d - MEYDAN.TV<\/title>\n<meta name=\"robots\" content=\"index, follow, max-snippet:-1, max-image-preview:large, max-video-preview:-1\" \/>\n<link rel=\"canonical\" href=\"https:\/\/www.meydan.tv\/az\/article\/sumqayit-sakini-qalmisam-ekspertiza-ile-polis-bolmesinin-arasinda\/\" \/>\n<meta property=\"og:locale\" content=\"az_AZ\" \/>\n<meta property=\"og:type\" content=\"article\" \/>\n<meta property=\"og:title\" content=\"Sumqay\u0131t sakini: \u201cQalm\u0131\u015fam ekspertiza il\u0259 polis b\u00f6lm\u0259sinin aras\u0131nda\u201d - MEYDAN.TV\" \/>\n<meta property=\"og:description\" content=\"Elxan H\u00fcseynov polisin h\u0259r\u0259k\u0259tsizliyind\u0259n \u015fikay\u0259t\u00e7idir \u201c5 sayl\u0131 polis b\u00f6lm\u0259sind\u0259 \u00f6zba\u015f\u0131nal\u0131qd\u0131r. ... Davam\u0131\" \/>\n<meta property=\"og:url\" content=\"https:\/\/www.meydan.tv\/az\/article\/sumqayit-sakini-qalmisam-ekspertiza-ile-polis-bolmesinin-arasinda\/\" \/>\n<meta property=\"og:site_name\" content=\"MEYDAN.TV\" \/>\n<meta property=\"article:published_time\" content=\"2022-09-16T11:02:11+00:00\" \/>\n<meta property=\"article:modified_time\" content=\"2022-09-16T11:02:13+00:00\" \/>\n<meta property=\"og:image\" content=\"https:\/\/www.meydan.tv\/wp-content\/uploads\/photo-2022-09-15-14-08-02.jpg\" \/>\n\t<meta property=\"og:image:width\" content=\"1280\" \/>\n\t<meta property=\"og:image:height\" content=\"956\" \/>\n\t<meta property=\"og:image:type\" content=\"image\/jpeg\" \/>\n<meta name=\"author\" content=\"elli\" \/>\n<meta name=\"twitter:card\" content=\"summary_large_image\" \/>\n<meta name=\"twitter:creator\" content=\"@elli\" \/>\n<script type=\"application\/ld+json\" class=\"yoast-schema-graph\">{\"@context\":\"https:\\\/\\\/schema.org\",\"@graph\":[{\"@type\":\"Article\",\"@id\":\"https:\\\/\\\/www.meydan.tv\\\/az\\\/article\\\/sumqayit-sakini-qalmisam-ekspertiza-ile-polis-bolmesinin-arasinda\\\/#article\",\"isPartOf\":{\"@id\":\"https:\\\/\\\/www.meydan.tv\\\/az\\\/article\\\/sumqayit-sakini-qalmisam-ekspertiza-ile-polis-bolmesinin-arasinda\\\/\"},\"author\":{\"name\":\"elli\",\"@id\":\"https:\\\/\\\/www.meydan.tv\\\/az\\\/#\\\/schema\\\/person\\\/9cdbecf90d17180ce1dfbd95b08dcf47\"},\"headline\":\"Sumqay\u0131t sakini: \u201cQalm\u0131\u015fam ekspertiza il\u0259 polis b\u00f6lm\u0259sinin aras\u0131nda\u201d\",\"datePublished\":\"2022-09-16T11:02:11+00:00\",\"dateModified\":\"2022-09-16T11:02:13+00:00\",\"mainEntityOfPage\":{\"@id\":\"https:\\\/\\\/www.meydan.tv\\\/az\\\/article\\\/sumqayit-sakini-qalmisam-ekspertiza-ile-polis-bolmesinin-arasinda\\\/\"},\"wordCount\":868,\"publisher\":{\"@id\":\"https:\\\/\\\/www.meydan.tv\\\/az\\\/#organization\"},\"image\":{\"@id\":\"https:\\\/\\\/www.meydan.tv\\\/az\\\/article\\\/sumqayit-sakini-qalmisam-ekspertiza-ile-polis-bolmesinin-arasinda\\\/#primaryimage\"},\"thumbnailUrl\":\"https:\\\/\\\/www.meydan.tv\\\/wp-content\\\/uploads\\\/photo-2022-09-15-14-08-02.jpg\",\"articleSection\":[\"B\u00f6lg\u0259\",\"X\u0259b\u0259rl\u0259r\"],\"inLanguage\":\"az\"},{\"@type\":\"WebPage\",\"@id\":\"https:\\\/\\\/www.meydan.tv\\\/az\\\/article\\\/sumqayit-sakini-qalmisam-ekspertiza-ile-polis-bolmesinin-arasinda\\\/\",\"url\":\"https:\\\/\\\/www.meydan.tv\\\/az\\\/article\\\/sumqayit-sakini-qalmisam-ekspertiza-ile-polis-bolmesinin-arasinda\\\/\",\"name\":\"Sumqay\u0131t sakini: \u201cQalm\u0131\u015fam ekspertiza il\u0259 polis b\u00f6lm\u0259sinin aras\u0131nda\u201d - MEYDAN.TV\",\"isPartOf\":{\"@id\":\"https:\\\/\\\/www.meydan.tv\\\/az\\\/#website\"},\"primaryImageOfPage\":{\"@id\":\"https:\\\/\\\/www.meydan.tv\\\/az\\\/article\\\/sumqayit-sakini-qalmisam-ekspertiza-ile-polis-bolmesinin-arasinda\\\/#primaryimage\"},\"image\":{\"@id\":\"https:\\\/\\\/www.meydan.tv\\\/az\\\/article\\\/sumqayit-sakini-qalmisam-ekspertiza-ile-polis-bolmesinin-arasinda\\\/#primaryimage\"},\"thumbnailUrl\":\"https:\\\/\\\/www.meydan.tv\\\/wp-content\\\/uploads\\\/photo-2022-09-15-14-08-02.jpg\",\"datePublished\":\"2022-09-16T11:02:11+00:00\",\"dateModified\":\"2022-09-16T11:02:13+00:00\",\"breadcrumb\":{\"@id\":\"https:\\\/\\\/www.meydan.tv\\\/az\\\/article\\\/sumqayit-sakini-qalmisam-ekspertiza-ile-polis-bolmesinin-arasinda\\\/#breadcrumb\"},\"inLanguage\":\"az\",\"potentialAction\":[{\"@type\":\"ReadAction\",\"target\":[\"https:\\\/\\\/www.meydan.tv\\\/az\\\/article\\\/sumqayit-sakini-qalmisam-ekspertiza-ile-polis-bolmesinin-arasinda\\\/\"]}]},{\"@type\":\"ImageObject\",\"inLanguage\":\"az\",\"@id\":\"https:\\\/\\\/www.meydan.tv\\\/az\\\/article\\\/sumqayit-sakini-qalmisam-ekspertiza-ile-polis-bolmesinin-arasinda\\\/#primaryimage\",\"url\":\"https:\\\/\\\/www.meydan.tv\\\/wp-content\\\/uploads\\\/photo-2022-09-15-14-08-02.jpg\",\"contentUrl\":\"https:\\\/\\\/www.meydan.tv\\\/wp-content\\\/uploads\\\/photo-2022-09-15-14-08-02.jpg\",\"width\":1280,\"height\":956,\"caption\":\"Foto: Meydan TV\"},{\"@type\":\"BreadcrumbList\",\"@id\":\"https:\\\/\\\/www.meydan.tv\\\/az\\\/article\\\/sumqayit-sakini-qalmisam-ekspertiza-ile-polis-bolmesinin-arasinda\\\/#breadcrumb\",\"itemListElement\":[{\"@type\":\"ListItem\",\"position\":1,\"name\":\"Ana s\u0259hif\u0259\",\"item\":\"https:\\\/\\\/www.meydan.tv\\\/az\\\/\"},{\"@type\":\"ListItem\",\"position\":2,\"name\":\"B\u00f6lg\u0259\",\"item\":\"https:\\\/\\\/www.meydan.tv\\\/az\\\/section\\\/bolge\\\/\"},{\"@type\":\"ListItem\",\"position\":3,\"name\":\"Sumqay\u0131t sakini: \u201cQalm\u0131\u015fam ekspertiza il\u0259 polis b\u00f6lm\u0259sinin aras\u0131nda\u201d\"}]},{\"@type\":\"WebSite\",\"@id\":\"https:\\\/\\\/www.meydan.tv\\\/az\\\/#website\",\"url\":\"https:\\\/\\\/www.meydan.tv\\\/az\\\/\",\"name\":\"MEYDAN.TV\",\"description\":\"Meydan TV Az\u0259rbaycan\u0131n media m\u0259kan\u0131ndak\u0131 alternativ s\u0259sidir\",\"publisher\":{\"@id\":\"https:\\\/\\\/www.meydan.tv\\\/az\\\/#organization\"},\"potentialAction\":[{\"@type\":\"SearchAction\",\"target\":{\"@type\":\"EntryPoint\",\"urlTemplate\":\"https:\\\/\\\/www.meydan.tv\\\/az\\\/?s={search_term_string}\"},\"query-input\":{\"@type\":\"PropertyValueSpecification\",\"valueRequired\":true,\"valueName\":\"search_term_string\"}}],\"inLanguage\":\"az\"},{\"@type\":\"Organization\",\"@id\":\"https:\\\/\\\/www.meydan.tv\\\/az\\\/#organization\",\"name\":\"Meydan TV\",\"url\":\"https:\\\/\\\/www.meydan.tv\\\/az\\\/\",\"logo\":{\"@type\":\"ImageObject\",\"inLanguage\":\"az\",\"@id\":\"https:\\\/\\\/www.meydan.tv\\\/az\\\/#\\\/schema\\\/logo\\\/image\\\/\",\"url\":\"https:\\\/\\\/www.meydan.tv\\\/wp-content\\\/uploads\\\/2021\\\/07\\\/meydan-logo.svg\",\"contentUrl\":\"https:\\\/\\\/www.meydan.tv\\\/wp-content\\\/uploads\\\/2021\\\/07\\\/meydan-logo.svg\",\"width\":195,\"height\":46,\"caption\":\"Meydan TV\"},\"image\":{\"@id\":\"https:\\\/\\\/www.meydan.tv\\\/az\\\/#\\\/schema\\\/logo\\\/image\\\/\"}},{\"@type\":\"Person\",\"@id\":\"https:\\\/\\\/www.meydan.tv\\\/az\\\/#\\\/schema\\\/person\\\/9cdbecf90d17180ce1dfbd95b08dcf47\",\"name\":\"elli\",\"sameAs\":[\"https:\\\/\\\/x.com\\\/elli\"]}]}<\/script>\n<!-- \/ Yoast SEO plugin. -->","yoast_head_json":{"title":"Sumqay\u0131t sakini: \u201cQalm\u0131\u015fam ekspertiza il\u0259 polis b\u00f6lm\u0259sinin aras\u0131nda\u201d - MEYDAN.TV","robots":{"index":"index","follow":"follow","max-snippet":"max-snippet:-1","max-image-preview":"max-image-preview:large","max-video-preview":"max-video-preview:-1"},"canonical":"https:\/\/www.meydan.tv\/az\/article\/sumqayit-sakini-qalmisam-ekspertiza-ile-polis-bolmesinin-arasinda\/","og_locale":"az_AZ","og_type":"article","og_title":"Sumqay\u0131t sakini: \u201cQalm\u0131\u015fam ekspertiza il\u0259 polis b\u00f6lm\u0259sinin aras\u0131nda\u201d - MEYDAN.TV","og_description":"Elxan H\u00fcseynov polisin h\u0259r\u0259k\u0259tsizliyind\u0259n \u015fikay\u0259t\u00e7idir \u201c5 sayl\u0131 polis b\u00f6lm\u0259sind\u0259 \u00f6zba\u015f\u0131nal\u0131qd\u0131r. ... Davam\u0131","og_url":"https:\/\/www.meydan.tv\/az\/article\/sumqayit-sakini-qalmisam-ekspertiza-ile-polis-bolmesinin-arasinda\/","og_site_name":"MEYDAN.TV","article_published_time":"2022-09-16T11:02:11+00:00","article_modified_time":"2022-09-16T11:02:13+00:00","og_image":[{"width":1280,"height":956,"url":"https:\/\/www.meydan.tv\/wp-content\/uploads\/photo-2022-09-15-14-08-02.jpg","type":"image\/jpeg"}],"author":"elli","twitter_card":"summary_large_image","twitter_creator":"@elli","schema":{"@context":"https:\/\/schema.org","@graph":[{"@type":"Article","@id":"https:\/\/www.meydan.tv\/az\/article\/sumqayit-sakini-qalmisam-ekspertiza-ile-polis-bolmesinin-arasinda\/#article","isPartOf":{"@id":"https:\/\/www.meydan.tv\/az\/article\/sumqayit-sakini-qalmisam-ekspertiza-ile-polis-bolmesinin-arasinda\/"},"author":{"name":"elli","@id":"https:\/\/www.meydan.tv\/az\/#\/schema\/person\/9cdbecf90d17180ce1dfbd95b08dcf47"},"headline":"Sumqay\u0131t sakini: \u201cQalm\u0131\u015fam ekspertiza il\u0259 polis b\u00f6lm\u0259sinin aras\u0131nda\u201d","datePublished":"2022-09-16T11:02:11+00:00","dateModified":"2022-09-16T11:02:13+00:00","mainEntityOfPage":{"@id":"https:\/\/www.meydan.tv\/az\/article\/sumqayit-sakini-qalmisam-ekspertiza-ile-polis-bolmesinin-arasinda\/"},"wordCount":868,"publisher":{"@id":"https:\/\/www.meydan.tv\/az\/#organization"},"image":{"@id":"https:\/\/www.meydan.tv\/az\/article\/sumqayit-sakini-qalmisam-ekspertiza-ile-polis-bolmesinin-arasinda\/#primaryimage"},"thumbnailUrl":"https:\/\/www.meydan.tv\/wp-content\/uploads\/photo-2022-09-15-14-08-02.jpg","articleSection":["B\u00f6lg\u0259","X\u0259b\u0259rl\u0259r"],"inLanguage":"az"},{"@type":"WebPage","@id":"https:\/\/www.meydan.tv\/az\/article\/sumqayit-sakini-qalmisam-ekspertiza-ile-polis-bolmesinin-arasinda\/","url":"https:\/\/www.meydan.tv\/az\/article\/sumqayit-sakini-qalmisam-ekspertiza-ile-polis-bolmesinin-arasinda\/","name":"Sumqay\u0131t sakini: \u201cQalm\u0131\u015fam ekspertiza il\u0259 polis b\u00f6lm\u0259sinin aras\u0131nda\u201d - MEYDAN.TV","isPartOf":{"@id":"https:\/\/www.meydan.tv\/az\/#website"},"primaryImageOfPage":{"@id":"https:\/\/www.meydan.tv\/az\/article\/sumqayit-sakini-qalmisam-ekspertiza-ile-polis-bolmesinin-arasinda\/#primaryimage"},"image":{"@id":"https:\/\/www.meydan.tv\/az\/article\/sumqayit-sakini-qalmisam-ekspertiza-ile-polis-bolmesinin-arasinda\/#primaryimage"},"thumbnailUrl":"https:\/\/www.meydan.tv\/wp-content\/uploads\/photo-2022-09-15-14-08-02.jpg","datePublished":"2022-09-16T11:02:11+00:00","dateModified":"2022-09-16T11:02:13+00:00","breadcrumb":{"@id":"https:\/\/www.meydan.tv\/az\/article\/sumqayit-sakini-qalmisam-ekspertiza-ile-polis-bolmesinin-arasinda\/#breadcrumb"},"inLanguage":"az","potentialAction":[{"@type":"ReadAction","target":["https:\/\/www.meydan.tv\/az\/article\/sumqayit-sakini-qalmisam-ekspertiza-ile-polis-bolmesinin-arasinda\/"]}]},{"@type":"ImageObject","inLanguage":"az","@id":"https:\/\/www.meydan.tv\/az\/article\/sumqayit-sakini-qalmisam-ekspertiza-ile-polis-bolmesinin-arasinda\/#primaryimage","url":"https:\/\/www.meydan.tv\/wp-content\/uploads\/photo-2022-09-15-14-08-02.jpg","contentUrl":"https:\/\/www.meydan.tv\/wp-content\/uploads\/photo-2022-09-15-14-08-02.jpg","width":1280,"height":956,"caption":"Foto: Meydan TV"},{"@type":"BreadcrumbList","@id":"https:\/\/www.meydan.tv\/az\/article\/sumqayit-sakini-qalmisam-ekspertiza-ile-polis-bolmesinin-arasinda\/#breadcrumb","itemListElement":[{"@type":"ListItem","position":1,"name":"Ana s\u0259hif\u0259","item":"https:\/\/www.meydan.tv\/az\/"},{"@type":"ListItem","position":2,"name":"B\u00f6lg\u0259","item":"https:\/\/www.meydan.tv\/az\/section\/bolge\/"},{"@type":"ListItem","position":3,"name":"Sumqay\u0131t sakini: \u201cQalm\u0131\u015fam ekspertiza il\u0259 polis b\u00f6lm\u0259sinin aras\u0131nda\u201d"}]},{"@type":"WebSite","@id":"https:\/\/www.meydan.tv\/az\/#website","url":"https:\/\/www.meydan.tv\/az\/","name":"MEYDAN.TV","description":"Meydan TV Az\u0259rbaycan\u0131n media m\u0259kan\u0131ndak\u0131 alternativ s\u0259sidir","publisher":{"@id":"https:\/\/www.meydan.tv\/az\/#organization"},"potentialAction":[{"@type":"SearchAction","target":{"@type":"EntryPoint","urlTemplate":"https:\/\/www.meydan.tv\/az\/?s={search_term_string}"},"query-input":{"@type":"PropertyValueSpecification","valueRequired":true,"valueName":"search_term_string"}}],"inLanguage":"az"},{"@type":"Organization","@id":"https:\/\/www.meydan.tv\/az\/#organization","name":"Meydan TV","url":"https:\/\/www.meydan.tv\/az\/","logo":{"@type":"ImageObject","inLanguage":"az","@id":"https:\/\/www.meydan.tv\/az\/#\/schema\/logo\/image\/","url":"https:\/\/www.meydan.tv\/wp-content\/uploads\/2021\/07\/meydan-logo.svg","contentUrl":"https:\/\/www.meydan.tv\/wp-content\/uploads\/2021\/07\/meydan-logo.svg","width":195,"height":46,"caption":"Meydan TV"},"image":{"@id":"https:\/\/www.meydan.tv\/az\/#\/schema\/logo\/image\/"}},{"@type":"Person","@id":"https:\/\/www.meydan.tv\/az\/#\/schema\/person\/9cdbecf90d17180ce1dfbd95b08dcf47","name":"elli","sameAs":["https:\/\/x.com\/elli"]}]}},"_links":{"self":[{"href":"https:\/\/www.meydan.tv\/az\/wp-json\/wp\/v2\/posts\/255929","targetHints":{"allow":["GET"]}}],"collection":[{"href":"https:\/\/www.meydan.tv\/az\/wp-json\/wp\/v2\/posts"}],"about":[{"href":"https:\/\/www.meydan.tv\/az\/wp-json\/wp\/v2\/types\/post"}],"author":[{"embeddable":true,"href":"https:\/\/www.meydan.tv\/az\/wp-json\/wp\/v2\/users\/8"}],"replies":[{"embeddable":true,"href":"https:\/\/www.meydan.tv\/az\/wp-json\/wp\/v2\/comments?post=255929"}],"version-history":[{"count":1,"href":"https:\/\/www.meydan.tv\/az\/wp-json\/wp\/v2\/posts\/255929\/revisions"}],"predecessor-version":[{"id":255931,"href":"https:\/\/www.meydan.tv\/az\/wp-json\/wp\/v2\/posts\/255929\/revisions\/255931"}],"wp:featuredmedia":[{"embeddable":true,"href":"https:\/\/www.meydan.tv\/az\/wp-json\/wp\/v2\/media\/255926"}],"wp:attachment":[{"href":"https:\/\/www.meydan.tv\/az\/wp-json\/wp\/v2\/media?parent=255929"}],"wp:term":[{"taxonomy":"category","embeddable":true,"href":"https:\/\/www.meydan.tv\/az\/wp-json\/wp\/v2\/categories?post=255929"},{"taxonomy":"post_tag","embeddable":true,"href":"https:\/\/www.meydan.tv\/az\/wp-json\/wp\/v2\/tags?post=255929"}],"curies":[{"name":"wp","href":"https:\/\/api.w.org\/{rel}","templated":true}]}}