{"id":255471,"date":"2022-09-13T12:21:53","date_gmt":"2022-09-13T08:21:53","guid":{"rendered":"https:\/\/www.meydan.tv\/?p=255471"},"modified":"2022-09-13T20:17:37","modified_gmt":"2022-09-13T16:17:37","slug":"icra-numayendesi-sehidin-cenazesini-gozleyirik-yoldadir","status":"publish","type":"post","link":"https:\/\/www.meydan.tv\/az\/article\/icra-numayendesi-sehidin-cenazesini-gozleyirik-yoldadir\/","title":{"rendered":"Son toqqu\u015fmada Az\u0259rbaycan\u0131n verdiyi itkil\u0259r (yenil\u0259nib)"},"content":{"rendered":"\n<p><\/p>\n\n\n\n<p><\/p>\n\n\n\n<p><\/p>\n\n\n\n<p><strong>20.16.<\/strong><em> 12 sentyabrda Az\u0259rbaycan-Erm\u0259nistan s\u0259rh\u0259dind\u0259 ba\u015f ver\u0259n at\u0131\u015fmada h\u0259yat\u0131n\u0131 itir\u0259nl\u0259rd\u0259n birinin d\u0259 Zaqatalan\u0131n Yuxar\u0131 Tala k\u0259nd sakini, 1999-cu il t\u0259v\u0259ll\u00fcdl\u00fc h\u0259rbi qulluq\u00e7u S\u0259rxan M\u00fcbariz o\u011flu \u00d6m\u0259rov oldu\u011fu bildirilir.<\/em><\/p>\n\n\n\n<p><em>Zaqatala Rayon \u0130cra Hakimiyy\u0259tinin V\u0259t\u0259n m\u00fcharib\u0259si i\u015ftirak\u00e7\u0131lar\u0131 v\u0259 \u015f\u0259hid ail\u0259l\u0259ri il\u0259 i\u015fin t\u0259\u015fkili \u015f\u00f6b\u0259sinin m\u00fcdiri Anar Seyidov m\u0259lumat\u0131 Meydan TV-y\u0259 t\u0259sdiql\u0259yib.<\/em><\/p>\n\n\n\n<p><\/p>\n\n\n\n<figure class=\"wp-block-image size-large\"><img decoding=\"async\" width=\"1200\" height=\"788\" data-src=\"https:\/\/www.meydan.tv\/wp-content\/uploads\/306706390_2105604129827690_2498805529442602572_n-1200x788.jpg\" alt=\"\" class=\"wp-image-255581 lazyload\" src=\"data:image\/svg+xml;base64,PHN2ZyB3aWR0aD0iMSIgaGVpZ2h0PSIxIiB4bWxucz0iaHR0cDovL3d3dy53My5vcmcvMjAwMC9zdmciPjwvc3ZnPg==\" style=\"--smush-placeholder-width: 1200px; --smush-placeholder-aspect-ratio: 1200\/788;\" \/><figcaption>S\u0259rxan M\u00fcbariz o\u011flu \u00d6m\u0259rov<\/figcaption><\/figure>\n\n\n\n<p><\/p>\n\n\n\n<p><\/p>\n\n\n\n<p><\/p>\n\n\n\n<p><\/p>\n\n\n\n<p><\/p>\n\n\n\n<hr class=\"wp-block-separator has-alpha-channel-opacity\"\/>\n\n\n\n<p><\/p>\n\n\n\n<p><strong>17.58. <\/strong><em>12 sentyabrda Az\u0259rbaycan-Erm\u0259nistan s\u0259rh\u0259dind\u0259 ba\u015f ver\u0259n at\u0131\u015fmada h\u0259yat\u0131n\u0131 itir\u0259nl\u0259rd\u0259n biri d\u0259 D\u00f6vl\u0259t S\u0259rh\u0259d Xidm\u0259tinin \u00c7evik H\u0259r\u0259k\u0259t Q\u00fcvv\u0259l\u0259rinin h\u0259rbi qulluq\u00e7usu F\u0259rid Mehbal\u0131yevdir.<\/em><\/p>\n\n\n\n<p><em>1994-c\u00fc ild\u0259 Nax\u00e7\u0131van\u0131n K\u0259ng\u0259rli rayonunun Q\u0131vraq q\u0259s\u0259b\u0259sind\u0259 anadan olan F\u0259rid K\u0259mal\u0259ddin o\u011flu Mehbal\u0131yev Milli M\u0259clisin deputat\u0131, H\u0259mkarlar ittifaq\u0131n\u0131n s\u0259dri S\u0259ttar M\u00f6hbal\u0131yevin \u0259misi n\u0259v\u0259sidir.<\/em><\/p>\n\n\n\n<p><em>Bu bar\u0259d\u0259 deputat Fazil Mustafa &#8220;Facebook&#8221;da m\u0259lumat yay\u0131b. <\/em><\/p>\n\n\n\n<p><em>O, S\u0259ttar Mehbal\u0131yevin qarda\u015f\u0131 \u018fhm\u0259d Mehbal\u0131yevin d\u0259 Qaraba\u011f sava\u015f\u0131nda h\u0259lak oldu\u011funu qeyd edib.<\/em><\/p>\n\n\n\n<figure class=\"wp-block-image size-full\"><img decoding=\"async\" width=\"1200\" height=\"800\" data-src=\"https:\/\/www.meydan.tv\/wp-content\/uploads\/untitled-design-3-33.jpg\" alt=\"\" class=\"wp-image-255568 lazyload\" src=\"data:image\/svg+xml;base64,PHN2ZyB3aWR0aD0iMSIgaGVpZ2h0PSIxIiB4bWxucz0iaHR0cDovL3d3dy53My5vcmcvMjAwMC9zdmciPjwvc3ZnPg==\" style=\"--smush-placeholder-width: 1200px; --smush-placeholder-aspect-ratio: 1200\/800;\" \/><figcaption>F\u0259rid K\u0259mal\u0259ddin o\u011flu Mehbal\u0131yev <\/figcaption><\/figure>\n\n\n\n<p><\/p>\n\n\n\n<p><\/p>\n\n\n\n<hr class=\"wp-block-separator has-alpha-channel-opacity\"\/>\n\n\n\n<p><\/p>\n\n\n\n<p><\/p>\n\n\n\n<p><\/p>\n\n\n\n<p><strong>17.45. <\/strong><em>Az\u0259rbaycan-Erm\u0259nistan s\u0259rh\u0259dind\u0259 ba\u015f ver\u0259n at\u0131\u015fmada h\u0259yat\u0131n\u0131 itir\u0259nl\u0259rd\u0259n biri d\u0259 X\u0131z\u0131 rayonunun Gil\u0259zi q\u0259s\u0259b\u0259 sakini, h\u0259rb\u00e7i Saleh M\u00f6h\u00fcbb\u0259t o\u011flu Qurbanovun oldu\u011fu bildirilir. <\/em><\/p>\n\n\n\n<p><em>M\u0259lumat\u0131 Meydan TV-y\u0259 X\u0131z\u0131 Rayon \u0130cra Hakimiyy\u0259tinin Gil\u0259zi q\u0259s\u0259b\u0259 icra n\u00fcmay\u0259nd\u0259si Ayd\u0131n Dada\u015fov t\u0259sdiql\u0259yib.<\/em><\/p>\n\n\n\n<p><em>Saleh Qurbanov 1990-c\u0131 ild\u0259 anadan olub. \u0130cra n\u00fcmay\u0259nd\u0259si haz\u0131rda h\u0259rb\u00e7inin yas m\u0259rasimi il\u0259 m\u0259\u015f\u011ful olduqlar\u0131n\u0131 deyib.<\/em><\/p>\n\n\n\n<p><\/p>\n\n\n\n<figure class=\"wp-block-image size-full\"><img decoding=\"async\" width=\"1000\" height=\"628\" data-src=\"https:\/\/www.meydan.tv\/wp-content\/uploads\/untitled_design__9_.png\" alt=\"\" class=\"wp-image-255561 lazyload\" src=\"data:image\/svg+xml;base64,PHN2ZyB3aWR0aD0iMSIgaGVpZ2h0PSIxIiB4bWxucz0iaHR0cDovL3d3dy53My5vcmcvMjAwMC9zdmciPjwvc3ZnPg==\" style=\"--smush-placeholder-width: 1000px; --smush-placeholder-aspect-ratio: 1000\/628;\" \/><figcaption>Saleh M\u00f6h\u00fcbb\u0259t o\u011flu Qurbanov<\/figcaption><\/figure>\n\n\n\n<p><\/p>\n\n\n\n<p><\/p>\n\n\n\n<p><\/p>\n\n\n\n<p><\/p>\n\n\n\n<p><\/p>\n\n\n\n<hr class=\"wp-block-separator has-alpha-channel-opacity\"\/>\n\n\n\n<p><strong>17.23. <\/strong><em>Bak\u0131n\u0131n Ab\u015feron rayon sakini Firuz M\u0259zahir o\u011flu \u018fhm\u0259dovun da sentyabr\u0131n 12-d\u0259 Erm\u0259nistan-Az\u0259rbaycan s\u0259rh\u0259dind\u0259ki at\u0131\u015fmada h\u0259yat\u0131n\u0131 itirdiyi bildirilir. <\/em><\/p>\n\n\n\n<p><em>Ba\u015f gizir Firuz \u018fhm\u0259dov \u0259sl\u0259n Tovuz rayonundand\u0131r.<\/em>  <em>Onun 3 \u00f6vlad\u0131 var. <\/em><br><em>Tovuz rayon icra n\u00fcmay\u0259nd\u0259si \u0130srail \u0130brahimov hadis\u0259ni Meydan TV-y\u0259 t\u0259sdiql\u0259yib.<\/em><\/p>\n\n\n\n<figure class=\"wp-block-image size-full\"><img decoding=\"async\" width=\"1200\" height=\"800\" data-src=\"https:\/\/www.meydan.tv\/wp-content\/uploads\/untitled-design-2-43.jpg\" alt=\"\" class=\"wp-image-255555 lazyload\" src=\"data:image\/svg+xml;base64,PHN2ZyB3aWR0aD0iMSIgaGVpZ2h0PSIxIiB4bWxucz0iaHR0cDovL3d3dy53My5vcmcvMjAwMC9zdmciPjwvc3ZnPg==\" style=\"--smush-placeholder-width: 1200px; --smush-placeholder-aspect-ratio: 1200\/800;\" \/><figcaption>\u018fhm\u0259dov Firuz M\u0259zahir o\u011flu<\/figcaption><\/figure>\n\n\n\n<p><\/p>\n\n\n\n<p><\/p>\n\n\n\n<p><\/p>\n\n\n\n<hr class=\"wp-block-separator has-alpha-channel-opacity\"\/>\n\n\n\n<p><strong>17.10. <\/strong><em>Qobustan\u0131n S\u00fcnd\u00fc k\u0259nd sakini, XTQ giziri Vadim Alik o\u011flu Qocayevin d\u0259 c\u0259naz\u0259si evin\u0259 g\u0259tirilir. Onun sentyabr\u0131n 12-d\u0259 at\u0259\u015fk\u0259sin pozulmas\u0131 n\u0259tic\u0259sind\u0259 h\u0259yat\u0131n\u0131 itirdiyi bildirilir.<\/em><\/p>\n\n\n\n<p><em>Qobustan Rayon \u0130cra Hakimiyy\u0259ti ba\u015f\u00e7\u0131s\u0131n\u0131n S\u00fcnd\u00fc k\u0259ndi \u00fczr\u0259 n\u00fcmay\u0259nd\u0259si F\u0259dai Balaqarda\u015fov Meydan TV-y\u0259 hadis\u0259ni t\u0259sdiql\u0259yib. <\/em><\/p>\n\n\n\n<p><em>Onun s\u00f6zl\u0259rin\u0259 g\u00f6r\u0259, 1997-ci ilin 10 yanvar\u0131nda do\u011fulan Vadim Qocayevin bir \u00f6vlad\u0131 var. Haz\u0131rda ail\u0259si c\u0259naz\u0259ni g\u0259tirm\u0259k \u00fc\u00e7\u00fcn G\u0259nc\u0259y\u0259 gedib.<\/em><\/p>\n\n\n\n<p>\u201c<em>Bu i\u015fl\u0259rl\u0259 icra hakimiyy\u0259ti v\u0259 yerli komissarl\u0131q m\u0259\u015f\u011ful olur, b\u00fct\u00fcn z\u0259riri m\u0259s\u0259l\u0259l\u0259r h\u0259yata ke\u00e7irilir&#8221;,-dey\u0259 Balaqarda\u015fov \u0259lav\u0259 edib.<\/em><\/p>\n\n\n\n<p><\/p>\n\n\n\n<figure class=\"wp-block-image size-full\"><img decoding=\"async\" width=\"1200\" height=\"753\" data-src=\"https:\/\/www.meydan.tv\/wp-content\/uploads\/untitled_design__8_-1.png\" alt=\"\" class=\"wp-image-255543 lazyload\" src=\"data:image\/svg+xml;base64,PHN2ZyB3aWR0aD0iMSIgaGVpZ2h0PSIxIiB4bWxucz0iaHR0cDovL3d3dy53My5vcmcvMjAwMC9zdmciPjwvc3ZnPg==\" style=\"--smush-placeholder-width: 1200px; --smush-placeholder-aspect-ratio: 1200\/753;\" \/><figcaption>Vadim Alik o\u011flu Qocayev<\/figcaption><\/figure>\n\n\n\n<p><\/p>\n\n\n\n<p><\/p>\n\n\n\n<p><\/p>\n\n\n\n<p><\/p>\n\n\n\n<p><\/p>\n\n\n\n<hr class=\"wp-block-separator has-alpha-channel-opacity\"\/>\n\n\n\n<p><strong>16.55. <\/strong>Qazax rayonunun K\u0259m\u0259rli k\u0259nd sakini, XTQ zabiti Yunis Qas\u0131m o\u011flu Kaz\u0131movun sentyabr\u0131n 12-d\u0259 ba\u015f ver\u0259n d\u00f6y\u00fc\u015fl\u0259rd\u0259 h\u0259yat\u0131n\u0131 itirdiyi bildirilir.<\/p>\n\n\n\n<p>M\u0259lumat\u0131 Meydan TV-y\u0259 Qazax Rayon \u0130cra Hakimiyy\u0259ti ba\u015f\u00e7\u0131s\u0131n\u0131n K\u0259m\u0259rli k\u0259nd inzibati \u0259razi dair\u0259si \u00fczr\u0259 n\u00fcmay\u0259nd\u0259liyind\u0259n t\u0259sdiql\u0259yibl\u0259r.<\/p>\n\n\n\n<p>Yunis Kaz\u0131mov 1993-c\u00fc ild\u0259 anadan olub.<\/p>\n\n\n\n<p><\/p>\n\n\n\n<p><\/p>\n\n\n\n<p><\/p>\n\n\n\n<p><\/p>\n\n\n\n<p><\/p>\n\n\n\n<p><\/p>\n\n\n\n<hr class=\"wp-block-separator has-alpha-channel-opacity\"\/>\n\n\n\n<p><strong>16.05.<\/strong> <em>Xa\u00e7maz rayonunun \u018fbilyataq k\u0259nd sakini, ba\u015f gizir Elnur Faid o\u011flu R\u00fcst\u0259movun sentyabr\u0131n 12-d\u0259 at\u0259\u015fk\u0259sin pozulmas\u0131 n\u0259tic\u0259sind\u0259 h\u0259lak oldu\u011fu bildirilir.<\/em><\/p>\n\n\n\n<p><em>Xa\u00e7maz Rayon \u0130cra Hakimiyyy\u0259tinin Niyazoba inzibati \u0259razi dair\u0259si \u00fczr\u0259 n\u00fcmay\u0259nd\u0259si Oqtay \u018fhm\u0259dov Meydan TV-y\u0259 <\/em>fakt\u0131 t\u0259sdiql\u0259yib.<\/p>\n\n\n\n<p><em>Oqtay \u018fhm\u0259dov deyib ki, 1989-cu il t\u0259v\u0259ll\u00fcdl\u00fc Elnur R\u00fcst\u0259mov 3 u\u015faq atas\u0131 idi.<\/em><\/p>\n\n\n\n<p><\/p>\n\n\n\n<figure class=\"wp-block-image size-full\"><img decoding=\"async\" width=\"1000\" height=\"628\" data-src=\"https:\/\/www.meydan.tv\/wp-content\/uploads\/untitled_design__7_-1.png\" alt=\"\" class=\"wp-image-255530 lazyload\" src=\"data:image\/svg+xml;base64,PHN2ZyB3aWR0aD0iMSIgaGVpZ2h0PSIxIiB4bWxucz0iaHR0cDovL3d3dy53My5vcmcvMjAwMC9zdmciPjwvc3ZnPg==\" style=\"--smush-placeholder-width: 1000px; --smush-placeholder-aspect-ratio: 1000\/628;\" \/><figcaption>Elnur Faiq o\u011flu R\u00fcst\u0259mov<\/figcaption><\/figure>\n\n\n\n<p><\/p>\n\n\n\n<p><\/p>\n\n\n\n<p><\/p>\n\n\n\n<hr class=\"wp-block-separator has-alpha-channel-opacity\"\/>\n\n\n\n<p><\/p>\n\n\n\n<p><strong>15.40. <\/strong><em>C\u0259lilabad rayonunun \u018fs\u0259dli k\u0259nd sakini, XTQ giziri S\u0259id Sar\u0131bala o\u011flu H\u0259s\u0259nov da d\u00fcn\u0259nki at\u0131\u015fmada h\u0259yat\u0131n\u0131 itirib.<\/em><\/p>\n\n\n\n<p><em>Bu bar\u0259d\u0259 h\u0259rb\u00e7inin yax\u0131n qohumu T\u0259hmin\u0259 \u018fliyeva &#8220;Facebook&#8221; s\u0259hif\u0259sind\u0259 m\u0259lumat payla\u015f\u0131b.<\/em><\/p>\n\n\n\n<p><em>R\u0259smi qurumlar h\u0259l\u0259 h\u0259r hans\u0131 x\u0259b\u0259r yaymay\u0131blar.<\/em><\/p>\n\n\n\n<p><\/p>\n\n\n\n<p><\/p>\n\n\n\n<figure class=\"wp-block-image size-large\"><img decoding=\"async\" width=\"848\" height=\"821\" data-src=\"https:\/\/www.meydan.tv\/wp-content\/uploads\/whatsapp_image_2022-09-13_at_13.32.29-848x821.jpeg\" alt=\"\" class=\"wp-image-255524 lazyload\" src=\"data:image\/svg+xml;base64,PHN2ZyB3aWR0aD0iMSIgaGVpZ2h0PSIxIiB4bWxucz0iaHR0cDovL3d3dy53My5vcmcvMjAwMC9zdmciPjwvc3ZnPg==\" style=\"--smush-placeholder-width: 848px; --smush-placeholder-aspect-ratio: 848\/821;\" \/><figcaption>S\u0259id Sar\u0131bala o\u011flu H\u0259s\u0259nov<\/figcaption><\/figure>\n\n\n\n<p><\/p>\n\n\n\n<p><\/p>\n\n\n\n<p><\/p>\n\n\n\n<p><\/p>\n\n\n\n<hr class=\"wp-block-separator has-alpha-channel-opacity\"\/>\n\n\n\n<p><strong>15.05. <\/strong><em>At\u0259\u015fk\u0259s pozulmas\u0131 n\u0259tic\u0259sind\u0259 K\u00fcrd\u0259mir rayonunun D\u0259yirmanl\u0131 k\u0259nd sakini, XTQ giziri N\u0259z\u0259r A\u011fac\u0259lil o\u011flu \u018fzizov da h\u0259yat\u0131n\u0131 itirib<\/em>.<\/p>\n\n\n\n<p><em>Bu bar\u0259d\u0259 Meydan TV-y\u0259 K\u00fcrd\u0259mir rayon \u0130cra Hakimiyy\u0259ti Yenik\u0259nd k\u0259nd inzibati \u0259razi dair\u0259sinin icra n\u00fcmay\u0259nd\u0259si B\u0259yl\u0259r Qubadov a\u00e7\u0131qlama verib.<\/em><\/p>\n\n\n\n<p><em>&#8220;1991-ci ild\u0259 do\u011fulan N\u0259z\u0259r \u018fzizov 2 u\u015faq atas\u0131yd\u0131. Haz\u0131rda \u015f\u0259hidimizi qar\u015f\u0131lama\u011fa gedirik&#8221;,- dey\u0259 icra n\u00fcmay\u0259nd\u0259si s\u00f6yl\u0259yib.<\/em><\/p>\n\n\n\n<p><\/p>\n\n\n\n<p><\/p>\n\n\n\n<p><\/p>\n\n\n\n<p><\/p>\n\n\n\n<p><\/p>\n\n\n\n<p><\/p>\n\n\n\n<hr class=\"wp-block-separator has-alpha-channel-opacity\"\/>\n\n\n\n<p><strong>14.46. <\/strong><em>2001-ci ild\u0259 Quba rayonunun V\u0259lv\u0259l\u0259 k\u0259ndind\u0259 do\u011fulan \u00dcmid \u0130lqar o\u011flu H\u0259s\u0259nov sentyabr\u0131n 12-d\u0259 at\u0131\u015fma zaman\u0131 h\u0259yat\u0131n\u0131 itirib.<\/em><\/p>\n\n\n\n<p><em>M\u00fcdd\u0259td\u0259n art\u0131q h\u0259rbi xidm\u0259td\u0259 olan \u00dcmid H\u0259s\u0259novun h\u0259lak olmas\u0131n\u0131 S\u0259f\u0259rb\u0259rlik v\u0259 H\u0259rbi Xidm\u0259t\u0259 \u00c7a\u011f\u0131r\u0131\u015f \u00fczr\u0259 D\u00f6vl\u0259t Xidm\u0259tinin Quba rayon \u015f\u00f6b\u0259si t\u0259sdiql\u0259yib.<\/em><\/p>\n\n\n\n<p><\/p>\n\n\n\n<p><\/p>\n\n\n\n<p><\/p>\n\n\n\n<p><\/p>\n\n\n\n<p><\/p>\n\n\n\n<p><\/p>\n\n\n\n<hr class=\"wp-block-separator has-alpha-channel-opacity\"\/>\n\n\n\n<p><strong>14.36.<\/strong> <em>D\u00fcn\u0259nki at\u0259\u015fk\u0259s pozulmas\u0131 n\u0259tic\u0259sind\u0259 Saatl\u0131n\u0131n Qaranuru k\u0259nd sakini, m\u00fcdd\u0259td\u0259n art\u0131q h\u0259rbi xidm\u0259td\u0259 olan 2000-ci il t\u0259v\u0259ll\u00fcdl\u00fc \u00dclvi \u018fs\u0259dulla o\u011flu N\u0259sirov h\u0259yat\u0131n\u0131 itirib.<\/em><\/p>\n\n\n\n<p><em>M\u0259lumat\u0131 Meydan TV-y\u0259 Saatl\u0131 Rayon \u0130cra Hakimiyy\u0259ti \u0130nformasiya t\u0259minat\u0131 v\u0259 t\u0259hlil sektorundan veribl\u0259r.<\/em><\/p>\n\n\n\n<p><\/p>\n\n\n\n<p><\/p>\n\n\n\n<p><\/p>\n\n\n\n<p><\/p>\n\n\n\n<p><\/p>\n\n\n\n<p><\/p>\n\n\n\n<hr class=\"wp-block-separator has-alpha-channel-opacity\"\/>\n\n\n\n<p><strong>14.02.<\/strong> <em>12 sentyabrda ba\u015f ver\u0259n at\u0131\u015fmada Z\u0259rdab rayonunun K\u0259nd\u0259bil<\/em> <em>k\u0259nd sakini, 1994-c\u00fc il t\u0259v\u0259ll\u00fcdl\u00fc h\u0259rb\u00e7i F\u0259rid R\u00fcst\u0259mov Nof\u0259l o\u011flunun h\u0259lak oldu\u011fu bildirilib.<\/em><\/p>\n\n\n\n<p><em>Z\u0259rdab Rayon \u0130cra Hakimiyy\u0259tinin \u0130nformasiya t\u0259minat\u0131 v\u0259 t\u0259hlil sektorunun m\u00fcdiri Yusif \u018fhm\u0259dli Meydan TV-y\u0259 fakt\u0131 t\u0259sdiql\u0259yib.<\/em><\/p>\n\n\n\n<p><\/p>\n\n\n\n<figure class=\"wp-block-image size-full\"><img decoding=\"async\" width=\"1000\" height=\"628\" data-src=\"https:\/\/www.meydan.tv\/wp-content\/uploads\/untitled_design__4_-1.png\" alt=\"\" class=\"wp-image-255499 lazyload\" src=\"data:image\/svg+xml;base64,PHN2ZyB3aWR0aD0iMSIgaGVpZ2h0PSIxIiB4bWxucz0iaHR0cDovL3d3dy53My5vcmcvMjAwMC9zdmciPjwvc3ZnPg==\" style=\"--smush-placeholder-width: 1000px; --smush-placeholder-aspect-ratio: 1000\/628;\" \/><figcaption>F\u0259rid Nof\u0259l o\u011flu R\u00fcst\u0259mov<\/figcaption><\/figure>\n\n\n\n<p><\/p>\n\n\n\n<p><\/p>\n\n\n\n<hr class=\"wp-block-separator has-alpha-channel-opacity\"\/>\n\n\n\n<p><strong>13.21.<\/strong> <em>D\u00fcn\u0259nki at\u0131\u015fmada Lerikin \u018fvil\u0259 k\u0259nd sakini, 1994-ci il t\u0259v\u0259ll\u00fcdl\u00fc h\u0259rbi qulluq\u00e7u \u015e\u0259mistan \u018fbd\u00fcla\u011fa o\u011flu Sad\u0131xovun da h\u0259yat\u0131n\u0131 itirdiyi bildirilir.<\/em><\/p>\n\n\n\n<p><em>Bu bar\u0259d\u0259 Meydan TV-y\u0259 Lerik Rayon \u0130cra Hakimiyy\u0259tinin ba\u015f\u00e7\u0131s\u0131n\u0131n \u018fvil\u0259 k\u0259nd inzibati \u0259razi dair\u0259si \u00fczr\u0259 n\u00fcmay\u0259nd\u0259si Novruz Zaidov m\u0259lumat verib. Novruz Zaidov<\/em> deyib ki, g\u00fcn \u0259rzind\u0259 h\u0259rb\u00e7inin c\u0259naz\u0259si k\u0259nd\u0259 g\u0259tiril\u0259c\u0259k<em>.<\/em><\/p>\n\n\n\n<p><\/p>\n\n\n\n<p><\/p>\n\n\n\n<p><\/p>\n\n\n\n<figure class=\"wp-block-image size-full\"><img decoding=\"async\" width=\"1000\" height=\"628\" data-src=\"https:\/\/www.meydan.tv\/wp-content\/uploads\/untitled_design__5_-1.png\" alt=\"\" class=\"wp-image-255503 lazyload\" src=\"data:image\/svg+xml;base64,PHN2ZyB3aWR0aD0iMSIgaGVpZ2h0PSIxIiB4bWxucz0iaHR0cDovL3d3dy53My5vcmcvMjAwMC9zdmciPjwvc3ZnPg==\" style=\"--smush-placeholder-width: 1000px; --smush-placeholder-aspect-ratio: 1000\/628;\" \/><\/figure>\n\n\n\n<p><em> <\/em>\u015e\u0259mistan \u018fbd\u00fcla\u011fa o\u011flu Sad\u0131xov<\/p>\n\n\n\n<p><\/p>\n\n\n\n<p><\/p>\n\n\n\n<hr class=\"wp-block-separator has-alpha-channel-opacity\"\/>\n\n\n\n<p><strong>12.50.<\/strong> Q<em>azax rayonunun K\u0259m\u0259rli k\u0259nd sakini, 1993-c\u00fc il t\u0259v\u0259ll\u00fcdl\u00fc Az\u0259r Mustafa o\u011flu M\u0259mm\u0259dovun sentyabr\u0131n 12-d\u0259 at\u0259\u015fk\u0259sin pozulmas\u0131 n\u0259tic\u0259sind\u0259 h\u0259yat\u0131n\u0131 itirdiyi bildirilir.<br>M\u0259lumat\u0131 Meydan TV-y\u0259 Qazax Rayon \u0130cra Hakimiyy\u0259ti ba\u015f\u00e7\u0131s\u0131n\u0131n K\u0259m\u0259rli k\u0259nd inzibati \u0259razi dair\u0259si \u00fczr\u0259 n\u00fcmay\u0259nd\u0259liyind\u0259n t\u0259sdiql\u0259yibl\u0259r.<\/em><\/p>\n\n\n\n<p><\/p>\n\n\n\n<figure class=\"wp-block-image size-full\"><img decoding=\"async\" width=\"1000\" height=\"628\" data-src=\"https:\/\/www.meydan.tv\/wp-content\/uploads\/untitled_design__3_-1.png\" alt=\"\" class=\"wp-image-255477 lazyload\" src=\"data:image\/svg+xml;base64,PHN2ZyB3aWR0aD0iMSIgaGVpZ2h0PSIxIiB4bWxucz0iaHR0cDovL3d3dy53My5vcmcvMjAwMC9zdmciPjwvc3ZnPg==\" style=\"--smush-placeholder-width: 1000px; --smush-placeholder-aspect-ratio: 1000\/628;\" \/><figcaption>Az\u0259r Mustafa o\u011flu M\u0259mm\u0259dov<\/figcaption><\/figure>\n\n\n\n<p><\/p>\n\n\n\n<p><\/p>\n\n\n\n<hr class=\"wp-block-separator has-alpha-channel-opacity\"\/>\n\n\n\n<p><em>M\u00fcdafi\u0259 Nazirliyi itkil\u0259rin say\u0131 il ba\u011fl\u0131 h\u0259l\u0259 ki a\u00e7\u0131qlama yaymay\u0131b<\/em><\/p>\n\n\n\n<p>Sentyabr\u0131n 12-d\u0259 Az\u0259rbaycan-Erm\u0259nistan s\u0259rh\u0259dind\u0259 at\u0259\u015fk\u0259sin pozulmas\u0131 n\u0259tic\u0259sind\u0259 1996-c\u0131 il t\u0259v\u0259ll\u00fcd h\u0259rb\u00e7i El\u015f\u0259n Sahib o\u011flu Babazad\u0259nin h\u0259lak oldu\u011fu bildirilir.<\/p>\n\n\n\n<p>Bu bar\u0259d\u0259 Meydan TV-y\u0259 El\u015f\u0259n Babazad\u0259nin do\u011fuldu\u011fu Q\u0259b\u0259l\u0259 Rayon \u0130cra Hakimiyy\u0259tinin M\u0131xl\u0131\u0131qovaq k\u0259nd inzibati \u0259razi dair\u0259si \u00fczr\u0259 icra n\u00fcmay\u0259nd\u0259si \u0130lham \u018fhm\u0259dov m\u0259lumat verib. Onun s\u00f6zl\u0259rin\u0259 g\u00f6r\u0259, h\u0259rb\u00e7inin c\u0259naz\u0259si h\u0259l\u0259 k\u0259nd\u0259 g\u0259tirilm\u0259yib. <\/p>\n\n\n\n<p>&#8220;C\u0259naz\u0259ni g\u00f6zl\u0259yirik, yoldad\u0131r&#8221;, &#8211; dey\u0259 icra n\u00fcmay\u0259nd\u0259si bildirib.<\/p>\n\n\n\n<p>Sentyabr\u0131n 12-d\u0259 Az\u0259rbaycan-Erm\u0259nistan s\u0259rh\u0259dind\u0259 silahl\u0131 toqqu\u015fman\u0131n ba\u015f verdiyi v\u0259 iri\u00e7apl\u0131 silahlardan istifad\u0259 olundu\u011fu bildirilir.<\/p>\n\n\n\n<p>H\u0259r iki \u00f6lk\u0259nin m\u00fcdafi\u0259 nazirlikl\u0259ri toqqu\u015fma bar\u0259d\u0259 m\u0259lumat yay\u0131b.<\/p>\n\n\n\n<p>Az\u0259rbaycan M\u00fcdafi\u0259 Nazirliyinin yayd\u0131\u011f\u0131 r\u0259smi <a href=\"https:\/\/www.meydan.tv\/az\/article\/azerbaycan-ermenistan-serhedinde-toqqusma-itkilerin-oldugu-bildirilir\/\" target=\"_blank\" rel=\"noreferrer noopener\">a\u00e7\u0131qlama<\/a>da bildirilir ki, Erm\u0259nistan silahl\u0131 q\u00fcvv\u0259l\u0259ri Da\u015fk\u0259s\u0259n, K\u0259lb\u0259c\u0259r v\u0259 La\u00e7\u0131n istiqam\u0259tl\u0259rind\u0259 geni\u015fmiqyasl\u0131 h\u00fccuma ke\u00e7ib:<\/p>\n\n\n\n<p>\u201cSentyabr\u0131n 12-d\u0259 gec\u0259 saatlar\u0131nda Erm\u0259nistan silahl\u0131 q\u00fcvv\u0259l\u0259rinin b\u00f6lm\u0259l\u0259ri Az\u0259rbaycan-Erm\u0259nistan d\u00f6vl\u0259t s\u0259rh\u0259dinin Da\u015fk\u0259s\u0259n, K\u0259lb\u0259c\u0259r v\u0259 La\u00e7\u0131n istiqam\u0259tl\u0259rind\u0259 geni\u015fmiqyasl\u0131 t\u0259xribat t\u00f6r\u0259dib. Erm\u0259nistan silahl\u0131 q\u00fcvv\u0259l\u0259rinin diversiya qruplar\u0131 sutkan\u0131n qaranl\u0131q vaxt\u0131nda \u0259razinin da\u011fl\u0131q relyefi v\u0259 m\u00f6vcud d\u0259r\u0259 bo\u015fluqlar\u0131n\u0131 istifad\u0259 ed\u0259r\u0259k m\u00fcxt\u0259lif istiqam\u0259tl\u0259rd\u0259 Az\u0259rbaycan Ordusunun b\u00f6lm\u0259l\u0259rinin m\u00f6vqel\u0259ri aras\u0131ndak\u0131 \u0259razil\u0259rin v\u0259 t\u0259minat yollar\u0131n\u0131n minalanmas\u0131n\u0131 h\u0259yata ke\u00e7irib. Bu \u0259m\u0259ll\u0259rin qar\u015f\u0131s\u0131n\u0131n d\u0259rhal al\u0131nmas\u0131 m\u0259qs\u0259dil\u0259 b\u00f6lm\u0259l\u0259rimiz t\u0259r\u0259find\u0259n g\u00f6r\u00fcl\u0259n t\u0259xir\u0259sal\u0131nmaz t\u0259dbirl\u0259r n\u0259tic\u0259sind\u0259 d\u00f6y\u00fc\u015f toqqu\u015fmas\u0131 ba\u015f verib\u201d.<\/p>\n\n\n\n<p>Erm\u0259nistan M\u00fcdafi\u0259 Nazirliyinin M\u0259tbuat xidm\u0259tinin r\u0259hb\u0259ri Aram Torosyan is\u0259 bildirib ki, Az\u0259rbaycan Erm\u0259nistan\u0131n Qoris, Sotk v\u0259 Cermuk (Gorus, Zod v\u0259 \u0130stisu) rayonlar\u0131 istiqam\u0259tind\u0259 intensiv at\u0259\u015f a\u00e7\u0131b, d\u00f6y\u00fc\u015f\u0259 artilleriya v\u0259 PUA-lar c\u0259lb olunub.<\/p>\n\n\n\n<p><strong>Xat\u0131rlatma<\/strong><\/p>\n\n\n\n<p>2020-ci ilin sentyabr\u0131nda Az\u0259rbaycan v\u0259 Erm\u0259nistan silahl\u0131 q\u00fcvv\u0259l\u0259ri aras\u0131nda qar\u015f\u0131durma ba\u015flay\u0131b.<\/p>\n\n\n\n<p>\u00dcmumilikd\u0259 44 g\u00fcn s\u00fcr\u0259n v\u0259 \u0130kinci Qaraba\u011f m\u00fcharib\u0259si adland\u0131r\u0131lan m\u00fcnaqi\u015f\u0259d\u0259 h\u0259r iki t\u0259r\u0259fd\u0259n 6 mind\u0259n art\u0131q h\u0259rb\u00e7i h\u0259lak olub.<\/p>\n\n\n\n<p>Az\u0259rbaycan Da\u011fl\u0131q Qaraba\u011f b\u00f6lg\u0259sinin bir hiss\u0259sin\u0259 v\u0259 \u0259traf 7 rayona n\u0259zar\u0259ti b\u0259rpa edib.<\/p>\n\n\n\n<p>H\u0259min ilin 10 noyabr b\u0259yanat\u0131na (Az\u0259rbaycan, Erm\u0259nistan v\u0259 Rusiya aras\u0131nda imzalan\u0131b) \u0259sas\u0259n, d\u00f6y\u00fc\u015fl\u0259r dayand\u0131r\u0131l\u0131b.<\/p>\n\n\n\n<p>Bundan sonra La\u00e7\u0131n d\u0259hlizind\u0259 v\u0259 Qaraba\u011fda Rusiya s\u00fclhm\u0259raml\u0131lar\u0131 yerl\u0259\u015fdirilib.<\/p>\n\n\n\n<p>\u0130kinci Qaraba\u011f m\u00fcharib\u0259sind\u0259n \u00f6nc\u0259, 1994-c\u00fc ild\u0259 ger\u00e7\u0259kl\u0259\u015f\u0259n at\u0259\u015fk\u0259s raz\u0131la\u015fmas\u0131na q\u0259d\u0259r Az\u0259rbaycan\u0131n Da\u011fl\u0131q Qaraba\u011f b\u00f6lg\u0259si v\u0259 ona biti\u015fik 7 rayonu i\u015f\u011fal edilib.<\/p>\n\n\n\n<p>M\u00fcnaqi\u015f\u0259 SSR\u0130 d\u00f6n\u0259mind\u0259n Erm\u0259nistan\u0131n Az\u0259rbaycana qar\u015f\u0131 \u0259razi iddialar\u0131 il\u0259 ba\u015flay\u0131b.<\/p>\n","protected":false},"excerpt":{"rendered":"<p>20.16. 12 sentyabrda Az\u0259rbaycan-Erm\u0259nistan s\u0259rh\u0259dind\u0259 ba\u015f ver\u0259n at\u0131\u015fmada h\u0259yat\u0131n\u0131 itir\u0259nl\u0259rd\u0259n &#8230; <\/p>\n<p class=\"read-more-container\"><a title=\"Son toqqu\u015fmada Az\u0259rbaycan\u0131n verdiyi itkil\u0259r (yenil\u0259nib)\" class=\"read-more button\" href=\"https:\/\/www.meydan.tv\/az\/article\/icra-numayendesi-sehidin-cenazesini-gozleyirik-yoldadir\/#more-255471\" aria-label=\"Read more about Son toqqu\u015fmada Az\u0259rbaycan\u0131n verdiyi itkil\u0259r (yenil\u0259nib)\">Davam\u0131<\/a><\/p>\n","protected":false},"author":8,"featured_media":255473,"comment_status":"closed","ping_status":"closed","sticky":false,"template":"","format":"standard","meta":{"_acf_changed":false,"_sitemap_exclude":false,"_sitemap_priority":"","_sitemap_frequency":"","footnotes":""},"categories":[60,79,56],"tags":[],"class_list":["post-255471","post","type-post","status-publish","format-standard","has-post-thumbnail","hentry","category-bolge","category-featured","category-xeberler","infinite-scroll-item","generate-columns","tablet-grid-50","mobile-grid-100","grid-parent","grid-33","no-featured-image-padding"],"acf":[],"yoast_head":"<!-- This site is optimized with the Yoast SEO plugin v27.5 - https:\/\/yoast.com\/product\/yoast-seo-wordpress\/ -->\n<title>Son toqqu\u015fmada Az\u0259rbaycan\u0131n verdiyi itkil\u0259r (yenil\u0259nib) - MEYDAN.TV<\/title>\n<meta name=\"robots\" content=\"index, follow, max-snippet:-1, max-image-preview:large, max-video-preview:-1\" \/>\n<link rel=\"canonical\" href=\"https:\/\/www.meydan.tv\/az\/article\/icra-numayendesi-sehidin-cenazesini-gozleyirik-yoldadir\/\" \/>\n<meta property=\"og:locale\" content=\"az_AZ\" \/>\n<meta property=\"og:type\" content=\"article\" \/>\n<meta property=\"og:title\" content=\"Son toqqu\u015fmada Az\u0259rbaycan\u0131n verdiyi itkil\u0259r (yenil\u0259nib) - MEYDAN.TV\" \/>\n<meta property=\"og:description\" content=\"20.16. 12 sentyabrda Az\u0259rbaycan-Erm\u0259nistan s\u0259rh\u0259dind\u0259 ba\u015f ver\u0259n at\u0131\u015fmada h\u0259yat\u0131n\u0131 itir\u0259nl\u0259rd\u0259n ... Davam\u0131\" \/>\n<meta property=\"og:url\" content=\"https:\/\/www.meydan.tv\/az\/article\/icra-numayendesi-sehidin-cenazesini-gozleyirik-yoldadir\/\" \/>\n<meta property=\"og:site_name\" content=\"MEYDAN.TV\" \/>\n<meta property=\"article:published_time\" content=\"2022-09-13T08:21:53+00:00\" \/>\n<meta property=\"article:modified_time\" content=\"2022-09-13T16:17:37+00:00\" \/>\n<meta property=\"og:image\" content=\"https:\/\/www.meydan.tv\/wp-content\/uploads\/untitled-design-2-6.png\" \/>\n\t<meta property=\"og:image:width\" content=\"1000\" \/>\n\t<meta property=\"og:image:height\" content=\"628\" \/>\n\t<meta property=\"og:image:type\" content=\"image\/png\" \/>\n<meta name=\"author\" content=\"elli\" \/>\n<meta name=\"twitter:card\" content=\"summary_large_image\" \/>\n<meta name=\"twitter:creator\" content=\"@elli\" \/>\n<script type=\"application\/ld+json\" class=\"yoast-schema-graph\">{\"@context\":\"https:\\\/\\\/schema.org\",\"@graph\":[{\"@type\":\"Article\",\"@id\":\"https:\\\/\\\/www.meydan.tv\\\/az\\\/article\\\/icra-numayendesi-sehidin-cenazesini-gozleyirik-yoldadir\\\/#article\",\"isPartOf\":{\"@id\":\"https:\\\/\\\/www.meydan.tv\\\/az\\\/article\\\/icra-numayendesi-sehidin-cenazesini-gozleyirik-yoldadir\\\/\"},\"author\":{\"name\":\"elli\",\"@id\":\"https:\\\/\\\/www.meydan.tv\\\/az\\\/#\\\/schema\\\/person\\\/9cdbecf90d17180ce1dfbd95b08dcf47\"},\"headline\":\"Son toqqu\u015fmada Az\u0259rbaycan\u0131n verdiyi itkil\u0259r (yenil\u0259nib)\",\"datePublished\":\"2022-09-13T08:21:53+00:00\",\"dateModified\":\"2022-09-13T16:17:37+00:00\",\"mainEntityOfPage\":{\"@id\":\"https:\\\/\\\/www.meydan.tv\\\/az\\\/article\\\/icra-numayendesi-sehidin-cenazesini-gozleyirik-yoldadir\\\/\"},\"wordCount\":1823,\"publisher\":{\"@id\":\"https:\\\/\\\/www.meydan.tv\\\/az\\\/#organization\"},\"image\":{\"@id\":\"https:\\\/\\\/www.meydan.tv\\\/az\\\/article\\\/icra-numayendesi-sehidin-cenazesini-gozleyirik-yoldadir\\\/#primaryimage\"},\"thumbnailUrl\":\"https:\\\/\\\/www.meydan.tv\\\/wp-content\\\/uploads\\\/untitled-design-2-6.png\",\"articleSection\":[\"B\u00f6lg\u0259\",\"T\u00f6vsiy\u0259\",\"X\u0259b\u0259rl\u0259r\"],\"inLanguage\":\"az\"},{\"@type\":\"WebPage\",\"@id\":\"https:\\\/\\\/www.meydan.tv\\\/az\\\/article\\\/icra-numayendesi-sehidin-cenazesini-gozleyirik-yoldadir\\\/\",\"url\":\"https:\\\/\\\/www.meydan.tv\\\/az\\\/article\\\/icra-numayendesi-sehidin-cenazesini-gozleyirik-yoldadir\\\/\",\"name\":\"Son toqqu\u015fmada Az\u0259rbaycan\u0131n verdiyi itkil\u0259r (yenil\u0259nib) - MEYDAN.TV\",\"isPartOf\":{\"@id\":\"https:\\\/\\\/www.meydan.tv\\\/az\\\/#website\"},\"primaryImageOfPage\":{\"@id\":\"https:\\\/\\\/www.meydan.tv\\\/az\\\/article\\\/icra-numayendesi-sehidin-cenazesini-gozleyirik-yoldadir\\\/#primaryimage\"},\"image\":{\"@id\":\"https:\\\/\\\/www.meydan.tv\\\/az\\\/article\\\/icra-numayendesi-sehidin-cenazesini-gozleyirik-yoldadir\\\/#primaryimage\"},\"thumbnailUrl\":\"https:\\\/\\\/www.meydan.tv\\\/wp-content\\\/uploads\\\/untitled-design-2-6.png\",\"datePublished\":\"2022-09-13T08:21:53+00:00\",\"dateModified\":\"2022-09-13T16:17:37+00:00\",\"breadcrumb\":{\"@id\":\"https:\\\/\\\/www.meydan.tv\\\/az\\\/article\\\/icra-numayendesi-sehidin-cenazesini-gozleyirik-yoldadir\\\/#breadcrumb\"},\"inLanguage\":\"az\",\"potentialAction\":[{\"@type\":\"ReadAction\",\"target\":[\"https:\\\/\\\/www.meydan.tv\\\/az\\\/article\\\/icra-numayendesi-sehidin-cenazesini-gozleyirik-yoldadir\\\/\"]}]},{\"@type\":\"ImageObject\",\"inLanguage\":\"az\",\"@id\":\"https:\\\/\\\/www.meydan.tv\\\/az\\\/article\\\/icra-numayendesi-sehidin-cenazesini-gozleyirik-yoldadir\\\/#primaryimage\",\"url\":\"https:\\\/\\\/www.meydan.tv\\\/wp-content\\\/uploads\\\/untitled-design-2-6.png\",\"contentUrl\":\"https:\\\/\\\/www.meydan.tv\\\/wp-content\\\/uploads\\\/untitled-design-2-6.png\",\"width\":1000,\"height\":628,\"caption\":\"El\u015f\u0259n Sahib o\u011flu Babazad\u0259\"},{\"@type\":\"BreadcrumbList\",\"@id\":\"https:\\\/\\\/www.meydan.tv\\\/az\\\/article\\\/icra-numayendesi-sehidin-cenazesini-gozleyirik-yoldadir\\\/#breadcrumb\",\"itemListElement\":[{\"@type\":\"ListItem\",\"position\":1,\"name\":\"Ana s\u0259hif\u0259\",\"item\":\"https:\\\/\\\/www.meydan.tv\\\/az\\\/\"},{\"@type\":\"ListItem\",\"position\":2,\"name\":\"B\u00f6lg\u0259\",\"item\":\"https:\\\/\\\/www.meydan.tv\\\/az\\\/section\\\/bolge\\\/\"},{\"@type\":\"ListItem\",\"position\":3,\"name\":\"Son toqqu\u015fmada Az\u0259rbaycan\u0131n verdiyi itkil\u0259r (yenil\u0259nib)\"}]},{\"@type\":\"WebSite\",\"@id\":\"https:\\\/\\\/www.meydan.tv\\\/az\\\/#website\",\"url\":\"https:\\\/\\\/www.meydan.tv\\\/az\\\/\",\"name\":\"MEYDAN.TV\",\"description\":\"Meydan TV Az\u0259rbaycan\u0131n media m\u0259kan\u0131ndak\u0131 alternativ s\u0259sidir\",\"publisher\":{\"@id\":\"https:\\\/\\\/www.meydan.tv\\\/az\\\/#organization\"},\"potentialAction\":[{\"@type\":\"SearchAction\",\"target\":{\"@type\":\"EntryPoint\",\"urlTemplate\":\"https:\\\/\\\/www.meydan.tv\\\/az\\\/?s={search_term_string}\"},\"query-input\":{\"@type\":\"PropertyValueSpecification\",\"valueRequired\":true,\"valueName\":\"search_term_string\"}}],\"inLanguage\":\"az\"},{\"@type\":\"Organization\",\"@id\":\"https:\\\/\\\/www.meydan.tv\\\/az\\\/#organization\",\"name\":\"Meydan TV\",\"url\":\"https:\\\/\\\/www.meydan.tv\\\/az\\\/\",\"logo\":{\"@type\":\"ImageObject\",\"inLanguage\":\"az\",\"@id\":\"https:\\\/\\\/www.meydan.tv\\\/az\\\/#\\\/schema\\\/logo\\\/image\\\/\",\"url\":\"https:\\\/\\\/www.meydan.tv\\\/wp-content\\\/uploads\\\/2021\\\/07\\\/meydan-logo.svg\",\"contentUrl\":\"https:\\\/\\\/www.meydan.tv\\\/wp-content\\\/uploads\\\/2021\\\/07\\\/meydan-logo.svg\",\"width\":195,\"height\":46,\"caption\":\"Meydan TV\"},\"image\":{\"@id\":\"https:\\\/\\\/www.meydan.tv\\\/az\\\/#\\\/schema\\\/logo\\\/image\\\/\"}},{\"@type\":\"Person\",\"@id\":\"https:\\\/\\\/www.meydan.tv\\\/az\\\/#\\\/schema\\\/person\\\/9cdbecf90d17180ce1dfbd95b08dcf47\",\"name\":\"elli\",\"sameAs\":[\"https:\\\/\\\/x.com\\\/elli\"]}]}<\/script>\n<!-- \/ Yoast SEO plugin. -->","yoast_head_json":{"title":"Son toqqu\u015fmada Az\u0259rbaycan\u0131n verdiyi itkil\u0259r (yenil\u0259nib) - MEYDAN.TV","robots":{"index":"index","follow":"follow","max-snippet":"max-snippet:-1","max-image-preview":"max-image-preview:large","max-video-preview":"max-video-preview:-1"},"canonical":"https:\/\/www.meydan.tv\/az\/article\/icra-numayendesi-sehidin-cenazesini-gozleyirik-yoldadir\/","og_locale":"az_AZ","og_type":"article","og_title":"Son toqqu\u015fmada Az\u0259rbaycan\u0131n verdiyi itkil\u0259r (yenil\u0259nib) - MEYDAN.TV","og_description":"20.16. 12 sentyabrda Az\u0259rbaycan-Erm\u0259nistan s\u0259rh\u0259dind\u0259 ba\u015f ver\u0259n at\u0131\u015fmada h\u0259yat\u0131n\u0131 itir\u0259nl\u0259rd\u0259n ... Davam\u0131","og_url":"https:\/\/www.meydan.tv\/az\/article\/icra-numayendesi-sehidin-cenazesini-gozleyirik-yoldadir\/","og_site_name":"MEYDAN.TV","article_published_time":"2022-09-13T08:21:53+00:00","article_modified_time":"2022-09-13T16:17:37+00:00","og_image":[{"width":1000,"height":628,"url":"https:\/\/www.meydan.tv\/wp-content\/uploads\/untitled-design-2-6.png","type":"image\/png"}],"author":"elli","twitter_card":"summary_large_image","twitter_creator":"@elli","schema":{"@context":"https:\/\/schema.org","@graph":[{"@type":"Article","@id":"https:\/\/www.meydan.tv\/az\/article\/icra-numayendesi-sehidin-cenazesini-gozleyirik-yoldadir\/#article","isPartOf":{"@id":"https:\/\/www.meydan.tv\/az\/article\/icra-numayendesi-sehidin-cenazesini-gozleyirik-yoldadir\/"},"author":{"name":"elli","@id":"https:\/\/www.meydan.tv\/az\/#\/schema\/person\/9cdbecf90d17180ce1dfbd95b08dcf47"},"headline":"Son toqqu\u015fmada Az\u0259rbaycan\u0131n verdiyi itkil\u0259r (yenil\u0259nib)","datePublished":"2022-09-13T08:21:53+00:00","dateModified":"2022-09-13T16:17:37+00:00","mainEntityOfPage":{"@id":"https:\/\/www.meydan.tv\/az\/article\/icra-numayendesi-sehidin-cenazesini-gozleyirik-yoldadir\/"},"wordCount":1823,"publisher":{"@id":"https:\/\/www.meydan.tv\/az\/#organization"},"image":{"@id":"https:\/\/www.meydan.tv\/az\/article\/icra-numayendesi-sehidin-cenazesini-gozleyirik-yoldadir\/#primaryimage"},"thumbnailUrl":"https:\/\/www.meydan.tv\/wp-content\/uploads\/untitled-design-2-6.png","articleSection":["B\u00f6lg\u0259","T\u00f6vsiy\u0259","X\u0259b\u0259rl\u0259r"],"inLanguage":"az"},{"@type":"WebPage","@id":"https:\/\/www.meydan.tv\/az\/article\/icra-numayendesi-sehidin-cenazesini-gozleyirik-yoldadir\/","url":"https:\/\/www.meydan.tv\/az\/article\/icra-numayendesi-sehidin-cenazesini-gozleyirik-yoldadir\/","name":"Son toqqu\u015fmada Az\u0259rbaycan\u0131n verdiyi itkil\u0259r (yenil\u0259nib) - MEYDAN.TV","isPartOf":{"@id":"https:\/\/www.meydan.tv\/az\/#website"},"primaryImageOfPage":{"@id":"https:\/\/www.meydan.tv\/az\/article\/icra-numayendesi-sehidin-cenazesini-gozleyirik-yoldadir\/#primaryimage"},"image":{"@id":"https:\/\/www.meydan.tv\/az\/article\/icra-numayendesi-sehidin-cenazesini-gozleyirik-yoldadir\/#primaryimage"},"thumbnailUrl":"https:\/\/www.meydan.tv\/wp-content\/uploads\/untitled-design-2-6.png","datePublished":"2022-09-13T08:21:53+00:00","dateModified":"2022-09-13T16:17:37+00:00","breadcrumb":{"@id":"https:\/\/www.meydan.tv\/az\/article\/icra-numayendesi-sehidin-cenazesini-gozleyirik-yoldadir\/#breadcrumb"},"inLanguage":"az","potentialAction":[{"@type":"ReadAction","target":["https:\/\/www.meydan.tv\/az\/article\/icra-numayendesi-sehidin-cenazesini-gozleyirik-yoldadir\/"]}]},{"@type":"ImageObject","inLanguage":"az","@id":"https:\/\/www.meydan.tv\/az\/article\/icra-numayendesi-sehidin-cenazesini-gozleyirik-yoldadir\/#primaryimage","url":"https:\/\/www.meydan.tv\/wp-content\/uploads\/untitled-design-2-6.png","contentUrl":"https:\/\/www.meydan.tv\/wp-content\/uploads\/untitled-design-2-6.png","width":1000,"height":628,"caption":"El\u015f\u0259n Sahib o\u011flu Babazad\u0259"},{"@type":"BreadcrumbList","@id":"https:\/\/www.meydan.tv\/az\/article\/icra-numayendesi-sehidin-cenazesini-gozleyirik-yoldadir\/#breadcrumb","itemListElement":[{"@type":"ListItem","position":1,"name":"Ana s\u0259hif\u0259","item":"https:\/\/www.meydan.tv\/az\/"},{"@type":"ListItem","position":2,"name":"B\u00f6lg\u0259","item":"https:\/\/www.meydan.tv\/az\/section\/bolge\/"},{"@type":"ListItem","position":3,"name":"Son toqqu\u015fmada Az\u0259rbaycan\u0131n verdiyi itkil\u0259r (yenil\u0259nib)"}]},{"@type":"WebSite","@id":"https:\/\/www.meydan.tv\/az\/#website","url":"https:\/\/www.meydan.tv\/az\/","name":"MEYDAN.TV","description":"Meydan TV Az\u0259rbaycan\u0131n media m\u0259kan\u0131ndak\u0131 alternativ s\u0259sidir","publisher":{"@id":"https:\/\/www.meydan.tv\/az\/#organization"},"potentialAction":[{"@type":"SearchAction","target":{"@type":"EntryPoint","urlTemplate":"https:\/\/www.meydan.tv\/az\/?s={search_term_string}"},"query-input":{"@type":"PropertyValueSpecification","valueRequired":true,"valueName":"search_term_string"}}],"inLanguage":"az"},{"@type":"Organization","@id":"https:\/\/www.meydan.tv\/az\/#organization","name":"Meydan TV","url":"https:\/\/www.meydan.tv\/az\/","logo":{"@type":"ImageObject","inLanguage":"az","@id":"https:\/\/www.meydan.tv\/az\/#\/schema\/logo\/image\/","url":"https:\/\/www.meydan.tv\/wp-content\/uploads\/2021\/07\/meydan-logo.svg","contentUrl":"https:\/\/www.meydan.tv\/wp-content\/uploads\/2021\/07\/meydan-logo.svg","width":195,"height":46,"caption":"Meydan TV"},"image":{"@id":"https:\/\/www.meydan.tv\/az\/#\/schema\/logo\/image\/"}},{"@type":"Person","@id":"https:\/\/www.meydan.tv\/az\/#\/schema\/person\/9cdbecf90d17180ce1dfbd95b08dcf47","name":"elli","sameAs":["https:\/\/x.com\/elli"]}]}},"_links":{"self":[{"href":"https:\/\/www.meydan.tv\/az\/wp-json\/wp\/v2\/posts\/255471","targetHints":{"allow":["GET"]}}],"collection":[{"href":"https:\/\/www.meydan.tv\/az\/wp-json\/wp\/v2\/posts"}],"about":[{"href":"https:\/\/www.meydan.tv\/az\/wp-json\/wp\/v2\/types\/post"}],"author":[{"embeddable":true,"href":"https:\/\/www.meydan.tv\/az\/wp-json\/wp\/v2\/users\/8"}],"replies":[{"embeddable":true,"href":"https:\/\/www.meydan.tv\/az\/wp-json\/wp\/v2\/comments?post=255471"}],"version-history":[{"count":19,"href":"https:\/\/www.meydan.tv\/az\/wp-json\/wp\/v2\/posts\/255471\/revisions"}],"predecessor-version":[{"id":255585,"href":"https:\/\/www.meydan.tv\/az\/wp-json\/wp\/v2\/posts\/255471\/revisions\/255585"}],"wp:featuredmedia":[{"embeddable":true,"href":"https:\/\/www.meydan.tv\/az\/wp-json\/wp\/v2\/media\/255473"}],"wp:attachment":[{"href":"https:\/\/www.meydan.tv\/az\/wp-json\/wp\/v2\/media?parent=255471"}],"wp:term":[{"taxonomy":"category","embeddable":true,"href":"https:\/\/www.meydan.tv\/az\/wp-json\/wp\/v2\/categories?post=255471"},{"taxonomy":"post_tag","embeddable":true,"href":"https:\/\/www.meydan.tv\/az\/wp-json\/wp\/v2\/tags?post=255471"}],"curies":[{"name":"wp","href":"https:\/\/api.w.org\/{rel}","templated":true}]}}