{"id":255387,"date":"2022-09-12T13:41:42","date_gmt":"2022-09-12T09:41:42","guid":{"rendered":"https:\/\/www.meydan.tv\/?p=255387"},"modified":"2022-09-12T13:41:44","modified_gmt":"2022-09-12T09:41:44","slug":"meyart-azerbaycanda-animasiya-festivali-kecirilir%ef%bf%bc","status":"publish","type":"post","link":"https:\/\/www.meydan.tv\/az\/article\/meyart-azerbaycanda-animasiya-festivali-kecirilir%ef%bf%bc\/","title":{"rendered":"MeyArt: Az\u0259rbaycanda Animasiya festival\u0131 ke\u00e7irilir\ufffc"},"content":{"rendered":"\n<figure class=\"wp-block-embed is-type-video is-provider-youtube wp-block-embed-youtube wp-embed-aspect-16-9 wp-has-aspect-ratio\"><div class=\"wp-block-embed__wrapper\">\n<iframe title=\"MeyArt: Az\u0259rbaycanda Animasiya festival\u0131 ke\u00e7irilir\" width=\"1200\" height=\"675\" data-src=\"https:\/\/www.youtube.com\/embed\/ozP54s_6wXI?feature=oembed\" frameborder=\"0\" allow=\"accelerometer; autoplay; clipboard-write; encrypted-media; gyroscope; picture-in-picture\" allowfullscreen src=\"data:image\/svg+xml;base64,PHN2ZyB3aWR0aD0iMSIgaGVpZ2h0PSIxIiB4bWxucz0iaHR0cDovL3d3dy53My5vcmcvMjAwMC9zdmciPjwvc3ZnPg==\" class=\"lazyload\" data-load-mode=\"1\"><\/iframe>\n<\/div><\/figure>\n\n\n\n<!--more-->\n\n\n\n<p>Az\u0259rbaycanda ilk v\u0259 t\u0259k ke\u00e7iril\u0259n \u201cAnimafilm\u201d festival\u0131 ba\u015flay\u0131b. \u201cBir bilet = bir a\u011fac\u201d \u015f\u00fcar\u0131 alt\u0131nda ke\u00e7iril\u0259c\u0259k festival bu il 5 illiyini qeyd edir. \u201cAnimafilm\u201d festival\u0131n\u0131n builki m\u00f6vzusu iqlim d\u0259yi\u015fikliyin\u0259 h\u0259sr olunub. Bel\u0259 ki, bilet sat\u0131\u015f\u0131ndan \u0259ld\u0259 olunan g\u0259lir Qaraba\u011fda a\u011fac \u0259kilm\u0259si kampaniyas\u0131na s\u0259rf edil\u0259c\u0259k. Festival\u0131n proqram\u0131na 29 \u00f6lk\u0259d\u0259n 75 film daxil edilib. Az\u0259rbaycandan is\u0259 16 film yar\u0131\u015facaq.\u00a0<\/p>\n\n\n\n<p>Rusiya AB\u015e aktyorlar\u0131 \u015eon Pen v\u0259 Ben Stillerin \u00f6lk\u0259y\u0259 giri\u015fin\u0259 qada\u011fa qoyub.&nbsp;<\/p>\n\n\n\n<p>Xat\u0131rladaq ki, \u015eon Penn Rusiyan\u0131n Ukraynaya h\u00fccumundan sonra Ukraynaya d\u0259st\u0259yini ifad\u0259 etm\u0259k \u00fc\u00e7\u00fcn h\u0259mkar\u0131 Zelenski il\u0259 g\u00f6r\u00fc\u015f\u00fcb. Ukraynada ba\u015f ver\u0259nl\u0259rl\u0259 ba\u011fl\u0131 s\u0259n\u0259dli film \u00e7\u0259kib.<\/p>\n\n\n\n<p>BMT-nin Qa\u00e7q\u0131nlar \u00fczr\u0259 Ali Komissarl\u0131\u011f\u0131n\u0131n s\u0259firi Stiller iyun ay\u0131nda Ukraynaya s\u0259f\u0259r edib v\u0259 \u201c\u0130nstagram\u201dda m\u00fcnaqi\u015f\u0259 qa\u00e7q\u0131nlar\u0131 il\u0259 h\u0259mr\u0259ylik bildir\u0259n bir video yerl\u0259\u015fdir\u0259r\u0259k deyib: \u201cHe\u00e7 kim evl\u0259rini t\u0259rk etm\u0259yi se\u00e7mir. T\u0259hl\u00fck\u0259sizliyi axtarmaq h\u00fcquqdur v\u0259 bu, h\u0259r bir insan \u00fc\u00e7\u00fcn qorunmal\u0131d\u0131r\u201d. Stiller Ukrayna prezidenti Volodimir Zelenski il\u0259 d\u0259 g\u00f6r\u00fc\u015f\u00fcb: \u201cS\u0259n m\u0259nim q\u0259hr\u0259man\u0131msan\u201d deyib.<\/p>\n\n\n\n<p>Bel\u0259likl\u0259, onlar Rusiyan\u0131n sanksiyaya m\u0259ruz qalm\u0131\u015f mind\u0259n \u00e7ox AB\u015e v\u0259t\u0259nda\u015f\u0131n\u0131n adlar\u0131ndan ibar\u0259t siyah\u0131ya qo\u015fulublar.<\/p>\n\n\n\n<p>&#8220;Banu\u201d filmi 79-cu Venesiya kinofestival\u0131nda t\u0259qdim olunub. Az\u0259rbaycan, \u0130taliya, Fransa v\u0259 \u0130ran\u0131n birg\u0259 istehsal\u0131 olan ekran i\u015finin rejissoru xaricd\u0259 ya\u015fayan&nbsp; T\u0259hmin\u0259 Rafaellad\u0131r. O, h\u0259m\u00e7inin filmd\u0259 ba\u015f rolu ifa edir.&nbsp; Filmd\u0259ki hadis\u0259l\u0259r Qaraba\u011f m\u00fcharib\u0259si fonunda c\u0259r\u0259yan edir. Ancaq rejissor bildirib ki, filmin m\u0259qs\u0259di siyasi m\u00f6vqe n\u00fcmayi\u015f etdirm\u0259k v\u0259 ya iki \u00f6lk\u0259 aras\u0131nda onillikl\u0259r boyu davam ed\u0259n \u0259razi m\u00fcnaqi\u015f\u0259sinin tarixini ara\u015fd\u0131rmaq deyil. Bunun yerin\u0259 T\u0259hmin\u0259 Rafaella minl\u0259rl\u0259 qad\u0131n\u0131n \u00f6vlad\u0131n\u0131 itirdiyi bir sava\u015fda bir qad\u0131n\u0131n \u00f6vlad\u0131n\u0131n q\u0259yyumlu\u011fu u\u011frunda apard\u0131\u011f\u0131 m\u00fcbariz\u0259 \u00fcz\u0259rind\u0259n&nbsp; m\u00fcharib\u0259yl\u0259 patriarxat aras\u0131ndak\u0131 \u0259laq\u0259ninin sor\u011fulanmas\u0131n\u0131 ist\u0259yib.<\/p>\n\n\n\n<p>Rejissor Hilal Baydarovun \u201cBal\u0131qlara x\u00fctb\u0259\u201d (\u201cSermon to the Fish\u201d) filmi \u201cBusan\u201d Beyn\u0259lxalq Film Festival\u0131n\u0131n \u201cAsiya Kinosuna P\u0259nc\u0259r\u0259\u201d b\u00f6l\u00fcm\u00fcnd\u0259 n\u00fcmayi\u015f olunacaq. Busan\u201d Beyn\u0259lxalq Film Festival\u0131 Tokio v\u0259 Honkonq Beyn\u0259lxalq Film Festivallar\u0131 il\u0259 yana\u015f\u0131, Asiyan\u0131n \u0259n b\u00f6y\u00fck film festival\u0131 hesab olunur.&nbsp;<\/p>\n\n\n\n<p>\u201cBal\u0131qlara x\u00fctb\u0259\u201d filmi, h\u0259m\u00e7inin, \u201cLocarno\u201d Film Festival\u0131n\u0131n \u201cH\u0259yat\u0131n keyfiyy\u0259ti \u0259traf m\u00fchitd\u0259n as\u0131l\u0131d\u0131r\u201d m\u00fckafatlar\u0131na da layiq g\u00f6r\u00fcl\u00fcb.<\/p>\n\n\n\n<p>Ekran \u0259s\u0259ri m\u00fcharib\u0259l\u0259rd\u0259, sava\u015f\u0131n a\u011fr\u0131lar\u0131 i\u00e7ind\u0259 itmi\u015f, unudulmu\u015f ruhlar haqq\u0131nda f\u0259ls\u0259fi na\u011f\u0131ld\u0131r.<\/p>\n\n\n\n<p>Film Az\u0259rbaycan, Meksika, \u0130sve\u00e7r\u0259 v\u0259 T\u00fcrkiy\u0259nin birg\u0259 istehsal\u0131d\u0131r.<\/p>\n","protected":false},"excerpt":{"rendered":"","protected":false},"author":14,"featured_media":255388,"comment_status":"closed","ping_status":"closed","sticky":false,"template":"","format":"standard","meta":{"_acf_changed":false,"_sitemap_exclude":false,"_sitemap_priority":"","_sitemap_frequency":"","footnotes":""},"categories":[52,63],"tags":[],"class_list":["post-255387","post","type-post","status-publish","format-standard","has-post-thumbnail","hentry","category-medeniyyet","category-video-2","infinite-scroll-item","generate-columns","tablet-grid-50","mobile-grid-100","grid-parent","grid-33","no-featured-image-padding"],"acf":[],"yoast_head":"<!-- This site is optimized with the Yoast SEO plugin v27.5 - https:\/\/yoast.com\/product\/yoast-seo-wordpress\/ -->\n<title>MeyArt: Az\u0259rbaycanda Animasiya festival\u0131 ke\u00e7irilir\ufffc - MEYDAN.TV<\/title>\n<meta name=\"robots\" content=\"index, follow, max-snippet:-1, max-image-preview:large, max-video-preview:-1\" \/>\n<link rel=\"canonical\" href=\"https:\/\/www.meydan.tv\/az\/article\/meyart-azerbaycanda-animasiya-festivali-kecirilir%ef%bf%bc\/\" \/>\n<meta property=\"og:locale\" content=\"az_AZ\" \/>\n<meta property=\"og:type\" content=\"article\" \/>\n<meta property=\"og:title\" content=\"MeyArt: Az\u0259rbaycanda Animasiya festival\u0131 ke\u00e7irilir\ufffc - MEYDAN.TV\" \/>\n<meta property=\"og:url\" content=\"https:\/\/www.meydan.tv\/az\/article\/meyart-azerbaycanda-animasiya-festivali-kecirilir%ef%bf%bc\/\" \/>\n<meta property=\"og:site_name\" content=\"MEYDAN.TV\" \/>\n<meta property=\"article:published_time\" content=\"2022-09-12T09:41:42+00:00\" \/>\n<meta property=\"article:modified_time\" content=\"2022-09-12T09:41:44+00:00\" \/>\n<meta property=\"og:image\" content=\"https:\/\/www.meydan.tv\/wp-content\/uploads\/screenshot-at-sep-12-11-37-21.png\" \/>\n\t<meta property=\"og:image:width\" content=\"1860\" \/>\n\t<meta property=\"og:image:height\" content=\"1038\" \/>\n\t<meta property=\"og:image:type\" content=\"image\/png\" \/>\n<meta name=\"author\" content=\"roma\" \/>\n<meta name=\"twitter:card\" content=\"summary_large_image\" \/>\n<script type=\"application\/ld+json\" class=\"yoast-schema-graph\">{\"@context\":\"https:\\\/\\\/schema.org\",\"@graph\":[{\"@type\":\"Article\",\"@id\":\"https:\\\/\\\/www.meydan.tv\\\/az\\\/article\\\/meyart-azerbaycanda-animasiya-festivali-kecirilir%ef%bf%bc\\\/#article\",\"isPartOf\":{\"@id\":\"https:\\\/\\\/www.meydan.tv\\\/az\\\/article\\\/meyart-azerbaycanda-animasiya-festivali-kecirilir%ef%bf%bc\\\/\"},\"author\":{\"name\":\"roma\",\"@id\":\"https:\\\/\\\/www.meydan.tv\\\/az\\\/#\\\/schema\\\/person\\\/8f23e01c4de63326c13c319fb65ee65d\"},\"headline\":\"MeyArt: Az\u0259rbaycanda Animasiya festival\u0131 ke\u00e7irilir\ufffc\",\"datePublished\":\"2022-09-12T09:41:42+00:00\",\"dateModified\":\"2022-09-12T09:41:44+00:00\",\"mainEntityOfPage\":{\"@id\":\"https:\\\/\\\/www.meydan.tv\\\/az\\\/article\\\/meyart-azerbaycanda-animasiya-festivali-kecirilir%ef%bf%bc\\\/\"},\"wordCount\":533,\"publisher\":{\"@id\":\"https:\\\/\\\/www.meydan.tv\\\/az\\\/#organization\"},\"image\":{\"@id\":\"https:\\\/\\\/www.meydan.tv\\\/az\\\/article\\\/meyart-azerbaycanda-animasiya-festivali-kecirilir%ef%bf%bc\\\/#primaryimage\"},\"thumbnailUrl\":\"https:\\\/\\\/www.meydan.tv\\\/wp-content\\\/uploads\\\/screenshot-at-sep-12-11-37-21.png\",\"articleSection\":[\"M\u0259d\u0259niyy\u0259t\",\"Video\"],\"inLanguage\":\"az\"},{\"@type\":\"WebPage\",\"@id\":\"https:\\\/\\\/www.meydan.tv\\\/az\\\/article\\\/meyart-azerbaycanda-animasiya-festivali-kecirilir%ef%bf%bc\\\/\",\"url\":\"https:\\\/\\\/www.meydan.tv\\\/az\\\/article\\\/meyart-azerbaycanda-animasiya-festivali-kecirilir%ef%bf%bc\\\/\",\"name\":\"MeyArt: Az\u0259rbaycanda Animasiya festival\u0131 ke\u00e7irilir\ufffc - MEYDAN.TV\",\"isPartOf\":{\"@id\":\"https:\\\/\\\/www.meydan.tv\\\/az\\\/#website\"},\"primaryImageOfPage\":{\"@id\":\"https:\\\/\\\/www.meydan.tv\\\/az\\\/article\\\/meyart-azerbaycanda-animasiya-festivali-kecirilir%ef%bf%bc\\\/#primaryimage\"},\"image\":{\"@id\":\"https:\\\/\\\/www.meydan.tv\\\/az\\\/article\\\/meyart-azerbaycanda-animasiya-festivali-kecirilir%ef%bf%bc\\\/#primaryimage\"},\"thumbnailUrl\":\"https:\\\/\\\/www.meydan.tv\\\/wp-content\\\/uploads\\\/screenshot-at-sep-12-11-37-21.png\",\"datePublished\":\"2022-09-12T09:41:42+00:00\",\"dateModified\":\"2022-09-12T09:41:44+00:00\",\"breadcrumb\":{\"@id\":\"https:\\\/\\\/www.meydan.tv\\\/az\\\/article\\\/meyart-azerbaycanda-animasiya-festivali-kecirilir%ef%bf%bc\\\/#breadcrumb\"},\"inLanguage\":\"az\",\"potentialAction\":[{\"@type\":\"ReadAction\",\"target\":[\"https:\\\/\\\/www.meydan.tv\\\/az\\\/article\\\/meyart-azerbaycanda-animasiya-festivali-kecirilir%ef%bf%bc\\\/\"]}]},{\"@type\":\"ImageObject\",\"inLanguage\":\"az\",\"@id\":\"https:\\\/\\\/www.meydan.tv\\\/az\\\/article\\\/meyart-azerbaycanda-animasiya-festivali-kecirilir%ef%bf%bc\\\/#primaryimage\",\"url\":\"https:\\\/\\\/www.meydan.tv\\\/wp-content\\\/uploads\\\/screenshot-at-sep-12-11-37-21.png\",\"contentUrl\":\"https:\\\/\\\/www.meydan.tv\\\/wp-content\\\/uploads\\\/screenshot-at-sep-12-11-37-21.png\",\"width\":1860,\"height\":1038},{\"@type\":\"BreadcrumbList\",\"@id\":\"https:\\\/\\\/www.meydan.tv\\\/az\\\/article\\\/meyart-azerbaycanda-animasiya-festivali-kecirilir%ef%bf%bc\\\/#breadcrumb\",\"itemListElement\":[{\"@type\":\"ListItem\",\"position\":1,\"name\":\"Ana s\u0259hif\u0259\",\"item\":\"https:\\\/\\\/www.meydan.tv\\\/az\\\/\"},{\"@type\":\"ListItem\",\"position\":2,\"name\":\"Video\",\"item\":\"https:\\\/\\\/www.meydan.tv\\\/az\\\/section\\\/video-2\\\/\"},{\"@type\":\"ListItem\",\"position\":3,\"name\":\"MeyArt: Az\u0259rbaycanda Animasiya festival\u0131 ke\u00e7irilir\ufffc\"}]},{\"@type\":\"WebSite\",\"@id\":\"https:\\\/\\\/www.meydan.tv\\\/az\\\/#website\",\"url\":\"https:\\\/\\\/www.meydan.tv\\\/az\\\/\",\"name\":\"MEYDAN.TV\",\"description\":\"Meydan TV Az\u0259rbaycan\u0131n media m\u0259kan\u0131ndak\u0131 alternativ s\u0259sidir\",\"publisher\":{\"@id\":\"https:\\\/\\\/www.meydan.tv\\\/az\\\/#organization\"},\"potentialAction\":[{\"@type\":\"SearchAction\",\"target\":{\"@type\":\"EntryPoint\",\"urlTemplate\":\"https:\\\/\\\/www.meydan.tv\\\/az\\\/?s={search_term_string}\"},\"query-input\":{\"@type\":\"PropertyValueSpecification\",\"valueRequired\":true,\"valueName\":\"search_term_string\"}}],\"inLanguage\":\"az\"},{\"@type\":\"Organization\",\"@id\":\"https:\\\/\\\/www.meydan.tv\\\/az\\\/#organization\",\"name\":\"Meydan TV\",\"url\":\"https:\\\/\\\/www.meydan.tv\\\/az\\\/\",\"logo\":{\"@type\":\"ImageObject\",\"inLanguage\":\"az\",\"@id\":\"https:\\\/\\\/www.meydan.tv\\\/az\\\/#\\\/schema\\\/logo\\\/image\\\/\",\"url\":\"https:\\\/\\\/www.meydan.tv\\\/wp-content\\\/uploads\\\/2021\\\/07\\\/meydan-logo.svg\",\"contentUrl\":\"https:\\\/\\\/www.meydan.tv\\\/wp-content\\\/uploads\\\/2021\\\/07\\\/meydan-logo.svg\",\"width\":195,\"height\":46,\"caption\":\"Meydan TV\"},\"image\":{\"@id\":\"https:\\\/\\\/www.meydan.tv\\\/az\\\/#\\\/schema\\\/logo\\\/image\\\/\"}},{\"@type\":\"Person\",\"@id\":\"https:\\\/\\\/www.meydan.tv\\\/az\\\/#\\\/schema\\\/person\\\/8f23e01c4de63326c13c319fb65ee65d\",\"name\":\"roma\"}]}<\/script>\n<!-- \/ Yoast SEO plugin. -->","yoast_head_json":{"title":"MeyArt: Az\u0259rbaycanda Animasiya festival\u0131 ke\u00e7irilir\ufffc - MEYDAN.TV","robots":{"index":"index","follow":"follow","max-snippet":"max-snippet:-1","max-image-preview":"max-image-preview:large","max-video-preview":"max-video-preview:-1"},"canonical":"https:\/\/www.meydan.tv\/az\/article\/meyart-azerbaycanda-animasiya-festivali-kecirilir%ef%bf%bc\/","og_locale":"az_AZ","og_type":"article","og_title":"MeyArt: Az\u0259rbaycanda Animasiya festival\u0131 ke\u00e7irilir\ufffc - MEYDAN.TV","og_url":"https:\/\/www.meydan.tv\/az\/article\/meyart-azerbaycanda-animasiya-festivali-kecirilir%ef%bf%bc\/","og_site_name":"MEYDAN.TV","article_published_time":"2022-09-12T09:41:42+00:00","article_modified_time":"2022-09-12T09:41:44+00:00","og_image":[{"width":1860,"height":1038,"url":"https:\/\/www.meydan.tv\/wp-content\/uploads\/screenshot-at-sep-12-11-37-21.png","type":"image\/png"}],"author":"roma","twitter_card":"summary_large_image","schema":{"@context":"https:\/\/schema.org","@graph":[{"@type":"Article","@id":"https:\/\/www.meydan.tv\/az\/article\/meyart-azerbaycanda-animasiya-festivali-kecirilir%ef%bf%bc\/#article","isPartOf":{"@id":"https:\/\/www.meydan.tv\/az\/article\/meyart-azerbaycanda-animasiya-festivali-kecirilir%ef%bf%bc\/"},"author":{"name":"roma","@id":"https:\/\/www.meydan.tv\/az\/#\/schema\/person\/8f23e01c4de63326c13c319fb65ee65d"},"headline":"MeyArt: Az\u0259rbaycanda Animasiya festival\u0131 ke\u00e7irilir\ufffc","datePublished":"2022-09-12T09:41:42+00:00","dateModified":"2022-09-12T09:41:44+00:00","mainEntityOfPage":{"@id":"https:\/\/www.meydan.tv\/az\/article\/meyart-azerbaycanda-animasiya-festivali-kecirilir%ef%bf%bc\/"},"wordCount":533,"publisher":{"@id":"https:\/\/www.meydan.tv\/az\/#organization"},"image":{"@id":"https:\/\/www.meydan.tv\/az\/article\/meyart-azerbaycanda-animasiya-festivali-kecirilir%ef%bf%bc\/#primaryimage"},"thumbnailUrl":"https:\/\/www.meydan.tv\/wp-content\/uploads\/screenshot-at-sep-12-11-37-21.png","articleSection":["M\u0259d\u0259niyy\u0259t","Video"],"inLanguage":"az"},{"@type":"WebPage","@id":"https:\/\/www.meydan.tv\/az\/article\/meyart-azerbaycanda-animasiya-festivali-kecirilir%ef%bf%bc\/","url":"https:\/\/www.meydan.tv\/az\/article\/meyart-azerbaycanda-animasiya-festivali-kecirilir%ef%bf%bc\/","name":"MeyArt: Az\u0259rbaycanda Animasiya festival\u0131 ke\u00e7irilir\ufffc - MEYDAN.TV","isPartOf":{"@id":"https:\/\/www.meydan.tv\/az\/#website"},"primaryImageOfPage":{"@id":"https:\/\/www.meydan.tv\/az\/article\/meyart-azerbaycanda-animasiya-festivali-kecirilir%ef%bf%bc\/#primaryimage"},"image":{"@id":"https:\/\/www.meydan.tv\/az\/article\/meyart-azerbaycanda-animasiya-festivali-kecirilir%ef%bf%bc\/#primaryimage"},"thumbnailUrl":"https:\/\/www.meydan.tv\/wp-content\/uploads\/screenshot-at-sep-12-11-37-21.png","datePublished":"2022-09-12T09:41:42+00:00","dateModified":"2022-09-12T09:41:44+00:00","breadcrumb":{"@id":"https:\/\/www.meydan.tv\/az\/article\/meyart-azerbaycanda-animasiya-festivali-kecirilir%ef%bf%bc\/#breadcrumb"},"inLanguage":"az","potentialAction":[{"@type":"ReadAction","target":["https:\/\/www.meydan.tv\/az\/article\/meyart-azerbaycanda-animasiya-festivali-kecirilir%ef%bf%bc\/"]}]},{"@type":"ImageObject","inLanguage":"az","@id":"https:\/\/www.meydan.tv\/az\/article\/meyart-azerbaycanda-animasiya-festivali-kecirilir%ef%bf%bc\/#primaryimage","url":"https:\/\/www.meydan.tv\/wp-content\/uploads\/screenshot-at-sep-12-11-37-21.png","contentUrl":"https:\/\/www.meydan.tv\/wp-content\/uploads\/screenshot-at-sep-12-11-37-21.png","width":1860,"height":1038},{"@type":"BreadcrumbList","@id":"https:\/\/www.meydan.tv\/az\/article\/meyart-azerbaycanda-animasiya-festivali-kecirilir%ef%bf%bc\/#breadcrumb","itemListElement":[{"@type":"ListItem","position":1,"name":"Ana s\u0259hif\u0259","item":"https:\/\/www.meydan.tv\/az\/"},{"@type":"ListItem","position":2,"name":"Video","item":"https:\/\/www.meydan.tv\/az\/section\/video-2\/"},{"@type":"ListItem","position":3,"name":"MeyArt: Az\u0259rbaycanda Animasiya festival\u0131 ke\u00e7irilir\ufffc"}]},{"@type":"WebSite","@id":"https:\/\/www.meydan.tv\/az\/#website","url":"https:\/\/www.meydan.tv\/az\/","name":"MEYDAN.TV","description":"Meydan TV Az\u0259rbaycan\u0131n media m\u0259kan\u0131ndak\u0131 alternativ s\u0259sidir","publisher":{"@id":"https:\/\/www.meydan.tv\/az\/#organization"},"potentialAction":[{"@type":"SearchAction","target":{"@type":"EntryPoint","urlTemplate":"https:\/\/www.meydan.tv\/az\/?s={search_term_string}"},"query-input":{"@type":"PropertyValueSpecification","valueRequired":true,"valueName":"search_term_string"}}],"inLanguage":"az"},{"@type":"Organization","@id":"https:\/\/www.meydan.tv\/az\/#organization","name":"Meydan TV","url":"https:\/\/www.meydan.tv\/az\/","logo":{"@type":"ImageObject","inLanguage":"az","@id":"https:\/\/www.meydan.tv\/az\/#\/schema\/logo\/image\/","url":"https:\/\/www.meydan.tv\/wp-content\/uploads\/2021\/07\/meydan-logo.svg","contentUrl":"https:\/\/www.meydan.tv\/wp-content\/uploads\/2021\/07\/meydan-logo.svg","width":195,"height":46,"caption":"Meydan TV"},"image":{"@id":"https:\/\/www.meydan.tv\/az\/#\/schema\/logo\/image\/"}},{"@type":"Person","@id":"https:\/\/www.meydan.tv\/az\/#\/schema\/person\/8f23e01c4de63326c13c319fb65ee65d","name":"roma"}]}},"_links":{"self":[{"href":"https:\/\/www.meydan.tv\/az\/wp-json\/wp\/v2\/posts\/255387","targetHints":{"allow":["GET"]}}],"collection":[{"href":"https:\/\/www.meydan.tv\/az\/wp-json\/wp\/v2\/posts"}],"about":[{"href":"https:\/\/www.meydan.tv\/az\/wp-json\/wp\/v2\/types\/post"}],"author":[{"embeddable":true,"href":"https:\/\/www.meydan.tv\/az\/wp-json\/wp\/v2\/users\/14"}],"replies":[{"embeddable":true,"href":"https:\/\/www.meydan.tv\/az\/wp-json\/wp\/v2\/comments?post=255387"}],"version-history":[{"count":1,"href":"https:\/\/www.meydan.tv\/az\/wp-json\/wp\/v2\/posts\/255387\/revisions"}],"predecessor-version":[{"id":255391,"href":"https:\/\/www.meydan.tv\/az\/wp-json\/wp\/v2\/posts\/255387\/revisions\/255391"}],"wp:featuredmedia":[{"embeddable":true,"href":"https:\/\/www.meydan.tv\/az\/wp-json\/wp\/v2\/media\/255388"}],"wp:attachment":[{"href":"https:\/\/www.meydan.tv\/az\/wp-json\/wp\/v2\/media?parent=255387"}],"wp:term":[{"taxonomy":"category","embeddable":true,"href":"https:\/\/www.meydan.tv\/az\/wp-json\/wp\/v2\/categories?post=255387"},{"taxonomy":"post_tag","embeddable":true,"href":"https:\/\/www.meydan.tv\/az\/wp-json\/wp\/v2\/tags?post=255387"}],"curies":[{"name":"wp","href":"https:\/\/api.w.org\/{rel}","templated":true}]}}