{"id":255366,"date":"2022-09-11T22:48:07","date_gmt":"2022-09-11T18:48:07","guid":{"rendered":"https:\/\/www.meydan.tv\/?p=255366"},"modified":"2022-09-11T22:48:11","modified_gmt":"2022-09-11T18:48:11","slug":"elcin-sadiqov-ve-evez-zeynalli-dtx-da-saxlanilir","status":"publish","type":"post","link":"https:\/\/www.meydan.tv\/az\/article\/elcin-sadiqov-ve-evez-zeynalli-dtx-da-saxlanilir\/","title":{"rendered":"El\u00e7in Sad\u0131qov v\u0259 \u018fv\u0259z Zeynall\u0131 DTX-da saxlan\u0131l\u0131r"},"content":{"rendered":"\n<p><\/p>\n\n\n\n<p><em>V\u0259kil apelyasiya \u015fikay\u0259ti verib<\/em><\/p>\n\n\n\n<p>V\u0259kil El\u00e7in Sad\u0131qov v\u0259 &#8220;Xural TV&#8221; internet televiziyas\u0131n\u0131n r\u0259hb\u0259ri \u018fv\u0259z Zeynall\u0131 D\u00f6vl\u0259t T\u0259hl\u00fck\u0259sizliyi Xidm\u0259tinin (DTX) istintaq t\u0259cridxanas\u0131nda saxlan\u0131l\u0131r. Amma onlar\u0131n bar\u0259sind\u0259ki cinay\u0259t i\u015finin istintaq\u0131 Ba\u015f Prokurorlu\u011fun \u0130stintaq \u0130dar\u0259sind\u0259 apar\u0131ld\u0131\u011f\u0131 halda, hans\u0131 \u0259sasla DTX-da saxland\u0131qlar\u0131 m\u0259lum deyil. H\u0259r\u00e7\u0259nd, Bin\u0259q\u0259di Rayon M\u0259hk\u0259m\u0259sinin hakimi F\u0259rid \u018fmir\u0259liyev sentyabr\u0131n 10-dan 11-n\u0259 ke\u00e7\u0259n gec\u0259 saat 3-4 rad\u0259l\u0259rind\u0259 \u018fv\u0259z Zeynall\u0131 v\u0259 El\u00e7in Sad\u0131qovun 4 ayl\u0131q h\u0259bsi bar\u0259d\u0259 verdiyi q\u0259rarlarda onlar\u0131n bu DTX-n\u0131n istintaq t\u0259cridxanas\u0131nda saxlanmas\u0131n\u0131 g\u00f6st\u0259rib. Amma q\u0259rar\u0131n icras\u0131n\u0131n niy\u0259 m\u0259hz DTX-ya h\u0259val\u0259 olunmas\u0131n\u0131 \u0259sasland\u0131rmay\u0131b.<\/p>\n\n\n\n<p>\u018fv\u0259z Zeynall\u0131 v\u0259 El\u00e7in Sad\u0131qovun h\u0259r birinin bar\u0259sind\u0259 ilkin istintaq d\u00f6vr\u00fc \u00fc\u00e7\u00fcn 4 ayl\u0131q h\u0259bs-q\u0259timkan t\u0259dbiri se\u00e7ilib. Art\u0131q \u018fv\u0259z Zeynall\u0131 haqda Bin\u0259q\u0259di Rayon M\u0259hk\u0259m\u0259sinin bu q\u0259rar\u0131ndan apelyasiya \u015fikay\u0259ti verilib. Bu bar\u0259d\u0259 onun v\u0259kili Aqil Lay\u0131c bildirib.<\/p>\n\n\n\n<p>&#8220;Apelyasiya \u015fikay\u0259ti \u00f6z\u0259l po\u00e7t xidm\u0259tin\u0259 t\u0259qdim edildi. Sabah (sentyabr\u0131n 12-d\u0259) Bin\u0259q\u0259di&nbsp; Rayon M\u0259hk\u0259m\u0259sind\u0259 olacaq. Bak\u0131 Apelyasiya M\u0259hk\u0259m\u0259sind\u0259n q\u0259rar\u0131n l\u0259\u011fvi &#8211; \u018fv\u0259z Zeynall\u0131 bar\u0259sind\u0259 h\u0259bs q\u0259timkan t\u0259dbirinin l\u0259\u011fv olunmas\u0131 v\u0259 ya alternativ olaraq, ev dustaql\u0131\u011f\u0131na burax\u0131lmas\u0131 xahi\u015f edilib. \u018flimizd\u0259n bundan ba\u015fqa n\u0259 g\u0259lir ki&#8230;\u201d, &#8211; v\u0259kil Aqil Lay\u0131c bildirib.<\/p>\n\n\n\n<figure class=\"wp-block-image size-large\"><img decoding=\"async\" width=\"1200\" height=\"600\" data-src=\"https:\/\/www.meydan.tv\/wp-content\/uploads\/untitled_design__1_-3-1200x600.png\" alt=\"\" class=\"wp-image-255329 lazyload\" src=\"data:image\/svg+xml;base64,PHN2ZyB3aWR0aD0iMSIgaGVpZ2h0PSIxIiB4bWxucz0iaHR0cDovL3d3dy53My5vcmcvMjAwMC9zdmciPjwvc3ZnPg==\" style=\"--smush-placeholder-width: 1200px; --smush-placeholder-aspect-ratio: 1200\/600;\" \/><figcaption>El\u00e7in Sad\u0131qov v\u0259 \u018fv\u0259z Zeynall\u0131. M\u0259nb\u0259: Meydan TV<\/figcaption><\/figure>\n\n\n\n<p>\u018fv\u0259z Zeynall\u0131 v\u0259 El\u00e7in Sad\u0131qov sentyabr\u0131n 10-da saxlan\u0131l\u0131b. Onlar\u0131n evl\u0259rind\u0259 v\u0259 ofisl\u0259rind\u0259 axtar\u0131\u015f apar\u0131l\u0131b.<\/p>\n\n\n\n<p>\u018fv\u0259z Zeynall\u0131ya Cinay\u0259t M\u0259c\u0259ll\u0259sinin 311.3.3 (k\u00fclli miqdarda r\u00fc\u015fv\u0259t alma), El\u00e7in Sad\u0131qova is\u0259 32,311.3.3 (k\u00fclli miqdarda r\u00fc\u015fv\u0259t almada i\u015ftirak\u00e7\u0131l\u0131q) madd\u0259sil\u0259 ittiham olunur.<\/p>\n\n\n\n<p>Bu madd\u0259d\u0259 8 ild\u0259n 12 il\u0259 q\u0259d\u0259r azadl\u0131qdan m\u0259hrumetm\u0259 c\u0259zas\u0131 n\u0259z\u0259rd\u0259 tutulub.<\/p>\n\n\n\n<p>Onlar \u201cBaku Steel Company\u201d MMC-nin &#8211; polad\u0259ritm\u0259 zavodunun ke\u00e7mi\u015f r\u0259hb\u0259ri Rasim M\u0259mm\u0259dovun ail\u0259sind\u0259n pul almaqda ittiham olunur. El\u00e7in Sad\u0131qov 2021-ci ilin yanvar\u0131ndan h\u0259bsd\u0259 olan Rasim M\u0259mm\u0259dovun v\u0259kili idi.<\/p>\n\n\n\n<p>Lakin El\u00e7in Sad\u0131qov v\u0259 \u018fv\u0259z Zeynall\u0131 \u00f6z\u00fcn\u00fc t\u0259qsirli bilmir, ittiham\u0131n c\u0259f\u0259ngiyyat oldu\u011funu bildirir.<\/p>\n\n\n\n<p>El\u00e7in Sad\u0131qov h\u0259bsini siyasi motivl\u0259rl\u0259 h\u0259bs edil\u0259n ictimai-siyasi f\u0259allara v\u0259killik etm\u0259sil\u0259 \u0259laq\u0259l\u0259ndirir. Hesab edir ki, m\u0259hz buna g\u00f6r\u0259 c\u0259zaland\u0131r\u0131l\u0131r.<\/p>\n\n\n\n<p>\u018fv\u0259z Zeynall\u0131 da t\u0259nqidi \u00e7\u0131x\u0131\u015flar\u0131na g\u00f6r\u0259 c\u0259zaland\u0131r\u0131ld\u0131\u011f\u0131n\u0131 bildirib.<\/p>\n","protected":false},"excerpt":{"rendered":"<p>V\u0259kil apelyasiya \u015fikay\u0259ti verib V\u0259kil El\u00e7in Sad\u0131qov v\u0259 &#8220;Xural TV&#8221; &#8230; <\/p>\n<p class=\"read-more-container\"><a title=\"El\u00e7in Sad\u0131qov v\u0259 \u018fv\u0259z Zeynall\u0131 DTX-da saxlan\u0131l\u0131r\" class=\"read-more button\" href=\"https:\/\/www.meydan.tv\/az\/article\/elcin-sadiqov-ve-evez-zeynalli-dtx-da-saxlanilir\/#more-255366\" aria-label=\"Read more about El\u00e7in Sad\u0131qov v\u0259 \u018fv\u0259z Zeynall\u0131 DTX-da saxlan\u0131l\u0131r\">Davam\u0131<\/a><\/p>\n","protected":false},"author":8,"featured_media":210619,"comment_status":"closed","ping_status":"closed","sticky":false,"template":"","format":"standard","meta":{"_acf_changed":false,"_sitemap_exclude":false,"_sitemap_priority":"","_sitemap_frequency":"","footnotes":""},"categories":[59,79,56],"tags":[],"class_list":["post-255366","post","type-post","status-publish","format-standard","has-post-thumbnail","hentry","category-siyaset","category-featured","category-xeberler","infinite-scroll-item","generate-columns","tablet-grid-50","mobile-grid-100","grid-parent","grid-33","no-featured-image-padding"],"acf":[],"yoast_head":"<!-- This site is optimized with the Yoast SEO plugin v27.5 - https:\/\/yoast.com\/product\/yoast-seo-wordpress\/ -->\n<title>El\u00e7in Sad\u0131qov v\u0259 \u018fv\u0259z Zeynall\u0131 DTX-da saxlan\u0131l\u0131r - MEYDAN.TV<\/title>\n<meta name=\"robots\" content=\"index, follow, max-snippet:-1, max-image-preview:large, max-video-preview:-1\" \/>\n<link rel=\"canonical\" href=\"https:\/\/www.meydan.tv\/az\/article\/elcin-sadiqov-ve-evez-zeynalli-dtx-da-saxlanilir\/\" \/>\n<meta property=\"og:locale\" content=\"az_AZ\" \/>\n<meta property=\"og:type\" content=\"article\" \/>\n<meta property=\"og:title\" content=\"El\u00e7in Sad\u0131qov v\u0259 \u018fv\u0259z Zeynall\u0131 DTX-da saxlan\u0131l\u0131r - MEYDAN.TV\" \/>\n<meta property=\"og:description\" content=\"V\u0259kil apelyasiya \u015fikay\u0259ti verib V\u0259kil El\u00e7in Sad\u0131qov v\u0259 &#8220;Xural TV&#8221; ... Davam\u0131\" \/>\n<meta property=\"og:url\" content=\"https:\/\/www.meydan.tv\/az\/article\/elcin-sadiqov-ve-evez-zeynalli-dtx-da-saxlanilir\/\" \/>\n<meta property=\"og:site_name\" content=\"MEYDAN.TV\" \/>\n<meta property=\"article:published_time\" content=\"2022-09-11T18:48:07+00:00\" \/>\n<meta property=\"article:modified_time\" content=\"2022-09-11T18:48:11+00:00\" \/>\n<meta property=\"og:image\" content=\"https:\/\/www.meydan.tv\/wp-content\/uploads\/61543f189747c61543f189747d1632911128e9fb7c08f1b76d9997f72f5a4c409db2.jpg\" \/>\n\t<meta property=\"og:image:width\" content=\"1200\" \/>\n\t<meta property=\"og:image:height\" content=\"800\" \/>\n\t<meta property=\"og:image:type\" content=\"image\/jpeg\" \/>\n<meta name=\"author\" content=\"elli\" \/>\n<meta name=\"twitter:card\" content=\"summary_large_image\" \/>\n<meta name=\"twitter:creator\" content=\"@elli\" \/>\n<script type=\"application\/ld+json\" class=\"yoast-schema-graph\">{\"@context\":\"https:\\\/\\\/schema.org\",\"@graph\":[{\"@type\":\"Article\",\"@id\":\"https:\\\/\\\/www.meydan.tv\\\/az\\\/article\\\/elcin-sadiqov-ve-evez-zeynalli-dtx-da-saxlanilir\\\/#article\",\"isPartOf\":{\"@id\":\"https:\\\/\\\/www.meydan.tv\\\/az\\\/article\\\/elcin-sadiqov-ve-evez-zeynalli-dtx-da-saxlanilir\\\/\"},\"author\":{\"name\":\"elli\",\"@id\":\"https:\\\/\\\/www.meydan.tv\\\/az\\\/#\\\/schema\\\/person\\\/9cdbecf90d17180ce1dfbd95b08dcf47\"},\"headline\":\"El\u00e7in Sad\u0131qov v\u0259 \u018fv\u0259z Zeynall\u0131 DTX-da saxlan\u0131l\u0131r\",\"datePublished\":\"2022-09-11T18:48:07+00:00\",\"dateModified\":\"2022-09-11T18:48:11+00:00\",\"mainEntityOfPage\":{\"@id\":\"https:\\\/\\\/www.meydan.tv\\\/az\\\/article\\\/elcin-sadiqov-ve-evez-zeynalli-dtx-da-saxlanilir\\\/\"},\"wordCount\":509,\"publisher\":{\"@id\":\"https:\\\/\\\/www.meydan.tv\\\/az\\\/#organization\"},\"image\":{\"@id\":\"https:\\\/\\\/www.meydan.tv\\\/az\\\/article\\\/elcin-sadiqov-ve-evez-zeynalli-dtx-da-saxlanilir\\\/#primaryimage\"},\"thumbnailUrl\":\"https:\\\/\\\/www.meydan.tv\\\/wp-content\\\/uploads\\\/61543f189747c61543f189747d1632911128e9fb7c08f1b76d9997f72f5a4c409db2.jpg\",\"articleSection\":[\"Siyas\u0259t\",\"T\u00f6vsiy\u0259\",\"X\u0259b\u0259rl\u0259r\"],\"inLanguage\":\"az\"},{\"@type\":\"WebPage\",\"@id\":\"https:\\\/\\\/www.meydan.tv\\\/az\\\/article\\\/elcin-sadiqov-ve-evez-zeynalli-dtx-da-saxlanilir\\\/\",\"url\":\"https:\\\/\\\/www.meydan.tv\\\/az\\\/article\\\/elcin-sadiqov-ve-evez-zeynalli-dtx-da-saxlanilir\\\/\",\"name\":\"El\u00e7in Sad\u0131qov v\u0259 \u018fv\u0259z Zeynall\u0131 DTX-da saxlan\u0131l\u0131r - MEYDAN.TV\",\"isPartOf\":{\"@id\":\"https:\\\/\\\/www.meydan.tv\\\/az\\\/#website\"},\"primaryImageOfPage\":{\"@id\":\"https:\\\/\\\/www.meydan.tv\\\/az\\\/article\\\/elcin-sadiqov-ve-evez-zeynalli-dtx-da-saxlanilir\\\/#primaryimage\"},\"image\":{\"@id\":\"https:\\\/\\\/www.meydan.tv\\\/az\\\/article\\\/elcin-sadiqov-ve-evez-zeynalli-dtx-da-saxlanilir\\\/#primaryimage\"},\"thumbnailUrl\":\"https:\\\/\\\/www.meydan.tv\\\/wp-content\\\/uploads\\\/61543f189747c61543f189747d1632911128e9fb7c08f1b76d9997f72f5a4c409db2.jpg\",\"datePublished\":\"2022-09-11T18:48:07+00:00\",\"dateModified\":\"2022-09-11T18:48:11+00:00\",\"breadcrumb\":{\"@id\":\"https:\\\/\\\/www.meydan.tv\\\/az\\\/article\\\/elcin-sadiqov-ve-evez-zeynalli-dtx-da-saxlanilir\\\/#breadcrumb\"},\"inLanguage\":\"az\",\"potentialAction\":[{\"@type\":\"ReadAction\",\"target\":[\"https:\\\/\\\/www.meydan.tv\\\/az\\\/article\\\/elcin-sadiqov-ve-evez-zeynalli-dtx-da-saxlanilir\\\/\"]}]},{\"@type\":\"ImageObject\",\"inLanguage\":\"az\",\"@id\":\"https:\\\/\\\/www.meydan.tv\\\/az\\\/article\\\/elcin-sadiqov-ve-evez-zeynalli-dtx-da-saxlanilir\\\/#primaryimage\",\"url\":\"https:\\\/\\\/www.meydan.tv\\\/wp-content\\\/uploads\\\/61543f189747c61543f189747d1632911128e9fb7c08f1b76d9997f72f5a4c409db2.jpg\",\"contentUrl\":\"https:\\\/\\\/www.meydan.tv\\\/wp-content\\\/uploads\\\/61543f189747c61543f189747d1632911128e9fb7c08f1b76d9997f72f5a4c409db2.jpg\",\"width\":1200,\"height\":800,\"caption\":\"Foto: D\u00f6vl\u0259t T\u0259hl\u00fck\u0259sizlik Xidm\u0259ti\"},{\"@type\":\"BreadcrumbList\",\"@id\":\"https:\\\/\\\/www.meydan.tv\\\/az\\\/article\\\/elcin-sadiqov-ve-evez-zeynalli-dtx-da-saxlanilir\\\/#breadcrumb\",\"itemListElement\":[{\"@type\":\"ListItem\",\"position\":1,\"name\":\"Ana s\u0259hif\u0259\",\"item\":\"https:\\\/\\\/www.meydan.tv\\\/az\\\/\"},{\"@type\":\"ListItem\",\"position\":2,\"name\":\"Siyas\u0259t\",\"item\":\"https:\\\/\\\/www.meydan.tv\\\/az\\\/section\\\/siyaset\\\/\"},{\"@type\":\"ListItem\",\"position\":3,\"name\":\"El\u00e7in Sad\u0131qov v\u0259 \u018fv\u0259z Zeynall\u0131 DTX-da saxlan\u0131l\u0131r\"}]},{\"@type\":\"WebSite\",\"@id\":\"https:\\\/\\\/www.meydan.tv\\\/az\\\/#website\",\"url\":\"https:\\\/\\\/www.meydan.tv\\\/az\\\/\",\"name\":\"MEYDAN.TV\",\"description\":\"Meydan TV Az\u0259rbaycan\u0131n media m\u0259kan\u0131ndak\u0131 alternativ s\u0259sidir\",\"publisher\":{\"@id\":\"https:\\\/\\\/www.meydan.tv\\\/az\\\/#organization\"},\"potentialAction\":[{\"@type\":\"SearchAction\",\"target\":{\"@type\":\"EntryPoint\",\"urlTemplate\":\"https:\\\/\\\/www.meydan.tv\\\/az\\\/?s={search_term_string}\"},\"query-input\":{\"@type\":\"PropertyValueSpecification\",\"valueRequired\":true,\"valueName\":\"search_term_string\"}}],\"inLanguage\":\"az\"},{\"@type\":\"Organization\",\"@id\":\"https:\\\/\\\/www.meydan.tv\\\/az\\\/#organization\",\"name\":\"Meydan TV\",\"url\":\"https:\\\/\\\/www.meydan.tv\\\/az\\\/\",\"logo\":{\"@type\":\"ImageObject\",\"inLanguage\":\"az\",\"@id\":\"https:\\\/\\\/www.meydan.tv\\\/az\\\/#\\\/schema\\\/logo\\\/image\\\/\",\"url\":\"https:\\\/\\\/www.meydan.tv\\\/wp-content\\\/uploads\\\/2021\\\/07\\\/meydan-logo.svg\",\"contentUrl\":\"https:\\\/\\\/www.meydan.tv\\\/wp-content\\\/uploads\\\/2021\\\/07\\\/meydan-logo.svg\",\"width\":195,\"height\":46,\"caption\":\"Meydan TV\"},\"image\":{\"@id\":\"https:\\\/\\\/www.meydan.tv\\\/az\\\/#\\\/schema\\\/logo\\\/image\\\/\"}},{\"@type\":\"Person\",\"@id\":\"https:\\\/\\\/www.meydan.tv\\\/az\\\/#\\\/schema\\\/person\\\/9cdbecf90d17180ce1dfbd95b08dcf47\",\"name\":\"elli\",\"sameAs\":[\"https:\\\/\\\/x.com\\\/elli\"]}]}<\/script>\n<!-- \/ Yoast SEO plugin. -->","yoast_head_json":{"title":"El\u00e7in Sad\u0131qov v\u0259 \u018fv\u0259z Zeynall\u0131 DTX-da saxlan\u0131l\u0131r - MEYDAN.TV","robots":{"index":"index","follow":"follow","max-snippet":"max-snippet:-1","max-image-preview":"max-image-preview:large","max-video-preview":"max-video-preview:-1"},"canonical":"https:\/\/www.meydan.tv\/az\/article\/elcin-sadiqov-ve-evez-zeynalli-dtx-da-saxlanilir\/","og_locale":"az_AZ","og_type":"article","og_title":"El\u00e7in Sad\u0131qov v\u0259 \u018fv\u0259z Zeynall\u0131 DTX-da saxlan\u0131l\u0131r - MEYDAN.TV","og_description":"V\u0259kil apelyasiya \u015fikay\u0259ti verib V\u0259kil El\u00e7in Sad\u0131qov v\u0259 &#8220;Xural TV&#8221; ... Davam\u0131","og_url":"https:\/\/www.meydan.tv\/az\/article\/elcin-sadiqov-ve-evez-zeynalli-dtx-da-saxlanilir\/","og_site_name":"MEYDAN.TV","article_published_time":"2022-09-11T18:48:07+00:00","article_modified_time":"2022-09-11T18:48:11+00:00","og_image":[{"width":1200,"height":800,"url":"https:\/\/www.meydan.tv\/wp-content\/uploads\/61543f189747c61543f189747d1632911128e9fb7c08f1b76d9997f72f5a4c409db2.jpg","type":"image\/jpeg"}],"author":"elli","twitter_card":"summary_large_image","twitter_creator":"@elli","schema":{"@context":"https:\/\/schema.org","@graph":[{"@type":"Article","@id":"https:\/\/www.meydan.tv\/az\/article\/elcin-sadiqov-ve-evez-zeynalli-dtx-da-saxlanilir\/#article","isPartOf":{"@id":"https:\/\/www.meydan.tv\/az\/article\/elcin-sadiqov-ve-evez-zeynalli-dtx-da-saxlanilir\/"},"author":{"name":"elli","@id":"https:\/\/www.meydan.tv\/az\/#\/schema\/person\/9cdbecf90d17180ce1dfbd95b08dcf47"},"headline":"El\u00e7in Sad\u0131qov v\u0259 \u018fv\u0259z Zeynall\u0131 DTX-da saxlan\u0131l\u0131r","datePublished":"2022-09-11T18:48:07+00:00","dateModified":"2022-09-11T18:48:11+00:00","mainEntityOfPage":{"@id":"https:\/\/www.meydan.tv\/az\/article\/elcin-sadiqov-ve-evez-zeynalli-dtx-da-saxlanilir\/"},"wordCount":509,"publisher":{"@id":"https:\/\/www.meydan.tv\/az\/#organization"},"image":{"@id":"https:\/\/www.meydan.tv\/az\/article\/elcin-sadiqov-ve-evez-zeynalli-dtx-da-saxlanilir\/#primaryimage"},"thumbnailUrl":"https:\/\/www.meydan.tv\/wp-content\/uploads\/61543f189747c61543f189747d1632911128e9fb7c08f1b76d9997f72f5a4c409db2.jpg","articleSection":["Siyas\u0259t","T\u00f6vsiy\u0259","X\u0259b\u0259rl\u0259r"],"inLanguage":"az"},{"@type":"WebPage","@id":"https:\/\/www.meydan.tv\/az\/article\/elcin-sadiqov-ve-evez-zeynalli-dtx-da-saxlanilir\/","url":"https:\/\/www.meydan.tv\/az\/article\/elcin-sadiqov-ve-evez-zeynalli-dtx-da-saxlanilir\/","name":"El\u00e7in Sad\u0131qov v\u0259 \u018fv\u0259z Zeynall\u0131 DTX-da saxlan\u0131l\u0131r - MEYDAN.TV","isPartOf":{"@id":"https:\/\/www.meydan.tv\/az\/#website"},"primaryImageOfPage":{"@id":"https:\/\/www.meydan.tv\/az\/article\/elcin-sadiqov-ve-evez-zeynalli-dtx-da-saxlanilir\/#primaryimage"},"image":{"@id":"https:\/\/www.meydan.tv\/az\/article\/elcin-sadiqov-ve-evez-zeynalli-dtx-da-saxlanilir\/#primaryimage"},"thumbnailUrl":"https:\/\/www.meydan.tv\/wp-content\/uploads\/61543f189747c61543f189747d1632911128e9fb7c08f1b76d9997f72f5a4c409db2.jpg","datePublished":"2022-09-11T18:48:07+00:00","dateModified":"2022-09-11T18:48:11+00:00","breadcrumb":{"@id":"https:\/\/www.meydan.tv\/az\/article\/elcin-sadiqov-ve-evez-zeynalli-dtx-da-saxlanilir\/#breadcrumb"},"inLanguage":"az","potentialAction":[{"@type":"ReadAction","target":["https:\/\/www.meydan.tv\/az\/article\/elcin-sadiqov-ve-evez-zeynalli-dtx-da-saxlanilir\/"]}]},{"@type":"ImageObject","inLanguage":"az","@id":"https:\/\/www.meydan.tv\/az\/article\/elcin-sadiqov-ve-evez-zeynalli-dtx-da-saxlanilir\/#primaryimage","url":"https:\/\/www.meydan.tv\/wp-content\/uploads\/61543f189747c61543f189747d1632911128e9fb7c08f1b76d9997f72f5a4c409db2.jpg","contentUrl":"https:\/\/www.meydan.tv\/wp-content\/uploads\/61543f189747c61543f189747d1632911128e9fb7c08f1b76d9997f72f5a4c409db2.jpg","width":1200,"height":800,"caption":"Foto: D\u00f6vl\u0259t T\u0259hl\u00fck\u0259sizlik Xidm\u0259ti"},{"@type":"BreadcrumbList","@id":"https:\/\/www.meydan.tv\/az\/article\/elcin-sadiqov-ve-evez-zeynalli-dtx-da-saxlanilir\/#breadcrumb","itemListElement":[{"@type":"ListItem","position":1,"name":"Ana s\u0259hif\u0259","item":"https:\/\/www.meydan.tv\/az\/"},{"@type":"ListItem","position":2,"name":"Siyas\u0259t","item":"https:\/\/www.meydan.tv\/az\/section\/siyaset\/"},{"@type":"ListItem","position":3,"name":"El\u00e7in Sad\u0131qov v\u0259 \u018fv\u0259z Zeynall\u0131 DTX-da saxlan\u0131l\u0131r"}]},{"@type":"WebSite","@id":"https:\/\/www.meydan.tv\/az\/#website","url":"https:\/\/www.meydan.tv\/az\/","name":"MEYDAN.TV","description":"Meydan TV Az\u0259rbaycan\u0131n media m\u0259kan\u0131ndak\u0131 alternativ s\u0259sidir","publisher":{"@id":"https:\/\/www.meydan.tv\/az\/#organization"},"potentialAction":[{"@type":"SearchAction","target":{"@type":"EntryPoint","urlTemplate":"https:\/\/www.meydan.tv\/az\/?s={search_term_string}"},"query-input":{"@type":"PropertyValueSpecification","valueRequired":true,"valueName":"search_term_string"}}],"inLanguage":"az"},{"@type":"Organization","@id":"https:\/\/www.meydan.tv\/az\/#organization","name":"Meydan TV","url":"https:\/\/www.meydan.tv\/az\/","logo":{"@type":"ImageObject","inLanguage":"az","@id":"https:\/\/www.meydan.tv\/az\/#\/schema\/logo\/image\/","url":"https:\/\/www.meydan.tv\/wp-content\/uploads\/2021\/07\/meydan-logo.svg","contentUrl":"https:\/\/www.meydan.tv\/wp-content\/uploads\/2021\/07\/meydan-logo.svg","width":195,"height":46,"caption":"Meydan TV"},"image":{"@id":"https:\/\/www.meydan.tv\/az\/#\/schema\/logo\/image\/"}},{"@type":"Person","@id":"https:\/\/www.meydan.tv\/az\/#\/schema\/person\/9cdbecf90d17180ce1dfbd95b08dcf47","name":"elli","sameAs":["https:\/\/x.com\/elli"]}]}},"_links":{"self":[{"href":"https:\/\/www.meydan.tv\/az\/wp-json\/wp\/v2\/posts\/255366","targetHints":{"allow":["GET"]}}],"collection":[{"href":"https:\/\/www.meydan.tv\/az\/wp-json\/wp\/v2\/posts"}],"about":[{"href":"https:\/\/www.meydan.tv\/az\/wp-json\/wp\/v2\/types\/post"}],"author":[{"embeddable":true,"href":"https:\/\/www.meydan.tv\/az\/wp-json\/wp\/v2\/users\/8"}],"replies":[{"embeddable":true,"href":"https:\/\/www.meydan.tv\/az\/wp-json\/wp\/v2\/comments?post=255366"}],"version-history":[{"count":1,"href":"https:\/\/www.meydan.tv\/az\/wp-json\/wp\/v2\/posts\/255366\/revisions"}],"predecessor-version":[{"id":255367,"href":"https:\/\/www.meydan.tv\/az\/wp-json\/wp\/v2\/posts\/255366\/revisions\/255367"}],"wp:featuredmedia":[{"embeddable":true,"href":"https:\/\/www.meydan.tv\/az\/wp-json\/wp\/v2\/media\/210619"}],"wp:attachment":[{"href":"https:\/\/www.meydan.tv\/az\/wp-json\/wp\/v2\/media?parent=255366"}],"wp:term":[{"taxonomy":"category","embeddable":true,"href":"https:\/\/www.meydan.tv\/az\/wp-json\/wp\/v2\/categories?post=255366"},{"taxonomy":"post_tag","embeddable":true,"href":"https:\/\/www.meydan.tv\/az\/wp-json\/wp\/v2\/tags?post=255366"}],"curies":[{"name":"wp","href":"https:\/\/api.w.org\/{rel}","templated":true}]}}