{"id":255241,"date":"2022-09-08T23:02:16","date_gmt":"2022-09-08T19:02:16","guid":{"rendered":"https:\/\/www.meydan.tv\/?p=255241"},"modified":"2022-09-08T23:12:47","modified_gmt":"2022-09-08T19:12:47","slug":"boyuk-britaniya-kralicasi-vefat-edib","status":"publish","type":"post","link":"https:\/\/www.meydan.tv\/az\/article\/boyuk-britaniya-kralicasi-vefat-edib\/","title":{"rendered":"B\u00f6y\u00fck Britaniya krali\u00e7as\u0131 v\u0259fat edib"},"content":{"rendered":"\n<p><\/p>\n\n\n\n<p><em>II Elizabetan\u0131n \u00f6l\u00fcm\u00fc elan edildikd\u0259n sonra Londonun m\u0259rk\u0259zind\u0259ki b\u00fct\u00fcn h\u00f6kum\u0259t binalar\u0131nda Britaniya bayraqlar\u0131 yar\u0131ya endirilib<\/em><\/p>\n\n\n\n<p>Sentyabr\u0131n 8-d\u0259 B\u00f6y\u00fck Britaniya krali\u00e7as\u0131 II Elizabet 96 ya\u015f\u0131nda v\u0259fat edib.<\/p>\n\n\n\n<p>Bu bar\u0259d\u0259 Bukingem Saray\u0131 m\u0259lumat <a href=\"https:\/\/www.theguardian.com\/uk-news\/live\/2022\/sep\/08\/queen-elizabeth-ii-health-royals-medical-observation-latest-news-live-updates\" target=\"_blank\" rel=\"noreferrer noopener\">yay\u0131b<\/a>.<\/p>\n\n\n\n<p>B\u00f6y\u00fck Britaniya Xarici \u0130\u015fl\u0259r Nazirliyi II Elizabetan\u0131n r\u0259smi d\u00f6vl\u0259t ba\u015f\u00e7\u0131s\u0131 oldu\u011fu 15 \u00f6lk\u0259nin h\u00f6kum\u0259tl\u0259rini, el\u0259c\u0259 d\u0259 qalan 38 \u00f6lk\u0259nin &#8211; Mill\u0259tl\u0259r Birliyinin \u00fczvl\u0259rinin r\u0259hb\u0259rliyini m\u0259lumatland\u0131r\u0131b. B\u00f6y\u00fck Britaniyada 10 g\u00fcn mat\u0259m elan olunub.<\/p>\n\n\n\n<p>Bildirilir ki, krali\u00e7an\u0131n \u00f6l\u00fcm\u00fc elan edildikd\u0259n sonra Londonun m\u0259rk\u0259zind\u0259ki b\u00fct\u00fcn h\u00f6kum\u0259t binalar\u0131nda Britaniya bayraqlar\u0131 yar\u0131ya endirilib.<\/p>\n\n\n\n<p>Krali\u00e7an\u0131n o\u011flu \u015eahzad\u0259 \u00c7arlz v\u0259 dig\u0259r ail\u0259 \u00fczvl\u0259ri krali\u00e7an\u0131n \u015eotlandiya iqam\u0259tgah\u0131na g\u0259lib v\u0259 onunla birlikd\u0259 olublar.<\/p>\n\n\n\n<p>II Elizabetan\u0131n d\u0259fn m\u0259rasimi &#8220;London k\u00f6rp\u00fcs\u00fc&#8221; kod adl\u0131 \u0259vv\u0259lc\u0259d\u0259n haz\u0131rlanm\u0131\u015f prosedura uy\u011fun ke\u00e7iril\u0259c\u0259k.<\/p>\n\n\n\n<p>II Elizabet 1926-c\u0131 ild\u0259 do\u011fulub.<\/p>\n\n\n\n<p>1947-ci ild\u0259 \u015fahzad\u0259 Elizabet Filip Mauntbattenl\u0259 ail\u0259 qurub. O, 1952-ci ild\u0259n krali\u00e7ad\u0131r.<\/p>\n\n\n\n<p>II Elizabetan\u0131n 2 o\u011flu, 1 q\u0131z\u0131 var. H\u0259yat yolda\u015f\u0131 Filip \u00f6t\u0259n il v\u0259fat edib.<\/p>\n\n\n\n<p>Sentyabr\u0131n 7-d\u0259 II Elizabet Balmoralda Boris Consonun istefas\u0131n\u0131 q\u0259bul etmi\u015fdi. Ard\u0131nca yeni Ba\u015f nazir Liz Trussa h\u00f6kum\u0259ti formala\u015fd\u0131rma\u011f\u0131 tap\u015f\u0131r\u0131b.<\/p>\n","protected":false},"excerpt":{"rendered":"<p>II Elizabetan\u0131n \u00f6l\u00fcm\u00fc elan edildikd\u0259n sonra Londonun m\u0259rk\u0259zind\u0259ki b\u00fct\u00fcn h\u00f6kum\u0259t &#8230; <\/p>\n<p class=\"read-more-container\"><a title=\"B\u00f6y\u00fck Britaniya krali\u00e7as\u0131 v\u0259fat edib\" class=\"read-more button\" href=\"https:\/\/www.meydan.tv\/az\/article\/boyuk-britaniya-kralicasi-vefat-edib\/#more-255241\" aria-label=\"Read more about B\u00f6y\u00fck Britaniya krali\u00e7as\u0131 v\u0259fat edib\">Davam\u0131<\/a><\/p>\n","protected":false},"author":8,"featured_media":255238,"comment_status":"closed","ping_status":"closed","sticky":false,"template":"","format":"standard","meta":{"_acf_changed":false,"_sitemap_exclude":false,"_sitemap_priority":"","_sitemap_frequency":"","footnotes":""},"categories":[64,56],"tags":[],"class_list":["post-255241","post","type-post","status-publish","format-standard","has-post-thumbnail","hentry","category-dunya","category-xeberler","infinite-scroll-item","generate-columns","tablet-grid-50","mobile-grid-100","grid-parent","grid-33","no-featured-image-padding"],"acf":[],"yoast_head":"<!-- This site is optimized with the Yoast SEO plugin v27.5 - https:\/\/yoast.com\/product\/yoast-seo-wordpress\/ -->\n<title>B\u00f6y\u00fck Britaniya krali\u00e7as\u0131 v\u0259fat edib - MEYDAN.TV<\/title>\n<meta name=\"robots\" content=\"index, follow, max-snippet:-1, max-image-preview:large, max-video-preview:-1\" \/>\n<link rel=\"canonical\" href=\"https:\/\/www.meydan.tv\/az\/article\/boyuk-britaniya-kralicasi-vefat-edib\/\" \/>\n<meta property=\"og:locale\" content=\"az_AZ\" \/>\n<meta property=\"og:type\" content=\"article\" \/>\n<meta property=\"og:title\" content=\"B\u00f6y\u00fck Britaniya krali\u00e7as\u0131 v\u0259fat edib - MEYDAN.TV\" \/>\n<meta property=\"og:description\" content=\"II Elizabetan\u0131n \u00f6l\u00fcm\u00fc elan edildikd\u0259n sonra Londonun m\u0259rk\u0259zind\u0259ki b\u00fct\u00fcn h\u00f6kum\u0259t ... Davam\u0131\" \/>\n<meta property=\"og:url\" content=\"https:\/\/www.meydan.tv\/az\/article\/boyuk-britaniya-kralicasi-vefat-edib\/\" \/>\n<meta property=\"og:site_name\" content=\"MEYDAN.TV\" \/>\n<meta property=\"article:published_time\" content=\"2022-09-08T19:02:16+00:00\" \/>\n<meta property=\"article:modified_time\" content=\"2022-09-08T19:12:47+00:00\" \/>\n<meta property=\"og:image\" content=\"https:\/\/www.meydan.tv\/wp-content\/uploads\/shutterstock_104948648.jpg\" \/>\n\t<meta property=\"og:image:width\" content=\"1200\" \/>\n\t<meta property=\"og:image:height\" content=\"797\" \/>\n\t<meta property=\"og:image:type\" content=\"image\/jpeg\" \/>\n<meta name=\"author\" content=\"elli\" \/>\n<meta name=\"twitter:card\" content=\"summary_large_image\" \/>\n<meta name=\"twitter:creator\" content=\"@elli\" \/>\n<script type=\"application\/ld+json\" class=\"yoast-schema-graph\">{\"@context\":\"https:\\\/\\\/schema.org\",\"@graph\":[{\"@type\":\"Article\",\"@id\":\"https:\\\/\\\/www.meydan.tv\\\/az\\\/article\\\/boyuk-britaniya-kralicasi-vefat-edib\\\/#article\",\"isPartOf\":{\"@id\":\"https:\\\/\\\/www.meydan.tv\\\/az\\\/article\\\/boyuk-britaniya-kralicasi-vefat-edib\\\/\"},\"author\":{\"name\":\"elli\",\"@id\":\"https:\\\/\\\/www.meydan.tv\\\/az\\\/#\\\/schema\\\/person\\\/9cdbecf90d17180ce1dfbd95b08dcf47\"},\"headline\":\"B\u00f6y\u00fck Britaniya krali\u00e7as\u0131 v\u0259fat edib\",\"datePublished\":\"2022-09-08T19:02:16+00:00\",\"dateModified\":\"2022-09-08T19:12:47+00:00\",\"mainEntityOfPage\":{\"@id\":\"https:\\\/\\\/www.meydan.tv\\\/az\\\/article\\\/boyuk-britaniya-kralicasi-vefat-edib\\\/\"},\"wordCount\":267,\"publisher\":{\"@id\":\"https:\\\/\\\/www.meydan.tv\\\/az\\\/#organization\"},\"image\":{\"@id\":\"https:\\\/\\\/www.meydan.tv\\\/az\\\/article\\\/boyuk-britaniya-kralicasi-vefat-edib\\\/#primaryimage\"},\"thumbnailUrl\":\"https:\\\/\\\/www.meydan.tv\\\/wp-content\\\/uploads\\\/shutterstock_104948648.jpg\",\"articleSection\":[\"D\u00fcnya\",\"X\u0259b\u0259rl\u0259r\"],\"inLanguage\":\"az\"},{\"@type\":\"WebPage\",\"@id\":\"https:\\\/\\\/www.meydan.tv\\\/az\\\/article\\\/boyuk-britaniya-kralicasi-vefat-edib\\\/\",\"url\":\"https:\\\/\\\/www.meydan.tv\\\/az\\\/article\\\/boyuk-britaniya-kralicasi-vefat-edib\\\/\",\"name\":\"B\u00f6y\u00fck Britaniya krali\u00e7as\u0131 v\u0259fat edib - MEYDAN.TV\",\"isPartOf\":{\"@id\":\"https:\\\/\\\/www.meydan.tv\\\/az\\\/#website\"},\"primaryImageOfPage\":{\"@id\":\"https:\\\/\\\/www.meydan.tv\\\/az\\\/article\\\/boyuk-britaniya-kralicasi-vefat-edib\\\/#primaryimage\"},\"image\":{\"@id\":\"https:\\\/\\\/www.meydan.tv\\\/az\\\/article\\\/boyuk-britaniya-kralicasi-vefat-edib\\\/#primaryimage\"},\"thumbnailUrl\":\"https:\\\/\\\/www.meydan.tv\\\/wp-content\\\/uploads\\\/shutterstock_104948648.jpg\",\"datePublished\":\"2022-09-08T19:02:16+00:00\",\"dateModified\":\"2022-09-08T19:12:47+00:00\",\"breadcrumb\":{\"@id\":\"https:\\\/\\\/www.meydan.tv\\\/az\\\/article\\\/boyuk-britaniya-kralicasi-vefat-edib\\\/#breadcrumb\"},\"inLanguage\":\"az\",\"potentialAction\":[{\"@type\":\"ReadAction\",\"target\":[\"https:\\\/\\\/www.meydan.tv\\\/az\\\/article\\\/boyuk-britaniya-kralicasi-vefat-edib\\\/\"]}]},{\"@type\":\"ImageObject\",\"inLanguage\":\"az\",\"@id\":\"https:\\\/\\\/www.meydan.tv\\\/az\\\/article\\\/boyuk-britaniya-kralicasi-vefat-edib\\\/#primaryimage\",\"url\":\"https:\\\/\\\/www.meydan.tv\\\/wp-content\\\/uploads\\\/shutterstock_104948648.jpg\",\"contentUrl\":\"https:\\\/\\\/www.meydan.tv\\\/wp-content\\\/uploads\\\/shutterstock_104948648.jpg\",\"width\":1200,\"height\":797,\"caption\":\"II Elizabet. M\u0259nb\u0259: Pressurepics\\\/shutterstock\"},{\"@type\":\"BreadcrumbList\",\"@id\":\"https:\\\/\\\/www.meydan.tv\\\/az\\\/article\\\/boyuk-britaniya-kralicasi-vefat-edib\\\/#breadcrumb\",\"itemListElement\":[{\"@type\":\"ListItem\",\"position\":1,\"name\":\"Ana s\u0259hif\u0259\",\"item\":\"https:\\\/\\\/www.meydan.tv\\\/az\\\/\"},{\"@type\":\"ListItem\",\"position\":2,\"name\":\"D\u00fcnya\",\"item\":\"https:\\\/\\\/www.meydan.tv\\\/az\\\/section\\\/dunya\\\/\"},{\"@type\":\"ListItem\",\"position\":3,\"name\":\"B\u00f6y\u00fck Britaniya krali\u00e7as\u0131 v\u0259fat edib\"}]},{\"@type\":\"WebSite\",\"@id\":\"https:\\\/\\\/www.meydan.tv\\\/az\\\/#website\",\"url\":\"https:\\\/\\\/www.meydan.tv\\\/az\\\/\",\"name\":\"MEYDAN.TV\",\"description\":\"Meydan TV Az\u0259rbaycan\u0131n media m\u0259kan\u0131ndak\u0131 alternativ s\u0259sidir\",\"publisher\":{\"@id\":\"https:\\\/\\\/www.meydan.tv\\\/az\\\/#organization\"},\"potentialAction\":[{\"@type\":\"SearchAction\",\"target\":{\"@type\":\"EntryPoint\",\"urlTemplate\":\"https:\\\/\\\/www.meydan.tv\\\/az\\\/?s={search_term_string}\"},\"query-input\":{\"@type\":\"PropertyValueSpecification\",\"valueRequired\":true,\"valueName\":\"search_term_string\"}}],\"inLanguage\":\"az\"},{\"@type\":\"Organization\",\"@id\":\"https:\\\/\\\/www.meydan.tv\\\/az\\\/#organization\",\"name\":\"Meydan TV\",\"url\":\"https:\\\/\\\/www.meydan.tv\\\/az\\\/\",\"logo\":{\"@type\":\"ImageObject\",\"inLanguage\":\"az\",\"@id\":\"https:\\\/\\\/www.meydan.tv\\\/az\\\/#\\\/schema\\\/logo\\\/image\\\/\",\"url\":\"https:\\\/\\\/www.meydan.tv\\\/wp-content\\\/uploads\\\/2021\\\/07\\\/meydan-logo.svg\",\"contentUrl\":\"https:\\\/\\\/www.meydan.tv\\\/wp-content\\\/uploads\\\/2021\\\/07\\\/meydan-logo.svg\",\"width\":195,\"height\":46,\"caption\":\"Meydan TV\"},\"image\":{\"@id\":\"https:\\\/\\\/www.meydan.tv\\\/az\\\/#\\\/schema\\\/logo\\\/image\\\/\"}},{\"@type\":\"Person\",\"@id\":\"https:\\\/\\\/www.meydan.tv\\\/az\\\/#\\\/schema\\\/person\\\/9cdbecf90d17180ce1dfbd95b08dcf47\",\"name\":\"elli\",\"sameAs\":[\"https:\\\/\\\/x.com\\\/elli\"]}]}<\/script>\n<!-- \/ Yoast SEO plugin. -->","yoast_head_json":{"title":"B\u00f6y\u00fck Britaniya krali\u00e7as\u0131 v\u0259fat edib - MEYDAN.TV","robots":{"index":"index","follow":"follow","max-snippet":"max-snippet:-1","max-image-preview":"max-image-preview:large","max-video-preview":"max-video-preview:-1"},"canonical":"https:\/\/www.meydan.tv\/az\/article\/boyuk-britaniya-kralicasi-vefat-edib\/","og_locale":"az_AZ","og_type":"article","og_title":"B\u00f6y\u00fck Britaniya krali\u00e7as\u0131 v\u0259fat edib - MEYDAN.TV","og_description":"II Elizabetan\u0131n \u00f6l\u00fcm\u00fc elan edildikd\u0259n sonra Londonun m\u0259rk\u0259zind\u0259ki b\u00fct\u00fcn h\u00f6kum\u0259t ... Davam\u0131","og_url":"https:\/\/www.meydan.tv\/az\/article\/boyuk-britaniya-kralicasi-vefat-edib\/","og_site_name":"MEYDAN.TV","article_published_time":"2022-09-08T19:02:16+00:00","article_modified_time":"2022-09-08T19:12:47+00:00","og_image":[{"width":1200,"height":797,"url":"https:\/\/www.meydan.tv\/wp-content\/uploads\/shutterstock_104948648.jpg","type":"image\/jpeg"}],"author":"elli","twitter_card":"summary_large_image","twitter_creator":"@elli","schema":{"@context":"https:\/\/schema.org","@graph":[{"@type":"Article","@id":"https:\/\/www.meydan.tv\/az\/article\/boyuk-britaniya-kralicasi-vefat-edib\/#article","isPartOf":{"@id":"https:\/\/www.meydan.tv\/az\/article\/boyuk-britaniya-kralicasi-vefat-edib\/"},"author":{"name":"elli","@id":"https:\/\/www.meydan.tv\/az\/#\/schema\/person\/9cdbecf90d17180ce1dfbd95b08dcf47"},"headline":"B\u00f6y\u00fck Britaniya krali\u00e7as\u0131 v\u0259fat edib","datePublished":"2022-09-08T19:02:16+00:00","dateModified":"2022-09-08T19:12:47+00:00","mainEntityOfPage":{"@id":"https:\/\/www.meydan.tv\/az\/article\/boyuk-britaniya-kralicasi-vefat-edib\/"},"wordCount":267,"publisher":{"@id":"https:\/\/www.meydan.tv\/az\/#organization"},"image":{"@id":"https:\/\/www.meydan.tv\/az\/article\/boyuk-britaniya-kralicasi-vefat-edib\/#primaryimage"},"thumbnailUrl":"https:\/\/www.meydan.tv\/wp-content\/uploads\/shutterstock_104948648.jpg","articleSection":["D\u00fcnya","X\u0259b\u0259rl\u0259r"],"inLanguage":"az"},{"@type":"WebPage","@id":"https:\/\/www.meydan.tv\/az\/article\/boyuk-britaniya-kralicasi-vefat-edib\/","url":"https:\/\/www.meydan.tv\/az\/article\/boyuk-britaniya-kralicasi-vefat-edib\/","name":"B\u00f6y\u00fck Britaniya krali\u00e7as\u0131 v\u0259fat edib - MEYDAN.TV","isPartOf":{"@id":"https:\/\/www.meydan.tv\/az\/#website"},"primaryImageOfPage":{"@id":"https:\/\/www.meydan.tv\/az\/article\/boyuk-britaniya-kralicasi-vefat-edib\/#primaryimage"},"image":{"@id":"https:\/\/www.meydan.tv\/az\/article\/boyuk-britaniya-kralicasi-vefat-edib\/#primaryimage"},"thumbnailUrl":"https:\/\/www.meydan.tv\/wp-content\/uploads\/shutterstock_104948648.jpg","datePublished":"2022-09-08T19:02:16+00:00","dateModified":"2022-09-08T19:12:47+00:00","breadcrumb":{"@id":"https:\/\/www.meydan.tv\/az\/article\/boyuk-britaniya-kralicasi-vefat-edib\/#breadcrumb"},"inLanguage":"az","potentialAction":[{"@type":"ReadAction","target":["https:\/\/www.meydan.tv\/az\/article\/boyuk-britaniya-kralicasi-vefat-edib\/"]}]},{"@type":"ImageObject","inLanguage":"az","@id":"https:\/\/www.meydan.tv\/az\/article\/boyuk-britaniya-kralicasi-vefat-edib\/#primaryimage","url":"https:\/\/www.meydan.tv\/wp-content\/uploads\/shutterstock_104948648.jpg","contentUrl":"https:\/\/www.meydan.tv\/wp-content\/uploads\/shutterstock_104948648.jpg","width":1200,"height":797,"caption":"II Elizabet. M\u0259nb\u0259: Pressurepics\/shutterstock"},{"@type":"BreadcrumbList","@id":"https:\/\/www.meydan.tv\/az\/article\/boyuk-britaniya-kralicasi-vefat-edib\/#breadcrumb","itemListElement":[{"@type":"ListItem","position":1,"name":"Ana s\u0259hif\u0259","item":"https:\/\/www.meydan.tv\/az\/"},{"@type":"ListItem","position":2,"name":"D\u00fcnya","item":"https:\/\/www.meydan.tv\/az\/section\/dunya\/"},{"@type":"ListItem","position":3,"name":"B\u00f6y\u00fck Britaniya krali\u00e7as\u0131 v\u0259fat edib"}]},{"@type":"WebSite","@id":"https:\/\/www.meydan.tv\/az\/#website","url":"https:\/\/www.meydan.tv\/az\/","name":"MEYDAN.TV","description":"Meydan TV Az\u0259rbaycan\u0131n media m\u0259kan\u0131ndak\u0131 alternativ s\u0259sidir","publisher":{"@id":"https:\/\/www.meydan.tv\/az\/#organization"},"potentialAction":[{"@type":"SearchAction","target":{"@type":"EntryPoint","urlTemplate":"https:\/\/www.meydan.tv\/az\/?s={search_term_string}"},"query-input":{"@type":"PropertyValueSpecification","valueRequired":true,"valueName":"search_term_string"}}],"inLanguage":"az"},{"@type":"Organization","@id":"https:\/\/www.meydan.tv\/az\/#organization","name":"Meydan TV","url":"https:\/\/www.meydan.tv\/az\/","logo":{"@type":"ImageObject","inLanguage":"az","@id":"https:\/\/www.meydan.tv\/az\/#\/schema\/logo\/image\/","url":"https:\/\/www.meydan.tv\/wp-content\/uploads\/2021\/07\/meydan-logo.svg","contentUrl":"https:\/\/www.meydan.tv\/wp-content\/uploads\/2021\/07\/meydan-logo.svg","width":195,"height":46,"caption":"Meydan TV"},"image":{"@id":"https:\/\/www.meydan.tv\/az\/#\/schema\/logo\/image\/"}},{"@type":"Person","@id":"https:\/\/www.meydan.tv\/az\/#\/schema\/person\/9cdbecf90d17180ce1dfbd95b08dcf47","name":"elli","sameAs":["https:\/\/x.com\/elli"]}]}},"_links":{"self":[{"href":"https:\/\/www.meydan.tv\/az\/wp-json\/wp\/v2\/posts\/255241","targetHints":{"allow":["GET"]}}],"collection":[{"href":"https:\/\/www.meydan.tv\/az\/wp-json\/wp\/v2\/posts"}],"about":[{"href":"https:\/\/www.meydan.tv\/az\/wp-json\/wp\/v2\/types\/post"}],"author":[{"embeddable":true,"href":"https:\/\/www.meydan.tv\/az\/wp-json\/wp\/v2\/users\/8"}],"replies":[{"embeddable":true,"href":"https:\/\/www.meydan.tv\/az\/wp-json\/wp\/v2\/comments?post=255241"}],"version-history":[{"count":5,"href":"https:\/\/www.meydan.tv\/az\/wp-json\/wp\/v2\/posts\/255241\/revisions"}],"predecessor-version":[{"id":255247,"href":"https:\/\/www.meydan.tv\/az\/wp-json\/wp\/v2\/posts\/255241\/revisions\/255247"}],"wp:featuredmedia":[{"embeddable":true,"href":"https:\/\/www.meydan.tv\/az\/wp-json\/wp\/v2\/media\/255238"}],"wp:attachment":[{"href":"https:\/\/www.meydan.tv\/az\/wp-json\/wp\/v2\/media?parent=255241"}],"wp:term":[{"taxonomy":"category","embeddable":true,"href":"https:\/\/www.meydan.tv\/az\/wp-json\/wp\/v2\/categories?post=255241"},{"taxonomy":"post_tag","embeddable":true,"href":"https:\/\/www.meydan.tv\/az\/wp-json\/wp\/v2\/tags?post=255241"}],"curies":[{"name":"wp","href":"https:\/\/api.w.org\/{rel}","templated":true}]}}