{"id":255092,"date":"2022-09-07T16:23:22","date_gmt":"2022-09-07T12:23:22","guid":{"rendered":"https:\/\/www.meydan.tv\/?p=255092"},"modified":"2022-09-07T17:18:11","modified_gmt":"2022-09-07T13:18:11","slug":"ilkin-suleymanov-mustentiqin-yaninda-oldugu-halda-telefonda-cilpaq-sekillere-nece-baxib","status":"publish","type":"post","link":"https:\/\/www.meydan.tv\/az\/article\/ilkin-suleymanov-mustentiqin-yaninda-oldugu-halda-telefonda-cilpaq-sekillere-nece-baxib\/","title":{"rendered":"&#8220;\u0130lkin S\u00fcleymanov m\u00fcst\u0259ntiqin yan\u0131nda oldu\u011fu halda telefonda \u00e7\u0131lpaq \u015f\u0259kill\u0259r\u0259 nec\u0259 bax\u0131b?&#8221;"},"content":{"rendered":"\n<p><\/p>\n\n\n\n<p><em>N\u0259rmin i\u015fi \u00fczr\u0259 cinay\u0259t i\u015finin materiallar\u0131nda yeni ziddiyy\u0259tl\u0259r ortaya \u00e7\u0131xd\u0131<\/em><\/p>\n\n\n\n<p>Tovuz rayonunun Dondar Qu\u015f\u00e7u k\u0259ndind\u0259 11 ya\u015fl\u0131 N\u0259rmin Quliyevan\u0131n itkin d\u00fc\u015fm\u0259si, 47 g\u00fcn sonra k\u0259ndd\u0259 yanm\u0131\u015f meyitin tap\u0131lmas\u0131yla ba\u011fl\u0131 m\u0259hk\u0259m\u0259 ara\u015fd\u0131rmalar\u0131 1 il 4 ayd\u0131r ki, davam edir. Bu i\u015f G\u0259nc\u0259 A\u011f\u0131r Cinay\u0259tl\u0259r M\u0259hk\u0259m\u0259sind\u0259 ara\u015fd\u0131r\u0131l\u0131r. Haz\u0131rda s\u0259n\u0259dl\u0259rin t\u0259dqiqi m\u0259rh\u0259l\u0259sidir.<\/p>\n\n\n\n<p>Sentyabr\u0131n 6-da m\u0259hk\u0259m\u0259 prosesind\u0259 cinay\u0259t i\u015finin materiallar\u0131ndak\u0131 bir s\u0131ra s\u0259n\u0259dl\u0259r elan olunub. M\u0259lum olub ki, \u0130lkin S\u00fcleymanovun h\u0259bsind\u0259n az sonra ail\u0259si ona v\u0259kill\u0259r tutsa da, prokurorluq h\u0259min v\u0259kill\u0259ri uzun m\u00fcdd\u0259t m\u00fcdafi\u0259 prosesin\u0259 buraxmay\u0131b. V\u0259kil \u018flibaba Rzayev orderini yanvar\u0131n 16-da prokurorlu\u011fa t\u0259qdim etdiyi halda, onu h\u00fcquqlar\u0131n\u0131 m\u00fcdafi\u0259 etdiyi \u015f\u0259xsl\u0259 g\u00f6r\u00fc\u015fm\u0259y\u0259 m\u00fcst\u0259ntiq fevral\u0131n 3-d\u0259 burax\u0131b. Dig\u0259r v\u0259kil Murtuz\u0259li Abbasov yanvar\u0131n 22-d\u0259 orderini t\u0259qdim ets\u0259 d\u0259, prokurorluq ona yanvar\u0131n 31-d\u0259 icaz\u0259 verib.<\/p>\n\n\n\n<p>V\u0259kill\u0259r bildirib ki, bu da \u0130lkin S\u00fcleymanovun m\u00fcdafi\u0259 h\u00fcququnun kobud \u015f\u0259kild\u0259 pozulmas\u0131d\u0131r.<\/p>\n\n\n\n<p>Cinay\u0259t i\u015finin materiallar\u0131nda \u0130lkin S\u00fcleymanovun telefon dan\u0131\u015f\u0131qlar\u0131yla ba\u011fl\u0131 mobil operatordan al\u0131nm\u0131\u015f aray\u0131\u015f var. H\u0259min s\u0259n\u0259d d\u0259 m\u0259hk\u0259m\u0259d\u0259 elan edilib.<\/p>\n\n\n\n<p>\u0130lkin S\u00fcleymanov deyir ki, yanvar\u0131n 6-da yanm\u0131\u015f meyit tap\u0131landa hadis\u0259 yerin\u0259 g\u0259l\u0259n polisl\u0259r onu g\u00f6t\u00fcr\u00fcb Tovuz Rayon Polis \u015e\u00f6b\u0259sin\u0259 apar\u0131blar. H\u0259min vaxt telefonu da \u0259lind\u0259n al\u0131n\u0131b. O vaxtdan n\u0259 telefonunu qaytar\u0131blar, n\u0259 d\u0259 \u00f6z\u00fcn\u00fc burax\u0131blar. Amma mobil operatorun aray\u0131\u015f\u0131ndan m\u0259lum olur ki, yanvar\u0131n 7-8-d\u0259 d\u0259 onun telefonuna z\u0259ngl\u0259r g\u0259lib-gedib.<\/p>\n\n\n\n<p>\u0130lkin S\u00fcleymanov vur\u011fulay\u0131b ki, yanvar\u0131n 6-da ax\u015fam saat 20 rad\u0259l\u0259rind\u0259 onu Tovuz Rayon Polis \u015e\u00f6b\u0259sin\u0259 apar\u0131blar. H\u0259min vaxtdan telefonu \u0259lind\u0259n al\u0131nd\u0131\u011f\u0131na g\u00f6r\u0259 ondan sonra g\u0259lib-ged\u0259n z\u0259ngl\u0259rin he\u00e7 birind\u0259n x\u0259b\u0259ri yoxdur.<\/p>\n\n\n\n<p>\u0130lkin S\u00fcleymanovun telefonuyla ba\u011fl\u0131 ekspertiza r\u0259yi d\u0259 cinay\u0259t i\u015finin materiallar\u0131nda var. H\u0259min r\u0259yd\u0259 g\u00f6st\u0259rilib ki, bu telefonda m\u00fcxt\u0259lif cizgi filml\u0259rin\u0259, \u015firniyyat, m\u00fc\u011f\u0259nni \u015f\u0259kil v\u0259 videolar\u0131na bax\u0131l\u0131b.<\/p>\n\n\n\n<p>R\u0259y\u0259 \u0259sas\u0259n, yanvar\u0131n 8-d\u0259 saat 11.50-d\u0259 bu telefonda \u00e7\u0131lpaq qad\u0131n fotosuna, transseksual \u015f\u0259xsl\u0259rin g\u00f6r\u00fcnt\u00fcl\u0259rin\u0259 bax\u0131l\u0131b.<\/p>\n\n\n\n<p>\u0130\u015f materiallar\u0131nda olan ba\u015fqa bir s\u0259n\u0259dd\u0259 is\u0259 g\u00f6st\u0259rilib ki, yanvar\u0131n 8-d\u0259 s\u0259h\u0259r saat 10.00-dan 14.00-a q\u0259d\u0259r \u0130lkin S\u00fcleymanov \u015fahid qismind\u0259 dindirilib. O, h\u0259min ifad\u0259d\u0259 bildirib ki, ax\u015famt\u0259r\u0259fi saat 19.30 rad\u0259l\u0259rind\u0259 siqaret \u00e7\u0131xmaq \u00fc\u00e7\u00fcn darvazan\u0131n qar\u015f\u0131s\u0131na \u00e7\u0131xanda evl\u0259ri il\u0259 \u00fczb\u0259\u00fczd\u0259 d\u0259r\u0259y\u0259 b\u0259nz\u0259r \u0259razid\u0259 yan\u011f\u0131n g\u00f6r\u00fcb. Ad\u0259t\u0259n zibil at\u0131lan h\u0259min \u0259razid\u0259 bir m\u00fcdd\u0259t \u00f6nc\u0259 zibil yan\u011f\u0131n\u0131 n\u0259tic\u0259sind\u0259 a\u011faclar yan\u0131bm\u0131\u015f. Ona g\u00f6r\u0259 bu d\u0259f\u0259 yan\u011f\u0131n\u0131 g\u00f6r\u0259n kimi d\u0259rhal o t\u0259r\u0259f\u0259 gedib. Yax\u0131nla\u015fanda orada meyit g\u00f6r\u00fcb v\u0259 d\u0259rhal evinin hasar\u0131 h\u0259min \u0259razid\u0259 olan Nazim V\u0259liyevi \u00e7a\u011f\u0131r\u0131b. Daha sonra onlar \u0259misi o\u011flu, Tovuz rayonunda Post-Patrul Alay\u0131nda \u00e7al\u0131\u015fan Murad S\u00fcleymanovu \u00e7a\u011f\u0131r\u0131blar. Murad S\u00fcleymanov is\u0259 z\u0259ng ed\u0259r\u0259k, polis \u015f\u00f6b\u0259sin\u0259 bu bar\u0259d\u0259 m\u0259lumat verib.<\/p>\n\n\n\n<p>Yanvar\u0131n 8-d\u0259 bunlar\u0131 dey\u0259n \u0130lkin S\u00fcleymanov he\u00e7 iki sutka tamam olmam\u0131\u015f \u2013 yanvar\u0131n 10-da s\u0259h\u0259r saatlar\u0131nda \u015f\u00fcbh\u0259li \u015f\u0259xs qismind\u0259 ifad\u0259sind\u0259 N\u0259rmini \u00f6z\u00fcn\u00fcn o\u011furlad\u0131\u011f\u0131n\u0131, 47 g\u00fcn h\u0259y\u0259tl\u0259rind\u0259ki dig\u0259r evd\u0259 saxlad\u0131\u011f\u0131n\u0131, daha sonra q\u0259tl\u0259 yetirib, meyiti is\u0259 yand\u0131rd\u0131\u011f\u0131n\u0131 bildirib. \u0130\u015f materiallar\u0131nda onun 11 yanvar 2020-ci il\u0259 aid t\u0259qsirl\u0259ndiril\u0259n \u015f\u0259xs qismind\u0259 ifad\u0259si d\u0259 var.<\/p>\n\n\n\n<p>\u201cS\u0259h\u0259r saat 10.00-dan 14.00-\u0259 q\u0259d\u0259r m\u00fcst\u0259ntiqin yan\u0131nda \u015fahid kimi ifad\u0259 ver\u0259n \u0130lkin S\u00fcleymanov nec\u0259 olub ki, saat 11.50-d\u0259 \u00e7\u0131lpaq qad\u0131na, transseksuallara bax\u0131b telefonda? Ya birlikd\u0259 bax\u0131blar, ya da \u0130lkinin dediyi kimi, yanvar\u0131n 6-da telefonu ondan alm\u0131\u015f adamlar bax\u0131b. \u0130st\u0259r a\u00e7\u0131q-sa\u00e7\u0131q \u015f\u0259kill\u0259r\u0259, ist\u0259rs\u0259 d\u0259 cizgi filml\u0259rin\u0259 q\u0259sd\u0259n daxil olublar ki, sonradan ekspertizadan bel\u0259 bir r\u0259y al\u0131b \u0130lkinin \u0259xlaq problemi olmas\u0131, guya N\u0259rmin\u0259 cizgi filml\u0259ri g\u00f6st\u0259rm\u0259si g\u00f6r\u00fcnt\u00fcs\u00fc yarats\u0131nlar\u201d, &#8211; v\u0259kill\u0259ri bildirib.<\/p>\n\n\n\n<p>\u0130lkin S\u00fcleymanov \u00f6z\u00fc d\u0259 bildirib ki, telefonunda bax\u0131ld\u0131\u011f\u0131 iddia olunan cizgi filml\u0259rinin, \u00e7\u0131lpaq \u015f\u0259kil v\u0259 videolar\u0131n ona he\u00e7 bir aidiyy\u0259ti yoxdur:<\/p>\n\n\n\n<p>\u201cCizgi filml\u0259rin\u0259, u\u015faqlara xas materiallara, \u00e7\u0131lpaq g\u00f6r\u00fcnt\u00fcl\u0259r\u0259 m\u0259n baxmam\u0131\u015fam\u201d.<\/p>\n\n\n\n<p>V\u0259kil Zabil Q\u0259hr\u0259manov vur\u011fulay\u0131b ki, \u015f\u0259xsin telefonu g\u00f6t\u00fcr\u00fcl\u00fcrs\u0259, bu bar\u0259d\u0259 protokol olmal\u0131d\u0131r. Amma bel\u0259 bir protokol i\u015f materiallar\u0131nda yoxdur. Telefonda \u015f\u0259xsi h\u0259yata aid materiallar oldu\u011funa g\u00f6r\u0259 ona bax\u0131\u015f ke\u00e7irilm\u0259si \u00fc\u00e7\u00fcn m\u00fcvafiq m\u0259hk\u0259m\u0259 q\u0259rar\u0131 olmal\u0131d\u0131r. Bu da yoxdur.<\/p>\n\n\n\n<figure class=\"wp-block-image size-large\"><img decoding=\"async\" width=\"1123\" height=\"821\" data-src=\"https:\/\/www.meydan.tv\/wp-content\/uploads\/photo-2021-11-30-13-58-26-1123x821.jpg\" alt=\"\" class=\"wp-image-227989 lazyload\" src=\"data:image\/svg+xml;base64,PHN2ZyB3aWR0aD0iMSIgaGVpZ2h0PSIxIiB4bWxucz0iaHR0cDovL3d3dy53My5vcmcvMjAwMC9zdmciPjwvc3ZnPg==\" style=\"--smush-placeholder-width: 1123px; --smush-placeholder-aspect-ratio: 1123\/821;\" \/><figcaption>V\u0259kil Zabil Q\u0259hr\u0259manov, Foto: Meydan TV<\/figcaption><\/figure>\n\n\n\n<p>S\u0259n\u0259dl\u0259rin elan\u0131ndan o da m\u0259lum olub ki, \u0130lkin S\u00fcleymanov haqq\u0131nda h\u0259bs q\u0259rar\u0131ndan verilmi\u015f apelyasiya \u015fikay\u0259tin\u0259 bax\u0131lark\u0259n o, m\u0259hk\u0259m\u0259d\u0259 \u00fcz\u0259rind\u0259ki i\u015fg\u0259nc\u0259 izl\u0259rini g\u00f6st\u0259rib. H\u0259m\u00e7inin v\u0259kill\u0259ri d\u0259 bununla \u0259laq\u0259dar prokurorlu\u011fa \u015fikay\u0259t edib. Eyni zamanda, istintaqda v\u0259sat\u0259t qald\u0131r\u0131blar ki, \u0130lkin S\u00fcleymanov \u00fcz\u0259rind\u0259ki x\u0259sar\u0259t izl\u0259ril\u0259 \u0259laq\u0259dar tibbi ekspertizadan ke\u00e7irilsin. Lakin m\u00fcst\u0259ntiq v\u0259kill\u0259rin bu v\u0259sat\u0259tini t\u0259min etm\u0259yib.<\/p>\n\n\n\n<p>M\u0259hk\u0259m\u0259 prosesi davam edir.<\/p>\n\n\n\n<p>1973-c\u00fc il t\u0259v\u0259ll\u00fcdl\u00fc \u0130lkin S\u00fcleymanov Cinay\u0259t M\u0259c\u0259ll\u0259sinin 120.2.4 (x\u00fcsusi amans\u0131zl\u0131qla q\u0259sd\u0259n adam \u00f6ld\u00fcrm\u0259), 120.2.9 (t\u0259qsirkar \u015f\u0259xs \u00fc\u00e7\u00fcn a\u015fkar sur\u0259td\u0259 k\u00f6m\u0259ksiz v\u0259ziyy\u0259td\u0259 olan adam\u0131 q\u0259sd\u0259n \u00f6ld\u00fcrm\u0259), 133.2.1 (o\u011furlanm\u0131\u015f \u015f\u0259xs\u0259 \u0259zab verm\u0259), 133.2.4 (yetkinlik ya\u015f\u0131na \u00e7atmayan, k\u00f6m\u0259ksiz v\u0259ziyy\u0259td\u0259 olan \u015f\u0259xs\u0259 \u0259zab verm\u0259), 144-c\u00fc (adam o\u011furlu\u011fu) madd\u0259l\u0259ril\u0259 ittiham olunur.<\/p>\n\n\n\n<p>\u0130ttihama \u0259sas\u0259n, o, sinif yolda\u015f\u0131 \u015e\u0259rif Quliyevin ail\u0259si, u\u015faqlar\u0131 oldu\u011funa g\u00f6r\u0259 onu q\u0131sqan\u0131b, buna g\u00f6r\u0259 d\u0259 onun q\u0131z\u0131 N\u0259rmini o\u011furlayaraq, 47 g\u00fcn sonra q\u0259tl\u0259 yetirib.<\/p>\n\n\n\n<p>\u0130lkin S\u00fcleymanov is\u0259 azya\u015fl\u0131n\u0131n \u00f6l\u00fcm\u00fcn\u0259 aidiyy\u0259ti olmad\u0131\u011f\u0131n\u0131 deyir. \u0130lkin ifad\u0259sind\u0259ki etirafa g\u0259linc\u0259, o bildirib ki, 2020-ci il yanvar\u0131n 6-dan 10-na q\u0259d\u0259r Tovuz rayon Polis \u015e\u00f6b\u0259sind\u0259 i\u015fg\u0259nc\u0259y\u0259 m\u0259ruz qal\u0131b. D\u00f6rd g\u00fcn sonra i\u015fg\u0259nc\u0259l\u0259r\u0259 d\u00f6zm\u0259y\u0259r\u0259k, etiraf ifad\u0259sin\u0259 imza atma\u011fa m\u0259cbur olub.<\/p>\n\n\n\n<p>Ba\u015f Prokurorluq is\u0259 i\u015fg\u0259nc\u0259 iddialar\u0131n\u0131 t\u0259kzib edib.<\/p>\n","protected":false},"excerpt":{"rendered":"<p>N\u0259rmin i\u015fi \u00fczr\u0259 cinay\u0259t i\u015finin materiallar\u0131nda yeni ziddiyy\u0259tl\u0259r ortaya \u00e7\u0131xd\u0131 &#8230; <\/p>\n<p class=\"read-more-container\"><a title=\"&#8220;\u0130lkin S\u00fcleymanov m\u00fcst\u0259ntiqin yan\u0131nda oldu\u011fu halda telefonda \u00e7\u0131lpaq \u015f\u0259kill\u0259r\u0259 nec\u0259 bax\u0131b?&#8221;\" class=\"read-more button\" href=\"https:\/\/www.meydan.tv\/az\/article\/ilkin-suleymanov-mustentiqin-yaninda-oldugu-halda-telefonda-cilpaq-sekillere-nece-baxib\/#more-255092\" aria-label=\"Read more about &#8220;\u0130lkin S\u00fcleymanov m\u00fcst\u0259ntiqin yan\u0131nda oldu\u011fu halda telefonda \u00e7\u0131lpaq \u015f\u0259kill\u0259r\u0259 nec\u0259 bax\u0131b?&#8221;\">Davam\u0131<\/a><\/p>\n","protected":false},"author":8,"featured_media":255098,"comment_status":"closed","ping_status":"closed","sticky":false,"template":"","format":"standard","meta":{"_acf_changed":false,"_sitemap_exclude":false,"_sitemap_priority":"","_sitemap_frequency":"","footnotes":""},"categories":[60,88,56],"tags":[],"class_list":["post-255092","post","type-post","status-publish","format-standard","has-post-thumbnail","hentry","category-bolge","category-redaktor-secimi","category-xeberler","infinite-scroll-item","generate-columns","tablet-grid-50","mobile-grid-100","grid-parent","grid-33","no-featured-image-padding"],"acf":[],"yoast_head":"<!-- This site is optimized with the Yoast SEO plugin v27.5 - https:\/\/yoast.com\/product\/yoast-seo-wordpress\/ -->\n<title>&quot;\u0130lkin S\u00fcleymanov m\u00fcst\u0259ntiqin yan\u0131nda oldu\u011fu halda telefonda \u00e7\u0131lpaq \u015f\u0259kill\u0259r\u0259 nec\u0259 bax\u0131b?&quot; - MEYDAN.TV<\/title>\n<meta name=\"robots\" content=\"index, follow, max-snippet:-1, max-image-preview:large, max-video-preview:-1\" \/>\n<link rel=\"canonical\" href=\"https:\/\/www.meydan.tv\/az\/article\/ilkin-suleymanov-mustentiqin-yaninda-oldugu-halda-telefonda-cilpaq-sekillere-nece-baxib\/\" \/>\n<meta property=\"og:locale\" content=\"az_AZ\" \/>\n<meta property=\"og:type\" content=\"article\" \/>\n<meta property=\"og:title\" content=\"&quot;\u0130lkin S\u00fcleymanov m\u00fcst\u0259ntiqin yan\u0131nda oldu\u011fu halda telefonda \u00e7\u0131lpaq \u015f\u0259kill\u0259r\u0259 nec\u0259 bax\u0131b?&quot; - MEYDAN.TV\" \/>\n<meta property=\"og:description\" content=\"N\u0259rmin i\u015fi \u00fczr\u0259 cinay\u0259t i\u015finin materiallar\u0131nda yeni ziddiyy\u0259tl\u0259r ortaya \u00e7\u0131xd\u0131 ... Davam\u0131\" \/>\n<meta property=\"og:url\" content=\"https:\/\/www.meydan.tv\/az\/article\/ilkin-suleymanov-mustentiqin-yaninda-oldugu-halda-telefonda-cilpaq-sekillere-nece-baxib\/\" \/>\n<meta property=\"og:site_name\" content=\"MEYDAN.TV\" \/>\n<meta property=\"article:published_time\" content=\"2022-09-07T12:23:22+00:00\" \/>\n<meta property=\"article:modified_time\" content=\"2022-09-07T13:18:11+00:00\" \/>\n<meta property=\"og:image\" content=\"https:\/\/www.meydan.tv\/wp-content\/uploads\/photo-2022-09-07-17-11-47.jpg\" \/>\n\t<meta property=\"og:image:width\" content=\"1200\" \/>\n\t<meta property=\"og:image:height\" content=\"675\" \/>\n\t<meta property=\"og:image:type\" content=\"image\/jpeg\" \/>\n<meta name=\"author\" content=\"elli\" \/>\n<meta name=\"twitter:card\" content=\"summary_large_image\" \/>\n<meta name=\"twitter:creator\" content=\"@elli\" \/>\n<script type=\"application\/ld+json\" class=\"yoast-schema-graph\">{\"@context\":\"https:\\\/\\\/schema.org\",\"@graph\":[{\"@type\":\"Article\",\"@id\":\"https:\\\/\\\/www.meydan.tv\\\/az\\\/article\\\/ilkin-suleymanov-mustentiqin-yaninda-oldugu-halda-telefonda-cilpaq-sekillere-nece-baxib\\\/#article\",\"isPartOf\":{\"@id\":\"https:\\\/\\\/www.meydan.tv\\\/az\\\/article\\\/ilkin-suleymanov-mustentiqin-yaninda-oldugu-halda-telefonda-cilpaq-sekillere-nece-baxib\\\/\"},\"author\":{\"name\":\"elli\",\"@id\":\"https:\\\/\\\/www.meydan.tv\\\/az\\\/#\\\/schema\\\/person\\\/9cdbecf90d17180ce1dfbd95b08dcf47\"},\"headline\":\"&#8220;\u0130lkin S\u00fcleymanov m\u00fcst\u0259ntiqin yan\u0131nda oldu\u011fu halda telefonda \u00e7\u0131lpaq \u015f\u0259kill\u0259r\u0259 nec\u0259 bax\u0131b?&#8221;\",\"datePublished\":\"2022-09-07T12:23:22+00:00\",\"dateModified\":\"2022-09-07T13:18:11+00:00\",\"mainEntityOfPage\":{\"@id\":\"https:\\\/\\\/www.meydan.tv\\\/az\\\/article\\\/ilkin-suleymanov-mustentiqin-yaninda-oldugu-halda-telefonda-cilpaq-sekillere-nece-baxib\\\/\"},\"wordCount\":1237,\"publisher\":{\"@id\":\"https:\\\/\\\/www.meydan.tv\\\/az\\\/#organization\"},\"image\":{\"@id\":\"https:\\\/\\\/www.meydan.tv\\\/az\\\/article\\\/ilkin-suleymanov-mustentiqin-yaninda-oldugu-halda-telefonda-cilpaq-sekillere-nece-baxib\\\/#primaryimage\"},\"thumbnailUrl\":\"https:\\\/\\\/www.meydan.tv\\\/wp-content\\\/uploads\\\/photo-2022-09-07-17-11-47.jpg\",\"articleSection\":[\"B\u00f6lg\u0259\",\"Redaktor se\u00e7imi\",\"X\u0259b\u0259rl\u0259r\"],\"inLanguage\":\"az\"},{\"@type\":\"WebPage\",\"@id\":\"https:\\\/\\\/www.meydan.tv\\\/az\\\/article\\\/ilkin-suleymanov-mustentiqin-yaninda-oldugu-halda-telefonda-cilpaq-sekillere-nece-baxib\\\/\",\"url\":\"https:\\\/\\\/www.meydan.tv\\\/az\\\/article\\\/ilkin-suleymanov-mustentiqin-yaninda-oldugu-halda-telefonda-cilpaq-sekillere-nece-baxib\\\/\",\"name\":\"\\\"\u0130lkin S\u00fcleymanov m\u00fcst\u0259ntiqin yan\u0131nda oldu\u011fu halda telefonda \u00e7\u0131lpaq \u015f\u0259kill\u0259r\u0259 nec\u0259 bax\u0131b?\\\" - MEYDAN.TV\",\"isPartOf\":{\"@id\":\"https:\\\/\\\/www.meydan.tv\\\/az\\\/#website\"},\"primaryImageOfPage\":{\"@id\":\"https:\\\/\\\/www.meydan.tv\\\/az\\\/article\\\/ilkin-suleymanov-mustentiqin-yaninda-oldugu-halda-telefonda-cilpaq-sekillere-nece-baxib\\\/#primaryimage\"},\"image\":{\"@id\":\"https:\\\/\\\/www.meydan.tv\\\/az\\\/article\\\/ilkin-suleymanov-mustentiqin-yaninda-oldugu-halda-telefonda-cilpaq-sekillere-nece-baxib\\\/#primaryimage\"},\"thumbnailUrl\":\"https:\\\/\\\/www.meydan.tv\\\/wp-content\\\/uploads\\\/photo-2022-09-07-17-11-47.jpg\",\"datePublished\":\"2022-09-07T12:23:22+00:00\",\"dateModified\":\"2022-09-07T13:18:11+00:00\",\"breadcrumb\":{\"@id\":\"https:\\\/\\\/www.meydan.tv\\\/az\\\/article\\\/ilkin-suleymanov-mustentiqin-yaninda-oldugu-halda-telefonda-cilpaq-sekillere-nece-baxib\\\/#breadcrumb\"},\"inLanguage\":\"az\",\"potentialAction\":[{\"@type\":\"ReadAction\",\"target\":[\"https:\\\/\\\/www.meydan.tv\\\/az\\\/article\\\/ilkin-suleymanov-mustentiqin-yaninda-oldugu-halda-telefonda-cilpaq-sekillere-nece-baxib\\\/\"]}]},{\"@type\":\"ImageObject\",\"inLanguage\":\"az\",\"@id\":\"https:\\\/\\\/www.meydan.tv\\\/az\\\/article\\\/ilkin-suleymanov-mustentiqin-yaninda-oldugu-halda-telefonda-cilpaq-sekillere-nece-baxib\\\/#primaryimage\",\"url\":\"https:\\\/\\\/www.meydan.tv\\\/wp-content\\\/uploads\\\/photo-2022-09-07-17-11-47.jpg\",\"contentUrl\":\"https:\\\/\\\/www.meydan.tv\\\/wp-content\\\/uploads\\\/photo-2022-09-07-17-11-47.jpg\",\"width\":1200,\"height\":675,\"caption\":\"\u0130lkin S\u00fcleymanov. Foto: Meydan TV\"},{\"@type\":\"BreadcrumbList\",\"@id\":\"https:\\\/\\\/www.meydan.tv\\\/az\\\/article\\\/ilkin-suleymanov-mustentiqin-yaninda-oldugu-halda-telefonda-cilpaq-sekillere-nece-baxib\\\/#breadcrumb\",\"itemListElement\":[{\"@type\":\"ListItem\",\"position\":1,\"name\":\"Ana s\u0259hif\u0259\",\"item\":\"https:\\\/\\\/www.meydan.tv\\\/az\\\/\"},{\"@type\":\"ListItem\",\"position\":2,\"name\":\"B\u00f6lg\u0259\",\"item\":\"https:\\\/\\\/www.meydan.tv\\\/az\\\/section\\\/bolge\\\/\"},{\"@type\":\"ListItem\",\"position\":3,\"name\":\"&#8220;\u0130lkin S\u00fcleymanov m\u00fcst\u0259ntiqin yan\u0131nda oldu\u011fu halda telefonda \u00e7\u0131lpaq \u015f\u0259kill\u0259r\u0259 nec\u0259 bax\u0131b?&#8221;\"}]},{\"@type\":\"WebSite\",\"@id\":\"https:\\\/\\\/www.meydan.tv\\\/az\\\/#website\",\"url\":\"https:\\\/\\\/www.meydan.tv\\\/az\\\/\",\"name\":\"MEYDAN.TV\",\"description\":\"Meydan TV Az\u0259rbaycan\u0131n media m\u0259kan\u0131ndak\u0131 alternativ s\u0259sidir\",\"publisher\":{\"@id\":\"https:\\\/\\\/www.meydan.tv\\\/az\\\/#organization\"},\"potentialAction\":[{\"@type\":\"SearchAction\",\"target\":{\"@type\":\"EntryPoint\",\"urlTemplate\":\"https:\\\/\\\/www.meydan.tv\\\/az\\\/?s={search_term_string}\"},\"query-input\":{\"@type\":\"PropertyValueSpecification\",\"valueRequired\":true,\"valueName\":\"search_term_string\"}}],\"inLanguage\":\"az\"},{\"@type\":\"Organization\",\"@id\":\"https:\\\/\\\/www.meydan.tv\\\/az\\\/#organization\",\"name\":\"Meydan TV\",\"url\":\"https:\\\/\\\/www.meydan.tv\\\/az\\\/\",\"logo\":{\"@type\":\"ImageObject\",\"inLanguage\":\"az\",\"@id\":\"https:\\\/\\\/www.meydan.tv\\\/az\\\/#\\\/schema\\\/logo\\\/image\\\/\",\"url\":\"https:\\\/\\\/www.meydan.tv\\\/wp-content\\\/uploads\\\/2021\\\/07\\\/meydan-logo.svg\",\"contentUrl\":\"https:\\\/\\\/www.meydan.tv\\\/wp-content\\\/uploads\\\/2021\\\/07\\\/meydan-logo.svg\",\"width\":195,\"height\":46,\"caption\":\"Meydan TV\"},\"image\":{\"@id\":\"https:\\\/\\\/www.meydan.tv\\\/az\\\/#\\\/schema\\\/logo\\\/image\\\/\"}},{\"@type\":\"Person\",\"@id\":\"https:\\\/\\\/www.meydan.tv\\\/az\\\/#\\\/schema\\\/person\\\/9cdbecf90d17180ce1dfbd95b08dcf47\",\"name\":\"elli\",\"sameAs\":[\"https:\\\/\\\/x.com\\\/elli\"]}]}<\/script>\n<!-- \/ Yoast SEO plugin. -->","yoast_head_json":{"title":"\"\u0130lkin S\u00fcleymanov m\u00fcst\u0259ntiqin yan\u0131nda oldu\u011fu halda telefonda \u00e7\u0131lpaq \u015f\u0259kill\u0259r\u0259 nec\u0259 bax\u0131b?\" - MEYDAN.TV","robots":{"index":"index","follow":"follow","max-snippet":"max-snippet:-1","max-image-preview":"max-image-preview:large","max-video-preview":"max-video-preview:-1"},"canonical":"https:\/\/www.meydan.tv\/az\/article\/ilkin-suleymanov-mustentiqin-yaninda-oldugu-halda-telefonda-cilpaq-sekillere-nece-baxib\/","og_locale":"az_AZ","og_type":"article","og_title":"\"\u0130lkin S\u00fcleymanov m\u00fcst\u0259ntiqin yan\u0131nda oldu\u011fu halda telefonda \u00e7\u0131lpaq \u015f\u0259kill\u0259r\u0259 nec\u0259 bax\u0131b?\" - MEYDAN.TV","og_description":"N\u0259rmin i\u015fi \u00fczr\u0259 cinay\u0259t i\u015finin materiallar\u0131nda yeni ziddiyy\u0259tl\u0259r ortaya \u00e7\u0131xd\u0131 ... Davam\u0131","og_url":"https:\/\/www.meydan.tv\/az\/article\/ilkin-suleymanov-mustentiqin-yaninda-oldugu-halda-telefonda-cilpaq-sekillere-nece-baxib\/","og_site_name":"MEYDAN.TV","article_published_time":"2022-09-07T12:23:22+00:00","article_modified_time":"2022-09-07T13:18:11+00:00","og_image":[{"width":1200,"height":675,"url":"https:\/\/www.meydan.tv\/wp-content\/uploads\/photo-2022-09-07-17-11-47.jpg","type":"image\/jpeg"}],"author":"elli","twitter_card":"summary_large_image","twitter_creator":"@elli","schema":{"@context":"https:\/\/schema.org","@graph":[{"@type":"Article","@id":"https:\/\/www.meydan.tv\/az\/article\/ilkin-suleymanov-mustentiqin-yaninda-oldugu-halda-telefonda-cilpaq-sekillere-nece-baxib\/#article","isPartOf":{"@id":"https:\/\/www.meydan.tv\/az\/article\/ilkin-suleymanov-mustentiqin-yaninda-oldugu-halda-telefonda-cilpaq-sekillere-nece-baxib\/"},"author":{"name":"elli","@id":"https:\/\/www.meydan.tv\/az\/#\/schema\/person\/9cdbecf90d17180ce1dfbd95b08dcf47"},"headline":"&#8220;\u0130lkin S\u00fcleymanov m\u00fcst\u0259ntiqin yan\u0131nda oldu\u011fu halda telefonda \u00e7\u0131lpaq \u015f\u0259kill\u0259r\u0259 nec\u0259 bax\u0131b?&#8221;","datePublished":"2022-09-07T12:23:22+00:00","dateModified":"2022-09-07T13:18:11+00:00","mainEntityOfPage":{"@id":"https:\/\/www.meydan.tv\/az\/article\/ilkin-suleymanov-mustentiqin-yaninda-oldugu-halda-telefonda-cilpaq-sekillere-nece-baxib\/"},"wordCount":1237,"publisher":{"@id":"https:\/\/www.meydan.tv\/az\/#organization"},"image":{"@id":"https:\/\/www.meydan.tv\/az\/article\/ilkin-suleymanov-mustentiqin-yaninda-oldugu-halda-telefonda-cilpaq-sekillere-nece-baxib\/#primaryimage"},"thumbnailUrl":"https:\/\/www.meydan.tv\/wp-content\/uploads\/photo-2022-09-07-17-11-47.jpg","articleSection":["B\u00f6lg\u0259","Redaktor se\u00e7imi","X\u0259b\u0259rl\u0259r"],"inLanguage":"az"},{"@type":"WebPage","@id":"https:\/\/www.meydan.tv\/az\/article\/ilkin-suleymanov-mustentiqin-yaninda-oldugu-halda-telefonda-cilpaq-sekillere-nece-baxib\/","url":"https:\/\/www.meydan.tv\/az\/article\/ilkin-suleymanov-mustentiqin-yaninda-oldugu-halda-telefonda-cilpaq-sekillere-nece-baxib\/","name":"\"\u0130lkin S\u00fcleymanov m\u00fcst\u0259ntiqin yan\u0131nda oldu\u011fu halda telefonda \u00e7\u0131lpaq \u015f\u0259kill\u0259r\u0259 nec\u0259 bax\u0131b?\" - MEYDAN.TV","isPartOf":{"@id":"https:\/\/www.meydan.tv\/az\/#website"},"primaryImageOfPage":{"@id":"https:\/\/www.meydan.tv\/az\/article\/ilkin-suleymanov-mustentiqin-yaninda-oldugu-halda-telefonda-cilpaq-sekillere-nece-baxib\/#primaryimage"},"image":{"@id":"https:\/\/www.meydan.tv\/az\/article\/ilkin-suleymanov-mustentiqin-yaninda-oldugu-halda-telefonda-cilpaq-sekillere-nece-baxib\/#primaryimage"},"thumbnailUrl":"https:\/\/www.meydan.tv\/wp-content\/uploads\/photo-2022-09-07-17-11-47.jpg","datePublished":"2022-09-07T12:23:22+00:00","dateModified":"2022-09-07T13:18:11+00:00","breadcrumb":{"@id":"https:\/\/www.meydan.tv\/az\/article\/ilkin-suleymanov-mustentiqin-yaninda-oldugu-halda-telefonda-cilpaq-sekillere-nece-baxib\/#breadcrumb"},"inLanguage":"az","potentialAction":[{"@type":"ReadAction","target":["https:\/\/www.meydan.tv\/az\/article\/ilkin-suleymanov-mustentiqin-yaninda-oldugu-halda-telefonda-cilpaq-sekillere-nece-baxib\/"]}]},{"@type":"ImageObject","inLanguage":"az","@id":"https:\/\/www.meydan.tv\/az\/article\/ilkin-suleymanov-mustentiqin-yaninda-oldugu-halda-telefonda-cilpaq-sekillere-nece-baxib\/#primaryimage","url":"https:\/\/www.meydan.tv\/wp-content\/uploads\/photo-2022-09-07-17-11-47.jpg","contentUrl":"https:\/\/www.meydan.tv\/wp-content\/uploads\/photo-2022-09-07-17-11-47.jpg","width":1200,"height":675,"caption":"\u0130lkin S\u00fcleymanov. Foto: Meydan TV"},{"@type":"BreadcrumbList","@id":"https:\/\/www.meydan.tv\/az\/article\/ilkin-suleymanov-mustentiqin-yaninda-oldugu-halda-telefonda-cilpaq-sekillere-nece-baxib\/#breadcrumb","itemListElement":[{"@type":"ListItem","position":1,"name":"Ana s\u0259hif\u0259","item":"https:\/\/www.meydan.tv\/az\/"},{"@type":"ListItem","position":2,"name":"B\u00f6lg\u0259","item":"https:\/\/www.meydan.tv\/az\/section\/bolge\/"},{"@type":"ListItem","position":3,"name":"&#8220;\u0130lkin S\u00fcleymanov m\u00fcst\u0259ntiqin yan\u0131nda oldu\u011fu halda telefonda \u00e7\u0131lpaq \u015f\u0259kill\u0259r\u0259 nec\u0259 bax\u0131b?&#8221;"}]},{"@type":"WebSite","@id":"https:\/\/www.meydan.tv\/az\/#website","url":"https:\/\/www.meydan.tv\/az\/","name":"MEYDAN.TV","description":"Meydan TV Az\u0259rbaycan\u0131n media m\u0259kan\u0131ndak\u0131 alternativ s\u0259sidir","publisher":{"@id":"https:\/\/www.meydan.tv\/az\/#organization"},"potentialAction":[{"@type":"SearchAction","target":{"@type":"EntryPoint","urlTemplate":"https:\/\/www.meydan.tv\/az\/?s={search_term_string}"},"query-input":{"@type":"PropertyValueSpecification","valueRequired":true,"valueName":"search_term_string"}}],"inLanguage":"az"},{"@type":"Organization","@id":"https:\/\/www.meydan.tv\/az\/#organization","name":"Meydan TV","url":"https:\/\/www.meydan.tv\/az\/","logo":{"@type":"ImageObject","inLanguage":"az","@id":"https:\/\/www.meydan.tv\/az\/#\/schema\/logo\/image\/","url":"https:\/\/www.meydan.tv\/wp-content\/uploads\/2021\/07\/meydan-logo.svg","contentUrl":"https:\/\/www.meydan.tv\/wp-content\/uploads\/2021\/07\/meydan-logo.svg","width":195,"height":46,"caption":"Meydan TV"},"image":{"@id":"https:\/\/www.meydan.tv\/az\/#\/schema\/logo\/image\/"}},{"@type":"Person","@id":"https:\/\/www.meydan.tv\/az\/#\/schema\/person\/9cdbecf90d17180ce1dfbd95b08dcf47","name":"elli","sameAs":["https:\/\/x.com\/elli"]}]}},"_links":{"self":[{"href":"https:\/\/www.meydan.tv\/az\/wp-json\/wp\/v2\/posts\/255092","targetHints":{"allow":["GET"]}}],"collection":[{"href":"https:\/\/www.meydan.tv\/az\/wp-json\/wp\/v2\/posts"}],"about":[{"href":"https:\/\/www.meydan.tv\/az\/wp-json\/wp\/v2\/types\/post"}],"author":[{"embeddable":true,"href":"https:\/\/www.meydan.tv\/az\/wp-json\/wp\/v2\/users\/8"}],"replies":[{"embeddable":true,"href":"https:\/\/www.meydan.tv\/az\/wp-json\/wp\/v2\/comments?post=255092"}],"version-history":[{"count":2,"href":"https:\/\/www.meydan.tv\/az\/wp-json\/wp\/v2\/posts\/255092\/revisions"}],"predecessor-version":[{"id":255117,"href":"https:\/\/www.meydan.tv\/az\/wp-json\/wp\/v2\/posts\/255092\/revisions\/255117"}],"wp:featuredmedia":[{"embeddable":true,"href":"https:\/\/www.meydan.tv\/az\/wp-json\/wp\/v2\/media\/255098"}],"wp:attachment":[{"href":"https:\/\/www.meydan.tv\/az\/wp-json\/wp\/v2\/media?parent=255092"}],"wp:term":[{"taxonomy":"category","embeddable":true,"href":"https:\/\/www.meydan.tv\/az\/wp-json\/wp\/v2\/categories?post=255092"},{"taxonomy":"post_tag","embeddable":true,"href":"https:\/\/www.meydan.tv\/az\/wp-json\/wp\/v2\/tags?post=255092"}],"curies":[{"name":"wp","href":"https:\/\/api.w.org\/{rel}","templated":true}]}}