{"id":255063,"date":"2022-09-07T14:21:36","date_gmt":"2022-09-07T10:21:36","guid":{"rendered":"https:\/\/www.meydan.tv\/?p=255063"},"modified":"2022-09-07T14:21:38","modified_gmt":"2022-09-07T10:21:38","slug":"rusiyada-muharibeye-qarsi-cixan-rejissor-axtarisa-verilib","status":"publish","type":"post","link":"https:\/\/www.meydan.tv\/az\/article\/rusiyada-muharibeye-qarsi-cixan-rejissor-axtarisa-verilib\/","title":{"rendered":"Rusiyada m\u00fcharib\u0259y\u0259 qar\u015f\u0131 \u00e7\u0131xan rejissor axtar\u0131\u015fa verilib"},"content":{"rendered":"\n<p><\/p>\n\n\n\n<p><em>Onun b\u00fcdc\u0259 il\u0259 ba\u011fl\u0131 dediyi fikr\u0259 g\u00f6r\u0259 m\u0259suliyy\u0259t\u0259 c\u0259lb edildiyi bildirilir<\/em><\/p>\n\n\n\n<p>Rusiya Daxili \u0130\u015fl\u0259r Nazirliyi rejissor Vitali Manskini axtar\u0131\u015fa verib.<\/p>\n\n\n\n<p>Bu bar\u0259d\u0259 Rusiya Daxili \u0130\u015fl\u0259r Nazirliyi r\u0259smi m\u0259lumat <a href=\"https:\/\/tass.ru\/obschestvo\/15672385\" target=\"_blank\" rel=\"noreferrer noopener\">yay\u0131b<\/a>.<\/p>\n\n\n\n<p>Bildirilir ki, 2 dekabr 1963-c\u00fc il t\u0259v\u0259ll\u00fcdl\u00fc Vitali Vsevolodovi\u00e7 Manskiy\u0259 cinay\u0259t i\u015fi a\u00e7\u0131l\u0131b v\u0259 axtar\u0131\u015fa verilib.<\/p>\n\n\n\n<p>Nazirlik cinay\u0259t i\u015fi il\u0259 ba\u011fl\u0131 dig\u0259r t\u0259f\u0259rr\u00fcatlar\u0131 a\u00e7\u0131qlay\u0131b.<\/p>\n\n\n\n<p>Moskva Beyn\u0259lxalq Film Festival\u0131nda \u201cb\u00fcdc\u0259nin \u0259n az\u0131 85%-i o\u011furlan\u0131r\u201d dedikd\u0259n sonra rejissor Nikita Mixalkov ondan polis\u0259 \u015fikay\u0259t edib.<\/p>\n\n\n\n<p>Rejissor t\u0259l\u0259b edib ki, V.Manski b\u00f6htana g\u00f6r\u0259 m\u0259suliyy\u0259t\u0259 c\u0259lb edilsin.<\/p>\n\n\n\n<p>N.Mixalkovun v\u0259kili Pavel Astaxovun s\u00f6zl\u0259rin\u0259 g\u00f6r\u0259, bu faktla ba\u011fl\u0131 yoxlama t\u0259yin edilib.<\/p>\n\n\n\n<figure class=\"wp-block-image size-full\"><img decoding=\"async\" width=\"800\" height=\"290\" data-src=\"https:\/\/www.meydan.tv\/wp-content\/uploads\/126620337_photo_2022-09-07_00-16-41.jpg.webp\" alt=\"\" class=\"wp-image-255064 lazyload\" src=\"data:image\/svg+xml;base64,PHN2ZyB3aWR0aD0iMSIgaGVpZ2h0PSIxIiB4bWxucz0iaHR0cDovL3d3dy53My5vcmcvMjAwMC9zdmciPjwvc3ZnPg==\" style=\"--smush-placeholder-width: 800px; --smush-placeholder-aspect-ratio: 800\/290;\" \/><figcaption>Foto: D\u0130N-d\u0259n screenshot<\/figcaption><\/figure>\n\n\n\n<p>V.Manski is\u0259 hesab edir ki, axtar\u0131\u015f\u0131n b\u00f6htan i\u015fi il\u0259 ba\u011fl\u0131 olmas\u0131 ehtimal\u0131 azd\u0131r.<\/p>\n\n\n\n<p>V.Manski Rusiyan\u0131n Ukraynaya qar\u015f\u0131 m\u00fcharib\u0259sinin \u0259leyhdar\u0131 kimi tan\u0131n\u0131r.<\/p>\n\n\n\n<p>N.Mixalkov is\u0259 sava\u015f\u0131n t\u0259r\u0259fdar\u0131 v\u0259 t\u0259bli\u011fat\u00e7\u0131s\u0131d\u0131r.<\/p>\n\n\n\n<p>O, d\u00f6vl\u0259t televiziyas\u0131nda ruslar\u0131n qon\u015fu \u00f6lk\u0259d\u0259ki h\u0259rbi \u0259m\u0259liyyatlarda i\u015ftirak\u0131 \u00fc\u00e7\u00fcn kampaniya apar\u0131r.<\/p>\n\n\n\n<p><strong>Xat\u0131rlatma<\/strong><\/p>\n\n\n\n<p>Rusiya Prezidenti Vladimir Putin Ukraynan\u0131n \u015f\u0259rqind\u0259ki separat\u00e7\u0131 qurumlar\u0131 tan\u0131d\u0131\u011f\u0131n\u0131 b\u0259yan etdikd\u0259n 2 g\u00fcn sonra, fevral\u0131n 24-d\u0259 Ukraynaya qar\u015f\u0131 m\u00fcharib\u0259y\u0259 ba\u015flay\u0131b.<\/p>\n\n\n\n<p>D\u00fcnyan\u0131n \u0259ks\u0259r \u00f6lk\u0259si Rusiyan\u0131n h\u00fccumunu pisl\u0259yib. Bundan sonra Avropa Birliyi \u00f6lk\u0259l\u0259ri, el\u0259c\u0259 d\u0259 AB\u015e Rusiyaya qar\u015f\u0131 sanksiyalar t\u0259tbiq edib. 600-d\u0259n \u00e7ox rusiyal\u0131 oliqarx, y\u00fcks\u0259k r\u00fctb\u0259li h\u0259rb\u00e7il\u0259r, \u015firk\u0259t sahibl\u0259ri, biznesmenl\u0259rl\u0259 yana\u015f\u0131, Rusiya Prezidenti Vladimir Putin v\u0259 xarici i\u015fl\u0259r naziri Sergey Lavrov sanksiyalara m\u0259ruz qal\u0131blar. Rusiyada t\u0259\u015fkil olunacaq yar\u0131\u015flar t\u0259xir\u0259 sal\u0131n\u0131b, bu \u00f6lk\u0259nin ad\u0131 m\u00fch\u00fcm t\u0259dbirl\u0259rd\u0259n v\u0259 t\u0259\u015fkilatlardan \u00e7\u0131xar\u0131l\u0131b.<\/p>\n\n\n\n<p>Aprelin 7-d\u0259 is\u0259 BMT Ba\u015f Assambleyas\u0131 Rusiyan\u0131n t\u0259\u015fkilat\u0131n \u0130nsan H\u00fcquqlar\u0131 \u015euras\u0131ndan \u00e7\u0131xar\u0131lmas\u0131 il\u0259 ba\u011fl\u0131 q\u0259tnam\u0259 q\u0259bul edib.<\/p>\n\n\n\n<p>Rusiya is\u0259 Avropa \u015euras\u0131 \u00fczvl\u00fcy\u00fcnd\u0259n \u00e7\u0131x\u0131b.<\/p>\n\n\n\n<p>Rusiya ordusunun Bu\u00e7a v\u0259 dig\u0259r Ukrayna \u015f\u0259h\u0259rl\u0259rind\u0259 k\u00fctl\u0259vi q\u0259tliamlar v\u0259 m\u00fcharib\u0259 cinay\u0259tl\u0259ri t\u00f6r\u0259tdiyi iddia olunur.<\/p>\n\n\n\n<p>\u0130yunun 25-d\u0259 Avropa \u0130ttifaq\u0131n\u0131n 12 \u00f6lk\u0259si Rusiya qaz\u0131n\u0131n t\u0259dar\u00fck\u00fcnd\u0259n tamamil\u0259 v\u0259 ya qism\u0259n imtina edib.<\/p>\n","protected":false},"excerpt":{"rendered":"<p>Onun b\u00fcdc\u0259 il\u0259 ba\u011fl\u0131 dediyi fikr\u0259 g\u00f6r\u0259 m\u0259suliyy\u0259t\u0259 c\u0259lb edildiyi &#8230; <\/p>\n<p class=\"read-more-container\"><a title=\"Rusiyada m\u00fcharib\u0259y\u0259 qar\u015f\u0131 \u00e7\u0131xan rejissor axtar\u0131\u015fa verilib\" class=\"read-more button\" href=\"https:\/\/www.meydan.tv\/az\/article\/rusiyada-muharibeye-qarsi-cixan-rejissor-axtarisa-verilib\/#more-255063\" aria-label=\"Read more about Rusiyada m\u00fcharib\u0259y\u0259 qar\u015f\u0131 \u00e7\u0131xan rejissor axtar\u0131\u015fa verilib\">Davam\u0131<\/a><\/p>\n","protected":false},"author":8,"featured_media":255067,"comment_status":"closed","ping_status":"closed","sticky":false,"template":"","format":"standard","meta":{"_acf_changed":false,"_sitemap_exclude":false,"_sitemap_priority":"","_sitemap_frequency":"","footnotes":""},"categories":[52,56],"tags":[],"class_list":["post-255063","post","type-post","status-publish","format-standard","has-post-thumbnail","hentry","category-medeniyyet","category-xeberler","infinite-scroll-item","generate-columns","tablet-grid-50","mobile-grid-100","grid-parent","grid-33","no-featured-image-padding"],"acf":[],"yoast_head":"<!-- This site is optimized with the Yoast SEO plugin v27.5 - https:\/\/yoast.com\/product\/yoast-seo-wordpress\/ -->\n<title>Rusiyada m\u00fcharib\u0259y\u0259 qar\u015f\u0131 \u00e7\u0131xan rejissor axtar\u0131\u015fa verilib - MEYDAN.TV<\/title>\n<meta name=\"robots\" content=\"index, follow, max-snippet:-1, max-image-preview:large, max-video-preview:-1\" \/>\n<link rel=\"canonical\" href=\"https:\/\/www.meydan.tv\/az\/article\/rusiyada-muharibeye-qarsi-cixan-rejissor-axtarisa-verilib\/\" \/>\n<meta property=\"og:locale\" content=\"az_AZ\" \/>\n<meta property=\"og:type\" content=\"article\" \/>\n<meta property=\"og:title\" content=\"Rusiyada m\u00fcharib\u0259y\u0259 qar\u015f\u0131 \u00e7\u0131xan rejissor axtar\u0131\u015fa verilib - MEYDAN.TV\" \/>\n<meta property=\"og:description\" content=\"Onun b\u00fcdc\u0259 il\u0259 ba\u011fl\u0131 dediyi fikr\u0259 g\u00f6r\u0259 m\u0259suliyy\u0259t\u0259 c\u0259lb edildiyi ... Davam\u0131\" \/>\n<meta property=\"og:url\" content=\"https:\/\/www.meydan.tv\/az\/article\/rusiyada-muharibeye-qarsi-cixan-rejissor-axtarisa-verilib\/\" \/>\n<meta property=\"og:site_name\" content=\"MEYDAN.TV\" \/>\n<meta property=\"article:published_time\" content=\"2022-09-07T10:21:36+00:00\" \/>\n<meta property=\"article:modified_time\" content=\"2022-09-07T10:21:38+00:00\" \/>\n<meta property=\"og:image\" content=\"https:\/\/www.meydan.tv\/wp-content\/uploads\/a6b7aa6a-8c73-473c-98b3-6077b4a0e658_w1200_r1-e1662544746200.jpg\" \/>\n\t<meta property=\"og:image:width\" content=\"1200\" \/>\n\t<meta property=\"og:image:height\" content=\"585\" \/>\n\t<meta property=\"og:image:type\" content=\"image\/jpeg\" \/>\n<meta name=\"author\" content=\"elli\" \/>\n<meta name=\"twitter:card\" content=\"summary_large_image\" \/>\n<meta name=\"twitter:creator\" content=\"@elli\" \/>\n<script type=\"application\/ld+json\" class=\"yoast-schema-graph\">{\"@context\":\"https:\\\/\\\/schema.org\",\"@graph\":[{\"@type\":\"Article\",\"@id\":\"https:\\\/\\\/www.meydan.tv\\\/az\\\/article\\\/rusiyada-muharibeye-qarsi-cixan-rejissor-axtarisa-verilib\\\/#article\",\"isPartOf\":{\"@id\":\"https:\\\/\\\/www.meydan.tv\\\/az\\\/article\\\/rusiyada-muharibeye-qarsi-cixan-rejissor-axtarisa-verilib\\\/\"},\"author\":{\"name\":\"elli\",\"@id\":\"https:\\\/\\\/www.meydan.tv\\\/az\\\/#\\\/schema\\\/person\\\/9cdbecf90d17180ce1dfbd95b08dcf47\"},\"headline\":\"Rusiyada m\u00fcharib\u0259y\u0259 qar\u015f\u0131 \u00e7\u0131xan rejissor axtar\u0131\u015fa verilib\",\"datePublished\":\"2022-09-07T10:21:36+00:00\",\"dateModified\":\"2022-09-07T10:21:38+00:00\",\"mainEntityOfPage\":{\"@id\":\"https:\\\/\\\/www.meydan.tv\\\/az\\\/article\\\/rusiyada-muharibeye-qarsi-cixan-rejissor-axtarisa-verilib\\\/\"},\"wordCount\":448,\"publisher\":{\"@id\":\"https:\\\/\\\/www.meydan.tv\\\/az\\\/#organization\"},\"image\":{\"@id\":\"https:\\\/\\\/www.meydan.tv\\\/az\\\/article\\\/rusiyada-muharibeye-qarsi-cixan-rejissor-axtarisa-verilib\\\/#primaryimage\"},\"thumbnailUrl\":\"https:\\\/\\\/www.meydan.tv\\\/wp-content\\\/uploads\\\/a6b7aa6a-8c73-473c-98b3-6077b4a0e658_w1200_r1-e1662544746200.jpg\",\"articleSection\":[\"M\u0259d\u0259niyy\u0259t\",\"X\u0259b\u0259rl\u0259r\"],\"inLanguage\":\"az\"},{\"@type\":\"WebPage\",\"@id\":\"https:\\\/\\\/www.meydan.tv\\\/az\\\/article\\\/rusiyada-muharibeye-qarsi-cixan-rejissor-axtarisa-verilib\\\/\",\"url\":\"https:\\\/\\\/www.meydan.tv\\\/az\\\/article\\\/rusiyada-muharibeye-qarsi-cixan-rejissor-axtarisa-verilib\\\/\",\"name\":\"Rusiyada m\u00fcharib\u0259y\u0259 qar\u015f\u0131 \u00e7\u0131xan rejissor axtar\u0131\u015fa verilib - MEYDAN.TV\",\"isPartOf\":{\"@id\":\"https:\\\/\\\/www.meydan.tv\\\/az\\\/#website\"},\"primaryImageOfPage\":{\"@id\":\"https:\\\/\\\/www.meydan.tv\\\/az\\\/article\\\/rusiyada-muharibeye-qarsi-cixan-rejissor-axtarisa-verilib\\\/#primaryimage\"},\"image\":{\"@id\":\"https:\\\/\\\/www.meydan.tv\\\/az\\\/article\\\/rusiyada-muharibeye-qarsi-cixan-rejissor-axtarisa-verilib\\\/#primaryimage\"},\"thumbnailUrl\":\"https:\\\/\\\/www.meydan.tv\\\/wp-content\\\/uploads\\\/a6b7aa6a-8c73-473c-98b3-6077b4a0e658_w1200_r1-e1662544746200.jpg\",\"datePublished\":\"2022-09-07T10:21:36+00:00\",\"dateModified\":\"2022-09-07T10:21:38+00:00\",\"breadcrumb\":{\"@id\":\"https:\\\/\\\/www.meydan.tv\\\/az\\\/article\\\/rusiyada-muharibeye-qarsi-cixan-rejissor-axtarisa-verilib\\\/#breadcrumb\"},\"inLanguage\":\"az\",\"potentialAction\":[{\"@type\":\"ReadAction\",\"target\":[\"https:\\\/\\\/www.meydan.tv\\\/az\\\/article\\\/rusiyada-muharibeye-qarsi-cixan-rejissor-axtarisa-verilib\\\/\"]}]},{\"@type\":\"ImageObject\",\"inLanguage\":\"az\",\"@id\":\"https:\\\/\\\/www.meydan.tv\\\/az\\\/article\\\/rusiyada-muharibeye-qarsi-cixan-rejissor-axtarisa-verilib\\\/#primaryimage\",\"url\":\"https:\\\/\\\/www.meydan.tv\\\/wp-content\\\/uploads\\\/a6b7aa6a-8c73-473c-98b3-6077b4a0e658_w1200_r1-e1662544746200.jpg\",\"contentUrl\":\"https:\\\/\\\/www.meydan.tv\\\/wp-content\\\/uploads\\\/a6b7aa6a-8c73-473c-98b3-6077b4a0e658_w1200_r1-e1662544746200.jpg\",\"width\":1200,\"height\":585,\"caption\":\"V.Manskiy. M\u0259nb\u0259: Azadl\u0131q Radiosu\"},{\"@type\":\"BreadcrumbList\",\"@id\":\"https:\\\/\\\/www.meydan.tv\\\/az\\\/article\\\/rusiyada-muharibeye-qarsi-cixan-rejissor-axtarisa-verilib\\\/#breadcrumb\",\"itemListElement\":[{\"@type\":\"ListItem\",\"position\":1,\"name\":\"Ana s\u0259hif\u0259\",\"item\":\"https:\\\/\\\/www.meydan.tv\\\/az\\\/\"},{\"@type\":\"ListItem\",\"position\":2,\"name\":\"M\u0259d\u0259niyy\u0259t\",\"item\":\"https:\\\/\\\/www.meydan.tv\\\/az\\\/section\\\/medeniyyet\\\/\"},{\"@type\":\"ListItem\",\"position\":3,\"name\":\"Rusiyada m\u00fcharib\u0259y\u0259 qar\u015f\u0131 \u00e7\u0131xan rejissor axtar\u0131\u015fa verilib\"}]},{\"@type\":\"WebSite\",\"@id\":\"https:\\\/\\\/www.meydan.tv\\\/az\\\/#website\",\"url\":\"https:\\\/\\\/www.meydan.tv\\\/az\\\/\",\"name\":\"MEYDAN.TV\",\"description\":\"Meydan TV Az\u0259rbaycan\u0131n media m\u0259kan\u0131ndak\u0131 alternativ s\u0259sidir\",\"publisher\":{\"@id\":\"https:\\\/\\\/www.meydan.tv\\\/az\\\/#organization\"},\"potentialAction\":[{\"@type\":\"SearchAction\",\"target\":{\"@type\":\"EntryPoint\",\"urlTemplate\":\"https:\\\/\\\/www.meydan.tv\\\/az\\\/?s={search_term_string}\"},\"query-input\":{\"@type\":\"PropertyValueSpecification\",\"valueRequired\":true,\"valueName\":\"search_term_string\"}}],\"inLanguage\":\"az\"},{\"@type\":\"Organization\",\"@id\":\"https:\\\/\\\/www.meydan.tv\\\/az\\\/#organization\",\"name\":\"Meydan TV\",\"url\":\"https:\\\/\\\/www.meydan.tv\\\/az\\\/\",\"logo\":{\"@type\":\"ImageObject\",\"inLanguage\":\"az\",\"@id\":\"https:\\\/\\\/www.meydan.tv\\\/az\\\/#\\\/schema\\\/logo\\\/image\\\/\",\"url\":\"https:\\\/\\\/www.meydan.tv\\\/wp-content\\\/uploads\\\/2021\\\/07\\\/meydan-logo.svg\",\"contentUrl\":\"https:\\\/\\\/www.meydan.tv\\\/wp-content\\\/uploads\\\/2021\\\/07\\\/meydan-logo.svg\",\"width\":195,\"height\":46,\"caption\":\"Meydan TV\"},\"image\":{\"@id\":\"https:\\\/\\\/www.meydan.tv\\\/az\\\/#\\\/schema\\\/logo\\\/image\\\/\"}},{\"@type\":\"Person\",\"@id\":\"https:\\\/\\\/www.meydan.tv\\\/az\\\/#\\\/schema\\\/person\\\/9cdbecf90d17180ce1dfbd95b08dcf47\",\"name\":\"elli\",\"sameAs\":[\"https:\\\/\\\/x.com\\\/elli\"]}]}<\/script>\n<!-- \/ Yoast SEO plugin. -->","yoast_head_json":{"title":"Rusiyada m\u00fcharib\u0259y\u0259 qar\u015f\u0131 \u00e7\u0131xan rejissor axtar\u0131\u015fa verilib - MEYDAN.TV","robots":{"index":"index","follow":"follow","max-snippet":"max-snippet:-1","max-image-preview":"max-image-preview:large","max-video-preview":"max-video-preview:-1"},"canonical":"https:\/\/www.meydan.tv\/az\/article\/rusiyada-muharibeye-qarsi-cixan-rejissor-axtarisa-verilib\/","og_locale":"az_AZ","og_type":"article","og_title":"Rusiyada m\u00fcharib\u0259y\u0259 qar\u015f\u0131 \u00e7\u0131xan rejissor axtar\u0131\u015fa verilib - MEYDAN.TV","og_description":"Onun b\u00fcdc\u0259 il\u0259 ba\u011fl\u0131 dediyi fikr\u0259 g\u00f6r\u0259 m\u0259suliyy\u0259t\u0259 c\u0259lb edildiyi ... Davam\u0131","og_url":"https:\/\/www.meydan.tv\/az\/article\/rusiyada-muharibeye-qarsi-cixan-rejissor-axtarisa-verilib\/","og_site_name":"MEYDAN.TV","article_published_time":"2022-09-07T10:21:36+00:00","article_modified_time":"2022-09-07T10:21:38+00:00","og_image":[{"width":1200,"height":585,"url":"https:\/\/www.meydan.tv\/wp-content\/uploads\/a6b7aa6a-8c73-473c-98b3-6077b4a0e658_w1200_r1-e1662544746200.jpg","type":"image\/jpeg"}],"author":"elli","twitter_card":"summary_large_image","twitter_creator":"@elli","schema":{"@context":"https:\/\/schema.org","@graph":[{"@type":"Article","@id":"https:\/\/www.meydan.tv\/az\/article\/rusiyada-muharibeye-qarsi-cixan-rejissor-axtarisa-verilib\/#article","isPartOf":{"@id":"https:\/\/www.meydan.tv\/az\/article\/rusiyada-muharibeye-qarsi-cixan-rejissor-axtarisa-verilib\/"},"author":{"name":"elli","@id":"https:\/\/www.meydan.tv\/az\/#\/schema\/person\/9cdbecf90d17180ce1dfbd95b08dcf47"},"headline":"Rusiyada m\u00fcharib\u0259y\u0259 qar\u015f\u0131 \u00e7\u0131xan rejissor axtar\u0131\u015fa verilib","datePublished":"2022-09-07T10:21:36+00:00","dateModified":"2022-09-07T10:21:38+00:00","mainEntityOfPage":{"@id":"https:\/\/www.meydan.tv\/az\/article\/rusiyada-muharibeye-qarsi-cixan-rejissor-axtarisa-verilib\/"},"wordCount":448,"publisher":{"@id":"https:\/\/www.meydan.tv\/az\/#organization"},"image":{"@id":"https:\/\/www.meydan.tv\/az\/article\/rusiyada-muharibeye-qarsi-cixan-rejissor-axtarisa-verilib\/#primaryimage"},"thumbnailUrl":"https:\/\/www.meydan.tv\/wp-content\/uploads\/a6b7aa6a-8c73-473c-98b3-6077b4a0e658_w1200_r1-e1662544746200.jpg","articleSection":["M\u0259d\u0259niyy\u0259t","X\u0259b\u0259rl\u0259r"],"inLanguage":"az"},{"@type":"WebPage","@id":"https:\/\/www.meydan.tv\/az\/article\/rusiyada-muharibeye-qarsi-cixan-rejissor-axtarisa-verilib\/","url":"https:\/\/www.meydan.tv\/az\/article\/rusiyada-muharibeye-qarsi-cixan-rejissor-axtarisa-verilib\/","name":"Rusiyada m\u00fcharib\u0259y\u0259 qar\u015f\u0131 \u00e7\u0131xan rejissor axtar\u0131\u015fa verilib - MEYDAN.TV","isPartOf":{"@id":"https:\/\/www.meydan.tv\/az\/#website"},"primaryImageOfPage":{"@id":"https:\/\/www.meydan.tv\/az\/article\/rusiyada-muharibeye-qarsi-cixan-rejissor-axtarisa-verilib\/#primaryimage"},"image":{"@id":"https:\/\/www.meydan.tv\/az\/article\/rusiyada-muharibeye-qarsi-cixan-rejissor-axtarisa-verilib\/#primaryimage"},"thumbnailUrl":"https:\/\/www.meydan.tv\/wp-content\/uploads\/a6b7aa6a-8c73-473c-98b3-6077b4a0e658_w1200_r1-e1662544746200.jpg","datePublished":"2022-09-07T10:21:36+00:00","dateModified":"2022-09-07T10:21:38+00:00","breadcrumb":{"@id":"https:\/\/www.meydan.tv\/az\/article\/rusiyada-muharibeye-qarsi-cixan-rejissor-axtarisa-verilib\/#breadcrumb"},"inLanguage":"az","potentialAction":[{"@type":"ReadAction","target":["https:\/\/www.meydan.tv\/az\/article\/rusiyada-muharibeye-qarsi-cixan-rejissor-axtarisa-verilib\/"]}]},{"@type":"ImageObject","inLanguage":"az","@id":"https:\/\/www.meydan.tv\/az\/article\/rusiyada-muharibeye-qarsi-cixan-rejissor-axtarisa-verilib\/#primaryimage","url":"https:\/\/www.meydan.tv\/wp-content\/uploads\/a6b7aa6a-8c73-473c-98b3-6077b4a0e658_w1200_r1-e1662544746200.jpg","contentUrl":"https:\/\/www.meydan.tv\/wp-content\/uploads\/a6b7aa6a-8c73-473c-98b3-6077b4a0e658_w1200_r1-e1662544746200.jpg","width":1200,"height":585,"caption":"V.Manskiy. M\u0259nb\u0259: Azadl\u0131q Radiosu"},{"@type":"BreadcrumbList","@id":"https:\/\/www.meydan.tv\/az\/article\/rusiyada-muharibeye-qarsi-cixan-rejissor-axtarisa-verilib\/#breadcrumb","itemListElement":[{"@type":"ListItem","position":1,"name":"Ana s\u0259hif\u0259","item":"https:\/\/www.meydan.tv\/az\/"},{"@type":"ListItem","position":2,"name":"M\u0259d\u0259niyy\u0259t","item":"https:\/\/www.meydan.tv\/az\/section\/medeniyyet\/"},{"@type":"ListItem","position":3,"name":"Rusiyada m\u00fcharib\u0259y\u0259 qar\u015f\u0131 \u00e7\u0131xan rejissor axtar\u0131\u015fa verilib"}]},{"@type":"WebSite","@id":"https:\/\/www.meydan.tv\/az\/#website","url":"https:\/\/www.meydan.tv\/az\/","name":"MEYDAN.TV","description":"Meydan TV Az\u0259rbaycan\u0131n media m\u0259kan\u0131ndak\u0131 alternativ s\u0259sidir","publisher":{"@id":"https:\/\/www.meydan.tv\/az\/#organization"},"potentialAction":[{"@type":"SearchAction","target":{"@type":"EntryPoint","urlTemplate":"https:\/\/www.meydan.tv\/az\/?s={search_term_string}"},"query-input":{"@type":"PropertyValueSpecification","valueRequired":true,"valueName":"search_term_string"}}],"inLanguage":"az"},{"@type":"Organization","@id":"https:\/\/www.meydan.tv\/az\/#organization","name":"Meydan TV","url":"https:\/\/www.meydan.tv\/az\/","logo":{"@type":"ImageObject","inLanguage":"az","@id":"https:\/\/www.meydan.tv\/az\/#\/schema\/logo\/image\/","url":"https:\/\/www.meydan.tv\/wp-content\/uploads\/2021\/07\/meydan-logo.svg","contentUrl":"https:\/\/www.meydan.tv\/wp-content\/uploads\/2021\/07\/meydan-logo.svg","width":195,"height":46,"caption":"Meydan TV"},"image":{"@id":"https:\/\/www.meydan.tv\/az\/#\/schema\/logo\/image\/"}},{"@type":"Person","@id":"https:\/\/www.meydan.tv\/az\/#\/schema\/person\/9cdbecf90d17180ce1dfbd95b08dcf47","name":"elli","sameAs":["https:\/\/x.com\/elli"]}]}},"_links":{"self":[{"href":"https:\/\/www.meydan.tv\/az\/wp-json\/wp\/v2\/posts\/255063","targetHints":{"allow":["GET"]}}],"collection":[{"href":"https:\/\/www.meydan.tv\/az\/wp-json\/wp\/v2\/posts"}],"about":[{"href":"https:\/\/www.meydan.tv\/az\/wp-json\/wp\/v2\/types\/post"}],"author":[{"embeddable":true,"href":"https:\/\/www.meydan.tv\/az\/wp-json\/wp\/v2\/users\/8"}],"replies":[{"embeddable":true,"href":"https:\/\/www.meydan.tv\/az\/wp-json\/wp\/v2\/comments?post=255063"}],"version-history":[{"count":2,"href":"https:\/\/www.meydan.tv\/az\/wp-json\/wp\/v2\/posts\/255063\/revisions"}],"predecessor-version":[{"id":255074,"href":"https:\/\/www.meydan.tv\/az\/wp-json\/wp\/v2\/posts\/255063\/revisions\/255074"}],"wp:featuredmedia":[{"embeddable":true,"href":"https:\/\/www.meydan.tv\/az\/wp-json\/wp\/v2\/media\/255067"}],"wp:attachment":[{"href":"https:\/\/www.meydan.tv\/az\/wp-json\/wp\/v2\/media?parent=255063"}],"wp:term":[{"taxonomy":"category","embeddable":true,"href":"https:\/\/www.meydan.tv\/az\/wp-json\/wp\/v2\/categories?post=255063"},{"taxonomy":"post_tag","embeddable":true,"href":"https:\/\/www.meydan.tv\/az\/wp-json\/wp\/v2\/tags?post=255063"}],"curies":[{"name":"wp","href":"https:\/\/api.w.org\/{rel}","templated":true}]}}