{"id":255061,"date":"2022-09-07T13:23:06","date_gmt":"2022-09-07T09:23:06","guid":{"rendered":"https:\/\/www.meydan.tv\/?p=255061"},"modified":"2022-09-07T13:23:09","modified_gmt":"2022-09-07T09:23:09","slug":"mehkeme-vetendasin-xeyrine-qerar-cixarib-nazirlik-zereri-odemir","status":"publish","type":"post","link":"https:\/\/www.meydan.tv\/az\/article\/mehkeme-vetendasin-xeyrine-qerar-cixarib-nazirlik-zereri-odemir\/","title":{"rendered":"M\u0259hk\u0259m\u0259 v\u0259t\u0259nda\u015f\u0131n xeyrin\u0259 q\u0259rar \u00e7\u0131xar\u0131b, nazirlik z\u0259r\u0259ri \u00f6d\u0259mir"},"content":{"rendered":"\n<p><\/p>\n\n\n\n<p><em>Masall\u0131 sakinin\u0259 m\u0259xsus z\u0259lil\u0259r nazirliyin zavodunda sat\u0131l\u0131b<\/em><\/p>\n\n\n\n<p>\u201cS\u0259rh\u0259dd\u0259 m\u0259nd\u0259n m\u00fcsadir\u0259 olunmu\u015f z\u0259lil\u0259ri saxlan\u0131lmas\u0131 \u00fc\u00e7\u00fcn Ekologiya v\u0259 T\u0259bii S\u0259rv\u0259tl\u0259r Nazirliyinin Ki\u00e7ik Q\u0131z\u0131la\u011fac Bal\u0131qart\u0131rma T\u0259s\u0259rr\u00fcfat\u0131na t\u0259hvil veribl\u0259r. T\u0259s\u0259rr\u00fcfat\u0131n m\u00fcdiri d\u0259 z\u0259lil\u0259ri sat\u0131b. M\u0259hk\u0259m\u0259l\u0259r q\u0259rar \u00e7\u0131xar\u0131b ki, Bal\u0131qart\u0131rma T\u0259s\u0259rr\u00fcfat\u0131 m\u0259n\u0259 120 min manat\u0131 \u00f6d\u0259sin, ancaq m\u0259hk\u0259m\u0259 q\u0259rar\u0131 icra olunmur\u201d.<\/p>\n\n\n\n<p>Masall\u0131n\u0131n Boradigah k\u0259nd sakini Azad Abdullayev Meydan TV-y\u0259 dan\u0131\u015f\u0131r ki, d\u0259d\u0259-babadan tibbi m\u00fcalic\u0259vi z\u0259li yeti\u015fdirm\u0259siyl\u0259 m\u0259\u015f\u011ful olublar. Uzun ill\u0259rdir ki, z\u0259li yeti\u015fdirib h\u0259m \u00f6lk\u0259 daxilind\u0259, h\u0259m d\u0259 \u0259sas\u0259n \u0130randa sat\u0131rlar. 2017-ci ild\u0259 n\u00f6vb\u0259ti d\u0259f\u0259 Astaradan v\u0259 Bil\u0259suvardan bir g\u00fcn f\u0259rqi il\u0259 \u0130rana z\u0259li ke\u00e7irm\u0259k ist\u0259y\u0259rk\u0259n saxlan\u0131l\u0131b. S\u0259b\u0259b z\u0259lil\u0259ri t\u0259hvil ver\u0259c\u0259yi \u0130randak\u0131 m\u00fc\u0259ssis\u0259 il\u0259 aralar\u0131nda m\u00fcqavil\u0259nin olmamas\u0131 imi\u015f. Z\u0259lil\u0259r m\u00fcsadir\u0259 olunub, \u00f6z\u00fc is\u0259 bir ne\u00e7\u0259 n\u0259f\u0259rl\u0259 birlikd\u0259 (aralar\u0131nda g\u00f6mr\u00fck i\u015f\u00e7il\u0259ri d\u0259 olub) cinay\u0259t m\u0259suliyy\u0259tin\u0259 c\u0259lb edilib. Astara g\u00f6mr\u00fcy\u00fcnd\u0259 m\u00fcsadir\u0259 olunan 68 min \u0259d\u0259d z\u0259li Neft\u00e7aladak\u0131 K\u0259rimov ad\u0131na Bal\u0131qart\u0131rma Zavoduna, Bil\u0259suvar g\u00f6mr\u00fcy\u00fcnd\u0259 m\u00fcsadir\u0259 olunmu\u015f 112 min \u0259d\u0259d z\u0259li is\u0259 Ekologiya v\u0259 T\u0259bii S\u0259rv\u0259tl\u0259r Nazirliyinin Ki\u00e7ik Q\u0131z\u0131la\u011fac Bal\u0131qart\u0131rma Zavoduna saxlanmas\u0131 \u00fc\u00e7\u00fcn t\u0259hvil verilib. Azad Abdullayev 7 ay istintaq m\u00fcdd\u0259tini h\u0259bsd\u0259 ke\u00e7irib v\u0259 bu zaman h\u0259r iki zavodun r\u0259hb\u0259rliyi onlara saxlan\u0131lmas\u0131 \u00fc\u00e7\u00fcn verilmi\u015f z\u0259lil\u0259ri sat\u0131b. L\u0259nk\u0259ran A\u011f\u0131r Cinay\u0259tl\u0259r M\u0259hk\u0259m\u0259si ona 2 il m\u00fcdd\u0259tin\u0259 \u015f\u0259rti c\u0259za k\u0259sib, h\u00f6kmd\u0259 m\u00fcsadir\u0259 olunmu\u015f z\u0259lil\u0259rin \u00f6z\u00fcn\u0259 qaytar\u0131lmas\u0131 da \u0259ksini tap\u0131b. Azad Abdullayev azadl\u0131\u011fa \u00e7\u0131xanda d\u0259ymi\u015f z\u0259r\u0259rin \u00f6d\u0259nilm\u0259si \u00fc\u00e7\u00fcn h\u0259r iki zavodun r\u0259hb\u0259rliyini m\u0259hk\u0259m\u0259y\u0259 verib. M\u0259hk\u0259m\u0259 Neft\u00e7aladak\u0131 K\u0259rimov ad\u0131na Bal\u0131qart\u0131rma Zavodunun 68 min manat, ETSN Ki\u00e7ik Q\u0131z\u0131la\u011fac Bal\u0131qart\u0131rma Zavodununsa 112 min manat z\u0259r\u0259rin \u00f6d\u0259nilm\u0259si il\u0259 ba\u011fl\u0131 q\u0259rar \u00e7\u0131xar\u0131b. K\u0259rimov ad\u0131na zavodun r\u0259hb\u0259rliyi z\u0259r\u0259ri \u00f6d\u0259s\u0259 d\u0259, z\u0259linin sahibi dig\u0259r zavodla bu m\u00f6vzuda h\u0259l\u0259 d\u0259 \u00e7\u0259ki\u015fir.<\/p>\n\n\n\n<p>Ekologiya v\u0259 T\u0259bii S\u0259rv\u0259tl\u0259r Nazirliyinin Bioloji M\u00fcxt\u0259lifliyin Qorunmas\u0131 Xidm\u0259tind\u0259n Meydan TV-y\u0259 bildirilib ki, m\u00fcbahis\u0259 predmeti olan z\u0259lil\u0259r d\u00f6vl\u0259tin olub. Azad Abdullayev d\u00f6vl\u0259tin s\u0259rv\u0259ti olan z\u0259lil\u0259ri qa\u00e7aqmal\u00e7\u0131l\u0131q yolu il\u0259 ba\u015fqa \u00f6lk\u0259y\u0259 ke\u00e7irm\u0259k ist\u0259y\u0259rk\u0259n g\u0259bs olunub v\u0259 m\u0259hkum edilib.<\/p>\n\n\n\n<p>Ancaq Azad Abdullayev ba\u015fqa s\u00f6z deyir:<\/p>\n\n\n\n<p>\u201cQeyd etdiyim kimi, K\u0259rimov ad\u0131na Bal\u0131qart\u0131rma Zavodu z\u0259r\u0259ri \u00f6d\u0259di, ancaq dig\u0259r zavodun direktoru Dada\u015f Abbasov m\u0259hk\u0259m\u0259y\u0259 z\u0259lil\u0259rin \u00f6lm\u0259siyl\u0259 ba\u011fl\u0131 saxta s\u0259n\u0259d d\u00fcz\u0259ldib t\u0259qdim etdi. Hakim s\u0259n\u0259din saxta oldu\u011funu bildi v\u0259 zavodun direktoruna \u201cbilirs\u0259n d\u0259 buna g\u00f6r\u0259 s\u0259ni n\u0259 g\u00f6zl\u0259y\u0259 bil\u0259r\u201d, &#8211; dedi. 1 il 6 ay \u00e7\u0259k\u0259n m\u0259hk\u0259m\u0259 zavoda qar\u015f\u0131 112 min manat maddi z\u0259r\u0259rin \u00f6d\u0259nilm\u0259si iddiam\u0131n t\u0259min olunmas\u0131yla ba\u015fa \u00e7atd\u0131. Qar\u015f\u0131 t\u0259r\u0259f apelyasiya \u015fikay\u0259ti verdi, 1 il 4 ay da o m\u0259hk\u0259m\u0259 davam etdi, m\u0259hk\u0259m\u0259 m\u0259nim iddiam\u0131 t\u0259min ed\u0259n Q\u0259tnam\u0259ni q\u00fcvv\u0259d\u0259 saxlad\u0131\u201d.<\/p>\n\n\n\n<figure class=\"wp-block-image size-full\"><img decoding=\"async\" width=\"729\" height=\"487\" data-src=\"https:\/\/www.meydan.tv\/wp-content\/uploads\/6bf8db69-c2f7-48a8-9e35-bd6f3070c4e4_640.jpg\" alt=\"Ekologiya v\u0259 T\u0259bii S\u0259rv\u0259tl\u0259r Nazirliyi\" class=\"wp-image-138783 lazyload\" src=\"data:image\/svg+xml;base64,PHN2ZyB3aWR0aD0iMSIgaGVpZ2h0PSIxIiB4bWxucz0iaHR0cDovL3d3dy53My5vcmcvMjAwMC9zdmciPjwvc3ZnPg==\" style=\"--smush-placeholder-width: 729px; --smush-placeholder-aspect-ratio: 729\/487;\" \/><figcaption>Foto: Meydan TV<\/figcaption><\/figure>\n\n\n\n<p>Azad Abdullayevin s\u00f6zl\u0259rin\u0259 g\u00f6r\u0259, kassasiya \u015fikay\u0259ti m\u00fcdd\u0259ti \u00f6ts\u0259 d\u0259, qar\u015f\u0131 t\u0259r\u0259f Ali M\u0259hk\u0259m\u0259y\u0259 kassasiya \u015fikay\u0259ti vermir, ona d\u0259ymi\u015f z\u0259r\u0259ri \u00f6d\u0259y\u0259c\u0259yini v\u0259d edir:<\/p>\n\n\n\n<p>\u201cZavodun direktoru Dada\u015f Abbasov L\u0259nk\u0259ran rayon \u0130cra v\u0259 Probasiya \u015e\u00f6b\u0259sin\u0259 daxil olduqdan sonra icra m\u0259muruna dedi ki, Ekologiya v\u0259 T\u0259bii S\u0259rv\u0259tl\u0259r Nazirliyinin h\u00fcquq\u015f\u00fcnaslar\u0131yla m\u0259sl\u0259h\u0259tl\u0259\u015fib, q\u0259rara g\u0259libl\u0259r ki, d\u0259ymi\u015f z\u0259r\u0259r \u00f6d\u0259nilsin. \u0130cra m\u0259murunun yan\u0131nda izahat yazd\u0131 ki, 2022-ci il fevral\u0131nda nazirlik t\u0259r\u0259find\u0259n d\u0259ymi\u015f z\u0259r\u0259r \u00f6d\u0259nil\u0259c\u0259k. Fevral ay\u0131 oldu, \u00f6d\u0259ni\u015f edilm\u0259di. \u0130cra m\u0259muru nazirliyin h\u00fcquq \u015f\u00f6b\u0259si il\u0259 \u0259laq\u0259 saxlad\u0131, yen\u0259 n\u0259tic\u0259si olmad\u0131. Zavodun \u0259mlaklar\u0131na h\u0259bs qoyuldu. Qar\u015f\u0131 t\u0259r\u0259f m\u0259hk\u0259m\u0259y\u0259 verib, \u0259mlaklar\u0131 h\u0259bsd\u0259n \u00e7\u0131xartd\u0131, \u0259v\u0259zin\u0259, zavodun h\u0259y\u0259tind\u0259ki torpaq t\u0259p\u0259cikl\u0259r\u0259 h\u0259bs qoyuldu. Y\u0259ni bildiniz d\u0259, t\u0259p\u0259cikl\u0259r dey\u0259nd\u0259 s\u00f6hb\u0259t n\u0259d\u0259n gedir. G\u00f6l\u00fc qaz\u0131b, torpa\u011f\u0131 k\u0259nara t\u00f6k\u00fcrl\u0259r, torpaq t\u0259p\u0259cikl\u0259r yaran\u0131r, \u00f6z aralar\u0131nda buna \u201cdamba\u201d deyirl\u0259r, bax, h\u0259min \u201cdamba\u201dlara\u2026 M\u0259n etiraz etdim, dedim, torpaq y\u0131\u011f\u0131n\u0131ndan \u0259m\u0259l\u0259 g\u0259l\u0259n t\u0259p\u0259cik n\u0259 vaxtdan \u0259mlak say\u0131l\u0131r? Zavodda i\u015fl\u0259k v\u0259ziyy\u0259tl\u0259 olan 42 min manatl\u0131q k\u00fcr\u00fcyeti\u015fdirm\u0259 sexl\u0259ri var, h\u0259bs onlar\u0131n \u00fcz\u0259rin\u0259 qoyulsun. Zavodun direktoru Dada\u015f Abbasov dedi, o t\u0259p\u0259cikl\u0259rin 290 min manat d\u0259y\u0259ri var. Hakim d\u0259 bu s\u00f6z\u00fcn \u0259sas\u0131nda t\u0259p\u0259cikl\u0259r\u0259 h\u0259bs qoydu\u201d.<\/p>\n\n\n\n<p>Azad Abdullayev bu ilin may\u0131nda Fuad \u018fl\u0259sg\u0259rovun, iyununda ba\u015f prokuror Kamran \u018fliyevin q\u0259bulunda olub. Kamran \u018fliyev m\u0259s\u0259l\u0259ni \u015f\u0259xsi n\u0259zar\u0259tin\u0259 g\u00f6t\u00fcr\u0259c\u0259yini deyib. Bir ne\u00e7\u0259 g\u00fcn sonra icra m\u0259muruna Ba\u015f prokurorun i\u015fi \u015f\u0259xsi n\u0259zar\u0259tin\u0259 g\u00f6t\u00fcrm\u0259si bar\u0259d\u0259 iki c\u00fcml\u0259lik m\u0259ktub daxil olub, v\u0259ssalam.<\/p>\n\n\n\n<p>Azad Abdullayev Bak\u0131ya \u2013 ekologiya v\u0259 t\u0259bii s\u0259rv\u0259tl\u0259r naziri Muxtar Babayevin q\u0259buluna g\u0259lib. Ona nazirin n\u00f6vb\u0259ti g\u00fcn Qazaxda q\u0259bul ke\u00e7ir\u0259c\u0259yini bildir\u0259r\u0259k ora getm\u0259sini t\u00f6vsiy\u0259 edibl\u0259r. O da Qazax rayonuna gedib, ancaq nazirin q\u0259bulunda e\u015fitdiyi s\u00f6z onu m\u0259yus edib:<\/p>\n\n\n\n<p>\u201cDedi, m\u0259nim bu i\u015fd\u0259n he\u00e7 x\u0259b\u0259rim yoxdur ki\u2026 Dedim, nec\u0259 y\u0259ni x\u0259b\u0259riniz yoxdur, z\u0259lil\u0259ri sat\u0131b, pulunu yemisiz, 4 ildir m\u0259hk\u0259m\u0259l\u0259r gedir, naziri oldu\u011funuz quruma qar\u015f\u0131 iddia qald\u0131r\u0131l\u0131b v\u0259 t\u0259min olunub, bu boyda h\u0259ngam\u0259d\u0259n nec\u0259 x\u0259b\u0259rsiz qala bil\u0259rsiz? M\u0259n\u0259 son s\u00f6z\u00fc bu oldu ki, d\u00f6vl\u0259t v\u0259t\u0259nda\u015fa pul \u00f6d\u0259mir\u201d.<\/p>\n\n\n\n<p>Nazirin q\u0259bulundan 20 g\u00fcn sonra Azad Abdullayev yen\u0259 Ekologiya v\u0259 T\u0259bii S\u0259rv\u0259tl\u0259r Nazirliyinin h\u00fcquq \u015f\u00f6b\u0259siyl\u0259 \u0259laq\u0259 saxlay\u0131b. Ona \u201cm\u0259s\u0259l\u0259 ara\u015fd\u0131r\u0131l\u0131r\u201d deyilib:<\/p>\n\n\n\n<p>\u201cDedim, bu i\u015fi m\u0259hk\u0259m\u0259 ara\u015fd\u0131r\u0131b, h\u00fcquqi qiym\u0259tini d\u0259 verib, siz kimsiniz ki, ara\u015fd\u0131rma aparas\u0131n\u0131z? Sizin i\u015finiz odur ki, m\u0259hk\u0259m\u0259nin k\u0259sdiyi pulu v\u0259t\u0259nda\u015fa \u00f6d\u0259y\u0259siz\u201d.<\/p>\n","protected":false},"excerpt":{"rendered":"<p>Masall\u0131 sakinin\u0259 m\u0259xsus z\u0259lil\u0259r nazirliyin zavodunda sat\u0131l\u0131b \u201cS\u0259rh\u0259dd\u0259 m\u0259nd\u0259n m\u00fcsadir\u0259 &#8230; <\/p>\n<p class=\"read-more-container\"><a title=\"M\u0259hk\u0259m\u0259 v\u0259t\u0259nda\u015f\u0131n xeyrin\u0259 q\u0259rar \u00e7\u0131xar\u0131b, nazirlik z\u0259r\u0259ri \u00f6d\u0259mir\" class=\"read-more button\" href=\"https:\/\/www.meydan.tv\/az\/article\/mehkeme-vetendasin-xeyrine-qerar-cixarib-nazirlik-zereri-odemir\/#more-255061\" aria-label=\"Read more about M\u0259hk\u0259m\u0259 v\u0259t\u0259nda\u015f\u0131n xeyrin\u0259 q\u0259rar \u00e7\u0131xar\u0131b, nazirlik z\u0259r\u0259ri \u00f6d\u0259mir\">Davam\u0131<\/a><\/p>\n","protected":false},"author":8,"featured_media":255058,"comment_status":"closed","ping_status":"closed","sticky":false,"template":"","format":"standard","meta":{"_acf_changed":false,"_sitemap_exclude":false,"_sitemap_priority":"","_sitemap_frequency":"","footnotes":""},"categories":[60,56],"tags":[],"class_list":["post-255061","post","type-post","status-publish","format-standard","has-post-thumbnail","hentry","category-bolge","category-xeberler","infinite-scroll-item","generate-columns","tablet-grid-50","mobile-grid-100","grid-parent","grid-33","no-featured-image-padding"],"acf":[],"yoast_head":"<!-- This site is optimized with the Yoast SEO plugin v27.5 - https:\/\/yoast.com\/product\/yoast-seo-wordpress\/ -->\n<title>M\u0259hk\u0259m\u0259 v\u0259t\u0259nda\u015f\u0131n xeyrin\u0259 q\u0259rar \u00e7\u0131xar\u0131b, nazirlik z\u0259r\u0259ri \u00f6d\u0259mir - MEYDAN.TV<\/title>\n<meta name=\"robots\" content=\"index, follow, max-snippet:-1, max-image-preview:large, max-video-preview:-1\" \/>\n<link rel=\"canonical\" href=\"https:\/\/www.meydan.tv\/az\/article\/mehkeme-vetendasin-xeyrine-qerar-cixarib-nazirlik-zereri-odemir\/\" \/>\n<meta property=\"og:locale\" content=\"az_AZ\" \/>\n<meta property=\"og:type\" content=\"article\" \/>\n<meta property=\"og:title\" content=\"M\u0259hk\u0259m\u0259 v\u0259t\u0259nda\u015f\u0131n xeyrin\u0259 q\u0259rar \u00e7\u0131xar\u0131b, nazirlik z\u0259r\u0259ri \u00f6d\u0259mir - MEYDAN.TV\" \/>\n<meta property=\"og:description\" content=\"Masall\u0131 sakinin\u0259 m\u0259xsus z\u0259lil\u0259r nazirliyin zavodunda sat\u0131l\u0131b \u201cS\u0259rh\u0259dd\u0259 m\u0259nd\u0259n m\u00fcsadir\u0259 ... Davam\u0131\" \/>\n<meta property=\"og:url\" content=\"https:\/\/www.meydan.tv\/az\/article\/mehkeme-vetendasin-xeyrine-qerar-cixarib-nazirlik-zereri-odemir\/\" \/>\n<meta property=\"og:site_name\" content=\"MEYDAN.TV\" \/>\n<meta property=\"article:published_time\" content=\"2022-09-07T09:23:06+00:00\" \/>\n<meta property=\"article:modified_time\" content=\"2022-09-07T09:23:09+00:00\" \/>\n<meta property=\"og:image\" content=\"https:\/\/www.meydan.tv\/wp-content\/uploads\/azad_abdullayev_masalli_zeli-e1662542579455.jpeg\" \/>\n\t<meta property=\"og:image:width\" content=\"1200\" \/>\n\t<meta property=\"og:image:height\" content=\"567\" \/>\n\t<meta property=\"og:image:type\" content=\"image\/jpeg\" \/>\n<meta name=\"author\" content=\"elli\" \/>\n<meta name=\"twitter:card\" content=\"summary_large_image\" \/>\n<meta name=\"twitter:creator\" content=\"@elli\" \/>\n<script type=\"application\/ld+json\" class=\"yoast-schema-graph\">{\"@context\":\"https:\\\/\\\/schema.org\",\"@graph\":[{\"@type\":\"Article\",\"@id\":\"https:\\\/\\\/www.meydan.tv\\\/az\\\/article\\\/mehkeme-vetendasin-xeyrine-qerar-cixarib-nazirlik-zereri-odemir\\\/#article\",\"isPartOf\":{\"@id\":\"https:\\\/\\\/www.meydan.tv\\\/az\\\/article\\\/mehkeme-vetendasin-xeyrine-qerar-cixarib-nazirlik-zereri-odemir\\\/\"},\"author\":{\"name\":\"elli\",\"@id\":\"https:\\\/\\\/www.meydan.tv\\\/az\\\/#\\\/schema\\\/person\\\/9cdbecf90d17180ce1dfbd95b08dcf47\"},\"headline\":\"M\u0259hk\u0259m\u0259 v\u0259t\u0259nda\u015f\u0131n xeyrin\u0259 q\u0259rar \u00e7\u0131xar\u0131b, nazirlik z\u0259r\u0259ri \u00f6d\u0259mir\",\"datePublished\":\"2022-09-07T09:23:06+00:00\",\"dateModified\":\"2022-09-07T09:23:09+00:00\",\"mainEntityOfPage\":{\"@id\":\"https:\\\/\\\/www.meydan.tv\\\/az\\\/article\\\/mehkeme-vetendasin-xeyrine-qerar-cixarib-nazirlik-zereri-odemir\\\/\"},\"wordCount\":1275,\"publisher\":{\"@id\":\"https:\\\/\\\/www.meydan.tv\\\/az\\\/#organization\"},\"image\":{\"@id\":\"https:\\\/\\\/www.meydan.tv\\\/az\\\/article\\\/mehkeme-vetendasin-xeyrine-qerar-cixarib-nazirlik-zereri-odemir\\\/#primaryimage\"},\"thumbnailUrl\":\"https:\\\/\\\/www.meydan.tv\\\/wp-content\\\/uploads\\\/azad_abdullayev_masalli_zeli-e1662542579455.jpeg\",\"articleSection\":[\"B\u00f6lg\u0259\",\"X\u0259b\u0259rl\u0259r\"],\"inLanguage\":\"az\"},{\"@type\":\"WebPage\",\"@id\":\"https:\\\/\\\/www.meydan.tv\\\/az\\\/article\\\/mehkeme-vetendasin-xeyrine-qerar-cixarib-nazirlik-zereri-odemir\\\/\",\"url\":\"https:\\\/\\\/www.meydan.tv\\\/az\\\/article\\\/mehkeme-vetendasin-xeyrine-qerar-cixarib-nazirlik-zereri-odemir\\\/\",\"name\":\"M\u0259hk\u0259m\u0259 v\u0259t\u0259nda\u015f\u0131n xeyrin\u0259 q\u0259rar \u00e7\u0131xar\u0131b, nazirlik z\u0259r\u0259ri \u00f6d\u0259mir - MEYDAN.TV\",\"isPartOf\":{\"@id\":\"https:\\\/\\\/www.meydan.tv\\\/az\\\/#website\"},\"primaryImageOfPage\":{\"@id\":\"https:\\\/\\\/www.meydan.tv\\\/az\\\/article\\\/mehkeme-vetendasin-xeyrine-qerar-cixarib-nazirlik-zereri-odemir\\\/#primaryimage\"},\"image\":{\"@id\":\"https:\\\/\\\/www.meydan.tv\\\/az\\\/article\\\/mehkeme-vetendasin-xeyrine-qerar-cixarib-nazirlik-zereri-odemir\\\/#primaryimage\"},\"thumbnailUrl\":\"https:\\\/\\\/www.meydan.tv\\\/wp-content\\\/uploads\\\/azad_abdullayev_masalli_zeli-e1662542579455.jpeg\",\"datePublished\":\"2022-09-07T09:23:06+00:00\",\"dateModified\":\"2022-09-07T09:23:09+00:00\",\"breadcrumb\":{\"@id\":\"https:\\\/\\\/www.meydan.tv\\\/az\\\/article\\\/mehkeme-vetendasin-xeyrine-qerar-cixarib-nazirlik-zereri-odemir\\\/#breadcrumb\"},\"inLanguage\":\"az\",\"potentialAction\":[{\"@type\":\"ReadAction\",\"target\":[\"https:\\\/\\\/www.meydan.tv\\\/az\\\/article\\\/mehkeme-vetendasin-xeyrine-qerar-cixarib-nazirlik-zereri-odemir\\\/\"]}]},{\"@type\":\"ImageObject\",\"inLanguage\":\"az\",\"@id\":\"https:\\\/\\\/www.meydan.tv\\\/az\\\/article\\\/mehkeme-vetendasin-xeyrine-qerar-cixarib-nazirlik-zereri-odemir\\\/#primaryimage\",\"url\":\"https:\\\/\\\/www.meydan.tv\\\/wp-content\\\/uploads\\\/azad_abdullayev_masalli_zeli-e1662542579455.jpeg\",\"contentUrl\":\"https:\\\/\\\/www.meydan.tv\\\/wp-content\\\/uploads\\\/azad_abdullayev_masalli_zeli-e1662542579455.jpeg\",\"width\":1200,\"height\":567,\"caption\":\"Azad Abdullayev. Foto: Meydan TV\"},{\"@type\":\"BreadcrumbList\",\"@id\":\"https:\\\/\\\/www.meydan.tv\\\/az\\\/article\\\/mehkeme-vetendasin-xeyrine-qerar-cixarib-nazirlik-zereri-odemir\\\/#breadcrumb\",\"itemListElement\":[{\"@type\":\"ListItem\",\"position\":1,\"name\":\"Ana s\u0259hif\u0259\",\"item\":\"https:\\\/\\\/www.meydan.tv\\\/az\\\/\"},{\"@type\":\"ListItem\",\"position\":2,\"name\":\"B\u00f6lg\u0259\",\"item\":\"https:\\\/\\\/www.meydan.tv\\\/az\\\/section\\\/bolge\\\/\"},{\"@type\":\"ListItem\",\"position\":3,\"name\":\"M\u0259hk\u0259m\u0259 v\u0259t\u0259nda\u015f\u0131n xeyrin\u0259 q\u0259rar \u00e7\u0131xar\u0131b, nazirlik z\u0259r\u0259ri \u00f6d\u0259mir\"}]},{\"@type\":\"WebSite\",\"@id\":\"https:\\\/\\\/www.meydan.tv\\\/az\\\/#website\",\"url\":\"https:\\\/\\\/www.meydan.tv\\\/az\\\/\",\"name\":\"MEYDAN.TV\",\"description\":\"Meydan TV Az\u0259rbaycan\u0131n media m\u0259kan\u0131ndak\u0131 alternativ s\u0259sidir\",\"publisher\":{\"@id\":\"https:\\\/\\\/www.meydan.tv\\\/az\\\/#organization\"},\"potentialAction\":[{\"@type\":\"SearchAction\",\"target\":{\"@type\":\"EntryPoint\",\"urlTemplate\":\"https:\\\/\\\/www.meydan.tv\\\/az\\\/?s={search_term_string}\"},\"query-input\":{\"@type\":\"PropertyValueSpecification\",\"valueRequired\":true,\"valueName\":\"search_term_string\"}}],\"inLanguage\":\"az\"},{\"@type\":\"Organization\",\"@id\":\"https:\\\/\\\/www.meydan.tv\\\/az\\\/#organization\",\"name\":\"Meydan TV\",\"url\":\"https:\\\/\\\/www.meydan.tv\\\/az\\\/\",\"logo\":{\"@type\":\"ImageObject\",\"inLanguage\":\"az\",\"@id\":\"https:\\\/\\\/www.meydan.tv\\\/az\\\/#\\\/schema\\\/logo\\\/image\\\/\",\"url\":\"https:\\\/\\\/www.meydan.tv\\\/wp-content\\\/uploads\\\/2021\\\/07\\\/meydan-logo.svg\",\"contentUrl\":\"https:\\\/\\\/www.meydan.tv\\\/wp-content\\\/uploads\\\/2021\\\/07\\\/meydan-logo.svg\",\"width\":195,\"height\":46,\"caption\":\"Meydan TV\"},\"image\":{\"@id\":\"https:\\\/\\\/www.meydan.tv\\\/az\\\/#\\\/schema\\\/logo\\\/image\\\/\"}},{\"@type\":\"Person\",\"@id\":\"https:\\\/\\\/www.meydan.tv\\\/az\\\/#\\\/schema\\\/person\\\/9cdbecf90d17180ce1dfbd95b08dcf47\",\"name\":\"elli\",\"sameAs\":[\"https:\\\/\\\/x.com\\\/elli\"]}]}<\/script>\n<!-- \/ Yoast SEO plugin. -->","yoast_head_json":{"title":"M\u0259hk\u0259m\u0259 v\u0259t\u0259nda\u015f\u0131n xeyrin\u0259 q\u0259rar \u00e7\u0131xar\u0131b, nazirlik z\u0259r\u0259ri \u00f6d\u0259mir - MEYDAN.TV","robots":{"index":"index","follow":"follow","max-snippet":"max-snippet:-1","max-image-preview":"max-image-preview:large","max-video-preview":"max-video-preview:-1"},"canonical":"https:\/\/www.meydan.tv\/az\/article\/mehkeme-vetendasin-xeyrine-qerar-cixarib-nazirlik-zereri-odemir\/","og_locale":"az_AZ","og_type":"article","og_title":"M\u0259hk\u0259m\u0259 v\u0259t\u0259nda\u015f\u0131n xeyrin\u0259 q\u0259rar \u00e7\u0131xar\u0131b, nazirlik z\u0259r\u0259ri \u00f6d\u0259mir - MEYDAN.TV","og_description":"Masall\u0131 sakinin\u0259 m\u0259xsus z\u0259lil\u0259r nazirliyin zavodunda sat\u0131l\u0131b \u201cS\u0259rh\u0259dd\u0259 m\u0259nd\u0259n m\u00fcsadir\u0259 ... Davam\u0131","og_url":"https:\/\/www.meydan.tv\/az\/article\/mehkeme-vetendasin-xeyrine-qerar-cixarib-nazirlik-zereri-odemir\/","og_site_name":"MEYDAN.TV","article_published_time":"2022-09-07T09:23:06+00:00","article_modified_time":"2022-09-07T09:23:09+00:00","og_image":[{"width":1200,"height":567,"url":"https:\/\/www.meydan.tv\/wp-content\/uploads\/azad_abdullayev_masalli_zeli-e1662542579455.jpeg","type":"image\/jpeg"}],"author":"elli","twitter_card":"summary_large_image","twitter_creator":"@elli","schema":{"@context":"https:\/\/schema.org","@graph":[{"@type":"Article","@id":"https:\/\/www.meydan.tv\/az\/article\/mehkeme-vetendasin-xeyrine-qerar-cixarib-nazirlik-zereri-odemir\/#article","isPartOf":{"@id":"https:\/\/www.meydan.tv\/az\/article\/mehkeme-vetendasin-xeyrine-qerar-cixarib-nazirlik-zereri-odemir\/"},"author":{"name":"elli","@id":"https:\/\/www.meydan.tv\/az\/#\/schema\/person\/9cdbecf90d17180ce1dfbd95b08dcf47"},"headline":"M\u0259hk\u0259m\u0259 v\u0259t\u0259nda\u015f\u0131n xeyrin\u0259 q\u0259rar \u00e7\u0131xar\u0131b, nazirlik z\u0259r\u0259ri \u00f6d\u0259mir","datePublished":"2022-09-07T09:23:06+00:00","dateModified":"2022-09-07T09:23:09+00:00","mainEntityOfPage":{"@id":"https:\/\/www.meydan.tv\/az\/article\/mehkeme-vetendasin-xeyrine-qerar-cixarib-nazirlik-zereri-odemir\/"},"wordCount":1275,"publisher":{"@id":"https:\/\/www.meydan.tv\/az\/#organization"},"image":{"@id":"https:\/\/www.meydan.tv\/az\/article\/mehkeme-vetendasin-xeyrine-qerar-cixarib-nazirlik-zereri-odemir\/#primaryimage"},"thumbnailUrl":"https:\/\/www.meydan.tv\/wp-content\/uploads\/azad_abdullayev_masalli_zeli-e1662542579455.jpeg","articleSection":["B\u00f6lg\u0259","X\u0259b\u0259rl\u0259r"],"inLanguage":"az"},{"@type":"WebPage","@id":"https:\/\/www.meydan.tv\/az\/article\/mehkeme-vetendasin-xeyrine-qerar-cixarib-nazirlik-zereri-odemir\/","url":"https:\/\/www.meydan.tv\/az\/article\/mehkeme-vetendasin-xeyrine-qerar-cixarib-nazirlik-zereri-odemir\/","name":"M\u0259hk\u0259m\u0259 v\u0259t\u0259nda\u015f\u0131n xeyrin\u0259 q\u0259rar \u00e7\u0131xar\u0131b, nazirlik z\u0259r\u0259ri \u00f6d\u0259mir - MEYDAN.TV","isPartOf":{"@id":"https:\/\/www.meydan.tv\/az\/#website"},"primaryImageOfPage":{"@id":"https:\/\/www.meydan.tv\/az\/article\/mehkeme-vetendasin-xeyrine-qerar-cixarib-nazirlik-zereri-odemir\/#primaryimage"},"image":{"@id":"https:\/\/www.meydan.tv\/az\/article\/mehkeme-vetendasin-xeyrine-qerar-cixarib-nazirlik-zereri-odemir\/#primaryimage"},"thumbnailUrl":"https:\/\/www.meydan.tv\/wp-content\/uploads\/azad_abdullayev_masalli_zeli-e1662542579455.jpeg","datePublished":"2022-09-07T09:23:06+00:00","dateModified":"2022-09-07T09:23:09+00:00","breadcrumb":{"@id":"https:\/\/www.meydan.tv\/az\/article\/mehkeme-vetendasin-xeyrine-qerar-cixarib-nazirlik-zereri-odemir\/#breadcrumb"},"inLanguage":"az","potentialAction":[{"@type":"ReadAction","target":["https:\/\/www.meydan.tv\/az\/article\/mehkeme-vetendasin-xeyrine-qerar-cixarib-nazirlik-zereri-odemir\/"]}]},{"@type":"ImageObject","inLanguage":"az","@id":"https:\/\/www.meydan.tv\/az\/article\/mehkeme-vetendasin-xeyrine-qerar-cixarib-nazirlik-zereri-odemir\/#primaryimage","url":"https:\/\/www.meydan.tv\/wp-content\/uploads\/azad_abdullayev_masalli_zeli-e1662542579455.jpeg","contentUrl":"https:\/\/www.meydan.tv\/wp-content\/uploads\/azad_abdullayev_masalli_zeli-e1662542579455.jpeg","width":1200,"height":567,"caption":"Azad Abdullayev. Foto: Meydan TV"},{"@type":"BreadcrumbList","@id":"https:\/\/www.meydan.tv\/az\/article\/mehkeme-vetendasin-xeyrine-qerar-cixarib-nazirlik-zereri-odemir\/#breadcrumb","itemListElement":[{"@type":"ListItem","position":1,"name":"Ana s\u0259hif\u0259","item":"https:\/\/www.meydan.tv\/az\/"},{"@type":"ListItem","position":2,"name":"B\u00f6lg\u0259","item":"https:\/\/www.meydan.tv\/az\/section\/bolge\/"},{"@type":"ListItem","position":3,"name":"M\u0259hk\u0259m\u0259 v\u0259t\u0259nda\u015f\u0131n xeyrin\u0259 q\u0259rar \u00e7\u0131xar\u0131b, nazirlik z\u0259r\u0259ri \u00f6d\u0259mir"}]},{"@type":"WebSite","@id":"https:\/\/www.meydan.tv\/az\/#website","url":"https:\/\/www.meydan.tv\/az\/","name":"MEYDAN.TV","description":"Meydan TV Az\u0259rbaycan\u0131n media m\u0259kan\u0131ndak\u0131 alternativ s\u0259sidir","publisher":{"@id":"https:\/\/www.meydan.tv\/az\/#organization"},"potentialAction":[{"@type":"SearchAction","target":{"@type":"EntryPoint","urlTemplate":"https:\/\/www.meydan.tv\/az\/?s={search_term_string}"},"query-input":{"@type":"PropertyValueSpecification","valueRequired":true,"valueName":"search_term_string"}}],"inLanguage":"az"},{"@type":"Organization","@id":"https:\/\/www.meydan.tv\/az\/#organization","name":"Meydan TV","url":"https:\/\/www.meydan.tv\/az\/","logo":{"@type":"ImageObject","inLanguage":"az","@id":"https:\/\/www.meydan.tv\/az\/#\/schema\/logo\/image\/","url":"https:\/\/www.meydan.tv\/wp-content\/uploads\/2021\/07\/meydan-logo.svg","contentUrl":"https:\/\/www.meydan.tv\/wp-content\/uploads\/2021\/07\/meydan-logo.svg","width":195,"height":46,"caption":"Meydan TV"},"image":{"@id":"https:\/\/www.meydan.tv\/az\/#\/schema\/logo\/image\/"}},{"@type":"Person","@id":"https:\/\/www.meydan.tv\/az\/#\/schema\/person\/9cdbecf90d17180ce1dfbd95b08dcf47","name":"elli","sameAs":["https:\/\/x.com\/elli"]}]}},"_links":{"self":[{"href":"https:\/\/www.meydan.tv\/az\/wp-json\/wp\/v2\/posts\/255061","targetHints":{"allow":["GET"]}}],"collection":[{"href":"https:\/\/www.meydan.tv\/az\/wp-json\/wp\/v2\/posts"}],"about":[{"href":"https:\/\/www.meydan.tv\/az\/wp-json\/wp\/v2\/types\/post"}],"author":[{"embeddable":true,"href":"https:\/\/www.meydan.tv\/az\/wp-json\/wp\/v2\/users\/8"}],"replies":[{"embeddable":true,"href":"https:\/\/www.meydan.tv\/az\/wp-json\/wp\/v2\/comments?post=255061"}],"version-history":[{"count":1,"href":"https:\/\/www.meydan.tv\/az\/wp-json\/wp\/v2\/posts\/255061\/revisions"}],"predecessor-version":[{"id":255062,"href":"https:\/\/www.meydan.tv\/az\/wp-json\/wp\/v2\/posts\/255061\/revisions\/255062"}],"wp:featuredmedia":[{"embeddable":true,"href":"https:\/\/www.meydan.tv\/az\/wp-json\/wp\/v2\/media\/255058"}],"wp:attachment":[{"href":"https:\/\/www.meydan.tv\/az\/wp-json\/wp\/v2\/media?parent=255061"}],"wp:term":[{"taxonomy":"category","embeddable":true,"href":"https:\/\/www.meydan.tv\/az\/wp-json\/wp\/v2\/categories?post=255061"},{"taxonomy":"post_tag","embeddable":true,"href":"https:\/\/www.meydan.tv\/az\/wp-json\/wp\/v2\/tags?post=255061"}],"curies":[{"name":"wp","href":"https:\/\/api.w.org\/{rel}","templated":true}]}}