{"id":254988,"date":"2022-09-06T16:34:02","date_gmt":"2022-09-06T12:34:02","guid":{"rendered":"https:\/\/www.meydan.tv\/?p=254988"},"modified":"2022-09-06T16:34:09","modified_gmt":"2022-09-06T12:34:09","slug":"hem-mektebli-geyimi-mecburi-deyil-deyirler-hem-de-sekil-gonderirler-ki-mutleq-alin","status":"publish","type":"post","link":"https:\/\/www.meydan.tv\/az\/article\/hem-mektebli-geyimi-mecburi-deyil-deyirler-hem-de-sekil-gonderirler-ki-mutleq-alin\/","title":{"rendered":"\u201cH\u0259m &#8220;m\u0259kt\u0259bli geyimi m\u0259cburi deyil\u201d deyirl\u0259r, h\u0259m d\u0259 \u015f\u0259kil g\u00f6nd\u0259rirl\u0259r ki, m\u00fctl\u0259q al\u0131n\u201d"},"content":{"rendered":"\n<p><\/p>\n\n\n\n<p><em>G\u00f6y\u00e7ayl\u0131lar\u0131n m\u0259kt\u0259bli bazarl\u0131\u011f\u0131<\/em><\/p>\n\n\n\n<p>Yeni t\u0259dris ilinin ba\u015flanmas\u0131na say\u0131l\u0131 g\u00fcnl\u0259r qal\u0131b. Meydan TV \u0259m\u0259kda\u015f\u0131 G\u00f6y\u00e7ayda v\u0259ziyy\u0259tl\u0259 tan\u0131\u015f olmaq \u00fc\u00e7\u00fcn m\u0259kt\u0259b geyiml\u0259ri v\u0259 l\u0259vazimatlar\u0131n\u0131n sat\u0131ld\u0131\u011f\u0131 m\u0259kanlara ba\u015f \u00e7\u0259kib.<\/p>\n\n\n\n<p>\u0130lk diqq\u0259t\u00e7\u0259k\u0259n al\u0131c\u0131 say\u0131n\u0131n azl\u0131\u011f\u0131 olub, sat\u0131c\u0131lar is\u0259 Bak\u0131dan g\u0259tirib t\u00f6kd\u00fcy\u00fc mallar\u0131n al\u0131nmamas\u0131n\u0131n narahatl\u0131\u011f\u0131n\u0131 ya\u015fay\u0131rlar.<\/p>\n\n\n\n<figure class=\"wp-block-image size-large\"><img decoding=\"async\" width=\"1200\" height=\"730\" data-src=\"https:\/\/www.meydan.tv\/wp-content\/uploads\/2dcfce7e-a429-4e77-ac10-aca6002169d2-1200x730.jpg\" alt=\"\" class=\"wp-image-255011 lazyload\" src=\"data:image\/svg+xml;base64,PHN2ZyB3aWR0aD0iMSIgaGVpZ2h0PSIxIiB4bWxucz0iaHR0cDovL3d3dy53My5vcmcvMjAwMC9zdmciPjwvc3ZnPg==\" style=\"--smush-placeholder-width: 1200px; --smush-placeholder-aspect-ratio: 1200\/730;\" \/><\/figure>\n\n\n\n<p><strong>\u201cH\u0259l\u0259 m\u0259kt\u0259bli l\u0259vazimatlar\u0131n\u0131 ala bilm\u0259mi\u015f\u0259m\u201d<\/strong><\/p>\n\n\n\n<p>Al\u0131c\u0131 \u018fmin\u0259 H\u0259\u015fimova bir q\u0131z anas\u0131d\u0131r. \u00dcr\u0259k x\u0259st\u0259liyind\u0259n \u0259ziyy\u0259t \u00e7\u0259k\u0259n \u00f6vlad\u0131na h\u0259r ay qan vurdurur. Deyir ki, \u00f6t\u0259n il pay\u0131zl\u0131q, q\u0131\u015fl\u0131q d\u0259st geyimini 350 manata alsa da, bu il m\u0259cburiyy\u0259t \u00fcz\u00fcnd\u0259n yenid\u0259n bazara ba\u015f \u00e7\u0259kib:<\/p>\n\n\n\n<p>&#8220;\u0130ndi u\u015fa\u011f\u0131n m\u00fc\u0259llimi yeni forman\u0131n \u015f\u0259klini g\u00f6nd\u0259rib ki, bunu al\u0131n. O forman\u0131n \u0259t\u0259kl\u0259, k\u00f6yn\u0259yi 50 manatd\u0131r. \u00dc\u00e7d\u00fcym\u0259 k\u00f6yn\u0259k olmal\u0131d\u0131r. H\u0259m &#8220;m\u0259kt\u0259bli geyimi m\u0259cburi deyil\u201d deyirl\u0259r, h\u0259m d\u0259 \u015f\u0259kil g\u00f6nd\u0259rirl\u0259r ki, m\u00fctl\u0259q al\u0131n. G\u00fcc\u00fcm \u00e7atm\u0131r, kiray\u0259d\u0259 qal\u0131ram, u\u015fa\u011f\u0131n m\u00fcalic\u0259si, dig\u0259r x\u0259rcl\u0259ri var. Onu nec\u0259 al\u0131m? H\u0259l\u0259 m\u0259kt\u0259bli l\u0259vazimatlar\u0131n\u0131 ala bilm\u0259mi\u015f\u0259m. \u0130ndi g\u0259lmi\u015f\u0259m bu ma\u011fazaya ki, \u0259t\u0259k, k\u00f6yn\u0259k, ayaqqab\u0131, corab, \u00e7anta, d\u0259ft\u0259r, q\u0259l\u0259m, g\u00fcnd\u0259lik v\u0259 dig\u0259rl\u0259rini nisy\u0259 g\u00f6t\u00fcr\u00fcm. Sonra hiss\u0259-hiss\u0259 \u00f6d\u0259y\u0259c\u0259m. Yoxsa n\u0259\u011fd ala bilmir\u0259m&#8221;.<\/p>\n\n\n\n<figure class=\"wp-block-image size-large\"><img decoding=\"async\" width=\"1200\" height=\"712\" data-src=\"https:\/\/www.meydan.tv\/wp-content\/uploads\/af5f370f-30cc-43e4-9fbb-ef82f52ea6f2-1200x712.jpg\" alt=\"\" class=\"wp-image-255007 lazyload\" src=\"data:image\/svg+xml;base64,PHN2ZyB3aWR0aD0iMSIgaGVpZ2h0PSIxIiB4bWxucz0iaHR0cDovL3d3dy53My5vcmcvMjAwMC9zdmciPjwvc3ZnPg==\" style=\"--smush-placeholder-width: 1200px; --smush-placeholder-aspect-ratio: 1200\/712;\" \/><\/figure>\n\n\n\n<p><strong>&#8220;\u0130st\u0259diyin\u0259 maddi g\u00fcc\u00fcm \u00e7atm\u0131r dey\u0259 a\u011flay\u0131r&#8221;<\/strong><\/p>\n\n\n\n<p>R\u0259smi statistikaya http:\/\/goychay-ih.gov.az\/az\/page\/15.html g\u00f6r\u0259, G\u00f6y\u00e7ay rayonu \u00fczr\u0259 bu il \u00fcmumilikd\u0259 56 \u00fcmumt\u0259hsil m\u0259kt\u0259bind\u0259 17 min\u0259 yax\u0131n \u015fagird t\u0259hsil alacaq. \u018fn \u00e7ox k\u0259nd m\u0259kt\u0259bl\u0259rinin pay\u0131na d\u00fc\u015f\u0259n bu r\u0259q\u0259min maddi y\u00fck\u00fcn\u00fc d\u0259 k\u0259ndlil\u0259r \u00e7\u0259k\u0259c\u0259k. Ail\u0259d\u0259 m\u0259kt\u0259b\u0259 yollanan u\u015faqlar\u0131n say\u0131 da bu maddi y\u00fck\u00fc ikiqat ed\u0259c\u0259k.U\u015faqlar yax\u015f\u0131s\u0131n\u0131, valideynl\u0259r cib\u0259 m\u00fcnasibini axtar\u0131r.<\/p>\n\n\n\n<p>K\u0259nd sakini T\u0259ran\u0259 \u018flizad\u0259 bu il m\u0259kt\u0259b\u0259 5 n\u0259v\u0259 yola salacaq. Deyir ki, h\u0259r il \u00fcmumi x\u0259rci 700-800 manatdan a\u015fa\u011f\u0131 olmur. Keyfiyy\u0259tsiz mal ucuz, keyfiyy\u0259tlisi is\u0259 cibd\u0259kind\u0259n bahal\u0131d\u0131r:<\/p>\n\n\n\n<p>&#8220;U\u015faqlar\u0131 da g\u0259tiririk. Ham\u0131s\u0131 da ibtidai sinifdir. U\u015faq bax\u0131r, \u0259l uzad\u0131r. \u0130st\u0259diyin\u0259 maddi g\u00fcc \u00e7atm\u0131r, a\u011flay\u0131r. El\u0259 s\u00fcr\u00fcy\u00fcb \u00e7\u0131xar\u0131r\u0131q bazardan. O\u011flan n\u0259v\u0259l\u0259rim\u0259 yar\u0131 na\u011fd\u0131, yar\u0131 nisy\u0259 g\u00f6t\u00fcrm\u00fc\u015f\u0259m. Ancaq q\u0131z n\u0259v\u0259l\u0259rim\u0259 50 manat d\u00fcz\u0259ldib iki \u00e7anta g\u00f6t\u00fcrm\u00fc\u015f\u0259m. 10-12 manata h\u0259r birin\u0259 bir \u0259d\u0259d kalqotka ald\u0131m. Sintetik o da, pamb\u0131qdan olan\u0131 demir\u0259m he\u00e7. Keyfiyy\u0259tli \u00e7anta 35-50 manatad\u0131r. H\u0259l\u0259 dig\u0259r l\u0259vazimatlar\u0131n\u0131 demir\u0259m. \u00d6t\u0259n il manat yar\u0131ma ald\u0131\u011f\u0131m bant\u0131 indi 3-5 manata al\u0131ram. K\u0259ndlinin i\u015fi yox, \u0259kini su \u00fcz\u00fcnd\u0259n bat\u0131r, qiym\u0259t\u0259 getmir, ancaq h\u0259r \u015fey od bahas\u0131na sat\u0131l\u0131r. G\u0259l, indi be\u015f u\u015fa\u011f\u0131 m\u0259kt\u0259b\u0259 yola sal&#8221;.<\/p>\n\n\n\n<figure class=\"wp-block-image size-large\"><img decoding=\"async\" width=\"1200\" height=\"716\" data-src=\"https:\/\/www.meydan.tv\/wp-content\/uploads\/b9ccb507-6c61-43ee-9471-51928d5fbb51-1200x716.jpg\" alt=\"\" class=\"wp-image-255004 lazyload\" src=\"data:image\/svg+xml;base64,PHN2ZyB3aWR0aD0iMSIgaGVpZ2h0PSIxIiB4bWxucz0iaHR0cDovL3d3dy53My5vcmcvMjAwMC9zdmciPjwvc3ZnPg==\" style=\"--smush-placeholder-width: 1200px; --smush-placeholder-aspect-ratio: 1200\/716;\" \/><\/figure>\n\n\n\n<p><strong>Al\u0131c\u0131l\u0131q qabiliyy\u0259ti z\u0259ifdir<\/strong><\/p>\n\n\n\n<p>Sat\u0131c\u0131lar deyir ki, \u00f6t\u0259n ill\u0259 m\u00fcqayis\u0259d\u0259 m\u0259kt\u0259bli geyiml\u0259rind\u0259, \u00e7anta v\u0259 ayaqqab\u0131larda 5 manatdan 15 manatad\u0259k, dig\u0259r i\u00e7 geyiml\u0259rd\u0259 3-4 manat, el\u0259c\u0259 d\u0259 d\u0259ft\u0259r, q\u0259l\u0259m, karanda\u015f v\u0259 g\u00fcnd\u0259likl\u0259rd\u0259 30-50 q\u0259pikd\u0259n art\u0131q art\u0131m var. Odur ki, al\u0131c\u0131l\u0131q qabiliyy\u0259ti z\u0259ifdir. Sat\u0131c\u0131lar bu il ucuz mallara \u00fcst\u00fcnl\u00fck vers\u0259 bel\u0259, al\u0131c\u0131n\u0131n maddi g\u00fccs\u00fczl\u00fcy\u00fc onlar\u0131 da \u00e7\u0131x\u0131lmaz duruma sal\u0131b. Deyirl\u0259r, g\u0259tirdikl\u0259ri mallar\u0131 n\u0259 sata, n\u0259 qaytara bilirl\u0259r.<\/p>\n\n\n\n<p>Sat\u0131c\u0131 Ai\u015f\u0259 \u0130sm\u0259tova on ildir ki, t\u0259z\u0259 bazarda \u00e7al\u0131\u015f\u0131r. Deyir, h\u0259r il olan aktivliyi bu il g\u00f6rm\u00fcr. Onun s\u00f6zl\u0259rin\u0259 g\u00f6r\u0259, \u00f6t\u0259n ilin bu vaxt\u0131 g\u00fcn\u0259 20-30 al\u0131c\u0131 ondan 300-400 manatl\u0131q al\u0131\u015f-veri\u015fi edirdis\u0259, indi he\u00e7 60-70 manat sat\u0131\u015f etmir. \u00d6z\u00fc d\u0259 bunu imkans\u0131z durum v\u0259 artan qiym\u0259tl\u0259rl\u0259 \u0259laq\u0259l\u0259ndirir:<\/p>\n\n\n\n<p>\u201c40 v\u0259r\u0259qlik, 30 q\u0259piklik d\u0259ft\u0259rl\u0259r olub 50 q\u0259pik, 100 v\u0259r\u0259qlik, 80 q\u0259piklik d\u0259ft\u0259rl\u0259r olub 1 manat 20 q\u0259pik. Be\u015f q\u0259piklik sad\u0259 ya\u015f\u0131l d\u0259ft\u0259rl\u0259r olub 15 q\u0259pik. Plastilinl\u0259r d\u0259 qalx\u0131b olub 2 manat. 70-80 q\u0259piklik q\u0259l\u0259ml\u0259ri indi 1 manat 50 q\u0259piy\u0259 sat\u0131r\u0131q. 1 manat 50 q\u0259piklik g\u00fcnd\u0259lik indi olub iki manat. R\u0259sm albomlar\u0131 da o qiym\u0259t\u0259. \u018fvv\u0259l bir manat idi. M\u0259kt\u0259bli \u00e7antalar\u0131n\u0131 \u0259vv\u0259l al\u0131rd\u0131q 9-10 manata, indi 15-20 manata. \u00dcst\u00fcn\u0259 qoyub satanda deyirl\u0259r \u201cbahad\u0131r\u201d. Ax\u0131 yerind\u0259 d\u0259 baha sat\u0131l\u0131r. Bu g\u00fcn 4-5 n\u0259f\u0259r g\u0259lib, al\u0131\u015f- veri\u015f 30 manatl\u0131q olub. \u0130nsanlarda da pul yoxdur, imkans\u0131zl\u0131qdan alver h\u0259dsiz z\u0259ifdir&#8221;.<\/p>\n\n\n\n<p>Sat\u0131c\u0131 Cavid \u018fhm\u0259dov deyir ki, bahal\u0131 geyiml\u0259ri deyil, m\u00fcnasib qiym\u0259t\u0259 olan\u0131 sat\u0131r ki, k\u0259ndlil\u0259r \u00fc\u00e7\u00fcn d\u0259 \u0259l\u00e7atan olsun. Amma builki al\u0131\u015f &#8211; veri\u015f onu da m\u0259yus edir:<\/p>\n\n\n\n<figure class=\"wp-block-image size-large\"><img decoding=\"async\" width=\"1200\" height=\"716\" data-src=\"https:\/\/www.meydan.tv\/wp-content\/uploads\/25f00dfa-a3d5-4d45-bcb4-d68b9212bf7c-1200x716.jpg\" alt=\"\" class=\"wp-image-255001 lazyload\" src=\"data:image\/svg+xml;base64,PHN2ZyB3aWR0aD0iMSIgaGVpZ2h0PSIxIiB4bWxucz0iaHR0cDovL3d3dy53My5vcmcvMjAwMC9zdmciPjwvc3ZnPg==\" style=\"--smush-placeholder-width: 1200px; --smush-placeholder-aspect-ratio: 1200\/716;\" \/><\/figure>\n\n\n\n<p>&#8220;Al\u0131cl\u0131q qabiliyy\u0259ti pis durumdad\u0131r. Bel\u0259 t\u0259s\u0259vv\u00fcr etmirdim. K\u0259ndlil\u0259r lap pis v\u0259ziyy\u0259td\u0259dir. \u00c7\u00fcnki onlar\u0131n m\u0259hsulu yax\u015f\u0131 olanda, g\u0259lib al\u0131\u015f- veri\u015f edirl\u0259r. H\u0259l\u0259 bu bazarda m\u0259kt\u0259bli mallar\u0131n\u0131 \u0259n ucuz satan m\u0259n\u0259m. M\u0259kt\u0259blil\u0259r \u00fc\u00e7\u00fcn idman ayaqqab\u0131s\u0131 13 manatdan 25 manatad\u0259kdir. \u00d6t\u0259n il is\u0259 \u0259n ucuzunu 20-25 manata sat\u0131rd\u0131m. Ald\u0131\u011f\u0131m\u0131z mal qal\u0131b \u00fcst\u00fcm\u00fczd\u0259 .\u00d6t\u0259n ilin sentyabr\u0131nda g\u00fcn\u0259 200 manatl\u0131q alver edirdim. \u0130ndi iki-\u00fc\u00e7 g\u00fcn\u0259 100 manat satsam, sevin\u0259r\u0259m&#8221;.<\/p>\n\n\n\n<p>&#8220;<strong>Ana 35 manata \u00e7anta ald\u0131 nisy\u0259, a\u011flad\u0131 h\u00f6nk\u00fcrt\u00fc il\u0259&#8221;<\/strong><\/p>\n\n\n\n<p>Yeni bazara nisb\u0259t\u0259n k\u00f6hn\u0259 bazarda qiym\u0259tl\u0259r m\u00fcnasibdir, ancaq keyfiyy\u0259t\u0259 t\u0259minat yoxdur.<\/p>\n\n\n\n<p>L\u0259tif\u0259 adl\u0131 sat\u0131c\u0131 deyir ki, pi\u015ftaxtaya yax\u0131nla\u015fanlar qiym\u0259ti e\u015fitdikd\u0259n sonra yox olur. M\u0259cbur qal\u0131b geyiml\u0259ri nisy\u0259 verir:<\/p>\n\n\n\n<p>&#8221; \u00d6t\u0259n il g\u00fcn\u0259 30-50 manatl\u0131q alver edirdim. \u0130ndi is\u0259 baxan \u00e7ox, alan yox. 5-10 manatl\u0131q mal satanda \u015f\u00fck\u00fcr edir\u0259m. \u00d6t\u0259n il bir g\u00fcnd\u0259 3 d\u0259st sat\u0131rd\u0131m. \u0130ndi \u00fc\u00e7 d\u0259stim var, g\u00fcnl\u0259rdir alan yoxdur. Yerind\u0259n 25 manata alm\u0131\u015fam. 28-30 manat deyir\u0259m, alan yoxdur. Bir g\u00fcnd\u0259 on corab, kalqotka sat\u0131rd\u0131m. \u0130ndi ikisini \u00fc\u00e7 g\u00fcn\u0259 sata bilmir\u0259m. Ucuz geyiml\u0259r, m\u0259kt\u0259bli l\u0259vazimatlar\u0131 da tullant\u0131d\u0131r. Al\u0131r, tez s\u0131radan \u00e7\u0131x\u0131r. Bahan\u0131 da almaq olmur. Ana 35 manata nisy\u0259 \u00e7anta ald\u0131, h\u00f6nk\u00fcrt\u00fc il\u0259 a\u011flad\u0131. M\u0259cbur\u0259n nisy\u0259 veririk. U\u015faq m\u0259kt\u0259b\u0259 getm\u0259lidir, neyl\u0259y\u0259k?&#8221;<\/p>\n\n\n\n<p>Dig\u0259r sat\u0131c\u0131 X\u0259qani \u015eix\u0259liyev deyir ki, bir m\u0259kt\u0259bliy\u0259 orta qiym\u0259tl\u0259 150-200 manat x\u0259rc \u00e7\u0131x\u0131r. \u00c7\u00fcnki t\u0259k qara \u015falvar, a\u011f k\u00f6yn\u0259k v\u0259 ayaqqab\u0131 50-60 manat edir. Onu da ucuz al\u0131\u015f-veri\u015f yerl\u0259rind\u0259n alsalar:<\/p>\n\n\n\n<figure class=\"wp-block-image size-large\"><img decoding=\"async\" width=\"1200\" height=\"715\" data-src=\"https:\/\/www.meydan.tv\/wp-content\/uploads\/4cd510b4-5c99-4fe6-a401-1652279f8c3e-1200x715.jpg\" alt=\"\" class=\"wp-image-254998 lazyload\" src=\"data:image\/svg+xml;base64,PHN2ZyB3aWR0aD0iMSIgaGVpZ2h0PSIxIiB4bWxucz0iaHR0cDovL3d3dy53My5vcmcvMjAwMC9zdmciPjwvc3ZnPg==\" style=\"--smush-placeholder-width: 1200px; --smush-placeholder-aspect-ratio: 1200\/715;\" \/><\/figure>\n\n\n\n<p>\u201c40-50 manatl\u0131q \u00e7antan\u0131 \u015f\u0259h\u0259rd\u0259 t\u0259k-t\u00fck adam al\u0131r. Daha \u00e7ox 12-15 manatl\u0131\u011fa \u00fcst\u00fcnl\u00fck verilir. \u00d6t\u0259n il g\u00fcn\u0259 100 al\u0131c\u0131 yola sal\u0131rd\u0131m, qiym\u0259t\u0259 g\u00f6r\u0259 \u00e7ox s\u00f6vd\u0259l\u0259\u015fm\u0259 olmurdu. \u0130ndi 10 m\u00fc\u015ft\u0259ri olur, onunla da ya nisy\u0259, ya da a\u015fa\u011f\u0131 qiym\u0259tl\u0259 raz\u0131la\u015f\u0131r\u0131q. Kas\u0131b, tan\u0131d\u0131\u011f\u0131m adamlara nisy\u0259 verir\u0259m. H\u0259l\u0259 \u0259n ucuz ayaqqab\u0131 m\u0259nd\u0259 olur, 8-10 manata sat\u0131ram. Ancaq 25 manatl\u0131\u011f\u0131n keyfiyy\u0259ti bunlarda yoxdu. 7-8 manata g\u00f6d\u0259k\u00e7\u0259 sat\u0131ram. O g\u00fcn \u00f6t\u0259n ild\u0259n qalma \u00e7antan\u0131 on manata verdim. Mayas\u0131nda ziyana, kas\u0131b adam idi dey\u0259&#8221;.<\/p>\n\n\n\n<p><strong>&#8220;D\u00f6vl\u0259t u\u015faq pulu vermir, geyim formas\u0131 t\u0259l\u0259b edilir&#8221;<\/strong><\/p>\n\n\n\n<p>\u0130\u015fsizlik, ya da g\u0259lirin azl\u0131\u011f\u0131 valideynl\u0259ri ilin bu m\u00f6vs\u00fcm\u00fcnd\u0259 pis v\u0259ziyy\u0259t\u0259 sal\u0131r. Ya\u015fl\u0131 al\u0131c\u0131 \u018fli M\u00fcrs\u0259lov deyir ki, bu il ail\u0259sind\u0259n 6 n\u0259v\u0259sini m\u0259kt\u0259b\u0259 yola salacaq. He\u00e7 n\u0259 almay\u0131b, pensiyas\u0131n\u0131 g\u00f6zl\u0259yir:<\/p>\n\n\n\n<p>&#8221; Valideynl\u0259ri i\u015fsizdir, bax\u0131ram qiym\u0259tl\u0259r\u0259, t\u0259k \u0259l\u00e7atan corabd\u0131r &#8211; 50 q\u0259pik. Dig\u0259rl\u0259ri od tutub yan\u0131r. Alt\u0131 n\u0259v\u0259y\u0259 \u0259n vacibini se\u00e7s\u0259k, 400-500 manat x\u0259rc ed\u0259c\u0259k. He\u00e7 o da el\u0259mir. Pensiyan\u0131 g\u00f6zl\u0259yir\u0259m ki, g\u0259lib al\u0131m. U\u015faqpulu olsa, \u00f6z puluna geyimi al\u0131nar, bu da k\u00f6m\u0259k olar. D\u00f6vl\u0259t u\u015faq pulu vermir, geyim formas\u0131 t\u0259l\u0259b edilir. M\u00fc\u0259llim d\u0259 forman\u0131 g\u00f6nd\u0259rib ki, bunu al\u0131n. Nec\u0259 alaq?&#8221;<\/p>\n\n\n\n<figure class=\"wp-block-image size-large\"><img decoding=\"async\" width=\"1200\" height=\"719\" data-src=\"https:\/\/www.meydan.tv\/wp-content\/uploads\/3ff506fe-5ab1-490b-9b27-25a72d399127-1200x719.jpg\" alt=\"\" class=\"wp-image-254995 lazyload\" src=\"data:image\/svg+xml;base64,PHN2ZyB3aWR0aD0iMSIgaGVpZ2h0PSIxIiB4bWxucz0iaHR0cDovL3d3dy53My5vcmcvMjAwMC9zdmciPjwvc3ZnPg==\" style=\"--smush-placeholder-width: 1200px; --smush-placeholder-aspect-ratio: 1200\/719;\" \/><\/figure>\n\n\n\n<p>Bir \u00e7ox valideyn is\u0259 m\u0259kt\u0259bl\u0259rin q\u0259rar\u0131n\u0131 g\u00f6zl\u0259yir dey\u0259 al\u0131\u015f-veri\u015f\u0259 t\u0259l\u0259smir. \u00c7\u00fcnki al\u0131b da maddi ziyan etm\u0259k ist\u0259mir. \u018fvv\u0259lki ill\u0259rin geyimi d\u0259 yararl\u0131 ola bil\u0259r dey\u0259 d\u00fc\u015f\u00fcn\u00fcrl\u0259r.<\/p>\n\n\n\n<p><strong>&#8220;M\u0259kt\u0259bl\u0259r bel\u0259 \u00f6z formas\u0131n\u0131 se\u00e7\u0259 bil\u0259r, k\u00f6n\u00fcll\u00fcd\u00fcr&#8221;<\/strong><\/p>\n\n\n\n<p>\u201cD\u00f6vl\u0259t \u00fcmumit\u0259hsil m\u00fc\u0259ssis\u0259sind\u0259 t\u0259hsil alanlar\u0131n geyim formalar\u0131n\u0131n t\u0259svirl\u0259ri\u201d t\u0259sdiq edilib. Bunun 2022-2023-c\u00fc t\u0259dris ilind\u0259n t\u0259tbiq edil\u0259c\u0259yi bildirils\u0259 d\u0259, sonradan t\u0259hsil naziri Emin \u018fmrullayev bildirdi ki, bu, \u0259halinin sosial v\u0259ziyy\u0259ti n\u0259z\u0259r\u0259 al\u0131naraq t\u0259dric\u0259n t\u0259tbiq edil\u0259c\u0259k.<\/p>\n\n\n\n<p>G\u00f6y\u00e7ay Rayon T\u0259hsil \u015e\u00f6b\u0259sinin r\u0259isi Rahib Burcal\u0131yev Meydan TV-y\u0259 a\u00e7\u0131qlamas\u0131nda bildirib ki, geyim formalar\u0131 il\u0259 ba\u011fl\u0131 \u00fcmumi m\u00fczakir\u0259l\u0259r apar\u0131l\u0131r, yekdil q\u0259rar yoxdur. Ancaq m\u0259kt\u0259blil\u0259r\u0259 m\u0259cburiyy\u0259t yolverilm\u0259zdir:<\/p>\n\n\n\n<figure class=\"wp-block-image size-large\"><img decoding=\"async\" width=\"1200\" height=\"717\" data-src=\"https:\/\/www.meydan.tv\/wp-content\/uploads\/ee3b5591-9102-44f3-8acb-1f3dd75233d5-1200x717.jpg\" alt=\"\" class=\"wp-image-254989 lazyload\" src=\"data:image\/svg+xml;base64,PHN2ZyB3aWR0aD0iMSIgaGVpZ2h0PSIxIiB4bWxucz0iaHR0cDovL3d3dy53My5vcmcvMjAwMC9zdmciPjwvc3ZnPg==\" style=\"--smush-placeholder-width: 1200px; --smush-placeholder-aspect-ratio: 1200\/717;\" \/><\/figure>\n\n\n\n<p>&#8220;M\u0259rk\u0259zi Aran Regional T\u0259hsil \u0130dar\u0259si t\u0259r\u0259find\u0259n yeddi rayon \u00fczr\u0259 geyiml\u0259rl\u0259 ba\u011fl\u0131 onlayn m\u00fczakir\u0259 aparm\u0131\u015f\u0131q. H\u0259l\u0259 tam yekdil q\u0259rar yoxdur. D\u00fczd\u00fcr, t\u0259klifl\u0259r var ki, m\u0259kt\u0259bl\u0259rin \u00f6z\u00fcn\u00fcn m\u00fc\u0259yy\u0259n geyim formas\u0131 olsun, ya da h\u0259r rayonun \u00f6z geyim formas\u0131 olsun. Sentyabr\u0131n 10-da yenid\u0259n \u00fcmumi m\u00fczakir\u0259 edib yekdil q\u0259rara g\u0259l\u0259c\u0259yik. Amma burda se\u00e7im azadd\u0131r. M\u0259kt\u0259bl\u0259r bel\u0259 \u00f6z formas\u0131n se\u00e7\u0259 bil\u0259r. K\u00f6n\u00fcll\u00fcd\u00fcr. D\u00fczd\u00fcr m\u0259kt\u0259bl\u0259r d\u0259 bizd\u0259n soru\u015fur, \u00f6z b\u0259y\u0259nib se\u00e7dikl\u0259rini d\u0259 deyir, ancaq yekdil q\u0259rar olmad\u0131\u011f\u0131ndan onlara da he\u00e7 n\u0259 dey\u0259 bilm\u0259mi\u015fik. Geyim tam s\u0259rb\u0259stdir. T\u0259hsil nazirinin \u00f6z fikri d\u0259 bu oldu ki, m\u0259kt\u0259bli geyimi m\u0259cburi olmayacaq&#8221;.<\/p>\n","protected":false},"excerpt":{"rendered":"<p>G\u00f6y\u00e7ayl\u0131lar\u0131n m\u0259kt\u0259bli bazarl\u0131\u011f\u0131 Yeni t\u0259dris ilinin ba\u015flanmas\u0131na say\u0131l\u0131 g\u00fcnl\u0259r qal\u0131b. &#8230; <\/p>\n<p class=\"read-more-container\"><a title=\"\u201cH\u0259m &#8220;m\u0259kt\u0259bli geyimi m\u0259cburi deyil\u201d deyirl\u0259r, h\u0259m d\u0259 \u015f\u0259kil g\u00f6nd\u0259rirl\u0259r ki, m\u00fctl\u0259q al\u0131n\u201d\" class=\"read-more button\" href=\"https:\/\/www.meydan.tv\/az\/article\/hem-mektebli-geyimi-mecburi-deyil-deyirler-hem-de-sekil-gonderirler-ki-mutleq-alin\/#more-254988\" aria-label=\"Read more about \u201cH\u0259m &#8220;m\u0259kt\u0259bli geyimi m\u0259cburi deyil\u201d deyirl\u0259r, h\u0259m d\u0259 \u015f\u0259kil g\u00f6nd\u0259rirl\u0259r ki, m\u00fctl\u0259q al\u0131n\u201d\">Davam\u0131<\/a><\/p>\n","protected":false},"author":8,"featured_media":254992,"comment_status":"closed","ping_status":"closed","sticky":false,"template":"","format":"standard","meta":{"_acf_changed":false,"_sitemap_exclude":false,"_sitemap_priority":"","_sitemap_frequency":"","footnotes":""},"categories":[60,79,56],"tags":[],"class_list":["post-254988","post","type-post","status-publish","format-standard","has-post-thumbnail","hentry","category-bolge","category-featured","category-xeberler","infinite-scroll-item","generate-columns","tablet-grid-50","mobile-grid-100","grid-parent","grid-33","no-featured-image-padding"],"acf":[],"yoast_head":"<!-- This site is optimized with the Yoast SEO plugin v27.5 - https:\/\/yoast.com\/product\/yoast-seo-wordpress\/ -->\n<title>\u201cH\u0259m &quot;m\u0259kt\u0259bli geyimi m\u0259cburi deyil\u201d deyirl\u0259r, h\u0259m d\u0259 \u015f\u0259kil g\u00f6nd\u0259rirl\u0259r ki, m\u00fctl\u0259q al\u0131n\u201d - MEYDAN.TV<\/title>\n<meta name=\"robots\" content=\"index, follow, max-snippet:-1, max-image-preview:large, max-video-preview:-1\" \/>\n<link rel=\"canonical\" href=\"https:\/\/www.meydan.tv\/az\/article\/hem-mektebli-geyimi-mecburi-deyil-deyirler-hem-de-sekil-gonderirler-ki-mutleq-alin\/\" \/>\n<meta property=\"og:locale\" content=\"az_AZ\" \/>\n<meta property=\"og:type\" content=\"article\" \/>\n<meta property=\"og:title\" content=\"\u201cH\u0259m &quot;m\u0259kt\u0259bli geyimi m\u0259cburi deyil\u201d deyirl\u0259r, h\u0259m d\u0259 \u015f\u0259kil g\u00f6nd\u0259rirl\u0259r ki, m\u00fctl\u0259q al\u0131n\u201d - MEYDAN.TV\" \/>\n<meta property=\"og:description\" content=\"G\u00f6y\u00e7ayl\u0131lar\u0131n m\u0259kt\u0259bli bazarl\u0131\u011f\u0131 Yeni t\u0259dris ilinin ba\u015flanmas\u0131na say\u0131l\u0131 g\u00fcnl\u0259r qal\u0131b. ... Davam\u0131\" \/>\n<meta property=\"og:url\" content=\"https:\/\/www.meydan.tv\/az\/article\/hem-mektebli-geyimi-mecburi-deyil-deyirler-hem-de-sekil-gonderirler-ki-mutleq-alin\/\" \/>\n<meta property=\"og:site_name\" content=\"MEYDAN.TV\" \/>\n<meta property=\"article:published_time\" content=\"2022-09-06T12:34:02+00:00\" \/>\n<meta property=\"article:modified_time\" content=\"2022-09-06T12:34:09+00:00\" \/>\n<meta property=\"og:image\" content=\"https:\/\/www.meydan.tv\/wp-content\/uploads\/7cdb36c7-b653-488f-83f8-10ac8736ac1b.jpg\" \/>\n\t<meta property=\"og:image:width\" content=\"1280\" \/>\n\t<meta property=\"og:image:height\" content=\"767\" \/>\n\t<meta property=\"og:image:type\" content=\"image\/jpeg\" \/>\n<meta name=\"author\" content=\"elli\" \/>\n<meta name=\"twitter:card\" content=\"summary_large_image\" \/>\n<meta name=\"twitter:creator\" content=\"@elli\" \/>\n<script type=\"application\/ld+json\" class=\"yoast-schema-graph\">{\"@context\":\"https:\\\/\\\/schema.org\",\"@graph\":[{\"@type\":\"Article\",\"@id\":\"https:\\\/\\\/www.meydan.tv\\\/az\\\/article\\\/hem-mektebli-geyimi-mecburi-deyil-deyirler-hem-de-sekil-gonderirler-ki-mutleq-alin\\\/#article\",\"isPartOf\":{\"@id\":\"https:\\\/\\\/www.meydan.tv\\\/az\\\/article\\\/hem-mektebli-geyimi-mecburi-deyil-deyirler-hem-de-sekil-gonderirler-ki-mutleq-alin\\\/\"},\"author\":{\"name\":\"elli\",\"@id\":\"https:\\\/\\\/www.meydan.tv\\\/az\\\/#\\\/schema\\\/person\\\/9cdbecf90d17180ce1dfbd95b08dcf47\"},\"headline\":\"\u201cH\u0259m &#8220;m\u0259kt\u0259bli geyimi m\u0259cburi deyil\u201d deyirl\u0259r, h\u0259m d\u0259 \u015f\u0259kil g\u00f6nd\u0259rirl\u0259r ki, m\u00fctl\u0259q al\u0131n\u201d\",\"datePublished\":\"2022-09-06T12:34:02+00:00\",\"dateModified\":\"2022-09-06T12:34:09+00:00\",\"mainEntityOfPage\":{\"@id\":\"https:\\\/\\\/www.meydan.tv\\\/az\\\/article\\\/hem-mektebli-geyimi-mecburi-deyil-deyirler-hem-de-sekil-gonderirler-ki-mutleq-alin\\\/\"},\"wordCount\":1908,\"publisher\":{\"@id\":\"https:\\\/\\\/www.meydan.tv\\\/az\\\/#organization\"},\"image\":{\"@id\":\"https:\\\/\\\/www.meydan.tv\\\/az\\\/article\\\/hem-mektebli-geyimi-mecburi-deyil-deyirler-hem-de-sekil-gonderirler-ki-mutleq-alin\\\/#primaryimage\"},\"thumbnailUrl\":\"https:\\\/\\\/www.meydan.tv\\\/wp-content\\\/uploads\\\/7cdb36c7-b653-488f-83f8-10ac8736ac1b.jpg\",\"articleSection\":[\"B\u00f6lg\u0259\",\"T\u00f6vsiy\u0259\",\"X\u0259b\u0259rl\u0259r\"],\"inLanguage\":\"az\"},{\"@type\":\"WebPage\",\"@id\":\"https:\\\/\\\/www.meydan.tv\\\/az\\\/article\\\/hem-mektebli-geyimi-mecburi-deyil-deyirler-hem-de-sekil-gonderirler-ki-mutleq-alin\\\/\",\"url\":\"https:\\\/\\\/www.meydan.tv\\\/az\\\/article\\\/hem-mektebli-geyimi-mecburi-deyil-deyirler-hem-de-sekil-gonderirler-ki-mutleq-alin\\\/\",\"name\":\"\u201cH\u0259m \\\"m\u0259kt\u0259bli geyimi m\u0259cburi deyil\u201d deyirl\u0259r, h\u0259m d\u0259 \u015f\u0259kil g\u00f6nd\u0259rirl\u0259r ki, m\u00fctl\u0259q al\u0131n\u201d - MEYDAN.TV\",\"isPartOf\":{\"@id\":\"https:\\\/\\\/www.meydan.tv\\\/az\\\/#website\"},\"primaryImageOfPage\":{\"@id\":\"https:\\\/\\\/www.meydan.tv\\\/az\\\/article\\\/hem-mektebli-geyimi-mecburi-deyil-deyirler-hem-de-sekil-gonderirler-ki-mutleq-alin\\\/#primaryimage\"},\"image\":{\"@id\":\"https:\\\/\\\/www.meydan.tv\\\/az\\\/article\\\/hem-mektebli-geyimi-mecburi-deyil-deyirler-hem-de-sekil-gonderirler-ki-mutleq-alin\\\/#primaryimage\"},\"thumbnailUrl\":\"https:\\\/\\\/www.meydan.tv\\\/wp-content\\\/uploads\\\/7cdb36c7-b653-488f-83f8-10ac8736ac1b.jpg\",\"datePublished\":\"2022-09-06T12:34:02+00:00\",\"dateModified\":\"2022-09-06T12:34:09+00:00\",\"breadcrumb\":{\"@id\":\"https:\\\/\\\/www.meydan.tv\\\/az\\\/article\\\/hem-mektebli-geyimi-mecburi-deyil-deyirler-hem-de-sekil-gonderirler-ki-mutleq-alin\\\/#breadcrumb\"},\"inLanguage\":\"az\",\"potentialAction\":[{\"@type\":\"ReadAction\",\"target\":[\"https:\\\/\\\/www.meydan.tv\\\/az\\\/article\\\/hem-mektebli-geyimi-mecburi-deyil-deyirler-hem-de-sekil-gonderirler-ki-mutleq-alin\\\/\"]}]},{\"@type\":\"ImageObject\",\"inLanguage\":\"az\",\"@id\":\"https:\\\/\\\/www.meydan.tv\\\/az\\\/article\\\/hem-mektebli-geyimi-mecburi-deyil-deyirler-hem-de-sekil-gonderirler-ki-mutleq-alin\\\/#primaryimage\",\"url\":\"https:\\\/\\\/www.meydan.tv\\\/wp-content\\\/uploads\\\/7cdb36c7-b653-488f-83f8-10ac8736ac1b.jpg\",\"contentUrl\":\"https:\\\/\\\/www.meydan.tv\\\/wp-content\\\/uploads\\\/7cdb36c7-b653-488f-83f8-10ac8736ac1b.jpg\",\"width\":1280,\"height\":767,\"caption\":\"Fotolar: Meydan TV\"},{\"@type\":\"BreadcrumbList\",\"@id\":\"https:\\\/\\\/www.meydan.tv\\\/az\\\/article\\\/hem-mektebli-geyimi-mecburi-deyil-deyirler-hem-de-sekil-gonderirler-ki-mutleq-alin\\\/#breadcrumb\",\"itemListElement\":[{\"@type\":\"ListItem\",\"position\":1,\"name\":\"Ana s\u0259hif\u0259\",\"item\":\"https:\\\/\\\/www.meydan.tv\\\/az\\\/\"},{\"@type\":\"ListItem\",\"position\":2,\"name\":\"B\u00f6lg\u0259\",\"item\":\"https:\\\/\\\/www.meydan.tv\\\/az\\\/section\\\/bolge\\\/\"},{\"@type\":\"ListItem\",\"position\":3,\"name\":\"\u201cH\u0259m &#8220;m\u0259kt\u0259bli geyimi m\u0259cburi deyil\u201d deyirl\u0259r, h\u0259m d\u0259 \u015f\u0259kil g\u00f6nd\u0259rirl\u0259r ki, m\u00fctl\u0259q al\u0131n\u201d\"}]},{\"@type\":\"WebSite\",\"@id\":\"https:\\\/\\\/www.meydan.tv\\\/az\\\/#website\",\"url\":\"https:\\\/\\\/www.meydan.tv\\\/az\\\/\",\"name\":\"MEYDAN.TV\",\"description\":\"Meydan TV Az\u0259rbaycan\u0131n media m\u0259kan\u0131ndak\u0131 alternativ s\u0259sidir\",\"publisher\":{\"@id\":\"https:\\\/\\\/www.meydan.tv\\\/az\\\/#organization\"},\"potentialAction\":[{\"@type\":\"SearchAction\",\"target\":{\"@type\":\"EntryPoint\",\"urlTemplate\":\"https:\\\/\\\/www.meydan.tv\\\/az\\\/?s={search_term_string}\"},\"query-input\":{\"@type\":\"PropertyValueSpecification\",\"valueRequired\":true,\"valueName\":\"search_term_string\"}}],\"inLanguage\":\"az\"},{\"@type\":\"Organization\",\"@id\":\"https:\\\/\\\/www.meydan.tv\\\/az\\\/#organization\",\"name\":\"Meydan TV\",\"url\":\"https:\\\/\\\/www.meydan.tv\\\/az\\\/\",\"logo\":{\"@type\":\"ImageObject\",\"inLanguage\":\"az\",\"@id\":\"https:\\\/\\\/www.meydan.tv\\\/az\\\/#\\\/schema\\\/logo\\\/image\\\/\",\"url\":\"https:\\\/\\\/www.meydan.tv\\\/wp-content\\\/uploads\\\/2021\\\/07\\\/meydan-logo.svg\",\"contentUrl\":\"https:\\\/\\\/www.meydan.tv\\\/wp-content\\\/uploads\\\/2021\\\/07\\\/meydan-logo.svg\",\"width\":195,\"height\":46,\"caption\":\"Meydan TV\"},\"image\":{\"@id\":\"https:\\\/\\\/www.meydan.tv\\\/az\\\/#\\\/schema\\\/logo\\\/image\\\/\"}},{\"@type\":\"Person\",\"@id\":\"https:\\\/\\\/www.meydan.tv\\\/az\\\/#\\\/schema\\\/person\\\/9cdbecf90d17180ce1dfbd95b08dcf47\",\"name\":\"elli\",\"sameAs\":[\"https:\\\/\\\/x.com\\\/elli\"]}]}<\/script>\n<!-- \/ Yoast SEO plugin. -->","yoast_head_json":{"title":"\u201cH\u0259m \"m\u0259kt\u0259bli geyimi m\u0259cburi deyil\u201d deyirl\u0259r, h\u0259m d\u0259 \u015f\u0259kil g\u00f6nd\u0259rirl\u0259r ki, m\u00fctl\u0259q al\u0131n\u201d - MEYDAN.TV","robots":{"index":"index","follow":"follow","max-snippet":"max-snippet:-1","max-image-preview":"max-image-preview:large","max-video-preview":"max-video-preview:-1"},"canonical":"https:\/\/www.meydan.tv\/az\/article\/hem-mektebli-geyimi-mecburi-deyil-deyirler-hem-de-sekil-gonderirler-ki-mutleq-alin\/","og_locale":"az_AZ","og_type":"article","og_title":"\u201cH\u0259m \"m\u0259kt\u0259bli geyimi m\u0259cburi deyil\u201d deyirl\u0259r, h\u0259m d\u0259 \u015f\u0259kil g\u00f6nd\u0259rirl\u0259r ki, m\u00fctl\u0259q al\u0131n\u201d - MEYDAN.TV","og_description":"G\u00f6y\u00e7ayl\u0131lar\u0131n m\u0259kt\u0259bli bazarl\u0131\u011f\u0131 Yeni t\u0259dris ilinin ba\u015flanmas\u0131na say\u0131l\u0131 g\u00fcnl\u0259r qal\u0131b. ... Davam\u0131","og_url":"https:\/\/www.meydan.tv\/az\/article\/hem-mektebli-geyimi-mecburi-deyil-deyirler-hem-de-sekil-gonderirler-ki-mutleq-alin\/","og_site_name":"MEYDAN.TV","article_published_time":"2022-09-06T12:34:02+00:00","article_modified_time":"2022-09-06T12:34:09+00:00","og_image":[{"width":1280,"height":767,"url":"https:\/\/www.meydan.tv\/wp-content\/uploads\/7cdb36c7-b653-488f-83f8-10ac8736ac1b.jpg","type":"image\/jpeg"}],"author":"elli","twitter_card":"summary_large_image","twitter_creator":"@elli","schema":{"@context":"https:\/\/schema.org","@graph":[{"@type":"Article","@id":"https:\/\/www.meydan.tv\/az\/article\/hem-mektebli-geyimi-mecburi-deyil-deyirler-hem-de-sekil-gonderirler-ki-mutleq-alin\/#article","isPartOf":{"@id":"https:\/\/www.meydan.tv\/az\/article\/hem-mektebli-geyimi-mecburi-deyil-deyirler-hem-de-sekil-gonderirler-ki-mutleq-alin\/"},"author":{"name":"elli","@id":"https:\/\/www.meydan.tv\/az\/#\/schema\/person\/9cdbecf90d17180ce1dfbd95b08dcf47"},"headline":"\u201cH\u0259m &#8220;m\u0259kt\u0259bli geyimi m\u0259cburi deyil\u201d deyirl\u0259r, h\u0259m d\u0259 \u015f\u0259kil g\u00f6nd\u0259rirl\u0259r ki, m\u00fctl\u0259q al\u0131n\u201d","datePublished":"2022-09-06T12:34:02+00:00","dateModified":"2022-09-06T12:34:09+00:00","mainEntityOfPage":{"@id":"https:\/\/www.meydan.tv\/az\/article\/hem-mektebli-geyimi-mecburi-deyil-deyirler-hem-de-sekil-gonderirler-ki-mutleq-alin\/"},"wordCount":1908,"publisher":{"@id":"https:\/\/www.meydan.tv\/az\/#organization"},"image":{"@id":"https:\/\/www.meydan.tv\/az\/article\/hem-mektebli-geyimi-mecburi-deyil-deyirler-hem-de-sekil-gonderirler-ki-mutleq-alin\/#primaryimage"},"thumbnailUrl":"https:\/\/www.meydan.tv\/wp-content\/uploads\/7cdb36c7-b653-488f-83f8-10ac8736ac1b.jpg","articleSection":["B\u00f6lg\u0259","T\u00f6vsiy\u0259","X\u0259b\u0259rl\u0259r"],"inLanguage":"az"},{"@type":"WebPage","@id":"https:\/\/www.meydan.tv\/az\/article\/hem-mektebli-geyimi-mecburi-deyil-deyirler-hem-de-sekil-gonderirler-ki-mutleq-alin\/","url":"https:\/\/www.meydan.tv\/az\/article\/hem-mektebli-geyimi-mecburi-deyil-deyirler-hem-de-sekil-gonderirler-ki-mutleq-alin\/","name":"\u201cH\u0259m \"m\u0259kt\u0259bli geyimi m\u0259cburi deyil\u201d deyirl\u0259r, h\u0259m d\u0259 \u015f\u0259kil g\u00f6nd\u0259rirl\u0259r ki, m\u00fctl\u0259q al\u0131n\u201d - MEYDAN.TV","isPartOf":{"@id":"https:\/\/www.meydan.tv\/az\/#website"},"primaryImageOfPage":{"@id":"https:\/\/www.meydan.tv\/az\/article\/hem-mektebli-geyimi-mecburi-deyil-deyirler-hem-de-sekil-gonderirler-ki-mutleq-alin\/#primaryimage"},"image":{"@id":"https:\/\/www.meydan.tv\/az\/article\/hem-mektebli-geyimi-mecburi-deyil-deyirler-hem-de-sekil-gonderirler-ki-mutleq-alin\/#primaryimage"},"thumbnailUrl":"https:\/\/www.meydan.tv\/wp-content\/uploads\/7cdb36c7-b653-488f-83f8-10ac8736ac1b.jpg","datePublished":"2022-09-06T12:34:02+00:00","dateModified":"2022-09-06T12:34:09+00:00","breadcrumb":{"@id":"https:\/\/www.meydan.tv\/az\/article\/hem-mektebli-geyimi-mecburi-deyil-deyirler-hem-de-sekil-gonderirler-ki-mutleq-alin\/#breadcrumb"},"inLanguage":"az","potentialAction":[{"@type":"ReadAction","target":["https:\/\/www.meydan.tv\/az\/article\/hem-mektebli-geyimi-mecburi-deyil-deyirler-hem-de-sekil-gonderirler-ki-mutleq-alin\/"]}]},{"@type":"ImageObject","inLanguage":"az","@id":"https:\/\/www.meydan.tv\/az\/article\/hem-mektebli-geyimi-mecburi-deyil-deyirler-hem-de-sekil-gonderirler-ki-mutleq-alin\/#primaryimage","url":"https:\/\/www.meydan.tv\/wp-content\/uploads\/7cdb36c7-b653-488f-83f8-10ac8736ac1b.jpg","contentUrl":"https:\/\/www.meydan.tv\/wp-content\/uploads\/7cdb36c7-b653-488f-83f8-10ac8736ac1b.jpg","width":1280,"height":767,"caption":"Fotolar: Meydan TV"},{"@type":"BreadcrumbList","@id":"https:\/\/www.meydan.tv\/az\/article\/hem-mektebli-geyimi-mecburi-deyil-deyirler-hem-de-sekil-gonderirler-ki-mutleq-alin\/#breadcrumb","itemListElement":[{"@type":"ListItem","position":1,"name":"Ana s\u0259hif\u0259","item":"https:\/\/www.meydan.tv\/az\/"},{"@type":"ListItem","position":2,"name":"B\u00f6lg\u0259","item":"https:\/\/www.meydan.tv\/az\/section\/bolge\/"},{"@type":"ListItem","position":3,"name":"\u201cH\u0259m &#8220;m\u0259kt\u0259bli geyimi m\u0259cburi deyil\u201d deyirl\u0259r, h\u0259m d\u0259 \u015f\u0259kil g\u00f6nd\u0259rirl\u0259r ki, m\u00fctl\u0259q al\u0131n\u201d"}]},{"@type":"WebSite","@id":"https:\/\/www.meydan.tv\/az\/#website","url":"https:\/\/www.meydan.tv\/az\/","name":"MEYDAN.TV","description":"Meydan TV Az\u0259rbaycan\u0131n media m\u0259kan\u0131ndak\u0131 alternativ s\u0259sidir","publisher":{"@id":"https:\/\/www.meydan.tv\/az\/#organization"},"potentialAction":[{"@type":"SearchAction","target":{"@type":"EntryPoint","urlTemplate":"https:\/\/www.meydan.tv\/az\/?s={search_term_string}"},"query-input":{"@type":"PropertyValueSpecification","valueRequired":true,"valueName":"search_term_string"}}],"inLanguage":"az"},{"@type":"Organization","@id":"https:\/\/www.meydan.tv\/az\/#organization","name":"Meydan TV","url":"https:\/\/www.meydan.tv\/az\/","logo":{"@type":"ImageObject","inLanguage":"az","@id":"https:\/\/www.meydan.tv\/az\/#\/schema\/logo\/image\/","url":"https:\/\/www.meydan.tv\/wp-content\/uploads\/2021\/07\/meydan-logo.svg","contentUrl":"https:\/\/www.meydan.tv\/wp-content\/uploads\/2021\/07\/meydan-logo.svg","width":195,"height":46,"caption":"Meydan TV"},"image":{"@id":"https:\/\/www.meydan.tv\/az\/#\/schema\/logo\/image\/"}},{"@type":"Person","@id":"https:\/\/www.meydan.tv\/az\/#\/schema\/person\/9cdbecf90d17180ce1dfbd95b08dcf47","name":"elli","sameAs":["https:\/\/x.com\/elli"]}]}},"_links":{"self":[{"href":"https:\/\/www.meydan.tv\/az\/wp-json\/wp\/v2\/posts\/254988","targetHints":{"allow":["GET"]}}],"collection":[{"href":"https:\/\/www.meydan.tv\/az\/wp-json\/wp\/v2\/posts"}],"about":[{"href":"https:\/\/www.meydan.tv\/az\/wp-json\/wp\/v2\/types\/post"}],"author":[{"embeddable":true,"href":"https:\/\/www.meydan.tv\/az\/wp-json\/wp\/v2\/users\/8"}],"replies":[{"embeddable":true,"href":"https:\/\/www.meydan.tv\/az\/wp-json\/wp\/v2\/comments?post=254988"}],"version-history":[{"count":2,"href":"https:\/\/www.meydan.tv\/az\/wp-json\/wp\/v2\/posts\/254988\/revisions"}],"predecessor-version":[{"id":255014,"href":"https:\/\/www.meydan.tv\/az\/wp-json\/wp\/v2\/posts\/254988\/revisions\/255014"}],"wp:featuredmedia":[{"embeddable":true,"href":"https:\/\/www.meydan.tv\/az\/wp-json\/wp\/v2\/media\/254992"}],"wp:attachment":[{"href":"https:\/\/www.meydan.tv\/az\/wp-json\/wp\/v2\/media?parent=254988"}],"wp:term":[{"taxonomy":"category","embeddable":true,"href":"https:\/\/www.meydan.tv\/az\/wp-json\/wp\/v2\/categories?post=254988"},{"taxonomy":"post_tag","embeddable":true,"href":"https:\/\/www.meydan.tv\/az\/wp-json\/wp\/v2\/tags?post=254988"}],"curies":[{"name":"wp","href":"https:\/\/api.w.org\/{rel}","templated":true}]}}