{"id":254975,"date":"2022-09-06T14:22:40","date_gmt":"2022-09-06T10:22:40","guid":{"rendered":"https:\/\/www.meydan.tv\/?p=254975"},"modified":"2022-09-06T14:22:43","modified_gmt":"2022-09-06T10:22:43","slug":"mektebliye-zorakiliqda-ittiham-olunan-icra-bascisi-muavininin-mehkemesi-basladi","status":"publish","type":"post","link":"https:\/\/www.meydan.tv\/az\/article\/mektebliye-zorakiliqda-ittiham-olunan-icra-bascisi-muavininin-mehkemesi-basladi\/","title":{"rendered":"M\u0259kt\u0259bliy\u0259 zorak\u0131l\u0131qda ittiham olunan icra ba\u015f\u00e7\u0131s\u0131 m\u00fcavininin m\u0259hk\u0259m\u0259si ba\u015flad\u0131"},"content":{"rendered":"\n<p><\/p>\n\n\n\n<p><em>N\u00f6vb\u0259ti m\u0259hk\u0259m\u0259 iclas\u0131nda prokuror ittiham akt\u0131n\u0131 elan ed\u0259c\u0259k<\/em><\/p>\n\n\n\n<p>L\u0259nk\u0259ran Rayon \u0130cra Hakimiyy\u0259ti ba\u015f\u00e7\u0131s\u0131n\u0131n sabiq m\u00fcavini Rasil\u0259 Arifq\u0131z\u0131 (\u018fliyeva) sentyabr\u0131n 6-da m\u0259hk\u0259m\u0259 qar\u015f\u0131s\u0131na \u00e7\u0131xar\u0131l\u0131b. L\u0259nk\u0259ran Rayon M\u0259hk\u0259m\u0259sind\u0259 onun haqq\u0131ndak\u0131 cinay\u0259t i\u015fi \u00fczr\u0259 ara\u015fd\u0131rmalar ba\u015flay\u0131b.<\/p>\n\n\n\n<p>M\u0259kt\u0259bliy\u0259 qar\u015f\u0131 zorak\u0131l\u0131qda ittiham olunan Rasil\u0259 Arifq\u0131z\u0131 cinay\u0259t m\u0259suliyy\u0259tin\u0259 c\u0259lb olunsa da, h\u0259bsd\u0259 deyil. \u0130stintaq d\u00f6vr\u00fc \u00fc\u00e7\u00fcn onun bar\u0259sind\u0259 ba\u015fqa yer\u0259 getm\u0259m\u0259y\u0259 dair iltizam q\u0259timkan t\u0259dbiri se\u00e7ilmi\u015fdi.<\/p>\n\n\n\n<p>Sentyabr\u0131n 6-da hakim R\u0259\u015fad M\u0259mm\u0259dovun s\u0259drliyil\u0259 ke\u00e7iril\u0259n m\u0259hk\u0259m\u0259nin haz\u0131rl\u0131q iclas\u0131nda da onun bar\u0259sind\u0259ki q\u0259timkan n\u00f6v\u00fcyl\u0259 ba\u011fl\u0131 m\u0259s\u0259l\u0259 m\u00fczakir\u0259 olunub. Prokuror t\u0259klif edib ki, el\u0259 m\u0259hk\u0259m\u0259 d\u00f6vr\u00fcnd\u0259 d\u0259 ba\u015fqa yer\u0259 getm\u0259m\u0259y\u0259 dair q\u0259timkan t\u0259dbiri saxlan\u0131ls\u0131n, onun d\u0259yi\u015fdirilm\u0259sin\u0259 &#8211; Rasil\u0259 Arifq\u0131z\u0131n\u0131n h\u0259bs olunmas\u0131na ehtiyac yoxdur.<\/p>\n\n\n\n<p>M\u0259hk\u0259m\u0259 d\u0259 bununla raz\u0131la\u015f\u0131b. Sabiq icra ba\u015f\u00e7\u0131s\u0131n\u0131n m\u00fcavini bar\u0259sind\u0259 cinay\u0259t i\u015fi \u00fczr\u0259 m\u0259hk\u0259m\u0259 istintaq\u0131n\u0131n ba\u015flanmas\u0131na q\u0259rar verilib.<\/p>\n\n\n\n<p>Sentyabr\u0131n 12-d\u0259 ke\u00e7iril\u0259c\u0259k n\u00f6vb\u0259ti m\u0259hk\u0259m\u0259 iclas\u0131nda prokuror ittiham akt\u0131n\u0131 elan ed\u0259c\u0259k, Rasil\u0259 Arifq\u0131z\u0131, z\u0259r\u0259r\u00e7\u0259kmi\u015f m\u0259kt\u0259bli v\u0259 \u015fahidl\u0259r dindiril\u0259c\u0259k.<\/p>\n\n\n\n<p>Rasil\u0259 Arifq\u0131z\u0131 Cinay\u0259t M\u0259c\u0259ll\u0259sinin 309.1-ci (v\u0259zif\u0259 s\u0259lahiyy\u0259tl\u0259rini a\u015fma) madd\u0259si il\u0259 ittiham olunur.<\/p>\n\n\n\n<p>Cinay\u0259t i\u015finin materiallar\u0131nda iddia olunur ki, Rasil\u0259 Arifq\u0131z\u0131 icra ba\u015f\u00e7\u0131s\u0131n\u0131n m\u00fcavini i\u015fl\u0259diyi d\u00f6vrd\u0259 &#8211; 14 iyul 2022-ci ild\u0259 L\u0259nk\u0259ran \u015f\u0259h\u0259r 4 n\u00f6mr\u0259li humanitar t\u0259may\u00fcll\u00fc m\u0259kt\u0259b-liseyin 9-cu sinif \u015fagirdi Aliy\u0259 Camalovan\u0131 attestat verilm\u0259si b\u0259han\u0259sil\u0259 xidm\u0259ti s\u00fcr\u00fcc\u00fcs\u00fc vasit\u0259sil\u0259 \u00f6z evin\u0259 g\u0259tirdib. O, m\u0259kt\u0259blinin mobil telefonunu \u0259lind\u0259n al\u0131b, oradak\u0131 m\u0259lumatlar\u0131 yeniyetm\u0259nin qohumlar\u0131n\u0131n mobil telefonlar\u0131na g\u00f6nd\u0259rib. H\u0259m\u00e7inin onu d\u00f6y\u00fcb. Ekspertiza yeniyetm\u0259nin \u00fcz\u0259rind\u0259ki x\u0259sar\u0259tl\u0259ri sa\u011flaml\u0131\u011fa z\u0259r\u0259r vurmayan x\u0259sar\u0259tl\u0259r kimi qiym\u0259tl\u0259ndirib.<\/p>\n\n\n\n<p>\u0130cra ba\u015f\u00e7\u0131s\u0131n\u0131n m\u00fcavini il\u0259 ba\u011fl\u0131 ara\u015fd\u0131rmalar \u201cAz\u0259rbaycan U\u015faqlar\u0131\u201d \u0130ctimai Birliyinin s\u0259dri K\u0259mal\u0259 A\u011fazad\u0259nin yeniyetm\u0259y\u0259 qar\u015f\u0131 ba\u015f ver\u0259nl\u0259ri sosial mediada ictimail\u0259\u015fdirm\u0259sind\u0259n sonra ba\u015flay\u0131b.<\/p>\n\n\n\n<p>K\u0259mal\u0259 A\u011fazad\u0259nin yazd\u0131\u011f\u0131na g\u00f6r\u0259, Rasil\u0259 Arifq\u0131z\u0131 \u015fagirdi \u015f\u0259xsi s\u0259b\u0259bd\u0259n evin\u0259 g\u0259tird\u0259r\u0259k zor t\u0259tbiq edib:<\/p>\n\n\n\n<p>\u201cS\u0259b\u0259b R\u0259sil\u0259 \u018fliyevan\u0131n \u00f6z q\u0131z\u0131n\u0131n telefonundan sevdiyi o\u011flana mesaj yazmas\u0131 olub. Deyil\u0259n\u0259 g\u00f6r\u0259, \u00f6z q\u0131z\u0131n\u0131 da d\u00f6y\u00fcb. Amma bu, biri u\u015faq q\u0259d\u0259r yox\u2026\u201d<\/p>\n\n\n\n<p>O \u0259lav\u0259 edib ki, 9-cu sinif \u015fagirdinin d\u00f6y\u00fclm\u0259sind\u0259 4 sayl\u0131 m\u0259kt\u0259b-liseyin direktoru Yegan\u0259 \u018fsg\u0259rova da i\u015ftirak edib.<\/p>\n\n\n\n<p>L\u0259nk\u0259ran Rayon \u0130cra Hakimiyy\u0259ti sosial \u015f\u0259b\u0259k\u0259l\u0259rd\u0259 bu m\u0259lumat yay\u0131landan az sonra a\u00e7\u0131qlama ver\u0259r\u0259k, deyil\u0259nl\u0259ri t\u0259kzib edib.<\/p>\n\n\n\n<p>\u201c\u0130cra ba\u015f\u00e7\u0131s\u0131n\u0131n m\u00fcavini R\u0259sil\u0259 Arifq\u0131z\u0131 t\u0259r\u0259find\u0259n m\u0259kt\u0259bli q\u0131z\u0131n d\u00f6y\u00fclm\u0259si v\u0259 ya harasa d\u0259v\u0259t edilm\u0259si bar\u0259d\u0259 m\u0259lumat yaland\u0131r. Sosial \u015f\u0259b\u0259k\u0259d\u0259 m\u0259kt\u0259bli q\u0131z\u0131n d\u00f6yulm\u0259si il\u0259 ba\u011fl\u0131 payla\u015f\u0131lan \u015f\u0259kill\u0259r bar\u0259d\u0259 L\u0259nk\u0259ran Rayon Polis \u015e\u00f6b\u0259sin\u0259 m\u0259lumat verilib. Haz\u0131rda \u015f\u00f6b\u0259d\u0259 ara\u015fd\u0131rma apar\u0131l\u0131r\u201d, &#8211; icra hakimiyy\u0259tind\u0259n bildirilib.<\/p>\n\n\n\n<p>Ard\u0131nca icra ba\u015f\u00e7\u0131s\u0131n\u0131n m\u00fcavini \u00f6z\u00fc a\u00e7\u0131qlama yayaraq bildirdi ki, fotosu yay\u0131lan u\u015faq onun q\u0131z\u0131 il\u0259 eyni sinifd\u0259\u0131 oxuyur. R\u0259sil\u0259 \u018fliyeva iddia edib ki, h\u0259min u\u015faq sinif yolda\u015flar\u0131n\u0131n, o c\u00fcml\u0259d\u0259n onun q\u0131z\u0131n\u0131n ad\u0131ndan mesajlar yaz\u0131b: <\/p>\n\n\n\n<p>\u201cM\u0259nim q\u0131z\u0131m\u0131n v\u0259 sinif yolda\u015f\u0131 olan dig\u0259r q\u0131zlar\u0131n ad\u0131ndan o\u011flanlara t\u0259rbiy\u0259siz mesajlar yaz\u0131b. Bundan x\u0259b\u0259r tutan kimi onun valideynl\u0259rin\u0259 m\u0259lumat verdim. Q\u0131z\u0131ma is\u0259 tap\u015f\u0131rd\u0131m ki, onun telefonunu al\u0131b m\u0259n\u0259 g\u0259tirsin. Q\u0131zlar\u0131n ad\u0131ndan o\u011flanlara t\u0259rbiy\u0259siz mesajlar yaz\u0131ld\u0131\u011f\u0131n\u0131 g\u00f6rd\u00fcm. Telefonda h\u0259min yeniyetm\u0259nin \u00f6z\u00fcn\u00fcn d\u0259 \u0259xlaqs\u0131z videolar\u0131 vard\u0131. H\u0259min videolar\u0131 yeniyetm\u0259nin valideynl\u0259rin\u0259 g\u00f6nd\u0259rdim\u201d.<\/p>\n\n\n\n<p>\u0130yulun 17-d\u0259 is\u0259 prokurorluq icra ba\u015f\u00e7\u0131s\u0131n\u0131n m\u00fcavini v\u0259 lisey direktoru il\u0259 ba\u011fl\u0131 ara\u015fd\u0131rmalara ba\u015flay\u0131b. Daha sonra onlar\u0131n h\u0259r bar\u0259sind\u0259 cinay\u0259t i\u015fi ba\u015flan\u0131b v\u0259 Rasil\u0259 Arifq\u0131z\u0131 v\u0259zif\u0259sind\u0259n azad edilib.<\/p>\n\n\n\n<p>Cinay\u0259t M\u0259c\u0259ll\u0259sinin 309.1 madd\u0259sind\u0259 2 min manatdan 4 min manata q\u0259d\u0259r c\u0259rim\u0259, yaxud 2 il\u0259d\u0259k islah i\u015fl\u0259ri, ya da 3 il\u0259d\u0259k azadl\u0131qdan m\u0259hrumetm\u0259 c\u0259zas\u0131 n\u0259z\u0259rd\u0259 tutulub.<\/p>\n","protected":false},"excerpt":{"rendered":"<p>N\u00f6vb\u0259ti m\u0259hk\u0259m\u0259 iclas\u0131nda prokuror ittiham akt\u0131n\u0131 elan ed\u0259c\u0259k L\u0259nk\u0259ran Rayon &#8230; <\/p>\n<p class=\"read-more-container\"><a title=\"M\u0259kt\u0259bliy\u0259 zorak\u0131l\u0131qda ittiham olunan icra ba\u015f\u00e7\u0131s\u0131 m\u00fcavininin m\u0259hk\u0259m\u0259si ba\u015flad\u0131\" class=\"read-more button\" href=\"https:\/\/www.meydan.tv\/az\/article\/mektebliye-zorakiliqda-ittiham-olunan-icra-bascisi-muavininin-mehkemesi-basladi\/#more-254975\" aria-label=\"Read more about M\u0259kt\u0259bliy\u0259 zorak\u0131l\u0131qda ittiham olunan icra ba\u015f\u00e7\u0131s\u0131 m\u00fcavininin m\u0259hk\u0259m\u0259si ba\u015flad\u0131\">Davam\u0131<\/a><\/p>\n","protected":false},"author":8,"featured_media":251692,"comment_status":"closed","ping_status":"closed","sticky":false,"template":"","format":"standard","meta":{"_acf_changed":false,"_sitemap_exclude":false,"_sitemap_priority":"","_sitemap_frequency":"","footnotes":""},"categories":[60,56],"tags":[],"class_list":["post-254975","post","type-post","status-publish","format-standard","has-post-thumbnail","hentry","category-bolge","category-xeberler","infinite-scroll-item","generate-columns","tablet-grid-50","mobile-grid-100","grid-parent","grid-33","no-featured-image-padding"],"acf":[],"yoast_head":"<!-- This site is optimized with the Yoast SEO plugin v27.5 - https:\/\/yoast.com\/product\/yoast-seo-wordpress\/ -->\n<title>M\u0259kt\u0259bliy\u0259 zorak\u0131l\u0131qda ittiham olunan icra ba\u015f\u00e7\u0131s\u0131 m\u00fcavininin m\u0259hk\u0259m\u0259si ba\u015flad\u0131 - MEYDAN.TV<\/title>\n<meta name=\"robots\" content=\"index, follow, max-snippet:-1, max-image-preview:large, max-video-preview:-1\" \/>\n<link rel=\"canonical\" href=\"https:\/\/www.meydan.tv\/az\/article\/mektebliye-zorakiliqda-ittiham-olunan-icra-bascisi-muavininin-mehkemesi-basladi\/\" \/>\n<meta property=\"og:locale\" content=\"az_AZ\" \/>\n<meta property=\"og:type\" content=\"article\" \/>\n<meta property=\"og:title\" content=\"M\u0259kt\u0259bliy\u0259 zorak\u0131l\u0131qda ittiham olunan icra ba\u015f\u00e7\u0131s\u0131 m\u00fcavininin m\u0259hk\u0259m\u0259si ba\u015flad\u0131 - MEYDAN.TV\" \/>\n<meta property=\"og:description\" content=\"N\u00f6vb\u0259ti m\u0259hk\u0259m\u0259 iclas\u0131nda prokuror ittiham akt\u0131n\u0131 elan ed\u0259c\u0259k L\u0259nk\u0259ran Rayon ... Davam\u0131\" \/>\n<meta property=\"og:url\" content=\"https:\/\/www.meydan.tv\/az\/article\/mektebliye-zorakiliqda-ittiham-olunan-icra-bascisi-muavininin-mehkemesi-basladi\/\" \/>\n<meta property=\"og:site_name\" content=\"MEYDAN.TV\" \/>\n<meta property=\"article:published_time\" content=\"2022-09-06T10:22:40+00:00\" \/>\n<meta property=\"article:modified_time\" content=\"2022-09-06T10:22:43+00:00\" \/>\n<meta property=\"og:image\" content=\"https:\/\/www.meydan.tv\/wp-content\/uploads\/screenshot-2022-07-25-at-16.03.55-e1661257662544-1200x732.png\" \/>\n\t<meta property=\"og:image:width\" content=\"1200\" \/>\n\t<meta property=\"og:image:height\" content=\"732\" \/>\n\t<meta property=\"og:image:type\" content=\"image\/png\" \/>\n<meta name=\"author\" content=\"elli\" \/>\n<meta name=\"twitter:card\" content=\"summary_large_image\" \/>\n<meta name=\"twitter:creator\" content=\"@elli\" \/>\n<script type=\"application\/ld+json\" class=\"yoast-schema-graph\">{\"@context\":\"https:\\\/\\\/schema.org\",\"@graph\":[{\"@type\":\"Article\",\"@id\":\"https:\\\/\\\/www.meydan.tv\\\/az\\\/article\\\/mektebliye-zorakiliqda-ittiham-olunan-icra-bascisi-muavininin-mehkemesi-basladi\\\/#article\",\"isPartOf\":{\"@id\":\"https:\\\/\\\/www.meydan.tv\\\/az\\\/article\\\/mektebliye-zorakiliqda-ittiham-olunan-icra-bascisi-muavininin-mehkemesi-basladi\\\/\"},\"author\":{\"name\":\"elli\",\"@id\":\"https:\\\/\\\/www.meydan.tv\\\/az\\\/#\\\/schema\\\/person\\\/9cdbecf90d17180ce1dfbd95b08dcf47\"},\"headline\":\"M\u0259kt\u0259bliy\u0259 zorak\u0131l\u0131qda ittiham olunan icra ba\u015f\u00e7\u0131s\u0131 m\u00fcavininin m\u0259hk\u0259m\u0259si ba\u015flad\u0131\",\"datePublished\":\"2022-09-06T10:22:40+00:00\",\"dateModified\":\"2022-09-06T10:22:43+00:00\",\"mainEntityOfPage\":{\"@id\":\"https:\\\/\\\/www.meydan.tv\\\/az\\\/article\\\/mektebliye-zorakiliqda-ittiham-olunan-icra-bascisi-muavininin-mehkemesi-basladi\\\/\"},\"wordCount\":925,\"publisher\":{\"@id\":\"https:\\\/\\\/www.meydan.tv\\\/az\\\/#organization\"},\"image\":{\"@id\":\"https:\\\/\\\/www.meydan.tv\\\/az\\\/article\\\/mektebliye-zorakiliqda-ittiham-olunan-icra-bascisi-muavininin-mehkemesi-basladi\\\/#primaryimage\"},\"thumbnailUrl\":\"https:\\\/\\\/www.meydan.tv\\\/wp-content\\\/uploads\\\/screenshot-2022-07-25-at-16.03.55-e1661257662544.png\",\"articleSection\":[\"B\u00f6lg\u0259\",\"X\u0259b\u0259rl\u0259r\"],\"inLanguage\":\"az\"},{\"@type\":\"WebPage\",\"@id\":\"https:\\\/\\\/www.meydan.tv\\\/az\\\/article\\\/mektebliye-zorakiliqda-ittiham-olunan-icra-bascisi-muavininin-mehkemesi-basladi\\\/\",\"url\":\"https:\\\/\\\/www.meydan.tv\\\/az\\\/article\\\/mektebliye-zorakiliqda-ittiham-olunan-icra-bascisi-muavininin-mehkemesi-basladi\\\/\",\"name\":\"M\u0259kt\u0259bliy\u0259 zorak\u0131l\u0131qda ittiham olunan icra ba\u015f\u00e7\u0131s\u0131 m\u00fcavininin m\u0259hk\u0259m\u0259si ba\u015flad\u0131 - MEYDAN.TV\",\"isPartOf\":{\"@id\":\"https:\\\/\\\/www.meydan.tv\\\/az\\\/#website\"},\"primaryImageOfPage\":{\"@id\":\"https:\\\/\\\/www.meydan.tv\\\/az\\\/article\\\/mektebliye-zorakiliqda-ittiham-olunan-icra-bascisi-muavininin-mehkemesi-basladi\\\/#primaryimage\"},\"image\":{\"@id\":\"https:\\\/\\\/www.meydan.tv\\\/az\\\/article\\\/mektebliye-zorakiliqda-ittiham-olunan-icra-bascisi-muavininin-mehkemesi-basladi\\\/#primaryimage\"},\"thumbnailUrl\":\"https:\\\/\\\/www.meydan.tv\\\/wp-content\\\/uploads\\\/screenshot-2022-07-25-at-16.03.55-e1661257662544.png\",\"datePublished\":\"2022-09-06T10:22:40+00:00\",\"dateModified\":\"2022-09-06T10:22:43+00:00\",\"breadcrumb\":{\"@id\":\"https:\\\/\\\/www.meydan.tv\\\/az\\\/article\\\/mektebliye-zorakiliqda-ittiham-olunan-icra-bascisi-muavininin-mehkemesi-basladi\\\/#breadcrumb\"},\"inLanguage\":\"az\",\"potentialAction\":[{\"@type\":\"ReadAction\",\"target\":[\"https:\\\/\\\/www.meydan.tv\\\/az\\\/article\\\/mektebliye-zorakiliqda-ittiham-olunan-icra-bascisi-muavininin-mehkemesi-basladi\\\/\"]}]},{\"@type\":\"ImageObject\",\"inLanguage\":\"az\",\"@id\":\"https:\\\/\\\/www.meydan.tv\\\/az\\\/article\\\/mektebliye-zorakiliqda-ittiham-olunan-icra-bascisi-muavininin-mehkemesi-basladi\\\/#primaryimage\",\"url\":\"https:\\\/\\\/www.meydan.tv\\\/wp-content\\\/uploads\\\/screenshot-2022-07-25-at-16.03.55-e1661257662544.png\",\"contentUrl\":\"https:\\\/\\\/www.meydan.tv\\\/wp-content\\\/uploads\\\/screenshot-2022-07-25-at-16.03.55-e1661257662544.png\",\"width\":2079,\"height\":1268,\"caption\":\"Rasil\u0259 \u018fliyeva\"},{\"@type\":\"BreadcrumbList\",\"@id\":\"https:\\\/\\\/www.meydan.tv\\\/az\\\/article\\\/mektebliye-zorakiliqda-ittiham-olunan-icra-bascisi-muavininin-mehkemesi-basladi\\\/#breadcrumb\",\"itemListElement\":[{\"@type\":\"ListItem\",\"position\":1,\"name\":\"Ana s\u0259hif\u0259\",\"item\":\"https:\\\/\\\/www.meydan.tv\\\/az\\\/\"},{\"@type\":\"ListItem\",\"position\":2,\"name\":\"B\u00f6lg\u0259\",\"item\":\"https:\\\/\\\/www.meydan.tv\\\/az\\\/section\\\/bolge\\\/\"},{\"@type\":\"ListItem\",\"position\":3,\"name\":\"M\u0259kt\u0259bliy\u0259 zorak\u0131l\u0131qda ittiham olunan icra ba\u015f\u00e7\u0131s\u0131 m\u00fcavininin m\u0259hk\u0259m\u0259si ba\u015flad\u0131\"}]},{\"@type\":\"WebSite\",\"@id\":\"https:\\\/\\\/www.meydan.tv\\\/az\\\/#website\",\"url\":\"https:\\\/\\\/www.meydan.tv\\\/az\\\/\",\"name\":\"MEYDAN.TV\",\"description\":\"Meydan TV Az\u0259rbaycan\u0131n media m\u0259kan\u0131ndak\u0131 alternativ s\u0259sidir\",\"publisher\":{\"@id\":\"https:\\\/\\\/www.meydan.tv\\\/az\\\/#organization\"},\"potentialAction\":[{\"@type\":\"SearchAction\",\"target\":{\"@type\":\"EntryPoint\",\"urlTemplate\":\"https:\\\/\\\/www.meydan.tv\\\/az\\\/?s={search_term_string}\"},\"query-input\":{\"@type\":\"PropertyValueSpecification\",\"valueRequired\":true,\"valueName\":\"search_term_string\"}}],\"inLanguage\":\"az\"},{\"@type\":\"Organization\",\"@id\":\"https:\\\/\\\/www.meydan.tv\\\/az\\\/#organization\",\"name\":\"Meydan TV\",\"url\":\"https:\\\/\\\/www.meydan.tv\\\/az\\\/\",\"logo\":{\"@type\":\"ImageObject\",\"inLanguage\":\"az\",\"@id\":\"https:\\\/\\\/www.meydan.tv\\\/az\\\/#\\\/schema\\\/logo\\\/image\\\/\",\"url\":\"https:\\\/\\\/www.meydan.tv\\\/wp-content\\\/uploads\\\/2021\\\/07\\\/meydan-logo.svg\",\"contentUrl\":\"https:\\\/\\\/www.meydan.tv\\\/wp-content\\\/uploads\\\/2021\\\/07\\\/meydan-logo.svg\",\"width\":195,\"height\":46,\"caption\":\"Meydan TV\"},\"image\":{\"@id\":\"https:\\\/\\\/www.meydan.tv\\\/az\\\/#\\\/schema\\\/logo\\\/image\\\/\"}},{\"@type\":\"Person\",\"@id\":\"https:\\\/\\\/www.meydan.tv\\\/az\\\/#\\\/schema\\\/person\\\/9cdbecf90d17180ce1dfbd95b08dcf47\",\"name\":\"elli\",\"sameAs\":[\"https:\\\/\\\/x.com\\\/elli\"]}]}<\/script>\n<!-- \/ Yoast SEO plugin. -->","yoast_head_json":{"title":"M\u0259kt\u0259bliy\u0259 zorak\u0131l\u0131qda ittiham olunan icra ba\u015f\u00e7\u0131s\u0131 m\u00fcavininin m\u0259hk\u0259m\u0259si ba\u015flad\u0131 - MEYDAN.TV","robots":{"index":"index","follow":"follow","max-snippet":"max-snippet:-1","max-image-preview":"max-image-preview:large","max-video-preview":"max-video-preview:-1"},"canonical":"https:\/\/www.meydan.tv\/az\/article\/mektebliye-zorakiliqda-ittiham-olunan-icra-bascisi-muavininin-mehkemesi-basladi\/","og_locale":"az_AZ","og_type":"article","og_title":"M\u0259kt\u0259bliy\u0259 zorak\u0131l\u0131qda ittiham olunan icra ba\u015f\u00e7\u0131s\u0131 m\u00fcavininin m\u0259hk\u0259m\u0259si ba\u015flad\u0131 - MEYDAN.TV","og_description":"N\u00f6vb\u0259ti m\u0259hk\u0259m\u0259 iclas\u0131nda prokuror ittiham akt\u0131n\u0131 elan ed\u0259c\u0259k L\u0259nk\u0259ran Rayon ... Davam\u0131","og_url":"https:\/\/www.meydan.tv\/az\/article\/mektebliye-zorakiliqda-ittiham-olunan-icra-bascisi-muavininin-mehkemesi-basladi\/","og_site_name":"MEYDAN.TV","article_published_time":"2022-09-06T10:22:40+00:00","article_modified_time":"2022-09-06T10:22:43+00:00","og_image":[{"width":1200,"height":732,"url":"https:\/\/www.meydan.tv\/wp-content\/uploads\/screenshot-2022-07-25-at-16.03.55-e1661257662544-1200x732.png","type":"image\/png"}],"author":"elli","twitter_card":"summary_large_image","twitter_creator":"@elli","schema":{"@context":"https:\/\/schema.org","@graph":[{"@type":"Article","@id":"https:\/\/www.meydan.tv\/az\/article\/mektebliye-zorakiliqda-ittiham-olunan-icra-bascisi-muavininin-mehkemesi-basladi\/#article","isPartOf":{"@id":"https:\/\/www.meydan.tv\/az\/article\/mektebliye-zorakiliqda-ittiham-olunan-icra-bascisi-muavininin-mehkemesi-basladi\/"},"author":{"name":"elli","@id":"https:\/\/www.meydan.tv\/az\/#\/schema\/person\/9cdbecf90d17180ce1dfbd95b08dcf47"},"headline":"M\u0259kt\u0259bliy\u0259 zorak\u0131l\u0131qda ittiham olunan icra ba\u015f\u00e7\u0131s\u0131 m\u00fcavininin m\u0259hk\u0259m\u0259si ba\u015flad\u0131","datePublished":"2022-09-06T10:22:40+00:00","dateModified":"2022-09-06T10:22:43+00:00","mainEntityOfPage":{"@id":"https:\/\/www.meydan.tv\/az\/article\/mektebliye-zorakiliqda-ittiham-olunan-icra-bascisi-muavininin-mehkemesi-basladi\/"},"wordCount":925,"publisher":{"@id":"https:\/\/www.meydan.tv\/az\/#organization"},"image":{"@id":"https:\/\/www.meydan.tv\/az\/article\/mektebliye-zorakiliqda-ittiham-olunan-icra-bascisi-muavininin-mehkemesi-basladi\/#primaryimage"},"thumbnailUrl":"https:\/\/www.meydan.tv\/wp-content\/uploads\/screenshot-2022-07-25-at-16.03.55-e1661257662544.png","articleSection":["B\u00f6lg\u0259","X\u0259b\u0259rl\u0259r"],"inLanguage":"az"},{"@type":"WebPage","@id":"https:\/\/www.meydan.tv\/az\/article\/mektebliye-zorakiliqda-ittiham-olunan-icra-bascisi-muavininin-mehkemesi-basladi\/","url":"https:\/\/www.meydan.tv\/az\/article\/mektebliye-zorakiliqda-ittiham-olunan-icra-bascisi-muavininin-mehkemesi-basladi\/","name":"M\u0259kt\u0259bliy\u0259 zorak\u0131l\u0131qda ittiham olunan icra ba\u015f\u00e7\u0131s\u0131 m\u00fcavininin m\u0259hk\u0259m\u0259si ba\u015flad\u0131 - MEYDAN.TV","isPartOf":{"@id":"https:\/\/www.meydan.tv\/az\/#website"},"primaryImageOfPage":{"@id":"https:\/\/www.meydan.tv\/az\/article\/mektebliye-zorakiliqda-ittiham-olunan-icra-bascisi-muavininin-mehkemesi-basladi\/#primaryimage"},"image":{"@id":"https:\/\/www.meydan.tv\/az\/article\/mektebliye-zorakiliqda-ittiham-olunan-icra-bascisi-muavininin-mehkemesi-basladi\/#primaryimage"},"thumbnailUrl":"https:\/\/www.meydan.tv\/wp-content\/uploads\/screenshot-2022-07-25-at-16.03.55-e1661257662544.png","datePublished":"2022-09-06T10:22:40+00:00","dateModified":"2022-09-06T10:22:43+00:00","breadcrumb":{"@id":"https:\/\/www.meydan.tv\/az\/article\/mektebliye-zorakiliqda-ittiham-olunan-icra-bascisi-muavininin-mehkemesi-basladi\/#breadcrumb"},"inLanguage":"az","potentialAction":[{"@type":"ReadAction","target":["https:\/\/www.meydan.tv\/az\/article\/mektebliye-zorakiliqda-ittiham-olunan-icra-bascisi-muavininin-mehkemesi-basladi\/"]}]},{"@type":"ImageObject","inLanguage":"az","@id":"https:\/\/www.meydan.tv\/az\/article\/mektebliye-zorakiliqda-ittiham-olunan-icra-bascisi-muavininin-mehkemesi-basladi\/#primaryimage","url":"https:\/\/www.meydan.tv\/wp-content\/uploads\/screenshot-2022-07-25-at-16.03.55-e1661257662544.png","contentUrl":"https:\/\/www.meydan.tv\/wp-content\/uploads\/screenshot-2022-07-25-at-16.03.55-e1661257662544.png","width":2079,"height":1268,"caption":"Rasil\u0259 \u018fliyeva"},{"@type":"BreadcrumbList","@id":"https:\/\/www.meydan.tv\/az\/article\/mektebliye-zorakiliqda-ittiham-olunan-icra-bascisi-muavininin-mehkemesi-basladi\/#breadcrumb","itemListElement":[{"@type":"ListItem","position":1,"name":"Ana s\u0259hif\u0259","item":"https:\/\/www.meydan.tv\/az\/"},{"@type":"ListItem","position":2,"name":"B\u00f6lg\u0259","item":"https:\/\/www.meydan.tv\/az\/section\/bolge\/"},{"@type":"ListItem","position":3,"name":"M\u0259kt\u0259bliy\u0259 zorak\u0131l\u0131qda ittiham olunan icra ba\u015f\u00e7\u0131s\u0131 m\u00fcavininin m\u0259hk\u0259m\u0259si ba\u015flad\u0131"}]},{"@type":"WebSite","@id":"https:\/\/www.meydan.tv\/az\/#website","url":"https:\/\/www.meydan.tv\/az\/","name":"MEYDAN.TV","description":"Meydan TV Az\u0259rbaycan\u0131n media m\u0259kan\u0131ndak\u0131 alternativ s\u0259sidir","publisher":{"@id":"https:\/\/www.meydan.tv\/az\/#organization"},"potentialAction":[{"@type":"SearchAction","target":{"@type":"EntryPoint","urlTemplate":"https:\/\/www.meydan.tv\/az\/?s={search_term_string}"},"query-input":{"@type":"PropertyValueSpecification","valueRequired":true,"valueName":"search_term_string"}}],"inLanguage":"az"},{"@type":"Organization","@id":"https:\/\/www.meydan.tv\/az\/#organization","name":"Meydan TV","url":"https:\/\/www.meydan.tv\/az\/","logo":{"@type":"ImageObject","inLanguage":"az","@id":"https:\/\/www.meydan.tv\/az\/#\/schema\/logo\/image\/","url":"https:\/\/www.meydan.tv\/wp-content\/uploads\/2021\/07\/meydan-logo.svg","contentUrl":"https:\/\/www.meydan.tv\/wp-content\/uploads\/2021\/07\/meydan-logo.svg","width":195,"height":46,"caption":"Meydan TV"},"image":{"@id":"https:\/\/www.meydan.tv\/az\/#\/schema\/logo\/image\/"}},{"@type":"Person","@id":"https:\/\/www.meydan.tv\/az\/#\/schema\/person\/9cdbecf90d17180ce1dfbd95b08dcf47","name":"elli","sameAs":["https:\/\/x.com\/elli"]}]}},"_links":{"self":[{"href":"https:\/\/www.meydan.tv\/az\/wp-json\/wp\/v2\/posts\/254975","targetHints":{"allow":["GET"]}}],"collection":[{"href":"https:\/\/www.meydan.tv\/az\/wp-json\/wp\/v2\/posts"}],"about":[{"href":"https:\/\/www.meydan.tv\/az\/wp-json\/wp\/v2\/types\/post"}],"author":[{"embeddable":true,"href":"https:\/\/www.meydan.tv\/az\/wp-json\/wp\/v2\/users\/8"}],"replies":[{"embeddable":true,"href":"https:\/\/www.meydan.tv\/az\/wp-json\/wp\/v2\/comments?post=254975"}],"version-history":[{"count":1,"href":"https:\/\/www.meydan.tv\/az\/wp-json\/wp\/v2\/posts\/254975\/revisions"}],"predecessor-version":[{"id":254976,"href":"https:\/\/www.meydan.tv\/az\/wp-json\/wp\/v2\/posts\/254975\/revisions\/254976"}],"wp:featuredmedia":[{"embeddable":true,"href":"https:\/\/www.meydan.tv\/az\/wp-json\/wp\/v2\/media\/251692"}],"wp:attachment":[{"href":"https:\/\/www.meydan.tv\/az\/wp-json\/wp\/v2\/media?parent=254975"}],"wp:term":[{"taxonomy":"category","embeddable":true,"href":"https:\/\/www.meydan.tv\/az\/wp-json\/wp\/v2\/categories?post=254975"},{"taxonomy":"post_tag","embeddable":true,"href":"https:\/\/www.meydan.tv\/az\/wp-json\/wp\/v2\/tags?post=254975"}],"curies":[{"name":"wp","href":"https:\/\/api.w.org\/{rel}","templated":true}]}}